{"id":46879,"date":"2022-07-08T08:20:06","date_gmt":"2022-07-08T07:20:06","guid":{"rendered":"https:\/\/speyer24news.com\/?p=46879"},"modified":"2023-11-01T08:25:33","modified_gmt":"2023-11-01T07:25:33","slug":"brezelfest-speyer-3","status":"publish","type":"post","link":"https:\/\/speyer24news.com\/?p=46879","title":{"rendered":"Brezelfest Speyer"},"content":{"rendered":"<style type=\"text\/css\">\r\n\t.ads_top_disp{}\r\n\t.ads_top_corner_disp{ float:left; margin:0px 10px 10px 0px; }\r\n\t.ads_first_p_disp{}\r\n\t.ads_bottom_disp{}\r\n\t<\/style><div class=\"wp-block-image\">\n<figure class=\"aligncenter size-full\"><img decoding=\"async\" loading=\"lazy\" width=\"800\" height=\"600\" src=\"https:\/\/speyer24news.com\/wp-content\/uploads\/2022\/07\/Brezelfest-Eroeffnung-2022-21.jpg\" alt=\"\" class=\"wp-image-46933\" srcset=\"https:\/\/speyer24news.com\/wp-content\/uploads\/2022\/07\/Brezelfest-Eroeffnung-2022-21.jpg 800w, https:\/\/speyer24news.com\/wp-content\/uploads\/2022\/07\/Brezelfest-Eroeffnung-2022-21-300x225.jpg 300w, https:\/\/speyer24news.com\/wp-content\/uploads\/2022\/07\/Brezelfest-Eroeffnung-2022-21-768x576.jpg 768w, https:\/\/speyer24news.com\/wp-content\/uploads\/2022\/07\/Brezelfest-Eroeffnung-2022-21-678x509.jpg 678w, https:\/\/speyer24news.com\/wp-content\/uploads\/2022\/07\/Brezelfest-Eroeffnung-2022-21-326x245.jpg 326w, https:\/\/speyer24news.com\/wp-content\/uploads\/2022\/07\/Brezelfest-Eroeffnung-2022-21-80x60.jpg 80w\" sizes=\"(max-width: 800px) 100vw, 800px\" \/><\/figure><\/div>\n\n\n<p>Am Donnerstag den 07.07.2022 war es endlich wieder soweit, Brezeluwe W\u00f6hlert er\u00f6ffnete, gemeinsam mit Oberb\u00fcrgermeisterin Stefanie Seiler das Brezelfest. Obwohl nun &#8222;nur noch&#8220; 5 Tage gefeiert wird gibt es noch einiges auf dem Festprogramm (siehe unten).<\/p>\n\n\n\n<figure class=\"wp-block-embed is-type-video is-provider-youtube wp-block-embed-youtube wp-embed-aspect-16-9 wp-has-aspect-ratio\"><div class=\"wp-block-embed__wrapper\">\n<iframe loading=\"lazy\" title=\"Er\u00f6ffnung des Brezelfestes 2022 durch Brezeluwe W\u00f6hlert und Oberb\u00fcrgermeisterin Stefanie Seiler\" width=\"500\" height=\"281\" src=\"https:\/\/www.youtube.com\/embed\/3GR_KurgDqQ?feature=oembed\" frameborder=\"0\" allow=\"accelerometer; autoplay; clipboard-write; encrypted-media; gyroscope; picture-in-picture\" allowfullscreen><\/iframe>\n<\/div><\/figure>\n\n\n\n<figure class=\"wp-block-table\"><table><tbody><tr><td><strong>Freitag, 8. Juli<\/strong><\/td><\/tr><tr><td>14.00 Uhr<br>Festplatz<\/td><td><strong>Die Schausteller \u00f6ffnen<\/strong>&nbsp;ihre Fahrgesch\u00e4fte, Bierg\u00e4rten und Verkaufsst\u00e4nde auf dem Festplatz.<\/td><\/tr><tr><td>19.00 Uhr<br>Festplatz<\/td><td><strong>Live-Musik:<\/strong>&nbsp;\u201eMallet\u201c im Musikbiergarten Dirk Scholz neben dem \u201eSchwarzwaldhaisl\u201c.<\/td><\/tr><tr><td>19.30 Uhr<br>Festplatz<\/td><td><strong>Live-Musik:<\/strong>&nbsp;\u201eHabachtaler\u201c im Festzelt.<\/td><\/tr><tr><td><strong>Samstag, 9. Juli<\/strong>&nbsp;<\/td><\/tr><tr><td>11 Uhr bis 13 Uhr<br>Innenstadt<\/td><td><strong>Gl\u00fccksradaktion<\/strong>&nbsp;des Verkehrsvereins an der \u201eAlten M\u00fcnze\u201c.<\/td><\/tr><tr><td>14.00 Uhr<br>Festplatz<\/td><td><strong>Die Schausteller \u00f6ffnen<\/strong>&nbsp;ihre Fahrgesch\u00e4fte, Bierg\u00e4rten und Verkaufsst\u00e4nde auf dem Festplatz.<\/td><\/tr><tr><td>19.00 Uhr<br>Festplatz<\/td><td><strong>\u201eNacht der Tracht\u201c<\/strong>&nbsp;auf dem gesamten Festplatz.&nbsp;<\/td><\/tr><tr><td>19.00 Uhr<br>Festplatz<\/td><td><strong>Live-Musik<\/strong>: \u201eFirma Holunder\u201c im Festzelt.<\/td><\/tr><tr><td>19.00 Uhr<br>Festplatz<\/td><td><strong>Live-Musik<\/strong>: \u201eOlli Roth\u201c im Musikbiergarten Dirk Scholz neben dem \u201eSchwarzwaldhaisl\u201c.<\/td><\/tr><tr><td><strong>Sonntag, 10. Juli<\/strong>&nbsp;<\/td><\/tr><tr><td>10.00 Uhr<br>Festplatz<\/td><td><strong>\u201ePreis-Schafkopf\u201c<\/strong>&nbsp;des SKC Herz Dame Speyer f\u00fcr Jedermann im Biergarten des \u201eSpeyerer Woist\u00e4ndel\u201c.<\/td><\/tr><tr><td>10.30 Uhr<br>Festplatz<\/td><td>Ab 11 Uhr&nbsp;<strong>z\u00fcnftiger \u00f6kumenischer Trachten-Gottesdienst<\/strong>&nbsp;im Festzelt. Dieser wird vom Bergh\u00e4user Musikverein begleitet, der ab 10.30 Uhr und nach dem Gottesdienst bis 13 Uhr spielen wird.<\/td><\/tr><tr><td>10.50 Uhr<br>Innenstadt<\/td><td><strong>Bambinilauf<\/strong>&nbsp;ca. 500 m, Start: Vor dem Dom, Jahrg\u00e4nge 2015 bis 2019.<br>Anmeldung und weitere Infos:&nbsp;<a href=\"https:\/\/runtix.com\/sts\/10021\/2303\" target=\"_blank\" rel=\"noreferrer noopener\">https:\/\/runtix.com\/sts\/10021\/2303<\/a><\/td><\/tr><tr><td>11.00 Uhr<br>Innenstadt<\/td><td><strong>Kinderlauf<\/strong>&nbsp;ca. 1.400 m, Start: Vor dem Dom, U 10 (2013\/14), U 12 (2011\/12).<br>Anmeldung und weitere Infos:&nbsp;<a href=\"https:\/\/runtix.com\/sts\/10021\/2303\" target=\"_blank\" rel=\"noreferrer noopener\">https:\/\/runtix.com\/sts\/10021\/2303<\/a><\/td><\/tr><tr><td>11.25 Uhr<br>Innenstadt<\/td><td><strong>Jedermannlauf<\/strong>&nbsp;ca. 2.600 m, (1 City-Runde), Start und Ziel: Am Museumskreisel (Domplatz), Professionelle Zeitnahme, keine Wertung. Anschlie\u00dfend Siegerehrung Kinderlauf.<br>Anmeldung und weitere Infos:&nbsp;<a href=\"https:\/\/runtix.com\/sts\/10021\/2303\" target=\"_blank\" rel=\"noreferrer noopener\">https:\/\/runtix.com\/sts\/10021\/2303<\/a><\/td><\/tr><tr><td>12.00 Uhr<br>Innenstadt<\/td><td><strong>32. Internationaler Brezelfest-Stra\u00dfenlauf<\/strong>. Hauptlauf ca. 7.900 m, (3 City-Runden), Start: Maximilianstra\u00dfe, am Altp\u00f6rtel;&nbsp;Ziel:&nbsp;Am Museumskreisel (Domplatz).<br>Anmeldung und weitere Infos:&nbsp;<a href=\"https:\/\/runtix.com\/sts\/10021\/2303\" target=\"_blank\" rel=\"noreferrer noopener\">https:\/\/runtix.com\/sts\/10021\/2303<\/a><\/td><\/tr><tr><td>13.30 Uhr<br>Innenstadt<\/td><td><strong>Start des gro\u00dfen Brezelfest-Umzuges<\/strong>&nbsp;mit 75 Zugnummern.<br>Start: Friedrich-Ebert-Stra\u00dfe, Aufl\u00f6sung: Festplatz.<\/td><\/tr><tr><td>14.30 Uhr<br>Festplatz<\/td><td><strong>Live-Musik<\/strong>: \u201eRadiosoul Acoustic livel\u201c im Musikbiergarten Dirk Scholz neben dem \u201eSchwarzwaldhaisl\u201c.<\/td><\/tr><tr><td>16.00 Uhr<br>Festplatz<\/td><td><strong>Live-Musik<\/strong>: \u201eFirma Holunder\u201c im Festzelt.<\/td><\/tr><tr><td>19.00 Uhr<br>Festplatz<\/td><td><strong>Live-Musik<\/strong>: \u201eRadiosoul\u201c im Musikbiergarten Dirk Scholz neben dem \u201eSchwarzwaldhaisl\u201c.<\/td><\/tr><tr><td><strong>Montag, 11. Juli<\/strong><\/td><\/tr><tr><td>12.00 Uhr<br>Festplatz<\/td><td>Traditionell&nbsp;<strong>\u201eTag der Betriebe\u201c<\/strong>. Von 12 bis 18 Uhr Sonderangebote bei den gekennzeichneten Restaurationsbetrieben.<a href=\"https:\/\/www.speyerer-brezelfest.de\/images\/downloads\/Brezelfest_Tag-der-Betriebe-2022-blanko.pdf\" target=\"_blank\" rel=\"noreferrer noopener\"><\/a>Reservieren Sie sich Pl\u00e4tze f\u00fcr sich und Ihre Mitarbeiter. Die Adressen finden Sie auf der R\u00fcckseite dieses&nbsp;<a href=\"https:\/\/www.speyerer-brezelfest.de\/images\/downloads\/Brezelfest_Tag-der-Betriebe-2022-blanko.pdf\" target=\"_blank\" rel=\"noreferrer noopener\">PDF\u00b4s<\/a>.<br>Mit dem&nbsp;<a href=\"https:\/\/www.speyerer-brezelfest.de\/images\/downloads\/Brezelfest_Tag-der-Betriebe-2022-blanko.pdf\" target=\"_blank\" rel=\"noreferrer noopener\"><strong>Ausweis zum Tag der Betriebe<\/strong><\/a>&nbsp;kommen Sie in den Genuss der zahlreichen Sonderangebote f\u00fcr Essen, Getr\u00e4nke, Eis und mehr&#8230;<br>Einfach ausf\u00fcllen, abstempeln und kopieren in beliebiger St\u00fcckzahl.<\/td><\/tr><tr><td>12.00 Uhr<br>Festplatz<\/td><td>\u00d6ffentliche&nbsp;<strong>Versteigerung des Brezelfest-Bildes<\/strong>&nbsp;2022 im Biergarten hinter dem \u201eSchwarzwaldhaisl\u201c.<\/td><\/tr><tr><td>18.00 Uhr<br>Festplatz<\/td><td><strong>Pink Monday<\/strong>. Live-Musik mit den \u201eSchlagertanten\u201c des Rhein-Neckar-Theaters und DJ im Festzelt.<\/td><\/tr><tr><td>19.00 Uhr<br>Festplatz<\/td><td><strong>Live-Musik<\/strong>: \u201ePlanet 9\u201c im Musikbiergarten Dirk Scholz neben dem \u201eSchwarzwaldhaisl\u201c.<\/td><\/tr><tr><td><strong>Dienstag, 12. Juli<\/strong>&nbsp;<\/td><\/tr><tr><td>14.00 Uhr<\/td><td><strong>Start in den Brezelfest-Ausklang 2022.&nbsp;<\/strong><\/td><\/tr><tr><td>14.00 Uhr bis<br>19.00 Uhr Festplatz<\/td><td><strong>Familien-Nachmittag<\/strong>&nbsp;mit verg\u00fcnstigten Preisen.<\/td><\/tr><tr><td>14.00 Uhr<br>Festplatz<\/td><td><strong>Seniorennachmittag<\/strong>&nbsp;im Festzelt.<br>Buntes Unterhaltungsprogramm mit Musik, Tanz und \u00dcberraschungen. Es spielt die Band \u201eZwoa Spitzbuben\u201c.&nbsp;<\/td><\/tr><tr><td>18.00 Uhr<br>Festplatz<\/td><td><strong>Live-Musik<\/strong>: \u201eFirma Holunder\u201c im Festzelt.<\/td><\/tr><tr><td>19.00 Uhr<br>Festplatz<\/td><td><strong>Live-Musik:<\/strong>&nbsp;\u201eFlow Control\u201c im Musikbiergarten Dirk Scholz neben dem \u201eSchwarzwaldhaisl\u201c.<\/td><\/tr><tr><td>22.30 Uhr<br>Festplatz<\/td><td><strong>Brillant-Feuerwerk.<\/strong><\/td><\/tr><tr><td><strong>Mittwoch, 13. Juli<\/strong><\/td><\/tr><tr><td>bis 1.00 Uhr<br>Festplatz<\/td><td>Das Speyerer Brezelfest endet um 1 Uhr. Wir sehen uns wieder am zweiten Juli-Wochenende im Jahr 2023.<\/td><\/tr><\/tbody><\/table><\/figure>\n\n\n\n<p>Die Live-Musik endet jeweils um 24 Uhr. Der Ausschank wird am Donnerstag, 7. Juli und Dienstag, 12. Juli 2022 um 1 Uhr beendet; von Freitag, 8. Juli bis Montag, 11. Juli 2022 darf bis um 2 Uhr nachts gefeiert werden.<\/p>\n\n\n\n<h3 class=\"wp-block-heading\">Sehen Sie hier das Fotoalbum zur Er\u00f6ffnung:<\/h3>\n\n\n\n<figure class=\"wp-block-gallery has-nested-images columns-2 is-cropped wp-block-gallery-1 is-layout-flex wp-block-gallery-is-layout-flex\">\n<figure class=\"wp-block-image size-full\"><img decoding=\"async\" loading=\"lazy\" width=\"800\" height=\"600\" data-id=\"46926\" src=\"https:\/\/speyer24news.com\/wp-content\/uploads\/2022\/07\/Brezelfest-Eroeffnung-2022-1.jpg\" alt=\"\" class=\"wp-image-46926\" srcset=\"https:\/\/speyer24news.com\/wp-content\/uploads\/2022\/07\/Brezelfest-Eroeffnung-2022-1.jpg 800w, https:\/\/speyer24news.com\/wp-content\/uploads\/2022\/07\/Brezelfest-Eroeffnung-2022-1-300x225.jpg 300w, https:\/\/speyer24news.com\/wp-content\/uploads\/2022\/07\/Brezelfest-Eroeffnung-2022-1-768x576.jpg 768w, https:\/\/speyer24news.com\/wp-content\/uploads\/2022\/07\/Brezelfest-Eroeffnung-2022-1-678x509.jpg 678w, https:\/\/speyer24news.com\/wp-content\/uploads\/2022\/07\/Brezelfest-Eroeffnung-2022-1-326x245.jpg 326w, https:\/\/speyer24news.com\/wp-content\/uploads\/2022\/07\/Brezelfest-Eroeffnung-2022-1-80x60.jpg 80w\" sizes=\"(max-width: 800px) 100vw, 800px\" \/><\/figure>\n\n\n\n<figure class=\"wp-block-image size-full\"><img decoding=\"async\" loading=\"lazy\" width=\"800\" height=\"600\" data-id=\"46940\" src=\"https:\/\/speyer24news.com\/wp-content\/uploads\/2022\/07\/Brezelfest-Eroeffnung-2022-2.jpg\" alt=\"\" class=\"wp-image-46940\" srcset=\"https:\/\/speyer24news.com\/wp-content\/uploads\/2022\/07\/Brezelfest-Eroeffnung-2022-2.jpg 800w, https:\/\/speyer24news.com\/wp-content\/uploads\/2022\/07\/Brezelfest-Eroeffnung-2022-2-300x225.jpg 300w, https:\/\/speyer24news.com\/wp-content\/uploads\/2022\/07\/Brezelfest-Eroeffnung-2022-2-768x576.jpg 768w, https:\/\/speyer24news.com\/wp-content\/uploads\/2022\/07\/Brezelfest-Eroeffnung-2022-2-678x509.jpg 678w, https:\/\/speyer24news.com\/wp-content\/uploads\/2022\/07\/Brezelfest-Eroeffnung-2022-2-326x245.jpg 326w, https:\/\/speyer24news.com\/wp-content\/uploads\/2022\/07\/Brezelfest-Eroeffnung-2022-2-80x60.jpg 80w\" sizes=\"(max-width: 800px) 100vw, 800px\" \/><\/figure>\n\n\n\n<figure class=\"wp-block-image size-full\"><img decoding=\"async\" loading=\"lazy\" width=\"800\" height=\"591\" data-id=\"46949\" src=\"https:\/\/speyer24news.com\/wp-content\/uploads\/2022\/07\/Brezelfest-Eroeffnung-2022-3.jpg\" alt=\"\" class=\"wp-image-46949\" srcset=\"https:\/\/speyer24news.com\/wp-content\/uploads\/2022\/07\/Brezelfest-Eroeffnung-2022-3.jpg 800w, https:\/\/speyer24news.com\/wp-content\/uploads\/2022\/07\/Brezelfest-Eroeffnung-2022-3-300x222.jpg 300w, https:\/\/speyer24news.com\/wp-content\/uploads\/2022\/07\/Brezelfest-Eroeffnung-2022-3-768x567.jpg 768w, https:\/\/speyer24news.com\/wp-content\/uploads\/2022\/07\/Brezelfest-Eroeffnung-2022-3-80x60.jpg 80w\" sizes=\"(max-width: 800px) 100vw, 800px\" \/><\/figure>\n\n\n\n<figure class=\"wp-block-image size-full\"><img decoding=\"async\" loading=\"lazy\" width=\"800\" height=\"600\" data-id=\"46952\" src=\"https:\/\/speyer24news.com\/wp-content\/uploads\/2022\/07\/Brezelfest-Eroeffnung-2022-4.jpg\" alt=\"\" class=\"wp-image-46952\" srcset=\"https:\/\/speyer24news.com\/wp-content\/uploads\/2022\/07\/Brezelfest-Eroeffnung-2022-4.jpg 800w, https:\/\/speyer24news.com\/wp-content\/uploads\/2022\/07\/Brezelfest-Eroeffnung-2022-4-300x225.jpg 300w, https:\/\/speyer24news.com\/wp-content\/uploads\/2022\/07\/Brezelfest-Eroeffnung-2022-4-768x576.jpg 768w, https:\/\/speyer24news.com\/wp-content\/uploads\/2022\/07\/Brezelfest-Eroeffnung-2022-4-678x509.jpg 678w, https:\/\/speyer24news.com\/wp-content\/uploads\/2022\/07\/Brezelfest-Eroeffnung-2022-4-326x245.jpg 326w, https:\/\/speyer24news.com\/wp-content\/uploads\/2022\/07\/Brezelfest-Eroeffnung-2022-4-80x60.jpg 80w\" sizes=\"(max-width: 800px) 100vw, 800px\" \/><\/figure>\n\n\n\n<figure class=\"wp-block-image size-full\"><img decoding=\"async\" loading=\"lazy\" width=\"800\" height=\"600\" data-id=\"46953\" src=\"https:\/\/speyer24news.com\/wp-content\/uploads\/2022\/07\/Brezelfest-Eroeffnung-2022-5.jpg\" alt=\"\" class=\"wp-image-46953\" srcset=\"https:\/\/speyer24news.com\/wp-content\/uploads\/2022\/07\/Brezelfest-Eroeffnung-2022-5.jpg 800w, https:\/\/speyer24news.com\/wp-content\/uploads\/2022\/07\/Brezelfest-Eroeffnung-2022-5-300x225.jpg 300w, https:\/\/speyer24news.com\/wp-content\/uploads\/2022\/07\/Brezelfest-Eroeffnung-2022-5-768x576.jpg 768w, https:\/\/speyer24news.com\/wp-content\/uploads\/2022\/07\/Brezelfest-Eroeffnung-2022-5-678x509.jpg 678w, https:\/\/speyer24news.com\/wp-content\/uploads\/2022\/07\/Brezelfest-Eroeffnung-2022-5-326x245.jpg 326w, https:\/\/speyer24news.com\/wp-content\/uploads\/2022\/07\/Brezelfest-Eroeffnung-2022-5-80x60.jpg 80w\" sizes=\"(max-width: 800px) 100vw, 800px\" \/><\/figure>\n\n\n\n<figure class=\"wp-block-image size-full\"><img decoding=\"async\" loading=\"lazy\" width=\"800\" height=\"625\" data-id=\"46927\" src=\"https:\/\/speyer24news.com\/wp-content\/uploads\/2022\/07\/Brezelfest-Eroeffnung-2022-6.jpg\" alt=\"\" class=\"wp-image-46927\" srcset=\"https:\/\/speyer24news.com\/wp-content\/uploads\/2022\/07\/Brezelfest-Eroeffnung-2022-6.jpg 800w, https:\/\/speyer24news.com\/wp-content\/uploads\/2022\/07\/Brezelfest-Eroeffnung-2022-6-300x234.jpg 300w, https:\/\/speyer24news.com\/wp-content\/uploads\/2022\/07\/Brezelfest-Eroeffnung-2022-6-768x600.jpg 768w\" sizes=\"(max-width: 800px) 100vw, 800px\" \/><\/figure>\n\n\n\n<figure class=\"wp-block-image size-full\"><img decoding=\"async\" loading=\"lazy\" width=\"800\" height=\"600\" data-id=\"46956\" src=\"https:\/\/speyer24news.com\/wp-content\/uploads\/2022\/07\/Brezelfest-Eroeffnung-2022-7.jpg\" alt=\"\" class=\"wp-image-46956\" srcset=\"https:\/\/speyer24news.com\/wp-content\/uploads\/2022\/07\/Brezelfest-Eroeffnung-2022-7.jpg 800w, https:\/\/speyer24news.com\/wp-content\/uploads\/2022\/07\/Brezelfest-Eroeffnung-2022-7-300x225.jpg 300w, https:\/\/speyer24news.com\/wp-content\/uploads\/2022\/07\/Brezelfest-Eroeffnung-2022-7-768x576.jpg 768w, https:\/\/speyer24news.com\/wp-content\/uploads\/2022\/07\/Brezelfest-Eroeffnung-2022-7-678x509.jpg 678w, https:\/\/speyer24news.com\/wp-content\/uploads\/2022\/07\/Brezelfest-Eroeffnung-2022-7-326x245.jpg 326w, https:\/\/speyer24news.com\/wp-content\/uploads\/2022\/07\/Brezelfest-Eroeffnung-2022-7-80x60.jpg 80w\" sizes=\"(max-width: 800px) 100vw, 800px\" \/><\/figure>\n\n\n\n<figure class=\"wp-block-image size-full\"><img decoding=\"async\" loading=\"lazy\" width=\"800\" height=\"608\" data-id=\"46936\" src=\"https:\/\/speyer24news.com\/wp-content\/uploads\/2022\/07\/Brezelfest-Eroeffnung-2022-8.jpg\" alt=\"\" class=\"wp-image-46936\" srcset=\"https:\/\/speyer24news.com\/wp-content\/uploads\/2022\/07\/Brezelfest-Eroeffnung-2022-8.jpg 800w, https:\/\/speyer24news.com\/wp-content\/uploads\/2022\/07\/Brezelfest-Eroeffnung-2022-8-300x228.jpg 300w, https:\/\/speyer24news.com\/wp-content\/uploads\/2022\/07\/Brezelfest-Eroeffnung-2022-8-768x584.jpg 768w, https:\/\/speyer24news.com\/wp-content\/uploads\/2022\/07\/Brezelfest-Eroeffnung-2022-8-80x60.jpg 80w\" sizes=\"(max-width: 800px) 100vw, 800px\" \/><\/figure>\n\n\n\n<figure class=\"wp-block-image size-full\"><img decoding=\"async\" loading=\"lazy\" width=\"800\" height=\"600\" data-id=\"46939\" src=\"https:\/\/speyer24news.com\/wp-content\/uploads\/2022\/07\/Brezelfest-Eroeffnung-2022-9.jpg\" alt=\"\" class=\"wp-image-46939\" srcset=\"https:\/\/speyer24news.com\/wp-content\/uploads\/2022\/07\/Brezelfest-Eroeffnung-2022-9.jpg 800w, https:\/\/speyer24news.com\/wp-content\/uploads\/2022\/07\/Brezelfest-Eroeffnung-2022-9-300x225.jpg 300w, https:\/\/speyer24news.com\/wp-content\/uploads\/2022\/07\/Brezelfest-Eroeffnung-2022-9-768x576.jpg 768w, https:\/\/speyer24news.com\/wp-content\/uploads\/2022\/07\/Brezelfest-Eroeffnung-2022-9-678x509.jpg 678w, https:\/\/speyer24news.com\/wp-content\/uploads\/2022\/07\/Brezelfest-Eroeffnung-2022-9-326x245.jpg 326w, https:\/\/speyer24news.com\/wp-content\/uploads\/2022\/07\/Brezelfest-Eroeffnung-2022-9-80x60.jpg 80w\" sizes=\"(max-width: 800px) 100vw, 800px\" \/><\/figure>\n\n\n\n<figure class=\"wp-block-image size-full\"><img decoding=\"async\" loading=\"lazy\" width=\"800\" height=\"595\" data-id=\"46931\" src=\"https:\/\/speyer24news.com\/wp-content\/uploads\/2022\/07\/Brezelfest-Eroeffnung-2022-10.jpg\" alt=\"\" class=\"wp-image-46931\" srcset=\"https:\/\/speyer24news.com\/wp-content\/uploads\/2022\/07\/Brezelfest-Eroeffnung-2022-10.jpg 800w, https:\/\/speyer24news.com\/wp-content\/uploads\/2022\/07\/Brezelfest-Eroeffnung-2022-10-300x223.jpg 300w, https:\/\/speyer24news.com\/wp-content\/uploads\/2022\/07\/Brezelfest-Eroeffnung-2022-10-768x571.jpg 768w, https:\/\/speyer24news.com\/wp-content\/uploads\/2022\/07\/Brezelfest-Eroeffnung-2022-10-80x60.jpg 80w\" sizes=\"(max-width: 800px) 100vw, 800px\" \/><\/figure>\n\n\n\n<figure class=\"wp-block-image size-full\"><img decoding=\"async\" loading=\"lazy\" width=\"800\" height=\"600\" data-id=\"46937\" src=\"https:\/\/speyer24news.com\/wp-content\/uploads\/2022\/07\/Brezelfest-Eroeffnung-2022-11.jpg\" alt=\"\" class=\"wp-image-46937\" srcset=\"https:\/\/speyer24news.com\/wp-content\/uploads\/2022\/07\/Brezelfest-Eroeffnung-2022-11.jpg 800w, https:\/\/speyer24news.com\/wp-content\/uploads\/2022\/07\/Brezelfest-Eroeffnung-2022-11-300x225.jpg 300w, https:\/\/speyer24news.com\/wp-content\/uploads\/2022\/07\/Brezelfest-Eroeffnung-2022-11-768x576.jpg 768w, https:\/\/speyer24news.com\/wp-content\/uploads\/2022\/07\/Brezelfest-Eroeffnung-2022-11-678x509.jpg 678w, https:\/\/speyer24news.com\/wp-content\/uploads\/2022\/07\/Brezelfest-Eroeffnung-2022-11-326x245.jpg 326w, https:\/\/speyer24news.com\/wp-content\/uploads\/2022\/07\/Brezelfest-Eroeffnung-2022-11-80x60.jpg 80w\" sizes=\"(max-width: 800px) 100vw, 800px\" \/><\/figure>\n\n\n\n<figure class=\"wp-block-image size-full\"><img decoding=\"async\" loading=\"lazy\" width=\"800\" height=\"600\" data-id=\"46934\" src=\"https:\/\/speyer24news.com\/wp-content\/uploads\/2022\/07\/Brezelfest-Eroeffnung-2022-12.jpg\" alt=\"\" class=\"wp-image-46934\" srcset=\"https:\/\/speyer24news.com\/wp-content\/uploads\/2022\/07\/Brezelfest-Eroeffnung-2022-12.jpg 800w, https:\/\/speyer24news.com\/wp-content\/uploads\/2022\/07\/Brezelfest-Eroeffnung-2022-12-300x225.jpg 300w, https:\/\/speyer24news.com\/wp-content\/uploads\/2022\/07\/Brezelfest-Eroeffnung-2022-12-768x576.jpg 768w, https:\/\/speyer24news.com\/wp-content\/uploads\/2022\/07\/Brezelfest-Eroeffnung-2022-12-678x509.jpg 678w, https:\/\/speyer24news.com\/wp-content\/uploads\/2022\/07\/Brezelfest-Eroeffnung-2022-12-326x245.jpg 326w, https:\/\/speyer24news.com\/wp-content\/uploads\/2022\/07\/Brezelfest-Eroeffnung-2022-12-80x60.jpg 80w\" sizes=\"(max-width: 800px) 100vw, 800px\" \/><\/figure>\n\n\n\n<figure class=\"wp-block-image size-full\"><img decoding=\"async\" loading=\"lazy\" width=\"800\" height=\"627\" data-id=\"46950\" src=\"https:\/\/speyer24news.com\/wp-content\/uploads\/2022\/07\/Brezelfest-Eroeffnung-2022-13.jpg\" alt=\"\" class=\"wp-image-46950\" srcset=\"https:\/\/speyer24news.com\/wp-content\/uploads\/2022\/07\/Brezelfest-Eroeffnung-2022-13.jpg 800w, https:\/\/speyer24news.com\/wp-content\/uploads\/2022\/07\/Brezelfest-Eroeffnung-2022-13-300x235.jpg 300w, https:\/\/speyer24news.com\/wp-content\/uploads\/2022\/07\/Brezelfest-Eroeffnung-2022-13-768x602.jpg 768w\" sizes=\"(max-width: 800px) 100vw, 800px\" \/><\/figure>\n\n\n\n<figure class=\"wp-block-image size-full\"><img decoding=\"async\" loading=\"lazy\" width=\"800\" height=\"600\" data-id=\"46951\" src=\"https:\/\/speyer24news.com\/wp-content\/uploads\/2022\/07\/Brezelfest-Eroeffnung-2022-14.jpg\" alt=\"\" class=\"wp-image-46951\" srcset=\"https:\/\/speyer24news.com\/wp-content\/uploads\/2022\/07\/Brezelfest-Eroeffnung-2022-14.jpg 800w, https:\/\/speyer24news.com\/wp-content\/uploads\/2022\/07\/Brezelfest-Eroeffnung-2022-14-300x225.jpg 300w, https:\/\/speyer24news.com\/wp-content\/uploads\/2022\/07\/Brezelfest-Eroeffnung-2022-14-768x576.jpg 768w, https:\/\/speyer24news.com\/wp-content\/uploads\/2022\/07\/Brezelfest-Eroeffnung-2022-14-678x509.jpg 678w, https:\/\/speyer24news.com\/wp-content\/uploads\/2022\/07\/Brezelfest-Eroeffnung-2022-14-326x245.jpg 326w, https:\/\/speyer24news.com\/wp-content\/uploads\/2022\/07\/Brezelfest-Eroeffnung-2022-14-80x60.jpg 80w\" sizes=\"(max-width: 800px) 100vw, 800px\" \/><\/figure>\n\n\n\n<figure class=\"wp-block-image size-full\"><img decoding=\"async\" loading=\"lazy\" width=\"800\" height=\"600\" data-id=\"46935\" src=\"https:\/\/speyer24news.com\/wp-content\/uploads\/2022\/07\/Brezelfest-Eroeffnung-2022-15.jpg\" alt=\"\" class=\"wp-image-46935\" srcset=\"https:\/\/speyer24news.com\/wp-content\/uploads\/2022\/07\/Brezelfest-Eroeffnung-2022-15.jpg 800w, https:\/\/speyer24news.com\/wp-content\/uploads\/2022\/07\/Brezelfest-Eroeffnung-2022-15-300x225.jpg 300w, https:\/\/speyer24news.com\/wp-content\/uploads\/2022\/07\/Brezelfest-Eroeffnung-2022-15-768x576.jpg 768w, https:\/\/speyer24news.com\/wp-content\/uploads\/2022\/07\/Brezelfest-Eroeffnung-2022-15-678x509.jpg 678w, https:\/\/speyer24news.com\/wp-content\/uploads\/2022\/07\/Brezelfest-Eroeffnung-2022-15-326x245.jpg 326w, https:\/\/speyer24news.com\/wp-content\/uploads\/2022\/07\/Brezelfest-Eroeffnung-2022-15-80x60.jpg 80w\" sizes=\"(max-width: 800px) 100vw, 800px\" \/><\/figure>\n\n\n\n<figure class=\"wp-block-image size-full\"><img decoding=\"async\" loading=\"lazy\" width=\"800\" height=\"619\" data-id=\"46930\" src=\"https:\/\/speyer24news.com\/wp-content\/uploads\/2022\/07\/Brezelfest-Eroeffnung-2022-16.jpg\" alt=\"\" class=\"wp-image-46930\" srcset=\"https:\/\/speyer24news.com\/wp-content\/uploads\/2022\/07\/Brezelfest-Eroeffnung-2022-16.jpg 800w, https:\/\/speyer24news.com\/wp-content\/uploads\/2022\/07\/Brezelfest-Eroeffnung-2022-16-300x232.jpg 300w, https:\/\/speyer24news.com\/wp-content\/uploads\/2022\/07\/Brezelfest-Eroeffnung-2022-16-768x594.jpg 768w\" sizes=\"(max-width: 800px) 100vw, 800px\" \/><\/figure>\n\n\n\n<figure class=\"wp-block-image size-full\"><img decoding=\"async\" loading=\"lazy\" width=\"800\" height=\"601\" data-id=\"46958\" src=\"https:\/\/speyer24news.com\/wp-content\/uploads\/2022\/07\/Brezelfest-Eroeffnung-2022-17.jpg\" alt=\"\" class=\"wp-image-46958\" srcset=\"https:\/\/speyer24news.com\/wp-content\/uploads\/2022\/07\/Brezelfest-Eroeffnung-2022-17.jpg 800w, https:\/\/speyer24news.com\/wp-content\/uploads\/2022\/07\/Brezelfest-Eroeffnung-2022-17-300x225.jpg 300w, https:\/\/speyer24news.com\/wp-content\/uploads\/2022\/07\/Brezelfest-Eroeffnung-2022-17-768x577.jpg 768w, https:\/\/speyer24news.com\/wp-content\/uploads\/2022\/07\/Brezelfest-Eroeffnung-2022-17-678x509.jpg 678w, https:\/\/speyer24news.com\/wp-content\/uploads\/2022\/07\/Brezelfest-Eroeffnung-2022-17-326x245.jpg 326w, https:\/\/speyer24news.com\/wp-content\/uploads\/2022\/07\/Brezelfest-Eroeffnung-2022-17-80x60.jpg 80w\" sizes=\"(max-width: 800px) 100vw, 800px\" \/><\/figure>\n\n\n\n<figure class=\"wp-block-image size-full\"><img decoding=\"async\" loading=\"lazy\" width=\"800\" height=\"598\" data-id=\"46942\" src=\"https:\/\/speyer24news.com\/wp-content\/uploads\/2022\/07\/Brezelfest-Eroeffnung-2022-18.jpg\" alt=\"\" class=\"wp-image-46942\" srcset=\"https:\/\/speyer24news.com\/wp-content\/uploads\/2022\/07\/Brezelfest-Eroeffnung-2022-18.jpg 800w, https:\/\/speyer24news.com\/wp-content\/uploads\/2022\/07\/Brezelfest-Eroeffnung-2022-18-300x224.jpg 300w, https:\/\/speyer24news.com\/wp-content\/uploads\/2022\/07\/Brezelfest-Eroeffnung-2022-18-768x574.jpg 768w, https:\/\/speyer24news.com\/wp-content\/uploads\/2022\/07\/Brezelfest-Eroeffnung-2022-18-326x245.jpg 326w, https:\/\/speyer24news.com\/wp-content\/uploads\/2022\/07\/Brezelfest-Eroeffnung-2022-18-80x60.jpg 80w\" sizes=\"(max-width: 800px) 100vw, 800px\" \/><\/figure>\n\n\n\n<figure class=\"wp-block-image size-full\"><img decoding=\"async\" loading=\"lazy\" width=\"800\" height=\"600\" data-id=\"46954\" src=\"https:\/\/speyer24news.com\/wp-content\/uploads\/2022\/07\/Brezelfest-Eroeffnung-2022-19.jpg\" alt=\"\" class=\"wp-image-46954\" srcset=\"https:\/\/speyer24news.com\/wp-content\/uploads\/2022\/07\/Brezelfest-Eroeffnung-2022-19.jpg 800w, https:\/\/speyer24news.com\/wp-content\/uploads\/2022\/07\/Brezelfest-Eroeffnung-2022-19-300x225.jpg 300w, https:\/\/speyer24news.com\/wp-content\/uploads\/2022\/07\/Brezelfest-Eroeffnung-2022-19-768x576.jpg 768w, https:\/\/speyer24news.com\/wp-content\/uploads\/2022\/07\/Brezelfest-Eroeffnung-2022-19-678x509.jpg 678w, https:\/\/speyer24news.com\/wp-content\/uploads\/2022\/07\/Brezelfest-Eroeffnung-2022-19-326x245.jpg 326w, https:\/\/speyer24news.com\/wp-content\/uploads\/2022\/07\/Brezelfest-Eroeffnung-2022-19-80x60.jpg 80w\" sizes=\"(max-width: 800px) 100vw, 800px\" \/><\/figure>\n\n\n\n<figure class=\"wp-block-image size-full\"><img decoding=\"async\" loading=\"lazy\" width=\"800\" height=\"622\" data-id=\"46938\" src=\"https:\/\/speyer24news.com\/wp-content\/uploads\/2022\/07\/Brezelfest-Eroeffnung-2022-20.jpg\" alt=\"\" class=\"wp-image-46938\" srcset=\"https:\/\/speyer24news.com\/wp-content\/uploads\/2022\/07\/Brezelfest-Eroeffnung-2022-20.jpg 800w, https:\/\/speyer24news.com\/wp-content\/uploads\/2022\/07\/Brezelfest-Eroeffnung-2022-20-300x233.jpg 300w, https:\/\/speyer24news.com\/wp-content\/uploads\/2022\/07\/Brezelfest-Eroeffnung-2022-20-768x597.jpg 768w\" sizes=\"(max-width: 800px) 100vw, 800px\" \/><\/figure>\n\n\n\n<figure class=\"wp-block-image size-full\"><img decoding=\"async\" loading=\"lazy\" width=\"800\" height=\"600\" data-id=\"46933\" src=\"https:\/\/speyer24news.com\/wp-content\/uploads\/2022\/07\/Brezelfest-Eroeffnung-2022-21.jpg\" alt=\"\" class=\"wp-image-46933\" srcset=\"https:\/\/speyer24news.com\/wp-content\/uploads\/2022\/07\/Brezelfest-Eroeffnung-2022-21.jpg 800w, https:\/\/speyer24news.com\/wp-content\/uploads\/2022\/07\/Brezelfest-Eroeffnung-2022-21-300x225.jpg 300w, https:\/\/speyer24news.com\/wp-content\/uploads\/2022\/07\/Brezelfest-Eroeffnung-2022-21-768x576.jpg 768w, https:\/\/speyer24news.com\/wp-content\/uploads\/2022\/07\/Brezelfest-Eroeffnung-2022-21-678x509.jpg 678w, https:\/\/speyer24news.com\/wp-content\/uploads\/2022\/07\/Brezelfest-Eroeffnung-2022-21-326x245.jpg 326w, https:\/\/speyer24news.com\/wp-content\/uploads\/2022\/07\/Brezelfest-Eroeffnung-2022-21-80x60.jpg 80w\" sizes=\"(max-width: 800px) 100vw, 800px\" \/><\/figure>\n\n\n\n<figure class=\"wp-block-image size-full\"><img decoding=\"async\" loading=\"lazy\" width=\"800\" height=\"600\" data-id=\"46929\" src=\"https:\/\/speyer24news.com\/wp-content\/uploads\/2022\/07\/Brezelfest-Eroeffnung-2022-22.jpg\" alt=\"\" class=\"wp-image-46929\" srcset=\"https:\/\/speyer24news.com\/wp-content\/uploads\/2022\/07\/Brezelfest-Eroeffnung-2022-22.jpg 800w, https:\/\/speyer24news.com\/wp-content\/uploads\/2022\/07\/Brezelfest-Eroeffnung-2022-22-300x225.jpg 300w, https:\/\/speyer24news.com\/wp-content\/uploads\/2022\/07\/Brezelfest-Eroeffnung-2022-22-768x576.jpg 768w, https:\/\/speyer24news.com\/wp-content\/uploads\/2022\/07\/Brezelfest-Eroeffnung-2022-22-678x509.jpg 678w, https:\/\/speyer24news.com\/wp-content\/uploads\/2022\/07\/Brezelfest-Eroeffnung-2022-22-326x245.jpg 326w, https:\/\/speyer24news.com\/wp-content\/uploads\/2022\/07\/Brezelfest-Eroeffnung-2022-22-80x60.jpg 80w\" sizes=\"(max-width: 800px) 100vw, 800px\" \/><\/figure>\n\n\n\n<figure class=\"wp-block-image size-full\"><img decoding=\"async\" loading=\"lazy\" width=\"800\" height=\"600\" data-id=\"46941\" src=\"https:\/\/speyer24news.com\/wp-content\/uploads\/2022\/07\/Brezelfest-Eroeffnung-2022-23.jpg\" alt=\"\" class=\"wp-image-46941\" srcset=\"https:\/\/speyer24news.com\/wp-content\/uploads\/2022\/07\/Brezelfest-Eroeffnung-2022-23.jpg 800w, https:\/\/speyer24news.com\/wp-content\/uploads\/2022\/07\/Brezelfest-Eroeffnung-2022-23-300x225.jpg 300w, https:\/\/speyer24news.com\/wp-content\/uploads\/2022\/07\/Brezelfest-Eroeffnung-2022-23-768x576.jpg 768w, https:\/\/speyer24news.com\/wp-content\/uploads\/2022\/07\/Brezelfest-Eroeffnung-2022-23-678x509.jpg 678w, https:\/\/speyer24news.com\/wp-content\/uploads\/2022\/07\/Brezelfest-Eroeffnung-2022-23-326x245.jpg 326w, https:\/\/speyer24news.com\/wp-content\/uploads\/2022\/07\/Brezelfest-Eroeffnung-2022-23-80x60.jpg 80w\" sizes=\"(max-width: 800px) 100vw, 800px\" \/><\/figure>\n\n\n\n<figure class=\"wp-block-image size-full\"><img decoding=\"async\" loading=\"lazy\" width=\"800\" height=\"600\" data-id=\"46959\" src=\"https:\/\/speyer24news.com\/wp-content\/uploads\/2022\/07\/Brezelfest-Eroeffnung-2022-24.jpg\" alt=\"\" class=\"wp-image-46959\" srcset=\"https:\/\/speyer24news.com\/wp-content\/uploads\/2022\/07\/Brezelfest-Eroeffnung-2022-24.jpg 800w, https:\/\/speyer24news.com\/wp-content\/uploads\/2022\/07\/Brezelfest-Eroeffnung-2022-24-300x225.jpg 300w, https:\/\/speyer24news.com\/wp-content\/uploads\/2022\/07\/Brezelfest-Eroeffnung-2022-24-768x576.jpg 768w, https:\/\/speyer24news.com\/wp-content\/uploads\/2022\/07\/Brezelfest-Eroeffnung-2022-24-678x509.jpg 678w, https:\/\/speyer24news.com\/wp-content\/uploads\/2022\/07\/Brezelfest-Eroeffnung-2022-24-326x245.jpg 326w, https:\/\/speyer24news.com\/wp-content\/uploads\/2022\/07\/Brezelfest-Eroeffnung-2022-24-80x60.jpg 80w\" sizes=\"(max-width: 800px) 100vw, 800px\" \/><\/figure>\n\n\n\n<figure class=\"wp-block-image size-full\"><img decoding=\"async\" loading=\"lazy\" width=\"800\" height=\"600\" data-id=\"46932\" src=\"https:\/\/speyer24news.com\/wp-content\/uploads\/2022\/07\/Brezelfest-Eroeffnung-2022-25.jpg\" alt=\"\" class=\"wp-image-46932\" srcset=\"https:\/\/speyer24news.com\/wp-content\/uploads\/2022\/07\/Brezelfest-Eroeffnung-2022-25.jpg 800w, https:\/\/speyer24news.com\/wp-content\/uploads\/2022\/07\/Brezelfest-Eroeffnung-2022-25-300x225.jpg 300w, https:\/\/speyer24news.com\/wp-content\/uploads\/2022\/07\/Brezelfest-Eroeffnung-2022-25-768x576.jpg 768w, https:\/\/speyer24news.com\/wp-content\/uploads\/2022\/07\/Brezelfest-Eroeffnung-2022-25-678x509.jpg 678w, https:\/\/speyer24news.com\/wp-content\/uploads\/2022\/07\/Brezelfest-Eroeffnung-2022-25-326x245.jpg 326w, https:\/\/speyer24news.com\/wp-content\/uploads\/2022\/07\/Brezelfest-Eroeffnung-2022-25-80x60.jpg 80w\" sizes=\"(max-width: 800px) 100vw, 800px\" \/><\/figure>\n\n\n\n<figure class=\"wp-block-image size-full\"><img decoding=\"async\" loading=\"lazy\" width=\"800\" height=\"600\" data-id=\"46928\" src=\"https:\/\/speyer24news.com\/wp-content\/uploads\/2022\/07\/Brezelfest-Eroeffnung-2022-26.jpg\" alt=\"\" class=\"wp-image-46928\" srcset=\"https:\/\/speyer24news.com\/wp-content\/uploads\/2022\/07\/Brezelfest-Eroeffnung-2022-26.jpg 800w, https:\/\/speyer24news.com\/wp-content\/uploads\/2022\/07\/Brezelfest-Eroeffnung-2022-26-300x225.jpg 300w, https:\/\/speyer24news.com\/wp-content\/uploads\/2022\/07\/Brezelfest-Eroeffnung-2022-26-768x576.jpg 768w, https:\/\/speyer24news.com\/wp-content\/uploads\/2022\/07\/Brezelfest-Eroeffnung-2022-26-678x509.jpg 678w, https:\/\/speyer24news.com\/wp-content\/uploads\/2022\/07\/Brezelfest-Eroeffnung-2022-26-326x245.jpg 326w, https:\/\/speyer24news.com\/wp-content\/uploads\/2022\/07\/Brezelfest-Eroeffnung-2022-26-80x60.jpg 80w\" sizes=\"(max-width: 800px) 100vw, 800px\" \/><\/figure>\n\n\n\n<figure class=\"wp-block-image size-full\"><img decoding=\"async\" loading=\"lazy\" width=\"800\" height=\"600\" data-id=\"46955\" src=\"https:\/\/speyer24news.com\/wp-content\/uploads\/2022\/07\/Brezelfest-Eroeffnung-2022-27.jpg\" alt=\"\" class=\"wp-image-46955\" srcset=\"https:\/\/speyer24news.com\/wp-content\/uploads\/2022\/07\/Brezelfest-Eroeffnung-2022-27.jpg 800w, https:\/\/speyer24news.com\/wp-content\/uploads\/2022\/07\/Brezelfest-Eroeffnung-2022-27-300x225.jpg 300w, https:\/\/speyer24news.com\/wp-content\/uploads\/2022\/07\/Brezelfest-Eroeffnung-2022-27-768x576.jpg 768w, https:\/\/speyer24news.com\/wp-content\/uploads\/2022\/07\/Brezelfest-Eroeffnung-2022-27-678x509.jpg 678w, https:\/\/speyer24news.com\/wp-content\/uploads\/2022\/07\/Brezelfest-Eroeffnung-2022-27-326x245.jpg 326w, https:\/\/speyer24news.com\/wp-content\/uploads\/2022\/07\/Brezelfest-Eroeffnung-2022-27-80x60.jpg 80w\" sizes=\"(max-width: 800px) 100vw, 800px\" \/><\/figure>\n\n\n\n<figure class=\"wp-block-image size-full\"><img decoding=\"async\" loading=\"lazy\" width=\"800\" height=\"605\" data-id=\"46960\" src=\"https:\/\/speyer24news.com\/wp-content\/uploads\/2022\/07\/Brezelfest-Eroeffnung-2022-28.jpg\" alt=\"\" class=\"wp-image-46960\" srcset=\"https:\/\/speyer24news.com\/wp-content\/uploads\/2022\/07\/Brezelfest-Eroeffnung-2022-28.jpg 800w, https:\/\/speyer24news.com\/wp-content\/uploads\/2022\/07\/Brezelfest-Eroeffnung-2022-28-300x227.jpg 300w, https:\/\/speyer24news.com\/wp-content\/uploads\/2022\/07\/Brezelfest-Eroeffnung-2022-28-768x581.jpg 768w, https:\/\/speyer24news.com\/wp-content\/uploads\/2022\/07\/Brezelfest-Eroeffnung-2022-28-80x60.jpg 80w\" sizes=\"(max-width: 800px) 100vw, 800px\" \/><\/figure>\n\n\n\n<figure class=\"wp-block-image size-full\"><img decoding=\"async\" loading=\"lazy\" width=\"800\" height=\"600\" data-id=\"46961\" src=\"https:\/\/speyer24news.com\/wp-content\/uploads\/2022\/07\/Brezelfest-Eroeffnung-2022-30.jpg\" alt=\"\" class=\"wp-image-46961\" srcset=\"https:\/\/speyer24news.com\/wp-content\/uploads\/2022\/07\/Brezelfest-Eroeffnung-2022-30.jpg 800w, https:\/\/speyer24news.com\/wp-content\/uploads\/2022\/07\/Brezelfest-Eroeffnung-2022-30-300x225.jpg 300w, https:\/\/speyer24news.com\/wp-content\/uploads\/2022\/07\/Brezelfest-Eroeffnung-2022-30-768x576.jpg 768w, https:\/\/speyer24news.com\/wp-content\/uploads\/2022\/07\/Brezelfest-Eroeffnung-2022-30-678x509.jpg 678w, https:\/\/speyer24news.com\/wp-content\/uploads\/2022\/07\/Brezelfest-Eroeffnung-2022-30-326x245.jpg 326w, https:\/\/speyer24news.com\/wp-content\/uploads\/2022\/07\/Brezelfest-Eroeffnung-2022-30-80x60.jpg 80w\" sizes=\"(max-width: 800px) 100vw, 800px\" \/><\/figure>\n\n\n\n<figure class=\"wp-block-image size-full\"><img decoding=\"async\" loading=\"lazy\" width=\"800\" height=\"600\" data-id=\"46943\" src=\"https:\/\/speyer24news.com\/wp-content\/uploads\/2022\/07\/Brezelfest-Eroeffnung-2022-29.jpg\" alt=\"\" class=\"wp-image-46943\" srcset=\"https:\/\/speyer24news.com\/wp-content\/uploads\/2022\/07\/Brezelfest-Eroeffnung-2022-29.jpg 800w, https:\/\/speyer24news.com\/wp-content\/uploads\/2022\/07\/Brezelfest-Eroeffnung-2022-29-300x225.jpg 300w, https:\/\/speyer24news.com\/wp-content\/uploads\/2022\/07\/Brezelfest-Eroeffnung-2022-29-768x576.jpg 768w, https:\/\/speyer24news.com\/wp-content\/uploads\/2022\/07\/Brezelfest-Eroeffnung-2022-29-678x509.jpg 678w, https:\/\/speyer24news.com\/wp-content\/uploads\/2022\/07\/Brezelfest-Eroeffnung-2022-29-326x245.jpg 326w, https:\/\/speyer24news.com\/wp-content\/uploads\/2022\/07\/Brezelfest-Eroeffnung-2022-29-80x60.jpg 80w\" sizes=\"(max-width: 800px) 100vw, 800px\" \/><\/figure>\n\n\n\n<figure class=\"wp-block-image size-full\"><img decoding=\"async\" loading=\"lazy\" width=\"800\" height=\"600\" data-id=\"46945\" src=\"https:\/\/speyer24news.com\/wp-content\/uploads\/2022\/07\/Brezelfest-Eroeffnung-2022-31.jpg\" alt=\"\" class=\"wp-image-46945\" srcset=\"https:\/\/speyer24news.com\/wp-content\/uploads\/2022\/07\/Brezelfest-Eroeffnung-2022-31.jpg 800w, https:\/\/speyer24news.com\/wp-content\/uploads\/2022\/07\/Brezelfest-Eroeffnung-2022-31-300x225.jpg 300w, https:\/\/speyer24news.com\/wp-content\/uploads\/2022\/07\/Brezelfest-Eroeffnung-2022-31-768x576.jpg 768w, https:\/\/speyer24news.com\/wp-content\/uploads\/2022\/07\/Brezelfest-Eroeffnung-2022-31-678x509.jpg 678w, https:\/\/speyer24news.com\/wp-content\/uploads\/2022\/07\/Brezelfest-Eroeffnung-2022-31-326x245.jpg 326w, https:\/\/speyer24news.com\/wp-content\/uploads\/2022\/07\/Brezelfest-Eroeffnung-2022-31-80x60.jpg 80w\" sizes=\"(max-width: 800px) 100vw, 800px\" \/><\/figure>\n\n\n\n<figure class=\"wp-block-image size-full\"><img decoding=\"async\" loading=\"lazy\" width=\"800\" height=\"600\" data-id=\"46944\" src=\"https:\/\/speyer24news.com\/wp-content\/uploads\/2022\/07\/Brezelfest-Eroeffnung-2022-32.jpg\" alt=\"\" class=\"wp-image-46944\" srcset=\"https:\/\/speyer24news.com\/wp-content\/uploads\/2022\/07\/Brezelfest-Eroeffnung-2022-32.jpg 800w, https:\/\/speyer24news.com\/wp-content\/uploads\/2022\/07\/Brezelfest-Eroeffnung-2022-32-300x225.jpg 300w, https:\/\/speyer24news.com\/wp-content\/uploads\/2022\/07\/Brezelfest-Eroeffnung-2022-32-768x576.jpg 768w, https:\/\/speyer24news.com\/wp-content\/uploads\/2022\/07\/Brezelfest-Eroeffnung-2022-32-678x509.jpg 678w, https:\/\/speyer24news.com\/wp-content\/uploads\/2022\/07\/Brezelfest-Eroeffnung-2022-32-326x245.jpg 326w, https:\/\/speyer24news.com\/wp-content\/uploads\/2022\/07\/Brezelfest-Eroeffnung-2022-32-80x60.jpg 80w\" sizes=\"(max-width: 800px) 100vw, 800px\" \/><\/figure>\n\n\n\n<figure class=\"wp-block-image size-full\"><img decoding=\"async\" loading=\"lazy\" width=\"800\" height=\"556\" data-id=\"46957\" src=\"https:\/\/speyer24news.com\/wp-content\/uploads\/2022\/07\/Brezelfest-Eroeffnung-2022-35.jpg\" alt=\"\" class=\"wp-image-46957\" srcset=\"https:\/\/speyer24news.com\/wp-content\/uploads\/2022\/07\/Brezelfest-Eroeffnung-2022-35.jpg 800w, https:\/\/speyer24news.com\/wp-content\/uploads\/2022\/07\/Brezelfest-Eroeffnung-2022-35-300x209.jpg 300w, https:\/\/speyer24news.com\/wp-content\/uploads\/2022\/07\/Brezelfest-Eroeffnung-2022-35-768x534.jpg 768w\" sizes=\"(max-width: 800px) 100vw, 800px\" \/><\/figure>\n\n\n\n<figure class=\"wp-block-image size-full\"><img decoding=\"async\" loading=\"lazy\" width=\"800\" height=\"590\" data-id=\"46947\" src=\"https:\/\/speyer24news.com\/wp-content\/uploads\/2022\/07\/Brezelfest-Eroeffnung-2022-33.jpg\" alt=\"\" class=\"wp-image-46947\" srcset=\"https:\/\/speyer24news.com\/wp-content\/uploads\/2022\/07\/Brezelfest-Eroeffnung-2022-33.jpg 800w, https:\/\/speyer24news.com\/wp-content\/uploads\/2022\/07\/Brezelfest-Eroeffnung-2022-33-300x221.jpg 300w, https:\/\/speyer24news.com\/wp-content\/uploads\/2022\/07\/Brezelfest-Eroeffnung-2022-33-768x566.jpg 768w, https:\/\/speyer24news.com\/wp-content\/uploads\/2022\/07\/Brezelfest-Eroeffnung-2022-33-80x60.jpg 80w\" sizes=\"(max-width: 800px) 100vw, 800px\" \/><\/figure>\n\n\n\n<figure class=\"wp-block-image size-full\"><img decoding=\"async\" loading=\"lazy\" width=\"800\" height=\"595\" data-id=\"46946\" src=\"https:\/\/speyer24news.com\/wp-content\/uploads\/2022\/07\/Brezelfest-Eroeffnung-2022-34.jpg\" alt=\"\" class=\"wp-image-46946\" srcset=\"https:\/\/speyer24news.com\/wp-content\/uploads\/2022\/07\/Brezelfest-Eroeffnung-2022-34.jpg 800w, https:\/\/speyer24news.com\/wp-content\/uploads\/2022\/07\/Brezelfest-Eroeffnung-2022-34-300x223.jpg 300w, https:\/\/speyer24news.com\/wp-content\/uploads\/2022\/07\/Brezelfest-Eroeffnung-2022-34-768x571.jpg 768w, https:\/\/speyer24news.com\/wp-content\/uploads\/2022\/07\/Brezelfest-Eroeffnung-2022-34-80x60.jpg 80w\" sizes=\"(max-width: 800px) 100vw, 800px\" \/><\/figure>\n\n\n\n<figure class=\"wp-block-image size-full\"><img decoding=\"async\" loading=\"lazy\" width=\"800\" height=\"600\" data-id=\"46948\" src=\"https:\/\/speyer24news.com\/wp-content\/uploads\/2022\/07\/Brezelfest-Eroeffnung-2022-36.jpg\" alt=\"\" class=\"wp-image-46948\" srcset=\"https:\/\/speyer24news.com\/wp-content\/uploads\/2022\/07\/Brezelfest-Eroeffnung-2022-36.jpg 800w, https:\/\/speyer24news.com\/wp-content\/uploads\/2022\/07\/Brezelfest-Eroeffnung-2022-36-300x225.jpg 300w, https:\/\/speyer24news.com\/wp-content\/uploads\/2022\/07\/Brezelfest-Eroeffnung-2022-36-768x576.jpg 768w, https:\/\/speyer24news.com\/wp-content\/uploads\/2022\/07\/Brezelfest-Eroeffnung-2022-36-678x509.jpg 678w, https:\/\/speyer24news.com\/wp-content\/uploads\/2022\/07\/Brezelfest-Eroeffnung-2022-36-326x245.jpg 326w, https:\/\/speyer24news.com\/wp-content\/uploads\/2022\/07\/Brezelfest-Eroeffnung-2022-36-80x60.jpg 80w\" sizes=\"(max-width: 800px) 100vw, 800px\" \/><\/figure>\n\n\n\n<figure class=\"wp-block-image size-full\"><img decoding=\"async\" loading=\"lazy\" width=\"800\" height=\"600\" data-id=\"46963\" src=\"https:\/\/speyer24news.com\/wp-content\/uploads\/2022\/07\/Brezelfest-Eroeffnung-2022-37.jpg\" alt=\"\" class=\"wp-image-46963\" srcset=\"https:\/\/speyer24news.com\/wp-content\/uploads\/2022\/07\/Brezelfest-Eroeffnung-2022-37.jpg 800w, https:\/\/speyer24news.com\/wp-content\/uploads\/2022\/07\/Brezelfest-Eroeffnung-2022-37-300x225.jpg 300w, https:\/\/speyer24news.com\/wp-content\/uploads\/2022\/07\/Brezelfest-Eroeffnung-2022-37-768x576.jpg 768w, https:\/\/speyer24news.com\/wp-content\/uploads\/2022\/07\/Brezelfest-Eroeffnung-2022-37-678x509.jpg 678w, https:\/\/speyer24news.com\/wp-content\/uploads\/2022\/07\/Brezelfest-Eroeffnung-2022-37-326x245.jpg 326w, https:\/\/speyer24news.com\/wp-content\/uploads\/2022\/07\/Brezelfest-Eroeffnung-2022-37-80x60.jpg 80w\" sizes=\"(max-width: 800px) 100vw, 800px\" \/><\/figure>\n\n\n\n<figure class=\"wp-block-image size-full\"><img decoding=\"async\" loading=\"lazy\" width=\"800\" height=\"600\" data-id=\"46962\" src=\"https:\/\/speyer24news.com\/wp-content\/uploads\/2022\/07\/Brezelfest-Eroeffnung-2022-38.jpg\" alt=\"\" class=\"wp-image-46962\" srcset=\"https:\/\/speyer24news.com\/wp-content\/uploads\/2022\/07\/Brezelfest-Eroeffnung-2022-38.jpg 800w, https:\/\/speyer24news.com\/wp-content\/uploads\/2022\/07\/Brezelfest-Eroeffnung-2022-38-300x225.jpg 300w, https:\/\/speyer24news.com\/wp-content\/uploads\/2022\/07\/Brezelfest-Eroeffnung-2022-38-768x576.jpg 768w, https:\/\/speyer24news.com\/wp-content\/uploads\/2022\/07\/Brezelfest-Eroeffnung-2022-38-678x509.jpg 678w, https:\/\/speyer24news.com\/wp-content\/uploads\/2022\/07\/Brezelfest-Eroeffnung-2022-38-326x245.jpg 326w, https:\/\/speyer24news.com\/wp-content\/uploads\/2022\/07\/Brezelfest-Eroeffnung-2022-38-80x60.jpg 80w\" sizes=\"(max-width: 800px) 100vw, 800px\" \/><\/figure>\n\n\n\n<figure class=\"wp-block-image size-full\"><img decoding=\"async\" loading=\"lazy\" width=\"800\" height=\"600\" data-id=\"46965\" src=\"https:\/\/speyer24news.com\/wp-content\/uploads\/2022\/07\/Brezelfest-Eroeffnung-2022-39.jpg\" alt=\"\" class=\"wp-image-46965\" srcset=\"https:\/\/speyer24news.com\/wp-content\/uploads\/2022\/07\/Brezelfest-Eroeffnung-2022-39.jpg 800w, https:\/\/speyer24news.com\/wp-content\/uploads\/2022\/07\/Brezelfest-Eroeffnung-2022-39-300x225.jpg 300w, https:\/\/speyer24news.com\/wp-content\/uploads\/2022\/07\/Brezelfest-Eroeffnung-2022-39-768x576.jpg 768w, https:\/\/speyer24news.com\/wp-content\/uploads\/2022\/07\/Brezelfest-Eroeffnung-2022-39-678x509.jpg 678w, https:\/\/speyer24news.com\/wp-content\/uploads\/2022\/07\/Brezelfest-Eroeffnung-2022-39-326x245.jpg 326w, https:\/\/speyer24news.com\/wp-content\/uploads\/2022\/07\/Brezelfest-Eroeffnung-2022-39-80x60.jpg 80w\" sizes=\"(max-width: 800px) 100vw, 800px\" \/><\/figure>\n\n\n\n<figure class=\"wp-block-image size-full\"><img decoding=\"async\" loading=\"lazy\" width=\"800\" height=\"600\" data-id=\"46966\" src=\"https:\/\/speyer24news.com\/wp-content\/uploads\/2022\/07\/Brezelfest-Eroeffnung-2022-40.jpg\" alt=\"\" class=\"wp-image-46966\" srcset=\"https:\/\/speyer24news.com\/wp-content\/uploads\/2022\/07\/Brezelfest-Eroeffnung-2022-40.jpg 800w, https:\/\/speyer24news.com\/wp-content\/uploads\/2022\/07\/Brezelfest-Eroeffnung-2022-40-300x225.jpg 300w, https:\/\/speyer24news.com\/wp-content\/uploads\/2022\/07\/Brezelfest-Eroeffnung-2022-40-768x576.jpg 768w, https:\/\/speyer24news.com\/wp-content\/uploads\/2022\/07\/Brezelfest-Eroeffnung-2022-40-678x509.jpg 678w, https:\/\/speyer24news.com\/wp-content\/uploads\/2022\/07\/Brezelfest-Eroeffnung-2022-40-326x245.jpg 326w, https:\/\/speyer24news.com\/wp-content\/uploads\/2022\/07\/Brezelfest-Eroeffnung-2022-40-80x60.jpg 80w\" sizes=\"(max-width: 800px) 100vw, 800px\" \/><\/figure>\n\n\n\n<figure class=\"wp-block-image size-full\"><img decoding=\"async\" loading=\"lazy\" width=\"800\" height=\"600\" data-id=\"46964\" src=\"https:\/\/speyer24news.com\/wp-content\/uploads\/2022\/07\/Brezelfest-Eroeffnung-2022-41.jpg\" alt=\"\" class=\"wp-image-46964\" srcset=\"https:\/\/speyer24news.com\/wp-content\/uploads\/2022\/07\/Brezelfest-Eroeffnung-2022-41.jpg 800w, https:\/\/speyer24news.com\/wp-content\/uploads\/2022\/07\/Brezelfest-Eroeffnung-2022-41-300x225.jpg 300w, https:\/\/speyer24news.com\/wp-content\/uploads\/2022\/07\/Brezelfest-Eroeffnung-2022-41-768x576.jpg 768w, https:\/\/speyer24news.com\/wp-content\/uploads\/2022\/07\/Brezelfest-Eroeffnung-2022-41-678x509.jpg 678w, https:\/\/speyer24news.com\/wp-content\/uploads\/2022\/07\/Brezelfest-Eroeffnung-2022-41-326x245.jpg 326w, https:\/\/speyer24news.com\/wp-content\/uploads\/2022\/07\/Brezelfest-Eroeffnung-2022-41-80x60.jpg 80w\" sizes=\"(max-width: 800px) 100vw, 800px\" \/><\/figure>\n\n\n\n<figure class=\"wp-block-image size-full\"><img decoding=\"async\" loading=\"lazy\" width=\"800\" height=\"600\" data-id=\"46968\" src=\"https:\/\/speyer24news.com\/wp-content\/uploads\/2022\/07\/Brezelfest-Eroeffnung-2022-42.jpg\" alt=\"\" class=\"wp-image-46968\" srcset=\"https:\/\/speyer24news.com\/wp-content\/uploads\/2022\/07\/Brezelfest-Eroeffnung-2022-42.jpg 800w, https:\/\/speyer24news.com\/wp-content\/uploads\/2022\/07\/Brezelfest-Eroeffnung-2022-42-300x225.jpg 300w, https:\/\/speyer24news.com\/wp-content\/uploads\/2022\/07\/Brezelfest-Eroeffnung-2022-42-768x576.jpg 768w, https:\/\/speyer24news.com\/wp-content\/uploads\/2022\/07\/Brezelfest-Eroeffnung-2022-42-678x509.jpg 678w, https:\/\/speyer24news.com\/wp-content\/uploads\/2022\/07\/Brezelfest-Eroeffnung-2022-42-326x245.jpg 326w, https:\/\/speyer24news.com\/wp-content\/uploads\/2022\/07\/Brezelfest-Eroeffnung-2022-42-80x60.jpg 80w\" sizes=\"(max-width: 800px) 100vw, 800px\" \/><\/figure>\n\n\n\n<figure class=\"wp-block-image size-full\"><img decoding=\"async\" loading=\"lazy\" width=\"800\" height=\"600\" data-id=\"46967\" src=\"https:\/\/speyer24news.com\/wp-content\/uploads\/2022\/07\/Brezelfest-Eroeffnung-2022-43.jpg\" alt=\"\" class=\"wp-image-46967\" srcset=\"https:\/\/speyer24news.com\/wp-content\/uploads\/2022\/07\/Brezelfest-Eroeffnung-2022-43.jpg 800w, https:\/\/speyer24news.com\/wp-content\/uploads\/2022\/07\/Brezelfest-Eroeffnung-2022-43-300x225.jpg 300w, https:\/\/speyer24news.com\/wp-content\/uploads\/2022\/07\/Brezelfest-Eroeffnung-2022-43-768x576.jpg 768w, https:\/\/speyer24news.com\/wp-content\/uploads\/2022\/07\/Brezelfest-Eroeffnung-2022-43-678x509.jpg 678w, https:\/\/speyer24news.com\/wp-content\/uploads\/2022\/07\/Brezelfest-Eroeffnung-2022-43-326x245.jpg 326w, https:\/\/speyer24news.com\/wp-content\/uploads\/2022\/07\/Brezelfest-Eroeffnung-2022-43-80x60.jpg 80w\" sizes=\"(max-width: 800px) 100vw, 800px\" \/><\/figure>\n\n\n\n<figure class=\"wp-block-image size-full\"><img decoding=\"async\" loading=\"lazy\" width=\"800\" height=\"600\" data-id=\"46969\" src=\"https:\/\/speyer24news.com\/wp-content\/uploads\/2022\/07\/Brezelfest-Eroeffnung-2022-45.jpg\" alt=\"\" class=\"wp-image-46969\" srcset=\"https:\/\/speyer24news.com\/wp-content\/uploads\/2022\/07\/Brezelfest-Eroeffnung-2022-45.jpg 800w, https:\/\/speyer24news.com\/wp-content\/uploads\/2022\/07\/Brezelfest-Eroeffnung-2022-45-300x225.jpg 300w, https:\/\/speyer24news.com\/wp-content\/uploads\/2022\/07\/Brezelfest-Eroeffnung-2022-45-768x576.jpg 768w, https:\/\/speyer24news.com\/wp-content\/uploads\/2022\/07\/Brezelfest-Eroeffnung-2022-45-678x509.jpg 678w, https:\/\/speyer24news.com\/wp-content\/uploads\/2022\/07\/Brezelfest-Eroeffnung-2022-45-326x245.jpg 326w, https:\/\/speyer24news.com\/wp-content\/uploads\/2022\/07\/Brezelfest-Eroeffnung-2022-45-80x60.jpg 80w\" sizes=\"(max-width: 800px) 100vw, 800px\" \/><\/figure>\n<\/figure>\n\n\n\n<p><em>Text: Verkehrsverein Speyer Foto &amp; Video: Speyer 24\/7 News<br>08.07.2022<\/em><\/p>\n","protected":false},"excerpt":{"rendered":"<div class=\"mh-excerpt\"><p>Am Donnerstag den 07.07.2022 war es endlich wieder soweit, Brezeluwe W\u00f6hlert er\u00f6ffnete, gemeinsam mit Oberb\u00fcrgermeisterin Stefanie Seiler das Brezelfest. Obwohl nun &#8222;nur noch&#8220; 5 Tage gefeiert wird gibt es noch einiges auf dem Festprogramm (siehe <a class=\"mh-excerpt-more\" href=\"https:\/\/speyer24news.com\/?p=46879\" title=\"Brezelfest Speyer\">[&#8230;]<\/a><\/p>\n<\/div>","protected":false},"author":3,"featured_media":46798,"comment_status":"open","ping_status":"open","sticky":false,"template":"","format":"standard","meta":{"_monsterinsights_skip_tracking":false,"_monsterinsights_sitenote_active":false,"_monsterinsights_sitenote_note":"","_monsterinsights_sitenote_category":0,"footnotes":""},"categories":[11],"tags":[],"aioseo_notices":[],"amp_enabled":true,"_links":{"self":[{"href":"https:\/\/speyer24news.com\/index.php?rest_route=\/wp\/v2\/posts\/46879"}],"collection":[{"href":"https:\/\/speyer24news.com\/index.php?rest_route=\/wp\/v2\/posts"}],"about":[{"href":"https:\/\/speyer24news.com\/index.php?rest_route=\/wp\/v2\/types\/post"}],"author":[{"embeddable":true,"href":"https:\/\/speyer24news.com\/index.php?rest_route=\/wp\/v2\/users\/3"}],"replies":[{"embeddable":true,"href":"https:\/\/speyer24news.com\/index.php?rest_route=%2Fwp%2Fv2%2Fcomments&post=46879"}],"version-history":[{"count":3,"href":"https:\/\/speyer24news.com\/index.php?rest_route=\/wp\/v2\/posts\/46879\/revisions"}],"predecessor-version":[{"id":55667,"href":"https:\/\/speyer24news.com\/index.php?rest_route=\/wp\/v2\/posts\/46879\/revisions\/55667"}],"wp:featuredmedia":[{"embeddable":true,"href":"https:\/\/speyer24news.com\/index.php?rest_route=\/wp\/v2\/media\/46798"}],"wp:attachment":[{"href":"https:\/\/speyer24news.com\/index.php?rest_route=%2Fwp%2Fv2%2Fmedia&parent=46879"}],"wp:term":[{"taxonomy":"category","embeddable":true,"href":"https:\/\/speyer24news.com\/index.php?rest_route=%2Fwp%2Fv2%2Fcategories&post=46879"},{"taxonomy":"post_tag","embeddable":true,"href":"https:\/\/speyer24news.com\/index.php?rest_route=%2Fwp%2Fv2%2Ftags&post=46879"}],"curies":[{"name":"wp","href":"https:\/\/api.w.org\/{rel}","templated":true}]}}