{"id":46996,"date":"2022-07-09T12:52:46","date_gmt":"2022-07-09T11:52:46","guid":{"rendered":"https:\/\/speyer24news.com\/?p=46996"},"modified":"2022-07-09T12:53:09","modified_gmt":"2022-07-09T11:53:09","slug":"speyer-144","status":"publish","type":"post","link":"https:\/\/speyer24news.com\/?p=46996","title":{"rendered":"Speyer \/ Umwelt &#038; Natur"},"content":{"rendered":"<style type=\"text\/css\">\r\n\t.ads_top_disp{}\r\n\t.ads_top_corner_disp{ float:left; margin:0px 10px 10px 0px; }\r\n\t.ads_first_p_disp{}\r\n\t.ads_bottom_disp{}\r\n\t<\/style>\n<h2 class=\"wp-block-heading\">Erfolgreiche erste Mini-Mehrwegmesse in Speyer<\/h2>\n\n\n\n<h3 class=\"wp-block-heading\">Am Montag den 27.06.22 trafen sich rund 30 Teilnehmende im Industriehof, Schmidts Deli zur ersten Mini-Mehrwegmesse in Speyer.<\/h3>\n\n\n<div class=\"wp-block-image\">\n<figure class=\"aligncenter size-full\"><img decoding=\"async\" loading=\"lazy\" width=\"800\" height=\"600\" src=\"https:\/\/speyer24news.com\/wp-content\/uploads\/2022\/07\/IMG_0938.jpg\" alt=\"\" class=\"wp-image-46997\" srcset=\"https:\/\/speyer24news.com\/wp-content\/uploads\/2022\/07\/IMG_0938.jpg 800w, https:\/\/speyer24news.com\/wp-content\/uploads\/2022\/07\/IMG_0938-300x225.jpg 300w, https:\/\/speyer24news.com\/wp-content\/uploads\/2022\/07\/IMG_0938-768x576.jpg 768w, https:\/\/speyer24news.com\/wp-content\/uploads\/2022\/07\/IMG_0938-678x509.jpg 678w, https:\/\/speyer24news.com\/wp-content\/uploads\/2022\/07\/IMG_0938-326x245.jpg 326w, https:\/\/speyer24news.com\/wp-content\/uploads\/2022\/07\/IMG_0938-80x60.jpg 80w\" sizes=\"(max-width: 800px) 100vw, 800px\" \/><\/figure><\/div>\n\n\n<p>Beigeordnete Irmgard M\u00fcnch-Weinmann lud die Anwesenden ein, die Gelegenheit dieses Angebots zu nutzen:&nbsp;\u201eBei der Einf\u00fchrung von Mehrweg-Geschirr werden wir nachhaltig unterst\u00fctzen. Wir wollen weg von Einweg hin zu Mehrweg. Denn der beste Abfall ist der, der erst gar nicht entsteht.\u201c<\/p>\n\n\n\n<p>Hintergrund ist die ab 2023 bundesweit geltende Mehrwegangebotspflicht. Demnach m\u00fcssen Anbieterinnen und Anbieter von Essen und Getr\u00e4nke ab 1. Januar 2023 zus\u00e4tzlich zu Einwegverpackungen aus Kunststoff eine Verpackung anbieten, die mehrfach genutzt werden kann.<\/p>\n\n\n<div class=\"wp-block-image\">\n<figure class=\"aligncenter size-full\"><img decoding=\"async\" loading=\"lazy\" width=\"800\" height=\"600\" src=\"https:\/\/speyer24news.com\/wp-content\/uploads\/2022\/07\/IMG_0929.jpg\" alt=\"\" class=\"wp-image-46998\" srcset=\"https:\/\/speyer24news.com\/wp-content\/uploads\/2022\/07\/IMG_0929.jpg 800w, https:\/\/speyer24news.com\/wp-content\/uploads\/2022\/07\/IMG_0929-300x225.jpg 300w, https:\/\/speyer24news.com\/wp-content\/uploads\/2022\/07\/IMG_0929-768x576.jpg 768w, https:\/\/speyer24news.com\/wp-content\/uploads\/2022\/07\/IMG_0929-678x509.jpg 678w, https:\/\/speyer24news.com\/wp-content\/uploads\/2022\/07\/IMG_0929-326x245.jpg 326w, https:\/\/speyer24news.com\/wp-content\/uploads\/2022\/07\/IMG_0929-80x60.jpg 80w\" sizes=\"(max-width: 800px) 100vw, 800px\" \/><\/figure><\/div>\n\n\n<p>\u201eAbfallvermeidung ist eines unserer Ziele f\u00fcr ein Nachhaltiges Speyer\u201c, so Nachhaltigkeitsmanagerin und Organisatorin der Veranstaltung, Sandra Gehrlein.<\/p>\n\n\n\n<p>Als Kooperationspartnerin stellte Sylwia von Rechenberg vom Klimaschutzministerium Rheinland-Pfalz die Kampagne \u201eM\u00fcll nicht rum\u201c vor.<\/p>\n\n\n\n<p>Dr. Anika Oppermann vom Mehrwegverband Deutschland e.V. berichtete \u00fcber die verschiedenen Mehrwegl\u00f6sungen und beantwortete Fragen.<\/p>\n\n\n<div class=\"wp-block-image\">\n<figure class=\"aligncenter size-full\"><img decoding=\"async\" loading=\"lazy\" width=\"800\" height=\"600\" src=\"https:\/\/speyer24news.com\/wp-content\/uploads\/2022\/07\/20220627_095702.jpg\" alt=\"\" class=\"wp-image-46999\" srcset=\"https:\/\/speyer24news.com\/wp-content\/uploads\/2022\/07\/20220627_095702.jpg 800w, https:\/\/speyer24news.com\/wp-content\/uploads\/2022\/07\/20220627_095702-300x225.jpg 300w, https:\/\/speyer24news.com\/wp-content\/uploads\/2022\/07\/20220627_095702-768x576.jpg 768w, https:\/\/speyer24news.com\/wp-content\/uploads\/2022\/07\/20220627_095702-678x509.jpg 678w, https:\/\/speyer24news.com\/wp-content\/uploads\/2022\/07\/20220627_095702-326x245.jpg 326w, https:\/\/speyer24news.com\/wp-content\/uploads\/2022\/07\/20220627_095702-80x60.jpg 80w\" sizes=\"(max-width: 800px) 100vw, 800px\" \/><\/figure><\/div>\n\n\n<p>Die&nbsp;Teilnehmenden aus&nbsp;Gastronomie, von Unternehmen mit Kantinen, vom Wochenmarkt und aus weiteren Institutionen konnten sich im Rahmen der Mini-Mehrwegmesse \u00fcber Mehrweg-Systeme und -L\u00f6sungen informieren. &nbsp;&nbsp;&nbsp;&nbsp;<br>Mit dabei waren die Mehrwegsysteme Vytal, ReCup, FairCup, Tiffinloop, Pavao und MyBox2Go.<\/p>\n\n\n<div class=\"wp-block-image\">\n<figure class=\"aligncenter size-full\"><img decoding=\"async\" loading=\"lazy\" width=\"800\" height=\"600\" src=\"https:\/\/speyer24news.com\/wp-content\/uploads\/2022\/07\/IMG_0921.jpg\" alt=\"\" class=\"wp-image-47000\" srcset=\"https:\/\/speyer24news.com\/wp-content\/uploads\/2022\/07\/IMG_0921.jpg 800w, https:\/\/speyer24news.com\/wp-content\/uploads\/2022\/07\/IMG_0921-300x225.jpg 300w, https:\/\/speyer24news.com\/wp-content\/uploads\/2022\/07\/IMG_0921-768x576.jpg 768w, https:\/\/speyer24news.com\/wp-content\/uploads\/2022\/07\/IMG_0921-678x509.jpg 678w, https:\/\/speyer24news.com\/wp-content\/uploads\/2022\/07\/IMG_0921-326x245.jpg 326w, https:\/\/speyer24news.com\/wp-content\/uploads\/2022\/07\/IMG_0921-80x60.jpg 80w\" sizes=\"(max-width: 800px) 100vw, 800px\" \/><\/figure><\/div>\n\n\n<p>Auch ein Austausch mit der st\u00e4dtischen Wirtschaftsf\u00f6rderung und den Entsorgungsbetrieben Speyer (EBS) zu Bedarfen und Ideen war m\u00f6glich. Dabei wurde unter anderem der Wunsch nach einem einheitlichen System, weiterer \u00d6ffentlichkeitsarbeit und st\u00e4rkerer Vernetzung genannt. Die Ergebnisse sollen am 21. September 2022 bei der Veranstaltung vom Runden Tisch \u201eNachhaltiges Speyer\u201c mit einflie\u00dfen. &nbsp;&nbsp;&nbsp;&nbsp;&nbsp;<br>Weitere Informationen k\u00f6nnen der Homepage unter&nbsp;<a href=\"https:\/\/deref-web.de\/mail\/client\/3LG92h0PE4s\/dereferrer\/?redirectUrl=http%3A%2F%2Fwww.speyer.de%2Frunder-tisch-nachhaltiges-Speyer\" target=\"_blank\" rel=\"noreferrer noopener\">www.speyer.de\/runder-tisch-nachhaltiges-Speyer<\/a>&nbsp;und&nbsp;<a href=\"https:\/\/deref-web.de\/mail\/client\/_bPI8m79m9w\/dereferrer\/?redirectUrl=http%3A%2F%2Fwww.speyer.de%2Fnachhaltigkeit\" target=\"_blank\" rel=\"noreferrer noopener\">www.speyer.de\/nachhaltigkeit<\/a>&nbsp;entnommen werden.<\/p>\n\n\n\n<h4 class=\"wp-block-heading\">Die Veranstaltung zum Runden Tisch \u201eNachhaltiges Speyer\u201c leistet einen Beitrag zur lokalen Umsetzung der Nachhaltigkeitsziele der Agenda 2030 unter anderem:<\/h4>\n\n\n\n<ul><li><strong>Ziel 11 St\u00e4dte und Siedlungen inklusiv, sicher, widerstandf\u00e4hig und nachhaltig gestalten.<\/strong><\/li><li><strong>Ziel 12 Nachhaltige Konsum- und Produktionsmuster sicherstellen.<\/strong><\/li><li><strong>Ziel 13 Umgehend Ma\u00dfnahmen zur Bek\u00e4mpfung des Klimawandels und seiner Auswirkungen ergreifen.<\/strong><\/li><\/ul>\n\n\n\n<p><em>Stadt Speyer<br>01.07.2022<\/em><\/p>\n","protected":false},"excerpt":{"rendered":"<div class=\"mh-excerpt\"><p>Erfolgreiche erste Mini-Mehrwegmesse in Speyer Am Montag den 27.06.22 trafen sich rund 30 Teilnehmende im Industriehof, Schmidts Deli zur ersten Mini-Mehrwegmesse in Speyer. Beigeordnete Irmgard M\u00fcnch-Weinmann lud die Anwesenden ein, die Gelegenheit dieses Angebots zu <a class=\"mh-excerpt-more\" href=\"https:\/\/speyer24news.com\/?p=46996\" title=\"Speyer \/ Umwelt &#038; Natur\">[&#8230;]<\/a><\/p>\n<\/div>","protected":false},"author":3,"featured_media":44012,"comment_status":"open","ping_status":"open","sticky":false,"template":"","format":"standard","meta":{"_monsterinsights_skip_tracking":false,"_monsterinsights_sitenote_active":false,"_monsterinsights_sitenote_note":"","_monsterinsights_sitenote_category":0,"footnotes":""},"categories":[9,13721],"tags":[35,36,14782,3476,14779,14776,14778,14777,14785,2030,10891,11169,14784,14781,6,14783,6287,13831,14055,14780],"aioseo_notices":[],"amp_enabled":true,"_links":{"self":[{"href":"https:\/\/speyer24news.com\/index.php?rest_route=\/wp\/v2\/posts\/46996"}],"collection":[{"href":"https:\/\/speyer24news.com\/index.php?rest_route=\/wp\/v2\/posts"}],"about":[{"href":"https:\/\/speyer24news.com\/index.php?rest_route=\/wp\/v2\/types\/post"}],"author":[{"embeddable":true,"href":"https:\/\/speyer24news.com\/index.php?rest_route=\/wp\/v2\/users\/3"}],"replies":[{"embeddable":true,"href":"https:\/\/speyer24news.com\/index.php?rest_route=%2Fwp%2Fv2%2Fcomments&post=46996"}],"version-history":[{"count":2,"href":"https:\/\/speyer24news.com\/index.php?rest_route=\/wp\/v2\/posts\/46996\/revisions"}],"predecessor-version":[{"id":47002,"href":"https:\/\/speyer24news.com\/index.php?rest_route=\/wp\/v2\/posts\/46996\/revisions\/47002"}],"wp:featuredmedia":[{"embeddable":true,"href":"https:\/\/speyer24news.com\/index.php?rest_route=\/wp\/v2\/media\/44012"}],"wp:attachment":[{"href":"https:\/\/speyer24news.com\/index.php?rest_route=%2Fwp%2Fv2%2Fmedia&parent=46996"}],"wp:term":[{"taxonomy":"category","embeddable":true,"href":"https:\/\/speyer24news.com\/index.php?rest_route=%2Fwp%2Fv2%2Fcategories&post=46996"},{"taxonomy":"post_tag","embeddable":true,"href":"https:\/\/speyer24news.com\/index.php?rest_route=%2Fwp%2Fv2%2Ftags&post=46996"}],"curies":[{"name":"wp","href":"https:\/\/api.w.org\/{rel}","templated":true}]}}