{"id":47363,"date":"2022-07-15T09:41:08","date_gmt":"2022-07-15T08:41:08","guid":{"rendered":"https:\/\/speyer24news.com\/?p=47363"},"modified":"2022-07-21T14:54:42","modified_gmt":"2022-07-21T13:54:42","slug":"polizeimeldungen-dienstag-bis-donnerstag-12-07-14-07-2022","status":"publish","type":"post","link":"https:\/\/speyer24news.com\/?p=47363","title":{"rendered":"Polizeimeldungen Dienstag bis Donnerstag (12.07 &#8211; 14.07.2022)"},"content":{"rendered":"<style type=\"text\/css\">\r\n\t.ads_top_disp{}\r\n\t.ads_top_corner_disp{ float:left; margin:0px 10px 10px 0px; }\r\n\t.ads_first_p_disp{}\r\n\t.ads_bottom_disp{}\r\n\t<\/style>\n<h2 class=\"wp-block-heading\">Polizeimeldungen vom Dienstag &#8211; Donnerstag (12.07. &#8211; 14.07.2022)<\/h2>\n\n\n<div class=\"wp-block-image\">\n<figure class=\"aligncenter size-full\"><img decoding=\"async\" loading=\"lazy\" width=\"375\" height=\"500\" src=\"https:\/\/speyer24news.com\/wp-content\/uploads\/2022\/03\/Aktuelles-Polizeilogo.jpg\" alt=\"\" class=\"wp-image-43591\" srcset=\"https:\/\/speyer24news.com\/wp-content\/uploads\/2022\/03\/Aktuelles-Polizeilogo.jpg 375w, https:\/\/speyer24news.com\/wp-content\/uploads\/2022\/03\/Aktuelles-Polizeilogo-225x300.jpg 225w\" sizes=\"(max-width: 375px) 100vw, 375px\" \/><\/figure><\/div>\n\n\n<h2 class=\"wp-block-heading\">(Speyer) &#8211; Verkehrsunfall unter Alkoholeinfluss<\/h2>\n\n\n\n<p>Am 13.07.2022 um 16:39 Uhr befuhr ein 39-j\u00e4hriger PKW-Fahrer die Bahnhofstra\u00dfe in n\u00f6rdlicher Richtung, bemerkte einen vor ihm verkehrsbedingt an einer roten Lichtzeichenanlage haltenden PKW einer 50-J\u00e4hrigen zu sp\u00e4t und fuhr auf dessen Heck auf. Er schob den PKW der 50-J\u00e4hrigen auf das Heck des PKW einer 23-J\u00e4hrigen. Hierdurch entstand ein Gesamtschaden an allen drei PKW in H\u00f6he von ca. 1.000 Euro. Bei der Verkehrsunfallaufnahme stellten die Polizeibeamten Anzeichen f\u00fcr eine Alkohol- und Drogenbeeinflussung des 39-J\u00e4hrigen fest. Ein freiwillig durchgef\u00fchrter Atemalkoholtest ergab bei ihm einen Wert von 0,48 Promille. Die Abgabe einer Urinprobe war ihm nicht m\u00f6glich. Ihm wurde zu Beweiszwecken im gegen ihn eingeleiteten Strafverfahren wegen Gef\u00e4hrdung des Stra\u00dfenverkehrs eine Blutprobe entnommen.<\/p>\n\n\n\n<h2 class=\"wp-block-heading\">(Speyer) &#8211; T\u00e4terfestnahme bei Einbruch in ein Fahrzeug<\/h2>\n\n\n\n<p>Am 13.07.2022 um 02:38 Uhr drang ein 20-J\u00e4hriger im Kiefernweg in einen unverschlossenen PKW ein und durchw\u00fchlte das Handschuhfach. Der 25-J\u00e4hrige PKW-Besitzer und dessen 23-j\u00e4hriger Bekannter hatten kurz zuvor den PKW entriegelt und ertappten den Dieb auf frischer Tat. Sie konnten den Mann durch erheblichen Kraftaufwand im Fahrzeug festhalten, bis die Polizei vor Ort eintraf. Durch die eingesetzten Beamten wurde anhand vorliegender Videoaufzeichnungen ermittelt, dass derselbe Tatverd\u00e4chtige bereits am 07.07.2022 in einen offenbar unverschlossenen PKW im Ligusterweg eingestiegen war, ohne hierbei etwas zu entwenden.<\/p>\n\n\n\n<p>Bei einer Durchsuchung des 20- J\u00e4hrigen fanden die Beamten ein Mobiltelefon und einen Geldbeutel mit der Kreditkarte einer fremden Person auf und stellten diese sicher.<\/p>\n\n\n\n<p>Im Nachgang wurde ermittelt, dass diese Gegenst\u00e4nde auf dem Brezelfest entwendet wurden. Bei der Durchsuchung der Wohnung des 20-J\u00e4hrigen fanden die Polizeibeamten kein weiteres Diebesgut auf.<\/p>\n\n\n\n<h2 class=\"wp-block-heading\">(Speyer und Dudenhofen) &#8211; Mehrere Diebst\u00e4hle aus PKW<\/h2>\n\n\n\n<p>In den vergangenen drei Tagen kam es zu mehreren Diebst\u00e4hlen aus PKW in Speyer und Dudenhofen.<\/p>\n\n\n\n<p><strong>Speyer &#8211; <\/strong>Am 12.07.2022 gegen 22:30 Uhr drangen unbekannte T\u00e4ter im Friedrich-H\u00f6lderlin-Weg in Speyer in einen verschlossenen PKW der Marke Hyundai ein, ohne diesen zu besch\u00e4digen. Hieraus wurden ein F\u00fchrerschein, ein Schl\u00fcsselanh\u00e4ngerbeutel sowie zwanzig Ein-Euro-St\u00fccke entwendet.<\/p>\n\n\n\n<p>Am 13.07.2022 zwischen 21:35 Uhr und 22:10 Uhr stellte ein Pizzalieferant sein Lieferfahrzeug Fiat Punto unverschlossen in der Petschengasse auf dem Seitenstreifen ab. Bei seiner R\u00fcckkehr stand die Beifahrert\u00fcr offen. Aus dem Fahrzeug wurde sein schwarzer Nike-Rucksack mit wei\u00dfer Aufschrift entwendet, in welchem sich die Zulassungsbescheinigung Teil 2 (fr\u00fcher Fahrzeugbrief) des Fahrzeugs sowie ein mittlerer dreistelliger Bargeldbetrag befanden.<\/p>\n\n\n\n<p><strong>Dudenhofen &#8211; <\/strong>Zwischen dem 12.07.2022, 20:30 Uhr, und dem 13.07.2022, 08:05 Uhr, \u00f6ffneten unbekannte T\u00e4ter besch\u00e4digungsfrei einen im Carport geparkten PKW der Marke Nissan in der Stra\u00dfe Am Sch\u00e4ferseck in Dudenhofen. Dem Gesch\u00e4digten zufolge war das Fahrzeug abgeschlossen.<\/p>\n\n\n\n<p>Am 12.07.2022 um 22:58 Uhr nahm ein Zeuge im frei zug\u00e4nglichen Hinterhof eines Wohnanwesens in der Landauer Stra\u00dfe in Dudenhofen ein Ger\u00e4usch wahr und ging nach drau\u00dfen. Kurz darauf rannten zwei Jugendliche zwischen im Hinterhof geparkten PKW hervor und fl\u00fcchteten zu Fu\u00df in Richtung Ortsmitte. Beide Jugendliche waren ca. 18 Jahre alt, trugen einen dunklen Kapuzenpullover und einer der Beiden trug eine Hose mit Tarnmuster. Einer der Beiden verlor die Kapuze beim Rennen: er wird als blond und nicht allzu gro\u00df beschrieben. Besch\u00e4digungen oder Spuren eines Einbruchs wurden an den PKW im Hinterhof nicht festgestellt.<\/p>\n\n\n\n<p>Am 13.07.2022 gegen 0:27 Uhr wurden zwei augenscheinlich jugendliche \/ heranwachsende Personen dabei beobachtet, wie sie an einem anderen, in einer Hofeinfahrt geparkten, PKW in der Stra\u00dfe Im Sch\u00e4ferseck in Dudenhofen versucht hatten, die Beifahrert\u00fcr zu \u00f6ffnen. Sie liefen weiter, als sie merkten, dass der PKW verschlossen ist. Beide Personen waren von auff\u00e4llig schlanker Statur. Eine der Personen trug einen gestreiften hellen Kapuzenpullover, die andere Person trug auff\u00e4llige schwarze Turnschuhe mit wei\u00dfem Rand und wei\u00dfen Applikationen.<\/p>\n\n\n\n<p>Wer hat an den genannten \u00d6rtlichkeiten verd\u00e4chtige Wahrnehmungen gemacht? Zeugenhinweise nimmt die Polizei unter Tel.-Nr. 06232-1370 oder per Mail an&nbsp;<a href=\"mailto:pispeyer@polizei.rlp.de\">pispeyer@polizei.rlp.de<\/a>&nbsp;entgegen.<\/p>\n\n\n\n<p>Die Polizei r\u00e4t dringend zum Abschlie\u00dfen von Kraftfahrzeugen, auch bei nur kurzer Abwesenheit und auch beim Abstellen in vermeintlich gut gesicherten und beleuchteten Bereichen innerhalb eines Wohngebiets.<\/p>\n\n\n\n<p>Weitere Hinweise rund ums Thema &#8222;Diebstahl aus Kraftfahrzeugen&#8220; finden sich im Internet unter&nbsp;<a target=\"_blank\" rel=\"noreferrer noopener\" href=\"https:\/\/www.polizei-beratung.de\/themen-und-tipps\/diebstahl\/\">https:\/\/www.polizei-beratung.de\/themen-und-tipps\/diebstahl\/<\/a><\/p>\n\n\n\n<h2 class=\"wp-block-heading\">(Speyer) &#8211; Polizeiliche Bilanz des Brezelfestes 2022<\/h2>\n\n\n<div class=\"wp-block-image\">\n<figure class=\"aligncenter size-full\"><img decoding=\"async\" loading=\"lazy\" width=\"800\" height=\"601\" src=\"https:\/\/speyer24news.com\/wp-content\/uploads\/2022\/06\/Brezelfest-Speyer-Logo-allgemein.jpg\" alt=\"\" class=\"wp-image-46798\" srcset=\"https:\/\/speyer24news.com\/wp-content\/uploads\/2022\/06\/Brezelfest-Speyer-Logo-allgemein.jpg 800w, https:\/\/speyer24news.com\/wp-content\/uploads\/2022\/06\/Brezelfest-Speyer-Logo-allgemein-300x225.jpg 300w, https:\/\/speyer24news.com\/wp-content\/uploads\/2022\/06\/Brezelfest-Speyer-Logo-allgemein-768x577.jpg 768w, https:\/\/speyer24news.com\/wp-content\/uploads\/2022\/06\/Brezelfest-Speyer-Logo-allgemein-678x509.jpg 678w, https:\/\/speyer24news.com\/wp-content\/uploads\/2022\/06\/Brezelfest-Speyer-Logo-allgemein-326x245.jpg 326w, https:\/\/speyer24news.com\/wp-content\/uploads\/2022\/06\/Brezelfest-Speyer-Logo-allgemein-80x60.jpg 80w\" sizes=\"(max-width: 800px) 100vw, 800px\" \/><\/figure><\/div>\n\n\n<p>Im Zeitraum von Donnerstag, den 07.07., bis Dienstag, den 12.07., fand das Speyerer Brezelfest statt. Die Polizei Speyer zeigte mit Unterst\u00fctzung des Polizeipr\u00e4sidiums Einsatz, Logistik und Technik an allen Tagen dauerhafte Pr\u00e4senz auf dem Festgel\u00e4nde. Nicht nur die Highlights &#8222;Er\u00f6ffnungszug, Brezelfestumzug und Feuerwerk&#8220; begleitete die Polizei auch au\u00dferhalb des Festgel\u00e4ndes.<\/p>\n\n\n\n<p>Aus polizeilicher Sicht ist die Bilanz des Festwochenendes positiv. Bei gutem Besucheraufkommen, vor allem in den Abendstunden, kann an allen Tagen ein \u00fcberwiegend ruhiger Festverlauf attestiert werden.<\/p>\n\n\n\n<p>Insgesamt waren sieben K\u00f6rperverletzungen &#8211; und damit drei weniger als beim letzten Fest im Jahr 2019 &#8211; zu verzeichnen, wobei es sich hierbei in zwei F\u00e4llen um Gewalt in engen sozialen Beziehungen handelte. In den restlichen f\u00fcnf F\u00e4llen gerieten die Beteiligten aufgrund ihrer Alkoholisierung mit einem Kontrahenten in Streit, der schlie\u00dflich in Faustschl\u00e4gen ins Gesicht ausartete. Bei keiner der K\u00f6rperverletzungen kam es zu solchen Verletzungen, die einer station\u00e4ren Behandlung bedurft h\u00e4tten. In f\u00fcnf F\u00e4llen schritt die Polizei bei einem Streit ein und nahm sich in weiteren f\u00fcnf F\u00e4llen Randalierern an, sodass in mindestens zehn F\u00e4llen weitere Auseinandersetzungen verhindert wurden. Im Festverlauf erteilten Polizeibeamte 17 Platzverweise und nahmen zwei Personen in Gewahrsam.<\/p>\n\n\n\n<p>Die Polizei f\u00fchrte am Freitagabend in Zusammenarbeit mit dem Kommunalen Vollzugsdienst der Stadt Speyer Personenkontrollen mit dem Schwerpunkt &#8222;Jugendschutz&#8220; durch. Hierbei wurden 15 Personen kontrolliert. Die Vernichtung von Zigaretten und Alkoholika wurde hierbei in mehreren F\u00e4llen veranlasst. Dar\u00fcber hinaus stellten die Polizeibeamten um 22 Uhr einen 30-J\u00e4hrigen als Teil einer Personengruppe auf dem Domplatz fest, der durch Cannabisgeruch auf sich aufmerksam machte. Bei der Durchsuchung seiner mitgef\u00fchrten Sachen stellten die Beamten eine T\u00fcte mit sechs Gramm Amfetaminpaste sowie 0,3 Gramm Marihuana sicher.<\/p>\n\n\n\n<p>Im Hinblick auf Eigentumsdelikte wurden beim diesj\u00e4hrigen Brezelfest insgesamt zw\u00f6lf Diebst\u00e4hle polizeilich erfasst, hiervon zehn Diebst\u00e4hle von Rucks\u00e4cken\/Geldbeuteln oder Mobiltelefonen, ein Diebstahl eines hochwertigen E-Bikes am Samstagabend sowie der Einbruch in einen Pizzastand am Sonntagmorgen. Im Jahr 2019 waren noch 17 Diebst\u00e4hle registriert worden.<\/p>\n\n\n\n<p>Das unbeaufsichtigte Zur\u00fccklassen pers\u00f6nlicher Gegenst\u00e4nde (insbesondere Rucks\u00e4cke, Jacken, Mobiltelefone oder Handtasche) trug in einigen F\u00e4llen zum Diebstahlserfolg bei. Wiederholt wurden private Gegenst\u00e4nde auf Tischen oder Sitzb\u00e4nken abgelegt, sodass Gelegenheiten f\u00fcr Diebst\u00e4hle bestanden.<\/p>\n\n\n\n<h4 class=\"wp-block-heading\">Kl\u00e4rung von Eigentumsdelikten auf dem Brezelfest 2022<\/h4>\n\n\n\n<p>Die Polizei kl\u00e4rte bereits am Donnerstag um 23:30 Uhr den Diebstahl einer Handtasche. Den 32-J\u00e4hrigen Tatverd\u00e4chtigen trafen die Polizeibeamten beim Naturfreundehaus an, stellten das aus der Handtasche entwendete Mobiltelefon sicher und nahmen den 32-J\u00e4hrigen in Gewahrsam. Die Handtasche fanden die Beamten nicht auf.<\/p>\n\n\n\n<p>Am Sonntagmorgen gegen 04:20 Uhr drang derselbe 32-J\u00e4hrige in einen Pizzastand ein und wurde durch einen Zeugen verscheucht. Zuvor hatte er mit seinem 26-j\u00e4hrigen Mitt\u00e4ter ein Mobiltelefon auf dem Festgel\u00e4nde entwendet, welches vom Handybesitzer geortet wurde. Polizeibeamte \u00fcberf\u00fchrten den 32-J\u00e4hrigen bei dieser Gelegenheit mehrerer Diebst\u00e4hle. Er f\u00fchrte einen vierstelligen Bargeldbetrag mit, den die Beamten sicherstellten.<\/p>\n\n\n\n<p>In der Nacht von Dienstag auf Mittwoch gegen 0:50 Uhr ergriff derselbe 32-J\u00e4hrige im Vorbeigehen die Handtasche einer Brezelfestbesucherin und wurde von zwei Frauen verfolgt, die ihn bis zum Eintreffen der Polizei festhielten. Hiergegen wehrte er sich nicht.<\/p>\n\n\n\n<p>Die Polizei durchsuchte die Wohnr\u00e4ume des 32-J\u00e4hrigen, leitete mehrere Strafverfahren gegen ihn ein und pr\u00fcft, ob er als Tatverd\u00e4chtiger f\u00fcr weitere Diebst\u00e4hle in Betracht kommt. Bei der Wohnungsdurchsuchung wurden mehrere hochwertige Ferngl\u00e4ser der Marken DDOptics und Steiner aufgefunden und sichergestellt, da der Tatverd\u00e4chtige hierf\u00fcr keinen Eigentumsnachweis erbringen konnte. Pers\u00f6nliche Gegenst\u00e4nde von Brezelfestbesuchern oder Mobiltelefone wurden in der Wohnung des Tatverd\u00e4chtigen nicht aufgefunden.<\/p>\n\n\n\n<p>Zeugenhinweise nimmt die Polizei unter Tel.-Nr. 06232-1370 oder per Mail an&nbsp;<a href=\"mailto:pispeyer@polizei.rlp.de\">pispeyer@polizei.rlp.de<\/a>&nbsp;entgegen. Strafanzeigen zu bislang unregistrierten Diebst\u00e4hlen auf dem Brezelfest k\u00f6nnen pers\u00f6nlich bei der Polizeiinspektion Speyer in der Maximilianstra\u00dfe 6 oder per Online-Wache unter&nbsp;<a href=\"https:\/\/www.polizei.rlp.de\/de\/onlinewache\/\" target=\"_blank\" rel=\"noreferrer noopener\">https:\/\/www.polizei.rlp.de\/de\/onlinewache\/<\/a>&nbsp;erstattet werden.<\/p>\n\n\n\n<h2 class=\"wp-block-heading\">(Speyer) &#8211; Man sollte nicht immer dem Navi vertrauen und der Lebensgef\u00e4hrte die Unfallaufnahme nicht st\u00f6ren<\/h2>\n\n\n\n<p>Eine 33-j\u00e4hige Frau aus dem Raum Bad D\u00fcrkheim befuhr mit ihrem PKW die Friedrich-Ebert-Stra\u00dfe in Fahrtrichtung Bahnhofstra\u00dfe. An der Kreuzung zur Bahnhofstra\u00dfe verlie\u00df sie sich zu sehr auf ihr Navigationsger\u00e4t und fuhr anstatt nach links oder rechts geradeaus \u00fcber eine Verkehrsinsel und kam im Mausbergweg zum Stehen. Bei der Unfallaufnahme konnten bei der Frau starker Alkoholgeruch und eine verwaschene Aussprache festgestellt werden. Sie verweigerte vor Ort den Alkoholtest und wurde zur Blutprobenentnahme zur Dienststelle verbracht. Das Fahrzeug musste mit einem Vorderachsbruch abgeschleppt werden. Zudem liefen Betriebsstoffe auf die Stra\u00dfe, welche von der Feuerwehr Speyer gereinigt wurde. Der F\u00fchrerschein der Dame wurde sichergestellt. An der Verkehrsinsel sowie am PKW der 33-J\u00e4hrigen entstand ein Sachschaden von insgesamt ca. 20.000 Euro.<\/p>\n\n\n\n<p>Im Rahmen der Verkehrsunfallaufnahme erschien der Lebensgef\u00e4hrte der Verkehrsunfallverursacherin an der Unfall\u00f6rtlichkeit. Schon zu Beginn der Unfallaufnahme fiel dieser negativ auf, dass er unmittelbar neben den auslaufenden Betriebsstoffen eine Zigarette rauchte und seine Asche in Richtung des auslaufenden Kraftstoffs fallen lie\u00df. Einer mehrfachen Aufforderung die Zigarette auszumachen kam er nicht nach, sodass Polizeibeamte ihn von der Gefahrenstelle wegschieben mussten. Daraufhin fing er lautstark an seinen Unmut zu \u00e4u\u00dfern und musste zur Ruhe ermahnt werden. Er schrie die eingesetzten Beamten mehrfach ohne Grund an, st\u00f6rte und behinderte die Mitnahme der Unfallverursacherin zur Dienststelle k\u00f6rperlich. F\u00fcr mehrfache Beruhigungsversuche war der Mann unzug\u00e4nglich und leistete den polizeilichen Anweisungen keine Folge. Daher brachten die Beamten ihn schlie\u00dflich zu Boden und fesselten ihn bis zum Ende der Unfallaufnahme, um diese st\u00f6rungsfrei beenden zu k\u00f6nnen. Danach wurde er entlassen. Gegen ihn wurde ein Ordnungswidrigkeitsverfahren eingeleitet, eine dar\u00fcber hinaus m\u00f6gliche strafrechtliche Relevanz wird gepr\u00fcft.<\/p>\n\n\n\n<h2 class=\"wp-block-heading\">(B 9 \/ Speyer \/ Otterstadt) &#8211; Motorradbrand auf B9 \/ Totalschaden<\/h2>\n\n\n<div class=\"wp-block-image\">\n<figure class=\"aligncenter size-full\"><img decoding=\"async\" loading=\"lazy\" width=\"800\" height=\"622\" src=\"https:\/\/speyer24news.com\/wp-content\/uploads\/2022\/07\/IMG_1001.jpeg\" alt=\"\" class=\"wp-image-47374\" srcset=\"https:\/\/speyer24news.com\/wp-content\/uploads\/2022\/07\/IMG_1001.jpeg 800w, https:\/\/speyer24news.com\/wp-content\/uploads\/2022\/07\/IMG_1001-300x233.jpeg 300w, https:\/\/speyer24news.com\/wp-content\/uploads\/2022\/07\/IMG_1001-768x597.jpeg 768w\" sizes=\"(max-width: 800px) 100vw, 800px\" \/><\/figure><\/div>\n\n\n<p>Am Dienstagmorgen gegen 07.30 Uhr, hatte ein 29j\u00e4hriger Motorradfahrer aus Frankenthal Gl\u00fcck im Ungl\u00fcck. Als er mit seinem Motorrad die B9 in Richtung Speyer befuhr, schlugen pl\u00f6tzlich Flammen aus dem Motorbereich seiner Maschine. Der 29j\u00e4hrige konnte das Motorrad noch gefahrlos in der Ausfahrt Otterstadt\/Rinkenbergerhof abstellen und sich in Sicherheit bringen. Wenige Augenblicke sp\u00e4ter brannte das Motorrad lichterloh. Der Fahrer eines zuf\u00e4llig vorbeifahrenden Feuerwehrautos der US-Streitkr\u00e4fte bemerkte den Brand und l\u00f6schte diesen kurzerhand. Als die \u00f6rtliche Feuerwehr eintraf, war der Brand bereits gel\u00f6scht. Das Motorrad war aber trotz der schnellen L\u00f6schaktion leider nicht mehr zu retten. Es wurde durch den Brand v\u00f6llig zerst\u00f6rt. Zum L\u00f6schen des Brandes und reinigen der Fahrbahn musste die Ausfahrt Otterstadt\/Rinkenbergerhof bis ca. 12.30 Uhr gesperrt werden. Ursache des Brandes war ein technischer Defekt.<\/p>\n\n\n\n<p>Die Polizei sch\u00e4tzt den Sachschaden auf ca. 5000,- Euro. Neben der Polizei war die freiwillige Feuerwehr Rheinauen und die Stra\u00dfenmeisterei Speyer im Einsatz.<\/p>\n\n\n\n<h2 class=\"wp-block-heading\">(Speyer) &#8211; K\u00f6rperverletzung durch verspritzte Fl\u00fcssigkeit<\/h2>\n\n\n<div class=\"wp-block-image\">\n<figure class=\"aligncenter size-full\"><img decoding=\"async\" loading=\"lazy\" width=\"800\" height=\"532\" src=\"https:\/\/speyer24news.com\/wp-content\/uploads\/2021\/06\/Unbekannte-Substanz.jpg\" alt=\"\" class=\"wp-image-37729\" srcset=\"https:\/\/speyer24news.com\/wp-content\/uploads\/2021\/06\/Unbekannte-Substanz.jpg 800w, https:\/\/speyer24news.com\/wp-content\/uploads\/2021\/06\/Unbekannte-Substanz-300x200.jpg 300w, https:\/\/speyer24news.com\/wp-content\/uploads\/2021\/06\/Unbekannte-Substanz-768x511.jpg 768w\" sizes=\"(max-width: 800px) 100vw, 800px\" \/><figcaption>Beispielbild, dient lediglich der Visualisierung<\/figcaption><\/figure><\/div>\n\n\n<p>Am 11.07.2022 gegen 23:35 Uhr nahm ein Taxifahrer am Busbahnhof gerade eine Personengruppe in sein Taxi auf. W\u00e4hrenddessen kamen drei unbekannte M\u00e4nner hinzu und verspritzten mit einem spritzen\u00e4hnlichen Gegenstand eine unbekannte Fl\u00fcssigkeit. Der Fahrer und seine vier Passagiere wurden davon im Gesicht getroffen und versp\u00fcrten danach ein Brennen in den Augen. Die unbekannten T\u00e4ter fl\u00fcchteten anschlie\u00dfend zu Fu\u00df. Sie waren von normaler Statur. Einer von ihnen trug ein gr\u00fcnes T-Shirt. Die T\u00e4ter konnten im Rahmen der sofort eingeleiteten Fahndung der Polizeistreifen nicht angetroffen werden. Die verletzten Personen wurden durch den Rettungsdienst versorgt. Um welche Fl\u00fcssigkeit es sich handelte, steht bislang nicht fest und ist Gegenstand der laufenden Ermittlungen.<\/p>\n\n\n\n<h2 class=\"wp-block-heading\">(Speyer) &#8211; Achtung! Fahrraddiebe unterwegs<\/h2>\n\n\n<div class=\"wp-block-image\">\n<figure class=\"aligncenter size-full\"><img decoding=\"async\" loading=\"lazy\" width=\"500\" height=\"667\" src=\"https:\/\/speyer24news.com\/wp-content\/uploads\/2021\/07\/Fahrrad-Schloss-Diebstahlsicherung.jpg\" alt=\"\" class=\"wp-image-39612\" srcset=\"https:\/\/speyer24news.com\/wp-content\/uploads\/2021\/07\/Fahrrad-Schloss-Diebstahlsicherung.jpg 500w, https:\/\/speyer24news.com\/wp-content\/uploads\/2021\/07\/Fahrrad-Schloss-Diebstahlsicherung-225x300.jpg 225w\" sizes=\"(max-width: 500px) 100vw, 500px\" \/><\/figure><\/div>\n\n\n<p>In den vergangenen Wochen wurden bei der Polizei Speyer wieder vermehrt Fahrraddiebst\u00e4hle gemeldet. Gerade am Montag kam es zu neun Fahrraddiebst\u00e4hlen an wechselnden \u00d6rtlichkeiten im gesamten Dienstgebiet. Auch ordnungsgem\u00e4\u00df gesicherte Fahrr\u00e4der lagen hierbei im Augenmerk der T\u00e4ter. Die Polizei Speyer wird weiterhin pr\u00e4ventiv einen Schwerpunkt auf dieses Deliktsfeld legen und auch entsprechende Ma\u00dfnahmen und Ermittlungen t\u00e4tigen. Auch Sie k\u00f6nnen es den Dieben mit folgenden Tipps schwermachen:<\/p>\n\n\n\n<ul><li><strong>Der beste Diebstahls-Schutz ist ein stabiles Fahrradschloss, zum Beispiel ein B\u00fcgel- oder Panzerkabelschloss. Beim Kauf sollte man unbedingt auf &#8222;gepr\u00fcfte Qualit\u00e4t&#8220; und hochwertiges Material (durchgeh\u00e4rteten Spezialstahl) sowie massive Schlie\u00dfsysteme achten. Sichern Sie Ihr Fahrrad immer und \u00fcberall, auch wenn es nur f\u00fcr eine kurze Zeit unbeaufsichtigt ist.<\/strong><\/li><li><strong>Notieren Sie die individuellen Merkmale Ihres Rades, insbesondere die Rahmennummer. Hierzu k\u00f6nnen Sie zum Beispiel einen Fahrradpass nutzen, der im Faltblatt zur Pr\u00e4vention des Fahrraddiebstahls  enthalten ist. Dieser kann auf der Homepage <a href=\"https:\/\/www.polizei-beratung.de\/\" target=\"_blank\" rel=\"noreferrer noopener\">www.polizei-beratung.de<\/a> heruntergeladen und selbst ausgedruckt werden.<\/strong><\/li><li><strong>Schlie\u00dfen Sie Ihr Fahrrad immer mit dem Rahmen, Vorder- und Hinterrad an einem fest verankerten Gegenstand an (z.B. Fahrradst\u00e4nder, Laternenpfahl) oder mit anderen R\u00e4dern zusammen<\/strong><\/li><li><strong>Vermeiden Sie es, Ihr Rad in dunklen Ecken, auf einsamen Pl\u00e4tzen oder in schlecht einsehbaren Stra\u00dfen abzustellen. Fahrraddiebe nutzen besonders gro\u00dfe und un\u00fcbersichtliche Abstellorte wie Bahnh\u00f6fe oder  Schulen, um in der Anonymit\u00e4t wirken zu k\u00f6nnen.<\/strong><\/li><li><strong>Sollten Sie Personen beobachten, die sich auff\u00e4llig lange an einem Fahrrad zu schaffen machen, informieren Sie die Polizei!<\/strong><\/li><\/ul>\n\n\n\n<h2 class=\"wp-block-heading\">(Speyer) &#8211; Auffahrunfall mit Personenschaden<\/h2>\n\n\n\n<p>Am 11.07.2022 gegen 14:00 Uhr befuhren zwei PKW hintereinander die Siemensstra\u00dfe in Richtung Brunckstra\u00dfe. An der Einm\u00fcndung Siemensstra\u00dfe\/Brunckstra\u00dfe wollte das erste Fahrzeug nach links in die Brunckstra\u00dfe einbiegen. Aus Unachtsamkeit fuhr der zweite Pkw auf den Vorausfahrenden auf. Beim Aufprall erlitten beide Fahrer Verletzungen und mussten in umliegende Krankenh\u00e4user gebracht werden. An den Fahrzeugen entstand ein Sachschaden von ca. 15.000 Euro. Sie waren nicht mehr fahrbereit und mussten abgeschleppt werden.<\/p>\n\n\n\n<h2 class=\"wp-block-heading\">(Speyer ) &#8211; Einbruchsdiebstahl \/ Zeugen gesucht<\/h2>\n\n\n\n<p>In der Nacht von Samstag auf Sonntag brachen zwei Unbekannte in ein Haus in der Stra\u00dfe Binsfeld in Speyer ein. Die Bewohner kamen gegen 1:30 Uhr nach Hause und trafen auf die T\u00e4ter. Es kam zu einem Gerangel, bei welchem ein T\u00e4ter dem Hausbewohner ins Gesicht schlug. Die T\u00e4ter konnten mit Schmuck im Wert von ca. 1100,- Euro fl\u00fcchten. <\/p>\n\n\n\n<h4 class=\"wp-block-heading\">Sie werden wie folgt beschrieben: <\/h4>\n\n\n\n<ul><li><strong>ca. 25-30 Jahre alt<\/strong><\/li><li><strong>5-Tage-Bart<\/strong><\/li><li><strong>dunkle Kleidung<\/strong><\/li><li><strong>dunkle Haare<\/strong><\/li><\/ul>\n\n\n\n<p>Bei der Suche nach den fl\u00fcchtigen T\u00e4tern wurde auch ein Polizeihubschrauber eingesetzt.<\/p>\n\n\n\n<p>Wer hat verd\u00e4chtige Beobachtungen gemacht oder kann Hinweise zu den T\u00e4tern geben?<\/p>\n\n\n\n<p>Sachdienliche Hinweise nimmt die Kriminalpolizei Ludwigshafen unter der Telefonnummer 0621\/963-2773 oder per E-Mail&nbsp;<a href=\"mailto:kiludwigshafen.k1.kdd@polizei.rlp.de\">kiludwigshafen.k1.kdd@polizei.rlp.de<\/a>&nbsp;entgegen.<\/p>\n\n\n\n<h2 class=\"wp-block-heading\">(B\u00f6hl-Iggelheim) &#8211; Brandstifter gefasst<\/h2>\n\n\n\n<p>Ein 29-J\u00e4hriger steht im Verdacht innerhalb k\u00fcrzester Zeit am Mittwoch, 13.07.2022, zwischen 12:00 und 13:00 Uhr, an verschiedenen Stellen im B\u00f6hler Wald insgesamt drei Br\u00e4nde gelegt zu haben. Zeugenangaben f\u00fchrten zum T\u00e4ter, der noch w\u00e4hrend der L\u00f6scharbeiten der Feuerwehr im Umfeld von einer Polizeistreife festgenommen werden konnte. Zum Zeitpunkt der Festnahme f\u00fchrte dieser eine leere Spiritusflasche sowie ein Feuerzeug mit sich. Nach Abschluss der polizeilichen Ma\u00dfnahmen wurde er entlassen. Es wird wegen dem Herbeif\u00fchren einer Brandgefahr ermittelt. Insgesamt wurden circa 50 Quadratmeter Fl\u00e4che besch\u00e4digt. W\u00e4re das Feuer unbemerkt geblieben, w\u00e4re aufgrund der aktuellen Witterung ein Waldbrand denkbar gewesen.<\/p>\n\n\n\n<h2 class=\"wp-block-heading\">(Waldsee) &#8211; PKW-Fahrt mit 2,33 Promille verhindert<\/h2>\n\n\n\n<p>Auf einem Campingplatz geriet am Dienstag, 12.07.2022, gegen 19:15 Uhr, ein P\u00e4rchen derart in Streit, dass ein 38-J\u00e4hriger mit einem PKW wegfahren wollte. Seine 36-j\u00e4hrige Freundin hatte jedoch den Eindruck, dass ihr Partner alkoholbedingt hierf\u00fcr nicht mehr in der Lage w\u00e4re und verst\u00e4ndigte die Polizei. In der Tat: Ein Atemalkoholtest ergab einen Wert von 2,33 Promille. Um einen alkoholbeeinflussten Fahrtantritt zu verhindern, wurde von der Streife der Fahrzeugschl\u00fcssel vor\u00fcbergehend sichergestellt. F\u00fcr diese Ma\u00dfnahme erwartet den 38-J\u00e4hrigen eine Geb\u00fchrenrechnung.<\/p>\n\n\n\n<h2 class=\"wp-block-heading\">(Schifferstadt \/ Hochdorf-Assenheim \/ Waldsee) &#8211; Schwerpunktkontrolle Verkehrssicherheit<\/h2>\n\n\n\n<p>Insgesamt 25 Geschwindigkeitsverst\u00f6\u00dfe und ein Versto\u00df gegen die Gurtpflicht sind die Bilanz einer Schwerpunktkontrolle der Polizei Schifferstadt am Mittwoch, 13.07.2022, 09:00 bis 12:30 Uhr. Auf der Landstra\u00dfe zwischen Schifferstadt und Dannstadt-Schauernheim war der Schnellste bei erlaubten 70 km\/h mit 94 km\/h unterwegs. Auf der Landstra\u00dfe zwischen Waldsee und Altrip wurde der Schnellste bei erlaubten 50 km\/h mit 78 km\/h gemessen. In Hochdorf-Assenheim wurden bei der \u00dcberwachung eines Durchfahrtsverbotes f\u00fcr LKW keine entsprechenden Verst\u00f6\u00dfe festgestellt. Geahndet wurde hier ein Gurtversto\u00df.<\/p>\n\n\n\n<h2 class=\"wp-block-heading\">(Schifferstadt) &#8211; Nachstellung durch Pok\u00e9mon-Spieler<\/h2>\n\n\n\n<p>Ein 34-J\u00e4hriger aus dem Rhein-Pfalz-Kreis beanzeigt einen 53-j\u00e4hrigen Mitspieler aus Baden-W\u00fcrttemberg, da er durch den Mitspieler beim Spiel &#8222;Pok\u00e9mon Go&#8220; gestalkt wird. Da das Spiel mit GPS funktioniert, kann der 53-J\u00e4hrige den Live Standort des 34-J\u00e4hrigen sehen und folgt diesem des \u00d6fteren mit dem PKW. Auch bei der Anzeigenaufnahme fuhr der 53-J\u00e4hrige dem 34-J\u00e4hrigen hinterher und beleidigte diesen \u00fcber einen Messenger. Ein Ermittlungsverfahren wegen Nachstellung und Beleidigung wurde eingeleitet.<\/p>\n\n\n\n<h2 class=\"wp-block-heading\">(Schifferstadt) &#8211; Gef\u00e4hrlicher Eingriff in den Stra\u00dfenverkehr<a href=\"https:\/\/www.facebook.com\/sharer.php?u=https%3A%2F%2Fwww.presseportal.de%2Fblaulicht%2Fpm%2F117688%2F5271380%2F%3Futm_source%3Dfacebook%26utm_medium%3Dsocial\"><\/a><a href=\"https:\/\/twitter.com\/intent\/tweet?text=POL-PDLU%3A%20Gef%C3%A4hrlicher%20Eingriff%20in%20den%20Stra%C3%9Fenverkehr&amp;url=https%3A%2F%2Fwww.presseportal.de%2Fblaulicht%2Fpm%2F117688%2F5271380%2F%3Futm_source%3Dtwitter%26utm_medium%3Dsocial&amp;hashtags=ots&amp;lang=de\"><\/a><a href=\"https:\/\/web.whatsapp.com\/send?text=POL-PDLU%3A%20Gef%C3%A4hrlicher%20Eingriff%20in%20den%20Stra%C3%9Fenverkehr%0A%0Ahttps%3A%2F%2Fwww.presseportal.de%2Fblaulicht%2Fpm%2F117688%2F5271380%2F%3Futm_source%3Dwhatsapp%26utm_medium%3Dsocial\"><\/a><a href=\"https:\/\/www.xing.com\/app\/user?op=share;url=https%3A%2F%2Fwww.presseportal.de%2Fblaulicht%2Fpm%2F117688%2F5271380%2F%3Futm_source%3Dxing%26utm_medium%3Dsocial\"><\/a><a href=\"http:\/\/www.linkedin.com\/shareArticle?mini=true&amp;url=https%3A%2F%2Fwww.presseportal.de%2Fblaulicht%2Fpm%2F117688%2F5271380%2F%3Futm_source%3Dlinkedin%26utm_medium%3Dsocial&amp;title=POL-PDLU%3A+Gef%C3%A4hrlicher+Eingriff+in+den+Stra%C3%9Fenverkehr\"><\/a><a href=\"mailto:?subject=POL-PDLU%3A%20Gef%C3%A4hrlicher%20Eingriff%20in%20den%20Stra%C3%9Fenverkehr&amp;body=https:\/\/www.presseportal.de\/blaulicht\/pm\/117688\/5271380\"><\/a><\/h2>\n\n\n\n<p>Am 11.07.2022, gegen 13:00 Uhr, befuhr ein 17-j\u00e4hriger Motorradfahrer die Ludwigstra\u00dfe in Richtung Kapellenstra\u00dfe. Hierbei wurde dem Motorradfahrer durch einen 28-J\u00e4hrigen der Weg versperrt, sodass der 17-J\u00e4hrige eine Vollbremsung machen musste. Daraufhin packte der 28-J\u00e4hrige den 17-J\u00e4hrigen an dessen Schulter, sodass das Motorrad zur Seite kippte. Laut dem 28-J\u00e4hrigen sei der Motorradfahrer zu schnell gefahren. Hierauf wurde der 17-J\u00e4hrige noch bedroht. Der 17-J\u00e4hrige klagte bei der Anzeigenaufnahme \u00fcber Schmerzen an der Schulter. Ermittlungsverfahren wegen Gef\u00e4hrlichen Eingriffs in den Stra\u00dfenverkehr, K\u00f6rperverletzung, N\u00f6tigung und Bedrohung wurden eingeleitet.<\/p>\n\n\n\n<h2 class=\"wp-block-heading\">(Mutterstadt) &#8211; Angriff auf den Vollzugsdienst<\/h2>\n\n\n\n<p>Knochenbr\u00fcche waren die Folge eines unvermittelten Angriffs eines 33-J\u00e4hrigen im Bereich eines Feldweges neben der Landstra\u00dfe zwischen Schifferstadt und Mutterstadt am Mittwoch, 13.07.2022, gegen 11:00 Uhr. Der Vollzugsdienst verwies einen eigentlich in einer Obdachlosenunterkunft Untergebrachten von einem Privatgrundst\u00fcck, als dieser unvermittelt den einen Vollzugsbeamten mit der Hand, den anderen mit einer Glasflasche ins Gesicht schlug. Nach dem Einsatz von Pfefferspray konnte der aggressive Mann fixiert werden. Die beiden Mitarbeiter des Vollzugsdienstes waren nicht mehr dienstf\u00e4hig und wurden in einem Krankenhaus behandelt. Auch der 33-J\u00e4hrige wurde \u00e4rztlich versorgt und hiernach f\u00fcr weitere Ma\u00dfnahmen auf die Polizeidienststelle gebracht, von wo aus er im Laufe des Mittags wieder entlassen wurde. Strafverfahren wegen Hausfriedensbruch sowie wegen dem t\u00e4tlichen Angriff auf Vollstreckungsbeamte, einhergehend mit K\u00f6rperverletzungsdelikten, wurden gegen ihn eingeleitet.<\/p>\n\n\n\n<h2 class=\"wp-block-heading\">(Dudenhofen) &#8211; Sachbesch\u00e4digung durch Graffiti auf Spielplatz und \u00f6ffentlichen Anlagen<\/h2>\n\n\n\n<p>In der Zeit zwischen dem 05.07.- 11.07.2022 besch\u00e4digten bislang unbekannte T\u00e4ter s\u00e4mtliche Spielger\u00e4te auf einem Spielplatz in der Carl-Zimmermann-Stra\u00dfe mittels Graffiti und Edding. Auch an einem nahegelegenen Abschnitt des Woogbachs kam es zu Farbschmierereien an einer Zaunanlage und einem Container an einem Regenr\u00fcckhaltebecken. Zeugen werden gebeten, sich mit der Polizeiinspektion Speyer unter 06232 137-0 oder&nbsp;<a href=\"mailto:pispeyer@polizei.rlp.de\">pispeyer@polizei.rlp.de<\/a>&nbsp;in Verbindung zu setzen.<\/p>\n\n\n\n<h2 class=\"wp-block-heading\">(Harthausen) &#8211; Verkehrsunfall nach Medikamenteneinnahme<\/h2>\n\n\n\n<p>Am 13.07.2022 um 17:59 Uhr befuhr ein 86-j\u00e4hriger PKW-Fahrer die Rappengasse in Harthausen in Fahrtrichtung Speyerer Stra\u00dfe. Hierbei touchierte er einen am Fahrbahnrand geparkten PKW und stieg aus, um sich den Schaden anzusehen. Am geparkten PKW entstanden Sch\u00e4den entlang der linken Fahrzeugseite in H\u00f6he von ca. 2.500 Euro. Zeugen beobachteten beim 86-J\u00e4hrigen einen sehr unsicheren Gang und verst\u00e4ndigten die Polizei. Die eintreffende Polizeistreife fand den 86-J\u00e4hrigen, im Hof eines Wohnhauses liegend, mit frischen Sch\u00fcrfwunden auf. Das Stehen ohne fremde Hilfe war ihm nicht m\u00f6glich. Als Grund nannte er eine k\u00fcrzlich erfolgte Medikamentenumstellung. Das eingenommene Pr\u00e4parat verursacht Nebenwirkungen, die zu einer Beeintr\u00e4chtigung der Sicherheit im Stra\u00dfenverkehr f\u00fchren k\u00f6nnen. Ein Atemalkoholtest ergab 0,0 Promille. Der 86-J\u00e4hrige wurde in ein Krankenhaus eingeliefert, wo ihm Blut entnommen wurde. Die Polizeibeamten beschlagnahmten seinen F\u00fchrerschein und leiteten ein Strafverfahren wegen Gef\u00e4hrdung des Stra\u00dfenverkehrs gegen ihn ein. Seine Fahrzeugschl\u00fcssel \u00fcbergaben die Beamten an eine Angeh\u00f6rige.<\/p>\n\n\n\n<p>Die Polizei warnt ausdr\u00fccklich vor der Teilnahme am Stra\u00dfenverkehr unter Einfluss von Medikamenten, die laut Verpackungsbeilage zu verkehrsgef\u00e4hrdenden Nebenwirkungen f\u00fchren k\u00f6nnen und r\u00e4t zu vorheriger Konsultation eines Arztes im Hinblick auf die Auswirkungen auf den Stra\u00dfenverkehr.<\/p>\n\n\n\n<h2 class=\"wp-block-heading\">(Lustadt) &#8211; Vorfahrt missachtet, Motorradfahrer verletzt<\/h2>\n\n\n<div class=\"wp-block-image\">\n<figure class=\"aligncenter size-full\"><img decoding=\"async\" loading=\"lazy\" width=\"800\" height=\"600\" src=\"https:\/\/speyer24news.com\/wp-content\/uploads\/2022\/07\/Presse.jpg\" alt=\"\" class=\"wp-image-47383\" srcset=\"https:\/\/speyer24news.com\/wp-content\/uploads\/2022\/07\/Presse.jpg 800w, https:\/\/speyer24news.com\/wp-content\/uploads\/2022\/07\/Presse-300x225.jpg 300w, https:\/\/speyer24news.com\/wp-content\/uploads\/2022\/07\/Presse-768x576.jpg 768w, https:\/\/speyer24news.com\/wp-content\/uploads\/2022\/07\/Presse-678x509.jpg 678w, https:\/\/speyer24news.com\/wp-content\/uploads\/2022\/07\/Presse-326x245.jpg 326w, https:\/\/speyer24news.com\/wp-content\/uploads\/2022\/07\/Presse-80x60.jpg 80w\" sizes=\"(max-width: 800px) 100vw, 800px\" \/><\/figure><\/div>\n\n\n<p>Am 14.07.2022 gegen 07:00 Uhr befuhr ein 20-j\u00e4hriger PKW-Fahrer die K2 aus Lustadt kommend in Richtung B272. Beim Einfahren auf die B272 \u00fcbersah er einen 60-j\u00e4hrigen Motorradfahrer. Durch den Zusammensto\u00df wurde der Motorradfahrer verletzt. Nach medizinischer Erstversorgung vor Ort, wurde der 60-J\u00e4hrige zur weiteren Untersuchung mit einem Rettungshubschrauber in ein Krankenhaus geflogen. F\u00fcr die Verkehrsunfallaufnahme musste die B272 zeitweise voll gesperrt werden.<\/p>\n\n\n\n<h2 class=\"wp-block-heading\">(Lingenfeld) &#8211; Verkehrsunfall mit zwei Leichtverletzten<\/h2>\n\n\n\n<p>Am 12.07.2022 gegen 23:29 Uhr kam es auf der B9 zwischen Lingenfeld und Schwegenheim in Fahrtrichtung Speyer zu einem Verkehrsunfall. Ein 41-j\u00e4hriger PKW-Fahrer \u00fcbersah beim \u00dcberholvorgang einen PKW-Fahrer, sodass es zum Zusammensto\u00df beider Fahrzeuge kam. Die Unfallbeteiligten klagten \u00fcber R\u00fcckenschmerzen und wurden zur weiteren Versorgung in umliegende Krankenh\u00e4user gebracht. An den Fahrzeugen entstand ein erheblicher Sachschaden.<\/p>\n\n\n\n<h2 class=\"wp-block-heading\">(Germersheim) &#8211; Ohne F\u00fchrerschein und unter Drogeneinfluss stehend unterwegs<\/h2>\n\n\n\n<p>Am 12.07.2022 gegen 03:15 Uhr erschien ein 29-j\u00e4hriger Mann an einer Tankstelle in Germersheim und begann Passanten anzusprechen. Zuvor war der 29-J\u00e4hrige mit seinem PKW auf den Parkplatz der Tankstelle gefahren. Bei einer Kontrolle r\u00e4umte der Mann ein, Drogen konsumiert zu haben. Au\u00dferdem war er nicht im Besitz einer g\u00fcltigen Fahrerlaubnis. Eine Blutprobe wurde entnommen und ein Strafanzeige erfasst.<\/p>\n\n\n\n<h2 class=\"wp-block-heading\">(Knittelsheim \/ Germersheim) &#8211; Geschwindigkeitsmessungen<\/h2>\n\n\n\n<p>Am 11.07.2022 zwischen 09:00 Uhr und 10:00 Uhr wurden in der Hauptstra\u00dfe in Knittelsheim Geschwindigkeitsmessungen durchgef\u00fchrt. Bei erlaubten 30 km\/h wurden 58 Fahrzeuge gemessen. Es ergaben sich insgesamt f\u00fcnf Verst\u00f6\u00dfe. Die H\u00f6chstgeschwindigkeit lag bei 47 km\/h. Auch in Germersheim wurden Geschwindigkeitsmessungen durchgef\u00fchrt. Hierbei kam es zu neun Verst\u00f6\u00dfen.<\/p>\n\n\n\n<h2 class=\"wp-block-heading\">(R\u00fclzheim) &#8211; Fahrt beendet<\/h2>\n\n\n\n<p>Ein 19-j\u00e4hriger PKW-Fahrer wurde am 13.07.2022 gegen 23:20 Uhr in R\u00fclzheim aufgrund einer auff\u00e4lligen Fahrweise kontrolliert. Aus dem Fahrzeuginneren wurde deutlicher Cannabisgeruch wahrgenommen. Der 19-J\u00e4hrige r\u00e4umte den Konsum von Marihuana ein. Die Fahrt war damit f\u00fcr ihn und seinen Beifahrer beendet. Es wurde eine Blutprobe entnommen und ein Strafverfahren eingeleitet.<\/p>\n\n\n\n<h2 class=\"wp-block-heading\">(Herxheim) &#8211; Brennende Landmaschine am Panoramapl\u00e4tzel Wasserturm<\/h2>\n\n\n<div class=\"wp-block-image\">\n<figure class=\"aligncenter size-full\"><img decoding=\"async\" loading=\"lazy\" width=\"800\" height=\"600\" src=\"https:\/\/speyer24news.com\/wp-content\/uploads\/2022\/07\/AusgebrannteLandmaschineHerxheim.jpeg\" alt=\"\" class=\"wp-image-47375\" srcset=\"https:\/\/speyer24news.com\/wp-content\/uploads\/2022\/07\/AusgebrannteLandmaschineHerxheim.jpeg 800w, https:\/\/speyer24news.com\/wp-content\/uploads\/2022\/07\/AusgebrannteLandmaschineHerxheim-300x225.jpeg 300w, https:\/\/speyer24news.com\/wp-content\/uploads\/2022\/07\/AusgebrannteLandmaschineHerxheim-768x576.jpeg 768w, https:\/\/speyer24news.com\/wp-content\/uploads\/2022\/07\/AusgebrannteLandmaschineHerxheim-678x509.jpeg 678w, https:\/\/speyer24news.com\/wp-content\/uploads\/2022\/07\/AusgebrannteLandmaschineHerxheim-326x245.jpeg 326w, https:\/\/speyer24news.com\/wp-content\/uploads\/2022\/07\/AusgebrannteLandmaschineHerxheim-80x60.jpeg 80w\" sizes=\"(max-width: 800px) 100vw, 800px\" \/><\/figure><\/div>\n\n\n<p>Zu einem Totalschaden an einer Ballenpresse durch Feuer kam es am Dienstagnachmittag auf einem Feld zwischen Herxheim und Offenbach. Gegen 16:40 Uhr hatte der 58-J\u00e4hrige Landwirt die Ballenpresse auf einem abgeernteten Acker in Betrieb, als er Qualm entdeckte. Er konnte die Maschine gerade noch auf den betonierten Feldweg fahren und sich selbst in Sicherheit bringen, bevor die Maschine in Flammen aufging. Die Feuerwehr brachte den Brand schnell unter Kontrolle. Es kam zeitweise zu einer weithin sichtbaren Rauchentwicklung, jedoch bestand keine Gefahr f\u00fcr Anwohner oder Verkehr. Es wurde niemand verletzt. Der Gesamtschaden an Maschine und Acker d\u00fcrfte sich auf ca. 50.000 EUR belaufen.<\/p>\n\n\n\n<h2 class=\"wp-block-heading\">(Landau) &#8211; Aktuelle Warnmeldung der Polizeidirektion Landau<\/h2>\n\n\n\n<p>Die Polizeidirektion Landau m\u00f6chte Sie darauf hinweisen, dass es aktuell (13.07.22) in der S\u00fcdpfalz, insbesondere im Raum Bad Bergzabern\/Landau zu zahlreichen Anrufen bei \u00e4lteren Menschen kommt, bei denen es sich um Betrugsversuche im Bereich Enkeltrick oder falsche Polizeibeamter handelt. In den meisten bekannt gewordenen F\u00e4llen, versuchen die Betr\u00fcger an Geld zu kommen, indem sie am Telefon von einem schlimmen, famili\u00e4ren Schadensereignis berichten. So soll Betroffenheit bei den Angerufenen erzeugt werden, oft ist der Einstieg ins Gespr\u00e4ch ein vermeintlich schwerer Verkehrsunfall.<\/p>\n\n\n\n<h4 class=\"wp-block-heading\">Die Polizeidirektion Landau empfiehlt dringend:<\/h4>\n\n\n\n<ul><li><strong>Geben Sie am Telefon keine Auskunft \u00fcber Ihre pers\u00f6nlichen und finanziellen Verh\u00e4ltnisse oder andere sensible Daten.<\/strong><\/li><li><strong>\u00d6ffnen Sie unbekannten Personen nicht die T\u00fcr. Ziehen Sie gegebenenfalls eine Vertrauensperson hinzu, z. B. Nachbarn oder nahe Verwandte.<\/strong><\/li><li><strong>\u00dcbergeben oder \u00fcberweisen Sie unbekannten Personen kein Geld oder Wertsachen.<\/strong><\/li><li><strong>Wenden Sie sich an das \u00f6rtliche Polizeirevier. Erz\u00e4hlen Sie der Polizei von den Anrufen. Die Polizeidirektion Landau ist f\u00fcr Sie da! Telefonnummer: 06341-287-0.<\/strong><\/li><\/ul>\n\n\n\n<h2 class=\"wp-block-heading\">(Landau \/ S\u00fcdpfalz \/ Frankreich) &#8211; Verdacht des Versto\u00dfes gegen das Bet\u00e4ubungsmittelgesetz und des gewerbs- und bandenm\u00e4\u00dfigen Betruges \/ Drei Tatverd\u00e4chtige festgenommen<a href=\"https:\/\/www.facebook.com\/sharer.php?u=https%3A%2F%2Fwww.presseportal.de%2Fblaulicht%2Fpm%2F117696%2F5272267%2F%3Futm_source%3Dfacebook%26utm_medium%3Dsocial\"><\/a><a href=\"https:\/\/twitter.com\/intent\/tweet?text=POL-PPRP%3A%20Verdacht%20des%20Versto%C3%9Fes%20gegen%20das%20Bet%C3%A4ubungsmittelgesetz%20und%20des%20gewerbs-%20und%20bandenm%C3%A4%C3%9Figen%20Betruges%20-%20Drei%20Tatverd%C3%A4chtige%20festgenommen&amp;url=https%3A%2F%2Fwww.presseportal.de%2Fblaulicht%2Fpm%2F117696%2F5272267%2F%3Futm_source%3Dtwitter%26utm_medium%3Dsocial&amp;hashtags=ots&amp;lang=de\"><\/a><a href=\"https:\/\/web.whatsapp.com\/send?text=POL-PPRP%3A%20Verdacht%20des%20Versto%C3%9Fes%20gegen%20das%20Bet%C3%A4ubungsmittelgesetz%20und%20des%20gewerbs-%20und%20bandenm%C3%A4%C3%9Figen%20Betruges%20-%20Drei%20Tatverd%C3%A4chtige%20festgenommen%0A%0Ahttps%3A%2F%2Fwww.presseportal.de%2Fblaulicht%2Fpm%2F117696%2F5272267%2F%3Futm_source%3Dwhatsapp%26utm_medium%3Dsocial\"><\/a><a href=\"https:\/\/www.xing.com\/app\/user?op=share;url=https%3A%2F%2Fwww.presseportal.de%2Fblaulicht%2Fpm%2F117696%2F5272267%2F%3Futm_source%3Dxing%26utm_medium%3Dsocial\"><\/a><a href=\"http:\/\/www.linkedin.com\/shareArticle?mini=true&amp;url=https%3A%2F%2Fwww.presseportal.de%2Fblaulicht%2Fpm%2F117696%2F5272267%2F%3Futm_source%3Dlinkedin%26utm_medium%3Dsocial&amp;title=POL-PPRP%3A+Verdacht+des+Versto%C3%9Fes+gegen+das+Bet%C3%A4ubungsmittelgesetz+und+des+gewerbs-+und+bandenm%C3%A4%C3%9Figen+Betruges+-+Drei+Tatverd%C3%A4chtige+festgenommen\"><\/a><a href=\"mailto:?subject=POL-PPRP%3A%20Verdacht%20des%20Versto%C3%9Fes%20gegen%20das%20Bet%C3%A4ubungsmittelgesetz%20und%20des%20gewerbs-%20und%20bandenm%C3%A4%C3%9Figen%20Betruges%20-%20Drei%20Tatverd%C3%A4chtige%20festgenommen&amp;body=https:\/\/www.presseportal.de\/blaulicht\/pm\/117696\/5272267\"><\/a><\/h2>\n\n\n\n<h3 class=\"wp-block-heading\">Gemeinsame Pressemitteilung der Staatsanwaltschaft Landau\/Pfalz und des Polizeipr\u00e4sidiums Rheinpfalz<\/h3>\n\n\n<div class=\"wp-block-image\">\n<figure class=\"aligncenter size-full\"><img decoding=\"async\" loading=\"lazy\" width=\"800\" height=\"533\" src=\"https:\/\/speyer24news.com\/wp-content\/uploads\/2021\/10\/Festnahme-Handschellen.jpg\" alt=\"\" class=\"wp-image-41224\" srcset=\"https:\/\/speyer24news.com\/wp-content\/uploads\/2021\/10\/Festnahme-Handschellen.jpg 800w, https:\/\/speyer24news.com\/wp-content\/uploads\/2021\/10\/Festnahme-Handschellen-300x200.jpg 300w, https:\/\/speyer24news.com\/wp-content\/uploads\/2021\/10\/Festnahme-Handschellen-768x512.jpg 768w\" sizes=\"(max-width: 800px) 100vw, 800px\" \/><\/figure><\/div>\n\n\n<p>Bei umfangreichen und intensiven Ermittlungen der Staatsanwaltschaft Landau und der Kriminalpolizei Ludwigshafen gegen einen aktuell im Elsass\/Frankreich wohnenden 29-j\u00e4hrigen Mann aus der S\u00fcdpfalz wegen des Verdachts des Handeltreibens mit Bet\u00e4ubungsmitteln in nicht geringer Menge, ergaben sich auch Hinweise auf gewerbs- und bandenm\u00e4\u00dfigen Betrug bei dem Betrieb von Corona-Teststationen.<\/p>\n\n\n\n<p>Bei den Ermittlungen konnten sechs weitere Beteiligte identifiziert werden. Bei den weiteren Beschuldigten handelt es sich um zwei M\u00e4nner im Alter von 38 und 33 Jahren sowie eine 27-j\u00e4hrige Frau, welche im Verdacht stehen, an den Rauschgiftgesch\u00e4ften beteiligt gewesen zu sein. Dar\u00fcber hinaus werden ein 36-J\u00e4hriger, eine 21- und eine 27-j\u00e4hrige Frau im Zusammenhang mit dem gewerbs- und bandenm\u00e4\u00dfigen Betrug verd\u00e4chtigt.<\/p>\n\n\n\n<p>Die Beschuldigten des Betrugs sollen Corona-Teststationen in der S\u00fcdpfalz betrieben und eine Vielzahl an Corona-Tests abgerechnet haben, obwohl diese tats\u00e4chlich nicht durchgef\u00fchrt wurden.<\/p>\n\n\n\n<p>Im Auftrag der Staatsanwaltschaft Landau wurden am Dienstag zehn Objekte im Bereich S\u00fcdpfalz und ein Objekt in Frankreich durchsucht.<\/p>\n\n\n\n<p>Bei den Durchsuchungen konnten umfangreiche Beweismittel sichergestellt werden, u.a. \u00fcber 10.000 Euro Bargeld, Bet\u00e4ubungsmittelutensilien, geringe Mengen Bet\u00e4ubungsmittel, Anabolika, eine Schreckschusswaffe sowie Unterlagen und elektronische Speichermedien aus den Testzentren, die nun auszuwerten sind.<\/p>\n\n\n\n<p>Der 29-j\u00e4hrige Beschuldigte wurde am 12.07.22 in Frankreich aufgrund eines von der Staatsanwaltschaft Landau erwirkten Europ\u00e4ischen Haftbefehls wegen des dringenden Verdachts des banden- und gewerbsm\u00e4\u00dfigen Betruges sowie der unerlaubten Einfuhr von und des unerlaubten Handeltreibens mit Bet\u00e4ubungsmitteln in nicht geringer Menge festgenommen. Es wird nun das Auslieferungsverfahren nach Deutschland betrieben.<\/p>\n\n\n\n<p>Gegen die 36- und 38-j\u00e4hrigen Beschuldigten wurden auf Antrag der Staatsanwaltschaft Landau Untersuchungshaftbefehle erlassen. Gegen den 36-J\u00e4hrigen wegen des Verdachtes des banden- und gewerbsm\u00e4\u00dfigen Betruges; gegen den 38-J\u00e4hrigen wegen des Verdachtes der unerlaubten Einfuhr und des unerlaubten Handeltreibens mit Bet\u00e4ubungsmitteln in nicht geringer Menge. Beide M\u00e4nner wurden gestern verhaftet und einem Haftrichter vorgef\u00fchrt. Dieser setzte die Haftbefehle in Vollzug. Die Beschuldigten wurden anschlie\u00dfend in verschiedene Justizvollzugsanstalten verbracht.<\/p>\n\n\n\n<p>Die Ermittlungen von Staatsanwaltschaft und Kriminalpolizei dauern weiter an.<\/p>\n\n\n\n<h2 class=\"wp-block-heading\">(Landau) &#8211; Ger\u00fcchte um Vorfall in Godramstein bislang nicht best\u00e4tigt<\/h2>\n\n\n\n<p>Die Ger\u00fcchte um einen Vorfall in Godramstein, wonach ein Jugendlicher einen Zehnj\u00e4hrigen mit einem Messer bedroht haben soll, konnten nach Aufnahme polizeilicher Ermittlungen bislang nicht best\u00e4tigt werden. Mitteilungen zu dem Sachverhalt, die aufgrund des Presseartikels bei der Polizeiinspektion Landau eingingen ergaben keine konkreten Anhaltspunkte, dass die Bedrohung sich tats\u00e4chlich ereignete. Eine Anzeige durch m\u00f6gliche Beteiligte wurde ebenfalls nicht erstattet.<\/p>\n\n\n\n<h2 class=\"wp-block-heading\">(Landau) &#8211; M\u00fcnzgeldautomat aus Toilettenanlage entwendet<\/h2>\n\n\n\n<p>In der Zeit zwischen Freitagmorgen 6 Uhr und Montagmorgen 11 Uhr entwendete ein bislang unbekannter T\u00e4ter den M\u00fcnzgeldautomaten einer WC-Einrichtung in der Forststra\u00dfe. Des Weiteren wurden an der Toilettenanlage Aufbruchspuren an einer T\u00fcr und Besch\u00e4digungen an der Au\u00dfenanlage festgestellt. Insgesamt entstand ein Sachschaden in H\u00f6he von ca. 10.000 Euro. Die Polizei bittet Zeugen, die Hinweise zu der Tat oder dem T\u00e4ter geben k\u00f6nnen sich telefonisch unter 06341\/2870 oder per Email an&nbsp;<a href=\"mailto:pilandau@polizei.rlp.de\">pilandau@polizei.rlp.de<\/a>&nbsp;bei der Polizeiinspektion Landau zu melden.<\/p>\n\n\n\n<h2 class=\"wp-block-heading\">(Landau) &#8211; Auseinandersetzung am Busbahnhof<\/h2>\n\n\n\n<p>Zu einer lautstarken Auseinandersetzung mit anschlie\u00dfender K\u00f6rperverletzung kam es am Sonntagvormittag am Busbahnhof in Landau. Ein 42-J\u00e4hriger geriet aus unbekannter Ursache mit drei jungen M\u00e4nnern in Streit. Er beleidigte und bedrohte diese und schlug zwei von ihnen. Gegen den 42-J\u00e4hrigen wurde ein Strafverfahren eingeleitet und ihm wurde ein Platzverweis erteilt.<\/p>\n\n\n\n<h2 class=\"wp-block-heading\">(Edesheim) &#8211; T\u00e4uschung via WhatsApp<\/h2>\n\n\n\n<p>Zwei vierstellige Geldbetr\u00e4ge \u00fcberwies eine Frau auf ein litauisches Konto, weil sie von ihrer vermeintlichen Tochter via WhatsApp angeschrieben wurde, dass sie eine neue Handynummer h\u00e4tte und dringend zwei Rechnungen begleichen m\u00fcsse. Die Frau \u00fcberwies gutgl\u00e4ubig die Forderungen und musste im Nachhinein feststellen, dass sie Ganoven aufgelaufen war. Die fiese und derzeit g\u00e4ngige Vorgehensweise der Betr\u00fcger l\u00e4uft immer gleich ab. Eine unbekannte Nummer schickt eine Nachricht und gibt vor, Sohn oder Tochter zu sein, deren Handy leider defekt sei. Nach der vertraut klingenden Begr\u00fc\u00dfung mit Herzchen und Kuss-Smileys kommen die Betr\u00fcger rasch zur Sache. Die Polizei r\u00e4t: Immer misstrauisch sein und r\u00fcckversichern! Die Ermittlungen laufen.<\/p>\n\n\n\n<h2 class=\"wp-block-heading\">(Maikammer) &#8211; Die Polizei fragt nicht nach Wertgegenst\u00e4nden<a href=\"https:\/\/www.facebook.com\/sharer.php?u=https%3A%2F%2Fwww.presseportal.de%2Fblaulicht%2Fpm%2F117686%2F5272877%2F%3Futm_source%3Dfacebook%26utm_medium%3Dsocial\"><\/a><a href=\"https:\/\/twitter.com\/intent\/tweet?text=POL-PDLD%3A%20Maikammer%20-%20Die%20Polizei%20fragt%20nicht%20nach%20Wertgegenst%C3%A4nden&amp;url=https%3A%2F%2Fwww.presseportal.de%2Fblaulicht%2Fpm%2F117686%2F5272877%2F%3Futm_source%3Dtwitter%26utm_medium%3Dsocial&amp;hashtags=ots&amp;lang=de\"><\/a><a href=\"https:\/\/web.whatsapp.com\/send?text=POL-PDLD%3A%20Maikammer%20-%20Die%20Polizei%20fragt%20nicht%20nach%20Wertgegenst%C3%A4nden%0A%0Ahttps%3A%2F%2Fwww.presseportal.de%2Fblaulicht%2Fpm%2F117686%2F5272877%2F%3Futm_source%3Dwhatsapp%26utm_medium%3Dsocial\"><\/a><a href=\"https:\/\/www.xing.com\/app\/user?op=share;url=https%3A%2F%2Fwww.presseportal.de%2Fblaulicht%2Fpm%2F117686%2F5272877%2F%3Futm_source%3Dxing%26utm_medium%3Dsocial\"><\/a><a href=\"http:\/\/www.linkedin.com\/shareArticle?mini=true&amp;url=https%3A%2F%2Fwww.presseportal.de%2Fblaulicht%2Fpm%2F117686%2F5272877%2F%3Futm_source%3Dlinkedin%26utm_medium%3Dsocial&amp;title=POL-PDLD%3A+Maikammer+-+Die+Polizei+fragt+nicht+nach+Wertgegenst%C3%A4nden\"><\/a><a href=\"mailto:?subject=POL-PDLD%3A%20Maikammer%20-%20Die%20Polizei%20fragt%20nicht%20nach%20Wertgegenst%C3%A4nden&amp;body=https:\/\/www.presseportal.de\/blaulicht\/pm\/117686\/5272877\"><\/a><\/h2>\n\n\n\n<p>Erneut erhielt ein 89 Jahre alter Mann einen Anruf von einer Polizeibeamtin namens Mayer von der &#8222;Polizei Edenkoben&#8220;, weil in der Umgebung seines Anwesens sich mehrere Wohnungseinbr\u00fcche ereignet h\u00e4tten. Als der Angerufene nach seinen Wertgegenst\u00e4nden gefragt wurde, beendete er das Telefonat und verst\u00e4ndigte die Polizei. Die Polizei warnt vor diesen Gaunern. Angeh\u00f6rige oder nahestehende Personen sollten mit \u00e4lteren Menschen \u00fcber die Methoden der Trickbetr\u00fcger sprechen. Die Kriminellen nutzen bewusst die Einsamkeit, die Hilflosigkeit und die Gutgl\u00e4ubigkeit \u00e4lterer Menschen aus. Die Polizei fragt niemals nach Wertgegenst\u00e4nde am Telefon!<\/p>\n\n\n\n<h2 class=\"wp-block-heading\">(A 65 \/ AS Neustadt Nord) &#8211; Alkoholisiert in die Schutzplanke<\/h2>\n\n\n<div class=\"wp-block-image\">\n<figure class=\"aligncenter size-full\"><img decoding=\"async\" loading=\"lazy\" width=\"800\" height=\"602\" src=\"https:\/\/speyer24news.com\/wp-content\/uploads\/2022\/07\/UnfallA652.JPG.jpg\" alt=\"\" class=\"wp-image-47384\" srcset=\"https:\/\/speyer24news.com\/wp-content\/uploads\/2022\/07\/UnfallA652.JPG.jpg 800w, https:\/\/speyer24news.com\/wp-content\/uploads\/2022\/07\/UnfallA652.JPG-300x226.jpg 300w, https:\/\/speyer24news.com\/wp-content\/uploads\/2022\/07\/UnfallA652.JPG-768x578.jpg 768w, https:\/\/speyer24news.com\/wp-content\/uploads\/2022\/07\/UnfallA652.JPG-678x509.jpg 678w, https:\/\/speyer24news.com\/wp-content\/uploads\/2022\/07\/UnfallA652.JPG-326x245.jpg 326w, https:\/\/speyer24news.com\/wp-content\/uploads\/2022\/07\/UnfallA652.JPG-80x60.jpg 80w\" sizes=\"(max-width: 800px) 100vw, 800px\" \/><\/figure><\/div>\n\n\n<p>Mit 1,7 Promille rauschte Mittwochabend (13.07.2022, 21.30 Uhr) ein 39 Jahre alter Mann mit seinem Fahrzeug \u00fcber die Autobahn. Bei der AS Neustadt-Nord verlor er beim Verlassen der Autobahn die Kontrolle \u00fcber sein Fahrzeug, kollidierte mit der Schutzplanke, wo er anschlie\u00dfend \u00fcber diese an einen Baum geschleudert wurde. <\/p>\n\n\n<div class=\"wp-block-image\">\n<figure class=\"aligncenter size-full\"><img decoding=\"async\" loading=\"lazy\" width=\"800\" height=\"601\" src=\"https:\/\/speyer24news.com\/wp-content\/uploads\/2022\/07\/UnfallA651.jpg\" alt=\"\" class=\"wp-image-47385\" srcset=\"https:\/\/speyer24news.com\/wp-content\/uploads\/2022\/07\/UnfallA651.jpg 800w, https:\/\/speyer24news.com\/wp-content\/uploads\/2022\/07\/UnfallA651-300x225.jpg 300w, https:\/\/speyer24news.com\/wp-content\/uploads\/2022\/07\/UnfallA651-768x577.jpg 768w, https:\/\/speyer24news.com\/wp-content\/uploads\/2022\/07\/UnfallA651-678x509.jpg 678w, https:\/\/speyer24news.com\/wp-content\/uploads\/2022\/07\/UnfallA651-326x245.jpg 326w, https:\/\/speyer24news.com\/wp-content\/uploads\/2022\/07\/UnfallA651-80x60.jpg 80w\" sizes=\"(max-width: 800px) 100vw, 800px\" \/><\/figure><\/div>\n\n\n<p>Durch den \u00dcberschlag entstand an seinem Auto wirtschaftlicher Totalschaden. Die Schutzplanke wurde massiv besch\u00e4digt. Die Gesamtschadensh\u00f6he liegt bei \u00fcber 50.000 Euro. Zur medizinischen Abkl\u00e4rung kam der Mann in ein Krankenhaus, wo ihm die angeordnete Blutprobe entnommen wurde. Wegen der Bergung und Aufr\u00e4umarbeiten kam es zu Verkehrsbeeintr\u00e4chtigungen.<\/p>\n\n\n\n<h2 class=\"wp-block-heading\">(Neustadt) &#8211; Schl\u00e4gerei auf Festwiese \/ Zeugen gesucht<a href=\"https:\/\/www.facebook.com\/sharer.php?u=https%3A%2F%2Fwww.presseportal.de%2Fblaulicht%2Fpm%2F117687%2F5272475%2F%3Futm_source%3Dfacebook%26utm_medium%3Dsocial\"><\/a><a href=\"https:\/\/twitter.com\/intent\/tweet?text=POL-PDNW%3A%20Schl%C3%A4gerei%20auf%20Festwiese%20-%20Zeugen%20gesucht&amp;url=https%3A%2F%2Fwww.presseportal.de%2Fblaulicht%2Fpm%2F117687%2F5272475%2F%3Futm_source%3Dtwitter%26utm_medium%3Dsocial&amp;hashtags=ots&amp;lang=de\"><\/a><a href=\"https:\/\/web.whatsapp.com\/send?text=POL-PDNW%3A%20Schl%C3%A4gerei%20auf%20Festwiese%20-%20Zeugen%20gesucht%0A%0Ahttps%3A%2F%2Fwww.presseportal.de%2Fblaulicht%2Fpm%2F117687%2F5272475%2F%3Futm_source%3Dwhatsapp%26utm_medium%3Dsocial\"><\/a><a href=\"https:\/\/www.xing.com\/app\/user?op=share;url=https%3A%2F%2Fwww.presseportal.de%2Fblaulicht%2Fpm%2F117687%2F5272475%2F%3Futm_source%3Dxing%26utm_medium%3Dsocial\"><\/a><a href=\"http:\/\/www.linkedin.com\/shareArticle?mini=true&amp;url=https%3A%2F%2Fwww.presseportal.de%2Fblaulicht%2Fpm%2F117687%2F5272475%2F%3Futm_source%3Dlinkedin%26utm_medium%3Dsocial&amp;title=POL-PDNW%3A+Schl%C3%A4gerei+auf+Festwiese+-+Zeugen+gesucht\"><\/a><a href=\"mailto:?subject=POL-PDNW%3A%20Schl%C3%A4gerei%20auf%20Festwiese%20-%20Zeugen%20gesucht&amp;body=https:\/\/www.presseportal.de\/blaulicht\/pm\/117687\/5272475\"><\/a><\/h2>\n\n\n\n<p>Am Mittwoch den 13.07.2022, gegen 20:20 Uhr, kam es zu einer k\u00f6rperlichen Auseinandersetzung zwischen mindestens drei Beteiligten auf dem Parkplatz Festwiese. Ein Zeuge beobachtete hierbei, wie zwei M\u00e4nner auf einen am Boden liegenden Dritten eintraten. Anschlie\u00dfend entfernten sich alle Beteiligten fu\u00dfl\u00e4ufig in verschiedene Richtungen. Trotz unmittelbar eingeleiteter Fahndungsma\u00dfnahmen konnten sie nicht mehr festgestellt werden. Anhand der Sprache geht der Zeuge davon aus, dass es sich bei den M\u00e4nnern um Osteurop\u00e4er handelt. Es werden nun weitere Zeugen gesucht, die die Tat beobachtet haben und Hinweise auf die Identit\u00e4t der Beteiligten geben k\u00f6nnen. Sachdienliche Hinweise nimmt die Polizeiinspektion Neustadt unter Tel. 06321-8540 oder per Mail an&nbsp;<a href=\"mailto:pineustadt@polizei.rlp.de\">pineustadt@polizei.rlp.de<\/a>&nbsp;entgegen.<\/p>\n\n\n\n<h2 class=\"wp-block-heading\">(Neustadt) &#8211; Kleinkraftr\u00e4der ohne die erforderliche Fahrerlaubnis&#8230;<a href=\"https:\/\/www.facebook.com\/sharer.php?u=https%3A%2F%2Fwww.presseportal.de%2Fblaulicht%2Fpm%2F117687%2F5270537%2F%3Futm_source%3Dfacebook%26utm_medium%3Dsocial\"><\/a><a href=\"https:\/\/twitter.com\/intent\/tweet?text=POL-PDNW%3A%20Kleinkraftr%C3%A4der%20ohne%20die%20erforderliche%20Fahrerlaubnis...&amp;url=https%3A%2F%2Fwww.presseportal.de%2Fblaulicht%2Fpm%2F117687%2F5270537%2F%3Futm_source%3Dtwitter%26utm_medium%3Dsocial&amp;hashtags=ots&amp;lang=de\"><\/a><a href=\"https:\/\/web.whatsapp.com\/send?text=POL-PDNW%3A%20Kleinkraftr%C3%A4der%20ohne%20die%20erforderliche%20Fahrerlaubnis...%0A%0Ahttps%3A%2F%2Fwww.presseportal.de%2Fblaulicht%2Fpm%2F117687%2F5270537%2F%3Futm_source%3Dwhatsapp%26utm_medium%3Dsocial\"><\/a><a href=\"https:\/\/www.xing.com\/app\/user?op=share;url=https%3A%2F%2Fwww.presseportal.de%2Fblaulicht%2Fpm%2F117687%2F5270537%2F%3Futm_source%3Dxing%26utm_medium%3Dsocial\"><\/a><a href=\"http:\/\/www.linkedin.com\/shareArticle?mini=true&amp;url=https%3A%2F%2Fwww.presseportal.de%2Fblaulicht%2Fpm%2F117687%2F5270537%2F%3Futm_source%3Dlinkedin%26utm_medium%3Dsocial&amp;title=POL-PDNW%3A+Kleinkraftr%C3%A4der+ohne+die+erforderliche+Fahrerlaubnis...\"><\/a><a href=\"mailto:?subject=POL-PDNW%3A%20Kleinkraftr%C3%A4der%20ohne%20die%20erforderliche%20Fahrerlaubnis...&amp;body=https:\/\/www.presseportal.de\/blaulicht\/pm\/117687\/5270537\"><\/a><\/h2>\n\n\n\n<p>&#8230;wurden am Morgen des 11.07.2022 durch zwei Neustadter B\u00fcrger gef\u00fchrt. Der erste Vorfall ereignete sich um 09:00 Uhr in der Konrad-Adenauer-Stra\u00dfe in 67433 als ein 58-J\u00e4hriger mit seinem KKR einer anlassunabh\u00e4ngigen Verkehrskontrolle unterzogen wurde. Der Mann legte Fahrzeugpapiere vor, welche zun\u00e4chst eine H\u00f6chstgeschwindigkeit von 25 km\/h bescheinigten. Eine \u00dcberpr\u00fcfung auf einem geeichten Pr\u00fcfstand ergab jedoch einen Wert von 45 km\/h. Um 11 Uhr wurde ein 36-J\u00e4hriger mit seinem KKR in der Lachener Stra\u00dfe ebenfalls einer Verkehrskontrolle unterzogen. Der Mann fuhr zuvor mit einer Geschwindigkeit von \u00fcber 30km\/h vor dem Funkstreifenwagen. Im Rahmen der Kontrolle r\u00e4umte der Neustadter letztlich ein, dass sein KKR deutlich \u00fcber 30 km\/h fahren w\u00fcrde. Beide Personen waren nicht im Besitz der erforderlichen Fahrerlaubnis, weshalb diese sich in einem Strafverfahren wegen des Fahrens ohne Fahrerlaubnis verantworten m\u00fcssen. Zudem wird die zust\u00e4ndige F\u00fchrerscheinstelle \u00fcber den Vorfall informiert.<\/p>\n\n\n\n<h2 class=\"wp-block-heading\">(Neustadt) &#8211; \u00dcberladen und nicht verkehrstauglich&#8230;<\/h2>\n\n\n<div class=\"wp-block-image\">\n<figure class=\"aligncenter size-full\"><img decoding=\"async\" loading=\"lazy\" width=\"800\" height=\"600\" src=\"https:\/\/speyer24news.com\/wp-content\/uploads\/2022\/07\/88314860-3AFC-412B-AFA5-5EB4D3864186.jpeg\" alt=\"\" class=\"wp-image-47376\" srcset=\"https:\/\/speyer24news.com\/wp-content\/uploads\/2022\/07\/88314860-3AFC-412B-AFA5-5EB4D3864186.jpeg 800w, https:\/\/speyer24news.com\/wp-content\/uploads\/2022\/07\/88314860-3AFC-412B-AFA5-5EB4D3864186-300x225.jpeg 300w, https:\/\/speyer24news.com\/wp-content\/uploads\/2022\/07\/88314860-3AFC-412B-AFA5-5EB4D3864186-768x576.jpeg 768w, https:\/\/speyer24news.com\/wp-content\/uploads\/2022\/07\/88314860-3AFC-412B-AFA5-5EB4D3864186-678x509.jpeg 678w, https:\/\/speyer24news.com\/wp-content\/uploads\/2022\/07\/88314860-3AFC-412B-AFA5-5EB4D3864186-326x245.jpeg 326w, https:\/\/speyer24news.com\/wp-content\/uploads\/2022\/07\/88314860-3AFC-412B-AFA5-5EB4D3864186-80x60.jpeg 80w\" sizes=\"(max-width: 800px) 100vw, 800px\" \/><\/figure><\/div>\n\n\n<p>War ein LKW eines 19-J\u00e4hrigen aus Neustadt, als er am 11.07.22 um 07:05 Uhr in der Speyerdorfer Stra\u00dfe in 67433 Neustadt einer Verkehrskontrolle unterzogen wurde. Im Rahmen der Kontrolle konnte n\u00e4mlich festgestellt werden, dass das zul\u00e4ssige Gesamtgewicht um \u00fcber 700kg \u00fcberschritten war. Zudem war die bef\u00f6rderte Ladung nicht ordnungsgem\u00e4\u00df gesichert. Des Weiteren konnten diverse technische M\u00e4ngel an dem LKW erkannt werden. Nach Begutachtung des Fahrzeuges bei einer technischen Pr\u00fcfstelle wurde dem 19-j\u00e4hrigen Fahrer letztlich die Weiterfahrt untersagt und die Papiere, die Kennzeichen, sowie der Fahrzeugschl\u00fcssel sichergestellt. Neben dem Neustadter erwartet nun den gleichaltrigen Halter des LKW&#8217;s mehrere Ordnungswidrigkeitenanzeigen. Ferner wird die zust\u00e4ndige Zulassungsstelle \u00fcber den Vorfall in Kenntnis gesetzt.<\/p>\n\n\n\n<h2 class=\"wp-block-heading\">(Neustadt-Geinsheim) &#8211; Hungrige Pferde will man nicht warten lassen<\/h2>\n\n\n\n<p>Bei der Kontrolle eines mit Pferdefutter beladenen Lkw am 07.07.2022 auf der B39 bei Geinsheim stellten Beamte des Schwerverkehrskontrolltrupps der Polizeidirektion Neustadt fest, dass der Fahrer keine g\u00fcltige Berufskraftfahrerqualifikation besa\u00df. Noch schlimmer: die Kontrolleure mussten zudem registrieren, dass der Fahrer des 16-Tonners nicht mehr im Besitz einer g\u00fcltigen Fahrerlaubnis zum F\u00fchren des schweren G\u00fcterverkehrsfahrzeugs war. Diese war bereits seit fast einem Jahr abgelaufen. Die Fahrt endete vorerst. Dem Fahrzeugf\u00fchrer k\u00f6nnen ersten Ermittlungen zufolge 169 Fahrten ohne g\u00fcltige Fahrerlaubnis nachgewiesen werden. Neben ihm wird sich auch sein Arbeitgeber in dieser Angelegenheit verantworten m\u00fcssen. Denn der hat Sorge daf\u00fcr zu tragen, dass seine Fahrzeuge nur von qualifiziertem Personal mit entsprechenden Berechtigungen gef\u00fchrt werden. Nach einigen Telefonaten von der Kontroll\u00f6rtlichkeit aus konnten die Fahrzeugschl\u00fcssel zeitnah an einen herbeigeeilten Ersatzfahrer mit g\u00fcltigen Dokumenten \u00fcbergeben werden, der daf\u00fcr sorgte, dass das Futter seine hungrigen Konsumenten zeitnah erreichte.<\/p>\n\n\n\n<h2 class=\"wp-block-heading\">(L 499 \/ Speyerbrunn) &#8211; Motorradfahrer bei Verkehrsunfall verletzt<\/h2>\n\n\n\n<p>Bei einem Verkehrsunfall am 13.07.2022 gegen 12:00 Uhr auf der L499 zwischen Speyerbrunn und Schwarzbach wurde ein Motorradfahrer schwer aber nicht lebensgef\u00e4hrlich verletzt. Der 55-j\u00e4hrige Zweiradfahrer fuhr Richtung Elmstein und kollidierte vermutlich aufgrund Unachtsamkeit in einer Rechtskurve mit der Front eines entgegenkommenden LKW. Bei dem anschlie\u00dfenden Sturz zog sich der 55-J\u00e4hrige eine Fraktur des linken Unterschenkels zu. Er wurde mit dem Rettungshubschrauber in ein Krankenhaus gebracht. Der Gesamtsachschaden an Motorrad und LKW betr\u00e4gt ca. 23.000 Euro.<\/p>\n\n\n\n<h2 class=\"wp-block-heading\">(Ha\u00dfloch) &#8211; Brand von Heuballen auf fahrendem Traktor<\/h2>\n\n\n<div class=\"wp-block-image\">\n<figure class=\"aligncenter size-full\"><img decoding=\"async\" loading=\"lazy\" width=\"800\" height=\"604\" src=\"https:\/\/speyer24news.com\/wp-content\/uploads\/2022\/07\/poMMes_2022-07-13_13-22-37_3.jpeg\" alt=\"\" class=\"wp-image-47379\" srcset=\"https:\/\/speyer24news.com\/wp-content\/uploads\/2022\/07\/poMMes_2022-07-13_13-22-37_3.jpeg 800w, https:\/\/speyer24news.com\/wp-content\/uploads\/2022\/07\/poMMes_2022-07-13_13-22-37_3-300x227.jpeg 300w, https:\/\/speyer24news.com\/wp-content\/uploads\/2022\/07\/poMMes_2022-07-13_13-22-37_3-768x580.jpeg 768w, https:\/\/speyer24news.com\/wp-content\/uploads\/2022\/07\/poMMes_2022-07-13_13-22-37_3-326x245.jpeg 326w, https:\/\/speyer24news.com\/wp-content\/uploads\/2022\/07\/poMMes_2022-07-13_13-22-37_3-80x60.jpeg 80w\" sizes=\"(max-width: 800px) 100vw, 800px\" \/><\/figure><\/div>\n\n\n<p>Am 13.07.2022, gegen 12:30 Uhr, gerieten aus bisher unbekannten Gr\u00fcnden mehrere auf einem Anh\u00e4nger aufgeladene Heuballen (Rollen) in Brand. Die Heuballen wurden auf einem Feld bei NW-Geinsheim auf zwei Anh\u00e4nger aufgeladen und mit einem Traktor zum beabsichtigten Ziel der &#8222;Ponyfarm&#8220; in Ha\u00dfloch transportiert. Auf der Holidayparkstra\u00dfe, kurz vor der &#8222;Ponyfarm&#8220;, bemerkte der Fahrer und Betreiber der Farm die Entz\u00fcndung der Heuballen auf dem zweiten Anh\u00e4nger. Er fuhr das Gespann auf eine Wiese hinter der Farm, wobei sich bereits die Heuballen auf dem ersten Anh\u00e4nger ebenfalls entz\u00fcndet hatten. Dort gelang es dem Fahrer die Zugmaschine abzukoppeln und unternahm selbstst\u00e4ndige L\u00f6schversuche. Die Feuerwehr Ha\u00dfloch fand sich schnell vor Ort ein und begann mit den L\u00f6scharbeiten, welche bis ca. 15 Uhr andauerten. Ebenfalls entz\u00fcndeten sich bei der Fahrt Teile des Stra\u00dfenbanketts durch vom Anh\u00e4nger herabfallendes und brennendes Heu. Die Holidayparkstra\u00dfe musste w\u00e4hrend des Einsatzes bis kurz nach 15 Uhr voll gesperrt werden. Es wurden keine Personen und keine Tiere verletzt. Beide landwirtschaftlichen Anh\u00e4nger sowie die Ladung wurden durch das Feuer zerst\u00f6rt; die H\u00f6he des Sachschadens kann zur Zeit noch nicht beziffert werden.<\/p>\n\n\n\n<h2 class=\"wp-block-heading\">(Wachenheim) &#8211; Verkehrsunfall unter Alkohol<\/h2>\n\n\n\n<p>Am Sonntagabend, 10.07.2022, kam es am Ortausgang Wachenheim, Fahrtrichtung Bad D\u00fcrkheim, zu einem Verkehrsunfall bei welchem der Fahrzeugf\u00fchrer die Kontrolle \u00fcber sein Fahrzeug verlor und unter anderem mit einer Stra\u00dfenlaterne kollidierte. Die Polizei wurde mit zeitlichem Verzug von Zeugen verst\u00e4ndigt als das verunfallte Fahrzeug bereits abgeschleppt wurde. In dem Unfallfahrzeug befanden sich zum Unfallzeitpunkt zwei Personen (18 und 19 Jahre alt), welche bei antreffen beide alkoholisiert waren. Welche Person das Auto gef\u00fchrt hat ist aktuell Gegenstand der Ermittlungen. M\u00f6glicherweise sind die Personen im Bereich der Wachtenburg losgefahren.<\/p>\n\n\n\n<p>Hinweise zu dem Sachverhalt bitte an die Polizeiinspektion Bad D\u00fcrkheim, Tel. 06322\/963-0, oder&nbsp;<a href=\"mailto:pibadduerkheim@polizei.rlp.de\">pibadduerkheim@polizei.rlp.de<\/a><\/p>\n\n\n\n<h2 class=\"wp-block-heading\">(Bad D\u00fcrkheim) &#8211; Verkehrsunfallflucht<\/h2>\n\n\n\n<p>In der Nacht vom 13.07.2022 auf den 14.07.2022, gegen 04:30 Uhr, befuhr ein Sattelzug die Eduard-Jost-Stra\u00dfe und bog in die Goethestra\u00dfe ein. Hierbei besch\u00e4digte er eine Grundst\u00fccksbegrenzung und entfernte sich anschlie\u00dfend unerlaubt von der Unfall\u00f6rtlichkeit.<\/p>\n\n\n\n<p>Hinweise zu dem Sattelzug bitte an die Polizeiinspektion Bad D\u00fcrkheim, Tel. 06322\/963-0, oder&nbsp;<a href=\"mailto:pibadduerkheim@polizei.rlp.de\">pibadduerkheim@polizei.rlp.de<\/a><\/p>\n\n\n\n<h2 class=\"wp-block-heading\">(Bad D\u00fcrkheim) &#8211; Feuer im Kurpark<\/h2>\n\n\n\n<p>Am Montagmittag versuchte unbekannte T\u00e4terschaft, offenbar mittels Brandbeschleuniger, einen Baum im Kurpark Bad D\u00fcrkheim zu entz\u00fcnden. Durch aufmerksame Zeugen wurde die Rauchentwicklung wahrgenommen und die Feuerwehr verst\u00e4ndigt. Durch das schnelle Einschreiten konnte eine Ausbreitung des Feuers verhindert werden.<\/p>\n\n\n\n<p>Hinweise zu dem Sachverhalt bitte an die Polizeiinspektion Bad D\u00fcrkheim, Tel. 06322\/963-0, oder&nbsp;<a href=\"mailto:pibadduerkheim@polizei.rlp.de\" target=\"_blank\" rel=\"noreferrer noopener\">pibadduerkheim@polizei.rlp.de<\/a><\/p>\n\n\n\n<h2 class=\"wp-block-heading\">(Ebertsheim) &#8211; Verkehrsunfall mit Personenschaden<\/h2>\n\n\n\n<p>Am Dienstag, 12.07.22, gegen 07:25 Uhr wurde eine 59 Jahre alte Pedelecfahrerin bei einem Verkehrsunfall leicht verletzt. Eine 33 Jahre alte Pkw-Fahrerin bog zun\u00e4chst von der Leiningerstra\u00dfe nach rechts in die Eisenberger Stra\u00dfe ein. Hier wollte sie in einem Rutsch erneut nach rechts auf die dortigen Parkfl\u00e4chen fahren. Hierbei \u00fcbersah die Autofahrerin die Pedelecfahrerin, die den gemeinsamen Rad-\/Fu\u00dfweg in Richtung Mertesheim befuhr. Es kam zum Zusammensto\u00df der Fahrzeuge, wodurch die Zweiradfahrerin zu Boden st\u00fcrzte und sich leichte Verletzungen zuzog. An den Fahrzeugen entstand Sachschaden in H\u00f6he von ca. 3000 Euro.<\/p>\n\n\n\n<h2 class=\"wp-block-heading\">(Gr\u00fcnstadt) &#8211; Erneute Sachbesch\u00e4digung durch Graffiti<\/h2>\n\n\n\n<p>Wie der Polizeiinspektion Gr\u00fcnstadt am Dienstag angezeigt wurde, bespr\u00fchten unbekannte T\u00e4ter mit roter Farbe erneut die Wand der Autobahnunterf\u00fchrung westlich der Sausenheimer Stra\u00dfe \/ L 453. Nach der letzten Tat, die am 03.07.22 angezeigt wurde, waren die Schriftz\u00fcge am 07.07.22 durch die Autobahnmeisterei mit grauer Farbe \u00fcberstrichen worden. Auf dem \u00dcberstrichenen wurden nun unter anderem Hakenkreuze und der Schriftzug &#8222;ICH HAB MEHR FARBE ALS DU&#8220; aufgespr\u00fcht. Die Hakenkreuze erf\u00fcllen au\u00dferdem den Tatbestand des Verwendens von Kennzeichen verfassungswidriger Organisationen. Hinweise nimmt die Polizeiinspektion Gr\u00fcnstadt unter 06359\/9312-0 entgegen.<\/p>\n\n\n\n<h2 class=\"wp-block-heading\">(Obrigheim) &#8211; Vorfahrt missachtet<\/h2>\n\n\n\n<p>Am Mittwoch, 13.07.22, gegen 11:25 Uhr kam es zu einem Verkehrsunfall, bei dem zwei Personen leicht verletzt wurde. Ein 50 Jahre alter Autofahrer wollte von Asselheim kommend an der Einm\u00fcndung B 271 \/ L 516, die auf Obrigheimer Gemarkung liegt, nach links in Richtung Bockenheim einbiegen. Hierbei missachtet er die Vorfahrt einer von links herannahenden 41 Jahre alten Fahrerin eines Pkw. Beide Verkehrsunfallbeteiligte wurden leicht verletzt. An den Fahrzeugen entstand Sach-schaden in H\u00f6he von ca. 19.000 Euro.<\/p>\n\n\n\n<h2 class=\"wp-block-heading\">(Frankenthal) &#8211; Aktion &#8222;Kofferraum auf&#8220; \/ Speed-Dating mit erfahrenen Polizeikr\u00e4ften am Samstag, 16.07.2022<\/h2>\n\n\n<div class=\"wp-block-image\">\n<figure class=\"aligncenter size-full\"><img decoding=\"async\" loading=\"lazy\" width=\"500\" height=\"684\" src=\"https:\/\/speyer24news.com\/wp-content\/uploads\/2022\/07\/AktionKofferraumaufPIFrankenthal.jpg\" alt=\"\" class=\"wp-image-47377\" srcset=\"https:\/\/speyer24news.com\/wp-content\/uploads\/2022\/07\/AktionKofferraumaufPIFrankenthal.jpg 500w, https:\/\/speyer24news.com\/wp-content\/uploads\/2022\/07\/AktionKofferraumaufPIFrankenthal-219x300.jpg 219w\" sizes=\"(max-width: 500px) 100vw, 500px\" \/><\/figure><\/div>\n\n\n<p>Du suchst einen abwechslungsreichen Beruf, arbeitest gerne im Team und m\u00f6chtest Dich t\u00e4glich weiterentwickeln? Dann bist Du bei unserer Aktion &#8222;Kofferraum auf&#8220; genau richtig!<\/p>\n\n\n\n<p>Wer schon einmal einen Blick in einen Streifenwagen geworfen hat, stellt fest, dass in diesem jede Menge untergebracht ist, um auf alle Einsatzlagen vorbereitet zu sein.<\/p>\n\n\n\n<p>Mit der erstmals stattfindenden Aktion &#8222;Kofferraum auf&#8220; gibt Dir die Polizeiinspektion Frankenthal einen Einblick aus erster Hand in den Berufsalltag der Polizei.<\/p>\n\n\n\n<p>Komm am Samstag, den 16. Juli 2022, auf den Rathausplatz in Frankenthal. Zwischen 10:00 &#8211; 16:00 Uhr beantworten wir Dir alle Fragen rund um den Polizeiberuf, die Bewerbungsvoraussetzungen und den Bachelorstudiengang Polizeidienst der Polizei Rheinland-Pfalz.<\/p>\n\n\n\n<p>Wie bei einem Speed-Dating k\u00f6nnt ihr vor Ort eure Fragen erfahrenen Polizeikr\u00e4ften stellen.<\/p>\n\n\n\n<p>So stehen euch eine Polizistin und Einstellungsberaterin der Polizei Frankenthal, eine Studentin der Hochschule der Polizei Rheinland-Pfalz, ein Ermittler der Kriminalpolizei und ein Kollege der Bereitschaftspolizei Rede und Antwort und zeigen euch die Karrierechancen als zuk\u00fcnftige Polizeikommissarin oder zuk\u00fcnftiger Polizeikommissar auf.<\/p>\n\n\n\n<p>Wir freuen uns auf Dich.<\/p>\n\n\n\n<p>Weitere Infos zum Polizeiberuf findest Du unter&nbsp;<a target=\"_blank\" rel=\"noreferrer noopener\" href=\"https:\/\/www.polizei.rlp.de\/de\/karriere\/\">https:\/\/www.polizei.rlp.de\/de\/karriere\/<\/a><\/p>\n\n\n\n<p>Hast Du vorab schon Fragen oder kannst zu dem Termin nicht kommen? Gerne beantworten wir Deine Fragen auch telefonisch oder per E-Mail. Schreib&#8216; uns eine Mail an&nbsp;<a href=\"mailto:pifrankenthal.einstellungsberatung@polizei.rlp.de\">pifrankenthal.einstellungsberatung@polizei.rlp.de<\/a>.<\/p>\n\n\n\n<p>Die Telefonnummern der Einstellungsberater der Polizei Frankenthal findest Du unter&nbsp;<a target=\"_blank\" rel=\"noreferrer noopener\" href=\"https:\/\/s.rlp.de\/KmPCB\">https:\/\/s.rlp.de\/KmPCB<\/a>.<\/p>\n\n\n\n<p>Daneben steht Dir auch die Einstellungsberaterin des Polizeipr\u00e4sidiums Rheinpfalz, Frau Solveig Hallstein, unter der Nummer 0621 963-1699 oder per E-Mail&nbsp;<a href=\"mailto:pprheinpfalz.einstellungen@polizei.rlp.de\">pprheinpfalz.einstellungen@polizei.rlp.de<\/a>&nbsp;zur Verf\u00fcgung.<\/p>\n\n\n\n<h2 class=\"wp-block-heading\">(Frankenthal) &#8211; Drogen im Stra\u00dfenverkehr<\/h2>\n\n\n\n<p>Am 13.07.2022, gegen 16.15 Uhr, kontrollierte eine Streife hiesiger Inspektion einen 20-j\u00e4hrigen Pkw-Fahrer aus Neuhofen in der Hans-Holbein-Stra\u00dfe. Hierbei konnten bei dem Fahrer drogentypische Aufffallerscheinungen festgestellt werden. Ein Drogenschnelltest verlief positiv auf THC. Ihm wurde auf der Dienststelle eine Blutprobe entnommen und ein Strafverfahren eingeleitet, sowie der Fahrzeugschl\u00fcssel sichergestellt. Im Rahmen der Kontrolle konnte bei den beiden 18- und 20-j\u00e4hrigen Mitfahrern noch geringe Mengen an Haschisch und Amfetamin aufgefunden werden. Auch gegen sie wurden Strafverfahren eingeleitet.<\/p>\n\n\n\n<p>Zeugen werden gebeten sich an die Polizeiinspektion Frankenthal unter der Tel.-Nr.: 06233\/313-0 oder an die Polizeiwache Maxdorf unter der Tel.-Nr.: 06237\/934-1100 zu wenden. Gerne nehmen wir Ihre Hinweise auch per E-Mail unter&nbsp;<a href=\"mailto:pifrankenthal@polizei.rlp.de\">pifrankenthal@polizei.rlp.de<\/a>&nbsp;entgegen.<\/p>\n\n\n\n<h2 class=\"wp-block-heading\">(Frankenthal) &#8211; Verkehrsunfall und Verkehrsgef\u00e4hrdung<\/h2>\n\n\n\n<p>Am 13.07.2022, gegen 08.50 Uhr, befuhr eine 73-j\u00e4hrige Frau aus Lambsheim die L 522 in Richtung Frankenthal. Als sie zwei vor ihr fahrende Traktorengespanne \u00fcberholen wollte, bemerkte sie einen Pkw im Gegenverkehr und scherte zwischen den beiden Traktorengespannen wieder ein, hierbei touchierte sie den Anh\u00e4nger des vorderen Traktorgespanns und ihr vorderer rechter Reifen platzte. Schaden am Anh\u00e4nger entsteht durch den Unfall nicht. Der entgegenkommende Pkw, nach Zeugenaussagen ein schwarzer Audi, musste, um eine Kollision zu vermeiden, bis zum Stillstand abbremsen, hiernach setzte er seine Fahrt fort. Der bislang unbekannte Fahrer wird gebeten, sich bei der Polizei Frankenthal als Zeuge zu melden.<\/p>\n\n\n\n<p>Zeugen werden gebeten sich an die Polizeiinspektion Frankenthal unter der Tel.-Nr.: 06233\/313-0 oder an die Polizeiwache Maxdorf unter der Tel.-Nr.: 06237\/934-1100 zu wenden. Gerne nehmen wir Ihre Hinweise auch per E-Mail unter&nbsp;<a href=\"mailto:pifrankenthal@polizei.rlp.de\">pifrankenthal@polizei.rlp.de<\/a>&nbsp;entgegen.<\/p>\n\n\n\n<h2 class=\"wp-block-heading\">(Frankenthal) &#8211; Verkehrsunfallflucht<\/h2>\n\n\n\n<p>Durch eine Zeugin wird gemeldet, dass am 13.07.2022, gegen 07.50 Uhr, ein schwarzer BMW mit D\u00dcW-Kennzeichen die Johann-Klein-Stra\u00dfe in Richtung Lambsheimer Stra\u00dfe befuhr und an einem rechts parkenden Pkw VW Polo den linken Au\u00dfenspiegel besch\u00e4digte. Hiernach setzte der Fahrer unerlaubt seine Fahrt fort. Am gesch\u00e4digten Pkw entstand ein Schaden von gesch\u00e4tzten 200 Euro.<\/p>\n\n\n\n<p>Zeugen werden gebeten sich an die Polizeiinspektion Frankenthal unter der Tel.-Nr.: 06233\/313-0 oder an die Polizeiwache Maxdorf unter der Tel.-Nr.: 06237\/934-1100 zu wenden. Gerne nehmen wir Ihre Hinweise auch per E-Mail unter&nbsp;<a href=\"mailto:pifrankenthal@polizei.rlp.de\">pifrankenthal@polizei.rlp.de<\/a>&nbsp;entgegen.<\/p>\n\n\n\n<h2 class=\"wp-block-heading\">(Frankenthal) &#8211; Verkehrsunfallflucht<\/h2>\n\n\n\n<p>Am 12.07.2022, gegen 17.20 Uhr, wollte der Gesch\u00e4digte mit seinem Pkw Opel Meriva an der Kreuzung Nordring\/ M\u00f6rscher Stra\u00dfe nach links in die M\u00f6rscher Stra\u00dfe abbiegen und stand hierzu auf der Linksabbiegerspur. Der bislang unbekannte Fahrzeugf\u00fchrer bog an der Kreuzung mit seinem Pkw, vermutlich dunkelgrau oder anthrazitfarben, nach rechts in die M\u00f6rscher Stra\u00dfe ab und touchierte hierbei den Pkw des Gesch\u00e4digten an der rechten Fahrzeugseite. Hierdurch entstand ein gesch\u00e4tzter Schaden von etwa 4000 Euro.<\/p>\n\n\n\n<p>Zeugen werden gebeten sich an die Polizeiinspektion Frankenthal unter der Tel.-Nr.: 06233\/313-0 oder an die Polizeiwache Maxdorf unter der Tel.-Nr.: 06237\/934-1100 zu wenden. Gerne nehmen wir Ihre Hinweise auch per E-Mail unter&nbsp;<a href=\"mailto:pifrankenthal@polizei.rlp.de\">pifrankenthal@polizei.rlp.de<\/a>&nbsp;entgegen.<\/p>\n\n\n\n<h2 class=\"wp-block-heading\">(Frankenthal) &#8211; Verkehrsunfall mit verletztem Motorradfahrer<\/h2>\n\n\n\n<p>Am 11.07.2022, gegen 20.20 Uhr, befuhr ein 20-j\u00e4hriger Mann aus Frankenthal mit seinem Pkw die Beindersheimer Stra\u00dfe in Richtung Nordring. In H\u00f6he der Georg-Metz-Stra\u00dfe wollte er nach links in diese einbiegen und \u00fcbersah hierbei einen entgegenkommenden Motorradfahrer. Beim Zusammensto\u00df wurde der 39-j\u00e4hrige Motorradfahrer verletzt und zur weiteren Behandlung durch den Rettungsdienst in ein Krankenhaus verbracht. Es entstand ein Gesamtschaden von gesch\u00e4tzten 4700 Euro.<\/p>\n\n\n\n<p>Zeugen werden gebeten sich an die Polizeiinspektion Frankenthal unter der Tel.-Nr.: 06233\/313-0 oder an die Polizeiwache Maxdorf unter der Tel.-Nr.: 06237\/934-1100 zu wenden. Gerne nehmen wir Ihre Hinweise auch per E-Mail unter&nbsp;<a href=\"mailto:pifrankenthal@polizei.rlp.de\">pifrankenthal@polizei.rlp.de<\/a>&nbsp;entgegen.<\/p>\n\n\n\n<h2 class=\"wp-block-heading\">(Ludwigshafen) &#8211; Verfolgungsfahrt endet mit Blutprobe<a href=\"https:\/\/www.facebook.com\/sharer.php?u=https%3A%2F%2Fwww.presseportal.de%2Fblaulicht%2Fpm%2F117696%2F5272866%2F%3Futm_source%3Dfacebook%26utm_medium%3Dsocial\"><\/a><a href=\"https:\/\/twitter.com\/intent\/tweet?text=POL-PPRP%3A%20Verfolgungsfahrt%20endet%20mit%20Blutprobe&amp;url=https%3A%2F%2Fwww.presseportal.de%2Fblaulicht%2Fpm%2F117696%2F5272866%2F%3Futm_source%3Dtwitter%26utm_medium%3Dsocial&amp;hashtags=ots&amp;lang=de\"><\/a><a href=\"https:\/\/web.whatsapp.com\/send?text=POL-PPRP%3A%20Verfolgungsfahrt%20endet%20mit%20Blutprobe%0A%0Ahttps%3A%2F%2Fwww.presseportal.de%2Fblaulicht%2Fpm%2F117696%2F5272866%2F%3Futm_source%3Dwhatsapp%26utm_medium%3Dsocial\"><\/a><a href=\"https:\/\/www.xing.com\/app\/user?op=share;url=https%3A%2F%2Fwww.presseportal.de%2Fblaulicht%2Fpm%2F117696%2F5272866%2F%3Futm_source%3Dxing%26utm_medium%3Dsocial\"><\/a><a href=\"http:\/\/www.linkedin.com\/shareArticle?mini=true&amp;url=https%3A%2F%2Fwww.presseportal.de%2Fblaulicht%2Fpm%2F117696%2F5272866%2F%3Futm_source%3Dlinkedin%26utm_medium%3Dsocial&amp;title=POL-PPRP%3A+Verfolgungsfahrt+endet+mit+Blutprobe\"><\/a><a href=\"mailto:?subject=POL-PPRP%3A%20Verfolgungsfahrt%20endet%20mit%20Blutprobe&amp;body=https:\/\/www.presseportal.de\/blaulicht\/pm\/117696\/5272866\"><\/a><\/h2>\n\n\n\n<p>Eine Polizeistreife wollte am Mittwoch (13.07.2022) gegen 20.20 Uhr einen 19-J\u00e4hrigen mit seinem Kleinkraftrad (Roller) im Bereich der Mundenheimer Stra\u00dfe kontrollieren, als dieser beim Erblicken der Streife fl\u00fcchtete. Auf Anhaltsignale reagierte der 19-J\u00e4hrige nicht. Auf der Flucht \u00fcber Gehwege missachtete er rote Ampeln und stie\u00df beinahe mit parkenden Autos zusammen. Die Polizeistreife lie\u00df sich jedoch nicht absch\u00fctteln. Dies bemerkte auch wohl der 19-J\u00e4hrige und blieb im Bereich der Thorwaldstra\u00dfe stehen, wo er sich widerstandslos festnehmen lie\u00df. Der 19-J\u00e4hrige besitzt keinen F\u00fchrerschein und stand unter Bet\u00e4ubungsmitteleinfluss. Auf einer Polizeidienststelle wurde ihm eine Blutprobe entnommen.<\/p>\n\n\n\n<h2 class=\"wp-block-heading\">(B 44 \/ Ludwigshafen) &#8211; Auffahrunfall auf der B44 mit Totalschaden<\/h2>\n\n\n\n<p>Wegen eines technischen Defekts blieb der Pkw einer 44-J\u00e4hrige am Mittwochnachmittag (13.07.2022) auf der Fahrbahn der B44 zwischen der Ausfahrt Bruchwiesenstra\u00dfe und Ausfahrt Heinigstra\u00dfe liegen. Ein 60-j\u00e4hriger Pkw-Fahrer konnte nicht mehr rechtzeitig bremsen und fuhr auf den stehenden Pkw auf. Durch den Unfall wurden beide Verkehrsteilnehmer verletzt und anschlie\u00dfend in ein Krankenhaus gebracht. Der Sachschaden bel\u00e4uft sich auf mindestens 10.000 Euro.<\/p>\n\n\n\n<h2 class=\"wp-block-heading\">(Ludwigshafen) &#8211; Kind angesprochen<\/h2>\n\n\n<div class=\"wp-block-image\">\n<figure class=\"aligncenter size-full\"><img decoding=\"async\" loading=\"lazy\" width=\"800\" height=\"618\" src=\"https:\/\/speyer24news.com\/wp-content\/uploads\/2022\/06\/Warnschild-Kinderansprecher.png\" alt=\"\" class=\"wp-image-46831\" srcset=\"https:\/\/speyer24news.com\/wp-content\/uploads\/2022\/06\/Warnschild-Kinderansprecher.png 800w, https:\/\/speyer24news.com\/wp-content\/uploads\/2022\/06\/Warnschild-Kinderansprecher-300x232.png 300w, https:\/\/speyer24news.com\/wp-content\/uploads\/2022\/06\/Warnschild-Kinderansprecher-768x593.png 768w\" sizes=\"(max-width: 800px) 100vw, 800px\" \/><\/figure><\/div>\n\n\n<p>Am Mittwoch(13.07.2022), gegen 13:00 Uhr, wurde ein 8-j\u00e4hriges M\u00e4dchen von einem unbekannten Mann am Weidenschlag angesprochen, der diese aufforderte, ihm bei einer Panne eines silbergrauen Autos zu helfen. Das M\u00e4dchen ging darauf nicht ein. <\/p>\n\n\n\n<h4 class=\"wp-block-heading\">Der Mann wird beschieben<\/h4>\n\n\n\n<ul><li><strong>\u00fcber 50 Jahre<\/strong><\/li><li><strong>ca. 1,70 m gro\u00df<\/strong><\/li><li><strong>kr\u00e4ftig mit &#8222;Bierbauch&#8220;<\/strong><\/li><li><strong>graues, volles, kurzes Haar<\/strong><\/li><li><strong>grauer Vollbart<\/strong><\/li><\/ul>\n\n\n\n<p>Wer hat den Vorfall beobachtet oder kann Hinweise zu dem Mann geben? Hinweise werden an die Polizeiwache Oggersheim unter Tel. 0621 963 &#8211; 2403 oder per Mail&nbsp;<a href=\"mailto:pwoggersheim@polizei.rlp.de\" target=\"_blank\" rel=\"noreferrer noopener\">pwoggersheim@polizei.rlp.de<\/a>&nbsp;erbeten.<\/p>\n\n\n\n<h4 class=\"wp-block-heading\">Folgende Ratschl\u00e4ge sollten Sie beachten, wenn Kinder davon erz\u00e4hlen, dass sie von Fremden angesprochen wurden:<\/h4>\n\n\n\n<ul><li><strong>Loben Sie Ihr Kind daf\u00fcr, dass es sich Ihnen anvertraut hat.<\/strong><\/li><li><strong>Vermeiden Sie Ger\u00fcchte und beugen Sie somit einer Hysterie in Ihrer Nachbarschaft vor.<\/strong><\/li><li><strong>Teilen Sie keine spekulativen Informationen \u00fcber soziale Netzwerke.<\/strong><\/li><li><strong>Melden Sie den Vorfall der Polizei. \u00dcber den Polizeinotruf 110 erreichen Sie diese zu jeder Tages- und Nachtzeit.<\/strong><\/li><li><strong>Bereiten Sie Ihre Kinder auf solche Situationen vor.<\/strong><\/li><li><strong>Eltern sollten Verhaltensregeln f\u00fcr den Schulweg und die Freizeit festlegen.<\/strong><\/li><li><strong>Schicken Sie Ihr Kind m\u00f6glichst nicht allein, sondern in kleinen Gruppen zusammen mit anderen Kindern zur Schule oder zum Spielplatz.<\/strong><\/li><li><strong>Halten Sie es zur P\u00fcnktlichkeit an. <\/strong><\/li><\/ul>\n\n\n\n<p>Wir nehmen Ihre \u00c4ngste ernst und sind stets f\u00fcr Sie ansprechbar. Melden Sie bitte jeden verd\u00e4chtigen Sachverhalt sofort bei Ihrer Polizeidienststelle oder \u00fcber Notruf. In der Brosch\u00fcre &#8222;Missbrauch verhindern&#8220; unter&nbsp;<a href=\"https:\/\/s.rlp.de\/H99vT\" target=\"_blank\" rel=\"noreferrer noopener\">https:\/\/s.rlp.de\/H99vT<\/a>&nbsp;bzw. auf der Internetseite der polizeilichen Kriminalpr\u00e4vention&nbsp;<a href=\"http:\/\/www.polizei-beratung.de\/\" target=\"_blank\" rel=\"noreferrer noopener\">www.polizei-beratung.de<\/a>&nbsp;finden Sie weitere umfangreiche Informationen zu diesem Thema.<\/p>\n\n\n\n<h2 class=\"wp-block-heading\">(Ludwigshafen) &#8211; Kind bel\u00e4stigt \/ Zeugen gesucht<\/h2>\n\n\n\n<p>Ein 8-j\u00e4hriges M\u00e4dchen wurde am Mittwoch (13.07.2022) von einem bislang unbekannten Mann bel\u00e4stigt. Das M\u00e4dchen war gegen 13 Uhr im Bereich des Zedtwitzparks auf H\u00f6he der Wilhelminenstra\u00dfe unterwegs, als ein Mann an sie herantrat und am Bein ber\u00fchrte. Eine bislang unbekannte Zeugin bekam den Vorfall mit und sprach den Mann direkt an. Die 8-J\u00e4hrige versuchte sich zeitgleich loszurei\u00dfen, wurde aber von dem Unbekannten zun\u00e4chst festgehalten. Schlie\u00dflich gelang ihr die Flucht. <\/p>\n\n\n\n<h4 class=\"wp-block-heading\">Der Mann war:<\/h4>\n\n\n\n<ul><li><strong>circa 50 Jahre alt<\/strong><\/li><li><strong>circa 1,75m gro\u00df <\/strong><\/li><li><strong>hatte dunkle Haare<\/strong><\/li><li><strong>Er trug ein schwarzes T-Shirt, eine kurze schwarze Hose und schwarze Schuhe der Marke Adidas. <\/strong><\/li><\/ul>\n\n\n\n<ul><li><strong>Die aufmerksame Zeugin war zwischen 20 und 25 Jahre alt, hatte schulterlanges blondes Haar und trug eine rote Hose und ein rotes T-Shirt. Zudem hatte sie einen Hund dabei. <\/strong><\/li><\/ul>\n\n\n\n<p>Die Polizei bittet die Zeugin sich bei der Polizei zu melden. Weitere Zeuge werden weiterhin gesucht. Sachdienliche Hinweise nimmt die Kriminalpolizei Ludwigshafen unter der Telefonnummer 0621\/963-2773 oder per E-Mail&nbsp;<a href=\"mailto:kiludwigshafen.k1.kdd@polizei.rlp.de\">kiludwigshafen.k1.kdd@polizei.rlp.de<\/a>&nbsp;entgegen.<\/p>\n\n\n\n<h2 class=\"wp-block-heading\">(Ludwigshafen) &#8211; R\u00e4uberischer Diebstahl in Supermarkt<a href=\"https:\/\/www.facebook.com\/sharer.php?u=https%3A%2F%2Fwww.presseportal.de%2Fblaulicht%2Fpm%2F117696%2F5272870%2F%3Futm_source%3Dfacebook%26utm_medium%3Dsocial\"><\/a><a href=\"https:\/\/twitter.com\/intent\/tweet?text=POL-PPRP%3A%20R%C3%A4uberischer%20Diebstahl%20in%20Supermarkt&amp;url=https%3A%2F%2Fwww.presseportal.de%2Fblaulicht%2Fpm%2F117696%2F5272870%2F%3Futm_source%3Dtwitter%26utm_medium%3Dsocial&amp;hashtags=ots&amp;lang=de\"><\/a><a href=\"https:\/\/web.whatsapp.com\/send?text=POL-PPRP%3A%20R%C3%A4uberischer%20Diebstahl%20in%20Supermarkt%0A%0Ahttps%3A%2F%2Fwww.presseportal.de%2Fblaulicht%2Fpm%2F117696%2F5272870%2F%3Futm_source%3Dwhatsapp%26utm_medium%3Dsocial\"><\/a><a href=\"https:\/\/www.xing.com\/app\/user?op=share;url=https%3A%2F%2Fwww.presseportal.de%2Fblaulicht%2Fpm%2F117696%2F5272870%2F%3Futm_source%3Dxing%26utm_medium%3Dsocial\"><\/a><a href=\"http:\/\/www.linkedin.com\/shareArticle?mini=true&amp;url=https%3A%2F%2Fwww.presseportal.de%2Fblaulicht%2Fpm%2F117696%2F5272870%2F%3Futm_source%3Dlinkedin%26utm_medium%3Dsocial&amp;title=POL-PPRP%3A+R%C3%A4uberischer+Diebstahl+in+Supermarkt\"><\/a><a href=\"mailto:?subject=POL-PPRP%3A%20R%C3%A4uberischer%20Diebstahl%20in%20Supermarkt&amp;body=https:\/\/www.presseportal.de\/blaulicht\/pm\/117696\/5272870\"><\/a><\/h2>\n\n\n\n<p>Ein Unbekannter verlie\u00df am Mittwoch (13.07.2022) gegen 12.45 Uhr einen Supermarkt in der Edigheimer Stra\u00dfe ohne den voll beladenen Einkaufswagen zu bezahlen. Ein weiterer Unbekannter hielt dem Dieb die T\u00fcr auf. Ein 50-J\u00e4hriger bekam den Diebstahl mit und sprach den T\u00e4ter an. Daraufhin schlug dieser dem Zeugen direkt in das Gesicht und fl\u00fcchtete mit dem Einkaufswagen. Durch den Schlag wurde der 50-J\u00e4hrige leicht verletzt. <\/p>\n\n\n\n<h4 class=\"wp-block-heading\">Der T\u00e4ter war:<\/h4>\n\n\n\n<ul><li><strong>zwischen 16 und 18 Jahre alt,<\/strong><\/li><li><strong>trug rote kurze Kleidung und eine Baseballm\u00fctze. <\/strong><\/li><\/ul>\n\n\n\n<p>Sachdienliche Hinweise bitte an die Polizeiinspektion Ludwigshafen 2, Telefonnummer 0621 963-2222 oder per E-Mail\u00a0<a href=\"mailto:piludwigshafen2@polizei.rlp.de\">piludwigshafen2@polizei.rlp.de<\/a>\u00a0.<\/p>\n\n\n\n<h2 class=\"wp-block-heading\">(Ludwigshafen) &#8211; Werkzeug von Firmengengel\u00e4nde gestohlen<\/h2>\n\n\n\n<p>Unbekannte gelangten in der Nacht von Dienstag (12.07.2022) auf Mittwoch (13.07.2022) auf das Gel\u00e4nde einer Firma in der Georg-Herwegh-Stra\u00dfe. Aus einem dort abgestellten Anh\u00e4nger wurden Bohrmaschinen und Kettens\u00e4gen im Gesamtwert von 1000 Euro entwendet. Sachdienliche Hinweise nimmt die Kriminalpolizei Ludwigshafen unter der Telefonnummer 0621\/963-2773 oder per E-Mail&nbsp;<a href=\"mailto:kiludwigshafen.k1.kdd@polizei.rlp.de\">kiludwigshafen.k1.kdd@polizei.rlp.de<\/a>&nbsp;entgegen<\/p>\n\n\n\n<h2 class=\"wp-block-heading\">(Ludwigshafen) &#8211; Vorsicht vor falschem Telekommitarbeiter<\/h2>\n\n\n\n<p>Im Jakobsgarten und in der Georg-Ludwig-Krebs Stra\u00dfe war am 12.07.2022, gegen 15:00 Uhr, ein vermeintlicher Telekommitarbeiter unterwegs. In beiden F\u00e4llen versuchte dieser in die Wohnung zu kommen. Einmal unter dem Vorwand Leitungen f\u00fcr ein Angebot zu messen, im anderen Fall zur Inaugenscheinnahme des Routers. Beide Wohnungsinhaber lie\u00dfen die Person nicht hinein. Haben Sie etwas beobachtet? Sachdienliche Hinweise bitte an die Polizeiinspektion Ludwigshafen 2, Telefonnummer 0621 963-2222 oder per E-Mail&nbsp;<a href=\"mailto:piludwigshafen2@polizei.rlp.de\">piludwigshafen2@polizei.rlp.de<\/a><\/p>\n\n\n\n<h2 class=\"wp-block-heading\">(Ludwigshafen) &#8211; Einbruchsdiebstahl Zeugen gesucht<a href=\"https:\/\/www.facebook.com\/sharer.php?u=https%3A%2F%2Fwww.presseportal.de%2Fblaulicht%2Fpm%2F117696%2F5271904%2F%3Futm_source%3Dfacebook%26utm_medium%3Dsocial\"><\/a><a href=\"https:\/\/twitter.com\/intent\/tweet?text=POL-PPRP%3A%20Einbruchsdiebstahl%20Zeugen%20gesucht&amp;url=https%3A%2F%2Fwww.presseportal.de%2Fblaulicht%2Fpm%2F117696%2F5271904%2F%3Futm_source%3Dtwitter%26utm_medium%3Dsocial&amp;hashtags=ots&amp;lang=de\"><\/a><a href=\"https:\/\/web.whatsapp.com\/send?text=POL-PPRP%3A%20Einbruchsdiebstahl%20Zeugen%20gesucht%0A%0Ahttps%3A%2F%2Fwww.presseportal.de%2Fblaulicht%2Fpm%2F117696%2F5271904%2F%3Futm_source%3Dwhatsapp%26utm_medium%3Dsocial\"><\/a><a href=\"https:\/\/www.xing.com\/app\/user?op=share;url=https%3A%2F%2Fwww.presseportal.de%2Fblaulicht%2Fpm%2F117696%2F5271904%2F%3Futm_source%3Dxing%26utm_medium%3Dsocial\"><\/a><a href=\"http:\/\/www.linkedin.com\/shareArticle?mini=true&amp;url=https%3A%2F%2Fwww.presseportal.de%2Fblaulicht%2Fpm%2F117696%2F5271904%2F%3Futm_source%3Dlinkedin%26utm_medium%3Dsocial&amp;title=POL-PPRP%3A+Einbruchsdiebstahl+Zeugen+gesucht\"><\/a><a href=\"mailto:?subject=POL-PPRP%3A%20Einbruchsdiebstahl%20Zeugen%20gesucht&amp;body=https:\/\/www.presseportal.de\/blaulicht\/pm\/117696\/5271904\"><\/a><\/h2>\n\n\n\n<p>In der Nacht vom 11.07. auf den 12.07. wurde in ein Nagelstudio in der Edigheimer Stra\u00dfe eingebrochen. Neben rund 800EUR Bargeld stahlen die bisher unbekannten T\u00e4ter mehrere Elektroger\u00e4te. Sachdienliche Hinweise bitte an die Polizeiinspektion Ludwigshafen 2, Telefonnummer 0621 963-2222 oder per E-Mail&nbsp;<a href=\"mailto:piludwigshafen2@polizei.rlp.de\">piludwigshafen2@polizei.rlp.de<\/a><\/p>\n\n\n\n<h2 class=\"wp-block-heading\">(Ludwigshafen) &#8211; Betrunken mit gestohlenem Auto unterwegs<\/h2>\n\n\n\n<p>Am Montagabend (11.07.2022), gegen 22:30 Uhr, kontrollierten Beamte der Polizei Ludwigshafen einen 44-j\u00e4hrigen Autofahrer in der Krummlachstra\u00dfe. Bei dem Fahrer konnten die Beamten deutlichen Alkoholgeruch feststellen. Ein Atemalkoholtest best\u00e4tigte den Verdacht. Dieser ergab einen Wert von 1,65 Promille. Dar\u00fcber hinaus stellten die Beamten fest, dass der 44-J\u00e4hrige keinen F\u00fchrerschein hat und das an dem kontrollierten Peugeot 206 nicht die passenden Kennzeichen angebracht waren. Das Auto selbst war als gestohlen gemeldet worden. Dem 44-J\u00e4hrigen wurde auf der Polizeidienststelle eine Blutprobe entnommen. Er muss sich nun u.a. wegen des Autodiebstahls, des Fahrens ohne Fahrerlaubnis und wegen Trunkenheit im Verkehr verantworten.<\/p>\n\n\n\n<h2 class=\"wp-block-heading\">(Ludwigshafen) &#8211; Falscher Vermieter<\/h2>\n\n\n\n<p>Zu einem Betrug von zwei falschen Vermietern kam es am Montag, dem 11.07.2022, gegen 19:30 Uhr, in der W\u00f6rthstra\u00dfe. Unter dem Vorwand veraltete Elektroger\u00e4te erneuern zu wollen, verschafften sich eine unbekannte Frau und ein unbekannter Mann Zutritt zur Wohnung eines Seniors. Dort schilderte die Frau, dass sie 2000EUR f\u00fcr eine Operation ben\u00f6tige. Der Senior gab der Frau 80EUR und wollte den Rest zu einem sp\u00e4teren Zeitpunkt \u00fcbergeben. Nachdem die Betr\u00fcger die Wohnung verlassen hatten, informierte sich der Wohnungsinhaber bei seinem richtigen Vermieter und wurde auf den Betrug aufmerksam.<\/p>\n\n\n\n<h4 class=\"wp-block-heading\">Die T\u00e4ter werden wie folgt beschrieben: <\/h4>\n\n\n\n<ul><li><strong>Er: ca. 50 Jahre alt, ca.  1,75 m gro\u00df, kurze, graue Haare, Hemd <\/strong><\/li><li><strong>Sie: ca. 50 Jahre alt, ca. 1,70 m gro\u00df, schulterlange Haare, wei\u00dfe FFP2 Maske<\/strong><\/li><\/ul>\n\n\n\n<p>Sachdienliche Hinweise  nimmt die Kriminalpolizei Ludwigshafen unter der Telefonnummer  0621\/963-2773 oder per E-Mail <a href=\"mailto:kiludwigshafen.k1.kdd@polizei.rlp.de\">kiludwigshafen.k1.kdd@polizei.rlp.de<\/a>  entgegen.<\/p>\n\n\n\n<h2 class=\"wp-block-heading\">(Ludwigshafen) &#8211; Einbruch in Baucontainer \/ Zeugen gesucht<\/h2>\n\n\n\n<p>Am Montag (11.07.2022), in der Zeit von 9:00 Uhr bis 12:00 Uhr, brachen Unbekannte \u00fcber ein gekipptes Fenster in einen Baucontainer in der Dessauer Stra\u00dfe ein. Aus dem Container wurde ein Laptop gestohlen. Der entstandene Schaden wird auf rund 500,- Euro gesch\u00e4tzt.<\/p>\n\n\n\n<p>Wer hat die Tat beobachtet oder kann Hinweise geben?<\/p>\n\n\n\n<p>Sachdienliche Hinweise bitte an die Polizeiinspektion Ludwigshafen 2, Telefonnummer 0621 963-2222 oder per E-Mail&nbsp;<a href=\"mailto:piludwigshafen2@polizei.rlp.de\">piludwigshafen2@polizei.rlp.de<\/a>&nbsp;.<\/p>\n\n\n\n<h2 class=\"wp-block-heading\">(Ludwigshafen) &#8211; Betrugsversuch am Telefon<\/h2>\n\n\n\n<p>Am Montagmorgen (11.07.2022) erhielt ein 63-j\u00e4hriger Ludwigshafener einen Anruf, in welchem ihm mitgeteilt wurde, dass er noch offene Rechnungen in H\u00f6he von 10.000,- Euro habe und er einen Schlichter anrufen m\u00fcsse, um eine Zwangsvollstreckung zu verhindern. Da der 63-J\u00e4hrige keine offenen Rechnungen hat, sch\u00f6pfte er Verdacht und meldete den Anruf bei der Polizei.<\/p>\n\n\n\n<h2 class=\"wp-block-heading\">(Ludwigshafen) &#8211; Betr\u00fcgerische Anrufe<\/h2>\n\n\n\n<p>Ein 48-j\u00e4hriger Ludwigshafen wurde am Montag (11.07.) drei Mal von einer Berliner Telefonnummer angerufen. \u00dcber eine Bandansage wurde ihm mitgeteilt, gegen ihn laufe ein Strafverfahren. Da er misstrauisch wurde, legte er auf. Es entstand kein Schaden.<\/p>\n\n\n\n<h2 class=\"wp-block-heading\">(Ludwigshafen) &#8211; Falsches Gewinnversprechen<\/h2>\n\n\n\n<p>Mit einem falschen Gewinnversprechen von \u00fcber 38.000EUR wurde eine 70-j\u00e4hrige Ludwigshafenerin am Montag, 11.07.2022 am Telefon \u00fcberrascht. Da die Angerufene allerdings skeptisch reagierte, entstand ihr mit dieser Betrugsmasche kein Schaden.<\/p>\n\n\n\n<h2 class=\"wp-block-heading\">(Ludwigshafen) &#8211; Diebstahl aus verschlossenem Auto<\/h2>\n\n\n\n<p>Unbekannte schlugen am Montagfr\u00fch (11.07.2022), in der Zeit von 00:00 Uhr &#8211; 05:00 Uhr, die Scheibe eines in der Bahnhofstra\u00dfe abgestellten Renault ein und entwendeten pers\u00f6nliche Sachen des Fahrzeuginhabers. Es entstand ein Schaden von rund 500EUR. Sachdienliche Hinweise bitte an die Polizeiinspektion Ludwigshafen 1, Telefonnummer 0621 963-2122 oder per E-Mail&nbsp;<a href=\"mailto:piludwigshafen1@polizei.rlp.de\">piludwigshafen1@polizei.rlp.de<\/a>&nbsp;.<\/p>\n\n\n\n<h2 class=\"wp-block-heading\">(Ludwigshafen) &#8211; Betrug durch falschen Microsoft-Mitarbeiter<\/h2>\n\n\n<div class=\"wp-block-image\">\n<figure class=\"aligncenter size-full\"><img decoding=\"async\" loading=\"lazy\" width=\"640\" height=\"427\" src=\"https:\/\/speyer24news.com\/wp-content\/uploads\/2021\/03\/Cybercrime.jpg\" alt=\"\" class=\"wp-image-33792\" srcset=\"https:\/\/speyer24news.com\/wp-content\/uploads\/2021\/03\/Cybercrime.jpg 640w, https:\/\/speyer24news.com\/wp-content\/uploads\/2021\/03\/Cybercrime-300x200.jpg 300w\" sizes=\"(max-width: 640px) 100vw, 640px\" \/><\/figure><\/div>\n\n\n<p>Bei einem 68-j\u00e4hrigen Ludwigshafener erschien am Sonntagnachmittag ein Popup-Fenster auf seinem gesperrten PC. Hierdurch wurde er aufgefordert eine Telefonnummer anzurufen. Der Aufforderung folgte der 68-J\u00e4hrige und telefonierte mit einem angeblichen Microsoft-Mitarbeiter. Der Betr\u00fcger forderte den Ludwigshafener auf mehrere Programme auf seinem PC zu installieren, wodurch ein Fernzugriff erlaubt wurde. Insgesamt wurden im Anschluss 4000,- Euro auf verschiedene Konto gebucht.<\/p>\n\n\n\n<h2 class=\"wp-block-heading\">(Ludwigshafen) &#8211; Gef\u00e4hrlicher Eingriff in den Stra\u00dfenverkehr \/ Zeugen gesucht<\/h2>\n\n\n\n<p>Ein 24-j\u00e4hriger Pkw-Fahrer wurde bereits am Samstag (09.07.2022) zwischen 19.30 Uhr und 20 Uhr von einem Motorradfahrer bedr\u00e4ngt und gen\u00f6tigt zu bremsen. Der 24-J\u00e4hrige befand sich zuvor mit seinem Pkw an einer Tankstelle in der Oderstra\u00dfe, als er Zeuge wurde, wie zwei M\u00e4nner eine Frau verbal bedr\u00e4ngten, die ihren Pkw tankte. Als die M\u00e4nner die Blicke des 24-J\u00e4hrigen bemerkten, drohten sie ihm mit Gewalt. Der junge Mann fuhr daraufhin los. Die beiden M\u00e4nner stiegen unmittelbar auf ein Motorrad und verfolgten den 24-J\u00e4hrigen. Im Bereich der Auffahrt der B9 zur A650 in Fahrtrichtung Bad D\u00fcrkheim versuchte der Motorradbeifahrer beim Vorbeifahren den rechten Au\u00dfenspiegel abzutreten. Das Vorhaben misslang jedoch. Im Anschluss bremste der Motorradfahrer den jungen Mann bis zum Stillstand aus. Letztendlich konnte der 24-J\u00e4hrige die beiden M\u00e4nner absch\u00fctteln. <\/p>\n\n\n\n<ul><li><strong>Bei dem Motorrad soll es sich um eine dunkelgraue Harley-Davidson CVO Street Glide gehandelt haben. <\/strong><\/li><li><strong>Der Fahrer war zwischen 40 und 50 Jahre alt, zwischen 1,80m und 1,90 m gro\u00df, hatte eine Glatze, breite Schultern, einen Bauchansatz und trug einen 5 bis 10 cm langen braunen Vollbart. Zudem war er im Nacken-Halsbereich t\u00e4towiert. Zum Tatzeitpunkt trug er dunkle Motorradkleidung und eine \u00e4rmellose Lederkutte mit verschiedenen aufgen\u00e4hten Patches. <\/strong><\/li><li><strong>Der Beifahrer war zwischen 1,75m und 1,80m gro\u00df und trug ebenfalls dunkle Motorradkleidung. <\/strong><\/li><\/ul>\n\n\n\n<p>Hinweise werden an die Polizeiwache Oggersheim unter Tel. 0621 963 &#8211; 2403 oder per Mail&nbsp;<a href=\"mailto:pwoggersheim@polizei.rlp.de\">pwoggersheim@polizei.rlp.de<\/a>&nbsp;erbeten.<\/p>\n\n\n\n<h2 class=\"wp-block-heading\">(Mannheim) &#8211; \u00dcberfall auf Wettb\u00fcro; Zeugen gesucht<\/h2>\n\n\n<div class=\"wp-block-image\">\n<figure class=\"aligncenter size-full\"><img decoding=\"async\" loading=\"lazy\" width=\"801\" height=\"600\" src=\"https:\/\/speyer24news.com\/wp-content\/uploads\/2020\/05\/Zeugen-gesucht-Neutral.jpg\" alt=\"\" class=\"wp-image-26598\" srcset=\"https:\/\/speyer24news.com\/wp-content\/uploads\/2020\/05\/Zeugen-gesucht-Neutral.jpg 801w, https:\/\/speyer24news.com\/wp-content\/uploads\/2020\/05\/Zeugen-gesucht-Neutral-300x225.jpg 300w, https:\/\/speyer24news.com\/wp-content\/uploads\/2020\/05\/Zeugen-gesucht-Neutral-768x575.jpg 768w, https:\/\/speyer24news.com\/wp-content\/uploads\/2020\/05\/Zeugen-gesucht-Neutral-678x509.jpg 678w, https:\/\/speyer24news.com\/wp-content\/uploads\/2020\/05\/Zeugen-gesucht-Neutral-326x245.jpg 326w, https:\/\/speyer24news.com\/wp-content\/uploads\/2020\/05\/Zeugen-gesucht-Neutral-80x60.jpg 80w\" sizes=\"(max-width: 801px) 100vw, 801px\" \/><\/figure><\/div>\n\n\n<p>Am fr\u00fchen Dienstagabend wurde ein Wettb\u00fcro in der Haderslebener Stra\u00dfe im Stadtteil Sch\u00f6nau \u00fcberfallen.<\/p>\n\n\n\n<p>Ein bislang unbekannter T\u00e4ter betrat kurz nach 18 Uhr das Wettb\u00fcro, bedrohte eine Angestellte mit einer Pistole und forderte die Herausgabe des Bargeldes.<\/p>\n\n\n\n<p>Mit wenigen hundert Euro, die der T\u00e4ter in einer Plastikt\u00fcte verstaute, fl\u00fcchtete er in Richtung Sonderburger Stra\u00dfe.<\/p>\n\n\n\n<h4 class=\"wp-block-heading\">Er wird wie folgt beschrieben: <\/h4>\n\n\n\n<ul><li><strong>ca. 23-25 Jahre<\/strong><\/li><li><strong>ca. 170-175 cm<\/strong><\/li><li><strong>auff\u00e4llig gro\u00dfe Nase<\/strong><\/li><li><strong>sehr helle Haut<\/strong><\/li><li><strong>helle Haare<\/strong><\/li><li><strong>Er trug eine graue Kapuzenjacke mit wei\u00dfem Rei\u00dfverschluss, eine blaue Jogginghose und braune, \u00e4ltere Schuhe und eine helle Sonnenbrille mit verspiegelten Regenbogengl\u00e4sern. <\/strong><\/li><li><strong>Er sprach Deutsch ohne Akzent und gab sich \u00fcberaus freundlich.<\/strong><\/li><\/ul>\n\n\n\n<p>Das Raubdezernat des Kriminalkommissariats Mannheim hat die weiteren Ermittlungen \u00fcbernommen. Ob ein Zusammenhang zu weiteren, \u00e4hnlich gelagerten \u00dcberf\u00e4llen besteht, wird gepr\u00fcft.<\/p>\n\n\n\n<p>Zeugen werden gebeten, sich beim Kriminaldauerdienst, Tel.: 0621\/174-4444 zu melden.<\/p>\n\n\n\n<h2 class=\"wp-block-heading\">(Mannheim) &#8211; Autoaufbrecher festgenommen und sogleich inhaftiert<\/h2>\n\n\n<div class=\"wp-block-image\">\n<figure class=\"aligncenter size-full\"><img decoding=\"async\" loading=\"lazy\" width=\"800\" height=\"600\" src=\"https:\/\/speyer24news.com\/wp-content\/uploads\/2019\/06\/Ausn\u00fcchterungszelle.jpg\" alt=\"\" class=\"wp-image-15212\" srcset=\"https:\/\/speyer24news.com\/wp-content\/uploads\/2019\/06\/Ausn\u00fcchterungszelle.jpg 800w, https:\/\/speyer24news.com\/wp-content\/uploads\/2019\/06\/Ausn\u00fcchterungszelle-300x225.jpg 300w, https:\/\/speyer24news.com\/wp-content\/uploads\/2019\/06\/Ausn\u00fcchterungszelle-768x576.jpg 768w, https:\/\/speyer24news.com\/wp-content\/uploads\/2019\/06\/Ausn\u00fcchterungszelle-678x509.jpg 678w, https:\/\/speyer24news.com\/wp-content\/uploads\/2019\/06\/Ausn\u00fcchterungszelle-326x245.jpg 326w, https:\/\/speyer24news.com\/wp-content\/uploads\/2019\/06\/Ausn\u00fcchterungszelle-80x60.jpg 80w\" sizes=\"(max-width: 800px) 100vw, 800px\" \/><\/figure><\/div>\n\n\n<p>Am Dienstagnachmittag wurde in den E-Quadraten ein Skoda aufgebrochen und aus ihm eine Handtasche entwendet. Neben einem geringen Bargeldbetrag und pers\u00f6nlichen Gegenst\u00e4nden, wurden auch sogenannte &#8222;Airpods&#8220; entwendet.<\/p>\n\n\n\n<p>Aufgrund der eingebauten Ortungsfunktion konnten die &#8222;Airpods&#8220; im Bereich des Hauptbahnhofs geortet werden. Gemeinsam mit einer Streife des Polizeireviers Innenstadt machte sich die Gesch\u00e4digte auf die Suche nach ihrem In-Ear-Headset.<\/p>\n\n\n\n<p>Aufgrund eines Signalgebers in den &#8222;Airpods&#8220; konnte der vermeintliche Dieb festgestellt und vorl\u00e4ufig festgenommen werden.<\/p>\n\n\n\n<p>Nachdem seine Identit\u00e4t zweifelsfrei festgestellt worden war, kam zudem noch ans Tageslicht, dass nach dem 23-j\u00e4hrigen Franzosen, der ohne festen Wohnsitz in Deutschland umherreiste, einschl\u00e4gig per Haftbefehl gefahndet wurde. Er wurde sodann in eine Justizvollzugsanstalt eingeliefert.<\/p>\n\n\n\n<p>Die Gesch\u00e4digte bekam ihre Airpods zur\u00fcck, wo ihre Handtasche mit dem restlichen Inhalt blieb, ist unbekannt.<\/p>\n\n\n\n<h2 class=\"wp-block-heading\">(Mannheim) &#8211; 59-j\u00e4hriger Tatverd\u00e4chtiger wegen des Verdachts des versuchten Mordes in Haft<\/h2>\n\n\n\n<h3 class=\"wp-block-heading\">Gemeinsame Presseerkl\u00e4rung der Staatsanwaltschaft Mannheim und des Polizeipr\u00e4sidiums Mannheim:<\/h3>\n\n\n<div class=\"wp-block-image\">\n<figure class=\"aligncenter size-full\"><img decoding=\"async\" loading=\"lazy\" width=\"800\" height=\"533\" src=\"https:\/\/speyer24news.com\/wp-content\/uploads\/2020\/06\/Zelle.jpg\" alt=\"\" class=\"wp-image-28203\" srcset=\"https:\/\/speyer24news.com\/wp-content\/uploads\/2020\/06\/Zelle.jpg 800w, https:\/\/speyer24news.com\/wp-content\/uploads\/2020\/06\/Zelle-300x200.jpg 300w, https:\/\/speyer24news.com\/wp-content\/uploads\/2020\/06\/Zelle-768x512.jpg 768w\" sizes=\"(max-width: 800px) 100vw, 800px\" \/><\/figure><\/div>\n\n\n<p>Auf Antrag der Staatsanwaltschaft Mannheim wurde durch das Amtsgericht Mannheim Haftbefehl gegen einen 59-j\u00e4hrigen deutschen Staatsangeh\u00f6rigen erlassen. Er steht im dringenden Verdacht, am Montagabend im Mannheimer M\u00fchlauhafen einen versuchten Mord und eine gef\u00e4hrliche K\u00f6rperverletzung begangen sowie unerlaubt Schusswaffen besessen zu haben.<\/p>\n\n\n\n<p>Der Gesch\u00e4digte suchte den 59-j\u00e4hrigen Tatverd\u00e4chtigen in den Abendstunden vor dessen Wohnanschrift im Bereich des Mannheimer M\u00fchlauhafens auf. Dabei soll es zun\u00e4chst zu einer verbalen Auseinandersetzung zwischen den beiden M\u00e4nnern gekommen sein. In deren weiteren Verlauf soll der Tatverd\u00e4chtige das Feuer er\u00f6ffnet und aus n\u00e4chster N\u00e4he mehrfach auf den Gesch\u00e4digten geschossen haben. Dieser erlitt dabei unter anderem eine Schusswunde im Bauchbereich. Der 59-J\u00e4hrige begab sich anschlie\u00dfend zur\u00fcck in seine Wohnung, wo er wenig sp\u00e4ter durch Polizeibeamte widerstandslos festgenommen wurde. Bei ihm wurden zwei scharfe Schusswaffen aufgefunden.<\/p>\n\n\n\n<p>Das Opfer wurde zur Behandlung in eine Klinik eingeliefert und musste sich dort einer Notoperation unterziehen. Nach Auskunft der behandelnden \u00c4rzte bestand jedoch keine Lebensgefahr.<\/p>\n\n\n\n<p>Durch die Staatsanwaltschaft Mannheim wurde beim Amtsgericht Mannheim Haftbefehl gegen den Tatverd\u00e4chtigen wegen Flucht- und Verdunkelungsgefahr erwirkt. Er wurde am Dienstag, 12.07.2022, dem Haft- und Ermittlungsrichter beim Amtsgericht Mannheim vorgef\u00fchrt. Nach der Er\u00f6ffnung des Haftbefehls wurde er in eine Justizvollzugsanstalt eingeliefert.<\/p>\n\n\n\n<p>Die Ermittlungen der Staatsanwaltschaft Mannheim und des Kriminalkommissariats Mannheim zu den Hintergr\u00fcnden der Tat dauern an.<\/p>\n\n\n\n<h2 class=\"wp-block-heading\">(Mannheim) &#8211; \u00dcberfall auf Wettb\u00fcro; Zeugen gesucht<\/h2>\n\n\n<div class=\"wp-block-image\">\n<figure class=\"aligncenter size-full\"><img decoding=\"async\" loading=\"lazy\" width=\"801\" height=\"600\" src=\"https:\/\/speyer24news.com\/wp-content\/uploads\/2020\/05\/Zeugen-gesucht-Neutral.jpg\" alt=\"\" class=\"wp-image-26598\" srcset=\"https:\/\/speyer24news.com\/wp-content\/uploads\/2020\/05\/Zeugen-gesucht-Neutral.jpg 801w, https:\/\/speyer24news.com\/wp-content\/uploads\/2020\/05\/Zeugen-gesucht-Neutral-300x225.jpg 300w, https:\/\/speyer24news.com\/wp-content\/uploads\/2020\/05\/Zeugen-gesucht-Neutral-768x575.jpg 768w, https:\/\/speyer24news.com\/wp-content\/uploads\/2020\/05\/Zeugen-gesucht-Neutral-678x509.jpg 678w, https:\/\/speyer24news.com\/wp-content\/uploads\/2020\/05\/Zeugen-gesucht-Neutral-326x245.jpg 326w, https:\/\/speyer24news.com\/wp-content\/uploads\/2020\/05\/Zeugen-gesucht-Neutral-80x60.jpg 80w\" sizes=\"(max-width: 801px) 100vw, 801px\" \/><\/figure><\/div>\n\n\n<p>Bereits am fr\u00fchen Freitagnachmittag, des 8. Juli 2022 wurde ein Wettb\u00fcro in der Schienenstra\u00dfe \u00fcberfallen.<\/p>\n\n\n\n<p>Ein bislang unbekannter T\u00e4ter hatte gegen 12.30 Uhr das Wettb\u00fcro betreten, eine Angestellte mit einer Pistole bedroht und die Herausgabe des Bargeldes gefordert. Mit wenigen hundert Euro, die der T\u00e4ter in eine dm-Markt-Plastikt\u00fcte stopfte, fl\u00fcchtete er in Richtung Jakob-Faulhaber-Stra\u00dfe.<\/p>\n\n\n\n<h4 class=\"wp-block-heading\">Er wird wie folgt beschrieben: <\/h4>\n\n\n\n<ul><li><strong>ca. 175 cm<\/strong><\/li><li><strong>schlank<\/strong><\/li><li><strong>Er trug einen gr\u00fcnen Kapuzenpullover mit der Aufschrift Volunteer, blaue Jeans und schwarze Schuhe.<\/strong><\/li><li><strong>Dar\u00fcber hinaus trug er eine Sonnenbrille und einen blauen, medizinischen Mund-Nasenschutz.<\/strong><\/li><\/ul>\n\n\n\n<p>Das Raubdezernat des Kriminalkommissariats Mannheim hat die weiteren Ermittlungen \u00fcbernommen und bittet Zeugen, sich beim Kriminaldauerdienst, Tel.: 0621\/174-4444 zu melden.<\/p>\n\n\n\n<h2 class=\"wp-block-heading\">(Mannheim-Wohlgelegen) &#8211; Brand auf Klinikgel\u00e4nde \/ Polizei ermittelt wegen m\u00f6glicher Brandstiftung und sucht Zeugen<\/h2>\n\n\n\n<p>Am Montagabend gegen 21:50 Uhr waren Polizei und Feuerwehr aufgrund eines Brandes auf einem an die Cheliusstra\u00dfe angrenzenden Gel\u00e4ndes im Einsatz. Das Gel\u00e4nde und die darauf befindlichen Geb\u00e4udekomplexe sind einem in der R\u00f6ntgenstra\u00dfe befindlichen Klinikenkomplex zugeh\u00f6rig.<\/p>\n\n\n\n<p>Die Brandausbruchstelle lag im Inneren eines der Lagergeb\u00e4ude. Ein angrenzendes Silo mit Sauerstoff musste zur Vermeidung einer Explosion durch die Feuerwehr gek\u00fchlt werden. Nachdem das Feuer vollst\u00e4ndig gel\u00f6scht worden war konnten in unmittelbarer N\u00e4he zum Brandherd durch die eingesetzten Kr\u00e4fte mehrere durchw\u00fchlte Spinde festgestellt werden. Es wurden durch den Brand keine Personen verletzt, der entstandene Sachschaden wird auf etwa 70.000 Euro gesch\u00e4tzt. Ob und was entwendet wurde ist derzeit noch nicht bekannt.<\/p>\n\n\n\n<p>Die Ermittlungen des zust\u00e4ndigen Dezernats des Kriminalkommissariats Mannheim dauern derzeit an.<\/p>\n\n\n\n<p>Zeugen, die zur genannten Zeit verd\u00e4chtige Wahrnehmungen um das Gel\u00e4nde in der Cheliusstra\u00dfe \/ R\u00f6ntgenstra\u00dfe herum gemacht haben, oder Hinweise auf den oder die T\u00e4ter geben k\u00f6nnen werden gebeten, sich unter der Rufnummer 0621 174 &#8211; 4444 mit dem Kriminaldauerdienst in Verbindung zu setzen.<\/p>\n\n\n\n<h2 class=\"wp-block-heading\">(Mannheim-Lindenhof) &#8211; Verkehrsunfall verursacht und abgehauen \/ Verursacher vermutlich unter Alkoholeinfluss<a href=\"https:\/\/www.facebook.com\/sharer.php?u=https%3A%2F%2Fwww.presseportal.de%2Fblaulicht%2Fpm%2F14915%2F5271968%2F%3Futm_source%3Dfacebook%26utm_medium%3Dsocial\"><\/a><a href=\"https:\/\/twitter.com\/intent\/tweet?text=POL-MA%3A%20Mannheim-Lindenhof%3A%20Verkehrsunfall%20verursacht%20und%20abgehauen%20-%20Verursacher%20vermutlich%20unter%20Alkoholeinfluss&amp;url=https%3A%2F%2Fwww.presseportal.de%2Fblaulicht%2Fpm%2F14915%2F5271968%2F%3Futm_source%3Dtwitter%26utm_medium%3Dsocial&amp;hashtags=ots&amp;lang=de\"><\/a><a href=\"https:\/\/web.whatsapp.com\/send?text=POL-MA%3A%20Mannheim-Lindenhof%3A%20Verkehrsunfall%20verursacht%20und%20abgehauen%20-%20Verursacher%20vermutlich%20unter%20Alkoholeinfluss%0A%0Ahttps%3A%2F%2Fwww.presseportal.de%2Fblaulicht%2Fpm%2F14915%2F5271968%2F%3Futm_source%3Dwhatsapp%26utm_medium%3Dsocial\"><\/a><a href=\"https:\/\/www.xing.com\/app\/user?op=share;url=https%3A%2F%2Fwww.presseportal.de%2Fblaulicht%2Fpm%2F14915%2F5271968%2F%3Futm_source%3Dxing%26utm_medium%3Dsocial\"><\/a><a href=\"http:\/\/www.linkedin.com\/shareArticle?mini=true&amp;url=https%3A%2F%2Fwww.presseportal.de%2Fblaulicht%2Fpm%2F14915%2F5271968%2F%3Futm_source%3Dlinkedin%26utm_medium%3Dsocial&amp;title=POL-MA%3A+Mannheim-Lindenhof%3A+Verkehrsunfall+verursacht+und+abgehauen+-+Verursacher+vermutlich+unter+Alkoholeinfluss\"><\/a><a href=\"mailto:?subject=POL-MA%3A%20Mannheim-Lindenhof%3A%20Verkehrsunfall%20verursacht%20und%20abgehauen%20-%20Verursacher%20vermutlich%20unter%20Alkoholeinfluss&amp;body=https:\/\/www.presseportal.de\/blaulicht\/pm\/14915\/5271968\"><\/a><\/h2>\n\n\n\n<p>Einen Verkehrsunfall verursachte am Dienstagmorgen ein zun\u00e4chst unbekannter Porsche-Fahrer und fl\u00fcchtete anschlie\u00dfend von der Unfallstelle. Ein Porsche-Fahrer wollte gegen 8.45 Uhr von der Feldbergstra\u00dfe in die Steubenstra\u00dfe einbiegen. Dabei \u00fcbersah er einen querenden Fahrradfahrer und erfasste diesen am Hinterrad. Der 29-j\u00e4hrige Radler st\u00fcrzte auf die Fahrbahn und zog sich leichte Verletzungen an beiden Beinen zu. Der Porsche-Fahrer fuhr anschlie\u00dfend einfach weiter, ohne sich um den verletzten Radler zu k\u00fcmmern.<\/p>\n\n\n\n<p>Jedoch konnte sich der Radler das Kennzeichen merken. Eine \u00dcberpr\u00fcfung an der Wohnanschrift des Fahrzeughalters verlief ohne Erfolg. Jedoch plagte den 62-j\u00e4hrigen Fahrer des Porsche offenbar sein schlechtes Gewissen und er meldete sich kurz vor 10 Uhr bei der Polizei. Als eine Polizeistreife ihn aufsuchte, bemerkten die Beamten sofort deutlichen Alkoholgeruch in dessen Atem. Ein Alkoholtest ergab einen Wert von \u00fcber 1,4 Promille. Ihm wurden anschlie\u00dfend auf dem Polizeirevier Mannheim-Neckarau Blutproben entnommen.<\/p>\n\n\n\n<p>Gegen ihn wird nun wegen des Verdachts der Stra\u00dfenverkehrsgef\u00e4hrdung und wegen Unfallflucht ermittelt. Sein F\u00fchrerschein wurde beschlagnahmt.<\/p>\n\n\n\n<h2 class=\"wp-block-heading\">(Mannheim-Oststadt) &#8211; Ein 29 Jahre alter Mann wegen des Verdachts der besonders schweren r\u00e4uberischen Erpressung auf Antrag der Staatsanwaltschaft Mannheim in Untersuchungshaft<\/h2>\n\n\n\n<h3 class=\"wp-block-heading\">Gemeinsame Pressemitteilung der Staatsanwaltschaft Mannheim und des Polizeipr\u00e4sidiums Mannheim<\/h3>\n\n\n<div class=\"wp-block-image\">\n<figure class=\"aligncenter size-full\"><img decoding=\"async\" loading=\"lazy\" width=\"800\" height=\"533\" src=\"https:\/\/speyer24news.com\/wp-content\/uploads\/2020\/06\/Zelle.jpg\" alt=\"\" class=\"wp-image-28203\" srcset=\"https:\/\/speyer24news.com\/wp-content\/uploads\/2020\/06\/Zelle.jpg 800w, https:\/\/speyer24news.com\/wp-content\/uploads\/2020\/06\/Zelle-300x200.jpg 300w, https:\/\/speyer24news.com\/wp-content\/uploads\/2020\/06\/Zelle-768x512.jpg 768w\" sizes=\"(max-width: 800px) 100vw, 800px\" \/><\/figure><\/div>\n\n\n<p>Ein 29 Jahre alter Mann steht im dringenden Verdacht am Montag, den 13.06.2022 gegen 10:00 Uhr ein am Kaiserring in Mannheim befindliches Wettb\u00fcro \u00fcberfallen zu haben.<\/p>\n\n\n\n<p>Unter Vorhalt eines Messers soll er von einer Angestellten die Herausgabe von Bargeld gefordert haben. Die unter dem Eindruck der Drohung stehende Frau soll dem 29-J\u00e4hrigen daraufhin 1200 Euro Bargeld \u00fcbergeben haben. Im Anschluss fl\u00fcchtete der Tatverd\u00e4chtige samt Diebesgut in unbekannte Richtung.<\/p>\n\n\n\n<p>Die Ermittlungen des Kriminalkommissariats Mannheim und der Staatsanwaltschaft Mannheim f\u00fchrten schlie\u00dflich zu dem Tatverd\u00e4chtigen. Daraufhin erwirkte die Staatsanwaltschaft Mannheim beim Amtsgericht Mannheim einen Haftbefehl wegen Fluchtgefahr gegen den wohnsitzlosen 29-J\u00e4hrigen mit deutscher Staatsangeh\u00f6rigkeit.<\/p>\n\n\n\n<p>Noch vor dessen Festnahme stellte sich dieser in den fr\u00fchen Morgenstunden des 11.07.2022 selbst den Ermittlungsbeh\u00f6rden.<\/p>\n\n\n\n<p>Er wurde noch am selben Tag dem Haft-und Ermittlungsrichter beim Amtsgericht Mannheim vorgef\u00fchrt und nach Er\u00f6ffnung des Haftbefehls in eine Justizvollzugsanstalt eingeliefert.<\/p>\n\n\n\n<p>Die Ermittlungen der Staatsanwaltschaft Mannheim und des Kriminalkommissariats Mannheim dauern weiter an. Dabei wird auch gepr\u00fcft, ob der 29-J\u00e4hrige m\u00f6glicherweise f\u00fcr weitere bislang ungekl\u00e4rte Raub\u00fcberf\u00e4lle in Mannheim, unter anderem am 05.07.2022 auf ein Hotel, am 07.07.2022 auf ein Ladengesch\u00e4ft und am 08.07.2022 auf einen Kiosk verantwortlich sein k\u00f6nnte.<\/p>\n\n\n\n<p>Links zu den Ursprungsmeldungen vom 13.06.2022:<\/p>\n\n\n\n<p>Nr.1&nbsp;<a target=\"_blank\" rel=\"noreferrer noopener\" href=\"http:\/\/presseportal.de\/blaulicht\/pm\/14915\/5246404\">http:\/\/presseportal.de\/blaulicht\/pm\/14915\/5246404<\/a><\/p>\n\n\n\n<p>Nr.2&nbsp;<a href=\"http:\/\/presseportal.de\/blaulicht\/pm\/14915\/5247083\" target=\"_blank\" rel=\"noreferrer noopener\">http:\/\/presseportal.de\/blaulicht\/pm\/14915\/5247083<\/a><\/p>\n\n\n\n<h2 class=\"wp-block-heading\">(Mannheim-Schwetzingerstadt) &#8211; Einbruch in Kiosk \/ Zeugen gesucht!<a href=\"https:\/\/www.facebook.com\/sharer.php?u=https%3A%2F%2Fwww.presseportal.de%2Fblaulicht%2Fpm%2F14915%2F5270859%2F%3Futm_source%3Dfacebook%26utm_medium%3Dsocial\"><\/a><a href=\"https:\/\/twitter.com\/intent\/tweet?text=POL-MA%3A%20Mannheim-Schwetzingerstadt%3A%20Einbruch%20in%20Kiosk%20-%20Zeugen%20gesucht%21&amp;url=https%3A%2F%2Fwww.presseportal.de%2Fblaulicht%2Fpm%2F14915%2F5270859%2F%3Futm_source%3Dtwitter%26utm_medium%3Dsocial&amp;hashtags=ots&amp;lang=de\"><\/a><a href=\"https:\/\/web.whatsapp.com\/send?text=POL-MA%3A%20Mannheim-Schwetzingerstadt%3A%20Einbruch%20in%20Kiosk%20-%20Zeugen%20gesucht%21%0A%0Ahttps%3A%2F%2Fwww.presseportal.de%2Fblaulicht%2Fpm%2F14915%2F5270859%2F%3Futm_source%3Dwhatsapp%26utm_medium%3Dsocial\"><\/a><a href=\"https:\/\/www.xing.com\/app\/user?op=share;url=https%3A%2F%2Fwww.presseportal.de%2Fblaulicht%2Fpm%2F14915%2F5270859%2F%3Futm_source%3Dxing%26utm_medium%3Dsocial\"><\/a><a href=\"http:\/\/www.linkedin.com\/shareArticle?mini=true&amp;url=https%3A%2F%2Fwww.presseportal.de%2Fblaulicht%2Fpm%2F14915%2F5270859%2F%3Futm_source%3Dlinkedin%26utm_medium%3Dsocial&amp;title=POL-MA%3A+Mannheim-Schwetzingerstadt%3A+Einbruch+in+Kiosk+-+Zeugen+gesucht%21\"><\/a><a href=\"mailto:?subject=POL-MA%3A%20Mannheim-Schwetzingerstadt%3A%20Einbruch%20in%20Kiosk%20-%20Zeugen%20gesucht%21&amp;body=https:\/\/www.presseportal.de\/blaulicht\/pm\/14915\/5270859\"><\/a><\/h2>\n\n\n\n<p>Eingebrochen wurde in der Nacht von Sonntag auf Montag gegen 04:40 Uhr in ein Kiosk in der Kopernikusstra\u00dfe. Ein bislang unbekannter, m\u00e4nnlicher, T\u00e4ter drang gewaltsam in das Innere des Ladens ein und entwendete eine unbekannte Anzahl an Zigarettenschachteln, ein Smartphone, sowie Bargeld. Anschlie\u00dfend fl\u00fcchtete er in unbekannte Richtung. Die genaue H\u00f6he des Diebstahl- und Sachschadens ist derzeit noch Gegenstand der Ermittlungen.<\/p>\n\n\n\n<p>Zeugen, die verd\u00e4chtige Wahrnehmungen gemacht haben, werden gebeten sich beim Polizeirevier Mannheim-Oststadt, unter der Telefonnummer 0621-174-3310, zu melden.<\/p>\n\n\n\n<h2 class=\"wp-block-heading\">(Mannheim-Neckarstadt) &#8211; Hund springt vor Auto \/ Zeugen, sowie Hund und Halter gesucht!<\/h2>\n\n\n\n<p>Zu einem Verkehrsunfall kam es am Montag gegen 22:20 Uhr in der Friedrich-Ebert-Stra\u00dfe. Eine 20-J\u00e4hrige Fiat-Fahrer befuhr die Friedrich-Ebert-Stra\u00dfe in Fahrtrichtung Innenstadt, als an der Kreuzung zur Lenaustra\u00dfe v\u00f6llig unerwartet ein schwarzer Hund auf die Fahrbahn springt und mit der jungen Frau kollidierte. Unmmittelbar nach dem Aufprall rannte der Hund in Richtung Lenaustra\u00dfe davon. Hierbei eilten eine m\u00e4nnliche und eine weibliche Person dem aufgeschreckten Tier nach. Das Tier konnte bisher nicht ausfindig gemacht werden, es k\u00f6nnte sich um einen schwarzen Labrador gehandelt haben.<\/p>\n\n\n\n<p>Zeugen, die sachdienliche Hinweise zum Unfallhergang, zum Hund und\/ oder dessen Halter geben k\u00f6nnen, werden gebeten sich beim Polizeirevier Mannheim-Neckarstadt, unter der Telefonnummer 0621-33010, zu melden.<\/p>\n\n\n\n<h2 class=\"wp-block-heading\">(Mannheim-Neckarstadt) &#8211; 17-J\u00e4hriger geht auf Fahrkartenkontrolleur los \/ Zeugen gesucht<\/h2>\n\n\n\n<p>Bereits am Freitagvormittag, 24.06.2022 ging in der Stra\u00dfenbahn der Linie 3 ein 17-j\u00e4hriger Jugendlicher t\u00e4tlich auf einen Fahrkartenkontrolleur los. Der 17-J\u00e4hrige befand sich gegen 11 Uhr in der Stra\u00dfenbahn der Linie 3 in Richtung Sandhofen. Als in H\u00f6he des Neuen Messplatzes sein Fahrschein \u00fcberpr\u00fcft werden sollte, schlug er auf den 39-j\u00e4hrigen Fahrkartenkontrolleur ein, um sich dieser Kontrolle zu entziehen. Durch eine hinzugerufene Polizeistreife wurde der Jugendliche festgenommen und zum Polizeirevier Mannheim-Neckarstadt gebracht. Nach Abschluss der polizeilichen Ma\u00dfnahmen und Verst\u00e4ndigung der Eltern wurde er wieder auf freien Fu\u00df entlassen.<\/p>\n\n\n\n<p>Gegen den 17-J\u00e4hrigen wird wegen K\u00f6rperverletzung und des Verdachts des Erschleichens von Leistungen ermittelt.<\/p>\n\n\n\n<p>Da der Sachverhalt bislang noch nicht abschlie\u00dfend gekl\u00e4rt werden konnte, sucht die Polizei Zeugen, die auf den Vorfall aufmerksam geworden sind und sachdienliche Hinweise geben k\u00f6nnen. Diese werden gebeten, sich beim Kriminaldauerdienst der Kriminalpolizeidirektion Heidelberg, Tel.: 0621\/174-4444 zu melden.<\/p>\n\n\n\n<h2 class=\"wp-block-heading\">(Mannheim-Feudenheim) &#8211; Geldautomatensprengung<a href=\"https:\/\/www.facebook.com\/sharer.php?u=https%3A%2F%2Fwww.presseportal.de%2Fblaulicht%2Fpm%2F14915%2F5271498%2F%3Futm_source%3Dfacebook%26utm_medium%3Dsocial\"><\/a><a href=\"https:\/\/twitter.com\/intent\/tweet?text=POL-MA%3A%20Mannheim%20-%20Geldautomatensprengung%20in%20MA-Feudenheim&amp;url=https%3A%2F%2Fwww.presseportal.de%2Fblaulicht%2Fpm%2F14915%2F5271498%2F%3Futm_source%3Dtwitter%26utm_medium%3Dsocial&amp;hashtags=ots&amp;lang=de\"><\/a><a href=\"https:\/\/web.whatsapp.com\/send?text=POL-MA%3A%20Mannheim%20-%20Geldautomatensprengung%20in%20MA-Feudenheim%0A%0Ahttps%3A%2F%2Fwww.presseportal.de%2Fblaulicht%2Fpm%2F14915%2F5271498%2F%3Futm_source%3Dwhatsapp%26utm_medium%3Dsocial\"><\/a><a href=\"https:\/\/www.xing.com\/app\/user?op=share;url=https%3A%2F%2Fwww.presseportal.de%2Fblaulicht%2Fpm%2F14915%2F5271498%2F%3Futm_source%3Dxing%26utm_medium%3Dsocial\"><\/a><a href=\"http:\/\/www.linkedin.com\/shareArticle?mini=true&amp;url=https%3A%2F%2Fwww.presseportal.de%2Fblaulicht%2Fpm%2F14915%2F5271498%2F%3Futm_source%3Dlinkedin%26utm_medium%3Dsocial&amp;title=POL-MA%3A+Mannheim+-+Geldautomatensprengung+in+MA-Feudenheim\"><\/a><a href=\"mailto:?subject=POL-MA%3A%20Mannheim%20-%20Geldautomatensprengung%20in%20MA-Feudenheim&amp;body=https:\/\/www.presseportal.de\/blaulicht\/pm\/14915\/5271498\"><\/a><\/h2>\n\n\n\n<p>Nach der Sprengung eines Geldautomaten in Mannheim-Feudenheim kurz nach 04.00 Uhr, ist die Polizei mit einem Gro\u00dfaufgebot im Einsatz. Hierbei werden die Streifenbesatzungen durch einen Hubschrauber unterst\u00fctzt. Weitere Informationen liegen aktuell nicht vor. Es wird nachberichtet<\/p>\n\n\n\n<h3 class=\"has-text-align-center wp-block-heading\">Pressemeldung Nr. 2<\/h3>\n\n\n\n<p>Am fr\u00fchen Mittwochmorgen, gegen 04:10 Uhr, sprengten bislang unbekannte T\u00e4ter einen Geldautomaten in der Hauptstra\u00dfe auf.<\/p>\n\n\n\n<p>Durch die Detonation wurden das Ger\u00e4t sowie der Vorraum, in welchem der Geldautomat stand, vollst\u00e4ndig zerst\u00f6rt. Auch ein in der N\u00e4he geparkter Fiat wurde durch umherfliegende Teile besch\u00e4digt. Da nicht ausgeschlossen werden konnte, ob durch die Explosion m\u00f6glicherweise die Statik des Mehrparteienhauses in Mitleidenschaft gezogen wurde und Besch\u00e4digungen an den Leitungen entstanden, wurden neben einem Statiker auch die Feuerwehr und die MVV hinzugezogen. Die Untersuchungen dauern derzeit noch an.<\/p>\n\n\n\n<p>Eine sofort eingeleitete Gro\u00dffahndung f\u00fchrte bislang nicht zum Aufgreifen der T\u00e4ter.<\/p>\n\n\n\n<p>Nach derzeitigem Ermittlungsstand waren an der Tatausf\u00fchrung mehrere T\u00e4ter beteiligt, die mit einem schwarzen Audi vom Tatort gefl\u00fcchtet sind. Sch\u00e4tzungsweise d\u00fcrfte ein sechsstelliger Gesamtsachschaden entstanden sein. Die H\u00f6he des Stehlgutschadens ist hingegen noch nicht bekannt und Gegenstand der weiteren Ermittlungen der Kriminalinspektion 2 der Kriminalpolizeidirektion Heidelberg.<\/p>\n\n\n\n<p>Die Zentrale Kriminaltechnik der Kriminalpolizeidirektion Heidelberg wurde mit der Spurensicherung am Tatort beauftragt. Sprengstoffexperten des Landeskriminalamts Stuttgart wurden ebenfalls in die weiteren Ermittlungen und Auswertung der Spuren miteingebunden.<\/p>\n\n\n\n<h4 class=\"wp-block-heading\">T\u00e4terbeschreibung:<\/h4>\n\n\n\n<ul><li><strong>Bislang ist nur bekannt, dass die T\u00e4ter dunkel gekleidet waren und Maskierungsmittel sowie Stirnlampen getragen haben.<\/strong><\/li><\/ul>\n\n\n\n<p>Zeugen, die sachdienliche Hinweise zu den T\u00e4tern, deren Fluchtfahrzeug und\/oder deren weitere Fluchtrichtung geben k\u00f6nnen, werden gebeten, sich an das kriminalpolizeiliche Hinweistelefon, Tel.: 0621 174 4444 zu wenden.<\/p>\n\n\n\n<h2 class=\"wp-block-heading\">(Mannheim-Suebenheim) &#8211; Verkehrsunfall mit hohem Sachschaden<a href=\"https:\/\/www.facebook.com\/sharer.php?u=https%3A%2F%2Fwww.presseportal.de%2Fblaulicht%2Fpm%2F14915%2F5271963%2F%3Futm_source%3Dfacebook%26utm_medium%3Dsocial\"><\/a><a href=\"https:\/\/twitter.com\/intent\/tweet?text=POL-MA%3A%20Mannheim-Suebenheim%3A%20Verkehrsunfall%20mit%20hohem%20Sachschaden&amp;url=https%3A%2F%2Fwww.presseportal.de%2Fblaulicht%2Fpm%2F14915%2F5271963%2F%3Futm_source%3Dtwitter%26utm_medium%3Dsocial&amp;hashtags=ots&amp;lang=de\"><\/a><a href=\"https:\/\/web.whatsapp.com\/send?text=POL-MA%3A%20Mannheim-Suebenheim%3A%20Verkehrsunfall%20mit%20hohem%20Sachschaden%0A%0Ahttps%3A%2F%2Fwww.presseportal.de%2Fblaulicht%2Fpm%2F14915%2F5271963%2F%3Futm_source%3Dwhatsapp%26utm_medium%3Dsocial\"><\/a><a href=\"https:\/\/www.xing.com\/app\/user?op=share;url=https%3A%2F%2Fwww.presseportal.de%2Fblaulicht%2Fpm%2F14915%2F5271963%2F%3Futm_source%3Dxing%26utm_medium%3Dsocial\"><\/a><a href=\"http:\/\/www.linkedin.com\/shareArticle?mini=true&amp;url=https%3A%2F%2Fwww.presseportal.de%2Fblaulicht%2Fpm%2F14915%2F5271963%2F%3Futm_source%3Dlinkedin%26utm_medium%3Dsocial&amp;title=POL-MA%3A+Mannheim-Suebenheim%3A+Verkehrsunfall+mit+hohem+Sachschaden\"><\/a><a href=\"mailto:?subject=POL-MA%3A%20Mannheim-Suebenheim%3A%20Verkehrsunfall%20mit%20hohem%20Sachschaden&amp;body=https:\/\/www.presseportal.de\/blaulicht\/pm\/14915\/5271963\"><\/a><\/h2>\n\n\n\n<p>Zwei leichtverletzte Personen und erheblicher Sachschaden sind die Bilanz eines Verkehrsunfalls in der Nacht von Dienstag auf Mittwoch. Ein 19-j\u00e4hriger Mann war gegen Mitternacht mit seinem hochmotorisierten Mercedes AMG auf der Schwabenstra\u00dfe von Suebenheim in Richtung Seckenheim unterwegs. Dabei erkannte er, vermutlich aufgrund nicht angepasster Geschwindigkeit, den Kreisverkehr in H\u00f6he der Suebenheimer Allee zu sp\u00e4t und fuhr geradeaus auf die steinerne B\u00f6schung des Kreisverkehrs auf und prallte dort gegen einen Baum, wo das Fahrzeug liegenblieb. Der 19-J\u00e4hrige sowie dessen gleichaltrige Beifahrerin erlitten leichte Verletzungen und wurden in ein Krankenhaus eingeliefert. Anzeichen f\u00fcr eine Beeinflussung durch Alkohol oder Drogen konnte bei dem Fahrer nicht festgestellt werden.<\/p>\n\n\n\n<p>An dem Mercedes entstand wirtschaftlicher Totalschaden in H\u00f6he von rund 70.000 Euro. Das Fahrzeug musste mit einem Kranfahrzeug geborgen und schlie\u00dflich abgeschleppt werden.<\/p>\n\n\n\n<h2 class=\"wp-block-heading\">(Mannheim-Vogelstang) &#8211; Unbekannter Verkehrsteilnehmer verliert Fahrzeugteil \/ mehrere Fahrzeuge besch\u00e4digt &#8211; Zeugen gesucht<\/h2>\n\n\n\n<p>Am Dienstagmittag verlor ein unbekannter Verkehrsteilnehmer auf der B 38 bei Mannheim ein Fahrzeugteil, wodurch im Anschluss mehrere Fahrzeuge besch\u00e4digt wurden. Das Fahrzeugteil, vermutlich das Verbindungsrohr einer Abgasanlage, war auf der stadteinw\u00e4rts f\u00fchrenden Fahrbahn der B 38 in H\u00f6he der Abzweigung zur Gorxheimer Stra\u00dfe liegengeblieben. Gegen 13 Uhr \u00fcberfuhr ein BMW-Fahrer das Teil, das dadurch in die Luft geschleudert wurde und anschlie\u00dfend gegen die Frontscheibe eines nachfolgenden Lastwagens prallte und diese durchschlug. Danach rollte oder flog das Rohr \u00fcber den Lastwagen, wo es wieder auf der Fahrbahn liegenblieb. Der Fahrer eines dahinter befindlichen Opel konnte noch rechtzeitig bremsen und sein Fahrzeug zum Stillstand bringen. Der BMW und der Lastwagen wurden durch das Fahrzeugteil besch\u00e4digt, wobei Sachschaden in H\u00f6he von mindestens 5.000 Euro entstand. Am Opel konnten bislang keine Besch\u00e4digungen festgestellt werden.<\/p>\n\n\n\n<p>Hinweise auf den Verkehrsteilnehmer, der das beschriebene Teil verloren und liegengelassen hat, konnten bislang nicht erlangt werden. Zeugen, die diesbez\u00fcglich sachdienliche Hinweise geben k\u00f6nnen, werden gebeten, sich bei der Autobahnpolizei Mannheim, Tel.: 0621\/47093-0 zu melden.<\/p>\n\n\n\n<h2 class=\"wp-block-heading\">(Edingen-Neckarhausen \/ Rhein-Neckar-Kreis) &#8211; 23-J\u00e4hriger bewirft Stra\u00dfenbahn mit Steinen und gef\u00e4hrdet Personen<\/h2>\n\n\n\n<p>Mittwochnacht gegen 23:10 Uhr mussten mehrere Streifen des Polizeireviers Ladenburg am Edinger Bahnhof t\u00e4tig werden. Dort hatte ein 23-J\u00e4hriger Schottersteine auf eine stehende Stra\u00dfenbahn geworfen. Der Mann soll gezielt auf Glasscheiben, hinter denen Personen sa\u00dfen, sowie auf einen Mann, der sich au\u00dferhalb der Stra\u00dfenbahn befand, geworfen haben. Durch die Steinw\u00fcrfe wurden mehrere Glasscheiben besch\u00e4digt, die Glasscheiben des Fahrerstands gingen zu Bruch. Die Stra\u00dfenbahnfahrerin befand sich zu dem Zeitpunkt au\u00dferhalb der Stra\u00dfenbahn. Der 23-J\u00e4hrige fl\u00fcchtete zun\u00e4chst zu Fu\u00df, konnte jedoch durch die eingesetzten Streifen des Polizeireviers Ladenburg in einem unverschlossenen Fahrzeug in der Bahnhofstra\u00dfe entdeckt und festgenommen werden. Ein freiwilliger Atemalkoholtest ergab einen Wert von knapp 2 Promille, weshalb dem Mann eine Blutprobe entnommen und er mangels Verkehrsf\u00e4higkeit in Gewahrsam genommen wurde.<\/p>\n\n\n\n<p>Von den rund 40 Personen die sich zu dem Zeitpunkt in der Stra\u00dfenbahn befanden wurde niemand verletzt. Der Schaden an der Stra\u00dfenbahn wird auf mindestens 10.000 Euro gesch\u00e4tzt.<\/p>\n\n\n\n<p>Das Polizeirevier Ladenburg ermittelt nun wegen gef\u00e4hrlichen Eingriffs in den Stra\u00dfenverkehr gegen den 23-J\u00e4hrigen.<\/p>\n\n\n\n<h2 class=\"wp-block-heading\">(Eppelheim \/ Heidelberg) &#8211; Gastst\u00e4tteneinbruch; zwei jugendliche Tatverd\u00e4chtige vorl\u00e4ufig festgenommen<\/h2>\n\n\n<div class=\"wp-block-image\">\n<figure class=\"aligncenter size-full\"><img decoding=\"async\" loading=\"lazy\" width=\"800\" height=\"600\" src=\"https:\/\/speyer24news.com\/wp-content\/uploads\/2019\/06\/Ausn\u00fcchterungszelle.jpg\" alt=\"\" class=\"wp-image-15212\" srcset=\"https:\/\/speyer24news.com\/wp-content\/uploads\/2019\/06\/Ausn\u00fcchterungszelle.jpg 800w, https:\/\/speyer24news.com\/wp-content\/uploads\/2019\/06\/Ausn\u00fcchterungszelle-300x225.jpg 300w, https:\/\/speyer24news.com\/wp-content\/uploads\/2019\/06\/Ausn\u00fcchterungszelle-768x576.jpg 768w, https:\/\/speyer24news.com\/wp-content\/uploads\/2019\/06\/Ausn\u00fcchterungszelle-678x509.jpg 678w, https:\/\/speyer24news.com\/wp-content\/uploads\/2019\/06\/Ausn\u00fcchterungszelle-326x245.jpg 326w, https:\/\/speyer24news.com\/wp-content\/uploads\/2019\/06\/Ausn\u00fcchterungszelle-80x60.jpg 80w\" sizes=\"(max-width: 800px) 100vw, 800px\" \/><\/figure><\/div>\n\n\n<p>Vorl\u00e4ufig festgenommen wurden am fr\u00fchen Donnerstagmorgen zwei Jugendliche im Alter von 14 und 17 Jahren.<\/p>\n\n\n\n<p>Sie stehen im dringenden Verdacht, kurz vor 4 Uhr, in ein Restaurant in der Boschstra\u00dfe eingebrochen zu sein.<\/p>\n\n\n\n<p>Ein Zeuge hatte die Polizei verst\u00e4ndigt, die mit einem Gro\u00dfaufgebot schnell vor Ort waren. Den Einbrechern war es zun\u00e4chst gelungen, noch vor Eintreffen der ersten Streife, zu fl\u00fcchten.<\/p>\n\n\n\n<p>Ein Zeuge hatte wiederum einen der T\u00e4ter \u00fcber die Handelsstra\u00dfe auf ein Firmengrundst\u00fcck rennen sehen. Der gesamte Bereich rund um den Tatort wurde mit in insgesamt elf Streifenwagen abgeriegelt und mit zwei Polizeihunden abgesucht.<\/p>\n\n\n\n<p>Dies f\u00fchrte schlie\u00dflich kurz nach 5 Uhr zur Festnahme der beiden Verd\u00e4chtigen, die sich auf einem Firmengrundst\u00fcck, hinter einer Mauer versteckt gehalten hatten.<\/p>\n\n\n\n<p>Wie die weiteren Ermittlungen ergaben, soll das Duo auch f\u00fcr einen Einbruch am Abend des 01. Juli 2022 in die B\u00fcror\u00e4ume der &#8222;Caritas&#8220; im Margot-Becke-Ring in Kirchheim verantwortlich sein.<\/p>\n\n\n\n<p>Ein Zeuge hatte sich aufgrund der polizeilichen Pressemitteilung vom 04. Juli 2022, 13.36 Uhr, gemeldet, und wichtige Hinweise geliefert, die die Ermittler auf die Spur der beiden Verd\u00e4chtigen f\u00fchrte.<\/p>\n\n\n\n<p>Ob die Jugendlichen f\u00fcr weitere Einbr\u00fcche in Frage kommen ist Gegenstand weiterer Ermittlungen.<\/p>\n\n\n\n<p>Nach Durchf\u00fchrung der ersten polizeilichen Ma\u00dfnahmen im Hinblick auf den Eppelheimer Einbruch, wurde beide im Laufe des Donnerstagvormittags wieder entlassen.<\/p>\n\n\n\n<h2 class=\"wp-block-heading\">(Eppelheim \/ Rhein-Neckar-Kreis) &#8211; Einbruch in Fu\u00dfpflegestudio; Wer kann Hinweise geben?<\/h2>\n\n\n\n<p>In der Nacht von Montag, 11.07.2022 auf Dienstag, 12.07.2022 brachen ein oder mehrere bislang unbekannte T\u00e4ter in ein Fu\u00dfpflegestudio in der Wasserturmstra\u00dfe ein und entwendeten einen niedrigen dreistelligen Bargeldbetrag. Anschlie\u00dfend ergriffen der oder die T\u00e4ter die Flucht in unbekannte Richtung.<\/p>\n\n\n\n<p>Das Polizeirevier Heidelberg-S\u00fcd hat die weiteren Ermittlungen aufgenommen und bittet Zeugen, die sachdienliche Hinweise geben k\u00f6nnen, sich unter der Tel.: 06221 34180 zu melden.<\/p>\n\n\n\n<h2 class=\"wp-block-heading\">(Heidelberg) &#8211; Unfallflucht; Zeugen gesucht<\/h2>\n\n\n\n<p>Wegen des Verdachts der Unfallflucht ermittelt das Polizeirevier HD-Nord gegen einen bislang unbekannten Autofahrer\/Autofahrerin.<\/p>\n\n\n\n<p>Der\/die Unbekannte besch\u00e4digte beim Vorbeifahren einen Toyota Yaris der am Mittwoch, den 13. Juli, zwischen 18.30-20.15 Uhr, vor dem Anwesen Bergstr. 40 im Stadtteil Neuenheim abgestellt war.<\/p>\n\n\n\n<p>Dabei wurde der Kleinwagen auf der Fahrerseite erheblich besch\u00e4digt, sodass angenommen werden muss, dass das Fahrzeug des Verursachers\/Verursacherin ebenfalls erheblich besch\u00e4digt wurde.<\/p>\n\n\n\n<p>Der Sachschaden bel\u00e4uft sich nach ersten Sch\u00e4tzungen auf \u00fcber 3.000.- Euro.<\/p>\n\n\n\n<p>Hinweise bitte an das Polizeirevier HD-Nord, Tel.: 06221\/4569-0.<\/p>\n\n\n\n<h2 class=\"wp-block-heading\">(Heidelberg \/ Schwetzingen \/ R\u00f6dermark) &#8211; Nach Festnahme von mutma\u00dflichem Einbrecher-Quartett: Kripo sucht nach Schmuck-Besitzern<\/h2>\n\n\n\n<h3 class=\"wp-block-heading\">Gemeinsame Pressemitteilung der Staatsanwaltschaft Darmstadt und des Polizeipr\u00e4sidiums S\u00fcdosthessen von Mittwoch, 13.07.2022<\/h3>\n\n\n<div class=\"wp-block-image\">\n<figure class=\"aligncenter size-full\"><img decoding=\"async\" loading=\"lazy\" width=\"600\" height=\"600\" src=\"https:\/\/speyer24news.com\/wp-content\/uploads\/2022\/07\/Schmuck.jpg\" alt=\"\" class=\"wp-image-47382\" srcset=\"https:\/\/speyer24news.com\/wp-content\/uploads\/2022\/07\/Schmuck.jpg 600w, https:\/\/speyer24news.com\/wp-content\/uploads\/2022\/07\/Schmuck-300x300.jpg 300w, https:\/\/speyer24news.com\/wp-content\/uploads\/2022\/07\/Schmuck-150x150.jpg 150w\" sizes=\"(max-width: 600px) 100vw, 600px\" \/><figcaption>Eines von \u00fcber 50 Schmuckst\u00fccken die auf seinen Besitzer\/in warten. Mehr im Link unter: <a href=\"https:\/\/k.polizei.hessen.de\/1768113281\" target=\"_blank\" rel=\"noreferrer noopener\">https:\/\/k.polizei.hessen.de\/1768113281<\/a><\/figcaption><\/figure><\/div>\n\n\n<p>Sie stammen offenbar aus mehreren Eigentumsdelikten, befinden sich nun jedoch in polizeilicher Verwahrung: Nach der Sicherstellung mehrere Hand- und Ohrringe, Halsketten und weiterer Schmuckgegenst\u00e4nde suchen Ermittler der Staatsanwaltschaft Darmstadt und des Offenbacher Kommissariats f\u00fcr Einbruchsdelikte (K 21) nach den Eigent\u00fcmerinnen und Eigent\u00fcmern von \u00fcber 50 zum Teil hochwertiger Schmuckst\u00fccke, die bislang noch nicht zugeordnet werden konnten. Aufgefunden wurden diese bei Wohnungsdurchsuchungen im Rahmen eines umfangreichen Ermittlungsverfahrens wegen des Verdachts des bandenm\u00e4\u00dfigen Wohnungseinbruchdiebstahls in mehreren F\u00e4llen. Die Ermittlungen in dem Zusammenhang richten sich gegen vier Beschuldigte, von denen sich zwei nach wie vor in Untersuchungshaft befinden. Die beiden weiteren Beschuldigten wurden vom Vollzug der Untersuchungshaft verschont.<\/p>\n\n\n\n<p>Ausgangspunkt der Durchsuchungen waren akribische und phasenweise koordinierte Ermittlungen mehrerer hessischer Kripo-Dienststellen wegen mehr als einem Dutzend Wohnungseinbr\u00fcche im Bereich Mittel- und Westhessen (Gie\u00dfen, Wetzlar, Stadtallendorf, Florstadt und C\u00f6lbe beziehungsweise Wiesbaden, Oberursel und Friedrichsdorf) sowie auch in Mainz und im Raum Heidelberg (Neuenheim und Schwetzingen). Beginnend mit der ersten ihnen zugerechneten Tat im April 2021, so der Vorwurf von Staatsanwaltschaft und Kripo, sollen die Verd\u00e4chtigen bis Februar 2022 in verschiedene Wohnh\u00e4user eingebrochen sein und neben Schmuck auch andere Dinge wie etwa Bargeld, Hygieneartikel und Haushaltsger\u00e4te entwendet haben &#8211; gesch\u00e4tzter Gesamtwert etwa 200.000 Euro.<\/p>\n\n\n\n<p>Nachdem das Quartett in den Fokus der Ermittler geriet und arbeits- und zeitintensive Ermittlungen folgten, vollstreckten die Kripo-Beamten bereits Ende Februar 2022 gerichtlich angeordnete Durchsuchungsbeschl\u00fcsse bei den in R\u00f6dermark wohnhaften Beschuldigten. Neben der Festnahme der zwei M\u00e4nner im Alter von 25 und 53 Jahren sowie der beiden 26- beziehungsweise 47-j\u00e4hrigen Frauen f\u00fchrten die Durchsuchungen unter anderem zum Auffinden der in Rede stehenden Schmuckst\u00fccke. Die Fahnder gehen davon aus, dass sie aus rechtswidrigen Taten stammen, zu denen bislang noch kein Bezug hergestellt werden konnte. <\/p>\n\n\n\n<h4 class=\"wp-block-heading\">Die Beamten wenden sich daher nun an die Bev\u00f6lkerung und fragen:<\/h4>\n\n\n\n<ul><li><strong>Wem geh\u00f6ren die abgebildeten Schmuckgegenst\u00e4nde?<\/strong><\/li><li><strong>Wo und wann sind diese abhanden gekommen?<\/strong><\/li><\/ul>\n\n\n\n<p>Hinweise und Mitteilungen potentieller Gesch\u00e4digter werden via E-Mail unter&nbsp;<a href=\"mailto:hinweise-offenbach-k21.ppsoh@polizei.hessen.de\">hinweise-offenbach-k21.ppsoh@polizei.hessen.de<\/a>&nbsp;entgegengenommen.<\/p>\n\n\n\n<p>Die Bilder k\u00f6nnen unter folgender Homepage abgerufen werden:&nbsp;<a target=\"_blank\" rel=\"noreferrer noopener\" href=\"https:\/\/k.polizei.hessen.de\/1768113281\">https:\/\/k.polizei.hessen.de\/1768113281<\/a><\/p>\n\n\n\n<h2 class=\"wp-block-heading\">(Heidelberg) &#8211; Radfahrerin bei Unfall schwer verletzt<\/h2>\n\n\n\n<p>Am Dienstagmorgen, kurz nach 8 Uhr, wurde eine 62-j\u00e4hrige Fahrradfahrerin bei einem Verkehrsunfall auf der Schlierbacher Landstra\u00dfe schwer verletzt. Sie wurde nach ihrer not\u00e4rztlichen Behandlung mit einem Rettungswagen in eine Klinik gebracht.<\/p>\n\n\n\n<p>Wie die bisherigen Ermittlungen der Heidelberger Verkehrspolizei ergaben, \u00fcberquerte die Radfahrerin die Stra\u00dfe unweit der Ziegelh\u00e4user Br\u00fccke an einem \u00dcberweg bei Gr\u00fcn.<\/p>\n\n\n\n<p>Der 70-J\u00e4hrige Ford-Fahrer, der in Richtung Neckargem\u00fcnd unterwegs war und sie am \u00dcberweg erfasste, hatte offenbar das Rotlicht f\u00fcr seine Fahrtrichtung aufgrund der Sonneneinstrahlung und der entstandenen Blendwirkung \u00fcbersehen.<\/p>\n\n\n\n<p>W\u00e4hrend der Unfallaufnahme kam es im Fr\u00fchverkehr zu erheblichen Behinderungen in Richtung Innenstadt und Neckargem\u00fcnd. Kurz nach 10 Uhr war die Fahrbahn wieder frei befahrbar.<\/p>\n\n\n\n<h2 class=\"wp-block-heading\">(Heidelberg-Handschuhsheim) &#8211; Betrunkener Motorradfahrer verursacht Unfall mit drei Verletzten und fl\u00fcchtet<\/h2>\n\n\n\n<p>Einen Verkehrsunfall mit drei verletzten Personen verursachte ein betrunkener Motorradfahrer am Mittwochmittag im Feldgebiet bei Heidelberg-Handschuhsheim.<\/p>\n\n\n\n<p>Eine 43-j\u00e4hrige Frau war kurz vor 12 Uhr mit dem Fahrrad auf dem Ladenburger Weg in Richtung Allmendpfad unterwegs. Ihr 5-j\u00e4hriger Sohn fuhr mit seinem Fahrrad hinter ihr. In H\u00f6he der Kreuzung zum Mittelfeldweg kam ihnen ein Motorradfahrer mit hoher Geschwindigkeit entgegen. Dieser kam schlie\u00dflich auf die Fahrbahnseite der beiden Radler und stie\u00df mit der 43-J\u00e4hrigen zusammen. Sie st\u00fcrzte auf die Fahrbahn, ihr nachfolgender Sohn fuhr auf die Gest\u00fcrzte auf und kam ebenfalls zu Sturz. Auch der Motorradfahrer st\u00fcrzte und besch\u00e4digte ein Gel\u00e4nder neben der Fahrbahn. Er entschuldigte sich bei der Radfahrerin, gab seinen Vornamen an und h\u00e4ndigte ein Personaldokument aus, das die Frau fotografierte. Als er bemerkte, dass die Frau die Polizei zur Unfallaufnahme verst\u00e4ndigte, bestieg er sein Motorrad und fuhr davon.<\/p>\n\n\n\n<p>Die 43-j\u00e4hrige Frau und ihr Sohn erlitten leichte Verletzungen in Form von Hautabsch\u00fcrfungen. Auch der Motorradfahrer zog sich blutende Verletzungen zu.<\/p>\n\n\n\n<p>Anhand des fotografierten Dokuments konnte der Motorradfahrer identifiziert und ermittelt werden. Als die Beamten ihn an seiner Wohnanschrift aufsuchten, verhielt er sich verbal aggressiv und ging auf die Polizisten los. Deutlicher Alkoholgeruch war in dessen Atem wahrnehmbar. Nur mithilfe des Einsatzes von Pfefferspray konnte er gestoppt und zu Boden gebracht werden. Nachdem ihm Handschlie\u00dfen angelegt worden waren, wurde er zum Polizeirevier Heidelberg-Nord gebracht. Auch hier zeigte er sich weiter aggressiv. Ihm wurde eine Blutprobe entnommen. Nach Beendigung der polizeilichen Ma\u00dfnahmen und nachdem seine bei dem Unfall erlittenen Verletzungen durch Rettungskr\u00e4fte medizinisch versorgt worden waren, konnte er wieder auf freien Fu\u00df entlassen werden.<\/p>\n\n\n\n<p>Gegen den Mann wird nun wegen Stra\u00dfenverkehrsgef\u00e4hrdung, Unfallflucht und t\u00e4tlichen Angriffs auf Polizeibeamte ermittelt. Sein F\u00fchrerschein wurde einbehalten.<\/p>\n\n\n\n<h2 class=\"wp-block-heading\">(Heidelberg-Neuenheim) &#8211; Verkehrsunfall mit Unfallflucht \/ Zeugen gesucht!<\/h2>\n\n\n\n<p>Zu einem Verkehrsunfall kam es am Montag zwischen 09 Uhr und 21 Uhr in der Werderstra\u00dfe. Ein bislang unbekannter Autofahrer besch\u00e4digte einen geparkten Audi A4 und entfernte sich anschlie\u00dfend von der Unfall\u00f6rtlichkeit ohne seiner Feststellungspflicht nachzukommen. Der Sachschaden betr\u00e4gt rund 3.000 Euro.<\/p>\n\n\n\n<p>Zeugen, die sachdienliche Hinweise zum Unfallverursacher geben k\u00f6nnen, werden gebeten sich beim Polizeirevier Heidelberg-Nord, unter der Telefonnummer 06221-45690, zu melden.<\/p>\n\n\n\n<h2 class=\"wp-block-heading\">(Heidelberg-Rohrbach) &#8211; Einbrecher wird von Bewohner bemerkt und fl\u00fcchtet \/ Zeugen gesucht<\/h2>\n\n\n\n<p>Am Montagmorgen gegen 07:40 Uhr \u00fcberraschte der Bewohner einer Wohnung in der Heinrich-Fuchs-Stra\u00dfe einen unbekannten Mann, wie dieser gerade dabei war an der Hauswand in das offenstehende Schlafzimmerfenster des Bewohners zu klettern. Der Unbekannte fl\u00fcchtete daraufhin auf einem wei\u00df-grauen Fahrrad \u00fcber die Heinrich-Fuchs-Stra\u00dfe in Richtung eines Lebensmitteldiscounters und bog auf den dortigen Parkplatz ein.<\/p>\n\n\n\n<h4 class=\"wp-block-heading\">Der Mann wird wie folgt beschrieben: <\/h4>\n\n\n\n<ul><li><strong>Etwa Mitte 20<\/strong><\/li><li><strong>ca. 180 cm gro\u00df<\/strong><\/li><li><strong>s\u00fcdeurop\u00e4ischer Ph\u00e4notyp<\/strong><\/li><li><strong>schlanke Statur<\/strong><\/li><li><strong>schmales Gesicht<\/strong><\/li><li><strong>5-Tage-Bart<\/strong><\/li><li><strong>Der Mann soll akzentfreies deutsch gesprochen haben und m\u00f6glicherweise einen Zahnschiefstand gehabt haben. <\/strong><\/li><li><strong>Er soll mit einer schwarz-grauen Regenjacke bekleidet gewesen sein.<\/strong><\/li><\/ul>\n\n\n\n<p>Die Ermittlungsgruppe Eigentum der Kriminalpolizeidirektion Heidelberg ermittelt nun wegen versuchten Wohnungseinbruchdiebstahls gegen den Unbekannten. Zeugen, die Hinweise auf den Unbekannten geben k\u00f6nnen werden gebeten, sich unter der Rufnummer 0621 174 &#8211; 4444 mit dem Kriminaldauerdienst in Verbindung zu setzen.<\/p>\n\n\n\n<h2 class=\"wp-block-heading\">(Plankstadt \/ Rhein-Neckar-Kreis) &#8211; R\u00fccksichtsloser Autofahrer wird rabiat \/ Polizei sucht Zeugen und weitere Gesch\u00e4digte<a href=\"https:\/\/www.facebook.com\/sharer.php?u=https%3A%2F%2Fwww.presseportal.de%2Fblaulicht%2Fpm%2F14915%2F5271976%2F%3Futm_source%3Dfacebook%26utm_medium%3Dsocial\"><\/a><a href=\"https:\/\/twitter.com\/intent\/tweet?text=POL-MA%3A%20Plankstadt%2FRhein-Neckar-Kreis%3A%20R%C3%BCcksichtsloser%20Autofahrer%20wird%20rabiat%20-%20Polizei%20sucht%20Zeugen%20und%20weitere%20Gesch%C3%A4digte&amp;url=https%3A%2F%2Fwww.presseportal.de%2Fblaulicht%2Fpm%2F14915%2F5271976%2F%3Futm_source%3Dtwitter%26utm_medium%3Dsocial&amp;hashtags=ots&amp;lang=de\"><\/a><a href=\"https:\/\/web.whatsapp.com\/send?text=POL-MA%3A%20Plankstadt%2FRhein-Neckar-Kreis%3A%20R%C3%BCcksichtsloser%20Autofahrer%20wird%20rabiat%20-%20Polizei%20sucht%20Zeugen%20und%20weitere%20Gesch%C3%A4digte%0A%0Ahttps%3A%2F%2Fwww.presseportal.de%2Fblaulicht%2Fpm%2F14915%2F5271976%2F%3Futm_source%3Dwhatsapp%26utm_medium%3Dsocial\"><\/a><a href=\"https:\/\/www.xing.com\/app\/user?op=share;url=https%3A%2F%2Fwww.presseportal.de%2Fblaulicht%2Fpm%2F14915%2F5271976%2F%3Futm_source%3Dxing%26utm_medium%3Dsocial\"><\/a><a href=\"http:\/\/www.linkedin.com\/shareArticle?mini=true&amp;url=https%3A%2F%2Fwww.presseportal.de%2Fblaulicht%2Fpm%2F14915%2F5271976%2F%3Futm_source%3Dlinkedin%26utm_medium%3Dsocial&amp;title=POL-MA%3A+Plankstadt%2FRhein-Neckar-Kreis%3A+R%C3%BCcksichtsloser+Autofahrer+wird+rabiat+-+Polizei+sucht+Zeugen+und+weitere+Gesch%C3%A4digte\"><\/a><a href=\"mailto:?subject=POL-MA%3A%20Plankstadt%2FRhein-Neckar-Kreis%3A%20R%C3%BCcksichtsloser%20Autofahrer%20wird%20rabiat%20-%20Polizei%20sucht%20Zeugen%20und%20weitere%20Gesch%C3%A4digte&amp;body=https:\/\/www.presseportal.de\/blaulicht\/pm\/14915\/5271976\"><\/a><\/h2>\n\n\n\n<p>Ein r\u00fccksichtsloser Autofahrer wurde am fr\u00fchen Montagnachmittag in Plankstadt rabiat. Ein 57-j\u00e4hriger Mann war am Montag, kurz vor 13 Uhr, mit seinem Audi auf der K4147 hinter einem wei\u00dfen Smart von Eppelheim in Richtung Plankstadt unterwegs. Als im Gegenverkehr ein dunkler Audi auf riskante Art und Weise \u00fcberholte, mussten sowohl der 57-J\u00e4hrige als auch der Smart-Fahrer nach rechts ausweichen, um einen Frontalzusammensto\u00df mit dem \u00dcberholenden zu vermeiden. Da der Audi anschlie\u00dfend einfach davonfuhr, wendete der 57-J\u00e4hrige und folgte dem r\u00fccksichtslosen Audi-Fahrer. Als dieser seinen Audi in der Grenzh\u00f6fer Stra\u00dfe auf einem Parkplatz abstellen wollte, stellte ihn der 57-J\u00e4hrige zur Rede und wollte mit seinem Mobiltelefon ein Foto des Fahrzeugs fertigen. Daraufhin fuhr der Unbekannte mit dem Audi auf den 57-j\u00e4hrigen Mann zu und touchierte ihn mit der Fahrzeugfront, wodurch der Mann leichte Verletzungen erlitt. Anschlie\u00dfend fuhr der Unbekannte davon.<\/p>\n\n\n\n<h4 class=\"wp-block-heading\">Der Fahrer des Fahrzeugs wird wie folgt beschrieben:<\/h4>\n\n\n\n<ul><li><strong>M\u00e4nnlich<\/strong><\/li><li><strong>Ca. 18 Jahre alt<\/strong><\/li><li><strong>Hellblonde, kurze Haare<\/strong><\/li><li><strong>Schlank<\/strong><\/li><li><strong>Trug eine Brille<\/strong><\/li><\/ul>\n\n\n\n<p>Bei dem Fahrzeug soll es sich um einen dunklen Audi Avant mit get\u00f6nten Scheiben gehandelt haben. Ca. f\u00fcnf bis zehn Jahre alt, mit silberner Dachreling. M\u00f6glicherweise handelte es sich um einen Audi A4.<\/p>\n\n\n\n<p>Im Fahrzeug sa\u00dfen weitere Personen, die der Gesch\u00e4digte nicht n\u00e4her beschreiben konnte.<\/p>\n\n\n\n<p>Die Polizei sucht weitere Gesch\u00e4digte sowie Zeugen, die sachdienliche Hinweise zum gesuchten Fahrzeug und dessen Insassen geben k\u00f6nnen. Insbesondere wird die Fahrerin oder der Fahrerin des wei\u00dfen Smart gesucht, der vor dem Audi des 57-J\u00e4hrigen fuhr und ebenfalls ausweichen musste. Diese werden gebeten, sich beim Polizeirevier Schwetzingen, Tel.: 06202\/288-0 zu melden.<\/p>\n\n\n\n<h2 class=\"wp-block-heading\">(A 5, AS HD\/Schwetzingen) &#8211; R\u00fccksichtsloser SUV-Fahrer gef\u00e4hrdet wom\u00f6glich andere Verkehrsteilnehmer \/ Zeugen und Gesch\u00e4digte gesucht<a href=\"https:\/\/www.facebook.com\/sharer.php?u=https%3A%2F%2Fwww.presseportal.de%2Fblaulicht%2Fpm%2F14915%2F5271010%2F%3Futm_source%3Dfacebook%26utm_medium%3Dsocial\"><\/a><a href=\"https:\/\/twitter.com\/intent\/tweet?text=POL-MA%3A%20BAB5%2C%20Anschlussstelle%20Heidelberg%2FSchwetzingen%3A%20R%C3%BCcksichtsloser%20SUV-Fahrer%20gef%C3%A4hrdet%20wom%C3%B6glich%20andere%20Verkehrsteilnehmer%20-%20Zeugen%20und%20Gesch%C3%A4digte%20gesucht&amp;url=https%3A%2F%2Fwww.presseportal.de%2Fblaulicht%2Fpm%2F14915%2F5271010%2F%3Futm_source%3Dtwitter%26utm_medium%3Dsocial&amp;hashtags=ots&amp;lang=de\"><\/a><a href=\"https:\/\/web.whatsapp.com\/send?text=POL-MA%3A%20BAB5%2C%20Anschlussstelle%20Heidelberg%2FSchwetzingen%3A%20R%C3%BCcksichtsloser%20SUV-Fahrer%20gef%C3%A4hrdet%20wom%C3%B6glich%20andere%20Verkehrsteilnehmer%20-%20Zeugen%20und%20Gesch%C3%A4digte%20gesucht%0A%0Ahttps%3A%2F%2Fwww.presseportal.de%2Fblaulicht%2Fpm%2F14915%2F5271010%2F%3Futm_source%3Dwhatsapp%26utm_medium%3Dsocial\"><\/a><a href=\"https:\/\/www.xing.com\/app\/user?op=share;url=https%3A%2F%2Fwww.presseportal.de%2Fblaulicht%2Fpm%2F14915%2F5271010%2F%3Futm_source%3Dxing%26utm_medium%3Dsocial\"><\/a><a href=\"http:\/\/www.linkedin.com\/shareArticle?mini=true&amp;url=https%3A%2F%2Fwww.presseportal.de%2Fblaulicht%2Fpm%2F14915%2F5271010%2F%3Futm_source%3Dlinkedin%26utm_medium%3Dsocial&amp;title=POL-MA%3A+BAB5%2C+Anschlussstelle+Heidelberg%2FSchwetzingen%3A+R%C3%BCcksichtsloser+SUV-Fahrer+gef%C3%A4hrdet+wom%C3%B6glich+andere+Verkehrsteilnehmer+-+Zeugen+und+Gesch%C3%A4digte+gesucht\"><\/a><a href=\"mailto:?subject=POL-MA%3A%20BAB5%2C%20Anschlussstelle%20Heidelberg%2FSchwetzingen%3A%20R%C3%BCcksichtsloser%20SUV-Fahrer%20gef%C3%A4hrdet%20wom%C3%B6glich%20andere%20Verkehrsteilnehmer%20-%20Zeugen%20und%20Gesch%C3%A4digte%20gesucht&amp;body=https:\/\/www.presseportal.de\/blaulicht\/pm\/14915\/5271010\"><\/a><\/h2>\n\n\n\n<p>Am Montag gegen 12:15 Uhr war eine Streife der Autobahnpolizei Walldorf im Begriff einen wei\u00dfen Mercedes auf der A5 in Fahrtrichtung Heidelberg zu kontrollieren. Der Fahrer des hochmotorisierten SUV erweckte zun\u00e4chst den Anschein, auf die Anhaltesignale der Streife zu reagieren und auf den Parkplatz &#8222;Bandholz&#8220; auszufahren. Kurz vor dem Parkplatz beschleunigte der bisher unbekannte Fahrzeugf\u00fchrer seinen PKW jedoch stark und fl\u00fcchtete weiter in Richtung Heidelberg. Weitere Ermittlungen ergaben, dass der Mann besonders r\u00fccksichtslos auf H\u00f6he der Anschlussstelle Heidelberg\/Schwetzingen auf ein Stauende aufgefahren sein d\u00fcrfte und im Anschluss seine Flucht \u00fcber den Seitenstreifen fortgesetzt haben soll. In diesem Zusammenhang werden Zeugen oder Gesch\u00e4digte gesucht, welche durch das Fahrverhalten des Mercedes auf der A5 gef\u00e4hrdet wurden. Ebenso werden Zeugenhinweise zum Fahrzeugf\u00fchrer entgegengenommen. Die Autobahnpolizei Walldorf ermittelt unter anderem wegen des Verdachts der Stra\u00dfenverkehrsgef\u00e4hrdung. Hinweisgeber k\u00f6nnen sich telefonisch unter 06227\/35826-0 melden.<\/p>\n\n\n\n<h2 class=\"wp-block-heading\">(Hockenheim \/ Rhein-Neckar-Kreis) &#8211; Zusammensto\u00df an Parkplatzeinfahrt \/ Polizei sucht Zeugen<\/h2>\n\n\n\n<p>Ein Verkehrsunfall an einer Parkplatzeinfahrt ereignete sich am Mittwochmittag in Hockenheim. Ein 64-j\u00e4hriger Mann war gegen 12 Uhr mit seinem Ford Kleinbus zun\u00e4chst in der Reilinger Stra\u00dfe, von Reilingen kommend, in Richtung S\u00fcdring unterwegs. Kurz vor der Kreuzung zum S\u00fcdring bog er links in den Parkplatz einer medizinischen Einrichtung ein. Als er jedoch seine abzuholende Frau um die Ecke im S\u00fcdring wahrnahm, fuhr er auf gleichem Wege r\u00fcckw\u00e4rts aus der Parkplatzzufahrt zur\u00fcck auf die Reilinger Stra\u00dfe. Eine 25-j\u00e4hrige Mazda-Fahrerin, die ebenfalls gerade in die Parkplatzzufahrt einbiegen wollte, achtete auf den Gegenverkehr, \u00fcbersah jedoch den r\u00fcckw\u00e4rtsfahrenden 62-J\u00e4hrigen und fuhr ihm auf. Dabei entstand Sachschaden in H\u00f6he von rund 2.000 Euro.<\/p>\n\n\n\n<p>Da beiden Beteiligten unterschiedliche Schilderungen des Unfalls abgaben, konnte der Hergang bislang nicht abschlie\u00dfend gekl\u00e4rt werden. Daher sucht die Polizei Zeugen, die den Unfall beobachtet haben und sachdienliche Hinweise zum Unfallablauf geben k\u00f6nnen. Diese werden gebeten, sich beim Polizeirevier Hockenheim, Tel.: 06205\/2860-0 zu melden.<\/p>\n\n\n\n<h2 class=\"wp-block-heading\">(Hockenheim \/ Rhein-Neckar-Kreis) &#8211; Betrunken mit dem Fahrrad und ohne Fahrerlaubnis mit einem Motorroller unterwegs<\/h2>\n\n\n\n<p>Ein 64-j\u00e4hriger Mann war am zun\u00e4chst betrunken mit einem Motorroller und sp\u00e4ter mit einem Fahrrad unterwegs. Der Besitzer eines Kiosks in der Eisenbahnstra\u00dfe verst\u00e4ndigte kurz nach 10 Uhr die Polizei, da es zu einer Auseinandersetzung mit einem 64-j\u00e4hrigen Mann gekommen war, der in seinem Kiosk Hausverbot hatte. Beim Eintreffen der Beamten stellten sie deutlichen Alkoholgeruch im Atem des 64-J\u00e4hrigen fest. Zeugen berichteten zudem, dass er bereits gegen 7.45 Uhr mit einem Motorroller zur \u00d6rtlichkeit gefahren kam. Ein Alkoholtest um 10.40 Uhr ergab einen Wert von fast 2 Promille. Inwiefern er bereits zum Zeitpunkt seiner Ankunft mit dem Roller alkoholisiert war, ist unklar. Eine weitere \u00dcberpr\u00fcfung des Mannes ergab, dass er nicht im Besitz der hierf\u00fcr erforderlichen Fahrerlaubnis ist. Zur Verhinderung einer Weiterfahrt mit dem Roller wurden die Schl\u00fcssel hierf\u00fcr einbehalten. Er wurde zun\u00e4chst zum Polizeirevier Hockenheim gebracht, wo er nach Abschluss der polizeilichen Ma\u00dfnahmen wieder auf freien Fu\u00df entlassen wurde.<\/p>\n\n\n\n<p>Gegen 15.15 Uhr musste eine Polizeistreife das Kiosk erneut wegen Streitigkeiten aufsuchen. Wieder war der 64-J\u00e4hrige aufgetaucht und mit dem Kiosk-Betreiber in Streit geraten. Dieses Mal war er kurz zuvor mit einem Fahrrad vorgefahren. Da er am Morgen bereits stark alkoholisiert war, mussten die Beamten davon ausgehen, dass dessen Alkoholpegel nun noch h\u00f6her war, was ein Alkoholtest auch tats\u00e4chlich best\u00e4tigte. Dieser ergab inzwischen einen Wert von 2,3 Promille. Ihm wurde daraufhin eine Blutprobe entnommen.<\/p>\n\n\n\n<p>Gegen den Mann wird jetzt wegen Fahrens ohne Fahrerlaubnis sowie wegen Trunkenheit im Stra\u00dfenverkehr ermittelt.<\/p>\n\n\n\n<h2 class=\"wp-block-heading\">(Sandhausen \/ Rhein-Neckar-Kreis) &#8211; PKW gestreift und gefl\u00fcchtet \/ Zeugen gesucht<\/h2>\n\n\n\n<p>Am Mittwochnachmittag gegen 16 Uhr streifte ein bisher unbekannter Fahrzeugf\u00fchrer in der Stra\u00dfe &#8222;am Forst&#8220; einen am Stra\u00dfenrand geparkten blauen Ford und fl\u00fcchtete im Anschluss von der Unfallstelle. Am Ford entstand Streifschaden auf der Fahrerseite. Au\u00dferdem wurde der Seitenspiegel besch\u00e4digt. Ersten Zeugenhinweisen zu Folge d\u00fcrfte es sich bei dem Unfallverursacher um einen Mann im Alter von etwa 50 Jahren gehandelt haben. Bei dem Unfallfahrzeug handelt es sich um einen dunklen, jedoch nicht schwarzen, SUV unbekannten Herstellers. Gesucht wird zudem der Fahrer eines wei\u00dfen Kleinwagens, welcher zum Zeitpunkt des Unfalls hinter dem SUV fuhr und das Geschehen ebenfalls beobachtet haben d\u00fcrfte. Der bzw. die Fahrerin des wei\u00dfen Kleinwagens, sowie weitere Zeugen, werden gebeten, sich mit dem Polizeirevier Wiesloch unter Tel.: 06222\/5709-0 in Verbindung zu setzen.<\/p>\n\n\n\n<h2 class=\"wp-block-heading\">(Walldorf \/ Rhein-Neckar-Kreis) &#8211; Popcornmaschine ger\u00e4t in Brand, Kinobesucher evakuiert<\/h2>\n\n\n\n<p>Am Dienstagnachmittag gegen 17 Uhr kam es zu einem Einsatz von Polizei, Rettungsdienst und Feuerwehr in einem Walldorfer Kino. W\u00e4hrend des Betriebes begann die Popcornmaschine im Verkaufsbereich zu rauchen. In der Folge entstand innerhalb der Maschine ein Kleinbrand, welcher geistesgegenw\u00e4rtig von Mitarbeitern des Kinos gel\u00f6scht wurde. So konnte ein \u00dcbergreifen des Brandes auf anderes Inventar vermieden werden. Die rund 70 anwesenden Kinobesucher wurden vorsorglich aus dem Geb\u00e4ude gebracht. Nach derzeitigem Stand wurden keine Personen durch die Rauchentwicklung verletzt.<\/p>\n\n\n\n<h2 class=\"wp-block-heading\">(Walldorf \/ Rhein-Neckar-Kreis) &#8211; Verkehrsunfall zwischen PKW und Radfahrerin \/ Zeugen gesucht<a href=\"https:\/\/www.facebook.com\/sharer.php?u=https%3A%2F%2Fwww.presseportal.de%2Fblaulicht%2Fpm%2F14915%2F5270670%2F%3Futm_source%3Dfacebook%26utm_medium%3Dsocial\"><\/a><a href=\"https:\/\/twitter.com\/intent\/tweet?text=POL-MA%3A%20Walldorf%2FRhein-Neckar-Kreis%3A%20Verkehrsunfall%20zwischen%20PKW%20und%20Radfahrerin%20-%20Zeugen%20gesucht&amp;url=https%3A%2F%2Fwww.presseportal.de%2Fblaulicht%2Fpm%2F14915%2F5270670%2F%3Futm_source%3Dtwitter%26utm_medium%3Dsocial&amp;hashtags=ots&amp;lang=de\"><\/a><a href=\"https:\/\/web.whatsapp.com\/send?text=POL-MA%3A%20Walldorf%2FRhein-Neckar-Kreis%3A%20Verkehrsunfall%20zwischen%20PKW%20und%20Radfahrerin%20-%20Zeugen%20gesucht%0A%0Ahttps%3A%2F%2Fwww.presseportal.de%2Fblaulicht%2Fpm%2F14915%2F5270670%2F%3Futm_source%3Dwhatsapp%26utm_medium%3Dsocial\"><\/a><a href=\"https:\/\/www.xing.com\/app\/user?op=share;url=https%3A%2F%2Fwww.presseportal.de%2Fblaulicht%2Fpm%2F14915%2F5270670%2F%3Futm_source%3Dxing%26utm_medium%3Dsocial\"><\/a><a href=\"http:\/\/www.linkedin.com\/shareArticle?mini=true&amp;url=https%3A%2F%2Fwww.presseportal.de%2Fblaulicht%2Fpm%2F14915%2F5270670%2F%3Futm_source%3Dlinkedin%26utm_medium%3Dsocial&amp;title=POL-MA%3A+Walldorf%2FRhein-Neckar-Kreis%3A+Verkehrsunfall+zwischen+PKW+und+Radfahrerin+-+Zeugen+gesucht\"><\/a><a href=\"mailto:?subject=POL-MA%3A%20Walldorf%2FRhein-Neckar-Kreis%3A%20Verkehrsunfall%20zwischen%20PKW%20und%20Radfahrerin%20-%20Zeugen%20gesucht&amp;body=https:\/\/www.presseportal.de\/blaulicht\/pm\/14915\/5270670\"><\/a><\/h2>\n\n\n\n<p>Am Montagvormittag gegen 10 Uhr kam es im Bereich der Einm\u00fcndung an der Hans-Thoma-Stra\u00dfe\/Lucas-Cranach-Stra\u00dfe zu einem Unfall zwischen einer 67-j\u00e4hrigen Fahrradfahrerin und einem 52-j\u00e4hrigen Mercedes-Fahrer. Da die Schilderungen der Unfallbeteiligten bisher voneinander abweichen ist unklar, ob die von der Rheinstra\u00dfe kommende Radfahrerin dem aus Richtung Dannheckerstra\u00dfe kommenden Mercedes-Fahrer die Vorfahrt nahm, oder, ob der 52-J\u00e4hrige die m\u00f6glicherweise bereits im Einm\u00fcndungsbereich befindliche Fahrradfahrerin \u00fcbersah. Die 67-J\u00e4hrige erlitt leichte Verletzungen und wurde in ein Krankenhaus gebracht. Der Mercedes-Fahrer blieb unverletzt. Insgesamt entstand ein Sachschaden von 250 Euro. Das Polizeirevier Wiesloch hat die Ermittlungen zum Unfallhergang aufgenommen. Zeugen, welche den Unfall beobachtet haben, werden gebeten, sich unter 06222\/5709-0 mit der Polizei in Verbindung zu setzen.<\/p>\n\n\n\n<h2 class=\"wp-block-heading\">(Walldorf \/ Rhein-Neckar-Kreis) &#8211; Unfall zwischen unbekanntem, jungen Radfahrer und E-Scooter-Fahrerin; Zeugen gesucht<\/h2>\n\n\n\n<p>Bereits am Freitag, den 8. Juli, gegen 20.30 Uhr, kam es im Bereich der Winterstra\u00dfe\/Leopoldstra\u00dfe zu einem Verkehrsunfall an dem eine 27-j\u00e4hrige E-Scooter-Fahrerin ein und bislang unbekannter junger Fahrradfahrer beteiligt waren.<\/p>\n\n\n\n<p>Die Frau st\u00fcrzte durch den Zusammensto\u00df, verletzt sich leicht und begab sich anschlie\u00dfend selbst\u00e4ndig in \u00e4rztliche Behandlung.<\/p>\n\n\n\n<p>Der junge Radfahrer meinte offenbar, er m\u00fcsse schnell nach Hause, setzte sich auf sein Fahrrad, fuhr \u00fcber die Leopoldstra\u00dfe davon und lie\u00df die Verletzte alleine zur\u00fcck.<\/p>\n\n\n\n<h4 class=\"wp-block-heading\">Er wird wie folgt beschrieben: <\/h4>\n\n\n\n<ul><li><strong>ca. 14-16 Jahre<\/strong><\/li><li><strong>ca. 175 cm<\/strong><\/li><li><strong>Er trug eine \u00be-Hose; einen Helm und einen Rucksack, sein Fahrrad war dunkel.<\/strong><\/li><\/ul>\n\n\n\n<p>Zeugen, die den Unfall beobachtet haben und\/oder Hinweise zu dem jungen Fahrradfahrer geben k\u00f6nnen, werden gebeten, sich beim Polizeirevier Wiesloch, Tel.: 06222\/5709-0 oder beim Polizeiposten Walldorf, Tel.: 06227\/841999-0 zu melden.<\/p>\n\n\n\n<h2 class=\"wp-block-heading\">(B 3 \/ Nu\u00dfloch \/ Rhein-Neckar-Kreis) &#8211; Zusammensto\u00df zweier Fahrzeuge<\/h2>\n\n\n\n<h3 class=\"has-text-align-center wp-block-heading\">Pressemitteilung Nr. 2<a href=\"https:\/\/www.facebook.com\/sharer.php?u=https%3A%2F%2Fwww.presseportal.de%2Fblaulicht%2Fpm%2F14915%2F5270521%2F%3Futm_source%3Dfacebook%26utm_medium%3Dsocial\"><\/a><a href=\"https:\/\/twitter.com\/intent\/tweet?text=POL-MA%3A%20Nu%C3%9Floch%2FB3%3A%20Zusammensto%C3%9F%20zweier%20Fahrzeuge%3B%20Pressemitteilung%20Nr.%202&amp;url=https%3A%2F%2Fwww.presseportal.de%2Fblaulicht%2Fpm%2F14915%2F5270521%2F%3Futm_source%3Dtwitter%26utm_medium%3Dsocial&amp;hashtags=ots&amp;lang=de\"><\/a><a href=\"https:\/\/web.whatsapp.com\/send?text=POL-MA%3A%20Nu%C3%9Floch%2FB3%3A%20Zusammensto%C3%9F%20zweier%20Fahrzeuge%3B%20Pressemitteilung%20Nr.%202%0A%0Ahttps%3A%2F%2Fwww.presseportal.de%2Fblaulicht%2Fpm%2F14915%2F5270521%2F%3Futm_source%3Dwhatsapp%26utm_medium%3Dsocial\"><\/a><a href=\"https:\/\/www.xing.com\/app\/user?op=share;url=https%3A%2F%2Fwww.presseportal.de%2Fblaulicht%2Fpm%2F14915%2F5270521%2F%3Futm_source%3Dxing%26utm_medium%3Dsocial\"><\/a><a href=\"http:\/\/www.linkedin.com\/shareArticle?mini=true&amp;url=https%3A%2F%2Fwww.presseportal.de%2Fblaulicht%2Fpm%2F14915%2F5270521%2F%3Futm_source%3Dlinkedin%26utm_medium%3Dsocial&amp;title=POL-MA%3A+Nu%C3%9Floch%2FB3%3A+Zusammensto%C3%9F+zweier+Fahrzeuge%3B+Pressemitteilung+Nr.+2\"><\/a><a href=\"mailto:?subject=POL-MA%3A%20Nu%C3%9Floch%2FB3%3A%20Zusammensto%C3%9F%20zweier%20Fahrzeuge%3B%20Pressemitteilung%20Nr.%202&amp;body=https:\/\/www.presseportal.de\/blaulicht\/pm\/14915\/5270521\"><\/a><\/h3>\n\n\n\n<p>Aufgrund eines Frontalzusammensto\u00dfes zweier Fahrzeuge war die B 3 am Montagnachmittag von Heidelberg in Richtung Wiesloch, zwischen der Anschlussstelle Massengasse (Nu\u00dfloch\/St. Ilgen) und der Walldorfer Stra\u00dfe f\u00fcr rund drei Stunden blockiert. D<\/p>\n\n\n\n<p>er Verkehr staute sich aus Richtung Heidelberg mehrere Kilometer bis auf die B 535 und in Teilen auch auf Speyerer Stra\u00dfe zur\u00fcck.<\/p>\n\n\n\n<p>Wie die bisherigen Ermittlungen der Verkehrspolizei Heidelberg ergaben, war eine 39-j\u00e4hrige Toyota-Fahrerin von Wiesloch in Richtung Heidelberg unterwegs, als sie kurz nach 13 Uhr, aus bislang unbekannten Gr\u00fcnden, auf die Gegenfahrbahn geriet und mit einem 52-j\u00e4hrigen Mercedes-Fahrer kollidierte.<\/p>\n\n\n\n<p>Dadurch wurden beide verletzt und mit Rettungswagen zur Untersuchung in eine Klinik gebracht.<\/p>\n\n\n\n<p>An beiden Fahrzeugen entstand Totalschaden in H\u00f6he von rund 60.000.- Euro.<\/p>\n\n\n\n<p>Nachdem die Fahrzeuge abgeschleppt waren, reinigte eine Fachfirma noch die Fahrbahn, die kurz vor 16 Uhr wieder freigegeben wurde.<\/p>\n\n\n\n<h2 class=\"wp-block-heading\">(Wiesloch \/ Rhein-Neckar-Kreis) &#8211; Exhibitionist zeigt sich zwei Jugendlichen; Zeugen gesucht<\/h2>\n\n\n\n<p>Ein bislang unbekannter Exhibitionist trat am Montagabend, gegen 20.45 Uhr, in der Blumenstra\u00dfe zwei 16 und 17 Jahre alten M\u00e4dchen gegen\u00fcber und manipulierte an seinem Glied. Die Jugendlichen eilten nach Hause und erz\u00e4hlten das Geschehen ihrer Eltern, weshalb noch am selben Abend Anzeige erstattet wurde.<\/p>\n\n\n\n<h4 class=\"wp-block-heading\">Der unbekannte Mann wird wie folgt beschrieben: <\/h4>\n\n\n\n<ul><li><strong>ca. 180 cm<\/strong><\/li><li><strong>dunkler Teint<\/strong><\/li><li><strong>dunkle, kurze Haare<\/strong><\/li><li><strong>Er trug ein blaues T-Shirt und eine verwaschene Jeans.<\/strong><\/li><\/ul>\n\n\n\n<p>Das Dezernat Sexualdelikte der Kriminalpolizeidirektion Heidelberg hat die weiteren Ermittlungen \u00fcbernommen.<\/p>\n\n\n\n<p>Zeugen, die Hinweise zum dem gesuchten Mann geben k\u00f6nnen, werden gebeten, sich mit dem Kriminaldauerdienst, Tel.: 0621\/174-4444 oder mit dem Polizeirevier Wiesloch, Tel.: 06222\/5709-0 in Verbindung zu setzen.<\/p>\n\n\n\n<h2 class=\"wp-block-heading\">(St.Leon-Rot \/ Rhein-Neckar-Kreis) &#8211; Feuerl\u00f6scher in Tiefgarage entleert; mehrere Fahrzeuge besch\u00e4digt \/ Polizei ermittelt<a href=\"https:\/\/www.facebook.com\/sharer.php?u=https%3A%2F%2Fwww.presseportal.de%2Fblaulicht%2Fpm%2F14915%2F5271703%2F%3Futm_source%3Dfacebook%26utm_medium%3Dsocial\"><\/a><a href=\"https:\/\/twitter.com\/intent\/tweet?text=POL-MA%3A%20St.Leon-Rot%2C%20Rhein-Neckar-Kreis%3A%20Feuerl%C3%B6scher%20in%20Tiefgarage%20entleert%3B%20mehrere%20Fahrzeuge%20besch%C3%A4digt%20-%20Polizei%20ermittelt&amp;url=https%3A%2F%2Fwww.presseportal.de%2Fblaulicht%2Fpm%2F14915%2F5271703%2F%3Futm_source%3Dtwitter%26utm_medium%3Dsocial&amp;hashtags=ots&amp;lang=de\"><\/a><a href=\"https:\/\/web.whatsapp.com\/send?text=POL-MA%3A%20St.Leon-Rot%2C%20Rhein-Neckar-Kreis%3A%20Feuerl%C3%B6scher%20in%20Tiefgarage%20entleert%3B%20mehrere%20Fahrzeuge%20besch%C3%A4digt%20-%20Polizei%20ermittelt%0A%0Ahttps%3A%2F%2Fwww.presseportal.de%2Fblaulicht%2Fpm%2F14915%2F5271703%2F%3Futm_source%3Dwhatsapp%26utm_medium%3Dsocial\"><\/a><a href=\"https:\/\/www.xing.com\/app\/user?op=share;url=https%3A%2F%2Fwww.presseportal.de%2Fblaulicht%2Fpm%2F14915%2F5271703%2F%3Futm_source%3Dxing%26utm_medium%3Dsocial\"><\/a><a href=\"http:\/\/www.linkedin.com\/shareArticle?mini=true&amp;url=https%3A%2F%2Fwww.presseportal.de%2Fblaulicht%2Fpm%2F14915%2F5271703%2F%3Futm_source%3Dlinkedin%26utm_medium%3Dsocial&amp;title=POL-MA%3A+St.Leon-Rot%2C+Rhein-Neckar-Kreis%3A+Feuerl%C3%B6scher+in+Tiefgarage+entleert%3B+mehrere+Fahrzeuge+besch%C3%A4digt+-+Polizei+ermittelt\"><\/a><a href=\"mailto:?subject=POL-MA%3A%20St.Leon-Rot%2C%20Rhein-Neckar-Kreis%3A%20Feuerl%C3%B6scher%20in%20Tiefgarage%20entleert%3B%20mehrere%20Fahrzeuge%20besch%C3%A4digt%20-%20Polizei%20ermittelt&amp;body=https:\/\/www.presseportal.de\/blaulicht\/pm\/14915\/5271703\"><\/a><\/h2>\n\n\n\n<p>Am Dienstag, den 12.07.2022 gegen 21:00 Uhr verst\u00e4ndigte ein Anwohner die Polizei, nachdem er aus einer in der Franziskusstra\u00dfe befindlichen Tiefgarage wei\u00dfen Rauch aufsteigen sah. Wie sich herausstelle, aktivierten eine oder mehrere bislang unbekannte Personen einen Feuerl\u00f6scher und verteilte den Inhalt auf insgesamt vier Fahrzeugen. In unmittelbarer N\u00e4he zur Tiefgarage konnte der Zeuge eine Gruppe Jugendlicher feststellen. Ob diese allerdings im Zusammenhang mit der Tat stehen, ist bislang noch unklar und Gegenstand der weiteren Ermittlungen des Polizeipostens St. Leon-Rot. Auch die entstandene Gesamtschadensh\u00f6he ist derzeit noch nicht bekannt.<\/p>\n\n\n\n<p>Zeugen, die sachdienliche Hinweise geben k\u00f6nnen, werden gebeten, sich unter der Tel.: 06227 881600 zu melden.<\/p>\n\n\n\n<h2 class=\"wp-block-heading\">(Dielheim \/ Rhein-Neckar-Kreis) &#8211; Geb\u00fcsch in Brand geraten \/ Zeugen gesucht<\/h2>\n\n\n\n<p>Am Dienstagabend wurden Polizei und Feuerwehr wegen eines Feuers im Wald bei Dielheim alarmiert. Gegen 21.45 Uhr war an einem Waldwirtschaftsweg in einem Waldst\u00fcck zwischen Dielheim und Horrenberg aus ungekl\u00e4rten Gr\u00fcnden ein Aststapel in Brand geraten. Die Flammen konnten durch die Freiwillige Feuerwehr Dielheim, die mit zwei Fahrzeugen und 11 Wehrleuten vor Ort kamen, rasch gel\u00f6scht werden. Auf einer Fl\u00e4che von rund 10 Quadratmetern hatten Gestr\u00fcpp und Hecken gebrannt.<\/p>\n\n\n\n<p>Bereits am Freitag zuvor war in einem Feldgebiet bei Gauangeloch ein Holzstapel in Brand geraten. Auch hier konnte das Feuer rasch gel\u00f6scht werden.<\/p>\n\n\n\n<p>Inwiefern ein Zusammenhang zwischen den beiden Br\u00e4nden besteht, ist Gegenstand weiterer Ermittlungen des Polizeireviers Wiesloch.<\/p>\n\n\n\n<p>Zeugen, die verd\u00e4chtige Beobachtungen gemacht haben und sachdienliche Hinweise geben k\u00f6nnen, werden gebeten, sich beim Polizeirevier Wiesloch, Tel.: 06222\/5709-0 zu melden.<\/p>\n\n\n\n<h2 class=\"wp-block-heading\">(Angelbachtal \/ M\u00fchlhausen \/ Rhein-Neckar-Kreis) &#8211; Auto \u00fcberschl\u00e4gt sich; Fahrerin unverletzt; Verkehrsbehinderungen im Fr\u00fchverkehr<\/h2>\n\n\n\n<p>Weil sie aus bislang unbekannten Gr\u00fcnden zun\u00e4chst nach rechts auf den Gr\u00fcnstreifen geraten war und aufgrund des Gegenlenkens die Kontrolle \u00fcber ihr Fahrzeuge verloren hatte, schleuderte am Dienstagmorgen, kurz nach 6.30 Uhr, eine 22-j\u00e4hrige Kia-Fahrerin auf der B 39 in Richtung Angelbachtal-Eichtersheim quer \u00fcber die Fahrbahn und \u00fcberschlug sich auf der gegen\u00fcberliegenden Seite im angrenzenden Feld. Ihr Fahrzeug blieb anschlie\u00dfend auf dem Dach liegen.<\/p>\n\n\n\n<p>Die Frau blieb offenbar unverletzt, der Rettungsdienst hatte sie vor Ort untersucht. Am Fahrzeug entstand ein Sachschaden von mehreren Tausend Euro.<\/p>\n\n\n\n<p>W\u00e4hrend der Unfallaufnahme war die Stra\u00dfe in Richtung M\u00fchlhausen einseitig gesperrt. W\u00e4hrend des Bergungs- und Abschleppvorgangs musste die B 39 zeitweise in beide Richtungen voll gesperrt werden. Dabei kam es zu erheblichen Verkehrsbehinderungen im Fr\u00fchverkehr insbesondere in Richtung M\u00fchlhausen\/Wiesloch. Kurz nach 8 Uhr war die Stra\u00dfe in beide Richtungen wieder frei befahrbar.<\/p>\n\n\n\n<h2 class=\"wp-block-heading\">(Sinsheim \/ Rhein-Neckar-Kreis) &#8211; Smart-Watch gestohlen; Zeugen gesucht<\/h2>\n\n\n\n<p>Opfer eines Diebstahls wurde am Mittwochnachmittag ein 29-j\u00e4hriger Mann.<\/p>\n\n\n\n<p>Gegen 16 Uhr sprachen ihn zwei M\u00e4nner vor seinem Anwesen in der Haydnstra\u00dfe im Ortsteil Steinsfurt an und zeigten Kaufinteresse an dessen Auto.<\/p>\n\n\n\n<p>Im Laufe des Verkaufsgespr\u00e4chs, riss der Hauptt\u00e4ter in einem g\u00fcnstigen Moment die Applewatch (Wert: ca. 500.- Euro) vom Handgelenk des 29-J\u00e4hrigen und fl\u00fcchtete mit seinem Begleiter, der offenbar &#8222;Schmiere&#8220; stand, in Richtung Giebelstra\u00dfe. <\/p>\n\n\n\n<h4 class=\"wp-block-heading\">Die T\u00e4ter werden wie folgt beschrieben:<\/h4>\n\n\n\n<ol><li><strong>T\u00e4ter (Hauptt\u00e4ter): ca. 175 cm; sportlich; dunkle Haare -oben l\u00e4nger, seitlich kurz-; Dreitagebart; Nasenpiercing rechts; schwarz\/grauer Kapuzenpulli.<\/strong><\/li><li><strong>T\u00e4ter: ca. 190 cm; muskul\u00f6s, markantes Gesicht; ungepflegte Erscheinung; seitlich kurze Haare, trug eine Kappe.<\/strong><\/li><\/ol>\n\n\n\n<ul><li><strong>Beide sprachen Rum\u00e4nisch.<\/strong><\/li><\/ul>\n\n\n\n<p>Hinweise bitte an das Polizeirevier Sinsheim, Tel.: 07261\/690-0.<\/p>\n\n\n\n<h2 class=\"wp-block-heading\">(Sinsheim \/ Rhein-Neckar-Kreis) &#8211; Tresor bei Firmeneinbruch entwendet; Zeugen gesucht<a href=\"https:\/\/www.facebook.com\/sharer.php?u=https%3A%2F%2Fwww.presseportal.de%2Fblaulicht%2Fpm%2F14915%2F5271559%2F%3Futm_source%3Dfacebook%26utm_medium%3Dsocial\"><\/a><a href=\"https:\/\/twitter.com\/intent\/tweet?text=POL-MA%3A%20Sinsheim%3A%20Tresor%20bei%20Firmeneinbruch%20entwendet%3B%20Zeugen%20gesucht&amp;url=https%3A%2F%2Fwww.presseportal.de%2Fblaulicht%2Fpm%2F14915%2F5271559%2F%3Futm_source%3Dtwitter%26utm_medium%3Dsocial&amp;hashtags=ots&amp;lang=de\"><\/a><a href=\"https:\/\/web.whatsapp.com\/send?text=POL-MA%3A%20Sinsheim%3A%20Tresor%20bei%20Firmeneinbruch%20entwendet%3B%20Zeugen%20gesucht%0A%0Ahttps%3A%2F%2Fwww.presseportal.de%2Fblaulicht%2Fpm%2F14915%2F5271559%2F%3Futm_source%3Dwhatsapp%26utm_medium%3Dsocial\"><\/a><a href=\"https:\/\/www.xing.com\/app\/user?op=share;url=https%3A%2F%2Fwww.presseportal.de%2Fblaulicht%2Fpm%2F14915%2F5271559%2F%3Futm_source%3Dxing%26utm_medium%3Dsocial\"><\/a><a href=\"http:\/\/www.linkedin.com\/shareArticle?mini=true&amp;url=https%3A%2F%2Fwww.presseportal.de%2Fblaulicht%2Fpm%2F14915%2F5271559%2F%3Futm_source%3Dlinkedin%26utm_medium%3Dsocial&amp;title=POL-MA%3A+Sinsheim%3A+Tresor+bei+Firmeneinbruch+entwendet%3B+Zeugen+gesucht\"><\/a><a href=\"mailto:?subject=POL-MA%3A%20Sinsheim%3A%20Tresor%20bei%20Firmeneinbruch%20entwendet%3B%20Zeugen%20gesucht&amp;body=https:\/\/www.presseportal.de\/blaulicht\/pm\/14915\/5271559\"><\/a><\/h2>\n\n\n\n<p>W\u00e4hrend des vergangenen Wochenendes, zwischen Freitagnachmittag und Montagvormittag, brachen bislang unbekannte T\u00e4ter in eine Firma in der Stra\u00dfe &#8222;In der Au&#8220;, unweit des Schwimmbadweges ein und entwendeten den Firmentresor mit einer noch unbekannten Bargeldsumme. Dazu brachen sie den fest verankerten Tresor aus dem Boden heraus und transportierten ihn ab. Wie hoch der Schaden ist, l\u00e4sst sich noch nicht n\u00e4her beziffern.<\/p>\n\n\n\n<p>In dasselbe Objekt wurde bereits zweimal in der Vergangenheit eingebrochen. Sowohl zwischen dem 12. und 15. November 2021 als auch vom 28. auf den 29. November 2021 hatten es die Einbrecher auf den Tresor der Firma abgesehen.<\/p>\n\n\n\n<p>Ein Tatzusammenhang aller drei Taten ist anzunehmen und Gegenstand der weiteren Ermittlungen.<\/p>\n\n\n\n<p>Zeugen, denen Verd\u00e4chtiges im Bereich des Fu\u00dfweges der Bahnhaltestelle Museum\/Arena und der Einm\u00fcndung Schwimmbadweg zwischen Freitag, dem 8. Juli und Montag, dem 11. Juli auffiel, werden gebeten, sich beim Polizeirevier Sinsheim, Tel.: 07261\/690-0 zu melden.<\/p>\n\n\n\n<h2 class=\"wp-block-heading\">(Waibstadt-Daisbach \/ Sinsheim \/ Rhein-Neckar-Kreis) &#8211; Frontalzusammensto\u00df zweier Fahrzeuge; Zeugen gesucht<\/h2>\n\n\n\n<p>Am Montagnachmittag ereignete sich auf der K 4281 ein Verkehrsunfall, infolge dessen die Insassen eines BMW leicht verletzt in eine Klinik transportiert wurden.<\/p>\n\n\n\n<p>Wie die bisherigen Ermittlungen der Heidelberger ergaben, soll der 39-j\u00e4hrige Fahrer des BMW auf seiner Fahrt von Daisbach in Richtung L 549 (Waibstadt\/Neidenstein) mehrere Fahrzeuge in riskanter und r\u00fccksichtsloser Art und Weise \u00fcberholt haben, weshalb es gegen 15.20 Uhr, kurz vor der Einm\u00fcndung zur L 549, zu einem Frontalzusammensto\u00df mit einem entgegenkommenden Sattelzug kam. Der Lkw-Fahrer blieb zum Gl\u00fcck unverletzt. Beide Fahrzeuge wurden abgeschleppt. Der Gesamtschaden betr\u00e4gt mehrere zehntausend Euro.<\/p>\n\n\n\n<p>Wie die Ermittler weiter herausfanden, soll der 32-j\u00e4hrige Beifahrer im BMW mehrfach w\u00e4hrend der Fahrt, auch kurz vor der Kollision dem 39-J\u00e4hrigen ins Lenkrad gegriffen und die Handbremse gezogen haben.<\/p>\n\n\n\n<p>W\u00e4hrend der 39-J\u00e4heige wegen des Verdachts der Gef\u00e4hrdung des Stra\u00dfenverkehrs zur Anzeige kommt, wird gegen seinen 32-j\u00e4hrigen Beifahrer wegen des Verdachts des gef\u00e4hrlichen Eingriffs in den Stra\u00dfenverkehr ermittelt.<\/p>\n\n\n\n<p>Beide M\u00e4nner standen zum Unfallzeitpunkt unter Drogen-\/Medikamenteneinwirkung, weshalb in der Sinsheimer Klinik von beiden Blutproben entnommen wurden.<\/p>\n\n\n\n<p>Laut ersten Aussagen, soll es bereits kurz nach 15 Uhr vor einem Einkaufsmarkt in der Neulandstra\u00dfe in Sinsheim zu einem Streit in zwischen beiden M\u00e4nnern gekommen sein. Deshalb ist es auch nicht ausgeschlossen, dass es auf der anschlie\u00dfenden Fahrt von Sinsheim nach Daisbach, \u00fcber die Neulandstra\u00dfe, die Jahnstra\u00dfe, die D\u00fchrener Stra\u00dfe und die L 291 zu weiteren Stra\u00dfenverkehrsdelikten kam, wobei weitere Verkehrsteilnehmer gef\u00e4hrdet worden sein k\u00f6nnten.<\/p>\n\n\n\n<p>Die Ermittler suchen nach Zeugen bzw. auch nach Gesch\u00e4digten, denen ein silberner 5er BMW auf der Fahrt von Sinsheim nach Daisbach bis zur Unfallstelle aufgefallen ist, bzw. auch die Autofahrer, die der 39-J\u00e4hrige auf der K 4281 kurz vor dem Crash in gef\u00e4hrlicher und r\u00fccksichtsloser Art und Weise \u00fcberholte.<\/p>\n\n\n\n<p>Diese wichtigen Zeugen werden gebeten, sich mit der Verkehrspolizei Heidelberg, Tel.: 0621\/174-4111, dem Polizeirevier Sinsheim, Tel.: 07261\/690-0 oder mit dem Polizeiposten Waibstadt, tel.: 07263\/5807 in Verbindung zu setzen.<\/p>\n\n\n\n<h2 class=\"wp-block-heading\">(Epfenbach \/ Rhein-Neckar-Kreis) &#8211; Verkehrsunfall unter Alkoholeinfluss \/ Polizei sucht Zeugen<\/h2>\n\n\n\n<p>Am Samstagmorgen ereignete sich in Epfenbach ein Verkehrsunfall, bei dem der Unfallverursacher unter Alkoholeinfluss stand und anschlie\u00dfend von der Unfallstelle fl\u00fcchtete.<\/p>\n\n\n\n<p>Zeugen verst\u00e4ndigten kurz nach 5 Uhr die Polizei, da in der Hauptstra\u00dfe gerade ein Pkw gegen eine Hausecke gefahren sei und nun zwei junge M\u00e4nner Fahrzeugteile einsammeln und das Fahrzeug davonschieben w\u00fcrden. Durch eine Polizeistreife konnten lediglich Teile eines dunklen Fahrzeugs sowie ein Kennzeichenschild aufgefunden werden.<\/p>\n\n\n\n<p>Im Rahmen der weiteren Ermittlungen ergab sich letztendlich der folgende Sachverhalt: Zwei junge M\u00e4nner im Alter von 18 und 23 Jahren konsumierten zun\u00e4chst gemeinsam Alkohol in der Wohnung des 23-J\u00e4hrigen in Neidenstein. Gegen 5 Uhr lie\u00dfen sie sich von der 21-j\u00e4hrigen Freundin des 18-J\u00e4hrigen abholen und zu dessen Wohnung in Waibstadt bringen. W\u00e4hrend sich die junge Frau dort in die Wohnung begab, setzten sie die beiden M\u00e4nner ins Fahrzeug, in dessen Z\u00fcndschloss noch der Schl\u00fcssel steckte, und fuhren davon. Aufgrund der Alkholisierung verlor der Fahrer des Wagens in der Hauptstra\u00dfe in Epfenbach die Kontrolle \u00fcber das Auto und prallte gegen eine Hauswand. Die beiden M\u00e4nner sammelten daraufhin die umherliegenden Fahrzeugteile, unter anderem die Sto\u00dfstange, ein. Anschlie\u00dfend verstauten sie alles im Fahrzeug und schoben es in die Stra\u00dfe &#8222;Dimpfel&#8220;, wo sie den VW schlie\u00dflich abstellten und sich wiederum von der Freundin, dieses Man mit dem Fahrzeug einer Angeh\u00f6rigen, abholen und nach Hause bringen lie\u00dfen. Zuhause angelangt, erstattete die 21-J\u00e4hrige Anzeige, da ihr angeblich das Fahrzeug, der VW Polo, samt Fahrzeugschl\u00fcsseln gestohlen worden sei.<\/p>\n\n\n\n<p>Im Rahmen der Fahndung konnte das Fahrzeug schlie\u00dflich in der Stra\u00dfe &#8222;Dimpfel&#8220; aufgefunden und sichergestellt werden.<\/p>\n\n\n\n<p>Die beiden M\u00e4nner konnten rasch ermittelt und aufgesucht werden. Beide waren deutlich alkoholisiert. Ein Alkoholtest bei dem 18-J\u00e4hrigen ergab einen Wert von \u00fcber 1,3 Promille, der 23-J\u00e4hrige wollte keinen Test durchf\u00fchren. Beiden M\u00e4nnern wurden Blutproben entnommen.<\/p>\n\n\n\n<p>Gegen die beiden jungen M\u00e4nner wird nun wegen des Verdachts der Stra\u00dfenverkehrsgef\u00e4hrdung und der Unfallflucht ermittelt. Die 21-j\u00e4hrige Frau sieht einer Anzeige wegen Vort\u00e4uschens einer Straftat und des Verdachts der versuchten Strafvereitelung entgegen.<\/p>\n\n\n\n<p>Da bislang nicht abschlie\u00dfend gekl\u00e4rt werden konnte, wer das Fahrzeug bei der Kollision mit der Hausecke gelenkt hatte, sucht die Polizei Zeugen, die den Unfall beobachtet haben und sachdienliche Hinweise diesbez\u00fcglich geben k\u00f6nnen. Diese werden gebeten, sich beim Polizeirevier Sinsheim, Tel.: 06271\/690-0 zu melden.<\/p>\n\n\n\n<h2 class=\"wp-block-heading\">(Eberbach \/ Rhein-Neckar-Kreis) &#8211; &#8222;Love-Scamming (Liebesbetrug)&#8220;; Bankmitarbeiterin bewahrt Eberbacher vor weiterem Schaden<\/h2>\n\n\n<div class=\"wp-block-image\">\n<figure class=\"aligncenter size-full\"><img decoding=\"async\" loading=\"lazy\" width=\"800\" height=\"568\" src=\"https:\/\/speyer24news.com\/wp-content\/uploads\/2021\/04\/Love-Scamming.jpg\" alt=\"\" class=\"wp-image-35588\" srcset=\"https:\/\/speyer24news.com\/wp-content\/uploads\/2021\/04\/Love-Scamming.jpg 800w, https:\/\/speyer24news.com\/wp-content\/uploads\/2021\/04\/Love-Scamming-300x213.jpg 300w, https:\/\/speyer24news.com\/wp-content\/uploads\/2021\/04\/Love-Scamming-768x545.jpg 768w\" sizes=\"(max-width: 800px) 100vw, 800px\" \/><\/figure><\/div>\n\n\n<p>Sie hei\u00dfen zum Beispiel Carl, wohnen in San Diego\/USA und sind von Beruf Unternehmer, oder Maria, wohnen in Kapstadt\/S\u00fcdafrika und sind von Beruf Stewardess.<\/p>\n\n\n\n<p>Trotz unterschiedlicher, interessanter Biographien haben aber alle eines gemeinsam. Sie sind sogenannte &#8222;Liebesbetr\u00fcger&#8220;, die im Internet nicht nach der gro\u00dfen Liebe suchen, sondern nach dem gro\u00dfen Geld.<\/p>\n\n\n\n<p>Auch wenn das Internet eine gute M\u00f6glichkeit bietet, andere Menschen kennenzulernen, steckt doch manchmal hinter dem netten Online-Flirt ein Betr\u00fcger oder eine Betr\u00fcgerin.<\/p>\n\n\n\n<p>Liebesbetr\u00fcger gehen im Netz, vor allem in den sozialen Netzwerken, besonders raffiniert vor, um ihre Opfer um den Finger zu wickeln.<\/p>\n\n\n\n<p>Gef\u00e4lschte Lebensl\u00e4ufe, gestohlene Bilder, falsche Namen und erfundene Familientrag\u00f6dien sind oft erst der Anfang verh\u00e4ngnisvoller Aff\u00e4ren.<\/p>\n\n\n\n<p>\u00dcber Wochen bem\u00fchen sich die T\u00e4ter, das Vertrauen und die Herzen ihrer Opfer zu erobern. Wenn es soweit ist, kommen Geldforderungen oder die Bitte nach kleinen Gefallen. Dazu geh\u00f6ren Geld\u00fcberweisungen, Scheckannahmen oder Paketweiterleitungen.<\/p>\n\n\n\n<p>In Polizeikreisen firmiert diese Art des Betruges unter den Bezeichnungen &#8222;Love-Scamming&#8220; oder Romance-Scamming&#8220;.<\/p>\n\n\n\n<p>Nach den Erfahrungen der Kriminalisten der Kriminalpolizeidirektion Heidelberg agieren die &#8222;Liebesbetr\u00fcger&#8220; \u00fcberwiegend aus dem afrikanischen, asiatischen oder s\u00fcdamerikanischen Raum. Oft merken die Opfer erst sp\u00e4t, dass sie es mit Betr\u00fcgern zu tun haben.<\/p>\n\n\n\n<p>Diese Erfahrung machte jetzt leider auch eine 62-j\u00e4hriger Eberbacher. \u00dcber einen Zeitraum von nur wenigen Tagen \u00fcberwies der Mann mehr als 5.000.- Euro an eine angebliche Frau, die er \u00fcber die Dating-App &#8222;Badoo&#8220; kennen gelernt hatte und ihm ihre Liebe beteuerte.<\/p>\n\n\n\n<p>Die Kontaktaufnahme erfolgte vor mehr als acht Wochen im Mai 2022. Nach kurzer Zeit war man sich so vertraut, dass der 62-J\u00e4hrige mit der &#8222;neuen&#8220; Freundin die Handy-Nummern tauschte, um per WhatsApp weiter, allerdings nur schriftlich zu kommunizieren.<\/p>\n\n\n\n<p>Um das Vertrauen weiter zu untermauern, schickte die angebliche Frau, die sich nur &#8222;Lovely&#8220; nannte, Bilder, die eine attraktive Frau zeigten. Wie sich herausstellte, zeigten die Bilder eine tats\u00e4chlich existente Frau, die ihr Foto ins Internet gestellt hatte, aber mit dem Betrug nichts zu tun hat.<\/p>\n\n\n\n<p>Nach mehreren Wochen intensiven Chattens sah sich der 62-J\u00e4hrige Anfang Juni mit der ersten Geldforderung konfrontiert. Die Frau will angeblich finanzielle Schwierigkeiten haben und k\u00f6nne die Miete nicht mehr zahlen.<\/p>\n\n\n\n<p>Nach mehreren \u00dcberweisungen, die sich insgesamt auf \u00fcber 5.000.- Euro summierten, war das Ersparte des 62-J\u00e4hrigen aufgebraucht, weshalb er bei seiner Hausbank um einen Kredit nachfragte. &#8222;Lovely&#8220; wollte endlich ihre Liebe treffen und ben\u00f6tigte noch einige Tausend Euro, um sich den Flug nach Deutschland leisten zu k\u00f6nnen. Der Kredit wurde dem 62-J\u00e4hrigen zun\u00e4chst auch erhielt.<\/p>\n\n\n\n<p>Kurz vor der \u00dcberweisung eines hohen Geldbetrages stoppte allerdings eine misstrauische Bankmitarbeiterin am Dienstagnachmittag diese \u00dcberweisung und hegte den Betrugsverdacht, als sie den Verwendungszweck der \u00dcberweisung erfuhr. Noch am Dienstagnachmittag erstattete der 62-J\u00e4hrige Anzeige bei der Eberbacher Polizei.<\/p>\n\n\n\n<p>Das Betrugsdezernats der Kriminalpolizeidirektion Heidelberg hat die weiteren Ermittlungen \u00fcbernommen und warnt eindringlich vor &#8222;Liebesbetr\u00fcgern&#8220; im Internet.<\/p>\n\n\n\n<p>&#8222;Love-Scamming&#8220; oder &#8222;Romance-Scamming&#8220; ist nicht nur ein lokales oder deutschlandweites Ph\u00e4nomen, sondern tritt weltweit auf. Doch wie sch\u00fctze ich mich? Wie erkenne ich Betr\u00fcger?<\/p>\n\n\n\n<h4 class=\"wp-block-heading\">So gehen &#8222;Liebesbetr\u00fcger&#8220;, bzw. &#8222;Love-Scammer&#8220; oder &#8222;Romance-Scammer&#8220; vor:<\/h4>\n\n\n\n<ul><li><strong>Die erste Kontaktaufnahme findet \u00fcber Soziale Medien oder Dating-Plattformen statt.<\/strong><\/li><li><strong>Die meisten Betr\u00fcger kommunizieren in gutem Englisch.<\/strong><\/li><li><strong>W\u00e4hrend m\u00e4nnliche Liebesbetr\u00fcger (Scammer) auf Bildern oft Uniformen tragen, locken die weiblichen Scammer mit einem attraktiven Erscheinungsbild und leichter Bekleidung.<\/strong><\/li><li><strong>Scammer \u00fcberh\u00e4ufen ihre Opfer bereits fr\u00fch mit Komplimenten und \u00fcberschw\u00e4nglichen Liebesbekundungen.<\/strong><\/li><\/ul>\n\n\n\n<h4 class=\"wp-block-heading\">Sie haben den Verdacht, bereits betrogen\/gescammt worden zu sein? Das k\u00f6nnen Sie tun:<\/h4>\n\n\n\n<ul><li><strong>IGNORIEREN: Gehen Sie nicht auf die Forderung ein und \u00fcberweisen Sie auf keinen Fall Geld.<\/strong><\/li><li><strong>SICHERN: Speichern Sie alle Mails und Chat-Texte als Beweis.<\/strong><\/li><li><strong>HILFE HOLEN: Erstatten Sie Anzeige bei der Polizei.<\/strong><\/li><li><strong>BLOCKIEREN: Brechen Sie jeglichen Kontakt ab.<\/strong><\/li><\/ul>\n\n\n\n<p>F\u00fcr Opfer von &#8222;Love- oder Romance-Scamming&#8220; ist dies oftmals mit hohem emotionalen Stress verbunden. Sollten Sie dahingehend Hilfe oder psychologische Beratung ben\u00f6tigen, wenden Sie sich jederzeit an die Beratungsstelle BEKO Rhein-Neckar:&nbsp;<a target=\"_blank\" rel=\"noreferrer noopener\" href=\"https:\/\/www.beko-rn.de\/\">https:\/\/www.beko-rn.de\/<\/a><\/p>\n\n\n\n<p>F\u00fcr weitere Ausk\u00fcnfte stehen auch die Kriminalpolizeilichen Beratungsstellen des Polizeipr\u00e4sidiums Mannheim sowohl in Mannheim, Tel.: 0621\/174-1212, als auch in Heidelberg, Tel.: 06221\/99-1234, sowie jede andere Polizeidienststelle zur Verf\u00fcgung.<\/p>\n\n\n\n<p>Weitere Informationen zum Thema &#8222;Love-Scamming&#8220; oder &#8222;Romance-Scamming&#8220; finden Sie hier:&nbsp;<a target=\"_blank\" rel=\"noreferrer noopener\" href=\"https:\/\/www.polizei-beratung.de\/themen-und-tipps\/betrug\/scamming\/\">https:\/\/www.polizei-beratung.de\/themen-und-tipps\/betrug\/scamming\/<\/a><\/p>\n\n\n\n<h2 class=\"wp-block-heading\">(Hirschberg \/ Rhein-Neckar-Kreis) &#8211; Zwei &#8222;CBD-Automaten&#8220; aufgebrochen, mehrere Tatverd\u00e4chtige festgenommen \/ Zeugen gesucht<a href=\"https:\/\/www.facebook.com\/sharer.php?u=https%3A%2F%2Fwww.presseportal.de%2Fblaulicht%2Fpm%2F14915%2F5272192%2F%3Futm_source%3Dfacebook%26utm_medium%3Dsocial\"><\/a><a href=\"https:\/\/twitter.com\/intent\/tweet?text=POL-MA%3A%20Hirschberg%2FRhein-Neckar-Kreis%3A%20Zwei%20%22CBD-Automaten%22%20aufgebrochen%2C%20mehrere%20Tatverd%C3%A4chtige%20festgenommen%20-%20Zeugen%20gesucht&amp;url=https%3A%2F%2Fwww.presseportal.de%2Fblaulicht%2Fpm%2F14915%2F5272192%2F%3Futm_source%3Dtwitter%26utm_medium%3Dsocial&amp;hashtags=ots&amp;lang=de\"><\/a><a href=\"https:\/\/web.whatsapp.com\/send?text=POL-MA%3A%20Hirschberg%2FRhein-Neckar-Kreis%3A%20Zwei%20%22CBD-Automaten%22%20aufgebrochen%2C%20mehrere%20Tatverd%C3%A4chtige%20festgenommen%20-%20Zeugen%20gesucht%0A%0Ahttps%3A%2F%2Fwww.presseportal.de%2Fblaulicht%2Fpm%2F14915%2F5272192%2F%3Futm_source%3Dwhatsapp%26utm_medium%3Dsocial\"><\/a><a href=\"https:\/\/www.xing.com\/app\/user?op=share;url=https%3A%2F%2Fwww.presseportal.de%2Fblaulicht%2Fpm%2F14915%2F5272192%2F%3Futm_source%3Dxing%26utm_medium%3Dsocial\"><\/a><a href=\"http:\/\/www.linkedin.com\/shareArticle?mini=true&amp;url=https%3A%2F%2Fwww.presseportal.de%2Fblaulicht%2Fpm%2F14915%2F5272192%2F%3Futm_source%3Dlinkedin%26utm_medium%3Dsocial&amp;title=POL-MA%3A+Hirschberg%2FRhein-Neckar-Kreis%3A+Zwei+%22CBD-Automaten%22+aufgebrochen%2C+mehrere+Tatverd%C3%A4chtige+festgenommen+-+Zeugen+gesucht\"><\/a><a href=\"mailto:?subject=POL-MA%3A%20Hirschberg%2FRhein-Neckar-Kreis%3A%20Zwei%20%22CBD-Automaten%22%20aufgebrochen%2C%20mehrere%20Tatverd%C3%A4chtige%20festgenommen%20-%20Zeugen%20gesucht&amp;body=https:\/\/www.presseportal.de\/blaulicht\/pm\/14915\/5272192\"><\/a><\/h2>\n\n\n\n<p>Am fr\u00fchen Mittwochmorgen, kurz vor 3 Uhr wurde ein Zeuge auf eine dreik\u00f6pfige Personengruppe an einer Tankstelle in der Landstra\u00dfe aufmerksam, welche gerade dabei war, einen &#8222;CBD-Automaten&#8220; aufzubrechen. Der Zeuge informierte die Polizei, welche umgehende Fahndungsma\u00dfnahmen nach der inzwischen mit einem schwarzen Kleinwagen gefl\u00fcchteten Personengruppe einleitete. Im Rahmen der Fahndung stellten Polizeibeamtinnen und Polizeibeamte ebenfalls an einer Tankstelle in der Bergstra\u00dfe einen weiteren aufgebrochenen Automaten fest, welcher CBD-Produkte beinhaltete. Kurz nach 3 Uhr kontrollierten die Beamtinnen und Beamten schlie\u00dflich einen PKW auf der Landstra\u00dfe (L541) zwischen Gro\u00dfsachsen und Heddesheim. Im Fahrzeug befanden sich drei junge M\u00e4nner zwischen 17 und 19 Jahren, welche auf die zuvor von den Zeugen abgegebenen Personenbeschreibungen passten. Dar\u00fcber hinaus konnte bei der Durchsuchung des schwarzen Kleinfahrzeuges vermeintliches Diebesgut aufgefunden werden. Die Tatverd\u00e4chtigen m\u00fcssen sich nun wegen des Verdachts des besonders schweren Falls des Diebstahls verantworten. Die an den Tatorten gesicherten Spuren werden nun weiter ausgewertet. Zeugen, welche an den Tat\u00f6rtlichkeiten in der Land- oder Bergstra\u00dfe, verd\u00e4chtige Beobachtungen gemacht haben oder weitere Hinweise zur Tat oder den T\u00e4tern machen k\u00f6nnen, werden gebeten, sich mit dem Polizeirevier Weinheim unter Tel.: 06201\/1003-0 in Verbindung zu setzen.<\/p>\n\n\n\n<h2 class=\"wp-block-heading\">(Weinheim \/ Rhein-Neckar-Kreis) &#8211; Dreister T\u00e4ter bricht erst PKW auf und stiehlt dann Geldbeutel \/ Zeugen gesucht<\/h2>\n\n\n\n<p>Am Mittwochabend kurz nach 20 Uhr verschaffte sich ein bisher unbekannter T\u00e4ter Zugang zu einer Tiefgarage in der Breslauer Stra\u00dfe, indem er zun\u00e4chst versuchte, das elektrische Rolltor nach oben zu schieben. Da ihm dies nicht gelang, hob er eine Seitent\u00fcr zur Tiefgarage aus den T\u00fcrb\u00e4ndern und schlug in der Folge die Seitenscheibe eines dort abgestellten PKWs ein. Ob aus dem komplett durchw\u00fchlten PKW Gegenst\u00e4nde entwendet wurden, ist derzeit noch unklar. Der Sachschaden liegt im vierstelligen Bereich. Als der T\u00e4ter die \u00d6rtlichkeit gerade verlassen wollte, traf er auf eine Zeugin, welche gerade versuchte \u00fcber das kurz zuvor besch\u00e4digte Rolltor in die Tiefgarage einzufahren. Die Frau nahm irrt\u00fcmlich an, dass es sich bei dem unbekannten T\u00e4ter um einen Anwohner handelt und bat ihn um Hilfe beim Rangieren ihres PKWs aus der absch\u00fcssigen Zufahrt. Nachdem der Verd\u00e4chtige den PKW f\u00fcr die Zeugin aus der Zufahrt gefahren hatte, fl\u00fcchtete er in unbekannte Richtung. Als die Frau wieder in ihr Fahrzeug eingestiegen war, bemerkte sie, dass der T\u00e4ter die M\u00f6glichkeit genutzt und vor seiner Flucht ihren Geldbeutel vom Beifahrersitz gestohlen hatte. Das Polizeirevier Weinheim hat nun die Ermittlungen wegen besonders schweren Falls des Diebstahls aufgenommen und am Tatort erste Beweismittel und Spuren gesichert. Zeugen, welche Hinweise auf die Tat oder den T\u00e4ter geben k\u00f6nnen, werden gebeten, sich mit dem Polizeirevier Weinheim unter Tel.: 06201\/1003-0 in Verbindung zu setzen.<\/p>\n\n\n\n<h2 class=\"wp-block-heading\">(Weinheim \/ Rhein-Neckar-Kreis) &#8211; Betrunkener Autofahrer verursacht mehrere Unf\u00e4lle und f\u00e4hrt einfach weiter<\/h2>\n\n\n\n<p>Die Unfallflucht eines betrunkenen Autofahrers am Mittwochnachmittag in Weinheim konnte rasch aufgekl\u00e4rt und der 62-j\u00e4hrige Unfallverursacher ermittelt werden.<\/p>\n\n\n\n<p>Der 62-J\u00e4hrige war kurz nach 17 Uhr mit seinem Mercedes in der Schollstra\u00dfe in Richtung Breslauer Stra\u00dfe unterwegs. Dabei kam er nach links von der Fahrbahn ab und stie\u00df zun\u00e4chst gegen einen am linken Fahrbahnrand geparkten Ford Focus und einen dahinter abgestellten Ford Mondeo. Anschlie\u00dfend setzte er seine Fahrt unbeirrt fort. Im weiteren Verlauf kam er erneut nach links von der Fahrbahn und fuhr mit aufheulenden Motor auf einen entgegenkommenden Radfahrer zu. Dieser musste z\u00fcgig absteigen und zur Seite springen, um einen Zusammensto\u00df zu vermeiden. Der Mercedes-Fahrer setzte seine Fahrt auf dem Gehweg fort und prallte gegen einen dort geparkten Opel Corsa. Er setzte danach zur\u00fcck und fuhr zu seiner nahegelegenen Wohnanschrift, wo er seinen Mercedes, nach Begutachtung der Sch\u00e4den, abstellte und sich ins Haus begab. Es war Sachschaden von insgesamt rund 15.000 Euro entstanden.<\/p>\n\n\n\n<p>Der Radfahrer verst\u00e4ndigte schlie\u00dflich die Polizei.<\/p>\n\n\n\n<p>Der 62-J\u00e4hrige konnte durch die eingesetzten Polizeibeamten an seiner Wohnanschrift angetroffen werden. Deutlicher Alkoholgeruch war in seinem Atem wahrnehmbar. Ein Alkoholtest ergab einen Wert von \u00fcber 2,3 Promille. Er wurde zum Polizeirevier Weinheim gebracht, wo ihm Blutproben entnommen wurden. Nach Abschluss aller Ma\u00dfnahmen wurde er in die Obhut seiner Ehefrau gegeben.<\/p>\n\n\n\n<p>Gegen den 62-J\u00e4hrigen wird nun wegen Stra\u00dfenverkehrsgef\u00e4hrdung und Unfallflucht ermittelt. Sein F\u00fchrerschein wurde einbehalten.<\/p>\n\n\n\n<h2 class=\"wp-block-heading\">(Weinheim \/ Rhein-Neckar-Kreis) &#8211; Polizeilicher Einsatz nach Drohanruf; wichtige Korrektur!!!<\/h2>\n\n\n\n<p>In der polizeilichen Berichterstattung \u00fcber das Einsatzgeschehen am Montagvormittag wurde f\u00e4lschlicherweise mitgeteilt, dass der 31-J\u00e4hrige in einem Krankenhaus angerufen und gegen\u00fcber einer \u00c4rztin Drohungen ausgesprochen h\u00e4tte.<\/p>\n\n\n\n<p>Tats\u00e4chlich aber hatte sich der Mann in einem nicht zur GRN-Klinik geh\u00f6renden \u00c4rztehaus gemeldet und mit zwei Mitarbeiterinnen dort telefoniert.<\/p>\n\n\n\n<p>Beide Frauen wurden von dem Mann nicht pers\u00f6nlich bedroht, sondern er sprach ihnen gegen\u00fcber nur undifferenzierte Drohungen aus, die dann anschlie\u00dfend zum Polizeieinsatz und der Gewahrsamnahme des 31-J\u00e4hrigen f\u00fchrten.<\/p>\n\n\n\n<p>Wir bitten dies in der medialen Berichterstattung zu ber\u00fccksichtigen.<\/p>\n\n\n\n<h2 class=\"wp-block-heading\">(Hemsbach \/ Rhein-Neckar-Kreis) &#8211; Versuchter Diebstahl eines E-Bikes \/ Zeugen gesucht<\/h2>\n\n\n\n<p>Im Zeitraum von Freitag, 13:00 Uhr, bis Montag, 10:45 Uhr, hat ein bisher unbekannter T\u00e4ter versucht, ein schwarzes E-Bike des Ordnungsamts Hemsbach zu entwenden. Das E-Bike war verschlossen vor dem Geb\u00e4ude des Ordnungsamtes in der Alleestra\u00dfe abgestellt. Am Montagmorgen konnten am Schloss Besch\u00e4digungen festgestellt werden, die darauf schlie\u00dfen lassen, dass mittels einem unbekannten Werkzeug versucht wurde, dieses aufzubrechen. Ebenso finden sich an der Halterung des Akkus Spuren, die darauf hindeuten, dass der unbekannte T\u00e4ter versuchte, diese aufzus\u00e4gen.<\/p>\n\n\n\n<p>Der Polizeiposten Hemsbach hat die Ermittlungen in dieser Sache \u00fcbernommen. Zeugen, die im genannten Zeitraum verd\u00e4chtige Wahrnehmungen rund um das Dienstgeb\u00e4ude in der Alleestra\u00dfe gemacht haben werden gebeten, sich unter der Rufnummer 06201 71207 zu den \u00fcblichen B\u00fcrozeiten an den Polizeiposten Hemsbach zu wenden. Hinweise k\u00f6nnen auch rund um die Uhr an das Polizeirevier Weinheim unter der Rufnummer 06201 1003-0 \u00fcbermittelt werden.<\/p>\n","protected":false},"excerpt":{"rendered":"<div class=\"mh-excerpt\"><p>Polizeimeldungen vom Dienstag &#8211; Donnerstag (12.07. &#8211; 14.07.2022) (Speyer) &#8211; Verkehrsunfall unter Alkoholeinfluss Am 13.07.2022 um 16:39 Uhr befuhr ein 39-j\u00e4hriger PKW-Fahrer die Bahnhofstra\u00dfe in n\u00f6rdlicher Richtung, bemerkte einen vor ihm verkehrsbedingt an einer roten <a class=\"mh-excerpt-more\" href=\"https:\/\/speyer24news.com\/?p=47363\" title=\"Polizeimeldungen Dienstag bis Donnerstag (12.07 &#8211; 14.07.2022)\">[&#8230;]<\/a><\/p>\n<\/div>","protected":false},"author":3,"featured_media":26162,"comment_status":"open","ping_status":"open","sticky":false,"template":"","format":"standard","meta":{"_monsterinsights_skip_tracking":false,"_monsterinsights_sitenote_active":false,"_monsterinsights_sitenote_note":"","_monsterinsights_sitenote_category":0,"footnotes":""},"categories":[12],"tags":[7243,7244,3614,702,61,2555,6955,6986,6263,63,105,11150,6987,53,4854,13534,4683,1548,4905,11592,102,13626,213,14325,14324,13553,13541,55,8277,6368,5261,103,106,2803,2423,427,2625,380,62,104,979,1565],"aioseo_notices":[],"amp_enabled":true,"_links":{"self":[{"href":"https:\/\/speyer24news.com\/index.php?rest_route=\/wp\/v2\/posts\/47363"}],"collection":[{"href":"https:\/\/speyer24news.com\/index.php?rest_route=\/wp\/v2\/posts"}],"about":[{"href":"https:\/\/speyer24news.com\/index.php?rest_route=\/wp\/v2\/types\/post"}],"author":[{"embeddable":true,"href":"https:\/\/speyer24news.com\/index.php?rest_route=\/wp\/v2\/users\/3"}],"replies":[{"embeddable":true,"href":"https:\/\/speyer24news.com\/index.php?rest_route=%2Fwp%2Fv2%2Fcomments&post=47363"}],"version-history":[{"count":7,"href":"https:\/\/speyer24news.com\/index.php?rest_route=\/wp\/v2\/posts\/47363\/revisions"}],"predecessor-version":[{"id":47459,"href":"https:\/\/speyer24news.com\/index.php?rest_route=\/wp\/v2\/posts\/47363\/revisions\/47459"}],"wp:featuredmedia":[{"embeddable":true,"href":"https:\/\/speyer24news.com\/index.php?rest_route=\/wp\/v2\/media\/26162"}],"wp:attachment":[{"href":"https:\/\/speyer24news.com\/index.php?rest_route=%2Fwp%2Fv2%2Fmedia&parent=47363"}],"wp:term":[{"taxonomy":"category","embeddable":true,"href":"https:\/\/speyer24news.com\/index.php?rest_route=%2Fwp%2Fv2%2Fcategories&post=47363"},{"taxonomy":"post_tag","embeddable":true,"href":"https:\/\/speyer24news.com\/index.php?rest_route=%2Fwp%2Fv2%2Ftags&post=47363"}],"curies":[{"name":"wp","href":"https:\/\/api.w.org\/{rel}","templated":true}]}}