{"id":47367,"date":"2022-07-14T09:53:11","date_gmt":"2022-07-14T08:53:11","guid":{"rendered":"https:\/\/speyer24news.com\/?p=47367"},"modified":"2022-07-14T09:53:12","modified_gmt":"2022-07-14T08:53:12","slug":"brezelfest-speyer-5","status":"publish","type":"post","link":"https:\/\/speyer24news.com\/?p=47367","title":{"rendered":"Brezelfest Speyer"},"content":{"rendered":"<style type=\"text\/css\">\r\n\t.ads_top_disp{}\r\n\t.ads_top_corner_disp{ float:left; margin:0px 10px 10px 0px; }\r\n\t.ads_first_p_disp{}\r\n\t.ads_bottom_disp{}\r\n\t<\/style>\n<h2 class=\"wp-block-heading\">Brezelbild f\u00fcr 13.700 \u20ac (inklusive Spenden) versteigert<\/h2>\n\n\n\n<h2 class=\"wp-block-heading\">Brezelfest mit Brillantfeuerwerk beendet<\/h2>\n\n\n<div class=\"wp-block-image\">\n<figure class=\"aligncenter size-full\"><img decoding=\"async\" loading=\"lazy\" width=\"500\" height=\"500\" src=\"https:\/\/speyer24news.com\/wp-content\/uploads\/2022\/07\/2022-Johannes_Doerr-Brezelfestbild.jpg\" alt=\"\" class=\"wp-image-47368\" srcset=\"https:\/\/speyer24news.com\/wp-content\/uploads\/2022\/07\/2022-Johannes_Doerr-Brezelfestbild.jpg 500w, https:\/\/speyer24news.com\/wp-content\/uploads\/2022\/07\/2022-Johannes_Doerr-Brezelfestbild-300x300.jpg 300w, https:\/\/speyer24news.com\/wp-content\/uploads\/2022\/07\/2022-Johannes_Doerr-Brezelfestbild-150x150.jpg 150w\" sizes=\"(max-width: 500px) 100vw, 500px\" \/><\/figure><\/div>\n\n\n<p>Am Brezelfestmontag fand der traditionelle Fr\u00fchschoppen mit Brezelbildversteigerung, wie in jedem Jahr durch den Round Table 63 (Speyer) organisiert und geplant, im Schwarzwaldh\u00e4usel auf dem Festplatz statt. Eine gro\u00dfe Zahl geladener G\u00e4ste lauschte den Worten von \u201eBrezeluwe\u201c W\u00f6hlert sowie der Oberb\u00fcrgermeisterin Stefanie Seiler. Im Anschluss daran trug der Gewinner eines Deutschwettbewerbes sein Gedicht der goldenen Brezel vor.<\/p>\n\n\n\n<p>Leider machte uns unsere Speicherkarte einen Strich durch die Rechnung, weshalb wir keine Bilder der Bildversteigerung liefern k\u00f6nnen, und auch das Video mit dem jungen Mann ist dem Problem leider zum Opfer gefallen.<\/p>\n\n\n\n<p>Der amtierende Pr\u00e4sident des Round Table, Daniel Lutz, stellte gemeinsam mit seinem Team nochmal das Bild von Johannes Doerr vor. Der K\u00fcnstler selbst nannte nochmals die Dinge, die ihn bewegt haben, sein zweites Brezelfestbild zu malen. \u201eWenn die mich fragen, dann mache ich das nat\u00fcrlich auch\u2026\u201c waren seine Worte.,<\/p>\n\n\n\n<p>Und was hat er wieder f\u00fcr ein sch\u00f6nes Bild gemalt, stellt es doch genau das dar, was das Brezelfest ausmacht. Strahlende Gesichter, friedliche Feierstimmung, Brezeln und das Fest sowie nat\u00fcrlich die Stadtfarben Rot und Wei\u00df. Gemalt in Acryl auf einer 60&#215;60 Leinwand spiegelt es einfach alles wieder, was unser beliebtes Volksfest so ausmacht.<\/p>\n\n\n\n<p>So war es auch nicht verwunderlich, dass die Gebote nicht lange auf sich warten lie\u00dfen. Er\u00f6ffnet wurde das Bietergefecht vom Hotel Sperling, den Eltern unserer amtierenden Brezelk\u00f6nigin Susann Sperling. Neben Franz Hammer gab es diesmal auch ein Gebot vom Apotheker Oliver Kunze, daf\u00fcr fehlte in diesem Jahr ausnahmsweise mal ein Gebot von Mike Oehlmann.<\/p>\n\n\n\n<p>Die \u201e\u00fcblichen Verd\u00e4chtigen\u201c, also die Finanzinstitute Sparkasse Vorderpfalz sowie die Vereinigte Volksbank Kur- und Rheinpfalz e.G., der \u00d6lf\u00f6rderer Neptune Energy mit seinem lokalen Vertreter Palatina Geocon sowie die Firma PM International lieferten sich einen Bieterkampf. Ab 6.000.- \u20ac wurde es ein wenig stockender, weshalb Roundtable Pr\u00e4sident Daniel Lutz versuchte, nochmals Werbung zu machen und zu motivieren. So d\u00fcrfen ja nicht nur Firmen und Institutionen bieten, sondern das Bild w\u00fcrde auch super in jedes Wohnzimmer passen oder sich auch in einem B\u00fcro oder Verkaufsraum einfach gro\u00dfartig machen.<\/p>\n\n\n\n<p>Neue Bieter stiegen aber dennoch nicht mit ein und so kam es zum finalen Schlagabtausch:<\/p>\n\n\n\n<p>Palatina Geocon, 6.200.- \u20ac<\/p>\n\n\n\n<p>Volksbank, 6.500.- \u20ac<\/p>\n\n\n\n<p>PM-International AG, 7.500.- \u20ac<\/p>\n\n\n\n<p>Und das Endgebot der Vereinigten Volksbank Kur- und Rheinpfalz e.G. von 7.700.- \u20ac<\/p>\n\n\n\n<p>Hinzu kommen Einzelspenden von:<\/p>\n\n\n\n<p>Sparkasse Vorderpfalz\u00a01.000.- \u20ac<\/p>\n\n\n\n<p>Vereinigte Volksbank   1.000.- \u20ac<\/p>\n\n\n\n<p>Palatina Geocon\u00a0\u00a0\u00a0\u00a0\u00a0\u00a0\u00a0\u00a0  \u00a01.000.- \u20ac<\/p>\n\n\n\n<p>PM-International AG\u00a0\u00a0\u00a01.500.- \u20ac<\/p>\n\n\n\n<p>GEWO\u00a0\u00a0\u00a0\u00a0\u00a0\u00a0\u00a0\u00a0\u00a0\u00a0\u00a0\u00a0\u00a0\u00a0\u00a0\u00a0\u00a0\u00a0\u00a0\u00a0\u00a0\u00a0\u00a0\u00a0\u00a0\u00a01.500.- \u20ac,<\/p>\n\n\n\n<p>sodass die Brezelbildversteigerung einen Endbetrag von stattlichen 13.700.- \u20ac erzielte. Hinzu kommen noch Verk\u00e4ufe von Kunstdrucken des Brezelbilds, die vielen Brezelbuttons, die die Round Tabler m\u00fchsam gefertigt und stetig auf und ums Brezelfest, f\u00fcr je 2.- \u20ac, verkauft haben und der Brezelwein.<\/p>\n\n\n<div class=\"wp-block-image\">\n<figure class=\"aligncenter size-full\"><img decoding=\"async\" loading=\"lazy\" width=\"800\" height=\"600\" src=\"https:\/\/speyer24news.com\/wp-content\/uploads\/2022\/07\/Brezelfest-Eroeffnung-2022-37.jpg\" alt=\"\" class=\"wp-image-46963\" srcset=\"https:\/\/speyer24news.com\/wp-content\/uploads\/2022\/07\/Brezelfest-Eroeffnung-2022-37.jpg 800w, https:\/\/speyer24news.com\/wp-content\/uploads\/2022\/07\/Brezelfest-Eroeffnung-2022-37-300x225.jpg 300w, https:\/\/speyer24news.com\/wp-content\/uploads\/2022\/07\/Brezelfest-Eroeffnung-2022-37-768x576.jpg 768w, https:\/\/speyer24news.com\/wp-content\/uploads\/2022\/07\/Brezelfest-Eroeffnung-2022-37-678x509.jpg 678w, https:\/\/speyer24news.com\/wp-content\/uploads\/2022\/07\/Brezelfest-Eroeffnung-2022-37-326x245.jpg 326w, https:\/\/speyer24news.com\/wp-content\/uploads\/2022\/07\/Brezelfest-Eroeffnung-2022-37-80x60.jpg 80w\" sizes=\"(max-width: 800px) 100vw, 800px\" \/><\/figure><\/div>\n\n\n<p>Alles geht, wie in jedem Jahr, an Projekte und Institutionen, die der Round Table als besonders f\u00f6rderungsf\u00e4hig erachtet. In diesem Jahr ist es ein niederschwelliges Musikprojekt mit integrativem Ansatz an der Woogbachschule.<\/p>\n\n\n\n<p>Am Montag fand dann noch der, mittlerweile fest im Programm implementierte, Pink Monday statt. Davor feierten viele Speyerer Betriebe (und nat\u00fcrlich auch aus dem nahen Umfeld) den Tag der Betriebe. Wir selbst haben mit einigen Schaustellern gesprochen und sie zeigten sich durchweg positiv. Es sei ein gro\u00dfartiges Fest gewesen, die G\u00e4ste ausgelassen und friedlich. Obwohl es \u201enur 6 Tage und keine 6 Wochen waren\u201c, seien sie alle geschafft, aber auch froh, endlich wieder ihrer Arbeit nachzukommen und Geld f\u00fcr ihre Familien und sich erwirtschaften zu k\u00f6nnen.<\/p>\n\n\n\n<p>Und so endete, nach einem ebenfalls super besuchten Familiendienstag, das Fest um 22:30 Uhr mit einem herrlichen Brillanth\u00f6henfeuerwerk. Auch dies zeigte nochmals allen, dass wir wohl scheinbar wieder in einem St\u00fcck der Normalit\u00e4t angekommen sind, was wir alle so schmerzlich vermisst haben.<\/p>\n\n\n\n<h4 class=\"wp-block-heading\">Sehen Sie hier einen Videozusammenschnitt des Fr\u00fchschoppens, der Pr\u00e4mierung der einzelnen Brezelumzugsgruppen und ein St\u00fcck des Brezelliedes von R\u00fcdiger Kitenko gemeinsam mit Brezelk\u00f6nigin Susann Sperling:<\/h4>\n\n\n\n<figure class=\"wp-block-embed is-type-video is-provider-youtube wp-block-embed-youtube wp-embed-aspect-16-9 wp-has-aspect-ratio\"><div class=\"wp-block-embed__wrapper\">\n<iframe loading=\"lazy\" title=\"Brezelbild Fr\u00fchschoppen, Pr\u00e4mierung der Brezelumzugsgruppen und Brezellied.\" width=\"500\" height=\"281\" src=\"https:\/\/www.youtube.com\/embed\/-SMpmtSgkiU?start=541&#038;feature=oembed\" frameborder=\"0\" allow=\"accelerometer; autoplay; clipboard-write; encrypted-media; gyroscope; picture-in-picture\" allowfullscreen><\/iframe>\n<\/div><\/figure>\n\n\n\n<p><em>Text, Foto &amp; Video: Speyer 24\/7 News<br>14.07.2022<\/em><\/p>\n","protected":false},"excerpt":{"rendered":"<div class=\"mh-excerpt\"><p>Brezelbild f\u00fcr 13.700 \u20ac (inklusive Spenden) versteigert Brezelfest mit Brillantfeuerwerk beendet Am Brezelfestmontag fand der traditionelle Fr\u00fchschoppen mit Brezelbildversteigerung, wie in jedem Jahr durch den Round Table 63 (Speyer) organisiert und geplant, im Schwarzwaldh\u00e4usel auf <a class=\"mh-excerpt-more\" href=\"https:\/\/speyer24news.com\/?p=47367\" title=\"Brezelfest Speyer\">[&#8230;]<\/a><\/p>\n<\/div>","protected":false},"author":3,"featured_media":46798,"comment_status":"open","ping_status":"open","sticky":false,"template":"","format":"standard","meta":{"_monsterinsights_skip_tracking":false,"_monsterinsights_sitenote_active":false,"_monsterinsights_sitenote_note":"","_monsterinsights_sitenote_category":0,"footnotes":""},"categories":[11],"tags":[3118,1067,14812,1069,14811,14813,14814,10543,1913,786,10541],"aioseo_notices":[],"amp_enabled":true,"_links":{"self":[{"href":"https:\/\/speyer24news.com\/index.php?rest_route=\/wp\/v2\/posts\/47367"}],"collection":[{"href":"https:\/\/speyer24news.com\/index.php?rest_route=\/wp\/v2\/posts"}],"about":[{"href":"https:\/\/speyer24news.com\/index.php?rest_route=\/wp\/v2\/types\/post"}],"author":[{"embeddable":true,"href":"https:\/\/speyer24news.com\/index.php?rest_route=\/wp\/v2\/users\/3"}],"replies":[{"embeddable":true,"href":"https:\/\/speyer24news.com\/index.php?rest_route=%2Fwp%2Fv2%2Fcomments&post=47367"}],"version-history":[{"count":1,"href":"https:\/\/speyer24news.com\/index.php?rest_route=\/wp\/v2\/posts\/47367\/revisions"}],"predecessor-version":[{"id":47369,"href":"https:\/\/speyer24news.com\/index.php?rest_route=\/wp\/v2\/posts\/47367\/revisions\/47369"}],"wp:featuredmedia":[{"embeddable":true,"href":"https:\/\/speyer24news.com\/index.php?rest_route=\/wp\/v2\/media\/46798"}],"wp:attachment":[{"href":"https:\/\/speyer24news.com\/index.php?rest_route=%2Fwp%2Fv2%2Fmedia&parent=47367"}],"wp:term":[{"taxonomy":"category","embeddable":true,"href":"https:\/\/speyer24news.com\/index.php?rest_route=%2Fwp%2Fv2%2Fcategories&post=47367"},{"taxonomy":"post_tag","embeddable":true,"href":"https:\/\/speyer24news.com\/index.php?rest_route=%2Fwp%2Fv2%2Ftags&post=47367"}],"curies":[{"name":"wp","href":"https:\/\/api.w.org\/{rel}","templated":true}]}}