{"id":47393,"date":"2022-07-16T13:15:54","date_gmt":"2022-07-16T12:15:54","guid":{"rendered":"https:\/\/speyer24news.com\/?p=47393"},"modified":"2022-07-16T13:15:55","modified_gmt":"2022-07-16T12:15:55","slug":"polizeimeldungen-freitag-15-07-2022","status":"publish","type":"post","link":"https:\/\/speyer24news.com\/?p=47393","title":{"rendered":"Polizeimeldungen Freitag (15.07.2022)"},"content":{"rendered":"<style type=\"text\/css\">\r\n\t.ads_top_disp{}\r\n\t.ads_top_corner_disp{ float:left; margin:0px 10px 10px 0px; }\r\n\t.ads_first_p_disp{}\r\n\t.ads_bottom_disp{}\r\n\t<\/style>\n<h2 class=\"wp-block-heading\">Polizeimeldungen vom Freitag (15.07.2022)<\/h2>\n\n\n<div class=\"wp-block-image\">\n<figure class=\"aligncenter size-full\"><img decoding=\"async\" loading=\"lazy\" width=\"375\" height=\"500\" src=\"https:\/\/speyer24news.com\/wp-content\/uploads\/2022\/03\/Aktuelles-Polizeilogo.jpg\" alt=\"\" class=\"wp-image-43591\" srcset=\"https:\/\/speyer24news.com\/wp-content\/uploads\/2022\/03\/Aktuelles-Polizeilogo.jpg 375w, https:\/\/speyer24news.com\/wp-content\/uploads\/2022\/03\/Aktuelles-Polizeilogo-225x300.jpg 225w\" sizes=\"(max-width: 375px) 100vw, 375px\" \/><\/figure><\/div>\n\n\n<h2 class=\"wp-block-heading\">(Speyer) &#8211; Verkehrsunfallflucht mit verletztem Kind<a href=\"https:\/\/www.facebook.com\/sharer.php?u=https%3A%2F%2Fwww.presseportal.de%2Fblaulicht%2Fpm%2F117688%2F5274010%2F%3Futm_source%3Dfacebook%26utm_medium%3Dsocial\"><\/a><a href=\"https:\/\/twitter.com\/intent\/tweet?text=POL-PDLU%3A%20Verkehrsunfallflucht%20mit%20verletztem%20Kind&amp;url=https%3A%2F%2Fwww.presseportal.de%2Fblaulicht%2Fpm%2F117688%2F5274010%2F%3Futm_source%3Dtwitter%26utm_medium%3Dsocial&amp;hashtags=ots&amp;lang=de\"><\/a><a href=\"https:\/\/web.whatsapp.com\/send?text=POL-PDLU%3A%20Verkehrsunfallflucht%20mit%20verletztem%20Kind%0A%0Ahttps%3A%2F%2Fwww.presseportal.de%2Fblaulicht%2Fpm%2F117688%2F5274010%2F%3Futm_source%3Dwhatsapp%26utm_medium%3Dsocial\"><\/a><a href=\"https:\/\/www.xing.com\/app\/user?op=share;url=https%3A%2F%2Fwww.presseportal.de%2Fblaulicht%2Fpm%2F117688%2F5274010%2F%3Futm_source%3Dxing%26utm_medium%3Dsocial\"><\/a><a href=\"http:\/\/www.linkedin.com\/shareArticle?mini=true&amp;url=https%3A%2F%2Fwww.presseportal.de%2Fblaulicht%2Fpm%2F117688%2F5274010%2F%3Futm_source%3Dlinkedin%26utm_medium%3Dsocial&amp;title=POL-PDLU%3A+Verkehrsunfallflucht+mit+verletztem+Kind\"><\/a><a href=\"mailto:?subject=POL-PDLU%3A%20Verkehrsunfallflucht%20mit%20verletztem%20Kind&amp;body=https:\/\/www.presseportal.de\/blaulicht\/pm\/117688\/5274010\"><\/a><\/h2>\n\n\n\n<p>Am 14.07.2022 gegen 18:00 Uhr befuhren ein 10- und ein 11-j\u00e4hriger Junge mit ihren Fahrr\u00e4dern den Radweg der Theodor-Heuss-Stra\u00dfe in Richtung der Dudenhofer Stra\u00dfe. Im Bereich der Br\u00fccke \u00fcber den Woogbachpark kam ihnen ein Fahrradfahrer entgegen, welcher mit seinem Fahrrad den Radweg in falscher Richtung befuhr. Der 10-J\u00e4hrige musste deshalb ausweichen und stie\u00df mit seinem Freund zusammen. Beide st\u00fcrzten zur linken Seite auf die Fahrbahn. Zeitgleich befuhr ein Omnibus die Theodor-Heuss-Stra\u00dfe und \u00fcberfuhr das Fahrrad des 10-j\u00e4hrigen Jungen. Durch den vorausgegangenen Sturz zog sich der 10-J\u00e4hrige eine Sch\u00fcrfwunde am rechten Knie zu. Er wurde durch den hinzugerufenen Rettungsdienst in Augenschein genommen und anschlie\u00dfend durch einen Sorgeberechtigten abgeholt. Am Fahrrad entstand ein Sachschaden in H\u00f6he von ca. 100 Euro. Am Omnibus entstand ein Sachschaden in H\u00f6he von ca. 1.000 Euro. Der Radfahrer entfernte sich unerlaubt von der Unfall\u00f6rtlichkeit. Eine genauere Beschreibung des Radfahrers war nicht m\u00f6glich. Die Fahrg\u00e4ste des Linienbusses befanden sich bei der Unfallaufnahme nicht mehr vor Ort. Unter ihnen k\u00f6nnten aber Unfallzeugen sein.<\/p>\n\n\n\n<p>Zeugen werden gebeten, sich mit der Polizeiinspektion Speyer unter 06232 137-0 oder&nbsp;<a href=\"mailto:pispeyer@polizei.rlp.de\">pispeyer@polizei.rlp.de<\/a>&nbsp;in Verbindung zu setzen.<\/p>\n\n\n\n<h2 class=\"wp-block-heading\">(Speyer) &#8211; Raub am Dom<\/h2>\n\n\n<div class=\"wp-block-image\">\n<figure class=\"aligncenter size-full\"><img decoding=\"async\" loading=\"lazy\" width=\"801\" height=\"600\" src=\"https:\/\/speyer24news.com\/wp-content\/uploads\/2020\/05\/Zeugen-gesucht-Neutral.jpg\" alt=\"\" class=\"wp-image-26598\" srcset=\"https:\/\/speyer24news.com\/wp-content\/uploads\/2020\/05\/Zeugen-gesucht-Neutral.jpg 801w, https:\/\/speyer24news.com\/wp-content\/uploads\/2020\/05\/Zeugen-gesucht-Neutral-300x225.jpg 300w, https:\/\/speyer24news.com\/wp-content\/uploads\/2020\/05\/Zeugen-gesucht-Neutral-768x575.jpg 768w, https:\/\/speyer24news.com\/wp-content\/uploads\/2020\/05\/Zeugen-gesucht-Neutral-678x509.jpg 678w, https:\/\/speyer24news.com\/wp-content\/uploads\/2020\/05\/Zeugen-gesucht-Neutral-326x245.jpg 326w, https:\/\/speyer24news.com\/wp-content\/uploads\/2020\/05\/Zeugen-gesucht-Neutral-80x60.jpg 80w\" sizes=\"(max-width: 801px) 100vw, 801px\" \/><\/figure><\/div>\n\n\n<p>Am 14.07.2022 gegen 23:20 Uhr meldete sich ein 55- j\u00e4hriger Mann telefonisch bei hiesiger Polizei und gab an, dass er im Bereich des Domvorplatzes gerade von f\u00fcnf M\u00e4nnern bedr\u00e4ngt und bel\u00e4stigt werde. Nach dieser Mitteilung brach das Telefonat abrupt ab und ein R\u00fcckruf war nicht m\u00f6glich. Bei Eintreffen der Polizeistreifen war nur noch der Gesch\u00e4digte vor Ort. Es stellte sich heraus, dass die Tatverd\u00e4chtigen den Gesch\u00e4digten zun\u00e4chst festhielten, seine Tasche durchw\u00fchlten und ihm sein Mobiltelefon unter Gewaltanwendung aus der Hand rissen. Die M\u00e4nner fl\u00fcchteten mit dem Raubgut zu Fu\u00df in Richtung Maximilianstra\u00dfe. Hiernach merkte der Gesch\u00e4digte, dass aus seiner Tasche ein niedriger vierstelliger Bargeldbetrag geraubt wurde. Die Tatverd\u00e4chtigen konnten trotz sofort eingeleiteter Fahndung nicht mehr angetroffen werden. <\/p>\n\n\n\n<h4 class=\"wp-block-heading\">Zwei der T\u00e4ter werden wie folgt beschrieben: <\/h4>\n\n\n\n<ul><li><strong>Erster T\u00e4ter: Auff\u00e4llig gro\u00df (etwa 1,85m), kr\u00e4ftige Statur (muskul\u00f6s), dunkler Hautton, kurze schwarze Haare, wei\u00dfes T-Shirt. <\/strong><\/li><li><strong>Zweiter T\u00e4ter: Drei-Tage-Bart, Brille, etwa 1,75m, normale Statur, dunkle kurze Haare, sprach stark gebrochen Deutsch, Bekleidung unbekannt.<\/strong><\/li><\/ul>\n\n\n\n<p>Zeugen, die Angaben zum Tatgeschehen machen k\u00f6nnen oder sonstige sachdienliche Hinweise liefern k\u00f6nnen, werden gebeten sich mit der Polizeiinspektion Speyer unter 06232 137-0 oder\u00a0<a href=\"mailto:pispeyer@polizei.rlp.de\">pispeyer@polizei.rlp.de<\/a>\u00a0in Verbindung zu setzen.<\/p>\n\n\n\n<h2 class=\"wp-block-heading\">(Speyer) &#8211; Schmuck aus Wohnung nach Trickdiebstahl entwendet<\/h2>\n\n\n<div class=\"wp-block-image\">\n<figure class=\"aligncenter size-large\"><img decoding=\"async\" loading=\"lazy\" width=\"1024\" height=\"649\" src=\"https:\/\/speyer24news.com\/wp-content\/uploads\/2022\/04\/Geld-Betrug-Schockanruf-Rentner-1024x649.jpg\" alt=\"\" class=\"wp-image-44260\" srcset=\"https:\/\/speyer24news.com\/wp-content\/uploads\/2022\/04\/Geld-Betrug-Schockanruf-Rentner-1024x649.jpg 1024w, https:\/\/speyer24news.com\/wp-content\/uploads\/2022\/04\/Geld-Betrug-Schockanruf-Rentner-300x190.jpg 300w, https:\/\/speyer24news.com\/wp-content\/uploads\/2022\/04\/Geld-Betrug-Schockanruf-Rentner-768x487.jpg 768w, https:\/\/speyer24news.com\/wp-content\/uploads\/2022\/04\/Geld-Betrug-Schockanruf-Rentner.jpg 1280w\" sizes=\"(max-width: 1024px) 100vw, 1024px\" \/><\/figure><\/div>\n\n\n<p>Am 14.07.2022 gegen gegen 14:30 Uhr kam es zu einem Trickdiebstahls zum Nachteil einer 86-J\u00e4hrigen. Im Vorfeld klingelte eine unbekannte Frau an einem Mehrfamilienhaues im Closweg und verwickelte die 86-J\u00e4hrige sofort in ein Gespr\u00e4ch. Dieses verlagerte sich schnell in die Wohnung der \u00e4lteren Dame. Sie stand dabei in der K\u00fcche und hatte den Wohnungseingang nicht mehr im Blick. Nachdem die unbekannte Frau die Wohnung verlassen hatte, stellte die 86-J\u00e4hrige fest, dass aus ihrem Schmuckkasten mehrere Ketten und Ringe im Wert von ca. 1500 Euro gestohlen wurde. Es ist daher mit hoher Wahrscheinlichkeit davon auszugehen, dass w\u00e4hrend des Gespr\u00e4ches eine zweite Person in die Wohnung gekommen ist. <\/p>\n\n\n\n<p><strong>Die unbekannte Frau wird auf ca. 55 Jahre gesch\u00e4tzt und mit einer kr\u00e4ftigen Statur beschrieben. <\/strong><\/p>\n\n\n\n<h4 class=\"wp-block-heading\">Die Polizei warnt an dieser Stelle wiederholt: <\/h4>\n\n\n\n<ul><li><strong>Lassen Sie keine Fremden in die Wohnung! <\/strong><\/li><li><strong>Trickdiebe sind erfinderisch und schauspielerisch begabt: Sie t\u00e4uschen eine Notlage vor oder geben sich beispielsweise als Handwerker oder Amtsperson aus, um in die Wohnung ihrer Opfer zu gelangen.<\/strong><\/li><\/ul>\n\n\n\n<h4 class=\"wp-block-heading\">Get\u00e4uscht und anschlie\u00dfend bestohlen werden h\u00e4ufig \u00e4ltere Menschen. Alle bekannten T\u00e4ter-Arbeitsweisen lassen sich auf drei Grundmuster zur\u00fcckf\u00fchren:<\/h4>\n\n\n\n<ul><li><strong>das Vort\u00e4uschen einer Notlage, die scheinbar eine Hilfeleistung oder Unterst\u00fctzung durch das Opfer in der Wohnung erfordert.<\/strong><\/li><li><strong>das Vort\u00e4uschen einer offiziellen Funktion, die den T\u00e4ter vermeintlich zum Betreten der Wohnung berechtigt.<\/strong><\/li><li><strong>das Vort\u00e4uschen einer pers\u00f6nlichen Beziehung zum Opfer, die eine Einladung zum Betreten der Wohnung nahelegt.<\/strong><\/li><\/ul>\n\n\n\n<h2 class=\"wp-block-heading\">(Speyer) &#8211; T\u00e4terfestnahme nach Taschendiebstahl<\/h2>\n\n\n\n<p>Am 14.07.2022 gegen 14:30 Uhr wurde der Polizei in Speyer ein aktueller Taschendiebstahl in der Bahnhofstra\u00dfe in Speyer gemeldet, bei dem der T\u00e4ter noch festgehalten wird. Der Mann wurde zuvor dabei beobachtet, wie er versuchte den Gelbeutel eines 72-J\u00e4hrigen aus dessen Ges\u00e4\u00dfhosentasche zu entwenden. Der Zeuge machte durch Rufen auf den Diebstahl aufmerksam. Daraufhin lie\u00df der 38-J\u00e4hrige aus Nordrhein-Westfalen von der Tat ab und versuchte sich fu\u00dfl\u00e4ufig von der Tat\u00f6rtlichkeit zu entfernen. Er wurde durch den Zeugen und einen weiteren Mann an der Flucht gehindert und bis zum Eintreffen der Polizei festgehalten. Der Mann wurde erkennungsdienstlich behandelt. Gegen ihn wurde ein Strafverfahren wegen versuchten Diebstahls eingeleitet.<\/p>\n\n\n\n<h2 class=\"wp-block-heading\">(Speyer) &#8211; Unfall mit verletzter Frau<\/h2>\n\n\n\n<p>Am 14.07.2022 gegen 11:54 Uhr befuhr eine 32-j\u00e4hrige Frau mit ihrem Pkw die Landauer Stra\u00dfe von der B9 kommend in Fahrtrichtung Stadtmitte. Ihr kam eine ortsunkundige Frau aus Th\u00fcringen entgegen, welche nach links auf die B39 in Fahrtrichtung Heidelberg abbiegen wollte. Diese \u00fcbersah dabei die bevorrechtigte 32-J\u00e4hrige. Infolgedessen kam es trotz einer sofort eingeleiteten Bremsung zur Kollision beider Fahrzeuge. Die Frau aus Th\u00fcringen wurde dabei verletzt und in ein umliegendes Krankenhaus gebracht. Beide Fahrzeuge waren nicht mehr fahrbereit und mussten abgeschleppt werden. Es entstand Sachschaden in H\u00f6he von ca. 5.000 Euro. Die Landauer Stra\u00dfe wurde w\u00e4hrend der Unfallaufnahme einseitig in Fahrtrichtung Speyer gesperrt.<\/p>\n\n\n\n<h2 class=\"wp-block-heading\">(Speyer) &#8211; Rucksack aus PKW gestohlen<\/h2>\n\n\n\n<p>Am 14.07.2022 zwischen 11:45 Uhr und 13:45 Uhr hebelten unbekannte T\u00e4ter das Schloss der Beifahrerseite eines im Reffenthal abgestellten VW Golf auf. Aus dem Fahrzeuginnenraum wurde der im Fu\u00dfraum des Beifahrersitzes befindliche, schwarze Rucksack entwendet. Darin befanden sich ein mittlerer zweistelliger Bargeldbetrag, mehrere Schl\u00fcssel und die EC-Karte des Gesch\u00e4digten. Der Gesamtschaden liegt bei ca. 500 Euro. Das Schloss wurde durch das Hebeln zerst\u00f6rt. Es liegen keine T\u00e4terhinweise vor.<\/p>\n\n\n\n<p>Wer hat verd\u00e4chtige Personen oder Fahrzeuge im genannten Tatzeitraum im Bereich des Reffenthals beobachtet? Zeugen werden gebeten, sich mit der Polizeiinspektion Speyer unter 06232 137-0 oder\u00a0<a href=\"mailto:pispeyer@polizei.rlp.de\">pispeyer@polizei.rlp.de<\/a>\u00a0in Verbindung zu setzen.<\/p>\n\n\n\n<h2 class=\"wp-block-heading\">(Waldsee) &#8211; Polizeiliche Pr\u00e4vention auf Sommertour \/ Unsere Experten informieren \u00fcber Betrugsmaschen und wie Sie sich davor sch\u00fctzen k\u00f6nnen<\/h2>\n\n\n<div class=\"wp-block-image\">\n<figure class=\"aligncenter size-full\"><img decoding=\"async\" loading=\"lazy\" width=\"800\" height=\"599\" src=\"https:\/\/speyer24news.com\/wp-content\/uploads\/2022\/07\/SommertourinSpeyer.jpg\" alt=\"\" class=\"wp-image-47395\" srcset=\"https:\/\/speyer24news.com\/wp-content\/uploads\/2022\/07\/SommertourinSpeyer.jpg 800w, https:\/\/speyer24news.com\/wp-content\/uploads\/2022\/07\/SommertourinSpeyer-300x225.jpg 300w, https:\/\/speyer24news.com\/wp-content\/uploads\/2022\/07\/SommertourinSpeyer-768x575.jpg 768w, https:\/\/speyer24news.com\/wp-content\/uploads\/2022\/07\/SommertourinSpeyer-678x509.jpg 678w, https:\/\/speyer24news.com\/wp-content\/uploads\/2022\/07\/SommertourinSpeyer-326x245.jpg 326w, https:\/\/speyer24news.com\/wp-content\/uploads\/2022\/07\/SommertourinSpeyer-80x60.jpg 80w\" sizes=\"(max-width: 800px) 100vw, 800px\" \/><\/figure><\/div>\n\n\n<p>Tagt\u00e4glich rufen Betr\u00fcger beispielsweise als &#8222;falsche Polizeibeamte&#8220; oder &#8222;falsche Enkel&#8220; lebens\u00e4ltere Menschen an und versuchen mit immer neuen Maschen an deren Geld zu kommen.<\/p>\n\n\n\n<p>Obwohl schon viele B\u00fcrgerinnen und B\u00fcrger sensibilisiert sind, gelingt es den trickreichen Betr\u00fcgern in Einzelf\u00e4llen immer wieder, hohe Geldsummen oder Wertgegenst\u00e4nde zu erlangen.<\/p>\n\n\n\n<p>Um Sie noch besser vor den fiesen Betrugsmaschen zu sch\u00fctzen, kommen unsere Experten der polizeilichen Pr\u00e4vention zu Ihnen.<\/p>\n\n\n\n<p>In verschiedenen Gemeinden der Vorder- und S\u00fcdpfalz werden wir Ihnen \u00fcber den Sommer an Infost\u00e4nden Rede und Antwort stehen.<\/p>\n\n\n\n<p>Wissen Sie wie Sie sich vor solchen Telefonbetr\u00fcger sch\u00fctzen k\u00f6nnen?<\/p>\n\n\n\n<p>Kommen Sie vorbei und informieren Sie sich \u00fcber die typischen Betrugsmaschen wie zum Beispiel &#8222;Falsche Polizeibeamte&#8220;, &#8222;Enkeltrick&#8220; oder sogenannte &#8222;Schockanrufe&#8220; und wie Sie sich mit einfachen Tricks dagegen wehren k\u00f6nnen.<\/p>\n\n\n\n<p><strong>Die n\u00e4chste Station unserer Sommertour ist am kommenden Donnerstag (21.07.2022) in Waldsee. Zwischen 10 und 14 Uhr finden Sie uns in der Albert-Einstein-Allee 43 beim Wasgau-Markt.<\/strong><\/p>\n\n\n\n<p>Sprechen Sie uns an und geben Sie Betr\u00fcgern keine Chance. Auch Angeh\u00f6rige \u00e4lterer Menschen sind herzlich eingeladen, um sich zu informieren.<\/p>\n\n\n\n<p>Wir informieren Sie immer freitags hier im Presseportal, wo unsere Experten in der n\u00e4chsten Woche unterwegs sind.<\/p>\n\n\n\n<h2 class=\"wp-block-heading\">(Mutterstadt) &#8211; Verkehrsunfallflucht<\/h2>\n\n\n\n<p>Am Donnerstag, 14.07.2022, gegen 12:15 Uhr, wollte ein PKW-Fahrer in eine Parkl\u00fccke vor einem Ladengesch\u00e4ft in der Stra\u00dfe An der Fohlenweide einparken. Gerade als er zur\u00fccksetzen wollte, fuhr hinter ihm ein silberfarbener Opel Corsa durch die gekennzeichnete Parkfl\u00e4che und streifte sein Fahrzeug. Es entstand Sachschaden in H\u00f6he von etwa 1.000 Euro. Durch das Fenster des Opels wurde ihm zugerufen, dass nichts passiert w\u00e4re. Sodann fuhr das Fahrzeug direkt davon. Verkehrsunfallfluchtermittlungen wurden eingeleitet. Hinweise zum Opel oder zu den Insassen, ein Ehepaar im Alter von circa 70 Jahren, erbittet die Polizeiinspektion Schifferstadt an 06235 495-0 oder an&nbsp;<a href=\"mailto:pischifferstadt@polizei.rlp.de\">pischifferstadt@polizei.rlp.de<\/a>.<\/p>\n\n\n\n<h2 class=\"wp-block-heading\">(Mutterstadt) &#8211; Einbruchdiebstahl<\/h2>\n\n\n\n<p>Die Hauptferienzeit steht unmittelbar vor der T\u00fcr, sommerliche Temperaturen, Sonnenschein und Palmen. Letzteren Umstand erf\u00fcllten sich in der Nacht von Mittwoch auf Donnerstag, 13. auf 14.07.2022, bislang unbekannte T\u00e4ter: Aus einem Blumengesch\u00e4ft im Gewerbegebiet An der Fohlenweide entwendeten diese nach Durchtrennen eines Vorh\u00e4ngeschlosses insgesamt drei Palmen in einer Gr\u00f6\u00dfe bis zu vier Metern, sowie mehrere kleinere Zitronenb\u00e4ume und Blumenerde. Der Schaden betr\u00e4gt mehrere tausend Euro. Hinweise erbittet die Polizeiinspektion Schifferstadt an 06235 495-0 oder an\u00a0<a href=\"mailto:pischifferstadt@polizei.rlp.de\">pischifferstadt@polizei.rlp.de<\/a>.<\/p>\n\n\n\n<h2 class=\"wp-block-heading\">(R\u00fclzheim) &#8211; Zeugen gesucht!<\/h2>\n\n\n\n<p>Am 14.07.2022 gegen 20:55 Uhr entwendeten drei m\u00e4nnliche Personen in einem Supermarkt in der Gutenbergstra\u00dfe in R\u00fclzheim, 28 Flaschen hochprozentigen Alkohol und ein E-Bike. Anschlie\u00dfend fl\u00fcchteten die M\u00e4nner fu\u00dfl\u00e4ufig mit einem Einkaufstrolley. Intensive Fahndungsma\u00dfen verliefen ohne Erfolg.<\/p>\n\n\n\n<p>Sachdienliche Hinweise nimmt die Polizei unter der Telefonnummer 07274-9580 oder per Mail\u00a0<a href=\"mailto:pigermersheim@polizei.rlp.de\">pigermersheim@polizei.rlp.de<\/a>\u00a0entgegen.<\/p>\n\n\n\n<h2 class=\"wp-block-heading\">(Schweigen-Rechtenbach) &#8211; Fehlende Heckscheibe ruft Polizei auf den Plan<\/h2>\n\n\n\n<p>Ein Kleintransporter ohne Heckscheibe fiel am Donnerstag, 14.07.2022, gegen 20:00 Uhr, einer Polizeistreife in der Weinstra\u00dfe auf. Bei der anschlie\u00dfenden Kontrolle stellten die Beamten bei dem Fahrer zudem noch Atemalkoholgeruch fest. Ein durchgef\u00fchrter Atemalkoholtest ergab einen Wert von 0,8 Promille. Der 64-j\u00e4hrige Fahrzeugf\u00fchrer muss nun mit einem Bu\u00dfgeld und einem 4-w\u00f6chigen Fahrverbot rechnen. Die fehlende Heckscheibe muss in einem M\u00e4ngelberichtsverfahren unverz\u00fcglich ersetzt werden.<\/p>\n\n\n\n<h2 class=\"wp-block-heading\">(Annweiler am Trifels) &#8211; Au\u00dfenspiegel besch\u00e4digt<a href=\"https:\/\/www.facebook.com\/sharer.php?u=https%3A%2F%2Fwww.presseportal.de%2Fblaulicht%2Fpm%2F117686%2F5274328%2F%3Futm_source%3Dfacebook%26utm_medium%3Dsocial\"><\/a><a href=\"https:\/\/twitter.com\/intent\/tweet?text=POL-PDLD%3A%20Au%C3%9Fenspiegel%20besch%C3%A4digt&amp;url=https%3A%2F%2Fwww.presseportal.de%2Fblaulicht%2Fpm%2F117686%2F5274328%2F%3Futm_source%3Dtwitter%26utm_medium%3Dsocial&amp;hashtags=ots&amp;lang=de\"><\/a><a href=\"https:\/\/web.whatsapp.com\/send?text=POL-PDLD%3A%20Au%C3%9Fenspiegel%20besch%C3%A4digt%0A%0Ahttps%3A%2F%2Fwww.presseportal.de%2Fblaulicht%2Fpm%2F117686%2F5274328%2F%3Futm_source%3Dwhatsapp%26utm_medium%3Dsocial\"><\/a><a href=\"https:\/\/www.xing.com\/app\/user?op=share;url=https%3A%2F%2Fwww.presseportal.de%2Fblaulicht%2Fpm%2F117686%2F5274328%2F%3Futm_source%3Dxing%26utm_medium%3Dsocial\"><\/a><a href=\"http:\/\/www.linkedin.com\/shareArticle?mini=true&amp;url=https%3A%2F%2Fwww.presseportal.de%2Fblaulicht%2Fpm%2F117686%2F5274328%2F%3Futm_source%3Dlinkedin%26utm_medium%3Dsocial&amp;title=POL-PDLD%3A+Au%C3%9Fenspiegel+besch%C3%A4digt\"><\/a><a href=\"mailto:?subject=POL-PDLD%3A%20Au%C3%9Fenspiegel%20besch%C3%A4digt&amp;body=https:\/\/www.presseportal.de\/blaulicht\/pm\/117686\/5274328\"><\/a><\/h2>\n\n\n\n<p>In der Zeit vom 14.07.2022, 17:00 bis 15.07.2022, 07:15 Uhr, wurde an einem blauen VW-Bus in der Lindelbrunnstra\u00dfe der linke Au\u00dfenspiegel nach vorne geklappt. Hierbei wurde dieser so stark besch\u00e4digt, dass er ersetzt werden muss. Mindestens an 3 weiteren Fahrzeugen waren auch die Spiegel nach vorne geklappt. Zeugen oder weitere Gesch\u00e4digte sollen sich bitte bei der Polizei Annweiler unter 06346-964619 melden.<\/p>\n\n\n\n<h2 class=\"wp-block-heading\">(Burrweiler) &#8211; \u00dcber die Verkehrsinsel gerauscht und gefl\u00fcchtet<\/h2>\n\n\n\n<p>Eine Mercedesfahrerin war am Donnerstag (14.07.2022, 11.30 Uhr) mit ihrem Fahrzeug in der B\u00f6chinger Stra\u00dfe unterwegs und fuhr am Ortsausgang aus ungekl\u00e4rter Ursache \u00fcber eine Verkehrsinsel, wobei ein nicht unerheblicher Sachschaden entstand. Die Frau machte sich zun\u00e4chst aus dem Staub, kam allerdings nach wenigen Minuten wieder zur Unfallstelle zur\u00fcck, um sich einen \u00dcberblick \u00fcber das Schadensausma\u00df zu machen. Nach der Begutachtung setzte sie ihre Fahrt fort, ohne die Polizei zu informieren. Anhand des Kennzeichens konnte die Halteradresse ausfindig gemacht werden. Gegen die Unfallverursacherin wurde ein Strafverfahren eingeleitet.<\/p>\n\n\n\n<h2 class=\"wp-block-heading\">(Edenkoben) &#8211; Portemonnaie mit mehreren hundert Euro entwendet<\/h2>\n\n\n\n<p>Eine 48 Jahre alte Frau r\u00e4umte am Donnerstag (14.07.2022, 16.30 Uhr) in der Luitpoldstra\u00dfe ihren Einkauf im Fahrzeug ein und legte hierzu ihre schwarze Bauchtasche mit Portemonnaie im Einkaufwagen ab. Nach dem Verladen fuhr die Frau weg und verga\u00df ihre Tasche. Als sie wenig sp\u00e4ter zur\u00fcckkam, musste sie feststellen, dass Unbekannte die Tasche entwendet hatten. In der Tasche befand sich das Portemonnaie mit \u00fcber 800 Euro Bargeld und sonstigen diversen Unterlagen. Die Polizei sucht unter der Telefonnummer 06323 9550 Zeugen, die Hinweise zu den T\u00e4tern geben k\u00f6nnen.<\/p>\n\n\n\n<h2 class=\"wp-block-heading\">(Edenkoben) &#8211; Schockanruf durch falschen Polizeibeamten<\/h2>\n\n\n\n<p>Mit einem &#8222;Schockanruf&#8220; wollen Betr\u00fcger das Vertrauen der Opfer mit erfundenen Geschichten erschleichen und sie unter Duck setzen. Kriminelle, die sich als Polizeibeamte tarnen, wollen erreichen, dass die Angerufenen Bargeld, Schmuck oder andere Wertgegenst\u00e4nde herausgeben. So erhielt gestern eine 70 Jahre alte Frau einen Anruf von einem Unbekannten, dass ihr Ehemann schuldhaft einen t\u00f6dlichen Verkehrsunfall verursacht h\u00e4tte und sie nun 84.000 Euro bezahlen m\u00fcsse. Noch vor der bevorstehenden Transaktion wurde die Frau auf einen m\u00f6glichen Betrug von einer Bankangestellten aufgekl\u00e4rt. Die Polizei wurde eingeschaltet. <\/p>\n\n\n\n<h4 class=\"wp-block-heading\">Ein dringender Appell der Polizei: <\/h4>\n\n\n\n<p><strong>Egal ob Geldforderungen, Datenweitergabe oder sonstige Informationsherausgabe &#8211; bevor Sie sich auf irgendwelche Forderungen von Unbekannten einlassen: Pr\u00fcfen Sie unbedingt, mit wem Sie es zu tun haben, und ob Ihr Gegen\u00fcber auch tats\u00e4chlich der ist, f\u00fcr den er sich ausgibt! Lieber einmal mehr nachfragen, als einmal zu viel bezahlen! Es geht schlie\u00dflich um Ihr Geld! Sch\u00fctzen Sie es!<\/strong><\/p>\n\n\n\n<h2 class=\"wp-block-heading\">(Maikammer) &#8211; Verkehrsunfall mit Radfahrer<\/h2>\n\n\n\n<p>Ein 17 Jahre alter Radfahrer missachtete Donnerstagabend (14.07.2022, 21.20 Uhr) von der Turmstra\u00dfe kommend die Vorfahrt einer 43 Jahre alten Autofahrerin, weshalb es zur Kollision im Kreuzungsbereich der Alsterweiler Hauptstra\u00dfe kam. Hierbei erlitt er Kopfverletzungen und musste in ein Krankenhaus eingeliefert werden. Einen Helm trug er nicht. Die meisten Radfahrer verzichten oft auf den lebensrettenden Kopfschutz. Aber: Bei einem schweren Sturz kann ein Fahrradhelm die Gesundheit oder gar das Leben retten.<\/p>\n\n\n\n<h2 class=\"wp-block-heading\">(Neustadt) &#8211; Ohne die erforderliche Fahrerlaubnis&#8230;<\/h2>\n\n\n\n<p>&#8230;war ein 17-J\u00e4hriger aus Neustadt\/W. am 14.07.2022 um 22:30 Uhr mit seinem Kleinkraftrad in der Spitalbachstra\u00dfe in 67433 Neustadt unterwegs, als er zun\u00e4chst einer anlassunabh\u00e4ngigen Verkehrskontrolle unterzogen wurde. Im Rahmen der Kontrolle konnte festgestellt werden, dass das Kleinkraftrad eine Geschwindigkeit von \u00fcber 30 km\/h erreicht. Dies wurde mittels eines geeichten Pr\u00fcfstandes in der hiesigen Dienststelle \u00fcberpr\u00fcft. Der Neustadter konnte lediglich eine Pr\u00fcfbescheinigung vorlegen, welche ihn dazu berechtigte ein Kleinkraftrad bis zur einer Geschwindigkeit von 25 km\/h zu f\u00fchren. Aufgrund dieser Tatsache war f\u00fcr den Jugendlichen die Fahrt beendet. Dessen Kleinkraftrad wurde einem Erziehungsberechtigten \u00fcbergeben. Nun muss sich der Fahrer in mehreren Strafverfahren, unter anderem wegen des Fahrens ohne Fahrerlaubnis, verantworten. Ferner wird die zust\u00e4ndige F\u00fchrerscheinstelle \u00fcber den Vorfall in Kenntnis gesetzt.<\/p>\n\n\n\n<h2 class=\"wp-block-heading\">(L 499 \/ Elmstein) &#8211; Vermeintliches Autorennen \/ Zeugen gesucht<\/h2>\n\n\n\n<p>Am Donnerstag den 14.07.2022 gegen 16:45 Uhr teilte ein Zeuge der Polizei Neustadt mit, dass sich mehrere Fahrzeuge (SUV) auf der L499 bei Elmstein in Fahrtrichtung Neustadt scheinbar ein Autorennen liefern. Die Fahrzeuge seien dem Zeugen mit \u00fcberh\u00f6hter Geschwindigkeit und z.T. \u00fcber den Mittelstreifen entgegengekommen, nur durch eine Vollbremsung konnte er einen Unfall verhindern. Die Polizei Neustadt konnte vier hochmotorisierte Fahrzeuge und deren Fahrer antreffen und kontrollieren. Allerdings machen die Fahrer und Fahrzeuginsassen andere Angaben zum Sachverhalt. Die Polizei Neustadt bittet um Hinweise von Zeugen, die die Fahrzeugkolonne (scheinbar mit einem gelben F\u00fchrungsfahrzeug) auf der L499 gesehen haben. Hinweise bitte unter Telefonnummer 06321 854-0 oder per E-Mail unter\u00a0<a href=\"mailto:pineustadt@polizei.rlp.de\">pineustadt@polizei.rlp.de<\/a><\/p>\n\n\n\n<h2 class=\"wp-block-heading\">(Gr\u00fcnstadt) &#8211; E-Scooter ohne Versicherungsschutz<\/h2>\n\n\n\n<p>Am Donnerstag, 14.07.2022, gegen 18:30 Uhr kontrollierten Beamte der Polizeiinspektion Gr\u00fcnstadt in der Sausenheimer Stra\u00dfe einen E-Scooter-Fahrer, der den Gehweg befuhr. Hierbei konnte festgestellt werden, dass an dem E-Scooter kein Versicherungskennzeichen angebracht war. Nun wird gegen den 18 Jahre alten Fahrer wegen Versto\u00dfes gegen das Pflichtversicherungsgesetz ermittelt. Ohne Versicherungsschutz haftet im Schadensfall der Fahrer!<\/p>\n\n\n\n<h2 class=\"wp-block-heading\">(Wattenheim) &#8211; Gelegenheit macht Diebe<\/h2>\n\n\n\n<p>Der Polizeiinspektion Gr\u00fcnstadt wurde gestern angezeigt, dass in der Nacht zu Mittwoch, 13.07.2022, aus einem Pkw, der in der Stra\u00dfe Lochberg geparkt war, eine Dashcam entwendet wurde. Die Gelegenheit war f\u00fcr den Dieb deshalb g\u00fcnstig, weil die Seitenscheibe des Fahrzeugs nicht richtig verschlossen war. Hinweise nimmt die Polizeiinspektion Gr\u00fcnstadt unter 06359\/9312-0 entgegen.<\/p>\n\n\n\n<h2 class=\"wp-block-heading\">(Frankenthal) &#8211; T\u00e4terfestnahme nach E-Scooterdiebstahl<\/h2>\n\n\n\n<p>Am 14.07.2022, gegen 09.00 Uhr, meldete der Gesch\u00e4digte, dass sein E-Scooter, welchen er im Bereich der Neumayerschule abgestellt hatte, entwendet wurde. Im Rahmen der Anzeigenaufnahme wurde bekannt, dass der E-Scooter mit einem GPS-Modul ausgestattet ist. Durch die eingesetzte Streife konnte der E-Scooter an der Kreuzung Foltzring\/Nachtweideweg festgestellt und angehalten werden. Besetzt war der Scooter zu diesem Zeitpunkt mit zwei Personen, einem 16-J\u00e4hrigen aus Saulheim und einem 12-j\u00e4hrigen aus Worms. Gegen beide wurde ein Strafverfahren eingeleitet.<\/p>\n\n\n\n<p>Zeugen werden gebeten sich an die Polizeiinspektion Frankenthal unter der Tel.-Nr.: 06233\/313-0 oder an die Polizeiwache Maxdorf unter der Tel.-Nr.: 06237\/934-1100 zu wenden. Gerne nehmen wir Ihre Hinweise auch per E-Mail unter\u00a0<a href=\"mailto:pifrankenthal@polizei.rlp.de\">pifrankenthal@polizei.rlp.de<\/a>\u00a0entgegen.<\/p>\n\n\n\n<h2 class=\"wp-block-heading\">(Ludwigshafen) &#8211; Zeugin stoppt betrunkene Autofahrerin<\/h2>\n\n\n\n<p>Eine 24-j\u00e4hrige Pkw-Fahrerin stoppte am Donnerstag (14.07.2022) eine alkoholisierte 67-J\u00e4hrige mit ihrem Auto. Die junge Fahrerin beobachte gegen 20 Uhr, wie die 67-J\u00e4hrige mit ihrem Pkw von der Fahrbahn der B9 H\u00f6he Neuhofen abkam und mit einem platten Reifen in Richtung Ludwigshafen weiterfuhr. Die 24-J\u00e4hrige versuchte die 67-J\u00e4hrige auszubremsen, was jedoch misslang. Die betrunkene Autofahrerin fuhr anschlie\u00dfend weiter auf einen Parkplatz im Bereich der Abfahrt Rheing\u00f6nheim\/Giulini. Dort blockierte die 24-J\u00e4hrige mit ihrem Pkw den Pkw der 67-J\u00e4hrigen, sodass eine Weiterfahrt nicht mehr m\u00f6glich war. Die 24-J\u00e4hrige stieg aus dem Auto aus und entnahm den Fahrzeugschl\u00fcssel aus dem Z\u00fcndschloss. Anschlie\u00dfend verst\u00e4ndigte sie die Polizei. Ein Atemalkoholtest ergab einen Promillewert von 2,25. Der 67-J\u00e4hrigen wurde anschlie\u00dfend eine Blutprobe entnommen. Den F\u00fchrerschein stellte die Polizei sicher. Da der Pkw der 67-J\u00e4hrigen erhebliche Sch\u00e4den hatte, geht die Polizei davon aus, dass die Frau im Vorfeld der Fahrt einen Unfall verursacht haben k\u00f6nnte. Sachdienliche Hinweise bitte an die Polizeiinspektion Ludwigshafen 1, Telefonnummer 0621 963-2122 oder per E-Mail&nbsp;<a href=\"mailto:piludwigshafen1@polizei.rlp.de\">piludwigshafen1@polizei.rlp.de<\/a>&nbsp;.<\/p>\n\n\n\n<h2 class=\"wp-block-heading\">(Ludwigshafen) &#8211; Betrugsversuche am Telefon<\/h2>\n\n\n\n<p>Die Polizei registrierte am Donnerstag (14.07.2022) erneut mehrere Betrugsversuche \u00fcber das Telefon und WhatsApp. U.a. versuchten falsche Europolmitarbeitende an Daten zu gelangen. Auch falsche Mitarbeitende einer Sozialversicherungsstelle versuchten an pers\u00f6nliche Informationen zu gelangen. In allen F\u00e4llen reagierten die Betroffenen vorbildlich und beendeten das Gespr\u00e4ch rechtzeitig.<\/p>\n\n\n\n<h2 class=\"wp-block-heading\">(Ludwigshafen) &#8211; Fahrraddiebstahl \/ Zeugen gesucht<\/h2>\n\n\n\n<p>Ein unbekannter Mann entwendete am Donnerstag (14.07.2022), gegen 11 Uhr, ein dunkelgraues Herrenrad vor einem Supermarkt in der Mundenheimer Stra\u00dfe. Der Eigent\u00fcmer kam gerade aus dem Supermarkt, als er Zeuge wurde, wie ein korpulenter Mann mit wei\u00dfem T-Shirt mit dem Fahrrad davonfuhr. Der Eigent\u00fcmer nahm noch zu Fu\u00df die Verfolgung auf, verlor jedoch den Dieb schlie\u00dflich aus den Augen. Am Fahrrad befand sich noch eine Tasche mit einem Smartphone. Sachdienliche Hinweise bitte an die Polizeiinspektion Ludwigshafen 1, Telefonnummer 0621 963-2122 oder per E-Mail\u00a0<a href=\"mailto:piludwigshafen1@polizei.rlp.de\">piludwigshafen1@polizei.rlp.de<\/a>\u00a0.<\/p>\n\n\n\n<h2 class=\"wp-block-heading\">(Ludwigshafen) &#8211; Fahrrad und Fernseher aus Keller gestohlen<\/h2>\n\n\n\n<p>Im dem Zeitraum 08.07.2022 bis 13.07.2022 wurden aus einem Keller eines Mehrfamilienhauses in der Mundenheimer Stra\u00dfe ein Fahrrad und zwei Flachbildfernseher gestohlen. Die Kellerparzelle wurde gewaltsam aufgebrochen. Die Schadensh\u00f6he wird derzeit noch ermittelt. Sachdienliche Hinweise bitte an die Polizeiinspektion Ludwigshafen 1, Telefonnummer 0621 963-2122 oder per E-Mail\u00a0<a href=\"mailto:piludwigshafen1@polizei.rlp.de\">piludwigshafen1@polizei.rlp.de<\/a>\u00a0.<\/p>\n\n\n\n<h2 class=\"wp-block-heading\">(Mannheim-Innenstadt) &#8211; Uneinsichtiger Verkehrsteilnehmer wird handgreiflich gegen\u00fcber Polizeibeamten<\/h2>\n\n\n\n<p>Ein uneinsichtiger Autofahrer wurde am Donnerstagvormittag in der Mannheimer Innenstadt handgreiflich gegen\u00fcber Polizeibeamten. Der 22-J\u00e4hriger fiel einer Polizeistreife kurz nach 10 Uhr im verkehrsberuhigten Bereich zwischen den Quadraten G 2 und H 2 auf, als er sein Fahrzeug verkehrsbehindernd abstellte. Einer Aufforderung, sein Fahrzeug zu entfernen und verkehrsgerecht abzustellen, wollte er nicht nachkommen. Bei der darauf folgenden Kontrolle, weigerte er sich, seine Personalien anzugeben und baute sich zun\u00e4chst gegen\u00fcber den Beamten auf. Gegen die Durchsetzung der Ma\u00dfnahmen setzte er sich mit Tritten und Schl\u00e4gen gegen die Polizisten zur Wehr. Mit vereinten Kr\u00e4ften konnte der 22-J\u00e4hrige jedoch \u00fcberw\u00e4ltigt werden. Er wurde zum Polizeirevier Mannheim-Innenstadt gebracht.<\/p>\n\n\n\n<h2 class=\"wp-block-heading\">(Mannheim-Neckarstadt) &#8211; Einbruch in Cafe \/ Polizei sucht Zeugen!<a href=\"https:\/\/www.facebook.com\/sharer.php?u=https%3A%2F%2Fwww.presseportal.de%2Fblaulicht%2Fpm%2F14915%2F5273511%2F%3Futm_source%3Dfacebook%26utm_medium%3Dsocial\"><\/a><a href=\"https:\/\/twitter.com\/intent\/tweet?text=POL-MA%3A%20Mannheim-Neckarstadt%3A%20Einbruch%20in%20Cafe%20-%20Polizei%20sucht%20Zeugen%21&amp;url=https%3A%2F%2Fwww.presseportal.de%2Fblaulicht%2Fpm%2F14915%2F5273511%2F%3Futm_source%3Dtwitter%26utm_medium%3Dsocial&amp;hashtags=ots&amp;lang=de\"><\/a><a href=\"https:\/\/web.whatsapp.com\/send?text=POL-MA%3A%20Mannheim-Neckarstadt%3A%20Einbruch%20in%20Cafe%20-%20Polizei%20sucht%20Zeugen%21%0A%0Ahttps%3A%2F%2Fwww.presseportal.de%2Fblaulicht%2Fpm%2F14915%2F5273511%2F%3Futm_source%3Dwhatsapp%26utm_medium%3Dsocial\"><\/a><a href=\"https:\/\/www.xing.com\/app\/user?op=share;url=https%3A%2F%2Fwww.presseportal.de%2Fblaulicht%2Fpm%2F14915%2F5273511%2F%3Futm_source%3Dxing%26utm_medium%3Dsocial\"><\/a><a href=\"http:\/\/www.linkedin.com\/shareArticle?mini=true&amp;url=https%3A%2F%2Fwww.presseportal.de%2Fblaulicht%2Fpm%2F14915%2F5273511%2F%3Futm_source%3Dlinkedin%26utm_medium%3Dsocial&amp;title=POL-MA%3A+Mannheim-Neckarstadt%3A+Einbruch+in+Cafe+-+Polizei+sucht+Zeugen%21\"><\/a><a href=\"mailto:?subject=POL-MA%3A%20Mannheim-Neckarstadt%3A%20Einbruch%20in%20Cafe%20-%20Polizei%20sucht%20Zeugen%21&amp;body=https:\/\/www.presseportal.de\/blaulicht\/pm\/14915\/5273511\"><\/a><\/h2>\n\n\n\n<p>Eingebrochen wurde in der Nacht von Mittwoch auf Donnerstag, zwischen 01:00 Uhr und 04:00 Uhr in ein Cafe an der Ecke &#8222;Lange R\u00f6tterstra\u00dfe&#8220; und &#8222;Grillparzerstra\u00dfe&#8220;. Bislang unbekannter T\u00e4ter verschaffte sich gewaltsam Zugang zu den B\u00fcror\u00e4umlichkeiten des Cafes und entwendete Bargeld in H\u00f6he von mehreren Tausend Euro. Anschlie\u00dfend fl\u00fcchtete er in unbekannte Richtung.<\/p>\n\n\n\n<p>Zeugen, die verd\u00e4chtige Wahrnehmungen gemacht haben, werden gebeten sich beim Polizeirevier Mannheim-Neckarstadt, unter der Telefonnummer 0621-33010, zu melden.<\/p>\n\n\n\n<p>Beide Beamten sowie der 22-J\u00e4hrige erlitten leichte Verletzungen. Einer der Beamten konnte aufgrund der erlittenen Verletzungen seinen Dienst nicht fortsetzen.<\/p>\n\n\n\n<p>Der 22-J\u00e4hrige wurde nach Beendigung der polizeilichen Ma\u00dfnahmen und erkennungsdienstlicher Behandlung auf freien Fu\u00df entlassen. Gegen ihn wird nun wegen t\u00e4tlichen Angriffs auf Polizeibeamte, Widerstands gegen diese sowie wegen K\u00f6rperverletzung ermittelt.<\/p>\n\n\n\n<h2 class=\"wp-block-heading\">(Heidelberg-Altstadt) &#8211; Mann entbl\u00f6\u00dft sich in Friseursalon<\/h2>\n\n\n\n<p>Am Donnerstagnachmittag gegen 16:55 Uhr begab sich ein 25-j\u00e4hriger Kunde eines Friseursalons zun\u00e4chst in die dortige Toilette. Als er nach wenigen Minuten die Toilette verlie\u00df, soll der Mann unterhalb der Taille entkleidet gewesen sein. Zudem soll er mit der Hand an seinem Geschlechtsteil manipuliert haben und w\u00e4hrenddessen eine dort anwesende 43-j\u00e4hrige Frau angeschaut haben. Diese soll den Mann lautstark aufgefordert haben, seine Handlungen zu unterlassen, woraufhin sich dieser wieder bekleidet haben soll. Der Mann, der unter Alkoholeinfluss stand, wurde durch eine Streife des Polizeireviers Heidelberg-Mitte festgenommen und nach Beendigung der polizeilichen Ma\u00dfnahmen auf freien Fu\u00df gesetzt. Das zust\u00e4ndige Fachdezernat der Kriminalpolizeidirektion Heidelberg ermittelt nun wegen Exhibitionistischer Handlungen gegen den 25-J\u00e4hrigen.<\/p>\n\n\n\n<h2 class=\"wp-block-heading\">(A 6 \/ Ketsch \/ Rhein-Neckar-Kreis) &#8211; Auffahrunfall \/ eine Person schwer verletzt<\/h2>\n\n\n\n<p>Bei einem Auffahrunfall am Donnerstagabend auf der A 6 bei Ketsch wurde ein Beteiligter schwer verletzt. Ein 52-j\u00e4hriger Mann war gegen 23.30 Uhr mit einem Opel-Kleintransporter auf der A 6 in Richtung Mannheim unterwegs. Zwischen den Anschlussstellen Schwetzingen\/Hockenheim und Mannheim\/Schwetzingen fuhr er vermutlich aus Unachtsamkeit und zu geringem Sicherheitsabstand einem voranfahrenden 21-j\u00e4hrigen Ford-Fahrer auf. Der Ford schleuderte nach rechts und kam im Acker zum Stehen und der Transporter blieb auf der linken Fahrspur liegen. Der Fahrer des Ford erlitt bei dem Zusammensto\u00df schwere Verletzungen und wurde mit einem Rettungswagen zur Behandlung in eine Klinik gebracht.<\/p>\n\n\n\n<p>Die beiden Fahrzeuge waren so stark besch\u00e4digt, dass sie abgeschleppt werden mussten. Der Sachschaden wird auf rund 10.000 Euro gesch\u00e4tzt.<\/p>\n\n\n\n<p>Da die Fahrbahn in Fahrtrichtung Mannheim von Tr\u00fcmmerteilen \u00fcbers\u00e4t war, musste diese w\u00e4hrend der Unfallaufnahme und Reinigungsma\u00dfnahmen vor\u00fcbergehend voll gesperrt werden. Gegen 1.20 Uhr waren wieder alle Fahrspuren f\u00fcr den Verkehr freigegeben.<\/p>\n\n\n\n<h2 class=\"wp-block-heading\">(Sandhausen \/ Rhein-Neckar-Kreis) &#8211; Betrunkener f\u00e4hrt auf Verkehrsinsel \/ 30.000 Euro Sachschaden<a href=\"https:\/\/www.facebook.com\/sharer.php?u=https%3A%2F%2Fwww.presseportal.de%2Fblaulicht%2Fpm%2F14915%2F5273920%2F%3Futm_source%3Dfacebook%26utm_medium%3Dsocial\"><\/a><a href=\"https:\/\/twitter.com\/intent\/tweet?text=POL-MA%3A%20Sandhausen%2FRhein-Neckar-Kreis%3A%20Betrunkener%20f%C3%A4hrt%20auf%20Verkehrsinsel%20-%2030.000%20Euro%20Sachschaden&amp;url=https%3A%2F%2Fwww.presseportal.de%2Fblaulicht%2Fpm%2F14915%2F5273920%2F%3Futm_source%3Dtwitter%26utm_medium%3Dsocial&amp;hashtags=ots&amp;lang=de\"><\/a><a href=\"https:\/\/web.whatsapp.com\/send?text=POL-MA%3A%20Sandhausen%2FRhein-Neckar-Kreis%3A%20Betrunkener%20f%C3%A4hrt%20auf%20Verkehrsinsel%20-%2030.000%20Euro%20Sachschaden%0A%0Ahttps%3A%2F%2Fwww.presseportal.de%2Fblaulicht%2Fpm%2F14915%2F5273920%2F%3Futm_source%3Dwhatsapp%26utm_medium%3Dsocial\"><\/a><a href=\"https:\/\/www.xing.com\/app\/user?op=share;url=https%3A%2F%2Fwww.presseportal.de%2Fblaulicht%2Fpm%2F14915%2F5273920%2F%3Futm_source%3Dxing%26utm_medium%3Dsocial\"><\/a><a href=\"http:\/\/www.linkedin.com\/shareArticle?mini=true&amp;url=https%3A%2F%2Fwww.presseportal.de%2Fblaulicht%2Fpm%2F14915%2F5273920%2F%3Futm_source%3Dlinkedin%26utm_medium%3Dsocial&amp;title=POL-MA%3A+Sandhausen%2FRhein-Neckar-Kreis%3A+Betrunkener+f%C3%A4hrt+auf+Verkehrsinsel+-+30.000+Euro+Sachschaden\"><\/a><a href=\"mailto:?subject=POL-MA%3A%20Sandhausen%2FRhein-Neckar-Kreis%3A%20Betrunkener%20f%C3%A4hrt%20auf%20Verkehrsinsel%20-%2030.000%20Euro%20Sachschaden&amp;body=https:\/\/www.presseportal.de\/blaulicht\/pm\/14915\/5273920\"><\/a><\/h2>\n\n\n\n<p>Zu einem Verkehrsunfall kam es in der Nacht von Donnerstag auf Freitag gegen 02:00 Uhr in der Seegasse. Ein 45-J\u00e4hriger Mercedes-Fahrer befuhr die L598 von Heidelberg in Fahrtrichtung Walldorf, als er auf H\u00f6he der Seegasse in diese abbiegen wollte, hierbei von der Fahrbahn abkam und auf die dortige Verkehrsinsel auffuhr. Anschlie\u00dfend fl\u00fcchtete der Mann zu Fu\u00df in vorerst unbekannte Richtung. Als die hinzugerufenen Beamten kurze Zeit sp\u00e4ter die Wohnanschrift des Halters \u00fcberpr\u00fcften, konnte der 45-J\u00e4hrige angetroffen werden. Hier konnte durch die Beamten deutlicher Alkoholgeruch festgestellt werden, ein Atemalkoholtest ergab den Wert von einer Promille. Der Mann wurde daraufhin in ein Krankenhaus zur Blutentname verbracht, sein F\u00fchrerschein wurde einbehalten. Der Sachschaden betr\u00e4gt rund 30.000 Euro. Es wurden Ermittlungen wegen der Gef\u00e4hrdung des Stra\u00dfenverkehrs aufgenommen.<\/p>\n\n\n\n<h2 class=\"wp-block-heading\">(Walldorf \/ Rhein-Neckar-Kreis) &#8211; R\u00fccksichtsloser Autofahrer \/ Zeugen gesucht<\/h2>\n\n\n\n<p>Ein r\u00fccksichtsloser Autofahrer gef\u00e4hrdete am Mittwochmittag in Walldorf einen 53-j\u00e4hrigen Fahrradfahrer. Der 53-J\u00e4hrige war gegen 12.30 Uhr mit seinem Fahrrad auf der Bahnhofstra\u00dfe in Richtung Drehscheibe unterwegs. Beim Befahren des Kreisverkehrs in H\u00f6he der Schulstra\u00dfe \u00fcberholte ihn ein 32-j\u00e4hriger BMW-Fahrer \u00fcber die Mittelplatte des Kreisels und schnitt ihm die Weiterfahrtm\u00f6glichkeit in Richtung der Oberen Grabenstra\u00dfe ab. Nur durch eine Vollbremsung konnte der Radfahrer eine Kollision vermeiden. Der 53-J\u00e4hrige informierte eine zuf\u00e4llig vor Ort befindliche Polizeistreife, die den BMW-Fahrer schlie\u00dflich kontrollieren konnten. Gegen diesen wird nun wegen des Verdachts der Stra\u00dfenverkehrsgef\u00e4hrdung ermittelt.<\/p>\n\n\n\n<p>Weitere Gesch\u00e4digte, die durch die Fahrweise des BMW-Fahrers gef\u00e4hrdet wurden sowie Zeugen, die auf den Vorfall aufmerksam geworden waren und sachdienliche Hinweise auch zur Fahrweise des 32-J\u00e4hrigen geben k\u00f6nnen, werden gebeten, sich beim Polizeirevier Wiesloch, Tel.: 06222\/5709-0 zu melden.<\/p>\n\n\n\n<h2 class=\"wp-block-heading\">(Hockenheim \/ Rhein-Neckar-Kreis) &#8211; Brandgeschehen bei einer Recycling-Firma<\/h2>\n\n\n<div class=\"wp-block-image\">\n<figure class=\"aligncenter size-full\"><img decoding=\"async\" loading=\"lazy\" width=\"800\" height=\"600\" src=\"https:\/\/speyer24news.com\/wp-content\/uploads\/2022\/07\/Hockenheim-Recyclinganlage-@FF-Speyer.jpg\" alt=\"\" class=\"wp-image-47396\" srcset=\"https:\/\/speyer24news.com\/wp-content\/uploads\/2022\/07\/Hockenheim-Recyclinganlage-@FF-Speyer.jpg 800w, https:\/\/speyer24news.com\/wp-content\/uploads\/2022\/07\/Hockenheim-Recyclinganlage-@FF-Speyer-300x225.jpg 300w, https:\/\/speyer24news.com\/wp-content\/uploads\/2022\/07\/Hockenheim-Recyclinganlage-@FF-Speyer-768x576.jpg 768w, https:\/\/speyer24news.com\/wp-content\/uploads\/2022\/07\/Hockenheim-Recyclinganlage-@FF-Speyer-678x509.jpg 678w, https:\/\/speyer24news.com\/wp-content\/uploads\/2022\/07\/Hockenheim-Recyclinganlage-@FF-Speyer-326x245.jpg 326w, https:\/\/speyer24news.com\/wp-content\/uploads\/2022\/07\/Hockenheim-Recyclinganlage-@FF-Speyer-80x60.jpg 80w\" sizes=\"(max-width: 800px) 100vw, 800px\" \/><figcaption>Die Rauchwolke aus der Sicht vom Wachturm der Freiwilligen Feuerwehr Speyer. <br><em>Foto: Feuerwehr Speyer<\/em><\/figcaption><\/figure><\/div>\n\n\n<h3 class=\"has-text-align-center wp-block-heading\">Pressemeldung 1<a href=\"https:\/\/www.facebook.com\/sharer.php?u=https%3A%2F%2Fwww.presseportal.de%2Fblaulicht%2Fpm%2F14915%2F5274325%2F%3Futm_source%3Dfacebook%26utm_medium%3Dsocial\"><\/a><a href=\"https:\/\/twitter.com\/intent\/tweet?text=POL-MA%3A%20Hockenheim%2FRhein-Neckar-Kreis%3A%20Brandgeschehen%20bei%20einer%20Recycling-Firma%20-%20Pressemeldung%201&amp;url=https%3A%2F%2Fwww.presseportal.de%2Fblaulicht%2Fpm%2F14915%2F5274325%2F%3Futm_source%3Dtwitter%26utm_medium%3Dsocial&amp;hashtags=ots&amp;lang=de\"><\/a><a href=\"https:\/\/web.whatsapp.com\/send?text=POL-MA%3A%20Hockenheim%2FRhein-Neckar-Kreis%3A%20Brandgeschehen%20bei%20einer%20Recycling-Firma%20-%20Pressemeldung%201%0A%0Ahttps%3A%2F%2Fwww.presseportal.de%2Fblaulicht%2Fpm%2F14915%2F5274325%2F%3Futm_source%3Dwhatsapp%26utm_medium%3Dsocial\"><\/a><a href=\"https:\/\/www.xing.com\/app\/user?op=share;url=https%3A%2F%2Fwww.presseportal.de%2Fblaulicht%2Fpm%2F14915%2F5274325%2F%3Futm_source%3Dxing%26utm_medium%3Dsocial\"><\/a><a href=\"http:\/\/www.linkedin.com\/shareArticle?mini=true&amp;url=https%3A%2F%2Fwww.presseportal.de%2Fblaulicht%2Fpm%2F14915%2F5274325%2F%3Futm_source%3Dlinkedin%26utm_medium%3Dsocial&amp;title=POL-MA%3A+Hockenheim%2FRhein-Neckar-Kreis%3A+Brandgeschehen+bei+einer+Recycling-Firma+-+Pressemeldung+1\"><\/a><a href=\"mailto:?subject=POL-MA%3A%20Hockenheim%2FRhein-Neckar-Kreis%3A%20Brandgeschehen%20bei%20einer%20Recycling-Firma%20-%20Pressemeldung%201&amp;body=https:\/\/www.presseportal.de\/blaulicht\/pm\/14915\/5274325\"><\/a><\/h3>\n\n\n\n<p>Aktuell (15.07.2022 \u2013 18:06) befinden sich mehrere Rettungskr\u00e4fte und die Polizei bei einem Brandgeschehen, im Bereich einer Recyclings-Firma in Hockenheim, im Einsatz. Aufgrund einer gr\u00f6\u00dferen Rauchentwicklung und des Brandgeschehens erfolgen Vollsperrungsma\u00dfnahmen im Bereich der B39. Die Sperrungsma\u00dfnahmen betreffen beide Fahrtrichtungen auf der B39.<\/p>\n\n\n\n<h3 class=\"has-text-align-center wp-block-heading\">Pressemeldung Nr. 2<\/h3>\n\n\n\n<p>Am Freitag Nachmittag gegen 17.45 Uhr kam es in einer Recyclingfirma in Hockenheim N\u00e4he der B 39 zu einer Entz\u00fcndung von recycelbarem Material. Aufgrund der starken Rauchentwicklung, musste die anliegende B 39 sowie L 723 \u00fcber mehrere Stunden hinweg voll gesperrt werden. Da die L\u00f6scharbeiten noch nicht vollends beendet sind, dauern die Sperrma\u00dfnahmen teilweise weiter an. Zu Beginn der Sperrma\u00dfnahmen kam es zu leichten Verkehrsbeeintr\u00e4chtigungen in Form von z\u00e4h flie\u00dfendem Verkehr.<\/p>\n\n\n\n<p>Durch das Brandgeschehen wurde niemand verletzt. Da es sich um noch nicht recycelte Stoffe handelte, entstand kein Sachschaden.<\/p>\n\n\n\n<p>Von der entstandenen Rauchwolke ging keine Gefahr f\u00fcr die Bev\u00f6lkerung aus.<\/p>\n\n\n\n<p>Die Feuerwehr war aufgrund der Gr\u00f6\u00dfe des Areals von 700 qm mit einem Gro\u00dfaufgebot vor Ort. Eine Ausbreitung des Brandes konnte hierdurch z\u00fcgig verhindert werden.<\/p>\n\n\n\n<p>Aktuell finden durch die Feuerwehr Nachl\u00f6scharbeiten statt.<\/p>\n\n\n\n<h3 class=\"has-text-align-center wp-block-heading\">Pressemeldung 3<\/h3>\n\n\n\n<p>Die im Rahmen der Brandbek\u00e4mpfung erforderlich gewordenen Verkehrssperrungsma\u00dfnahmen wurden wieder aufgehoben. Die Nachl\u00f6scharbeiten der eingesetzten Feuerwehren bei dem betroffenen Brandobjekt sind nun auch beendet. (16.07.2022 \u2013 07:05)<\/p>\n\n\n\n<h2 class=\"wp-block-heading\">(St. Leon-Rot \/ Rhein-Neckar-Kreis) &#8211; Fahrr\u00e4der sichergestellt \/ Eigent\u00fcmer gesucht<\/h2>\n\n\n<div class=\"wp-block-image\">\n<figure class=\"aligncenter size-full\"><img decoding=\"async\" loading=\"lazy\" width=\"500\" height=\"722\" src=\"https:\/\/speyer24news.com\/wp-content\/uploads\/2022\/07\/FahrraederEigentuemergesucht.jpg\" alt=\"\" class=\"wp-image-47397\" srcset=\"https:\/\/speyer24news.com\/wp-content\/uploads\/2022\/07\/FahrraederEigentuemergesucht.jpg 500w, https:\/\/speyer24news.com\/wp-content\/uploads\/2022\/07\/FahrraederEigentuemergesucht-208x300.jpg 208w\" sizes=\"(max-width: 500px) 100vw, 500px\" \/><\/figure><\/div>\n\n\n<p>Im Rahmen mehrere Ermittlungsverfahren wegen Diebstahlsdelikten hat der Polizeiposten St. Leon-Rot bereits am 30.06.2022 mehrere Fahrr\u00e4der sichergestellt. Einen Teil der entwendeten Fahrr\u00e4der konnten nach Abgleich in den polizeilichen Informationssystemen bereits ihren Eigent\u00fcmern zugeordnet werden. Zu f\u00fcnf weiteren Fahrr\u00e4dern fehlen der Polizei allerdings jegliche Anhaltspunkte auf die rechtm\u00e4\u00dfigen Eigent\u00fcmer.<\/p>\n\n\n\n<h4 class=\"wp-block-heading\">Im Einzelnen handelt es sich hierbei um nachfolgende Fahrr\u00e4der:<\/h4>\n\n\n\n<ul><li><strong>ein wei\u00dfes Mountainbike der Marke BTWIN, Farbstreifen in grau und pink<\/strong><\/li><li><strong>ein orangefarbenes Mountainbike der Marke Bulls<\/strong><\/li><li><strong>ein blaues Mountainbike mit wei\u00dfem Schriftzug der Marke, Bulls Typ &#8222;Pulsar&#8220;<\/strong><\/li><li><strong>ein schwarzes Herrenrad der Marke D\u00fcrkopp, Typ &#8222;Comiso&#8220;<\/strong><\/li><li><strong>sowie ein schwarzes Mountainbike mit blauem Schriftzug der Marke Serious, Typ &#8222;Alloy&#8220;<\/strong><\/li><\/ul>\n\n\n\n<p>Sollten Sie ihr Fahrrad auf den beigef\u00fcgten Bildern erkennen oder Hinweise zur Tat haben, ist der Polizeiposten St. Leon-Rot unter Tel.: 06227\/88160-0 oder das Polizeirevier Wiesloch unter Tel.: 06222\/5709-0 zu erreichen. Eine Herausgabe eines Fahrrades kann nur durch Vorlage eines eindeutigen Eigentumsnachweises erfolgen.<\/p>\n\n\n\n<h2 class=\"wp-block-heading\">(Sinsheim \/ Rhein-Neckar-Kreis) &#8211; Zusammensto\u00df zweier Radfahrer \/ Verursacher fl\u00fcchtet &#8211; Polizei sucht Zeugen<a href=\"https:\/\/www.facebook.com\/sharer.php?u=https%3A%2F%2Fwww.presseportal.de%2Fblaulicht%2Fpm%2F14915%2F5273960%2F%3Futm_source%3Dfacebook%26utm_medium%3Dsocial\"><\/a><a href=\"https:\/\/twitter.com\/intent\/tweet?text=POL-MA%3A%20Sinsheim%2FRhein-Neckar-Kreis%3A%20Zusammensto%C3%9F%20zweier%20Radfahrer%20-%20Verursacher%20fl%C3%BCchtet%20-%20Polizei%20sucht%20Zeugen&amp;url=https%3A%2F%2Fwww.presseportal.de%2Fblaulicht%2Fpm%2F14915%2F5273960%2F%3Futm_source%3Dtwitter%26utm_medium%3Dsocial&amp;hashtags=ots&amp;lang=de\"><\/a><a href=\"https:\/\/web.whatsapp.com\/send?text=POL-MA%3A%20Sinsheim%2FRhein-Neckar-Kreis%3A%20Zusammensto%C3%9F%20zweier%20Radfahrer%20-%20Verursacher%20fl%C3%BCchtet%20-%20Polizei%20sucht%20Zeugen%0A%0Ahttps%3A%2F%2Fwww.presseportal.de%2Fblaulicht%2Fpm%2F14915%2F5273960%2F%3Futm_source%3Dwhatsapp%26utm_medium%3Dsocial\"><\/a><a href=\"https:\/\/www.xing.com\/app\/user?op=share;url=https%3A%2F%2Fwww.presseportal.de%2Fblaulicht%2Fpm%2F14915%2F5273960%2F%3Futm_source%3Dxing%26utm_medium%3Dsocial\"><\/a><a href=\"http:\/\/www.linkedin.com\/shareArticle?mini=true&amp;url=https%3A%2F%2Fwww.presseportal.de%2Fblaulicht%2Fpm%2F14915%2F5273960%2F%3Futm_source%3Dlinkedin%26utm_medium%3Dsocial&amp;title=POL-MA%3A+Sinsheim%2FRhein-Neckar-Kreis%3A+Zusammensto%C3%9F+zweier+Radfahrer+-+Verursacher+fl%C3%BCchtet+-+Polizei+sucht+Zeugen\"><\/a><a href=\"mailto:?subject=POL-MA%3A%20Sinsheim%2FRhein-Neckar-Kreis%3A%20Zusammensto%C3%9F%20zweier%20Radfahrer%20-%20Verursacher%20fl%C3%BCchtet%20-%20Polizei%20sucht%20Zeugen&amp;body=https:\/\/www.presseportal.de\/blaulicht\/pm\/14915\/5273960\"><\/a><\/h2>\n\n\n\n<p>Bei einem Zusammensto\u00df zweier Fahrradfahrer am Dienstagnachmittag auf einem Feldweg bei Sinsheim wurde ein Beteiligter verletzt. Ein 37-j\u00e4hriger Mann war gegen 17 Uhr mit seinem Fahrrad in den Feldern zwischen Sinsheim und Hoffenheim auf dem Weg &#8222;Gro\u00dfe Minke&#8220; unterwegs. In einer scharfen Kurve kam ihm ein unbekannter Mann auf einem Rennrad entgegen und kam dabei weit nach links und schnitt die Kurve. Obwohl beide Radler noch versuchten, auszuweichen, kam es zum Zusammensto\u00df und beide st\u00fcrzten. Der Unbekannte fuhr \u00fcber die Kurve hinaus, stie\u00df gegen ein dort angebrachtes Gel\u00e4nder und blieb schlie\u00dflich in einem ausgetrockneten Bachlauf liegen. Bei seinem Sturz zog sich der 37-J\u00e4hrige zog sich einen Bruch am Mittelhandknochen zu.<\/p>\n\n\n\n<p>Der unbekannte Rennradfahrer schrie laut umher und versuchte die Schuld an dem Zusammensto\u00df dem 37-J\u00e4hrigen zuzuschieben. Schlie\u00dflich stieg der Unbekannte wieder auf sein Rennrad und fuhr unter lautem Schimpfen davon.<\/p>\n\n\n\n<p>Zur Kl\u00e4rung des Unfallablaufs ben\u00f6tigt die Polizei Zeugen, die sachdienliche Hinweise geben k\u00f6nnen. Insbesondere wird eine Zeugin, die versetzt hinter dem 37-J\u00e4hrigen fuhr, sowie ein ca. 55- bis 60-j\u00e4hriger Mann, der angab Arzt zu sein und dem unbekannten Radler medizinische Hilfe anbot, gesucht. Diese werden gebeten, sich beim Polizeirevier Sinsheim, Tel.: 07261\/690-0 zu melden.<\/p>\n","protected":false},"excerpt":{"rendered":"<div class=\"mh-excerpt\"><p>Polizeimeldungen vom Freitag (15.07.2022) (Speyer) &#8211; Verkehrsunfallflucht mit verletztem Kind Am 14.07.2022 gegen 18:00 Uhr befuhren ein 10- und ein 11-j\u00e4hriger Junge mit ihren Fahrr\u00e4dern den Radweg der Theodor-Heuss-Stra\u00dfe in Richtung der Dudenhofer Stra\u00dfe. Im <a class=\"mh-excerpt-more\" href=\"https:\/\/speyer24news.com\/?p=47393\" title=\"Polizeimeldungen Freitag (15.07.2022)\">[&#8230;]<\/a><\/p>\n<\/div>","protected":false},"author":3,"featured_media":26162,"comment_status":"open","ping_status":"open","sticky":false,"template":"","format":"standard","meta":{"_monsterinsights_skip_tracking":false,"_monsterinsights_sitenote_active":false,"_monsterinsights_sitenote_note":"","_monsterinsights_sitenote_category":0,"footnotes":""},"categories":[12],"tags":[7243,7244,3614,53,4854,13534,4683,1548,4905,11592,102,13626,213,14325,14324,13553,13541,55,8277,6368],"aioseo_notices":[],"amp_enabled":true,"_links":{"self":[{"href":"https:\/\/speyer24news.com\/index.php?rest_route=\/wp\/v2\/posts\/47393"}],"collection":[{"href":"https:\/\/speyer24news.com\/index.php?rest_route=\/wp\/v2\/posts"}],"about":[{"href":"https:\/\/speyer24news.com\/index.php?rest_route=\/wp\/v2\/types\/post"}],"author":[{"embeddable":true,"href":"https:\/\/speyer24news.com\/index.php?rest_route=\/wp\/v2\/users\/3"}],"replies":[{"embeddable":true,"href":"https:\/\/speyer24news.com\/index.php?rest_route=%2Fwp%2Fv2%2Fcomments&post=47393"}],"version-history":[{"count":1,"href":"https:\/\/speyer24news.com\/index.php?rest_route=\/wp\/v2\/posts\/47393\/revisions"}],"predecessor-version":[{"id":47398,"href":"https:\/\/speyer24news.com\/index.php?rest_route=\/wp\/v2\/posts\/47393\/revisions\/47398"}],"wp:featuredmedia":[{"embeddable":true,"href":"https:\/\/speyer24news.com\/index.php?rest_route=\/wp\/v2\/media\/26162"}],"wp:attachment":[{"href":"https:\/\/speyer24news.com\/index.php?rest_route=%2Fwp%2Fv2%2Fmedia&parent=47393"}],"wp:term":[{"taxonomy":"category","embeddable":true,"href":"https:\/\/speyer24news.com\/index.php?rest_route=%2Fwp%2Fv2%2Fcategories&post=47393"},{"taxonomy":"post_tag","embeddable":true,"href":"https:\/\/speyer24news.com\/index.php?rest_route=%2Fwp%2Fv2%2Ftags&post=47393"}],"curies":[{"name":"wp","href":"https:\/\/api.w.org\/{rel}","templated":true}]}}