{"id":47403,"date":"2022-07-16T14:17:14","date_gmt":"2022-07-16T13:17:14","guid":{"rendered":"https:\/\/speyer24news.com\/?p=47403"},"modified":"2022-07-16T14:17:15","modified_gmt":"2022-07-16T13:17:15","slug":"speyer-145","status":"publish","type":"post","link":"https:\/\/speyer24news.com\/?p=47403","title":{"rendered":"Speyer"},"content":{"rendered":"<style type=\"text\/css\">\r\n\t.ads_top_disp{}\r\n\t.ads_top_corner_disp{ float:left; margin:0px 10px 10px 0px; }\r\n\t.ads_first_p_disp{}\r\n\t.ads_bottom_disp{}\r\n\t<\/style>\n<h2 class=\"wp-block-heading\">STADTRADELN-Pr\u00e4mierung mit Fahrrad-Codierung<\/h2>\n\n\n<div class=\"wp-block-image\">\n<figure class=\"aligncenter size-full\"><img decoding=\"async\" loading=\"lazy\" width=\"630\" height=\"167\" src=\"https:\/\/speyer24news.com\/wp-content\/uploads\/2020\/06\/Stadtradeln-Logo.png\" alt=\"\" class=\"wp-image-28496\" srcset=\"https:\/\/speyer24news.com\/wp-content\/uploads\/2020\/06\/Stadtradeln-Logo.png 630w, https:\/\/speyer24news.com\/wp-content\/uploads\/2020\/06\/Stadtradeln-Logo-300x80.png 300w\" sizes=\"(max-width: 630px) 100vw, 630px\" \/><\/figure><\/div>\n\n\n<p>Am <strong>Freitag, 22. Juli 2022 findet ab 15 Uhr<\/strong> die Pr\u00e4mierung der diesj\u00e4hrigen Gewinner*innen der Aktion STADTRADELN im Kulturhof Flachsgasse statt.\u00a0Oberb\u00fcrgermeisterin Stefanie Seiler und Umweltdezernentin Irmgard M\u00fcnch-Weinmann zeichnen dort die aktivsten Radler*innen und Teams aus.<\/p>\n\n\n\n<p>1.800 Teilnehmende und 62 Teams haben insgesamt 359.770 Kilometern erradelt und damit 55 Tonnen Kohlendioxid vermieden.<\/p>\n\n\n\n<p>Das landesweite Ranking l\u00e4sst schon vermuten, dass Speyer wieder einen der Spitzenpl\u00e4tze bei den Kommunen ab 50.000 Einwohnenden erreicht. Fest steht das aber erst, wenn alle teilnehmenden Kommunen den Aktionszeitraum Ende September abgeschlossen haben.<\/p>\n\n\n\n<p>\u201eAuf das Ergebnis k\u00f6nnen wir in Speyer wirklich stolz sein. Der Teamspirit und das Verfolgen eines gemeinsamen Ziels im Sinne von Nachhaltigkeit und Klimaschutz begeistern jedes Jahr aufs Neue\u201c, freut sich Oberb\u00fcrgermeisterin Seiler und dankt jeder und jedem, die zu diesem Erfolg beigetragen haben.<\/p>\n\n\n\n<p>\u201eBesonders positiv hervorzuheben ist in diesem Jahr die Leistung der Schulen, insbesondere das HPG, FMSG und Nicolaus-von-Wei\u00df auf den ersten drei Pl\u00e4tzen\u201c, erg\u00e4nzt B\u00fcrgermeisterin und Bildungsdezernentin Monika Kabs. \u201eSolch ein gro\u00dfes Engagement bei den Sch\u00fclerinnen und Sch\u00fclern zu sehen, zeigt, dass Klimaschutz und Nachhaltigkeit bei der jungen Generation fest verankert sind.\u201c<\/p>\n\n\n\n<p>\u201eEinen tollen Beitrag hat auch der Pf\u00e4lzerwald-Verein geleistet, der im gesamten Aktionszeitraum mit abwechslungsreichen Touren die Team-Mitglieder besonders angespornt hat\u201c, betont Beigeordnete und Umweltdezernentin Irmgard M\u00fcnch-Weinmann und ruft dazu auf, auch nach dem STADTRADELN-Zeitraum das Fahrrad im Alltag mehr zu nutzen.<\/p>\n\n\n\n<p>Die Gewinner*innen erhalten tolle Preise, die durch die diesj\u00e4hrigen Sponsoren zur Verf\u00fcgung gestellt werden.<br>Als besondere Aktion bietet der ADFC Mannheim erneut die gefragten Fahrrad-Codierungen an, die zum Diebstahlschutz dienen. Falls vorhanden, sollten Interessierte den Kaufbeleg des Fahrrads mitbringen. \u00a0\u00a0<br>Neben der Codierung wird ein Rad-Check \u00fcber die Fahrradwerkstatt von InSPEYERed angeboten, bei dem alle sicherheitsrelevanten Teile am Fahrrad \u00fcberpr\u00fcft werden.<br>Ein Fahrrad-Caf\u00e9 versorgt zudem mit leckeren Getr\u00e4nken.<\/p>\n\n\n\n<p>Alle Angebote sind dank der der Sponsoren kostenfrei. Ein herzlicher Dank gilt dem ADFC Speyer e.V., Edeka Stiegler, Engel &amp; V\u00f6lkers, dem Hotel Am Wartturm, Neptune Energy und Palatina GeoCon, der Sparkasse Vorderpfalz, REWE Familie Appel, den Stadtwerken Speyer, der Vereinigte VR Bank Kur- und Rheinpfalz, der PSD Bank Karlsruhe-Neustadt eG und dem VRN.<\/p>\n\n\n\n<p><em>Stadtverwaltung Speyer<br>15.07.2022<\/em><\/p>\n","protected":false},"excerpt":{"rendered":"<div class=\"mh-excerpt\"><p>STADTRADELN-Pr\u00e4mierung mit Fahrrad-Codierung Am Freitag, 22. Juli 2022 findet ab 15 Uhr die Pr\u00e4mierung der diesj\u00e4hrigen Gewinner*innen der Aktion STADTRADELN im Kulturhof Flachsgasse statt.\u00a0Oberb\u00fcrgermeisterin Stefanie Seiler und Umweltdezernentin Irmgard M\u00fcnch-Weinmann zeichnen dort die aktivsten Radler*innen <a class=\"mh-excerpt-more\" href=\"https:\/\/speyer24news.com\/?p=47403\" title=\"Speyer\">[&#8230;]<\/a><\/p>\n<\/div>","protected":false},"author":3,"featured_media":46477,"comment_status":"open","ping_status":"open","sticky":false,"template":"","format":"standard","meta":{"_monsterinsights_skip_tracking":false,"_monsterinsights_sitenote_active":false,"_monsterinsights_sitenote_note":"","_monsterinsights_sitenote_category":0,"footnotes":""},"categories":[9,13],"tags":[4144,13140,5045,14815,14816,634,633,14817,14818,9019,14819,303,6,1221,13809,2198,14676,31,4053,8581],"aioseo_notices":[],"amp_enabled":true,"_links":{"self":[{"href":"https:\/\/speyer24news.com\/index.php?rest_route=\/wp\/v2\/posts\/47403"}],"collection":[{"href":"https:\/\/speyer24news.com\/index.php?rest_route=\/wp\/v2\/posts"}],"about":[{"href":"https:\/\/speyer24news.com\/index.php?rest_route=\/wp\/v2\/types\/post"}],"author":[{"embeddable":true,"href":"https:\/\/speyer24news.com\/index.php?rest_route=\/wp\/v2\/users\/3"}],"replies":[{"embeddable":true,"href":"https:\/\/speyer24news.com\/index.php?rest_route=%2Fwp%2Fv2%2Fcomments&post=47403"}],"version-history":[{"count":1,"href":"https:\/\/speyer24news.com\/index.php?rest_route=\/wp\/v2\/posts\/47403\/revisions"}],"predecessor-version":[{"id":47404,"href":"https:\/\/speyer24news.com\/index.php?rest_route=\/wp\/v2\/posts\/47403\/revisions\/47404"}],"wp:featuredmedia":[{"embeddable":true,"href":"https:\/\/speyer24news.com\/index.php?rest_route=\/wp\/v2\/media\/46477"}],"wp:attachment":[{"href":"https:\/\/speyer24news.com\/index.php?rest_route=%2Fwp%2Fv2%2Fmedia&parent=47403"}],"wp:term":[{"taxonomy":"category","embeddable":true,"href":"https:\/\/speyer24news.com\/index.php?rest_route=%2Fwp%2Fv2%2Fcategories&post=47403"},{"taxonomy":"post_tag","embeddable":true,"href":"https:\/\/speyer24news.com\/index.php?rest_route=%2Fwp%2Fv2%2Ftags&post=47403"}],"curies":[{"name":"wp","href":"https:\/\/api.w.org\/{rel}","templated":true}]}}