{"id":47577,"date":"2022-07-25T10:50:09","date_gmt":"2022-07-25T09:50:09","guid":{"rendered":"https:\/\/speyer24news.com\/?p=47577"},"modified":"2022-07-25T10:50:10","modified_gmt":"2022-07-25T09:50:10","slug":"wirtschaft-finanzen-rente-25","status":"publish","type":"post","link":"https:\/\/speyer24news.com\/?p=47577","title":{"rendered":"Wirtschaft \/ Finanzen \/ Rente"},"content":{"rendered":"<style type=\"text\/css\">\r\n\t.ads_top_disp{}\r\n\t.ads_top_corner_disp{ float:left; margin:0px 10px 10px 0px; }\r\n\t.ads_first_p_disp{}\r\n\t.ads_bottom_disp{}\r\n\t<\/style>\n<h2 class=\"has-text-align-center wp-block-heading\">Stadtwerke Speyer (SWS) GmbH<\/h2>\n\n\n<div class=\"wp-block-image\">\n<figure class=\"aligncenter size-full\"><img decoding=\"async\" loading=\"lazy\" width=\"600\" height=\"209\" src=\"https:\/\/speyer24news.com\/wp-content\/uploads\/2020\/10\/SWS-Logo-1024x356.jpg\" alt=\"\" class=\"wp-image-30557\" srcset=\"https:\/\/speyer24news.com\/wp-content\/uploads\/2020\/10\/SWS-Logo-1024x356.jpg 600w, https:\/\/speyer24news.com\/wp-content\/uploads\/2020\/10\/SWS-Logo-1024x356-300x105.jpg 300w\" sizes=\"(max-width: 600px) 100vw, 600px\" \/><\/figure><\/div>\n\n\n<h2 class=\"wp-block-heading\">Planungsvorhaben Windpark R\u00f6merberg: Einladung zur Informationsveranstaltung am 28.07.2022, 18.00 Uhr<\/h2>\n\n\n<div class=\"wp-block-image\">\n<figure class=\"aligncenter size-full\"><img decoding=\"async\" loading=\"lazy\" width=\"640\" height=\"480\" src=\"https:\/\/speyer24news.com\/wp-content\/uploads\/2022\/07\/Windrad-2-1.jpg\" alt=\"\" class=\"wp-image-47578\" srcset=\"https:\/\/speyer24news.com\/wp-content\/uploads\/2022\/07\/Windrad-2-1.jpg 640w, https:\/\/speyer24news.com\/wp-content\/uploads\/2022\/07\/Windrad-2-1-300x225.jpg 300w, https:\/\/speyer24news.com\/wp-content\/uploads\/2022\/07\/Windrad-2-1-326x245.jpg 326w, https:\/\/speyer24news.com\/wp-content\/uploads\/2022\/07\/Windrad-2-1-80x60.jpg 80w\" sizes=\"(max-width: 640px) 100vw, 640px\" \/><\/figure><\/div>\n\n\n<p>Die Stadtwerke Speyer GmbH (SWS) und ihr Kooperationspartner WEAG Future Energies AG (WEAG) planen mit Unterst\u00fctzung der Gemeinde den Bau und Betrieb eines Windparks in R\u00f6merberg. \u00dcber die Planung, Hintergr\u00fcnde und die Beteiligung der Bev\u00f6lkerung informieren die beiden Gesch\u00e4ftsf\u00fchrer Wolfgang B\u00fchring (SWS) und Lutz Gubernator (WEAG) gemeinsam mit der Projektleitung in einer Veranstaltung, bei der auch B\u00fcrgerinnen und B\u00fcrger zu Wort kommen sollen. SWS und WEAG freuen sich auf Fragen und Anregungen der Teilnehmenden.<\/p>\n\n\n<div class=\"wp-block-image\">\n<figure class=\"aligncenter size-full\"><img decoding=\"async\" loading=\"lazy\" width=\"640\" height=\"480\" src=\"https:\/\/speyer24news.com\/wp-content\/uploads\/2022\/07\/Windrad-1-1.jpg\" alt=\"\" class=\"wp-image-47579\" srcset=\"https:\/\/speyer24news.com\/wp-content\/uploads\/2022\/07\/Windrad-1-1.jpg 640w, https:\/\/speyer24news.com\/wp-content\/uploads\/2022\/07\/Windrad-1-1-300x225.jpg 300w, https:\/\/speyer24news.com\/wp-content\/uploads\/2022\/07\/Windrad-1-1-326x245.jpg 326w, https:\/\/speyer24news.com\/wp-content\/uploads\/2022\/07\/Windrad-1-1-80x60.jpg 80w\" sizes=\"(max-width: 640px) 100vw, 640px\" \/><\/figure><\/div>\n\n\n<h4 class=\"wp-block-heading\">Veranstaltungsort:<\/h4>\n\n\n\n<ul><li><strong>Rhein-Pfalz-Halle<\/strong><\/li><li><strong>Viehtriftstra\u00dfe 108<\/strong><\/li><li><strong>67354 R\u00f6merberg<\/strong><\/li><\/ul>\n\n\n\n<p><em>Text: Stadtwerke Speyer GmbH Foto: Speyer 24\/7 News<br>22.07.2022<\/em><\/p>\n\n\n\n<h2 class=\"wp-block-heading\">bademaxx: Sauna ab 25. Juli geschlossen<\/h2>\n\n\n\n<h3 class=\"wp-block-heading\">Weiterhin verk\u00fcrzte Zeiten im Hallenbad \/ Freibad regul\u00e4r ge\u00f6ffnet<\/h3>\n\n\n<div class=\"wp-block-image\">\n<figure class=\"aligncenter size-full\"><img decoding=\"async\" loading=\"lazy\" width=\"800\" height=\"534\" src=\"https:\/\/speyer24news.com\/wp-content\/uploads\/2022\/07\/R5_2600.jpg\" alt=\"\" class=\"wp-image-47580\" srcset=\"https:\/\/speyer24news.com\/wp-content\/uploads\/2022\/07\/R5_2600.jpg 800w, https:\/\/speyer24news.com\/wp-content\/uploads\/2022\/07\/R5_2600-300x200.jpg 300w, https:\/\/speyer24news.com\/wp-content\/uploads\/2022\/07\/R5_2600-768x513.jpg 768w\" sizes=\"(max-width: 800px) 100vw, 800px\" \/><figcaption>Die bademaxx-Sauna bleibt ab 25. Juli geschlossen.<br><em>Foto: SWS<\/em><\/figcaption><\/figure><\/div>\n\n\n<p>Aufgrund personeller Engp\u00e4sse und der weiterhin angespannten Situation auf den Energiem\u00e4rkten gelten folgende Regelungen im Sport- und Erlebnisbad bademaxx in der Speyerer Geibstra\u00dfe:<\/p>\n\n\n\n<h4 class=\"wp-block-heading\">SAUNA:<\/h4>\n\n\n\n<p>Die Sauna ist ab Montag, 25. Juli 2022, vor\u00fcbergehend geschlossen. Durch das Beheizen der Saunakabinen muss Erdgas eingesetzt werden, das aufgrund der allgemeinen Lage an den Energiem\u00e4rkten eingespart werden muss \u2013 auch in Zusammenhang mit den Energieeinsparma\u00dfnahmen der Stadt Speyer (siehe gemeinsame Pressemitteilung vom Mittwoch).&nbsp;&nbsp;<\/p>\n\n\n\n<h4 class=\"wp-block-heading\">HALLENBAD\/FREIBAD:<\/h4>\n\n\n\n<p>Voraussichtlich bis 2. September bleiben die \u00d6ffnungszeiten im Hallenbad verk\u00fcrzt: Montag bis Donnerstag: 15 bis 22 Uhr<\/p>\n\n\n\n<p>An den anderen Tagen und im Freibad gelten die regul\u00e4ren \u00d6ffnungszeiten. Schwimmkurse, Vereinssport und Wassergymnastik finden statt.<\/p>\n\n\n\n<p>Die Wassertemperaturen in den Freibad-Becken waren bereits zur Er\u00f6ffnung um 2\u00b0C abgesenkt worden. Aufgrund der hohen derzeitigen Tages- und Nachttemperaturen m\u00fcssen die Becken im Hallen- und Freibad sowie die Innenr\u00e4ume im Hallenbad schon seit einigen Wochen nicht beheizt werden.<\/p>\n\n\n\n<h4 class=\"wp-block-heading\">AUFRUF ZUM ENERGIESPAREN:<\/h4>\n\n\n\n<p>Die Stadt Speyer und die Stadtwerke Speyer, Betreiber des bademaxx, appellieren an die Bev\u00f6lkerung: Unterst\u00fctzen Sie! Jede eingesparte Kilowattstunde bei Strom und Erdgas hilft, unsere gemeinsame Ausgangslage bei der Energieversorgung im kommenden Herbst und Winter zu verbessern.<\/p>\n\n\n\n<p><em>Stadtwerke Speyer GmbH<br>22.07.2022<\/em><\/p>\n\n\n\n<h2 class=\"has-text-align-center wp-block-heading\">Sparkasse Vorderpfalz<\/h2>\n\n\n<div class=\"wp-block-image\">\n<figure class=\"aligncenter size-full\"><img decoding=\"async\" loading=\"lazy\" width=\"800\" height=\"229\" src=\"https:\/\/speyer24news.com\/wp-content\/uploads\/2021\/07\/Sparkasse-Vorderpfalz-Logo.png\" alt=\"\" class=\"wp-image-38515\" srcset=\"https:\/\/speyer24news.com\/wp-content\/uploads\/2021\/07\/Sparkasse-Vorderpfalz-Logo.png 800w, https:\/\/speyer24news.com\/wp-content\/uploads\/2021\/07\/Sparkasse-Vorderpfalz-Logo-300x86.png 300w, https:\/\/speyer24news.com\/wp-content\/uploads\/2021\/07\/Sparkasse-Vorderpfalz-Logo-768x220.png 768w\" sizes=\"(max-width: 800px) 100vw, 800px\" \/><\/figure><\/div>\n\n\n<h2 class=\"wp-block-heading\">Nach Leitzinserh\u00f6hung: Sparkasse Vorderpfalz verzichtet auf Verwahrentgelt<\/h2>\n\n\n<div class=\"wp-block-image\">\n<figure class=\"aligncenter size-full\"><img decoding=\"async\" loading=\"lazy\" width=\"500\" height=\"628\" src=\"https:\/\/speyer24news.com\/wp-content\/uploads\/2021\/05\/csm_Kolb_Oliver_1_7bffdb4594.jpg\" alt=\"\" class=\"wp-image-37103\" srcset=\"https:\/\/speyer24news.com\/wp-content\/uploads\/2021\/05\/csm_Kolb_Oliver_1_7bffdb4594.jpg 500w, https:\/\/speyer24news.com\/wp-content\/uploads\/2021\/05\/csm_Kolb_Oliver_1_7bffdb4594-239x300.jpg 239w\" sizes=\"(max-width: 500px) 100vw, 500px\" \/><figcaption>Oliver Kolb, Vorstandmitglied der Sparkasse Vorderpfalz, betont: &#8222;Nach der Ank\u00fcndigung der EZB die Leitzinss\u00e4tze zum 27.07.22 um 0,5 Prozentpunkte zu erh\u00f6hen, wird die Sparkasse Vorderpfalz zeitgleich auf die Berechnung von Verwahrentgelt verzichten.&#8220;<\/figcaption><\/figure><\/div>\n\n\n<p>Nach der Ank\u00fcndigung der Europ\u00e4ischen Zentralbank (EZB) die Leitzinss\u00e4tze zum 27.07.22 um 0,5 Prozentpunkte zu erh\u00f6hen, wird die Sparkasse Vorderpfalz zeitgleich auf die Berechnung von Verwahrentgelt verzichten.<\/p>\n\n\n\n<p>Oliver Kolb, Vorstandsmitglied der Sparkasse Vorderpfalz, betont: \u201eWir begr\u00fc\u00dfen, dass die EZB die Zinswende nun eingeleitet hat. Die W\u00e4hrungsh\u00fcter setzen damit nach \u00fcber zehn Jahren Nullzinspolitik ein klares Signal: Sie sind entschlossen, ihren Teil zur Bek\u00e4mpfung der hohen Inflation im Euroraum beizutragen.&nbsp;Im Interesse unserer Kundinnen und Kunden werden wir selbstverst\u00e4ndlich ohne Verz\u00f6gerung auf die Berechnung von Verwahrentgelt verzichten.&nbsp;Sollte sich das Zinsumfeld am Geld- und Kapitalmarkt weiterhin positiv entwickeln, werden wir auch unsere Kundinnen und Kunden an dieser Entwicklung teilhaben lassen. Allerdings wird die Niedrigzinsphase vorerst weiter dominieren und die breit aufgestellte Geldanlage wichtig bleiben. Deshalb empfehlen wir allen Sparerinnen und Sparern, sich bei uns beraten zu lassen, wie sie ihr Geld bei der ver\u00e4nderten Zinssituation anlegen k\u00f6nnen. Wertpapiere und Fondsparpl\u00e4ne k\u00f6nnen helfen bei der hohen Inflation gegenzusteuern\u201c.<\/p>\n\n\n\n<p><em>Sparkasse Vorderpfalz<br>25.07.2022<\/em><\/p>\n\n\n\n<h2 class=\"has-text-align-center wp-block-heading\">MEAG \u2013 Mannheimer Eigenheim-Ausstellungs-GmbH<\/h2>\n\n\n<div class=\"wp-block-image\">\n<figure class=\"aligncenter size-full\"><img decoding=\"async\" loading=\"lazy\" width=\"800\" height=\"343\" src=\"https:\/\/speyer24news.com\/wp-content\/uploads\/2022\/07\/Deutsches-Fertighaus-Center-Logo.jpg\" alt=\"\" class=\"wp-image-47581\" srcset=\"https:\/\/speyer24news.com\/wp-content\/uploads\/2022\/07\/Deutsches-Fertighaus-Center-Logo.jpg 800w, https:\/\/speyer24news.com\/wp-content\/uploads\/2022\/07\/Deutsches-Fertighaus-Center-Logo-300x129.jpg 300w, https:\/\/speyer24news.com\/wp-content\/uploads\/2022\/07\/Deutsches-Fertighaus-Center-Logo-768x329.jpg 768w\" sizes=\"(max-width: 800px) 100vw, 800px\" \/><\/figure><\/div>\n\n\n<h2 class=\"wp-block-heading\">Herbstfest im Deutschen Fertighaus Center<\/h2>\n\n\n<div class=\"wp-block-image\">\n<figure class=\"aligncenter size-full\"><img decoding=\"async\" loading=\"lazy\" width=\"800\" height=\"600\" src=\"https:\/\/speyer24news.com\/wp-content\/uploads\/2019\/09\/Deutsches_Fertighaus_Center_Mannheim_Herbstfest_2018__20_.jpg\" alt=\"\" class=\"wp-image-19451\" srcset=\"https:\/\/speyer24news.com\/wp-content\/uploads\/2019\/09\/Deutsches_Fertighaus_Center_Mannheim_Herbstfest_2018__20_.jpg 800w, https:\/\/speyer24news.com\/wp-content\/uploads\/2019\/09\/Deutsches_Fertighaus_Center_Mannheim_Herbstfest_2018__20_-300x225.jpg 300w, https:\/\/speyer24news.com\/wp-content\/uploads\/2019\/09\/Deutsches_Fertighaus_Center_Mannheim_Herbstfest_2018__20_-768x576.jpg 768w, https:\/\/speyer24news.com\/wp-content\/uploads\/2019\/09\/Deutsches_Fertighaus_Center_Mannheim_Herbstfest_2018__20_-678x509.jpg 678w, https:\/\/speyer24news.com\/wp-content\/uploads\/2019\/09\/Deutsches_Fertighaus_Center_Mannheim_Herbstfest_2018__20_-326x245.jpg 326w, https:\/\/speyer24news.com\/wp-content\/uploads\/2019\/09\/Deutsches_Fertighaus_Center_Mannheim_Herbstfest_2018__20_-80x60.jpg 80w\" sizes=\"(max-width: 800px) 100vw, 800px\" \/><\/figure><\/div>\n\n\n<p>Am 24. und 25. September gibt es \u201eBunte Vielfalt im Fertigbau\u201c zu erleben \u2013 mit Bautrends, Beratung, Spielstra\u00dfe und Livemusik \u2013 Eintritt frei<\/p>\n\n\n\n<p>Wie soll das Wunschhaus der Baufamilie aussehen? Wie l\u00e4sst es sich individuell planen und realisieren? Die Antworten gibt es beim Herbstfest im Deutschen Fertighaus Center Mannheim am 24. und 25. September. In rund 40 komplett eingerichteten Beispielh\u00e4usern von 30 Herstellern l\u00e4sst sich die bunte Vielfalt im Fertigbau erleben. FachberaterInnen erl\u00e4utern Energieeffizienz und nachhaltiges Bauen und geben Tipps zur individuellen Planung. In vielen H\u00e4usern sind auch Kooperationspartner mit K\u00fcchen, Gartengestaltung, Finanzierung und Smart Home vor Ort. F\u00fcr Kinder gibt es betreute Spiel- und Bastelangebote und eine Kinder-Rallye. F\u00fcr gute Laune sorgt eine mobile Live-Band. St\u00e4rken k\u00f6nnen sich die BesucherInnen mit Leckerem vom Grill sowie vom Sekt- und Getr\u00e4nkestand. Der Eintritt ist frei.<\/p>\n\n\n\n<h4 class=\"wp-block-heading\">info:<\/h4>\n\n\n\n<p><strong>Deutsches Fertighaus Center Mannheim<\/strong><\/p>\n\n\n\n<p>am Maimarktgel\u00e4nde, verkehrsg\u00fcnstig an der BAB 656<\/p>\n\n\n\n<p>Ge\u00f6ffnet: dienstags bis sonntags von 10 bis 17 Uhr<\/p>\n\n\n\n<p>Eintritt frei.<\/p>\n\n\n\n<p>Weitere Infos und Programm unter <a href=\"http:\/\/www.deutsches-fertighaus-center.de\">www.deutsches-fertighaus-center.de<\/a><\/p>\n\n\n\n<p><em>MEAG \u2013 Mannheimer Eigenheim-Ausstellungs-GmbH<br>21.07.2022<\/em><\/p>\n","protected":false},"excerpt":{"rendered":"<div class=\"mh-excerpt\"><p>Stadtwerke Speyer (SWS) GmbH Planungsvorhaben Windpark R\u00f6merberg: Einladung zur Informationsveranstaltung am 28.07.2022, 18.00 Uhr Die Stadtwerke Speyer GmbH (SWS) und ihr Kooperationspartner WEAG Future Energies AG (WEAG) planen mit Unterst\u00fctzung der Gemeinde den Bau und <a class=\"mh-excerpt-more\" href=\"https:\/\/speyer24news.com\/?p=47577\" title=\"Wirtschaft \/ Finanzen \/ Rente\">[&#8230;]<\/a><\/p>\n<\/div>","protected":false},"author":3,"featured_media":30614,"comment_status":"open","ping_status":"open","sticky":false,"template":"","format":"standard","meta":{"_monsterinsights_skip_tracking":false,"_monsterinsights_sitenote_active":false,"_monsterinsights_sitenote_note":"","_monsterinsights_sitenote_category":0,"footnotes":""},"categories":[29],"tags":[26,8611,27,5788,3435,8527,14902,14903,14904,156,303,6,31,1442,14900,14901,14899,1087,4698,12488,6539],"aioseo_notices":[],"amp_enabled":true,"_links":{"self":[{"href":"https:\/\/speyer24news.com\/index.php?rest_route=\/wp\/v2\/posts\/47577"}],"collection":[{"href":"https:\/\/speyer24news.com\/index.php?rest_route=\/wp\/v2\/posts"}],"about":[{"href":"https:\/\/speyer24news.com\/index.php?rest_route=\/wp\/v2\/types\/post"}],"author":[{"embeddable":true,"href":"https:\/\/speyer24news.com\/index.php?rest_route=\/wp\/v2\/users\/3"}],"replies":[{"embeddable":true,"href":"https:\/\/speyer24news.com\/index.php?rest_route=%2Fwp%2Fv2%2Fcomments&post=47577"}],"version-history":[{"count":1,"href":"https:\/\/speyer24news.com\/index.php?rest_route=\/wp\/v2\/posts\/47577\/revisions"}],"predecessor-version":[{"id":47582,"href":"https:\/\/speyer24news.com\/index.php?rest_route=\/wp\/v2\/posts\/47577\/revisions\/47582"}],"wp:featuredmedia":[{"embeddable":true,"href":"https:\/\/speyer24news.com\/index.php?rest_route=\/wp\/v2\/media\/30614"}],"wp:attachment":[{"href":"https:\/\/speyer24news.com\/index.php?rest_route=%2Fwp%2Fv2%2Fmedia&parent=47577"}],"wp:term":[{"taxonomy":"category","embeddable":true,"href":"https:\/\/speyer24news.com\/index.php?rest_route=%2Fwp%2Fv2%2Fcategories&post=47577"},{"taxonomy":"post_tag","embeddable":true,"href":"https:\/\/speyer24news.com\/index.php?rest_route=%2Fwp%2Fv2%2Ftags&post=47577"}],"curies":[{"name":"wp","href":"https:\/\/api.w.org\/{rel}","templated":true}]}}