{"id":47585,"date":"2022-07-25T11:35:37","date_gmt":"2022-07-25T10:35:37","guid":{"rendered":"https:\/\/speyer24news.com\/?p=47585"},"modified":"2022-07-25T11:35:38","modified_gmt":"2022-07-25T10:35:38","slug":"stadtnotizen-verkehrsnotizen-speyer-16","status":"publish","type":"post","link":"https:\/\/speyer24news.com\/?p=47585","title":{"rendered":"Stadtnotizen &#038; Verkehrsnotizen Speyer"},"content":{"rendered":"<style type=\"text\/css\">\r\n\t.ads_top_disp{}\r\n\t.ads_top_corner_disp{ float:left; margin:0px 10px 10px 0px; }\r\n\t.ads_first_p_disp{}\r\n\t.ads_bottom_disp{}\r\n\t<\/style>\n<h2 class=\"has-text-align-center wp-block-heading\">Stadtnotizen<\/h2>\n\n\n<div class=\"wp-block-image\">\n<figure class=\"aligncenter size-full\"><img decoding=\"async\" loading=\"lazy\" width=\"800\" height=\"600\" src=\"https:\/\/speyer24news.com\/wp-content\/uploads\/2020\/01\/Speyer-Stadtnachrichten-2.jpg\" alt=\"\" class=\"wp-image-23901\" srcset=\"https:\/\/speyer24news.com\/wp-content\/uploads\/2020\/01\/Speyer-Stadtnachrichten-2.jpg 800w, https:\/\/speyer24news.com\/wp-content\/uploads\/2020\/01\/Speyer-Stadtnachrichten-2-300x225.jpg 300w, https:\/\/speyer24news.com\/wp-content\/uploads\/2020\/01\/Speyer-Stadtnachrichten-2-768x576.jpg 768w, https:\/\/speyer24news.com\/wp-content\/uploads\/2020\/01\/Speyer-Stadtnachrichten-2-678x509.jpg 678w, https:\/\/speyer24news.com\/wp-content\/uploads\/2020\/01\/Speyer-Stadtnachrichten-2-326x245.jpg 326w, https:\/\/speyer24news.com\/wp-content\/uploads\/2020\/01\/Speyer-Stadtnachrichten-2-80x60.jpg 80w\" sizes=\"(max-width: 800px) 100vw, 800px\" \/><\/figure><\/div>\n\n\n<h2 class=\"wp-block-heading\">Speyerer Picknickkonzerte werden mit\u00a0<em>Mojo, Ringo und der Blueswolf<\/em>\u00a0fortgesetzt<\/h2>\n\n\n<div class=\"wp-block-image\">\n<figure class=\"aligncenter size-full\"><img decoding=\"async\" loading=\"lazy\" width=\"800\" height=\"533\" src=\"https:\/\/speyer24news.com\/wp-content\/uploads\/2022\/07\/Mojo-Ringo-und-der-Blueswolf-\u00a9-Norbert-Roschauer_klein.jpg\" alt=\"\" class=\"wp-image-47586\" srcset=\"https:\/\/speyer24news.com\/wp-content\/uploads\/2022\/07\/Mojo-Ringo-und-der-Blueswolf-\u00a9-Norbert-Roschauer_klein.jpg 800w, https:\/\/speyer24news.com\/wp-content\/uploads\/2022\/07\/Mojo-Ringo-und-der-Blueswolf-\u00a9-Norbert-Roschauer_klein-300x200.jpg 300w, https:\/\/speyer24news.com\/wp-content\/uploads\/2022\/07\/Mojo-Ringo-und-der-Blueswolf-\u00a9-Norbert-Roschauer_klein-768x512.jpg 768w\" sizes=\"(max-width: 800px) 100vw, 800px\" \/><figcaption>Mojo, Ringo und der Blueswolf spielen am 31.07.22 am Bootshaus im Alten Hafen<br><em>Foto: \u00a9 Norbert Roschauer<\/em><\/figcaption><\/figure><\/div>\n\n\n<p>Nach dem gelungenen Saisonauftakt findet am&nbsp;<strong>Sonntag, 31. Juli 2022, um 11 Uhr<\/strong>&nbsp;<strong>am Bootshaus im Alten Hafen&nbsp;<\/strong>das zweite Picknickkonzert statt.&nbsp;<strong>Mojo, Ringo und der Blueswolf&nbsp;<\/strong>ist das Projekt dreier gestandener Musiker, die alle schon seit Jahrzehnten in Sachen Blues unterwegs sind.<\/p>\n\n\n\n<p><em>J\u00fcrgen \u201eMojo\u201c Schultz<\/em>&nbsp;gilt als einer der versiertesten deutschen Blues-Gitarristen. Sein Slide-Guitar-Spiel ist legend\u00e4r, seine Virtuosit\u00e4t und sein Gef\u00fchl \u00fcberzeugen gleicherma\u00dfen. Schlagzeuger&nbsp;<em>Ringo Hirth<\/em>&nbsp;bewegt sich sowohl im Blues als auch im Jazz seit den 80er Jahren auch auf internationalem Parkett. Sein Talent am Schlagzeug l\u00e4dt ein zum rhythmischen hin und her wippen. &nbsp;<em>Wolfgang \u201eBlueswolf\u201c Schuster<\/em>, die Blueslegende schlechthin, hat den Blues regelrecht im Blut! Sein Gesang und Gitarren-\/Bassspiel runden das Trio ab.<\/p>\n\n\n\n<p>Der Eintritt zum Konzert ist frei.<\/p>\n\n\n\n<p>Unter dem Motto \u201eumsonst &amp; drau\u00dfen\u201c gehen die beliebten Speyerer Picknickkonzerte in die f\u00fcnfte Saison. Es folgen Konzerte vom \u201eSkylark String Trio\u201c am Sonntag, 14. August 2022 in der Parkanlage zwischen Stadthalle und M\u00fchlturmstra\u00dfe und dem \u201eSandie Wollasch und Matthias Hautsch Duo\u201c am 28. August 2022 im Adenauerpark.\u00a0<\/p>\n\n\n\n<p><em>Text: Stadt Speyer Foto: \u00a9 Norbert Roschauer<br>25.07.2022<\/em><\/p>\n\n\n\n<h2 class=\"wp-block-heading\">Innenminister Roger Lewentz (SPD): Unesco-Welterbe stiftet Gemeinsinn und Identifikation<\/h2>\n\n\n<div class=\"wp-block-image\">\n<figure class=\"aligncenter size-full\"><img decoding=\"async\" loading=\"lazy\" width=\"800\" height=\"600\" src=\"https:\/\/speyer24news.com\/wp-content\/uploads\/2022\/05\/Lewentz-Roger-@-Speyer-24-7-News.jpg\" alt=\"\" class=\"wp-image-46538\" srcset=\"https:\/\/speyer24news.com\/wp-content\/uploads\/2022\/05\/Lewentz-Roger-@-Speyer-24-7-News.jpg 800w, https:\/\/speyer24news.com\/wp-content\/uploads\/2022\/05\/Lewentz-Roger-@-Speyer-24-7-News-300x225.jpg 300w, https:\/\/speyer24news.com\/wp-content\/uploads\/2022\/05\/Lewentz-Roger-@-Speyer-24-7-News-768x576.jpg 768w, https:\/\/speyer24news.com\/wp-content\/uploads\/2022\/05\/Lewentz-Roger-@-Speyer-24-7-News-678x509.jpg 678w, https:\/\/speyer24news.com\/wp-content\/uploads\/2022\/05\/Lewentz-Roger-@-Speyer-24-7-News-326x245.jpg 326w, https:\/\/speyer24news.com\/wp-content\/uploads\/2022\/05\/Lewentz-Roger-@-Speyer-24-7-News-80x60.jpg 80w\" sizes=\"(max-width: 800px) 100vw, 800px\" \/><\/figure><\/div>\n\n\n<p>Vor einem Jahr hat die Unesco drei neue Welterbest\u00e4tten in Rheinland-Pfalz anerkannt: Bad Ems erhielt am 24. Juli 2021 die Anerkennung als &#8222;Great Spa Town of Europe&#8220;, die SchUM-St\u00e4tten in Speyer, Worms und Mainz sowie der Niedergermanische Limes wurden am 27. Juli 2021 zum Welterbe erkl\u00e4rt. Damit erh\u00f6hte sich die Zahl der Unesco-Welterbest\u00e4tten in Rheinland-Pfalz um drei auf insgesamt sieben, darunter das erste j\u00fcdische Unesco-Welterbe auf deutschem Boden.<\/p>\n\n\n\n<p>&#8222;Unser kulturelles Erbe f\u00fchrt uns nicht nur die lange und facettenreiche Geschichte unseres Landes vor Augen. Es tr\u00e4gt auch dazu bei, Gemeinsinn und Identifikation in Rheinland-Pfalz und \u00fcber die Landesgrenzen hinaus zu stiften. Damit bildet unser kulturelles Erbe mit den sieben Unesco-Welterbest\u00e4tten als H\u00f6hepunkte ein wichtiges Fundament f\u00fcr den Zusammenhalt der Gesellschaft. Das Welterbe beleuchtet Licht- und Schattenseiten unserer Geschichte und leistet damit einen Beitrag zur V\u00f6lkerverst\u00e4ndigung und dem Frieden in der Welt&#8220;, sagte Innenminister Roger Lewentz.<\/p>\n\n\n\n<p>Vor rund einem Jahr habe die Unesco gleich drei neue Welterbest\u00e4tten in Rheinland-Pfalz anerkannt und damit in eine Reihe mit den Pyramiden von Gizeh, dem Eiffelturm und der Freiheitsstatue gestellt. &#8222;Dieser Jahrestag ist ein gro\u00dfer Grund zur Freude und eine gute Gelegenheit all jenen zu danken, die sich f\u00fcr den Erhalt und die Pr\u00e4sentation unserer Welterbest\u00e4tten einsetzen. Mit der Anerkennung hat die Unesco auch diese Bem\u00fchungen ausgezeichnet. Dass wir hierbei nicht nachlassen, zeigt der R\u00fcckblick auf das letzte Jahr&#8220;, verwies Innenminister Lewentz auf die vielf\u00e4ltigen Projekte, die die Welterbest\u00e4tten seit der Anerkennung auf den Weg gebracht haben.<\/p>\n\n\n\n<h4 class=\"wp-block-heading\">Bad Ems als Teil der &#8222;Great Spas of Europe&#8220;<\/h4>\n\n\n\n<p>Als eine von elf herausragenden Kurst\u00e4dten in ganz Europa steht in Bad Ems die internationale Zusammenarbeit im Fokus. So intensiviert die Kurstadt mithilfe einer neu eingestellten Sitemanagerin die guten Beziehungen zu den anderen &#8222;Great Spa Towns of Europe&#8220;. Weiterhin werden erste denkmalgesch\u00fctzte Restaurierungsarbeiten begleitet und ein Besucherinformationszentrum neu konzipiert.<\/p>\n\n\n\n<p>&#8222;Wir sind immer noch voller Stolz und Freude aufgrund dieser Anerkennung sowie der damit verbundenen, gro\u00dfartigen Auszeichnung. Unsere B\u00fcrgerschaft und das Team der Stadt sind sich der Verantwortung zum Erhalt dieses bedeutenden Erbes f\u00fcr die Menschheit bewusst und die implementierten Prozesse laufen gut an. Diese Aufgabe wird uns fortan besch\u00e4ftigen &#8211; Welterbe zu erhalten und zu vermitteln ist ein Dauerlauf und kein Sprint&#8220;, sagte der Bad Emser Stadtb\u00fcrgermeister Oliver Kr\u00fcgel.<\/p>\n\n\n\n<h4 class=\"wp-block-heading\">Die SchUM-St\u00e4tten in Speyer, Worms und Mainz<\/h4>\n\n\n\n<p>Hinter den SchUM-St\u00e4tten in Speyer, Worms und Mainz lag zum Zeitpunkt der Anerkennung bereits ein 15 Jahre andauernder Bewerbungsprozess. Seitdem haben sie in ihren Bem\u00fchungen nicht nachgelassen, der \u00d6ffentlichkeit das j\u00fcdische Leben am Rhein und das Miteinander von Christen und Juden in den letzten Jahrhunderten zu pr\u00e4sentieren. Weithin sichtbar sind beispielsweise die umfangreichen Arbeiten an der Wormser Synagoge oder am Alten J\u00fcdischen Friedhof in Mainz. In den drei St\u00e4dten zeigten Veranstaltungen wie die SchUM-Kulturtage die Lebendigkeit des j\u00fcdischen Lebens in Rheinland-Pfalz.<\/p>\n\n\n\n<p>&#8222;Mit der Aufnahme der SchUM-St\u00e4tten in die Welterbeliste im Juli 2021 wurde ein starkes Zeichen und ein Bekenntnis zum Judentum als Teil der deutschen Geschichte gesetzt. Dieses deutliche Signal beinhaltet die enorme Chance, dass die Geschichten \u00fcber SchUM einen Beitrag leisten zum Miteinander in unserer Gesellschaft. Denn sie erz\u00e4hlen genau davon: Vom Miteinander, von Zusammenarbeit, von Gleichberechtigung, von Umbruch und Aufbruch, aber auch von Gefahren und dunklen Kapiteln des gesellschaftlichen Miteinanders. Und daher steht f\u00fcr alle Beteiligten neben dem Schutz und Erhalt dieser St\u00e4tten die Vermittlung dieses Welterbes im Mittelpunkt. Die gute Kooperation sehr vieler Akteurinnen und Akteure, die durch die Welterbekoordination des SchUM-Vereins und von einem eingespielten Team aus Landesverwaltung, J\u00fcdischen Gemeinden und Verwaltung der St\u00e4dte getragen wird, erm\u00f6glicht das und daher bin ich zuversichtlich, dass wir uns mit gro\u00dfem Elan auf diesen Weg machen k\u00f6nnen&#8220;, sagte Stefanie Seiler, Oberb\u00fcrgermeisterin von Speyer und Vorsitzende des SchUM-Vereins.<\/p>\n\n\n\n<h4 class=\"wp-block-heading\">Der Niedergermanische Limes<\/h4>\n\n\n\n<p>Auf rund 400 Kilometern L\u00e4nge steht beim Niedergermanischen Limes das gemeinsame r\u00f6mische Erbe des europ\u00e4ischen Kontinents im Mittelpunkt. Diese Welterbest\u00e4tte verbindet Kommunen, L\u00e4nder und Staaten. Das zeigt sich auch in gemeinsamen Projekten wie dem geplanten Rad- und Wanderweg von Bad Breisig bis zur deutsch-niederl\u00e4ndischen Grenze. In Remagen wurden unter Mitwirkung der Landesarch\u00e4ologie die Mauern fachgerecht pr\u00e4pariert und die Originalstandorte der Heizungsanlagen des Wohnhauses des Kommandeurs rekonstruiert.<\/p>\n\n\n\n<p>&#8222;F\u00fcr die Stadt Remagen und ihre B\u00fcrgerinnen und B\u00fcrger ist die Eintragung als Teil des Welterbes ,Niedergermanischer Limes&#8216; eine gro\u00dfe Auszeichnung, auf die wir sehr stolz sind. Die Verleihung des Titels beinhaltet ein gro\u00dfes touristisches Potential, aber auch eine gro\u00dfe Verantwortung, das Welterbe f\u00fcr kommende Generationen zu bewahren und erlebbar und lebendig zu erhalten. Dieser Verantwortung stellen wir uns gerne&#8220;, sagte Bj\u00f6rn Ingendahl, B\u00fcrgermeister der Stadt Remagen.<\/p>\n\n\n\n<p><em>Text: Ministerium des Innern und f\u00fcr Sport Rheinland-Pfalz Foto: Speyer 24\/7 News<br>21.07.2022<\/em><\/p>\n\n\n\n<h2 class=\"has-text-align-center wp-block-heading\">Verkehrsnotizen<\/h2>\n\n\n<div class=\"wp-block-image\">\n<figure class=\"aligncenter\"><img decoding=\"async\" loading=\"lazy\" width=\"800\" height=\"565\" src=\"https:\/\/speyer24news.com\/wp-content\/uploads\/2020\/01\/Baustelle-2.jpg\" alt=\"\" class=\"wp-image-23900\" srcset=\"https:\/\/speyer24news.com\/wp-content\/uploads\/2020\/01\/Baustelle-2.jpg 800w, https:\/\/speyer24news.com\/wp-content\/uploads\/2020\/01\/Baustelle-2-300x212.jpg 300w, https:\/\/speyer24news.com\/wp-content\/uploads\/2020\/01\/Baustelle-2-768x542.jpg 768w\" sizes=\"(max-width: 800px) 100vw, 800px\" \/><\/figure><\/div>\n\n\n<h2 class=\"wp-block-heading\">Karmeliterstra\u00dfe gesperrt<\/h2>\n\n\n\n<p>Aufgrund von Bauarbeiten im Auftrag der Stadtwerke Speyer wird die Karmeliterstra\u00dfe auf H\u00f6he der Ludwigstra\u00dfe&nbsp;<strong>ab Montag, 25. Juli bis voraussichtlich Montag, 15. August 2022<\/strong>&nbsp;gesperrt. Eine Umleitung wird ausgewiesen und die Einbahnstra\u00dfenregelung in der Karmeliterstra\u00dfe zwischen Baustelle und Schulpl\u00e4tzel aufgehoben.<\/p>\n\n\n\n<p>F\u00fcr R\u00fcckfragen steht die Stra\u00dfenverkehrsbeh\u00f6rde unter der Telefonnummer 14-2938 zur Verf\u00fcgung.<\/p>\n\n\n\n<p><em>Stadtverwaltung Speyer<br>22.07.2022<\/em><\/p>\n\n\n\n<h2 class=\"wp-block-heading\">Jahnstra\u00dfe gesperrt<\/h2>\n\n\n\n<p>Aufgrund von dringenden Leitungsarbeiten im Auftrag der Stadtwerke wird die Jahnstra\u00dfe zwischen Paul-Egell-Stra\u00dfe und Albrecht-D\u00fcrer-Stra\u00dfe&nbsp;<strong>ab Dienstag, 19. Juli bis voraussichtlich Mittwoch, 31. August 2022<\/strong>&nbsp;f\u00fcr den Verkehr gesperrt.<\/p>\n\n\n\n<p>F\u00fcr R\u00fcckfragen steht die Stra\u00dfenverkehrsbeh\u00f6rde unter der Telefonnummer 14-2938 zur Verf\u00fcgung.<\/p>\n\n\n\n<p><em>Stadtverwaltung Speyer<br>19.07.2022<\/em><\/p>\n\n\n\n<h2 class=\"wp-block-heading\">Mehrere Stra\u00dfen wegen Asphaltarbeiten gesperrt<\/h2>\n\n\n<div class=\"wp-block-image\">\n<figure class=\"aligncenter\"><img decoding=\"async\" loading=\"lazy\" width=\"800\" height=\"533\" src=\"https:\/\/speyer24news.com\/wp-content\/uploads\/2022\/07\/Zement-Asphalt-Beton-Arbeiten.jpg\" alt=\"\" class=\"wp-image-47486\" srcset=\"https:\/\/speyer24news.com\/wp-content\/uploads\/2022\/07\/Zement-Asphalt-Beton-Arbeiten.jpg 800w, https:\/\/speyer24news.com\/wp-content\/uploads\/2022\/07\/Zement-Asphalt-Beton-Arbeiten-300x200.jpg 300w, https:\/\/speyer24news.com\/wp-content\/uploads\/2022\/07\/Zement-Asphalt-Beton-Arbeiten-768x512.jpg 768w\" sizes=\"(max-width: 800px) 100vw, 800px\" \/><\/figure><\/div>\n\n\n<p>Aufgrund von Asphaltarbeiten im Auftrag der Stadt Speyer werden mehrere Stra\u00dfen jeweils kurzzeitig komplett gesperrt. Zur Verbesserung der Oberfl\u00e4cheneigenschaften und Verl\u00e4ngerung der Nutzungsdauer der Verkehrswege werden d\u00fcnne Asphaltdeckschichten in Kaltbauweise aufgebracht.<\/p>\n\n\n\n<h4 class=\"wp-block-heading\">Betroffen sind folgende Stra\u00dfen an folgenden Tagen:<\/h4>\n\n\n\n<ul><li><strong>Friedrich-H\u00f6lderlin-Weg am Dienstag, 2. und Mittwoch, 3. August 2022,<\/strong><\/li><li><strong>Georg-Kerschensteiner-Stra\u00dfe\/Conrad-Hist-Stra\u00dfe von Mittwoch, 3. bis Freitag, 5. August 2022,<\/strong><\/li><li><strong>Otto-Mayer-Stra\u00dfe\/Vincentiusstra\u00dfe von Montag, 8. bis Mittwoch, 10. August 2022,<\/strong><\/li><li><strong>Fu\u00dfweg zum Kanuclub von Dienstag, 9. bis Freitag, 12. August 2022,<\/strong><\/li><li><strong>Alte Schwegenheimer Stra\u00dfe\/Landauer Warte\/Friedrich-Sprater-Stra\u00dfe von Mittwoch, 10. bis Freitag, 12. August 2022.<\/strong><\/li><\/ul>\n\n\n\n<p>F\u00fcr R\u00fcckfragen steht die Stra\u00dfenverkehrsbeh\u00f6rde unter der Telefonnummer 14-2938 zur Verf\u00fcgung.<\/p>\n\n\n\n<p><em>Stadtverwaltung Speyer<br>18.07.2022<\/em><\/p>\n\n\n\n<h2 class=\"wp-block-heading\">Kettelerstra\u00dfe gesperrt<\/h2>\n\n\n\n<p>Wegen Leitungsarbeiten im Auftrag der Stadtwerke Speyer wird die Kettelerstra\u00dfe zwischen L\u00e4rchenweg und Am Sandh\u00fcgel&nbsp;<strong>seit Donnerstag, 14. Juli 2022 bis voraussichtlich 19. August 2022<\/strong>&nbsp;f\u00fcr den Durchgangsverkehr gesperrt.<\/p>\n\n\n\n<p>F\u00fcr die Dauer der Ma\u00dfnahme wird die Kettelerstra\u00dfe in diesem Bereich beidseitig als Sackgasse ausgewiesen und die Einbahnstra\u00dfenregelung aufgehoben.<\/p>\n\n\n\n<p>F\u00fcr R\u00fcckfragen steht die Stra\u00dfenverkehrsbeh\u00f6rde unter der Rufnummer 14-2938 zur Verf\u00fcgung.<\/p>\n\n\n\n<p><em>Stadtverwaltung Speyer<br>11.07.2022<\/em><\/p>\n\n\n\n<h2 class=\"wp-block-heading\">Korngasse gesperrt<\/h2>\n\n\n\n<p>Aufgrund von Arbeiten im Auftrag der Stadtwerke Speyer wird die Korngasse auf H\u00f6he des Krautg\u00e4sschens in der Zeit<strong>&nbsp;vom 12. Juli bis voraussichtlich 1. August 2022<\/strong>&nbsp;voll gesperrt.<\/p>\n\n\n\n<p>Die Korngasse wird in diesem Bereich beidseitig als Sackgasse ausgewiesen.<\/p>\n\n\n\n<p><em>Stadtverwaltung Speyer<br>08.07.2022<\/em><\/p>\n\n\n\n<h2 class=\"wp-block-heading\">Kreuzung Christian-Dathan-Stra\u00dfe \/ Breslauer Stra\u00dfe<\/h2>\n\n\n\n<p>Der Beginn der Bauma\u00dfnahme wird vorgezogen, weshalb die Kreuzung Christian-Dathan-Stra\u00dfe \/ Breslauer Stra\u00dfe bereits&nbsp;<strong>seit Donnerstag, 14. Juli bis voraussichtlich 15. August 2022<\/strong>&nbsp;voll gesperrt ist.<\/p>\n\n\n\n<p>F\u00fcr die Dauer der Ma\u00dfnahme werden die Christan-Dathan-Stra\u00dfe beidseitig und die Breslauer Stra\u00dfe als Sackgasse ausgewiesen.<\/p>\n\n\n\n<p>F\u00fcr R\u00fcckfragen steht die Stra\u00dfenverkehrsbeh\u00f6rde unter der Telefonnummer 14-2938 zur Verf\u00fcgung.<\/p>\n\n\n\n<p><em>Stadtverwaltung Speyer<br>11.07.2022<\/em><\/p>\n\n\n\n<h2 class=\"wp-block-heading\">Brudergasse gesperrt<\/h2>\n\n\n\n<p>Aufgrund von Renovierungsarbeiten und Containerstellung wird die Brudergasse auf H\u00f6he der Hausnummer 3<strong>&nbsp;ab Mittwoch, 11. Mai bis voraussichtlich Mittwoch, 10. August 2022<\/strong>&nbsp;f\u00fcr den flie\u00dfenden Verkehr komplett gesperrt. Die Brudergasse wird beidseitig als Sackgasse ausgewiesen.<\/p>\n\n\n\n<p>F\u00fcr R\u00fcckfragen steht die Stra\u00dfenverkehrsbeh\u00f6rde unter der Telefonnummer 14-2938 zur Verf\u00fcgung.<\/p>\n\n\n\n<p><em>Stadtverwaltung Speyer<br>10.05.2022<\/em><\/p>\n\n\n\n<h2 class=\"wp-block-heading\">Baustellen\u00fcbersicht der Stadt Speyer<\/h2>\n\n\n<div class=\"wp-block-image\">\n<figure class=\"aligncenter\"><img decoding=\"async\" loading=\"lazy\" width=\"800\" height=\"384\" src=\"https:\/\/speyer24news.com\/wp-content\/uploads\/2022\/03\/Baustelle-Speyer-Facebook.jpg\" alt=\"\" class=\"wp-image-43610\" srcset=\"https:\/\/speyer24news.com\/wp-content\/uploads\/2022\/03\/Baustelle-Speyer-Facebook.jpg 800w, https:\/\/speyer24news.com\/wp-content\/uploads\/2022\/03\/Baustelle-Speyer-Facebook-300x144.jpg 300w, https:\/\/speyer24news.com\/wp-content\/uploads\/2022\/03\/Baustelle-Speyer-Facebook-768x369.jpg 768w\" sizes=\"(max-width: 800px) 100vw, 800px\" \/><\/figure><\/div>\n\n\n<p>Ab sofort stellt die Stadt Speyer eine neue Baustellenliste zur Verf\u00fcgung, die die bisherige Kommunikation von laufenden und kommenden Baustellen erweitert und b\u00fcrgerfreundlicher gestaltet.<\/p>\n\n\n\n<p>Die bisher zur Verf\u00fcgung gestellte Liste \u201eAlle Baustellen\u201c f\u00fchrt alle Baustellen, die sich innerhalb des Speyerer Stadtgebiets befinden, stichpunktartig auf. Diese technische Liste gibt auch einen \u00dcberblick \u00fcber die betroffenen Sparten wie Strom, Gas, oder Wasser.<\/p>\n\n\n\n<p>Die nun neu hinzugekommene Liste \u201eWichtigste Baustellen\u201c beinhaltet Baustellen, von denen ein bedeutender Teil der Verkehrsteilnehmenden in Speyer signifikant betroffen ist, beispielsweise wegen ihrer lange Dauer und\/oder weil wichtige Stra\u00dfen im Netz betroffen sind. Es werden zus\u00e4tzlich zu den Baustellen im Speyerer Stadtgebiet auch wichtige Baustellen in der n\u00e4heren Umgebung aufgef\u00fchrt, beispielsweise auf der B9 und B39. Dar\u00fcber hinaus soll auch der in den Jahren 2023 und 2024 geplante Verkehrsversuch zum Postplatz Eingang in diese Auflistung finden. Neben dem voraussichtlichen Zeitraum und der Ursache werden auch die Umleitungen f\u00fcr die verschiedenen Verkehrsarten und bei Bedarf erg\u00e4nzende Informationen dargestellt. Am Ende der Liste findet sich ferner eine \u00dcbersicht zu m\u00f6glichen Ansprechpartner*innen.<\/p>\n\n\n\n<p>Die neue Baustellenliste ist chronologisch sortiert, sodass die B\u00fcrger*innen auf den ersten Blick neu hinzukommende Baustellen erkennen und f\u00fcr ihre n\u00e4chste Fahrt ber\u00fccksichtigen k\u00f6nnen \u2013 ohne frustriert erst an der Baustellenabsperrung wenden m\u00fcssen. Zeit- und nervenschonend f\u00fcr die B\u00fcrgerschaft \u2013 aber auch gut f\u00fcr die Umwelt, da unn\u00f6tiger Verkehr vermieden wird. Eine neu in Kalenderwoche 12 hinzukommende Vollsperrung befindet sich in der Alten Schwegenheimer Stra\u00dfe.<\/p>\n\n\n\n<p>Die \u00dcbersicht \u00fcber die Baustellensituation wird immer freitags aktualisiert und ist unter&nbsp;<a href=\"http:\/\/www.speyer.de\/baustellen\">www.speyer.de\/baustellen<\/a>&nbsp;im NEWS-TICKER zu finden.<br>Des Weiteren gibt es auf der Baustellenseite der Stadt Speyer wie gewohnt detaillierte Informationen zu laufenden und kommenden Gro\u00dfbaustellen.<\/p>\n\n\n\n<p><em>Stadtverwaltung Speyer<br>18.03.2022<\/em><\/p>\n","protected":false},"excerpt":{"rendered":"<div class=\"mh-excerpt\"><p>Stadtnotizen Speyerer Picknickkonzerte werden mit\u00a0Mojo, Ringo und der Blueswolf\u00a0fortgesetzt Nach dem gelungenen Saisonauftakt findet am&nbsp;Sonntag, 31. Juli 2022, um 11 Uhr&nbsp;am Bootshaus im Alten Hafen&nbsp;das zweite Picknickkonzert statt.&nbsp;Mojo, Ringo und der Blueswolf&nbsp;ist das Projekt dreier <a class=\"mh-excerpt-more\" href=\"https:\/\/speyer24news.com\/?p=47585\" title=\"Stadtnotizen &#038; Verkehrsnotizen Speyer\">[&#8230;]<\/a><\/p>\n<\/div>","protected":false},"author":3,"featured_media":46477,"comment_status":"open","ping_status":"open","sticky":false,"template":"","format":"standard","meta":{"_monsterinsights_skip_tracking":false,"_monsterinsights_sitenote_active":false,"_monsterinsights_sitenote_note":"","_monsterinsights_sitenote_category":0,"footnotes":""},"categories":[47],"tags":[14860,14861,13163,13640,14906,14342,935,14732,14703,14907,6572,14827,1427,14905,6,657,1296,7178,3364,5533,658,1114],"aioseo_notices":[],"amp_enabled":true,"_links":{"self":[{"href":"https:\/\/speyer24news.com\/index.php?rest_route=\/wp\/v2\/posts\/47585"}],"collection":[{"href":"https:\/\/speyer24news.com\/index.php?rest_route=\/wp\/v2\/posts"}],"about":[{"href":"https:\/\/speyer24news.com\/index.php?rest_route=\/wp\/v2\/types\/post"}],"author":[{"embeddable":true,"href":"https:\/\/speyer24news.com\/index.php?rest_route=\/wp\/v2\/users\/3"}],"replies":[{"embeddable":true,"href":"https:\/\/speyer24news.com\/index.php?rest_route=%2Fwp%2Fv2%2Fcomments&post=47585"}],"version-history":[{"count":1,"href":"https:\/\/speyer24news.com\/index.php?rest_route=\/wp\/v2\/posts\/47585\/revisions"}],"predecessor-version":[{"id":47587,"href":"https:\/\/speyer24news.com\/index.php?rest_route=\/wp\/v2\/posts\/47585\/revisions\/47587"}],"wp:featuredmedia":[{"embeddable":true,"href":"https:\/\/speyer24news.com\/index.php?rest_route=\/wp\/v2\/media\/46477"}],"wp:attachment":[{"href":"https:\/\/speyer24news.com\/index.php?rest_route=%2Fwp%2Fv2%2Fmedia&parent=47585"}],"wp:term":[{"taxonomy":"category","embeddable":true,"href":"https:\/\/speyer24news.com\/index.php?rest_route=%2Fwp%2Fv2%2Fcategories&post=47585"},{"taxonomy":"post_tag","embeddable":true,"href":"https:\/\/speyer24news.com\/index.php?rest_route=%2Fwp%2Fv2%2Ftags&post=47585"}],"curies":[{"name":"wp","href":"https:\/\/api.w.org\/{rel}","templated":true}]}}