{"id":47629,"date":"2022-07-27T12:37:16","date_gmt":"2022-07-27T11:37:16","guid":{"rendered":"https:\/\/speyer24news.com\/?p=47629"},"modified":"2022-07-27T12:37:16","modified_gmt":"2022-07-27T11:37:16","slug":"generalbundesanwalt-beim-bundesgerichtshof-gba-terror","status":"publish","type":"post","link":"https:\/\/speyer24news.com\/?p=47629","title":{"rendered":"Generalbundesanwalt beim Bundesgerichtshof (GBA) \/ Terror"},"content":{"rendered":"<style type=\"text\/css\">\r\n\t.ads_top_disp{}\r\n\t.ads_top_corner_disp{ float:left; margin:0px 10px 10px 0px; }\r\n\t.ads_first_p_disp{}\r\n\t.ads_bottom_disp{}\r\n\t<\/style>\n<h2 class=\"wp-block-heading\">Anklage u.a. wegen eines mutma\u00dflich islamistisch motivierten Messerangriffs in einem Fernzug der Deutschen Bahn erhoben<\/h2>\n\n\n<div class=\"wp-block-image\">\n<figure class=\"aligncenter size-full\"><img decoding=\"async\" loading=\"lazy\" width=\"800\" height=\"600\" src=\"https:\/\/speyer24news.com\/wp-content\/uploads\/2021\/05\/hammer-802296_1920.jpg\" alt=\"\" class=\"wp-image-36242\" srcset=\"https:\/\/speyer24news.com\/wp-content\/uploads\/2021\/05\/hammer-802296_1920.jpg 800w, https:\/\/speyer24news.com\/wp-content\/uploads\/2021\/05\/hammer-802296_1920-300x225.jpg 300w, https:\/\/speyer24news.com\/wp-content\/uploads\/2021\/05\/hammer-802296_1920-768x576.jpg 768w, https:\/\/speyer24news.com\/wp-content\/uploads\/2021\/05\/hammer-802296_1920-678x509.jpg 678w, https:\/\/speyer24news.com\/wp-content\/uploads\/2021\/05\/hammer-802296_1920-326x245.jpg 326w, https:\/\/speyer24news.com\/wp-content\/uploads\/2021\/05\/hammer-802296_1920-80x60.jpg 80w\" sizes=\"(max-width: 800px) 100vw, 800px\" \/><\/figure><\/div>\n\n\n<p><strong>(Karlsruhe) &#8211;<\/strong> Die Bundesanwaltschaft hat am 23. Juni 2022 vor dem Staatsschutzsenat des Oberlandesgerichts M\u00fcnchen Anklage gegen<\/p>\n\n\n\n<p>den pal\u00e4stinensischen Volkszugeh\u00f6rigen Abdalrahman A.<\/p>\n\n\n\n<p>erhoben.<\/p>\n\n\n\n<p>Der Angeschuldigte ist des versuchten Mordes und der gef\u00e4hrlichen K\u00f6rperverletzung in drei F\u00e4llen sowie in einem weiteren Fall der gef\u00e4hrlichen K\u00f6rperverletzung (\u00a7 211 Abs. 2, \u00a7 223 Abs. 1, \u00a7 224 Abs. 1 Nrn. 2 und 5, \u00a7 22, 23 Abs. 1 StGB) hinreichend verd\u00e4chtig. Zus\u00e4tzlich werden ihm K\u00f6rperverletzung (\u00a7 223 Abs. 1 StGB) und Sachbesch\u00e4digung (\u00a7 303 Abs. 1 StGB) zur Last gelegt.<\/p>\n\n\n\n<h4 class=\"wp-block-heading\">In der nunmehr zugestellten Anklageschrift ist im Wesentlichen folgender Sachverhalt dargelegt:<\/h4>\n\n\n\n<ol><li>Abdalrahman A. weist eine radikal-islamische Gesinnung auf. Sp\u00e4testens im September 2021 fasste er den Entschluss, einen Beitrag zum weltweiten Jihad durch die wahllose T\u00f6tung &#8222;ungl\u00e4ubiger&#8220; Nichtmuslime in Deutschland zu leisten. Dazu n\u00e4herte er sich am Morgen des 6. November 2021 im Fernzug der Deutschen Bahn ICE 928 von Passau nach N\u00fcrnberg von hinten dem Sitzplatz eines m\u00e4nnlichen Fahrgastes und stach diesem mit einem Taschenmesser mit einer Klingenl\u00e4nge von 8,5 cm achtmal kr\u00e4ftig in den Kopf-, Hals- und Brustbereich. Sodann versetzte er einem in demselben Wagen sitzenden anderen Fahrgast mit gro\u00dfer Wucht zwei Stiche in den Kopf. Einem dritten zu Hilfe eilenden Mann f\u00fcgte der Angeschuldigte Schnittverletzungen an der Stirnseite und am rechten Handr\u00fccken zu. Anschlie\u00dfend lief Abdalrahman A. in den angrenzenden Wagen und stach dort einem vierten Fahrgast achtmal kraftvoll gegen den Sch\u00e4del sowie mindestens zweimal in den Brust- und Bauchbereich. Das erste, zweite und vierte Opfer erlitten durch die Angriffe zum Teil schwerwiegende und potentiell lebensgef\u00e4hrliche Verletzungen.<\/li><li>Unmittelbar nach diesem Vorfall bezeichnete sich Abdalrahman A. selbst als psychisch krank. Am 7. November 2021 wurde er auf Grund eines Unterbringungsbefehls des Amtsgerichts N\u00fcrnberg in das Bezirksklinikum Regensburg eingewiesen. Dort schlug er am Morgen des 20. Dezember 2021 aus radikal-islamischen Motiven einen Pfleger mit der Hand mindestens einmal schmerzhaft ins Gesicht.<\/li><li>Am Morgen des 3. Januar 2022 stie\u00df Abdalrahman A. in seinem Isolierzimmer im Bezirksklinikum Regensburg einen Fensterfl\u00fcgel solange gegen die Wand, bis die Sicherheitsglasscheibe splitterte und sich zwei Metallstangen l\u00f6sten. Alsdann hieb er mit einer dieser Metallstangen auf die Schleusent\u00fcr des Zimmers ein und brachte auch deren Sicherheitsglas zum Zersplittern. Hierdurch entstand ein Schaden in H\u00f6he von etwa 5.000 Euro.<\/li><\/ol>\n\n\n\n<p>Nach den Ergebnissen einer eingehenden psychiatrischen Untersuchung sowie weiterer Ermittlungen ist davon auszugehen, dass Abdalrahman A. nicht an einer psychischen Erkrankung leidet. Vor diesem Hintergrund befindet er sich seit dem 21. Januar 2022 in Untersuchungshaft, zun\u00e4chst auf Grund eines Haftbefehls des Amtsgerichts N\u00fcrnberg vom 19. Januar 2022, der am 2. Mai 2022 durch einen Haftbefehl des Ermittlungsrichters des Bundesgerichtshofs ersetzt wurde. Die Bundesanwaltschaft hat die Ermittlungen wegen der besonderen Bedeutung des Falles (\u00a7 120 Abs. 2 Nr. 3 a) GVG) am 11. M\u00e4rz 2022 an sich gezogen.<\/p>\n\n\n\n<p><em>Der Generalbundesanwalt beim Bundesgerichtshof (GBA)<br>25.07.2022<\/em><\/p>\n","protected":false},"excerpt":{"rendered":"<div class=\"mh-excerpt\"><p>Anklage u.a. wegen eines mutma\u00dflich islamistisch motivierten Messerangriffs in einem Fernzug der Deutschen Bahn erhoben (Karlsruhe) &#8211; Die Bundesanwaltschaft hat am 23. Juni 2022 vor dem Staatsschutzsenat des Oberlandesgerichts M\u00fcnchen Anklage gegen den pal\u00e4stinensischen Volkszugeh\u00f6rigen <a class=\"mh-excerpt-more\" href=\"https:\/\/speyer24news.com\/?p=47629\" title=\"Generalbundesanwalt beim Bundesgerichtshof (GBA) \/ Terror\">[&#8230;]<\/a><\/p>\n<\/div>","protected":false},"author":3,"featured_media":46738,"comment_status":"open","ping_status":"open","sticky":false,"template":"","format":"standard","meta":{"_monsterinsights_skip_tracking":false,"_monsterinsights_sitenote_active":false,"_monsterinsights_sitenote_note":"","_monsterinsights_sitenote_category":0,"footnotes":""},"categories":[12],"tags":[14926,14925,14931,14930,14932,14927,14928,6334,14929],"aioseo_notices":[],"amp_enabled":true,"_links":{"self":[{"href":"https:\/\/speyer24news.com\/index.php?rest_route=\/wp\/v2\/posts\/47629"}],"collection":[{"href":"https:\/\/speyer24news.com\/index.php?rest_route=\/wp\/v2\/posts"}],"about":[{"href":"https:\/\/speyer24news.com\/index.php?rest_route=\/wp\/v2\/types\/post"}],"author":[{"embeddable":true,"href":"https:\/\/speyer24news.com\/index.php?rest_route=\/wp\/v2\/users\/3"}],"replies":[{"embeddable":true,"href":"https:\/\/speyer24news.com\/index.php?rest_route=%2Fwp%2Fv2%2Fcomments&post=47629"}],"version-history":[{"count":1,"href":"https:\/\/speyer24news.com\/index.php?rest_route=\/wp\/v2\/posts\/47629\/revisions"}],"predecessor-version":[{"id":47630,"href":"https:\/\/speyer24news.com\/index.php?rest_route=\/wp\/v2\/posts\/47629\/revisions\/47630"}],"wp:featuredmedia":[{"embeddable":true,"href":"https:\/\/speyer24news.com\/index.php?rest_route=\/wp\/v2\/media\/46738"}],"wp:attachment":[{"href":"https:\/\/speyer24news.com\/index.php?rest_route=%2Fwp%2Fv2%2Fmedia&parent=47629"}],"wp:term":[{"taxonomy":"category","embeddable":true,"href":"https:\/\/speyer24news.com\/index.php?rest_route=%2Fwp%2Fv2%2Fcategories&post=47629"},{"taxonomy":"post_tag","embeddable":true,"href":"https:\/\/speyer24news.com\/index.php?rest_route=%2Fwp%2Fv2%2Ftags&post=47629"}],"curies":[{"name":"wp","href":"https:\/\/api.w.org\/{rel}","templated":true}]}}