{"id":47633,"date":"2022-07-27T14:56:57","date_gmt":"2022-07-27T13:56:57","guid":{"rendered":"https:\/\/speyer24news.com\/?p=47633"},"modified":"2022-07-27T15:03:53","modified_gmt":"2022-07-27T14:03:53","slug":"kultur-45","status":"publish","type":"post","link":"https:\/\/speyer24news.com\/?p=47633","title":{"rendered":"Kultur"},"content":{"rendered":"<style type=\"text\/css\">\r\n\t.ads_top_disp{}\r\n\t.ads_top_corner_disp{ float:left; margin:0px 10px 10px 0px; }\r\n\t.ads_first_p_disp{}\r\n\t.ads_bottom_disp{}\r\n\t<\/style>\n<h2 class=\"has-text-align-center wp-block-heading\">Speyer<\/h2>\n\n\n<div class=\"wp-block-image\">\n<figure class=\"aligncenter size-full\"><img decoding=\"async\" loading=\"lazy\" width=\"800\" height=\"590\" src=\"https:\/\/speyer24news.com\/wp-content\/uploads\/2022\/05\/Speyer-Logo.jpeg\" alt=\"\" class=\"wp-image-46477\" srcset=\"https:\/\/speyer24news.com\/wp-content\/uploads\/2022\/05\/Speyer-Logo.jpeg 800w, https:\/\/speyer24news.com\/wp-content\/uploads\/2022\/05\/Speyer-Logo-300x221.jpeg 300w, https:\/\/speyer24news.com\/wp-content\/uploads\/2022\/05\/Speyer-Logo-768x566.jpeg 768w, https:\/\/speyer24news.com\/wp-content\/uploads\/2022\/05\/Speyer-Logo-80x60.jpeg 80w\" sizes=\"(max-width: 800px) 100vw, 800px\" \/><\/figure><\/div>\n\n\n<h2 class=\"wp-block-heading\">Ausstellung &#8222;Harald H\u00e4user: LOVE LETTERS \u2013 Werke aus f\u00fcnf Jahrzehnten&#8220; von 15.07. bis 04.09.2022 in der St\u00e4dtischen Galerie im Kulturhof Flachsgasse.<\/h2>\n\n\n<div class=\"wp-block-image\">\n<figure class=\"aligncenter size-full\"><img decoding=\"async\" loading=\"lazy\" width=\"800\" height=\"563\" src=\"https:\/\/speyer24news.com\/wp-content\/uploads\/2022\/07\/Harald-Haeuser-Love-Letters.jpg\" alt=\"\" class=\"wp-image-47648\" srcset=\"https:\/\/speyer24news.com\/wp-content\/uploads\/2022\/07\/Harald-Haeuser-Love-Letters.jpg 800w, https:\/\/speyer24news.com\/wp-content\/uploads\/2022\/07\/Harald-Haeuser-Love-Letters-300x211.jpg 300w, https:\/\/speyer24news.com\/wp-content\/uploads\/2022\/07\/Harald-Haeuser-Love-Letters-768x540.jpg 768w\" sizes=\"(max-width: 800px) 100vw, 800px\" \/><\/figure><\/div>\n\n\n<p>\u201eLove letters\u201c ist der Titel der Ausstellung des Malers Harald H\u00e4user, die w\u00e4hrend des Sommers 2022 in der St\u00e4dtischen Galerie Speyer gezeigt wird. Der K\u00fcnstler pr\u00e4sentiert in ihr Werke aus nahezu f\u00fcnf Jahrzehnten k\u00fcnstlerischen Schaffens \u2013 Gem\u00e4lde, Keramiken, Bronzen und Zeichnungen, erg\u00e4nzt durch B\u00fccher, die er mit Illustrationen versehen hat. Mit seinen Bildern entfacht der Maler ein Farbenfeuer, das mal ruhig, mal wild chaotisch auflodert, aber zugleich auch beruhigend begleitet von Keramik, Vasen und Schalen, deren blaue Bemalung an geheime Schriftzeichen erinnert, die sich gleichsam zu W\u00f6rtern zusammenreihen, deren Bedeutung uns r\u00e4tselhaft bleibt. H\u00e4users Werke kann man verstehen als \u00c4u\u00dferungen und Bekenntnisse der Liebe, als love letters an die Kunst, an die Dynamik des Lebens, an den Farbenkosmos, an die lebendige Natur in ihrer ewigen Bewegung und die Mannigfaltigkeit stets wechselnder Formen.<\/p>\n\n\n\n<p>Der K\u00fcnstler, geboren 1957 in Marburg, schrieb als 18-J\u00e4hriger im Begleittext zu seiner ersten Einzelausstellung, er wolle \u201edas Wesen der abstrakten Malerei mit dem des Surrealismus verbinden\u201c. Nach nunmehr fast 50 Jahren k\u00fcnstlerischen Schaffens, beschreibt die damalige Aussage zu seinem k\u00fcnstlerischen Anliegen noch immer gut sein Bilder.<\/p>\n\n\n\n<p>In einem durch warme und kalten Farben erzeugten tiefen Bildraum, der auf den Betrachter oft wie eine Landschaft oder wie ein barocker Kirchenraum wirkt, bewegen sich dynamisch gesetzte Farbformen, die in einem langen Entstehungsprozess &#8211; scheinbar wie von alleine &#8211; eine Ordnung finden. Jedem einzelnen Bildelement gesteht der K\u00fcnstler die gr\u00f6\u00dftm\u00f6gliche Freiheit ein, in dem Glauben, dass sie wie von alleine &#8211; physikalischen Gesetzm\u00e4\u00dfigkeiten folgend &#8211; in den bildnerischen \u201eWeltlandschaften\u201c ein sich gegenseitig tolerierendes Zusammenspiel finden. Der entscheidende Input des K\u00fcnstlers in diesem Prozess, ist dabei das empathische Betrachten der schon vorhandenen Farbstrukturen, gefolgt von einer &#8222;Handschrift&#8220;, die das Gesehene \u201ebezeichnet\u201c und so das Bild durch eine zus\u00e4tzliche Bedeutungsebene f\u00fcr den Betrachter lesbar und erlebbar macht. Das Bild funktioniert dann quasi wie ein Brief&#8230;aber mit einer durch Worte nicht m\u00f6glichen \u00dcbertragung von Stimmungen&#8230;vor allem der Stimmung, dass es den einen gro\u00dfen Sinn\/Zusammenhang in der Welt geben k\u00f6nnte. Diesem ist der K\u00fcnstler \u2013 wie ein Forscher \u2013 auf der Spur. H\u00e4users Werke sind Bekenntnisse an die Dynamik des Lebens, an die Natur in ihrer ewigen Bewegung im Kreislauf stets wechselnder Formen.<\/p>\n\n\n\n<p>Zur Ausstellung erscheint ein 92seitiger Katalog, der im Foyer des Kulturhofs Flachsgasse erh\u00e4ltlich ist.<\/p>\n\n\n\n<p><em>Stadtverwaltung Speyer \/ Kulturb\u00fcro und St\u00e4dtepartnerschaften<br>06.07.2022<\/em><\/p>\n\n\n\n<h2 class=\"wp-block-heading\">Das beliebte Jazz-Festival kehrt in den Rathaushof zur\u00fcck<\/h2>\n\n\n<div class=\"wp-block-image\">\n<figure class=\"aligncenter size-full\"><img decoding=\"async\" loading=\"lazy\" width=\"800\" height=\"600\" src=\"https:\/\/speyer24news.com\/wp-content\/uploads\/2022\/07\/Jazz-Festival-Speyer.jpg\" alt=\"\" class=\"wp-image-47649\" srcset=\"https:\/\/speyer24news.com\/wp-content\/uploads\/2022\/07\/Jazz-Festival-Speyer.jpg 800w, https:\/\/speyer24news.com\/wp-content\/uploads\/2022\/07\/Jazz-Festival-Speyer-300x225.jpg 300w, https:\/\/speyer24news.com\/wp-content\/uploads\/2022\/07\/Jazz-Festival-Speyer-768x576.jpg 768w, https:\/\/speyer24news.com\/wp-content\/uploads\/2022\/07\/Jazz-Festival-Speyer-678x509.jpg 678w, https:\/\/speyer24news.com\/wp-content\/uploads\/2022\/07\/Jazz-Festival-Speyer-326x245.jpg 326w, https:\/\/speyer24news.com\/wp-content\/uploads\/2022\/07\/Jazz-Festival-Speyer-80x60.jpg 80w\" sizes=\"(max-width: 800px) 100vw, 800px\" \/><figcaption>Jazz Festival Speyer im Rathausinnenhof vom&nbsp;18.&nbsp;bis&nbsp;21.&nbsp;August&nbsp;2022.<br><em>Foto: Speyer 24\/7 News<\/em><\/figcaption><\/figure><\/div>\n\n\n<p>Nach der Absage 2020 und dem Ausflug in den Paradiesgarten 2021 kehrt das beliebte Speyerer Jazz-Festival endlich an seinen angestammten Platz zur\u00fcck \u2013 \u201eJazz im Rathaushof\u201c is back!&nbsp;Mit Torsten Zwingenbergers&nbsp;<strong>BERLIN 21 \u2013 STREETWORKERS feat. Tamir Cohen<\/strong>,&nbsp;<strong>Brenda Boykin (USA) &amp; Jan Luley Trio<\/strong>, der&nbsp;<strong>StadtJugendKapelle Speyer,&nbsp;<\/strong>dem&nbsp;<strong>Alexandra Lehmler Quartett&nbsp;<\/strong>sowie der&nbsp;<strong>Blue Bird Big Band<\/strong>&nbsp;stehen vom&nbsp;<strong>18.&nbsp;bis&nbsp;21.&nbsp;August&nbsp;2022<\/strong>&nbsp;wie gewohnt versierte Musiker*innen und exzellente Bands auf der B\u00fchne. Im Dreiklang mit der herrlichen Kulisse des historischen Rathaushofes sowie pf\u00e4lzischen Gaumenfreuden vom Restaurant Ratskeller entsteht die einzigartige Festivalatmosph\u00e4re in Speyer.<\/p>\n\n\n\n<h4 class=\"wp-block-heading\"><em>Lieblingssongs der urbanen Babyboomer Generation<\/em><\/h4>\n\n\n<div class=\"wp-block-image\">\n<figure class=\"aligncenter size-full\"><img decoding=\"async\" loading=\"lazy\" width=\"800\" height=\"533\" src=\"https:\/\/speyer24news.com\/wp-content\/uploads\/2022\/07\/Berlin-21-Streetworkers-\u00a9-Christa-Zwingenberger.jpg\" alt=\"\" class=\"wp-image-47650\" srcset=\"https:\/\/speyer24news.com\/wp-content\/uploads\/2022\/07\/Berlin-21-Streetworkers-\u00a9-Christa-Zwingenberger.jpg 800w, https:\/\/speyer24news.com\/wp-content\/uploads\/2022\/07\/Berlin-21-Streetworkers-\u00a9-Christa-Zwingenberger-300x200.jpg 300w, https:\/\/speyer24news.com\/wp-content\/uploads\/2022\/07\/Berlin-21-Streetworkers-\u00a9-Christa-Zwingenberger-768x512.jpg 768w\" sizes=\"(max-width: 800px) 100vw, 800px\" \/><figcaption>BERLIN 21 \u2013 STREETWORKERS<br><em>Foto: \u00a9 Christa Zwingenberger<\/em><\/figcaption><\/figure><\/div>\n\n\n<p>Er\u00f6ffnet wird das Festival am&nbsp;<strong>Donnerstag, 18. August um 19:30 Uhr&nbsp;<\/strong>von den&nbsp;<strong>BERLIN 21 \u2013 STREETWORKERS feat. Tamir Cohen&nbsp;<\/strong>mit vielen Lieblingssongs der urbanen Babyboomer Generation.&nbsp;&nbsp;<br>Hinter dem Namen&nbsp;<em>BERLIN 21<\/em>, dem fr\u00fcheren Postzustellcode 1000 Berlin 21 (Moabit &amp; Tiergarten), verbergen sich Torsten Zwingenberger (Schlagzeug), Lionel Haas (Piano) und Martin Lillich (Bass). Aufgrund der pandemiebedingten Auftrittsverbote entschlossen sich die drei in jenem Stadtbezirk auf \u00f6ffentlichen Pl\u00e4tzen Stra\u00dfenmusik zu machen. Dabei trafen sie den Gitarristen Alexey Wagner, mit dem sie das Projekt&nbsp;<em>BERLIN 21- STREETWORKERS<\/em>&nbsp;entwickelten und ihr Trio-Repertoire aus Eigenkompositionen um soulig-funkige bekannte St\u00fccke von Stevie Wonder, Sting, Bob Marley, den Beatles, den Yellow Jackets, Jonathan Butler u.a. erg\u00e4nzten.&nbsp; &nbsp;&nbsp;&nbsp;&nbsp;&nbsp;&nbsp;&nbsp;&nbsp;&nbsp;&nbsp;<br>Bei \u201eJazz im Rathaushof\u201c verst\u00e4rkt sich das Quartett mit der markanten und pers\u00f6nlichkeitsstarken Stimme von&nbsp;<em>Tamir Cohen<\/em>, der ebenso wie seine Kollegen schon mit verschiedensten Bands \u00fcber den Erdball tourte.<\/p>\n\n\n\n<h4 class=\"wp-block-heading\"><em>See Ya Later: Von Ellington bis Elvis \u2013 Favourites aus Blues, Swing und Gospel<\/em><\/h4>\n\n\n<div class=\"wp-block-image\">\n<figure class=\"aligncenter size-full\"><img decoding=\"async\" loading=\"lazy\" width=\"500\" height=\"711\" src=\"https:\/\/speyer24news.com\/wp-content\/uploads\/2022\/07\/Brenda-Boykin-Jan-Luley-\u00a9-Jan-Luley.jpg\" alt=\"\" class=\"wp-image-47651\" srcset=\"https:\/\/speyer24news.com\/wp-content\/uploads\/2022\/07\/Brenda-Boykin-Jan-Luley-\u00a9-Jan-Luley.jpg 500w, https:\/\/speyer24news.com\/wp-content\/uploads\/2022\/07\/Brenda-Boykin-Jan-Luley-\u00a9-Jan-Luley-211x300.jpg 211w\" sizes=\"(max-width: 500px) 100vw, 500px\" \/><figcaption>Brenda Boykin &amp; Jan Luley<br><em>Foto: \u00a9 Jan Luley<\/em><\/figcaption><\/figure><\/div>\n\n\n<p>Mit&nbsp;<strong>Brenda Boykin (USA) &amp;&nbsp;<\/strong>dem&nbsp;<strong>Jan Luley Trio&nbsp;<\/strong>d\u00fcrfen sich am&nbsp;<strong>Freitag, 19.&nbsp;August um 19:30 Uhr&nbsp;<\/strong>nicht nur eingefleischte Jazzfreunde auf ein Weltklassekonzert freuen.&nbsp;&nbsp;&nbsp;<br><em>Brenda Boykin<\/em>&nbsp;geh\u00f6rt zu den bemerkenswertesten Jazz-S\u00e4ngerinnen unserer Zeit. Ihr Stimmumfang ist au\u00dfergew\u00f6hnlich, ihre Spontaneit\u00e4t und B\u00fchnenpr\u00e4senz fesseln das Publikum von der ersten Minute an. Das aktuelle Programm zum gleichnamigen Album \u201eSee Ya Later\u201c, das von Jan Luley produziert wurde, gibt Brenda Boykin den Raum, ihre St\u00e4rken auszuspielen und entf\u00fchrt das Publikum auf eine groovige Zeitreise mit feinstem akustischen Jazz zwischen New Orleans, Memphis und New York. In diesem Spannungsfeld agiert virtuos swingend das gl\u00e4nzend aufgelegte&nbsp;<em>Trio des Pianisten Jan Luley<\/em>, setzt gospelige Akzente ebenso wie modernere Klangfarben und bietet Brenda eine breite Spielwiese f\u00fcr ihre vokalistischen Ausfl\u00fcge mit viel Raum f\u00fcr spontane musikalische Interaktivit\u00e4t.&nbsp;&nbsp; Dass Jazz, der sich auf Einfl\u00fcsse aus New Orleans beruft, heutzutage nicht zwangsl\u00e4ufig museal verstaubt klingen muss, beweist Jan Luley am Piano bei einer Vielzahl von Konzerten stets aufs Neue. Er haucht dem klassischen Jazz der ersten Jahrzehnte der Jazzgeschichte eine unersch\u00f6pfliche Vitalit\u00e4t ein, die er aus vielf\u00e4ltigen harmonischen und rhythmischen Varianten formt. Am Kontrabass spielt Paul G. Ulrich, langj\u00e4hriger musikalischer Weggef\u00e4hrte von Altmeister Paul Kuhn in dessen Trio. Tobias Schirmer, der schon als Jugendlicher verschiedene Auszeichnungen f\u00fcr sein differenziertes und \u00e4u\u00dferst vielseitiges Schlagzeugspiel erhielt, ist das rhythmische Herz der Formation.<\/p>\n\n\n\n<h4 class=\"wp-block-heading\"><em>Bunte Mischung aus Pop-, Rock- und Jazzmusik<\/em><\/h4>\n\n\n<div class=\"wp-block-image\">\n<figure class=\"aligncenter size-full\"><img decoding=\"async\" loading=\"lazy\" width=\"800\" height=\"533\" src=\"https:\/\/speyer24news.com\/wp-content\/uploads\/2022\/07\/StadtJugendKapelle-\u00a9-StadtJugendKapelle.jpg\" alt=\"\" class=\"wp-image-47652\" srcset=\"https:\/\/speyer24news.com\/wp-content\/uploads\/2022\/07\/StadtJugendKapelle-\u00a9-StadtJugendKapelle.jpg 800w, https:\/\/speyer24news.com\/wp-content\/uploads\/2022\/07\/StadtJugendKapelle-\u00a9-StadtJugendKapelle-300x200.jpg 300w, https:\/\/speyer24news.com\/wp-content\/uploads\/2022\/07\/StadtJugendKapelle-\u00a9-StadtJugendKapelle-768x512.jpg 768w\" sizes=\"(max-width: 800px) 100vw, 800px\" \/><figcaption>StadtJugendKapelle Speyer <br><em>Foto: \u00a9 StadtJugendKapelle<\/em><\/figcaption><\/figure><\/div>\n\n\n<p>Auch die Breiten- und Laienkultur bekommt nach der langen pandemiebedingten Pause endlich wieder eine B\u00fchne: am&nbsp;<strong>Samstag, 20. August,&nbsp;<\/strong>treten&nbsp;<strong>ab 11:30&nbsp;Uhr&nbsp;<\/strong>die \u00fcber 40 Musikerinnen und Musiker der<strong>&nbsp;StadtJugendKapelle Speyer<\/strong>&nbsp;im Rathausinnenhof auf. Das junge und modern aufspielende Blasorchester unter der Leitung von Tobias Schmitt \u00fcberzeugt mit einer Mischung aus Pop-, Rock- und Jazzmusik, aber auch konzertante St\u00fccke aus der Film- und Musical-Welt kommen nicht zu kurz. Neben Querfl\u00f6te, Klarinette, Saxophon, Trompete und Posaune, macht vor allem die starke Rhythmusgruppe den besonderen Sound des Speyerer Eigengew\u00e4chses aus.<\/p>\n\n\n\n<h4 class=\"wp-block-heading\"><em>\u201eSans mots\u201c: feurig, energisch, wandlungsf\u00e4hig, mit vollem Herzen gebunden an die Sinnlichkeit von Groove und Melodie<\/em><\/h4>\n\n\n<div class=\"wp-block-image\">\n<figure class=\"aligncenter size-full\"><img decoding=\"async\" loading=\"lazy\" width=\"800\" height=\"534\" src=\"https:\/\/speyer24news.com\/wp-content\/uploads\/2022\/07\/Alexandra-Lehmler-\u00a9-Alexandra-Lehmler.jpg\" alt=\"\" class=\"wp-image-47653\" srcset=\"https:\/\/speyer24news.com\/wp-content\/uploads\/2022\/07\/Alexandra-Lehmler-\u00a9-Alexandra-Lehmler.jpg 800w, https:\/\/speyer24news.com\/wp-content\/uploads\/2022\/07\/Alexandra-Lehmler-\u00a9-Alexandra-Lehmler-300x200.jpg 300w, https:\/\/speyer24news.com\/wp-content\/uploads\/2022\/07\/Alexandra-Lehmler-\u00a9-Alexandra-Lehmler-768x513.jpg 768w\" sizes=\"(max-width: 800px) 100vw, 800px\" \/><figcaption>Alexandra Lehmler<br><em>Foto: \u00a9 Alexandra Lehmler<\/em><\/figcaption><\/figure><\/div>\n\n\n<p>Mit \u201eSans mots\u201c hat die mehrfach preisgekr\u00f6nte Saxophonistin&nbsp;<strong>Alexandra Lehmler<\/strong>&nbsp;neben ihrem&nbsp;<strong>Quartett<\/strong>&nbsp;am&nbsp;<strong>Samstag, 20. August&nbsp;<\/strong>um<strong>&nbsp;19:30 Uhr<\/strong>&nbsp;ihre siebte Ver\u00f6ffentlichung unter eigenem Namen im Gep\u00e4ck. &nbsp;&nbsp;&nbsp;&nbsp;&nbsp;&nbsp;<br>Stets ehrlich und von Herzen kommend ist Lehmlers Musik eine Mischung aus eing\u00e4ngigen Melodien und vertrakten Rhythmen, viel Energie und extatischen Soli. Als brillante \u00dcberzeugungst\u00e4terin mit dem Hang zum Besonderen schafft sie eine sehr pers\u00f6nliche Balance zwischen Leidenschaft und Ausdruckswillen einerseits und der Sinnlichkeit von Groove und Melodie. Selbstverst\u00e4ndlich und selbstbewusst verwendet sie Motive aus der Weltmusik und bewegt sich mit gleicher \u00dcberzeugung in minimalistischen oder elektrifizierten Klanglandschaften, die auch einmal d\u00fcster und rockig werden k\u00f6nnen, was ihrem Ideal von m\u00f6glichst gro\u00dfer stilistischer Offenheit entspricht. Und daran haben alle Musiker ihres europ\u00e4isch besetzten Quartetts ihren Anteil: w\u00e4hrend der franz\u00f6sische Schlagzeuger Patrice H\u00e9ral die Grenzen zwischen Groove und Swing aufl\u00f6st, das eine Mal den Backbeat rocken l\u00e4sst und an anderer Stelle in einen eleganten Swing verf\u00e4llt, der sich auch von ungeraden Taktarten nicht aus dem Konzept bringen l\u00e4sst und zwischendurch als Vokalk\u00fcnstler am Digitaldelay eine erdige Note einbringt, verfl\u00fcssigt der weiche Klang des italienischen Gitarristen Federico Casagrande die harmonischen R\u00e4ume und \u00f6ffnet ungeahnte M\u00f6glichkeiten f\u00fcr Lehmlers Spiel mit den Potentialen der Melodie. Der in Speyer geborene Matthias Debus am Bass ist der verl\u00e4ssliche Partner an Lehmlers Seite, l\u00e4sst sich durch nichts aus der Ruhe bringen und bereichert den Bandklang durch die ein oder andere gesungene Linie.<strong><em><\/em><\/strong><\/p>\n\n\n\n<h4 class=\"wp-block-heading\"><em>Swing, Jazz und gute Laune<\/em><\/h4>\n\n\n<div class=\"wp-block-image\">\n<figure class=\"aligncenter size-full\"><img decoding=\"async\" loading=\"lazy\" width=\"800\" height=\"474\" src=\"https:\/\/speyer24news.com\/wp-content\/uploads\/2022\/07\/Blue-Bird-Big-Band-\u00a9-Klaus-Gehrlein.jpg\" alt=\"\" class=\"wp-image-47654\" srcset=\"https:\/\/speyer24news.com\/wp-content\/uploads\/2022\/07\/Blue-Bird-Big-Band-\u00a9-Klaus-Gehrlein.jpg 800w, https:\/\/speyer24news.com\/wp-content\/uploads\/2022\/07\/Blue-Bird-Big-Band-\u00a9-Klaus-Gehrlein-300x178.jpg 300w, https:\/\/speyer24news.com\/wp-content\/uploads\/2022\/07\/Blue-Bird-Big-Band-\u00a9-Klaus-Gehrlein-768x455.jpg 768w\" sizes=\"(max-width: 800px) 100vw, 800px\" \/><figcaption>Blue Bird Big Band<br><em>Foto: \u00a9 Klaus Gehrlein<\/em><\/figcaption><\/figure><\/div>\n\n\n<p>Mit einem weiteren Heimspiel und der&nbsp;<strong>Blue Bird Big Band&nbsp;<\/strong>klingt das Festival am&nbsp;<strong>Sonntag, 21. August&nbsp;<\/strong>ab&nbsp;<strong>11:30 Uhr<\/strong>&nbsp;aus. Die Jazz-Big-Band der st\u00e4dtischen Musikschule unter der Leitung von Klaus Gehrlein umfasst rund 20 Musiker*innen aller Altersstufen und ist gepr\u00e4gt vom Spa\u00df an der Musik. Entsprechend vielf\u00e4ltig ist auch das Repertoire: der musikalische Bogen spannt sich von Duke Ellington&#8217;s und Count Basie&#8217;s Swing der 40er-Jahre \u00fcber Charlie Parker und Dizzy Gillespie bis hin zu neuzeitlichen Komponisten wie Chick Corea, Herbie Hancock und Peter Herbolzheimer.<\/p>\n\n\n\n<p>Die Eintrittskarten f\u00fcr die Abendkonzerte kosten \u20ac 15,00 (erm\u00e4\u00dfigt \u20ac&nbsp;13,00) bzw. \u20ac&nbsp;38,00 im Abonnement und sind bei der Tourist-Information Speyer, Maximilianstra\u00dfe 13, Tel. 06232\/14-2392 sowie allen anderen Reservix-Vorverkaufsstellen oder unter&nbsp;<a href=\"https:\/\/deref-web.de\/mail\/client\/iOxLwbwI2X8\/dereferrer\/?redirectUrl=http%3A%2F%2Fwww.reservix.de\" target=\"_blank\" rel=\"noreferrer noopener\">www.reservix.de<\/a>&nbsp;erh\u00e4ltlich. Der Eintritt zu den Konzerten am Samstag- und Sonntagmittag ist frei.<strong><\/strong><\/p>\n\n\n\n<h3 class=\"wp-block-heading\">Die Konzerte im \u00dcberblick:<\/h3>\n\n\n\n<ul><li><strong>BERLIN 21 \u2013 STREETWORKERS feat. Tamir Cohen<\/strong><\/li><li><strong>Donnerstag, 18. August 2022, 19:30 Uhr<br><\/strong>Open-Air im Rathausinnenhof, Maximilianstra\u00dfe 12<\/li><li>Eintritt: 15 \u20ac (erm\u00e4\u00dfigt 13 \u20ac)<\/li><li>Lionel Haas (Piano)<\/li><li>Martin Lillich (Bass)<\/li><li>Alexey Wagner Gitarre)<\/li><li>Torsten Zwingenberger (Schlagzeug)<\/li><li>Tamir Cohen (Gesang)<\/li><\/ul>\n\n\n\n<ul><li><strong>Jan Luley Trio feat. Brenda Boykin (USA)&nbsp;&nbsp;&nbsp;&nbsp;&nbsp;&nbsp;&nbsp;&nbsp;&nbsp;&nbsp;&nbsp;<br><em>See Ya Later: Von Ellington bis Elvis \u2013 Favourites aus Blues, Swing und Gospel<br><\/em>Freitag, 19. August 2022, 19:30 Uhr&nbsp;&nbsp;&nbsp;&nbsp;&nbsp;&nbsp;<br><\/strong>Open-Air im Rathausinnenhof, Maximilianstra\u00dfe 12<\/li><li>Eintritt: 15 \u20ac (erm\u00e4\u00dfigt 13 \u20ac)<\/li><li>Brenda Boykin (Gesang)<\/li><li>Jan Luley (Piano)<\/li><li>Paul G. Ulrich (Kontrabass)<\/li><li>Tobias Schirmer (Schlagzeug)<\/li><\/ul>\n\n\n\n<ul><li><strong>StadtJugendKapelle Speyer<\/strong><\/li><li><strong>Samstag, 20. August 2022, 11:30 Uhr<\/strong><\/li><li>Open-Air im Rathausinnenhof, Maximilianstra\u00dfe 12<\/li><li>Eintritt frei<\/li><li>Tobias Schmitt (Leitung)<\/li><\/ul>\n\n\n\n<ul><li><strong>Alexandra Lehmler Quartett \u201esans mot\u201c<\/strong><\/li><li><strong>Samstag, 20. August 2022, 19:30 Uhr&nbsp;&nbsp;&nbsp;<br><\/strong>Open-Air im Rathausinnenhof, Maximilianstra\u00dfe 12<\/li><li>Eintritt: 15 \u20ac (erm\u00e4\u00dfigt 13 \u20ac)<\/li><li>Alexandra Lehmler (Saxophon)<\/li><li>Frederico Casagrande (Gitarre)<\/li><li>Patrice H\u00e9ral (Schlagzeug)<\/li><li>Matthias Debus (Kontrabass)<\/li><\/ul>\n\n\n\n<ul><li><strong><em>Blue Bird Big Band&nbsp;&nbsp;&nbsp;&nbsp;&nbsp;&nbsp;&nbsp;&nbsp;&nbsp;<br><\/em>Sonntag, 21.&nbsp;August 2022, 11:30 Uhr&nbsp;&nbsp;&nbsp;&nbsp;<br><\/strong>Open-Air im Rathausinnenhof, Maximilianstra\u00dfe 12<\/li><li>Eintritt frei<\/li><li>Klaus Gehrlein (Leitung)<\/li><\/ul>\n\n\n\n<p><em>Text: Stadtverwaltung Speyer \/ Kulturb\u00fcro und St\u00e4dtepartnerschaften Foto: (1) Speyer 24\/7 News; (2) \u00a9 Christa Zwingenberger; (3) \u00a9 Jan Luley; (4) \u00a9 StadtJugendKapelle; (5) \u00a9 Alexandra Lehmler; (6) \u00a9 Klaus Gehrlein<br>15.06.2022<\/em><\/p>\n\n\n\n<h2 class=\"has-text-align-center wp-block-heading\">Technik Museum Speyer \/ Sinsheim<\/h2>\n\n\n<div class=\"wp-block-image\">\n<figure class=\"aligncenter size-full\"><img decoding=\"async\" loading=\"lazy\" width=\"600\" height=\"194\" src=\"https:\/\/speyer24news.com\/wp-content\/uploads\/2021\/03\/Technik-Museum-40-Jahre-Logo.png\" alt=\"\" class=\"wp-image-33809\" srcset=\"https:\/\/speyer24news.com\/wp-content\/uploads\/2021\/03\/Technik-Museum-40-Jahre-Logo.png 600w, https:\/\/speyer24news.com\/wp-content\/uploads\/2021\/03\/Technik-Museum-40-Jahre-Logo-300x97.png 300w\" sizes=\"(max-width: 600px) 100vw, 600px\" \/><\/figure><\/div>\n\n\n<h2 class=\"wp-block-heading\">V8-Motoren, BBQ<em>&nbsp;und&nbsp;<\/em>Rock&nbsp;\u2019n\u2019&nbsp;Roll<\/h2>\n\n\n\n<h3 class=\"wp-block-heading\">US-Car Treffen im Technik Museum Sinsheim geht in die elfte Runde<\/h3>\n\n\n<div class=\"wp-block-image\">\n<figure class=\"aligncenter size-full\"><img decoding=\"async\" loading=\"lazy\" width=\"800\" height=\"533\" src=\"https:\/\/speyer24news.com\/wp-content\/uploads\/2022\/07\/Am-6_-und-7_-August-rollen-die-Strassenkreuzer-zum-US-Car-Treffen-ins-Technik-Museum-Sinsheim.jpg\" alt=\"\" class=\"wp-image-47634\" srcset=\"https:\/\/speyer24news.com\/wp-content\/uploads\/2022\/07\/Am-6_-und-7_-August-rollen-die-Strassenkreuzer-zum-US-Car-Treffen-ins-Technik-Museum-Sinsheim.jpg 800w, https:\/\/speyer24news.com\/wp-content\/uploads\/2022\/07\/Am-6_-und-7_-August-rollen-die-Strassenkreuzer-zum-US-Car-Treffen-ins-Technik-Museum-Sinsheim-300x200.jpg 300w, https:\/\/speyer24news.com\/wp-content\/uploads\/2022\/07\/Am-6_-und-7_-August-rollen-die-Strassenkreuzer-zum-US-Car-Treffen-ins-Technik-Museum-Sinsheim-768x512.jpg 768w\" sizes=\"(max-width: 800px) 100vw, 800px\" \/><figcaption>Am ersten Augustwochenende rollen die prachtvollen Stra\u00dfenkreuzer auf das<br>Gel\u00e4nde des Technik Museum Sinsheim.<br><em>Foto: TMSNH 2022<\/em><\/figcaption><\/figure><\/div>\n\n\n<p><strong>Sinsheim<\/strong> &#8211; Am 6. und 7. August 2022 findet im Technik Museum Sinsheim das mittlerweile legend\u00e4re US-Car Treffen statt. Von 9 bis 18 Uhr rollen Old- und Youngtimer, Kuriosit\u00e4ten sowie aktuelle Modelle mit ihrem unverkennbaren V8-Motorensound auf das gro\u00dfz\u00fcgige Gel\u00e4nde. Live-Acts und stilechtes BBQ runden das Angebot ab. Informationen zum elften US-Car Treffen und Anmeldem\u00f6glichkeiten sind unter&nbsp;<a href=\"https:\/\/deref-web.de\/mail\/client\/edzZsTFWOAk\/dereferrer\/?redirectUrl=http%3A%2F%2Fwww.technik-museum.de%2Fus-car\" target=\"_blank\" rel=\"noreferrer noopener\">www.technik-museum.de\/us-car<\/a>&nbsp;zu finden. Der Zugang zur Veranstaltung ist kostenlos.<\/p>\n\n\n\n<p>Auch dieses Jahr erwarten die Organisatoren hunderte pr\u00e4chtige Stra\u00dfenkreuzer, faszinierende Restaurierungen und Umbauten sowie vor Kraft strotzenden Boliden der Neuzeit aus Deutschland und dem angrenzenden Ausland. Der Innenhof des Museums ist f\u00fcr die klassischen Heckflossen-Riesen bis Baujahr 1992, US-Rats, Customs und Hot Rods reserviert. Die Au\u00dfenfl\u00e4che P2 ist f\u00fcr alle Fahrzeuge bis Baujahr 2002, inklusive US-Rats, Customs und Hot Rods, P3 f\u00fcr alle New- und Muscle-Cars angedacht.&nbsp;Vor einzigartiger Kulisse haben die Teilnehmer die M\u00f6glichkeit ihre Fahrzeuge den interessierten Museumsbesuchern zu pr\u00e4sentieren und sich mit Gleichgesinnten auszutauschen.<\/p>\n\n\n<div class=\"wp-block-image\">\n<figure class=\"aligncenter size-full\"><img decoding=\"async\" loading=\"lazy\" width=\"800\" height=\"533\" src=\"https:\/\/speyer24news.com\/wp-content\/uploads\/2022\/07\/Die-leistungsstarken-Muscle-Cars-duerfen-beim-US-Car-Treffen-in-Sinsheim-nicht-fehlen_.jpg\" alt=\"\" class=\"wp-image-47635\" srcset=\"https:\/\/speyer24news.com\/wp-content\/uploads\/2022\/07\/Die-leistungsstarken-Muscle-Cars-duerfen-beim-US-Car-Treffen-in-Sinsheim-nicht-fehlen_.jpg 800w, https:\/\/speyer24news.com\/wp-content\/uploads\/2022\/07\/Die-leistungsstarken-Muscle-Cars-duerfen-beim-US-Car-Treffen-in-Sinsheim-nicht-fehlen_-300x200.jpg 300w, https:\/\/speyer24news.com\/wp-content\/uploads\/2022\/07\/Die-leistungsstarken-Muscle-Cars-duerfen-beim-US-Car-Treffen-in-Sinsheim-nicht-fehlen_-768x512.jpg 768w\" sizes=\"(max-width: 800px) 100vw, 800px\" \/><figcaption>Die leistungsstarken Muscle Cars d\u00fcrfen beim US-Car Treffen in Sinsheim nicht fehlen.<br><em>Foto: TMSNH 2022<\/em><\/figcaption><\/figure><\/div>\n\n\n<p>Neben den Fahrzeugen aus US-amerikanischer Produktion gibt es an diesem Wochenende ein abwechslungsreiches Programm: Ein Tattoo-Studio, Live-Bands, Fahrzeugpr\u00e4mierungen sowie eine bunte H\u00e4ndlermeile. Das Gastroteam bietet Speisen vom Grill an, am Samstag sogar bis in den Abend hinein. Bei einem BBQ und k\u00fchlen Getr\u00e4nken k\u00f6nnen sowohl die Besucher als auch die Teilnehmer den Abend ausklingen lassen.<\/p>\n\n\n\n<p>Wer das Treffen besucht, sollte auch einen Blick in den US-Car-Ausstellungsbereich des Technik Museum Sinsheim werfen. Vor vier Jahren wurde die beliebte Sammlung amerikanischer Traumwagen, die American Dream Cars Collection, neu er\u00f6ffnet. Auf \u00fcber 1.500 m\u00b2 gibt es die letzten 100 Jahre amerikanischer Automobilgeschichte zu erleben: Von den 20er Jahren bis in die Neuzeit, vom Dirt Track Race bis zum Glamour der 50er Jahre und noch vieles mehr.<\/p>\n\n\n\n<p><em>Technik Museum Sinsheim<br>27.07.2022<\/em><\/p>\n\n\n\n<h2 class=\"wp-block-heading\">134 Jahre Frau am Steuer<\/h2>\n\n\n\n<h3 class=\"wp-block-heading\">Technik Museum Sinsheim ist Start und Ziel der diesj\u00e4hrigen Bertha Benz Fahrt<\/h3>\n\n\n<div class=\"wp-block-image\">\n<figure class=\"aligncenter size-full\"><img decoding=\"async\" loading=\"lazy\" width=\"800\" height=\"427\" src=\"https:\/\/speyer24news.com\/wp-content\/uploads\/2022\/07\/Bertha-Benz-Fahrt-2022.jpg\" alt=\"\" class=\"wp-image-47636\" srcset=\"https:\/\/speyer24news.com\/wp-content\/uploads\/2022\/07\/Bertha-Benz-Fahrt-2022.jpg 800w, https:\/\/speyer24news.com\/wp-content\/uploads\/2022\/07\/Bertha-Benz-Fahrt-2022-300x160.jpg 300w, https:\/\/speyer24news.com\/wp-content\/uploads\/2022\/07\/Bertha-Benz-Fahrt-2022-768x410.jpg 768w\" sizes=\"(max-width: 800px) 100vw, 800px\" \/><\/figure><\/div>\n\n\n<p><strong>Sinsheim &#8211;&nbsp;<\/strong>Es ist Anfang August 1888 als Bertha Benz die erste Fernfahrt der Automobil-Geschichte unternimmt. Im Patent-Motorwagen, von ihrem Mann Carl Benz konstruiert, f\u00e4hrt sie gemeinsam mit ihren beiden S\u00f6hnen von Mannheim nach Pforzheim. Die Bertha Benz Fahrt, organisiert vom Allgemeinen Schnauferl-Club, w\u00fcrdigt und erinnert an dieses historische Ereignis. 2022 findet die Ausfahrt vom 28. bis 31. Juli rund um das Technik Museum Sinsheim statt.<\/p>\n\n\n<div class=\"wp-block-image\">\n<figure class=\"aligncenter size-full\"><img decoding=\"async\" loading=\"lazy\" width=\"800\" height=\"533\" src=\"https:\/\/speyer24news.com\/wp-content\/uploads\/2022\/07\/40-historische-Fahrzeuge-sind-dieses-Jahr-mit-dabei_-So-auch-dieser-Leon-Buat-von-1903_-Quelle-ASC.jpg\" alt=\"\" class=\"wp-image-47637\" srcset=\"https:\/\/speyer24news.com\/wp-content\/uploads\/2022\/07\/40-historische-Fahrzeuge-sind-dieses-Jahr-mit-dabei_-So-auch-dieser-Leon-Buat-von-1903_-Quelle-ASC.jpg 800w, https:\/\/speyer24news.com\/wp-content\/uploads\/2022\/07\/40-historische-Fahrzeuge-sind-dieses-Jahr-mit-dabei_-So-auch-dieser-Leon-Buat-von-1903_-Quelle-ASC-300x200.jpg 300w, https:\/\/speyer24news.com\/wp-content\/uploads\/2022\/07\/40-historische-Fahrzeuge-sind-dieses-Jahr-mit-dabei_-So-auch-dieser-Leon-Buat-von-1903_-Quelle-ASC-768x512.jpg 768w\" sizes=\"(max-width: 800px) 100vw, 800px\" \/><figcaption>Ende Juli 2022 f\u00e4llt der Startschuss der Bertha Benz Fahrt im Technik Museum Sinsheim.<br><em>Foto: ASC<\/em><\/figcaption><\/figure><\/div>\n\n\n<p>Die Museumsbesucher haben an diesen Tagen die einmalige Gelegenheit, 40 beeindruckend seltene Fahrzeuge aller Fabrikate bis einschlie\u00dflich Baujahr 1930 live zu erleben \u2013 zum Beispiel den noch sehr gut erhaltenen Benz 14,30 von 1909, den nicht zu \u00fcbersehenden Loreley Typ L4A von 1913 oder aber den seltenen Steyr Typ VII aus dem Jahre 1926. Dabei ist ein Benz Velo von 1896 mit gerade einmal vier PS der \u00e4lteste Teilnehmer. Die motorisierten Veteranen entsprechen einem technischen Reglement in Bezug auf Originalit\u00e4t, Restaurierung und Sicherheit. \u201eEs ist uns eine Ehre, dass dieses bedeutende Event seinen Weg zu uns ins Museum gefunden hat. Ich freue mich darauf, die Fahrzeuge bei uns live erleben zu k\u00f6nnen\u201c, so Museumspr\u00e4sident Hermann Layher. Bereits am Donnerstag, 28. Juli, treffen die Fahrzeuge ab 12 Uhr nach und nach auf dem Museumsgel\u00e4nde zu F\u00fc\u00dfen der Concorde und Tupolev Tu-144 ein. An den eigentlichen Ausfahrttagen (Freitag, und Samstag, 29. und 30. Juli) werden die Oldtimer ab 15 Uhr im Innenhof pr\u00e4sentiert. \u201eDie Bertha Benz Fahrt wird erstmals ihre Zelte im Technik Museum Sinsheim aufschlagen. Hier liegt alles beieinander: M\u00f6glichkeit zur Fahrzeug- und Anh\u00e4ngerabstellung, \u00dcbernachtungsm\u00f6glichkeiten im dazugeh\u00f6rigen Hotel Sinsheim sowie die Gastronomie. Das Museums-Team wird uns dabei tatkr\u00e4ftig unterst\u00fctzen, dieses Oldtimer-Event in der Region zu etablieren\u201c, ist Organisator Wolfgang Presinger vom Allgemeinen Schnauferl-Club (ASC) \u00fcberzeugt.<\/p>\n\n\n<div class=\"wp-block-image\">\n<figure class=\"aligncenter size-full\"><img decoding=\"async\" loading=\"lazy\" width=\"800\" height=\"534\" src=\"https:\/\/speyer24news.com\/wp-content\/uploads\/2022\/07\/Ende-Juli-2022-faellt-der-Startschuss-der-Bertha-Benz-Fahrt-im-Technik-Museum-Sinsheim_-Quelle-ASC.jpg\" alt=\"\" class=\"wp-image-47638\" srcset=\"https:\/\/speyer24news.com\/wp-content\/uploads\/2022\/07\/Ende-Juli-2022-faellt-der-Startschuss-der-Bertha-Benz-Fahrt-im-Technik-Museum-Sinsheim_-Quelle-ASC.jpg 800w, https:\/\/speyer24news.com\/wp-content\/uploads\/2022\/07\/Ende-Juli-2022-faellt-der-Startschuss-der-Bertha-Benz-Fahrt-im-Technik-Museum-Sinsheim_-Quelle-ASC-300x200.jpg 300w, https:\/\/speyer24news.com\/wp-content\/uploads\/2022\/07\/Ende-Juli-2022-faellt-der-Startschuss-der-Bertha-Benz-Fahrt-im-Technik-Museum-Sinsheim_-Quelle-ASC-768x513.jpg 768w\" sizes=\"(max-width: 800px) 100vw, 800px\" \/><figcaption>40 historische Fahrzeuge sind dieses Jahr mit dabei. So auch dieser Leon Buat von 1903. <br><em>Foto: ASC<\/em><\/figcaption><\/figure><\/div>\n\n\n<p>Wurde die Rallye zuvor vom Freund und Mitglied des Technik Museum Sinsheim, Winfried Seidel mit seinem ber\u00fchmten Automuseum Dr. Carl Benz aus Ladenburg, sowie dem ASC ausgerichtet,&nbsp;wird die Organisation ab sofort in die H\u00e4nde von Wolfgang Presinger gelegt.&nbsp;Winfried Seidel hat sich nach fast 40 Jahren als Mitveranstalter zur\u00fcckgezogen. Ein guter Zeitpunkt, um das Veranstaltungskonzept&nbsp;f\u00fcr die Zukunft zu \u00e4ndern. So ist es das erste Mal seit Beginn der Bertha Benz Fahrt in den 1960er Jahren, dass die Route ge\u00e4ndert wurde.&nbsp;Der Startpunkt Mannheim scheidet inzwischen wegen zu hohem Verkehrsaufkommen aus. Das Technik Museum Sinsheim wird jetzt der Veranstaltung eine neue Heimat geben.<\/p>\n\n\n\n<p>\u201eWir wollen entschleunigtes Fahren in landschaftlich attraktiven Regionen mit freundschaftlichen Begegnungen in Schnauferlkreisen verbinden\u201c, erkl\u00e4rt Presinger das neue Konzept. Die Strecke f\u00fchrt die Teilnehmer mehr in die Region, in der die Automobilpionierin lebte und wirkte: Am Freitag und Samstag geht es f\u00fcr die r\u00fcstigen Oldtimer ca. 100 Kilometer pro Tag in den Kraichgau und s\u00fcdlichen Odenwald hinaus. Die n\u00e4chste Ausfahrt soll 2024 stattfinden.<\/p>\n\n\n\n<p><em>Text: Technik Museum Sinsheim Foto: Allgemeinen Schnauferl-Club<br>26.07.2022<\/em><\/p>\n\n\n\n<h2 class=\"wp-block-heading\">OLYMPIA-RALLYE\u201972 REVIVAL &#8211; Die Vorfreude steigt<\/h2>\n\n\n\n<h3 class=\"wp-block-heading\">Station am 11. August beim Technik Museum Speyer<\/h3>\n\n\n<div class=\"wp-block-image\">\n<figure class=\"aligncenter size-full\"><img decoding=\"async\" loading=\"lazy\" width=\"800\" height=\"558\" src=\"https:\/\/speyer24news.com\/wp-content\/uploads\/2022\/07\/Olympia-Ralley-72-kombi.jpg\" alt=\"\" class=\"wp-image-47640\" srcset=\"https:\/\/speyer24news.com\/wp-content\/uploads\/2022\/07\/Olympia-Ralley-72-kombi.jpg 800w, https:\/\/speyer24news.com\/wp-content\/uploads\/2022\/07\/Olympia-Ralley-72-kombi-300x209.jpg 300w, https:\/\/speyer24news.com\/wp-content\/uploads\/2022\/07\/Olympia-Ralley-72-kombi-768x536.jpg 768w\" sizes=\"(max-width: 800px) 100vw, 800px\" \/><\/figure><\/div>\n\n\n<p><strong>Speyer &#8211; <\/strong>Passend zum 50. Jubil\u00e4um findet vom 8. bis 13. August 2022 eine Revival-Veranstaltung der Olympia-Rallye statt. Es war das Jahr 1972, als eine der gr\u00f6\u00dften Rallye-Veranstaltungen Deutschlands stattfand. Die Olympia-Rallye f\u00fchrte Europas beste Rallye-Sportler zusammen und legte den Grundstein f\u00fcr die unvergessliche Karriere von Walter R\u00f6hrl. \u00dcber insgesamt 3.400 km ging es damals von Kiel bis M\u00fcnchen. Und auch heute, 50 Jahre sp\u00e4ter, z\u00e4hlt diese Rallye immer noch zu einem Meilenstein der Motorsportgeschichte.<\/p>\n\n\n<div class=\"wp-block-image\">\n<figure class=\"aligncenter size-full\"><img decoding=\"async\" loading=\"lazy\" width=\"800\" height=\"531\" src=\"https:\/\/speyer24news.com\/wp-content\/uploads\/2022\/07\/OlympiaRevival22_Originalfoto_Foto-by-Wilhelm-Mester.jpg\" alt=\"\" class=\"wp-image-47641\" srcset=\"https:\/\/speyer24news.com\/wp-content\/uploads\/2022\/07\/OlympiaRevival22_Originalfoto_Foto-by-Wilhelm-Mester.jpg 800w, https:\/\/speyer24news.com\/wp-content\/uploads\/2022\/07\/OlympiaRevival22_Originalfoto_Foto-by-Wilhelm-Mester-300x199.jpg 300w, https:\/\/speyer24news.com\/wp-content\/uploads\/2022\/07\/OlympiaRevival22_Originalfoto_Foto-by-Wilhelm-Mester-768x510.jpg 768w\" sizes=\"(max-width: 800px) 100vw, 800px\" \/><figcaption>OlympiaRevival72 <br><em>Originalfoto: Wilhelm Mester<\/em><\/figcaption><\/figure><\/div>\n\n\n<p>197 Fahrzeuge starten in Kiel und beenden die Tour, wie beim Vorbild, in M\u00fcnchen. Die Veranstaltung macht nach jeder der sechs Tagesetappen in einer anderen Stadt Station. Nach der mit 450 Kilometern l\u00e4ngsten Tages-Etappe treffen die teilnehmenden Fahrzeuge am 11. August ab ca. 17.30 Uhr auf dem Gel\u00e4nde des Technik Museum Speyer ein. Dort steht die Pr\u00fcfung \u201e24 Sekunden von Speyer\u201c auf dem Programm. Dabei ist eine Strecke von 150 Metern in genau 24 Sekunden zu absolvieren. F\u00fcr jede hundertstel Sekunde Abweichung von dieser Vorgabe erhalten die Teams Strafpunkte. Motorsportfans k\u00f6nnen bei dem sportlichen Wettbewerb live dabei sein, der Eintritt zum Veranstaltungsgel\u00e4nde ist frei. Im Anschluss werden die Teilnehmerfahrzeuge ausgestellt. Die Rallye-Oldies sind dabei sicherlich begehrte Fotomotive und die Teilnehmer, wie z.B. Olympia-Rallye-Ikone und Doppel-Weltmeister Walter R\u00f6hrl, stehen f\u00fcr \u201eBenzingespr\u00e4che\u201c und Autogramme gerne zur Verf\u00fcgung.<\/p>\n\n\n<div class=\"wp-block-image\">\n<figure class=\"aligncenter size-full\"><img decoding=\"async\" loading=\"lazy\" width=\"800\" height=\"533\" src=\"https:\/\/speyer24news.com\/wp-content\/uploads\/2022\/07\/Quelle-OLYMPIA-RALLYE72-MOTORWORLD-REVIVAL-2022.jpg\" alt=\"\" class=\"wp-image-47642\" srcset=\"https:\/\/speyer24news.com\/wp-content\/uploads\/2022\/07\/Quelle-OLYMPIA-RALLYE72-MOTORWORLD-REVIVAL-2022.jpg 800w, https:\/\/speyer24news.com\/wp-content\/uploads\/2022\/07\/Quelle-OLYMPIA-RALLYE72-MOTORWORLD-REVIVAL-2022-300x200.jpg 300w, https:\/\/speyer24news.com\/wp-content\/uploads\/2022\/07\/Quelle-OLYMPIA-RALLYE72-MOTORWORLD-REVIVAL-2022-768x512.jpg 768w\" sizes=\"(max-width: 800px) 100vw, 800px\" \/><\/figure><\/div>\n\n\n<p>Das Teilnehmerfeld kommt aus acht Nationen und setzt sich zusammen aus 44 verschiedenen Fahrzeug-Marken und sagenhaften 175 verschiedenen Fahrzeugtypen. Das d\u00fcrfte die gr\u00f6\u00dfte jemals da gewesene Artenvielfalt bei einer Oldtimer-Rallye sein. Den Anfang machen die 53 Fahrzeuge der Rallye-Autos aus dem Zeitraum von 1950 bis 1972, dann folgt die Gruppe der Rallye-Fahrzeuge der \u00c4ra nach der Olympia-Rallye von 1973 bis 1990. Dazwischen startet die Truppe \u201eWalter R\u00f6hrl &amp; Friends\u201c, in der einige prominente Piloten mit immer wechselnden &nbsp;Fahrzeugen unterwegs sind. Allein Walter R\u00f6hrl pilotiert im Laufe des Revivals 10 verschiedene Fahrzeuge. Nach den Rallye-Autos folgt der e-fuel-Praxistest des ADAC mit einem VW T1 Stra\u00dfenwacht-Transporter aus dem Jahr 1964. Danach kommen die wundersch\u00f6nen Oldtimer der Wertungsklassen 3 und 4 (Oldtimer 1950 bis 1990) bis zur Startnummer 298.&nbsp;Die Fans entlang der Strecken k\u00f6nnen sich auf ein sehenswertes Teilnehmerfeld freuen.<\/p>\n\n\n\n<p>Der genaue Streckenverlauf mit den Durchlaufzeiten des jeweils ersten Fahrzeuges in den verschiedenen Ortschaften wird ab 01.08.2022 auf der Website&nbsp;<a href=\"https:\/\/deref-web.de\/mail\/client\/xBTuYk9fYrA\/dereferrer\/?redirectUrl=http%3A%2F%2Fwww.olympiarallye72.com\" target=\"_blank\" rel=\"noreferrer noopener\">www.olympiarallye72.com<\/a>&nbsp;ver\u00f6ffentlicht.<\/p>\n\n\n\n<p><em>Text: Technik Museum Speyer Foto: Schwarzwei\u00df von Wilhelm Mester<br>25.07.2022<\/em><\/p>\n\n\n\n<h2 class=\"has-text-align-center wp-block-heading\">Sea Life Speyer<\/h2>\n\n\n<div class=\"wp-block-image\">\n<figure class=\"aligncenter size-full\"><img decoding=\"async\" loading=\"lazy\" width=\"800\" height=\"373\" src=\"https:\/\/speyer24news.com\/wp-content\/uploads\/2019\/11\/Sea-Life-Speyer-Logo.png\" alt=\"\" class=\"wp-image-22486\" srcset=\"https:\/\/speyer24news.com\/wp-content\/uploads\/2019\/11\/Sea-Life-Speyer-Logo.png 800w, https:\/\/speyer24news.com\/wp-content\/uploads\/2019\/11\/Sea-Life-Speyer-Logo-300x140.png 300w, https:\/\/speyer24news.com\/wp-content\/uploads\/2019\/11\/Sea-Life-Speyer-Logo-768x358.png 768w\" sizes=\"(max-width: 800px) 100vw, 800px\" \/><\/figure><\/div>\n\n\n<h2 class=\"wp-block-heading\">SEA LIFE Speyer &#8211; geentert von Pirat*innen und wundersch\u00f6nen Meerjungfrauen!<\/h2>\n\n\n<div class=\"wp-block-image\">\n<figure class=\"aligncenter size-full\"><img decoding=\"async\" loading=\"lazy\" width=\"800\" height=\"504\" src=\"https:\/\/speyer24news.com\/wp-content\/uploads\/2022\/07\/Meerjungfrau-SLSP.jpg\" alt=\"\" class=\"wp-image-47643\" srcset=\"https:\/\/speyer24news.com\/wp-content\/uploads\/2022\/07\/Meerjungfrau-SLSP.jpg 800w, https:\/\/speyer24news.com\/wp-content\/uploads\/2022\/07\/Meerjungfrau-SLSP-300x189.jpg 300w, https:\/\/speyer24news.com\/wp-content\/uploads\/2022\/07\/Meerjungfrau-SLSP-768x484.jpg 768w\" sizes=\"(max-width: 800px) 100vw, 800px\" \/><\/figure><\/div>\n\n\n<p><strong>Zu den Sommerferien hei\u00dft es Segel setzen, Augenklappe richten und Flossen polieren. Denn beim exklusiven Event Piraten und Meerjungfrauen werden alle Besucher*innen zu einem Teil der SEA LIFE Crew. Vom 29.07.2022 bis zum 11.09.2022 werden im Gro\u00dfaquarium in Speyer die Segel gehisst und in Flossen geschl\u00fcpft: Meerjungfrauensprache, Schatzsuche und viele weitere Mitmach-Aktionen warten auf hochseetaugliche Entdecker*innen.<\/strong><\/p>\n\n\n\n<p><strong>Speyer &#8211; <\/strong>Dieser Sommer wird abenteuerlustig. Zusammen mit der Piratenmannschaft des SEA LIFE Speyer geht es auf gro\u00dfe Entdeckungstour. Denn das Schiff vom kleinen Piraten ist in einem schweren Sturm geraten und gekentert. Nur durch die Hilfe der Meerjungfrau und der mutigen Besucher*innen kann er es schaffen, seinen wertvollen Schatz wiederzufinden.<\/p>\n\n\n<div class=\"wp-block-image\">\n<figure class=\"aligncenter size-full\"><img decoding=\"async\" loading=\"lazy\" width=\"800\" height=\"533\" src=\"https:\/\/speyer24news.com\/wp-content\/uploads\/2022\/07\/Pirat-SLSP.jpg\" alt=\"\" class=\"wp-image-47644\" srcset=\"https:\/\/speyer24news.com\/wp-content\/uploads\/2022\/07\/Pirat-SLSP.jpg 800w, https:\/\/speyer24news.com\/wp-content\/uploads\/2022\/07\/Pirat-SLSP-300x200.jpg 300w, https:\/\/speyer24news.com\/wp-content\/uploads\/2022\/07\/Pirat-SLSP-768x512.jpg 768w\" sizes=\"(max-width: 800px) 100vw, 800px\" \/><\/figure><\/div>\n\n\n<p>Der Besuch im SEA LIFE wird zu Schatzsuche, bei der Klein und Gro\u00df vielen Unterwasserbewohnern begegnen und dabei mehr \u00fcber ihren Lebensraum und ihre Besonderheiten erfahren k\u00f6nnen.&nbsp;<\/p>\n\n\n\n<p>Das SEA LIFE Piratenschiff hat in den Ferien t\u00e4glich von 10 \u2013 18 Uhr ge\u00f6ffnet.<\/p>\n\n\n\n<figure class=\"wp-block-embed is-type-video is-provider-youtube wp-block-embed-youtube wp-embed-aspect-16-9 wp-has-aspect-ratio\"><div class=\"wp-block-embed__wrapper\">\n<iframe loading=\"lazy\" title=\"Meerjungfrau Daniela Rodler taucht im Sea Life Speyer\" width=\"500\" height=\"281\" src=\"https:\/\/www.youtube.com\/embed\/cMwPmpoo3ps?feature=oembed\" frameborder=\"0\" allow=\"accelerometer; autoplay; clipboard-write; encrypted-media; gyroscope; picture-in-picture\" allowfullscreen><\/iframe>\n<\/div><\/figure>\n\n\n\n<p><em>Text und Foto: SEA LIFE Speyer Video: Speyer 24\/7 News<br>20.07.2022<\/em><\/p>\n\n\n\n<h2 class=\"has-text-align-center wp-block-heading\">Historisches Museum der Pfalz Speyer<\/h2>\n\n\n<div class=\"wp-block-image\">\n<figure class=\"aligncenter size-full\"><img decoding=\"async\" loading=\"lazy\" width=\"678\" height=\"213\" src=\"https:\/\/speyer24news.com\/wp-content\/uploads\/2020\/12\/Historisches-Museum-Speyer-Logo-678x213.png\" alt=\"\" class=\"wp-image-31878\" srcset=\"https:\/\/speyer24news.com\/wp-content\/uploads\/2020\/12\/Historisches-Museum-Speyer-Logo-678x213.png 678w, https:\/\/speyer24news.com\/wp-content\/uploads\/2020\/12\/Historisches-Museum-Speyer-Logo-678x213-300x94.png 300w\" sizes=\"(max-width: 678px) 100vw, 678px\" \/><\/figure><\/div>\n\n\n<h2 class=\"wp-block-heading\">Uniform eines Zeitzeugen<\/h2>\n\n\n\n<h3 class=\"wp-block-heading\">Neues Objekt bereichert Ausstellung im Historischen Museum der Pfalz<\/h3>\n\n\n<div class=\"wp-block-image\">\n<figure class=\"aligncenter size-full\"><img decoding=\"async\" loading=\"lazy\" width=\"800\" height=\"578\" src=\"https:\/\/speyer24news.com\/wp-content\/uploads\/2022\/07\/Herbin_Uniform_Detail.jpg\" alt=\"\" class=\"wp-image-47645\" srcset=\"https:\/\/speyer24news.com\/wp-content\/uploads\/2022\/07\/Herbin_Uniform_Detail.jpg 800w, https:\/\/speyer24news.com\/wp-content\/uploads\/2022\/07\/Herbin_Uniform_Detail-300x217.jpg 300w, https:\/\/speyer24news.com\/wp-content\/uploads\/2022\/07\/Herbin_Uniform_Detail-768x555.jpg 768w\" sizes=\"(max-width: 800px) 100vw, 800px\" \/><figcaption>Detailaufnahme der Uniform der 1989 aufgestellten deutsch-franz\u00f6sischen Brigade. Die Uniform geh\u00f6rt Pascal Herbin, der 1973 als Soldat der Spahis (<em>21<sup>o<\/sup> R\u00e9giment de Spahis<\/em>) nach Speyer kam.<br><em>Foto: Historisches Museum der Pfalz \/ Konstantin Weber<\/em><\/figcaption><\/figure><\/div>\n\n\n<p><strong>Speyer &#8211; <\/strong>Die Ausstellung \u201eRendezvous. Frankreichs Milit\u00e4r in der Pfalz 1945-1999\u201c im Historischen Museum der Pfalz lebt von der Freundschaft zwischen Frankreich und Deutschland. Sie befindet sich im st\u00e4ndigen Austausch mit Zeitzeugen, die sich f\u00fcr den Austausch \u00fcber die Landesgrenze hinweg engagieren. So ist die Schau gerade wieder um ein neues Objekt gewachsen. Es handelt sich um eine Uniform der 1989 aufgestellten deutsch-franz\u00f6sischen Brigade. Die Uniform ist ein Geschenk von Pascal Herbin, der 1973 als Soldat der Spahis nach Speyer kam. Die Spahis waren eine leichte Panzeraufkl\u00e4rungseinheit.<\/p>\n\n\n<div class=\"wp-block-image\">\n<figure class=\"aligncenter size-full\"><img decoding=\"async\" loading=\"lazy\" width=\"800\" height=\"566\" src=\"https:\/\/speyer24news.com\/wp-content\/uploads\/2022\/07\/Uniform_Blick-in-die-Ausstellung.jpg\" alt=\"\" class=\"wp-image-47646\" srcset=\"https:\/\/speyer24news.com\/wp-content\/uploads\/2022\/07\/Uniform_Blick-in-die-Ausstellung.jpg 800w, https:\/\/speyer24news.com\/wp-content\/uploads\/2022\/07\/Uniform_Blick-in-die-Ausstellung-300x212.jpg 300w, https:\/\/speyer24news.com\/wp-content\/uploads\/2022\/07\/Uniform_Blick-in-die-Ausstellung-768x543.jpg 768w\" sizes=\"(max-width: 800px) 100vw, 800px\" \/><figcaption>Uniform der&nbsp; deutsch-franz\u00f6sischen Brigade. Die Uniform geh\u00f6rt Pascal Herbin, der 1973 als Soldat der Spahis (<em>21<sup>o<\/sup> R\u00e9giment de Spahis<\/em>) nach Speyer kam. <br><em>Foto: Historisches Museum der Pfalz \/ Konstantin Weber<\/em><\/figcaption><\/figure><\/div>\n\n\n<p>Die von Pascal Herbin geschenkte Uniform und die beiden begleitenden Fotos \u2013 eins zeigt ihn als jungen Sergent im Alter von 18 Jahren, das andere zeigt das junge Hochzeitspaar 1974 \u2013 stehen in besonderer Weise f\u00fcr das zentrale Anliegen der Ausstellung: nachzuvollziehen, wie sich das deutsch-franz\u00f6sische Verh\u00e4ltnis nach 1945 entwickelte. Die Uniform repr\u00e4sentiert sinnbildlich die gro\u00dfe Leistung der Nachkriegsgeneration, die es geschafft hat, das aus ehemals verfeindeten Nationen Freunde wurden.<\/p>\n\n\n<div class=\"wp-block-image\">\n<figure class=\"aligncenter size-full\"><img decoding=\"async\" loading=\"lazy\" width=\"800\" height=\"533\" src=\"https:\/\/speyer24news.com\/wp-content\/uploads\/2022\/07\/Pascal-Herbin.jpg\" alt=\"\" class=\"wp-image-47647\" srcset=\"https:\/\/speyer24news.com\/wp-content\/uploads\/2022\/07\/Pascal-Herbin.jpg 800w, https:\/\/speyer24news.com\/wp-content\/uploads\/2022\/07\/Pascal-Herbin-300x200.jpg 300w, https:\/\/speyer24news.com\/wp-content\/uploads\/2022\/07\/Pascal-Herbin-768x512.jpg 768w\" sizes=\"(max-width: 800px) 100vw, 800px\" \/><figcaption>Pascal Herbin kommt im Mai 1973 als junger Soldat des franz\u00f6sischen Spahi-Regiments nach Speyer. Kurz darauf lernt er dort seine sp\u00e4tere Frau kennen. Monika Hofmann und Pascal Herbin heiraten im November 1974. Die Uniform ist ein Geschenk von Pascal Herbin an das Historische Museum der Pfalz.<br><em>Foto: Historisches Museum der Pfalz \/ Klaus Venus<\/em><\/figcaption><\/figure><\/div>\n\n\n<p>F\u00fcr die Ausstellung im Historischen Museum der Pfalz berichtet Pascal Herbin auch in einem H\u00f6rbeitrag als Zeitzeuge aus seiner Zeit als Soldat in Deutschland. Der Bericht kann mit dem eigenen Smartphone in der kostenfreien App \u201eCultway\u201c unter dem Titel \u201eSouvenirs\u201c direkt in der Ausstellung aber auch zuhause abgerufen werden.<\/p>\n\n\n\n<p>Die Ausstellung &#8222;Rendezvous. Frankreichs Milit\u00e4r in der Pfalz 1945-1999&#8220; ist noch bis zum 27. November im Historischen Museum der Pfalz zu sehen.<\/p>\n\n\n\n<h4 class=\"wp-block-heading\">Museums-\u00d6ffnungszeiten und weitere Informationen<\/h4>\n\n\n\n<p>Das Historische Museum der Pfalz ist Dienstag bis Sonntag sowie an den Feiertagen auch montags von 10 bis 18 Uhr ge\u00f6ffnet. Aktuelle Informationen unter&nbsp;<a href=\"https:\/\/deref-web.de\/mail\/client\/O8hjddZLn4E\/dereferrer\/?redirectUrl=http%3A%2F%2Fwww.museum.speyer.de\" target=\"_blank\" rel=\"noreferrer noopener\">www.museum.speyer.de<\/a><\/p>\n\n\n\n<p><em>Text: Historisches Museum Speyer Foto: (1 &amp; 2) HMS \/ Konstantin Weber (3) HMS \/ Klaus Venus<br>15.07.2022<\/em><\/p>\n","protected":false},"excerpt":{"rendered":"<div class=\"mh-excerpt\"><p>Speyer Ausstellung &#8222;Harald H\u00e4user: LOVE LETTERS \u2013 Werke aus f\u00fcnf Jahrzehnten&#8220; von 15.07. bis 04.09.2022 in der St\u00e4dtischen Galerie im Kulturhof Flachsgasse. \u201eLove letters\u201c ist der Titel der Ausstellung des Malers Harald H\u00e4user, die w\u00e4hrend <a class=\"mh-excerpt-more\" href=\"https:\/\/speyer24news.com\/?p=47633\" title=\"Kultur\">[&#8230;]<\/a><\/p>\n<\/div>","protected":false},"author":3,"featured_media":47039,"comment_status":"open","ping_status":"open","sticky":false,"template":"","format":"standard","meta":{"_monsterinsights_skip_tracking":false,"_monsterinsights_sitenote_active":false,"_monsterinsights_sitenote_note":"","_monsterinsights_sitenote_category":0,"footnotes":""},"categories":[14],"tags":[14938,14934,14937,14939,14933,861,1191,540,14935,14936,577,2200,14943,14941,14942,14940,14944,666,667,2944,14945,6,3631,164,992,133,2267,12661],"aioseo_notices":[],"amp_enabled":true,"_links":{"self":[{"href":"https:\/\/speyer24news.com\/index.php?rest_route=\/wp\/v2\/posts\/47633"}],"collection":[{"href":"https:\/\/speyer24news.com\/index.php?rest_route=\/wp\/v2\/posts"}],"about":[{"href":"https:\/\/speyer24news.com\/index.php?rest_route=\/wp\/v2\/types\/post"}],"author":[{"embeddable":true,"href":"https:\/\/speyer24news.com\/index.php?rest_route=\/wp\/v2\/users\/3"}],"replies":[{"embeddable":true,"href":"https:\/\/speyer24news.com\/index.php?rest_route=%2Fwp%2Fv2%2Fcomments&post=47633"}],"version-history":[{"count":2,"href":"https:\/\/speyer24news.com\/index.php?rest_route=\/wp\/v2\/posts\/47633\/revisions"}],"predecessor-version":[{"id":47657,"href":"https:\/\/speyer24news.com\/index.php?rest_route=\/wp\/v2\/posts\/47633\/revisions\/47657"}],"wp:featuredmedia":[{"embeddable":true,"href":"https:\/\/speyer24news.com\/index.php?rest_route=\/wp\/v2\/media\/47039"}],"wp:attachment":[{"href":"https:\/\/speyer24news.com\/index.php?rest_route=%2Fwp%2Fv2%2Fmedia&parent=47633"}],"wp:term":[{"taxonomy":"category","embeddable":true,"href":"https:\/\/speyer24news.com\/index.php?rest_route=%2Fwp%2Fv2%2Fcategories&post=47633"},{"taxonomy":"post_tag","embeddable":true,"href":"https:\/\/speyer24news.com\/index.php?rest_route=%2Fwp%2Fv2%2Ftags&post=47633"}],"curies":[{"name":"wp","href":"https:\/\/api.w.org\/{rel}","templated":true}]}}