{"id":47698,"date":"2022-07-29T05:56:38","date_gmt":"2022-07-29T04:56:38","guid":{"rendered":"https:\/\/speyer24news.com\/?p=47698"},"modified":"2022-07-29T05:56:40","modified_gmt":"2022-07-29T04:56:40","slug":"geschwindigkeitskontrollen-blitzer-kw-31-01-08-07-08-22","status":"publish","type":"post","link":"https:\/\/speyer24news.com\/?p=47698","title":{"rendered":"Geschwindigkeitskontrollen \/ Blitzer KW 31 (01.08. \u2013 07.08.22)"},"content":{"rendered":"<style type=\"text\/css\">\r\n\t.ads_top_disp{}\r\n\t.ads_top_corner_disp{ float:left; margin:0px 10px 10px 0px; }\r\n\t.ads_first_p_disp{}\r\n\t.ads_bottom_disp{}\r\n\t<\/style>\n<h2 class=\"wp-block-heading\">Geschwindigkeitskontrollen f\u00fcr die Woche vom 1. bis 5. August<\/h2>\n\n\n<div class=\"wp-block-image\">\n<figure class=\"aligncenter\"><img decoding=\"async\" loading=\"lazy\" width=\"640\" height=\"497\" src=\"https:\/\/speyer24news.com\/wp-content\/uploads\/2020\/12\/Blitzer-2.jpg\" alt=\"\" class=\"wp-image-31937\" srcset=\"https:\/\/speyer24news.com\/wp-content\/uploads\/2020\/12\/Blitzer-2.jpg 640w, https:\/\/speyer24news.com\/wp-content\/uploads\/2020\/12\/Blitzer-2-300x233.jpg 300w\" sizes=\"(max-width: 640px) 100vw, 640px\" \/><\/figure><\/div>\n\n\n<p><strong>(Mannheim) &#8211; <\/strong>Die Stadt Mannheim f\u00fchrt vom 1. bis 5. August in folgenden Stra\u00dfen mobile Geschwindigkeitskontrollen durch:<\/p>\n\n\n\n<ul><li><strong>Dammstra\u00dfe<\/strong><\/li><li><strong>Gl\u00fccksteinallee<\/strong><\/li><li><strong>Hans-Sachs-Ring<\/strong><\/li><li><strong>Hans-Thoma-Stra\u00dfe<\/strong><\/li><li><strong>Isoldestra\u00dfe<\/strong><\/li><li><strong>Kleestra\u00dfe<\/strong><\/li><li><strong>Langstra\u00dfe<\/strong><\/li><li><strong>Lutherstra\u00dfe (verkehrsberuhigter Bereich)<\/strong><\/li><li><strong>Max-Laeuger-Weg<\/strong><\/li><li><strong>Neckarauer Waldweg<\/strong><\/li><li><strong>Neueichwaldstra\u00dfe<\/strong><\/li><li><strong>Rheingoldstra\u00dfe<\/strong><\/li><li><strong>R\u00fcdesheimer Stra\u00dfe<\/strong><\/li><li><strong>Schulstra\u00dfe<\/strong><\/li><li><strong>Sophienstra\u00dfe<\/strong><\/li><li><strong>Wolframstra\u00dfe<\/strong><\/li><\/ul>\n\n\n\n<p>Kurzfristige \u00c4nderungen oder zus\u00e4tzliche Messstellen sind aus aktuellem Anlass m\u00f6glich.<\/p>\n\n\n\n<p><em>Stadt Mannheim<br>28.07.2022<\/em><\/p>\n\n\n\n<h2 class=\"wp-block-heading\">Radarkontrollen f\u00fcr die Woche vom 1. August bis 7. August 2022<\/h2>\n\n\n<div class=\"wp-block-image\">\n<figure class=\"aligncenter\"><img decoding=\"async\" loading=\"lazy\" width=\"800\" height=\"600\" src=\"https:\/\/speyer24news.com\/wp-content\/uploads\/2020\/03\/Blitzer-1.jpg\" alt=\"\" class=\"wp-image-25724\" srcset=\"https:\/\/speyer24news.com\/wp-content\/uploads\/2020\/03\/Blitzer-1.jpg 800w, https:\/\/speyer24news.com\/wp-content\/uploads\/2020\/03\/Blitzer-1-300x225.jpg 300w, https:\/\/speyer24news.com\/wp-content\/uploads\/2020\/03\/Blitzer-1-768x576.jpg 768w, https:\/\/speyer24news.com\/wp-content\/uploads\/2020\/03\/Blitzer-1-678x509.jpg 678w, https:\/\/speyer24news.com\/wp-content\/uploads\/2020\/03\/Blitzer-1-326x245.jpg 326w, https:\/\/speyer24news.com\/wp-content\/uploads\/2020\/03\/Blitzer-1-80x60.jpg 80w\" sizes=\"(max-width: 800px) 100vw, 800px\" \/><\/figure><\/div>\n\n\n<p><strong>(Ludwigshafen) \u2013&nbsp;<\/strong>Die Stadt Ludwigshafen nimmt in folgenden Stadtteilen Radarkontrollen vor.<\/p>\n\n\n\n<ul><li><strong>Montag, 1. August: Oggersheim, S\u00fcd und Pfingstweide<\/strong><\/li><li><strong>Dienstag, 2. August: Mitte, Ruchheim und Gartenstadt<\/strong><\/li><li><strong>Mittwoch, 3. August: Nord, Friesenheim und Edigheim<\/strong><\/li><li><strong>Donnerstag, 4. August: Mundenheim, Maudach und S\u00fcd<\/strong><\/li><li><strong>Freitag, 5. August: Friesenheim, West und Oppau<\/strong><\/li><\/ul>\n\n\n\n<p>Kurzfristige \u00c4nderungen beh\u00e4lt sich der Bereich Stra\u00dfenverkehr vor. Kontrollen k\u00f6nnen auch kurzfristig an anderen Stellen stattfinden.<\/p>\n\n\n\n<p><em>Stadt Ludwigshafen am Rhein<br>28.07.2022<\/em><\/p>\n\n\n\n<h2 class=\"wp-block-heading\">Geschwindigkeitskontrollen im Pr\u00e4sidialbereich&nbsp;Rheinpfalz<\/h2>\n\n\n<div class=\"wp-block-image\">\n<figure class=\"aligncenter\"><img decoding=\"async\" loading=\"lazy\" width=\"800\" height=\"450\" src=\"https:\/\/speyer24news.com\/wp-content\/uploads\/2020\/12\/Blitzer-Logo.jpg\" alt=\"\" class=\"wp-image-31938\" srcset=\"https:\/\/speyer24news.com\/wp-content\/uploads\/2020\/12\/Blitzer-Logo.jpg 800w, https:\/\/speyer24news.com\/wp-content\/uploads\/2020\/12\/Blitzer-Logo-300x169.jpg 300w, https:\/\/speyer24news.com\/wp-content\/uploads\/2020\/12\/Blitzer-Logo-768x432.jpg 768w, https:\/\/speyer24news.com\/wp-content\/uploads\/2020\/12\/Blitzer-Logo-678x381.jpg 678w\" sizes=\"(max-width: 800px) 100vw, 800px\" \/><\/figure><\/div>\n\n\n<h4 class=\"wp-block-heading\">Im Bereich der&nbsp;<strong>Polizeidirektion Ludwigshafen<\/strong>&nbsp;finden folgende Geschwindigkeitskontrollen statt:<\/h4>\n\n\n\n<ul><li><strong>Donnerstag 04.08.2022 im Bereich Bobenheim-Roxheim<\/strong><\/li><li><strong>Dienstag 23.08.2022 im Bereich Mutterstadt<\/strong><\/li><li><strong>Freitag 26.08.2022 im Bereich Waldsee<\/strong><\/li><li><strong>Montag 29.08.2022 im Bereich Limburgerhof<\/strong><\/li><\/ul>\n\n\n\n<h4 class=\"wp-block-heading\">Im Bereich der&nbsp;<strong>Polizeidirektion Landau<\/strong>&nbsp;finden folgende Geschwindigkeitskontrollen statt:<\/h4>\n\n\n\n<ul><li><strong>Donnerstag 11.08.2022 im Bereich Waldhambach<\/strong><\/li><li><strong>Freitag 12.08.2022 im Bereich Bornheim<\/strong><\/li><li><strong>Montag 22.08.2022 im Bereich Silz<\/strong><\/li><li><strong>Mittwoch 31.08.2022 im Bereich D\u00f6rrenbach<\/strong><\/li><\/ul>\n\n\n\n<h4 class=\"wp-block-heading\">Im Bereich der&nbsp;<strong>Polizeidirektion Neustadt<\/strong>&nbsp;finden folgende Geschwindigkeitskontrollen statt:<\/h4>\n\n\n\n<ul><li><strong>Freitag 05.08.2022 im Bereich Quirnheim-Tal<\/strong><\/li><li><strong>Mittwoch 10.08.2022 im Bereich Kallstadt<\/strong><\/li><li><strong>Mittwoch 24.08.2022 im Bereich Ruppertsberg<\/strong><\/li><li><strong>Freitag 26.08.2022 im Bereich Bissersheim<\/strong><\/li><\/ul>\n\n\n\n<p>Die Polizei weist ausdr\u00fccklich darauf hin, dass Kontrollen auch au\u00dferhalb der genannten Zeiten und \u00d6rtlichkeiten stattfinden.<\/p>\n\n\n\n<p><em>Polizeipr\u00e4sidium Rheinpfalz<br>26.07.2022<\/em><\/p>\n","protected":false},"excerpt":{"rendered":"<div class=\"mh-excerpt\"><p>Geschwindigkeitskontrollen f\u00fcr die Woche vom 1. bis 5. August (Mannheim) &#8211; Die Stadt Mannheim f\u00fchrt vom 1. bis 5. August in folgenden Stra\u00dfen mobile Geschwindigkeitskontrollen durch: Dammstra\u00dfe Gl\u00fccksteinallee Hans-Sachs-Ring Hans-Thoma-Stra\u00dfe Isoldestra\u00dfe Kleestra\u00dfe Langstra\u00dfe Lutherstra\u00dfe (verkehrsberuhigter <a class=\"mh-excerpt-more\" href=\"https:\/\/speyer24news.com\/?p=47698\" title=\"Geschwindigkeitskontrollen \/ Blitzer KW 31 (01.08. \u2013 07.08.22)\">[&#8230;]<\/a><\/p>\n<\/div>","protected":false},"author":3,"featured_media":33649,"comment_status":"open","ping_status":"open","sticky":false,"template":"","format":"standard","meta":{"_monsterinsights_skip_tracking":false,"_monsterinsights_sitenote_active":false,"_monsterinsights_sitenote_note":"","_monsterinsights_sitenote_category":0,"footnotes":""},"categories":[64],"tags":[18,7702,4819,4814,7703,14960,19,4822,4817,4228,14750,947,4820,4815,58,779,5152,4821,4816,5153,14749,153,56,59,227,17,7068,7004,949,4818,4813,1310,948,10894,10893,979],"aioseo_notices":[],"amp_enabled":true,"_links":{"self":[{"href":"https:\/\/speyer24news.com\/index.php?rest_route=\/wp\/v2\/posts\/47698"}],"collection":[{"href":"https:\/\/speyer24news.com\/index.php?rest_route=\/wp\/v2\/posts"}],"about":[{"href":"https:\/\/speyer24news.com\/index.php?rest_route=\/wp\/v2\/types\/post"}],"author":[{"embeddable":true,"href":"https:\/\/speyer24news.com\/index.php?rest_route=\/wp\/v2\/users\/3"}],"replies":[{"embeddable":true,"href":"https:\/\/speyer24news.com\/index.php?rest_route=%2Fwp%2Fv2%2Fcomments&post=47698"}],"version-history":[{"count":2,"href":"https:\/\/speyer24news.com\/index.php?rest_route=\/wp\/v2\/posts\/47698\/revisions"}],"predecessor-version":[{"id":47711,"href":"https:\/\/speyer24news.com\/index.php?rest_route=\/wp\/v2\/posts\/47698\/revisions\/47711"}],"wp:featuredmedia":[{"embeddable":true,"href":"https:\/\/speyer24news.com\/index.php?rest_route=\/wp\/v2\/media\/33649"}],"wp:attachment":[{"href":"https:\/\/speyer24news.com\/index.php?rest_route=%2Fwp%2Fv2%2Fmedia&parent=47698"}],"wp:term":[{"taxonomy":"category","embeddable":true,"href":"https:\/\/speyer24news.com\/index.php?rest_route=%2Fwp%2Fv2%2Fcategories&post=47698"},{"taxonomy":"post_tag","embeddable":true,"href":"https:\/\/speyer24news.com\/index.php?rest_route=%2Fwp%2Fv2%2Ftags&post=47698"}],"curies":[{"name":"wp","href":"https:\/\/api.w.org\/{rel}","templated":true}]}}