{"id":47700,"date":"2022-07-29T05:28:25","date_gmt":"2022-07-29T04:28:25","guid":{"rendered":"https:\/\/speyer24news.com\/?p=47700"},"modified":"2022-07-29T05:28:25","modified_gmt":"2022-07-29T04:28:25","slug":"kommunalpolitik-11","status":"publish","type":"post","link":"https:\/\/speyer24news.com\/?p=47700","title":{"rendered":"Kommunalpolitik"},"content":{"rendered":"<style type=\"text\/css\">\r\n\t.ads_top_disp{}\r\n\t.ads_top_corner_disp{ float:left; margin:0px 10px 10px 0px; }\r\n\t.ads_first_p_disp{}\r\n\t.ads_bottom_disp{}\r\n\t<\/style>\n<h2 class=\"wp-block-heading\">Einladung zum August-Stammtisch der FDP Speyer am 04.08.2022<\/h2>\n\n\n<div class=\"wp-block-image\">\n<figure class=\"aligncenter size-full\"><img decoding=\"async\" loading=\"lazy\" width=\"600\" height=\"600\" src=\"https:\/\/speyer24news.com\/wp-content\/uploads\/2022\/07\/Instagram-Post-220726200206.png\" alt=\"\" class=\"wp-image-47703\" srcset=\"https:\/\/speyer24news.com\/wp-content\/uploads\/2022\/07\/Instagram-Post-220726200206.png 600w, https:\/\/speyer24news.com\/wp-content\/uploads\/2022\/07\/Instagram-Post-220726200206-300x300.png 300w, https:\/\/speyer24news.com\/wp-content\/uploads\/2022\/07\/Instagram-Post-220726200206-150x150.png 150w\" sizes=\"(max-width: 600px) 100vw, 600px\" \/><\/figure><\/div>\n\n\n<p><strong>SPEYER &#8211; <\/strong>Der FDP-Kreisverband Speyer l\u00e4dt herzlich zum Geothermie-Stammtisch <\/p>\n\n\n\n<ul><li><strong>am Donnerstag, 04.08.2022 um 19:00 <\/strong><\/li><li><strong>im Wirtshaus am Dom, Maximiliansstra\u00dfe 96, Speyer <\/strong><\/li><\/ul>\n\n\n\n<p>ein. Zu Gast haben wir dieses Mal Herrn Wolfgang B\u00fchring von den Stadtwerken Speyer zum Thema Geothermie in Speyer und Umgebung.<\/p>\n\n\n\n<p>Unter Erdw\u00e4rme bzw. Geothermie wird die Energiegewinnung aus den hohen Temperaturen, die unterhalb der Erdoberfl\u00e4che in den Erd- und Gesteinsschichten, bezeichnet. Geothermie ist ein wichtiger Baustein f\u00fcr die Energiewende. Sie ist landschaftsschonend, klimafreundlich und nach menschlichem Ermessen unersch\u00f6pflich. Entlang des Rheins sind die Voraussetzungen f\u00fcr Geothermie sehr gut. Die dort angetroffenen Temperaturen bei den bereits erfolgten Erdbohrungen liegen bei ca. 160 Grad. Dies erm\u00f6glicht eine Nutzung sowohl f\u00fcr die Stromerzeugung als auch zur W\u00e4rmegewinnung z.B. f\u00fcr den Bereich Fernw\u00e4rme. Doch warum ist diese Form der Energiegewinnung noch nicht so ausgepr\u00e4gt? Diese und weitere Fragen kl\u00e4ren wir mit Herrn B\u00fchring, Fachleuten und interessierten B\u00fcrgerinnen und B\u00fcrgern.<\/p>\n\n\n<div class=\"wp-block-image\">\n<figure class=\"aligncenter size-full\"><img decoding=\"async\" loading=\"lazy\" width=\"800\" height=\"528\" src=\"https:\/\/speyer24news.com\/wp-content\/uploads\/2022\/07\/FDP-Speyer-Logo-neu.png\" alt=\"\" class=\"wp-image-47704\" srcset=\"https:\/\/speyer24news.com\/wp-content\/uploads\/2022\/07\/FDP-Speyer-Logo-neu.png 800w, https:\/\/speyer24news.com\/wp-content\/uploads\/2022\/07\/FDP-Speyer-Logo-neu-300x198.png 300w, https:\/\/speyer24news.com\/wp-content\/uploads\/2022\/07\/FDP-Speyer-Logo-neu-768x507.png 768w\" sizes=\"(max-width: 800px) 100vw, 800px\" \/><\/figure><\/div>\n\n\n<p>Kommen Sie mit der FDP Speyer ins Gespr\u00e4ch!<\/p>\n\n\n\n<p>In entspannter Atmosph\u00e4re bei gutem Wein und gutem Essen l\u00e4sst es sich hervorragend \u00fcber Geothermie und die Wege aus den Krisen reden.<\/p>\n\n\n\n<p><em>JuLis Kreisverband Speyer<br>27.07.2022<\/em><\/p>\n\n\n\n<h2 class=\"wp-block-heading\">Kunz: 365-Euro-Ticket in Mainz nur dank Biontech<\/h2>\n\n\n\n<h3 class=\"wp-block-heading\">FREIE W\u00c4HLER-Sprecher f\u00fcr Mobilit\u00e4t fordert erneut landesweite Einf\u00fchrung f\u00fcr alle B\u00fcrger<\/h3>\n\n\n<div class=\"wp-block-image\">\n<figure class=\"aligncenter size-full\"><img decoding=\"async\" loading=\"lazy\" width=\"800\" height=\"676\" src=\"https:\/\/speyer24news.com\/wp-content\/uploads\/2022\/07\/Patrick-Kunz_Presse.jpg\" alt=\"\" class=\"wp-image-47701\" srcset=\"https:\/\/speyer24news.com\/wp-content\/uploads\/2022\/07\/Patrick-Kunz_Presse.jpg 800w, https:\/\/speyer24news.com\/wp-content\/uploads\/2022\/07\/Patrick-Kunz_Presse-300x254.jpg 300w, https:\/\/speyer24news.com\/wp-content\/uploads\/2022\/07\/Patrick-Kunz_Presse-768x649.jpg 768w\" sizes=\"(max-width: 800px) 100vw, 800px\" \/><figcaption>Patrick Kunz, Sprecher f\u00fcr Mobilit\u00e4t der FREIE W\u00c4HLER-Landtagsfraktion.<\/figcaption><\/figure><\/div>\n\n\n<p><strong>MAINZ &#8211; <\/strong>Sch\u00fclerinnen und Sch\u00fclern sowie Auszubildenden steht in Mainz von September an ein 365-Euro-Ticket zur Verf\u00fcgung. Als Finanzierungsgrundlage dient ein Investitionspaket von 50 Millionen Euro, das nat\u00fcrlich auch mit den durch das Biotechnologieunternehmen Biontech gestiegenen Gewerbesteuereinnahmen erm\u00f6glicht wurde. W\u00e4hrend sich viele Eltern aus der Stadt Mainz zurecht \u00fcber die entsprechenden Ersparnisse freuen d\u00fcrfen, gehen der Rest des Landes und andere Personengruppen leer aus.<\/p>\n\n\n\n<p>\u201eIch freue mich \u00fcber die Entlastung der Mainzer Familien und die verf\u00fcgbare Mobilit\u00e4t, die den jungen Menschen angeboten wird. Dennoch ist es leider nur im Mainz der Fall. Und Rheinland-Pfalz besteht nun mal nicht nur aus seiner Landeshauptstadt. Die Landesregierung ist hier gefordert, den l\u00e4ndlichen Raum in Sachen Mobilit\u00e4t den St\u00e4dten gleichzustellen. Es muss Tempo in der Umsetzung her &#8211; und keine leeren Versprechungen seitens der Ampelregierung\u201c, so Patrick Kunz, Sprecher f\u00fcr Mobilit\u00e4t der FREIE W\u00c4HLER-Landtagsfraktion, der nochmals darauf verweist, dass FREIE W\u00c4HLER schon in ihrem Landtags-Wahlprogramm ein deutschlandweites 365-Euro-Ticket f\u00fcr alle gefordert hatten.<\/p>\n\n\n\n<p>\u201eNat\u00fcrlich kann von einem Erfolg gesprochen werden, wenn Stra\u00dfen entlastet und mehr B\u00fcrger an den \u00d6PNV gebunden werden k\u00f6nnen. Es ist jedoch ein Erfolg, den weder das Land noch die Stadt f\u00fcr sich in Anspruch nehmen k\u00f6nnen, sondern ausnahmslos Biontech. Das 365-Euro-Ticket in der vorgeschlagenen Form ist dabei auch keine Innovation, denn es hat sich in Hessen f\u00fcr Sch\u00fcler, Studenten und Rentner bereits bew\u00e4hrt\u201c, so Kunz. Au\u00dferdem d\u00fcrfe nicht au\u00dfer Acht gelassen werden, dass das Mainzer Sch\u00fclerticket mit 50,05 Euro im Vergleich zum Sch\u00fclerticket im VRN-Bereich, das lediglich 46,70 Euro kostet, teurer ist.<\/p>\n\n\n<div class=\"wp-block-image\">\n<figure class=\"aligncenter size-full\"><img decoding=\"async\" loading=\"lazy\" width=\"800\" height=\"370\" src=\"https:\/\/speyer24news.com\/wp-content\/uploads\/2022\/07\/Freie-Waehler-Landtagsfraktion-RLP-Logo.jpg\" alt=\"\" class=\"wp-image-47702\" srcset=\"https:\/\/speyer24news.com\/wp-content\/uploads\/2022\/07\/Freie-Waehler-Landtagsfraktion-RLP-Logo.jpg 800w, https:\/\/speyer24news.com\/wp-content\/uploads\/2022\/07\/Freie-Waehler-Landtagsfraktion-RLP-Logo-300x139.jpg 300w, https:\/\/speyer24news.com\/wp-content\/uploads\/2022\/07\/Freie-Waehler-Landtagsfraktion-RLP-Logo-768x355.jpg 768w\" sizes=\"(max-width: 800px) 100vw, 800px\" \/><\/figure><\/div>\n\n\n<p>F\u00fcr Patrick Kunz ergibt sich jedoch ein weiteres Problem: \u201eBei aller Freude \u00fcber den Mainzer Geldsegen und attraktive Angebote f\u00fcr den innerst\u00e4dtischen Nahverkehr darf man den Blick f\u00fcr das gro\u00dfe Ganze nicht verlieren. Der rheinland-pf\u00e4lzische \u00d6PNV, samt den Zweckverb\u00fcnden, Verkehrsunternehmen und kommunalen Aufgabentr\u00e4gern \u00e4chzt unter den Folgen der Pandemie, der explodierenden Energiepreise und der durch das 9-Euro-Ticket entstandenen Erwartungshaltung. Die L\u00f6sung kann nur in einer deutlichen Aufstockung der Regionalisierungsmittel bei einer gleichzeitigen Einf\u00fchrung eines landesweiten f\u00fcr alle g\u00fcltigen 365-Euro-Tickets liegen. Wir brauchen die Mobilit\u00e4tswende in Stadt und Land f\u00fcr Jung und Alt. Jetzt!\u201c<\/p>\n\n\n\n<p><em>FREIE W\u00c4HLER-Landtagsfraktion<br>28.07.2022<\/em><\/p>\n\n\n\n<h2 class=\"wp-block-heading\">Mitteilungsfreude muss Grenzen haben \u2013 Keine Informationen an die Mafia<\/h2>\n\n\n\n<h3 class=\"wp-block-heading\">Joachim Streit \u00fcberrascht \u00fcber freim\u00fctige Bekanntgabe der Wohnsitze erfasster Personen<\/h3>\n\n\n<div class=\"wp-block-image\">\n<figure class=\"aligncenter size-full\"><img decoding=\"async\" loading=\"lazy\" width=\"800\" height=\"577\" src=\"https:\/\/speyer24news.com\/wp-content\/uploads\/2022\/06\/Joachim-Streit-Freie-Waehler-RLP.jpg\" alt=\"\" class=\"wp-image-46851\" srcset=\"https:\/\/speyer24news.com\/wp-content\/uploads\/2022\/06\/Joachim-Streit-Freie-Waehler-RLP.jpg 800w, https:\/\/speyer24news.com\/wp-content\/uploads\/2022\/06\/Joachim-Streit-Freie-Waehler-RLP-300x216.jpg 300w, https:\/\/speyer24news.com\/wp-content\/uploads\/2022\/06\/Joachim-Streit-Freie-Waehler-RLP-768x554.jpg 768w\" sizes=\"(max-width: 800px) 100vw, 800px\" \/><figcaption>Joachim Streit, Fraktionsvorsitzender und innenpolitischer Sprecher FREIE W\u00c4HLER.<\/figcaption><\/figure><\/div>\n\n\n<p><strong>MAINZ &#8211; <\/strong>Bass erstaunt zeigt sich der Vorsitzende der FREIE W\u00c4HLER-Landtagsfraktion, Joachim Streit, \u00fcber die Auskunftsfreude der Landesregierung zum st\u00e4ndigen Aufenthalt von Angeh\u00f6rigen der italienischen Mafia in Rheinland-Pfalz. Auf eine Kleine Anfrage von Landtagsvizepr\u00e4sident Matthias Lammert (CDU) gab die Landesregierung eine Aufstellung mit den St\u00e4dten und Kreisen heraus, in denen die derzeit erfassten 32 Mafiosi wohnen.<\/p>\n\n\n\n<p>\u201eDieses Vorgehen erstaunt mich, dass aus ermittlungstaktischen Gr\u00fcnden solche Kenntnisse den observierten Personen durch offizielle Verlautbarungen bekannt gemacht werden. Wenn es unter anderem hei\u00dft, zwei Mafia-Angeh\u00f6rige leben im Donnersbergkreis, einer in Landau und einer im Eifelkreis, wissen die Betroffenen um ihre Enttarnung und k\u00f6nnen alles tun, um den Ermittlern ein Schnippchen zu schlagen\u201c, sagt der Innenpolitiker der FREIE W\u00c4HLER-Landtagsfraktion. \u201eIch halte diese Vorgehensweise f\u00fcr vollkommen falsch und werde dies zum Thema der n\u00e4chsten Innenausschuss-Sitzung machen, wenn es der Innenminister nicht selbst macht. Beim Thema Clankriminalit\u00e4t wird auch immer alles in nicht\u00f6ffentlicher Sitzung unter Verschluss gehalten, selbst wenn die Auskunft ist, dass es keine Strukturen in Rheinland-Pfalz gibt.\u201c<\/p>\n\n\n\n<p><em>FREIE W\u00c4HLER-Landtagsfraktion<br>27.07.2022<\/em><\/p>\n\n\n\n<h2 class=\"wp-block-heading\">Landesregierung und Ampel-Koalition verweisen auf den Bund: Wir sind nicht zust\u00e4ndig!<\/h2>\n\n\n<div class=\"wp-block-image\">\n<figure class=\"aligncenter size-full\"><img decoding=\"async\" loading=\"lazy\" width=\"800\" height=\"608\" src=\"https:\/\/speyer24news.com\/wp-content\/uploads\/2022\/07\/Kerosinablass-1-RLP-@-FW-RLP.jpg\" alt=\"\" class=\"wp-image-47705\" srcset=\"https:\/\/speyer24news.com\/wp-content\/uploads\/2022\/07\/Kerosinablass-1-RLP-@-FW-RLP.jpg 800w, https:\/\/speyer24news.com\/wp-content\/uploads\/2022\/07\/Kerosinablass-1-RLP-@-FW-RLP-300x228.jpg 300w, https:\/\/speyer24news.com\/wp-content\/uploads\/2022\/07\/Kerosinablass-1-RLP-@-FW-RLP-768x584.jpg 768w, https:\/\/speyer24news.com\/wp-content\/uploads\/2022\/07\/Kerosinablass-1-RLP-@-FW-RLP-80x60.jpg 80w\" sizes=\"(max-width: 800px) 100vw, 800px\" \/><figcaption>Illustration des Gebietes in RLP in dem sich keine Messstellen befinden.<\/figcaption><\/figure><\/div>\n\n\n<p><strong>MAINZ &#8211; <\/strong>Der Entschlie\u00dfungsantrag der FREIE W\u00c4HLER-Landtagsfraktion zum Thema \u201eKerosinabl\u00e4sse in Rheinland-Pfalz\u201c, der unter anderem\u00a0mehr Messstellen und m\u00f6gliche Sanktionen gegen Fluggesellschaften, die aus wirtschaftlichen Gr\u00fcnden Treibstoffabl\u00e4sse \u00fcber den d\u00fcnn besiedelten W\u00e4ldern der Eifel, des Hunsr\u00fccks und des Pf\u00e4lzer Waldes durchf\u00fchren, beinhaltete, ist in der heutigen 27. Plenarsitzung des Landtags Rheinland-Pfalz mit den Stimmen der Ampel-Koalition abgelehnt worden. Unterst\u00fctzt wurde der Antrag von der CDU-Fraktion.<\/p>\n\n\n\n<p>Entt\u00e4uscht zeigte sich FREIE W\u00c4HLER-Fraktionsvorsitzender Joachim Streit. Die Abgeordneten der Ampel aus gerade diesen betroffenen Regionen sprachen zum Thema und verwiesen auf Gutachten des Luftfahrtbundesamtes, der Initiativen f\u00fcr h\u00f6here Flugh\u00f6hen auf Bundesebene und das doch ausreichende Messstellennetz. \u201eIch bin entt\u00e4uscht, dass das Land die geringen Kosten f\u00fcr weitere Messstellen im Sinne der Gesundheitspr\u00e4vention rheinland-pf\u00e4lzischer B\u00fcrger an den Bund weiterdelegieren m\u00f6chte,\u00a0statt selbst Verantwortung zu \u00fcbernehmen\u201c, so Joachim Streit. \u201eDie FREIEN W\u00c4HLER werden hier weiter am Ball bleiben, um Klarheit und Transparenz zu erreichen. Nur, wo gemessen wird, wird es auch Ergebnisse geben!\u201c<\/p>\n\n\n<div class=\"wp-block-image\">\n<figure class=\"aligncenter size-full\"><img decoding=\"async\" loading=\"lazy\" width=\"800\" height=\"602\" src=\"https:\/\/speyer24news.com\/wp-content\/uploads\/2022\/07\/Kerosinablass-2-RLP-@-FW-RLP.jpg\" alt=\"\" class=\"wp-image-47706\" srcset=\"https:\/\/speyer24news.com\/wp-content\/uploads\/2022\/07\/Kerosinablass-2-RLP-@-FW-RLP.jpg 800w, https:\/\/speyer24news.com\/wp-content\/uploads\/2022\/07\/Kerosinablass-2-RLP-@-FW-RLP-300x226.jpg 300w, https:\/\/speyer24news.com\/wp-content\/uploads\/2022\/07\/Kerosinablass-2-RLP-@-FW-RLP-768x578.jpg 768w, https:\/\/speyer24news.com\/wp-content\/uploads\/2022\/07\/Kerosinablass-2-RLP-@-FW-RLP-678x509.jpg 678w, https:\/\/speyer24news.com\/wp-content\/uploads\/2022\/07\/Kerosinablass-2-RLP-@-FW-RLP-326x245.jpg 326w, https:\/\/speyer24news.com\/wp-content\/uploads\/2022\/07\/Kerosinablass-2-RLP-@-FW-RLP-80x60.jpg 80w\" sizes=\"(max-width: 800px) 100vw, 800px\" \/><figcaption>Illustration des Gebietes in RLP in dem sich keine Messstellen befinden.<\/figcaption><\/figure><\/div>\n\n\n<h4 class=\"wp-block-heading\">Folgende Beschlusspunkte hatte der FREIE W\u00c4HLER-Antrag vorgesehen:<\/h4>\n\n\n\n<ol><li>Das Messnetz in Rheinland-Pfalz durch zus\u00e4tzliche Stationen zu verdichten &#8211; insbesondere im l\u00e4ndlichen Raum.<\/li><li>Auf eine \u00c4nderung des Luftrechts hinzuwirken, sodass<\/li><\/ol>\n\n\n\n<ul><li>a) f\u00fcr Flugzeuge, die Kerosin ablassen m\u00fcssen, alternierende Gebiete festge\u00adlegt werden, um so eine Summationswirkung in Rheinland-Pfalz und im \u00fcbrigen Bundesgebiet zu verhindern;<\/li><li>b) f\u00fcr Kerosinabl\u00e4sse immer die im Einzelfall gr\u00f6\u00dftm\u00f6gliche Flugh\u00f6\u00adhe als Mindesth\u00f6he festzusetzen ist, grunds\u00e4tzlich jedoch mindestens 10 000 Fu\u00df, insofern im Einzelfall keine schwerwiegenden technischen Gr\u00fcnde oder medizinischen Notf\u00e4lle entgegenstehen;<\/li><li>c) individuell \u2013 je nach Flugzeugtyp \u2013 zu pr\u00fcfen ist, ob eine Overweight Landing tats\u00e4chlich sicherheitstechnische Konsequenzen hat oder nur aus wirtschaftlichen Gr\u00fcnden nicht durchgef\u00fchrt wird;<\/li><li>d) ein Geb\u00fchrensystem f\u00fcr Treibstoffabl\u00e4sse eingef\u00fchrt wird, dessen Erl\u00f6se direkt in Umweltschutzma\u00dfnahmen in den Ablassgebieten und die Ver\u00addichtung des Messstellennetzes reinvestiert werden.<\/li><\/ul>\n\n\n\n<p><em>FREIE W\u00c4HLER-Landtagsfraktion<br>07.07.2022<\/em><\/p>\n\n\n\n<h2 class=\"wp-block-heading\">37. Rheinland-Pfalz-Tag \/ N\u00e4chster Rheinland-Pfalz-Tag findet vom 16. bis 18. Juni 2023 in Bad Ems statt<\/h2>\n\n\n\n<p>Nach einem erfolgreichen Landesfest in Mainz steht nun der Termin f\u00fcr den n\u00e4chsten Rheinland-Pfalz-Tag in Bad Ems fest. Wie Ministerpr\u00e4sidentin Malu Dreyer und die Repr\u00e4sentanten aus Bad Ems bekanntgaben, wird das 37. Landesfest vom 16. bis 18. Juni 2023 in der Kurstadt an der Lahn stattfinden.<\/p>\n\n\n\n<p>\u201eKaiserbad, Sommerhauptstadt Europas, Weltbad, Klein-Nizza, f\u00fcr Bad Ems gibt es viele passende Umschreibungen. Die B\u00e4derstadt, die seit 2021 als Teil der \u201aGreat Spa Towns of Europe\u2018 sogar UNESCO-Welterbe ist, wird mit ihrem idyllischen Stadtbild auf jeden Fall den perfekten Rahmen f\u00fcr das Landesfest bieten. Ich bin mir sicher, dass wir in Bad Ems einen gelungenen Rheinland-Pfalz-Tag feiern werden\u201c, sagte Ministerpr\u00e4sidentin Malu Dreyer. Als Traditionsfest, das jedes Jahr hunderttausende G\u00e4ste anziehe, stehe der Rheinland-Pfalz-Tag f\u00fcr die Vielfalt und Lebensfreude, die auch Bad Ems auszeichne. Er biete der gastgebenden Kommune viele M\u00f6glichkeiten, die eigenen St\u00e4rken herauszustellen. \u201eDie Anforderungen an die Planung, Organisation und Durchf\u00fchrung von Gro\u00dfveranstaltungen sind in den letzten Jahren enorm gewachsen. Das Land wird deshalb als Mitveranstalter die gastgebende Kommune unterst\u00fctzen\u201c, so die Ministerpr\u00e4sidentin.<\/p>\n\n\n\n<p>\u201eDie Stadt Bad Ems und ihre B\u00fcrgerinnen und B\u00fcrger freuen sich auf das Landesfest 2023 sowie die G\u00e4ste aus Nah und Fern. Einerseits wollen wir jenen unser neues Welterbe \u201a Great Spa Towns of Europe\u2018 vermitteln und andererseits in die Feierlichkeiten f\u00fcr ein Jubil\u00e4umsjahr starten. Denn 2024 feiert die Stadt Bad Ems 700 Jahre Stadtrechte und 700 Jahre Heilbad\u201c, sagte Stadtb\u00fcrgermeister Oliver Kr\u00fcgel. \u201eIn Bad Ems treffen sich auf eindrucksvolle Art und Weise Tradition sowie Moderne. Wir sind \u00fcberzeugt, dass wir damit einen beeindruckenden Rahmen f\u00fcr das Landesfest liefern werden. Bedanken m\u00f6chte ich mich ausdr\u00fccklich bei der Landesregierung und Ministerpr\u00e4sidentin Malu Dreyer f\u00fcr die Unterst\u00fctzung, denn der Eintritt des Landes als Mitveranstalter wird den gestiegenen Anforderungen an diese Veranstaltung gerecht und ist f\u00fcr uns das richtige Signal\u201c, so der Stadtb\u00fcrgermeister.<\/p>\n\n\n\n<p>Der B\u00fcrgermeister der Verbandsgemeinde Bad Ems-Nassau, Uwe Bruchh\u00e4user, erg\u00e4nzte: \u201eDer Rheinland-Pfalz-Tag 2023 in Bad Ems ist nicht nur ein Gewinn f\u00fcr die Stadt Bad Ems, sondern hat dar\u00fcber hinaus Strahlkraft f\u00fcr die Region und die Verbandsgemeinde Bad Ems-Nassau. Die Organisation und die Durchf\u00fchrung des Landesfestes stellt eine gro\u00dfe Herausforderung dar. Ich bin sicher, dass dieses Projekt gemeinsam mit dem Land Rheinland-Pfalz, dem Rhein-Lahn-Kreis, der Verbandsgemeinde Bad Ems-Nassau und der Stadt Bad Ems zum Erfolg gef\u00fchrt wird.\u201c<\/p>\n\n\n\n<p>\u201eDie ber\u00fchmte Loreley, Freiherr vom Stein und Nicolaus August Otto haben eines gemeinsam: Ihre Heimat ist der Rhein-Lahn-Kreis! Doch das ist noch lange nicht alles, was unsere Heimat zu bieten hat. Drei Welterbe \u2013 den germanisch-r\u00e4tischen Limes, das Mittelrheintal und seit vergangenem Jahr auch Bad Ems als Teil der \u201a Great Spa Towns of Europe\u2018 \u2013 k\u00f6nnen wir hier pr\u00e4sentieren. Umso mehr freut es mich, dass das 37. Landesfest im n\u00e4chsten Sommer in Bad Ems stattfinden wird. Jetzt schon ein herzliches \u201a Danke\u2018 an alle Organisatoren und Helfer. Wir werden ein wundersch\u00f6nes Fest feiern\u201c, sagte Landrat J\u00f6rg Denninghoff:<\/p>\n\n\n\n<p>Der 36. Rheinland-Pfalz-Tag fand in diesem Jahr anl\u00e4sslich des 75-j\u00e4hrigen Jubil\u00e4ums von Rheinland-Pfalz vom 20. bis 22. Mai in der Landeshauptstadt Mainz statt. Davor musste das Landesfest pandemiebedingt zwei Jahre ausfallen. Bad Ems richtet nach 2005 bereits zum zweiten Mal den Rheinland-Pfalz-Tag aus.<\/p>\n\n\n\n<p><em>Staatskanzlei Rheinland-Pfalz<br>22.07.2022<\/em><\/p>\n\n\n\n<h2 class=\"wp-block-heading\">Nachhaltigkeit, Inklusion, klassen\u00fcbergreifendes Lernen und Demokratiebildung \u2013 Ministerpr\u00e4sidentin Malu Dreyer und Bildungsministerin Dr. Stefanie Hubig geben Startschuss f\u00fcr 45 Schulen der Zukunft<\/h2>\n\n\n\n<p>\u201eWir alle wissen, dass Bildung eine unserer wichtigsten Ressourcen ist. F\u00fcr mich ist dabei besonders wichtig, dass jedes Kind, unabh\u00e4ngig von seiner Herkunft und unabh\u00e4ngig vom Geldbeutel seiner Eltern, bestm\u00f6glich gef\u00f6rdert wird. Dabei stehen wir gleichzeitig vor gro\u00dfen gesellschaftlichen Ver\u00e4nderungen. Bildung muss nicht nur Schritt halten und mithalten, sondern auch vorangehen, um Kinder und Jugendliche auf eine Zukunft vorzubereiten, von der wir heute noch gar nicht wissen, wie sie genau aussehen wird. Mit unserer Initiative Schule der Zukunft haben Bildungsministerin Dr. Stefanie Hubig und ich gemeinsam mit dem Landeselternbeirat und der Landessch\u00fcler*innenvertretung deshalb im vergangenen Jahr einen breiten Beteiligungsprozess gestartet, der alle an Schule Beteiligte mitnimmt und gleichzeitig mitten in der Gesellschaft verankert ist. Und ich freue mich sehr, dass wir heute die ersten 45 Schulen der Zukunft begr\u00fc\u00dfen und feiern, die genau das tun\u201c, sagte Ministerpr\u00e4sidentin Malu Dreyer am Dienstagnachmittag in der Grundschule Gau-Odernheim.<\/p>\n\n\n\n<p>Nur acht Monate sp\u00e4ter haben die Ministerpr\u00e4sidentin und die Bildungsministerin heute die ersten 45 Schulen der Zukunft in der Grundschule in Gau-Odernheim bekannt gegeben. Bildungsministerin Dr. Stefanie Hubig erkl\u00e4rte: \u201eWir haben Bewerbungen aus allen Teilen unseres Landes erhalten. Und ich freue mich besonders, dass alle Schularten, von der Grundschule bis hin zur Berufsbildenden Schule, vertreten sind. Dabei haben alle Schulgemeinschaften kreative, spannende und zukunftsweisende Bewerbungen abgegeben. Die Schwerpunkte und Vorhaben betreffen dabei Themen wie Inklusion, Nachhaltigkeit, selbstgesteuertes oder auch klassen\u00fcbergreifendes Lernen, aber auch Demokratie- und Partizipationsf\u00e4higkeit. Keine Bewerbung gleicht dabei der anderen, und das zeigt auch die gro\u00dfe St\u00e4rke in unserem Schulsystem: Wir haben in Rheinland-Pfalz ganz unterschiedliche Schulen mit unterschiedlichen Schwerpunkten. Eines haben sie allerdings alle gemeinsam: Ihre Sch\u00fclerinnen und Sch\u00fcler stehen immer im Fokus aller Ideen und Planungen.\u201c<\/p>\n\n\n\n<p>Auch die Grundschule in Gau-Odernheim z\u00e4hlt k\u00fcnftig zu den Schulen der Zukunft. Ihre Schulleiterin Susanne Rammenzweig-Fendel freute sich \u00fcber die Auszeichnung und betonte: \u201eDa sich die Welt rasant ver\u00e4ndert, muss sich auch Schule weiterentwickeln. Das ist unsere Verantwortung \u2013 f\u00fcr Schule allgemein, aber vor allem f\u00fcr die Kinder und Jugendlichen von heute und morgen. Wir freuen uns auf die Teilnahme an dem Projekt \u201eSchule der Zukunft\u201c und die damit zusammenh\u00e4ngende Beteiligungs- und Erm\u00f6glichungskultur durch das Bildungsministerium.\u201c<\/p>\n\n\n\n<p>Die Sch\u00fclerinnen und Sch\u00fcler, die bereits bei der Auftaktveranstaltung zur Schule der Zukunft im November mit dabei waren, haben ihre Vision der Schule der Zukunft so formuliert: \u201eWir wollen uns einmischen und lernen, was f\u00fcr unsere Zukunft wichtig ist\u201c, so Felix. Jonah und Henrik betonten dabei die Bedeutung f\u00fcr ihren Ort und das gesamte Bundesland: \u201eWenn 240 Sch\u00fclerinnen und Sch\u00fcler an der Gau-Odernheimer Grundschule etwas bewegen, dann bewegt sich auch ganz Gau-Odernheim. \u2013 Und dann vielleicht auch viele andere Orte.\u201c<\/p>\n\n\n\n<p>Im Anschluss an die Auftaktveranstaltung im November gab es einen umfassenden digitalen Beteiligungsprozess. In sogenannten Town Hall Meetings werden ganz aktuell regional themengebundene Veranstaltungen f\u00fcr Schulgemeinschaften angeboten, bei denen die Themen Inklusion, Digitalisierung, Schulbau diskutiert werden. Die erste Town Hall fand dabei am 14. Juli 2022 in Kaiserslautern statt. Zudem wurde ein Zukunftsboard mit Expertinnen und Experten aus verschiedenen Bereichen gebildet, das wertvolle Impulse f\u00fcr die Bildung der Zukunft liefert. Dabei geht es beispielsweise um folgende Fragen: Wie sehen unsere Schulen der Zukunft aus? Welche Rolle spielt die Digitalisierung? Welche der Sozialraum? Welche Lehr- und Lernmethoden gewinnen an Bedeutung?<\/p>\n\n\n\n<p>Den Kern der Initiative bilden die Schulen der Zukunft. Die ersten 45 Schulen starten jetzt, in den kommenden Schuljahren werden weitere Schulen hinzukommen. Im Haushalt 2022 stehen 7,5 Millionen Euro f\u00fcr die Initiative zur Verf\u00fcgung, ab 2023 w\u00e4chst der Betrag auf j\u00e4hrlich zehn Millionen Euro auf.\u00a0\u201eHeute feiern wir unsere 45 Schulen der Zukunft. Dann geht es allerdings auch ans Arbeiten. Gemeinsam mit der Schulaufsicht und dem Bildungsministerium steht nach den Sommerferien n\u00e4mlich die Umsetzung der Vorhaben an. Und wir freuen uns sehr darauf\u201c, so die Ministerpr\u00e4sidentin und die Bildungsministerin, die alle Schulen abschlie\u00dfend zur gro\u00dfen Vernetzungsveranstaltung am 30. September 2022 in die Alte Lokhalle nach Mainz einluden.<\/p>\n\n\n\n<h4 class=\"wp-block-heading\">Liste der 45 Schulen der Zukunft<\/h4>\n\n\n\n<ul><li>Carl-K\u00fcstner-Grundschule\u00a0\u00a0\u00a0\u00a0\u00a0\u00a0\u00a0\u00a0\u00a0\u00a0\u00a0\u00a0\u00a0\u00a0\u00a0\u00a0\u00a0\u00a0\u00a0\u00a0\u00a0\u00a0\u00a0\u00a0\u00a0\u00a0\u00a0\u00a0\u00a0\u00a0\u00a0\u00a0\u00a0\u00a0\u00a0\u00a0\u00a0\u00a0\u00a0\u00a0\u00a0\u00a0\u00a0\u00a0\u00a0\u00a0\u00a0\u00a0\u00a0\u00a0\u00a0\u00a0\u00a0\u00a0\u00a0\u00a0 67583 Guntersblum<\/li><li>Grundschule Ober-Olm\u00a0\u00a0\u00a0\u00a0\u00a0\u00a0\u00a0\u00a0\u00a0\u00a0\u00a0\u00a0\u00a0\u00a0\u00a0\u00a0\u00a0\u00a0\u00a0\u00a0\u00a0\u00a0\u00a0\u00a0\u00a0\u00a0\u00a0\u00a0\u00a0\u00a0\u00a0\u00a0\u00a0\u00a0\u00a0\u00a0\u00a0\u00a0\u00a0\u00a0\u00a0\u00a0\u00a0\u00a0\u00a0\u00a0\u00a0\u00a0\u00a0\u00a0\u00a0\u00a0\u00a0\u00a0\u00a0\u00a0\u00a0\u00a0\u00a0\u00a0 55270 Ober-Olm<\/li><li>Grund- und Ganztagsschule St. Martin Ochtendung\u00a0\u00a0\u00a0\u00a0\u00a0\u00a0\u00a0\u00a0\u00a0\u00a0\u00a0\u00a0\u00a0\u00a0\u00a0\u00a0\u00a0\u00a0 56299 Ochtendung<\/li><li>Burg-Grundschule Ulmen\u00a0\u00a0\u00a0\u00a0\u00a0\u00a0\u00a0\u00a0\u00a0\u00a0\u00a0\u00a0\u00a0\u00a0\u00a0\u00a0\u00a0\u00a0\u00a0\u00a0\u00a0\u00a0\u00a0\u00a0\u00a0\u00a0\u00a0\u00a0\u00a0\u00a0\u00a0\u00a0\u00a0\u00a0\u00a0\u00a0\u00a0\u00a0\u00a0\u00a0\u00a0\u00a0\u00a0\u00a0\u00a0\u00a0\u00a0\u00a0\u00a0\u00a0\u00a0\u00a0\u00a0\u00a0\u00a0\u00a0 56766 Ulmen<\/li><li>Grundschule Wallhausen (Geschwister-Scholl-Schule)\u00a0\u00a0 \u00a0\u00a0\u00a0\u00a0\u00a0\u00a0\u00a0\u00a0\u00a0\u00a0\u00a0\u00a0 55595 Wallhausen<\/li><li>Grundschule Gau-Odernheim\u00a0\u00a0\u00a0\u00a0\u00a0\u00a0\u00a0\u00a0\u00a0\u00a0\u00a0\u00a0\u00a0\u00a0\u00a0\u00a0\u00a0\u00a0\u00a0\u00a0\u00a0\u00a0\u00a0\u00a0\u00a0\u00a0\u00a0\u00a0\u00a0\u00a0\u00a0\u00a0\u00a0\u00a0\u00a0\u00a0\u00a0\u00a0\u00a0\u00a0\u00a0\u00a0\u00a0\u00a0\u00a0\u00a0\u00a0\u00a0\u00a0\u00a0\u00a0 55239 Gau-Odernheim<\/li><li>Br\u00fcder-Grimm-Schule Ingelheim-Nord\u00a0\u00a0\u00a0\u00a0\u00a0\u00a0\u00a0\u00a0\u00a0\u00a0\u00a0\u00a0\u00a0\u00a0\u00a0\u00a0\u00a0\u00a0\u00a0\u00a0\u00a0\u00a0\u00a0\u00a0\u00a0\u00a0\u00a0\u00a0\u00a0\u00a0\u00a0\u00a0\u00a0\u00a0\u00a0\u00a0\u00a0\u00a0 55218 Ingelheim<\/li><li>Grundschule an den R\u00f6mersteinen Mainz-Zahlbach\u00a0\u00a0\u00a0\u00a0\u00a0\u00a0\u00a0\u00a0\u00a0\u00a0\u00a0\u00a0\u00a0\u00a0\u00a0\u00a0\u00a0\u00a0 55128 Mainz<\/li><li>Grundschule Contwig\u00a0\u00a0\u00a0\u00a0\u00a0\u00a0\u00a0\u00a0\u00a0\u00a0\u00a0\u00a0\u00a0\u00a0\u00a0\u00a0\u00a0\u00a0\u00a0\u00a0\u00a0\u00a0\u00a0\u00a0\u00a0\u00a0\u00a0\u00a0\u00a0\u00a0\u00a0\u00a0\u00a0\u00a0\u00a0\u00a0\u00a0\u00a0\u00a0\u00a0\u00a0\u00a0\u00a0\u00a0\u00a0\u00a0\u00a0\u00a0\u00a0\u00a0\u00a0\u00a0\u00a0\u00a0\u00a0\u00a0\u00a0\u00a0\u00a0\u00a0\u00a0\u00a0 66497 Contwig<\/li><li>Realschule plus Am Scharlachberg\u00a0\u00a0\u00a0\u00a0\u00a0\u00a0\u00a0\u00a0\u00a0\u00a0\u00a0\u00a0\u00a0\u00a0\u00a0\u00a0\u00a0\u00a0\u00a0\u00a0\u00a0\u00a0\u00a0\u00a0\u00a0\u00a0\u00a0\u00a0\u00a0\u00a0\u00a0\u00a0\u00a0\u00a0\u00a0\u00a0\u00a0\u00a0\u00a0\u00a0\u00a0\u00a0 55411 Bingen am Rhein<\/li><li>St. Thomas Realschule plus Andernach\u00a0\u00a0\u00a0\u00a0\u00a0\u00a0\u00a0\u00a0\u00a0\u00a0\u00a0\u00a0\u00a0\u00a0\u00a0\u00a0\u00a0\u00a0\u00a0\u00a0\u00a0\u00a0\u00a0\u00a0\u00a0\u00a0\u00a0\u00a0\u00a0\u00a0\u00a0\u00a0\u00a0\u00a0\u00a0 56626 Andernach<\/li><li>Realschule plus Lahnstein\u00a0\u00a0\u00a0\u00a0\u00a0\u00a0\u00a0\u00a0\u00a0\u00a0\u00a0\u00a0\u00a0\u00a0\u00a0\u00a0\u00a0\u00a0\u00a0\u00a0\u00a0\u00a0\u00a0\u00a0\u00a0\u00a0\u00a0\u00a0\u00a0\u00a0\u00a0\u00a0\u00a0\u00a0\u00a0\u00a0\u00a0\u00a0\u00a0\u00a0\u00a0\u00a0\u00a0\u00a0\u00a0\u00a0\u00a0\u00a0\u00a0\u00a0\u00a0\u00a0\u00a0\u00a0\u00a0 56112 Lahnstein<\/li><li>Kurf\u00fcrst-Balduin-Realschule plus Trier\u00a0\u00a0\u00a0\u00a0\u00a0\u00a0\u00a0\u00a0\u00a0\u00a0\u00a0\u00a0\u00a0\u00a0\u00a0\u00a0\u00a0\u00a0\u00a0\u00a0\u00a0\u00a0\u00a0\u00a0\u00a0\u00a0\u00a0\u00a0\u00a0\u00a0\u00a0\u00a0\u00a0\u00a0\u00a0\u00a0\u00a0\u00a0 54290 Trier<\/li><li>Realschule plus Rockenhausen\u00a0\u00a0\u00a0\u00a0\u00a0\u00a0\u00a0\u00a0\u00a0\u00a0\u00a0\u00a0\u00a0\u00a0\u00a0\u00a0\u00a0\u00a0\u00a0\u00a0\u00a0\u00a0\u00a0\u00a0\u00a0\u00a0\u00a0\u00a0\u00a0\u00a0\u00a0\u00a0\u00a0\u00a0\u00a0\u00a0\u00a0\u00a0\u00a0\u00a0\u00a0\u00a0\u00a0\u00a0\u00a0\u00a0\u00a0 67806 Rockenhausen<\/li><li>Konrad-Adenauer-Realschule plus Fachoberschule<br>Technik\/Umwelt\u00a0\u00a0\u00a0\u00a0\u00a0\u00a0\u00a0\u00a0\u00a0\u00a0\u00a0\u00a0\u00a0\u00a0\u00a0\u00a0\u00a0\u00a0\u00a0\u00a0\u00a0\u00a0\u00a0\u00a0\u00a0\u00a0\u00a0\u00a0\u00a0\u00a0\u00a0\u00a0\u00a0\u00a0\u00a0\u00a0\u00a0\u00a0\u00a0\u00a0\u00a0\u00a0\u00a0\u00a0\u00a0\u00a0\u00a0\u00a0\u00a0\u00a0\u00a0\u00a0\u00a0\u00a0\u00a0\u00a0\u00a0\u00a0\u00a0\u00a0\u00a0\u00a0\u00a0\u00a0\u00a0\u00a0\u00a0\u00a0\u00a0\u00a0\u00a0 76829 Landau<\/li><li>Goethe-Realschule plus Koblenz\u00a0\u00a0\u00a0\u00a0\u00a0\u00a0\u00a0\u00a0\u00a0\u00a0\u00a0\u00a0\u00a0\u00a0\u00a0\u00a0\u00a0\u00a0\u00a0\u00a0\u00a0\u00a0\u00a0\u00a0\u00a0\u00a0\u00a0\u00a0\u00a0\u00a0\u00a0\u00a0\u00a0\u00a0\u00a0\u00a0\u00a0\u00a0\u00a0\u00a0\u00a0\u00a0\u00a0\u00a0\u00a0 56073 Koblenz<\/li><li>Realschule plus Vulkaneifel\u00a0\u00a0\u00a0\u00a0\u00a0\u00a0\u00a0\u00a0\u00a0\u00a0\u00a0\u00a0\u00a0\u00a0\u00a0\u00a0\u00a0\u00a0\u00a0\u00a0\u00a0\u00a0\u00a0\u00a0\u00a0\u00a0\u00a0\u00a0\u00a0\u00a0\u00a0\u00a0\u00a0\u00a0\u00a0\u00a0\u00a0\u00a0\u00a0\u00a0\u00a0\u00a0\u00a0\u00a0\u00a0\u00a0\u00a0\u00a0\u00a0\u00a0\u00a0\u00a0\u00a0 56766 Ulmen<\/li><li>IGS An den Rheinauen\u00a0\u00a0\u00a0\u00a0\u00a0\u00a0\u00a0\u00a0\u00a0\u00a0\u00a0\u00a0\u00a0\u00a0\u00a0\u00a0\u00a0\u00a0\u00a0\u00a0\u00a0\u00a0\u00a0\u00a0\u00a0\u00a0\u00a0\u00a0\u00a0\u00a0\u00a0\u00a0\u00a0\u00a0\u00a0\u00a0\u00a0\u00a0\u00a0\u00a0\u00a0\u00a0\u00a0\u00a0\u00a0\u00a0\u00a0\u00a0\u00a0\u00a0\u00a0\u00a0\u00a0\u00a0\u00a0\u00a0\u00a0\u00a0\u00a0\u00a0 55276 Oppenheim<\/li><li>IGS Landau\u00a0\u00a0\u00a0\u00a0\u00a0\u00a0\u00a0\u00a0\u00a0\u00a0\u00a0\u00a0\u00a0\u00a0\u00a0\u00a0\u00a0\u00a0\u00a0\u00a0\u00a0\u00a0\u00a0\u00a0\u00a0\u00a0\u00a0\u00a0\u00a0\u00a0\u00a0\u00a0\u00a0\u00a0\u00a0\u00a0\u00a0\u00a0\u00a0\u00a0\u00a0\u00a0\u00a0\u00a0\u00a0\u00a0\u00a0\u00a0\u00a0\u00a0\u00a0\u00a0\u00a0\u00a0\u00a0\u00a0\u00a0\u00a0\u00a0\u00a0\u00a0\u00a0\u00a0\u00a0\u00a0\u00a0\u00a0\u00a0\u00a0\u00a0\u00a0\u00a0\u00a0\u00a0\u00a0\u00a0\u00a0\u00a0\u00a0\u00a0 \u00a076829 Landau in der Pfalz<\/li><li>Nicolaus-August-Otto-Schule Nast\u00e4tten IGS\u00a0\u00a0\u00a0\u00a0\u00a0\u00a0\u00a0\u00a0\u00a0\u00a0\u00a0\u00a0\u00a0\u00a0\u00a0\u00a0\u00a0\u00a0\u00a0\u00a0\u00a0\u00a0\u00a0\u00a0\u00a0\u00a0\u00a0\u00a0\u00a0 56355 Nast\u00e4tten<\/li><li>IGS Edigheim\u00a0\u00a0\u00a0\u00a0\u00a0\u00a0\u00a0\u00a0\u00a0\u00a0\u00a0\u00a0\u00a0\u00a0\u00a0\u00a0\u00a0\u00a0\u00a0\u00a0\u00a0\u00a0\u00a0\u00a0\u00a0\u00a0\u00a0\u00a0\u00a0\u00a0\u00a0\u00a0\u00a0\u00a0\u00a0\u00a0\u00a0\u00a0\u00a0\u00a0\u00a0\u00a0\u00a0\u00a0\u00a0\u00a0\u00a0\u00a0\u00a0\u00a0\u00a0\u00a0\u00a0\u00a0\u00a0\u00a0\u00a0\u00a0\u00a0\u00a0\u00a0\u00a0\u00a0\u00a0\u00a0\u00a0\u00a0\u00a0\u00a0\u00a0\u00a0\u00a0\u00a0 67069 Ludwigshafen<\/li><li>IGS Mainz am Europakreisel\u00a0\u00a0\u00a0\u00a0\u00a0\u00a0\u00a0\u00a0\u00a0\u00a0\u00a0\u00a0\u00a0\u00a0\u00a0\u00a0\u00a0\u00a0\u00a0\u00a0\u00a0\u00a0\u00a0\u00a0\u00a0\u00a0\u00a0\u00a0\u00a0\u00a0\u00a0\u00a0\u00a0\u00a0\u00a0\u00a0\u00a0\u00a0\u00a0\u00a0\u00a0\u00a0\u00a0\u00a0\u00a0\u00a0\u00a0\u00a0\u00a0\u00a0\u00a0 55131 Mainz<\/li><li>IGS R\u00fclzheim\u00a0\u00a0\u00a0\u00a0\u00a0\u00a0\u00a0\u00a0\u00a0\u00a0\u00a0\u00a0\u00a0\u00a0\u00a0\u00a0\u00a0\u00a0\u00a0\u00a0\u00a0\u00a0\u00a0\u00a0\u00a0\u00a0\u00a0\u00a0\u00a0\u00a0\u00a0\u00a0\u00a0\u00a0\u00a0\u00a0\u00a0\u00a0\u00a0\u00a0\u00a0\u00a0\u00a0\u00a0\u00a0\u00a0\u00a0\u00a0\u00a0\u00a0\u00a0\u00a0\u00a0\u00a0\u00a0\u00a0\u00a0\u00a0\u00a0\u00a0\u00a0\u00a0\u00a0\u00a0\u00a0\u00a0\u00a0\u00a0\u00a0\u00a0\u00a0\u00a0\u00a0\u00a0 76761 R\u00fclzheim<\/li><li>IGS Hamm (Sieg)\u00a0\u00a0\u00a0\u00a0\u00a0\u00a0\u00a0\u00a0\u00a0\u00a0\u00a0\u00a0\u00a0\u00a0\u00a0\u00a0\u00a0\u00a0\u00a0\u00a0\u00a0\u00a0\u00a0\u00a0\u00a0\u00a0\u00a0\u00a0\u00a0\u00a0\u00a0\u00a0\u00a0\u00a0\u00a0\u00a0\u00a0\u00a0\u00a0\u00a0\u00a0\u00a0\u00a0\u00a0\u00a0\u00a0\u00a0\u00a0\u00a0\u00a0\u00a0\u00a0\u00a0\u00a0\u00a0\u00a0\u00a0\u00a0\u00a0\u00a0\u00a0\u00a0\u00a0\u00a0\u00a0\u00a0\u00a0 57577 Hamm (Sieg)<\/li><li>IGS Am Nanstein Landstuhl\u00a0\u00a0\u00a0\u00a0\u00a0\u00a0\u00a0\u00a0\u00a0\u00a0\u00a0\u00a0\u00a0\u00a0\u00a0\u00a0\u00a0\u00a0\u00a0\u00a0\u00a0\u00a0\u00a0\u00a0\u00a0\u00a0\u00a0\u00a0\u00a0\u00a0\u00a0\u00a0\u00a0\u00a0\u00a0\u00a0\u00a0\u00a0\u00a0\u00a0\u00a0\u00a0\u00a0\u00a0\u00a0\u00a0\u00a0\u00a0\u00a0\u00a0\u00a0\u00a0\u00a0 66849 Landstuhl<\/li><li>IGS Salmtal\u00a0\u00a0\u00a0\u00a0\u00a0\u00a0\u00a0\u00a0\u00a0\u00a0\u00a0\u00a0\u00a0\u00a0\u00a0\u00a0\u00a0\u00a0\u00a0\u00a0\u00a0\u00a0\u00a0\u00a0\u00a0\u00a0\u00a0\u00a0\u00a0\u00a0\u00a0\u00a0\u00a0\u00a0\u00a0\u00a0\u00a0\u00a0\u00a0\u00a0\u00a0\u00a0\u00a0\u00a0\u00a0\u00a0\u00a0\u00a0\u00a0\u00a0\u00a0\u00a0\u00a0\u00a0\u00a0\u00a0\u00a0\u00a0\u00a0\u00a0\u00a0\u00a0\u00a0\u00a0\u00a0\u00a0\u00a0\u00a0\u00a0\u00a0\u00a0\u00a0\u00a0\u00a0\u00a0\u00a0 54528 Salmtal<\/li><li>IGS Daniel Theysohn Waldfischbach-Burgalben\u00a0\u00a0\u00a0\u00a0\u00a0\u00a0\u00a0\u00a0\u00a0\u00a0\u00a0\u00a0\u00a0\u00a0\u00a0\u00a0\u00a0\u00a0\u00a0\u00a0\u00a0\u00a0\u00a0\u00a0\u00a0 67714 Waldfischbach-Burgalben<\/li><li>IGS Morbach\u00a0\u00a0\u00a0\u00a0\u00a0\u00a0\u00a0\u00a0\u00a0\u00a0\u00a0\u00a0\u00a0\u00a0\u00a0\u00a0\u00a0\u00a0\u00a0\u00a0\u00a0\u00a0\u00a0\u00a0\u00a0\u00a0\u00a0\u00a0\u00a0\u00a0\u00a0\u00a0\u00a0\u00a0\u00a0\u00a0\u00a0\u00a0\u00a0\u00a0\u00a0\u00a0\u00a0\u00a0\u00a0\u00a0\u00a0\u00a0\u00a0\u00a0\u00a0\u00a0\u00a0\u00a0\u00a0\u00a0\u00a0\u00a0\u00a0\u00a0\u00a0\u00a0\u00a0\u00a0\u00a0\u00a0\u00a0\u00a0\u00a0\u00a0\u00a0\u00a0\u00a0\u00a0 54497 Morbach<\/li><li>Raiffeisen-Campus\u00a0\u00a0\u00a0\u00a0\u00a0\u00a0\u00a0\u00a0\u00a0\u00a0\u00a0\u00a0\u00a0\u00a0\u00a0\u00a0\u00a0\u00a0\u00a0\u00a0\u00a0\u00a0\u00a0\u00a0\u00a0\u00a0\u00a0\u00a0\u00a0\u00a0\u00a0\u00a0\u00a0\u00a0\u00a0\u00a0\u00a0\u00a0\u00a0\u00a0\u00a0\u00a0\u00a0\u00a0\u00a0\u00a0\u00a0\u00a0\u00a0\u00a0\u00a0\u00a0\u00a0\u00a0\u00a0\u00a0\u00a0\u00a0\u00a0\u00a0\u00a0\u00a0\u00a0\u00a0\u00a0 56428 Dernbach<\/li><li>Theresianum Mainz\u00a0\u00a0\u00a0\u00a0\u00a0\u00a0\u00a0\u00a0\u00a0\u00a0\u00a0\u00a0\u00a0\u00a0\u00a0\u00a0\u00a0\u00a0\u00a0\u00a0\u00a0\u00a0\u00a0\u00a0\u00a0\u00a0\u00a0\u00a0\u00a0\u00a0\u00a0\u00a0\u00a0\u00a0\u00a0\u00a0\u00a0\u00a0\u00a0\u00a0\u00a0\u00a0\u00a0\u00a0\u00a0\u00a0\u00a0\u00a0\u00a0\u00a0\u00a0\u00a0\u00a0\u00a0\u00a0\u00a0\u00a0\u00a0\u00a0\u00a0\u00a0\u00a0\u00a0\u00a0\u00a0 55131 Mainz<\/li><li>Geschwister-Scholl-Gymnasium Daun\u00a0\u00a0\u00a0\u00a0\u00a0\u00a0\u00a0\u00a0\u00a0\u00a0\u00a0\u00a0\u00a0\u00a0\u00a0\u00a0\u00a0\u00a0\u00a0\u00a0\u00a0\u00a0\u00a0\u00a0\u00a0\u00a0 \u00a0\u00a0\u00a0\u00a0\u00a0\u00a0\u00a0\u00a0\u00a0\u00a0\u00a0 54550 Daun<\/li><li>Gymnasium Birkenfeld\u00a0\u00a0\u00a0\u00a0\u00a0\u00a0\u00a0\u00a0\u00a0\u00a0\u00a0\u00a0\u00a0\u00a0\u00a0\u00a0\u00a0\u00a0\u00a0\u00a0\u00a0\u00a0\u00a0\u00a0\u00a0\u00a0\u00a0\u00a0\u00a0\u00a0\u00a0\u00a0\u00a0\u00a0\u00a0\u00a0\u00a0\u00a0\u00a0\u00a0\u00a0\u00a0\u00a0\u00a0\u00a0\u00a0\u00a0\u00a0\u00a0\u00a0\u00a0\u00a0\u00a0\u00a0\u00a0\u00a0\u00a0\u00a0\u00a0\u00a0 55765 Birkenfeld<\/li><li>Otto-Schott-Gymnasium Mainz-Gonsenheim\u00a0\u00a0\u00a0\u00a0\u00a0\u00a0\u00a0\u00a0\u00a0\u00a0\u00a0\u00a0\u00a0\u00a0\u00a0\u00a0\u00a0\u00a0\u00a0\u00a0\u00a0\u00a0\u00a0\u00a0\u00a0\u00a0\u00a0\u00a0\u00a0 55122 Mainz<\/li><li>Staatliches Eifel-Gymnasium\u00a0\u00a0\u00a0\u00a0\u00a0\u00a0\u00a0\u00a0\u00a0\u00a0\u00a0\u00a0\u00a0\u00a0\u00a0\u00a0\u00a0\u00a0\u00a0\u00a0\u00a0\u00a0\u00a0\u00a0\u00a0\u00a0\u00a0\u00a0\u00a0\u00a0\u00a0\u00a0\u00a0\u00a0\u00a0\u00a0\u00a0\u00a0\u00a0\u00a0\u00a0\u00a0\u00a0\u00a0\u00a0\u00a0\u00a0\u00a0\u00a0\u00a0\u00a0 54673 Neuerburg<\/li><li>Gymnasium Weierhof\u00a0\u00a0\u00a0\u00a0\u00a0\u00a0\u00a0\u00a0\u00a0\u00a0\u00a0\u00a0\u00a0\u00a0\u00a0\u00a0\u00a0\u00a0\u00a0\u00a0\u00a0\u00a0\u00a0\u00a0\u00a0\u00a0\u00a0\u00a0\u00a0\u00a0\u00a0\u00a0\u00a0\u00a0\u00a0\u00a0\u00a0\u00a0\u00a0\u00a0\u00a0\u00a0\u00a0\u00a0\u00a0\u00a0\u00a0\u00a0\u00a0\u00a0\u00a0\u00a0\u00a0\u00a0\u00a0\u00a0\u00a0\u00a0\u00a0\u00a0\u00a0\u00a0 67295 Bolanden<\/li><li>Gymnasium am R\u00f6merkastell\u00a0\u00a0\u00a0\u00a0\u00a0\u00a0\u00a0\u00a0\u00a0\u00a0\u00a0\u00a0\u00a0\u00a0\u00a0\u00a0\u00a0\u00a0\u00a0\u00a0\u00a0\u00a0\u00a0\u00a0\u00a0\u00a0\u00a0\u00a0\u00a0\u00a0\u00a0\u00a0\u00a0\u00a0\u00a0\u00a0\u00a0\u00a0\u00a0\u00a0\u00a0\u00a0\u00a0\u00a0\u00a0\u00a0\u00a0\u00a0\u00a0\u00a0 55232 Alzey<\/li><li>Emanuel-Felke-Gymnasium\u00a0\u00a0\u00a0\u00a0\u00a0\u00a0\u00a0\u00a0\u00a0\u00a0\u00a0\u00a0\u00a0\u00a0\u00a0\u00a0\u00a0\u00a0\u00a0\u00a0\u00a0\u00a0\u00a0\u00a0\u00a0\u00a0\u00a0\u00a0\u00a0\u00a0\u00a0\u00a0\u00a0\u00a0\u00a0\u00a0\u00a0\u00a0\u00a0\u00a0\u00a0\u00a0\u00a0\u00a0\u00a0\u00a0\u00a0\u00a0\u00a0\u00a0\u00a0\u00a0\u00a0 55566 Bad Sobernheim<\/li><li>Martin-von-Cochem-Gymnasium\u00a0\u00a0\u00a0\u00a0\u00a0\u00a0\u00a0\u00a0\u00a0\u00a0\u00a0\u00a0\u00a0\u00a0\u00a0\u00a0\u00a0\u00a0\u00a0\u00a0\u00a0\u00a0\u00a0\u00a0\u00a0\u00a0\u00a0\u00a0\u00a0\u00a0\u00a0\u00a0\u00a0\u00a0\u00a0\u00a0\u00a0\u00a0\u00a0\u00a0\u00a0\u00a0\u00a0\u00a0\u00a0\u00a0 56812 Cochem<\/li><li>Frauenlob-Gymnasium Mainz\u00a0\u00a0\u00a0\u00a0\u00a0\u00a0\u00a0\u00a0\u00a0\u00a0\u00a0\u00a0\u00a0\u00a0\u00a0\u00a0\u00a0\u00a0\u00a0\u00a0\u00a0\u00a0\u00a0\u00a0\u00a0\u00a0\u00a0\u00a0\u00a0\u00a0\u00a0\u00a0\u00a0\u00a0\u00a0\u00a0\u00a0\u00a0\u00a0\u00a0\u00a0\u00a0\u00a0\u00a0\u00a0\u00a0\u00a0\u00a0\u00a0\u00a0 55118 Mainz<\/li><li>Balthasar-Neumann-Technikum\u00a0\u00a0\u00a0\u00a0\u00a0\u00a0\u00a0\u00a0\u00a0\u00a0\u00a0\u00a0\u00a0\u00a0\u00a0\u00a0\u00a0\u00a0\u00a0\u00a0\u00a0\u00a0\u00a0\u00a0 \u00a0\u00a0\u00a0\u00a0\u00a0\u00a0\u00a0\u00a0\u00a0\u00a0\u00a0\u00a0\u00a0\u00a0\u00a0\u00a0 \u00a0\u00a0\u00a0\u00a0\u00a0\u00a0\u00a0 54292 Trier<\/li><li>Karl-Hofmann-Schule Worms (BBS)\u00a0\u00a0\u00a0\u00a0\u00a0\u00a0\u00a0\u00a0\u00a0\u00a0\u00a0\u00a0\u00a0\u00a0\u00a0\u00a0\u00a0\u00a0\u00a0\u00a0\u00a0\u00a0\u00a0\u00a0\u00a0\u00a0\u00a0\u00a0\u00a0\u00a0\u00a0\u00a0\u00a0\u00a0\u00a0\u00a0\u00a0\u00a0\u00a0\u00a0\u00a0 67549 Worms<\/li><li>Berufsbildende Schule Wirtschaft Koblenz\u00a0\u00a0\u00a0\u00a0\u00a0\u00a0\u00a0\u00a0\u00a0\u00a0\u00a0\u00a0\u00a0\u00a0\u00a0\u00a0\u00a0\u00a0\u00a0\u00a0\u00a0\u00a0\u00a0\u00a0\u00a0\u00a0\u00a0\u00a0\u00a0\u00a0\u00a0\u00a0 56073 Koblenz<\/li><li>Berufsbildende Schule 1\u00a0\u00a0\u00a0\u00a0\u00a0\u00a0\u00a0\u00a0\u00a0\u00a0\u00a0\u00a0\u00a0\u00a0\u00a0\u00a0\u00a0\u00a0\u00a0\u00a0\u00a0\u00a0\u00a0\u00a0\u00a0\u00a0\u00a0\u00a0\u00a0\u00a0\u00a0\u00a0\u00a0\u00a0\u00a0\u00a0\u00a0\u00a0\u00a0\u00a0\u00a0\u00a0\u00a0\u00a0\u00a0\u00a0\u00a0\u00a0\u00a0\u00a0\u00a0\u00a0\u00a0\u00a0\u00a0\u00a0\u00a0\u00a0 55122 Mainz<\/li><li>BBS Zweibr\u00fccken Ignaz-Roth-Schule\u00a0\u00a0\u00a0\u00a0\u00a0\u00a0\u00a0\u00a0\u00a0\u00a0\u00a0\u00a0\u00a0\u00a0\u00a0\u00a0\u00a0\u00a0\u00a0\u00a0\u00a0\u00a0\u00a0\u00a0\u00a0\u00a0\u00a0\u00a0\u00a0\u00a0\u00a0\u00a0\u00a0\u00a0\u00a0\u00a0\u00a0\u00a0\u00a0 66482 Zweibr\u00fccken<\/li><li>Medard-Schule Trier\u00a0\u00a0\u00a0\u00a0\u00a0\u00a0\u00a0\u00a0\u00a0\u00a0\u00a0\u00a0\u00a0\u00a0\u00a0\u00a0\u00a0\u00a0\u00a0\u00a0\u00a0\u00a0\u00a0\u00a0\u00a0\u00a0\u00a0\u00a0\u00a0\u00a0\u00a0\u00a0\u00a0\u00a0\u00a0\u00a0\u00a0\u00a0\u00a0\u00a0\u00a0\u00a0\u00a0\u00a0\u00a0\u00a0\u00a0\u00a0\u00a0\u00a0\u00a0\u00a0\u00a0\u00a0\u00a0\u00a0\u00a0\u00a0\u00a0\u00a0\u00a0\u00a0\u00a0\u00a0 54290 Trier<\/li><\/ul>\n\n\n\n<p><em>Staatskanzlei Rheinland-Pfalz<br>19.07.2022<\/em><\/p>\n\n\n\n<h2 class=\"wp-block-heading\">Ministerpr\u00e4sidentin Malu Dreyer: F\u00f6rderprogramm soll Vereinen Neustart erleichtern<\/h2>\n\n\n<div class=\"wp-block-image\">\n<figure class=\"aligncenter size-full\"><img decoding=\"async\" loading=\"lazy\" width=\"800\" height=\"600\" src=\"https:\/\/speyer24news.com\/wp-content\/uploads\/2021\/02\/Dreyer-Malu.jpg\" alt=\"\" class=\"wp-image-32843\" srcset=\"https:\/\/speyer24news.com\/wp-content\/uploads\/2021\/02\/Dreyer-Malu.jpg 800w, https:\/\/speyer24news.com\/wp-content\/uploads\/2021\/02\/Dreyer-Malu-300x225.jpg 300w, https:\/\/speyer24news.com\/wp-content\/uploads\/2021\/02\/Dreyer-Malu-768x576.jpg 768w, https:\/\/speyer24news.com\/wp-content\/uploads\/2021\/02\/Dreyer-Malu-678x509.jpg 678w, https:\/\/speyer24news.com\/wp-content\/uploads\/2021\/02\/Dreyer-Malu-326x245.jpg 326w, https:\/\/speyer24news.com\/wp-content\/uploads\/2021\/02\/Dreyer-Malu-80x60.jpg 80w\" sizes=\"(max-width: 800px) 100vw, 800px\" \/><\/figure><\/div>\n\n\n<p>Mit einem F\u00f6rderprogramm will die Landesregierung Vereinen dabei helfen, das Vereinsleben und die Vereinsaktivit\u00e4ten nach der Corona-Pandemie wieder zu beleben. \u201eDas Programm \u201aNeustart f\u00fcr Vereine nach der Corona-Pandemie\u2018 bietet unkomplizierte finanzielle Unterst\u00fctzung, um das Leben in den Vereinen wieder in Schwung zu bringen, aber auch Modernisierung und Erneuerung in den Vereinen zu f\u00f6rdern\u201c, so Ministerpr\u00e4sidentin Malu Dreyer. Insgesamt stehen zwei Millionen Euro f\u00fcr das Programm zur Verf\u00fcgung.<\/p>\n\n\n\n<p>\u201eMit dem \u201aSchutzschirm f\u00fcr Vereine in Not\u2018 hat die Landesregierung bereits 2020 ein Instrument geschaffen, mit dem wir in der Pandemie Vereinsaufl\u00f6sungen und einer Erosion der Zivilgesellschaft wirkungsvoll begegnen konnten. Dennoch hat Corona bei vielen Vereinen Spuren hinterlassen. Veranstaltungen mussten abgesagt werden, geplante Aktivit\u00e4ten waren nicht oder nur unter erschwerten Bedingungen m\u00f6glich, Zusammenhalt und Gemeinschaft haben gelitten\u201c, sagte Ministerpr\u00e4sidentin Malu Dreyer.<\/p>\n\n\n\n<p>Mit dem neuen F\u00f6rderprogramm soll dieser Entwicklung entgegengewirkt werden. Gemeinn\u00fctzige Vereine k\u00f6nnen \u00fcber das Programm eine einmalige Zuwendung bis zu einer H\u00f6he von maximal 2.000 Euro erhalten. Neben einem sehr unb\u00fcrokratischen Antragsverfahren sorgt eine Festbetragsfinanzierung und ein vereinfachter Verwendungsnachweis daf\u00fcr, dass die H\u00fcrden f\u00fcr eine Antragstellung sehr niedrig sind.<\/p>\n\n\n\n<p>Gef\u00f6rdert werden k\u00f6nnen Ma\u00dfnahmen zur Mitgliederbindung und zur St\u00e4rkung des Zusammengeh\u00f6rigkeitsgef\u00fchls, Ma\u00dfnahmen der Mitgliedergewinnung etwa durch \u00d6ffentlichkeitsarbeit und Kampagnen, der Nachwuchsgewinnung f\u00fcr die ehrenamtliche F\u00fchrung und Leitung, zur Modernisierung und Digitalisierung der Vereinsarbeit sowie Ma\u00dfnahmen der Vernetzung und des Austauschs auf lokaler und regionaler Ebene.<\/p>\n\n\n\n<p>Antragsberechtigt sind Vereine und andere Organisationen, die gem\u00e4\u00df \u00a7&nbsp;52, 53 oder 54 der Abgabenordnung (AO) als steuerbeg\u00fcnstigt anerkannt sind und ihren Sitz in Rheinland-Pfalz haben. Das Programm richtet sich an Vereine und Organisationen, die nicht in den Bereichen Sport oder Kultur t\u00e4tig sind. F\u00fcr Sport- und Kulturvereine bestehen eigenst\u00e4ndige F\u00f6rderprogramme.<\/p>\n\n\n\n<p>Das Programm wird im Auftrag der Staatskanzlei und des Ministeriums des Innern und f\u00fcr Sport Rheinland-Pfalz von der Aufsichts- und Dienstleistungsdirektion (ADD) Rheinland-Pfalz umgesetzt. Antr\u00e4ge k\u00f6nnen ab dem 15.07.2022 gestellt werden. Das Programm ist bis 31.12.2022 befristet.<\/p>\n\n\n\n<p>Weitere Informationen zum Programm gibt es unter<br><a href=\"https:\/\/deref-web.de\/mail\/client\/VSKJLkumzDo\/dereferrer\/?redirectUrl=https%3A%2F%2Fwir-tun-was.rlp.de%2Fde%2Fservice%2Fcorona-pandemie%2F\" target=\"_blank\" rel=\"noreferrer noopener\">https:\/\/wir-tun-was.rlp.de\/de\/service\/corona-pandemie\/<\/a>.<\/p>\n\n\n\n<p>Die Antragstellung ist ab 15.07.2022 m\u00f6glich unter:<\/p>\n\n\n\n<p><a href=\"https:\/\/add.rlp.de\/de\/themen\/foerderungen\/im-sozialen-bereich\/foerderprogramm-neustart-fuer-vereine-nach-der-corona-pandemie\/.\">https:\/\/add.rlp.de\/de\/themen\/foerderungen\/im-sozialen-bereich\/foerderprogramm-neustart-fuer-vereine-nach-der-corona-pandemie\/.<\/a><\/p>\n\n\n\n<p><em>Staatskanzlei Rheinland-Pfalz<br>11.07.2022<\/em><\/p>\n","protected":false},"excerpt":{"rendered":"<div class=\"mh-excerpt\"><p>Einladung zum August-Stammtisch der FDP Speyer am 04.08.2022 SPEYER &#8211; Der FDP-Kreisverband Speyer l\u00e4dt herzlich zum Geothermie-Stammtisch am Donnerstag, 04.08.2022 um 19:00 im Wirtshaus am Dom, Maximiliansstra\u00dfe 96, Speyer ein. Zu Gast haben wir dieses <a class=\"mh-excerpt-more\" href=\"https:\/\/speyer24news.com\/?p=47700\" title=\"Kommunalpolitik\">[&#8230;]<\/a><\/p>\n<\/div>","protected":false},"author":3,"featured_media":35473,"comment_status":"open","ping_status":"open","sticky":false,"template":"","format":"standard","meta":{"_monsterinsights_skip_tracking":false,"_monsterinsights_sitenote_active":false,"_monsterinsights_sitenote_note":"","_monsterinsights_sitenote_category":0,"footnotes":""},"categories":[1530],"tags":[2942,2943,14742,14743,14741,846,987,3,310,14959],"aioseo_notices":[],"amp_enabled":true,"_links":{"self":[{"href":"https:\/\/speyer24news.com\/index.php?rest_route=\/wp\/v2\/posts\/47700"}],"collection":[{"href":"https:\/\/speyer24news.com\/index.php?rest_route=\/wp\/v2\/posts"}],"about":[{"href":"https:\/\/speyer24news.com\/index.php?rest_route=\/wp\/v2\/types\/post"}],"author":[{"embeddable":true,"href":"https:\/\/speyer24news.com\/index.php?rest_route=\/wp\/v2\/users\/3"}],"replies":[{"embeddable":true,"href":"https:\/\/speyer24news.com\/index.php?rest_route=%2Fwp%2Fv2%2Fcomments&post=47700"}],"version-history":[{"count":1,"href":"https:\/\/speyer24news.com\/index.php?rest_route=\/wp\/v2\/posts\/47700\/revisions"}],"predecessor-version":[{"id":47707,"href":"https:\/\/speyer24news.com\/index.php?rest_route=\/wp\/v2\/posts\/47700\/revisions\/47707"}],"wp:featuredmedia":[{"embeddable":true,"href":"https:\/\/speyer24news.com\/index.php?rest_route=\/wp\/v2\/media\/35473"}],"wp:attachment":[{"href":"https:\/\/speyer24news.com\/index.php?rest_route=%2Fwp%2Fv2%2Fmedia&parent=47700"}],"wp:term":[{"taxonomy":"category","embeddable":true,"href":"https:\/\/speyer24news.com\/index.php?rest_route=%2Fwp%2Fv2%2Fcategories&post=47700"},{"taxonomy":"post_tag","embeddable":true,"href":"https:\/\/speyer24news.com\/index.php?rest_route=%2Fwp%2Fv2%2Ftags&post=47700"}],"curies":[{"name":"wp","href":"https:\/\/api.w.org\/{rel}","templated":true}]}}