{"id":47720,"date":"2022-07-30T08:54:39","date_gmt":"2022-07-30T07:54:39","guid":{"rendered":"https:\/\/speyer24news.com\/?p=47720"},"modified":"2022-07-30T08:54:42","modified_gmt":"2022-07-30T07:54:42","slug":"polizeimeldungen-freitag-29-07-2022","status":"publish","type":"post","link":"https:\/\/speyer24news.com\/?p=47720","title":{"rendered":"Polizeimeldungen Freitag (29.07.2022)"},"content":{"rendered":"<style type=\"text\/css\">\r\n\t.ads_top_disp{}\r\n\t.ads_top_corner_disp{ float:left; margin:0px 10px 10px 0px; }\r\n\t.ads_first_p_disp{}\r\n\t.ads_bottom_disp{}\r\n\t<\/style>\n<h2 class=\"wp-block-heading\">Polizeimeldungen vom Freitag (29.07.2022)<\/h2>\n\n\n<div class=\"wp-block-image\">\n<figure class=\"aligncenter size-full\"><img decoding=\"async\" loading=\"lazy\" width=\"375\" height=\"500\" src=\"https:\/\/speyer24news.com\/wp-content\/uploads\/2022\/03\/Aktuelles-Polizeilogo.jpg\" alt=\"\" class=\"wp-image-43591\" srcset=\"https:\/\/speyer24news.com\/wp-content\/uploads\/2022\/03\/Aktuelles-Polizeilogo.jpg 375w, https:\/\/speyer24news.com\/wp-content\/uploads\/2022\/03\/Aktuelles-Polizeilogo-225x300.jpg 225w\" sizes=\"(max-width: 375px) 100vw, 375px\" \/><\/figure><\/div>\n\n\n<h2 class=\"wp-block-heading\">(Speyer) &#8211; Verkehrsunfall mit verletzen Personen<\/h2>\n\n\n\n<p>Ein 17-J\u00e4hriger befuhr am 28.07.2022 gegen 18:00 Uhr mit seinem E-Scooter den Radweg in der Kurt-Schumacher-Stra\u00dfe in Fahrtrichtung Landwehrstra\u00dfe. An einer Grundst\u00fccksausfahrt fuhr ein 66-j\u00e4hriger Radfahrer auf den Radweg ein und kam dort zum Stehen. Dabei kam es zur Kollision beider Verkehrsteilnehmer. Diese stie\u00dfen mit den K\u00f6pfen zusammen und st\u00fcrzten. Der 17-J\u00e4hrige erlitt eine Platzwunde am rechten Auge und der Radfahrer eine Schwellung an der Stirn, sowie eine Sch\u00fcrfwunde am rechten Knie. Ein Sachschaden entstand nicht. Der hinzugerufene Rettungsdienst versorgte den E-Scooter-Fahrer und brachte diesen zur medizinischen Behandlung in ein umliegendes Krankenhaus. Der Radfahrer wollte keine \u00e4rztliche Behandlung in Anspruch nehmen.<\/p>\n\n\n\n<h2 class=\"wp-block-heading\">(Speyer) &#8211; Ladendieb festgenommen<\/h2>\n\n\n<div class=\"wp-block-image\">\n<figure class=\"aligncenter size-full\"><img decoding=\"async\" loading=\"lazy\" width=\"800\" height=\"533\" src=\"https:\/\/speyer24news.com\/wp-content\/uploads\/2021\/10\/Festnahme-Handschellen.jpg\" alt=\"\" class=\"wp-image-41224\" srcset=\"https:\/\/speyer24news.com\/wp-content\/uploads\/2021\/10\/Festnahme-Handschellen.jpg 800w, https:\/\/speyer24news.com\/wp-content\/uploads\/2021\/10\/Festnahme-Handschellen-300x200.jpg 300w, https:\/\/speyer24news.com\/wp-content\/uploads\/2021\/10\/Festnahme-Handschellen-768x512.jpg 768w\" sizes=\"(max-width: 800px) 100vw, 800px\" \/><figcaption>Beispielbild Handschelle \/ Verhaftung, dient lediglich der Visualisierung<\/figcaption><\/figure><\/div>\n\n\n<p>Am 28.07.2022 gegen 14:38 Uhr entnahm ein 37-j\u00e4hriger Mann in einem Kaufhaus in der Maximilianstra\u00dfe drei Parfums und steckte diese in seinen Rucksack. Anschlie\u00dfend verlie\u00df er das Kaufhaus und lief in die Fu\u00dfg\u00e4ngerzone. Angestellte beobachteten die Tathandlung per Kamera und informierten die Polizei. Im Rahmen einer Fahndung konnten die eingesetzten Beamten den Tatverd\u00e4chtigen auf der Maximilianstra\u00dfe ausmachen. Dieser lief gerade in ein anderes Kaufhaus und ging zielgerichtet zur Parf\u00fcmabteilung. Dort kontrollierten die Beamten den 37-J\u00e4hrigen und durchsuchten seinen mitgef\u00fchrten Rucksack. Darin stellten sie einen Teil des Diebesgutes aus dem ersten Laden sowie neue Kleidungsst\u00fccke mit Etiketten fest. Der Tatverd\u00e4chtige konnte keine Rechnungen f\u00fcr die Waren vorlegen. Die Beamten ermittelten umgehend und ordneten die aufgefundenen Waren im Gesamtwert von 250 Euro weiteren gesch\u00e4digten Gesch\u00e4ften in der Maximilianstra\u00dfe zu. Die Waren hatten einen Gesamtwert ca. 250 Euro. Bei der Durchsuchung des Mannes fanden die Beamten zudem ein zugriffsbereites Taschenmesser. Gegen den 37-J\u00e4hrigen wurde ein Strafverfahren wegen Diebstahls mit Waffen eingeleitet.<\/p>\n\n\n\n<h2 class=\"wp-block-heading\">(Speyer) &#8211; Einbruch in PKW<\/h2>\n\n\n\n<p>In der Zeit vom 27.07.2022, 16:00 Uhr, bis 28.07.2022, 11:30 Uhr, schlugen unbekannte T\u00e4ter in der Herdstra\u00dfe eine Scheibe an der Beifahrert\u00fcr eines geparkten Pkw ein und verschafften sich damit Zugriff auf den Innenraum. Dort durchw\u00fchlten sie das Handschuhfach und den Fahrgastraum. Ersten Ermittlungen zufolge wurde nichts entwendet. M\u00f6gliche Zeugen werden gebeten, sich mit der Polizeiinspektion Speyer unter 06232 137-0 oder\u00a0<a href=\"mailto:pispeyer@polizei.rlp.de\">pispeyer@polizei.rlp.de<\/a>\u00a0in Verbindung zu setzen.<\/p>\n\n\n\n<h2 class=\"wp-block-heading\">(Speyer) &#8211; Toter aus Badesee geborgen \/ Nachtragsmeldung<\/h2>\n\n\n\n<h3 class=\"wp-block-heading\">Gemeinsame Pressemeldung der Staatsanwaltschaft Frankenthal\/Pfalz und des Polizeipr\u00e4sidiums Rheinpfalz<\/h3>\n\n\n\n<h3 class=\"has-text-align-center wp-block-heading\">Nachtrag zur Pressemeldung vom 20.07.2022:\u00a0<a href=\"https:\/\/s.rlp.de\/5kweE\" target=\"_blank\" rel=\"noreferrer noopener\">https:\/\/s.rlp.de\/5kweE<\/a><\/h3>\n\n\n<div class=\"wp-block-image\">\n<figure class=\"aligncenter size-full\"><img decoding=\"async\" loading=\"lazy\" width=\"800\" height=\"533\" src=\"https:\/\/speyer24news.com\/wp-content\/uploads\/2021\/02\/candle-2038736_1920.jpg\" alt=\"\" class=\"wp-image-33582\" srcset=\"https:\/\/speyer24news.com\/wp-content\/uploads\/2021\/02\/candle-2038736_1920.jpg 800w, https:\/\/speyer24news.com\/wp-content\/uploads\/2021\/02\/candle-2038736_1920-300x200.jpg 300w, https:\/\/speyer24news.com\/wp-content\/uploads\/2021\/02\/candle-2038736_1920-768x512.jpg 768w\" sizes=\"(max-width: 800px) 100vw, 800px\" \/><\/figure><\/div>\n\n\n<p>Nachdem am 19.07.2022 eine tote Person aus dem Badesee Binsfeld in Speyer geborgen wurde, haben die Staatsanwaltschaft Frankenthal und die Kriminalpolizei Ludwigshafen die Ermittlungen aufgenommen. Bei dem Verstorbenen handelte es sich um den 24-j\u00e4hrigen Mann aus Speyer, welcher am 17.07.2022 vermisst gemeldet wurde. Der 24-J\u00e4hrige war zuletzt von Bekannten am Badesee Binsfeld gesehen worden, als er in Badekleidung in Richtung See lief. Die durchgef\u00fchrte Obduktion ergab ein zentrales Regulationsversagen, vermutlich durch Ertrinken, als Todesursache. Hinweise auf eine todesurs\u00e4chliche Erkrankung oder eine Einwirkung Dritter konnten nicht erlangt werden.<\/p>\n\n\n\n<h2 class=\"wp-block-heading\">(Schifferstadt) &#8211; Hausstreit eskaliert<\/h2>\n\n\n<div class=\"wp-block-image\">\n<figure class=\"aligncenter size-full\"><img decoding=\"async\" loading=\"lazy\" width=\"500\" height=\"751\" src=\"https:\/\/speyer24news.com\/wp-content\/uploads\/2020\/03\/05.03.2020-LU-haeusliche-gewalt.jpg\" alt=\"\" class=\"wp-image-25739\" srcset=\"https:\/\/speyer24news.com\/wp-content\/uploads\/2020\/03\/05.03.2020-LU-haeusliche-gewalt.jpg 500w, https:\/\/speyer24news.com\/wp-content\/uploads\/2020\/03\/05.03.2020-LU-haeusliche-gewalt-200x300.jpg 200w\" sizes=\"(max-width: 500px) 100vw, 500px\" \/><figcaption>Beispielfoto H\u00e4usliche Gewalt, dient lediglich der Visualisierung.<br><em>Foto: <a href=\"http:\/\/www.polizei-beratung.de\">www.polizei-beratung.de<\/a><\/em><\/figcaption><\/figure><\/div>\n\n\n<p>Lautes Geschrei in der Iggelheimer Stra\u00dfe in der Nacht zu Freitag, 29.07.2022, war der Anlass f\u00fcr den Einsatz von mehreren Polizeistreifen. Ein alkoholisiertes P\u00e4rchen hatte sich lautstark gestritten. Die Frau war verletzt und konnte nach medizinischer Behandlung durch den Rettungsdienst in der Wohnung verbleiben. Gegen den Mann wird wegen gef\u00e4hrlicher K\u00f6rperverletzung ermittelt. Er wurde mittels einer Verf\u00fcgung aus der Wohnung verwiesen.<\/p>\n\n\n\n<h2 class=\"wp-block-heading\">(Schifferstadt) &#8211; Wom\u00f6glich Stra\u00dfenraub vorget\u00e4uscht<\/h2>\n\n\n\n<p>Am Donnerstag, 28.07.2022, wurde gegen 23:30 Uhr eine verletzte Person auf dem Parkplatz zwischen der Hauptstra\u00dfe und der Ludwigstra\u00dfe gemeldet. Der alkoholisierte 52-j\u00e4hrige Leichtverletzte behauptete gegen\u00fcber der Polizeistreife von einer unbekannten Person geschlagen worden zu sein. Zudem w\u00e4re sein Rucksack entwendet worden. Laut Zeugenangaben, h\u00e4tte sich der Verletzte beim Gehen mehrfach an W\u00e4nden abgest\u00fctzt und w\u00e4re an diesen entlanggeschliffen, so dass die \u00dcberfallschilderung fraglich erscheint. Au\u00dferdem h\u00e4tte er keinen Rucksack mitgef\u00fchrt. Zeugen, die sachdienliche Angaben machen k\u00f6nnen, werden gebeten sich mit der Polizeiinspektion Schifferstadt unter 06235 495-0 oder&nbsp;<a href=\"mailto:pischifferstadt@polizei.rlp.de\">pischifferstadt@polizei.rlp.de<\/a>&nbsp;in Verbindung zu setzen.<\/p>\n\n\n\n<h2 class=\"wp-block-heading\">(Schifferstadt) &#8211; Ordnungsamt beleidigt<\/h2>\n\n\n\n<p>Als Arschloch wurde ein Mitarbeiter des Ordnungsamtes der Stadtverwaltung Schifferstadt am Dienstag, 26.07.2022, gegen 11:40 Uhr, in der Bahnhofstra\u00dfe beleidigt. Hintergrund war ein festgestellter Parkversto\u00df. Gegen einen 58-j\u00e4hrigen Mann wird nunmehr neben dem ordnungswidrigen Parken auch ein Strafverfahren gef\u00fchrt.<\/p>\n\n\n\n<h2 class=\"wp-block-heading\">(Lingenfeld) &#8211; Zwei Einbr\u00fcche in einer Nacht<a href=\"https:\/\/www.facebook.com\/sharer.php?u=https%3A%2F%2Fwww.presseportal.de%2Fblaulicht%2Fpm%2F117686%2F5284770%2F%3Futm_source%3Dfacebook%26utm_medium%3Dsocial\"><\/a><a href=\"https:\/\/twitter.com\/intent\/tweet?text=POL-PDLD%3A%20Zwei%20Einbr%C3%BCche%20in%20einer%20Nacht&amp;url=https%3A%2F%2Fwww.presseportal.de%2Fblaulicht%2Fpm%2F117686%2F5284770%2F%3Futm_source%3Dtwitter%26utm_medium%3Dsocial&amp;hashtags=ots&amp;lang=de\"><\/a><a href=\"https:\/\/web.whatsapp.com\/send?text=POL-PDLD%3A%20Zwei%20Einbr%C3%BCche%20in%20einer%20Nacht%0A%0Ahttps%3A%2F%2Fwww.presseportal.de%2Fblaulicht%2Fpm%2F117686%2F5284770%2F%3Futm_source%3Dwhatsapp%26utm_medium%3Dsocial\"><\/a><a href=\"https:\/\/www.xing.com\/app\/user?op=share;url=https%3A%2F%2Fwww.presseportal.de%2Fblaulicht%2Fpm%2F117686%2F5284770%2F%3Futm_source%3Dxing%26utm_medium%3Dsocial\"><\/a><a href=\"http:\/\/www.linkedin.com\/shareArticle?mini=true&amp;url=https%3A%2F%2Fwww.presseportal.de%2Fblaulicht%2Fpm%2F117686%2F5284770%2F%3Futm_source%3Dlinkedin%26utm_medium%3Dsocial&amp;title=POL-PDLD%3A+Zwei+Einbr%C3%BCche+in+einer+Nacht\"><\/a><a href=\"mailto:?subject=POL-PDLD%3A%20Zwei%20Einbr%C3%BCche%20in%20einer%20Nacht&amp;body=https:\/\/www.presseportal.de\/blaulicht\/pm\/117686\/5284770\"><\/a><\/h2>\n\n\n\n<p>In der Nacht vom 27.07.2022 auf den 28.07.22 brachen derzeit unbekannte T\u00e4ter in die Grundschule in Lingenfeld ein. Hierbei versuchten die T\u00e4ter ein Fenster im Bereich des Schulhofes aufzuhebeln. Ob die T\u00e4ter auch im Geb\u00e4ude waren ist derzeit noch unklar. Der entstandene Sachschaden bel\u00e4uft sich sch\u00e4tzungsweise auf 500 Euro. Zudem wurde in das Vereinshaus des Radsportvereins in Lingenfeld eingebrochen. Hier gelangten die T\u00e4ter durch Einschlagen einer Glast\u00fcr in den Clubraum. Es wurde eine Geldkassette mit 170 Euro entwendet. Die Ermittlungen in beiden F\u00e4llen dauern an.<\/p>\n\n\n\n<h2 class=\"wp-block-heading\">(LK Germersheim &amp; VG Edenkoben) &#8211; Call-Center-Betr\u00fcge &#8222;Falsche Polizeibeamte&#8220;<\/h2>\n\n\n\n<p>Aktuelle Warnmeldung der Polizeidirektion Landau Die Polizeidirektion Landau m\u00f6chte Sie darauf hinweisen, dass es aktuell im Bereich der VG Edenkoben und des Landkreises Germersheim vermehrt zu Anrufen bei \u00e4lteren Menschen kommt, bei denen es sich um Betrugsversuche im Bereich falscher Polizeibeamter handeln k\u00f6nnte.<\/p>\n\n\n\n<ul><li><strong>Geben Sie am Telefon keine Auskunft \u00fcber Ihre pers\u00f6nlichen und finanziellen Verh\u00e4ltnisse oder andere sensible Daten.<\/strong><\/li><li><strong>\u00d6ffnen Sie unbekannten Personen nicht die T\u00fcr. Ziehen Sie gegebenenfalls eine Vertrauensperson hinzu, z. B. Nachbarn oder nahe Verwandte.<\/strong><\/li><li><strong>\u00dcbergeben Sie unbekannten Personen kein Geld oder Wertsachen.<\/strong><\/li><\/ul>\n\n\n\n<p>Wenden Sie sich an das \u00f6rtliche Polizeirevier. Erz\u00e4hlen Sie der Polizei von den Anrufen. Die Polizeidirektion Landau ist f\u00fcr Sie da! Telefonnummer: 06341-287-0.<\/p>\n\n\n\n<h2 class=\"wp-block-heading\">(Zeiskam) &#8211; Vorsicht Betrugsmasche!<\/h2>\n\n\n\n<p>Am 27.07.2022 erhielt eine 68-J\u00e4hrige eine WhatsApp Nachricht von einer unbekannten Nummer. Die unbekannte Person gab sich als Tochter aus, welche eine neue Telefonnummer habe und bat um Geld. Die 68-J\u00e4hrige kontaktierte daraufhin ihre Bank, um die \u00dcberweisung zu veranlassen. Die aufmerksame Bankangestellte riet der 68-J\u00e4hrigen zun\u00e4chst pers\u00f6nlich mit ihrer Tochter zu sprechen und machte sie auf die Betrugsmasche aufmerksam. Ein Verm\u00f6gensschaden entstand daher nicht. Die Ermittlungen wurden aufgenommen.<\/p>\n\n\n\n<h2 class=\"wp-block-heading\">(Kuhardt) &#8211; Schwerer Verkehrsunfall mit Personenschaden<a href=\"https:\/\/www.facebook.com\/sharer.php?u=https%3A%2F%2Fwww.presseportal.de%2Fblaulicht%2Fpm%2F117686%2F5285195%2F%3Futm_source%3Dfacebook%26utm_medium%3Dsocial\"><\/a><a href=\"https:\/\/twitter.com\/intent\/tweet?text=POL-PDLD%3A%20Kuhardt%20-%20Schwerer%20Verkehrsunfall%20mit%20Personenschaden&amp;url=https%3A%2F%2Fwww.presseportal.de%2Fblaulicht%2Fpm%2F117686%2F5285195%2F%3Futm_source%3Dtwitter%26utm_medium%3Dsocial&amp;hashtags=ots&amp;lang=de\"><\/a><a href=\"https:\/\/web.whatsapp.com\/send?text=POL-PDLD%3A%20Kuhardt%20-%20Schwerer%20Verkehrsunfall%20mit%20Personenschaden%0A%0Ahttps%3A%2F%2Fwww.presseportal.de%2Fblaulicht%2Fpm%2F117686%2F5285195%2F%3Futm_source%3Dwhatsapp%26utm_medium%3Dsocial\"><\/a><a href=\"https:\/\/www.xing.com\/app\/user?op=share;url=https%3A%2F%2Fwww.presseportal.de%2Fblaulicht%2Fpm%2F117686%2F5285195%2F%3Futm_source%3Dxing%26utm_medium%3Dsocial\"><\/a><a href=\"http:\/\/www.linkedin.com\/shareArticle?mini=true&amp;url=https%3A%2F%2Fwww.presseportal.de%2Fblaulicht%2Fpm%2F117686%2F5285195%2F%3Futm_source%3Dlinkedin%26utm_medium%3Dsocial&amp;title=POL-PDLD%3A+Kuhardt+-+Schwerer+Verkehrsunfall+mit+Personenschaden\"><\/a><a href=\"mailto:?subject=POL-PDLD%3A%20Kuhardt%20-%20Schwerer%20Verkehrsunfall%20mit%20Personenschaden&amp;body=https:\/\/www.presseportal.de\/blaulicht\/pm\/117686\/5285195\"><\/a><\/h2>\n\n\n\n<p>Am Freitagnachmittag kam es auf der L553 im Bereich der Ortseinfahrt Kuhardt zu einem schweren Verkehrsunfall unter Beteiligung eines Fu\u00dfg\u00e4ngers und eines PKW. Aufgrund der Verletzungen des 21-j\u00e4hrigen Fu\u00dfg\u00e4ngers wurde ein Rettungshubschrauber verst\u00e4ndigt, der den verletzten Mann ins Krankenhaus brachte. Die genauen Umst\u00e4nde des Unfalls sind aktuell noch Teil der Ermittlungen. Weitere Personen und Fahrzeuge waren nicht beteiligt.<\/p>\n\n\n\n<h2 class=\"wp-block-heading\">(Jockgrim) &#8211; Fahrer verletzt sich schwer nach Unfall mit Sattelzug<\/h2>\n\n\n<div class=\"wp-block-image\">\n<figure class=\"aligncenter size-full\"><img decoding=\"async\" loading=\"lazy\" width=\"800\" height=\"597\" src=\"https:\/\/speyer24news.com\/wp-content\/uploads\/2022\/07\/VU_Lkw.jpg\" alt=\"\" class=\"wp-image-47721\" srcset=\"https:\/\/speyer24news.com\/wp-content\/uploads\/2022\/07\/VU_Lkw.jpg 800w, https:\/\/speyer24news.com\/wp-content\/uploads\/2022\/07\/VU_Lkw-300x224.jpg 300w, https:\/\/speyer24news.com\/wp-content\/uploads\/2022\/07\/VU_Lkw-768x573.jpg 768w, https:\/\/speyer24news.com\/wp-content\/uploads\/2022\/07\/VU_Lkw-80x60.jpg 80w\" sizes=\"(max-width: 800px) 100vw, 800px\" \/><\/figure><\/div>\n\n\n<p>Am 29.07.2022 befuhr um 06:30 Uhr der Fahrer eines LKW die B9 von Germersheim in Richtung Karlsruhe. Nach der Anschlussstelle Kieswerk versucht der Fahrer, nach eigenen Angaben, einem Reh auszuweichen und kommt nach rechts von der Fahrbahn ab. Im teilweise unbefestigten Gr\u00fcnstreifen kippt der Auflieger auf die Seite. Durch den Unfall erleidet der 26-j\u00e4hrige Fahrer mehrere Frakturen. Er konnte von der Feuerwehr und dem Rettungsdienst aus der Fahrerkabine befreit werden und wird im Krankenhaus versorgt. An dem Fahrzeug entstand ein Sachschaden von ca. 90.000EUR. F\u00fcr die teilweise schweren Bergungsarbeiten musste die Richtungsfahrbahn Karlsruhe gesperrt werden. Es kann bis ca. 21:00 Uhr zu Behinderungen in diesem Bereich kommen.<\/p>\n\n\n\n<h2 class=\"wp-block-heading\">(Oberotterbach) &#8211; 8-J\u00e4hriger bei Unfall verletzt<\/h2>\n\n\n\n<p>Zu einem Verkehrsunfall mit einem leichtverletzten Kind kam es am Donnerstag, 28.07.22, gegen 13:30 Uhr, auf einem Wirtschaftsweg in Oberotterbach. Die 30-j\u00e4hrige Fahrerin eines Pkw Mazda befuhr den Hinterweg und missachtete die Vorfahrt eines von rechts kommenden 71-j\u00e4hrigen Mitsubishi-Fahrers. Bei dem Zusammensto\u00df wurde ein 8-j\u00e4hriger Insasse leichtverletzt. Die Fahrzeuge waren nicht mehr fahrbereit und mussten abgeschleppt werden.<\/p>\n\n\n\n<h2 class=\"wp-block-heading\">(Klingenm\u00fcnster) &#8211; Lkw rammt geparkten Pkw<\/h2>\n\n\n<div class=\"wp-block-image\">\n<figure class=\"aligncenter size-full\"><img decoding=\"async\" loading=\"lazy\" width=\"800\" height=\"600\" src=\"https:\/\/speyer24news.com\/wp-content\/uploads\/2022\/07\/Inked1_LI.jpg\" alt=\"\" class=\"wp-image-47722\" srcset=\"https:\/\/speyer24news.com\/wp-content\/uploads\/2022\/07\/Inked1_LI.jpg 800w, https:\/\/speyer24news.com\/wp-content\/uploads\/2022\/07\/Inked1_LI-300x225.jpg 300w, https:\/\/speyer24news.com\/wp-content\/uploads\/2022\/07\/Inked1_LI-768x576.jpg 768w, https:\/\/speyer24news.com\/wp-content\/uploads\/2022\/07\/Inked1_LI-678x509.jpg 678w, https:\/\/speyer24news.com\/wp-content\/uploads\/2022\/07\/Inked1_LI-326x245.jpg 326w, https:\/\/speyer24news.com\/wp-content\/uploads\/2022\/07\/Inked1_LI-80x60.jpg 80w\" sizes=\"(max-width: 800px) 100vw, 800px\" \/><\/figure><\/div>\n\n\n<p>Der 36-j\u00e4hrige Fahrer eines Lkw-Sattelzugs befuhr am Freitag, 29.07.22, gegen 05:15 Uhr, die Weinstra\u00dfe in Klingenm\u00fcnster in Richtung Eschbach. In H\u00f6he der Hausnummer 80 geriet der Lkw-Fahrer nach links von der Fahrbahn ab und kollidierte mit einem geparkten Pkw Hyundai. Durch den Zusammensto\u00df \u00fcberschlug sich der geparkte Pkw und kam auf dem Gehweg auf der Seite zu Liegen. Weiterhin wurde durch den Aufprall die angrenzende Einfriedungsmauer besch\u00e4digt. An dem Lkw wurde die Fahrzeugfront links besch\u00e4digt. Der Fahrer gibt an in den Sekundenschlaf gefallen zu sein. Verletzt wurde bei dem Unfall niemand. Gesamtschaden wird auf 15000.- Euro gesch\u00e4tzt.<\/p>\n\n\n\n<h2 class=\"wp-block-heading\">(Landau) &#8211; Aus dem Verkehr gezogen: Alkohol und Drogen am Steuer<\/h2>\n\n\n\n<p>Die Autofahrt eines 29-J\u00e4hrigen aus Landau endete in der Nacht von Donnerstag auf Freitag im Westring, nachdem er in Schlangenlinien fahrend einer Polizeistreife aufgefallen war. Ein Atemalkoholtest brachte die Erkl\u00e4rung f\u00fcr seine auff\u00e4llige Fahrweise: 2,1 Promille. Ein Drogenvortest best\u00e4tigte den Verdacht, dass der 29 J\u00e4hrige zudem unter dem Einfluss von Bet\u00e4ubungsmitteln stand. Auf ihn kommt nun ein Strafverfahren zu, sein F\u00fchrerschein wurde sichergestellt.<\/p>\n\n\n\n<h2 class=\"wp-block-heading\">(B 39 \/ NW-Geinsheim) &#8211; Drei Kontrollen und drei Treffer!<\/h2>\n\n\n<div class=\"wp-block-image\">\n<figure class=\"aligncenter size-full\"><img decoding=\"async\" loading=\"lazy\" width=\"800\" height=\"539\" src=\"https:\/\/speyer24news.com\/wp-content\/uploads\/2022\/07\/20220728_135118-01.jpg\" alt=\"\" class=\"wp-image-47723\" srcset=\"https:\/\/speyer24news.com\/wp-content\/uploads\/2022\/07\/20220728_135118-01.jpg 800w, https:\/\/speyer24news.com\/wp-content\/uploads\/2022\/07\/20220728_135118-01-300x202.jpg 300w, https:\/\/speyer24news.com\/wp-content\/uploads\/2022\/07\/20220728_135118-01-768x517.jpg 768w\" sizes=\"(max-width: 800px) 100vw, 800px\" \/><\/figure><\/div>\n\n\n<p>Ein Fahndungstreffer, 49 F\u00e4lle des Fahrens ohne Fahrerlaubnis, 3.000 Euro Sicherheitsleistung und zwei Festnahmen &#8211; so lautete das Ergebnis einer einzigen Streife des Schwerverkehrskontrolltrupps der Zentralen Verkehrsdienste Rheinpfalz. <\/p>\n\n\n\n<p>Von vorn: Am Donnerstag, 28.07.2022, f\u00fchrte eine Streifenbesatzung des Schwerverkehrskontrolltrupps an der B39 bei Geinsheim Kontrollen des gewerblichen G\u00fcterverkehrs durch. Bei der ersten Kontrolle des Tages trafen sie einen Lkw-Fahrer an, der von der Staatsanwaltschaft L\u00fcneburg wegen eines laufenden Verfahrens gesucht wurde. Er war zur Fahndung ausgeschrieben. Im Auftrag der Staatsanwaltschaft lie\u00dfen die Beamten den au\u00dferhalb von Deutschland lebenden Mann ein Dokument ausf\u00fcllen, welches den Verfahrensabschluss nun garantiert. <\/p>\n\n\n\n<p>Bei der n\u00e4chsten Kontrolle eines 12-Tonners stellten die Beamten fest, dass der franz\u00f6sische Fahrer aufgrund eines vorausgegangenen Verkehrsdelikts bereits seit einiger Zeit keine g\u00fcltige Fahrerlaubnis mehr besa\u00df. Mindestens 49 F\u00e4lle des Fahrens ohne Fahrerlaubnis im Bundesgebiet k\u00f6nnen die Beamten dem Fahrer ersten Ermittlungen zufolge nachweisen. Hinzu kommen massive Verst\u00f6\u00dfe gegen die Sozialvorschriften. In der Vergangenheit war der Berufskraftfahrer bereits wegen Fahrens ohne Fahrerlaubnis polizeilich aufgefallen. Von dem Wiederholungst\u00e4ter aus Frankreich wurde eine Sicherheitsleistung in H\u00f6he von 3.000 Euro einbehalten, bevor er seine Fahrt fortsetzen durfte &#8211; allerdings nur noch als Beifahrer. <\/p>\n\n\n\n<p>Da aller guten Dinge drei sind, sollte auch die darauffolgende Kontrolle eines Baustellenfahrzeugs nicht ohne besondere Feststellungen bleiben. Zwei albanische Mitarbeiter eines Tiefbauunternehmens machten widerspr\u00fcchliche und wenig glaubhafte Angaben zu ihrem Besch\u00e4ftigungsverh\u00e4ltnis. Ermittlungen ergaben, dass die beiden Herren lediglich die Berechtigung zu einem touristischen Aufenthalt in Deutschland hatten &#8211; nicht jedoch zum Arbeiten. Tats\u00e4chlich arbeiteten sie allerdings &#8211; und das unangemeldet schwarz. Hierdurch ist der legale Aufenthalt verwirkt. Sie wurden zur Einleitung aufenthaltsbeendender Ma\u00dfnahmen mitgenommen. Sie werden ausreisen m\u00fcssen. Dem Unternehmer, der die beiden Arbeiter illegal besch\u00e4ftigte, droht ein empfindliches Bu\u00dfgeld. Die Angelegenheit wird dem Zoll \u00fcbergeben.<\/p>\n\n\n\n<h2 class=\"wp-block-heading\">(Tiefenthal) &#8211; Polizeilicher Einsatz<\/h2>\n\n\n\n<p>Zu einem Polizeieinsatz kam es am Mittwochabend, 27.07.22, gegen 20:15 Uhr. F\u00fcr einen 19-j\u00e4hrigen, der sich in einer psychischen Ausnahmesituation befand, wurde zun\u00e4chst der Rettungsdienst angefordert. Die Rettungskr\u00e4fte ersuchten um Unterst\u00fctzung durch die Polizei. Der Heranwachsende wurde schlie\u00dflich in einer Fachklinik in Gewahrsam genommen.<\/p>\n\n\n\n<h2 class=\"wp-block-heading\">(Gr\u00fcnstadt) &#8211; Unter Bet\u00e4ubungsmitteleinfluss Pkw gef\u00fchrt<\/h2>\n\n\n\n<p>Am Freitag, 29.07.2022 gegen 15:30 Uhr wurde eine 23-j\u00e4hrige Fahrerin eines VW Golf in der Bitzenstra\u00dfe in Gr\u00fcnstadt einer Verkehrskontrolle unterzogen. Da bei der jungen Frau w\u00e4hrend der Kontrolle drogentypische Auffallerscheinungen wahrgenommen werden konnten wurde ein Drogenschnelltest durchgef\u00fchrt. Dieser verlief schlie\u00dflich positiv auf THC. Der Frau wurde auf der Dienststelle eine Blutprobe entnommen und es wurden entsprechende Verfahren wegen Trunkenheit im Verkehr und wegen des Versto\u00dfes gegen das Bet\u00e4ubungsmittelgesetz eingeleitet.<\/p>\n\n\n\n<h2 class=\"wp-block-heading\">(Pr\u00e4sidialbereich Rheinpfalz) &#8211; Telefonhotline f\u00fcr Senioren<\/h2>\n\n\n<div class=\"wp-block-image\">\n<figure class=\"aligncenter size-full\"><img decoding=\"async\" loading=\"lazy\" width=\"800\" height=\"577\" src=\"https:\/\/speyer24news.com\/wp-content\/uploads\/2022\/07\/pressebild-senioren-frau-telefon.jpg\" alt=\"\" class=\"wp-image-47724\" srcset=\"https:\/\/speyer24news.com\/wp-content\/uploads\/2022\/07\/pressebild-senioren-frau-telefon.jpg 800w, https:\/\/speyer24news.com\/wp-content\/uploads\/2022\/07\/pressebild-senioren-frau-telefon-300x216.jpg 300w, https:\/\/speyer24news.com\/wp-content\/uploads\/2022\/07\/pressebild-senioren-frau-telefon-768x554.jpg 768w\" sizes=\"(max-width: 800px) 100vw, 800px\" \/><\/figure><\/div>\n\n\n<p>Neben der Strafverfolgung zeichnet sich eine moderne und b\u00fcrgerfreundliche Polizei dadurch aus, dass sie die Pr\u00e4vention vor Gefahren, Straftaten und Verkehrsunf\u00e4llen fortw\u00e4hrend im Blick hat.<\/p>\n\n\n\n<p>Beim Polizeipr\u00e4sidium Rheinpfalz wird die polizeiliche Pr\u00e4vention mit dem Ziel der Gefahr- und Kriminalit\u00e4tsverh\u00fctung sowie der St\u00e4rkung vom Sicherheitsgef\u00fchl der Bev\u00f6lkerung, im Sachbereich 15 unter der Leitung von Polizeihauptkommissar Michael Lerch wahrgenommen.<\/p>\n\n\n\n<p>In diesem Zusammenhang werden vom Sachbereich Zentrale Pr\u00e4vention des Polizeipr\u00e4sidiums Rheinpfalz themenspezifische und zielgruppen-orientierte Pr\u00e4ventionsma\u00dfnahmen pr\u00e4sidialweit geplant und durchgef\u00fchrt. Hierbei werden aktuelle polizeiliche Erkenntnisse in Bezug auf strafrechtlich relevante Ereignisse herangezogen.<\/p>\n\n\n\n<p>Aus diesem Grund wurde anl\u00e4sslich der aktuellen Entwicklungen im Zusammenhang mit dem sog. &#8222;Call-Center-Betrug&#8220; (kurz: CCB), zu welchem z.B. der &#8222;Enkeltrick&#8220; oder der Betrug durch den &#8222;falschen Polizeibeamten&#8220; z\u00e4hlt und insbesondere auf Senioren abzielt, vom Sachbereich Zentrale Pr\u00e4vention f\u00fcr Senioren eine Telefonhotline eingerichtet.<\/p>\n\n\n\n<p>Die Hotline stellt, neben den bisherigen Ma\u00dfnahmen wie z.B. die \u00f6ffentliche Aufkl\u00e4rung und Information \u00fcber die Betrugsmaschen sowie Beschulung von Multiplikatoren, eine niedrigschwellige M\u00f6glichkeit dar, um mit der Polizei bei Fragen und Unsicherheiten rund um das Thema &#8222;Call-Center-Betrug&#8220; in den Dialog zu kommen.<\/p>\n\n\n\n<p>Die Telefonhotline f\u00fcr Senioren wird durch Personal des Sachbereiches Zentrale Pr\u00e4vention betreut und ist unter der Rufnummer 0621 963-1515 zu den \u00fcblichen B\u00fcrozeiten erreichbar.<\/p>\n\n\n\n<p>Je nach Anliegen der anrufenden Person kann in diesem Zusammenhang z.B. allgemeine Aufkl\u00e4rung \u00fcber die g\u00e4ngigen Betrugsmaschen und verhaltenspr\u00e4ventive Ma\u00dfnahmen erfolgen und so ggf. das eigene Sicherheitsgef\u00fchl zu st\u00e4rken und Ideen f\u00fcr passendende Handlungsoptionen zu bekommen. Daneben k\u00f6nnen Ratsuchende bei Bedarf auch an andere Stellen wie z.B. die polizeiliche Opferschutzberatung, welche ebenfalls beim Sachbereich Zentrale Pr\u00e4vention angegliedert ist, vermittelt werden.<\/p>\n\n\n\n<p>Weitere Informationen zum Sachbereich Zentrale Pr\u00e4vention des Polizeipr\u00e4sidiums Rheinpfalz k\u00f6nnen Sie unter\u00a0<a href=\"https:\/\/s.rlp.de\/mZLOL\" target=\"_blank\" rel=\"noreferrer noopener\">https:\/\/s.rlp.de\/mZLOL<\/a>\u00a0nachlesen.<\/p>\n\n\n\n<h2 class=\"wp-block-heading\">(Ludwigshafen) &#8211; Gef\u00e4hrliche K\u00f6rperverletzung<\/h2>\n\n\n\n<p>Eine Gruppe von Jugendlichen, bestehend aus vier bis f\u00fcnf Personen, schlugen am Donnerstagabend (28.07.2022, 21.30 Uhr), im Bereich des Pfalzgrafenplatzes, auf einen 16-J\u00e4hrigen ein. Die Jugendlichen fl\u00fcchteten anschlie\u00dfend. Der 16-J\u00e4hrige wurde hierbei verletzt und in ein Krankenhaus gebracht. Die Polizei sucht nun weitere Hinweise und Zeugen zur der Tat. Sachdienliche Hinweise bitte an die Polizeiinspektion Ludwigshafen 1, Telefonnummer 0621 963-2122 oder per E-Mail&nbsp;<a href=\"mailto:piludwigshafen1@polizei.rlp.de\">piludwigshafen1@polizei.rlp.de<\/a>&nbsp;.<\/p>\n\n\n\n<h2 class=\"wp-block-heading\">(Ludwigshafen) &#8211; Wohnungsbrand<\/h2>\n\n\n\n<p>Aus bislang ungekl\u00e4rter Ursache geriet am Donnerstag (28.07.2022), gegen 17.54 Uhr, eine Wohnung eines Mehrfamilienhauses in der Bayreuther Stra\u00dfe in Brand. Die Wohnung ist derzeit nicht bewohnbar. Der Sachschaden bel\u00e4uft sich derzeit auf circa 50.000 Euro. F\u00fcnf Personen wurden vor Ort vorsorglich medizinisch untersucht. Verletzt wurde bei dem Brand jedoch niemand. Die Kriminalpolizei Ludwigshafen hat die Ermittlungen bez\u00fcglich der Brandursache aufgenommen. Sachdienliche Hinweise nimmt die Kriminalpolizei Ludwigshafen unter der Telefonnummer 0621\/963-2773 oder per E-Mail\u00a0<a href=\"mailto:kiludwigshafen.k1.kdd@polizei.rlp.de\">kiludwigshafen.k1.kdd@polizei.rlp.de<\/a>\u00a0entgegen.<\/p>\n\n\n\n<h2 class=\"wp-block-heading\">(Ludwigshafen) &#8211; Ohne F\u00fchrerschein unterwegs<\/h2>\n\n\n\n<p>Einer Polizeistreife fiel am Donnerstag (28.07.2022), gegen 12.30 Uhr, ein 16-J\u00e4hriger auf einem Roller (Kleinkraftrad) im Bereich der Waltraudenstra\u00dfe auf. Beim Erblicken der Polizei parkte der Jugendliche seinen Roller und versuchte zu Fu\u00df zu fl\u00fcchten. In der N\u00e4he eines angrenzenden Spielplatzes stellten die Polizeibeamten den Fl\u00fcchtigen schlie\u00dflich fest. Der 16-J\u00e4hrige hatte n\u00e4mlich keinen F\u00fchrerschein und hatte an seinem Roller ein gestohlenes Versicherungskennzeichen angebracht. Im Anschluss wurde er seinen Eltern \u00fcbergeben.<\/p>\n\n\n\n<h2 class=\"wp-block-heading\">(Ludwigshafen) &#8211; Pedelec-Fahrer \u00fcbersehen<\/h2>\n\n\n\n<p>Eine 60-j\u00e4hrige Pkw-Fahrerin \u00fcbersah am Donnerstagmorgen (28.07.2022) beim Abbiegen in Bereich der Raschigstra\u00dfe einen 30-j\u00e4hrigen Pedelec-Fahrer. Durch die Kollision st\u00fcrzte der 30-J\u00e4hrige und verletzt sich hierbei. Er wurde anschlie\u00dfend in einem Krankenhaus medizinisch erst versorgt.<\/p>\n\n\n\n<h2 class=\"wp-block-heading\">(Mannheim-Neckarstadt) &#8211; Motorradfahrer bei Verkehrsunfall leicht verletzt<\/h2>\n\n\n\n<p>Bei einem Verkehrsunfall am Donnerstagabend im Stadtteil Neckarstadt wurde ein 60-j\u00e4hriger Motorradfahrer leicht verletzt. Ein 21-J\u00e4hriger war gegen 18.30 Uhr mit seinem Mercedes auf der Friedrich-Ebert-Stra\u00dfe stadtausw\u00e4rts unterwegs. In H\u00f6he der Ku\u00dfmaulstra\u00dfe fuhr er dem vor ihm verkehrsbedingt langsamer fahrenden 60-J\u00e4hrigen aufgrund ungen\u00fcgenden Sicherheitsabstands hinten auf. Der 60-J\u00e4hrige st\u00fcrzte und zog sich Verletzungen in Form von Prellungen zu. Er wurde zur Behandlung in eine Klinik eingeliefert, wo er nach ambulanter Behandlung wieder entlassen wurde. Die beiden Fahrzeuge waren so stark besch\u00e4digt, dass sie abgeschleppt werden mussten. Der Sachschaden wird auf rund 5.000 Euro gesch\u00e4tzt.<\/p>\n\n\n\n<p>W\u00e4hrend der Unfallaufnahme ergaben sich vor\u00fcbergehende Verkehrsbeeintr\u00e4chtigungen. Der Busverkehr der Linie 61 war zwischen 18.50 Uhr und 19.15 Uhr unterbrochen.<\/p>\n\n\n\n<h2 class=\"wp-block-heading\">(Mannheim-Neckarstadt) &#8211; Stein auf vorbeifahrendes Auto geworfen \/ Zeugen gesucht!<\/h2>\n\n\n\n<p>Am Donnerstagmorgen gegen 08 Uhr bewarf ein bislang unbekannter T\u00e4ter erneut ein in der Unterm\u00fchlaustra\u00dfe fahrendes Auto mit einem faustgro\u00dfen Stein und besch\u00e4digte dieses hierdurch im Bereich der rechten hinteren Scheibe. Die 35-j\u00e4hrige Mercedes-Fahrerin war in Richtung Innenstadt unterwegs, als der Stein das Auto traf. Verletzt wurde sie gl\u00fccklicherweise nicht.<\/p>\n\n\n\n<p>Vor einem Monat kam es im Bereich der Unterm\u00fchlaustra\u00dfe bereits zu mehreren \u00e4hnlich gelagerten Vorf\u00e4llen, bei welchen ein bislang noch unbekannter T\u00e4ter vorbeifahrende Autos mit Hantelscheiben sowie einem Hammer beworfen hatte.<\/p>\n\n\n\n<p>Ob es sich bei dem aktuellen Fall um denselben T\u00e4ter handelt, ist Gegenstand der weiteren Ermittlungen.<\/p>\n\n\n\n<p>Das Kriminalkommissariat Mannheim hat die Ermittlungen \u00fcbernommen und sucht dringend Zeugen, welche gebeten werden, sich unter der Telefonnummer 0621\/174-4444 zu melden.<\/p>\n\n\n\n<h2 class=\"wp-block-heading\">(Mannheim-Schwetzingerstadt) &#8211; Sachbesch\u00e4digung; aggressiver T\u00e4ter wird in Beseitigungsgewahrsam genommen<\/h2>\n\n\n<div class=\"wp-block-image\">\n<figure class=\"aligncenter size-full\"><img decoding=\"async\" loading=\"lazy\" width=\"800\" height=\"600\" src=\"https:\/\/speyer24news.com\/wp-content\/uploads\/2019\/06\/Ausn\u00fcchterungszelle.jpg\" alt=\"\" class=\"wp-image-15212\" srcset=\"https:\/\/speyer24news.com\/wp-content\/uploads\/2019\/06\/Ausn\u00fcchterungszelle.jpg 800w, https:\/\/speyer24news.com\/wp-content\/uploads\/2019\/06\/Ausn\u00fcchterungszelle-300x225.jpg 300w, https:\/\/speyer24news.com\/wp-content\/uploads\/2019\/06\/Ausn\u00fcchterungszelle-768x576.jpg 768w, https:\/\/speyer24news.com\/wp-content\/uploads\/2019\/06\/Ausn\u00fcchterungszelle-678x509.jpg 678w, https:\/\/speyer24news.com\/wp-content\/uploads\/2019\/06\/Ausn\u00fcchterungszelle-326x245.jpg 326w, https:\/\/speyer24news.com\/wp-content\/uploads\/2019\/06\/Ausn\u00fcchterungszelle-80x60.jpg 80w\" sizes=\"(max-width: 800px) 100vw, 800px\" \/><figcaption>Beispielbild Zelle \/ Verhaftung, dient lediglich der Visualisierung<\/figcaption><\/figure><\/div>\n\n\n<p>Am Donnerstagabend, gegen 21:30 Uhr, besch\u00e4digte ein 32-j\u00e4hriger T\u00e4ter zun\u00e4chst in der Heinrich-Lanz-Stra\u00dfe, H\u00f6he Anwesen 30, und anschlie\u00dfend in der Rheinh\u00e4user Stra\u00dfe, H\u00f6he Anwesen 2, durch Fu\u00dftritte zwei geparkte Pkw, einen Volvo und einen Skoda.<\/p>\n\n\n\n<p>Aufgrund eines Zeugenhinweises konnte der T\u00e4ter durch eine Polizeistreife anschlie\u00dfend in der Seckenheimer Stra\u00dfe, im Bereich der Haltestelle Werderstra\u00dfe, festgenommen werden.<\/p>\n\n\n\n<p>Der 32-J\u00e4hrige schimpfte dabei st\u00e4ndig mit Worten aus der Gossensprache und spuckte unkontrolliert um sich. Da er sich auch bei der Personalienfeststellung gegen\u00fcber den Polizeibeamten verbal \u00e4u\u00dferst aggressiv verhielt und auch keine Anzeichen machte, sein Verhalten einzustellen, wurde er im Anschluss in Gewahrsam genommen.<\/p>\n\n\n\n<p>Die Hintergr\u00fcnde f\u00fcr sein aggressives Verhalten, der Sachbesch\u00e4digungen an den geparkten Pkw und der m\u00f6glicherweise pers\u00f6nlichen Ausnahmesituation lassen sich bisher nicht erkl\u00e4ren. Einen Atemalkoholtest lehnte der Mann ab.<\/p>\n\n\n\n<p>Beim Polizeirevier Mannheim-Oststadt wurde er durch einen Polizeivertragsarzt untersucht und verbrachte anschlie\u00dfend die Nacht in der Gewahrsamseinrichtung der Polizei.<\/p>\n\n\n\n<p>Neben der Strafanzeige, den Kosten im Zusammenhang mit der Straftat, erwarten den 32-J\u00e4hrigen nun auch noch die Folgekosten im Zusammenhang mit seiner vor\u00fcbergehenden Unterbringung bei der Polizei.<\/p>\n\n\n\n<h2 class=\"wp-block-heading\">(Mannheim \/ Heidelberg \/ Rhein-Neckar-Kreis) &#8211; Erneut vermehrtes Auftreten falscher &#8222;Europol- bzw. Interpol-Mitarbeiter&#8220; \/ Polizei gibt Verhaltenstipps<a href=\"https:\/\/www.facebook.com\/sharer.php?u=https%3A%2F%2Fwww.presseportal.de%2Fblaulicht%2Fpm%2F14915%2F5284523%2F%3Futm_source%3Dfacebook%26utm_medium%3Dsocial\"><\/a><a href=\"https:\/\/twitter.com\/intent\/tweet?text=POL-MA%3A%20Mannheim%20%2F%20Heidelberg%20%2F%20Rhein-Neckar-Kreis%3A%20Erneut%20vermehrtes%20Auftreten%20falscher%20%22Europol-%20bzw.%20Interpol-Mitarbeiter%22%20-%20Polizei%20gibt%20Verhaltenstipps&amp;url=https%3A%2F%2Fwww.presseportal.de%2Fblaulicht%2Fpm%2F14915%2F5284523%2F%3Futm_source%3Dtwitter%26utm_medium%3Dsocial&amp;hashtags=ots&amp;lang=de\"><\/a><a href=\"https:\/\/web.whatsapp.com\/send?text=POL-MA%3A%20Mannheim%20%2F%20Heidelberg%20%2F%20Rhein-Neckar-Kreis%3A%20Erneut%20vermehrtes%20Auftreten%20falscher%20%22Europol-%20bzw.%20Interpol-Mitarbeiter%22%20-%20Polizei%20gibt%20Verhaltenstipps%0A%0Ahttps%3A%2F%2Fwww.presseportal.de%2Fblaulicht%2Fpm%2F14915%2F5284523%2F%3Futm_source%3Dwhatsapp%26utm_medium%3Dsocial\"><\/a><a href=\"https:\/\/www.xing.com\/app\/user?op=share;url=https%3A%2F%2Fwww.presseportal.de%2Fblaulicht%2Fpm%2F14915%2F5284523%2F%3Futm_source%3Dxing%26utm_medium%3Dsocial\"><\/a><a href=\"http:\/\/www.linkedin.com\/shareArticle?mini=true&amp;url=https%3A%2F%2Fwww.presseportal.de%2Fblaulicht%2Fpm%2F14915%2F5284523%2F%3Futm_source%3Dlinkedin%26utm_medium%3Dsocial&amp;title=POL-MA%3A+Mannheim+%2F+Heidelberg+%2F+Rhein-Neckar-Kreis%3A+Erneut+vermehrtes+Auftreten+falscher+%22Europol-+bzw.+Interpol-Mitarbeiter%22+-+Polizei+gibt+Verhaltenstipps\"><\/a><a href=\"mailto:?subject=POL-MA%3A%20Mannheim%20%2F%20Heidelberg%20%2F%20Rhein-Neckar-Kreis%3A%20Erneut%20vermehrtes%20Auftreten%20falscher%20%22Europol-%20bzw.%20Interpol-Mitarbeiter%22%20-%20Polizei%20gibt%20Verhaltenstipps&amp;body=https:\/\/www.presseportal.de\/blaulicht\/pm\/14915\/5284523\"><\/a><\/h2>\n\n\n\n<p>In der Regel h\u00f6rt man nach der Annahme eines Telefonanrufs eine computergenerierte Stimme in englischer Sprache. &#8222;This is a call from Europol&#8220;. Mit dieser oder vergleichbaren Bandansagen erhalten derzeit wieder vermehrt B\u00fcrgerinnen und B\u00fcrger in der Metropolregion Telefonanrufe von Trickbetr\u00fcgern, die versuchen ihr Gegen\u00fcber zur \u00dcberweisung von Geldbetr\u00e4gen oder zum Kauf von Guthabenkarten zu n\u00f6tigen.<\/p>\n\n\n\n<p>Die Trickbetr\u00fcger lassen ihre nichtsahnenden Opfer im Glauben, dass gegen sie polizeiliche Ermittlungen eingeleitet wurden und sie eine drohende Geld-oder Haftstrafe nur durch die \u00dcberweisung eines hohen Geldbetrags oder mithilfe der Weitergabe von zuvor erworbenen Codes von Guthaben- bzw. Geschenkekarten abwenden k\u00f6nnen.<\/p>\n\n\n\n<p>Erst am Donnerstag wieder geriet ein 22-J\u00e4hriger aus Heidelberg in den Fokus solcher Trickbetr\u00fcger. \u00dcber mehrere Stunden hinweg kontaktierten sie den jungen Mann insgesamt 19 Mal und setzten ihr nichtsahnendes Opfer durch geschickte Gespr\u00e4chsf\u00fchrung unter Druck. Der 22-J\u00e4hrige, der irgendwann tats\u00e4chlich glaubte, dass er von einer Beh\u00f6rdenmitarbeiterin kontaktiert wurde, kaufte auf Anweisung der Trickbetr\u00fcgerin mehrere Guthabenkarten in verschiedenen Einkaufsm\u00e4rkten. Erst nachdem die Forderungen nicht aufh\u00f6rten und der 22-J\u00e4hrige bereits einen niedrigen vierstelligen Geldbetrag ausgegeben hatte, suchte er eine nahegelegene Polizeidienststelle auf.<\/p>\n\n\n\n<h4 class=\"wp-block-heading\">Das Betrugsdezernat der Kriminalpolizeidirektion Heidelberg hat die weiteren Ermittlungen wegen des Verdachts des bandenm\u00e4\u00dfigen Callcenter-Betrugs aufgenommen und bittet folgende pr\u00e4ventive Verhaltenstipps zu beachten:<\/h4>\n\n\n\n<ul><li><strong>Lassen Sie sich nicht dr\u00e4ngen und unter Druck setzen.<\/strong><\/li><li><strong>Nehmen Sie sich Zeit, um die Angaben des Anrufers zu \u00fcberpr\u00fcfen.<\/strong><\/li><li><strong>Rufen Sie die jeweilige Person oder Institution unter der Ihnen bekannten Nummer an und lassen Sie sich den Sachverhalt best\u00e4tigen.<\/strong><\/li><\/ul>\n\n\n\n<h4 class=\"wp-block-heading\">Wenn ein Anrufer Geld, Wertsachen oder sensible Daten von Ihnen fordert:<\/h4>\n\n\n\n<ul><li><strong>Ziehen Sie unbedingt eine Vertrauensperson hinzu und besprechen Sie dies mit Familienangeh\u00f6rigen oder anderen Ihnen nahestehenden Personen.<\/strong><\/li><li><strong>Geben Sie keine pers\u00f6nlichen Daten, Zugangspassw\u00f6rter, PINs oder sonstige Bankdaten preis.<\/strong><\/li><li><strong>Kommt Ihnen ein Anruf verd\u00e4chtig vor, legen Sie auf und informieren Sie unverz\u00fcglich die Polizei unter der Nummer 110<\/strong><\/li><\/ul>\n\n\n\n<h2 class=\"wp-block-heading\">(Heidelberg) &#8211; &#8222;Beistehen statt rumstehen&#8220; \/ Ehrung aufmerksamer Zeuginnen<\/h2>\n\n\n<div class=\"wp-block-image\">\n<figure class=\"aligncenter size-full\"><img decoding=\"async\" loading=\"lazy\" width=\"800\" height=\"593\" src=\"https:\/\/speyer24news.com\/wp-content\/uploads\/2022\/07\/IMG_9633.jpg\" alt=\"\" class=\"wp-image-47725\" srcset=\"https:\/\/speyer24news.com\/wp-content\/uploads\/2022\/07\/IMG_9633.jpg 800w, https:\/\/speyer24news.com\/wp-content\/uploads\/2022\/07\/IMG_9633-300x222.jpg 300w, https:\/\/speyer24news.com\/wp-content\/uploads\/2022\/07\/IMG_9633-768x569.jpg 768w, https:\/\/speyer24news.com\/wp-content\/uploads\/2022\/07\/IMG_9633-80x60.jpg 80w\" sizes=\"(max-width: 800px) 100vw, 800px\" \/><\/figure><\/div>\n\n\n<p>Am Donnerstagmittag wurden im Rahmen der Kampagne &#8222;Beistehen statt Rumstehen&#8220; Frau Doreen S. und Frau Verena Z. f\u00fcr ihr couragiertes Einschreiten geehrt: Am fr\u00fchen Abend des Montags, 08. M\u00e4rz 2021, kam es auf dem Neckarvorland in Heidelberg-Neuenheim zu einer heftigen und lautstarken verbalen Auseinandersetzung zwischen einem jungen Mann und einer jungen Frau, die drohte weiter zu eskalieren. Auf dieses Geschehen wurden die beiden Damen, die gerade auf der Neckarwiese Frisbee spielten, aufmerksam. Durch das in der Folge gezielte und \u00fcberlegte Eingreifen von Frau S. und Frau Z. konnte eine Eskalation des Geschehens mit sehr hoher Wahrscheinlichkeit verhindert werden und der Aggressor zur Anzeige bei der Polizei gebracht werden. Frau S. und Frau Z. standen im anschlie\u00dfenden Ermittlungsverfahren als wichtige Zeuginnen zur Verf\u00fcgung. Sie haben durch ihr aufmerksames und couragiertes Verhalten dazu beigetragen, dass eine junge Frau aus einer h\u00f6chst prek\u00e4ren Situation befreit werden konnte.<\/p>\n\n\n\n<p>Hierf\u00fcr sprachen ihnen Heidelbergs B\u00fcrgermeister Wolfgang Erichson, EPHK Theo H\u00e4rter (Leiter des Polizeireviers Heidelberg-Nord) und Knut Krakow (Gesch\u00e4ftsf\u00fchrer des Vereins Sicheres Heidelberg e.V.) ihren Dank aus und \u00fcberreichten ihnen Urkunde und Pr\u00e4sent.<\/p>\n\n\n\n<p>Die Kampagne &#8222;Beistehen statt rumstehen&#8220; der Pr\u00e4ventionsvereine Sicheres Heidelberg (SicherHeid) e. V., Pr\u00e4vention Rhein-Neckar e. V. und Sicherheit in Mannheim (SiMa) e. V., richtet sich inhaltlich an der bundesweiten Aktion &#8222;TU WAS&#8220; aus. Die Auszeichnung in Form einer Urkunde und eines Pr\u00e4sents erhalten Menschen, die im Rhein-Neckar-Kreis, in Heidelberg oder in Mannheim couragiert handeln. Weitere Infos gibt es unter&nbsp;<a target=\"_blank\" rel=\"noreferrer noopener\" href=\"https:\/\/www.sicherheid.de\/\">www.sicherheid.de<\/a>.<\/p>\n\n\n\n<p>Das Ziel der bundesweiten Aktion TU WAS, eine &#8222;Initiative f\u00fcr mehr Zivilcourage&#8220; ist, innerhalb der Bev\u00f6lkerung den Gedanken der Solidarit\u00e4t und des Helfens zu f\u00f6rdern. Oft wissen die B\u00fcrgerinnen und B\u00fcrger allerdings nicht, wie sie wirkungsvoll eingreifen k\u00f6nnen, ohne sich dabei selbst in Gefahr zu bringen.<\/p>\n\n\n\n<h4 class=\"wp-block-heading\">Deshalb hat die Polizei sechs praktische Regeln f\u00fcr mehr Sicherheit zusammengestellt, die jeder anwenden kann und in diesem Fall von den beiden Zeuginnen beispielhaft angewandt wurden:<\/h4>\n\n\n\n<ul><li><strong>Hilf, aber bring dich nicht in Gefahr!<\/strong><\/li><li><strong>Ruf die Polizei unter 110!<\/strong><\/li><li><strong>Bitte Andere um Mithilfe!<\/strong><\/li><li><strong>Pr\u00e4g dir T\u00e4termerkmale ein!<\/strong><\/li><li><strong>K\u00fcmmer dich um Opfer!<\/strong><\/li><li><strong>Sag als Zeuge aus!<\/strong><\/li><\/ul>\n\n\n\n<p>Diese sechs Regeln helfen im Alltag couragiert zu handeln. Jeder kann achtgeben, Hilfe holen, sich Details merken, den Mund aufmachen &#8211; ohne sich selbst in Gefahr zu bringen. Denn jeder kann im Rahmen seiner M\u00f6glichkeiten helfen, dass eine Straftat verhindert oder aufgekl\u00e4rt wird. Zum Helfen in Notsituationen ist man sogar gesetzlich verpflichtet!<\/p>\n\n\n\n<p>Weitere Infos gibt es unter\u00a0<a href=\"https:\/\/www.aktion-tu-was.de\/\" target=\"_blank\" rel=\"noreferrer noopener\">www.aktion-tu-was.de<\/a>.<\/p>\n\n\n\n<h2 class=\"wp-block-heading\">(Heidelberg) &#8211; 27-J\u00e4hriger auf Antrag der Staatsanwaltschaft Heidelberg wegen des dringenden Verdachts mehrerer Eigentumsdelikte in Untersuchungshaft<\/h2>\n\n\n\n<h3 class=\"wp-block-heading\">Gemeinsame Presseerkl\u00e4rung der Staatsanwaltschaft Heidelberg und des Polizeipr\u00e4sidiums Mannheim<\/h3>\n\n\n<div class=\"wp-block-image\">\n<figure class=\"aligncenter size-full\"><img decoding=\"async\" loading=\"lazy\" width=\"800\" height=\"533\" src=\"https:\/\/speyer24news.com\/wp-content\/uploads\/2020\/06\/Zelle.jpg\" alt=\"\" class=\"wp-image-28203\" srcset=\"https:\/\/speyer24news.com\/wp-content\/uploads\/2020\/06\/Zelle.jpg 800w, https:\/\/speyer24news.com\/wp-content\/uploads\/2020\/06\/Zelle-300x200.jpg 300w, https:\/\/speyer24news.com\/wp-content\/uploads\/2020\/06\/Zelle-768x512.jpg 768w\" sizes=\"(max-width: 800px) 100vw, 800px\" \/><figcaption>Beispielbild Zelle \/ Verhaftung, dient lediglich der Visualisierung<\/figcaption><\/figure><\/div>\n\n\n<p>Auf Antrag der Staatsanwaltschaft Heidelberg wurde durch das Amtsgericht Heidelberg ein Haftbefehl gegen einen 27 Jahre alten Tatverd\u00e4chtigen erlassen.<\/p>\n\n\n\n<p>Bei dem Mann wurden im Rahmen einer polizeilichen Kontrolle im Hauptbahnhof in Heidelberg zwei Mobiltelefone sowie Bank- und Versicherungskarten aufgefunden, die im Zeitraum vom 09. bis 29. Juli 2022 ihren Eigent\u00fcmern im Bereich des Heidelberger Hauptbahnhofs sowie der Neuenheimer Neckarwiese abhandengekommen waren. Der Verd\u00e4chtige steht daher im dringenden Verdacht, diese Gegenst\u00e4nde unterschlagen, gestohlen oder aber als Hehlerware in seinen Besitz gebracht zu haben.<\/p>\n\n\n\n<p>Dar\u00fcber hinaus steht der Mann im dringenden Verdacht, am 08.07.2022 in einem Supermarkt in der Heidelberger Weststadt mehrere Waren entwendet und sich dadurch auch wegen Ladendiebstahls strafbar gemacht zu haben.<\/p>\n\n\n\n<p>Der Tatverd\u00e4chtige wurde heute der Ermittlungsrichterin des Amtsgerichts Heidelberg vorgef\u00fchrt und nach Erlass sowie Er\u00f6ffnung eines Haftbefehls wegen Fluchtgefahr in eine Justizvollzugsanstalt eingeliefert.<\/p>\n\n\n\n<h2 class=\"wp-block-heading\">(Heidelberg-Altstadt) &#8211; Jugendlicher angegriffen \/ Wer kann Hinweise geben?<\/h2>\n\n\n<div class=\"wp-block-image\">\n<figure class=\"aligncenter size-full\"><img decoding=\"async\" loading=\"lazy\" width=\"801\" height=\"600\" src=\"https:\/\/speyer24news.com\/wp-content\/uploads\/2020\/05\/Zeugen-gesucht-Neutral.jpg\" alt=\"\" class=\"wp-image-26598\" srcset=\"https:\/\/speyer24news.com\/wp-content\/uploads\/2020\/05\/Zeugen-gesucht-Neutral.jpg 801w, https:\/\/speyer24news.com\/wp-content\/uploads\/2020\/05\/Zeugen-gesucht-Neutral-300x225.jpg 300w, https:\/\/speyer24news.com\/wp-content\/uploads\/2020\/05\/Zeugen-gesucht-Neutral-768x575.jpg 768w, https:\/\/speyer24news.com\/wp-content\/uploads\/2020\/05\/Zeugen-gesucht-Neutral-678x509.jpg 678w, https:\/\/speyer24news.com\/wp-content\/uploads\/2020\/05\/Zeugen-gesucht-Neutral-326x245.jpg 326w, https:\/\/speyer24news.com\/wp-content\/uploads\/2020\/05\/Zeugen-gesucht-Neutral-80x60.jpg 80w\" sizes=\"(max-width: 801px) 100vw, 801px\" \/><\/figure><\/div>\n\n\n<p>In der Nacht von Mittwoch auf Donnerstag wurde ein 16-J\u00e4hriger von zwei bislang Unbekannten in der Sofienstra\u00dfe angegriffen und dabei nicht unerheblich verletzt &#8211; das Polizeirevier Heidelberg-Mitte sucht Zeugen!<\/p>\n\n\n\n<p>Gegen 02:30 Uhr befand sich der Jugendliche zu Fu\u00df auf dem Heimweg, als er auf H\u00f6he eines Bekleidungsgesch\u00e4fts von zwei ihm unbekannten M\u00e4nnern angesprochen wurde. Ohne weiter auf ein Gespr\u00e4ch einzugehen ging der junge Mann weiter. Unvermittelt rannte einer der Unbekannten auf den 16-J\u00e4hrigen zu und schlug ihm mehrfach mit der Faust in das Gesicht. Anschlie\u00dfend fl\u00fcchtete der T\u00e4ter mit seinem Begleiter. Der Verletzte begab sich unmittelbar in \u00e4rztliche Behandlung, da er durch die Faustschl\u00e4ge eine Fraktur erlitt.<\/p>\n\n\n\n<h4 class=\"wp-block-heading\">Der T\u00e4ter soll:<\/h4>\n\n\n\n<ul><li><strong>dunklere Hautfarbe haben, <\/strong><\/li><li><strong>ebenso sein Begleiter der ca. 1,85 m bis 1,90 m gro\u00df sein soll. <\/strong><\/li><li><strong>Weitere Angaben zu den Fl\u00fcchtigen liegen bislang nicht vor.<\/strong><\/li><\/ul>\n\n\n\n<p>Zeugen des Geschehens oder Personen die Hinweise geben k\u00f6nnen, werden gebeten, sich unter Tel.: 06221 99-1700 bei den Ermittlern zu melden.<\/p>\n\n\n\n<h2 class=\"wp-block-heading\">(Heidelberg-Emmertsgrund) &#8211; Fiat aufgebrochen, Werkzeug im Wert von mehreren tausend Euro gestohlen \/ Zeugen gesucht<\/h2>\n\n\n\n<p>Zwischen Mittwochabend, 21 Uhr, und Donnersagvormittag, 7:30 Uhr, entwendeten bisher unbekannte T\u00e4ter aus einem wei\u00dfen Fiat Ducato, welcher am Otto-Hahn-Platz abgestellt war, mehrere hochwertige Werkzeuge. Die Unbekannten schlugen die Heckscheibe des Fahrzeuges ein und stahlen aus dem Fahrzeug unter anderem mehrere Akkuwerkzeuge, einen Industriesauer und eine Fliesenschneidmaschine. Der Gesamtschaden liegt bei mindestens 6.000 Euro. Das Polizeirevier Heidelberg-S\u00fcd nimmt Zeugenhinweise unter Tel.: 06221\/3418-0 entgegen.<\/p>\n\n\n\n<h2 class=\"wp-block-heading\">(Hockenheim \/ Rhein-Neckar-Kreis) &#8211; Radfahrer bei Unfall leicht verletzt \/ Einsatz Rettungshubschrauber<\/h2>\n\n\n\n<p>Am Donnerstagabend gegen 18.50 Uhr ereignete sich in Hockenheim ein Verkehrsunfall, bei welchem ein Radfahrer leicht verletzt wurde. Der 21-j\u00e4hrige Radfahrer befuhr den baulich getrennten Radweg auf dem Gel\u00e4nde der Landesgartenschau, entlang der Eisenbahnstra\u00dfe. Auf H\u00f6he des Kraichbaches wollte er die Eisenbahnstra\u00dfe \u00fcberqueren und kollidierte hierbei mit einem vom Bahnhof kommenden Pkw. In der Folge wurde der 21-J\u00e4hrige auf den Pkw, Typ VW Up!, aufgeladen. Gl\u00fccklicherweise zog er sich hierbei nur leichte Verletzungen zu. Aufgrund des zun\u00e4chst jedoch unklaren Verletzungsbildes wurde der Radfahrer mit einem Rettungshubschrauber in ein umliegendes Krankenhaus geflogen. Des Weiteren befanden sich ein Rettungs- sowie Notarztwagen, sowie sechs Beamte des Polizeipr\u00e4sidiums Mannheim vor Ort. Der VW Up! der 40-J\u00e4hrigen war im Anschluss an den Unfall nicht mehr fahrbereit und musste abgeschleppt werden. Es entstand ein Gesamtschaden von ca. 1.300 Euro. Zu gr\u00f6\u00dferen Verkehrsbehinderungen kam es nicht. Die Unfallaufnahme \u00fcbernahmen Beamte des Verkehrsdienstes Mannheim.<\/p>\n\n\n\n<h2 class=\"wp-block-heading\">(Hockenheim-Talhaus \/ Rhein-Neckar-Kreis) &#8211; Zusammensto\u00df zwischen Fu\u00dfg\u00e4ngerin und Auto \/ 36-j\u00e4hrige Frau verletzt<\/h2>\n\n\n\n<p>Eine 36-j\u00e4hrige Fu\u00dfg\u00e4ngerin wurde am Donnerstagmorgen bei einem Zusammensto\u00df mit einem Auto in Hockenheim-Talhaus leicht verletzt. Die Frau \u00fcberquerte gegen 9.30 Uhr bei Rotlicht die Fu\u00dfg\u00e4ngerampel an d Kreuzung Talhausstra\u00dfe\/Ludwigshafener Stra\u00dfe\/Gleisstra\u00dfe. Dabei wurde sie von einem 57-j\u00e4hrigen Audi-Fahrer erfasst, der die Talhausstra\u00dfe von Ketsch kommend in Richtung Hockenheim befuhrt. Die 36-J\u00e4hrige st\u00fcrzte zu Boden und zog sich leichte Verletzungen an Kopf, Arm und Schulter zu. Sie wurde zur Behandlung in ein Krankenhaus eingeliefert. Am Fahrzeug entstand geringf\u00fcgiger Sachschaden.<\/p>\n\n\n\n<h2 class=\"wp-block-heading\">(Reilingen \/ Rhein-Neckar-Kreis) &#8211; Unfall verursacht und abgehauen \/ Polizei sucht Zeugen<a href=\"https:\/\/www.facebook.com\/sharer.php?u=https%3A%2F%2Fwww.presseportal.de%2Fblaulicht%2Fpm%2F14915%2F5284668%2F%3Futm_source%3Dfacebook%26utm_medium%3Dsocial\"><\/a><a href=\"https:\/\/twitter.com\/intent\/tweet?text=POL-MA%3A%20Reilingen%2FRhein-Neckar-Kreis%3A%20Unfall%20verursacht%20und%20abgehauen%20-%20Polizei%20sucht%20Zeugen&amp;url=https%3A%2F%2Fwww.presseportal.de%2Fblaulicht%2Fpm%2F14915%2F5284668%2F%3Futm_source%3Dtwitter%26utm_medium%3Dsocial&amp;hashtags=ots&amp;lang=de\"><\/a><a href=\"https:\/\/web.whatsapp.com\/send?text=POL-MA%3A%20Reilingen%2FRhein-Neckar-Kreis%3A%20Unfall%20verursacht%20und%20abgehauen%20-%20Polizei%20sucht%20Zeugen%0A%0Ahttps%3A%2F%2Fwww.presseportal.de%2Fblaulicht%2Fpm%2F14915%2F5284668%2F%3Futm_source%3Dwhatsapp%26utm_medium%3Dsocial\"><\/a><a href=\"https:\/\/www.xing.com\/app\/user?op=share;url=https%3A%2F%2Fwww.presseportal.de%2Fblaulicht%2Fpm%2F14915%2F5284668%2F%3Futm_source%3Dxing%26utm_medium%3Dsocial\"><\/a><a href=\"http:\/\/www.linkedin.com\/shareArticle?mini=true&amp;url=https%3A%2F%2Fwww.presseportal.de%2Fblaulicht%2Fpm%2F14915%2F5284668%2F%3Futm_source%3Dlinkedin%26utm_medium%3Dsocial&amp;title=POL-MA%3A+Reilingen%2FRhein-Neckar-Kreis%3A+Unfall+verursacht+und+abgehauen+-+Polizei+sucht+Zeugen\"><\/a><a href=\"mailto:?subject=POL-MA%3A%20Reilingen%2FRhein-Neckar-Kreis%3A%20Unfall%20verursacht%20und%20abgehauen%20-%20Polizei%20sucht%20Zeugen&amp;body=https:\/\/www.presseportal.de\/blaulicht\/pm\/14915\/5284668\"><\/a><\/h2>\n\n\n\n<p>Einen Verkehrsunfall verursachte am Donnerstagabend ein unbekannter Autofahrer auf der L 723 bei Reilingen. Eine 31-j\u00e4hrige Frau war gegen 19 Uhr mit ihrem Opel Adam auf der L 723 von Reilingen in Richtung Walldorf unterwegs. Kurz vor der Autobahnbr\u00fccke kam ihr auf ihrer Fahrspur ein wei\u00dfer Kleinwagen entgegen, der offenbar trotz durchgezogener Mittellinie \u00fcberholte. Um einen Zusammensto\u00df zu vermeiden, bremste die 31-J\u00e4hrige stark ab. Eine ihr nachfolgende 46-J\u00e4hrige konnte ihren Opel Zafira nicht mehr rechtzeitig bremsen und fuhr der 31-J\u00e4hrigen auf. Der unbekannte Kleinwagen fuhr, ohne anzuhalten, einfach weiter.<\/p>\n\n\n\n<p>Nach dem Zusammensto\u00df klagte der 8-j\u00e4hrigen Beifahrer im Opel Zafira \u00fcber Schmerzen im Brustbereich. Er wurde im Beisein seiner Mutter durch Rettungskr\u00e4fte vor Ort behandelt.<\/p>\n\n\n\n<p>An den Fahrzeugen entstand Sachschaden in H\u00f6he von rund 7.000 Euro.<\/p>\n\n\n\n<p>Ein Zeuge, der den Unfall beobachtet hatte, gab an, dass es sich beim unfallverursachenden Fahrzeug um einen wei\u00dfen Kleinwagen unbekannter Marke mit KA-Kennzeichen gehandelt habe.<\/p>\n\n\n\n<p>Weitere Zeugen, die auf den Unfall aufmerksam geworden sind und sachdienliche Hinweise zum Unfallablauf sowie zum unfallverursachenden Fahrzeug und dessen Fahrer geben k\u00f6nnen, werden gebeten, sich beim Polizeirevier Hockenheim, Tel.: 06205\/2860-0 zu melden.<\/p>\n\n\n\n<h2 class=\"wp-block-heading\">(Wiesloch \/ Rhein-Neckar-Kreis) &#8211; 47-J\u00e4hriger vermisst \/ Polizei bittet um Mithilfe<\/h2>\n\n\n<div class=\"wp-block-image\">\n<figure class=\"aligncenter size-full\"><img decoding=\"async\" loading=\"lazy\" width=\"800\" height=\"585\" src=\"https:\/\/speyer24news.com\/wp-content\/uploads\/2021\/11\/Drehtuer-Psychatrie-Wiesloch.jpg\" alt=\"\" class=\"wp-image-42486\" srcset=\"https:\/\/speyer24news.com\/wp-content\/uploads\/2021\/11\/Drehtuer-Psychatrie-Wiesloch.jpg 800w, https:\/\/speyer24news.com\/wp-content\/uploads\/2021\/11\/Drehtuer-Psychatrie-Wiesloch-300x219.jpg 300w, https:\/\/speyer24news.com\/wp-content\/uploads\/2021\/11\/Drehtuer-Psychatrie-Wiesloch-768x562.jpg 768w, https:\/\/speyer24news.com\/wp-content\/uploads\/2021\/11\/Drehtuer-Psychatrie-Wiesloch-80x60.jpg 80w\" sizes=\"(max-width: 800px) 100vw, 800px\" \/><figcaption>Beispielbild Dreht\u00fcr \/ ZI Wiesloch, dient lediglich der Visualisierung<\/figcaption><\/figure><\/div>\n\n\n<p>Seit Donnerstagmorgen, 08:00 Uhr, wird der 47-j\u00e4hrige Traore G. vermisst. Dieser ist derzeit im Zentrum f\u00fcr Psychiatrie Nordbaden untergebracht. Der Vermisste ist orientierungslos und auf eine Dialyse angewiesen, weshalb die Polizei dringend um Mithilfe bei der Suche nach Traore G. bittet. Von dem Vermissten geht keine Gefahr f\u00fcr andere Personen aus. Der Vermisste hielt sich in der Vergangenheit des \u00d6fteren in Mannheim und Ilvesheim auf.<\/p>\n\n\n\n<h4 class=\"wp-block-heading\">Er ist:<\/h4>\n\n\n\n<ul><li><strong>ca. 175 cm gro\u00df <\/strong><\/li><li><strong>78 kg schwer <\/strong><\/li><li><strong>bei normaler Figur<\/strong><\/li><li><strong>kurze, schwarze Haare<\/strong><\/li><li><strong>braune Augen <\/strong><\/li><li><strong>tr\u00e4gt einen langen, schwarzen Mantel<\/strong><\/li><\/ul>\n\n\n\n<p>Ein Lichtbild des Vermissten ist im Fahndungsportal der Polizei Baden-W\u00fcrttemberg unter dem folgenden Link abrufbar:&nbsp;<a target=\"_blank\" rel=\"noreferrer noopener\" href=\"https:\/\/fahndung.polizei-bw.de\/tracing\/wiesloch-rhein-neckar-kreis-vermisstenfahndung\/\">https:\/\/fahndung.polizei-bw.de\/tracing\/wiesloch-rhein-neckar-kreis-vermisstenfahndung\/<\/a><\/p>\n\n\n\n<p>Hinweise auf den Aufenthaltsort des Vermissten k\u00f6nnen an den Polizeinotruf 110, den Kriminaldauerdienst unter der Rufnummer 0621 174 &#8211; 4444 oder jede weitere Polizeidienststelle gegeben werden.<\/p>\n\n\n\n<h2 class=\"wp-block-heading\">(Eberbach \/ Rhein-Neckar-Kreis) &#8211; Evakuierung nach Brand in einem Einkaufsmarkt; Polizei hat die Ermittlungen aufgenommen<\/h2>\n\n\n<div class=\"wp-block-image\">\n<figure class=\"aligncenter size-full\"><img decoding=\"async\" loading=\"lazy\" width=\"640\" height=\"428\" src=\"https:\/\/speyer24news.com\/wp-content\/uploads\/2021\/02\/Feuerwehr-Polizei.jpg\" alt=\"\" class=\"wp-image-33096\" srcset=\"https:\/\/speyer24news.com\/wp-content\/uploads\/2021\/02\/Feuerwehr-Polizei.jpg 640w, https:\/\/speyer24news.com\/wp-content\/uploads\/2021\/02\/Feuerwehr-Polizei-300x201.jpg 300w\" sizes=\"(max-width: 640px) 100vw, 640px\" \/><\/figure><\/div>\n\n\n<p>Am Donnerstag gegen 14:15 Uhr r\u00fcckten Polizei und Feuerwehr aus, nachdem in einem Einkaufsmarkt in der G\u00fcterbahnhofstra\u00dfe aus bislang nicht bekannten Gr\u00fcnden ein Feuer ausgebrochen war. Beim Eintreffen der Polizeikr\u00e4fte f\u00fchrte die Freiwillige Feuerwehr Eberbach, die mit insgesamt f\u00fcnf Einsatzfahrzeugen und 23 Feuerwehrleuten vor Ort war, bereits L\u00f6schma\u00dfnahmen durch. Aufgrund der starken Rauchentwicklung wurde der Markt, in welchem zum Zeitpunkt des Brandausbruchs Kundenverkehr herrschte, vorsichtshalber evakuiert. Verletzt wurde gl\u00fccklicherweise niemand. Ersten Ermittlungen zufolge, brach das Feuer vermutlich in einem Anbau des Marktes aus, wo unter anderem Kartonagen und Leergut gelagert waren. Durch den Brand wurden mehrere Metallcontainer sowie das Wellblechdach des Anbaus und die Ummantelung verschiedener Leitungen besch\u00e4digt. Nach Abschluss der ersten Ma\u00dfnahmen konnte der Einkaufsmarkt um 15:10 Uhr wieder f\u00fcr den Kundenverkehr freigegeben werden. Der entstandene Gesamtsachschaden wird derzeit auf rund 15.000 Euro gesch\u00e4tzt. Die Brandermittler des Polizeireviers Eberbach haben die weiteren Ermittlungen, insbesondere zur Brandursache, aufgenommen.<\/p>\n\n\n\n<h2 class=\"wp-block-heading\">(Weinheim \/ Rhein-Neckar-Kreis) &#8211; Zwei Schwerverletzte nach Verkehrsunfall \/ 50.000 Euro Sachschaden<\/h2>\n\n\n\n<p>Am Donnerstagabend gegen kurz nach 17.00 Uhr ereignete sich in Weinheim ein Verkehrsunfall bei welchem zwei Personen schwer verletzt wurden. Der 41-j\u00e4hrige Fahrzeugf\u00fchrer sowie dessen 55-j\u00e4hriger Beifahrer befuhren die Brunnstra\u00dfe in Richtung Stadtgebiet. Vermutlich aufgrund \u00fcberh\u00f6hter Geschwindigkeit verlor der 41-J\u00e4hrige in einer Rechtskurve die Kontrolle \u00fcber sein Fahrzeug und kam nach links von der Fahrbahn ab. Im weiteren Verlauf \u00fcberfuhr er mehrere Verkehrs- und Hinweisschilder und prallte frontal gegen einen Baum, welcher hierdurch entwurzelt und gef\u00e4llt wurde. Das verunfallte Fahrzeug, ein Porsche Cayman, \u00fcberschlug sich letztlich und kam in einem angrenzenden Maisfeld zum Stehen. Fahrer und Beifahrer wurden schwer verletzt und zur weiteren medizinischen Versorgung in umliegende Krankenh\u00e4user verbracht. An dem Porsche entstand Totalschaden in H\u00f6he von ca. 50.000 Euro. Durch die besch\u00e4digten Verkehrs- und Hinweisschilder sowie Flursch\u00e4den der angrenzenden Grundst\u00fccke entstand weiter ein Schaden von ca. 1.500 Euro. Das verunfallte Fahrzeug musste im Anschluss an die Unfallaufnahme abgeschleppt werden. Zu gr\u00f6\u00dferen Verkehrsbehinderung kam es nicht. Die Unfallaufnahme erfolgte durch den Verkehrsdienst Mannheim. Die Feuerwehr aus Weinheim war mit vier Fahrzeugen und 15 Einsatzkr\u00e4ften ebenfalls mit vor Ort.<\/p>\n","protected":false},"excerpt":{"rendered":"<div class=\"mh-excerpt\"><p>Polizeimeldungen vom Freitag (29.07.2022) (Speyer) &#8211; Verkehrsunfall mit verletzen Personen Ein 17-J\u00e4hriger befuhr am 28.07.2022 gegen 18:00 Uhr mit seinem E-Scooter den Radweg in der Kurt-Schumacher-Stra\u00dfe in Fahrtrichtung Landwehrstra\u00dfe. An einer Grundst\u00fccksausfahrt fuhr ein 66-j\u00e4hriger <a class=\"mh-excerpt-more\" href=\"https:\/\/speyer24news.com\/?p=47720\" title=\"Polizeimeldungen Freitag (29.07.2022)\">[&#8230;]<\/a><\/p>\n<\/div>","protected":false},"author":3,"featured_media":26162,"comment_status":"open","ping_status":"open","sticky":false,"template":"","format":"standard","meta":{"_monsterinsights_skip_tracking":false,"_monsterinsights_sitenote_active":false,"_monsterinsights_sitenote_note":"","_monsterinsights_sitenote_category":0,"footnotes":""},"categories":[12],"tags":[7243,7244,3614,702,61,2555,6955,6986,6263,63,105,11150,6987,53,4854,13534,4683,1548,4905,11592,102,13626,213,14325,14324,13553,13541,55,8277,6368,5261,103,106,2803,2423,427,2625,380,62,104,979,1565],"aioseo_notices":[],"amp_enabled":true,"_links":{"self":[{"href":"https:\/\/speyer24news.com\/index.php?rest_route=\/wp\/v2\/posts\/47720"}],"collection":[{"href":"https:\/\/speyer24news.com\/index.php?rest_route=\/wp\/v2\/posts"}],"about":[{"href":"https:\/\/speyer24news.com\/index.php?rest_route=\/wp\/v2\/types\/post"}],"author":[{"embeddable":true,"href":"https:\/\/speyer24news.com\/index.php?rest_route=\/wp\/v2\/users\/3"}],"replies":[{"embeddable":true,"href":"https:\/\/speyer24news.com\/index.php?rest_route=%2Fwp%2Fv2%2Fcomments&post=47720"}],"version-history":[{"count":1,"href":"https:\/\/speyer24news.com\/index.php?rest_route=\/wp\/v2\/posts\/47720\/revisions"}],"predecessor-version":[{"id":47726,"href":"https:\/\/speyer24news.com\/index.php?rest_route=\/wp\/v2\/posts\/47720\/revisions\/47726"}],"wp:featuredmedia":[{"embeddable":true,"href":"https:\/\/speyer24news.com\/index.php?rest_route=\/wp\/v2\/media\/26162"}],"wp:attachment":[{"href":"https:\/\/speyer24news.com\/index.php?rest_route=%2Fwp%2Fv2%2Fmedia&parent=47720"}],"wp:term":[{"taxonomy":"category","embeddable":true,"href":"https:\/\/speyer24news.com\/index.php?rest_route=%2Fwp%2Fv2%2Fcategories&post=47720"},{"taxonomy":"post_tag","embeddable":true,"href":"https:\/\/speyer24news.com\/index.php?rest_route=%2Fwp%2Fv2%2Ftags&post=47720"}],"curies":[{"name":"wp","href":"https:\/\/api.w.org\/{rel}","templated":true}]}}