{"id":47744,"date":"2022-07-31T07:06:48","date_gmt":"2022-07-31T06:06:48","guid":{"rendered":"https:\/\/speyer24news.com\/?p=47744"},"modified":"2022-07-31T07:06:48","modified_gmt":"2022-07-31T06:06:48","slug":"polizeimeldungen-samstag-30-07-2022","status":"publish","type":"post","link":"https:\/\/speyer24news.com\/?p=47744","title":{"rendered":"Polizeimeldungen Samstag (30.07.2022)"},"content":{"rendered":"<style type=\"text\/css\">\r\n\t.ads_top_disp{}\r\n\t.ads_top_corner_disp{ float:left; margin:0px 10px 10px 0px; }\r\n\t.ads_first_p_disp{}\r\n\t.ads_bottom_disp{}\r\n\t<\/style>\n<h2 class=\"wp-block-heading\">Polizeimeldungen vom Samstag (30.07.2022)<\/h2>\n\n\n<div class=\"wp-block-image\">\n<figure class=\"aligncenter size-full\"><img decoding=\"async\" loading=\"lazy\" width=\"375\" height=\"500\" src=\"https:\/\/speyer24news.com\/wp-content\/uploads\/2022\/03\/Aktuelles-Polizeilogo.jpg\" alt=\"\" class=\"wp-image-43591\" srcset=\"https:\/\/speyer24news.com\/wp-content\/uploads\/2022\/03\/Aktuelles-Polizeilogo.jpg 375w, https:\/\/speyer24news.com\/wp-content\/uploads\/2022\/03\/Aktuelles-Polizeilogo-225x300.jpg 225w\" sizes=\"(max-width: 375px) 100vw, 375px\" \/><\/figure><\/div>\n\n\n<h2 class=\"wp-block-heading\">(Speyer) &#8211; Trickbetrug durch falschen Handwerker<\/h2>\n\n\n<div class=\"wp-block-image\">\n<figure class=\"aligncenter size-full\"><img decoding=\"async\" loading=\"lazy\" width=\"801\" height=\"600\" src=\"https:\/\/speyer24news.com\/wp-content\/uploads\/2020\/05\/Zeugen-gesucht-Neutral.jpg\" alt=\"\" class=\"wp-image-26598\" srcset=\"https:\/\/speyer24news.com\/wp-content\/uploads\/2020\/05\/Zeugen-gesucht-Neutral.jpg 801w, https:\/\/speyer24news.com\/wp-content\/uploads\/2020\/05\/Zeugen-gesucht-Neutral-300x225.jpg 300w, https:\/\/speyer24news.com\/wp-content\/uploads\/2020\/05\/Zeugen-gesucht-Neutral-768x575.jpg 768w, https:\/\/speyer24news.com\/wp-content\/uploads\/2020\/05\/Zeugen-gesucht-Neutral-678x509.jpg 678w, https:\/\/speyer24news.com\/wp-content\/uploads\/2020\/05\/Zeugen-gesucht-Neutral-326x245.jpg 326w, https:\/\/speyer24news.com\/wp-content\/uploads\/2020\/05\/Zeugen-gesucht-Neutral-80x60.jpg 80w\" sizes=\"(max-width: 801px) 100vw, 801px\" \/><\/figure><\/div>\n\n\n<p>Am 29.07.2022 gegen 16 Uhr klingelte ein T\u00e4ter in der Else-Krieg-Stra\u00dfe in Speyer in einer Einrichtung zum Betreuten Wohnen bei einer 91-j\u00e4hrigen Seniorin. Nachdem der T\u00e4ter vorgab als Handwerker die Wasserleitungen zu \u00fcberpr\u00fcfen, wurde er eingelassen. Erst nachdem der T\u00e4ter sich frei in den Wohnr\u00e4umen zu bewegen anfing, zweifelte die Seniorin an dessen Auftrag und erkl\u00e4rte die Polizei zu verst\u00e4ndigen, was den T\u00e4ter zur sofortigen Flucht bewegt. <\/p>\n\n\n\n<h4 class=\"wp-block-heading\">Der T\u00e4ter wird wie folgt beschrieben:<\/h4>\n\n\n\n<ul><li><strong>ca. 170 cm gro\u00df<\/strong><\/li><li><strong>kr\u00e4ftiger Mann<\/strong><\/li><li><strong>zw. 50-60 Jahre alt<\/strong><\/li><li><strong>sprach akzentfreies Deutsch<\/strong><\/li><\/ul>\n\n\n\n<p>Es wurde die Sicherung der im Anwesen befindlichen Videoanlage veranlasst.<\/p>\n\n\n\n<p>Zeugen des Vorfalls werden gebeten sich bei der Polizeiinspektion Speyer (Tel.: 06232-1370,&nbsp;<a href=\"mailto:pispeyer@polizei.rlp.de\">pispeyer@polizei.rlp.de<\/a>) zu melden.<\/p>\n\n\n\n<p>Die Polizei r\u00e4t, dass Bewohner niemanden in die Wohnr\u00e4ume lassen, wenn diese nicht pers\u00f6nlich bekannt sind oder ein Termin besteht. Sollten sich die Bewohner unsicher sein, kann eine Abkl\u00e4rung erfolgen, w\u00e4hrenddessen die in Frage stehende Person vor der verschlossenen Wohnungst\u00fcr warten kann bzw. im Zweifelsfall auch jederzeit die Polizei verst\u00e4ndigt werden kann, um gemeinsam die Situation aufzukl\u00e4ren.<\/p>\n\n\n\n<h2 class=\"wp-block-heading\">(Speyer) &#8211; Versuchter Diebstahl aus PKW<\/h2>\n\n\n\n<p>Am 29.07.2022 gegen 11:25 Uhr parkte eine Fahrerin ihren PKW auf dem Parkplatz eines Einkaufcenters in der Auestra\u00dfe in Speyer und \u00fcberpr\u00fcfte am Heck des Fahrzeuges die Anh\u00e4ngerkupplung, als sich ein m\u00e4nnlicher T\u00e4ter durch die ge\u00f6ffnete Scheibe der Fahrert\u00fcr in den PKW lehnt, um an die auf dem Beifahrersitz befindliche Handtasche zu gelangen. Durch eine aufmerksame B\u00fcrgerin wurde die Fahrerin informiert, die den T\u00e4ter ansprechen und zur Herausgabe des Mobiltelefons und der Geldb\u00f6rse bewegen konnte. Anschlie\u00dfend konnte ein Bild des T\u00e4ters gefertigt werden, wonach der T\u00e4ter, der wie folgt beschrieben werden kann, fl\u00fcchtete:<\/p>\n\n\n\n<ul><li><strong>Schlanke Gestalt<\/strong><\/li><li><strong>circa 25-30 Jahre alt<\/strong><\/li><li><strong>kurze Jeanshose<\/strong><\/li><li><strong>schwarzes Shirt<\/strong><\/li><li><strong>dunkelblaue Schildkappe<\/strong><\/li><li><strong>M\u00e4nnerhandtasche<\/strong><\/li><\/ul>\n\n\n\n<p>Zeugen des Vorfalls werden gebeten sich bei der Polizeiinspektion Speyer (Tel.: 06232-1370,&nbsp;<a href=\"mailto:pispeyer@polizei.rlp.de\">pispeyer@polizei.rlp.de<\/a>) zu melden.<\/p>\n\n\n\n<p>Seitens der Polizei wird empfohlen auch bei nur kurzzeitigen Abwesenheiten am Fahrzeug (Parkticket l\u00f6sen, Einkaufswagen zur\u00fcckbringen etc.), dieses ordnungsgem\u00e4\u00df zu verschlie\u00dfen und somit ein Eindringen zu vermeiden.<\/p>\n\n\n\n<h2 class=\"wp-block-heading\">(Speyer) &#8211; Kontrollstellen im Stadtgebiet<\/h2>\n\n\n\n<p>Am 29.07.2022 zwischen 08:30 &#8211; 09:45 Uhr wurden zwei Kontrollstellen im Stadtgebiet Speyer durchgef\u00fchrt. Folgende Ma\u00dfnahmen wurden getroffen:<\/p>\n\n\n\n<ul><li>Kurt-Schumacher-Stra\u00dfe: 3x Verletzung der Gurtpflicht, 2x  M\u00e4ngelbericht,<\/li><li>Woogbachpark hinter AV03-Heim: 4x Nutzung des Fu\u00dfweges als  Radfahrer.<\/li><\/ul>\n\n\n\n<p>Insgesamt wurden circa 20 Kontrollen und B\u00fcrgergespr\u00e4che durchgef\u00fchrt. Die Polizei fordert eine gegenseitige R\u00fccksichtnahme im Stra\u00dfenverkehr, auch in Parkanlagen, um ein friedliches Zusammenleben zu f\u00f6rdern.<\/p>\n\n\n\n<h2 class=\"wp-block-heading\">(Dudenhofen) &#8211; Einbruch in Vereinsheim<\/h2>\n\n\n\n<p>Zwischen dem 28.07.2022 23:30 Uhr und dem 29.07.2022 07:30 Uhr gelangten unbekannte T\u00e4ter durch eine Seitent\u00fcr in das Vereinsheim des ortsans\u00e4ssigen Fu\u00dfballvereins und entwendeten eine Kellner-Geldb\u00f6rse und zwei Spardosen. Im nahegelegenen Umfeld des Vereins konnte sp\u00e4ter eine der Spardosen und in einem Gulli Aufbruchwerkzeug und eine Kapuzenjacke aufgefunden werden, die bei der Tat verwendet sein d\u00fcrften. Des Weiteren auch leere Getr\u00e4nkeflaschen, die ebenfalls sichergestellt und spurentechnisch untersucht werden k\u00f6nnen, um die T\u00e4ter zu ermitteln.<\/p>\n\n\n\n<p>Zeugen des Vorfalls werden gebeten sich bei der Polizeiinspektion Speyer (Tel.: 06232-1370,\u00a0<a href=\"mailto:pispeyer@polizei.rlp.de\">pispeyer@polizei.rlp.de<\/a>) zu melden.<\/p>\n\n\n\n<h2 class=\"wp-block-heading\">(Lingenfeld) &#8211; Zuviel Alkohol auf dem Fahrrad<a href=\"https:\/\/www.facebook.com\/sharer.php?u=https%3A%2F%2Fwww.presseportal.de%2Fblaulicht%2Fpm%2F117686%2F5285370%2F%3Futm_source%3Dfacebook%26utm_medium%3Dsocial\"><\/a><a href=\"https:\/\/twitter.com\/intent\/tweet?text=POL-PDLD%3A%20Lingenfeld%20-%20Zuviel%20Alkohol%20auf%20dem%20Fahrrad&amp;url=https%3A%2F%2Fwww.presseportal.de%2Fblaulicht%2Fpm%2F117686%2F5285370%2F%3Futm_source%3Dtwitter%26utm_medium%3Dsocial&amp;hashtags=ots&amp;lang=de\"><\/a><a href=\"https:\/\/web.whatsapp.com\/send?text=POL-PDLD%3A%20Lingenfeld%20-%20Zuviel%20Alkohol%20auf%20dem%20Fahrrad%0A%0Ahttps%3A%2F%2Fwww.presseportal.de%2Fblaulicht%2Fpm%2F117686%2F5285370%2F%3Futm_source%3Dwhatsapp%26utm_medium%3Dsocial\"><\/a><a href=\"https:\/\/www.xing.com\/app\/user?op=share;url=https%3A%2F%2Fwww.presseportal.de%2Fblaulicht%2Fpm%2F117686%2F5285370%2F%3Futm_source%3Dxing%26utm_medium%3Dsocial\"><\/a><a href=\"http:\/\/www.linkedin.com\/shareArticle?mini=true&amp;url=https%3A%2F%2Fwww.presseportal.de%2Fblaulicht%2Fpm%2F117686%2F5285370%2F%3Futm_source%3Dlinkedin%26utm_medium%3Dsocial&amp;title=POL-PDLD%3A+Lingenfeld+-+Zuviel+Alkohol+auf+dem+Fahrrad\"><\/a><a href=\"mailto:?subject=POL-PDLD%3A%20Lingenfeld%20-%20Zuviel%20Alkohol%20auf%20dem%20Fahrrad&amp;body=https:\/\/www.presseportal.de\/blaulicht\/pm\/117686\/5285370\"><\/a><\/h2>\n\n\n\n<p>Am Morgen des 30. Juli wurde eine auf dem Boden krabbelnde Person im Bereich Lingenfeld gemeldet, welche zuvor noch versucht habe, mit einem Fahrrad zu fahren.<\/p>\n\n\n\n<p>Bei Eintreffen der Streife konnte der 28-J\u00e4hrige letztlich auf seinem Fahrrad fahrend angetroffen werden. Ein Atemalkoholtest ergab eine Alkoholisierung von 1,67 Promille. Au\u00dferdem konnte ein geringe Menge Marihuana aufgefunden und sichergestellt werden.<\/p>\n\n\n\n<p>Es wurde eine Blutprobe entnommen und entsprechende Strafverfahren eingeleitet.<\/p>\n\n\n\n<h2 class=\"wp-block-heading\">(Lingenfeld) &#8211; Stra\u00dfenverkehrsgef\u00e4hrdung, Zeugen gesucht<\/h2>\n\n\n\n<p>Bereits am vergangenen Donnerstag kam es gegen 18:30 Uhr zu einer Stra\u00dfenverkehrsgef\u00e4hrdung im Bereich Germersheimer Stra\u00dfe in Lingenfeld.<\/p>\n\n\n\n<p>Ein hochmotorisiertes Fahrzeug habe zun\u00e4chst zwei Fahrzeuge \u00fcberholt und sei hiernach so weit nach rechts abgekommen, dass ein Vater mit seinen zwei Kindern gef\u00e4hrdet worden sei. Das Fahrzeug sei mit deutlich \u00fcberh\u00f6hter Geschwindigkeit unterwegs gewesen.<\/p>\n\n\n\n<p>Hinweise zum Sachverhalt nimmt die Polizei Germersheim telefonisch unter 07274\/958-0 oder per E-Mail unter\u00a0<a href=\"mailto:pigermersheim@polizei.rlp.de\">pigermersheim@polizei.rlp.de<\/a>\u00a0entgegen.<\/p>\n\n\n\n<h2 class=\"wp-block-heading\">(Bellheim) &#8211; Fl\u00e4chenbrand<\/h2>\n\n\n\n<p>Am 29.7.2022 gegen 18 Uhr kam es im Bereich der L539 (&#8222;\u00d6lstra\u00dfe&#8220;) zu einer Rauchentwicklung.<\/p>\n\n\n\n<p>Wie sich vor Ort herausstellte, brannte eine ca. 300 qm gro\u00dfe Waldfl\u00e4che, welche im weiteren Verlauf durch die Feuerwehr Bellheim gel\u00f6scht wurde. Hierzu musste der Stra\u00dfenverkehr entsprechend geregelt werden.<\/p>\n\n\n\n<p>Ermittlungen zur Brandursache laufen.<\/p>\n\n\n\n<p>Hinweise nimmt die Polizei Germersheim telefonisch unter 07274\/958-0 oder per E-Mail unter\u00a0<a href=\"mailto:pigermersheim@polizei.rlp.de\">pigermersheim@polizei.rlp.de<\/a>\u00a0entgegen.<\/p>\n\n\n\n<h2 class=\"wp-block-heading\">(Germersheim) &#8211; Ohne F\u00fchrerschein und Versicherung, aber mit Drogen<\/h2>\n\n\n\n<p>Ein 25-j\u00e4hriger Germersheimer wurde am 29.7.2022 gegen 11 Uhr an einem Einkaufszentrum in Germersheim auf einem Kleinkraftrad einer Kontrolle unterzogen.<\/p>\n\n\n\n<p>Wie sich herausstellte, war an dem Kleinkraftrad das Versicherungskennzeichen eines anderen Fahrzeugs angebracht. Zudem war der Germersheimer nur im Besitz einer Mofapr\u00fcfbescheinigung. Den Beamten fielen au\u00dferdem beim Fahrer Anzeichen auf, welche auf einen Drogenkonsum hinwiesen, welchen der Germersheimer letztlich auch einr\u00e4umte.<\/p>\n\n\n\n<p>Auf der Dienststelle wurde ihm eine Blutprobe entnommen und entsprechende Strafverfahren eingeleitet.<\/p>\n\n\n\n<h2 class=\"wp-block-heading\">(Hagenbach) &#8211; Brand<\/h2>\n\n\n\n<p>Freitagabend wurde ein Brand im Bereich des Baggersee Willersinn gemeldet. Die Feuerwehr Hagenbach l\u00f6schte den ca. 15&#215;15 Meter gro\u00dfen Feldbrand. Eine Selbstentz\u00fcndung d\u00fcrfte auszuschlie\u00dfen sein. Die Ermittlungen zur Brandursache wurden aufgenommen. Die Feuerwehr Hagenbach war mit drei Fahrzeugen und 16 Kr\u00e4ften im Einsatz.<\/p>\n\n\n\n<h2 class=\"wp-block-heading\">(Winden) &#8211; Fahrradtour endet im Gef\u00e4ngnis<\/h2>\n\n\n<div class=\"wp-block-image\">\n<figure class=\"aligncenter size-full\"><img decoding=\"async\" loading=\"lazy\" width=\"800\" height=\"533\" src=\"https:\/\/speyer24news.com\/wp-content\/uploads\/2020\/06\/Zelle.jpg\" alt=\"\" class=\"wp-image-28203\" srcset=\"https:\/\/speyer24news.com\/wp-content\/uploads\/2020\/06\/Zelle.jpg 800w, https:\/\/speyer24news.com\/wp-content\/uploads\/2020\/06\/Zelle-300x200.jpg 300w, https:\/\/speyer24news.com\/wp-content\/uploads\/2020\/06\/Zelle-768x512.jpg 768w\" sizes=\"(max-width: 800px) 100vw, 800px\" \/><figcaption>Beispielbild Zelle \/ Verhaftung, dient lediglich der Visualisierung<\/figcaption><\/figure><\/div>\n\n\n<p>Freitagabend befuhr ein 36-j\u00e4hriger Mann aus Kandel mit seinem Fahrrad die Hauptstra\u00dfe in Winden und st\u00fcrzte ohne Fremdeinwirkung. W\u00e4hrend der Unfallaufnahme ergab ein durchgef\u00fchrter Atemalkoholtest 2,67 Promille. Weiterhin bestand ein offener Haftbefehl gegen den Radfahrer. Er wurde nach der medizinischen Erstversorgung in eine Justizvollzugsanstalt verbracht.<\/p>\n\n\n\n<h2 class=\"wp-block-heading\">(Klingenm\u00fcnster) &#8211; Kleine Wirkung, gro\u00dfe Ursache<\/h2>\n\n\n\n<p>Ein 32 Jahre alter Mann aus Eschbach rangierte mit seinem Multivan an der Tankstelle in Klingenm\u00fcnster. Hierbei \u00fcbersah er beim R\u00fcckw\u00e4rtsfahren eine M\u00fclltonne und dr\u00fcckte diese in ein dahinter befindliches Rolltor. An diesem entstand Schaden in H\u00f6he von rund 1000.- EUR. Bei der Unfallaufnahme wurde festgestellt, dass der Fahrer sehr stark alkoholisiert war und sich im Zustand der absoluten Fahrunt\u00fcchtigkeit befand. Ihm wurde eine Blutprobe entnommen, der F\u00fchrerschein sichergestellt. Es folgt eine Strafanzeige mit zu erwartender Geldstrafe und F\u00fchrerschein Entzug.<\/p>\n\n\n\n<h2 class=\"wp-block-heading\">(Ha\u00dfloch) &#8211; Fl\u00fcchtiger Fahrradfahrer<\/h2>\n\n\n\n<p>Eine 44-J\u00e4hrige Ha\u00dflocherin befuhr mit ihrem VW Golf den Parkplatz eines Supermarktes im Ha\u00dflocher &#8222;Zwerchgraben&#8220;, als pl\u00f6tzlich ein Fahrradfahrer von links kommend gegen die Fahrzeugfront stie\u00df. Er hob sein Fahrrad direkt auf und fuhr davon, ohne seiner Pflicht als Unfallbeteiligter nachzukommen. Am PKW entstand Sachschaden i.H.v. ca. 1000 Euro. Gegen den Fahrradfahrer wurde ein Strafverfahren aufgrund des unerlaubten Entfernens vom Unfallort eingeleitet. Wer Hinweise auf den Fahrradfahrer geben kann, m\u00f6ge sich bitte mit der Polizeiinspektion Ha\u00dfloch unter 06324-9330 oder per email\u00a0<a href=\"mailto:pihassloch@polizei.rlp.de\">pihassloch@polizei.rlp.de<\/a>\u00a0in Verbindung setzen.<\/p>\n\n\n\n<h2 class=\"wp-block-heading\">(Bad D\u00fcrkheim) &#8211; Diebstahl eines Teichbeckens<\/h2>\n\n\n<div class=\"wp-block-image\">\n<figure class=\"aligncenter size-full\"><img decoding=\"async\" loading=\"lazy\" width=\"800\" height=\"600\" src=\"https:\/\/speyer24news.com\/wp-content\/uploads\/2022\/07\/ExemplarischeAufnahmeTeichbecken.jpg\" alt=\"\" class=\"wp-image-47746\" srcset=\"https:\/\/speyer24news.com\/wp-content\/uploads\/2022\/07\/ExemplarischeAufnahmeTeichbecken.jpg 800w, https:\/\/speyer24news.com\/wp-content\/uploads\/2022\/07\/ExemplarischeAufnahmeTeichbecken-300x225.jpg 300w, https:\/\/speyer24news.com\/wp-content\/uploads\/2022\/07\/ExemplarischeAufnahmeTeichbecken-768x576.jpg 768w, https:\/\/speyer24news.com\/wp-content\/uploads\/2022\/07\/ExemplarischeAufnahmeTeichbecken-678x509.jpg 678w, https:\/\/speyer24news.com\/wp-content\/uploads\/2022\/07\/ExemplarischeAufnahmeTeichbecken-326x245.jpg 326w, https:\/\/speyer24news.com\/wp-content\/uploads\/2022\/07\/ExemplarischeAufnahmeTeichbecken-80x60.jpg 80w\" sizes=\"(max-width: 800px) 100vw, 800px\" \/><\/figure><\/div>\n\n\n<p>Im Zeitraum vom 28.07.2022, 13:00 Uhr, bis 29.07.2022, 10:00 Uhr, entwendeten bislang unbekannte T\u00e4ter am Steinbruch Annaberg in Bad D\u00fcrkheim ein ca. 2 x 2 Meter gro\u00dfes Teichbecken im Wert von ca. 1000,-EUR. Dieses war dort erst kurz zuvor zum Schutz der bedrohten Gelbbauchunken (Amphibienart) eingegraben worden.<\/p>\n\n\n\n<p>Hinweise bitte an die Polizeiinspektion Bad D\u00fcrkheim, Tel. 06322\/963-0, oder\u00a0<a href=\"mailto:pibadduerkheim@polizei.rlp.de\">pibadduerkheim@polizei.rlp.de<\/a><\/p>\n\n\n\n<h2 class=\"wp-block-heading\">(Bad D\u00fcrkheim) &#8211; K\u00f6rperverletzungsdelikt am Bahnhof<a href=\"https:\/\/www.facebook.com\/sharer.php?u=https%3A%2F%2Fwww.presseportal.de%2Fblaulicht%2Fpm%2F117687%2F5285277%2F%3Futm_source%3Dfacebook%26utm_medium%3Dsocial\"><\/a><a href=\"https:\/\/twitter.com\/intent\/tweet?text=POL-PDNW%3A%20%28Bad%20D%C3%BCrkheim%29%20-%20K%C3%B6rperverletzungsdelikt%20am%20Bahnhof&amp;url=https%3A%2F%2Fwww.presseportal.de%2Fblaulicht%2Fpm%2F117687%2F5285277%2F%3Futm_source%3Dtwitter%26utm_medium%3Dsocial&amp;hashtags=ots&amp;lang=de\"><\/a><a href=\"https:\/\/web.whatsapp.com\/send?text=POL-PDNW%3A%20%28Bad%20D%C3%BCrkheim%29%20-%20K%C3%B6rperverletzungsdelikt%20am%20Bahnhof%0A%0Ahttps%3A%2F%2Fwww.presseportal.de%2Fblaulicht%2Fpm%2F117687%2F5285277%2F%3Futm_source%3Dwhatsapp%26utm_medium%3Dsocial\"><\/a><a href=\"https:\/\/www.xing.com\/app\/user?op=share;url=https%3A%2F%2Fwww.presseportal.de%2Fblaulicht%2Fpm%2F117687%2F5285277%2F%3Futm_source%3Dxing%26utm_medium%3Dsocial\"><\/a><a href=\"http:\/\/www.linkedin.com\/shareArticle?mini=true&amp;url=https%3A%2F%2Fwww.presseportal.de%2Fblaulicht%2Fpm%2F117687%2F5285277%2F%3Futm_source%3Dlinkedin%26utm_medium%3Dsocial&amp;title=POL-PDNW%3A+%28Bad+D%C3%BCrkheim%29+-+K%C3%B6rperverletzungsdelikt+am+Bahnhof\"><\/a><a href=\"mailto:?subject=POL-PDNW%3A%20%28Bad%20D%C3%BCrkheim%29%20-%20K%C3%B6rperverletzungsdelikt%20am%20Bahnhof&amp;body=https:\/\/www.presseportal.de\/blaulicht\/pm\/117687\/5285277\"><\/a><\/h2>\n\n\n\n<p>Am 29.07.2022 gegen 23:00 Uhr kam es am Hauptbahnhof in Bad D\u00fcrkheim zu einem K\u00f6rperverletzungsdelikt zum Nachteil eines 62-J\u00e4hrigen aus dem Landkreis Bad D\u00fcrkheim. Dieser hatte zuvor den 22-j\u00e4hrigen Beschuldigten, welcher ebenfalls aus dem Landkreis Bad D\u00fcrkheim stammt, dazu aufgefordert es zu unterlassen Kieselsteine gegen das Bahnhofsgeb\u00e4ude zu werfen. Der Beschuldigte h\u00e4tte dem 62-J\u00e4hrigen daraufhin mit dem beschuhten Fu\u00df gegen die Hand getreten, ihn mit \u00fcblen Schimpfworten beleidigt und bedroht. Der 62-j\u00e4hrige Gesch\u00e4digte wurde hierbei an seinem rechten Daumen leicht verletzt. Der Beschuldigte konnte durch die Polizeibeamten nach einem kurzen fu\u00dfl\u00e4ufigen Fluchtversuch gestellt und festgenommen werden. Da sich der stark alkoholisierte junge Mann offensichtlich in einem psychischen Ausnahmezustand befand, wurde er im Anschluss in eine Fachklinik verbracht. Dort wurde ihm eine Blutprobe entnommen. Gegen den 22-J\u00e4hrigen wird nun wegen gef\u00e4hrlicher K\u00f6rperverletzung, Bedrohung und Beleidigung ermittelt.<\/p>\n\n\n\n<h2 class=\"wp-block-heading\">(Weisenheim am Sand) &#8211; Verkehrsunfallflucht<\/h2>\n\n\n\n<p>Am 29.07.2022 gegen 18:15 Uhr kam es auf dem Parkplatz eines Einkaufsmarktes im Almenweg in Weisenheim am Sand zu einer Verkehrsunfallflucht. Eine bis dato unbekannte Frau stie\u00df beim \u00d6ffnen der Beifahrert\u00fcr eines Pkw diese gegen einen geparkten VW UP. Hierbei entstand an dem VW UP ein Sachschaden in H\u00f6he von ca. 100,-EUR. Die 65-j\u00e4hrige Fahrzeugbesitzerin des VW UP sprach die Verursacherin auf den entstandenen Schaden an. Diese beharrte jedoch darauf, dass kein Schaden entstanden sei und entfernte sich trotz mehrfacher Aufforderung vor Ort zu bleiben von der Unfall\u00f6rtlichkeit. Die Unfallverursacherin konnte wie folgt beschrieben werden: ca. 75 Jahre, 1,75m, graue Haare, schlanke Figur. Bei dem Pkw der Unfallverursacherin soll es sich um eine wei\u00dfe, gr\u00f6\u00dfere Limousine aus dem Zulassungsbezirk Bad D\u00fcrkheim gehandelt haben. Der Fahrer des Pkw sei ein Mann gewesen, der nicht n\u00e4her beschrieben werden konnte.<\/p>\n\n\n\n<p>Zeugen, die das Geschehen beobachtet haben und Hinweise auf die Unfallverursacherin, deren m\u00e4nnlichen Begleiter oder Pkw geben k\u00f6nnen, werden gebeten sich mit der Polizeiinspektion Bad D\u00fcrkheim unter der Tel. 06322\/963-0, oder per Mail:\u00a0<a href=\"mailto:pibadduerk-heim@polizei.rlp.de\">pibadduerk-heim@polizei.rlp.de<\/a>\u00a0in Verbindung zu setzen.<\/p>\n\n\n\n<h2 class=\"wp-block-heading\">(Weisenheim am Sand) &#8211; Fahrraddiebstahl<\/h2>\n\n\n\n<p>Im Zeitraum vom 25.07.2022, 20:00 Uhr, bis 26.07.2022, 10:00 Uhr, gelangte ein bis dato unbekannter T\u00e4ter durch die unverschlossene Eingangst\u00fcr in ein Wohnanwesen in der Schulstra\u00dfe in Weisenheim am Sand. Der T\u00e4ter entwendete dort ein im Windfang abgestelltes schwarzes Damenrad im Wert von ca. 500,-EUR. T\u00e4terhinweise liegen bislang nicht vor.<\/p>\n\n\n\n<p>Hinweise bitte an die Polizeiinspektion Bad D\u00fcrkheim, Tel. 06322\/963-0, oder\u00a0<a href=\"mailto:pibadduerkheim@polizei.rlp.de\">pibadduerkheim@polizei.rlp.de<\/a><\/p>\n\n\n\n<h2 class=\"wp-block-heading\">(Wattenheim) &#8211; Fahren ohne Fahrerlaubnis und unter Bet\u00e4ubungsmitteleinfluss<\/h2>\n\n\n\n<p>Am Samstag, 30.07.2022 gegen 14:00 Uhr wurde ein 45-j\u00e4hriger Fahrer eines Renault in der Leininger Stra\u00dfe in Wattenheim einer Verkehrskontrolle unterzogen. Im Rahmen der \u00dcberpr\u00fcfung der Fahrtauglichkeit konnten bei dem Mann drogentypische Auff\u00e4lligkeiten festgestellt werden. Ein Schnelltest verlief positiv auf Kokain. Au\u00dferdem gab der Fahrer den Beamten gegen\u00fcber an, dass er nicht im Besitz einer g\u00fcltigen Fahrerlaubnis ist. Dem 45-j\u00e4hrigen wurde die Weiterfahrt untersagt und ihm wurde auf der Dienststelle durch eine \u00c4rztin eine Blutprobe entnommen. Weiterhin wurden mehrere Verfahren wegen Trunkenheit im Verkehr, Fahren ohne Fahrerlaubnis und Versto\u00df gegen das Bet\u00e4ubungsmittelgesetz eingeleitet.<\/p>\n\n\n\n<h2 class=\"wp-block-heading\">(Gr\u00fcnstadt) &#8211; Fehler beim Spurwechsel \/ Unfall<\/h2>\n\n\n\n<p>Eine 40 Jahre alte Autofahrerin wollte am Freitagmorgen, 29.07.22, gegen 09:10 Uhr zun\u00e4chst von der Kirchheimer Stra\u00dfe nach links in die Industriestra\u00dfe abbiegen und hatte sich bereits auf dem Linksabbiegerstreifen eingeordnet. Dann wechselte sie wieder auf den rechten Fahrstreifen, um weiter geradeaus in Richtung Kirchheim zu fahren. Dabei \u00fcbersah sie einen in dem Moment parallel neben ihr fahrenden Pkw, der von einer 34 Jahre alten Frau gelenkt wurde. Es kam zum Zusammensto\u00df, bei dem Sachschaden in H\u00f6he von ca. 2.500 Euro entstand.<\/p>\n\n\n\n<h2 class=\"wp-block-heading\">(Obrigheim) &#8211; Versto\u00df gegen das Rechtsfahrgebot \/ Auto landet im Stra\u00dfengraben<\/h2>\n\n\n<div class=\"wp-block-image\">\n<figure class=\"aligncenter size-full\"><img decoding=\"async\" loading=\"lazy\" width=\"801\" height=\"600\" src=\"https:\/\/speyer24news.com\/wp-content\/uploads\/2020\/05\/Zeugen-gesucht-Neutral.jpg\" alt=\"\" class=\"wp-image-26598\" srcset=\"https:\/\/speyer24news.com\/wp-content\/uploads\/2020\/05\/Zeugen-gesucht-Neutral.jpg 801w, https:\/\/speyer24news.com\/wp-content\/uploads\/2020\/05\/Zeugen-gesucht-Neutral-300x225.jpg 300w, https:\/\/speyer24news.com\/wp-content\/uploads\/2020\/05\/Zeugen-gesucht-Neutral-768x575.jpg 768w, https:\/\/speyer24news.com\/wp-content\/uploads\/2020\/05\/Zeugen-gesucht-Neutral-678x509.jpg 678w, https:\/\/speyer24news.com\/wp-content\/uploads\/2020\/05\/Zeugen-gesucht-Neutral-326x245.jpg 326w, https:\/\/speyer24news.com\/wp-content\/uploads\/2020\/05\/Zeugen-gesucht-Neutral-80x60.jpg 80w\" sizes=\"(max-width: 801px) 100vw, 801px\" \/><\/figure><\/div>\n\n\n<p>Am Freitagmorgen, 29.07.22, gegen 07:30 Uhr verursachte ein unbekannter Fahrer eines Pkw Peugeot einen Verkehrsunfall, bei dem eine 59 Jahre alte Fahrerin eines Ford in den Stra\u00dfengraben fuhr. Der Peugeot-Fahrer befuhr die K 29 von Obrigheim-Heidesheim kommend in Richtung L 395. Die Ford-Fahrerin befuhr die L 395 von Obrigheim-M\u00fchlheim kommend in Richtung Obrigheim und wollte an der Einm\u00fcndung nach rechts auf die K 29 abbiegen. Der Peugeot-Fahrer kam ihr hier auf ihrer Spur entgegen. Beim Ausweichman\u00f6ver fuhr sie in den Stra\u00dfengraben. Der Peugeot bog nach rechts auf die L 395 in Richtung Obrigheim ein. Zu einer Ber\u00fchrung der Fahrzeuge kam es nicht. Es entstand Sachschaden in H\u00f6he von ca. 3000 Euro. Hinweise auf den Peugeot, dessen Fahrer sich unerlaubt von der Unfallstelle entfernt hat, nimmt die Polizeiinspektion Gr\u00fcnstadt unter 06359\/9312-0 entgegen.<\/p>\n\n\n\n<h2 class=\"wp-block-heading\">(Mannheim-Sandhofen) &#8211; 18-J\u00e4hriger ohne F\u00fchrerschein und unter Drogeneinfluss unterwegs<\/h2>\n\n\n\n<p>Am Freitagabend, gegen 20:02 Uhr, fiel Polizeibeamten des Reviers Sandhofen ein 18-J\u00e4hrigen Kleinkraftradfahrer im Sensburger Weg, Fahrtrichtung Marienburger Stra\u00dfe auf, als er mit einem Roller der Marke MBK unterwegs war. Nach dem erfolglosen Versuch sich einer Kontrolle zu entziehen, wurde der Roller im Bereich einer Kleingartenanlage gestoppt. Im Verlauf der Kontrolle konnte festgestellt werden, dass das angebrachte Versicherungskennzeichen nicht f\u00fcr diesen Roller ausgegeben war, der 18-J\u00e4hrige unter Drogeneinfluss stand und zu guter Letzt nicht \u00fcber eine erforderliche Fahrerlaubnis verf\u00fcgte. Ihm wurde eine Blutprobe entnommen. Der 18-J\u00e4hrige muss sich nun wegen Fahren unter Drogeneinfluss, Kennzeichenmissbrauch und Fahren ohne Fahrerlaubnis verantworten.<\/p>\n\n\n\n<h2 class=\"wp-block-heading\">(Heidelberg-Handschuhsheim) &#8211; Brand in Mehrfamilienhaus, starke Rauchentwicklung<\/h2>\n\n\n\n<p>Am Samstag gegen 20:30 Uhr wurde \u00fcber die Rettungsleitstelle bekannt, dass es im Eberlingweg zu einem Brand in einem Mehrfamilienhaus gekommen sei. Aus der Erdgeschosswohnung kommt es aktuell zu einer starken Rauchentwicklung. Die Feuerwehr ist zwischenzeitlich eingetroffen und ist mit den L\u00f6schma\u00dfnahmen besch\u00e4ftigt. \u00dcber das genaue Ausma\u00df und ob Personen verletzt wurden, ist noch nichts bekannt.<\/p>\n\n\n\n<h3 class=\"has-text-align-center wp-block-heading\">Pressemeldung Nr. 2<\/h3>\n\n\n\n<p>Am Samstagabend, gegen 20:30 Uhr, kam es im Eberlinweg zu einem Brand in einer Wohnung in einem Mehrfamilienhaus. Durch eine Anwohnerin wurde Brandgeruch und eine starke Rauchentwicklung ausgehend von der Erdgeschosswohnung festgestellt. Die verst\u00e4ndigte Berufsfeuerwehr Heidelberg hatte den Brand schnell gel\u00f6scht. Im Rahmen der ersten Ermittlungen wurde in Erfahrung gebracht, dass es aufgrund eines technischen Defekts an einem Elektronikger\u00e4t zu dem Brandausbruch kam. Aufgrund des Brandschadens ist die aktuell in der Renovierung befindliche Wohnung im Erdgeschoss nicht mehr bewohnbar. Der Sachschaden wird auf ca. 70.000 EUR gesch\u00e4tzt. Im Rahmen der Brandbek\u00e4mpfung verletzte sich ein Feuerwehrmann leicht an der Hand. Die weiteren Ermittlungen werden durch das Polizeirevier Heidelberg-Nord gef\u00fchrt.<\/p>\n\n\n\n<h2 class=\"wp-block-heading\">(Hockenheim \/ Rhein-Neckar-Kreis) &#8211; Vollbrand eines Einfamilienhauses<\/h2>\n\n\n\n<p>Derzeit (30.07.2022 \u2013 06:01)<strong> <\/strong>sind die Feuerwehr und Polizei in Hockenheim beim Brand eines Einfamilienhauses im Einsatz. Gegen 05:30 Uhr wurde ein Brand in der Z\u00e4hringerstra\u00dfe gemeldet. \u00dcber die Brandursache und Schadensh\u00f6he k\u00f6nnen noch keine Angaben gemacht werden.<\/p>\n\n\n\n<h3 class=\"has-text-align-center wp-block-heading\">Zwei verletzte Personen &#8211; Pressemeldung Nr. 2<\/h3>\n\n\n\n<p>Wohl infolge eines technischen Defekts an einem elektrischen Ger\u00e4t geriet am 30.07.2022 um 05:25 Uhr ein durch zwei Parteien bewohntes Reihenmittelhaus in der Z\u00e4hringerstra\u00dfe in Hockenheim in Brand. Beim Verlassen des Geb\u00e4udes verletzte sich ein Bewohner durch eine Rauchgasvergiftung, weiterhin wurde ein Feuerwehrmann bei den L\u00f6scharbeiten verletzt. Durch den Brand entstand ein Sachschaden in H\u00f6he von ca. 200.000 Euro, sowohl das Brandobjekt, als auch die beiden anliegenden Geb\u00e4ude sind nicht mehr bewohnbar. Eine Unterbringung der Bewohner in einem nahe gelegenen Hotel wurde durch die Stadt Hockenheim veranlasst. Die Kriminalpolizei Heidelberg hat die Ermittlungen \u00fcbernommen.<\/p>\n","protected":false},"excerpt":{"rendered":"<div class=\"mh-excerpt\"><p>Polizeimeldungen vom Samstag (30.07.2022) (Speyer) &#8211; Trickbetrug durch falschen Handwerker Am 29.07.2022 gegen 16 Uhr klingelte ein T\u00e4ter in der Else-Krieg-Stra\u00dfe in Speyer in einer Einrichtung zum Betreuten Wohnen bei einer 91-j\u00e4hrigen Seniorin. Nachdem der <a class=\"mh-excerpt-more\" href=\"https:\/\/speyer24news.com\/?p=47744\" title=\"Polizeimeldungen Samstag (30.07.2022)\">[&#8230;]<\/a><\/p>\n<\/div>","protected":false},"author":3,"featured_media":26162,"comment_status":"open","ping_status":"open","sticky":false,"template":"","format":"standard","meta":{"_monsterinsights_skip_tracking":false,"_monsterinsights_sitenote_active":false,"_monsterinsights_sitenote_note":"","_monsterinsights_sitenote_category":0,"footnotes":""},"categories":[12],"tags":[7243,7244,3614,702,61,2555,6955,6986,6263,63,105,11150,6987,53,4854,13534,4683,1548,4905,11592,102,13626,213,14325,14324,13553,13541,55,8277,6368,5261,103,106,2803,2423,427,2625,380,62,104,979,1565],"aioseo_notices":[],"amp_enabled":true,"_links":{"self":[{"href":"https:\/\/speyer24news.com\/index.php?rest_route=\/wp\/v2\/posts\/47744"}],"collection":[{"href":"https:\/\/speyer24news.com\/index.php?rest_route=\/wp\/v2\/posts"}],"about":[{"href":"https:\/\/speyer24news.com\/index.php?rest_route=\/wp\/v2\/types\/post"}],"author":[{"embeddable":true,"href":"https:\/\/speyer24news.com\/index.php?rest_route=\/wp\/v2\/users\/3"}],"replies":[{"embeddable":true,"href":"https:\/\/speyer24news.com\/index.php?rest_route=%2Fwp%2Fv2%2Fcomments&post=47744"}],"version-history":[{"count":1,"href":"https:\/\/speyer24news.com\/index.php?rest_route=\/wp\/v2\/posts\/47744\/revisions"}],"predecessor-version":[{"id":47747,"href":"https:\/\/speyer24news.com\/index.php?rest_route=\/wp\/v2\/posts\/47744\/revisions\/47747"}],"wp:featuredmedia":[{"embeddable":true,"href":"https:\/\/speyer24news.com\/index.php?rest_route=\/wp\/v2\/media\/26162"}],"wp:attachment":[{"href":"https:\/\/speyer24news.com\/index.php?rest_route=%2Fwp%2Fv2%2Fmedia&parent=47744"}],"wp:term":[{"taxonomy":"category","embeddable":true,"href":"https:\/\/speyer24news.com\/index.php?rest_route=%2Fwp%2Fv2%2Fcategories&post=47744"},{"taxonomy":"post_tag","embeddable":true,"href":"https:\/\/speyer24news.com\/index.php?rest_route=%2Fwp%2Fv2%2Ftags&post=47744"}],"curies":[{"name":"wp","href":"https:\/\/api.w.org\/{rel}","templated":true}]}}