{"id":47765,"date":"2022-08-01T07:30:29","date_gmt":"2022-08-01T06:30:29","guid":{"rendered":"https:\/\/speyer24news.com\/?p=47765"},"modified":"2022-08-01T07:30:31","modified_gmt":"2022-08-01T06:30:31","slug":"polizeimeldungen-sonntag-31-07-2022","status":"publish","type":"post","link":"https:\/\/speyer24news.com\/?p=47765","title":{"rendered":"Polizeimeldungen Sonntag (31.07.2022)"},"content":{"rendered":"<style type=\"text\/css\">\r\n\t.ads_top_disp{}\r\n\t.ads_top_corner_disp{ float:left; margin:0px 10px 10px 0px; }\r\n\t.ads_first_p_disp{}\r\n\t.ads_bottom_disp{}\r\n\t<\/style>\n<h2 class=\"wp-block-heading\">Polizeimeldungen vom Sonntag (31.07.2022)<\/h2>\n\n\n<div class=\"wp-block-image\">\n<figure class=\"aligncenter size-full\"><img decoding=\"async\" loading=\"lazy\" width=\"375\" height=\"500\" src=\"https:\/\/speyer24news.com\/wp-content\/uploads\/2022\/03\/Aktuelles-Polizeilogo.jpg\" alt=\"\" class=\"wp-image-43591\" srcset=\"https:\/\/speyer24news.com\/wp-content\/uploads\/2022\/03\/Aktuelles-Polizeilogo.jpg 375w, https:\/\/speyer24news.com\/wp-content\/uploads\/2022\/03\/Aktuelles-Polizeilogo-225x300.jpg 225w\" sizes=\"(max-width: 375px) 100vw, 375px\" \/><\/figure><\/div>\n\n\n<h2 class=\"wp-block-heading\">(Speyer) &#8211; Wechselseitige K\u00f6rperverletzung in Gastst\u00e4tte<a href=\"https:\/\/www.facebook.com\/sharer.php?u=https%3A%2F%2Fwww.presseportal.de%2Fblaulicht%2Fpm%2F117688%2F5285642%2F%3Futm_source%3Dfacebook%26utm_medium%3Dsocial\"><\/a><a href=\"https:\/\/twitter.com\/intent\/tweet?text=POL-PDLU%3A%20Speyer%20-%20Wechselseitige%20K%C3%B6rperverletzung%20in%20Gastst%C3%A4tte&amp;url=https%3A%2F%2Fwww.presseportal.de%2Fblaulicht%2Fpm%2F117688%2F5285642%2F%3Futm_source%3Dtwitter%26utm_medium%3Dsocial&amp;hashtags=ots&amp;lang=de\"><\/a><a href=\"https:\/\/web.whatsapp.com\/send?text=POL-PDLU%3A%20Speyer%20-%20Wechselseitige%20K%C3%B6rperverletzung%20in%20Gastst%C3%A4tte%0A%0Ahttps%3A%2F%2Fwww.presseportal.de%2Fblaulicht%2Fpm%2F117688%2F5285642%2F%3Futm_source%3Dwhatsapp%26utm_medium%3Dsocial\"><\/a><a href=\"https:\/\/www.xing.com\/app\/user?op=share;url=https%3A%2F%2Fwww.presseportal.de%2Fblaulicht%2Fpm%2F117688%2F5285642%2F%3Futm_source%3Dxing%26utm_medium%3Dsocial\"><\/a><a href=\"http:\/\/www.linkedin.com\/shareArticle?mini=true&amp;url=https%3A%2F%2Fwww.presseportal.de%2Fblaulicht%2Fpm%2F117688%2F5285642%2F%3Futm_source%3Dlinkedin%26utm_medium%3Dsocial&amp;title=POL-PDLU%3A+Speyer+-+Wechselseitige+K%C3%B6rperverletzung+in+Gastst%C3%A4tte\"><\/a><a href=\"mailto:?subject=POL-PDLU%3A%20Speyer%20-%20Wechselseitige%20K%C3%B6rperverletzung%20in%20Gastst%C3%A4tte&amp;body=https:\/\/www.presseportal.de\/blaulicht\/pm\/117688\/5285642\"><\/a><\/h2>\n\n\n\n<p>Am Samstagabend gegen 21.30 Uhr kam es zu einer k\u00f6rperlichen Auseinandersetzung in einer Gastst\u00e4tte in Speyer-West. Nachdem einem 56-J\u00e4hrigen aufgrund seines starken Alkoholisierungsgrades der Zutritt durch einen Mitarbeiter verwehrt wurde, versuchte dieser mit einem Faustschlag das Gesicht des 31-J\u00e4hrigen Mitarbeiters zu treffen. Der Schlag konnte abgewehrt werden, jedoch fiel der 56-J\u00e4hrige im Anschluss zu Boden und zog sich eine Platzwunde am Kopf zu. Er gab an, gleich nach Betreten des Lokals durch den 31-J\u00e4hrigen ins Gesicht geschlagen worden und aus diesem Grund gest\u00fcrzt zu sein. Gegen beide Beschuldigte wurde ein Strafverfahren wegen K\u00f6rperverletzung eingeleitet.<\/p>\n\n\n\n<h2 class=\"wp-block-heading\">(Speyer) &#8211; Einbruchsdiebstahl in PKW<a href=\"https:\/\/www.facebook.com\/sharer.php?u=https%3A%2F%2Fwww.presseportal.de%2Fblaulicht%2Fpm%2F117688%2F5285641%2F%3Futm_source%3Dfacebook%26utm_medium%3Dsocial\"><\/a><a href=\"https:\/\/twitter.com\/intent\/tweet?text=POL-PDLU%3A%20Speyer%20-%20Einbruchsdiebstahl%20in%20PKW&amp;url=https%3A%2F%2Fwww.presseportal.de%2Fblaulicht%2Fpm%2F117688%2F5285641%2F%3Futm_source%3Dtwitter%26utm_medium%3Dsocial&amp;hashtags=ots&amp;lang=de\"><\/a><a href=\"https:\/\/web.whatsapp.com\/send?text=POL-PDLU%3A%20Speyer%20-%20Einbruchsdiebstahl%20in%20PKW%0A%0Ahttps%3A%2F%2Fwww.presseportal.de%2Fblaulicht%2Fpm%2F117688%2F5285641%2F%3Futm_source%3Dwhatsapp%26utm_medium%3Dsocial\"><\/a><a href=\"https:\/\/www.xing.com\/app\/user?op=share;url=https%3A%2F%2Fwww.presseportal.de%2Fblaulicht%2Fpm%2F117688%2F5285641%2F%3Futm_source%3Dxing%26utm_medium%3Dsocial\"><\/a><a href=\"http:\/\/www.linkedin.com\/shareArticle?mini=true&amp;url=https%3A%2F%2Fwww.presseportal.de%2Fblaulicht%2Fpm%2F117688%2F5285641%2F%3Futm_source%3Dlinkedin%26utm_medium%3Dsocial&amp;title=POL-PDLU%3A+Speyer+-+Einbruchsdiebstahl+in+PKW\"><\/a><a href=\"mailto:?subject=POL-PDLU%3A%20Speyer%20-%20Einbruchsdiebstahl%20in%20PKW&amp;body=https:\/\/www.presseportal.de\/blaulicht\/pm\/117688\/5285641\"><\/a><\/h2>\n\n\n\n<p>Am Samstagmittag kam es in dem Zeitraum von 12.30 Uhr bis 18.50 Uhr zu einem Diebstahl aus einem in der M\u00fchlturmstra\u00dfe geparkten PKW. Durch den oder die unbekannten T\u00e4ter wurde die Fahrerscheibe des PKW VW Passat eingeschlagen und Urkunden aus dem Fahrzeug entwendet.<\/p>\n\n\n\n<p>M\u00f6gliche Zeugen des Vorfalls werden gebeten sich bei der Polizeiinspektion Speyer (Tel.: 06232-1370,\u00a0<a href=\"mailto:pispeyer@polizei.rlp.de\">pispeyer@polizei.rlp.de<\/a>) zu melden.<\/p>\n\n\n\n<h2 class=\"wp-block-heading\">(Waldsee) &#8211; Hund im Fahrzeug eingesperrt<\/h2>\n\n\n<div class=\"wp-block-image\">\n<figure class=\"aligncenter size-full\"><img decoding=\"async\" loading=\"lazy\" width=\"500\" height=\"525\" src=\"https:\/\/speyer24news.com\/wp-content\/uploads\/2019\/06\/Hitze-@liliput-lounge.de_.png\" alt=\"\" class=\"wp-image-15372\" srcset=\"https:\/\/speyer24news.com\/wp-content\/uploads\/2019\/06\/Hitze-@liliput-lounge.de_.png 500w, https:\/\/speyer24news.com\/wp-content\/uploads\/2019\/06\/Hitze-@liliput-lounge.de_-286x300.png 286w\" sizes=\"(max-width: 500px) 100vw, 500px\" \/><figcaption>Entwicklung von Hitze in geschlossenen R\u00e4umen wie bspw. einem Auto. <br><em>Foto: Liliput-lounge.de<\/em><\/figcaption><\/figure><\/div>\n\n\n<p>Am fr\u00fchen Samstagabend wurde die Polizei Schifferstadt \u00fcber einen Hund informiert, welcher seit l\u00e4ngerem in einem PKW eingesperrt sei, der in der Sonne stehe. Die Beamten fanden das hechelnde Tier in dem verschlossenen Fahrzeug vor, die Au\u00dfentemperatur betrug zu diesem Zeitpunkt noch 32\u00b0C. Der 76-j\u00e4hrige Hundehalter wurde ausfindig gemacht, zeigte sich zun\u00e4chst jedoch uneinsichtig und \u00e4u\u00dferte sein Unverst\u00e4ndnis f\u00fcr die polizeiliche Ma\u00dfnahme. Er konnte schlie\u00dflich dazu bewegt werden, den augenscheinlich gesunden Hund aus dem Fahrzeug zu holen. \u00dcber sein Verhalten wurden das Veterin\u00e4ramt sowie das Ordnungsamt in Kenntnis gesetzt. Weiterhin wurden Ermittlungen wegen des Verdachts des Versto\u00dfes gegen das Tierschutzgesetz eingeleitet. Bei einer Au\u00dfentemperatur von 32\u00b0C erhitzt sich der Innenraum eines Fahrzeugs innerhalb von 10 Minuten bereits auf 39\u00b0C. Nach 30 Minuten herrschen etwa 48\u00b0C im Inneren, was auch f\u00fcr Tiere lebensbedrohlich sein kann.<\/p>\n\n\n\n<h2 class=\"wp-block-heading\">(Germersheim) &#8211; Betrunken am Steuer<\/h2>\n\n\n\n<p>Ein besorgter Gast des Caf\u00e9 Rossini in Germersheim meldete am Samstag gegen 22 Uhr, dass er beobachten musste, wie ein Mann nach mehrst\u00fcndigem Alkoholkonsum in seinen Wagen stieg und wegfuhr. Der 54-j\u00e4hrige Fahrer konnte kurz darauf durch die Polizei an seinem Haus festgestellt werden. Ein Atemalkoholtest ergab einen Wert von 1,57 Promille an. Es wurde eine Blutprobe entnommen und ein Strafverfahren eingeleitet. Seinen F\u00fchrerschein und Fahrzeugschl\u00fcssel musste er ebenfalls aush\u00e4ndigen.<\/p>\n\n\n\n<h2 class=\"wp-block-heading\">(Bellheim) &#8211; Waldbrand<a href=\"https:\/\/www.facebook.com\/sharer.php?u=https%3A%2F%2Fwww.presseportal.de%2Fblaulicht%2Fpm%2F117686%2F5285599%2F%3Futm_source%3Dfacebook%26utm_medium%3Dsocial\"><\/a><a href=\"https:\/\/twitter.com\/intent\/tweet?text=POL-PDLD%3A%20Waldbrand%20in%20Bellheim&amp;url=https%3A%2F%2Fwww.presseportal.de%2Fblaulicht%2Fpm%2F117686%2F5285599%2F%3Futm_source%3Dtwitter%26utm_medium%3Dsocial&amp;hashtags=ots&amp;lang=de\"><\/a><a href=\"https:\/\/web.whatsapp.com\/send?text=POL-PDLD%3A%20Waldbrand%20in%20Bellheim%0A%0Ahttps%3A%2F%2Fwww.presseportal.de%2Fblaulicht%2Fpm%2F117686%2F5285599%2F%3Futm_source%3Dwhatsapp%26utm_medium%3Dsocial\"><\/a><a href=\"https:\/\/www.xing.com\/app\/user?op=share;url=https%3A%2F%2Fwww.presseportal.de%2Fblaulicht%2Fpm%2F117686%2F5285599%2F%3Futm_source%3Dxing%26utm_medium%3Dsocial\"><\/a><a href=\"http:\/\/www.linkedin.com\/shareArticle?mini=true&amp;url=https%3A%2F%2Fwww.presseportal.de%2Fblaulicht%2Fpm%2F117686%2F5285599%2F%3Futm_source%3Dlinkedin%26utm_medium%3Dsocial&amp;title=POL-PDLD%3A+Waldbrand+in+Bellheim\"><\/a><a href=\"mailto:?subject=POL-PDLD%3A%20Waldbrand%20in%20Bellheim&amp;body=https:\/\/www.presseportal.de\/blaulicht\/pm\/117686\/5285599\"><\/a><\/h2>\n\n\n\n<p>Am Samstagabend kam es zu einem gr\u00f6\u00dferen Brand im Wald n\u00f6rdlich von Bellheim. Die Feuerwehr war mit 42 Einsatzkr\u00e4ften und neun Fahrzeugen im Einsatz und hatte den Brand schnell unter Kontrolle. Durch das Feuer brannten ca. 1600 Quadratmeter des Waldbodens ab. Hinweise auf eine Brandstiftung gibt es bislang nicht. Laut der Feuerwehr w\u00e4re die andauernde Trockenperiode ein m\u00f6glicher Grund f\u00fcr das Feuer gewesen.<\/p>\n\n\n\n<h2 class=\"wp-block-heading\">(Steinfeld) &#8211; Garagenwand mit Spr\u00fchfarbe beschmiert<\/h2>\n\n\n<div class=\"wp-block-image\">\n<figure class=\"aligncenter size-full\"><img decoding=\"async\" loading=\"lazy\" width=\"800\" height=\"600\" src=\"https:\/\/speyer24news.com\/wp-content\/uploads\/2022\/08\/NI99_1.jpg\" alt=\"\" class=\"wp-image-47766\" srcset=\"https:\/\/speyer24news.com\/wp-content\/uploads\/2022\/08\/NI99_1.jpg 800w, https:\/\/speyer24news.com\/wp-content\/uploads\/2022\/08\/NI99_1-300x225.jpg 300w, https:\/\/speyer24news.com\/wp-content\/uploads\/2022\/08\/NI99_1-768x576.jpg 768w, https:\/\/speyer24news.com\/wp-content\/uploads\/2022\/08\/NI99_1-678x509.jpg 678w, https:\/\/speyer24news.com\/wp-content\/uploads\/2022\/08\/NI99_1-326x245.jpg 326w, https:\/\/speyer24news.com\/wp-content\/uploads\/2022\/08\/NI99_1-80x60.jpg 80w\" sizes=\"(max-width: 800px) 100vw, 800px\" \/><\/figure><\/div>\n\n\n<p>Im Verlauf der Nacht auf den 31.07.22 wurde eine Garage in der Guttenbergstra\u00dfe mit schwarzer Spr\u00fchfarbe beschmiert. Die Wandseite zeigt zu einem hinter dem Haus f\u00fchrenden kleinen Feldweg, welcher eine Verl\u00e4ngerung des Feldpfades in Frtg. Barbara-Labbe-Stra\u00dfe bildet. Es wurde &#8222;NI99&#8220; und prim\u00e4re m\u00e4nnliche Geschlechtsorgane aufgespr\u00fcht.<\/p>\n\n\n\n<h2 class=\"wp-block-heading\">(Landau) &#8211; Betrunken am Steuer<a href=\"https:\/\/www.facebook.com\/sharer.php?u=https%3A%2F%2Fwww.presseportal.de%2Fblaulicht%2Fpm%2F117686%2F5285546%2F%3Futm_source%3Dfacebook%26utm_medium%3Dsocial\"><\/a><a href=\"https:\/\/twitter.com\/intent\/tweet?text=POL-PDLD%3A%20Betrunken%20am%20Steuer%20Landau%2C%20Samstag%20den%2030.07.2022%2C%2019%3A30%20Uhr&amp;url=https%3A%2F%2Fwww.presseportal.de%2Fblaulicht%2Fpm%2F117686%2F5285546%2F%3Futm_source%3Dtwitter%26utm_medium%3Dsocial&amp;hashtags=ots&amp;lang=de\"><\/a><a href=\"https:\/\/web.whatsapp.com\/send?text=POL-PDLD%3A%20Betrunken%20am%20Steuer%20Landau%2C%20Samstag%20den%2030.07.2022%2C%2019%3A30%20Uhr%0A%0Ahttps%3A%2F%2Fwww.presseportal.de%2Fblaulicht%2Fpm%2F117686%2F5285546%2F%3Futm_source%3Dwhatsapp%26utm_medium%3Dsocial\"><\/a><a href=\"https:\/\/www.xing.com\/app\/user?op=share;url=https%3A%2F%2Fwww.presseportal.de%2Fblaulicht%2Fpm%2F117686%2F5285546%2F%3Futm_source%3Dxing%26utm_medium%3Dsocial\"><\/a><a href=\"http:\/\/www.linkedin.com\/shareArticle?mini=true&amp;url=https%3A%2F%2Fwww.presseportal.de%2Fblaulicht%2Fpm%2F117686%2F5285546%2F%3Futm_source%3Dlinkedin%26utm_medium%3Dsocial&amp;title=POL-PDLD%3A+Betrunken+am+Steuer+Landau%2C+Samstag+den+30.07.2022%2C+19%3A30+Uhr\"><\/a><a href=\"mailto:?subject=POL-PDLD%3A%20Betrunken%20am%20Steuer%20Landau%2C%20Samstag%20den%2030.07.2022%2C%2019%3A30%20Uhr&amp;body=https:\/\/www.presseportal.de\/blaulicht\/pm\/117686\/5285546\"><\/a><\/h2>\n\n\n\n<p>Am Samstag Abend gegen 19:30 Uhr fiel einer Streifenwagenbesatzung der Polizei Landau ein PKW in der Ostbahnstra\u00dfe in Landau auf. Auf der rechten Fahrzeugseite waren frische Besch\u00e4digungen zu erkennen. Der Fahrer wurde einer Kontrolle unterzogen. Der 29-j\u00e4hrige stand deutlich unter Alkoholeinfluss, ein Atemalkoholtest ergab 2,3 Promille. Der F\u00fchrerschein des Fahrers wurde einbehalten, die Weiterfahrt untersagt. Der Fahrer muss neben der zu erwartenden Geldstrafe mit einem langen Fahrverbot rechnen. Wie die Besch\u00e4digungen am Fahrzeug entstanden sind, konnte bislang nicht gekl\u00e4rt werden.<\/p>\n\n\n\n<h2 class=\"wp-block-heading\">(Rhodt \/ Rietburg) &#8211; Suche nach verletzter Person nimmt unerwarteten Verlauf<\/h2>\n\n\n\n<p>Am Sonntagnachmittag (31.07.2022) meldete eine Spazierg\u00e4ngerin bei der Rettungsleitstelle, dass eine stark alkoholisierte Person von einer Mauer an der Rietburg st\u00fcrzte und mit schweren Verletzungen auf dem Boden liegen blieb. Als ein Rettungswagen und der Rettungshubschrauber eintrafen, h\u00e4tte die Person die Behandlung verweigert und w\u00e4re zu Fu\u00df in Richtung der Talstation gelaufen. Da aufgrund der Gesamtumst\u00e4nde von einer Notlage ausgegangen werden musste, wurden umfangreiche Suchma\u00dfnahmen mit Unterst\u00fctzung der Feuerwehr Edenkoben eingeleitet. Im weiteren Einsatzverlauf teilte ein Spazierg\u00e4nger mit, dass er die gesuchte Person bei einem Sturz in eine Brombeerhecke beobachtete. Der Mann legte sich anschlie\u00dfend auf den Boden neben eine Mauer, wodurch es zu einem Missverst\u00e4ndnis im Hinblick auf den gemeldeten Sturz von der Mauer gekommen sein d\u00fcrfte.<\/p>\n\n\n\n<p>Weitere Zeugen meldeten im Nachgang, dass die Person bereits vor Einleitung der Suchma\u00dfnahmen an der Talstation gesichtet wurde, wo sie jedoch nicht mehr angetroffen werden konnte. Bis auf oberfl\u00e4chliche Hautabsch\u00fcrfungen waren keine Verletzungen zu erkennen.<\/p>\n\n\n\n<p>Die Suche konnte somit eingestellt werden.<\/p>\n\n\n\n<h2 class=\"wp-block-heading\">(Edenkoben) &#8211; 7-j\u00e4hrige erkundet Edenkoben mit dem Laufrad<\/h2>\n\n\n\n<p>Am 29.07.2022 gegen 19:15 Uhr wurde der Polizeiinspektion Edenkoben ein kleines M\u00e4dchen mitgeteilt, welches neben der L516 mit ihrem Laufrad unterwegs sei. Da keine Erziehungsberechtigten dabei w\u00e4ren, sorgten sich die Anrufer. Als die Streife vor Ort eintraf, war das M\u00e4dchen bereits durch mehrere Verkehrsteilnehmer in Obhut genommen worden. Da sie leider zun\u00e4chst weder Nachnamen noch Adresse preisgeben konnte, musste sie mit zur Dienststelle genommen werden, wo sie durch die eingesetzten Beamten bestens versorgt wurde. Schnell wurde die Adresse der Ausrei\u00dferin ermittelt, sodass sie sehr zeitnahe wieder den Eltern \u00fcberstellt werden konnte.<\/p>\n\n\n\n<h2 class=\"wp-block-heading\">(NW-Hambach \/ Jakobuskerwe) &#8211; Freitag und Samstag<\/h2>\n\n\n\n<p>Bei bestem Weinfestwetter besuchten zahlreiche Menschen aller Altersklassen die Jakobuskerwe. Es herrschte gute Stimmung und die Besucher waren in friedlicher Feierlaune. Zusammen mit dem Kommunalen Vollzugsdienst der Stadt Neustadt und dem Jugendamt wurden Kontrollen im Sinne des Jugendschutzes durchgef\u00fchrt. Hierbei konnten keine besonderen Verst\u00f6\u00dfe festgestellt werden. Mehrere &#8222;Wildpinkler&#8220; wurden darauf hingewiesen, die aufgestellten Toilettenwagen zu nutzen. Polizeilich kam es zu wenigen Vorkommnissen, u.a. musste sich ein Taxifahrer gegen ungebetene Fahrg\u00e4ste zur Wehr setzen, weil diese sein Taxi auf Aufforderung nicht verlassen und auch nicht bezahlen wollten. Der Taxifahrer und der Fahrgast auf dem Beifahrersitz pr\u00fcgelten sich im Taxi und konnten letztlich nur durch Fesselung und Androhung des Taser durch die Polizei beruhigt werden. Zwei junge M\u00e4nner entwendeten aus einem bereits geschlossenen Verkaufsstand mehrere Pl\u00fcschtiere. Da das Diebesgut doch eher ungew\u00f6hnlich und sehr auff\u00e4llig war konnten die beiden nach kurzer Verfolgung auf frischer Tat gestellt werden. Panda, Husky und Einhorn wurden sichergestellt. Die beiden Pl\u00fcschtierdiebe erwartet eine Anzeige wegen besonders schwerem Diebstahl<\/p>\n\n\n\n<h2 class=\"wp-block-heading\">(Neustadt) &#8211; Zeugenaufruf nach Diebstahl einer Geldb\u00f6rse<\/h2>\n\n\n\n<p>Am 30.07.2022 um 16:00 Uhr kam es in der Friedrichstra\u00dfe in Neustadt\/Wstr. in dem dortigen Kr\u00e4uter- und Gew\u00fcrzgesch\u00e4ft &#8222;der magische Garten&#8220; zu einem Diebstahl einer Geldb\u00f6rse. Ein bislang unbekannter, m\u00e4nnlicher T\u00e4ter nutzte die kurzzeitige Unaufmerksamkeit des Verk\u00e4ufers und nahm in dem g\u00fcnstigen Moment die Geldb\u00f6rse des Verk\u00e4ufers mit den Tageseinnahmen an sich. Im Anschluss fl\u00fcchte der T\u00e4ter \u00fcber den Hetzelplatz in Richtung Landauer Stra\u00dfe. <\/p>\n\n\n\n<h3 class=\"wp-block-heading\">Der T\u00e4ter wird als:<\/h3>\n\n\n\n<ul><li><strong>180cm gro\u00df beschrieben,<\/strong><\/li><li><strong>er trug bei der Tat vermutlich eine Sonnenbrille. <\/strong><\/li><\/ul>\n\n\n\n<p>Zeugen, welche den T\u00e4ter beschreiben oder Hinweise zur Tat geben k\u00f6nnen, werden gebeten sich bei der Polizeiinspektion Neustadt zu melden.<\/p>\n\n\n\n<h2 class=\"wp-block-heading\">(Neustadt) &#8211; Betrunken mit Fahrrad gest\u00fcrzt<\/h2>\n\n\n\n<p>Am 29.07.2022 gegen 20:00 Uhr st\u00fcrzte eine 60-j\u00e4hrige Radfahrerin in der Sauterstra\u00dfe ohne Fremdeinwirkung. Wie sich bei der Unfallaufnahme herausstellte, d\u00fcrfte der vorherige Alkoholkonsum der Dame unfallurs\u00e4chlich gewesen sein. Ein Atemalkoholtest mit der Frau ergab einen Wert von 1,68 Promille. Durch den Sturz zog sich die Radfahrerin leichte Verletzungen zu und musste zur Behandlung in ein umliegendes Krankenhaus gebracht werden. Der Dame wurde eine Blutprobe entnommen und es wurde ein Strafverfahren wegen Trunkenheit im Verkehr eingeleitet.<\/p>\n\n\n\n<h2 class=\"wp-block-heading\">(Bad D\u00fcrkheim) &#8211; Besch\u00e4digte Fensterscheibe<\/h2>\n\n\n\n<p>Im Zeitraum vom 29.07.2022 13:00 Uhr bis 30.07.2022 09:45 Uhr wurde in der Mannheimer Stra\u00dfe 16, mit einem Stein, versucht, eine Fensterscheibe des AWO-Center einzuwerfen. Diese wurde hierbei besch\u00e4digt. Der Gesamtschaden wird auf ca. 500EUR gesch\u00e4tzt. Wer kann Hinweise zu dem\/ die T\u00e4ter geben?<\/p>\n\n\n\n<h2 class=\"wp-block-heading\">(Sausenheim) &#8211; Fahren ohne Versicherungsschutz<\/h2>\n\n\n\n<p>Am Sonntag, 31.07.2022 um 21:15 Uhr wurde eine 40-j\u00e4hrige Frau aus Gr\u00fcnstadt mit einem E-Scooter in Sausenheim einer Verkehrskontrolle unterzogen. Da die Frau f\u00fcr den Roller keine Versicherung vorweisen konnte wurde ihr die Weiterfahrt untersagt und ein Strafverfahren wegen Versto\u00dfes gegen das Pflichtversicherungsgesetz eingeleitet.<\/p>\n\n\n\n<h2 class=\"wp-block-heading\">(Rhein-Pfalz-Kreis) &#8211; Falsche Polizeibeamte am Telefon<\/h2>\n\n\n\n<p>Am Wochenende wurden erneut mehrere Personen von angeblichen Polizeibeamten &#8222;von Europol&#8220; angerufen. Die Kriminellen versuchen hierbei, den Angerufenen Angst zu machen und so zur Herausgabe von Daten oder Wertgegenst\u00e4nden zu bewegen. Die Angerufenen beendeten das Gespr\u00e4ch, bevor es zu einem Schadenseintritt kommen konnte.<\/p>\n\n\n\n<h2 class=\"wp-block-heading\">(Ludwigshafen) &#8211; Radfahrer kommt betrunken zu Fall \/ seine zwei Begleiter ebenfalls stark alkoholisiert<\/h2>\n\n\n\n<p>Am Samstagabend erreichte die Polizeiinspektion Ludwigshafen 2 eine Mitteilung, dass ein Radfahrer in der Horst-Schork-Stra\u00dfe gest\u00fcrzt sei und sich hierbei verletzt habe. Vor Ort konnten die Beamten recht z\u00fcgig den Grund des Sturzes ermitteln. Zwar kam der 55-j\u00e4hrige Ludwigshafener ohne Fremdeinwirkung zu Fall, jedoch konnte im Rahmen eines Atemalkoholtests bei ihm ein Wert von 1,05 Promille festgestellt werden. Ihn erwartet nun ein Strafverfahren wegen Stra\u00dfenverkehrsgef\u00e4hrdung aufgrund von Alkoholeinfluss. Seine zwei Begleiter, welche ebenfalls mit dem Rad unterwegs waren, wurden nicht in den Unfall verwickelt. Da diese auf die Beamten allerdings ebenfalls stark alkoholisiert wirkten, durften sie vor Ort ebenfalls einen Atemalkoholtest durchf\u00fchren. Mit Werten von 1,74 und 3,00 Promille waren beide absolut fahrunt\u00fcchtig, weshalb die 42- und 44-j\u00e4hrigen M\u00e4nner nun ebenfalls Strafverfahren wegen Trunkenheit im Stra\u00dfenverkehr erwarten m\u00fcssen.<\/p>\n\n\n\n<h2 class=\"wp-block-heading\">(Ludwigshafen) &#8211; Verkehrsunfall mit Flucht<\/h2>\n\n\n<div class=\"wp-block-image\">\n<figure class=\"aligncenter size-full\"><img decoding=\"async\" loading=\"lazy\" width=\"801\" height=\"600\" src=\"https:\/\/speyer24news.com\/wp-content\/uploads\/2020\/05\/Zeugen-gesucht-Neutral.jpg\" alt=\"\" class=\"wp-image-26598\" srcset=\"https:\/\/speyer24news.com\/wp-content\/uploads\/2020\/05\/Zeugen-gesucht-Neutral.jpg 801w, https:\/\/speyer24news.com\/wp-content\/uploads\/2020\/05\/Zeugen-gesucht-Neutral-300x225.jpg 300w, https:\/\/speyer24news.com\/wp-content\/uploads\/2020\/05\/Zeugen-gesucht-Neutral-768x575.jpg 768w, https:\/\/speyer24news.com\/wp-content\/uploads\/2020\/05\/Zeugen-gesucht-Neutral-678x509.jpg 678w, https:\/\/speyer24news.com\/wp-content\/uploads\/2020\/05\/Zeugen-gesucht-Neutral-326x245.jpg 326w, https:\/\/speyer24news.com\/wp-content\/uploads\/2020\/05\/Zeugen-gesucht-Neutral-80x60.jpg 80w\" sizes=\"(max-width: 801px) 100vw, 801px\" \/><\/figure><\/div>\n\n\n<p>In Folge Unachtsamkeit ereignete sich am Samstagnachmittag, 30.07.2022, gegen 16:15 Uhr in der Mundenheimer Stra\u00dfe, in Ludwigshafen, H\u00f6he Hausnummer 156 ein Verkehrsunfall mit insgesamt drei beteiligten PKW. Der 24-j\u00e4hrige Unfallverursacher kollidierte als Fahrer eines wei\u00dfen Seat Leon mit einem in L\u00e4ngsaufstellung am Fahrbahnrand in Richtung Ludwigshafen Mitte geparkten PKW, welcher wiederum auf einen weiteren davor geparkten PKW aufgeschoben wurde. In Folge dieses Unfalles kam der 24-J\u00e4hrige mit seinem PKW quer zur Fahrbahn zum Stehen und war, wie auch der bei der Kollision direkt beteiligte PKW nicht mehr fahrbereit. Es entstand ein Gesamtsachschaden in H\u00f6he von ca. 20.000 Euro. Verletzt wurde hierbei niemand.<\/p>\n\n\n\n<p>Unmittelbar nach dem Unfallereignis passierte ein bislang unbekannter Verkehrsteilnehmer die Unfallstelle und touchierte in Folge unzureichenden Sicherheitsabstands beim Vorbeifahren das Heck des Seat Leon, um anschlie\u00dfend seine Fahrt in Richtung Ludwigshafen Mitte fortzusetzen, ohne seinen Pflichten als Unfallbeteiligter nachzukommen.<\/p>\n\n\n\n<p>Am PKW des 24-J\u00e4hrigen entstand hierbei erneuter Sachschaden in H\u00f6he von ca. 2.000 Euro.<\/p>\n\n\n\n<p>Der fl\u00fcchtige PKW wird als wei\u00dfer Audi der Q-Reihe beschrieben. Die Ermittlungen dauern an.<\/p>\n\n\n\n<p>Sachdienliche Hinweise insbesondere zu Fahrzeug, Kennzeichen und Fahrer des fl\u00fcchtigen PKW nimmt die Polizeiinspektion Ludwigshafen 1 unter der Telefonnummer 0621\/963-2122 oder per Email\u00a0<a href=\"mailto:piludwigshafen@polizei.rlp.de\">piludwigshafen@polizei.rlp.de<\/a>\u00a0entgegen.<\/p>\n\n\n\n<h2 class=\"wp-block-heading\">(Mannheim) &#8211; Polizeibeamte und Mitarbeiter im Krankenhaus angegriffen und Streifenwagen besch\u00e4digt<\/h2>\n\n\n\n<p>Eine stark alkoholisierte 39-j\u00e4hrige Patientin eines Mannheimer Krankenhauses verursachte in den fr\u00fchen Morgenstunden des 31.07.2022 einen Polizeieinsatz, nachdem sie zwei Krankenhausmitarbeiterinnen angegriffen und mit Gegenst\u00e4nden in der Notaufnahme herumgeworfen hatte. Auch die zu Hilfe gerufenen Polizeibeamten wurden von ihr angegriffen und massiv beleidigt und bedroht. Beim Transport zum Streifenwagen trat die Beschuldigte zudem gegen das Fahrzeug und besch\u00e4digte es leicht. Nun gelangt sie u.a. wegen eines t\u00e4tlichen Angriffs auf Vollstreckungsbeamte zur Strafanzeige.<\/p>\n\n\n\n<h2 class=\"wp-block-heading\">(Mannheim) &#8211; Ohne F\u00fchrerschein und unter Bet\u00e4ubungsmitteleinfluss auf Roller mit geklautem Kennzeichen unterwegs<a href=\"https:\/\/www.facebook.com\/sharer.php?u=https%3A%2F%2Fwww.presseportal.de%2Fblaulicht%2Fpm%2F14915%2F5285551%2F%3Futm_source%3Dfacebook%26utm_medium%3Dsocial\"><\/a><a href=\"https:\/\/twitter.com\/intent\/tweet?text=POL-MA%3A%20Mannheim%3A%20Ohne%20F%C3%BChrerschein%20und%20unter%20Bet%C3%A4ubungsmitteleinfluss%20auf%20Roller%20mit%20geklautem%20Kennzeichen%20unterwegs&amp;url=https%3A%2F%2Fwww.presseportal.de%2Fblaulicht%2Fpm%2F14915%2F5285551%2F%3Futm_source%3Dtwitter%26utm_medium%3Dsocial&amp;hashtags=ots&amp;lang=de\"><\/a><a href=\"https:\/\/web.whatsapp.com\/send?text=POL-MA%3A%20Mannheim%3A%20Ohne%20F%C3%BChrerschein%20und%20unter%20Bet%C3%A4ubungsmitteleinfluss%20auf%20Roller%20mit%20geklautem%20Kennzeichen%20unterwegs%0A%0Ahttps%3A%2F%2Fwww.presseportal.de%2Fblaulicht%2Fpm%2F14915%2F5285551%2F%3Futm_source%3Dwhatsapp%26utm_medium%3Dsocial\"><\/a><a href=\"https:\/\/www.xing.com\/app\/user?op=share;url=https%3A%2F%2Fwww.presseportal.de%2Fblaulicht%2Fpm%2F14915%2F5285551%2F%3Futm_source%3Dxing%26utm_medium%3Dsocial\"><\/a><a href=\"http:\/\/www.linkedin.com\/shareArticle?mini=true&amp;url=https%3A%2F%2Fwww.presseportal.de%2Fblaulicht%2Fpm%2F14915%2F5285551%2F%3Futm_source%3Dlinkedin%26utm_medium%3Dsocial&amp;title=POL-MA%3A+Mannheim%3A+Ohne+F%C3%BChrerschein+und+unter+Bet%C3%A4ubungsmitteleinfluss+auf+Roller+mit+geklautem+Kennzeichen+unterwegs\"><\/a><a href=\"mailto:?subject=POL-MA%3A%20Mannheim%3A%20Ohne%20F%C3%BChrerschein%20und%20unter%20Bet%C3%A4ubungsmitteleinfluss%20auf%20Roller%20mit%20geklautem%20Kennzeichen%20unterwegs&amp;body=https:\/\/www.presseportal.de\/blaulicht\/pm\/14915\/5285551\"><\/a><\/h2>\n\n\n\n<p>Gleich f\u00fcr mehrere Delikte muss sich ein 19-j\u00e4hriger Viernheimer verantworten, der am sp\u00e4ten Samstagabend gegen 22.25 Uhr in Mannheim am Platz der Freundschaft auf seinem Kleinkraftrad einer allgemeinen Verkehrskontrolle unterzogen wurde. Nicht nur, dass der junge Mann drogenspezifische Ausfallerscheinungen vorwies, die in einen positiven Urintest im Bereich THC m\u00fcndeten. Bei der \u00dcberpr\u00fcfung stellten die Beamten zudem fest, dass der Beschuldigte keinen F\u00fchrerschein hatte und dass die am Roller angebrachten Kennzeichen gestohlen waren. Nach der Entnahme einer Blutprobe und der Beschlagnahme des Rollers samt Kennzeichen sieht der Mann nun einer Anzeige entgegen.<\/p>\n\n\n\n<h2 class=\"wp-block-heading\">(Mannheim) &#8211; Einbruch in B\u00fcrogeb\u00e4ude und Firmenfahrzeug \/ T\u00e4ter fl\u00fcchtig<\/h2>\n\n\n\n<p>Ein bislang unbekannter T\u00e4ter schlug am fr\u00fchen Samstagmorgen gegen 04.50 Uhr ein Glasfenster an einem B\u00fcrogeb\u00e4ude im Huthorstweg mit einem Gegenstand ein und durchsuchte anschlie\u00dfend die B\u00fcror\u00e4umlichkeiten. Im Anschluss entwendete der Mann noch eine Tasche aus dem F\u00fchrerhaus eines vor dem Geb\u00e4ude abgestellten Transporters, wurde hierbei jedoch von einem Zeugen beobachtet, angesprochen und zun\u00e4chst festgehalten. Als der durch den L\u00e4rm alarmierte Besitzer der Tasche hinzukam, gab der Beschuldigte die Tasche zur\u00fcck und es gelang ihm, sich durch Flucht zu entziehen. Zum Diebstahlschaden im Geb\u00e4ude k\u00f6nnen derzeit noch keine genauen Angaben gemacht werden. <\/p>\n\n\n\n<h4 class=\"wp-block-heading\">Der T\u00e4ter soll:<\/h4>\n\n\n\n<ul><li><strong>25 &#8211; 30 Jahre alt <\/strong><\/li><li><strong>175 &#8211; 1,85 m gro\u00df sein. <\/strong><\/li><li><strong>Er trug eine schwarze Regenjacke und wei\u00dfe Adidas-Sneaker. <\/strong><\/li><\/ul>\n\n\n\n<p>Zeugen, die sachdienliche Hinweise geben k\u00f6nnen, melden sich bitte telefonisch beim Polizeirevier Mannheim-Neckarstadt unter 0621 33010.<\/p>\n\n\n\n<h2 class=\"wp-block-heading\">(Mannheim-Seckenheim \/ Malsch \/ Rhein-Neckar-Kreis) &#8211; Unbekannte z\u00fcndeln an Spielplatz und Obstwiese \/ Warnung vor aktueller Brandgefahr durch starke Trockenheit<\/h2>\n\n\n\n<p>An verschiedenen Orten im Bereich des Polizeipr\u00e4sidiums Mannheim kam es zuletzt zu trockenheitsbedingten Fl\u00e4chen- und B\u00f6schungsbr\u00e4nden. Zum Teil wurden die Feuer dabei auch durch grobe Fahrl\u00e4ssigkeit oder sogar vors\u00e4tzlich verursacht. So entz\u00fcndete wohl eine von unbekannten Jugendlichen unachtsam weggeworfene Zigarette am Nachmittag des 30.07.2022 in der Breisacher Stra\u00dfe in Mannheim-Seckenheim eine gr\u00f6\u00dfere Fl\u00e4che an einem Spielplatz. Die Feuerwehr konnte den Brand l\u00f6schen, bevor dieser auf ein angrenzendes Geb\u00e4ude \u00fcbergreifen konnte. In Malsch im Rhein-Neckar-Kreis entz\u00fcndeten unbekannte T\u00e4ter in den fr\u00fchen Morgenstunden des 31.07.2022 mit einem Teelicht zwei Strohballen an einer Obstwiese, wobei einer vollst\u00e4ndig zerst\u00f6rt wurde. Zeugen der Taten werden gebeten, sich beim Polizeirevier Ladenburg (06203 93050) bzw. beim Polizeirevier Wiesloch (06222 57090) zu melden.<\/p>\n\n\n\n<p>Dar\u00fcber hinaus warnt die Polizei ausdr\u00fccklich: Die aktuelle Trockenheit f\u00fchrt zu einer immensen Brandgefahr f\u00fcr Wiesen, Buschwerk und W\u00e4lder! Das Grillen, Entz\u00fcnden von Lagerfeuern oder Rauchen in der Natur ist daher unbedingt zu unterlassen. Zurzeit herrscht in der Region die h\u00f6chste Waldbrandgefahrstufe, welche das \u00f6ffentliche Entz\u00fcnden von Feuern auch per Polizeiverordnung untersagt.<\/p>\n\n\n\n<h2 class=\"wp-block-heading\">(Heidelberg-Handschuhsheim) &#8211; Brand in Mehrfamilienhaus, starke Rauchentwicklung<\/h2>\n\n\n\n<h3 class=\"has-text-align-center wp-block-heading\">Pressemeldung Nr. 2<\/h3>\n\n\n\n<p>Am Samstagabend, gegen 20:30 Uhr, kam es im Eberlinweg zu einem Brand in einer Wohnung in einem Mehrfamilienhaus. Durch eine Anwohnerin wurde Brandgeruch und eine starke Rauchentwicklung ausgehend von der Erdgeschosswohnung festgestellt. Die verst\u00e4ndigte Berufsfeuerwehr Heidelberg hatte den Brand schnell gel\u00f6scht. Im Rahmen der ersten Ermittlungen wurde in Erfahrung gebracht, dass es aufgrund eines technischen Defekts an einem Elektronikger\u00e4t zu dem Brandausbruch kam. Aufgrund des Brandschadens ist die aktuell in der Renovierung befindliche Wohnung im Erdgeschoss nicht mehr bewohnbar. Der Sachschaden wird auf ca. 70.000 EUR gesch\u00e4tzt. Im Rahmen der Brandbek\u00e4mpfung verletzte sich ein Feuerwehrmann leicht an der Hand. Die weiteren Ermittlungen werden durch das Polizeirevier Heidelberg-Nord gef\u00fchrt.<\/p>\n\n\n\n<h2 class=\"wp-block-heading\">(Wiesloch \/ Rhein-Neckar-Kreis) &#8211; Polizeieinsatz im ZfP Wiesloch<\/h2>\n\n\n<div class=\"wp-block-image\">\n<figure class=\"aligncenter size-full\"><img decoding=\"async\" loading=\"lazy\" width=\"800\" height=\"600\" src=\"https:\/\/speyer24news.com\/wp-content\/uploads\/2021\/04\/SEK-Beispielbild.jpg\" alt=\"\" class=\"wp-image-35457\" srcset=\"https:\/\/speyer24news.com\/wp-content\/uploads\/2021\/04\/SEK-Beispielbild.jpg 800w, https:\/\/speyer24news.com\/wp-content\/uploads\/2021\/04\/SEK-Beispielbild-300x225.jpg 300w, https:\/\/speyer24news.com\/wp-content\/uploads\/2021\/04\/SEK-Beispielbild-768x576.jpg 768w, https:\/\/speyer24news.com\/wp-content\/uploads\/2021\/04\/SEK-Beispielbild-678x509.jpg 678w, https:\/\/speyer24news.com\/wp-content\/uploads\/2021\/04\/SEK-Beispielbild-326x245.jpg 326w, https:\/\/speyer24news.com\/wp-content\/uploads\/2021\/04\/SEK-Beispielbild-80x60.jpg 80w\" sizes=\"(max-width: 800px) 100vw, 800px\" \/><figcaption>Beispielbild eines Sondereinsatzkommandos (SEK) &#8211; Bild dient lediglich der Visualisierung<\/figcaption><\/figure><\/div>\n\n\n<p>Zur Stunde (31.07.22 19:15) kommt es zu einem Polizeieinsatz im ZfP Wiesloch, nachdem sich eine Person dort in ihrem Zimmer eingeschlossen hat. Es besteht keine Gef\u00e4hrdung f\u00fcr weitere Personen oder die Bev\u00f6lkerung. Spezialeinheiten und ein Polizeihubschrauber sind im Einsatz.<\/p>\n\n\n\n<h3 class=\"has-text-align-center wp-block-heading\">Person \u00fcberw\u00e4ltigt &#8211; Pressemeldung Nr. 2<\/h3>\n\n\n\n<p>Nach erfolgtem Zugriff konnte der eingeschlossene Patient unverletzt \u00fcberw\u00e4ltigt werden. Er verbleibt in \u00fcberwachter \u00e4rztlicher Obhut.<\/p>\n","protected":false},"excerpt":{"rendered":"<div class=\"mh-excerpt\"><p>Polizeimeldungen vom Sonntag (31.07.2022) (Speyer) &#8211; Wechselseitige K\u00f6rperverletzung in Gastst\u00e4tte Am Samstagabend gegen 21.30 Uhr kam es zu einer k\u00f6rperlichen Auseinandersetzung in einer Gastst\u00e4tte in Speyer-West. Nachdem einem 56-J\u00e4hrigen aufgrund seines starken Alkoholisierungsgrades der Zutritt <a class=\"mh-excerpt-more\" href=\"https:\/\/speyer24news.com\/?p=47765\" title=\"Polizeimeldungen Sonntag (31.07.2022)\">[&#8230;]<\/a><\/p>\n<\/div>","protected":false},"author":3,"featured_media":26162,"comment_status":"open","ping_status":"open","sticky":false,"template":"","format":"standard","meta":{"_monsterinsights_skip_tracking":false,"_monsterinsights_sitenote_active":false,"_monsterinsights_sitenote_note":"","_monsterinsights_sitenote_category":0,"footnotes":""},"categories":[12],"tags":[7243,7244,3614,702,61,2555,6955,6986,6263,63,105,11150,6987,53,4854,13534,4683,1548,4905,11592,102,13626,213,14325,14324,13553,13541,55,8277,6368,5261,103,106,2803,2423,427,2625,380,62,104,979,1565],"aioseo_notices":[],"amp_enabled":true,"_links":{"self":[{"href":"https:\/\/speyer24news.com\/index.php?rest_route=\/wp\/v2\/posts\/47765"}],"collection":[{"href":"https:\/\/speyer24news.com\/index.php?rest_route=\/wp\/v2\/posts"}],"about":[{"href":"https:\/\/speyer24news.com\/index.php?rest_route=\/wp\/v2\/types\/post"}],"author":[{"embeddable":true,"href":"https:\/\/speyer24news.com\/index.php?rest_route=\/wp\/v2\/users\/3"}],"replies":[{"embeddable":true,"href":"https:\/\/speyer24news.com\/index.php?rest_route=%2Fwp%2Fv2%2Fcomments&post=47765"}],"version-history":[{"count":1,"href":"https:\/\/speyer24news.com\/index.php?rest_route=\/wp\/v2\/posts\/47765\/revisions"}],"predecessor-version":[{"id":47767,"href":"https:\/\/speyer24news.com\/index.php?rest_route=\/wp\/v2\/posts\/47765\/revisions\/47767"}],"wp:featuredmedia":[{"embeddable":true,"href":"https:\/\/speyer24news.com\/index.php?rest_route=\/wp\/v2\/media\/26162"}],"wp:attachment":[{"href":"https:\/\/speyer24news.com\/index.php?rest_route=%2Fwp%2Fv2%2Fmedia&parent=47765"}],"wp:term":[{"taxonomy":"category","embeddable":true,"href":"https:\/\/speyer24news.com\/index.php?rest_route=%2Fwp%2Fv2%2Fcategories&post=47765"},{"taxonomy":"post_tag","embeddable":true,"href":"https:\/\/speyer24news.com\/index.php?rest_route=%2Fwp%2Fv2%2Ftags&post=47765"}],"curies":[{"name":"wp","href":"https:\/\/api.w.org\/{rel}","templated":true}]}}