{"id":47786,"date":"2022-08-04T12:13:34","date_gmt":"2022-08-04T11:13:34","guid":{"rendered":"https:\/\/speyer24news.com\/?p=47786"},"modified":"2022-08-04T12:13:34","modified_gmt":"2022-08-04T11:13:34","slug":"polizeimeldungen-montag-mittwoch-01-08-03-08-22","status":"publish","type":"post","link":"https:\/\/speyer24news.com\/?p=47786","title":{"rendered":"Polizeimeldungen Montag &#8211; Mittwoch (01.08. &#8211; 03.08.22)"},"content":{"rendered":"<style type=\"text\/css\">\r\n\t.ads_top_disp{}\r\n\t.ads_top_corner_disp{ float:left; margin:0px 10px 10px 0px; }\r\n\t.ads_first_p_disp{}\r\n\t.ads_bottom_disp{}\r\n\t<\/style>\n<h2 class=\"wp-block-heading\">Polizeimeldungen vom Montag bis Mittwoch (01.08. &#8211; 03.08.2022)<\/h2>\n\n\n<div class=\"wp-block-image\">\n<figure class=\"aligncenter size-full\"><img decoding=\"async\" loading=\"lazy\" width=\"375\" height=\"500\" src=\"https:\/\/speyer24news.com\/wp-content\/uploads\/2022\/03\/Aktuelles-Polizeilogo.jpg\" alt=\"\" class=\"wp-image-43591\" srcset=\"https:\/\/speyer24news.com\/wp-content\/uploads\/2022\/03\/Aktuelles-Polizeilogo.jpg 375w, https:\/\/speyer24news.com\/wp-content\/uploads\/2022\/03\/Aktuelles-Polizeilogo-225x300.jpg 225w\" sizes=\"(max-width: 375px) 100vw, 375px\" \/><\/figure><\/div>\n\n\n<h2 class=\"wp-block-heading\">(Speyer) &#8211; Zwei E-Scooter nach Verst\u00f6\u00dfen sichergestellt, Regeln f\u00fcr E-Scooter<\/h2>\n\n\n<div class=\"wp-block-image\">\n<figure class=\"aligncenter size-full\"><img decoding=\"async\" loading=\"lazy\" width=\"640\" height=\"480\" src=\"https:\/\/speyer24news.com\/wp-content\/uploads\/2022\/08\/E-ScooterREVO1.jpg\" alt=\"\" class=\"wp-image-47788\" srcset=\"https:\/\/speyer24news.com\/wp-content\/uploads\/2022\/08\/E-ScooterREVO1.jpg 640w, https:\/\/speyer24news.com\/wp-content\/uploads\/2022\/08\/E-ScooterREVO1-300x225.jpg 300w, https:\/\/speyer24news.com\/wp-content\/uploads\/2022\/08\/E-ScooterREVO1-326x245.jpg 326w, https:\/\/speyer24news.com\/wp-content\/uploads\/2022\/08\/E-ScooterREVO1-80x60.jpg 80w\" sizes=\"(max-width: 640px) 100vw, 640px\" \/><figcaption>E-Scooter REVO gesamt<\/figcaption><\/figure><\/div>\n\n\n<p>Am Dienstag, den 02.08.2022, um 14:50 Uhr, befuhr ein 24-J\u00e4hriger aus dem Kreis Germersheim die Wormser Landstra\u00dfe mit seinem E-Scooter und fiel einer Polizeistreife auf, da an seinem Gef\u00e4hrt kein Versicherungskennzeichen angebracht war. Bei der anschlie\u00dfenden Kontrolle gab der Fahrer an, das Gef\u00e4hrt online aus privater Hand ohne Dokumente erworben zu haben. Die Beamten stellten den E-Scooter der Marke REVO (350W) sicher. Die Rahmennummer des E-Scooters ist ablesbar.<\/p>\n\n\n<div class=\"wp-block-image\">\n<figure class=\"aligncenter size-full\"><img decoding=\"async\" loading=\"lazy\" width=\"800\" height=\"600\" src=\"https:\/\/speyer24news.com\/wp-content\/uploads\/2022\/08\/E-ScooterREVO3.jpg\" alt=\"\" class=\"wp-image-47789\" srcset=\"https:\/\/speyer24news.com\/wp-content\/uploads\/2022\/08\/E-ScooterREVO3.jpg 800w, https:\/\/speyer24news.com\/wp-content\/uploads\/2022\/08\/E-ScooterREVO3-300x225.jpg 300w, https:\/\/speyer24news.com\/wp-content\/uploads\/2022\/08\/E-ScooterREVO3-768x576.jpg 768w, https:\/\/speyer24news.com\/wp-content\/uploads\/2022\/08\/E-ScooterREVO3-678x509.jpg 678w, https:\/\/speyer24news.com\/wp-content\/uploads\/2022\/08\/E-ScooterREVO3-326x245.jpg 326w, https:\/\/speyer24news.com\/wp-content\/uploads\/2022\/08\/E-ScooterREVO3-80x60.jpg 80w\" sizes=\"(max-width: 800px) 100vw, 800px\" \/><\/figure><\/div>\n\n\n<p>Um 17 Uhr entdeckte eine weitere Polizeistreife einen E-Scooter, der ohne Versicherungskennzeichen auf dem Bartholom\u00e4us-Weltz-Platz fuhr. Dessen 43-j\u00e4hriger Fahrer aus dem Rhein-Pfalz-Kreis zeigte bei der anschlie\u00dfenden Kontrolle Anzeichen f\u00fcr einen k\u00fcrzlich zur\u00fcckliegenden Drogenkonsum. Ein Urintest verlief positiv auf den Cannabis-Wirkstoff THC sowie auf Amfetamin. Der Fahrer h\u00e4ndigte den Beamten au\u00dferdem einen in seiner Hosentasche befindlichen Joint aus. Der 43-J\u00e4hrige wurde zur Polizeidienststelle verbracht, wo ihm zu Beweiszwecken eine Blutprobe entnommen wurde. Die Beamten stellten seinen E-Scooter der Marke Ninebot sicher. Ihn erwarten Strafverfahren wegen Versto\u00dfes gegen das Bet\u00e4ubungsmittelgesetz sowie gegen das Pflichtversicherungsgesetz.<\/p>\n\n\n<div class=\"wp-block-image\">\n<figure class=\"aligncenter size-full\"><img decoding=\"async\" loading=\"lazy\" width=\"800\" height=\"600\" src=\"https:\/\/speyer24news.com\/wp-content\/uploads\/2022\/08\/E-ScooterNinebot1.jpg\" alt=\"\" class=\"wp-image-47790\" srcset=\"https:\/\/speyer24news.com\/wp-content\/uploads\/2022\/08\/E-ScooterNinebot1.jpg 800w, https:\/\/speyer24news.com\/wp-content\/uploads\/2022\/08\/E-ScooterNinebot1-300x225.jpg 300w, https:\/\/speyer24news.com\/wp-content\/uploads\/2022\/08\/E-ScooterNinebot1-768x576.jpg 768w, https:\/\/speyer24news.com\/wp-content\/uploads\/2022\/08\/E-ScooterNinebot1-678x509.jpg 678w, https:\/\/speyer24news.com\/wp-content\/uploads\/2022\/08\/E-ScooterNinebot1-326x245.jpg 326w, https:\/\/speyer24news.com\/wp-content\/uploads\/2022\/08\/E-ScooterNinebot1-80x60.jpg 80w\" sizes=\"(max-width: 800px) 100vw, 800px\" \/><\/figure><\/div>\n\n\n<p>Mutma\u00dfliche Eigent\u00fcmer eines verlorenen oder gestohlenen E-Scooters der Marken REVO oder Ninebot werden gebeten, sich unter der Tel. 06232-1370 oder per E-Mail an&nbsp;<a href=\"mailto:pispeyer@polizei.rlp.de\">pispeyer@polizei.rlp.de<\/a>&nbsp;unter Vorlage eines Eigentumsnachweises an die Polizei Speyer zu wenden.<\/p>\n\n\n\n<h4 class=\"wp-block-heading\">Die Polizei weist auf folgende technischen und verhaltensbedingten Notwendigkeiten hin:<\/h4>\n\n\n\n<ul><li>E-Scooter gelten rechtlich, wie PKW, als Kraftfahrzeuge. Werden sie unter dem Einfluss von mehr als 0,5 Promille Alkohol oder von Drogen \/ berauschenden Mitteln im \u00f6ffentlichen Stra\u00dfenverkehr gef\u00fchrt, drohen hohe Bu\u00dfgelder und Fahrverbote. Ab einem Wert von 1,1 Promille oder bei 0,3 Promille mit Ausfallerscheinungen kommen sowohl eine Strafbarkeit als auch der F\u00fchrerscheinentzug in Betracht. Ein absolutes Alkoholverbot gilt in der Probezeit sowie f\u00fcr Fahrer unter 21 Jahren.<\/li><li>Ohne Vorliegen einer KFZ-Haftpflichtversicherung und ohne entsprechende Versicherungsplakette d\u00fcrfen E-Scooter im \u00f6ffentlichen Stra\u00dfenverkehr nicht gef\u00fchrt werden. Sie sind nur dann versicherbar, wenn eine Betriebserlaubnis vorliegt. Folgende Ausstattung ist Voraussetzung f\u00fcr die Erteilung einer Betriebserlaubnis: zwei unabh\u00e4ngig voneinander wirkende Bremsen, eine Lenk- und Haltestange, Beleuchtung, seitliche Reflektoren, eine Klingel, eine bauartbedingte H\u00f6chstgeschwindigkeit von maximal 20 km\/h, sowie eine Leistungsbegrenzung von 500 Watt sowie von 1400 Watt bei selbstbalancierenden Fahrzeugen.<\/li><li>F\u00fcr E-Scooter besteht eine Radwegebenutzungspflicht; sind keine Radwege vorhanden, muss die f\u00fcr den normalen Fahrzeugverkehr bestimmte Fahrbahn benutzt werden. Hier ist m\u00f6glichst weit rechts zu fahren. Das Tragen eines Helmes wird empfohlen.<\/li><\/ul>\n\n\n\n<h2 class=\"wp-block-heading\">(Speyer) &#8211; Kontrollen des Radverkehrs auf Fu\u00dfg\u00e4ngerweg am Woogbach<\/h2>\n\n\n\n<p>Am Dienstag, den 02.08.2022, zwischen 11 Uhr und 11:30 Uhr, f\u00fchrte die Polizei Speyer aufgrund von B\u00fcrgerbeschwerden Kontrollen des Radverkehrs auf dem Fu\u00dfg\u00e4ngerweg entlang des Woogbachs zwischen Petschengasse und Mausbergweg durch. Im Kontrollzeitraum befuhren sechs Verkehrsteilnehmer den Fu\u00dfg\u00e4ngerweg verbotswidrig mit ihrem Fahrrad und wurden verwarnt. Wenig Verst\u00e4ndnis f\u00fcr die Kontrollen zeigten &#8211; neben den Betroffenen &#8211; auch unbeteiligte Passanten unter Verweis auf eine subjektiv ausreichende Wegesbreite sowie subjektiv empfundene Beschilderungsdefizite.<\/p>\n\n\n\n<h2 class=\"wp-block-heading\">(Speyer) &#8211; Diebstahl eines Katalysators<\/h2>\n\n\n<div class=\"wp-block-image\">\n<figure class=\"aligncenter size-full\"><img decoding=\"async\" loading=\"lazy\" width=\"800\" height=\"545\" src=\"https:\/\/speyer24news.com\/wp-content\/uploads\/2022\/08\/Katalysator_anonymisiert.jpg\" alt=\"\" class=\"wp-image-47787\" srcset=\"https:\/\/speyer24news.com\/wp-content\/uploads\/2022\/08\/Katalysator_anonymisiert.jpg 800w, https:\/\/speyer24news.com\/wp-content\/uploads\/2022\/08\/Katalysator_anonymisiert-300x204.jpg 300w, https:\/\/speyer24news.com\/wp-content\/uploads\/2022\/08\/Katalysator_anonymisiert-768x523.jpg 768w\" sizes=\"(max-width: 800px) 100vw, 800px\" \/><\/figure><\/div>\n\n\n<p>Auf dem Speyerer Festplatz flexten unbekannte T\u00e4ter zwischen dem 01.08.2022, 18 Uhr, und dem 02.08.2022, 08:30 Uhr, den Katalysator eines \u00e4lteren, schwarzen BMW-Kombi ab und entwendeten den Katalysator. Zur Tatausf\u00fchrung bockten die T\u00e4ter den PKW mittels Steinen auf. Der Sachschaden liegt bei ca. 500 Euro.<\/p>\n\n\n\n<p>Wer hat etwas beobachtet oder kann in sonstiger Weise sachdienliche Hinweise zu T\u00e4tern oder dem Tatgeschehen machen? Zeugenhinweise nimmt die Polizei Speyer unter der Tel. 06232-1370 oder per E-Mail an\u00a0<a href=\"mailto:pispeyer@polizei.rlp.de\">pispeyer@polizei.rlp.de<\/a>\u00a0entgegen.<\/p>\n\n\n\n<h2 class=\"wp-block-heading\">(Speyer) &#8211; Einbruch in gemeinn\u00fctzigen Verein<\/h2>\n\n\n\n<p>Am Montag, den 01.08.2022, gegen 5 Uhr, hebelten unbekannte T\u00e4ter die Eingangst\u00fcr eines Vereins in der Seekatzstra\u00dfe, Ecke Gayerstra\u00dfe, auf. Sie entwendeten im Inneren einen niedrigen dreistelligen Bargeldbetrag und fl\u00fcchteten auf Fahrr\u00e4dern entlang der Gayerstra\u00dfe in Richtung des Feuerbachparks. Zeugenangaben zufolge waren die Tatverd\u00e4chtigen dunkel gekleidet und trugen Kapuzen bzw. Kopfbedeckungen.<\/p>\n\n\n\n<p>Wer hat etwas beobachtet oder kann in sonstiger Weise sachdienliche Hinweise zu T\u00e4tern oder dem Tatgeschehen machen? Zeugenhinweise nimmt die Polizei Speyer unter der Tel. 06232-1370 oder per E-Mail an\u00a0<a href=\"mailto:pispeyer@polizei.rlp.de\">pispeyer@polizei.rlp.de<\/a>\u00a0entgegen.<\/p>\n\n\n\n<h2 class=\"wp-block-heading\">(Speyer) &#8211; Betrunkene Fahrradfahrer st\u00fcrzen in zwei F\u00e4llen ohne Fremdeinwirkung<\/h2>\n\n\n\n<p>Am Sonntag, den 31.07.2022, gegen 12 Uhr befuhr ein 53-j\u00e4hriger Mann mit seinem Fahrrad die Landauer Stra\u00dfe in Richtung R\u00f6merberg. Auf H\u00f6he einer B\u00e4ckerei kam er hierbei zu Fall und st\u00fcrzte zu Boden. Zeugen beobachteten seinen Sturz und riefen die Polizei. Die hinzugerufene Polizeistreife stellte bei dem 53-J\u00e4hrigen Alkoholgeruch fest und bot ihm einen Atemalkoholtest an. Dieser ergab einen Wert von 3,07 Promille. Durch den Sturz trug der 53-J\u00e4hrige Sch\u00fcrfwunden an den H\u00e4nden davon. Eine rettungsdienstliche Behandlung war nicht notwendig.<\/p>\n\n\n\n<p>Ein 38-J\u00e4hriger befuhr gegen 19:30 Uhr die Burgstra\u00dfe und st\u00fcrzte ebenfalls, worauf Zeugen aufmerksam wurden. Die hinzugerufene Polizeistreife traf den 38-J\u00e4hrigen an, welcher \u00fcber Schmerzen im Bein klagte. Er gab an, von einer nahegelegenen Kneipe zu kommen. Die Beamten nahmen Alkoholgeruch bei ihm wahr. Ein Atemalkoholtest ergab 2,84 Promille. Ein hinzugerufener Rettungswagen verbrachte den 38-J\u00e4hrigen mit einer Kn\u00f6chelverletzung in ein Krankenhaus.<\/p>\n\n\n\n<p>Die Polizeibeamten leiteten Strafverfahren wegen Trunkenheit im Verkehr gegen den 53-J\u00e4hrigen und den 38-J\u00e4hrigen ein und veranlassten bei Beiden jeweils eine Blutentnahme zu Beweiszwecken.<\/p>\n\n\n\n<h2 class=\"wp-block-heading\">(Waldsee) &#8211; Geschwindigkeits\u00fcberwachung<\/h2>\n\n\n\n<p>Am 02.08.2022, zwischen 11:30 Uhr und 13:00 Uhr, wurden auf der K13 zwischen Waldsee und Altrip auf H\u00f6he des dortigen Campinggebiets Geschwindigkeitsmessungen durchgef\u00fchrt. Bei erlaubten 50 km\/h wurden 18 Verst\u00f6\u00dfe geahndet. Die gemessene H\u00f6chstgeschwindigkeit lag bei 85 km\/h. Dies zieht nach Abzug der Toleranz ein Bu\u00dfgeld in H\u00f6he von 200 Euro und einen Punkt nach sich. Im Rahmen der Kontrolle wurde ein 20-j\u00e4hriger PKW Fahrer kontrolliert. Bei dem Fahrer konnten drogentypische Auffallerscheinungen festgestellt werden. Ein durchgef\u00fchrter Drogenschnelltest verlief positiv. Dem Mann wurde auf der Dienststelle eine Blutprobe entnommen. Weiter wurde festgestellt, dass der F\u00fchrerschein des Fahrers zur Fahndung ausgeschrieben ist, da die Fahrerlaubnis entzogen wurde. Der F\u00fchrerschein wurde sichergestellt und der PKW Schl\u00fcssel einer Bekannten des Mannes \u00fcbergeben. Gegen den 20-J\u00e4hrigen wird wegen des Fahrens ohne Fahrerlaubnis, sowie wegen einer Ordnungswidrigkeit (\u00a724a StVG) ermittelt.<\/p>\n\n\n\n<h2 class=\"wp-block-heading\">(Waldsee) &#8211; Unbekannte Radfahrerin fl\u00fcchtet nach Unfall<\/h2>\n\n\n\n<p>Am Sonntagnachmittag, gegen 15:55 Uhr, fuhr eine 19-j\u00e4hrige Radfahrerin den Radweg parallel zur K13 von Waldsee in Richtung Altrip. Hierbei kam der Frau vermutlich eine Radfahrerin aus Richtung Altrip entgegen. In H\u00f6he eines Restaurants im Bereich des Campingplatzes &#8222;Auf der Au&#8220; stie\u00dfen die Fahrr\u00e4der zusammen, sodass die 19-J\u00e4hrige st\u00fcrzte und sich leicht verletzte. Die Wunde wurde durch den Rettungsdienst vor Ort versorgt. Die unbekannte Radfahrerin setzte ihre Fahrt fort. Zeugen, die Angaben zu dem Unfallgeschehen geben k\u00f6nnen, werden gebeten, sich mit der Polizeiinspektion Schifferstadt unter 06235 495-0 oder\u00a0<a href=\"mailto:pischifferstadt@polizei.rlp.de\">pischifferstadt@polizei.rlp.de<\/a>\u00a0in Verbindung zu setzen.<\/p>\n\n\n\n<h2 class=\"wp-block-heading\">(Schifferstadt) &#8211; Kleinkind in PKW eingeschlossen<\/h2>\n\n\n\n<p>Am Dienstagmittag, gegen 12:50 Uhr, wurde der Polizei ein Kleinkind in einem PKW auf einem Supermarktparkplatz im Waldspitzweg mitgeteilt. Vor Ort konnte die Mutter angetroffen werden. Durch diese wurde versehentlich der PKW verschlossen, der Schl\u00fcssel lag jedoch im PKW. Zur Befreiung des Kleinkinds wurde durch die Beamten die Seitenscheibe mittels eines Rettungstools besch\u00e4digt und das Kind wohlbehalten seiner Mutter \u00fcbergeben.<\/p>\n\n\n\n<h2 class=\"wp-block-heading\">(Schifferstadt) &#8211; Radfahrer durch \u00f6ffnende Autot\u00fcr verletzt<\/h2>\n\n\n\n<p>Am Dienstagmorgen, gegen 10:15 Uhr, \u00f6ffnete ein PKW Fahrer nach dem Parken des Fahrzeugs in der Hans-Purrmann-Stra\u00dfe die Fahrert\u00fcr. Da der Mann nicht auf den nachfolgenden Verkehr achtete, stie\u00df ein Radfahrer gegen die Fahrert\u00fcr. Durch den Sturz verletzte sich der Radfahrer leicht und wurde in ein Krankenhaus verbracht. Die Fahrert\u00fcr, als auch das Fahrrad wurden besch\u00e4digt. Ein Ermittlungsverfahren wurde gegen den Fahrer eingeleitet.<\/p>\n\n\n\n<h2 class=\"wp-block-heading\">(Schifferstadt) &#8211; Unfall mit Hund<\/h2>\n\n\n\n<p>Am Montagabend, gegen 21:55 Uhr, schob ein 13-j\u00e4hriges Kind einen E-Scooter auf dem Gehweg in der Friedhofstra\u00dfe. Zugleich f\u00fchrte das Kind einen Hund an der Leine. Beim Laufen verfing sich die Hundeleine im Vorderrad des E-Scooters, sodass sich das Hundegeschirr l\u00f6ste und der Hund auf die Fahrbahn lief. In diesem Moment passierte ein PKW die \u00d6rtlichkeit und stie\u00df mit dem Hund zusammen. Der Hund erlag noch vor Ort seinen Verletzungen. An dem PKW entstand kein Sachschaden.<\/p>\n\n\n\n<h2 class=\"wp-block-heading\">(Birkenheide) &#8211; Verkehrsunfallflucht unter Alkoholeinfluss durch Radfahrer<\/h2>\n\n\n\n<p>Ein 20-j\u00e4hriger Mann aus Birkenheide befuhr am 01.08.2022, gegen 00.30 Uhr, die Eyersheimer Stra\u00dfe vom Heideweg kommend mit seinem Fahrrad. Aufgrund seiner Alkoholisierung kollidierte er in H\u00f6he der Hausnummer 26 mit einem am Stra\u00dfenrand abgeparkten Pkw. Hierbei wurde die Heckscheibe des Pkw zerst\u00f6rt, der 20-J\u00e4hrige erlitt eine Kopfplatzwunde und Absch\u00fcrfungen an den H\u00e4nden. Nach dem Zusammensto\u00df fl\u00fcchtete er zu Fu\u00df in Richtung seiner Wohnanschrift in Birkenheide, wo er durch die eingesetzte Streife angetroffen werden konnte. Aufgrund seiner Verletzungen wurde er durch den Rettungsdienst in ein Krankenhaus gebracht, wo ihm auch eine Blutprobe entnommen wurde. Gegen ihn wurde ein Strafverfahren eingeleitet. Der Schaden wird auf etwa 800 Euro gesch\u00e4tzt.<\/p>\n\n\n\n<p>Zeugen werden gebeten sich an die Polizeiinspektion Frankenthal unter der Tel.-Nr.: 06233\/313-0 oder an die Polizeiwache Maxdorf unter der Tel.-Nr.: 06237\/934-1100 zu wenden. Gerne nehmen wir Ihre Hinweise auch per E-Mail unter\u00a0<a href=\"mailto:pifrankenthal@polizei.rlp.de\">pifrankenthal@polizei.rlp.de<\/a>\u00a0entgegen.<\/p>\n\n\n\n<h2 class=\"wp-block-heading\">(B\u00f6hl-Iggelheim) &#8211; Betrunkener Autofahrer<\/h2>\n\n\n\n<p>Am 31.07.2022, gegen 18:00 Uhr, wurde ein 36-j\u00e4hriger PKW-Fahrer in der Stra\u00dfe &#8222;Am Schwarzweiher&#8220; einer Verkehrskontrolle unterzogen. Bereits zu Beginn der Kontrolle konnte bei dem Mann Alkoholgeruch wahrgenommen werden. Ein Atemalkoholtest ergab einen Wert von 2,1 Promille. Zwecks Durchf\u00fchrung einer Blutprobe wurde der Fahrer auf die Dienststelle gebracht. Der Fahrzeugschl\u00fcssel wurde sichergestellt und ein Ermittlungsverfahren wegen Trunkenheit im Verkehr eingeleitet.<\/p>\n\n\n\n<h2 class=\"wp-block-heading\">(Dudenhofen) &#8211; Verkehrsunfall mit hohem Sachschaden<\/h2>\n\n\n\n<p>Am Sonntag, den 31.07.2022, gegen 14:45 Uhr befuhr eine 50-j\u00e4hrige PKW-Fahrerin die Iggelheimer Stra\u00dfe in Fahrtrichtung des Schulzentrums. Hierbei hielt sie aufgrund eines entgegenkommenden Fahrzeugs hinter einem am rechten Fahrbahnrand geparkten PKW an. Als die 50-J\u00e4hrige wieder anfuhr, sch\u00e4tzte sie den Seitenabstand zum geparkten Fahrzeug falsch ein und kollidierte mit dessen Heck. Sie schob den PKW auf zwei davor parkende PKW und verursachte hierdurch einen Gesamtschaden in H\u00f6he von ca. 22.000 Euro an allen PKW. Ihr eigener PKW war nicht mehr fahrbereit und musste abgeschleppt werden. Die weiteren PKW waren fahrbereit. Die hinzugerufene Polizeistreife leitete ein Ordnungswidrigkeitsverfahren gegen die 50-J\u00e4hrige ein.<\/p>\n\n\n\n<h2 class=\"wp-block-heading\">(R\u00f6merberg-Berghausen) &#8211; Unfall mit verletztem Fahrradfahrer in Berghausen<\/h2>\n\n\n\n<p>Am Montag, den 01.08.2022, gegen 06:45 Uhr befuhr ein 85-j\u00e4hriger PKW-Fahrer die Germersheimer Stra\u00dfe und bog an der Gabelung nach links in die Bergh\u00e4user Stra\u00dfe ab. Hierbei \u00fcbersah er einen 32-j\u00e4hrigen Fahrradfahrer, der ihm auf der Germersheimer Stra\u00dfe entgegenkam. Der 85-J\u00e4hrige missachtete dessen Vorrang und beide Fahrzeuge kollidierten. Infolgedessen zog sich der Radfahrer Sch\u00fcrfwunden an Schienbein und Ellenbogen sowie eine Schulterverletzung zu. Der 32-J\u00e4hrige wurde in ein Krankenhaus verbracht. Am Fahrrad entstand Sachschaden in H\u00f6he von ca. 100 Euro. Am PKW entstand Sachschaden in H\u00f6he von ca. 1.500 Euro.<\/p>\n\n\n\n<h2 class=\"wp-block-heading\">(R\u00f6merberg &amp; Harthausen) &#8211; Kleinere Fl\u00e4chenbr\u00e4nde, Tatverd\u00e4chtige gesucht!<\/h2>\n\n\n<div class=\"wp-block-image\">\n<figure class=\"aligncenter size-full\"><img decoding=\"async\" loading=\"lazy\" width=\"500\" height=\"584\" src=\"https:\/\/speyer24news.com\/wp-content\/uploads\/2022\/08\/Brandstiftung.jpg\" alt=\"\" class=\"wp-image-47791\" srcset=\"https:\/\/speyer24news.com\/wp-content\/uploads\/2022\/08\/Brandstiftung.jpg 500w, https:\/\/speyer24news.com\/wp-content\/uploads\/2022\/08\/Brandstiftung-257x300.jpg 257w\" sizes=\"(max-width: 500px) 100vw, 500px\" \/><\/figure><\/div>\n\n\n<p>Am Dienstag, den 02.08.2022, um 11 Uhr entz\u00fcndete sich eine trockene Stelle auf einem Feld am Sch\u00e4ferweiher in der N\u00e4he des Bergh\u00e4user Altrheins. Die Feuerwehr R\u00f6merberg l\u00f6schte das Feuer. Die hinzugezogene Polizeistreife stellte keine Anhaltspunkte f\u00fcr ein Fremdverschulden fest.<\/p>\n\n\n\n<p>Um 18:30 Uhr brannte eine ca. 2 qm gro\u00dfe Grasfl\u00e4che neben einem Feldweg am Ortseingang Harthausen, nahe eines gro\u00dfen Gem\u00fcsebetriebs. Ein Zeuge konnte das Feuer austreten. Er hatte zuvor drei Kinder auf den Feldwegen bemerkt, die auch auf die \u00c4cker gingen. Die Kinder kann er nicht n\u00e4her beschreiben. Sie k\u00f6nnten mit dem Feuer in Zusammenhang stehen. Neben der Brandstelle fand die Polizeistreife zwei Dosen Feuerzeugbenzin sowie ein Feuerzeug auf und stellte die Gegenst\u00e4nde sicher. Au\u00dferdem fanden sich Brandspuren auch an zwei weiteren Stellen auf naheliegenden Feldern. Ein Strafverfahren wegen Brandstiftung wurde eingeleitet.<\/p>\n\n\n\n<p>Ein Sachschaden an Geb\u00e4uden oder Anlagen ist in beiden F\u00e4llen nicht entstanden.<\/p>\n\n\n\n<p>Wer hat etwas beobachtet oder kann in sonstiger Weise sachdienliche Hinweise zu den Tatverd\u00e4chtigen oder dem Tatgeschehen machen? Wer erkennt die sichergestellten Gegenst\u00e4nde (siehe Bild) wieder und kann sie einem Besitzer zuordnen? Zeugenhinweise nimmt die Polizei Speyer unter der Tel. 06232-1370 oder per E-Mail an&nbsp;<a href=\"mailto:pispeyer@polizei.rlp.de\">pispeyer@polizei.rlp.de<\/a>&nbsp;entgegen.<\/p>\n\n\n\n<h2 class=\"wp-block-heading\">(Harthausen) &#8211; Brand eines Einfamilienhauses<\/h2>\n\n\n\n<h3 class=\"wp-block-heading\">Nachtrag zu Pressemeldung vom 23.07.2022:\u00a0<a href=\"https:\/\/s.rlp.de\/uuiS2\" target=\"_blank\" rel=\"noreferrer noopener\">https:\/\/s.rlp.de\/uuiS2<\/a><a href=\"https:\/\/www.facebook.com\/sharer.php?u=https%3A%2F%2Fwww.presseportal.de%2Fblaulicht%2Fpm%2F117696%2F5287318%2F%3Futm_source%3Dfacebook%26utm_medium%3Dsocial\"><\/a><a href=\"https:\/\/twitter.com\/intent\/tweet?text=POL-PPRP%3A%20Brand%20eines%20Einfamilienhauses%20-%20Nachtragsmeldung&amp;url=https%3A%2F%2Fwww.presseportal.de%2Fblaulicht%2Fpm%2F117696%2F5287318%2F%3Futm_source%3Dtwitter%26utm_medium%3Dsocial&amp;hashtags=ots&amp;lang=de\"><\/a><a href=\"https:\/\/web.whatsapp.com\/send?text=POL-PPRP%3A%20Brand%20eines%20Einfamilienhauses%20-%20Nachtragsmeldung%0A%0Ahttps%3A%2F%2Fwww.presseportal.de%2Fblaulicht%2Fpm%2F117696%2F5287318%2F%3Futm_source%3Dwhatsapp%26utm_medium%3Dsocial\"><\/a><a href=\"https:\/\/www.xing.com\/app\/user?op=share;url=https%3A%2F%2Fwww.presseportal.de%2Fblaulicht%2Fpm%2F117696%2F5287318%2F%3Futm_source%3Dxing%26utm_medium%3Dsocial\"><\/a><a href=\"http:\/\/www.linkedin.com\/shareArticle?mini=true&amp;url=https%3A%2F%2Fwww.presseportal.de%2Fblaulicht%2Fpm%2F117696%2F5287318%2F%3Futm_source%3Dlinkedin%26utm_medium%3Dsocial&amp;title=POL-PPRP%3A+Brand+eines+Einfamilienhauses+-+Nachtragsmeldung\"><\/a><a href=\"mailto:?subject=POL-PPRP%3A%20Brand%20eines%20Einfamilienhauses%20-%20Nachtragsmeldung&amp;body=https:\/\/www.presseportal.de\/blaulicht\/pm\/117696\/5287318\"><\/a><\/h3>\n\n\n\n<h3 class=\"wp-block-heading\">Gemeinsame Pressemitteilung der Staatsanwaltschaft Frankenthal\/Pfalz und des Polizeipr\u00e4sidiums Rheinpfalz<\/h3>\n\n\n<div class=\"wp-block-image\">\n<figure class=\"aligncenter size-full\"><img decoding=\"async\" loading=\"lazy\" width=\"800\" height=\"533\" src=\"https:\/\/speyer24news.com\/wp-content\/uploads\/2021\/02\/candle-2038736_1920.jpg\" alt=\"\" class=\"wp-image-33582\" srcset=\"https:\/\/speyer24news.com\/wp-content\/uploads\/2021\/02\/candle-2038736_1920.jpg 800w, https:\/\/speyer24news.com\/wp-content\/uploads\/2021\/02\/candle-2038736_1920-300x200.jpg 300w, https:\/\/speyer24news.com\/wp-content\/uploads\/2021\/02\/candle-2038736_1920-768x512.jpg 768w\" sizes=\"(max-width: 800px) 100vw, 800px\" \/><\/figure><\/div>\n\n\n<p>Nach dem Brand eines Einfamilienhauses am 23.07.2022 in Harthausen haben die Staatsanwaltschaft Frankenthal und die Kriminalpolizei Ludwigshafen die Ermittlungen aufgenommen. Im Auftrag der Staatsanwaltschaft wurde der Brandort durch einen Brandsachverst\u00e4ndigen und Brandermittler der Kriminalpolizei untersucht. Hinweise auf ein vors\u00e4tzliches in Brand setzen haben sich bisher nicht ergeben. Nach derzeitigem Stand der Ermittlungen k\u00f6nnte ein technischer Defekt urs\u00e4chlich f\u00fcr den Brand gewesen sein. Durch den Brand entstand ein Schaden in H\u00f6he von rund 300.000,- Euro.<\/p>\n\n\n\n<p>Bei den Verstorbenen handelte es sich um die beiden 78-j\u00e4hrigen Bewohner des Hauses. Die durchgef\u00fchrten Obduktionen ergaben eine Kohlenmonoxidvergiftung durch Rauchgasinhalation, in Verbindung mit Verbrennungen, als Todesursache. Hinweise auf ein Verschulden Dritter liegen derzeit nicht vor.<\/p>\n\n\n\n<h2 class=\"wp-block-heading\">(Schwegenheim) &#8211; Unkrautbeseitigung l\u00f6st Brand aus<\/h2>\n\n\n\n<p>So hatte sich der Mann sein Vorhaben nicht vorgestellt. Am Montagmittag gegen 12 Uhr versuchte ein Mann aus Schwegenheim sein Unkraut mittels eines Bunsenbrenners zu entfernen. Dabei griffen Funken auf einen angrenzenden Strauch sowie ein Wohnhaus \u00fcber. Der Mann l\u00f6schte den Brand bereits vor dem Eintreffen der Feuerwehr. Am Strauch sowie am Haus entstand ein Sachschaden in unbekannter H\u00f6he.<\/p>\n\n\n\n<p>Die Beamten leiteten ein Strafverfahren wegen fahrl\u00e4ssiger Brandstiftung ein.<\/p>\n\n\n\n<h2 class=\"wp-block-heading\">(Westheim) &#8211; Geschwindigkeitskontrollen mit erfreulichem Ergebnis<\/h2>\n\n\n\n<p>Am Vormittag des 01.08.22 f\u00fchrte die Polizei Germersheim aufgrund von B\u00fcrgerbeschwerden Laserkontrollen in der Beethovenstra\u00dfe in Westheim durch. Bei erlaubten 30 km\/h und einem normalen Verkehrsaufkommen konnten keine Verst\u00f6\u00dfe festgestellt werden. Die gemessene H\u00f6chstgeschwindigkeit betrug 33 km\/h.<\/p>\n\n\n\n<h2 class=\"wp-block-heading\">(Germersheim) &#8211; Mann besch\u00e4digt Pkw und bedroht Besitzer<\/h2>\n\n\n<div class=\"wp-block-image\">\n<figure class=\"aligncenter size-full\"><img decoding=\"async\" loading=\"lazy\" width=\"800\" height=\"533\" src=\"https:\/\/speyer24news.com\/wp-content\/uploads\/2021\/10\/Festnahme-Handschellen.jpg\" alt=\"\" class=\"wp-image-41224\" srcset=\"https:\/\/speyer24news.com\/wp-content\/uploads\/2021\/10\/Festnahme-Handschellen.jpg 800w, https:\/\/speyer24news.com\/wp-content\/uploads\/2021\/10\/Festnahme-Handschellen-300x200.jpg 300w, https:\/\/speyer24news.com\/wp-content\/uploads\/2021\/10\/Festnahme-Handschellen-768x512.jpg 768w\" sizes=\"(max-width: 800px) 100vw, 800px\" \/><figcaption>Beispielbild Handschelle \/ Verhaftung, dient lediglich der Visualisierung<\/figcaption><\/figure><\/div>\n\n\n<p>Am Dienstagabend wurden die Beamten der Polizeiinspektion Germersheim zu einem au\u00dfergew\u00f6hnlichen Einsatz gerufen. Als ein 42-j\u00e4hriger Autofahrer gerade sein Fahrzeug parkte, lief unvermittelt eine ihm unbekannte Person an sein Auto, besch\u00e4digte die Beifahrert\u00fcr und bedrohte ihn. Die Polizei nahm den 32-J\u00e4hrigen in Gewahrsam und brachte ihn aufgrund seines psychischen Ausnahmezustands in ein Krankenhaus. Die Hintergr\u00fcnde der Tat sind jetzt Gegenstand der eingeleiteten Ermittlungen.<\/p>\n\n\n\n<h2 class=\"wp-block-heading\">(Germersheim) &#8211; Achtung Betrug!<\/h2>\n\n\n<div class=\"wp-block-image\">\n<figure class=\"aligncenter size-large\"><img decoding=\"async\" loading=\"lazy\" width=\"1024\" height=\"649\" src=\"https:\/\/speyer24news.com\/wp-content\/uploads\/2022\/04\/Geld-Betrug-Schockanruf-Rentner-1024x649.jpg\" alt=\"\" class=\"wp-image-44260\" srcset=\"https:\/\/speyer24news.com\/wp-content\/uploads\/2022\/04\/Geld-Betrug-Schockanruf-Rentner-1024x649.jpg 1024w, https:\/\/speyer24news.com\/wp-content\/uploads\/2022\/04\/Geld-Betrug-Schockanruf-Rentner-300x190.jpg 300w, https:\/\/speyer24news.com\/wp-content\/uploads\/2022\/04\/Geld-Betrug-Schockanruf-Rentner-768x487.jpg 768w, https:\/\/speyer24news.com\/wp-content\/uploads\/2022\/04\/Geld-Betrug-Schockanruf-Rentner.jpg 1280w\" sizes=\"(max-width: 1024px) 100vw, 1024px\" \/><figcaption>Beispielbild Schockanruf \/ Betrug, dient lediglich der Visualisierung<\/figcaption><\/figure><\/div>\n\n\n<p>Zu einem Betrug \u00fcber WhatsApp kam es am Dienstmittag in Germersheim. Die 61-j\u00e4hrige Gesch\u00e4digte erhielt eine Nachricht von ihrem angeblichen Sohn, in welcher er diese um Geld bat. Die Frau veranlasste daraufhin eine \u00dcberweisung \u00fcber 3000EUR. Erst als die Gesch\u00e4digte das Gespr\u00e4ch zu ihrem richtigen Sohn suchte, erkannte die Frau den Betrug und erstattete eine Anzeige. Die Polizei Germersheim hat die Ermittlungen aufgenommen.<\/p>\n\n\n\n<h2 class=\"wp-block-heading\">(B 9 \/ Germersheim) &#8211; Unfallverursacher fl\u00fcchtet<\/h2>\n\n\n\n<p>Am 01.08.22 kam es gegen 17:30 Uhr zu einer Verkehrsunfallflucht auf der B9, ca. einen Kilometer vor der Abfahrt Germersheim-Nord. Der oder die Beschuldigte war in Fahrtrichtung Karlsruhe unterwegs und \u00fcberholte einen Lkw. Beim Spurwechsel auf den \u00dcberholstreifen kam es dann zum Zusammensto\u00df mit einem dahinterfahrenden Pkw. Nach dem Vorfall entfernte sich das unfallverursachende Fahrzeug ohne Weiteres von der Unfallstelle.<\/p>\n\n\n\n<p>Sachdienliche Hinweise nimmt die Polizei Germersheim telefonisch unter 07274\/958-0 oder per E-Mail an\u00a0<a href=\"mailto:pigermersheim@polizei.rlp.de\">pigermersheim@polizei.rlp.de<\/a>\u00a0entgegen.<\/p>\n\n\n\n<h2 class=\"wp-block-heading\">(Germersheim) &#8211; Unfallflucht auf dem Kirchenplatz<\/h2>\n\n\n\n<p>Am 01.08.22 kam es zwischen 9 Uhr und 10:30 Uhr auf dem Kirchenplatz in Germersheim zu einer Verkehrsunfallflucht, bei der ein geparkter Pkw besch\u00e4digt wurde. Der oder die Verursacherin entfernte sich nach dem Vorfall unerlaubt von der Unfallstelle.<\/p>\n\n\n\n<p>Sachdienliche Hinweise nimmt die Polizei Germersheim telefonisch unter 07274\/958-0 oder per E-Mail an\u00a0<a href=\"mailto:pigermersheim@polizei.rlp.de\">pigermersheim@polizei.rlp.de<\/a>\u00a0entgegen.<\/p>\n\n\n\n<h2 class=\"wp-block-heading\">(R\u00fclzheim) &#8211; Brand an einer Waldbr\u00fccke<\/h2>\n\n\n\n<p>Am Sonntagnachmittag wurden die Beamten zu einem Brand in den Wald zwischen R\u00fclzheim und Rheinzabern gerufen, da es dort an einer Holzbr\u00fccke zu einer starken Rauchentwicklung gekommen sei. Die Feuerwehr l\u00f6schte den Brand. Die Ursache steht bislang nicht fest. An der Br\u00fccke entstand lediglich ein geringer Sachschaden. Hinweise auf eine Brandstiftung ergaben sich nicht.<\/p>\n\n\n\n<h2 class=\"wp-block-heading\">(Bad Bergzabern) &#8211; Aluminiumleiter entwendet<\/h2>\n\n\n\n<p>Am Samstagabend, 30.07.2022, gegen Mitternacht, wurde aus einem Vorgarten in der Oberen Berggasse, eine ausziehbare Aluminiumleiter entwendet. Zeugen des Diebstahls werden gebeten sich mit der Polizeiinspektion Bad Bergzabern unter 06343\/93340 oder&nbsp;<a href=\"mailto:pibadbergzabern@polizei.rlp.de\">pibadbergzabern@polizei.rlp.de<\/a>&nbsp;in Verbindung zu setzen.<\/p>\n\n\n\n<h2 class=\"wp-block-heading\">(Bad Bergzabern) &#8211; Unbekannter verspr\u00fcht Reizgas<\/h2>\n\n\n<div class=\"wp-block-image\">\n<figure class=\"aligncenter size-full\"><img decoding=\"async\" loading=\"lazy\" width=\"801\" height=\"600\" src=\"https:\/\/speyer24news.com\/wp-content\/uploads\/2020\/05\/Zeugen-gesucht-Neutral.jpg\" alt=\"\" class=\"wp-image-26598\" srcset=\"https:\/\/speyer24news.com\/wp-content\/uploads\/2020\/05\/Zeugen-gesucht-Neutral.jpg 801w, https:\/\/speyer24news.com\/wp-content\/uploads\/2020\/05\/Zeugen-gesucht-Neutral-300x225.jpg 300w, https:\/\/speyer24news.com\/wp-content\/uploads\/2020\/05\/Zeugen-gesucht-Neutral-768x575.jpg 768w, https:\/\/speyer24news.com\/wp-content\/uploads\/2020\/05\/Zeugen-gesucht-Neutral-678x509.jpg 678w, https:\/\/speyer24news.com\/wp-content\/uploads\/2020\/05\/Zeugen-gesucht-Neutral-326x245.jpg 326w, https:\/\/speyer24news.com\/wp-content\/uploads\/2020\/05\/Zeugen-gesucht-Neutral-80x60.jpg 80w\" sizes=\"(max-width: 801px) 100vw, 801px\" \/><\/figure><\/div>\n\n\n<p>Am Samstagabend, 30.07.2022, gegen 21:00 Uhr, liefen ein Mann und eine Frau auf H\u00f6he eines Juweliers in der Markstra\u00dfe, als sie pl\u00f6tzlich stark husten mussten. Zwei weitere Frau mussten ebenfalls husten und versp\u00fcrten zus\u00e4tzlich ein Brennen in den Augen. Aufgrund der Schilderungen muss davon ausgegangen werden, dass eine bislang unbekannte Person zuvor im Bereich des Juweliergesch\u00e4ftes Pfefferspray oder Reizgas verspr\u00fchte. Die beiden noch unbekannten gesch\u00e4digten Frauen werden gebeten sich bei der Polizei Bad Bergzabern oder jeder anderen Polizeidienststelle zu melden. Hinweise zu dem noch unbekannten T\u00e4ter nimmt die Polizeiinspektion Bad Bergzabern unter 06343\/93340 oder\u00a0<a href=\"mailto:pibadbergzabern@polizei.rlp.de\">pibadbergzabern@polizei.rlp.de<\/a>\u00a0entgegen.<\/p>\n\n\n\n<h2 class=\"wp-block-heading\">(Oberotterbach \/ Pleisweiler-Oberhofen) &#8211; Verkehrskontrollen<\/h2>\n\n\n\n<p>Am Dienstag, 02.08.2022, wurde das Durchfahrtsverbot im Baustellenbereich B38\/Oberotterbach und Pleisweiler-Oberhofen, \u00fcberwacht. 29 Fahrzeugf\u00fchrer mussten verwarnt werden, weil sie gegen das bestehende Durchfahrtsverbot verstie\u00dfen, 3 PKW-Fahrer hatten bei der Fahrt keinen Gurt angelegt.<\/p>\n\n\n\n<p>Die Polizeiinspektion Bad Bergzabern wird auch in den n\u00e4chsten Tagen dort entsprechende Kontrollen durchf\u00fchren.<\/p>\n\n\n\n<h2 class=\"wp-block-heading\">(Ilbesheim) &#8211; Bei Unfall mehrfach \u00fcberschlagen<\/h2>\n\n\n<div class=\"wp-block-image\">\n<figure class=\"aligncenter size-full\"><img decoding=\"async\" loading=\"lazy\" width=\"800\" height=\"600\" src=\"https:\/\/speyer24news.com\/wp-content\/uploads\/2022\/08\/IMG_3077.jpg\" alt=\"\" class=\"wp-image-47792\" srcset=\"https:\/\/speyer24news.com\/wp-content\/uploads\/2022\/08\/IMG_3077.jpg 800w, https:\/\/speyer24news.com\/wp-content\/uploads\/2022\/08\/IMG_3077-300x225.jpg 300w, https:\/\/speyer24news.com\/wp-content\/uploads\/2022\/08\/IMG_3077-768x576.jpg 768w, https:\/\/speyer24news.com\/wp-content\/uploads\/2022\/08\/IMG_3077-678x509.jpg 678w, https:\/\/speyer24news.com\/wp-content\/uploads\/2022\/08\/IMG_3077-326x245.jpg 326w, https:\/\/speyer24news.com\/wp-content\/uploads\/2022\/08\/IMG_3077-80x60.jpg 80w\" sizes=\"(max-width: 800px) 100vw, 800px\" \/><\/figure><\/div>\n\n\n<p>Eine verletzte Person und rund 70000 Euro Sachschaden sind die Folge eines Verkehrsunfalls am Sonntagabend gegen 22:30 Uhr zwischen Ilbesheim und Arzheim. Ein 74-j\u00e4hriger Autofahrer war auf der K 20 kurz nach dem Ortsausgang von Ilbesheim gegen ein, am Fahrbahnrand geparktes Auto gesto\u00dfen. Sein Auto hob dadurch ab, prallte gegen ein weiteres geparktes Auto und \u00fcberschlug sich in der Folge mehrfach. Der 74-J\u00e4hrige wurde zur Untersuchung in ein Krankenhaus gebracht. Ein Atemalkoholtest hatte bei ihm einen Wert von 0,33 Promille erbracht. Ein Strafverfahren wurde eingeleitet und sein F\u00fchrerschein sichergestellt. An allen drei Fahrzeugen entstand ein wirtschaftlicher Totalschaden. Die Fahrzeuge waren nicht mehr fahrbereit und mussten abgeschleppt werden.<\/p>\n\n\n\n<h2 class=\"wp-block-heading\">(Landau) &#8211; Widerstand gegen Polizeibeamte<\/h2>\n\n\n<div class=\"wp-block-image\">\n<figure class=\"aligncenter size-full\"><img decoding=\"async\" loading=\"lazy\" width=\"800\" height=\"533\" src=\"https:\/\/speyer24news.com\/wp-content\/uploads\/2021\/10\/Festnahme-Handschellen.jpg\" alt=\"\" class=\"wp-image-41224\" srcset=\"https:\/\/speyer24news.com\/wp-content\/uploads\/2021\/10\/Festnahme-Handschellen.jpg 800w, https:\/\/speyer24news.com\/wp-content\/uploads\/2021\/10\/Festnahme-Handschellen-300x200.jpg 300w, https:\/\/speyer24news.com\/wp-content\/uploads\/2021\/10\/Festnahme-Handschellen-768x512.jpg 768w\" sizes=\"(max-width: 800px) 100vw, 800px\" \/><figcaption>Beispielbild Handschelle \/ Verhaftung, dient lediglich der Visualisierung<\/figcaption><\/figure><\/div>\n\n\n<p>Am Dienstagabend, gegen 17:20 Uhr stie\u00df ein 33-j\u00e4hriger Radfahrer im Prie\u00dfnitzweg gegen eine Fu\u00dfg\u00e4ngerin und verletzte die Frau hierdurch leicht am Arm. Der Radfahrer st\u00fcrzte nach dem Zusammensto\u00df zu Boden und zog sich hierdurch mehrere blutende Wunden zu. Im Rahmen der Unfallaufnahme versuchte der 33-J\u00e4hrige, der augenscheinlich unter dem Einfluss von Alkohol stand, einen Polizeibeamten zu schlagen. Gegen die anschlie\u00dfende Festnahme wehrte er sich vehement, beleidigte die Polizeibeamten und versuchte auch den Notarzt zu treten. Zur weiteren Versorgung wurde er in ein Krankenhaus gebracht. Gegen den 33- J\u00e4hrigen wurden Strafverfahren, unter anderem wegen Stra\u00dfenverkehrsgef\u00e4hrdung und T\u00e4tlichen Angriffs auf Vollstreckungsbeamte, eingeleitet.<\/p>\n\n\n\n<h2 class=\"wp-block-heading\">(Landau) &#8211; K\u00f6rperverletzung \/ Zeugen gesucht<\/h2>\n\n\n<div class=\"wp-block-image\">\n<figure class=\"aligncenter size-full\"><img decoding=\"async\" loading=\"lazy\" width=\"800\" height=\"533\" src=\"https:\/\/speyer24news.com\/wp-content\/uploads\/2021\/11\/Schlaegerei.jpg\" alt=\"\" class=\"wp-image-42366\" srcset=\"https:\/\/speyer24news.com\/wp-content\/uploads\/2021\/11\/Schlaegerei.jpg 800w, https:\/\/speyer24news.com\/wp-content\/uploads\/2021\/11\/Schlaegerei-300x200.jpg 300w, https:\/\/speyer24news.com\/wp-content\/uploads\/2021\/11\/Schlaegerei-768x512.jpg 768w\" sizes=\"(max-width: 800px) 100vw, 800px\" \/><figcaption>Beispielbild Schl\u00e4gerei \/ K\u00f6rperverletzung, dient lediglich der Visualisierung<\/figcaption><\/figure><\/div>\n\n\n<p>Am vergangenen Freitag wurde ein 20-J\u00e4hriger aus Landau in der Ostbahnstra\u00dfe gegen 13:10 Uhr durch drei unbekannte T\u00e4ter angegriffen und durch mehrere Faustschl\u00e4ge ins Gesicht verletzt. T\u00e4terhinweise liegen nicht vor, die Hintergr\u00fcnde der Tat sind bislang unbekannt. Die Polizei bittet Zeugen, die Hinweise zu der Tat oder den T\u00e4tern geben k\u00f6nnen, sich telefonisch unter 06341\/2870 oder per Email an\u00a0<a href=\"mailto:pilandau@polizei.rlp.de\">pilandau@polizei.rlp.de<\/a>\u00a0bei der Polizei Landau zu melden.<\/p>\n\n\n\n<h2 class=\"wp-block-heading\">(Edenkoben) &#8211; Staubsaugerautomat an Tankstelle aufgebrochen<\/h2>\n\n\n\n<p>Im Zeitraum von Do., 28.07. bis Mo., 01.08., brachen bis dato unbekannte T\u00e4ter den Staubsaugerautomaten der OIL Tankstelle in Edenkoben (Staatsstr.) auf und entwendeten einen geringen Betrag. Verd\u00e4chtige Wahrnehmungen oder Hinweise k\u00f6nnen bei der Polizei Edenkoben unter Tel. 06323 9550 mitgeteilt werden.<\/p>\n\n\n\n<h2 class=\"wp-block-heading\">(Appenthal) &#8211; Betrunken mit Fahrzeug \u00fcberschlagen<\/h2>\n\n\n<div class=\"wp-block-image\">\n<figure class=\"aligncenter size-full\"><img decoding=\"async\" loading=\"lazy\" width=\"800\" height=\"540\" src=\"https:\/\/speyer24news.com\/wp-content\/uploads\/2022\/08\/VU_pressefrei.jpg\" alt=\"\" class=\"wp-image-47796\" srcset=\"https:\/\/speyer24news.com\/wp-content\/uploads\/2022\/08\/VU_pressefrei.jpg 800w, https:\/\/speyer24news.com\/wp-content\/uploads\/2022\/08\/VU_pressefrei-300x203.jpg 300w, https:\/\/speyer24news.com\/wp-content\/uploads\/2022\/08\/VU_pressefrei-768x518.jpg 768w\" sizes=\"(max-width: 800px) 100vw, 800px\" \/><\/figure><\/div>\n\n\n<p>Am 29.07.2022 gegen 16:30 Uhr kam es auf der L499 zwischen Appenthal und dem Wanderparkplatz &#8222;Ruine Breitenstein&#8220; zu einem schweren Verkehrsunfall. Die 28-j\u00e4hrige Unfallverursacherin befuhr mit ihrem Pkw die L499 in Fahrtrichtung Frankeneck. In einer Kurve verlor die Dame die Kontrolle \u00fcber ihr Fahrzeug und \u00fcberschlug sich. Der Pkw kam schlie\u00dflich neben der Fahrbahn auf dem Dach zum Liegen. Die Fahrerin konnte sich eigenst\u00e4ndig aus dem Wrack befreien und wurde nur leicht verletzt. Am Pkw entstand wirtschaftlicher Totalschaden. Fremdschaden entstand nach derzeitigem Ermittlungsstand nicht. Im Rahmen der Unfallaufnahme konnte bei der Fahrerin Atemalkoholgeruch festgestellt werden. Ein entsprechender Test ergab einen Wert von 1,12 Promille. Der Dame wurde eine Blutprobe entnommen. Ein Ermittlungsverfahren wegen Trunkenheit im Verkehr wurde eingeleitet. F\u00fcr die Bergung des Pkw musste die L499 kurzzeitig voll gesperrt werden.<\/p>\n\n\n\n<h2 class=\"wp-block-heading\">(Neustadt) &#8211; Vermeintlicher Unfall zwischen Pkw und Fu\u00dfg\u00e4ngerin<\/h2>\n\n\n\n<p>Am 31.07.2022 gegen 23:20 Uhr kam es an der Kreuzung Von-der-Tann-Stra\u00dfe\/Gartenstra\u00dfe m\u00f6glicherweise zu einem Verkehrsunfall zwischen einer Fu\u00dfg\u00e4ngerin und einer dunklen Limousine. Nach derzeitigem Ermittlungsstand betrat die 27-j\u00e4hrige Fu\u00dfg\u00e4ngerin den Kreuzungsbereich ohne auf den Fahrzeugverkehr zu achten. Dann k\u00f6nnte es zu einem Zusammensto\u00df mit einem abbiegenden Pkw gekommen sein. Ob es tats\u00e4chlich zu einem Kontakt zwischen Fahrzeug und Fu\u00dfg\u00e4ngerin kam, ist jedoch, genauso wie der genaue Unfallhergang, unklar. Die junge Frau stand zum Zeitpunkt der Unfallaufnahme unter Schock. Die Fu\u00dfg\u00e4ngerin wurde durch Rettungskr\u00e4fte zur Untersuchung in ein umliegendes Krankenhaus gebracht. Ob bzw. wie schwer die Frau verletzt wurde, ist derzeit noch unbekannt.<\/p>\n\n\n\n<p>Zeugenhinweise nimmt die Polizei Neustadt unter 06321 854-0 oder per Mail an\u00a0<a href=\"mailto:pineustadt@polizei.rlp.de\">pineustadt@polizei.rlp.de<\/a>\u00a0entgegen.<\/p>\n\n\n\n<h2 class=\"wp-block-heading\">(Ha\u00dfloch) &#8211; Brand<\/h2>\n\n\n<div class=\"wp-block-image\">\n<figure class=\"aligncenter size-full\"><img decoding=\"async\" loading=\"lazy\" width=\"800\" height=\"586\" src=\"https:\/\/speyer24news.com\/wp-content\/uploads\/2022\/08\/Hecke.jpeg\" alt=\"\" class=\"wp-image-47793\" srcset=\"https:\/\/speyer24news.com\/wp-content\/uploads\/2022\/08\/Hecke.jpeg 800w, https:\/\/speyer24news.com\/wp-content\/uploads\/2022\/08\/Hecke-300x220.jpeg 300w, https:\/\/speyer24news.com\/wp-content\/uploads\/2022\/08\/Hecke-768x563.jpeg 768w, https:\/\/speyer24news.com\/wp-content\/uploads\/2022\/08\/Hecke-80x60.jpeg 80w\" sizes=\"(max-width: 800px) 100vw, 800px\" \/><\/figure><\/div>\n\n\n<p>Nach dem Brand einer Hecke am Montagnachmittag (1. Aug, 14:45 Uhr), bei dem auch ein Auto und eine Holzh\u00fctte besch\u00e4digt wurden, sucht die Polizei Zeugen. Etwa 20 m einer Thujahecke gerieten am Hannah-Arend-Gymnasium in Brand. <\/p>\n\n\n<div class=\"wp-block-image\">\n<figure class=\"aligncenter size-full\"><img decoding=\"async\" loading=\"lazy\" width=\"800\" height=\"598\" src=\"https:\/\/speyer24news.com\/wp-content\/uploads\/2022\/08\/Gartenhaus.jpeg\" alt=\"\" class=\"wp-image-47794\" srcset=\"https:\/\/speyer24news.com\/wp-content\/uploads\/2022\/08\/Gartenhaus.jpeg 800w, https:\/\/speyer24news.com\/wp-content\/uploads\/2022\/08\/Gartenhaus-300x224.jpeg 300w, https:\/\/speyer24news.com\/wp-content\/uploads\/2022\/08\/Gartenhaus-768x574.jpeg 768w, https:\/\/speyer24news.com\/wp-content\/uploads\/2022\/08\/Gartenhaus-326x245.jpeg 326w, https:\/\/speyer24news.com\/wp-content\/uploads\/2022\/08\/Gartenhaus-80x60.jpeg 80w\" sizes=\"(max-width: 800px) 100vw, 800px\" \/><\/figure><\/div>\n\n\n<p>Ein Gartenhaus auf dem Schulgel\u00e4nde und ein in der D\u00fcrerstra\u00dfe geparkter Opel Singnum wurden durch die Hitze besch\u00e4digt. <\/p>\n\n\n<div class=\"wp-block-image\">\n<figure class=\"aligncenter size-full\"><img decoding=\"async\" loading=\"lazy\" width=\"800\" height=\"657\" src=\"https:\/\/speyer24news.com\/wp-content\/uploads\/2022\/08\/Auto.jpeg\" alt=\"\" class=\"wp-image-47795\" srcset=\"https:\/\/speyer24news.com\/wp-content\/uploads\/2022\/08\/Auto.jpeg 800w, https:\/\/speyer24news.com\/wp-content\/uploads\/2022\/08\/Auto-300x246.jpeg 300w, https:\/\/speyer24news.com\/wp-content\/uploads\/2022\/08\/Auto-768x631.jpeg 768w\" sizes=\"(max-width: 800px) 100vw, 800px\" \/><\/figure><\/div>\n\n\n<p>Die Polizei sch\u00e4tze den Schaden auf 6.000,- Euro. Hinweise bitte an die Polizei Ha\u00dfloch unter Tel. 06324 933-0 oder per E-Mail an\u00a0<a href=\"mailto:pihassloch@polizei.rlp.de\">pihassloch@polizei.rlp.de<\/a>.<\/p>\n\n\n\n<h2 class=\"wp-block-heading\">(A 65 bei Deidesheim) &#8211; Wohnmobil kippt um<\/h2>\n\n\n<div class=\"wp-block-image\">\n<figure class=\"aligncenter size-full\"><img decoding=\"async\" loading=\"lazy\" width=\"800\" height=\"600\" src=\"https:\/\/speyer24news.com\/wp-content\/uploads\/2022\/08\/UnfallWohnmobil01.jpg\" alt=\"\" class=\"wp-image-47797\" srcset=\"https:\/\/speyer24news.com\/wp-content\/uploads\/2022\/08\/UnfallWohnmobil01.jpg 800w, https:\/\/speyer24news.com\/wp-content\/uploads\/2022\/08\/UnfallWohnmobil01-300x225.jpg 300w, https:\/\/speyer24news.com\/wp-content\/uploads\/2022\/08\/UnfallWohnmobil01-768x576.jpg 768w, https:\/\/speyer24news.com\/wp-content\/uploads\/2022\/08\/UnfallWohnmobil01-678x509.jpg 678w, https:\/\/speyer24news.com\/wp-content\/uploads\/2022\/08\/UnfallWohnmobil01-326x245.jpg 326w, https:\/\/speyer24news.com\/wp-content\/uploads\/2022\/08\/UnfallWohnmobil01-80x60.jpg 80w\" sizes=\"(max-width: 800px) 100vw, 800px\" \/><\/figure><\/div>\n\n\n<p>Am Sonntagnachmittag (31.07., 15:25h), erlitt ein in Frankreich zugelassenes Wohnmobil auf der A 65, etwa in H\u00f6he der Abfahrt Deidesheim in Rtg. Lu., an einem seiner hinteren Reifen einen Schaden, in dessen Verlauf das Wohnmobil ins Schlingern kam und schlussendlich auf die Seite umkippte. Alle vier Insassen, darunter auch ein f\u00fcnf und ein sieben j\u00e4hriges Kind, erlitten zum Gl\u00fcck nur leichte Verletzungen und wurden zur Beobachtung in umliegende Krankenh\u00e4user eingeliefert. Am Wohnmobil entstand Totalschaden in H\u00f6he von etwa 10.000EUR. Die Fahrbahn war bis zur R\u00e4umung f\u00fcr 2 Std. voll gesperrt.<\/p>\n\n\n\n<h2 class=\"wp-block-heading\">(Bad D\u00fcrkheim) &#8211; Fahrt unter Alkoholeinwirkung<\/h2>\n\n\n\n<p>Am 02.08.2022 gegen 14:00 Uhr wurde ein Schlangenlinien fahrender Audi auf der B271 gemeldet, der mehrfach \u00fcber die Mittel-und Au\u00dfenlinie gefahren w\u00e4re. Da sich der Mitteiler einen Teil des Kennzeichens angeben konnte, wurde der verantwortliche Fahrer an seiner Wohnanschrift angetroffen und einer Kontrolle unterzogen. W\u00e4hrend der Kontrolle des 32-J\u00e4hrigen konnten die Polizeibeamten Atemalkoholgeruch feststellen. Ein freiwillig durchgef\u00fchrter Atemalkoholtest ergab einen Wert von 0,57 Promille. Da er gegen\u00fcber dem Blutprobenarzt angab daheim noch eine Schorle getrunken zu haben, wurde nach einer Wartezeit ein neuer Atemalkoholtest durchgef\u00fchrt. Dieser ergab schlie\u00dflich einen noch h\u00f6heren Wert von 0,6 Promille. Ihm wurde eine Blutprobe entnommen und sein F\u00fchrerschein sichergestellt. Gegen den Fahrer wird nun wegen F\u00fchren eines Kraftfahrzeuges unter Alkoholeinwirkung ermittelt.<\/p>\n\n\n\n<h2 class=\"wp-block-heading\">(Bad D\u00fcrkheim) &#8211; Mit Haftbefehl gesucht und Drogen mitgef\u00fchrt<\/h2>\n\n\n<div class=\"wp-block-image\">\n<figure class=\"aligncenter size-full\"><img decoding=\"async\" loading=\"lazy\" width=\"800\" height=\"600\" src=\"https:\/\/speyer24news.com\/wp-content\/uploads\/2019\/06\/Ausn\u00fcchterungszelle.jpg\" alt=\"\" class=\"wp-image-15212\" srcset=\"https:\/\/speyer24news.com\/wp-content\/uploads\/2019\/06\/Ausn\u00fcchterungszelle.jpg 800w, https:\/\/speyer24news.com\/wp-content\/uploads\/2019\/06\/Ausn\u00fcchterungszelle-300x225.jpg 300w, https:\/\/speyer24news.com\/wp-content\/uploads\/2019\/06\/Ausn\u00fcchterungszelle-768x576.jpg 768w, https:\/\/speyer24news.com\/wp-content\/uploads\/2019\/06\/Ausn\u00fcchterungszelle-678x509.jpg 678w, https:\/\/speyer24news.com\/wp-content\/uploads\/2019\/06\/Ausn\u00fcchterungszelle-326x245.jpg 326w, https:\/\/speyer24news.com\/wp-content\/uploads\/2019\/06\/Ausn\u00fcchterungszelle-80x60.jpg 80w\" sizes=\"(max-width: 800px) 100vw, 800px\" \/><figcaption>Beispielbild Zelle \/ Verhaftung, dient lediglich der Visualisierung<\/figcaption><\/figure><\/div>\n\n\n<p>Am 01.08.2022 gegen 20:00 Uhr konnten in der Karl R\u00e4der Allee in Bad D\u00fcrkheim, bei einer Personenkontrolle, Bet\u00e4ubungsmittel aufgefunden werden. Bei der Kontrolle einer 25-J\u00e4hrigen konnten in einer Umh\u00e4ngetasche ein Joint, Cannabisbl\u00fcten und Amfetamin festgestellt und sichergestellt werden. Ein freiwilliger Atemalkoholtest ergab einen Wert von 0,71 Promille. Ein durchgef\u00fchrter Drogenvortest reagierte positiv auf Cannabis, Amphetamin und Kokain. Bei der \u00dcberpr\u00fcfung ihrer Personalien konnte weiterhin festgestellt werden, dass die 25-J\u00e4hrige mit zwei Haftbefehlen gesucht wurde. Da sie die jeweiligen offenstehenden Geldbetr\u00e4ge nicht zahlen konnte, wurde sie in eine Justizvollzugsanstalt verbracht. Gegen die 25-J\u00e4hrige, die keine Angaben zur Herkunft der Bet\u00e4ubungsmittel machen wollte, wird nun wegen dem Versto\u00df gegen das Bet\u00e4ubungsmittelgesetz ermittelt.<\/p>\n\n\n\n<h2 class=\"wp-block-heading\">(Erpolzheim) &#8211; Verkehrsunfallflucht, Gest\u00e4nge abgerissen<a href=\"https:\/\/www.facebook.com\/sharer.php?u=https%3A%2F%2Fwww.presseportal.de%2Fblaulicht%2Fpm%2F117687%2F5287641%2F%3Futm_source%3Dfacebook%26utm_medium%3Dsocial\"><\/a><a href=\"https:\/\/twitter.com\/intent\/tweet?text=POL-PDNW%3A%20%28Erpolzheim%29%20-%20Verkehrsunfallflucht%2C%20Gest%C3%A4nge%20abgerissen&amp;url=https%3A%2F%2Fwww.presseportal.de%2Fblaulicht%2Fpm%2F117687%2F5287641%2F%3Futm_source%3Dtwitter%26utm_medium%3Dsocial&amp;hashtags=ots&amp;lang=de\"><\/a><a href=\"https:\/\/web.whatsapp.com\/send?text=POL-PDNW%3A%20%28Erpolzheim%29%20-%20Verkehrsunfallflucht%2C%20Gest%C3%A4nge%20abgerissen%0A%0Ahttps%3A%2F%2Fwww.presseportal.de%2Fblaulicht%2Fpm%2F117687%2F5287641%2F%3Futm_source%3Dwhatsapp%26utm_medium%3Dsocial\"><\/a><a href=\"https:\/\/www.xing.com\/app\/user?op=share;url=https%3A%2F%2Fwww.presseportal.de%2Fblaulicht%2Fpm%2F117687%2F5287641%2F%3Futm_source%3Dxing%26utm_medium%3Dsocial\"><\/a><a href=\"http:\/\/www.linkedin.com\/shareArticle?mini=true&amp;url=https%3A%2F%2Fwww.presseportal.de%2Fblaulicht%2Fpm%2F117687%2F5287641%2F%3Futm_source%3Dlinkedin%26utm_medium%3Dsocial&amp;title=POL-PDNW%3A+%28Erpolzheim%29+-+Verkehrsunfallflucht%2C+Gest%C3%A4nge+abgerissen\"><\/a><a href=\"mailto:?subject=POL-PDNW%3A%20%28Erpolzheim%29%20-%20Verkehrsunfallflucht%2C%20Gest%C3%A4nge%20abgerissen&amp;body=https:\/\/www.presseportal.de\/blaulicht\/pm\/117687\/5287641\"><\/a><\/h2>\n\n\n\n<p>Am 01.08.2022 gegen 14:00 Uhr wurde ein Metallbogengest\u00e4nge in der Von Mauerer Stra\u00dfe in Erpolzheim besch\u00e4digt. Ein bislang unbekannter Verkehrsteilnehmer besch\u00e4digte ein \u00fcber der Stra\u00dfe, f\u00fcr den Rebenwuchs, angebrachtes Metallbogengest\u00e4nge und entfernte sich anschlie\u00dfend unerlaubt von der Unfallstelle. Vermutlich handelte es sich um einen Schlepper mit Anh\u00e4nger oder angeh\u00e4ngtem Arbeitsger\u00e4t. Leider konnte der Gesch\u00e4digte nur einen lauten Knall h\u00f6ren, bis er auf der Stra\u00dfe war hatte sich der Verursacher bereits entfernt. Am Metallgest\u00e4nge und an den Hausfassaden von 2 Wohnh\u00e4usern entstand ein Sachschaden in H\u00f6he von 1000EUR. Es liegen keinerlei Hinweise auf den Unfallverursacher vor. Die Polizei Bad D\u00fcrkheim bittet um Hinweise unter 06322 963 0 oder per E-Mail an\u00a0<a href=\"mailto:pibadduerkheim@polizei.rlp.de\">pibadduerkheim@polizei.rlp.de<\/a><\/p>\n\n\n\n<h2 class=\"wp-block-heading\">(Lambsheim) &#8211; Z\u00fcndelei auf Lambsheimer Streuobstwiese \/ Zeugen gesucht<\/h2>\n\n\n<div class=\"wp-block-image\">\n<figure class=\"aligncenter size-full\"><img decoding=\"async\" loading=\"lazy\" width=\"800\" height=\"568\" src=\"https:\/\/speyer24news.com\/wp-content\/uploads\/2022\/08\/Brandflaeche.jpeg\" alt=\"\" class=\"wp-image-47798\" srcset=\"https:\/\/speyer24news.com\/wp-content\/uploads\/2022\/08\/Brandflaeche.jpeg 800w, https:\/\/speyer24news.com\/wp-content\/uploads\/2022\/08\/Brandflaeche-300x213.jpeg 300w, https:\/\/speyer24news.com\/wp-content\/uploads\/2022\/08\/Brandflaeche-768x545.jpeg 768w\" sizes=\"(max-width: 800px) 100vw, 800px\" \/><\/figure><\/div>\n\n\n<p>Am Samstag, den 30.07.2022 kam es in Lambsheim zu einem Fl\u00e4chenbrand auf einer Streuobstwiese im Bereich zwischen der Bollwerkstra\u00dfe und der K2. Ein Spazierg\u00e4nger mit Hund sah von weitem zwei Kinder, die in dem hohen Gras z\u00fcndelten. Einer hatte noch versucht, das bereits au\u00dfer Kontrolle geratene Feuer mit seinem schwarzen Pullover auszuschlagen.<\/p>\n\n\n\n<p>Nachdem die Kinder den Spazierg\u00e4nger sahen, flohen sie \u00fcber einen Entw\u00e4sserungsgraben zur Bollwerkstra\u00dfe und dann in unbekannte Richtung. Nur durch das fr\u00fchzeitige Alarmieren der Feuerwehr durch den Spazierg\u00e4nger, konnte ein Gro\u00dfbrand verhindert werden. Letztlich wurden dann &#8222;nur&#8220; ca. 350 Quadratmeter Wiese verbrannt.<\/p>\n\n\n\n<p>Im Rahmen der Fahndung konnten die fl\u00fcchtenden Kinder nicht mehr angetroffen werden. <\/p>\n\n\n\n<h4 class=\"wp-block-heading\">Es soll sich dabei um:<\/h4>\n\n\n\n<ul><li><strong>zwei Jungs <\/strong><\/li><li><strong>zwischen 12 und 14 Jahren handeln. <\/strong><\/li><li><strong>Einer hatte blondes, etwas l\u00e4ngeres Haar und trug ein wei\u00dfes T-Shirt. <\/strong><\/li><li><strong>Der andere Junge mit dem schwarzen Pullover hatte dunkles Haar.<\/strong><\/li><\/ul>\n\n\n\n<p>Wer kennt die Kinder? Zeugen werden gebeten, sich mit der Polizeiwache Maxdorf unter 06237 \/ 934 &#8211; 1100 oder der Polizeiinspektion Frankenthal unter 06233 \/ 3130 in Verbindung zu setzen.<\/p>\n\n\n\n<h4 class=\"wp-block-heading\">Achten Sie gerade in den Sommermonaten auch auf folgende Verhaltensregeln.<\/h4>\n\n\n\n<ul><li><strong>Kein offenes Feuer im Wald oder Waldn\u00e4he anz\u00fcnden.<\/strong><\/li><li><strong>Lassen Sie keine Glasflaschen oder Glasscherben im Wald oder auf Feldern und Wiesen liegen (Brennglaseffekt).<\/strong><\/li><li><strong>Keine brennenden oder glimmenden Gegenst\u00e4nde (z.B.  Zigarettenkippen) wegwerfen.<\/strong><\/li><li><strong>Grillen nur auf ausgewiesenen Grillpl\u00e4tzen.<\/strong><\/li><\/ul>\n\n\n\n<p>Wer sachdienliche Hinweise zu dem genannten Fall geben kann, wird gebeten sich mit der Polizeiwache Maxdorf unter der Rufnummer 06237 \/ 934-1100 in Verbindung zu setzen. Hinweise k\u00f6nnen auch per E-Mail unter&nbsp;<a href=\"mailto:pwmaxdorf@polizei.rlp.de\">pwmaxdorf@polizei.rlp.de<\/a>&nbsp;\u00fcbermittelt werden.<\/p>\n\n\n\n<h2 class=\"wp-block-heading\">(G\u00f6nnheim) &#8211; Verkehrsunfallflucht, Zaun besch\u00e4digt<\/h2>\n\n\n\n<p>Am 22.07.2022 gegen 12:00 Uhr wurde der Zaun eines Anwesens im Paul M\u00fcnsch Weg in G\u00f6nnheim besch\u00e4digt. Ein bislang unbekannter Verkehrsteilnehmer besch\u00e4digte beim Rangieren den Zaun und entfernte sich anschlie\u00dfend unerlaubt von der Unfallstelle. Es entstand ein Sachschaden in H\u00f6he von 600EUR. Es liegen keinerlei Hinweise auf den Unfallverursacher vor. Die Polizei Bad D\u00fcrkheim bittet um Hinweise unter 06322 963 0 oder per E-Mail an\u00a0<a href=\"mailto:pibadduerkheim@polizei.rlp.de\">pibadduerkheim@polizei.rlp.de<\/a><\/p>\n\n\n\n<h2 class=\"wp-block-heading\">(Pr\u00e4sidialbereich Rheipfalz) &#8211; F\u00fcr sichere Ferien<\/h2>\n\n\n<div class=\"wp-block-image\">\n<figure class=\"aligncenter size-full\"><img decoding=\"async\" loading=\"lazy\" width=\"800\" height=\"445\" src=\"https:\/\/speyer24news.com\/wp-content\/uploads\/2022\/08\/TwitterFerientippsNA.jpg\" alt=\"\" class=\"wp-image-47799\" srcset=\"https:\/\/speyer24news.com\/wp-content\/uploads\/2022\/08\/TwitterFerientippsNA.jpg 800w, https:\/\/speyer24news.com\/wp-content\/uploads\/2022\/08\/TwitterFerientippsNA-300x167.jpg 300w, https:\/\/speyer24news.com\/wp-content\/uploads\/2022\/08\/TwitterFerientippsNA-768x427.jpg 768w\" sizes=\"(max-width: 800px) 100vw, 800px\" \/><\/figure><\/div>\n\n\n<p>In Rheinland-Pfalz sind Sommerferien. Egal ob Sie verreisen oder zu Hause die Ferien genie\u00dfen, insbesondere bei Freizeitaktivit\u00e4ten profitieren Diebe von arglosem und unvorsichtigem Verhalten.<\/p>\n\n\n\n<h4 class=\"wp-block-heading\">Beachten Sie daher die Tipps Ihrer Polizei, um sich vor Dieben zu sch\u00fctzen:<\/h4>\n\n\n\n<ul><li><strong>Tragen Sie Wertsachen immer eng am K\u00f6rper, am besten verteilt und in innenliegenden Taschen!<\/strong><\/li><li><strong>Halten Sie Ihre Wertsachen fest, wenn Sie angerempelt oder angesprochen werden!<\/strong><\/li><li><strong>Nehmen Sie nur notwendige Wertsachen und Dokumente mit!<\/strong><\/li><li><strong>Verschlie\u00dfen Sie Ihr Fahrzeug sorgf\u00e4ltig. Verschlie\u00dfen Sie auch alle Scheiben.<\/strong><\/li><li><strong>Lassen Sie keine Wertsachen im Fahrzeug zur\u00fcck!<\/strong><\/li><li><strong>Im Schwimmbad, am Badesee und am Strand sollten Sie m\u00f6glichst keine Wertsachen mitnehmen.<\/strong><\/li><li><strong>Deponieren Sie Wertsachen, wenn vorhanden, in Schlie\u00dff\u00e4chern!<\/strong><\/li><li><strong>Kopieren oder digitalisieren Sie Dokumente, wie P\u00e4sse vor dem Urlaub, um diese bei einem Verlust besser ersetzen zu k\u00f6nnen!<\/strong><\/li><li><strong>Wenn Sie Ihre Bank- oder Kreditkarte verlieren oder diese gestohlen wurde, lassen Sie sie umgehend sperren. Die Sperrhotline 116 116 ist mit der deutschen L\u00e4ndervorwahl 0049 auch aus den meisten L\u00e4ndern erreichbar!<\/strong><\/li><li><strong>Notieren Sie sich bei Auslandsreisen wichtige Telefonnummern, wie regionale Notrufnummern von Polizei und Rettungsdienst, f\u00fcr den Notfall!<\/strong><\/li><\/ul>\n\n\n\n<h2 class=\"wp-block-heading\">(Pr\u00e4sidialbereich Rheipfalz) &#8211; Kontrollwoche Geschwindigkeit<\/h2>\n\n\n<div class=\"wp-block-image\">\n<figure class=\"aligncenter size-full\"><img decoding=\"async\" loading=\"lazy\" width=\"800\" height=\"450\" src=\"https:\/\/speyer24news.com\/wp-content\/uploads\/2020\/12\/Blitzer-Logo.jpg\" alt=\"\" class=\"wp-image-31938\" srcset=\"https:\/\/speyer24news.com\/wp-content\/uploads\/2020\/12\/Blitzer-Logo.jpg 800w, https:\/\/speyer24news.com\/wp-content\/uploads\/2020\/12\/Blitzer-Logo-300x169.jpg 300w, https:\/\/speyer24news.com\/wp-content\/uploads\/2020\/12\/Blitzer-Logo-768x432.jpg 768w, https:\/\/speyer24news.com\/wp-content\/uploads\/2020\/12\/Blitzer-Logo-678x381.jpg 678w\" sizes=\"(max-width: 800px) 100vw, 800px\" \/><\/figure><\/div>\n\n\n<p>Die Reduzierung von Verkehrsunf\u00e4llen und die Minimierung von Unfallfolgen ist ein Schwerpunkt der polizeilichen Verkehrssicherheitsarbeit. Deshalb beteiligt sich das Polizeipr\u00e4sidium Rheinpfalz vom 8. bis 14. August 2022 an der europaweiten Kontrollwoche zur Bek\u00e4mpfung und Verhinderung von \u00fcberh\u00f6hter Geschwindigkeit.<\/p>\n\n\n\n<p>Neben der Ahnung von Geschwindigkeitsverst\u00f6\u00dfen wollen wir durch die Verkehrskontrollen auch die Risiken von \u00fcberh\u00f6hter Geschwindigkeit im Stra\u00dfenverkehr verst\u00e4rkt ins \u00f6ffentliche Bewusstsein r\u00fccken und diese nochmals verdeutlichen. Bei den Kontrollen wollen die Polizeikr\u00e4fte deshalb auch an die Einsicht der Verkehrsteilnehmenden appellieren, niemals die zul\u00e4ssige H\u00f6chstgeschwindigkeit zu \u00fcberschreiten und die Geschwindigkeit der jeweiligen Situation anzupassen.<\/p>\n\n\n\n<p>Im Jahr 2021 kam es infolge \u00fcberh\u00f6hter oder nicht angepasster Geschwindigkeit im Polizeipr\u00e4sidium Rheinpfalz zu 1.792 Verkehrsunf\u00e4llen, davon wurden bei 451 Verkehrsunf\u00e4llen Personen verletzt. Auch wenn die Zahlen aller t\u00f6dlichen Verkehrsunf\u00e4lle (19 Get\u00f6tete im Jahr 2021) seit einigen Jahren r\u00fcckl\u00e4ufig sind, ist \u00fcberh\u00f6hte bzw. nicht angepasste Geschwindigkeit nach wie vor eine der Hauptunfallursachen. Die Verkehrsunfallstatistik 2021 mit ausf\u00fchrlichen Informationen zur Unfalllage und unseren Ma\u00dfnahmen finden Sie auf unserer Internetseite&nbsp;<a target=\"_blank\" rel=\"noreferrer noopener\" href=\"https:\/\/s.rlp.de\/hRg\">https:\/\/s.rlp.de\/hRg<\/a>.<\/p>\n\n\n\n<p>Die Verkehrs\u00fcberwachung mittels Verkehrskontrollen geh\u00f6rt zu den zentralen Aufgaben der Polizei. Die Kontrollen sind f\u00fcr die Sicherheit im Stra\u00dfenverkehr von gro\u00dfer Bedeutung und finden deshalb das ganze Jahr \u00fcber statt.<\/p>\n\n\n\n<p>Die Kontrollwoche wurde von dem europaweiten Polizeinetzwerk ROADPOL\u00a0<a href=\"https:\/\/www.roadpol.eu\/\" target=\"_blank\" rel=\"noreferrer noopener\">www.roadpol.eu<\/a>\u00a0koordiniert, deren Ziel es ist, die Zahl der Verkehrsunfallopfer deutlich zu senken (&#8222;Vision Zero&#8220;).<\/p>\n\n\n\n<h2 class=\"wp-block-heading\">(Ludwigshafen) &#8211; Kleingartenbesitzer erwischt Einbrecher<\/h2>\n\n\n\n<p>Ein 59-j\u00e4hriger Kleingartenbesitzer erwischte am Dienstag (02.08.2022) einen 43-J\u00e4hrigen aus Ludwigshafen, als dieser versuchte in eine Gartenparzelle einer Kleingartenanlage in der Riedstra\u00dfe zu gelangen. Der 59-J\u00e4hrige schlief in seiner Gartenanlage, als der 43-j\u00e4hrige Eindringling auf dem Anwesen erschien und Gegenst\u00e4nde durchw\u00fchlte. Der Besitzer verst\u00e4ndigte sofort die Polizei, die den Einbrecher noch vor Ort feststellten. Der 43-J\u00e4hrige f\u00fchrte zudem Handschuhe, Taschenlampe und ein Allzweckwerkzeug mit sich.<\/p>\n\n\n\n<h2 class=\"wp-block-heading\">(Ludwigshafen) &#8211; Abgedr\u00e4ngt und Unfall verursacht \/ Zeugen gesucht<\/h2>\n\n\n<div class=\"wp-block-image\">\n<figure class=\"aligncenter size-full\"><img decoding=\"async\" loading=\"lazy\" width=\"801\" height=\"600\" src=\"https:\/\/speyer24news.com\/wp-content\/uploads\/2020\/05\/Zeugen-gesucht-Neutral.jpg\" alt=\"\" class=\"wp-image-26598\" srcset=\"https:\/\/speyer24news.com\/wp-content\/uploads\/2020\/05\/Zeugen-gesucht-Neutral.jpg 801w, https:\/\/speyer24news.com\/wp-content\/uploads\/2020\/05\/Zeugen-gesucht-Neutral-300x225.jpg 300w, https:\/\/speyer24news.com\/wp-content\/uploads\/2020\/05\/Zeugen-gesucht-Neutral-768x575.jpg 768w, https:\/\/speyer24news.com\/wp-content\/uploads\/2020\/05\/Zeugen-gesucht-Neutral-678x509.jpg 678w, https:\/\/speyer24news.com\/wp-content\/uploads\/2020\/05\/Zeugen-gesucht-Neutral-326x245.jpg 326w, https:\/\/speyer24news.com\/wp-content\/uploads\/2020\/05\/Zeugen-gesucht-Neutral-80x60.jpg 80w\" sizes=\"(max-width: 801px) 100vw, 801px\" \/><\/figure><\/div>\n\n\n<p>Durch ein waghalsiges \u00dcberholman\u00f6ver verursachte ein bisher unbekannter Fahrer am Montag (01.08.2022) einen Verkehrsunfall, bei dem ein 25-j\u00e4hriger Pkw-Fahrer verletzt wurde. Der 25-J\u00e4hrige war gegen 17.10 Uhr in der Rheing\u00f6nheimer Stra\u00dfe in Richtung Hauptstra\u00dfe unterwegs, als pl\u00f6tzlich auf H\u00f6he der Wegelnburgstra\u00dfe ein unbekannter Pkw-Fahrer zum \u00dcberholen ausscherte. Hierbei geriet dieser auf die Gegenfahrbahn, wo eine Stra\u00dfenbahn entgegenkam, weshalb er wieder nach rechts einscherte. Hierbei touchierte er mit dem 25-j\u00e4hrigen Pkw-Fahrer, der daraufhin die Kontrolle \u00fcber sein Fahrzeug verlor, von der Fahrbahn abkam und gegen einen Mast fuhr. Der unbekannte Pkw-Fahrer hielt daraufhin kurz an, fuhr aber mit erh\u00f6hter Geschwindigkeit davon. Ein weiterer Zeuge versuchte noch die Verfolgung aufzunehmen, musste aber aufgrund der hohen Geschwindigkeit des Fl\u00fcchtigen die Verfolgung abbrechen. Der 25-J\u00e4hrige kam anschlie\u00dfend in ein Krankenhaus. Insgesamt entstand ein Gesamtsachschaden von mindestens 15.000 Euro. <\/p>\n\n\n\n<h4 class=\"wp-block-heading\">Die Polizei sucht dringend noch weitere Zeugen. <\/h4>\n\n\n\n<ul><li><strong>Der Fl\u00fcchtige war m\u00e4nnlich und trug eine verspiegelte Sonnenbrille. <\/strong><\/li><li><strong>Bei dem Fluchtfahrzeug handelt es sich um einen wei\u00dfen 1er BMW, Bj. 2017\/2018, mit schwarzen Elementen am Heck und Ludwigshafener Kennzeichen. <\/strong><\/li><\/ul>\n\n\n\n<p>Sachdienliche Hinweise bitte an die Polizeiinspektion Ludwigshafen 1, Telefonnummer 0621 963-2122 oder per E-Mail\u00a0<a href=\"mailto:piludwigshafen1@polizei.rlp.de\">piludwigshafen1@polizei.rlp.de<\/a>\u00a0.<\/p>\n\n\n\n<h2 class=\"wp-block-heading\">(Ludwigshafen) &#8211; Betrug am Telefon und per WhatsApp<\/h2>\n\n\n<div class=\"wp-block-image\">\n<figure class=\"aligncenter size-full\"><img decoding=\"async\" loading=\"lazy\" width=\"578\" height=\"572\" src=\"https:\/\/speyer24news.com\/wp-content\/uploads\/2021\/10\/Telefonbetrug-geschnitten.jpg\" alt=\"\" class=\"wp-image-41297\" srcset=\"https:\/\/speyer24news.com\/wp-content\/uploads\/2021\/10\/Telefonbetrug-geschnitten.jpg 578w, https:\/\/speyer24news.com\/wp-content\/uploads\/2021\/10\/Telefonbetrug-geschnitten-300x297.jpg 300w\" sizes=\"(max-width: 578px) 100vw, 578px\" \/><\/figure><\/div>\n\n\n<p>Ein 71-J\u00e4hriger wurde am Montag (01.08.2022) von einem falschen Microsoftmitarbeiter telefonisch kontaktiert. Dieser gab an, dass der Computer des Seniors von einem Virus befallen w\u00e4re. Mit dem Kauf eines Anti-Virus-Paket im Wert von 300 Euro w\u00fcrde man das Virusproblem l\u00f6sen k\u00f6nnen. Der 71-J\u00e4hrige erkannte, dass es sich um einen Betrug handelte und beendete das Gespr\u00e4ch.<\/p>\n\n\n\n<p>Ein Betrag in H\u00f6he von 4000 Euro verlor eine 75-J\u00e4hrige aus Ludwigshafen am Montag (01.08.2022). Sie wurde per WhatsApp von einer ihr unbekannten Nummer kontaktiert, die sich als Tochter der Seniorin ausgab. Die Tochter h\u00e4tte angeblich das Handy verloren und k\u00f6nnte sich nicht auf ihr Bankkonto einloggen. Um anstehende Kosten zu decken ben\u00f6tigte sie nun dringend Geld. Die 75-J\u00e4hrige \u00fcberwies daraufhin einen Betrag von \u00fcber 4000 Euro an ein Konto. Ein Tag sp\u00e4ter meldete sich die richtige Tochter und stellte den Betrug fest.<\/p>\n\n\n\n<h4 class=\"wp-block-heading\">Beachten Sie die Tipps Ihrer Polizei, um sich vor Betrug am Telefon zu sch\u00fctzen:<\/h4>\n\n\n\n<ul><li><strong>Legen Sie den H\u00f6rer auf! Das ist nicht unh\u00f6flich.<\/strong><\/li><li><strong>Die Polizei ruft Sie niemals unter der Polizeinotrufnummer 110 an.<\/strong><\/li><li><strong>\u00dcbergeben Sie nie Geld oder Wertsachen an Unbekannte!<\/strong><\/li><li><strong>Die Polizei wird Sie niemals dazu auffordern, Geld oder Wertsachen herauszugeben.<\/strong><\/li><li><strong>Seien Sie misstrauisch, wenn sich jemand am Telefon mit den Worten &#8222;Rate mal, wer hier spricht!&#8220; oder \u00e4hnlichen Formulierungen meldet, ohne sich selbst namentlich vorzustellen.<\/strong><\/li><li><strong>Nutzen Sie nicht die R\u00fcckwahltaste! Geben Sie bei R\u00fcckfragen an die Polizei die Telefonnummer der \u00f6rtlichen Dienststelle selbst \u00fcber die Tasten ein.<\/strong><\/li><li><strong>Erstatten Sie Anzeige, falls Sie Opfer geworden sind!<\/strong><\/li><li><strong>Im Notfall w\u00e4hlen Sie die 110, Notruf Polizei!<\/strong><\/li><li><strong>Unsere Pr\u00e4ventionsexperten informieren unter der Tel.: 0621 963 &#8211; 1515, wie man sich am besten gegen Telefonbetrug sch\u00fctzen kann.<\/strong><\/li><li><strong>Auf der Internet-Seite <a href=\"https:\/\/www.polizei-beratung.de\/\" target=\"_blank\" rel=\"noreferrer noopener\">www.polizei-beratung.de<\/a> finden Sie umfangreiche Informationen zu diesem Thema.<\/strong><\/li><\/ul>\n\n\n\n<h2 class=\"wp-block-heading\">(Ludwigshafen) &#8211; Falsche Europol-Beamte<\/h2>\n\n\n\n<p>Eine 61-J\u00e4hrige aus Ludwigshafen wurde am Montag (01.08.2022) mehrmals von zwei Frauen angerufen, die sich als Angeh\u00f6rige von Europol ausgaben. Die 61-J\u00e4hrige wurde aufgefordert 10.000 Euro zu \u00fcberweisen, um ihre Unschuld zu beweisen. Die Frau erkannte, dass es sich um einen Betrug handelte und beendete die Telefonate.<\/p>\n\n\n\n<h2 class=\"wp-block-heading\">(Ludwigshafen) &#8211; Einbr\u00fcche in Garagen<\/h2>\n\n\n\n<p>Unbekannte versuchten in der Nacht von Sonntag (31.07.2022) auf Montag (01.08.2022) in drei Garagen in der Sternstra\u00dfe einzubrechen. Ob Gegenst\u00e4nde entwendet wurden, wird derzeit noch ermittelt. Sachdienliche Hinweise nimmt die Kriminalpolizei Ludwigshafen unter der Telefonnummer 0621\/963-2773 oder per E-Mail\u00a0<a href=\"mailto:kiludwigshafen.k1.kdd@polizei.rlp.de\">kiludwigshafen.k1.kdd@polizei.rlp.de<\/a>\u00a0entgegen.<\/p>\n\n\n\n<h2 class=\"wp-block-heading\">(Ludwigshafen) &#8211; Werkzeug aus Neubau gestohlen<\/h2>\n\n\n\n<p>Unbekannte gelangten im Zeitraum 30.07.2022 bis 01.08.2022 in einen Neubau eines B\u00fcrogeb\u00e4udes in der Ludwig-Reichling-Stra\u00dfe und entwendeten Werkzeug im Gesamtwert von 1000 Euro. Durch den Einbruch entstand zudem ein Geb\u00e4udeschaden in H\u00f6he von 3000 Euro. Sachdienliche Hinweise bitte an die Polizeiinspektion Ludwigshafen 1, Telefonnummer 0621 963-2122 oder per E-Mail\u00a0<a href=\"mailto:piludwigshafen1@polizei.rlp.de\">piludwigshafen1@polizei.rlp.de<\/a>\u00a0.<\/p>\n\n\n\n<h2 class=\"wp-block-heading\">(Ludwigshafen) &#8211; K\u00f6rperverletzung in Bar<\/h2>\n\n\n\n<p>Aufgrund eines Streites zwischen einem 56- und einem 47-J\u00e4hrigen in einer Bar in der Prinzregentenstra\u00dfe musste die Polizei am Sonntag (31.07.2022) anr\u00fccken. Gegen 23.15 Uhr sprach ein 47-J\u00e4hriger den 56-J\u00e4hrigen an, ob er Geld f\u00fcr einen Spielautomaten h\u00e4tte. Der 56-J\u00e4hrige ging nicht auf die Forderung ein. Der 47-J\u00e4hrige lie\u00df aber nicht locker fragte erneut nach Geld. Daraufhin schlug der 56-J\u00e4hrige dem 47-J\u00e4hrigen ins Gesicht. In den Streit mischte sich schlie\u00dflich die 48-j\u00e4hrige Ehefrau des 56-J\u00e4hrigen ein, um zu schlichten. Auch auf seine Ehefrau schlug der 56-J\u00e4hrige pl\u00f6tzlich ein. Der 47-J\u00e4hrige und die Ehefrau wurden beide leicht verletzt. Die Polizei erlie\u00df eine Gewaltschutzverf\u00fcgung gegen den 56-J\u00e4hrigen, der u.a. ein Kontaktverbot zur Ehefrau beinhaltet. Dar\u00fcber hinaus wurde die Frau \u00fcber rechtliche M\u00f6glichkeiten und Anlaufstellen informiert.<\/p>\n\n\n\n<p>Der Polizei kommt im Umgang mit h\u00e4uslicher Gewalt als st\u00e4ndig erreichbare und schnell verf\u00fcgbare Organisation eine entscheidende Rolle zu. Pr\u00e4vention, konsequente Strafverfolgung sowie weitreichender Opferschutz und Opferhilfe sollen Opfern von h\u00e4uslicher Gewalt effektiven Schutz gew\u00e4hren. Wenn auch Sie von h\u00e4uslicher Gewalt betroffen sind, nehmen Sie Kontakt mit uns auf. Bei allen Polizeidienststellen stehen Ihnen speziell geschulte Ansprechpartner zur Verf\u00fcgung.<\/p>\n\n\n\n<h2 class=\"wp-block-heading\">(Ludwigshafen) &#8211; Sexuelle Bel\u00e4stigung<\/h2>\n\n\n<div class=\"wp-block-image\">\n<figure class=\"aligncenter size-full\"><img decoding=\"async\" loading=\"lazy\" width=\"801\" height=\"600\" src=\"https:\/\/speyer24news.com\/wp-content\/uploads\/2020\/05\/Zeugen-gesucht-Neutral.jpg\" alt=\"\" class=\"wp-image-26598\" srcset=\"https:\/\/speyer24news.com\/wp-content\/uploads\/2020\/05\/Zeugen-gesucht-Neutral.jpg 801w, https:\/\/speyer24news.com\/wp-content\/uploads\/2020\/05\/Zeugen-gesucht-Neutral-300x225.jpg 300w, https:\/\/speyer24news.com\/wp-content\/uploads\/2020\/05\/Zeugen-gesucht-Neutral-768x575.jpg 768w, https:\/\/speyer24news.com\/wp-content\/uploads\/2020\/05\/Zeugen-gesucht-Neutral-678x509.jpg 678w, https:\/\/speyer24news.com\/wp-content\/uploads\/2020\/05\/Zeugen-gesucht-Neutral-326x245.jpg 326w, https:\/\/speyer24news.com\/wp-content\/uploads\/2020\/05\/Zeugen-gesucht-Neutral-80x60.jpg 80w\" sizes=\"(max-width: 801px) 100vw, 801px\" \/><\/figure><\/div>\n\n\n<p>Ein 16-J\u00e4hriger wurde am Sonntag (31.07.2022), gegen 14.30 Uhr, von einem unbekannten Mann angesprochen und am Genitalbereich an der Hose ber\u00fchrt. Anschlie\u00dfend fl\u00fcchtete der unbekannte Mann. Der Vorfall ereignete sich im Bereich der Spatenstra\u00dfe vor einer Bibliothek. <\/p>\n\n\n\n<h4 class=\"wp-block-heading\">Der Mann war:<\/h4>\n\n\n\n<ul><li><strong>circa 1,75m gro\u00df<\/strong><\/li><li><strong>circa 50 Jahre alt<\/strong><\/li><li><strong>trug Glatze <\/strong><\/li><li><strong>und hatte einen dicken Bauch. <\/strong><\/li><\/ul>\n\n\n\n<p>Sachdienliche Hinweise nimmt die Kriminalpolizei Ludwigshafen unter der Telefonnummer 0621\/963-2773 oder per E-Mail\u00a0<a href=\"mailto:kiludwigshafen.k1.kdd@polizei.rlp.de\">kiludwigshafen.k1.kdd@polizei.rlp.de<\/a>\u00a0entgegen.<\/p>\n\n\n\n<h2 class=\"wp-block-heading\">(Ludwigshafen) &#8211; Versuchter Einbruch in Wohnhaun<\/h2>\n\n\n\n<p>Unbekannte versuchten in der Nacht von Samstag (30.07.2022) auf Sonntag (31.07.2022) in ein Anwesen in der Gerhard-Domagk-Stra\u00dfe einzubrechen. Das Vorhaben misslang jedoch. Es entstand lediglich geringer Sachschaden. Sachdienliche Hinweise nimmt die Kriminalpolizei Ludwigshafen unter der Telefonnummer 0621\/963-2773 oder per E-Mail\u00a0<a href=\"mailto:kiludwigshafen.k1.kdd@polizei.rlp.de\">kiludwigshafen.k1.kdd@polizei.rlp.de<\/a>\u00a0entgegen.<\/p>\n\n\n\n<h2 class=\"wp-block-heading\">(Ludwigshafen) &#8211; Einbruch in Kleingartenanlage<a href=\"https:\/\/www.facebook.com\/sharer.php?u=https%3A%2F%2Fwww.presseportal.de%2Fblaulicht%2Fpm%2F117696%2F5286053%2F%3Futm_source%3Dfacebook%26utm_medium%3Dsocial\"><\/a><a href=\"https:\/\/twitter.com\/intent\/tweet?text=POL-PPRP%3A%20Einbruch%20in%20Kleingartenanlage&amp;url=https%3A%2F%2Fwww.presseportal.de%2Fblaulicht%2Fpm%2F117696%2F5286053%2F%3Futm_source%3Dtwitter%26utm_medium%3Dsocial&amp;hashtags=ots&amp;lang=de\"><\/a><a href=\"https:\/\/web.whatsapp.com\/send?text=POL-PPRP%3A%20Einbruch%20in%20Kleingartenanlage%0A%0Ahttps%3A%2F%2Fwww.presseportal.de%2Fblaulicht%2Fpm%2F117696%2F5286053%2F%3Futm_source%3Dwhatsapp%26utm_medium%3Dsocial\"><\/a><a href=\"https:\/\/www.xing.com\/app\/user?op=share;url=https%3A%2F%2Fwww.presseportal.de%2Fblaulicht%2Fpm%2F117696%2F5286053%2F%3Futm_source%3Dxing%26utm_medium%3Dsocial\"><\/a><a href=\"http:\/\/www.linkedin.com\/shareArticle?mini=true&amp;url=https%3A%2F%2Fwww.presseportal.de%2Fblaulicht%2Fpm%2F117696%2F5286053%2F%3Futm_source%3Dlinkedin%26utm_medium%3Dsocial&amp;title=POL-PPRP%3A+Einbruch+in+Kleingartenanlage\"><\/a><a href=\"mailto:?subject=POL-PPRP%3A%20Einbruch%20in%20Kleingartenanlage&amp;body=https:\/\/www.presseportal.de\/blaulicht\/pm\/117696\/5286053\"><\/a><\/h2>\n\n\n\n<p>Unbekannte brachen am Wochenende (29.07.2022 &#8211; 31.07.2022) in eine Gartenparzelle einer Kleingartenanlage in der Kallstadter Stra\u00dfe ein. Hierbei wurde ein Fernseher im Gesamtwert von 100 Euro entwendet. An einer benachbarten Gartenparzelle wurde ebenfalls versucht einzubrechen. Sachdienliche Hinweise bitte an die Polizeiinspektion Ludwigshafen 1, Telefonnummer 0621 963-2122 oder per E-Mail&nbsp;<a href=\"mailto:piludwigshafen1@polizei.rlp.de\">piludwigshafen1@polizei.rlp.de<\/a>&nbsp;.<\/p>\n\n\n\n<h2 class=\"wp-block-heading\">(Ludwigshafen) &#8211; Versuchter Trickbetrug<\/h2>\n\n\n\n<p>Bereits am 28.07.2022 klingelte zun\u00e4chst ein unbekannter Mann (<strong>40 bis 50 Jahre alt, kr\u00e4ftige Statur, rundes Gesicht, dunkle Kleidung<\/strong>) bei einer Seniorin in der Schwertstra\u00dfe. Der Mann teilte mit, dass er in der Stra\u00dfe gewohnt h\u00e4tte und nun einen alten Nachbarn besuchen wollte. Nachdem der Seniorin die gesamte Lebensgeschichte erz\u00e4hlt wurde, forderte der Mann ein Glas Wasser. Die Seniorin ging auf die Forderung ein und lie\u00df ihn in die K\u00fcche. Zeitgleich klingelte es erneut an der T\u00fcr und der angebliche Bruder (<strong>30 bis 35 Jahre alt, circa 1,70m, dunkler Vollbart<\/strong>) des unbekannten Mannes erschien. Die Seniorin bemerkte schnell, dass es sich schlie\u00dflich um einen Betrug handelte und lie\u00df die beiden M\u00e4nner nicht aus den Augen, bis sie freiwillig die Wohnung verlie\u00dfen. Aus der Wohnung wurden keine Gegenst\u00e4nde entwendet. Sachdienliche Hinweise nimmt die Kriminalpolizei Ludwigshafen unter der Telefonnummer 0621\/963-2773 oder per E-Mail\u00a0<a href=\"mailto:kiludwigshafen.k1.kdd@polizei.rlp.de\">kiludwigshafen.k1.kdd@polizei.rlp.de<\/a>\u00a0entgegen.<\/p>\n\n\n\n<p>Trickdiebstahl in Wohnungen ist ein Ph\u00e4nomen, von der fast ausschlie\u00dflich \u00e4ltere Menschen betroffen sind. Unter Vort\u00e4uschen von Notlagen, einer offiziellen Funktion oder Vort\u00e4uschen einer pers\u00f6nlichen Beziehung zum Opfer versuchen die T\u00e4ter sich Zutritt zur Wohnung zu verschaffen. Hierbei werden skrupellos und zielgerichtet das Alter, die Gebrechlichkeit und die Gutgl\u00e4ubigkeit des Opfers ausgenutzt. Bedenken Sie, dass Trickt\u00e4ter erfinderisch und schauspielerisch begabt sind. Sie reagieren schnell und denken sich immer neue Taktiken aus, um ihr Ziel zu erreichen.<\/p>\n\n\n\n<h2 class=\"wp-block-heading\">(Mannheim) &#8211; Verbaler Streit endet in K\u00f6rperverletzung \/ Zeugen gesucht<\/h2>\n\n\n<div class=\"wp-block-image\">\n<figure class=\"aligncenter size-full\"><img decoding=\"async\" loading=\"lazy\" width=\"800\" height=\"533\" src=\"https:\/\/speyer24news.com\/wp-content\/uploads\/2021\/11\/Schlaegerei.jpg\" alt=\"\" class=\"wp-image-42366\" srcset=\"https:\/\/speyer24news.com\/wp-content\/uploads\/2021\/11\/Schlaegerei.jpg 800w, https:\/\/speyer24news.com\/wp-content\/uploads\/2021\/11\/Schlaegerei-300x200.jpg 300w, https:\/\/speyer24news.com\/wp-content\/uploads\/2021\/11\/Schlaegerei-768x512.jpg 768w\" sizes=\"(max-width: 800px) 100vw, 800px\" \/><figcaption>Beispielbild Schl\u00e4gerei \/ K\u00f6rperverletzung, dient lediglich der Visualisierung<\/figcaption><\/figure><\/div>\n\n\n<p>Am Dienstagabend kurz vor 21 Uhr kamen zwei M\u00e4nner am unteren Vogelstangsee ins Gespr\u00e4ch, woraus sich im weiteren Verlauf eine verbale Auseinandersetzung entwickelte. Der bisher unbekannte T\u00e4ter ging im Verlauf des Streits schlie\u00dflich auf seinen 49-j\u00e4hrigen Gespr\u00e4chspartner mit geballten F\u00e4usten los und versuchte nach diesem zu schlagen. Im Gerangel fielen beide M\u00e4nner zu Boden, wobei die Brille des 49-J\u00e4hrigen besch\u00e4digt wurde. Der Unbekannte ergriff im Anschluss die Flucht in Richtung des nahegelegenen Spielplatzes. <\/p>\n\n\n\n<h4 class=\"wp-block-heading\">Beschrieben wird der Fl\u00fcchtige als:<\/h4>\n\n\n\n<ul><li><strong>ca. 50 Jahre<\/strong><\/li><li><strong>1,65m gro\u00df <\/strong><\/li><li><strong>mit blonden und kurzen Haaren<\/strong><\/li><\/ul>\n\n\n\n<p>Das Polizeirevier Mannheim-K\u00e4fertal hat die Ermittlungen wegen versuchter K\u00f6rperverletzung \u00fcbernommen und sucht nun Zeugen, welche sachdienliche Angaben zu der Auseinandersetzung machen k\u00f6nnen. Diese k\u00f6nnen sich telefonisch unter 0621\/71849-0 melden.<\/p>\n\n\n\n<h2 class=\"wp-block-heading\">(Mannheim) &#8211; &#8222;Schockanrufer&#8220; erbeuten Schmuck und M\u00fcnzen im Wert von rund 200.000.- Euro; Kripo ermittelt<\/h2>\n\n\n<div class=\"wp-block-image\">\n<figure class=\"aligncenter size-large\"><img decoding=\"async\" loading=\"lazy\" width=\"1024\" height=\"649\" src=\"https:\/\/speyer24news.com\/wp-content\/uploads\/2022\/04\/Geld-Betrug-Schockanruf-Rentner-1024x649.jpg\" alt=\"\" class=\"wp-image-44260\" srcset=\"https:\/\/speyer24news.com\/wp-content\/uploads\/2022\/04\/Geld-Betrug-Schockanruf-Rentner-1024x649.jpg 1024w, https:\/\/speyer24news.com\/wp-content\/uploads\/2022\/04\/Geld-Betrug-Schockanruf-Rentner-300x190.jpg 300w, https:\/\/speyer24news.com\/wp-content\/uploads\/2022\/04\/Geld-Betrug-Schockanruf-Rentner-768x487.jpg 768w, https:\/\/speyer24news.com\/wp-content\/uploads\/2022\/04\/Geld-Betrug-Schockanruf-Rentner.jpg 1280w\" sizes=\"(max-width: 1024px) 100vw, 1024px\" \/><figcaption>Beispielbild Schockanruf \/ Betrug, dient lediglich der Visualisierung<\/figcaption><\/figure><\/div>\n\n\n<p>Opfer eines sogenannten &#8222;Schockanrufes&#8220; wurde im Laufe des Dienstages eine hochbetagte Seniorin im Stadtteil Almenhof.<\/p>\n\n\n\n<p>Gegen 10 Uhr hatte sie einen Anruf eines angeblichen Polizeibeamten erhalten, die ihr vorgaukelte, dass ihre Tochter einen Verkehrsunfall verursacht h\u00e4tte, bei dem zwei Menschen, darunter auch ein Kind get\u00f6tet wurden. Um eine Gef\u00e4ngnisstrafe abzuwenden, sei eine Kaution von 160.000.- Euro f\u00e4llig.<\/p>\n\n\n\n<p>Nachdem sie ihre Tochter telefonisch nicht erreichen konnte, ging die schockierte Frau von einem tats\u00e4chlichen Unfallgeschehen aus, packte ihren gesamten Schmuck (Ringe, Uhren, Halsketten, Broschen und Armreife), teilweise wertvolle Erbst\u00fccke und M\u00fcnzen im Gesamtwert von rund 200.000.- Euro zusammen und \u00fcbergab die Wertsachen gegen 14 Uhr vor ihrer Wohnung in der August-Bebel-Stra\u00dfe an einen unbekannten Abholer.<\/p>\n\n\n\n<p>Als die Tochter der Seniorin wenig sp\u00e4ter ihre Mutter zur\u00fcckrief, wurde der Betrugsmasche entdeckt, allerdings war der Abholer bereits \u00fcber alle Berge.<\/p>\n\n\n\n<p>Das Betrugsdezernat der Kriminalpolizeidirektion Heidelberg hat die weiteren Ermittlungen \u00fcbernommen. Zeugen wenden sich bitte an den Kriminaldauerdienst, Tel.: 0621\/174-4444.<\/p>\n\n\n\n<h4 class=\"wp-block-heading\">Dar\u00fcber hinaus bitten die Ermittler des Betrugsdezernats der Kriminalpolizeidirektion Heidelberg folgende Hinweise zu beherzigen:<\/h4>\n\n\n\n<ul><li><strong>Geben Sie keine Details zu Ihren famili\u00e4ren und finanziellen Verh\u00e4ltnissen preis.<\/strong><\/li><li><strong>Lassen Sie sich nicht dr\u00e4ngen und unter Druck setzen. Nehmen Sie sich Zeit, um die Angaben des Anrufers zu \u00fcberpr\u00fcfen. Rufen Sie die jeweilige Person unter der Ihnen lange bekannten Nummer an und lassen Sie sich den Sachverhalt best\u00e4tigen.<\/strong><\/li><li><strong>Wenn ein Anrufer Geld oder andere Wertsachen von Ihnen fordert: Besprechen Sie dies mit Familienangeh\u00f6rigen oder anderen Ihnen nahestehenden Personen.<\/strong><\/li><li><strong>\u00dcbergeben Sie niemals Geld oder Wertsachen wie Schmuck an unbekannte Personen.<\/strong><\/li><li><strong>Kommt Ihnen ein Anruf verd\u00e4chtig vor, informieren Sie unverz\u00fcglich die Polizei unter der Nummer 110.<\/strong><\/li><li><strong>Sind Sie bereits Opfer einer Betrugsmasche geworden, zeigen Sie die Tat unbedingt bei der Polizei an. Dies kann der Polizei helfen, Zusammenh\u00e4nge zu erkennen, andere Personen entsprechend zu sensibilisieren und die T\u00e4ter zu \u00fcberf\u00fchren.<\/strong><\/li><li><strong>Lassen Sie Ihren Vornamen im Telefonbuch abk\u00fcrzen (aus Herta Schmidt wird beispielsweise H. Schmidt). So k\u00f6nnen die T\u00e4ter Sie gar nicht mehr ausfindig machen. Zum \u00c4ndern eines Telefonbucheintrags wenden Sie sich an Ihren Telefonanbieter.<\/strong><\/li><li><strong>Bewahren Sie Ihre Wertsachen, z.B. h\u00f6here Geldbetr\u00e4ge und andere Wertgegenst\u00e4nde nicht zuhause auf, sondern auf der Bank oder im Bankschlie\u00dffach.<\/strong><\/li><\/ul>\n\n\n\n<p>\u00dcber dies informieren die Kriminalpolizeilichen Beratungsstellen des Polizeipr\u00e4sidiums Mannheim in Mannheim, Tel.: 0621\/174-1212 und in Heidelberg, Tel.: 06221\/99-1234, wie man sich am besten vor Trickbetr\u00fcgern sch\u00fctzen kann. Die Beratungen sind kostenlos!!!<\/p>\n\n\n\n<h2 class=\"wp-block-heading\">(A 6 \/ A 659 \/ Mannheim) &#8211; 34-J\u00e4hriger scheinbar unbelehrbar \/ Mehrfach ohne g\u00fcltige Fahrerlaubnis erwischt<\/h2>\n\n\n\n<p>Eine Streifenwagenbesatzung der Autobahnpolizei kontrollierte am Dienstagmorgen gegen 10 Uhr einen mit zwei Personen besetzten Mazda. Dieser war auf der A6 in n\u00f6rdlicher Richtung unterwegs. Der Mazda wurde durch die Beamten auf die A 659 ausgeleitet und auf einer Tankanlage in Fahrtrichtung Weinheim einer Kontrolle unterzogen. Bei der \u00dcberpr\u00fcfung des Fahrers konnten die Beamten feststellen, dass dieser nicht im Besitz einer g\u00fcltigen Fahrerlaubnis ist. Dem 34-J\u00e4hrigen war der F\u00fchrerschein bereits wegen vors\u00e4tzlichen Fahrens ohne Fahrerlaubnis durch ein Gericht entzogen worden. Nun erwartet den Mann eine erneute Anzeige wegen Fahrens ohne Fahrerlaubnis. Der Beifahrer, der zudem Halter des Mazda war, sieht zudem einer Anzeige wegen des Zulassens des Fahrens ohne Fahrerlaubnis entgegen.<\/p>\n\n\n\n<h2 class=\"wp-block-heading\">(Mannheim-Schwetzingerstadt) &#8211; 18-j\u00e4hriger Autofahrer unter Drogen; Insassen fl\u00fcchten zu Fu\u00df; mehrere tausend Euro und Medikamente sichergestellt; Fahrer hatte Tage zuvor schweren Unfall verursacht<\/h2>\n\n\n\n<p>Am Dienstagabend, gegen 24 Uhr, fuhr ein 18-j\u00e4hriger Autofahrer in der Seckenheimer Stra\u00dfe mit seinem Pkw Fiesta entgegen der Einbahnstra\u00dfe in die Weidenstra\u00dfe. Der Kleinwagen war au\u00dferdem mit drei weiteren m\u00e4nnlichen Personen besetzt.<\/p>\n\n\n\n<p>An der Ecke Weidenstra\u00dfe und M\u00f6hlstra\u00dfe konnte das Auto von einer Polizeistreife angehalten werden. Alle vier Insassen sprangen aus dem Auto und fl\u00fcchteten zu Fu\u00df. In der Viehhofstra\u00dfe konnte der Fahrer eingeholt und festgenommen werden. Einer der Mitfahrer, ein 20-j\u00e4hriger Mann, wurde sp\u00e4ter von der Polizei in der N\u00e4he der Krappm\u00fchlstra\u00dfe angetroffen.<\/p>\n\n\n\n<p>Der 18-j\u00e4hrige Fahrer stand unter Drogen und ein sp\u00e4ter durchgef\u00fchrter Drogenvortest verlief positiv auf THC und Kokain. Der beschuldigte Fahrer hatte mehrere tausend Euro bei sich. Zudem wurden im Fahrzeug diverse rezeptpflichtige Medikamente aufgefunden. Das Geld und die Medikamente wurden von der Polizei sichergestellt. Sp\u00e4ter wurde durch einen Polizeivertragsarzt eine Blutentnahme bei dem Beschuldigten durchgef\u00fchrt.<\/p>\n\n\n\n<p>Polizeiliche Ermittlungen ergaben noch in der Kontrollnacht, dass der 18-j\u00e4hrige Fiesta-Fahrer bereits sechs Tage zuvor, am Mittwoch, 27.07.2022 in Mannheim-Neckarstadt-West, Mittelstra\u00dfe, mit einem Pkw Mercedes-Benz CLA einen schweren Unfall verursacht hatte.<\/p>\n\n\n\n<p>Dort war er mit seinem Auto in Richtung &#8222;Am Messplatz&#8220; unterwegs. Am Alten Me\u00dfplatz, H\u00f6he Schimperstra\u00dfe, kam er aus bislang unbekannter Ursache nach links von der Fahrbahn ab und prallte frontal mit einem an der Haltestelle sitzenden 55-j\u00e4hrigen Mann und anschlie\u00dfend mit einem Strommast zusammen. Die beiden schwer Verletzten, der 25-j\u00e4hrige Beifahrer und der 55-j\u00e4hrige Fu\u00dfg\u00e4nger, wurden mit Rettungshubschrauber in Krankenh\u00e4user verbracht. Der 18-j\u00e4hrige Fahrer blieb leicht verletzt.<\/p>\n\n\n\n<p>F\u00fcr den Fu\u00dfg\u00e4nger bestand bis vor Kurzem Lebensgefahr, die jetzt gl\u00fccklicherweise ausgeschlossen werden kann.<\/p>\n\n\n\n<h2 class=\"wp-block-heading\">(Mannheim-Neuostheim) &#8211; Bandendiebstahl; T\u00e4ter durch Gesichtserkennungsverfahren ermittelt<\/h2>\n\n\n\n<p>Bereits im November 2021 betraten zwei der insgesamt vier T\u00e4ter arbeitsteilig in der Seckenheimer Landstra\u00dfe einen Lebensmitteldiscounter. Zwei T\u00e4ter bef\u00fcllten kr\u00e4ftig ihren Einkaufswagen mit hochwertigen Lebensmitteln.<\/p>\n\n\n\n<p>Die Kassiererin sagte sp\u00e4ter gegen\u00fcber der Polizei, &#8222;die wollten sicherlich mit den Alkoholika und den Knabbereien eine gro\u00dfe Party feiern&#8220;.<\/p>\n\n\n\n<p>Vielleicht war es deren eigene Abschiedsparty, da alle &#8211; wie sich sp\u00e4ter herausstellt &#8211; unmittelbar nach der Straftat von Heidelberg in andere St\u00e4dte innerhalb von Baden-W\u00fcrttemberg verzogen waren.<\/p>\n\n\n\n<p>Ein weiterer T\u00e4ter hielt sich vor dem Discounter auf und wartet einen g\u00fcnstigen Moment auf, um die elektronische Eingangsschiebet\u00fcr von au\u00dfen zu \u00f6ffnen. Der Vierte im Bunde hatte unabh\u00e4ngig seiner Kumpane den Laden betreten und besch\u00e4ftigte die Kassiererinnen im dortigen Kassenbereich, w\u00e4hrend seine Mitt\u00e4ter den Laden verlie\u00dfen.<\/p>\n\n\n\n<p>Die beiden T\u00e4ter schoben ihren gef\u00fcllten Einkaufswagen entgegen der Laufrichtung mit ihrem Diebesgut im Wert von circa 400 Euro nach drau\u00dfen.<\/p>\n\n\n\n<p>Ein Kunde hatte den Vorfall beobachtet und verst\u00e4ndigte eine Mitarbeiterin, die den vier T\u00e4tern nach drau\u00dfen folgte. Nachdem sie den M\u00e4nnern im Alter von 20 bis 42 Jahre nachgerufen hatte, lie\u00dfen sie den noch gef\u00fcllten Einkaufswagen auf dem Parkplatz stehen und verschwanden zu Fu\u00df.<\/p>\n\n\n\n<p>Aufgrund der Videoaufnahmen der T\u00e4ter konnte \u00fcber das Gesichtserkennungsfahren der Polizei zun\u00e4chst der 26-j\u00e4hrige Hauptt\u00e4ter anhand markanter Merkmale eindeutig ermittelt werden. Die anschlie\u00dfenden weiteren polizeilichen Ermittlungen f\u00fchrten dann zu den weiteren landesweit agierenden T\u00e4tern, deren Weg auch nach Oberndorf und nach Stuttgart gef\u00fchrt hatte.<\/p>\n\n\n\n<p>Ermittlungen ergaben, dass sie auch dort zahlreiche Straftaten begangen hatten und zwei T\u00e4ter vor\u00fcbergehend in diesem Zusammenhang auch in Haft waren.<\/p>\n\n\n\n<p>Das vom Polizeiposten Mannheim-Neuostheim gef\u00fchrte Verfahren konnte nun nach Monaten zu Ende ermitteln und an die Staatsanwaltschaft vorlegen werden.<\/p>\n\n\n\n<h4 class=\"wp-block-heading\">Info<\/h4>\n\n\n\n<p>Das Bundeskriminalamt setzt das Gesichtserkennungsverfahren ein. Zur Identifizierung unbekannter T\u00e4ter wird das erlangte Bildmaterial mit den Informationssystemen der Polizei erfassten Lichtbilder von Straft\u00e4tern verglichen.<\/p>\n\n\n\n<h2 class=\"wp-block-heading\">(Mannheim-Neuostheim) &#8211; Scheibe an PKW eingeschlagen und Rucksack entwendet \/ Polizei sucht Zeugen!<\/h2>\n\n\n\n<p>Am Sonntag wurde zwischen 19 Uhr und 21 Uhr ein Auto im Konrad-Zuse-Ring aufgebrochen. Ein bislang unbekannter T\u00e4ter schlug mittels einem unbekannten Gegenstand die Seitenscheibe eines geparkten Audis ein und entwendete einen hinter dem Beifahrersitz abgestellten Rucksack. In diesem befanden sich ein IPad Air 2022, ein MacBook Air 2020, ein Apple Pencil, sowie mehrere tausend Euro Bargeld.<\/p>\n\n\n\n<p>Zeugen, die sachdienliche Hinweise geben k\u00f6nnen, werden gebeten sich beim Polizeirevier Mannheim-Oststadt, unter der Telefonnummer 0621-174-3310, zu melden.<\/p>\n\n\n\n<h2 class=\"wp-block-heading\">(Mannheim-Lindenhof) &#8211; Unbekannter zerkratzt 13 Autos \/ Polizei sucht Zeugen!<\/h2>\n\n\n\n<p>Zwischen Donnerstag, 19:00 Uhr, und Freitag, 11:30 Uhr, wurden am Stephanienufer mehrere Autos besch\u00e4digt. Ein bislang unbekannter T\u00e4ter zerkratze insgesamt 13 Autos und fl\u00fcchtete anschlie\u00dfend in unbekannte Richtung. Der Sachschaden bel\u00e4uft sich auf rund 15.000 Euro.<\/p>\n\n\n\n<p>Zeugen, die verd\u00e4chtige Wahrnehmungen gemacht haben, werden gebeten sich beim Polizeirevier Mannheim-Neckarau, unter der Telefonnummer 0621-833970, zu melden.<\/p>\n\n\n\n<h2 class=\"wp-block-heading\">(Mannheim-Neckarau) &#8211; Brand eines Pkw auf Parkplatz, Feuerwehr auf Anfahrt<\/h2>\n\n\n\n<h3 class=\"has-text-align-center wp-block-heading\">Pressemeldung Nr. 1<\/h3>\n\n\n\n<p>Am Mittwoch gegen kurz nach 02:00 Uhr wurde die Polizei und die Feuerwehr \u00fcber einen brennenden Pkw in der Pfingstweidstra\u00dfe auf einem Firmengel\u00e4nde informiert. Bei Eintreffen stand der Pkw bereits im Vollbrand.<\/p>\n\n\n\n<h3 class=\"has-text-align-center wp-block-heading\">Pressemeldung Nr. 2<\/h3>\n\n\n\n<p>Gegen 02:05 Uhr am Mittwochmorgen geriet ein Opel Combo auf einem Firmenparkplatz in der Eisenbahnstra\u00dfe in Brand. Der Brand breitete sich schnell vom Motorraum auf das gesamte Fahrzeug aus, so dass es nach kurzer Zeit in Vollbrand stand. Die verst\u00e4ndigte Feuerwehr konnte das vollst\u00e4ndige Abbrennen des Fahrzeugs nicht mehr verhindern.<\/p>\n\n\n\n<p>Der Transporter stand gl\u00fccklicherweise mit Abstand zu weiteren geparkten Fahrzeugen auf dem Parkplatz, so dass diese durch den Brand keinen Schaden nahmen.<\/p>\n\n\n\n<p>Der Sachschaden des Opel wird auf ca. 8.000 EUR gesch\u00e4tzt.<\/p>\n\n\n\n<p>Bislang ergaben sich keine Hinweise auf die Ursache f\u00fcr den Brand. Das Polizeirevier Mannheim-Neckarau hat die weiteren Ermittlungen hierf\u00fcr \u00fcbernommen.<\/p>\n\n\n\n<h2 class=\"wp-block-heading\">(Mannheim-Friedrichsfeld) &#8211; Pizzabote \u00fcberfallen \/ Kriminalpolizei sucht Zeugen<\/h2>\n\n\n\n<p>In der Nacht von Samstag auf Sonntag wurde ein Pizzalieferant in der Pulversheimer Stra\u00dfe von zwei unbekannten T\u00e4tern \u00fcberfallen &#8211; die Kriminalpolizei hat die Ermittlungen aufgenommen.<\/p>\n\n\n\n<p>Mit einer anonymen Bestellung lockten zwei T\u00e4ter einen 35-j\u00e4hrigen Auslieferer in die Pulversheimer Stra\u00dfe. Als dieser gegen 1:10 Uhr dann mit mehreren Pizzen in der Stra\u00dfe ankam, wurde er dort bereits von zwei ihm unbekannten M\u00e4nnern abgepasst. Dabei maskierten sich die beiden T\u00e4ter und z\u00fcckten eine Pistole. Unter Vorhalt der Waffe forderten sie den 35-J\u00e4hrigen zur Herausgabe von Bargeld auf und durchsuchten dabei auch dessen Auto. Letztlich erbeuteten die M\u00e4nner \u00fcber 100 Euro Bargeld und fl\u00fcchteten. Der 35-J\u00e4hrige blieb unverletzt.<\/p>\n\n\n\n<p>Die Kriminalpolizei hat noch in der Tatnacht die Ermittlungen aufgenommen und sucht in diesem Zusammenhang nach Zeugen und Hinweisgebern.<\/p>\n\n\n\n<h4 class=\"wp-block-heading\">Die beiden deutschsprachigen T\u00e4ter k\u00f6nnen wie folgt beschrieben werden:<\/h4>\n\n\n\n<ol><li><strong>m\u00e4nnlich, ca. 20 Jahre alt, 1,82 m gro\u00df, d\u00fcnne Statur, blonde kurze Haare, trug einen grauen Pullover und eine graue Jogginghose sowie eine schwarze Maske.<\/strong><\/li><li><strong>m\u00e4nnlich, ca. 20 Jahre alt, 1,85 m bis 1,90 m gro\u00df, trug einen schwarzen Pullover und eine schwarze Jogginghose sowie eine schwarze Stoffmaske. War mit einer schwarzen Pistole bewaffnet.<\/strong><\/li><\/ol>\n\n\n\n<p>Personen die Verd\u00e4chtiges beobachtet haben oder Hinweise geben k\u00f6nnen, werden gebeten, sich unter Tel.: 0621 174-4444 zu melden.<\/p>\n\n\n\n<h2 class=\"wp-block-heading\">(Mannheim-Sandhofen) &#8211; Brand eines Einfamilienhauses<\/h2>\n\n\n\n<h3 class=\"has-text-align-center wp-block-heading\">Pressemitteilung Nr. 1<\/h3>\n\n\n\n<p>Aus bislang unbekannten Gr\u00fcnden brach in einem Einfamilienhaus im Stadtteil Sandhofen am Dienstagnachmittag, kurz vor 14 Uhr, ein Feuer aus. \u00dcber das Ausma\u00df, bzw. verletzte Personen liegen noch keine Erkenntnisse vor. Die Rettungskr\u00e4fte sind im Einsatz.<\/p>\n\n\n\n<h3 class=\"has-text-align-center wp-block-heading\">Pressemitteilung Nr. 2<\/h3>\n\n\n<div class=\"wp-block-image\">\n<figure class=\"aligncenter size-full\"><img decoding=\"async\" loading=\"lazy\" width=\"800\" height=\"533\" src=\"https:\/\/speyer24news.com\/wp-content\/uploads\/2021\/01\/Ruhe-in-Frieden.jpg\" alt=\"\" class=\"wp-image-32361\" srcset=\"https:\/\/speyer24news.com\/wp-content\/uploads\/2021\/01\/Ruhe-in-Frieden.jpg 800w, https:\/\/speyer24news.com\/wp-content\/uploads\/2021\/01\/Ruhe-in-Frieden-300x200.jpg 300w, https:\/\/speyer24news.com\/wp-content\/uploads\/2021\/01\/Ruhe-in-Frieden-768x512.jpg 768w\" sizes=\"(max-width: 800px) 100vw, 800px\" \/><\/figure><\/div>\n\n\n<p>Bei dem Brand in einem Einfamilienhaus im Stadtteil Sandhofen wurde ein Bewohner t\u00f6dlich verletzt.<\/p>\n\n\n\n<p>Nachdem die Berufsfeuerwehr Mannheim die Person geborgen hatte, wurde sie reanimiert. Die Reanimation blieb jedoch erfolglos, sodass der Mann noch vor Ort verstarb.<\/p>\n\n\n\n<p>Das Feuer brach am Dienstagnachmittag, kurz vor 14 Uhr, aus bislang unbekannten Gr\u00fcnden aus.<\/p>\n\n\n\n<p>Die Feuerwehr Mannheim l\u00f6schte den Brand schnell, sodass bereits kurz nach 14 Uhr &#8222;Feuer aus!&#8220; gemeldet wurde.<\/p>\n\n\n\n<p>Die Brandexperten des Kriminalkommissariats Mannheim haben die weiteren Ermittlungen \u00fcbernommen. Der Brandort ist beschlagnahmt. Die Ursachenforschung im Inneren des Geb\u00e4udes kann jedoch erst dann stattfinden, wenn ein gefahrloses Betreten m\u00f6glich ist.<\/p>\n\n\n\n<p>Der Schaden l\u00e4sst sich derzeit noch nicht n\u00e4her beziffern.<\/p>\n\n\n\n<h2 class=\"wp-block-heading\">(Mannheim-Sandhofen) &#8211; Stra\u00dfenbahn kollidiert mit Auto<\/h2>\n\n\n\n<p>Am Dienstagvormittag gegen 11:15 Uhr kollidierte im Kreuzungsbereich Sandhofer Stra\u00dfe \/ Leinenstra\u00dfe ein 86-j\u00e4hriger Mercedes-Fahrer mit einer Stra\u00dfenbahn. Der 86-J\u00e4hrige war mit seinem Auto auf der Sandhofer Stra\u00dfe in Richtung Ortsmitte unterwegs, als er am Bahn\u00fcbergang ersten Ermittlungen zufolge eine rote Ampel \u00fcberfuhr und ihn die in Richtung ortsausw\u00e4rts fahrende Stra\u00dfenbahn erfasste. Der 86-J\u00e4hrige wurde dabei schwer verletzt und mit einem Rettungswagen in eine Klinik gebracht. Es entstand ein Sachschaden in H\u00f6he von mindestens 15.000 Euro. Der Stra\u00dfenbahnverkehr war f\u00fcr den Zeitraum der Unfallaufnahme bis ca 12:20 Uhr gesperrt. Ein Busersatzverkehr wurde eingerichtet.<\/p>\n\n\n\n<h2 class=\"wp-block-heading\">(Heidelberg) &#8211; Ausschreibung des Heidelberger Pr\u00e4ventionspreises 2022<\/h2>\n\n\n\n<ul><li><a href=\"https:\/\/www.presseportal.de\/download\/document\/898515-ausschreibung-2022.pdf\"><strong>Ausschreibung_2022.pdf<\/strong><br>PDF &#8211; 127 kB<\/a><\/li><\/ul>\n\n\n\n<p>Der vom Verein Sicheres Heidelberg e. V. ausgeschriebene Heidelberger Pr\u00e4ventionspreis steht unter dem dauerhaften Motto &#8222;Heidelberg macht Mut!&#8220; und befasst sich im Jahr 2022 mit dem Thema<\/p>\n\n\n\n<h4 class=\"wp-block-heading\">&#8222;Gro\u00dfe Herausforderungen annehmen &#8211; passende Angebote f\u00fcr alle Altersgruppen schaffen&#8220;<\/h4>\n\n\n\n<p>Die Zeit der Pandemie brachte f\u00fcr die meisten B\u00fcrgerinnen und B\u00fcrger schnelle, tiefgreifende und immer neue Einschr\u00e4nkungen in vielen Lebensbereichen. So ver\u00e4nderte sich auch das Freizeitangebot und damit das Freizeitverhalten nicht nur von jungen Menschen grundlegend. Viele Einrichtungen, Institutionen und Vereine mussten die neuen Herausforderungen rasch annehmen und innovative Freizeitangebote schaffen. Gebotene Kontaktbeschr\u00e4nkungen einhalten und dennoch ein lebhaftes und abwechslungsreiches Freizeitprogramm f\u00fcr alle auf die Beine zu stellen muss kein Widerspruch sein. Im Mittelpunkt dieser neuen Angebote stand eine besonders kreative Herangehensweise an die ver\u00e4nderte Lebenswelt und das ge\u00e4nderte Freizeitverhalten der Menschen. Ein vielf\u00e4ltiges, lebendiges und p\u00e4dagogisch evaluiertes Freizeitangebot ist somit entstanden das es zu w\u00fcrdigen gilt. Wirkt doch ein zielgruppengerechtes und akzeptiertes Freizeitangebot stets auch in hohem Ma\u00dfe pr\u00e4ventiv und beugt somit unerw\u00fcnschtem Verhalten vor, weil es integrative, kreative und sinnstiftende Impulse setzt, die einen positiven und stabilisierenden Effekt auf Menschen bewirken.<\/p>\n\n\n\n<h4 class=\"wp-block-heading\">Wenn Sie sich als Einrichtung mit einem insofern gelungenen Projekt um den Heidelberger Pr\u00e4ventionspreis 2022 bewerben m\u00f6chten, sollten Sie bitte folgende Fragestellungen pr\u00fcfen:<\/h4>\n\n\n\n<ul><li><strong>Wie kann ein attraktives Freizeitangebot geschaffen werden, das die jeweilige Zielgruppe anspricht und dabei einen sicheren Raum zur pers\u00f6nlichen Entfaltung bietet?<\/strong><\/li><li><strong>Wie gelingt es, trotz Abstandsregeln, soziale Interaktion zu erm\u00f6glichen?<\/strong><\/li><li><strong>Wie k\u00f6nnen bew\u00e4hrte Freizeitangebote, f\u00fcr jede\/n zug\u00e4nglich, in die digitale Welt \u00fcberf\u00fchrt werden?<\/strong><\/li><li><strong>Halten diese Angebote auch zuk\u00fcnftigen Krisen und gr\u00f6\u00dferen Ver\u00e4nderungen stand und bleiben attraktiv?<\/strong><\/li><li><strong>Begreifen wir alle dabei die Digitalisierung als Chance oder Bedrohung f\u00fcr die pers\u00f6nliche Entwicklung und was braucht es dann dennoch oder insbesondere, um nachhaltig sinnstiftende Freizeitangebote zu schaffen?<\/strong><\/li><\/ul>\n\n\n\n<p>Die Ausschreibung richtet sich an alle Einrichtungen, die sich im Bereich Pr\u00e4vention gesellschaftlich engagieren (z.B. Ehrenamtliche, Vereine und Verb\u00e4nde, Beh\u00f6rden, Hilfsorganisationen, Jugendarbeit, Schulen und Bildungseinrichtungen, Kulturschaffende, u.a.). Sie bewerben sich mit ihren Projekten, Angeboten, Programmen, Aktionen, Internetauftritten, Ausstellungen, Theaterst\u00fccken, Plakataktionen, Filmspots, u.v.m.<\/p>\n\n\n\n<p>Der Heidelberger Pr\u00e4ventionspreis wurde vom Verein Sicheres Heidelberg e.V. anl\u00e4sslich des 10-j\u00e4hrigen Vereinsjubil\u00e4ums im Jahr 2009 ins Leben gerufen. Die Auszeichnung soll dazu dienen, all denjenigen \u00f6ffentliche Aufmerksamkeit zuteilwerden zu lassen, die sich tagt\u00e4glich und oftmals auch im Hintergrund mit guten Ideen und Projekten darum bem\u00fchen, das Leben und Arbeiten in Heidelberg sicher zu machen und somit die hohe Attraktivit\u00e4t der Stadt zu erhalten.<\/p>\n\n\n\n<p>Der Heidelberger Pr\u00e4ventionspreis genie\u00dft einen hohen Stellenwert und ist eine prominente Plattform in der Anerkennungskultur Heidelbergs. Er ist dotiert mit 2.000 Euro (1. Preis), 1.000 Euro (2. Preis) und 500 Euro (3.Preis). Die Platzierung wird von einer<\/p>\n\n\n\n<p>Jury festgelegt. Diese besteht aus Vertretern des Vereins Sicheres Heidelberg e.V. und neutralen Personen.<\/p>\n\n\n\n<h4 class=\"wp-block-heading\">Die Bewerbung ist schriftlich (m\u00f6glichst per E-Mail) einzureichen an:<\/h4>\n\n\n\n<ul><li><strong>Sicheres Heidelberg e.V.<\/strong><\/li><li><strong>R\u00f6merstra\u00dfe 2-4<\/strong><\/li><li><strong>69115 Heidelberg<\/strong><\/li><li><strong><a href=\"mailto:info@sicherheid.de\">info@sicherheid.de<\/a><\/strong><\/li><li><strong>Kennwort: Heidelberger Pr\u00e4ventionspreis 2022<\/strong><\/li><li><strong>Einsendeschluss f\u00fcr Bewerbungen ist der 28. Oktober 2022.<\/strong><\/li><\/ul>\n\n\n\n<p><strong>Alle weiteren Informationen gibt es unter\u00a0<a href=\"https:\/\/www.sicherheid.de\/\" target=\"_blank\" rel=\"noreferrer noopener\">www.sicherheid.de<\/a>. Die Ausschreibung finden Sie oben als pdf-Datei.<\/strong><\/p>\n\n\n\n<h2 class=\"wp-block-heading\">(Heidelberg) &#8211; Sachbesch\u00e4digungen an PKWs \/ Zeugen gesucht<\/h2>\n\n\n\n<p>Zwischen vergangenem Montag, den 25.07.22, 18:30 Uhr und Dienstagmittag, 13 Uhr, besch\u00e4digten bisher unbekannte T\u00e4ter zwei PKWs in der Sch\u00e4fergasse in Heidelberg mit einem unbekannten Gegenstand. Sowohl am grauen VW, als auch an einem blauen BMW, welche beide am Stra\u00dfenrand geparkt waren, entstand Sachschaden im niedrigen vierstelligen Bereich. Zeugenhinweise werden beim Polizeirevier Heidelberg-S\u00fcd unter Tel.: 06221\/3418-0 entgegengenommen.<\/p>\n\n\n\n<p>Am Samstagabend, den 30.07.22 zwischen 18 und 20 Uhr besch\u00e4digten ebenfalls unbekannte T\u00e4ter mehrere PKWs, welche in der Peterstaler Stra\u00dfe abgestellt waren. Es handelt sich hierbei um einen blauen Skoda, einen gr\u00fcnen Audi und einen grauen VW. Alle Fahrzeuge wurden in diesen F\u00e4llen auf der Beifahrerseite zerkratzt. Der Schaden liegt auch hier jeweils im vierstelligen Bereich. Zeugenhinweise werden beim Polizeirevier Heidelberg-Nord unter Tel.: 06221\/4569-0 entgegengenommen.<\/p>\n\n\n\n<p>Die zust\u00e4ndigen Polizeireviere haben die Ermittlungen wegen Sachbesch\u00e4digung aufgenommen. Ein Tatzusammenhang zwischen den Taten in der Sch\u00e4ferstra\u00dfe und der Peterstaler Stra\u00dfe ist nach derzeitigem Ermittlungsstand nicht erkennbar, wird jedoch im Rahmen der Ermittlungen weiter gepr\u00fcft.<\/p>\n\n\n\n<h2 class=\"wp-block-heading\">(Heidelberg-Weststadt) &#8211; Tresor aus Restaurant entwendet \/ Zeugen gesucht!<\/h2>\n\n\n\n<p>Eingebrochen wurde am Sonntag zwische 00:30 Uhr und 16:00 Uhr in ein Restaurant in der Gottlieb-Daimler-Stra\u00dfe. Bislang unbekannte T\u00e4ter verschafften sich auf bislang nicht bekannte Art und Weise Zutritt zu den R\u00e4umlichkeiten und entwendeten einen Tresor, welcher im Tresenbereich stand. In dem Tresor befanden sich rund 500 Euro Bargeld, sowie vier Autoschl\u00fcssel. Die Fahrzeuge wurden jedoch nicht entwendet.<\/p>\n\n\n\n<p>Zeugen, die sachdienliche Hinweise geben k\u00f6nnen, werden gebeten sich beim Polizeirevier Heidelberg-Mitte, unter der Telefonnummer 06221-991700, zu melden.<\/p>\n\n\n\n<h2 class=\"wp-block-heading\">(Heidelberg-Bergheim) &#8211; Kollision mit Gegenverkehr \/ Hoher Sachschaden<\/h2>\n\n\n\n<p>Am Dienstagmorgen gegen 09:10 Uhr erkannte der 81-j\u00e4hrige Fahrer eines Peugeot den an einer roten Ampel in der Schurmannstra\u00dfe, unmittelbar nach der Abzweigung zum Bismarckplatz, stehenden Citroen einer 41-J\u00e4hrigen zu sp\u00e4t und verursachte einen Verkehrsunfall. Der 81-J\u00e4hrige versuchte noch den Zusammensto\u00df durch eine Lenkbewegung nach links zu vermeiden. Er kollidierte jedoch mit der linken Heckseite des Citroen, querte die dortige Verkehrsinsel und geriet dann in den Gegenverkehr. Hier kollidierte er frontal mit dem MG eines aus Richtung Neckarstaden kommenden 48-J\u00e4hrigen. Der Peugeot sowie der MG waren nicht mehr fahrbereit und mussten abgeschleppt werden. Durch den Unfall kam es kurzzeitig zu Verkehrsbehinderungen und der Verkehr musste durch die Polizei gelenkt werden. Der Fahrer des Peugeot zog sich bei dem Aufprall leichte Verletzungen zu. Es entstand Sachschaden an allen drei beteiligten Fahrzeugen von ca. 18.000 Euro.<\/p>\n\n\n\n<p>Der Verkehrsdienst Heidelberg war zur Verkehrsunfallaufnahme vor Ort.<\/p>\n\n\n\n<h2 class=\"wp-block-heading\">(Heidelberg-Bergheim) &#8211; Handtasche gestohlen und gefl\u00fcchtet \/ Wer kann weitere Hinweise geben?<\/h2>\n\n\n\n<p>Obwohl ein aufmerksamer Zeuge noch die Verfolgung eines Handtaschendiebs in der Nacht von Samstag auf Sonntag aufnahm, gelang diesem samt Beute die Flucht. Das Diebesgut, eine Handtasche mit Bargeld und einem Smartphone darin, wurde von ihrer Besitzerin kurz zuvor auf einer Sitzbank in der Sofienstra\u00dfe abgestellt. Die 26-J\u00e4hrige war gegen 01:30 Uhr gerade dabei einem auf der Stra\u00dfe liegenden Alkoholisierten Hilfe zu leisten, was der T\u00e4ter ausnutzte. Dieser soll gleich darauf auf ein Fahrrad gestiegen sein und fl\u00fcchtete. Trotz der sofortigen Verfolgung zu Fu\u00df gelang ihm die Flucht. Auch eine sofort eingeleitete Fahndung der alarmierten Beamten verlief ohne erfolg.<\/p>\n\n\n\n<h4 class=\"wp-block-heading\">Der T\u00e4ter kann wie folgt beschrieben werden: <\/h4>\n\n\n\n<ul><li><strong>m\u00e4nnlich<\/strong><\/li><li><strong>ca. 30 Jahre alt<\/strong><\/li><li><strong>dunklere Hautfarbe<\/strong><\/li><li><strong>dunkle mittellange Haare<\/strong><\/li><li><strong>trug ein schwarzes Oberteil<\/strong><\/li><li><strong>Auf dem Fahrrad des Fl\u00fcchtigen soll eine Kr\u00fccke montierte gewesen sein.<\/strong><\/li><\/ul>\n\n\n\n<p>Zeugen oder Hinweisgeber, werden gebeten, sich unter 0621 174-1700 an die Ermittler des Polizeireviers Heidelberg-Mitte zu wenden.<\/p>\n\n\n\n<h2 class=\"wp-block-heading\">(Heidelberg-Weststadt) &#8211; M\u00e4nnergruppe schl\u00e4gt auf 25-J\u00e4hrigen ein \/ Zeugen gesucht<\/h2>\n\n\n<div class=\"wp-block-image\">\n<figure class=\"aligncenter size-full\"><img decoding=\"async\" loading=\"lazy\" width=\"800\" height=\"533\" src=\"https:\/\/speyer24news.com\/wp-content\/uploads\/2021\/11\/Schlaegerei.jpg\" alt=\"\" class=\"wp-image-42366\" srcset=\"https:\/\/speyer24news.com\/wp-content\/uploads\/2021\/11\/Schlaegerei.jpg 800w, https:\/\/speyer24news.com\/wp-content\/uploads\/2021\/11\/Schlaegerei-300x200.jpg 300w, https:\/\/speyer24news.com\/wp-content\/uploads\/2021\/11\/Schlaegerei-768x512.jpg 768w\" sizes=\"(max-width: 800px) 100vw, 800px\" \/><figcaption>Beispielbild Schl\u00e4gerei \/ K\u00f6rperverletzung, dient lediglich der Visualisierung<\/figcaption><\/figure><\/div>\n\n\n<p>Zwischen einem 25-j\u00e4hrigem Mann und einer 5-k\u00f6pfigen M\u00e4nnergruppierung kam es am Freitagabend kurz vor 23 Uhr in der S-Bahn der Linie 5 zun\u00e4chst zu einem Gerangel. Als die Bahn am Willy-Brandt-Platz anhielt, verlagerte sich die Auseinandersetzung ins Freie. Dort schlugen die M\u00e4nner den 25-J\u00e4hrigen nieder und traten auf ihn ein. Hinzueilende Zeugen informierten die Polizei und den Rettungsdienst. Die Unbekannten fl\u00fcchteten zu Fu\u00df in Richtung Karl-Metz-Stra\u00dfe. <\/p>\n\n\n\n<h4 class=\"wp-block-heading\">Drei der T\u00e4ter konnten durch die Zeugen als <\/h4>\n\n\n\n<ul><li><strong>ungef\u00e4hr 20-j\u00e4hrige M\u00e4nner <\/strong><\/li><li><strong>s\u00fcdl\u00e4ndischen Ph\u00e4notyps beschrieben werden. <\/strong><\/li><li><strong>Zwei Personen trugen einen Rucksack. <\/strong><\/li><li><strong>Eine Person eine M\u00fctze <\/strong><\/li><li><strong>und zwei Personen waren mit einem wei\u00dfen T-Shirt bekleidet. <\/strong><\/li><\/ul>\n\n\n\n<p>Die Hintergr\u00fcnde f\u00fcr die Auseinandersetzung sind derzeit noch unklar. Das Polizeirevier Heidelberg-Mitte hat die Ermittlungen wegen gef\u00e4hrlicher K\u00f6rperverletzung aufgenommen. Zeugen, welche den Vorfall beobachtet haben, werden gebeten, sich telefonisch unter 06221\/174-1700 melden.<\/p>\n\n\n\n<h2 class=\"wp-block-heading\">(Heidelberg-Rohrbach) &#8211; \u00dcberfall auf Wettb\u00fcro; Zeugen gesucht<\/h2>\n\n\n<div class=\"wp-block-image\">\n<figure class=\"aligncenter size-large\"><img decoding=\"async\" loading=\"lazy\" width=\"1024\" height=\"941\" src=\"https:\/\/speyer24news.com\/wp-content\/uploads\/2020\/07\/Maskierter-T\u00e4ter-1024x941-1024x941.jpg\" alt=\"\" class=\"wp-image-28719\" srcset=\"https:\/\/speyer24news.com\/wp-content\/uploads\/2020\/07\/Maskierter-T\u00e4ter-1024x941.jpg 1024w, https:\/\/speyer24news.com\/wp-content\/uploads\/2020\/07\/Maskierter-T\u00e4ter-1024x941-300x276.jpg 300w, https:\/\/speyer24news.com\/wp-content\/uploads\/2020\/07\/Maskierter-T\u00e4ter-1024x941-768x706.jpg 768w\" sizes=\"(max-width: 1024px) 100vw, 1024px\" \/><figcaption>Symbolbild \u00dcberfall \/ Zeugen gesucht, dient lediglich der Visualisierung<\/figcaption><\/figure><\/div>\n\n\n<p>Am sp\u00e4ten Samstagabend wurde ein Wettb\u00fcro in der Karlsruher Stra\u00dfe im Stadtteil Rohrbach \u00fcberfallen.<\/p>\n\n\n\n<p>Ein bislang unbekannter T\u00e4ter betrat kurz vor 22 Uhr das Wettb\u00fcro, bedrohte eine Angestellte mit einer Schusswaffe und forderte die Herausgabe des Bargeldes.<\/p>\n\n\n\n<p>Mit Bargeld in noch unbekannter H\u00f6he, das der T\u00e4ter in einer Plastikt\u00fcte verstaute, fl\u00fcchtete er auf der Karlsruher Stra\u00dfe in Richtung Rohrbach-Markt und bog dann nach links in die St. Peter-Stra\u00dfe in Richtung Panormastra\u00dfe ab.<\/p>\n\n\n\n<p>Eine sofort eingeleitete Fahndung verlief ohne Ergebnis.<\/p>\n\n\n\n<h4 class=\"wp-block-heading\">Der T\u00e4ter wird wie folgt beschrieben: <\/h4>\n\n\n\n<ul><li><strong>ca. 20-25 Jahre<\/strong><\/li><li><strong>ca. 170 cm<\/strong><\/li><li><strong>kr\u00e4ftige Statur<\/strong><\/li><li><strong>heller Teint<\/strong><\/li><li><strong>Er trug einen grauen Kapuzenpullover mit schwarzen Applikationen an den Schultern, dunkle, kurze Adidas-Shorts, braune Halbschuhe, schwarze Handschuhe und einen blauen Mund-Nasen-Schutz.<\/strong><\/li><\/ul>\n\n\n\n<p>Das Raubdezernat der Kriminalpolizeidirektion Heidelberg hat die weiteren Ermittlungen \u00fcbernommen. Die Zentrale Kriminaltechnik sicherte noch am Tatabend erste Spuren, die nun ausgewertet werden.<\/p>\n\n\n\n<p>Zeugen werden gebeten, sich beim Kriminaldauerdienst, Tel.: 0621\/174-4444 oder beim Polizeirevier HD-S\u00fcd, Tel.: 06221\/3418-0 zu melden.<\/p>\n\n\n\n<h2 class=\"wp-block-heading\">(Heidelberg-Handschuhsheim) &#8211; Dreister Handtaschendiebstahl \/ Polizei ermittelt und sucht Zeugen<\/h2>\n\n\n\n<p>Besonders skrupellos vorgegangen sind am Sonntagabend zwei M\u00e4nner in der Dossenheimer Landstra\u00dfe. Nachdem eine 80 Jahre alte Frau ihre Handtasche auf dem Beifahrersitz ihres in H\u00f6he der Hausnummer 36 geparkten, grauen VW Golfs abgelegt hatte, suchte sie die Fahrerseite ihres Fahrzeugs auf. Hierbei n\u00e4herten sich ihr pl\u00f6tzlich zwei unbekannte M\u00e4nner. Noch w\u00e4hrend die Seniorin den PKW umrundete, \u00f6ffnete einer der Langfinger unbemerkt die Fahrzeugt\u00fcr und entwendete die auf dem Beifahrersitz befindliche Handtasche. Kurz darauf stiegen die Diebe in ein Fahrzeug, winkten der Frau noch zu und fuhren anschlie\u00dfend in unbekannte Richtung davon. Die 80-J\u00e4hrige bemerkte den Diebstahl erst, als sie wieder in ihrem VW sa\u00df. Neben pers\u00f6nlichen Dokumenten befanden sich auch mehrere hundert Euro Bargeld in der Tasche.<\/p>\n\n\n\n<p>Das Polizeirevier Heidelberg-Nord hat die Ermittlungen aufgenommen und sucht nach Zeugen, die m\u00f6glicherweise Angaben zu dem Fluchtfahrzeug sowie zu den beiden M\u00e4nnern und deren Fluchtrichtung machen k\u00f6nnen. Sie werden gebeten, sich unter der Tel.: 06221 45690 zu melden.<\/p>\n\n\n\n<h2 class=\"wp-block-heading\">(Angelbachtal-Michelfeld \/ Sinsheim-D\u00fchren \/ Rhein-Neckar-Kreis) &#8211; Fahrer eines wei\u00dfen Mercedes gef\u00e4hrdet andere Verkehrsteilnehmer; weitere Gesch\u00e4digte und Zeugen gesucht<\/h2>\n\n\n\n<p>Wegen des Verdachts des gef\u00e4hrlichen Eingriffs in den Stra\u00dfenverkehr ermittelt das Polizeirevier Sinsheim gegen einen noch unbekannten Fahrer eines wei\u00dfen Mercedes C 500 Cabrio mit HD-Kennzeichen.<\/p>\n\n\n\n<p>Der Mann soll bereits am Samstag, den 30. Juli 2022, gegen 18.30 Uhr, auf der K 4177 zwischen Sinsheim-D\u00fchren und Michelfeld aus bislang unbekannten Gr\u00fcnden, wie erste Ermittlungen ergaben, die linke Spur \u00fcber eine l\u00e4ngere Strecke befahren zu haben. Als ein gr\u00fcner Skoda, besetzt mit zwei Insassen hupend entgegenkam, soll der Mercedes-Fahrer nur kurz auf die rechte Spur gezogen sein, um anschlie\u00dfend wieder gezielt auf die Gegenfahrbahn und den gr\u00fcnen Skoda zuzulenken. Nur knapp entgingen beide Fahrzeuge einem Frontalzusammensto\u00df.<\/p>\n\n\n\n<p>Der Fahrer des wei\u00dfen Mercedes setzte seine Fahrt in Richtung Michelfeld fort. Das Kennzeichen des Mercedes ist den Ermittlern mittlerweile bekannt.<\/p>\n\n\n\n<p>Hinter dem gr\u00fcnen Skoda fuhr ein helles Auto, das ebenfalls mit zwei Insassen, wahrscheinlich mit einem Mann und einer Frau, besetzt war. Das Fahrzeug folgte dem Skoda und bog schlie\u00dflich an der Einm\u00fcndung zur B39\/B 292 nach links in Richtung Eschelbach ab.<\/p>\n\n\n\n<p>Ob diese beiden Insassen ebenfalls gef\u00e4hrdet wurden oder lediglich Zeugen des Vorfalls sind, ist noch Gegenstand der Ermittlungen.<\/p>\n\n\n\n<p>Die Insassen dieses hellen Fahrzeuges werden als wichtige Zeugen gesucht und dringend gebeten, sich beim Polizeirevier Sinsheim zu melden.<\/p>\n\n\n\n<p>Da es nicht ausgeschlossen ist, dass der Fahrer des gesuchten wei\u00dfen Mercedes Cabrio auf seiner Fahrt nach Angelbachtal-Michelfeld -m\u00f6glicherweise kam er aus Richtung Sinsheim- weitere Fahrzeuge und Insassen durch seine Fahrweise gef\u00e4hrdet haben k\u00f6nnte, werden weitere Zeugen\/Gesch\u00e4digte gebeten, sich beim Polizeirevier Sinsheim, Tel.: 07261\/690-0 oder jeder anderen Polizeidienststelle zu melden.<\/p>\n\n\n\n<h2 class=\"wp-block-heading\">(Sinsheim \/ Rhein-Neckar-Kreis) &#8211; Zweimal gescheitert, beim dritten Mal waren falsche Polizeibeamte erfolgreich<\/h2>\n\n\n\n<p>Nachdem sie zweimal mit ihren Tricks gescheitert waren, hatten &#8222;falsche Polizeibeamte&#8220; am Dienstagnachmittag doch noch Gl\u00fcck und erbeuteten von einer 83-j\u00e4hrigen Frau in der Salierstra\u00dfe rund 9.000.- Euro.<\/p>\n\n\n\n<p>Unter der Vorspiegelung falscher Tatsachen wurde die Frau von einem unbekannten Anrufer in einem mehrst\u00fcndigen Gespr\u00e4ch dazu veranlasst, ihre Ersparnisse abzuheben und einem unbekannten Abholer gegen 15.30 Uhr vor ihrer Wohnung zu \u00fcbergeben.<\/p>\n\n\n\n<p>Bereits am Dienstagvormittag wurde eine 82-j\u00e4hrige Frau im Ortsteil Steinsfurt von einem angeblichen Frank Adler vom Raubdezernat Sinsheim in einem rund zweieinhalbst\u00fcndigen Telefonat derart unter Druck gesetzt, dass sie die geforderten 12.000.- Euro von ihrer Hausbank abheben wollte. Dort erkannte eine Angestellte sofort den Betrugsversuch und bewahrte die Seniorin vor Schaden. Anschlie\u00dfend wurde die Polizei verst\u00e4ndigt.<\/p>\n\n\n\n<p>Ein 84-j\u00e4hriger Mann, bei dem der angebliche Polizeibeamte Frank Adler ebenfalls anrief, durchschaute sofort den Betrugsversuch und legte auf.<\/p>\n\n\n\n<p>Das Betrugsdezernat der Kriminalpolizeidirektion Heidelberg hat die weiteren Ermittlungen zu beiden F\u00e4llen \u00fcbernommen.<\/p>\n\n\n\n<p>In diesem Zusammenhang weisen die Ermittler wiederholt und eindringlich darauf hin, keine Geldbetr\u00e4ge vor der Haust\u00fcr an fremde Menschen zu \u00fcbergeben oder vor der T\u00fcr zu hinterlegen. Die Polizei holt NIE Geld, Schmuck oder Wertgegenst\u00e4nde an der Haust\u00fcr ab oder l\u00e4sst diese von Boten abholen.<\/p>\n\n\n\n<p>Hinweise, insbesondere \u00fcber verd\u00e4chtige Wahrnehmungen -Personen und Fahrzeuge- am Dienstagnachmittag, zwischen 15.00-16.00 Uhr, rund um die Salierstra\u00dfe, bitte an den Kriminaldauerdienst, Tel.: 0621\/174-4444 oder an das Polizeirevier Sinsheim, Tel.: 07261\/690-0.<\/p>\n\n\n\n<h4 class=\"wp-block-heading\">Zu den aktuellen Themen<\/h4>\n\n\n\n<ul><li><strong>Falsche Polizeibeamte<\/strong><\/li><li><strong>Enkeltrick<\/strong><\/li><li><strong>Schockanrufe<\/strong><\/li><li><strong>Gewinnversprechen<\/strong><\/li><\/ul>\n\n\n\n<p>stehen die Sachbearbeiterin Vorbeugung des Polizeireviers Sinsheim und die Fachberater der Kriminalpolizeilichen Beratungsstelle am <strong>Freitag, den 05.08.2020, von 09:00 &#8211; 13:00 Uhr, vor dem Alten Rathaus in Sinsheim, Hauptstra\u00dfe 92<\/strong>, an einem Informationsstand Rede und Antwort. Nicht nur Seniorinnen und Senioren, sondern auch deren Kinder und Enkel sind Zielgruppen der Veranstaltung.<\/p>\n\n\n\n<p>F\u00fcr weitere Fragen steht die Kriminalpolizeiliche Beratungsstelle in Heidelberg jeweils montags bis freitags von 08.00 &#8211; 16.00 Uhr unter Telefon 0621\/174-1234 zur Verf\u00fcgung (per E-Mail:\u00a0<a href=\"mailto:beratungsstelle.hd@polizei.bwl.de\">beratungsstelle.hd@polizei.bwl.de<\/a>). Hinweise auch unter\u00a0<a href=\"https:\/\/www.polizei-beratung.de\/\" target=\"_blank\" rel=\"noreferrer noopener\">www.polizei-beratung.de<\/a>\u00a0und\u00a0<a href=\"https:\/\/www.k-einbruch.de\/\" target=\"_blank\" rel=\"noreferrer noopener\">www.k-einbruch.de<\/a><\/p>\n\n\n\n<h2 class=\"wp-block-heading\">(Ladenburg \/ Rhein-Neckar-Kreis) &#8211; Betrugsversuch gerade noch glimpflich ausgegangen; Kriminalpolizei ermittelt<\/h2>\n\n\n\n<p>Gl\u00fcck im Ungl\u00fcck hatte am Freitag ein Paar aus Ladenburg. Gegen 11:30 Uhr erhielten die Beiden einen Telefonanruf von einer unbekannten Frau. Angeblich habe die Tochter einen schweren Verkehrsunfall verursacht und w\u00fcrde nun einer Haftstrafe entgegensehen. Lediglich durch die sofortige Bezahlung eines hohen Bargeldbetrags k\u00f6nne die Strafe noch abgewendet werden. Das Paar, das \u00fcber mehrere Stunden hinweg durch eine geschickte Gespr\u00e4chsf\u00fchrung unter Druck gesetzt wurde und fest der Meinung war, tats\u00e4chlich ihrer Tochter zu helfen, leistete den Anweisungen der Trickbetr\u00fcger schlie\u00dflich Folge. Neben mehreren zehntausend Euro Bargeld suchte das Paar auch diverse Schmuckst\u00fccke zusammen. Als \u00dcbergabeort wurde schlie\u00dflich eine Kreuzung in Mannheim vereinbart. Nachdem die Beiden dann aber den vereinbarten Treffpunkt nicht fanden und die Trickbetr\u00fcger offenbar die Geduld verloren, lie\u00dfen sie von ihren nichtsahnenden Opfern ab und gaben stattdessen vor, die Tochter freizulassen. Erst im Nachgang realisierte das Paar, dass sie beinahe auf einen sogenannten &#8222;Schockanruf&#8220; reingefallen w\u00e4ren.<\/p>\n\n\n\n<p>Das Betrugsdezernat der Kriminalpolizeidirektion Heidelberg hat die weiteren Ermittlungen aufgenommen.<\/p>\n\n\n\n<p>Informationen zu den verschiedenen Betrugsph\u00e4nomenen sowie Verhaltenstipps finden Sie unter dem nachfolgenden Link der Polizeilichen Kriminalpr\u00e4vention:\u00a0<a href=\"https:\/\/www.polizei-beratung.de\/themen-und-tipps\/betrug\/\" target=\"_blank\" rel=\"noreferrer noopener\">https:\/\/www.polizei-beratung.de\/themen-und-tipps\/betrug\/<\/a><\/p>\n\n\n\n<h2 class=\"wp-block-heading\">(Heddesheim \/ Rhein-Neckar-Kreis) &#8211; Autofahrer kommt von Fahrbahn ab, PKW \u00fcberschl\u00e4gt sich<a href=\"https:\/\/www.facebook.com\/sharer.php?u=https%3A%2F%2Fwww.presseportal.de%2Fblaulicht%2Fpm%2F14915%2F5288208%2F%3Futm_source%3Dfacebook%26utm_medium%3Dsocial\"><\/a><a href=\"https:\/\/twitter.com\/intent\/tweet?text=POL-MA%3A%20Heddesheim%20%2F%20Rhein-Neckar-Kreis%3A%20Autofahrer%20kommt%20von%20Fahrbahn%20ab%2C%20PKW%20%C3%BCberschl%C3%A4gt%20sich&amp;url=https%3A%2F%2Fwww.presseportal.de%2Fblaulicht%2Fpm%2F14915%2F5288208%2F%3Futm_source%3Dtwitter%26utm_medium%3Dsocial&amp;hashtags=ots&amp;lang=de\"><\/a><a href=\"https:\/\/web.whatsapp.com\/send?text=POL-MA%3A%20Heddesheim%20%2F%20Rhein-Neckar-Kreis%3A%20Autofahrer%20kommt%20von%20Fahrbahn%20ab%2C%20PKW%20%C3%BCberschl%C3%A4gt%20sich%0A%0Ahttps%3A%2F%2Fwww.presseportal.de%2Fblaulicht%2Fpm%2F14915%2F5288208%2F%3Futm_source%3Dwhatsapp%26utm_medium%3Dsocial\"><\/a><a href=\"https:\/\/www.xing.com\/app\/user?op=share;url=https%3A%2F%2Fwww.presseportal.de%2Fblaulicht%2Fpm%2F14915%2F5288208%2F%3Futm_source%3Dxing%26utm_medium%3Dsocial\"><\/a><a href=\"http:\/\/www.linkedin.com\/shareArticle?mini=true&amp;url=https%3A%2F%2Fwww.presseportal.de%2Fblaulicht%2Fpm%2F14915%2F5288208%2F%3Futm_source%3Dlinkedin%26utm_medium%3Dsocial&amp;title=POL-MA%3A+Heddesheim+%2F+Rhein-Neckar-Kreis%3A+Autofahrer+kommt+von+Fahrbahn+ab%2C+PKW+%C3%BCberschl%C3%A4gt+sich\"><\/a><a href=\"mailto:?subject=POL-MA%3A%20Heddesheim%20%2F%20Rhein-Neckar-Kreis%3A%20Autofahrer%20kommt%20von%20Fahrbahn%20ab%2C%20PKW%20%C3%BCberschl%C3%A4gt%20sich&amp;body=https:\/\/www.presseportal.de\/blaulicht\/pm\/14915\/5288208\"><\/a><\/h2>\n\n\n\n<p>Am Dienstagmorgen gegen 07:45 Uhr kam der 33-j\u00e4hrige Fahrer eines Renaults aus bisher ungekl\u00e4rter Ursache auf seinem Weg in Richtung Mannheim nach rechts von der L 597 ab. Auf H\u00f6he einer Firma f\u00fcr Baubedarf kam der 33-J\u00e4hrige von der Fahrbahn ab, geriet ins Schleudern und der Renault \u00fcberschlug sich. Nach knapp 200 m kam das Auto dann in einem an die Fahrbahn angrenzenden Feld zum Stehen. Der 33-J\u00e4hrige wurde hierbei leicht verletzt und vorsorglich in ein Krankenhaus gebracht. Der Renault war nicht mehr fahrbereit und musste abgeschleppt werden, die Fahrbahn musste zur Unfallaufnahme kurzzeitig gesperrt werden. Der Sachschaden bel\u00e4uft sich auf etwa 10.000 Euro. Der Verkehrsdienst Mannheim war zur Unfallaufnahme vor Ort.<\/p>\n\n\n\n<h2 class=\"wp-block-heading\">(Weinheim \/ Rhein-Neckar-Kreis) &#8211; Verkehrsunfall mit Unfallflucht \/ Polizei sucht Zeugen!<\/h2>\n\n\n\n<p>Zu einem Verkehrsunfall kam es am zwischen Samstag, 20 Uhr, und Sonntag, 09 Uhr, im L\u00e4rchenweg. Ein bislang unbekannter Autofahrer besch\u00e4digte, vermutlich im Vorbeifahren, einen am rechten Fahrbahnrand geparkten Skoda und entfernte sich anschlie\u00dfend einfach von der Unfall\u00f6rtlichkeit, ohne seiner Feststellungspflicht nachzukommen. Der Skoda wurde dabei erheblich besch\u00e4digt, der entstandene Sachschaden betr\u00e4gt mindestens 1.200 Euro.<\/p>\n\n\n\n<p>Zeugen, die sachdienliche Hinweise geben k\u00f6nnen, werden gebeten sich beim Polizeirevier Weinheim, unter der Telefonnummer 06201-10030, zu melden.<\/p>\n\n\n\n<h2 class=\"wp-block-heading\">(Hemsbach \/ Rhein-Neckar-Kreis) &#8211; Unbekannte besch\u00e4digen Bushaltestelle \/ Zeugen gesucht<\/h2>\n\n\n\n<p>Am vergangenen Wochenende (29.07. bis 31.07.) besch\u00e4digten bisher unbekannte T\u00e4ter eine Glasscheibe an der Bushaltestelle &#8222;Wiesensee&#8220;. Der Sachschaden liegt mindestens im dreistelligen Bereich. Mit welchem Gegenstand die mittlere der drei Glasscheiben besch\u00e4digt wurde, ist derzeit unbekannt. Das Polizeirevier Weinheim hat die Ermittlungen wegen Sachbesch\u00e4digung aufgenommen und sucht nun Zeugen, welche sachdienliche Hinweise zum Tatgeschehen machen k\u00f6nnen. Diese werden unter Tel.: 06201\/1003-0 entgegengenommen.<\/p>\n","protected":false},"excerpt":{"rendered":"<div class=\"mh-excerpt\"><p>Polizeimeldungen vom Montag bis Mittwoch (01.08. &#8211; 03.08.2022) (Speyer) &#8211; Zwei E-Scooter nach Verst\u00f6\u00dfen sichergestellt, Regeln f\u00fcr E-Scooter Am Dienstag, den 02.08.2022, um 14:50 Uhr, befuhr ein 24-J\u00e4hriger aus dem Kreis Germersheim die Wormser Landstra\u00dfe <a class=\"mh-excerpt-more\" href=\"https:\/\/speyer24news.com\/?p=47786\" title=\"Polizeimeldungen Montag &#8211; Mittwoch (01.08. &#8211; 03.08.22)\">[&#8230;]<\/a><\/p>\n<\/div>","protected":false},"author":3,"featured_media":26162,"comment_status":"open","ping_status":"open","sticky":false,"template":"","format":"standard","meta":{"_monsterinsights_skip_tracking":false,"_monsterinsights_sitenote_active":false,"_monsterinsights_sitenote_note":"","_monsterinsights_sitenote_category":0,"footnotes":""},"categories":[12],"tags":[702,61,2555,6955,6986,6263,63,105,11150,6987,53,4854,13534,4683,1548,4905,11592,102,13626,213,14325,14324,13553,13541,55,8277,6368,5261,103,106,2803,2423,427,2625,380,62,104,979,1565],"aioseo_notices":[],"amp_enabled":true,"_links":{"self":[{"href":"https:\/\/speyer24news.com\/index.php?rest_route=\/wp\/v2\/posts\/47786"}],"collection":[{"href":"https:\/\/speyer24news.com\/index.php?rest_route=\/wp\/v2\/posts"}],"about":[{"href":"https:\/\/speyer24news.com\/index.php?rest_route=\/wp\/v2\/types\/post"}],"author":[{"embeddable":true,"href":"https:\/\/speyer24news.com\/index.php?rest_route=\/wp\/v2\/users\/3"}],"replies":[{"embeddable":true,"href":"https:\/\/speyer24news.com\/index.php?rest_route=%2Fwp%2Fv2%2Fcomments&post=47786"}],"version-history":[{"count":1,"href":"https:\/\/speyer24news.com\/index.php?rest_route=\/wp\/v2\/posts\/47786\/revisions"}],"predecessor-version":[{"id":47800,"href":"https:\/\/speyer24news.com\/index.php?rest_route=\/wp\/v2\/posts\/47786\/revisions\/47800"}],"wp:featuredmedia":[{"embeddable":true,"href":"https:\/\/speyer24news.com\/index.php?rest_route=\/wp\/v2\/media\/26162"}],"wp:attachment":[{"href":"https:\/\/speyer24news.com\/index.php?rest_route=%2Fwp%2Fv2%2Fmedia&parent=47786"}],"wp:term":[{"taxonomy":"category","embeddable":true,"href":"https:\/\/speyer24news.com\/index.php?rest_route=%2Fwp%2Fv2%2Fcategories&post=47786"},{"taxonomy":"post_tag","embeddable":true,"href":"https:\/\/speyer24news.com\/index.php?rest_route=%2Fwp%2Fv2%2Ftags&post=47786"}],"curies":[{"name":"wp","href":"https:\/\/api.w.org\/{rel}","templated":true}]}}