{"id":47854,"date":"2022-08-06T07:05:22","date_gmt":"2022-08-06T06:05:22","guid":{"rendered":"https:\/\/speyer24news.com\/?p=47854"},"modified":"2022-08-06T07:07:42","modified_gmt":"2022-08-06T06:07:42","slug":"der-generalbundesanwalt-beim-bundesgerichtshof","status":"publish","type":"post","link":"https:\/\/speyer24news.com\/?p=47854","title":{"rendered":"Der Generalbundesanwalt beim Bundesgerichtshof"},"content":{"rendered":"<style type=\"text\/css\">\r\n\t.ads_top_disp{}\r\n\t.ads_top_corner_disp{ float:left; margin:0px 10px 10px 0px; }\r\n\t.ads_first_p_disp{}\r\n\t.ads_bottom_disp{}\r\n\t<\/style>\n<h2 class=\"wp-block-heading\">Anklage wegen des Brandanschlages auf eine Asylbewerberunterkunft am 19. September 1991 in Saarlouis erhoben<\/h2>\n\n\n<div class=\"wp-block-image\">\n<figure class=\"aligncenter size-full\"><img decoding=\"async\" loading=\"lazy\" width=\"800\" height=\"600\" src=\"https:\/\/speyer24news.com\/wp-content\/uploads\/2021\/05\/hammer-802296_1920.jpg\" alt=\"\" class=\"wp-image-36242\" srcset=\"https:\/\/speyer24news.com\/wp-content\/uploads\/2021\/05\/hammer-802296_1920.jpg 800w, https:\/\/speyer24news.com\/wp-content\/uploads\/2021\/05\/hammer-802296_1920-300x225.jpg 300w, https:\/\/speyer24news.com\/wp-content\/uploads\/2021\/05\/hammer-802296_1920-768x576.jpg 768w, https:\/\/speyer24news.com\/wp-content\/uploads\/2021\/05\/hammer-802296_1920-678x509.jpg 678w, https:\/\/speyer24news.com\/wp-content\/uploads\/2021\/05\/hammer-802296_1920-326x245.jpg 326w, https:\/\/speyer24news.com\/wp-content\/uploads\/2021\/05\/hammer-802296_1920-80x60.jpg 80w\" sizes=\"(max-width: 800px) 100vw, 800px\" \/><\/figure><\/div>\n\n\n<p><strong>(Koblenz \/ Saarlouis) &#8211; <\/strong>Die Bundesanwaltschaft hat am 21. Juli 2022 vor dem Staatsschutzsenat des Oberlandesgerichts Koblenz Anklage gegen<\/p>\n\n\n\n<p>den deutschen Staatsangeh\u00f6rigen Peter S.<\/p>\n\n\n\n<p>erhoben.<\/p>\n\n\n\n<p>Gegen den Angeschuldigten besteht der hinreichende Tatverdacht des Mordes, des versuchten Mordes zum Nachteil von 20 Menschen sowie der Brandstiftung mit Todesfolge und mit versuchter Todesfolge (\u00a7\u00a7 211, 212 Abs. 1, \u00a7\u00a7 307 Nr. 1, 306 Nr. 2 a. F., \u00a7\u00a7 22, 23 Abs.&nbsp;1 StGB).<\/p>\n\n\n\n<h4 class=\"wp-block-heading\">In der nunmehr zugestellten Anklageschrift ist im Wesentlichen folgender Sachverhalt dargelegt:<\/h4>\n\n\n\n<p>Peter S. besuchte am sp\u00e4ten Abend des 18. September 1991 eine Gastst\u00e4tte in Saarlouis, wo er sich mit rechtsextremistischen Gesinnungsgenossen unter anderem \u00fcber die rassistisch motivierten Anschl\u00e4ge auf Unterk\u00fcnfte f\u00fcr Ausl\u00e4nder in Hoyerswerda austauschte. Die Gespr\u00e4chsteilnehmer machten deutlich, dass sie die Begehung solcher Anschl\u00e4ge auch in Saarlouis guthei\u00dfen w\u00fcrden.<\/p>\n\n\n\n<p>Nach Schlie\u00dfung der Gastst\u00e4tte begab sich der Angeschuldigte in den fr\u00fchen Morgenstunden des 19. September 1991 zu einem Wohnheim f\u00fcr Asylbewerber in der Saarlouiser Stra\u00dfe, um dort aus seiner rechtsextremistischen und rassistischen Gesinnung heraus einen Brand zu legen. Er betrat das Geb\u00e4ude, goss im Treppenhaus des Erdgeschosses aus einem Kunststoffkanister Benzin aus und entz\u00fcndete es. Das Feuer breitete sich mit gro\u00dfer Geschwindigkeit im gesamten Treppenhaus aus und erfasste im Flur des Dachgeschosses einen 27-j\u00e4hrigen ghanaischen Staatsangeh\u00f6rigen. Dieser erlitt schwerste Verbrennungen und eine Rauchvergiftung, die noch am Tattag zu seinem Tod f\u00fchrten. Zwei weitere Hausbewohner konnten sich nur durch Spr\u00fcnge aus dem Fenster retten und trugen dadurch Knochenbr\u00fcche davon. Den \u00fcbrigen 18 Bewohnern gelang es, sich unverletzt in Sicherheit zu bringen.<\/p>\n\n\n\n<p>Der Angeschuldigte wurde am 4. April 2022 festgenommen und befindet sich seitdem in Untersuchungshaft (vgl. im \u00dcbrigen Pressemitteilungen Nr. 18 und 19 vom 4. April 2022).<\/p>\n\n\n\n<p><em>Der Generalbundesanwalt beim Bundesgerichtshof<br>03.08.2022<\/em><\/p>\n","protected":false},"excerpt":{"rendered":"<div class=\"mh-excerpt\"><p>Anklage wegen des Brandanschlages auf eine Asylbewerberunterkunft am 19. September 1991 in Saarlouis erhoben (Koblenz \/ Saarlouis) &#8211; Die Bundesanwaltschaft hat am 21. Juli 2022 vor dem Staatsschutzsenat des Oberlandesgerichts Koblenz Anklage gegen den deutschen <a class=\"mh-excerpt-more\" href=\"https:\/\/speyer24news.com\/?p=47854\" title=\"Der Generalbundesanwalt beim Bundesgerichtshof\">[&#8230;]<\/a><\/p>\n<\/div>","protected":false},"author":3,"featured_media":47855,"comment_status":"open","ping_status":"open","sticky":false,"template":"","format":"standard","meta":{"_monsterinsights_skip_tracking":false,"_monsterinsights_sitenote_active":false,"_monsterinsights_sitenote_note":"","_monsterinsights_sitenote_category":0,"footnotes":""},"categories":[12],"tags":[15033,15035,15034,14925,15036,15037,15032],"aioseo_notices":[],"amp_enabled":true,"_links":{"self":[{"href":"https:\/\/speyer24news.com\/index.php?rest_route=\/wp\/v2\/posts\/47854"}],"collection":[{"href":"https:\/\/speyer24news.com\/index.php?rest_route=\/wp\/v2\/posts"}],"about":[{"href":"https:\/\/speyer24news.com\/index.php?rest_route=\/wp\/v2\/types\/post"}],"author":[{"embeddable":true,"href":"https:\/\/speyer24news.com\/index.php?rest_route=\/wp\/v2\/users\/3"}],"replies":[{"embeddable":true,"href":"https:\/\/speyer24news.com\/index.php?rest_route=%2Fwp%2Fv2%2Fcomments&post=47854"}],"version-history":[{"count":2,"href":"https:\/\/speyer24news.com\/index.php?rest_route=\/wp\/v2\/posts\/47854\/revisions"}],"predecessor-version":[{"id":47858,"href":"https:\/\/speyer24news.com\/index.php?rest_route=\/wp\/v2\/posts\/47854\/revisions\/47858"}],"wp:featuredmedia":[{"embeddable":true,"href":"https:\/\/speyer24news.com\/index.php?rest_route=\/wp\/v2\/media\/47855"}],"wp:attachment":[{"href":"https:\/\/speyer24news.com\/index.php?rest_route=%2Fwp%2Fv2%2Fmedia&parent=47854"}],"wp:term":[{"taxonomy":"category","embeddable":true,"href":"https:\/\/speyer24news.com\/index.php?rest_route=%2Fwp%2Fv2%2Fcategories&post=47854"},{"taxonomy":"post_tag","embeddable":true,"href":"https:\/\/speyer24news.com\/index.php?rest_route=%2Fwp%2Fv2%2Ftags&post=47854"}],"curies":[{"name":"wp","href":"https:\/\/api.w.org\/{rel}","templated":true}]}}