{"id":47860,"date":"2022-08-06T10:00:31","date_gmt":"2022-08-06T09:00:31","guid":{"rendered":"https:\/\/speyer24news.com\/?p=47860"},"modified":"2022-08-06T10:00:33","modified_gmt":"2022-08-06T09:00:33","slug":"veranstaltung-suedliche-weinstrasse","status":"publish","type":"post","link":"https:\/\/speyer24news.com\/?p=47860","title":{"rendered":"Veranstaltung \/ S\u00fcdliche Weinstra\u00dfe"},"content":{"rendered":"<style type=\"text\/css\">\r\n\t.ads_top_disp{}\r\n\t.ads_top_corner_disp{ float:left; margin:0px 10px 10px 0px; }\r\n\t.ads_first_p_disp{}\r\n\t.ads_bottom_disp{}\r\n\t<\/style>\n<h2 class=\"wp-block-heading\">1. Pf\u00e4lzer Gourmet Festival by Reichsrat von Buhl &amp; Tristan Brandt \u2013 das Kulinarik-Event der Weinregion<\/h2>\n\n\n<div class=\"wp-block-image\">\n<figure class=\"aligncenter size-full\"><img decoding=\"async\" loading=\"lazy\" width=\"800\" height=\"489\" src=\"https:\/\/speyer24news.com\/wp-content\/uploads\/2022\/08\/Gourment-Festival-Deidesheim.jpg\" alt=\"\" class=\"wp-image-47862\" srcset=\"https:\/\/speyer24news.com\/wp-content\/uploads\/2022\/08\/Gourment-Festival-Deidesheim.jpg 800w, https:\/\/speyer24news.com\/wp-content\/uploads\/2022\/08\/Gourment-Festival-Deidesheim-300x183.jpg 300w, https:\/\/speyer24news.com\/wp-content\/uploads\/2022\/08\/Gourment-Festival-Deidesheim-768x469.jpg 768w\" sizes=\"(max-width: 800px) 100vw, 800px\" \/><\/figure><\/div>\n\n\n<p><strong>Save the Date: Am 02. September 2022 feiern das renommierte Weingut Reichsrat von Buhl und Spitzenkoch Tristan Brandt die Premiere ihres gemeinsam entwickelten Gourmet Festivals in Deidesheim +++ Insgesamt 18 Sterne-, Spitzen- und TV-K\u00f6che sowie eine gro\u00dfe Anzahl an Genusspartnern folgen dem Aufruf und unterst\u00fctzen tatkr\u00e4ftig das Event. Als Festival-Highlight hat sich Star-DJ Antoine (\u201eWelcome to Saint Tropez\u201c) angek\u00fcndigt, der Deidesheim in eine gro\u00dfe Party verwandeln wird.<\/strong><\/p>\n\n\n<div class=\"wp-block-image\">\n<figure class=\"aligncenter size-full\"><img decoding=\"async\" loading=\"lazy\" width=\"800\" height=\"533\" src=\"https:\/\/speyer24news.com\/wp-content\/uploads\/2022\/08\/Portrait_Tristan_Bra_oto_lvffood.com_.jpg\" alt=\"\" class=\"wp-image-47863\" srcset=\"https:\/\/speyer24news.com\/wp-content\/uploads\/2022\/08\/Portrait_Tristan_Bra_oto_lvffood.com_.jpg 800w, https:\/\/speyer24news.com\/wp-content\/uploads\/2022\/08\/Portrait_Tristan_Bra_oto_lvffood.com_-300x200.jpg 300w, https:\/\/speyer24news.com\/wp-content\/uploads\/2022\/08\/Portrait_Tristan_Bra_oto_lvffood.com_-768x512.jpg 768w\" sizes=\"(max-width: 800px) 100vw, 800px\" \/><figcaption>Spitzenkoch und Unternehmer Tristan Brandt. <br><em>Foto: <a href=\"http:\/\/www.lvffood.com\">lvffood.com<\/a><\/em><\/figcaption><\/figure><\/div>\n\n\n<p><strong>Deidesheim \/ Mannheim \u2013 <\/strong>Spitzenkoch Tristan Brandt ist bekannt f\u00fcr seine besonderen Erlebniskonzepte und Gourmet Festivals. Gemeinsam mit Gesch\u00e4ftsf\u00fchrer Dennis Geller vom Weingut Reichsrat von Buhl hat er sich ein Highlight f\u00fcr die Region Pfalz einfallen lassen: das erste Pf\u00e4lzer Gourmet Festival, das am 02. September 2022 im Weingut stattfinden wird.<\/p>\n\n\n<div class=\"wp-block-image\">\n<figure class=\"aligncenter size-full\"><img decoding=\"async\" loading=\"lazy\" width=\"800\" height=\"533\" src=\"https:\/\/speyer24news.com\/wp-content\/uploads\/2022\/08\/Motiv_Weingut_Copyri_-Melanie-Hubach.jpg\" alt=\"\" class=\"wp-image-47864\" srcset=\"https:\/\/speyer24news.com\/wp-content\/uploads\/2022\/08\/Motiv_Weingut_Copyri_-Melanie-Hubach.jpg 800w, https:\/\/speyer24news.com\/wp-content\/uploads\/2022\/08\/Motiv_Weingut_Copyri_-Melanie-Hubach-300x200.jpg 300w, https:\/\/speyer24news.com\/wp-content\/uploads\/2022\/08\/Motiv_Weingut_Copyri_-Melanie-Hubach-768x512.jpg 768w\" sizes=\"(max-width: 800px) 100vw, 800px\" \/><figcaption>Weingut Reichsrat von Buhl. <br><em>Foto: Melanie Hubach<\/em><\/figcaption><\/figure><\/div>\n\n\n<p>Deutschlands ehemalig j\u00fcngster 2 Sternekoch Tristan Brandt ist nicht nur Spitzenkoch, sondern auch Netzwerker, der mit seinen Kolleginnen und Kollegen neue Wege geht, spannende Konzepte kreiert und umsetzt. Diesmal folgen seinem Ruf beim 1. Pf\u00e4lzer Gourmet Festival by Reichsrat von Buhl und Tristan Brandt mit dabei zu sein, 18 Sterne-, Spitzen- und TV-K\u00f6che, die sich schon sehr darauf freuen bei dieser gro\u00dfartigen kulinarischen Party ihr K\u00f6nnen zu zeigen.<\/p>\n\n\n<div class=\"wp-block-image\">\n<figure class=\"aligncenter size-full\"><img decoding=\"async\" loading=\"lazy\" width=\"800\" height=\"533\" src=\"https:\/\/speyer24news.com\/wp-content\/uploads\/2022\/08\/Portrait_Dennis_Gell_-Melanie-Hubach.jpg\" alt=\"\" class=\"wp-image-47865\" srcset=\"https:\/\/speyer24news.com\/wp-content\/uploads\/2022\/08\/Portrait_Dennis_Gell_-Melanie-Hubach.jpg 800w, https:\/\/speyer24news.com\/wp-content\/uploads\/2022\/08\/Portrait_Dennis_Gell_-Melanie-Hubach-300x200.jpg 300w, https:\/\/speyer24news.com\/wp-content\/uploads\/2022\/08\/Portrait_Dennis_Gell_-Melanie-Hubach-768x512.jpg 768w\" sizes=\"(max-width: 800px) 100vw, 800px\" \/><figcaption>Dennis Geller &#8211; Gesch\u00e4ftsf\u00fchrer Reichsrat von Buhl. <br><em>Foto: Melanie Hubach<\/em><\/figcaption><\/figure><\/div>\n\n\n<p>Neben den Lokalmatadoren Lars Wolf vom Restaurant 1718 (Ketschauer Hof, Deidesheim), Piotr Suszek (Sushi B., Deidesheim) und Sternekoch Faycal Bettioui (Krone, Neupotz), haben sich 2 Sterne-Koch Boris Rommel (Gourmet-Restaurant Le Cerf, Zweiflingen-Friedrichsruhe) und die Sternek\u00f6che Alexander Dinter (Restaurant 5, Stuttgart), Florian Stolte (Restaurant 1789 Hotel Traube Tonbach, Baiersbronn), Malte Kuhn (Maltes \u201ehidden Kitchen\u201c, Baden-Baden), Wolfgang Becker (Beckers Hotel und Restaurant, Trier), Robert R\u00e4del (Restaurant Oben, Heidelberg) und Nico Burkhardt (Gourmetrestaurant Nico Burkhardt, Schorndorf), sowie Thorsten Bender (Restaurant Sein, Karlsruhe) und Peter Frid\u00e9n (Tawa Yama Fine, Karlsruhe) angek\u00fcndigt, bei der Premiere die Kochl\u00f6ffel zu schwingen. Dazu gesellen sich die TV-K\u00f6che und Publikumslieblinge Michael Kempf (Restaurant FACIL, Berlin), Kolja Kleeberg und Mike S\u00fcsser, der ein eigenes Gastro-Consulting Unternehmung in Scharnstein (\u00d6sterreich) betreibt, sowie die Gastk\u00f6che Timo Steubing und Oliver Weisch (Joul\u2019s, Landau). Festival-Organisator Tristan Brandt l\u00e4sst es sich nat\u00fcrlich auch nicht nehmen, f\u00fcr die G\u00e4ste des Festivals zu kochen.<\/p>\n\n\n<div class=\"wp-block-image\">\n<figure class=\"aligncenter size-full\"><img decoding=\"async\" loading=\"lazy\" width=\"800\" height=\"533\" src=\"https:\/\/speyer24news.com\/wp-content\/uploads\/2022\/08\/Motiv_Essen_Copyrigh_-Melanie-Hubach.jpg\" alt=\"\" class=\"wp-image-47866\" srcset=\"https:\/\/speyer24news.com\/wp-content\/uploads\/2022\/08\/Motiv_Essen_Copyrigh_-Melanie-Hubach.jpg 800w, https:\/\/speyer24news.com\/wp-content\/uploads\/2022\/08\/Motiv_Essen_Copyrigh_-Melanie-Hubach-300x200.jpg 300w, https:\/\/speyer24news.com\/wp-content\/uploads\/2022\/08\/Motiv_Essen_Copyrigh_-Melanie-Hubach-768x512.jpg 768w\" sizes=\"(max-width: 800px) 100vw, 800px\" \/><figcaption>Essen mit Reichsrat von Buhl. <br><em>Foto: Melanie Hubach<\/em><\/figcaption><\/figure><\/div>\n\n\n<p>\u201eDie Resonanz der Kochkollegen auf unser Event war \u00fcberw\u00e4ltigend. Und wir haben noch weitere Spitzenk\u00f6che in der Pipeline, die eventuell noch dazu sto\u00dfen werden\u201c, so Tristan Brandt.<\/p>\n\n\n<div class=\"wp-block-image\">\n<figure class=\"aligncenter size-full\"><img decoding=\"async\" loading=\"lazy\" width=\"800\" height=\"533\" src=\"https:\/\/speyer24news.com\/wp-content\/uploads\/2022\/08\/Motiv_Foodpairing_Co_-Melanie-Hubach.jpg\" alt=\"\" class=\"wp-image-47867\" srcset=\"https:\/\/speyer24news.com\/wp-content\/uploads\/2022\/08\/Motiv_Foodpairing_Co_-Melanie-Hubach.jpg 800w, https:\/\/speyer24news.com\/wp-content\/uploads\/2022\/08\/Motiv_Foodpairing_Co_-Melanie-Hubach-300x200.jpg 300w, https:\/\/speyer24news.com\/wp-content\/uploads\/2022\/08\/Motiv_Foodpairing_Co_-Melanie-Hubach-768x512.jpg 768w\" sizes=\"(max-width: 800px) 100vw, 800px\" \/><figcaption>Foodpairing mit Reichsrat von Buhl.<br><em>Foto: Melanie Hubach<\/em><\/figcaption><\/figure><\/div>\n\n\n<p>F\u00fcr das fl\u00fcssige Wohl sorgt das Weingut Reichsrat von Buhl, dessen K\u00f6stlichkeiten aus dem reichhaltigen Portfolio des Traditionshauses kredenzt werden: von Wein \u00fcber prickelnden Winzersekt bis hin zu Spirituosen. Viele weitere Genuss- und Non FoodPartner werden daf\u00fcr sorgen, den G\u00e4sten ein unvergessliches Erlebnis zu pr\u00e4sentieren.<\/p>\n\n\n<div class=\"wp-block-image\">\n<figure class=\"aligncenter size-full\"><img decoding=\"async\" loading=\"lazy\" width=\"800\" height=\"533\" src=\"https:\/\/speyer24news.com\/wp-content\/uploads\/2022\/08\/Motiv_Wein_Copyright_-Melanie-Hubach.jpg\" alt=\"\" class=\"wp-image-47868\" srcset=\"https:\/\/speyer24news.com\/wp-content\/uploads\/2022\/08\/Motiv_Wein_Copyright_-Melanie-Hubach.jpg 800w, https:\/\/speyer24news.com\/wp-content\/uploads\/2022\/08\/Motiv_Wein_Copyright_-Melanie-Hubach-300x200.jpg 300w, https:\/\/speyer24news.com\/wp-content\/uploads\/2022\/08\/Motiv_Wein_Copyright_-Melanie-Hubach-768x512.jpg 768w\" sizes=\"(max-width: 800px) 100vw, 800px\" \/><figcaption>Reichsrat von Buhl mit Glas. <br><em>Foto: Melanie Hubach<\/em><\/figcaption><\/figure><\/div>\n\n\n<h4 class=\"wp-block-heading\">Star-DJ Antoine: \u201eWelcome to Deidesheim!\u201c<\/h4>\n\n\n<div class=\"wp-block-image\">\n<figure class=\"aligncenter size-full\"><img decoding=\"async\" loading=\"lazy\" width=\"500\" height=\"729\" src=\"https:\/\/speyer24news.com\/wp-content\/uploads\/2022\/08\/Portrait_DJ_Antoine-2022-06.jpg\" alt=\"\" class=\"wp-image-47869\" srcset=\"https:\/\/speyer24news.com\/wp-content\/uploads\/2022\/08\/Portrait_DJ_Antoine-2022-06.jpg 500w, https:\/\/speyer24news.com\/wp-content\/uploads\/2022\/08\/Portrait_DJ_Antoine-2022-06-206x300.jpg 206w\" sizes=\"(max-width: 500px) 100vw, 500px\" \/><figcaption>DJ Antoine <br><em>Foto:\u00a0<a href=\"https:\/\/deref-web.de\/mail\/client\/EfF-NFczHSU\/dereferrer\/?redirectUrl=http%3A%2F%2Fwww.djantoine.com\" target=\"_blank\" rel=\"noreferrer noopener\">www.djantoine.com<\/a><\/em><\/figcaption><\/figure><\/div>\n\n\n<p>Als Highlight am Abend wird sich Deidesheim musikalisch in Saint Tropez verwandeln, denn Star-DJ Antoine aus der Schweiz wird den G\u00e4sten so richtig einheizen. \u201eDavon bin ich \u00fcberzeugt, denn wir werden eine gro\u00dfe kulinarische Party feiern\u201c, freut sich Dennis Geller.<\/p>\n\n\n\n<p>Das Pf\u00e4lzer Gourmet Festival ist ein kulinarisches Forum f\u00fcr alle Genie\u00dferinnen und Genie\u00dfer. Dieser Treffpunkt kann aber auch durchaus auf Wanderschaft gehen und den Standort wechseln\u201c, verr\u00e4t Dennis Geller.<\/p>\n\n\n\n<h4 class=\"wp-block-heading\">Ticketverkauf gestartet!<\/h4>\n\n\n<div class=\"wp-block-image\">\n<figure class=\"aligncenter size-full\"><img decoding=\"async\" loading=\"lazy\" width=\"800\" height=\"533\" src=\"https:\/\/speyer24news.com\/wp-content\/uploads\/2022\/08\/Motiv_Garten_Copyrig_-Melanie-Hubach.jpg\" alt=\"\" class=\"wp-image-47870\" srcset=\"https:\/\/speyer24news.com\/wp-content\/uploads\/2022\/08\/Motiv_Garten_Copyrig_-Melanie-Hubach.jpg 800w, https:\/\/speyer24news.com\/wp-content\/uploads\/2022\/08\/Motiv_Garten_Copyrig_-Melanie-Hubach-300x200.jpg 300w, https:\/\/speyer24news.com\/wp-content\/uploads\/2022\/08\/Motiv_Garten_Copyrig_-Melanie-Hubach-768x512.jpg 768w\" sizes=\"(max-width: 800px) 100vw, 800px\" \/><figcaption>Im Garten von Reichsrat von Buhl. <br><em>Foto: Melanie Hubach<\/em><\/figcaption><\/figure><\/div>\n\n\n<p>Wer sich eines der begehrten Tickets f\u00fcr den 02. September 2022 sichern m\u00f6chte, der sollte schnell zugreifen. Das Tagesticket (14 Uhr bis 24 Uhr, inkl. After Show Party) ist f\u00fcr 590 \u20ac erh\u00e4ltlich. Darin enthalten sind alle Speisen und Getr\u00e4nke sowie der Eintritt zur Party mit DJ Antoine, der um 19 Uhr loslegen wird. Auch f\u00fcr Partyg\u00e4nger, die nur zum Abend-Event kommen m\u00f6chten, stehen Tickets f\u00fcr 100 \u20ac p.P. zu Verf\u00fcgung (Einlass ab 19 Uhr).<\/p>\n\n\n\n<p>Die Tickets k\u00f6nnen <strong>ausschlie\u00dflich online<\/strong> im Reichsrat von Buhl Shop erworben werden: <a href=\"https:\/\/shop.von-buhl.de\/collections\/events\/products\/ticket-gourmetfestival\">https:\/\/shop.von-buhl.de\/collections\/events\/products\/ticket-gourmetfestival<\/a>.<\/p>\n\n\n\n<p><em>Text: Pf\u00e4lzer Gourmet Festival by Reichsrat von Buhl &amp; Tristan Brandt \/ 80 GRAD | Agentur f\u00fcr Kommunikation Foto: (1) <a href=\"http:\/\/www.lvffood.com\">www.<em>lvffood.com<\/em><\/a><\/em>; (2-6 &amp; 8) <em>Melanie Hubach<\/em>; (7) <em><a href=\"https:\/\/deref-web.de\/mail\/client\/EfF-NFczHSU\/dereferrer\/?redirectUrl=http%3A%2F%2Fwww.djantoine.com\" target=\"_blank\" rel=\"noreferrer noopener\">www.djantoine.com<\/a><br>12.07.2022<\/em><\/p>\n","protected":false},"excerpt":{"rendered":"<div class=\"mh-excerpt\"><p>1. Pf\u00e4lzer Gourmet Festival by Reichsrat von Buhl &amp; Tristan Brandt \u2013 das Kulinarik-Event der Weinregion Save the Date: Am 02. September 2022 feiern das renommierte Weingut Reichsrat von Buhl und Spitzenkoch Tristan Brandt die <a class=\"mh-excerpt-more\" href=\"https:\/\/speyer24news.com\/?p=47860\" title=\"Veranstaltung \/ S\u00fcdliche Weinstra\u00dfe\">[&#8230;]<\/a><\/p>\n<\/div>","protected":false},"author":3,"featured_media":47861,"comment_status":"open","ping_status":"open","sticky":false,"template":"","format":"standard","meta":{"_monsterinsights_skip_tracking":false,"_monsterinsights_sitenote_active":false,"_monsterinsights_sitenote_note":"","_monsterinsights_sitenote_category":0,"footnotes":""},"categories":[11,13],"tags":[15038,15059,15066,15057,7037,15048,15047,15055,15061,15040,15070,15080,15052,15077,15056,3737,15049,15050,15051,15058,15063,15064,15075,15078,15069,3739,15073,15039,15053,15041,15062,15060,15076,15068,15072,15067,15043,15046,15054,15074,15071,15079,15042,15081,15044,15045,15082,15083,15065],"aioseo_notices":[],"amp_enabled":true,"_links":{"self":[{"href":"https:\/\/speyer24news.com\/index.php?rest_route=\/wp\/v2\/posts\/47860"}],"collection":[{"href":"https:\/\/speyer24news.com\/index.php?rest_route=\/wp\/v2\/posts"}],"about":[{"href":"https:\/\/speyer24news.com\/index.php?rest_route=\/wp\/v2\/types\/post"}],"author":[{"embeddable":true,"href":"https:\/\/speyer24news.com\/index.php?rest_route=\/wp\/v2\/users\/3"}],"replies":[{"embeddable":true,"href":"https:\/\/speyer24news.com\/index.php?rest_route=%2Fwp%2Fv2%2Fcomments&post=47860"}],"version-history":[{"count":1,"href":"https:\/\/speyer24news.com\/index.php?rest_route=\/wp\/v2\/posts\/47860\/revisions"}],"predecessor-version":[{"id":47871,"href":"https:\/\/speyer24news.com\/index.php?rest_route=\/wp\/v2\/posts\/47860\/revisions\/47871"}],"wp:featuredmedia":[{"embeddable":true,"href":"https:\/\/speyer24news.com\/index.php?rest_route=\/wp\/v2\/media\/47861"}],"wp:attachment":[{"href":"https:\/\/speyer24news.com\/index.php?rest_route=%2Fwp%2Fv2%2Fmedia&parent=47860"}],"wp:term":[{"taxonomy":"category","embeddable":true,"href":"https:\/\/speyer24news.com\/index.php?rest_route=%2Fwp%2Fv2%2Fcategories&post=47860"},{"taxonomy":"post_tag","embeddable":true,"href":"https:\/\/speyer24news.com\/index.php?rest_route=%2Fwp%2Fv2%2Ftags&post=47860"}],"curies":[{"name":"wp","href":"https:\/\/api.w.org\/{rel}","templated":true}]}}