{"id":47877,"date":"2022-08-06T15:40:07","date_gmt":"2022-08-06T14:40:07","guid":{"rendered":"https:\/\/speyer24news.com\/?p=47877"},"modified":"2022-08-06T15:40:09","modified_gmt":"2022-08-06T14:40:09","slug":"coronavirus-speyer-rheinland-pfalz-29","status":"publish","type":"post","link":"https:\/\/speyer24news.com\/?p=47877","title":{"rendered":"Coronavirus Speyer \/ Rheinland-Pfalz"},"content":{"rendered":"<style type=\"text\/css\">\r\n\t.ads_top_disp{}\r\n\t.ads_top_corner_disp{ float:left; margin:0px 10px 10px 0px; }\r\n\t.ads_first_p_disp{}\r\n\t.ads_bottom_disp{}\r\n\t<\/style>\n<h2 class=\"wp-block-heading\">Tagesaktuelle Fallzahlen f\u00fcr die Stadt Speyer<\/h2>\n\n\n\n<h4 class=\"wp-block-heading\">(<em>Quelle: Landesuntersuchungsamt Rheinland-Pfalz<\/em>,<em>\u00a0Stand: 05.08.2022<\/em>)<\/h4>\n\n\n<div class=\"wp-block-image\">\n<figure class=\"aligncenter\"><img decoding=\"async\" loading=\"lazy\" width=\"800\" height=\"400\" src=\"https:\/\/speyer24news.com\/wp-content\/uploads\/2020\/05\/virus-1812092_1920.jpg\" alt=\"\" class=\"wp-image-26778\" srcset=\"https:\/\/speyer24news.com\/wp-content\/uploads\/2020\/05\/virus-1812092_1920.jpg 800w, https:\/\/speyer24news.com\/wp-content\/uploads\/2020\/05\/virus-1812092_1920-300x150.jpg 300w, https:\/\/speyer24news.com\/wp-content\/uploads\/2020\/05\/virus-1812092_1920-768x384.jpg 768w\" sizes=\"(max-width: 800px) 100vw, 800px\" \/><\/figure><\/div>\n\n\n<p>Anzahl best\u00e4tigter F\u00e4lle von Coronavirus (SARS-CoV-2)-Infektionen in der Stadt Speyer:\u00a019.480 (+ 25)<br>Davon bereits genesen:\u00a017.962<br>Todesf\u00e4lle: 122 (<strong>+ 2<\/strong>)<br><strong>Sieben-Tage-Inzidenz<\/strong>\u00a0(Gemeldete F\u00e4lle der letzten sieben Tage pro 100.000 Einwohner*innen in Speyer):<strong>\u00a0356,7<br>Sieben-Tage-Hospitalisierungs-Inzidenz\u00a0(Anzahl der neu aufgenommenen Hospitalisierungsf\u00e4lle pro 100.000 Einwohner*innen der letzten sieben Tagen in Rheinland-Pfalz):\u00a06,41<\/strong><\/p>\n\n\n\n<p>Die Stadtverwaltung&nbsp;entnimmt die tagesaktuellen Meldedaten der Internetseite des Landesuntersuchungsamtes (LUA) Rheinland-Pfalz:&nbsp;<a href=\"http:\/\/www.lua.rlp.de\/\">www.lua.rlp.de<\/a>.<\/p>\n\n\n\n<p><em>Landesuntersuchnugsamt (LUA) Rheinland-Pfalz<br>05.08.2022<\/em><\/p>\n\n\n\n<h2 class=\"wp-block-heading\">Coronavirus: Aktuelle Fallzahlen im Zust\u00e4ndigkeitsbereich des Gesundheitsamtes Rhein-Pfalz-Kreis<\/h2>\n\n\n<div class=\"wp-block-image\">\n<figure class=\"aligncenter\"><img decoding=\"async\" loading=\"lazy\" width=\"480\" height=\"184\" src=\"https:\/\/speyer24news.com\/wp-content\/uploads\/2020\/03\/Rhein-Pfalz-Kreis-1.jpg\" alt=\"\" class=\"wp-image-25960\" srcset=\"https:\/\/speyer24news.com\/wp-content\/uploads\/2020\/03\/Rhein-Pfalz-Kreis-1.jpg 480w, https:\/\/speyer24news.com\/wp-content\/uploads\/2020\/03\/Rhein-Pfalz-Kreis-1-300x115.jpg 300w\" sizes=\"(max-width: 480px) 100vw, 480px\" \/><\/figure><\/div>\n\n\n<p>Folgende Infektionszahlen liegen der Kreisverwaltung Rhein-Pfalz-Kreis f\u00fcr die kreisangeh\u00f6rigen Gemeinden und die St\u00e4dte Ludwigshafen, Frankenthal und Speyer f\u00fcr <strong>Freitag, 05.08.2022 <\/strong>vor:<\/p>\n\n\n\n<figure class=\"wp-block-table\"><table><tbody><tr><td>LK\/SK\/Gemeinde<\/td><td>Gesamt<\/td><td>Differenz zur letzten Meldung<\/td><td>Aktuelle F\u00e4lle<\/td><td>Genesen<\/td><td>Verstorben<\/td><td>Differenz zur letzten Meldung<\/td><\/tr><tr><td>_AH<\/td><td>76<\/td><td>2<\/td><td>2<\/td><td>74<\/td><td><\/td><td><\/td><\/tr><tr><td>Altrip<\/td><td>2120<\/td><td>1<\/td><td>85<\/td><td>2014<\/td><td>21<\/td><td><\/td><\/tr><tr><td>Beindersheim<\/td><td>1184<\/td><td>1<\/td><td>52<\/td><td>1129<\/td><td>3<\/td><td><\/td><\/tr><tr><td>Birkenheide<\/td><td>836<\/td><td><\/td><td>40<\/td><td>792<\/td><td>4<\/td><td><\/td><\/tr><tr><td>Bobenheim-Roxheim<\/td><td>3277<\/td><td>5<\/td><td>195<\/td><td>3073<\/td><td>9<\/td><td><\/td><\/tr><tr><td>B\u00f6hl-Iggelheim<\/td><td>2952<\/td><td><\/td><td>161<\/td><td>2776<\/td><td>15<\/td><td><\/td><\/tr><tr><td>Dannstadt-Schauernheim<\/td><td>2449<\/td><td>3<\/td><td>140<\/td><td>2303<\/td><td>6<\/td><td><\/td><\/tr><tr><td>Dudenhofen<\/td><td>2341<\/td><td>1<\/td><td>155<\/td><td>2163<\/td><td>23<\/td><td><\/td><\/tr><tr><td>Fu\u00dfg\u00f6nheim<\/td><td>785<\/td><td><\/td><td>26<\/td><td>754<\/td><td>5<\/td><td><\/td><\/tr><tr><td>Gro\u00dfniedesheim<\/td><td>422<\/td><td>1<\/td><td>29<\/td><td>393<\/td><td><\/td><td><\/td><\/tr><tr><td>Hanhofen<\/td><td>1038<\/td><td><\/td><td>61<\/td><td>976<\/td><td>1<\/td><td><\/td><\/tr><tr><td>Harthausen<\/td><td>1298<\/td><td><\/td><td>76<\/td><td>1210<\/td><td>12<\/td><td><\/td><\/tr><tr><td>He\u00dfheim<\/td><td>999<\/td><td>5<\/td><td>73<\/td><td>919<\/td><td>7<\/td><td><\/td><\/tr><tr><td>Heuchelheim<\/td><td>388<\/td><td>1<\/td><td>21<\/td><td>366<\/td><td>1<\/td><td><\/td><\/tr><tr><td>Hochdorf-Assenheim<\/td><td>1216<\/td><td><\/td><td>76<\/td><td>1137<\/td><td>3<\/td><td><\/td><\/tr><tr><td>Kleinniedesheim<\/td><td>354<\/td><td>1<\/td><td>22<\/td><td>329<\/td><td>3<\/td><td><\/td><\/tr><tr><td>Lambsheim<\/td><td>2323<\/td><td>2<\/td><td>153<\/td><td>2165<\/td><td>5<\/td><td><\/td><\/tr><tr><td>Limburgerhof<\/td><td>2946<\/td><td>4<\/td><td>176<\/td><td>2752<\/td><td>18<\/td><td><\/td><\/tr><tr><td>Maxdorf<\/td><td>2195<\/td><td>1<\/td><td>108<\/td><td>2054<\/td><td>33<\/td><td><\/td><\/tr><tr><td>Mutterstadt<\/td><td>4361<\/td><td>4<\/td><td>227<\/td><td>4095<\/td><td>39<\/td><td><\/td><\/tr><tr><td>Neuhofen<\/td><td>2120<\/td><td>10<\/td><td>118<\/td><td>1988<\/td><td>14<\/td><td><\/td><\/tr><tr><td>Otterstadt<\/td><td>1069<\/td><td><\/td><td>53<\/td><td>1013<\/td><td>3<\/td><td><\/td><\/tr><tr><td>R\u00f6dersheim-Gronau<\/td><td>1066<\/td><td><\/td><td>43<\/td><td>1019<\/td><td>4<\/td><td><\/td><\/tr><tr><td>R\u00f6merberg<\/td><td>3778<\/td><td><\/td><td>286<\/td><td>3476<\/td><td>16<\/td><td><\/td><\/tr><tr><td>Schifferstadt<\/td><td>7068<\/td><td>7<\/td><td>435<\/td><td>6591<\/td><td>42<\/td><td><\/td><\/tr><tr><td>Waldsee<\/td><td>1916<\/td><td>4<\/td><td>101<\/td><td>1809<\/td><td>6<\/td><td><\/td><\/tr><tr><td><\/td><td><\/td><td><\/td><td><\/td><td><\/td><td><\/td><td><\/td><\/tr><tr><td><strong>LK Rhein-Pfalz-Kreis<\/strong><strong><\/strong><\/td><td><strong>50577<\/strong><\/td><td><strong>53<\/strong><\/td><td><strong>2914<\/strong><\/td><td><strong>47370<\/strong><\/td><td><strong>293<\/strong><\/td><td><\/td><\/tr><tr><td><strong>SK Frankenthal<\/strong><strong><\/strong><\/td><td><strong>16530<\/strong><\/td><td><strong>24<\/strong><\/td><td><strong>863<\/strong><\/td><td><strong>15577<\/strong><\/td><td><strong>90<\/strong><\/td><td><\/td><\/tr><tr><td><strong>SK Ludwigshafen<\/strong><strong><\/strong><\/td><td><strong>58444<\/strong><\/td><td><strong>67<\/strong><\/td><td><strong>2702<\/strong><\/td><td><strong>55300<\/strong><\/td><td><strong>442<\/strong><\/td><td><\/td><\/tr><tr><td><strong>SK Speyer<\/strong><strong><\/strong><\/td><td><strong>19480<\/strong><\/td><td><strong>23<\/strong><\/td><td><strong>1396<\/strong><\/td><td><strong>17962<\/strong><\/td><td><strong>122<\/strong><\/td><td><\/td><\/tr><tr><td><\/td><td><\/td><td><\/td><td><\/td><td><\/td><td><\/td><td><\/td><\/tr><tr><td><strong>Summe:<\/strong><strong><\/strong><\/td><td><strong>145031<\/strong><\/td><td><strong>167<\/strong><\/td><td><strong>7875<\/strong><\/td><td><strong>136209<\/strong><\/td><td><strong>947<\/strong><\/td><td><\/td><\/tr><\/tbody><\/table><\/figure>\n\n\n\n<p>Quelle: SurvNet@RKI &amp; Sormas (F\u00e4lle)<\/p>\n\n\n\n<p>_AH: Personen mit Hauptwohnsitz au\u00dferhalb des Zust\u00e4ndigkeitsbereiches des Gesundheitsamts aber mit fehlerhaften Meldekreis \u201eLK Rhein-Pfalz-Kreis\u201c. Es wird gepr\u00fcft, ob diese noch nachtr\u00e4glich richtig zugeordnet werden k\u00f6nnen.<\/p>\n\n\n\n<p><em>Kreisverwaltung Rhein-Pfalz-Kreis<br>05.08.2022<\/em><\/p>\n\n\n\n<h2 class=\"wp-block-heading\">Coronavirus \u2013 Fallzahlen im Landkreis Germersheim<\/h2>\n\n\n<div class=\"wp-block-image\">\n<figure class=\"aligncenter\"><img decoding=\"async\" loading=\"lazy\" width=\"800\" height=\"575\" src=\"https:\/\/speyer24news.com\/wp-content\/uploads\/2020\/04\/AdobeStock_320368431.jpeg\" alt=\"\" class=\"wp-image-26313\" srcset=\"https:\/\/speyer24news.com\/wp-content\/uploads\/2020\/04\/AdobeStock_320368431.jpeg 800w, https:\/\/speyer24news.com\/wp-content\/uploads\/2020\/04\/AdobeStock_320368431-300x216.jpeg 300w, https:\/\/speyer24news.com\/wp-content\/uploads\/2020\/04\/AdobeStock_320368431-768x552.jpeg 768w\" sizes=\"(max-width: 800px) 100vw, 800px\" \/><\/figure><\/div>\n\n\n<h3 class=\"wp-block-heading\">(Stand 5. August 2022, 12 Uhr)<\/h3>\n\n\n\n<p>Aktuell gibt es im Landkreis Germersheim 2.313 best\u00e4tigte positive F\u00e4lle, die Gesamtzahl bel\u00e4uft sich auf 49.760 Corona-Infektionen seit Beginn der Pandemie. Seit gestern wurden 84 neue F\u00e4lle registriert. Die Gesamtzahl der Todesf\u00e4lle betr\u00e4gt 214 seit Beginn der Pandemie.<\/p>\n\n\n\n<figure class=\"wp-block-table\"><table><tbody><tr><td><strong><u>VG \/ Stadt<\/u><\/strong><\/td><td><strong><u>Ort<\/u><\/strong><\/td><td><strong><u>Infizierte seit Beginn der Pandemie<\/u><\/strong><\/td><td><strong><u>Aktuell infizierte Personen<\/u><\/strong><\/td><td><strong><u>Gesundete bzw. nicht mehr<br>infizierte Personen<\/u><\/strong><\/td><td><strong><u>Leider an<br>oder mit Covid-19 verstorbene Personen<\/u><\/strong><\/td><\/tr><tr><td><strong>&nbsp;<\/strong><\/td><td>&nbsp;<\/td><td>&nbsp;<\/td><td>&nbsp;<\/td><td>&nbsp;<\/td><td>&nbsp;<\/td><\/tr><tr><td>VG Hagenbach<\/td><td>Berg<\/td><td>646<\/td><td>28<\/td><td>618<\/td><td>0<\/td><\/tr><tr><td>&nbsp;<\/td><td>Hagenbach<\/td><td>2044<\/td><td>100<\/td><td>1927<\/td><td>17<\/td><\/tr><tr><td>&nbsp;<\/td><td>Neuburg<\/td><td>902<\/td><td>52<\/td><td>842<\/td><td>8<\/td><\/tr><tr><td>&nbsp;<\/td><td>Scheibenhardt<\/td><td>164<\/td><td>17<\/td><td>147<\/td><td>0<\/td><\/tr><tr><td><strong>&nbsp;<\/strong><\/td><td><strong>Summen<\/strong><strong><\/strong><\/td><td><strong>3756<\/strong><strong><\/strong><\/td><td><strong>197<\/strong><strong><\/strong><\/td><td><strong>3534<\/strong><strong><\/strong><\/td><td><strong>25<\/strong><strong><\/strong><\/td><\/tr><tr><td>W\u00f6rth<\/td><td>Maximiliansau<\/td><td>2308<\/td><td>103<\/td><td>2199<\/td><td>6<\/td><\/tr><tr><td>&nbsp;<\/td><td>Schaidt<\/td><td>631<\/td><td>44<\/td><td>587<\/td><td>0<\/td><\/tr><tr><td>&nbsp;<\/td><td>W\u00f6rth, Stadt<\/td><td>3905<\/td><td>171<\/td><td>3724<\/td><td>10<\/td><\/tr><tr><td>&nbsp;<\/td><td>B\u00fcchelberg<\/td><td>280<\/td><td>13<\/td><td>266<\/td><td>1<\/td><\/tr><tr><td><strong>&nbsp;<\/strong><\/td><td><strong>Summen<\/strong><strong><\/strong><\/td><td><strong>7124<\/strong><strong><\/strong><\/td><td><strong>331<\/strong><strong><\/strong><\/td><td><strong>6776<\/strong><strong><\/strong><\/td><td><strong>17<\/strong><strong><\/strong><\/td><\/tr><tr><td>VG Kandel<\/td><td>Erlenbach<\/td><td>195<\/td><td>18<\/td><td>177<\/td><td>0<\/td><\/tr><tr><td>&nbsp;<\/td><td>Freckenfeld<\/td><td>541<\/td><td>20<\/td><td>520<\/td><td>1<\/td><\/tr><tr><td>&nbsp;<\/td><td>Kandel<\/td><td>3156<\/td><td>134<\/td><td>3008<\/td><td>14<\/td><\/tr><tr><td>&nbsp;<\/td><td>Minfeld<\/td><td>503<\/td><td>23<\/td><td>480<\/td><td>0<\/td><\/tr><tr><td>&nbsp;<\/td><td>Steinweiler<\/td><td>681<\/td><td>20<\/td><td>659<\/td><td>2<\/td><\/tr><tr><td>&nbsp;<\/td><td>Vollmersweiler<\/td><td>65<\/td><td>3<\/td><td>62<\/td><td>0<\/td><\/tr><tr><td>&nbsp;<\/td><td>Winden<\/td><td>409<\/td><td>19<\/td><td>389<\/td><td>1<\/td><\/tr><tr><td>&nbsp;<\/td><td><strong>Summen<\/strong><strong><\/strong><\/td><td><strong>5550<\/strong><strong><\/strong><\/td><td><strong>237<\/strong><strong><\/strong><\/td><td><strong>5295<\/strong><strong><\/strong><\/td><td><strong>18<\/strong><strong><\/strong><\/td><\/tr><tr><td>VG Jockgrim<\/td><td>Hatzenb\u00fchl<\/td><td>1264<\/td><td>43<\/td><td>1218<\/td><td>3<\/td><\/tr><tr><td>&nbsp;<\/td><td>Jockgrim<\/td><td>2936<\/td><td>206<\/td><td>2707<\/td><td>23<\/td><\/tr><tr><td>&nbsp;<\/td><td>Neupotz<\/td><td>743<\/td><td>40<\/td><td>700<\/td><td>3<\/td><\/tr><tr><td>&nbsp;<\/td><td>Rheinzabern<\/td><td>1920<\/td><td>102<\/td><td>1814<\/td><td>4<\/td><\/tr><tr><td>&nbsp;<\/td><td><strong>Summen<\/strong><strong><\/strong><\/td><td><strong>6863<\/strong><strong><\/strong><\/td><td><strong>391<\/strong><strong><\/strong><\/td><td><strong>6439<\/strong><strong><\/strong><\/td><td><strong>33<\/strong><strong><\/strong><\/td><\/tr><tr><td>VG R\u00fclzheim<\/td><td>H\u00f6rdt<\/td><td>1027<\/td><td>49<\/td><td>976<\/td><td>2<\/td><\/tr><tr><td>&nbsp;<\/td><td>Kuhardt<\/td><td>775<\/td><td>41<\/td><td>733<\/td><td>1<\/td><\/tr><tr><td>&nbsp;<\/td><td>Leimersheim<\/td><td>937<\/td><td>63<\/td><td>872<\/td><td>2<\/td><\/tr><tr><td>&nbsp;<\/td><td>R\u00fclzheim<\/td><td>3338<\/td><td>142<\/td><td>3180<\/td><td>16<\/td><\/tr><tr><td>&nbsp;<\/td><td><strong>Summen<\/strong><strong><\/strong><\/td><td><strong>6077<\/strong><strong><\/strong><\/td><td><strong>295<\/strong><strong><\/strong><\/td><td><strong>5761<\/strong><strong><\/strong><\/td><td><strong>21<\/strong><strong><\/strong><\/td><\/tr><tr><td>VG Bellheim<\/td><td>Bellheim<\/td><td>3256<\/td><td>109<\/td><td>3112<\/td><td>35<\/td><\/tr><tr><td>&nbsp;<\/td><td>Knittelsheim<\/td><td>388<\/td><td>24<\/td><td>364<\/td><td>0<\/td><\/tr><tr><td>&nbsp;<\/td><td>Ottersheim<\/td><td>680<\/td><td>30<\/td><td>650<\/td><td>0<\/td><\/tr><tr><td>&nbsp;<\/td><td>Zeiskam<\/td><td>949<\/td><td>31<\/td><td>915<\/td><td>3<\/td><\/tr><tr><td>&nbsp;<\/td><td><strong>Summen<\/strong><strong><\/strong><\/td><td><strong>5273<\/strong><strong><\/strong><\/td><td><strong>194<\/strong><strong><\/strong><\/td><td><strong>5041<\/strong><strong><\/strong><\/td><td><strong>38<\/strong><strong><\/strong><\/td><\/tr><tr><td>Germersheim + So<\/td><td>&nbsp;<\/td><td>8745<\/td><td>348<\/td><td>8367<\/td><td>30<\/td><\/tr><tr><td>&nbsp;<\/td><td><strong>Summen<\/strong><strong><\/strong><\/td><td><strong>8745<\/strong><strong><\/strong><\/td><td><strong>348<\/strong><strong><\/strong><\/td><td><strong>8367<\/strong><strong><\/strong><\/td><td><strong>30<\/strong><strong><\/strong><\/td><\/tr><tr><td>VG Lingenfeld<\/td><td>Freisbach<\/td><td>407<\/td><td>16<\/td><td>390<\/td><td>1<\/td><\/tr><tr><td>&nbsp;<\/td><td>Lingenfeld<\/td><td>2204<\/td><td>132<\/td><td>2060<\/td><td>12<\/td><\/tr><tr><td>&nbsp;<\/td><td>Lustadt<\/td><td>1172<\/td><td>45<\/td><td>1120<\/td><td>7<\/td><\/tr><tr><td>&nbsp;<\/td><td>Schwegenheim<\/td><td>1206<\/td><td>78<\/td><td>1126<\/td><td>2<\/td><\/tr><tr><td>&nbsp;<\/td><td>Weingarten<\/td><td>672<\/td><td>28<\/td><td>643<\/td><td>1<\/td><\/tr><tr><td>&nbsp;<\/td><td>Westheim<\/td><td>711<\/td><td>21<\/td><td>681<\/td><td>9<\/td><\/tr><tr><td>&nbsp;<\/td><td><strong>Summen<\/strong><strong><\/strong><\/td><td><strong>6372<\/strong><strong><\/strong><\/td><td><strong>320<\/strong><strong><\/strong><\/td><td><strong>6020<\/strong><strong><\/strong><\/td><td><strong>32<\/strong><strong><\/strong><\/td><\/tr><tr><td>&nbsp;<\/td><td>&nbsp;<\/td><td>&nbsp;<\/td><td>&nbsp;<\/td><td>&nbsp;<\/td><td>&nbsp;<\/td><\/tr><tr><td>&nbsp;<\/td><td><strong>Endsummen<\/strong><strong><\/strong><\/td><td><strong>49760<\/strong><strong><\/strong><\/td><td><strong>2313<\/strong><strong><\/strong><\/td><td><strong>47233<\/strong><strong><\/strong><\/td><td><strong>214<\/strong><strong><\/strong><\/td><\/tr><\/tbody><\/table><\/figure>\n\n\n\n<p><em>Kreisverwaltung Germersheim<br>05.08.2022<\/em><\/p>\n\n\n\n<h2 class=\"wp-block-heading\">Fallzahlen im Landkreis S\u00fcdliche Weinstra\u00dfe und der Stadt Landau<\/h2>\n\n\n<div class=\"wp-block-image\">\n<figure class=\"aligncenter\"><img decoding=\"async\" src=\"https:\/\/speyer24news.com\/wp-content\/uploads\/2021\/02\/S%C3%9CW-Landau-Logo.png\" alt=\"\" class=\"wp-image-33151\"\/><\/figure><\/div>\n\n\n<p>Nach aktuellem Stand (04.08.2022, 10:37 Uhr) haben sich seit der gestrigen Meldung <strong>97<\/strong> weitere F\u00e4lle des Coronavirus (SARS-CoV-2) im Landkreis S\u00fcdliche Weinstra\u00dfe und in der Stadt Landau best\u00e4tigt. Insgesamt wurden <strong>51.428 <\/strong>F\u00e4lle im Zust\u00e4ndigkeitsbereich des Gesundheitsamts S\u00fcdliche Weinstra\u00dfe bekannt. <strong>49.375 <\/strong>Personen sind gesundet. Insgesamt sind <strong>260<\/strong> Personen verstorben. Den Angeh\u00f6rigen und Hinterbliebenen sprechen Landrat Dietmar Seefeldt und Oberb\u00fcrgermeister Thomas Hirsch ihr herzliches Beileid aus.<\/p>\n\n\n\n<h4 class=\"wp-block-heading\">Aktuell haben sich in zahlreichen Einrichtungen im Landkreis S\u00fcdliche Weinstra\u00dfe und in der Stadt Landau neue F\u00e4lle des Coronavirus best\u00e4tigt.<\/h4>\n\n\n\n<ul><li><strong>Verbandsgemeinde Annweiler:<\/strong> 5.248 Personen (5.025 davon gesundet, 22 verstorben)<\/li><li><strong>Verbandsgemeinde Bad Bergzabern<\/strong>: 7.653 Personen (7.348 davon gesundet, 43 verstorben)<\/li><li><strong>Verbandsgemeinde Edenkoben<\/strong>: 5.954 Personen (5.733 davon gesundet, 33 verstorben)<\/li><li><strong>Verbandsgemeinde Herxheim:<\/strong> 5.258 Personen (5.049 davon gesundet, 32 verstorben)<\/li><li><strong>Verbandsgemeinde Landau-Land<\/strong>: 4.244 Personen (4.070 davon gesundet, 20 verstorben)<\/li><li><strong>Verbandsgemeinde Maikammer<\/strong>: 2.505 Personen (2.408 davon gesundet, 3 verstorben)<\/li><li><strong>Verbandsgemeinde Offenbach<\/strong>: 4.407 Personen (4.217 davon gesundet, 31 verstorben)<\/li><li><strong>Stadt Landau<\/strong>: 16.159 Personen (15.525 davon gesundet, 76 verstorben)<\/li><\/ul>\n\n\n\n<p>Informationen zum Thema Coronavirus finden Sie auf der Homepage des Landkreises: <a href=\"http:\/\/www.suedliche-weinstrasse.de\">www.suedliche-weinstrasse.de<\/a>. Die aktuellen Fallzahlen f\u00fcr ganz Rheinland-Pfalz sind beim Landesuntersuchungsamt unter <a href=\"https:\/\/lua.rlp.de\/de\/presse\/detail\/news\/News\/detail\/coronavirus-sars-cov-2-aktuelle-fallzahlen-fuer-rheinland-pfalz\/\">https:\/\/lua.rlp.de\/de\/presse\/detail\/news\/News\/detail\/coronavirus-sars-cov-2-aktuelle-fallzahlen-fuer-rheinland-pfalz\/<\/a> zu finden.<\/p>\n\n\n\n<p><em>Gemeinsame Pressemitteilung der Kreisverwaltung S\u00fcdliche Weinstra\u00dfe und der Stadtverwaltung Landau<br>04.08.2022<\/em><\/p>\n\n\n\n<h2 class=\"wp-block-heading\">Coronavirus SARS-CoV-2: Fallzahlen f\u00fcr Rheinland-Pfalz<\/h2>\n\n\n<div class=\"wp-block-image\">\n<figure class=\"aligncenter\"><img decoding=\"async\" loading=\"lazy\" width=\"800\" height=\"533\" src=\"https:\/\/speyer24news.com\/wp-content\/uploads\/2020\/02\/coronavirus-4810201_1920.jpg\" alt=\"\" class=\"wp-image-25125\" srcset=\"https:\/\/speyer24news.com\/wp-content\/uploads\/2020\/02\/coronavirus-4810201_1920.jpg 800w, https:\/\/speyer24news.com\/wp-content\/uploads\/2020\/02\/coronavirus-4810201_1920-300x200.jpg 300w, https:\/\/speyer24news.com\/wp-content\/uploads\/2020\/02\/coronavirus-4810201_1920-768x512.jpg 768w\" sizes=\"(max-width: 800px) 100vw, 800px\" \/><\/figure><\/div>\n\n\n<h3 class=\"wp-block-heading\">Datenstand vom 05.08.2022, 14:10 Uhr<\/h3>\n\n\n\n<p>Die Fallzahlen zum Coronavirus in Rheinland-Pfalz: Seit dem letzten Berichtstag gibt es 2.510 neue best\u00e4tigte Corona-F\u00e4lle, 12 weitere Personen sind im Zusammenhang mit einer Infektion gestorben. Die landesweite 7-Tages-Inzidenz betr\u00e4gt 407,8 pro 100.000 Einwohner (vor einer Woche: 627,6). Die landesweite 7-Tages-Hospitalisierungsinzidenz betr\u00e4gt 6,41 pro 100.000 Einwohner (vor einer Woche: 6,58).<\/p>\n\n\n\n<figure class=\"wp-block-table\"><table><tbody><tr><td><strong>Kreis, Stand 5.8.2022<\/strong><\/td><td><strong>Laborbest\u00e4tigt, seit Beginn der Pandemie<\/strong><\/td><td><strong>Neue Meldef\u00e4lle<\/strong><\/td><td><strong>Inzidenz der letzten 7-Tage pro 100.000<sup>C<\/sup><\/strong><\/td><td><strong>Landkreis<\/strong><\/td><td><\/td><\/tr><tr><td><strong>Gesamt<\/strong><\/td><td><strong>Differenz zum<br>vorherigen Berichtstag<\/strong><\/td><td><strong>Hospitali-siert<\/strong><\/td><td><strong>Verstor-ben<\/strong><\/td><td><strong>Genesen<sup>A<\/sup><\/strong><\/td><td><strong>aktuelle F\u00e4lle<sup>B<\/sup><\/strong><\/td><td><strong>Letzte<br>7 Tage<\/strong><\/td><td><strong>Gleicher Zeitraum Vorwoche<\/strong><\/td><td><strong>Rheinland-Pfalz<\/strong><\/td><td><strong>+USAF<sup>D<\/sup><\/strong><\/td><td><strong>&lt;20 Jahre<\/strong><\/td><td><strong>20-59 Jahre<sup>E<\/sup><\/strong><\/td><td><strong>\u2265 60 Jahre<\/strong><\/td><td><strong>Hospitali-sierung<sup>F<\/sup>&nbsp;in RLP+USAF<sup>D<\/sup><\/strong><\/td><td><\/td><\/tr><tr><td><\/td><\/tr><tr><td>Ahrweiler<\/td><td>38055<\/td><td>40<\/td><td>795<\/td><td>108<\/td><td>35967<\/td><td>1980<\/td><td>362<\/td><td>502<\/td><td>277,4<\/td><td>277,4<\/td><td>109,8<\/td><td>374,5<\/td><td>219,5<\/td><td>6,41<\/td><td>Ahrweiler<\/td><td><\/td><\/tr><tr><td>Altenkirchen<\/td><td>41265<\/td><td>64<\/td><td>992<\/td><td>152<\/td><td>38508<\/td><td>2605<\/td><td>458<\/td><td>710<\/td><td>354,8<\/td><td>354,8<\/td><td>174,8<\/td><td>467,4<\/td><td>276,7<\/td><td>6,41<\/td><td>Altenkirchen<\/td><td><\/td><\/tr><tr><td>Alzey-Worms<\/td><td>44917<\/td><td>83<\/td><td>1098<\/td><td>211<\/td><td>41198<\/td><td>3508<\/td><td>625<\/td><td>1097<\/td><td>478,1<\/td><td>478,0<\/td><td>257,6<\/td><td>613,5<\/td><td>382,2<\/td><td>6,41<\/td><td>Alzey-Worms<\/td><td><\/td><\/tr><tr><td>Bad D\u00fcrkheim<\/td><td>41436<\/td><td>162<\/td><td>924<\/td><td>233<\/td><td>38028<\/td><td>3175<\/td><td>574<\/td><td>957<\/td><td>431,6<\/td><td>431,5<\/td><td>263,5<\/td><td>601,2<\/td><td>264,7<\/td><td>6,41<\/td><td>Bad D\u00fcrkheim<\/td><td><\/td><\/tr><tr><td>Bad Kreuznach<\/td><td>60088<\/td><td>87<\/td><td>658<\/td><td>215<\/td><td>55291<\/td><td>4582<\/td><td>842<\/td><td>1426<\/td><td>530,4<\/td><td>530,4<\/td><td>288,9<\/td><td>696,2<\/td><td>407,2<\/td><td>6,41<\/td><td>Bad Kreuznach<\/td><td><\/td><\/tr><tr><td>Bernkastel-Wittlich<\/td><td>33813<\/td><td>52<\/td><td>827<\/td><td>121<\/td><td>31732<\/td><td>1960<\/td><td>418<\/td><td>635<\/td><td>370,9<\/td><td>365,7<\/td><td>117,4<\/td><td>521,0<\/td><td>275,2<\/td><td>6,41<\/td><td>Bernkastel-Wittlich<\/td><td><\/td><\/tr><tr><td>Birkenfeld<\/td><td>28280<\/td><td>107<\/td><td>593<\/td><td>154<\/td><td>25886<\/td><td>2240<\/td><td>373<\/td><td>595<\/td><td>461,5<\/td><td>448,0<\/td><td>200,4<\/td><td>584,2<\/td><td>420,3<\/td><td>6,41<\/td><td>Birkenfeld<\/td><td><\/td><\/tr><tr><td>Bitburg-Pr\u00fcm<\/td><td>28301<\/td><td>39<\/td><td>504<\/td><td>58<\/td><td>26622<\/td><td>1621<\/td><td>255<\/td><td>421<\/td><td>254,9<\/td><td>246,9<\/td><td>122,2<\/td><td>329,8<\/td><td>205,0<\/td><td>6,41<\/td><td>Bitburg-Pr\u00fcm<\/td><td><\/td><\/tr><tr><td>Cochem-Zell<\/td><td>20563<\/td><td>31<\/td><td>314<\/td><td>102<\/td><td>19281<\/td><td>1180<\/td><td>173<\/td><td>314<\/td><td>280,9<\/td><td>280,7<\/td><td>162,1<\/td><td>391,6<\/td><td>176,0<\/td><td>6,41<\/td><td>Cochem-Zell<\/td><td><\/td><\/tr><tr><td>Donnersbergkreis<\/td><td>26933<\/td><td>49<\/td><td>487<\/td><td>121<\/td><td>25046<\/td><td>1766<\/td><td>402<\/td><td>511<\/td><td>532,2<\/td><td>527,1<\/td><td>284,4<\/td><td>717,9<\/td><td>377,5<\/td><td>6,41<\/td><td>Donnersbergkreis<\/td><td><\/td><\/tr><tr><td>Germersheim<\/td><td>49760<\/td><td>160<\/td><td>1073<\/td><td>214<\/td><td>47713<\/td><td>1833<\/td><td>510<\/td><td>831<\/td><td>395,3<\/td><td>395,3<\/td><td>231,2<\/td><td>516,0<\/td><td>280,8<\/td><td>6,41<\/td><td>Germersheim<\/td><td><\/td><\/tr><tr><td>Kaiserslautern<\/td><td>45610<\/td><td>108<\/td><td>704<\/td><td>170<\/td><td>41629<\/td><td>3811<\/td><td>762<\/td><td>1116<\/td><td>716,7<\/td><td>615,8<\/td><td>391,1<\/td><td>1018,1<\/td><td>437,1<\/td><td>6,41<\/td><td>Kaiserslautern<\/td><td><\/td><\/tr><tr><td>Kusel<\/td><td>22989<\/td><td>30<\/td><td>442<\/td><td>116<\/td><td>21058<\/td><td>1815<\/td><td>334<\/td><td>540<\/td><td>476,4<\/td><td>452,1<\/td><td>195,4<\/td><td>637,6<\/td><td>387,7<\/td><td>6,41<\/td><td>Kusel<\/td><td><\/td><\/tr><tr><td>Mainz-Bingen<\/td><td>76106<\/td><td>122<\/td><td>1176<\/td><td>298<\/td><td>69585<\/td><td>6223<\/td><td>1033<\/td><td>1602<\/td><td>488,4<\/td><td>488,0<\/td><td>280,5<\/td><td>643,3<\/td><td>351,8<\/td><td>6,41<\/td><td>Mainz-Bingen<\/td><td><\/td><\/tr><tr><td>Mayen-Koblenz<\/td><td>75248<\/td><td>44<\/td><td>1066<\/td><td>237<\/td><td>70675<\/td><td>4336<\/td><td>686<\/td><td>1079<\/td><td>319,4<\/td><td>319,4<\/td><td>176,6<\/td><td>428,3<\/td><td>221,0<\/td><td>6,41<\/td><td>Mayen-Koblenz<\/td><td><\/td><\/tr><tr><td>Neuwied<\/td><td>54993<\/td><td>75<\/td><td>701<\/td><td>266<\/td><td>51680<\/td><td>3047<\/td><td>512<\/td><td>823<\/td><td>279,6<\/td><td>279,6<\/td><td>162,5<\/td><td>361,8<\/td><td>216,3<\/td><td>6,41<\/td><td>Neuwied<\/td><td><\/td><\/tr><tr><td>Rhein-Hunsr\u00fcck<\/td><td>37187<\/td><td>51<\/td><td>650<\/td><td>141<\/td><td>34556<\/td><td>2490<\/td><td>457<\/td><td>704<\/td><td>442,0<\/td><td>442,0<\/td><td>265,5<\/td><td>610,9<\/td><td>273,7<\/td><td>6,41<\/td><td>Rhein-Hunsr\u00fcck<\/td><td><\/td><\/tr><tr><td>Rhein-Lahn-Kreis<\/td><td>38893<\/td><td>90<\/td><td>753<\/td><td>123<\/td><td>35926<\/td><td>2844<\/td><td>554<\/td><td>785<\/td><td>452,0<\/td><td>452,0<\/td><td>286,6<\/td><td>569,3<\/td><td>358,6<\/td><td>6,41<\/td><td>Rhein-Lahn-Kreis<\/td><td><\/td><\/tr><tr><td>Rhein-Pfalz-Kreis<\/td><td>50578<\/td><td>57<\/td><td>836<\/td><td>293<\/td><td>47370<\/td><td>2915<\/td><td>422<\/td><td>721<\/td><td>272,7<\/td><td>272,7<\/td><td>123,7<\/td><td>342,8<\/td><td>248,6<\/td><td>6,41<\/td><td>Rhein-Pfalz-Kreis<\/td><td><\/td><\/tr><tr><td>S\u00fcdliche Weinstr.<\/td><td>37225<\/td><td>102<\/td><td>941<\/td><td>182<\/td><td>35352<\/td><td>1691<\/td><td>418<\/td><td>741<\/td><td>377,3<\/td><td>377,3<\/td><td>168,4<\/td><td>541,2<\/td><td>234,6<\/td><td>6,41<\/td><td>S\u00fcdliche Weinstr.<\/td><td><\/td><\/tr><tr><td>S\u00fcdwestpfalz<\/td><td>29945<\/td><td>85<\/td><td>627<\/td><td>146<\/td><td>27125<\/td><td>2674<\/td><td>550<\/td><td>664<\/td><td>579,5<\/td><td>572,3<\/td><td>287,0<\/td><td>775,4<\/td><td>437,8<\/td><td>6,41<\/td><td>S\u00fcdwestpfalz<\/td><td><\/td><\/tr><tr><td>Trier-Saarburg<\/td><td>47568<\/td><td>66<\/td><td>583<\/td><td>135<\/td><td>44386<\/td><td>3047<\/td><td>566<\/td><td>836<\/td><td>376,0<\/td><td>375,6<\/td><td>287,3<\/td><td>492,2<\/td><td>223,7<\/td><td>6,41<\/td><td>Trier-Saarburg<\/td><td><\/td><\/tr><tr><td>Vulkaneifel<\/td><td>24146<\/td><td>44<\/td><td>289<\/td><td>95<\/td><td>22381<\/td><td>1670<\/td><td>288<\/td><td>423<\/td><td>476,1<\/td><td>476,0<\/td><td>243,0<\/td><td>647,4<\/td><td>341,0<\/td><td>6,41<\/td><td>Vulkaneifel<\/td><td><\/td><\/tr><tr><td>Westerwaldkreis<\/td><td>71554<\/td><td>124<\/td><td>1477<\/td><td>242<\/td><td>68399<\/td><td>2913<\/td><td>837<\/td><td>1193<\/td><td>412,7<\/td><td>412,7<\/td><td>195,8<\/td><td>539,2<\/td><td>327,8<\/td><td>6,41<\/td><td>Westerwaldkreis<\/td><td><\/td><\/tr><tr><td>KS Frankenthal<\/td><td>16532<\/td><td>27<\/td><td>291<\/td><td>90<\/td><td>15578<\/td><td>864<\/td><td>151<\/td><td>225<\/td><td>309,7<\/td><td>309,7<\/td><td>204,7<\/td><td>378,0<\/td><td>260,3<\/td><td>6,41<\/td><td>KS Frankenthal<\/td><td><\/td><\/tr><tr><td>KS Kaiserslautern<\/td><td>36503<\/td><td>70<\/td><td>825<\/td><td>238<\/td><td>33470<\/td><td>2795<\/td><td>512<\/td><td>941<\/td><td>513,7<\/td><td>482,3<\/td><td>235,3<\/td><td>652,9<\/td><td>404,2<\/td><td>6,41<\/td><td>KS Kaiserslautern<\/td><td><\/td><\/tr><tr><td>KS Koblenz<\/td><td>40674<\/td><td>26<\/td><td>510<\/td><td>188<\/td><td>38037<\/td><td>2449<\/td><td>376<\/td><td>569<\/td><td>331,6<\/td><td>331,6<\/td><td>190,1<\/td><td>400,2<\/td><td>281,5<\/td><td>6,41<\/td><td>KS Koblenz<\/td><td><\/td><\/tr><tr><td>KS Landau i.d.Pf.<\/td><td>16369<\/td><td>50<\/td><td>474<\/td><td>69<\/td><td>15673<\/td><td>627<\/td><td>178<\/td><td>244<\/td><td>381,3<\/td><td>381,3<\/td><td>160,9<\/td><td>475,5<\/td><td>324,8<\/td><td>6,41<\/td><td>KS Landau i.d.Pf.<\/td><td><\/td><\/tr><tr><td>KS Ludwigshafen<\/td><td>58447<\/td><td>73<\/td><td>1307<\/td><td>442<\/td><td>55303<\/td><td>2702<\/td><td>433<\/td><td>722<\/td><td>250,9<\/td><td>250,9<\/td><td>104,3<\/td><td>313,5<\/td><td>235,0<\/td><td>6,41<\/td><td>KS Ludwigshafen<\/td><td><\/td><\/tr><tr><td>KS Mainz<\/td><td>81524<\/td><td>97<\/td><td>1477<\/td><td>260<\/td><td>75523<\/td><td>5741<\/td><td>1019<\/td><td>1492<\/td><td>469,3<\/td><td>468,9<\/td><td>339,0<\/td><td>550,7<\/td><td>352,7<\/td><td>6,41<\/td><td>KS Mainz<\/td><td><\/td><\/tr><tr><td>KS Neustadt a.d.W.<\/td><td>18102<\/td><td>78<\/td><td>464<\/td><td>67<\/td><td>16575<\/td><td>1460<\/td><td>220<\/td><td>382<\/td><td>412,7<\/td><td>412,6<\/td><td>177,9<\/td><td>544,0<\/td><td>343,6<\/td><td>6,41<\/td><td>KS Neustadt a.d.W.<\/td><td><\/td><\/tr><tr><td>KS Pirmasens<\/td><td>12245<\/td><td>19<\/td><td>378<\/td><td>102<\/td><td>11289<\/td><td>854<\/td><td>172<\/td><td>253<\/td><td>428,1<\/td><td>428,0<\/td><td>173,1<\/td><td>635,5<\/td><td>257,9<\/td><td>6,41<\/td><td>KS Pirmasens<\/td><td><\/td><\/tr><tr><td>KS Speyer<\/td><td>19480<\/td><td>25<\/td><td>378<\/td><td>122<\/td><td>17962<\/td><td>1396<\/td><td>181<\/td><td>294<\/td><td>356,7<\/td><td>356,7<\/td><td>186,4<\/td><td>492,7<\/td><td>226,6<\/td><td>6,41<\/td><td>KS Speyer<\/td><td><\/td><\/tr><tr><td>KS Trier<\/td><td>35216<\/td><td>90<\/td><td>368<\/td><td>60<\/td><td>32994<\/td><td>2162<\/td><td>457<\/td><td>496<\/td><td>412,9<\/td><td>412,7<\/td><td>250,8<\/td><td>496,4<\/td><td>318,9<\/td><td>6,41<\/td><td>KS Trier<\/td><td><\/td><\/tr><tr><td>KS Worms<\/td><td>31048<\/td><td>45<\/td><td>924<\/td><td>158<\/td><td>28785<\/td><td>2105<\/td><td>340<\/td><td>634<\/td><td>407,4<\/td><td>407,4<\/td><td>252,6<\/td><td>541,3<\/td><td>262,2<\/td><td>6,41<\/td><td>KS Worms<\/td><td><\/td><\/tr><tr><td>KS Zweibr\u00fccken<\/td><td>11251<\/td><td>38<\/td><td>235<\/td><td>29<\/td><td>10200<\/td><td>1022<\/td><td>262<\/td><td>243<\/td><td>770,6<\/td><td>770,1<\/td><td>467,4<\/td><td>958,9<\/td><td>635,5<\/td><td>6,41<\/td><td>KS Zweibr\u00fccken<\/td><td><\/td><\/tr><tr><td><strong>Rheinland-Pfalz<\/strong><\/td><td><strong>1402844<\/strong><\/td><td><strong>2510<\/strong><\/td><td><strong>26141<\/strong><\/td><td><strong>5958<\/strong><\/td><td><strong>1306783 #<\/strong><\/td><td><strong>90103<\/strong><\/td><td><strong>16712<\/strong><\/td><td><strong>25721<\/strong><\/td><td><strong>407,8<\/strong><\/td><td><strong>404,1<\/strong><\/td><td><strong>220,5<\/strong><\/td><td><strong>532,9<\/strong><\/td><td><strong>304,2<\/strong><\/td><td><strong>6,41<\/strong><\/td><td><strong>Rheinland-Pfalz<\/strong><\/td><td><\/td><\/tr><\/tbody><\/table><\/figure>\n\n\n\n<p>Dargestellt sind ausschlie\u00dflich mittels PCR laborbest\u00e4tigte Meldef\u00e4lle.<\/p>\n\n\n\n<p><sup>A<\/sup>&nbsp;Genesen wurde wie folgt definiert:<\/p>\n\n\n\n<p>a) nicht-verstorben, nicht-hospitalisiert und vor mehr als 21 Tagen ab Datenstichtag erkrankt<\/p>\n\n\n\n<p>b) nicht-verstorben, hospitalisiert gemeldet und vor mehr als 28 Tagen ab Datenstichtag erkrankt<\/p>\n\n\n\n<p>c) nicht-verstorben, Hospitalisierung unbekannt und vor mehr als 28 ab Datenstichtag Tagen erkrankt<\/p>\n\n\n\n<p>Sofern kein Erkrankungsdatum vorliegt, wird das gesch\u00e4tzte Erkrankungsdatum aus Meldedatum minus mittlerem Meldeverzug von derzeit 5 Tagen verwendet.<\/p>\n\n\n\n<p><sup>B<\/sup>&nbsp;Errechnet als Differenz aus Gesamtzahl der laborbest\u00e4tigten F\u00e4lle, Verstorbenen und Genesenen.<\/p>\n\n\n\n<p><sup>C<\/sup>&nbsp;COVID-19 Erkrankungen mit Meldedatum der letzten 7 Tage ab Datenstichtag, pro 100.000 Einwohner. Bitte beachten Sie, dass die Gesamtinzidenz der Meldungen in den letzten 7 Tagen f\u00fcr Rheinland-Pfalz \/100.000 Einwohner das mit der Bev\u00f6lkerungszahl der Gebietseinheit gewichtete Mittel und&nbsp;nicht&nbsp;deren arithmetisches Mittel ist.<\/p>\n\n\n\n<p><sup>D<\/sup>&nbsp;USAF = U.S. Armed Forces; Berechnung der Inzidenz \/100.000 unter Ber\u00fccksichtigung der mit Stand vom 18.10.2021 in der Gebietseinheit stationierten U.S. Streitkr\u00e4fte<\/p>\n\n\n\n<p><sup>E<\/sup>&nbsp;beinhaltet &lt;1% F\u00e4lle ohne Altersangabe<\/p>\n\n\n\n<p><sup>F<\/sup>&nbsp;F\u00fcr die 7-Tage-Hospitalisierungsinzidenz (Schutzwert) wird ein landesweiter Wert berichtet. Die 7-Tages-Hospitalisierungsinzidenz bestimmt sich nach der Zahl der Hospitalisierungen unter den SARS-CoV-2-F\u00e4llen mit Meldedatum innerhalb der letzten 7 Tage je 100.000 Einwohnerinnen und Einwohner im Land Rheinland-Pfalz. Eine Hospitalisierung ist die station\u00e4re Aufnahme in ein Akutkrankenhaus aufgrund von COVID-19, unbekannter oder anderer bekannter Ursache.<\/p>\n\n\n\n<p># Die Summe der in Rheinland-Pfalz bereits von COVID-19 Genesenen kann aufgrund eines unterschiedlichen Datenstandes und Bewertungsalgorithmus von der auf dem RKI-Dashboard abweichen.<\/p>\n\n\n\n<p>KS = kreisfreie Stadt<\/p>\n\n\n\n<h4 class=\"wp-block-heading\">SARS-CoV-2-Varianten<\/h4>\n\n\n\n<p>Bundesweite Informationen zu besorgniserregenden Virusvarianten (Variants of Concern) finden Sie im&nbsp;<a href=\"https:\/\/deref-web.de\/mail\/client\/QF3X2jIxwus\/dereferrer\/?redirectUrl=https%3A%2F%2Fwww.rki.de%2FDE%2FContent%2FInfAZ%2FN%2FNeuartiges_Coronavirus%2FSituationsberichte%2FGesamt.html\">Wochenbericht des Robert Koch-Instituts<\/a>.<\/p>\n\n\n\n<h4 class=\"wp-block-heading\">Corona-Lage in Rheinland-Pfalz<\/h4>\n\n\n\n<p>Weitere Informationen und Rechtsgrundlagen finden Sie auf der zentralen Info-Plattform der rheinland-pf\u00e4lzischen Landesregierung unter&nbsp;<a href=\"https:\/\/deref-web.de\/mail\/client\/mYcRR1-0G30\/dereferrer\/?redirectUrl=http%3A%2F%2Fwww.corona.rlp.de\">www.corona.rlp.de<\/a>.<\/p>\n\n\n\n<h4 class=\"wp-block-heading\">Weitere rheinland-pf\u00e4lzische Meldedaten zur Corona-Pandemie<\/h4>\n\n\n\n<p>Weitere rheinland-pf\u00e4lzische Meldedaten zum Coronavirus finden Sie auf der&nbsp;<a href=\"https:\/\/deref-web.de\/mail\/client\/m99BDoeWtsI\/dereferrer\/?redirectUrl=https%3A%2F%2Flua.rlp.de%2Fde%2Funsere-themen%2Finfektionsschutz%2Fmeldedaten-coronavirus%2F\">Homepage des LUA<\/a>.<\/p>\n\n\n\n<p><em>Landesuntersuchungsamt (LUA) Rheinland-Pfalz<br>05.08.2022<\/em><\/p>\n\n\n\n<h2 class=\"wp-block-heading\">Aktueller COVID-19-Wochenbericht f\u00fcr Rheinland-Pfalz jetzt online<\/h2>\n\n\n<div class=\"wp-block-image\">\n<figure class=\"aligncenter\"><img decoding=\"async\" loading=\"lazy\" width=\"800\" height=\"450\" src=\"https:\/\/speyer24news.com\/wp-content\/uploads\/2020\/06\/Statistik4.jpg\" alt=\"\" class=\"wp-image-27703\" srcset=\"https:\/\/speyer24news.com\/wp-content\/uploads\/2020\/06\/Statistik4.jpg 800w, https:\/\/speyer24news.com\/wp-content\/uploads\/2020\/06\/Statistik4-300x169.jpg 300w, https:\/\/speyer24news.com\/wp-content\/uploads\/2020\/06\/Statistik4-768x432.jpg 768w, https:\/\/speyer24news.com\/wp-content\/uploads\/2020\/06\/Statistik4-678x381.jpg 678w\" sizes=\"(max-width: 800px) 100vw, 800px\" \/><\/figure><\/div>\n\n\n<p>Der neue COVID-19-Wochenbericht des Landesuntersuchungsamtes (LUA) f\u00fcr die 31. Kalenderwoche des Jahres 2022 ist online. Der Bericht soll dazu beitragen, die Corona-Lage in Rheinland-Pfalz differenziert bewerten zu k\u00f6nnen. Er schl\u00fcsselt die von den rheinland-pf\u00e4lzischen Gesundheits\u00e4mtern erfassten und \u00fcbermittelten Corona-F\u00e4lle beispielsweise nach Altersgruppen auf; au\u00dferdem unterscheidet er die F\u00e4lle danach, ob Personen \u201emit\u201c oder \u201eaufgrund von\u201c Corona ins Krankenhaus eingeliefert wurden oder verstorben sind.<\/p>\n\n\n\n<p>Die COVID-19-Wochenberichte f\u00fcr Rheinland-Pfalz&nbsp;<strong><a href=\"https:\/\/deref-web.de\/mail\/client\/Pmx_XaPsk74\/dereferrer\/?redirectUrl=https%3A%2F%2Flua.rlp.de%2Fde%2Funsere-themen%2Finfektionsschutz%2Fmeldedaten-coronavirus%2Fcovid-19-wochenberichte%2F\" target=\"_blank\" rel=\"noreferrer noopener\">finden Sie hier auf der Homepage<\/a><\/strong>.<\/p>\n\n\n\n<p><em>Landesuntersuchungsamt (LUA) Rheinland-Pfalz<br><\/em>04.08.<em>2022<\/em><\/p>\n","protected":false},"excerpt":{"rendered":"<div class=\"mh-excerpt\"><p>Tagesaktuelle Fallzahlen f\u00fcr die Stadt Speyer (Quelle: Landesuntersuchungsamt Rheinland-Pfalz,\u00a0Stand: 05.08.2022) Anzahl best\u00e4tigter F\u00e4lle von Coronavirus (SARS-CoV-2)-Infektionen in der Stadt Speyer:\u00a019.480 (+ 25)Davon bereits genesen:\u00a017.962Todesf\u00e4lle: 122 (+ 2)Sieben-Tage-Inzidenz\u00a0(Gemeldete F\u00e4lle der letzten sieben Tage pro 100.000 Einwohner*innen <a class=\"mh-excerpt-more\" href=\"https:\/\/speyer24news.com\/?p=47877\" title=\"Coronavirus Speyer \/ Rheinland-Pfalz\">[&#8230;]<\/a><\/p>\n<\/div>","protected":false},"author":3,"featured_media":25126,"comment_status":"open","ping_status":"open","sticky":false,"template":"","format":"standard","meta":{"_monsterinsights_skip_tracking":false,"_monsterinsights_sitenote_active":false,"_monsterinsights_sitenote_note":"","_monsterinsights_sitenote_category":0,"footnotes":""},"categories":[11613],"tags":[6401,8140,9951,10288,8404,6902,6648,6367,8741,8600,11658,14828,6940,6913,9887,7076,7400,6370,5904,6323,6358,9746,9634,9545,7003,9889,5801,7160,9616,6903,9745,7252,7251,6634,13392,6342,13391,7399,6836,6837,13428,13448,6832,8139,6681,9379,9394,13427,210,4149,58,5569,2962,2865,427,2625,380,1565,6424,6,359],"aioseo_notices":[],"amp_enabled":true,"_links":{"self":[{"href":"https:\/\/speyer24news.com\/index.php?rest_route=\/wp\/v2\/posts\/47877"}],"collection":[{"href":"https:\/\/speyer24news.com\/index.php?rest_route=\/wp\/v2\/posts"}],"about":[{"href":"https:\/\/speyer24news.com\/index.php?rest_route=\/wp\/v2\/types\/post"}],"author":[{"embeddable":true,"href":"https:\/\/speyer24news.com\/index.php?rest_route=\/wp\/v2\/users\/3"}],"replies":[{"embeddable":true,"href":"https:\/\/speyer24news.com\/index.php?rest_route=%2Fwp%2Fv2%2Fcomments&post=47877"}],"version-history":[{"count":1,"href":"https:\/\/speyer24news.com\/index.php?rest_route=\/wp\/v2\/posts\/47877\/revisions"}],"predecessor-version":[{"id":47878,"href":"https:\/\/speyer24news.com\/index.php?rest_route=\/wp\/v2\/posts\/47877\/revisions\/47878"}],"wp:featuredmedia":[{"embeddable":true,"href":"https:\/\/speyer24news.com\/index.php?rest_route=\/wp\/v2\/media\/25126"}],"wp:attachment":[{"href":"https:\/\/speyer24news.com\/index.php?rest_route=%2Fwp%2Fv2%2Fmedia&parent=47877"}],"wp:term":[{"taxonomy":"category","embeddable":true,"href":"https:\/\/speyer24news.com\/index.php?rest_route=%2Fwp%2Fv2%2Fcategories&post=47877"},{"taxonomy":"post_tag","embeddable":true,"href":"https:\/\/speyer24news.com\/index.php?rest_route=%2Fwp%2Fv2%2Ftags&post=47877"}],"curies":[{"name":"wp","href":"https:\/\/api.w.org\/{rel}","templated":true}]}}