{"id":47904,"date":"2022-08-07T09:58:50","date_gmt":"2022-08-07T08:58:50","guid":{"rendered":"https:\/\/speyer24news.com\/?p=47904"},"modified":"2022-08-07T09:59:14","modified_gmt":"2022-08-07T08:59:14","slug":"speyer-149","status":"publish","type":"post","link":"https:\/\/speyer24news.com\/?p=47904","title":{"rendered":"Umwelt &#038; Natur"},"content":{"rendered":"<style type=\"text\/css\">\r\n\t.ads_top_disp{}\r\n\t.ads_top_corner_disp{ float:left; margin:0px 10px 10px 0px; }\r\n\t.ads_first_p_disp{}\r\n\t.ads_bottom_disp{}\r\n\t<\/style>\n<h2 class=\"wp-block-heading\">Speyer f\u00fcr das Projekt \u201eGlobal Nachhaltige Kommune Pfalz\u201c ausgew\u00e4hlt<\/h2>\n\n\n<div class=\"wp-block-image\">\n<figure class=\"aligncenter size-full\"><img decoding=\"async\" loading=\"lazy\" width=\"603\" height=\"368\" src=\"https:\/\/speyer24news.com\/wp-content\/uploads\/2022\/08\/GNK_Logo.jpg\" alt=\"\" class=\"wp-image-47905\" srcset=\"https:\/\/speyer24news.com\/wp-content\/uploads\/2022\/08\/GNK_Logo.jpg 603w, https:\/\/speyer24news.com\/wp-content\/uploads\/2022\/08\/GNK_Logo-300x183.jpg 300w\" sizes=\"(max-width: 603px) 100vw, 603px\" \/><\/figure><\/div>\n\n\n<p>Die Stadt Speyer wurde als Teilnehmerin f\u00fcr das Projekt \u201eGlobal Nachhaltige Kommune Pfalz\u201c des&nbsp;Biosph\u00e4renreservats Pf\u00e4lzerwald und der Servicestelle Kommunen in der Einen Welt (SKEW) von Engagement Global ausgew\u00e4hlt. Deren Ziel ist es, die teilnehmenden Kommunen im Rahmen des Projekts bis Ende 2023 beim Transformationsprozess zu mehr globaler Nachhaltigkeit zu unterst\u00fctzen und die Agenda 2030 mit ihren 17 Zielen f\u00fcr nachhaltige Entwicklung (Sustainable Development Goals, SDGs) in den Kommunen strategisch zu verankern.<\/p>\n\n\n\n<p>\u201eIch freue mich sehr dar\u00fcber, dass die Stadt Speyer als Modellkommune ausgew\u00e4hlt wurde. Wir werden in diesem Rahmen die anstehenden Neuaufstellungen des Nachhaltigkeitsberichts und des Handlungsprogramms \u201eNachhaltiges Speyer\u201c miteinander verkn\u00fcpfen. Dabei sollen die SDGs f\u00fcr alle begreifbar und lebendig gemacht werden und als fester Bestandteil in das Verwaltungshandeln einflie\u00dfen \u2013 unter anderem in den Bereichen nachhaltige Beschaffung und nachhaltige Veranstaltungen\u201c, unterstreicht Umweltdezernentin Irmgard M\u00fcnch-Weinmann, die sich gemeinsam mit der st\u00e4dtischen Nachhaltigkeitsmanagerin Sandra Gehrlein f\u00fcr die Projektbeteiligung verantwortlich zeichnet.<\/p>\n\n\n<div class=\"wp-block-image\">\n<figure class=\"aligncenter size-full\"><img decoding=\"async\" loading=\"lazy\" width=\"603\" height=\"368\" src=\"https:\/\/speyer24news.com\/wp-content\/uploads\/2022\/08\/GNK_RLP.jpg\" alt=\"\" class=\"wp-image-47906\" srcset=\"https:\/\/speyer24news.com\/wp-content\/uploads\/2022\/08\/GNK_RLP.jpg 603w, https:\/\/speyer24news.com\/wp-content\/uploads\/2022\/08\/GNK_RLP-300x183.jpg 300w\" sizes=\"(max-width: 603px) 100vw, 603px\" \/><\/figure><\/div>\n\n\n<p>F\u00fcr Speyer gilt es, die bisherigen partizipativen Prozesse zu intensivieren und einen lokalen Aktionsplan mit Zielen und Ma\u00dfnahmen zu erarbeiten. Im Rahmen des Projekts geschieht das in einem dreistufigen Prozess: Der Bestandsaufnahme folgt eine Analyse der St\u00e4rken, Schw\u00e4chen, Chancen und Risiken. Diese bietet eine strukturierte \u00dcbersicht \u00fcber die bisherigen Nachhaltigkeitsaktivit\u00e4ten und identifizieren Handlungsbedarfe, auf deren Basis schlie\u00dflich ein SDG-Aktionsplan erarbeitet wird.<\/p>\n\n\n\n<p>Der Speyerer Stadtrat hat den f\u00fcr die Teilnahme am Projekt n\u00f6tigen Beschluss in seiner April-Sitzung einstimmig bei zwei Enthaltungen gefasst.<\/p>\n\n\n\n<p>Die Schwerpunkte der st\u00e4dtischen Nachhaltigkeitsstrategie liegen bislang in den Bereichen Abfallvermeidung\/Mehrweg, Gr\u00fcnfl\u00e4chen\/Biologische Vielfalt, Fairtrade und Bildung f\u00fcr nachhaltige Entwicklung. Auch formell ist das Thema in Speyer fest verankert: Seit 2013 ist die Stadt Fairtrade-zertifiziert, 2016 wurde die Musterresolution AGENDA 2030 unterzeichnet und 2018 der Beitritt zum B\u00fcndnis f\u00fcr biologische Vielfalt vollzogen. 2020 hat der Speyerer Stadtrat den Klimanotstand ausgerufen. Dieses Jahr steht die Neufassung des 2010 erstmals erarbeiteten und ver\u00f6ffentlichten Klimaschutzkonzepts an.<\/p>\n\n\n<div class=\"wp-block-image\">\n<figure class=\"aligncenter size-full\"><img decoding=\"async\" loading=\"lazy\" width=\"800\" height=\"600\" src=\"https:\/\/speyer24news.com\/wp-content\/uploads\/2020\/09\/Pf\u00e4lzerwald.jpg\" alt=\"\" class=\"wp-image-30278\" srcset=\"https:\/\/speyer24news.com\/wp-content\/uploads\/2020\/09\/Pf\u00e4lzerwald.jpg 800w, https:\/\/speyer24news.com\/wp-content\/uploads\/2020\/09\/Pf\u00e4lzerwald-300x225.jpg 300w, https:\/\/speyer24news.com\/wp-content\/uploads\/2020\/09\/Pf\u00e4lzerwald-768x576.jpg 768w, https:\/\/speyer24news.com\/wp-content\/uploads\/2020\/09\/Pf\u00e4lzerwald-678x509.jpg 678w, https:\/\/speyer24news.com\/wp-content\/uploads\/2020\/09\/Pf\u00e4lzerwald-326x245.jpg 326w, https:\/\/speyer24news.com\/wp-content\/uploads\/2020\/09\/Pf\u00e4lzerwald-80x60.jpg 80w\" sizes=\"(max-width: 800px) 100vw, 800px\" \/><\/figure><\/div>\n\n\n<p>Tr\u00e4ger des Projekts \u201eGlobal Nachhaltige Kommune Pfalz\u201c ist der Bezirksverband Pfalz als Tr\u00e4ger des Biosph\u00e4renreservats, das gemeinsam mit der Servicestelle Kommunen in der Einen Welt (SKEW) von Engagement Global das Projekt durchf\u00fchrt. Zu 85 Prozent finanziert wird das Projekt durch das Angebot \u201eGlobal Nachhaltige Kommune\u201c der SKEW mit Mitteln des Bundesministeriums f\u00fcr wirtschaftliche Zusammenarbeit und Entwicklung. Unterst\u00fctzt wird das Vorhaben auf Landesebene durch das Ministerium f\u00fcr Klimaschutz, Umwelt, Energie und Mobilit\u00e4t, das Ministerium des Innern und f\u00fcr Sport sowie die Staatskanzlei Rheinland-Pfalz.<\/p>\n\n\n\n<p><em>Stadt Speyer<br>03.08.2022<\/em><\/p>\n","protected":false},"excerpt":{"rendered":"<div class=\"mh-excerpt\"><p>Speyer f\u00fcr das Projekt \u201eGlobal Nachhaltige Kommune Pfalz\u201c ausgew\u00e4hlt Die Stadt Speyer wurde als Teilnehmerin f\u00fcr das Projekt \u201eGlobal Nachhaltige Kommune Pfalz\u201c des&nbsp;Biosph\u00e4renreservats Pf\u00e4lzerwald und der Servicestelle Kommunen in der Einen Welt (SKEW) von Engagement <a class=\"mh-excerpt-more\" href=\"https:\/\/speyer24news.com\/?p=47904\" title=\"Umwelt &#038; Natur\">[&#8230;]<\/a><\/p>\n<\/div>","protected":false},"author":3,"featured_media":44012,"comment_status":"open","ping_status":"open","sticky":false,"template":"","format":"standard","meta":{"_monsterinsights_skip_tracking":false,"_monsterinsights_sitenote_active":false,"_monsterinsights_sitenote_note":"","_monsterinsights_sitenote_category":0,"footnotes":""},"categories":[13721],"tags":[15099,15100,15104,15105,15102,4141,15103,15101,6],"aioseo_notices":[],"amp_enabled":true,"_links":{"self":[{"href":"https:\/\/speyer24news.com\/index.php?rest_route=\/wp\/v2\/posts\/47904"}],"collection":[{"href":"https:\/\/speyer24news.com\/index.php?rest_route=\/wp\/v2\/posts"}],"about":[{"href":"https:\/\/speyer24news.com\/index.php?rest_route=\/wp\/v2\/types\/post"}],"author":[{"embeddable":true,"href":"https:\/\/speyer24news.com\/index.php?rest_route=\/wp\/v2\/users\/3"}],"replies":[{"embeddable":true,"href":"https:\/\/speyer24news.com\/index.php?rest_route=%2Fwp%2Fv2%2Fcomments&post=47904"}],"version-history":[{"count":2,"href":"https:\/\/speyer24news.com\/index.php?rest_route=\/wp\/v2\/posts\/47904\/revisions"}],"predecessor-version":[{"id":47908,"href":"https:\/\/speyer24news.com\/index.php?rest_route=\/wp\/v2\/posts\/47904\/revisions\/47908"}],"wp:featuredmedia":[{"embeddable":true,"href":"https:\/\/speyer24news.com\/index.php?rest_route=\/wp\/v2\/media\/44012"}],"wp:attachment":[{"href":"https:\/\/speyer24news.com\/index.php?rest_route=%2Fwp%2Fv2%2Fmedia&parent=47904"}],"wp:term":[{"taxonomy":"category","embeddable":true,"href":"https:\/\/speyer24news.com\/index.php?rest_route=%2Fwp%2Fv2%2Fcategories&post=47904"},{"taxonomy":"post_tag","embeddable":true,"href":"https:\/\/speyer24news.com\/index.php?rest_route=%2Fwp%2Fv2%2Ftags&post=47904"}],"curies":[{"name":"wp","href":"https:\/\/api.w.org\/{rel}","templated":true}]}}