{"id":47928,"date":"2022-08-08T17:54:38","date_gmt":"2022-08-08T16:54:38","guid":{"rendered":"https:\/\/speyer24news.com\/?p=47928"},"modified":"2022-08-10T07:00:05","modified_gmt":"2022-08-10T06:00:05","slug":"vermisstensuche-oeffentlichkeitsfahndung-14","status":"publish","type":"post","link":"https:\/\/speyer24news.com\/?p=47928","title":{"rendered":"Vermisstensuche \/ \u00d6ffentlichkeitsfahndung"},"content":{"rendered":"<style type=\"text\/css\">\r\n\t.ads_top_disp{}\r\n\t.ads_top_corner_disp{ float:left; margin:0px 10px 10px 0px; }\r\n\t.ads_first_p_disp{}\r\n\t.ads_bottom_disp{}\r\n\t<\/style>\n<h2 class=\"wp-block-heading\">R\u00fccknahme der \u00d6ffentlichkeitsfahndung nach einem vermissten 76-J\u00e4hrigen<\/h2>\n\n\n\n<h3 class=\"wp-block-heading\">Nachtrag zur Pressemeldung vom 08.08.2022: https:\/\/s.rlp.de\/nxleA<a href=\"https:\/\/www.facebook.com\/sharer.php?u=https%3A%2F%2Fwww.presseportal.de%2Fblaulicht%2Fpm%2F117687%2F5292488%2F%3Futm_source%3Dfacebook%26utm_medium%3Dsocial\"><\/a><a href=\"https:\/\/twitter.com\/intent\/tweet?text=POL-PDNW%3A%20Bad%20D%C3%BCrkheim%20-%20R%C3%BCcknahme%20der%20%C3%96ffentlichkeitsfahndung%20nach%20einem%20vermissten%2076-J%C3%A4hrigen%20Nachtrag%20zur%20Pressemeldung%20vom%2008.08.2022%3A%20https%3A%2F%2Fs.rlp.de%2FnxleA&amp;url=https%3A%2F%2Fwww.presseportal.de%2Fblaulicht%2Fpm%2F117687%2F5292488%2F%3Futm_source%3Dtwitter%26utm_medium%3Dsocial&amp;hashtags=ots&amp;lang=de\"><\/a><a href=\"https:\/\/web.whatsapp.com\/send?text=POL-PDNW%3A%20Bad%20D%C3%BCrkheim%20-%20R%C3%BCcknahme%20der%20%C3%96ffentlichkeitsfahndung%20nach%20einem%20vermissten%2076-J%C3%A4hrigen%20Nachtrag%20zur%20Pressemeldung%20vom%2008.08.2022%3A%20https%3A%2F%2Fs.rlp.de%2FnxleA%0A%0Ahttps%3A%2F%2Fwww.presseportal.de%2Fblaulicht%2Fpm%2F117687%2F5292488%2F%3Futm_source%3Dwhatsapp%26utm_medium%3Dsocial\"><\/a><a href=\"https:\/\/www.xing.com\/app\/user?op=share;url=https%3A%2F%2Fwww.presseportal.de%2Fblaulicht%2Fpm%2F117687%2F5292488%2F%3Futm_source%3Dxing%26utm_medium%3Dsocial\"><\/a><a href=\"http:\/\/www.linkedin.com\/shareArticle?mini=true&amp;url=https%3A%2F%2Fwww.presseportal.de%2Fblaulicht%2Fpm%2F117687%2F5292488%2F%3Futm_source%3Dlinkedin%26utm_medium%3Dsocial&amp;title=POL-PDNW%3A+Bad+D%C3%BCrkheim+-+R%C3%BCcknahme+der+%C3%96ffentlichkeitsfahndung+nach+einem+vermissten+76-J%C3%A4hrigen+Nachtrag+zur+Pressemeldung+vom+08.08.2022%3A+https%3A%2F%2Fs.rlp.de%2FnxleA\"><\/a><a href=\"mailto:?subject=POL-PDNW%3A%20Bad%20D%C3%BCrkheim%20-%20R%C3%BCcknahme%20der%20%C3%96ffentlichkeitsfahndung%20nach%20einem%20vermissten%2076-J%C3%A4hrigen%20Nachtrag%20zur%20Pressemeldung%20vom%2008.08.2022%3A%20https%3A%2F%2Fs.rlp.de%2FnxleA&amp;body=https:\/\/www.presseportal.de\/blaulicht\/pm\/117687\/5292488\"><\/a><\/h3>\n\n\n\n<p><strong>(Bad D\u00fcrkheim) &#8211; <\/strong>Der seit dem 06.08.2022 vermisste 76-j\u00e4hrige Klaus D. konnte bei der Vermisstensuche wohlbehalten aufgefunden werden.<\/p>\n\n\n\n<p><em>Polizeidirektion Neustadt\/Weinstra\u00dfe<br>09.08.2022<\/em><\/p>\n\n\n\n<h2 class=\"wp-block-heading\">Vermisster 76-j\u00e4hriger Mann<\/h2>\n\n\n\n<p><strong>(Bad D\u00fcrkheim OT Leistadt) \u2013 <\/strong>Seit Samstag, 06.08.2022, wird der in Bad D\u00fcrkheim\/ OT Leistadt wohnende 76-j\u00e4hrige Klaus D. vermisst. Zuletzt gesehen wurde dieser gegen 21:30 Uhr im Bereich der Stra\u00dfe Im Stephansst\u00fcck in Bad D\u00fcrkheim. Seitdem ist sein Aufenthaltsort unbekannt. Klaus D. k\u00f6nnte sich in hilfloser Lage befinden. Durch die bisherigen polizeilichen Ma\u00dfnahmen konnte der Vermisste nicht aufgefunden werden, sodass wir die \u00d6ffentlichkeit um Mithilfe bitten.<\/p>\n\n\n\n<h3 class=\"wp-block-heading\">Beschreibung von Klaus D.:<\/h3>\n\n\n\n<ul><li><strong>ca. 1,70 m gro\u00df<\/strong><\/li><li><strong>ca. 70 kg schwer<\/strong><\/li><li><strong>hager\/schlank<\/strong><\/li><li><strong>Stirnglatze mit grauem Haarkranz<\/strong><\/li><li><strong>bekleidet mit einer kurzen braunen Jeans und einem schwarzen T-Shirt<\/strong><\/li><li><strong>tr\u00e4gt weder Schuhe noch Str\u00fcmpfe<\/strong><\/li><\/ul>\n\n\n\n<h4 class=\"wp-block-heading\">Wer hat Klaus D. seit Samstag gesehen? Wer kann Hinweise zum derzeitigen Aufenthaltsort von ihm geben?<\/h4>\n\n\n\n<p>Hinweise nimmt die Polizei Neustadt unter der Telefonnummer 06321 854-4610, per E-Mail&nbsp;<a href=\"mailto:kineustadt.k1@polizei.rlp.de\">kineustadt.k1@polizei.rlp.de<\/a>&nbsp;oder jede andere Polizeidienststelle entgegen.<\/p>\n\n\n\n<p><em>Polizeidirektion Neustadt\/Weinstra\u00dfe<br>08.08.2022<\/em><\/p>\n","protected":false},"excerpt":{"rendered":"<div class=\"mh-excerpt\"><p>R\u00fccknahme der \u00d6ffentlichkeitsfahndung nach einem vermissten 76-J\u00e4hrigen Nachtrag zur Pressemeldung vom 08.08.2022: https:\/\/s.rlp.de\/nxleA (Bad D\u00fcrkheim) &#8211; Der seit dem 06.08.2022 vermisste 76-j\u00e4hrige Klaus D. konnte bei der Vermisstensuche wohlbehalten aufgefunden werden. Polizeidirektion Neustadt\/Weinstra\u00dfe09.08.2022 Vermisster 76-j\u00e4hriger <a class=\"mh-excerpt-more\" href=\"https:\/\/speyer24news.com\/?p=47928\" title=\"Vermisstensuche \/ \u00d6ffentlichkeitsfahndung\">[&#8230;]<\/a><\/p>\n<\/div>","protected":false},"author":3,"featured_media":29028,"comment_status":"open","ping_status":"open","sticky":false,"template":"","format":"standard","meta":{"_monsterinsights_skip_tracking":false,"_monsterinsights_sitenote_active":false,"_monsterinsights_sitenote_note":"","_monsterinsights_sitenote_category":0,"footnotes":""},"categories":[12],"tags":[15106,15107,2388,14882,1881,14683,14884,451,1117,14681,13531,619,618],"aioseo_notices":[],"amp_enabled":true,"_links":{"self":[{"href":"https:\/\/speyer24news.com\/index.php?rest_route=\/wp\/v2\/posts\/47928"}],"collection":[{"href":"https:\/\/speyer24news.com\/index.php?rest_route=\/wp\/v2\/posts"}],"about":[{"href":"https:\/\/speyer24news.com\/index.php?rest_route=\/wp\/v2\/types\/post"}],"author":[{"embeddable":true,"href":"https:\/\/speyer24news.com\/index.php?rest_route=\/wp\/v2\/users\/3"}],"replies":[{"embeddable":true,"href":"https:\/\/speyer24news.com\/index.php?rest_route=%2Fwp%2Fv2%2Fcomments&post=47928"}],"version-history":[{"count":2,"href":"https:\/\/speyer24news.com\/index.php?rest_route=\/wp\/v2\/posts\/47928\/revisions"}],"predecessor-version":[{"id":47955,"href":"https:\/\/speyer24news.com\/index.php?rest_route=\/wp\/v2\/posts\/47928\/revisions\/47955"}],"wp:featuredmedia":[{"embeddable":true,"href":"https:\/\/speyer24news.com\/index.php?rest_route=\/wp\/v2\/media\/29028"}],"wp:attachment":[{"href":"https:\/\/speyer24news.com\/index.php?rest_route=%2Fwp%2Fv2%2Fmedia&parent=47928"}],"wp:term":[{"taxonomy":"category","embeddable":true,"href":"https:\/\/speyer24news.com\/index.php?rest_route=%2Fwp%2Fv2%2Fcategories&post=47928"},{"taxonomy":"post_tag","embeddable":true,"href":"https:\/\/speyer24news.com\/index.php?rest_route=%2Fwp%2Fv2%2Ftags&post=47928"}],"curies":[{"name":"wp","href":"https:\/\/api.w.org\/{rel}","templated":true}]}}