{"id":47953,"date":"2022-08-10T07:15:40","date_gmt":"2022-08-10T06:15:40","guid":{"rendered":"https:\/\/speyer24news.com\/?p=47953"},"modified":"2022-08-10T12:24:24","modified_gmt":"2022-08-10T11:24:24","slug":"polizeimeldungen-dienstag-09-08-2022","status":"publish","type":"post","link":"https:\/\/speyer24news.com\/?p=47953","title":{"rendered":"Polizeimeldungen Dienstag (09.08.2022)"},"content":{"rendered":"<style type=\"text\/css\">\r\n\t.ads_top_disp{}\r\n\t.ads_top_corner_disp{ float:left; margin:0px 10px 10px 0px; }\r\n\t.ads_first_p_disp{}\r\n\t.ads_bottom_disp{}\r\n\t<\/style>\n<h2 class=\"wp-block-heading\">Polizeimeldungen vom Dienstag (09.08.2022)<\/h2>\n\n\n<div class=\"wp-block-image\">\n<figure class=\"aligncenter size-full\"><img decoding=\"async\" loading=\"lazy\" width=\"375\" height=\"500\" src=\"https:\/\/speyer24news.com\/wp-content\/uploads\/2022\/03\/Aktuelles-Polizeilogo.jpg\" alt=\"\" class=\"wp-image-43591\" srcset=\"https:\/\/speyer24news.com\/wp-content\/uploads\/2022\/03\/Aktuelles-Polizeilogo.jpg 375w, https:\/\/speyer24news.com\/wp-content\/uploads\/2022\/03\/Aktuelles-Polizeilogo-225x300.jpg 225w\" sizes=\"(max-width: 375px) 100vw, 375px\" \/><\/figure><\/div>\n\n\n<h2 class=\"wp-block-heading\">(Speyer) &#8211; Versuchter Diebstahl eines Fahrrads endet in Trunkenheitsfahrt<\/h2>\n\n\n\n<p>Am sp\u00e4ten Montagabend gegen 23:30 Uhr meldete ein Zeuge der Polizei Speyer zwei m\u00e4nnliche Personen in der Unteren Langgasse, die zun\u00e4chst scheinbar versucht hatten, ein verschlossenes Fahrrad zu entwenden. Vermutlich weil sie sich beobachtet f\u00fchlten, lie\u00dfen sie von ihrem Vorhaben ab und entfernten sich mit ihren eigenen Fahrr\u00e4dern in Richtung Bahnhof. Einer der beiden sei dabei deutliche Schlangenlinien gefahren. Aufgrund der Personenbeschreibung konnte eine Streife der Polizei die beiden M\u00e4nner in der Wormser Landstra\u00dfe aufgreifen und kontrollieren. Ein freiwilliger Atemalkoholtest ergab bei einem der beiden einen Wert vom 1,31 Promille. Aufgrund der vom Zeugen geschilderten Ausfallerscheinungen, die bei der Kontrolle auch best\u00e4tigt wurden, wurde er zur Entnahme einer Blutprobe zur Dienststelle verbracht. Ihn erwartet nun ein Strafverfahren wegen Trunkenheit im Verkehr. Dar\u00fcber hinaus wurde gegen beide M\u00e4nner ein Strafverfahren wegen des versuchten Diebstahls eines Fahrrads eingeleitet.<\/p>\n\n\n\n<h2 class=\"wp-block-heading\">(Speyer) &#8211; Geschwindigkeitskontrolle der Polizei<\/h2>\n\n\n\n<p>Beamte der Polizeiinspektion Speyer haben am Montagabend eine Laser-Kontrolle in der Landwehrstra\u00dfe durchgef\u00fchrt. Die erlaubten 50 km\/h haben zwei Pkw-Fahrer \u00fcberschritten. Der Schnellere von beiden ist dabei mit 79 km\/h gemessen worden, was ein Bu\u00dfgeld in H\u00f6he von 180 Euro und einen Punkt nach sich zieht.<\/p>\n\n\n\n<h2 class=\"wp-block-heading\">(Waldsee) &#8211; Sohn greift Eltern an<\/h2>\n\n\n<div class=\"wp-block-image\">\n<figure class=\"aligncenter size-full\"><img decoding=\"async\" loading=\"lazy\" width=\"800\" height=\"425\" src=\"https:\/\/speyer24news.com\/wp-content\/uploads\/2020\/12\/Taser-PI-LU.jpg\" alt=\"\" class=\"wp-image-31596\" srcset=\"https:\/\/speyer24news.com\/wp-content\/uploads\/2020\/12\/Taser-PI-LU.jpg 800w, https:\/\/speyer24news.com\/wp-content\/uploads\/2020\/12\/Taser-PI-LU-300x159.jpg 300w, https:\/\/speyer24news.com\/wp-content\/uploads\/2020\/12\/Taser-PI-LU-768x408.jpg 768w\" sizes=\"(max-width: 800px) 100vw, 800px\" \/><\/figure><\/div>\n\n\n<p>Am 08.08.2022, gegen 23:00 Uhr, kam es im Bereich der Kanalstra\u00dfe zu einem Einsatz, da ein 17-J\u00e4hriger seine Eltern schlug. Die Eltern mussten durch die Polizei vor dem w\u00fctenden Sohn durch ein Fenster aus der Wohnung gerettet werden. Beide Elternteile wiesen blutende Wunden im Gesicht auf. Nach deren Angaben befand sich ihr Sohn in einem psychischen Ausnahmezustand. In der Wohnung wurden massiv Einrichtungsgegenst\u00e4nde durch den Sohn besch\u00e4digt. Der 17-J\u00e4hrige verbarrikadierte sich in einem Zimmer und schrie lautstark herum. Nach mehrmaliger Aufforderung wurde die T\u00fcr gewaltsam ge\u00f6ffnet und nach vorheriger Androhung das Distanz-Elektroimpulsger\u00e4t (DEIG) &#8211; umgangssprachlich Taser genannt &#8211; gegen den 17-J\u00e4hrigen eingesetzt. Hierdurch konnte der junge Mann auf dem Boden fixiert werden. Bei der Fixierung trat der 17-J\u00e4hrige gezielt in Richtung eines Beamten, traf diesen jedoch nicht. Durch den Rettungsdienst wurde der 17-J\u00e4hrige in ein Krankenhaus mit psychiatrischer Fachabteilung gebracht. Ein Alkoholtest ergab einen Wert von 1,5 Promille, sodass im Krankenhaus eine Blutprobe entnommen wurde. Die Eltern begaben sich eigenst\u00e4ndig in ein Krankenhaus. Es konnte ermittelt werden, dass der 17-J\u00e4hrige gegen 21:10 Uhr in eine k\u00f6rperliche Auseinandersetzung in der Raiffeisenstra\u00dfe verwickelt war und dort vermutlich einen Mann mit einem Eishockeyschl\u00e4ger schlug. Hiernach fuhr der 17-J\u00e4hrige laut Zeugenaussagen alkoholisiert mit einem Roller zu seiner Wohnanschrift. Gegen den 17-J\u00e4hrigen wurden mehrere Strafverfahren eingeleitet. Der 17-J\u00e4hrige, sowie zwei Beamte wurden durch in der Wohnung verteilte Glasscherben leicht verletzt.<\/p>\n\n\n\n<h2 class=\"wp-block-heading\">(Schifferstadt) &#8211; Zigarettenautomat mutwillig besch\u00e4digt<\/h2>\n\n\n\n<p>Vermutlich in der Nacht von Samstag (06.08.2022) auf Sonntag (07.08.2022) wurde ein in der Frederickstra\u00dfe aufgestellter Zigarettenautomat durch unbekannte T\u00e4ter aufgesprengt. Ein Anwohner wurde in der Nacht durch ein Knallger\u00e4usch aufmerksam. Aktuell laufen Ermittlungen, ob Zigaretten, bzw. Bargeld entwendet wurden. Die Gesamtschadensh\u00f6he steht noch nicht fest. Zeugen, die Angaben zu dem Tatgeschehen oder T\u00e4tern geben k\u00f6nnen, werden gebeten, sich mit der Polizeiinspektion Schifferstadt unter 06235 495-0 oder&nbsp;<a href=\"mailto:pischifferstadt@polizei.rlp.de\">pischifferstadt@polizei.rlp.de<\/a>&nbsp;in Verbindung zu setzen.<\/p>\n\n\n\n<h2 class=\"wp-block-heading\">(Germersheim) &#8211; Brand einer Gr\u00fcnfl\u00e4che<\/h2>\n\n\n\n<p>Zu einem Fl\u00e4chenbrand kam es Montagabend kurz vor 23 Uhr unweit des Skaterparkes in der Stra\u00dfe Am Me\u00dfplatz in Germersheim. Die Feuerwehr l\u00f6schte den Brand vollst\u00e4ndig. Vor Ort fanden die Beamten Reste eines B\u00f6llers, welcher ggf. urs\u00e4chlich f\u00fcr den Brand gewesen sein k\u00f6nnte.<\/p>\n\n\n\n<p>Ein Ermittlungsverfahren wegen fahrl\u00e4ssiger Brandstiftung wurde eingeleitet.<\/p>\n\n\n\n<p>Hinweise nimmt die Polizei Germersheim telefonisch unter 07274\/958-0 oder per E-Mail unter&nbsp;<a href=\"mailto:pigermersheim@polizei.rlp.de\">pigermersheim@polizei.rlp.de<\/a>&nbsp;entgegen.<\/p>\n\n\n\n<h2 class=\"wp-block-heading\">(Bellheim) &#8211; Dieseldiebstahl im Gewerbegebiet<\/h2>\n\n\n\n<p>Ca. 100 Liter Dieselkraftstoff erbeuteten unbekannte T\u00e4ter aus dem Tank eines Lkw, der im Waldst\u00fcckerring in Bellheim abgestellt war. Der Tatzeitraum erstreckt sich von Ende Juli bis zum Montagmorgen.<\/p>\n\n\n\n<p>Hinweise zur Tat nimmt die Polizei Germersheim telefonisch unter 07274\/958-0 oder per E-Mail unter&nbsp;<a href=\"mailto:pigermersheim@polizei.rlp.de\">pigermersheim@polizei.rlp.de<\/a>&nbsp;entgegen.<\/p>\n\n\n\n<h2 class=\"wp-block-heading\">(Leimersheim) &#8211; Betrugsversuch \u00fcber Messengerdienst<\/h2>\n\n\n\n<p>Zu einem versuchten Betrug \u00fcber einen Messengerdienst kam es gestern Abend kurz nach 20 Uhr. Der T\u00e4ter bzw. die unbekannte T\u00e4terin gab sich im Chat als Tochter der 47-j\u00e4hrigen Gesch\u00e4digten aus und bat diese, Rechnungen in H\u00f6he von ca. 3000EUR zu begleichen. Die Gesch\u00e4digte durchschaute das Vorhaben, beendete den Chat und verst\u00e4ndigte die Polizei.<\/p>\n\n\n\n<p>Diese leitete ein Ermittlungsverfahren ein.<\/p>\n\n\n\n<h2 class=\"wp-block-heading\">(Bad D\u00fcrkheim) &#8211; R\u00fccknahme der \u00d6ffentlichkeitsfahndung nach einem vermissten 76-J\u00e4hrigen <\/h2>\n\n\n\n<h3 class=\"wp-block-heading\">Nachtrag zur Pressemeldung vom 08.08.2022: <a href=\"https:\/\/s.rlp.de\/nxleA\">https:\/\/s.rlp.de\/nxleA<\/a><a href=\"https:\/\/www.facebook.com\/sharer.php?u=https%3A%2F%2Fwww.presseportal.de%2Fblaulicht%2Fpm%2F117687%2F5292488%2F%3Futm_source%3Dfacebook%26utm_medium%3Dsocial\"><\/a><a href=\"https:\/\/twitter.com\/intent\/tweet?text=POL-PDNW%3A%20Bad%20D%C3%BCrkheim%20-%20R%C3%BCcknahme%20der%20%C3%96ffentlichkeitsfahndung%20nach%20einem%20vermissten%2076-J%C3%A4hrigen%20Nachtrag%20zur%20Pressemeldung%20vom%2008.08.2022%3A%20https%3A%2F%2Fs.rlp.de%2FnxleA&amp;url=https%3A%2F%2Fwww.presseportal.de%2Fblaulicht%2Fpm%2F117687%2F5292488%2F%3Futm_source%3Dtwitter%26utm_medium%3Dsocial&amp;hashtags=ots&amp;lang=de\"><\/a><a href=\"https:\/\/web.whatsapp.com\/send?text=POL-PDNW%3A%20Bad%20D%C3%BCrkheim%20-%20R%C3%BCcknahme%20der%20%C3%96ffentlichkeitsfahndung%20nach%20einem%20vermissten%2076-J%C3%A4hrigen%20Nachtrag%20zur%20Pressemeldung%20vom%2008.08.2022%3A%20https%3A%2F%2Fs.rlp.de%2FnxleA%0A%0Ahttps%3A%2F%2Fwww.presseportal.de%2Fblaulicht%2Fpm%2F117687%2F5292488%2F%3Futm_source%3Dwhatsapp%26utm_medium%3Dsocial\"><\/a><a href=\"https:\/\/www.xing.com\/app\/user?op=share;url=https%3A%2F%2Fwww.presseportal.de%2Fblaulicht%2Fpm%2F117687%2F5292488%2F%3Futm_source%3Dxing%26utm_medium%3Dsocial\"><\/a><a href=\"http:\/\/www.linkedin.com\/shareArticle?mini=true&amp;url=https%3A%2F%2Fwww.presseportal.de%2Fblaulicht%2Fpm%2F117687%2F5292488%2F%3Futm_source%3Dlinkedin%26utm_medium%3Dsocial&amp;title=POL-PDNW%3A+Bad+D%C3%BCrkheim+-+R%C3%BCcknahme+der+%C3%96ffentlichkeitsfahndung+nach+einem+vermissten+76-J%C3%A4hrigen+Nachtrag+zur+Pressemeldung+vom+08.08.2022%3A+https%3A%2F%2Fs.rlp.de%2FnxleA\"><\/a><a href=\"mailto:?subject=POL-PDNW%3A%20Bad%20D%C3%BCrkheim%20-%20R%C3%BCcknahme%20der%20%C3%96ffentlichkeitsfahndung%20nach%20einem%20vermissten%2076-J%C3%A4hrigen%20Nachtrag%20zur%20Pressemeldung%20vom%2008.08.2022%3A%20https%3A%2F%2Fs.rlp.de%2FnxleA&amp;body=https:\/\/www.presseportal.de\/blaulicht\/pm\/117687\/5292488\"><\/a><\/h3>\n\n\n\n<p>Der seit dem 06.08.2022 vermisste 76-j\u00e4hrige Klaus D. konnte bei der Vermisstensuche wohlbehalten aufgefunden werden.<\/p>\n\n\n\n<h2 class=\"wp-block-heading\">(Erpolzheim) &#8211; Bauchtasche entwendet<\/h2>\n\n\n\n<p>Im Zeitraum von 07.08.2022 17:00 Uhr bis 21:00 Uhr wurde in der Hauptstra\u00dfe in Erpolzheim die Bauchtasche eines 48-J\u00e4hrigen entwendet. Dieser hatte seine Bauchtasche auf einer Parkbank liegen gelassen. Als er dann zur\u00fcck zur Parkbank kam, war diese durch bislang unbekannte T\u00e4ter entwendet worden. T\u00e4terhinweise liegen keine vor. Neben dem Personalausweis, F\u00fchrerschein und diversen Karten befanden sich auch mehr als 150 Euro Bargeld in der Tasche. Die Polizei Bad D\u00fcrkheim hat die Ermittlungen aufgenommen und bittet um Hinweise unter 06322 963 0 oder per E-Mail an&nbsp;<a href=\"mailto:pibadduerkheim@polizei.rlp.de\">pibadduerkheim@polizei.rlp.de<\/a><\/p>\n\n\n\n<h2 class=\"wp-block-heading\">(Gr\u00fcnstadt) &#8211; Ohne F\u00fchrerschein unter Bet\u00e4ubungsmitteleinfluss<a href=\"https:\/\/www.facebook.com\/sharer.php?u=https%3A%2F%2Fwww.presseportal.de%2Fblaulicht%2Fpm%2F117687%2F5292784%2F%3Futm_source%3Dfacebook%26utm_medium%3Dsocial\"><\/a><a href=\"https:\/\/twitter.com\/intent\/tweet?text=POL-PDNW%3A%20Ohne%20F%C3%BChrerschein%20unter%20Bet%C3%A4ubungsmitteleinfluss&amp;url=https%3A%2F%2Fwww.presseportal.de%2Fblaulicht%2Fpm%2F117687%2F5292784%2F%3Futm_source%3Dtwitter%26utm_medium%3Dsocial&amp;hashtags=ots&amp;lang=de\"><\/a><a href=\"https:\/\/web.whatsapp.com\/send?text=POL-PDNW%3A%20Ohne%20F%C3%BChrerschein%20unter%20Bet%C3%A4ubungsmitteleinfluss%0A%0Ahttps%3A%2F%2Fwww.presseportal.de%2Fblaulicht%2Fpm%2F117687%2F5292784%2F%3Futm_source%3Dwhatsapp%26utm_medium%3Dsocial\"><\/a><a href=\"https:\/\/www.xing.com\/app\/user?op=share;url=https%3A%2F%2Fwww.presseportal.de%2Fblaulicht%2Fpm%2F117687%2F5292784%2F%3Futm_source%3Dxing%26utm_medium%3Dsocial\"><\/a><a href=\"http:\/\/www.linkedin.com\/shareArticle?mini=true&amp;url=https%3A%2F%2Fwww.presseportal.de%2Fblaulicht%2Fpm%2F117687%2F5292784%2F%3Futm_source%3Dlinkedin%26utm_medium%3Dsocial&amp;title=POL-PDNW%3A+Ohne+F%C3%BChrerschein+unter+Bet%C3%A4ubungsmitteleinfluss\"><\/a><a href=\"mailto:?subject=POL-PDNW%3A%20Ohne%20F%C3%BChrerschein%20unter%20Bet%C3%A4ubungsmitteleinfluss&amp;body=https:\/\/www.presseportal.de\/blaulicht\/pm\/117687\/5292784\"><\/a><\/h2>\n\n\n\n<p>Im Rahmen einer Geschwindigkeitskontrolle am 08.08.2022 in der Schlachthofstra\u00dfe wurde gegen 12 Uhr Verkehrsteilnehmer einer allgemeinen Kontrolle unterzogen. Der junge Autofahrer konnte keinen F\u00fchrerschein vorzeigen. Es stellte sich heraus, dass er nicht in Besitz einer Fahrerlaubnis ist. Diese verlor er am 08.08.2021 wegen Trunkenheit im Verkehr. Im Rahmen der Kontrolle konnten bei dem Mann Auff\u00e4lligkeiten festgestellt werden, die auf einen Bet\u00e4ubungsmittelkonsum hindeuten. Ein Vortest belegte den Konsum von THC. Die Entnahme einer Blutprobe wurde angeordnet. Ein Strafverfahren wegen Fahrens ohne Fahrerlaubnis und ein Ordnungswidrigkeitenverfahren wegen Fahrens unter Bet\u00e4ubungsmitteleinfluss wurden eingeleitet.<\/p>\n\n\n\n<h2 class=\"wp-block-heading\">(Ludwigshafen) &#8211; Versammlung im Stadtgebiet Ludwigshafen<\/h2>\n\n\n<div class=\"wp-block-image\">\n<figure class=\"aligncenter size-large\"><img decoding=\"async\" loading=\"lazy\" width=\"1024\" height=\"512\" src=\"https:\/\/speyer24news.com\/wp-content\/uploads\/2022\/01\/Demonstration-1024x512.png\" alt=\"\" class=\"wp-image-43221\" srcset=\"https:\/\/speyer24news.com\/wp-content\/uploads\/2022\/01\/Demonstration-1024x512.png 1024w, https:\/\/speyer24news.com\/wp-content\/uploads\/2022\/01\/Demonstration-300x150.png 300w, https:\/\/speyer24news.com\/wp-content\/uploads\/2022\/01\/Demonstration-768x384.png 768w, https:\/\/speyer24news.com\/wp-content\/uploads\/2022\/01\/Demonstration.png 1200w\" sizes=\"(max-width: 1024px) 100vw, 1024px\" \/><\/figure><\/div>\n\n\n<p>Am Dienstag (09.08.2022) zogen rund 500 Personen w\u00e4hrend einer angemeldeten Versammlung von der Bahnhofstra\u00dfe in Richtung Berliner Platz. Anlass des Aufzuges war ein Trauermarsch zum Gedenken an den Propheten Mohammed. Die Versammlung verlief st\u00f6rungsfrei. Es kam lediglich kurzzeitig zur Verkehrsbeeintr\u00e4chtigungen.<\/p>\n\n\n\n<h2 class=\"wp-block-heading\">(Ludwigshafen) &#8211; Fu\u00dfg\u00e4ngerin beleidigt und verletzt<\/h2>\n\n\n<div class=\"wp-block-image\">\n<figure class=\"aligncenter size-full\"><img decoding=\"async\" loading=\"lazy\" width=\"801\" height=\"600\" src=\"https:\/\/speyer24news.com\/wp-content\/uploads\/2020\/05\/Zeugen-gesucht-Neutral.jpg\" alt=\"\" class=\"wp-image-26598\" srcset=\"https:\/\/speyer24news.com\/wp-content\/uploads\/2020\/05\/Zeugen-gesucht-Neutral.jpg 801w, https:\/\/speyer24news.com\/wp-content\/uploads\/2020\/05\/Zeugen-gesucht-Neutral-300x225.jpg 300w, https:\/\/speyer24news.com\/wp-content\/uploads\/2020\/05\/Zeugen-gesucht-Neutral-768x575.jpg 768w, https:\/\/speyer24news.com\/wp-content\/uploads\/2020\/05\/Zeugen-gesucht-Neutral-678x509.jpg 678w, https:\/\/speyer24news.com\/wp-content\/uploads\/2020\/05\/Zeugen-gesucht-Neutral-326x245.jpg 326w, https:\/\/speyer24news.com\/wp-content\/uploads\/2020\/05\/Zeugen-gesucht-Neutral-80x60.jpg 80w\" sizes=\"(max-width: 801px) 100vw, 801px\" \/><\/figure><\/div>\n\n\n<p>Ein bislang unbekannter Fahrradfahrer beleidigte am Montag (08.08.2022) eine 43-j\u00e4hrige Frau beim Vorbeifahren. Die Frau war gegen 15.10 Uhr zu Fu\u00df im Bereich der Pr\u00e4lat-Caire-Stra\u00dfe in Richtung Buschwegbr\u00fccke unterwegs, als der Fahrradfahrer sie beleidigte und in den Bauch trat. Die 43-J\u00e4hrige konnte noch rechtzeitig ein Foto von dem Unbekannten machen, als er in Richtung D\u00fcrkheimer Stra\u00dfe fl\u00fcchtete. <\/p>\n\n\n\n<ul><li><strong>Der Unbekannte trug eine blaue Arbeitshose, ein graues T-Shirt, einen blauen Fahrradhelm und einen schwarzen Rucksack. <\/strong><\/li><li><strong>Bei dem Fahrrad handelte es sich um einen gr\u00fcn\/schwarzes Mountainbike. <\/strong><\/li><li><strong>Der Mann war circa 30 Jahre alt, von kr\u00e4ftiger Statur und circa 1,75m gro\u00df. <\/strong><\/li><\/ul>\n\n\n\n<p>Hinweise werden an die Polizeiwache Oggersheim unter Tel. 0621 963 &#8211; 2403 oder per Mail&nbsp;<a href=\"mailto:pwoggersheim@polizei.rlp.de\">pwoggersheim@polizei.rlp.de<\/a>&nbsp;erbeten.<\/p>\n\n\n\n<h2 class=\"wp-block-heading\">(Ludwigshafen) &#8211; Versuchter Einbruch in B\u00fcrogeb\u00e4ude<\/h2>\n\n\n\n<p>Unbekannte versuchten in der Nacht von Sonntag (07.08.2022) auf Montag (08.08.2022) in ein B\u00fcrogeb\u00e4ude im Bereich Am Bubenpfad einzubrechen. Das Vorhaben misslang. Es entstand lediglich geringer Sachschaden. Sachdienliche Hinweise bitte an die Polizeiinspektion Ludwigshafen 1, Telefonnummer 0621 963-2122 oder per E-Mail&nbsp;<a href=\"mailto:piludwigshafen1@polizei.rlp.de\">piludwigshafen1@polizei.rlp.de<\/a>&nbsp;.<\/p>\n\n\n\n<h2 class=\"wp-block-heading\">(Ludwigshafen) &#8211; Einbruch in Wohnung<\/h2>\n\n\n\n<p>Unbekannte brachen in dem Zeitraum vom 07.08.2022 bis 08.08.2022 in eine Wohnung eines Mehrfamilienhauses in der Bruno-K\u00f6rner-Stra\u00dfe ein. Aus den R\u00e4umlichkeiten wurden u.a. Kleingeld sowie Werkzeug entwendet. Der Gesamtschaden bel\u00e4uft sich auf 1500 Euro. Sachdienliche Hinweise nimmt die Kriminalpolizei Ludwigshafen unter der Telefonnummer 0621\/963-2773 oder per E-Mail&nbsp;<a href=\"mailto:kiludwigshafen.k1.kdd@polizei.rlp.de\">kiludwigshafen.k1.kdd@polizei.rlp.de<\/a>&nbsp;entgegen.<\/p>\n\n\n\n<h2 class=\"wp-block-heading\">(Ludwigshafen) &#8211; Ausstellungsm\u00f6bel entwendet<\/h2>\n\n\n\n<p>Unbekannte entwendeten im dem Zeitraum vom 06.08.2022 bis 08.08.2022 Gartenm\u00f6bel eines M\u00f6belhauses in der Industriestra\u00dfe. Die M\u00f6bel waren in einem umz\u00e4unten Bereich vor dem M\u00f6belhaus ausgestellt. Die H\u00f6he des Sachschadens wird derzeit noch ermittelt. Sachdienliche Hinweise bitte an die Polizeiinspektion Ludwigshafen 2, Telefonnummer 0621 963-2222 oder per E-Mail&nbsp;<a href=\"mailto:piludwigshafen2@polizei.rlp.de\">piludwigshafen2@polizei.rlp.de<\/a>&nbsp;.<\/p>\n\n\n\n<h2 class=\"wp-block-heading\">(Mannheim-Innenstadt) &#8211; Baustellenschild umgeworfen, PKWs besch\u00e4digt<\/h2>\n\n\n\n<p>Am Montagabend kurz nach 22 Uhr beobachteten aufmerksame Zeugen in den Quadraten C3\/D3 drei alkoholisierte Personen, welche ein Baustellenschild auf zwei am Stra\u00dfenrand geparkte PKWs warfen. Beide Fahrzeuge wurden zerkratzt. Der Sachschaden liegt im dreistelligen Bereich. Die informierte Polizei konnte die verd\u00e4chtigen M\u00e4nner im Alter von 23, 24 und 26 Jahren schlie\u00dflich in den Planken feststellen. Das Polizeirevier Mannheim-Innenstadt ermittelt nun wegen Sachbesch\u00e4digung gegen die M\u00e4nnergruppierung.<\/p>\n\n\n\n<h2 class=\"wp-block-heading\">(Mannheim-Neckarau) &#8211; Falscher Handwerker bestiehlt Seniorin \/ Zeugen gesucht<\/h2>\n\n\n<div class=\"wp-block-image\">\n<figure class=\"aligncenter size-large\"><img decoding=\"async\" loading=\"lazy\" width=\"1024\" height=\"649\" src=\"https:\/\/speyer24news.com\/wp-content\/uploads\/2022\/04\/Geld-Betrug-Schockanruf-Rentner-1024x649.jpg\" alt=\"\" class=\"wp-image-44260\" srcset=\"https:\/\/speyer24news.com\/wp-content\/uploads\/2022\/04\/Geld-Betrug-Schockanruf-Rentner-1024x649.jpg 1024w, https:\/\/speyer24news.com\/wp-content\/uploads\/2022\/04\/Geld-Betrug-Schockanruf-Rentner-300x190.jpg 300w, https:\/\/speyer24news.com\/wp-content\/uploads\/2022\/04\/Geld-Betrug-Schockanruf-Rentner-768x487.jpg 768w, https:\/\/speyer24news.com\/wp-content\/uploads\/2022\/04\/Geld-Betrug-Schockanruf-Rentner.jpg 1280w\" sizes=\"(max-width: 1024px) 100vw, 1024px\" \/><figcaption>Beispielbild Schockanruf \/ Betrug, dient lediglich der Visualisierung<\/figcaption><\/figure><\/div>\n\n\n<p>Bereits vergangenen Donnerstag erhielt eine Seniorin aus Mannheim-Neckarau einen Anruf einer angeblichen Firma, welche Sanit\u00e4rarbeiten in ihrem Haus durchf\u00fchren m\u00fcsse. Kurz darauf erschien schlie\u00dflich ein vermeintlicher Mitarbeiter der Firma und klingelte an der Wohnung der Frau in der Wolframstra\u00dfe. Diesem gew\u00e4hrte sie Einlass im Glauben daran, dass er die zuvor angek\u00fcndigten Sanit\u00e4rarbeiten im Badezimmer durchf\u00fchren m\u00fcsse. Am Samstag nach dem verd\u00e4chtigen Handwerkerbesuch, bemerkte die Seniorin, dass ihr diverse Schmuckst\u00fccke sowie ein vierstelliger Bargeldbetrag fehlten. Sie erstattete daraufhin Anzeige bei der Polizei. Das Polizeirevier Mannheim-Neckarau hat die Ermittlungen wegen Diebstahls aufgenommen. Zeugen, welche sachdienliche Angaben machen k\u00f6nnen, werden gebeten, sich unter 0621\/83397-0 zu melden. <\/p>\n\n\n\n<h4 class=\"wp-block-heading\">Im Zusammenhang mit falschen Handwerkern, beachten Sie bitte folgende Warnhinweise:<\/h4>\n\n\n\n<ul><li><strong>Gew\u00e4hren Sie Fremden grunds\u00e4tzlich keinen Zutritt in Ihre Wohnr\u00e4ume<\/strong><\/li><li><strong>In der Regel werden zentrale Handwerksarbeiten in Mehrfamilienh\u00e4user durch die Hausverwaltungen oder Vermieter angek\u00fcndigt. Kommt ein Handwerker unangek\u00fcndigt, ist das bereits ein erstes Indiz misstrauisch zu werden.<\/strong><\/li><li><strong>Reichen Sie Stifte, Wasser usw. immer nur durch den T\u00fcrspalt einer per T\u00fcrsperre gesicherten T\u00fcr oder durch das Fenster.<\/strong><\/li><li><strong>Schlie\u00dfen Sie Schmuckst\u00fccke und Wertsachen immer sicher weg.<\/strong><\/li><li><strong>Hinterfragen Sie kritisch den Grund f\u00fcr ein Betreten durch angebliche Handwerker, vermeintliche Amtstr\u00e4ger, Sch\u00e4dlingsbek\u00e4mpfer o.\u00e4.<\/strong><\/li><li><strong>Rufen Sie im Zweifel bei der zust\u00e4ndigen Beh\u00f6rde an und lassen sich dies best\u00e4tigen. Suchen Sie die Nummer selbst heraus!<\/strong><\/li><li><strong>W\u00e4hlen Sie keine Nummer, welche Sie durch die Personen erhalten!<\/strong><\/li><li><strong>Rufen Sie im Zweifel bei ihrer zust\u00e4ndigen Polizeidienststelle an.<\/strong><\/li><\/ul>\n\n\n\n<h2 class=\"wp-block-heading\">(Mannheim-Rheinau) &#8211; Nach exhibitionistischen Handlungen Zeugen gesucht<\/h2>\n\n\n<div class=\"wp-block-image\">\n<figure class=\"aligncenter size-full\"><img decoding=\"async\" loading=\"lazy\" width=\"801\" height=\"600\" src=\"https:\/\/speyer24news.com\/wp-content\/uploads\/2020\/05\/Zeugen-gesucht-Neutral.jpg\" alt=\"\" class=\"wp-image-26598\" srcset=\"https:\/\/speyer24news.com\/wp-content\/uploads\/2020\/05\/Zeugen-gesucht-Neutral.jpg 801w, https:\/\/speyer24news.com\/wp-content\/uploads\/2020\/05\/Zeugen-gesucht-Neutral-300x225.jpg 300w, https:\/\/speyer24news.com\/wp-content\/uploads\/2020\/05\/Zeugen-gesucht-Neutral-768x575.jpg 768w, https:\/\/speyer24news.com\/wp-content\/uploads\/2020\/05\/Zeugen-gesucht-Neutral-678x509.jpg 678w, https:\/\/speyer24news.com\/wp-content\/uploads\/2020\/05\/Zeugen-gesucht-Neutral-326x245.jpg 326w, https:\/\/speyer24news.com\/wp-content\/uploads\/2020\/05\/Zeugen-gesucht-Neutral-80x60.jpg 80w\" sizes=\"(max-width: 801px) 100vw, 801px\" \/><\/figure><\/div>\n\n\n<p>Eine Zeugin alarmierte am Montagmittag die Polizei nachdem sich ein Mann vor ihr unsittlich entbl\u00f6\u00dfte &#8211; dem T\u00e4ter gelang die Flucht.<\/p>\n\n\n\n<p>Zur Mittagszeit wurde die 55-J\u00e4hrige am Rheinauer See auf einen bislang unbekannten Mann aufmerksam, der vor ihr seine Hose herunterlie\u00df, sein Geschlechtsteil in die Hand nahm und diese dabei anstarrte. Nur wenige Zeit nach dem Vorfall, der sich um 12 Uhr nahe einer Wakeboard-Anlage ereignete, traf die Frau erneut auf den Mann. Trotz sofortiger Alarmierung der Polizei und der daraufhin eingeleiteten Fahndung, entkam der Mann. Die Kriminalpolizei hat die weiteren Ermittlungen aufgenommen und sucht in diesem Zusammenhang nach Zeugen, die Hinweise zum T\u00e4ter geben k\u00f6nnen oder m\u00f6glicherweise ebenfalls betroffen sind.<\/p>\n\n\n\n<h4 class=\"wp-block-heading\">Der Gesuchte kann wie folgt beschrieben werden: <\/h4>\n\n\n\n<ul><li><strong>m\u00e4nnlich<\/strong><\/li><li><strong>etwa 1,70 m gro\u00df<\/strong><\/li><li><strong>kr\u00e4ftige Statur<\/strong><\/li><li><strong>ungepflegte Erscheinung und schmutzige Kleidung<\/strong><\/li><li><strong>dunkle kurze Haare<\/strong><\/li><li><strong>k\u00fcrzerer Bart<\/strong><\/li><li><strong>dunkle Augen und dunkle Augenringe<\/strong><\/li><li><strong>bekleidet mit einer dunklen dreckigen kurzen Hose, dunkle Jacke, gr\u00e4uliche Arbeitsschuhe, <\/strong><\/li><li><strong>hatte ein wei\u00dfes Handtuch und eine dunkle Tragetasche bei sich.<\/strong><\/li><\/ul>\n\n\n\n<p>Hinweisgeber werden gebeten, sich unter 0621 174-4444 zu melden.<\/p>\n\n\n\n<h2 class=\"wp-block-heading\">(Leimen \/ Rhein-Neckar-Kreis) &#8211; Brand eines Ger\u00e4teschuppens \/ Zeugen gesucht!<\/h2>\n\n\n\n<p>Am Montag gegen 17:30 Uhr geriet in der Johannisgasse aus bislang noch ungekl\u00e4rter Ursache ein Ger\u00e4teschuppen in einem Hinterhof eines leerstehenden Geb\u00e4udes in Brand. Zeugen bemerkten eine starke Rauchentwicklung und verst\u00e4ndigten die Einsatzkr\u00e4fte. Die freiwillige Feuerwehr Leimen war mit 20 Mann im Einsatz und konnte das Feuer schnell l\u00f6schen. Wie hoch der entstandene Sachschaden ist, ist Gegenstand der weiteren Ermittlungen. Da nicht auszuschlie\u00dfen ist, dass es sich bei der Brandursache um Brandstiftung handelt, sucht das Polizeirevier Wiesloch Zeugen, die verd\u00e4chtige Wahrnehmungen gemacht haben und bittet diese, sich unter der Telefonnummer 06222\/5709-0 zu melden.<\/p>\n\n\n\n<h2 class=\"wp-block-heading\">(Altlu\u00dfheim \/ Rhein-Neckar-Kreis) &#8211; Gartenbrand in der Ortsmitte; Stra\u00dfensperrungen; drei H\u00e4user ger\u00e4umt; keine Verletzte; Ursache unklar<\/h2>\n\n\n<div class=\"wp-block-image\">\n<figure class=\"aligncenter size-full\"><img decoding=\"async\" loading=\"lazy\" width=\"800\" height=\"600\" src=\"https:\/\/speyer24news.com\/wp-content\/uploads\/2019\/09\/Feuerwehr-Speyer-II@Nina-Ebert.jpg\" alt=\"\" class=\"wp-image-19060\" srcset=\"https:\/\/speyer24news.com\/wp-content\/uploads\/2019\/09\/Feuerwehr-Speyer-II@Nina-Ebert.jpg 800w, https:\/\/speyer24news.com\/wp-content\/uploads\/2019\/09\/Feuerwehr-Speyer-II@Nina-Ebert-300x225.jpg 300w, https:\/\/speyer24news.com\/wp-content\/uploads\/2019\/09\/Feuerwehr-Speyer-II@Nina-Ebert-768x576.jpg 768w, https:\/\/speyer24news.com\/wp-content\/uploads\/2019\/09\/Feuerwehr-Speyer-II@Nina-Ebert-678x509.jpg 678w, https:\/\/speyer24news.com\/wp-content\/uploads\/2019\/09\/Feuerwehr-Speyer-II@Nina-Ebert-326x245.jpg 326w, https:\/\/speyer24news.com\/wp-content\/uploads\/2019\/09\/Feuerwehr-Speyer-II@Nina-Ebert-80x60.jpg 80w\" sizes=\"(max-width: 800px) 100vw, 800px\" \/><figcaption>Symbolbild Feuerwehreinsatz<\/figcaption><\/figure><\/div>\n\n\n<p>Aus bislang unbekannter Ursache geriet am Dienstagnachmittag eine vertrocknete Grasfl\u00e4che zwischen zwei Geb\u00e4uden in der M\u00fchlstra\u00dfe in Brand. Dabei wurde auch ein Gew\u00e4chshaus stark in Mitleidenschaft gezogen.<\/p>\n\n\n\n<p>Durch das Feuer entwickelte sich eine gro\u00dfe Rauchs\u00e4ule, die weithin im Ort sichtbar war. Kurzum wurden die Hauptstra\u00dfe, die M\u00fchlstra\u00dfe und Friedrichstra\u00dfe in Teilen gesperrt.<\/p>\n\n\n\n<p>Die Altlu\u00dfheimer Freiwillige Feuerwehr konnte das Feuer schnell l\u00f6schen.<\/p>\n\n\n\n<p>Verletzt wurde niemand. Vorsorglich wurden 18 Personen aus drei H\u00e4usern evakuiert und zu einem nahe gelegenen Sammelplatz gef\u00fchrt, wo sie vom Rettungsdienst untersucht wurden.<\/p>\n\n\n\n<p>Ob ein Schaden entstand, steht noch nicht fest. Teile der Fassade eines Hauses ist verru\u00dft.<\/p>\n\n\n\n<p>Die Sperrungen sind mittlerweile wieder aufgehoben.<\/p>\n\n\n\n<h2 class=\"wp-block-heading\">(Sinsheim \/ Rhein-Neckar-Kreis) &#8211; Einbruch in Zoofachgesch\u00e4ft \/ Schwerer Tresor entwendet &#8211; sp\u00e4ter aufgefunden; Zeugen gesucht<a href=\"https:\/\/www.facebook.com\/sharer.php?u=https%3A%2F%2Fwww.presseportal.de%2Fblaulicht%2Fpm%2F14915%2F5293192%2F%3Futm_source%3Dfacebook%26utm_medium%3Dsocial\"><\/a><a href=\"https:\/\/twitter.com\/intent\/tweet?text=POL-MA%3A%20Sinsheim%3A%20Einbruch%20in%20Zoofachgesch%C3%A4ft%20-%20schwerer%20Tresor%20entwendet%20-%20sp%C3%A4ter%20aufgefunden%3B%20Zeugen%20gesucht&amp;url=https%3A%2F%2Fwww.presseportal.de%2Fblaulicht%2Fpm%2F14915%2F5293192%2F%3Futm_source%3Dtwitter%26utm_medium%3Dsocial&amp;hashtags=ots&amp;lang=de\"><\/a><a href=\"https:\/\/web.whatsapp.com\/send?text=POL-MA%3A%20Sinsheim%3A%20Einbruch%20in%20Zoofachgesch%C3%A4ft%20-%20schwerer%20Tresor%20entwendet%20-%20sp%C3%A4ter%20aufgefunden%3B%20Zeugen%20gesucht%0A%0Ahttps%3A%2F%2Fwww.presseportal.de%2Fblaulicht%2Fpm%2F14915%2F5293192%2F%3Futm_source%3Dwhatsapp%26utm_medium%3Dsocial\"><\/a><a href=\"https:\/\/www.xing.com\/app\/user?op=share;url=https%3A%2F%2Fwww.presseportal.de%2Fblaulicht%2Fpm%2F14915%2F5293192%2F%3Futm_source%3Dxing%26utm_medium%3Dsocial\"><\/a><a href=\"http:\/\/www.linkedin.com\/shareArticle?mini=true&amp;url=https%3A%2F%2Fwww.presseportal.de%2Fblaulicht%2Fpm%2F14915%2F5293192%2F%3Futm_source%3Dlinkedin%26utm_medium%3Dsocial&amp;title=POL-MA%3A+Sinsheim%3A+Einbruch+in+Zoofachgesch%C3%A4ft+-+schwerer+Tresor+entwendet+-+sp%C3%A4ter+aufgefunden%3B+Zeugen+gesucht\"><\/a><a href=\"mailto:?subject=POL-MA%3A%20Sinsheim%3A%20Einbruch%20in%20Zoofachgesch%C3%A4ft%20-%20schwerer%20Tresor%20entwendet%20-%20sp%C3%A4ter%20aufgefunden%3B%20Zeugen%20gesucht&amp;body=https:\/\/www.presseportal.de\/blaulicht\/pm\/14915\/5293192\"><\/a><\/h2>\n\n\n\n<p>In der Nacht von Sonntag auf Montag brachen bislang unbekannte T\u00e4ter in ein Zoofachgesch\u00e4ft &#8222;In der Au&#8220; ein und entwendeten einen schweren Tresor, den sie zuvor aus der Wand herausgerissen hatten.<\/p>\n\n\n\n<p>Da der Tresor mehrere Hundert Kilogramm schwer ist, m\u00fcssen mehrere Personen an dem Einbruch beteiligt gewesen sein und zum Abtransport mindestens einen Kleintransporter oder Sprinter benutzt haben.<\/p>\n\n\n\n<p>Ein Zeuge fand den Tresor am Montagnachmittag, gegen 16.40 Uhr auf einem Feldweg zwischen Steinsfurt und Adersbach, parallel zur Dickwaldstra\u00dfe offenbar unge\u00f6ffnet auf.<\/p>\n\n\n\n<p>Der Tresor wurde sichergestellt und nach eventuellen Spuren untersucht.<\/p>\n\n\n\n<p>Zeugen, die Hinweise zum Einbruch und\/oder den T\u00e4tern geben k\u00f6nnen, aber auch verd\u00e4chtige Wahrnehmungen sowohl am Tatort als auch an der Fundstelle des Tresors gemacht haben, werden gebeten, sich beim Polizeirevier Sinsheim, Tel.: 07261\/690-0 zu melden.<\/p>\n\n\n\n<h2 class=\"wp-block-heading\">(Sinsheim-Eschelbach \/ Rhein-Neckar-Kreis) &#8211; Nicht angeleinter Hund verursacht Unfall; Pedelec-Fahrer schwer verletzt mit Rettungshubschrauber in Klinik<\/h2>\n\n\n\n<p>Schwere Verletzungen erlitt ein 77-j\u00e4hriger Pedelec-Fahrer bei einem Verkehrsunfall am fr\u00fchen Montagabend in der Tairnbacher Stra\u00dfe.<\/p>\n\n\n\n<p>Der Mann war kurz nach 19 Uhr auf der absch\u00fcssigen Strecke in Richtung Eschelbach unterwegs, als ein nicht angeleinter Hund einer Spazierg\u00e4ngerin den Feldweg querte.<\/p>\n\n\n\n<p>Der Biker st\u00fcrzte und zog sich Prellungen und Frakturen zu, die sp\u00e4ter in einer Klinik station\u00e4r versorgt wurden.<\/p>\n\n\n\n<p>Die Verkehrspolizei Heidelberg hat die Unfallermittlungen aufgenommen.<\/p>\n\n\n\n<h2 class=\"wp-block-heading\">(Hemsbach \/ Rhein-Neckar-Kreis) &#8211; Mit 1,78 Promille auf dem Rad unterwegs<\/h2>\n\n\n\n<p>Am Montagabend gegen 20:45 Uhr stoppten Beamte des Polizeireviers Weinheim in der Guntherstra\u00dfe eine 45-j\u00e4hrige Frau, die sichtlich betrunken mit dem Fahrrad unterwegs war. Aufmerksame Zeugen verst\u00e4ndigten die Polizei, da ihnen die Frau durch deren Fahrweise auffiel. Ein Atemalkoholtest bei der Radfahrerin best\u00e4tigte den Verdacht und ergab ein Ergebnis von 1,78 Promille. Da die 45-J\u00e4hrige zunehmend aggressiver gegen\u00fcber den Polizisten wurde, mussten ihr Handschlie\u00dfen angelegt werden. Anschlie\u00dfend wurde ihr auf dem Polizeirevier eine Blutprobe entnommen. W\u00e4hrend der Fahrt zum Revier beleidigte die Betrunkene die Polizisten mehrfach. Nachdem die polizeilichen Ma\u00dfnahmen abgeschlossen waren, durfte sie wieder gehen. Sie erwartet nun eine Anzeige wegen Trunkenheit im Verkehr sowie Beleidigung.<\/p>\n","protected":false},"excerpt":{"rendered":"<div class=\"mh-excerpt\"><p>Polizeimeldungen vom Dienstag (09.08.2022) (Speyer) &#8211; Versuchter Diebstahl eines Fahrrads endet in Trunkenheitsfahrt Am sp\u00e4ten Montagabend gegen 23:30 Uhr meldete ein Zeuge der Polizei Speyer zwei m\u00e4nnliche Personen in der Unteren Langgasse, die zun\u00e4chst scheinbar <a class=\"mh-excerpt-more\" href=\"https:\/\/speyer24news.com\/?p=47953\" title=\"Polizeimeldungen Dienstag (09.08.2022)\">[&#8230;]<\/a><\/p>\n<\/div>","protected":false},"author":3,"featured_media":26162,"comment_status":"open","ping_status":"open","sticky":false,"template":"","format":"standard","meta":{"_monsterinsights_skip_tracking":false,"_monsterinsights_sitenote_active":false,"_monsterinsights_sitenote_note":"","_monsterinsights_sitenote_category":0,"footnotes":""},"categories":[12],"tags":[7243,7244,3614,350,14537,15084,14538,702,61,2555,6955,6986,6263,63,105,11150,6987,53,4854,13534,4683,1548,4905,11592,102,13626,213,14325,14324,13553,13541,55,8277,6368,5261,103,106,2803,2423,427,2625,380,62,104,979,1565],"aioseo_notices":[],"amp_enabled":true,"_links":{"self":[{"href":"https:\/\/speyer24news.com\/index.php?rest_route=\/wp\/v2\/posts\/47953"}],"collection":[{"href":"https:\/\/speyer24news.com\/index.php?rest_route=\/wp\/v2\/posts"}],"about":[{"href":"https:\/\/speyer24news.com\/index.php?rest_route=\/wp\/v2\/types\/post"}],"author":[{"embeddable":true,"href":"https:\/\/speyer24news.com\/index.php?rest_route=\/wp\/v2\/users\/3"}],"replies":[{"embeddable":true,"href":"https:\/\/speyer24news.com\/index.php?rest_route=%2Fwp%2Fv2%2Fcomments&post=47953"}],"version-history":[{"count":3,"href":"https:\/\/speyer24news.com\/index.php?rest_route=\/wp\/v2\/posts\/47953\/revisions"}],"predecessor-version":[{"id":47966,"href":"https:\/\/speyer24news.com\/index.php?rest_route=\/wp\/v2\/posts\/47953\/revisions\/47966"}],"wp:featuredmedia":[{"embeddable":true,"href":"https:\/\/speyer24news.com\/index.php?rest_route=\/wp\/v2\/media\/26162"}],"wp:attachment":[{"href":"https:\/\/speyer24news.com\/index.php?rest_route=%2Fwp%2Fv2%2Fmedia&parent=47953"}],"wp:term":[{"taxonomy":"category","embeddable":true,"href":"https:\/\/speyer24news.com\/index.php?rest_route=%2Fwp%2Fv2%2Fcategories&post=47953"},{"taxonomy":"post_tag","embeddable":true,"href":"https:\/\/speyer24news.com\/index.php?rest_route=%2Fwp%2Fv2%2Ftags&post=47953"}],"curies":[{"name":"wp","href":"https:\/\/api.w.org\/{rel}","templated":true}]}}