{"id":47987,"date":"2022-08-11T10:18:19","date_gmt":"2022-08-11T09:18:19","guid":{"rendered":"https:\/\/speyer24news.com\/?p=47987"},"modified":"2022-08-11T10:18:22","modified_gmt":"2022-08-11T09:18:22","slug":"wirtschaft-finanzen-rente-27","status":"publish","type":"post","link":"https:\/\/speyer24news.com\/?p=47987","title":{"rendered":"Wirtschaft \/ Finanzen \/ Rente"},"content":{"rendered":"<style type=\"text\/css\">\r\n\t.ads_top_disp{}\r\n\t.ads_top_corner_disp{ float:left; margin:0px 10px 10px 0px; }\r\n\t.ads_first_p_disp{}\r\n\t.ads_bottom_disp{}\r\n\t<\/style>\n<h2 class=\"has-text-align-center wp-block-heading\">Stadtwerke Speyer (SWS) GmbH \/ Bademaxx<\/h2>\n\n\n<div class=\"wp-block-image\">\n<figure class=\"aligncenter size-full\"><img decoding=\"async\" loading=\"lazy\" width=\"600\" height=\"209\" src=\"https:\/\/speyer24news.com\/wp-content\/uploads\/2020\/10\/SWS-Logo-1024x356.jpg\" alt=\"\" class=\"wp-image-30557\" srcset=\"https:\/\/speyer24news.com\/wp-content\/uploads\/2020\/10\/SWS-Logo-1024x356.jpg 600w, https:\/\/speyer24news.com\/wp-content\/uploads\/2020\/10\/SWS-Logo-1024x356-300x105.jpg 300w\" sizes=\"(max-width: 600px) 100vw, 600px\" \/><\/figure><\/div>\n\n\n<h2 class=\"wp-block-heading\">bademaxx: Sommer-Pool-Party zum 15. Geburtstag<\/h2>\n\n\n<div class=\"wp-block-image\">\n<figure class=\"aligncenter size-full\"><img decoding=\"async\" loading=\"lazy\" width=\"800\" height=\"557\" src=\"https:\/\/speyer24news.com\/wp-content\/uploads\/2022\/08\/RS188254_20170806_050817bademaxx116.jpg\" alt=\"\" class=\"wp-image-47996\" srcset=\"https:\/\/speyer24news.com\/wp-content\/uploads\/2022\/08\/RS188254_20170806_050817bademaxx116.jpg 800w, https:\/\/speyer24news.com\/wp-content\/uploads\/2022\/08\/RS188254_20170806_050817bademaxx116-300x209.jpg 300w, https:\/\/speyer24news.com\/wp-content\/uploads\/2022\/08\/RS188254_20170806_050817bademaxx116-768x535.jpg 768w\" sizes=\"(max-width: 800px) 100vw, 800px\" \/><figcaption>Das Zephyrus-Team war schon \u00f6fter zu Gast im bademaxx<br><em>Foto: SWS<\/em><\/figcaption><\/figure><\/div>\n\n\n<p>Am 11. August, ab 14 Uhr gibt\u2019s im Sport- und Erlebnisbad bademaxx Spiel und Spa\u00df mit dem Zephyrus-Team f\u00fcr Gro\u00df und Klein. Bis 18 Uhr bringt das Team ein einzigartiges und mitrei\u00dfendes Urlaubsfeeling ins bademaxx-Freibad. Die Animateurinnen und Animateure laden die ganze Familie zum Mitmachen ein und sorgen mit Spielaktionen zu Land und im Wasser f\u00fcr unvergessliche Momente. Mit dabei sind der kultige Seifenblasen-Spa\u00df, Pedalo-Rennen, Rasen-Ski, Stelzen-Lauf, Hula-Hoop und vieles mehr. Besucher*innen zahlen lediglich den normalen Eintrittspreis.<\/p>\n\n\n\n<p><em>Stadtwerke Speyer GmbH<br>08.08.2022<\/em><\/p>\n\n\n\n<h2 class=\"wp-block-heading\">Geothermieprojekt Speyer\/Schifferstadt<\/h2>\n\n\n\n<h3 class=\"wp-block-heading\">Aufsuchungserlaubnis f\u00fcr Lithium<\/h3>\n\n\n<div class=\"wp-block-image\">\n<figure class=\"aligncenter size-full\"><img decoding=\"async\" loading=\"lazy\" width=\"800\" height=\"436\" src=\"https:\/\/speyer24news.com\/wp-content\/uploads\/2022\/08\/AdobeStock_309274983.jpeg\" alt=\"\" class=\"wp-image-47998\" srcset=\"https:\/\/speyer24news.com\/wp-content\/uploads\/2022\/08\/AdobeStock_309274983.jpeg 800w, https:\/\/speyer24news.com\/wp-content\/uploads\/2022\/08\/AdobeStock_309274983-300x164.jpeg 300w, https:\/\/speyer24news.com\/wp-content\/uploads\/2022\/08\/AdobeStock_309274983-768x419.jpeg 768w\" sizes=\"(max-width: 800px) 100vw, 800px\" \/><figcaption>Elektroautos fahren mit Lithium-Ionen-Batterien. Ohne den Rohstoff ist Elektromobilit\u00e4t nicht realisierbar.<br><em>Foto: Adobe Stock \u2013 bht2000\u00a0<\/em><\/figcaption><\/figure><\/div>\n\n\n<p>Die Stadtwerke Speyer und die Stadtwerke Schifferstadt wollen die Potenziale der Geothermie (Erdw\u00e4rme) in der Region nutzen und die gemeinsamen Klimaziele einer regenerativen und importunabh\u00e4ngigen W\u00e4rme- und Stromerzeugung erreichen. Das mineralreiche Thermalwasser im Untergrund des Oberrheingrabens bietet neben der Gewinnung von W\u00e4rme und Strom zus\u00e4tzlich eine Chance, den Bodenschatz Lithium zu heben. Der Rohstoff, f\u00fcr den es derzeit keine Alternative in der Anwendung gibt, kommt vor allem in Batterien von Elektrofahrzeugen und mobilen Ger\u00e4ten wie Smartphones zum Einsatz. Gerade aufgrund der geopolitischen Marktlage ist die Nachfrage in den letzten Monaten stark angestiegen.<\/p>\n\n\n\n<p>Die Stadtwerke Speyer und die Stadtwerke Schifferstadt haben sich gemeinsam mit einem bewilligten Aufsuchungsantrag f\u00fcr Lithium dieses Potenzial gesichert.<\/p>\n\n\n\n<p>\u201eBislang wird Lithium zum Gro\u00dfteil in \u00dcbersee und unter nicht selten menschenunw\u00fcrdigen und umweltsch\u00e4dlichen Bedingungen abgebaut. Es w\u00e4re daher ein gro\u00dfer Gewinn, wenn es gel\u00e4nge, das Alkalimetall in Deutschland unter Einhaltung aller n\u00f6tigen Schutzma\u00dfnahmen und Sozialstandards abzubauen. Der Bedarf ist riesig und wird tendenziell weiter rasant wachsen. Dar\u00fcber hinaus k\u00f6nnten sich Deutschland und Europa damit unabh\u00e4ngiger von internationalen Importen machen. Wie wichtig das ist, lehrt uns sehr eindr\u00fccklich gerade die Energiekrise. Umso wichtiger ist es daher, das vorhandene Potenzial zu nutzen\u201c, unterstreicht Stefanie Seiler, Oberb\u00fcrgermeisterin der Stadt Speyer und Aufsichtsratsvorsitzende der Stadtwerke Speyer. Auch Ilona Volk, B\u00fcrgermeisterin der Stadt Schifferstadt, ist von diesem zukunftweisenden Konzept \u00fcberzeugt und weist in diesem Zusammenhang auf die sehr innovative und partnerschaftliche Zusammenarbeit der beiden kommunalen Stadtwerke in Schifferstadt und Speyer hin.<\/p>\n\n\n\n<p>\u201eMit dem wachsenden Markt der Elektromobilit\u00e4t wird Lithium, das f\u00fcr die Produktion der Lithium-Ionen-Batterien ben\u00f6tigt wird, immer wichtiger, und im Oberrheingraben kann es umweltvertr\u00e4glich gewonnen werden\u201c, sagt Wolfgang B\u00fchring, Gesch\u00e4ftsf\u00fchrer der Stadtwerke Speyer. Das Aufsuchungsfeld f\u00fcr Lithium mit Namen \u201eMateria&#8220; entspricht dem Erlaubnisfeld \u201eRhein-Pfalz\u201c f\u00fcr Geothermie. Es hat eine Fl\u00e4che von etwa 150 Quadratkilometern und umfasst Gebiete der St\u00e4dte Speyer, Schifferstadt sowie des Landkreises Rhein-Pfalz bis zum angrenzenden Landkreis Bad D\u00fcrkheim. \u201eBevor Bohrungen zur Thermalwassererschlie\u00dfung beauftragt werden k\u00f6nnen, muss zun\u00e4chst eine fundierte Kenntnis des geologischen Untergrundaufbaus bis in mehrere Kilometer Tiefe hergestellt werden\u201c, informiert Gerd Baumann, stellvertretender Werkleiter der Stadtwerke Schifferstadt. Dies sei eine zwingende Voraussetzung zur Festlegung der besten Bohrziele, welche eine sichere und m\u00f6glichst hohe F\u00f6rderung von Thermalw\u00e4ssern erm\u00f6glichen. \u201eBereits vorhandene geologische Daten wurden aktuell vom Landesamt f\u00fcr Geologie und Bergbau (LGB) freigegeben. Derzeit l\u00e4uft die Auswertung durch unsere Experten\u201c, so Gerd Baumann. Darauf aufbauend w\u00fcrden Geologen und Geophysiker die weitere Erkundung des Untergrunds planen und entscheiden, ob zus\u00e4tzlich eigene Datenerhebungen durch Messungen durchgef\u00fchrt werden m\u00fcssen. \u201eAlle Untersuchungen gelten gleicherma\u00dfen f\u00fcr die Gewinnung von W\u00e4rme und Strom sowie f\u00fcr die F\u00f6rderung von Lithium\u201c, macht Wolfgang B\u00fchring deutlich und erg\u00e4nzt: \u201eBis Sommer 2023 sollen die m\u00f6glichen Standorte feststehen. In absehbarer Zeit planen wir mit den Stadtwerken Schifferstadt die Gr\u00fcndung einer gemeinsamen Gesellschaft f\u00fcr das Projekt.\u201c<\/p>\n\n\n\n<p><em>Text: Stadtwerke Speyer GmbH Foto: Adobe Stock \u2013 bht2000\u00a0<br>08.08.2022<\/em><\/p>\n\n\n\n<h2 class=\"has-text-align-center wp-block-heading\">Bundesagentur f\u00fcr Arbeit<\/h2>\n\n\n<div class=\"wp-block-image\">\n<figure class=\"aligncenter size-full\"><img decoding=\"async\" loading=\"lazy\" width=\"640\" height=\"133\" src=\"https:\/\/speyer24news.com\/wp-content\/uploads\/2020\/04\/Agentur-f\u00fcr-Arbeit-1-1.png\" alt=\"\" class=\"wp-image-26310\" srcset=\"https:\/\/speyer24news.com\/wp-content\/uploads\/2020\/04\/Agentur-f\u00fcr-Arbeit-1-1.png 640w, https:\/\/speyer24news.com\/wp-content\/uploads\/2020\/04\/Agentur-f\u00fcr-Arbeit-1-1-300x62.png 300w\" sizes=\"(max-width: 640px) 100vw, 640px\" \/><\/figure><\/div>\n\n\n<h2 class=\"wp-block-heading\">Tag der Jugend: Start in Ausbildung noch dieses Jahr m\u00f6glich<\/h2>\n\n\n\n<p>Wer sich jetzt um eine Ausbildung bewirbt, hat weiter gute Chancen auf einen Ausbildungsplatz. Die Berufsberaterinnen und Berufsberater bieten jungen Menschen f\u00fcr eine erfolgreiche Suche nach einem Ausbildungsbetrieb Orientierung und unterst\u00fctzen durch eine Vermittlung.<\/p>\n\n\n\n<p>Eine Ausbildung er\u00f6ffnet jungen Menschen den Zugang zu einer sicheren und attraktiven Besch\u00e4ftigung. Und nicht nur das: In der betrieblichen Praxis k\u00f6nnen sie oft konkreter etwas bewegen als in der Schule. Sie k\u00f6nnen neue Entwicklungen in einer zunehmend digitalen und nachhaltigen Wirtschaft mit vorantreiben oder zu einer sozialen Gesellschaft \u2013 in der Menschen auf Unterst\u00fctzung angewiesen sind \u2013 beitragen: All das ist in einer Ausbildung m\u00f6glich.<\/p>\n\n\n\n<p>Die Chancen auf einen Ausbildungsplatz sind f\u00fcr die jungen Menschen in diesem Sommer weiter gut. Es gibt bundesweit momentan weit mehr freie Ausbildungspl\u00e4tze als Ausbildungssuchende. Viele Unternehmen suchen weiter intensiv Bewerberinnen und Bewerber, um Fachkr\u00e4fte f\u00fcr die Zukunft zu gewinnen. Auch wenn das Ausbildungsjahr bereits begonnen hat, k\u00f6nnen junge Menschen noch eine Ausbildung aufnehmen.<\/p>\n\n\n\n<p>Bei den Berufsberaterinnen und Berufsberatern in den Arbeitsagenturen und Jugendberufsagenturen k\u00f6nnen sie sich zu den Ausbildungsangeboten am Wohnort und im Umkreis umfassend informieren. Ein solcher Austausch geht von individuellen W\u00fcnschen und Begabungen aus und gibt oft wichtige Impulse f\u00fcr Bewerbungen.<\/p>\n\n\n\n<p>Die Ausbildungsberufe entwickeln sich st\u00e4ndig fort: Im Handwerk, in der IT, in Hotellerie und Gastronomie und in medizinischen Berufen zum Beispiel stehen Ver\u00e4nderungen auch im Zeichen von Nachhaltigkeit und Digitalisierung. Die Bundesagentur f\u00fcr Arbeit r\u00e4t jungen Menschen anl\u00e4sslich des Internationalen Tags der Jugend zum individuellen Beratungsgespr\u00e4ch f\u00fcr die berufliche Orientierung. Die Berufsberaterinnen und Berufsberater geben einen neutralen Ausblick auf die k\u00fcnftige Entwicklung der Berufe und Besch\u00e4ftigungschancen.<\/p>\n\n\n\n<p>Die Internetseite\u00a0<a href=\"https:\/\/deref-web.de\/mail\/client\/Dj63RxS5Gtg\/dereferrer\/?redirectUrl=https%3A%2F%2Fwww.arbeitsagentur.de%2Fk%2Fausbildungklarmachen\" target=\"_blank\" rel=\"noreferrer noopener\">https:\/\/www.arbeitsagentur.de\/k\/ausbildungklarmachen<\/a>\u00a0f\u00fchrt zum digitalen Selbsterkundungs-Tool \u201eCheck-U\u201c, zur Ausbildungsplatzsuche und zur Terminvergabe f\u00fcr die Berufsberatung \u2013 pers\u00f6nlich vor Ort oder per Video.<\/p>\n\n\n\n<p><em>Bundesagentur f\u00fcr Arbeit<br>11.08.2022<\/em><\/p>\n\n\n\n<h2 class=\"wp-block-heading\">Amtsantritt an der Spitze: Vorstandsvorsitzende Andrea Nahles nimmt Arbeit auf\u00a0<\/h2>\n\n\n\n<p>Andrea Nahles hat zum 1. August 2022 den Vorstandsvorsitz der Bundesagentur f\u00fcr Arbeit \u00fcbernommen. Sie folgt damit Detlef Scheele, der nach sieben Jahren im Vorstand der BA aus Altersgr\u00fcnden aus dem Amt scheidet.<\/p>\n\n\n\n<p>Die 52-j\u00e4hrige war zuletzt Pr\u00e4sidentin der Bundesanstalt f\u00fcr Telekommunikation und zuvor in verschiedenen politischen Positionen t\u00e4tig. Die ausgewiesene Arbeitsmarktexpertin sieht einen Schwerpunkt ihrer k\u00fcnftigen Arbeit in der Sicherung von Arbeits- und Fachkr\u00e4ftebedarfen. &#8222;Es geht immer um eins: die Arbeitslosen und Besch\u00e4ftigten in Arbeit bringen beziehungsweise halten&#8220;, sagte Nahles. Die Arbeitskr\u00e4fte im Inland zu mobilisieren ist ein Weg, er wird jedoch nicht ausreichen, um den Fachkr\u00e4ftebedarf zu decken. &#8222;Zus\u00e4tzliche Erwerbsmigration ist notwendig. Wir brauchen nicht nur eine gelingende berufliche Integration. Wenn wir die Menschen hier halten m\u00f6chten, d\u00fcrfen wir die gesellschaftliche Integration nicht aus dem Blick verlieren&#8220;, so Nahles.<\/p>\n\n\n\n<p>Ein anderer Schwerpunkt wird die Digitalisierung und Automatisierung sein. &#8222;Die BA ist als \u00f6ffentliche Verwaltung hier schon sehr weit, aber es ist noch mehr m\u00f6glich. Es geht darum, den Menschen einfache und moderne Zug\u00e4nge zu Beh\u00f6rden zu erm\u00f6glichen und die eigenen Mitarbeitenden in der BA durch Automatisierung von Routineaufgaben zu entlasten&#8220;, sagte Nahles weiter.<\/p>\n\n\n\n<p>Andrea Nahles war in ihrer Einarbeitungsphase, die im Mai begonnen hat, in verschiedenen Regionaldirektionen, Arbeitsagenturen und Jobcentern, um sich vor Ort ein Bild zu machen. In den Zust\u00e4ndigkeitsbereich der Vorstandsvorsitzenden f\u00e4llt der Haushalt sowie die IT, das Institut f\u00fcr Arbeitsmarkt- und Berufsforschung und die Strategie.<\/p>\n\n\n\n<p><em>Bundesagentur f\u00fcr Arbeit<br>01.08.2022<\/em><\/p>\n\n\n\n<h2 class=\"has-text-align-center wp-block-heading\">Sparkasse Vorderpfalz<\/h2>\n\n\n<div class=\"wp-block-image\">\n<figure class=\"aligncenter size-full\"><img decoding=\"async\" loading=\"lazy\" width=\"800\" height=\"229\" src=\"https:\/\/speyer24news.com\/wp-content\/uploads\/2021\/07\/Sparkasse-Vorderpfalz-Logo.png\" alt=\"\" class=\"wp-image-38515\" srcset=\"https:\/\/speyer24news.com\/wp-content\/uploads\/2021\/07\/Sparkasse-Vorderpfalz-Logo.png 800w, https:\/\/speyer24news.com\/wp-content\/uploads\/2021\/07\/Sparkasse-Vorderpfalz-Logo-300x86.png 300w, https:\/\/speyer24news.com\/wp-content\/uploads\/2021\/07\/Sparkasse-Vorderpfalz-Logo-768x220.png 768w\" sizes=\"(max-width: 800px) 100vw, 800px\" \/><\/figure><\/div>\n\n\n<h2 class=\"wp-block-heading\">Digital und kostenfrei das Geld im Griff<\/h2>\n\n\n\n<h3 class=\"wp-block-heading\">Online-Haushaltsbuch unterst\u00fctzt mit neuen Funktionen bei der Budgetplanung<\/h3>\n\n\n<div class=\"wp-block-image\">\n<figure class=\"aligncenter size-full\"><img decoding=\"async\" loading=\"lazy\" width=\"800\" height=\"577\" src=\"https:\/\/speyer24news.com\/wp-content\/uploads\/2022\/08\/Pressefoto3_Web-Budgetplaner_300dpi.jpg\" alt=\"\" class=\"wp-image-47997\" srcset=\"https:\/\/speyer24news.com\/wp-content\/uploads\/2022\/08\/Pressefoto3_Web-Budgetplaner_300dpi.jpg 800w, https:\/\/speyer24news.com\/wp-content\/uploads\/2022\/08\/Pressefoto3_Web-Budgetplaner_300dpi-300x216.jpg 300w, https:\/\/speyer24news.com\/wp-content\/uploads\/2022\/08\/Pressefoto3_Web-Budgetplaner_300dpi-768x554.jpg 768w\" sizes=\"(max-width: 800px) 100vw, 800px\" \/><figcaption>Das digitale und kostenfreie Online-Haushaltsbuch unterst\u00fctzt mit neuen Funktionen bei der Budgetplanung.<br><em>Foto: Beratungsdienst Geld und Haushalt \/ Pexels \/ George Dolgikh<\/em><\/figcaption><\/figure><\/div>\n\n\n<p>Wer einmal angefangen hat, den eigenen Ausgaben nachzusp\u00fcren, erlebt so einige Aha-Momente. Diesen \u00dcberblick schnell zu bekommen, wird jetzt noch einfacher: mit dem neu aufgelegten Online-Haushaltsbuch \u201eWeb-Budgetplaner\u201c vom Beratungsdienst Geld und Haushalt, teilt die Sparkasse Vorderpfalz mit. Die neue Version unter&nbsp;<a href=\"https:\/\/deref-web.de\/mail\/client\/2VVGc7_mYvc\/dereferrer\/?redirectUrl=http%3A%2F%2Fwww.web-budgetplaner.de\" target=\"_blank\" rel=\"noreferrer noopener\">www.web-budgetplaner.de<\/a>&nbsp;bietet vollen Funktionsumfang auf allen Ger\u00e4ten von Smartphone bis Desktop-Rechner, einen Darkmode f\u00fcr augenschonendes Arbeiten, blitzschnelle Eingabe von Einnahmen und Ausgaben und neue Filter- und Auswertungsm\u00f6glichkeiten. Das Angebot ist mit allen Funktionen kostenfrei.<\/p>\n\n\n\n<h4 class=\"wp-block-heading\">Ausgaben bequem erfassen und auswerten<\/h4>\n\n\n\n<p>Mit dem Web-Budgetplaner kann jeder seine Finanzen selbst ordnen. Regelm\u00e4\u00dfige Einnahmen und Ausgaben werden einmal erfasst und automatisch fortgeschrieben. Die t\u00e4glichen Ausgaben einzugeben ist mit der neuen Version des Web-Budgetplaners schnell erledigt. Alle Buchungen k\u00f6nnen zudem selbst gew\u00e4hlten Kategorien und Stichw\u00f6rtern zugeordnet werden. Nach ein bis drei Monaten l\u00e4sst sich leicht feststellen, mit welchem Betrag z. B. Hobbys zu Buche schlagen. Auch die Ausgaben f\u00fcr einzelne Familienmitglieder sind mithilfe von Stichw\u00f6rtern immer genau nachvollziehbar.<\/p>\n\n\n\n<h4 class=\"wp-block-heading\">Datenschutz und Werbefreiheit<\/h4>\n\n\n\n<p>Auf Knopfdruck gibt es unz\u00e4hlige Auswertungsm\u00f6glichkeiten, die schon bei vielen Nutzern f\u00fcr einen \u00dcberraschungseffekt gesorgt haben. Wer daraus die richtigen Schl\u00fcsse zieht, kann viel Geld sparen. Die Daten der Nutzer werden durch verschl\u00fcsselte Seiten auf deutschen Servern sowie Anonymit\u00e4t bei der Registrierung gesch\u00fctzt. Das Angebot ist werbefrei und f\u00fcr jeden zug\u00e4nglich. Die neue Version des \u201eWeb-Budgetplaner\u201c ist online: Anmeldung und Nutzung sind kostenfrei unter\u00a0<a href=\"https:\/\/deref-web.de\/mail\/client\/2VVGc7_mYvc\/dereferrer\/?redirectUrl=http%3A%2F%2Fwww.web-budgetplaner.de\" target=\"_blank\" rel=\"noreferrer noopener\">www.web-budgetplaner.de<\/a>\u00a0m\u00f6glich.<\/p>\n\n\n\n<p><em>Text: Sparkasse Vorderpfalz Foto: Pexels \/ George Dolgikh<br>08.08.2022<\/em><\/p>\n\n\n\n<h2 class=\"wp-block-heading\">25 Azubis starten bei der Sparkasse Vorderpfalz<\/h2>\n\n\n<div class=\"wp-block-image\">\n<figure class=\"aligncenter size-full\"><img decoding=\"async\" loading=\"lazy\" width=\"800\" height=\"558\" src=\"https:\/\/speyer24news.com\/wp-content\/uploads\/2022\/08\/010822Azubis01kl.jpg\" alt=\"\" class=\"wp-image-47999\" srcset=\"https:\/\/speyer24news.com\/wp-content\/uploads\/2022\/08\/010822Azubis01kl.jpg 800w, https:\/\/speyer24news.com\/wp-content\/uploads\/2022\/08\/010822Azubis01kl-300x209.jpg 300w, https:\/\/speyer24news.com\/wp-content\/uploads\/2022\/08\/010822Azubis01kl-768x536.jpg 768w\" sizes=\"(max-width: 800px) 100vw, 800px\" \/><figcaption>Die neuen Auszubildenden der Sparkasse Vorderpfalz. Begr\u00fc\u00dft wurden sie von den Vorst\u00e4nden Thomas Traue (3.v.r.), Ulli Sauer (2.v.r.) und Oliver Kolb (r.), Mireille\u00a0Palestini\u00a0(Vorsitzende des Personalrats, 3.v.l.), der Leiterin Personalentwicklung und Ausbildung Tatjana Kamrad (l.) sowie Ausbildungsleiter Sven Hein (2.v.l.).<br><em>Foto: Sparkasse Vorderpfalz \/ Klaus Venus<\/em><\/figcaption><\/figure><\/div>\n\n\n<p>Bei der Sparkasse Vorderpfalz starteten am 1. August 23 angehende Bankkaufleute sowie zwei Studentinnen des Studiengangs Bachelor&nbsp;of&nbsp;Arts (BWL Bank \/ BWL Finanzdienstleistung) ins Berufsleben. 16 weibliche und 9 m\u00e4nnliche Auszubildende im Alter zwischen 16 und 25 Jahren freuen sich auf eine anspruchsvolle und abwechslungsreiche Ausbildung. Begr\u00fc\u00dft wurden sie von den Sparkassenvorst\u00e4nden Thomas Traue, Ulli Sauer und Oliver Kolb. Mit attraktiver Ausbildung setzt die Sparkasse auf eigene Nachwuchskr\u00e4fte, bildet insgesamt 56 junge Menschen aus und sucht bereits jetzt Bewerber f\u00fcr das kommende Jahr.<\/p>\n\n\n\n<h4 class=\"wp-block-heading\">Ausbildung wird digitaler, Beratung immer wichtiger<\/h4>\n\n\n\n<p>Tatjana Kamrad, Leiterin der Personalentwicklung der Sparkasse Vorderpfalz, betont: &#8222;Die Digitalisierung und mobiles Banking tragen dazu bei, dass das Arbeitsumfeld in der Kundenberatung und damit auch die Ausbildung heute anders ist als noch vor wenigen Jahren: Die Ausbildung wird digitaler, Beratung und kommunikative F\u00e4higkeiten immer wichtiger. Die Ausbildung bei der Sparkasse Vorderpfalz ist praxisnah, kundenorientiert und vermittelt bankfachliche Kompetenzen wie z.B. Verm\u00f6gensbildung, Vorsorge, Kreditgesch\u00e4ft oder Bau- und Unternehmensfinanzierung. Die jungen Menschen k\u00f6nnen ihre individuellen St\u00e4rken w\u00e4hrend ihrer Ausbildung bei uns ausspielen. In den ersten Tagen des neuen Ausbildungsjahres stehen nicht nur Bankgeheimnis, Datenschutz und Verhaltensregeln auf dem Programm.\u00a0Kennenlernrunden, Workshops und Veranstaltungen rund um die Themen Kommunikation und Kundenberatung sollen die Azubis von Anfang an als Team auf ihre Ausbildung vorbereiten. Wir investieren viel in unsere Aus- und Weiterbildung, erwarten daf\u00fcr aber auch Leistung\u201c.<\/p>\n\n\n\n<h4 class=\"wp-block-heading\">Nachwuchskr\u00e4fte f\u00fcr das kommende Ausbildungsjahr gesucht<\/h4>\n\n\n\n<p>Sven Hein, Ausbildungsleiter der Sparkasse Vorderpfalz, informiert: \u201eF\u00fcr das kommende Ausbildungsjahr suchen wir bereits jetzt kreative und leistungsbereite Nachwuchskr\u00e4fte, die gern im Team und mit Menschen arbeiten, die aber auch Verantwortung \u00fcbernehmen und Aufgaben sowie Projekte eigenst\u00e4ndig bearbeiten k\u00f6nnen. Interessenten &#8211; gerne auch Ausbildungs- oder Studienaussteiger &#8211; k\u00f6nnen sich bei mir telefonisch unter 0621 5992-9326 oder auf unserer Homepage unter\u00a0<a href=\"https:\/\/deref-web.de\/mail\/client\/3-07-YOAXrg\/dereferrer\/?redirectUrl=http%3A%2F%2Fwww.sparkasse-vorderpfalz.de%2Fausbildung\" target=\"_blank\" rel=\"noreferrer noopener\">www.sparkasse-vorderpfalz.de\/ausbildung<\/a>\u00a0informieren und direkt online bewerben. Mein Tipp: Bewerben Sie sich fr\u00fchzeitig, denn die Ausbildungsl\u00e4tze bei der Sparkasse Vorderpfalz sind begehrt&#8220;.<\/p>\n\n\n\n<p><em>Text: Sparkasse Vorderpfalz GmbH Foto: Sparkasse Vorderpfalz \/ Klaus Venus<br>02.08.2022<\/em><\/p>\n\n\n\n<h2 class=\"has-text-align-center wp-block-heading\">Q 6 Q 7 Mannheim<\/h2>\n\n\n<div class=\"wp-block-image\">\n<figure class=\"aligncenter size-full\"><img decoding=\"async\" loading=\"lazy\" width=\"350\" height=\"350\" src=\"https:\/\/speyer24news.com\/wp-content\/uploads\/2020\/01\/q6q7-logo.png\" alt=\"\" class=\"wp-image-24906\" srcset=\"https:\/\/speyer24news.com\/wp-content\/uploads\/2020\/01\/q6q7-logo.png 350w, https:\/\/speyer24news.com\/wp-content\/uploads\/2020\/01\/q6q7-logo-150x150.png 150w, https:\/\/speyer24news.com\/wp-content\/uploads\/2020\/01\/q6q7-logo-300x300.png 300w\" sizes=\"(max-width: 350px) 100vw, 350px\" \/><\/figure><\/div>\n\n\n<h2 class=\"wp-block-heading\">YULLBE, die VR-Sensation des Europa-Park \u2013 ab Herbst in Q 6 Q 7<\/h2>\n\n\n\n<ul><li><strong>Michael Mack: \u201eYULLBE GO Abenteuer sind die perfekte Erg\u00e4nzung zum Einkaufsbummel\u201c<\/strong><\/li><li><strong>Achim Ihrig: \u201eKooperation zeigt, wie Familienunternehmen dem Wettbewerb voraus sein k\u00f6nnen\u201c<\/strong><\/li><li><strong>Q 6 Q 7-Chef Hendrik Hoffmann: \u201eYULLBE GO passt perfekt in unsere Stadt der Erfinder\u201c<\/strong><\/li><\/ul>\n\n\n<div class=\"wp-block-image\">\n<figure class=\"aligncenter size-full\"><img decoding=\"async\" loading=\"lazy\" width=\"800\" height=\"450\" src=\"https:\/\/speyer24news.com\/wp-content\/uploads\/2022\/08\/02-YULLBE-GO-Mannheim.jpg\" alt=\"\" class=\"wp-image-47988\" srcset=\"https:\/\/speyer24news.com\/wp-content\/uploads\/2022\/08\/02-YULLBE-GO-Mannheim.jpg 800w, https:\/\/speyer24news.com\/wp-content\/uploads\/2022\/08\/02-YULLBE-GO-Mannheim-300x169.jpg 300w, https:\/\/speyer24news.com\/wp-content\/uploads\/2022\/08\/02-YULLBE-GO-Mannheim-768x432.jpg 768w, https:\/\/speyer24news.com\/wp-content\/uploads\/2022\/08\/02-YULLBE-GO-Mannheim-678x381.jpg 678w\" sizes=\"(max-width: 800px) 100vw, 800px\" \/><figcaption>Hier er\u00f6ffnet in wenigen Wochen YULLBE, die Virtual-Reality-Sensation des Europa-Park.<br><em>Foto: Europa-Park<\/em><\/figcaption><\/figure><\/div>\n\n\n<p>YULLBE, die Virtual-Reality-Sensation des Europa-Park, kommt nach Mannheim. In wenigen Wochen er\u00f6ffnet die Attraktion in Q 6 Q 7 Mannheim \u2013 Das Quartier. Im Erdgeschoss von Q 7 haben Teilnehmer ab acht Jahren (ohne Begleitung der Eltern ab zw\u00f6lf Jahren) die Qual der Wahl zwischen verschiedenen YULLBE GO Erlebnissen. Ausgestattet mit einer VR-Brille k\u00f6nnen sie mit Ed und Edda den verzauberten Europa-Park erkunden, sich auf eine waghalsige Verbrecherjagd begeben oder eine Mission ins Weltall wagen. Q 6 Q 7-Chef Hendrik Hoffmann: \u201eWir sind alle sehr gl\u00fccklich, dass wir YULLBE GO f\u00fcr Q 6 Q 7 realisieren k\u00f6nnen.\u201c<\/p>\n\n\n\n<p>Mit YULLBE zieht eine Attraktion ins Quartier Q 6 Q 7 ein, die Mannheim noch nicht gesehen hat. Sagenhafte VR-Technik l\u00e4sst die Teilnehmer Dinge erfahren und erleben, die jenseits der eigenen Vorstellungskraft liegen. Dabei haben Besucher selbst die Wahl, welche der spannenden Geschichten sie spielend erleben wollen. Michael Mack, Gr\u00fcnder von MackNeXT, die YULLBE entwickelt hat: \u201eYULLBE kann nicht nur Geschichten erz\u00e4hlen, sondern sogar ganze Welten zum Leben erwecken und erlebbar machen. Dieses VR-Erlebnis setzt neue Ma\u00dfst\u00e4be.\u201c<\/p>\n\n\n\n<p>\u201eSeit der Er\u00f6ffnung 2016 ist es eine Maxime von Q 6 Q 7, dass wir stets neue Konzepte ausprobieren, um diese bei Erfolg dauerhaft in der Shopping-Welt zu etablieren\u201c, erl\u00e4utert Hendrik Hoffmann, Gesch\u00e4ftsf\u00fchrer der CRM \u2013 Center &amp; Retail Management GmbH, die Q 6 Q 7 betreibt. \u201eWenig passt besser zu uns als eines der zukunftsweisenden Projekte des besten Freizeitparks der Welt. Wir freuen uns, dass es gelungen ist, den Europa-Park von unserem Standort im Herzen Mannheims zu \u00fcberzeugen. YULLBE mit seinem ausgezeichneten Content auf einer innovativen Zukunftstechnologie passt perfekt in unsere Stadt der Erfinder. Ich bin davon \u00fcberzeugt: Die Mannheimerinnen und Mannheimer und unsere G\u00e4ste aus der gesamten Metropolregion Rhein-Neckar werden von YULLBE begeistert sein.\u201c<\/p>\n\n\n<div class=\"wp-block-image\">\n<figure class=\"aligncenter size-full\"><img decoding=\"async\" loading=\"lazy\" width=\"800\" height=\"450\" src=\"https:\/\/speyer24news.com\/wp-content\/uploads\/2022\/08\/01-YULLBE-Ed-Edda.jpg\" alt=\"\" class=\"wp-image-47989\" srcset=\"https:\/\/speyer24news.com\/wp-content\/uploads\/2022\/08\/01-YULLBE-Ed-Edda.jpg 800w, https:\/\/speyer24news.com\/wp-content\/uploads\/2022\/08\/01-YULLBE-Ed-Edda-300x169.jpg 300w, https:\/\/speyer24news.com\/wp-content\/uploads\/2022\/08\/01-YULLBE-Ed-Edda-768x432.jpg 768w, https:\/\/speyer24news.com\/wp-content\/uploads\/2022\/08\/01-YULLBE-Ed-Edda-678x381.jpg 678w\" sizes=\"(max-width: 800px) 100vw, 800px\" \/><figcaption>Willkommen in der virtuellen Welt von YULLBE. Ed und Edda aus dem Europa-Park warten auf Euch!<br><em>Foto: Europa-Park<\/em><\/figcaption><\/figure><\/div>\n\n\n<p>Dass man in Q 6 Q 7 dann auch Tickets f\u00fcr den Europa-Park selbst und die Wasserwelt Rulantica erwerben kann, wird die Quartier-Besucher umso mehr freuen. Dar\u00fcber hinaus bietet der neue Store eine gro\u00dfe Auswahl an Geschenkideen f\u00fcr jedes Alter und ist damit eine ideale Erg\u00e4nzung zum Shoppingangebot von Q 6 Q 7.<\/p>\n\n\n\n<p>\u201eMit YULLBE schreiben wir die Konzeptvielfalt von Q 6 Q 7 und unseren konsequenten Blick \u00fcber den Tellerrand auf besonders unterhaltsamem Niveau fort\u201c, so Hoffmann: \u201eEin ausgezeichnetes Beispiel, wie wir erfolgreich v\u00f6llig neue Wege gehen, ist YouTube-Star Sally mit ihren Millionen Followern, die bei uns im Quartier in Sally\u2018s Flagship-Store alles finden, wonach sich der moderne Backfan sehnt.\u201c<\/p>\n\n\n<div class=\"wp-block-image\">\n<figure class=\"aligncenter size-full\"><img decoding=\"async\" loading=\"lazy\" width=\"800\" height=\"450\" src=\"https:\/\/speyer24news.com\/wp-content\/uploads\/2022\/08\/03-YULLE-Alpha-Mods.jpg\" alt=\"\" class=\"wp-image-47990\" srcset=\"https:\/\/speyer24news.com\/wp-content\/uploads\/2022\/08\/03-YULLE-Alpha-Mods.jpg 800w, https:\/\/speyer24news.com\/wp-content\/uploads\/2022\/08\/03-YULLE-Alpha-Mods-300x169.jpg 300w, https:\/\/speyer24news.com\/wp-content\/uploads\/2022\/08\/03-YULLE-Alpha-Mods-768x432.jpg 768w, https:\/\/speyer24news.com\/wp-content\/uploads\/2022\/08\/03-YULLE-Alpha-Mods-678x381.jpg 678w\" sizes=\"(max-width: 800px) 100vw, 800px\" \/><figcaption>Rasante YULLBE-Story: Ausgestattet mit hochmodernen Autos jagen die Teilnehmer auf einer wilden Verfolgungsjagd mit den \u201eAlpha Mods\u201c auf der zentralen Autobahn von Ultraville.<br><em>Foto: Europa-Park<\/em><\/figcaption><\/figure><\/div>\n\n\n<p>Dass das zukunftsweisende Projekt YULLBE \u2013 immerhin von der internationalen Freizeitpark-Industrie mit dem Brass Ring Award als innovativstes Produkt 2021 in der Kategorie ,Virtual Reality\u2018 ausgezeichnet \u2013 jetzt in Mannheims City Einzug halten kann, ist auch dem pers\u00f6nlichen Engagement der Familie Mack mit ihrem gesch\u00e4ftsf\u00fchrenden Gesellschafter des Europa-Park Michael Mack und seitens der Unternehmerfamilie von DIRINGER &amp; SCHEIDEL dem Mitglied des Management Board Achim Ihrig zu verdanken. Ihrig: \u201eDiese bevorstehende Kooperation ist ein Beleg daf\u00fcr, wie die Zusammenarbeit von erfolgreichen Familienunternehmen dazu f\u00fchren kann, dem Wettbewerb immer einen Schritt voraus zu sein. Familie Mack gibt vielfach in der Freizeitgestaltung den Takt vor, wir von DIRINGER &amp; SCHEIDEL in der Projektentwicklung, wo wir mit Q 6 Q 7 bereits vor sechs Jahren ein Quartier er\u00f6ffneten, das mit Mall, vielf\u00e4ltiger Gastronomie, Fitnessstudio, Hotel und B\u00fcrofl\u00e4chen mehr an einen ganzen Stadtteil erinnert \u2013 ein ganzheitlicher Ansatz, wie ihn Wettbewerber erst jetzt umsetzen.\u201c Die D&amp;S-Tochter CRM \u2013 Center &amp; Retail Management GmbH betreibt Q 6 Q 7. Deren Gesch\u00e4ftsf\u00fchrer Hendrik Hoffmann erg\u00e4nzt: \u201eWir sind alle sehr gl\u00fccklich, dass wir YULLBE GO f\u00fcr Q 6 Q 7 realisieren k\u00f6nnen.\u201c<\/p>\n\n\n\n<p>MackNeXT-Gesch\u00e4ftsf\u00fchrer Michael Mack freut sich \u00fcber die Zusammenarbeit: \u201eWir bieten an unserem neuen Standort in der Metropolregion Rhein-Neckar modernste VR-Experiences f\u00fcr die ganze Familie. Die jeweils zehnmin\u00fctigen YULLBE GO Abenteuer sind die perfekte Erg\u00e4nzung zum Einkaufsbummel oder einem Besuch der vielen Restaurants in der Innenstadt. Mit Q 6 Q 7 haben wir einen hervorragenden und erfahrenen Partner an unserer Seite, sodass sich die Besucher des Quartiers k\u00fcnftig auf ein weiteres Highlight freuen d\u00fcrfen.\u201c<\/p>\n\n\n\n<p><em>Text: DIRINGER &amp; SCHEIDEL UNTERNEHMENSGRUPPE Foto: Europa-Park<br>11.08.2022<\/em><\/p>\n\n\n\n<h2 class=\"wp-block-heading\">Mannheimer Lichtstimmungen in Q 6 Q 7<\/h2>\n\n\n\n<ul><li><strong>Fotograf Michael Brand h\u00e4lt Mannheims ber\u00fchmte Ecken kunstvoll im Bild fest<\/strong><\/li><li><strong>Q 6 Q 7-Chef Hendrik Hoffmann: \u201eUnterst\u00fctzen gerne regionale K\u00fcnstler\u201c<\/strong><\/li><li><strong>Gewinnspiel: Eine von zwei Brand-Fotografien kann Ihnen geh\u00f6ren<\/strong><\/li><\/ul>\n\n\n<div class=\"wp-block-image\">\n<figure class=\"aligncenter size-full\"><img decoding=\"async\" loading=\"lazy\" width=\"800\" height=\"563\" src=\"https:\/\/speyer24news.com\/wp-content\/uploads\/2022\/08\/01_Wasserturm-Sommer.jpg\" alt=\"\" class=\"wp-image-47991\" srcset=\"https:\/\/speyer24news.com\/wp-content\/uploads\/2022\/08\/01_Wasserturm-Sommer.jpg 800w, https:\/\/speyer24news.com\/wp-content\/uploads\/2022\/08\/01_Wasserturm-Sommer-300x211.jpg 300w, https:\/\/speyer24news.com\/wp-content\/uploads\/2022\/08\/01_Wasserturm-Sommer-768x540.jpg 768w\" sizes=\"(max-width: 800px) 100vw, 800px\" \/><figcaption>Wasserturm-Sommer<br><em>Foto: Michael Brand<\/em><\/figcaption><\/figure><\/div>\n\n\n<p>In dieser Lichtstimmung haben Sie Mannheim noch nicht gesehen! Michael Brand, Fotograf aus Mannheim-Neckarau, h\u00e4lt die bekanntesten Ecken der Stadt im Bild fest und spielt dabei kunstvoll mit dem fr\u00fchen oder sp\u00e4ten Tageslicht \u2013 wie ein Pianist auf dem Klavier. Jetzt sind die Werke des regionalen Instagram-Stars in Q 6 Q 7 Mannheim \u2013 Das Quartier. zu sehen. Q 6 Q 7-Chef Hendrik Hoffmann: \u201eRegionale K\u00fcnstler wie Michael Brand, die ihre Verbundenheit zu unserer Stadt und der Region zeigen, unterst\u00fctzen wir sehr gerne.\u201c Die Ausstellung l\u00e4uft bis zum 27. August 2022.<\/p>\n\n\n<div class=\"wp-block-image\">\n<figure class=\"aligncenter size-full\"><img decoding=\"async\" loading=\"lazy\" width=\"800\" height=\"603\" src=\"https:\/\/speyer24news.com\/wp-content\/uploads\/2022\/08\/03_Schloss-im-Sonnenaufgang.jpg\" alt=\"\" class=\"wp-image-47992\" srcset=\"https:\/\/speyer24news.com\/wp-content\/uploads\/2022\/08\/03_Schloss-im-Sonnenaufgang.jpg 800w, https:\/\/speyer24news.com\/wp-content\/uploads\/2022\/08\/03_Schloss-im-Sonnenaufgang-300x226.jpg 300w, https:\/\/speyer24news.com\/wp-content\/uploads\/2022\/08\/03_Schloss-im-Sonnenaufgang-768x579.jpg 768w, https:\/\/speyer24news.com\/wp-content\/uploads\/2022\/08\/03_Schloss-im-Sonnenaufgang-326x245.jpg 326w, https:\/\/speyer24news.com\/wp-content\/uploads\/2022\/08\/03_Schloss-im-Sonnenaufgang-80x60.jpg 80w\" sizes=\"(max-width: 800px) 100vw, 800px\" \/><figcaption>Schloss im Sonnenaufgang<br><em>Foto: Michael Brand<\/em><\/figcaption><\/figure><\/div>\n\n\n<p>Das Barockschloss, der Fernmeldeturm, der Mannheimer Hafen oder auch ein Sonnenuntergang mit Blick bis in den Pf\u00e4lzerwald: Mannheim aus neuen Blickwinkeln und in einem ganz besonderen Licht zu zeigen, hat Fotograf Michael Brand aus dem Stadtteil Neckarau zu seiner Passion gemacht: \u201eMeist stehe ich mitten in der Nacht auf, um Momente einzufangen, die ohne mich wom\u00f6glich verloren w\u00e4ren.\u201c So wurde die Fotografie f\u00fcr ihn viel mehr als \u201enur ein Job\u201c: \u201eEs ist eine Leidenschaft, f\u00fcr die ich lebe. Und genau das m\u00f6chte ich vermitteln.\u201c<\/p>\n\n\n<div class=\"wp-block-image\">\n<figure class=\"aligncenter size-full\"><img decoding=\"async\" loading=\"lazy\" width=\"500\" height=\"663\" src=\"https:\/\/speyer24news.com\/wp-content\/uploads\/2022\/08\/02_Michael-Brand.jpg\" alt=\"\" class=\"wp-image-47993\" srcset=\"https:\/\/speyer24news.com\/wp-content\/uploads\/2022\/08\/02_Michael-Brand.jpg 500w, https:\/\/speyer24news.com\/wp-content\/uploads\/2022\/08\/02_Michael-Brand-226x300.jpg 226w\" sizes=\"(max-width: 500px) 100vw, 500px\" \/><figcaption>Michael Brand<br><em>Foto: Michael Brand<\/em><\/figcaption><\/figure><\/div>\n\n\n<p>Seine sch\u00f6nsten Bilder, die viele seiner Fans auch schon von Instagram (@m_brand_photography und @mannheimgram) kennen, sind jetzt im Basement von Q 6 Q 7 Mannheim \u2013 Das Quartier. zu sehen. Mit dem Mix aus regionalen, nationalen und internationalen Marken, sowie Gastronomen, Dienstleistern und Nahversorgern in architektonisch einzigartiger Kulisse schafft Q 6 Q 7 Erlebnisse f\u00fcr seine Kunden, f\u00fcr Mannheim und die Metropolregion Rhein Neckar. Die Fotografien von Michael Brand passen perfekt in diesen Mix.<\/p>\n\n\n<div class=\"wp-block-image\">\n<figure class=\"aligncenter size-full\"><img decoding=\"async\" loading=\"lazy\" width=\"500\" height=\"750\" src=\"https:\/\/speyer24news.com\/wp-content\/uploads\/2022\/08\/04_Neckar-Sommer.jpg\" alt=\"\" class=\"wp-image-47994\" srcset=\"https:\/\/speyer24news.com\/wp-content\/uploads\/2022\/08\/04_Neckar-Sommer.jpg 500w, https:\/\/speyer24news.com\/wp-content\/uploads\/2022\/08\/04_Neckar-Sommer-200x300.jpg 200w\" sizes=\"(max-width: 500px) 100vw, 500px\" \/><figcaption>Neckar-Sommer<br><em>Foto: Michael Brand<\/em><\/figcaption><\/figure><\/div>\n\n\n<p>Hendrik Hoffmann, Gesch\u00e4ftsf\u00fchrer der CRM \u2013 Center &amp; Retail Management GmbH, die Q 6 Q 7 betreibt: \u201eWir sehen uns als starken Partner, treibende Kraft und T\u00fcr\u00f6ffner f\u00fcr regionale Start-ups, K\u00fcnstler und kulturelle Institutionen, gestalten aktiv und nachhaltig mit und st\u00e4rken so unsere Quadratestadt als attraktiven Standort in der Region. Q 6 Q 7 ist in der Innenstadt einer der wichtigsten Treffpunkte f\u00fcr Mannheimerinnen und Mannheimer und f\u00fcr unsere G\u00e4ste aus der Metropolregion Rhein-Neckar. Diese Plattform nutzen wir sehr gerne, um regionale K\u00fcnstler zu unterst\u00fctzen.\u201c<\/p>\n\n\n<div class=\"wp-block-image\">\n<figure class=\"aligncenter size-full\"><img decoding=\"async\" loading=\"lazy\" width=\"800\" height=\"603\" src=\"https:\/\/speyer24news.com\/wp-content\/uploads\/2022\/08\/05_Jungbusch-Spiegelungen.jpg\" alt=\"\" class=\"wp-image-47995\" srcset=\"https:\/\/speyer24news.com\/wp-content\/uploads\/2022\/08\/05_Jungbusch-Spiegelungen.jpg 800w, https:\/\/speyer24news.com\/wp-content\/uploads\/2022\/08\/05_Jungbusch-Spiegelungen-300x226.jpg 300w, https:\/\/speyer24news.com\/wp-content\/uploads\/2022\/08\/05_Jungbusch-Spiegelungen-768x579.jpg 768w, https:\/\/speyer24news.com\/wp-content\/uploads\/2022\/08\/05_Jungbusch-Spiegelungen-326x245.jpg 326w, https:\/\/speyer24news.com\/wp-content\/uploads\/2022\/08\/05_Jungbusch-Spiegelungen-80x60.jpg 80w\" sizes=\"(max-width: 800px) 100vw, 800px\" \/><figcaption>Jungbusch-Spiegelungen<br><em>Foto: Michael Brand<\/em><\/figcaption><\/figure><\/div>\n\n\n<p>\u00dcbrigens: An die Fotoausstellung ist ein Gewinnspiel gekoppelt, bei dem Q 6 Q 7-Besucher die M\u00f6glichkeit haben, bis zum 20. August 2022 zwei der elf ausgestellten Werke von Michael Brand zu gewinnen. Teilnahmebedingungen finden Sie unter <a href=\"http:\/\/www.q6q7.de\">q6q7.de<\/a>. Die Ausstellung l\u00e4uft noch bis zum 27. August 2022.<\/p>\n\n\n\n<p><em>Text: DIRINGER &amp; SCHEIDEL UNTERNEHMENSGRUPPE Foto: Michael Brand<br>09.08.2022<\/em><\/p>\n","protected":false},"excerpt":{"rendered":"<div class=\"mh-excerpt\"><p>Stadtwerke Speyer (SWS) GmbH \/ Bademaxx bademaxx: Sommer-Pool-Party zum 15. Geburtstag Am 11. August, ab 14 Uhr gibt\u2019s im Sport- und Erlebnisbad bademaxx Spiel und Spa\u00df mit dem Zephyrus-Team f\u00fcr Gro\u00df und Klein. Bis 18 <a class=\"mh-excerpt-more\" href=\"https:\/\/speyer24news.com\/?p=47987\" title=\"Wirtschaft \/ Finanzen \/ Rente\">[&#8230;]<\/a><\/p>\n<\/div>","protected":false},"author":3,"featured_media":30614,"comment_status":"open","ping_status":"open","sticky":false,"template":"","format":"standard","meta":{"_monsterinsights_skip_tracking":false,"_monsterinsights_sitenote_active":false,"_monsterinsights_sitenote_note":"","_monsterinsights_sitenote_category":0,"footnotes":""},"categories":[29],"tags":[15132,6333,15131,12756,26,27,551,15137,15141,11724,13683,15128,15129,56,15140,15134,15135,8068,5708,127,301,303,6,31,1442,15130,15133,1087,4698,12488,6539,15136,15138,15139,15127],"aioseo_notices":[],"amp_enabled":true,"_links":{"self":[{"href":"https:\/\/speyer24news.com\/index.php?rest_route=\/wp\/v2\/posts\/47987"}],"collection":[{"href":"https:\/\/speyer24news.com\/index.php?rest_route=\/wp\/v2\/posts"}],"about":[{"href":"https:\/\/speyer24news.com\/index.php?rest_route=\/wp\/v2\/types\/post"}],"author":[{"embeddable":true,"href":"https:\/\/speyer24news.com\/index.php?rest_route=\/wp\/v2\/users\/3"}],"replies":[{"embeddable":true,"href":"https:\/\/speyer24news.com\/index.php?rest_route=%2Fwp%2Fv2%2Fcomments&post=47987"}],"version-history":[{"count":1,"href":"https:\/\/speyer24news.com\/index.php?rest_route=\/wp\/v2\/posts\/47987\/revisions"}],"predecessor-version":[{"id":48000,"href":"https:\/\/speyer24news.com\/index.php?rest_route=\/wp\/v2\/posts\/47987\/revisions\/48000"}],"wp:featuredmedia":[{"embeddable":true,"href":"https:\/\/speyer24news.com\/index.php?rest_route=\/wp\/v2\/media\/30614"}],"wp:attachment":[{"href":"https:\/\/speyer24news.com\/index.php?rest_route=%2Fwp%2Fv2%2Fmedia&parent=47987"}],"wp:term":[{"taxonomy":"category","embeddable":true,"href":"https:\/\/speyer24news.com\/index.php?rest_route=%2Fwp%2Fv2%2Fcategories&post=47987"},{"taxonomy":"post_tag","embeddable":true,"href":"https:\/\/speyer24news.com\/index.php?rest_route=%2Fwp%2Fv2%2Ftags&post=47987"}],"curies":[{"name":"wp","href":"https:\/\/api.w.org\/{rel}","templated":true}]}}