{"id":48008,"date":"2022-08-11T14:02:24","date_gmt":"2022-08-11T13:02:24","guid":{"rendered":"https:\/\/speyer24news.com\/?p=48008"},"modified":"2022-08-11T14:02:27","modified_gmt":"2022-08-11T13:02:27","slug":"coronavirus-speyer-rheinland-pfalz-30","status":"publish","type":"post","link":"https:\/\/speyer24news.com\/?p=48008","title":{"rendered":"Coronavirus Speyer \/ Rheinland-Pfalz"},"content":{"rendered":"<style type=\"text\/css\">\r\n\t.ads_top_disp{}\r\n\t.ads_top_corner_disp{ float:left; margin:0px 10px 10px 0px; }\r\n\t.ads_first_p_disp{}\r\n\t.ads_bottom_disp{}\r\n\t<\/style>\n<h2 class=\"wp-block-heading\">Tagesaktuelle Fallzahlen f\u00fcr die Stadt Speyer<\/h2>\n\n\n\n<h4 class=\"wp-block-heading\">(<em>Quelle: Landesuntersuchungsamt Rheinland-Pfalz<\/em>,<em>&nbsp;Stand: 11.08.2022<\/em>)<\/h4>\n\n\n<div class=\"wp-block-image\">\n<figure class=\"aligncenter\"><img decoding=\"async\" loading=\"lazy\" width=\"800\" height=\"400\" src=\"https:\/\/speyer24news.com\/wp-content\/uploads\/2020\/05\/virus-1812092_1920.jpg\" alt=\"\" class=\"wp-image-26778\" srcset=\"https:\/\/speyer24news.com\/wp-content\/uploads\/2020\/05\/virus-1812092_1920.jpg 800w, https:\/\/speyer24news.com\/wp-content\/uploads\/2020\/05\/virus-1812092_1920-300x150.jpg 300w, https:\/\/speyer24news.com\/wp-content\/uploads\/2020\/05\/virus-1812092_1920-768x384.jpg 768w\" sizes=\"(max-width: 800px) 100vw, 800px\" \/><\/figure><\/div>\n\n\n<p>Anzahl best\u00e4tigter F\u00e4lle von Coronavirus (SARS-CoV-2)-Infektionen in der Stadt Speyer:\u00a019.594 (+ 22)<br>Davon bereits genesen:\u00a018.467<br>Todesf\u00e4lle: 122 (<strong>keine Ver\u00e4nderung<\/strong>)<br><strong>Sieben-Tage-Inzidenz<\/strong>\u00a0(Gemeldete F\u00e4lle der letzten sieben Tage pro 100.000 Einwohner*innen in Speyer):<strong>\u00a0205,0<br>Sieben-Tage-Hospitalisierungs-Inzidenz\u00a0(Anzahl der neu aufgenommenen Hospitalisierungsf\u00e4lle pro 100.000 Einwohner*innen der letzten sieben Tagen in Rheinland-Pfalz):\u00a04,40<\/strong><\/p>\n\n\n\n<p>Die Stadtverwaltung&nbsp;entnimmt die tagesaktuellen Meldedaten der Internetseite des Landesuntersuchungsamtes (LUA) Rheinland-Pfalz:&nbsp;<a href=\"http:\/\/www.lua.rlp.de\/\">www.lua.rlp.de<\/a>.<\/p>\n\n\n\n<p><em>Landesuntersuchnugsamt (LUA) Rheinland-Pfalz<br>11.08.2022<\/em><\/p>\n\n\n\n<h2 class=\"wp-block-heading\">Coronavirus \u2013 Fallzahlen im Landkreis Germersheim<\/h2>\n\n\n<div class=\"wp-block-image\">\n<figure class=\"aligncenter\"><img decoding=\"async\" loading=\"lazy\" width=\"800\" height=\"575\" src=\"https:\/\/speyer24news.com\/wp-content\/uploads\/2020\/04\/AdobeStock_320368431.jpeg\" alt=\"\" class=\"wp-image-26313\" srcset=\"https:\/\/speyer24news.com\/wp-content\/uploads\/2020\/04\/AdobeStock_320368431.jpeg 800w, https:\/\/speyer24news.com\/wp-content\/uploads\/2020\/04\/AdobeStock_320368431-300x216.jpeg 300w, https:\/\/speyer24news.com\/wp-content\/uploads\/2020\/04\/AdobeStock_320368431-768x552.jpeg 768w\" sizes=\"(max-width: 800px) 100vw, 800px\" \/><\/figure><\/div>\n\n\n<h3 class=\"wp-block-heading\">(Stand 11. August 2022, 12 Uhr)<\/h3>\n\n\n\n<p>Aktuell gibt es im Landkreis Germersheim 1.826 best\u00e4tigte positive F\u00e4lle, die Gesamtzahl bel\u00e4uft sich auf 50.113 Corona-Infektionen seit Beginn der Pandemie. Seit gestern wurden 64 neue F\u00e4lle registriert. Die Gesamtzahl der Todesf\u00e4lle betr\u00e4gt 214 seit Beginn der Pandemie.<\/p>\n\n\n\n<figure class=\"wp-block-table\"><table><tbody><tr><td><strong><u>VG \/ Stadt<\/u><\/strong><\/td><td><strong><u>Ort<\/u><\/strong><\/td><td><strong><u>Infizierte seit Beginn der Pandemie<\/u><\/strong><\/td><td><strong><u>Aktuell infizierte Personen<\/u><\/strong><\/td><td><strong><u>Gesundete bzw. nicht mehr<br>infizierte Personen<\/u><\/strong><\/td><td><strong><u>Leider an<br>oder mit Covid-19 verstorbene Personen<\/u><\/strong><\/td><\/tr><tr><td><strong>&nbsp;<\/strong><\/td><td>&nbsp;<\/td><td>&nbsp;<\/td><td>&nbsp;<\/td><td>&nbsp;<\/td><td>&nbsp;<\/td><\/tr><tr><td>VG Hagenbach<\/td><td>Berg<\/td><td>649<\/td><td>22<\/td><td>627<\/td><td>0<\/td><\/tr><tr><td>&nbsp;<\/td><td>Hagenbach<\/td><td>2062<\/td><td>81<\/td><td>1964<\/td><td>17<\/td><\/tr><tr><td>&nbsp;<\/td><td>Neuburg<\/td><td>918<\/td><td>51<\/td><td>859<\/td><td>8<\/td><\/tr><tr><td>&nbsp;<\/td><td>Scheibenhardt<\/td><td>165<\/td><td>13<\/td><td>152<\/td><td>0<\/td><\/tr><tr><td><strong>&nbsp;<\/strong><\/td><td><strong>Summen<\/strong><strong><\/strong><\/td><td><strong>3794<\/strong><strong><\/strong><\/td><td><strong>167<\/strong><strong><\/strong><\/td><td><strong>3602<\/strong><strong><\/strong><\/td><td><strong>25<\/strong><strong><\/strong><\/td><\/tr><tr><td>W\u00f6rth<\/td><td>Maximiliansau<\/td><td>2330<\/td><td>98<\/td><td>2226<\/td><td>6<\/td><\/tr><tr><td>&nbsp;<\/td><td>Schaidt<\/td><td>637<\/td><td>31<\/td><td>606<\/td><td>0<\/td><\/tr><tr><td>&nbsp;<\/td><td>W\u00f6rth, Stadt<\/td><td>3943<\/td><td>148<\/td><td>3785<\/td><td>10<\/td><\/tr><tr><td>&nbsp;<\/td><td>B\u00fcchelberg<\/td><td>283<\/td><td>12<\/td><td>270<\/td><td>1<\/td><\/tr><tr><td><strong>&nbsp;<\/strong><\/td><td><strong>Summen<\/strong><strong><\/strong><\/td><td><strong>7193<\/strong><strong><\/strong><\/td><td><strong>289<\/strong><strong><\/strong><\/td><td><strong>6887<\/strong><strong><\/strong><\/td><td><strong>17<\/strong><strong><\/strong><\/td><\/tr><tr><td>VG Kandel<\/td><td>Erlenbach<\/td><td>196<\/td><td>14<\/td><td>182<\/td><td>0<\/td><\/tr><tr><td>&nbsp;<\/td><td>Freckenfeld<\/td><td>546<\/td><td>21<\/td><td>524<\/td><td>1<\/td><\/tr><tr><td>&nbsp;<\/td><td>Kandel<\/td><td>3183<\/td><td>106<\/td><td>3063<\/td><td>14<\/td><\/tr><tr><td>&nbsp;<\/td><td>Minfeld<\/td><td>507<\/td><td>23<\/td><td>484<\/td><td>0<\/td><\/tr><tr><td>&nbsp;<\/td><td>Steinweiler<\/td><td>686<\/td><td>17<\/td><td>667<\/td><td>2<\/td><\/tr><tr><td>&nbsp;<\/td><td>Vollmersweiler<\/td><td>65<\/td><td>3<\/td><td>62<\/td><td>0<\/td><\/tr><tr><td>&nbsp;<\/td><td>Winden<\/td><td>409<\/td><td>13<\/td><td>395<\/td><td>1<\/td><\/tr><tr><td>&nbsp;<\/td><td><strong>Summen<\/strong><strong><\/strong><\/td><td><strong>5592<\/strong><strong><\/strong><\/td><td><strong>197<\/strong><strong><\/strong><\/td><td><strong>5377<\/strong><strong><\/strong><\/td><td><strong>18<\/strong><strong><\/strong><\/td><\/tr><tr><td>VG Jockgrim<\/td><td>Hatzenb\u00fchl<\/td><td>1270<\/td><td>36<\/td><td>1231<\/td><td>3<\/td><\/tr><tr><td>&nbsp;<\/td><td>Jockgrim<\/td><td>2961<\/td><td>169<\/td><td>2769<\/td><td>23<\/td><\/tr><tr><td>&nbsp;<\/td><td>Neupotz<\/td><td>747<\/td><td>35<\/td><td>709<\/td><td>3<\/td><\/tr><tr><td>&nbsp;<\/td><td>Rheinzabern<\/td><td>1931<\/td><td>80<\/td><td>1847<\/td><td>4<\/td><\/tr><tr><td>&nbsp;<\/td><td><strong>Summen<\/strong><strong><\/strong><\/td><td><strong>6909<\/strong><strong><\/strong><\/td><td><strong>320<\/strong><strong><\/strong><\/td><td><strong>6556<\/strong><strong><\/strong><\/td><td><strong>33<\/strong><strong><\/strong><\/td><\/tr><tr><td>VG R\u00fclzheim<\/td><td>H\u00f6rdt<\/td><td>1034<\/td><td>43<\/td><td>989<\/td><td>2<\/td><\/tr><tr><td>&nbsp;<\/td><td>Kuhardt<\/td><td>781<\/td><td>26<\/td><td>754<\/td><td>1<\/td><\/tr><tr><td>&nbsp;<\/td><td>Leimersheim<\/td><td>944<\/td><td>47<\/td><td>895<\/td><td>2<\/td><\/tr><tr><td>&nbsp;<\/td><td>R\u00fclzheim<\/td><td>3361<\/td><td>120<\/td><td>3225<\/td><td>16<\/td><\/tr><tr><td>&nbsp;<\/td><td><strong>Summen<\/strong><strong><\/strong><\/td><td><strong>6120<\/strong><strong><\/strong><\/td><td><strong>236<\/strong><strong><\/strong><\/td><td><strong>5863<\/strong><strong><\/strong><\/td><td><strong>21<\/strong><strong><\/strong><\/td><\/tr><tr><td>VG Bellheim<\/td><td>Bellheim<\/td><td>3274<\/td><td>84<\/td><td>3155<\/td><td>35<\/td><\/tr><tr><td>&nbsp;<\/td><td>Knittelsheim<\/td><td>389<\/td><td>13<\/td><td>376<\/td><td>0<\/td><\/tr><tr><td>&nbsp;<\/td><td>Ottersheim<\/td><td>681<\/td><td>14<\/td><td>667<\/td><td>0<\/td><\/tr><tr><td>&nbsp;<\/td><td>Zeiskam<\/td><td>952<\/td><td>21<\/td><td>928<\/td><td>3<\/td><\/tr><tr><td>&nbsp;<\/td><td><strong>Summen<\/strong><strong><\/strong><\/td><td><strong>5296<\/strong><strong><\/strong><\/td><td><strong>132<\/strong><strong><\/strong><\/td><td><strong>5126<\/strong><strong><\/strong><\/td><td><strong>38<\/strong><strong><\/strong><\/td><\/tr><tr><td>Germersheim + So<\/td><td>&nbsp;<\/td><td>8797<\/td><td>273<\/td><td>8494<\/td><td>30<\/td><\/tr><tr><td>&nbsp;<\/td><td><strong>Summen<\/strong><strong><\/strong><\/td><td><strong>8797<\/strong><strong><\/strong><\/td><td><strong>273<\/strong><strong><\/strong><\/td><td><strong>8494<\/strong><strong><\/strong><\/td><td><strong>30<\/strong><strong><\/strong><\/td><\/tr><tr><td>VG Lingenfeld<\/td><td>Freisbach<\/td><td>410<\/td><td>12<\/td><td>397<\/td><td>1<\/td><\/tr><tr><td>&nbsp;<\/td><td>Lingenfeld<\/td><td>2221<\/td><td>82<\/td><td>2127<\/td><td>12<\/td><\/tr><tr><td>&nbsp;<\/td><td>Lustadt<\/td><td>1178<\/td><td>31<\/td><td>1140<\/td><td>7<\/td><\/tr><tr><td>&nbsp;<\/td><td>Schwegenheim<\/td><td>1217<\/td><td>53<\/td><td>1162<\/td><td>2<\/td><\/tr><tr><td>&nbsp;<\/td><td>Weingarten<\/td><td>675<\/td><td>21<\/td><td>653<\/td><td>1<\/td><\/tr><tr><td>&nbsp;<\/td><td>Westheim<\/td><td>711<\/td><td>13<\/td><td>689<\/td><td>9<\/td><\/tr><tr><td>&nbsp;<\/td><td><strong>Summen<\/strong><strong><\/strong><\/td><td><strong>6412<\/strong><strong><\/strong><\/td><td><strong>212<\/strong><strong><\/strong><\/td><td><strong>6168<\/strong><strong><\/strong><\/td><td><strong>32<\/strong><strong><\/strong><\/td><\/tr><tr><td>&nbsp;<\/td><td>&nbsp;<\/td><td>&nbsp;<\/td><td>&nbsp;<\/td><td>&nbsp;<\/td><td>&nbsp;<\/td><\/tr><tr><td>&nbsp;<\/td><td><strong>Endsummen<\/strong><strong><\/strong><\/td><td><strong>50113<\/strong><strong><\/strong><\/td><td><strong>1826<\/strong><strong><\/strong><\/td><td><strong>48073<\/strong><strong><\/strong><\/td><td><strong>214<\/strong><strong><\/strong><\/td><\/tr><\/tbody><\/table><\/figure>\n\n\n\n<p><em>Kreisverwaltung Germersheim<br>11.08.2022<\/em><\/p>\n\n\n\n<h2 class=\"wp-block-heading\">Fallzahlen im Landkreis S\u00fcdliche Weinstra\u00dfe und der Stadt Landau<\/h2>\n\n\n<div class=\"wp-block-image\">\n<figure class=\"aligncenter\"><img decoding=\"async\" src=\"https:\/\/speyer24news.com\/wp-content\/uploads\/2021\/02\/S%C3%9CW-Landau-Logo.png\" alt=\"\" class=\"wp-image-33151\"\/><\/figure><\/div>\n\n\n<p>Nach aktuellem Stand (11.08.2022, 10:39 Uhr) haben sich seit der gestrigen Meldung <strong>60<\/strong> weitere F\u00e4lle des Coronavirus (SARS-CoV-2) im Landkreis S\u00fcdliche Weinstra\u00dfe und in der Stadt Landau best\u00e4tigt. Insgesamt wurden <strong>51.852 <\/strong>F\u00e4lle im Zust\u00e4ndigkeitsbereich des Gesundheitsamts S\u00fcdliche Weinstra\u00dfe bekannt. <strong>49.487 <\/strong>Personen sind gesundet. Leider muss ein neuer Todesfall verzeichnet werden. Es handelt sich um einen Mann aus der Verbandsgemeinde Annweiler, der an oder mit COVID-19 verstorben ist. Insgesamt sind <strong>267<\/strong> Personen verstorben. Den Angeh\u00f6rigen und Hinterbliebenen sprechen Landrat Dietmar Seefeldt und Oberb\u00fcrgermeister Thomas Hirsch ihr herzliches Beileid aus.<\/p>\n\n\n\n<h4 class=\"wp-block-heading\">Aktuell haben sich in zahlreichen Einrichtungen im Landkreis S\u00fcdliche Weinstra\u00dfe und in der Stadt Landau neue F\u00e4lle des Coronavirus best\u00e4tigt.<\/h4>\n\n\n\n<ul><li><strong>Verbandsgemeinde Annweiler:<\/strong> 5.283 Personen (5.036 davon gesundet, 23 verstorben)<\/li><li><strong>Verbandsgemeinde Bad Bergzabern<\/strong>: 7.733 Personen (7.395 davon gesundet, 43 verstorben)<\/li><li><strong>Verbandsgemeinde Edenkoben<\/strong>: 5.988 Personen (5.740 davon gesundet, 34 verstorben)<\/li><li><strong>Verbandsgemeinde Herxheim:<\/strong> 5.303 Personen (5.053 davon gesundet, 33 verstorben)<\/li><li><strong>Verbandsgemeinde Landau-Land<\/strong>: 4.304 Personen (4.083 davon gesundet, 22 verstorben)<\/li><li><strong>Verbandsgemeinde Maikammer<\/strong>: 2.516 Personen (2.416 davon gesundet, 3 verstorben)<\/li><li><strong>Verbandsgemeinde Offenbach<\/strong>: 4.435 Personen (4.219 davon gesundet, 31 verstorben)<\/li><\/ul>\n\n\n\n<p><strong>Stadt Landau<\/strong>: 16.290 Personen (15.545 davon gesundet, 78 verstorben) Informationen zum Thema Coronavirus finden Sie auf der Homepage des Landkreises: <a href=\"http:\/\/www.suedliche-weinstrasse.de\">www.suedliche-weinstrasse.de<\/a>. Die aktuellen Fallzahlen f\u00fcr ganz Rheinland-Pfalz sind beim Landesuntersuchungsamt unter <a href=\"https:\/\/lua.rlp.de\/de\/presse\/detail\/news\/News\/detail\/coronavirus-sars-cov-2-aktuelle-fallzahlen-fuer-rheinland-pfalz\/\">https:\/\/lua.rlp.de\/de\/presse\/detail\/news\/News\/detail\/coronavirus-sars-cov-2-aktuelle-fallzahlen-fuer-rheinland-pfalz\/<\/a> zu finden.<\/p>\n\n\n\n<p><em>Gemeinsame Pressemitteilung der Kreisverwaltung S\u00fcdliche Weinstra\u00dfe und der Stadtverwaltung Landau<br>11.08.2022<\/em><\/p>\n\n\n\n<h2 class=\"wp-block-heading\">Coronavirus SARS-CoV-2: Fallzahlen f\u00fcr Rheinland-Pfalz<\/h2>\n\n\n<div class=\"wp-block-image\">\n<figure class=\"aligncenter\"><img decoding=\"async\" loading=\"lazy\" width=\"800\" height=\"533\" src=\"https:\/\/speyer24news.com\/wp-content\/uploads\/2020\/02\/coronavirus-4810201_1920.jpg\" alt=\"\" class=\"wp-image-25125\" srcset=\"https:\/\/speyer24news.com\/wp-content\/uploads\/2020\/02\/coronavirus-4810201_1920.jpg 800w, https:\/\/speyer24news.com\/wp-content\/uploads\/2020\/02\/coronavirus-4810201_1920-300x200.jpg 300w, https:\/\/speyer24news.com\/wp-content\/uploads\/2020\/02\/coronavirus-4810201_1920-768x512.jpg 768w\" sizes=\"(max-width: 800px) 100vw, 800px\" \/><\/figure><\/div>\n\n\n<h3 class=\"wp-block-heading\">Datenstand vom 11.08.2022, 14:10 Uhr<\/h3>\n\n\n\n<p>Die Fallzahlen zum Coronavirus in Rheinland-Pfalz: Seit dem letzten Berichtstag gibt es 3.381 neue best\u00e4tigte Corona-F\u00e4lle, 10 weitere Personen sind im Zusammenhang mit einer Infektion gestorben. Die landesweite 7-Tages-Inzidenz betr\u00e4gt 338,3 pro 100.000 Einwohner (vor einer Woche: 419,8). Die landesweite 7-Tages-Hospitalisierungsinzidenz betr\u00e4gt 4,40 pro 100.000 Einwohner (vor einer Woche: 6,04).<\/p>\n\n\n\n<figure class=\"wp-block-table\"><table><tbody><tr><td><strong>Kreis, Stand 11.8.2022<\/strong><\/td><td><strong>Laborbest\u00e4tigt, seit Beginn der Pandemie<\/strong><\/td><td><strong>Neue Meldef\u00e4lle<\/strong><\/td><td><strong>Inzidenz der letzten 7-Tage pro 100.000<sup>C<\/sup><\/strong><\/td><td><strong>Landkreis<\/strong><\/td><td><\/td><\/tr><tr><td><strong>Gesamt<\/strong><\/td><td><strong>Differenz zum<br>vorherigen Berichtstag<\/strong><\/td><td><strong>Hospitali-siert<\/strong><\/td><td><strong>Verstor-ben<\/strong><\/td><td><strong>Genesen<sup>A<\/sup><\/strong><\/td><td><strong>aktuelle F\u00e4lle<sup>B<\/sup><\/strong><\/td><td><strong>Letzte<br>7 Tage<\/strong><\/td><td><strong>Gleicher Zeitraum Vorwoche<\/strong><\/td><td><strong>Rheinland-Pfalz<\/strong><\/td><td><strong>+USAF<sup>D<\/sup><\/strong><\/td><td><strong>&lt;20 Jahre<\/strong><\/td><td><strong>20-59 Jahre<sup>E<\/sup><\/strong><\/td><td><strong>\u2265 60 Jahre<\/strong><\/td><td><strong>Hospitali-sierung<sup>F<\/sup>&nbsp;in RLP+USAF<sup>D<\/sup><\/strong><\/td><td><\/td><\/tr><tr><td><\/td><\/tr><tr><td>Ahrweiler<\/td><td>38261<\/td><td>44<\/td><td>795<\/td><td>108<\/td><td>36627<\/td><td>1526<\/td><td>247<\/td><td>391<\/td><td>189,3<\/td><td>189,3<\/td><td>61,5<\/td><td>254,3<\/td><td>158,8<\/td><td>4,40<\/td><td>Ahrweiler<\/td><td><\/td><\/tr><tr><td>Altenkirchen<\/td><td>41612<\/td><td>53<\/td><td>998<\/td><td>153<\/td><td>39371<\/td><td>2088<\/td><td>405<\/td><td>464<\/td><td>313,7<\/td><td>313,7<\/td><td>141,5<\/td><td>403,5<\/td><td>269,1<\/td><td>4,40<\/td><td>Altenkirchen<\/td><td><\/td><\/tr><tr><td>Alzey-Worms<\/td><td>45342<\/td><td>114<\/td><td>1115<\/td><td>213<\/td><td>41953<\/td><td>3176<\/td><td>538<\/td><td>667<\/td><td>411,6<\/td><td>411,5<\/td><td>269,4<\/td><td>495,6<\/td><td>355,7<\/td><td>4,40<\/td><td>Alzey-Worms<\/td><td><\/td><\/tr><tr><td>Bad D\u00fcrkheim<\/td><td>41875<\/td><td>439<\/td><td>936<\/td><td>234<\/td><td>38987<\/td><td>2654<\/td><td>471<\/td><td>526<\/td><td>354,1<\/td><td>354,1<\/td><td>237,6<\/td><td>443,7<\/td><td>280,7<\/td><td>4,40<\/td><td>Bad D\u00fcrkheim<\/td><td><\/td><\/tr><tr><td>Bad Kreuznach<\/td><td>60682<\/td><td>108<\/td><td>661<\/td><td>215<\/td><td>56545<\/td><td>3922<\/td><td>677<\/td><td>894<\/td><td>426,5<\/td><td>426,4<\/td><td>168,6<\/td><td>564,2<\/td><td>357,3<\/td><td>4,40<\/td><td>Bad Kreuznach<\/td><td><\/td><\/tr><tr><td>Bernkastel-Wittlich<\/td><td>34116<\/td><td>76<\/td><td>846<\/td><td>122<\/td><td>32212<\/td><td>1782<\/td><td>332<\/td><td>424<\/td><td>294,6<\/td><td>290,4<\/td><td>102,7<\/td><td>419,3<\/td><td>204,3<\/td><td>4,40<\/td><td>Bernkastel-Wittlich<\/td><td><\/td><\/tr><tr><td>Birkenfeld<\/td><td>28546<\/td><td>111<\/td><td>595<\/td><td>154<\/td><td>26602<\/td><td>1790<\/td><td>290<\/td><td>333<\/td><td>358,8<\/td><td>348,3<\/td><td>145,1<\/td><td>453,3<\/td><td>334,0<\/td><td>4,40<\/td><td>Birkenfeld<\/td><td><\/td><\/tr><tr><td>Bitburg-Pr\u00fcm<\/td><td>28523<\/td><td>54<\/td><td>515<\/td><td>60<\/td><td>27129<\/td><td>1334<\/td><td>254<\/td><td>266<\/td><td>253,9<\/td><td>245,9<\/td><td>95,7<\/td><td>331,7<\/td><td>215,4<\/td><td>4,40<\/td><td>Bitburg-Pr\u00fcm<\/td><td><\/td><\/tr><tr><td>Cochem-Zell<\/td><td>20711<\/td><td>25<\/td><td>335<\/td><td>103<\/td><td>19627<\/td><td>981<\/td><td>166<\/td><td>166<\/td><td>269,6<\/td><td>269,4<\/td><td>133,5<\/td><td>368,8<\/td><td>190,7<\/td><td>4,40<\/td><td>Cochem-Zell<\/td><td><\/td><\/tr><tr><td>Donnersbergkreis<\/td><td>27212<\/td><td>54<\/td><td>496<\/td><td>122<\/td><td>25578<\/td><td>1512<\/td><td>305<\/td><td>426<\/td><td>403,8<\/td><td>399,9<\/td><td>120,9<\/td><td>510,9<\/td><td>399,0<\/td><td>4,40<\/td><td>Donnersbergkreis<\/td><td><\/td><\/tr><tr><td>Germersheim<\/td><td>50113<\/td><td>64<\/td><td>1080<\/td><td>214<\/td><td>48412<\/td><td>1487<\/td><td>438<\/td><td>429<\/td><td>339,5<\/td><td>339,5<\/td><td>182,5<\/td><td>449,8<\/td><td>239,5<\/td><td>4,40<\/td><td>Germersheim<\/td><td><\/td><\/tr><tr><td>Kaiserslautern<\/td><td>46131<\/td><td>117<\/td><td>715<\/td><td>172<\/td><td>42683<\/td><td>3276<\/td><td>608<\/td><td>827<\/td><td>571,9<\/td><td>491,4<\/td><td>306,3<\/td><td>787,3<\/td><td>393,7<\/td><td>4,40<\/td><td>Kaiserslautern<\/td><td><\/td><\/tr><tr><td>Kusel<\/td><td>23198<\/td><td>36<\/td><td>447<\/td><td>117<\/td><td>21564<\/td><td>1517<\/td><td>220<\/td><td>340<\/td><td>313,8<\/td><td>297,8<\/td><td>203,6<\/td><td>390,1<\/td><td>259,9<\/td><td>4,40<\/td><td>Kusel<\/td><td><\/td><\/tr><tr><td>Mainz-Bingen<\/td><td>76879<\/td><td>137<\/td><td>1179<\/td><td>299<\/td><td>71589<\/td><td>4991<\/td><td>882<\/td><td>1085<\/td><td>417,0<\/td><td>416,7<\/td><td>239,0<\/td><td>523,2<\/td><td>347,0<\/td><td>4,40<\/td><td>Mainz-Bingen<\/td><td><\/td><\/tr><tr><td>Mayen-Koblenz<\/td><td>75881<\/td><td>146<\/td><td>1084<\/td><td>240<\/td><td>72035<\/td><td>3606<\/td><td>611<\/td><td>832<\/td><td>284,5<\/td><td>284,5<\/td><td>196,7<\/td><td>394,8<\/td><td>149,9<\/td><td>4,40<\/td><td>Mayen-Koblenz<\/td><td><\/td><\/tr><tr><td>Neuwied<\/td><td>55378<\/td><td>78<\/td><td>701<\/td><td>266<\/td><td>52605<\/td><td>2507<\/td><td>413<\/td><td>528<\/td><td>225,5<\/td><td>225,5<\/td><td>91,2<\/td><td>294,9<\/td><td>194,7<\/td><td>4,40<\/td><td>Neuwied<\/td><td><\/td><\/tr><tr><td>Rhein-Hunsr\u00fcck<\/td><td>37603<\/td><td>82<\/td><td>653<\/td><td>141<\/td><td>35253<\/td><td>2209<\/td><td>459<\/td><td>492<\/td><td>443,9<\/td><td>443,9<\/td><td>244,3<\/td><td>560,9<\/td><td>372,2<\/td><td>4,40<\/td><td>Rhein-Hunsr\u00fcck<\/td><td><\/td><\/tr><tr><td>Rhein-Lahn-Kreis<\/td><td>39201<\/td><td>93<\/td><td>754<\/td><td>123<\/td><td>36734<\/td><td>2344<\/td><td>358<\/td><td>552<\/td><td>292,1<\/td><td>292,1<\/td><td>150,1<\/td><td>388,2<\/td><td>219,3<\/td><td>4,40<\/td><td>Rhein-Lahn-Kreis<\/td><td><\/td><\/tr><tr><td>Rhein-Pfalz-Kreis<\/td><td>50990<\/td><td>89<\/td><td>849<\/td><td>293<\/td><td>48259<\/td><td>2438<\/td><td>384<\/td><td>447<\/td><td>248,1<\/td><td>248,1<\/td><td>137,4<\/td><td>323,6<\/td><td>191,7<\/td><td>4,40<\/td><td>Rhein-Pfalz-Kreis<\/td><td><\/td><\/tr><tr><td>S\u00fcdliche Weinstr.<\/td><td>37465<\/td><td>61<\/td><td>943<\/td><td>186<\/td><td>36021<\/td><td>1258<\/td><td>243<\/td><td>405<\/td><td>219,3<\/td><td>219,3<\/td><td>127,6<\/td><td>281,3<\/td><td>172,4<\/td><td>4,40<\/td><td>S\u00fcdliche Weinstr.<\/td><td><\/td><\/tr><tr><td>S\u00fcdwestpfalz<\/td><td>30328<\/td><td>116<\/td><td>638<\/td><td>146<\/td><td>27937<\/td><td>2245<\/td><td>443<\/td><td>519<\/td><td>466,7<\/td><td>461,0<\/td><td>234,8<\/td><td>651,2<\/td><td>313,1<\/td><td>4,40<\/td><td>S\u00fcdwestpfalz<\/td><td><\/td><\/tr><tr><td>Trier-Saarburg<\/td><td>48104<\/td><td>231<\/td><td>586<\/td><td>136<\/td><td>45347<\/td><td>2621<\/td><td>565<\/td><td>552<\/td><td>375,3<\/td><td>375,0<\/td><td>252,2<\/td><td>501,1<\/td><td>228,3<\/td><td>4,40<\/td><td>Trier-Saarburg<\/td><td><\/td><\/tr><tr><td>Vulkaneifel<\/td><td>24304<\/td><td>34<\/td><td>289<\/td><td>95<\/td><td>22901<\/td><td>1308<\/td><td>202<\/td><td>300<\/td><td>333,9<\/td><td>333,9<\/td><td>145,8<\/td><td>437,1<\/td><td>276,8<\/td><td>4,40<\/td><td>Vulkaneifel<\/td><td><\/td><\/tr><tr><td>Westerwaldkreis<\/td><td>72235<\/td><td>147<\/td><td>1492<\/td><td>244<\/td><td>69557<\/td><td>2434<\/td><td>762<\/td><td>826<\/td><td>375,7<\/td><td>375,7<\/td><td>224,5<\/td><td>442,3<\/td><td>354,9<\/td><td>4,40<\/td><td>Westerwaldkreis<\/td><td><\/td><\/tr><tr><td>KS Frankenthal<\/td><td>16666<\/td><td>19<\/td><td>296<\/td><td>91<\/td><td>15753<\/td><td>822<\/td><td>128<\/td><td>148<\/td><td>262,6<\/td><td>262,6<\/td><td>118,5<\/td><td>345,9<\/td><td>212,3<\/td><td>4,40<\/td><td>KS Frankenthal<\/td><td><\/td><\/tr><tr><td>KS Kaiserslautern<\/td><td>36875<\/td><td>92<\/td><td>840<\/td><td>239<\/td><td>34150<\/td><td>2486<\/td><td>436<\/td><td>581<\/td><td>437,5<\/td><td>410,7<\/td><td>264,7<\/td><td>544,7<\/td><td>327,0<\/td><td>4,40<\/td><td>KS Kaiserslautern<\/td><td><\/td><\/tr><tr><td>KS Koblenz<\/td><td>41039<\/td><td>67<\/td><td>519<\/td><td>189<\/td><td>38880<\/td><td>1970<\/td><td>345<\/td><td>446<\/td><td>304,3<\/td><td>304,3<\/td><td>105,6<\/td><td>405,0<\/td><td>225,2<\/td><td>4,40<\/td><td>KS Koblenz<\/td><td><\/td><\/tr><tr><td>KS Landau i.d.Pf.<\/td><td>16478<\/td><td>27<\/td><td>474<\/td><td>70<\/td><td>15898<\/td><td>510<\/td><td>104<\/td><td>168<\/td><td>222,8<\/td><td>222,8<\/td><td>198,0<\/td><td>254,9<\/td><td>170,5<\/td><td>4,40<\/td><td>KS Landau i.d.Pf.<\/td><td><\/td><\/tr><tr><td>KS Ludwigshafen<\/td><td>58852<\/td><td>57<\/td><td>1332<\/td><td>443<\/td><td>56088<\/td><td>2321<\/td><td>398<\/td><td>437<\/td><td>230,6<\/td><td>230,6<\/td><td>84,5<\/td><td>271,0<\/td><td>262,9<\/td><td>4,40<\/td><td>KS Ludwigshafen<\/td><td><\/td><\/tr><tr><td>KS Mainz<\/td><td>82219<\/td><td>97<\/td><td>1479<\/td><td>262<\/td><td>77397<\/td><td>4560<\/td><td>782<\/td><td>1132<\/td><td>360,2<\/td><td>359,9<\/td><td>209,5<\/td><td>428,8<\/td><td>291,3<\/td><td>4,40<\/td><td>KS Mainz<\/td><td><\/td><\/tr><tr><td>KS Neustadt a.d.W.<\/td><td>18303<\/td><td>201<\/td><td>475<\/td><td>67<\/td><td>17038<\/td><td>1198<\/td><td>214<\/td><td>180<\/td><td>401,5<\/td><td>401,4<\/td><td>198,8<\/td><td>490,8<\/td><td>377,9<\/td><td>4,40<\/td><td>KS Neustadt a.d.W.<\/td><td><\/td><\/tr><tr><td>KS Pirmasens<\/td><td>12377<\/td><td>47<\/td><td>381<\/td><td>102<\/td><td>11512<\/td><td>763<\/td><td>142<\/td><td>173<\/td><td>353,4<\/td><td>353,3<\/td><td>230,7<\/td><td>493,2<\/td><td>213,7<\/td><td>4,40<\/td><td>KS Pirmasens<\/td><td><\/td><\/tr><tr><td>KS Speyer<\/td><td>19594<\/td><td>22<\/td><td>384<\/td><td>122<\/td><td>18467<\/td><td>1005<\/td><td>104<\/td><td>201<\/td><td>205,0<\/td><td>204,9<\/td><td>98,7<\/td><td>263,6<\/td><td>168,4<\/td><td>4,40<\/td><td>KS Speyer<\/td><td><\/td><\/tr><tr><td>KS Trier<\/td><td>35617<\/td><td>159<\/td><td>369<\/td><td>60<\/td><td>33686<\/td><td>1871<\/td><td>435<\/td><td>399<\/td><td>393,0<\/td><td>392,9<\/td><td>245,4<\/td><td>470,5<\/td><td>303,9<\/td><td>4,40<\/td><td>KS Trier<\/td><td><\/td><\/tr><tr><td>KS Worms<\/td><td>31400<\/td><td>45<\/td><td>935<\/td><td>159<\/td><td>29285<\/td><td>1956<\/td><td>305<\/td><td>395<\/td><td>365,4<\/td><td>365,4<\/td><td>197,2<\/td><td>489,0<\/td><td>249,3<\/td><td>4,40<\/td><td>KS Worms<\/td><td><\/td><\/tr><tr><td>KS Zweibr\u00fccken<\/td><td>11422<\/td><td>39<\/td><td>245<\/td><td>29<\/td><td>10458<\/td><td>935<\/td><td>197<\/td><td>255<\/td><td>579,4<\/td><td>579,1<\/td><td>233,7<\/td><td>733,6<\/td><td>523,4<\/td><td>4,40<\/td><td>KS Zweibr\u00fccken<\/td><td><\/td><\/tr><tr><td><strong>Rheinland-Pfalz<\/strong><\/td><td><strong>1415532<\/strong><\/td><td><strong>3381<\/strong><\/td><td><strong>26431<\/strong><\/td><td><strong>5989<\/strong><\/td><td><strong>1334140 #<\/strong><\/td><td><strong>75403<\/strong><\/td><td><strong>13863<\/strong><\/td><td><strong>17206<\/strong><\/td><td><strong>338,3<\/strong><\/td><td><strong>335,2<\/strong><\/td><td><strong>178,8<\/strong><\/td><td><strong>434,2<\/strong><\/td><td><strong>268,7<\/strong><\/td><td><strong>4,40<\/strong><\/td><td><strong>Rheinland-Pfalz<\/strong><\/td><td><\/td><\/tr><\/tbody><\/table><\/figure>\n\n\n\n<h4 class=\"wp-block-heading\">Anmerkungen zur Tabelle<\/h4>\n\n\n\n<p>Dargestellt sind ausschlie\u00dflich mittels PCR laborbest\u00e4tigte Meldef\u00e4lle.<\/p>\n\n\n\n<p><sup>A<\/sup>&nbsp;Genesen wurde wie folgt definiert:<\/p>\n\n\n\n<p>a) nicht-verstorben, nicht-hospitalisiert und vor mehr als 21 Tagen ab Datenstichtag erkrankt<\/p>\n\n\n\n<p>b) nicht-verstorben, hospitalisiert gemeldet und vor mehr als 28 Tagen ab Datenstichtag erkrankt<\/p>\n\n\n\n<p>c) nicht-verstorben, Hospitalisierung unbekannt und vor mehr als 28 ab Datenstichtag Tagen erkrankt<\/p>\n\n\n\n<p>Sofern kein Erkrankungsdatum vorliegt, wird das gesch\u00e4tzte Erkrankungsdatum aus Meldedatum minus mittlerem Meldeverzug von derzeit 5 Tagen verwendet.<\/p>\n\n\n\n<p><sup>B<\/sup>&nbsp;Errechnet als Differenz aus Gesamtzahl der laborbest\u00e4tigten F\u00e4lle, Verstorbenen und Genesenen.<\/p>\n\n\n\n<p><sup>C<\/sup>&nbsp;COVID-19 Erkrankungen mit Meldedatum der letzten 7 Tage ab Datenstichtag, pro 100.000 Einwohner. Bitte beachten Sie, dass die Gesamtinzidenz der Meldungen in den letzten 7 Tagen f\u00fcr Rheinland-Pfalz \/100.000 Einwohner das mit der Bev\u00f6lkerungszahl der Gebietseinheit gewichtete Mittel und&nbsp;nicht&nbsp;deren arithmetisches Mittel ist.<\/p>\n\n\n\n<p><sup>D<\/sup>&nbsp;USAF = U.S. Armed Forces; Berechnung der Inzidenz \/100.000 unter Ber\u00fccksichtigung der mit Stand vom 18.10.2021 in der Gebietseinheit stationierten U.S. Streitkr\u00e4fte<\/p>\n\n\n\n<p><sup>E<\/sup>&nbsp;beinhaltet &lt;1% F\u00e4lle ohne Altersangabe<\/p>\n\n\n\n<p><sup>F<\/sup>&nbsp;F\u00fcr die 7-Tage-Hospitalisierungsinzidenz (Schutzwert) wird ein landesweiter Wert berichtet. Die 7-Tages-Hospitalisierungsinzidenz bestimmt sich nach der Zahl der Hospitalisierungen unter den SARS-CoV-2-F\u00e4llen mit Meldedatum innerhalb der letzten 7 Tage je 100.000 Einwohnerinnen und Einwohner im Land Rheinland-Pfalz. Eine Hospitalisierung ist die station\u00e4re Aufnahme in ein Akutkrankenhaus aufgrund von COVID-19, unbekannter oder anderer bekannter Ursache.<\/p>\n\n\n\n<p># Die Summe der in Rheinland-Pfalz bereits von COVID-19 Genesenen kann aufgrund eines unterschiedlichen Datenstandes und Bewertungsalgorithmus von der auf dem RKI-Dashboard abweichen.<\/p>\n\n\n\n<p>KS = kreisfreie Stadt<\/p>\n\n\n\n<h4 class=\"wp-block-heading\">SARS-CoV-2-Varianten<\/h4>\n\n\n\n<p>Bundesweite Informationen zu besorgniserregenden Virusvarianten (Variants of Concern) finden Sie im&nbsp;<a href=\"https:\/\/deref-web.de\/mail\/client\/QF3X2jIxwus\/dereferrer\/?redirectUrl=https%3A%2F%2Fwww.rki.de%2FDE%2FContent%2FInfAZ%2FN%2FNeuartiges_Coronavirus%2FSituationsberichte%2FGesamt.html\">Wochenbericht des Robert Koch-Instituts<\/a>.<\/p>\n\n\n\n<h4 class=\"wp-block-heading\">Corona-Lage in Rheinland-Pfalz<\/h4>\n\n\n\n<p>Weitere Informationen und Rechtsgrundlagen finden Sie auf der zentralen Info-Plattform der rheinland-pf\u00e4lzischen Landesregierung unter&nbsp;<a href=\"https:\/\/deref-web.de\/mail\/client\/mYcRR1-0G30\/dereferrer\/?redirectUrl=http%3A%2F%2Fwww.corona.rlp.de\">www.corona.rlp.de<\/a>.<\/p>\n\n\n\n<h4 class=\"wp-block-heading\">Weitere rheinland-pf\u00e4lzische Meldedaten zur Corona-Pandemie<\/h4>\n\n\n\n<p>Weitere rheinland-pf\u00e4lzische Meldedaten zum Coronavirus finden Sie auf der&nbsp;<a href=\"https:\/\/deref-web.de\/mail\/client\/m99BDoeWtsI\/dereferrer\/?redirectUrl=https%3A%2F%2Flua.rlp.de%2Fde%2Funsere-themen%2Finfektionsschutz%2Fmeldedaten-coronavirus%2F\">Homepage des LUA<\/a>.<\/p>\n\n\n\n<p><em>Landesuntersuchungsamt (LUA) Rheinland-Pfalz<br>11.08.2022<\/em><\/p>\n\n\n\n<h2 class=\"wp-block-heading\">Aktueller COVID-19-Wochenbericht f\u00fcr Rheinland-Pfalz jetzt online<\/h2>\n\n\n<div class=\"wp-block-image\">\n<figure class=\"aligncenter\"><img decoding=\"async\" loading=\"lazy\" width=\"800\" height=\"450\" src=\"https:\/\/speyer24news.com\/wp-content\/uploads\/2020\/06\/Statistik4.jpg\" alt=\"\" class=\"wp-image-27703\" srcset=\"https:\/\/speyer24news.com\/wp-content\/uploads\/2020\/06\/Statistik4.jpg 800w, https:\/\/speyer24news.com\/wp-content\/uploads\/2020\/06\/Statistik4-300x169.jpg 300w, https:\/\/speyer24news.com\/wp-content\/uploads\/2020\/06\/Statistik4-768x432.jpg 768w, https:\/\/speyer24news.com\/wp-content\/uploads\/2020\/06\/Statistik4-678x381.jpg 678w\" sizes=\"(max-width: 800px) 100vw, 800px\" \/><\/figure><\/div>\n\n\n<p>Der neue COVID-19-Wochenbericht des Landesuntersuchungsamtes (LUA) f\u00fcr die 32. Kalenderwoche des Jahres 2022 ist online. Der Bericht soll dazu beitragen, die Corona-Lage in Rheinland-Pfalz differenziert bewerten zu k\u00f6nnen. Er schl\u00fcsselt die von den rheinland-pf\u00e4lzischen Gesundheits\u00e4mtern erfassten und \u00fcbermittelten Corona-F\u00e4lle beispielsweise nach Altersgruppen auf; au\u00dferdem unterscheidet er die F\u00e4lle danach, ob Personen \u201emit\u201c oder \u201eaufgrund von\u201c Corona ins Krankenhaus eingeliefert wurden oder verstorben sind.<\/p>\n\n\n\n<p>Die COVID-19-Wochenberichte f\u00fcr Rheinland-Pfalz&nbsp;<strong><a href=\"https:\/\/deref-web.de\/mail\/client\/Pmx_XaPsk74\/dereferrer\/?redirectUrl=https%3A%2F%2Flua.rlp.de%2Fde%2Funsere-themen%2Finfektionsschutz%2Fmeldedaten-coronavirus%2Fcovid-19-wochenberichte%2F\" target=\"_blank\" rel=\"noreferrer noopener\">finden Sie hier auf der Homepage<\/a><\/strong>.<\/p>\n\n\n\n<p><em>Landesuntersuchungsamt (LUA) Rheinland-Pfalz<br>11.08.2022<\/em><\/p>\n","protected":false},"excerpt":{"rendered":"<div class=\"mh-excerpt\"><p>Tagesaktuelle Fallzahlen f\u00fcr die Stadt Speyer (Quelle: Landesuntersuchungsamt Rheinland-Pfalz,&nbsp;Stand: 11.08.2022) Anzahl best\u00e4tigter F\u00e4lle von Coronavirus (SARS-CoV-2)-Infektionen in der Stadt Speyer:\u00a019.594 (+ 22)Davon bereits genesen:\u00a018.467Todesf\u00e4lle: 122 (keine Ver\u00e4nderung)Sieben-Tage-Inzidenz\u00a0(Gemeldete F\u00e4lle der letzten sieben Tage pro 100.000 Einwohner*innen <a class=\"mh-excerpt-more\" href=\"https:\/\/speyer24news.com\/?p=48008\" title=\"Coronavirus Speyer \/ Rheinland-Pfalz\">[&#8230;]<\/a><\/p>\n<\/div>","protected":false},"author":3,"featured_media":25126,"comment_status":"open","ping_status":"open","sticky":false,"template":"","format":"standard","meta":{"_monsterinsights_skip_tracking":false,"_monsterinsights_sitenote_active":false,"_monsterinsights_sitenote_note":"","_monsterinsights_sitenote_category":0,"footnotes":""},"categories":[11613],"tags":[6401,8140,9951,10288,8404,10039,6902,6648,6367,8600,11658,6940,6913,9887,7076,9941,7400,8739,6359,6370,5904,6323,6358,9746,9545,7003,9889,5801,9616,6903,9745,7252,7251,6342,7399,6836,6837,13428,13612,13448,6832,8139,6681,9379,13427,210,58,5569,2865,2625,6424,6,359],"aioseo_notices":[],"amp_enabled":true,"_links":{"self":[{"href":"https:\/\/speyer24news.com\/index.php?rest_route=\/wp\/v2\/posts\/48008"}],"collection":[{"href":"https:\/\/speyer24news.com\/index.php?rest_route=\/wp\/v2\/posts"}],"about":[{"href":"https:\/\/speyer24news.com\/index.php?rest_route=\/wp\/v2\/types\/post"}],"author":[{"embeddable":true,"href":"https:\/\/speyer24news.com\/index.php?rest_route=\/wp\/v2\/users\/3"}],"replies":[{"embeddable":true,"href":"https:\/\/speyer24news.com\/index.php?rest_route=%2Fwp%2Fv2%2Fcomments&post=48008"}],"version-history":[{"count":2,"href":"https:\/\/speyer24news.com\/index.php?rest_route=\/wp\/v2\/posts\/48008\/revisions"}],"predecessor-version":[{"id":48018,"href":"https:\/\/speyer24news.com\/index.php?rest_route=\/wp\/v2\/posts\/48008\/revisions\/48018"}],"wp:featuredmedia":[{"embeddable":true,"href":"https:\/\/speyer24news.com\/index.php?rest_route=\/wp\/v2\/media\/25126"}],"wp:attachment":[{"href":"https:\/\/speyer24news.com\/index.php?rest_route=%2Fwp%2Fv2%2Fmedia&parent=48008"}],"wp:term":[{"taxonomy":"category","embeddable":true,"href":"https:\/\/speyer24news.com\/index.php?rest_route=%2Fwp%2Fv2%2Fcategories&post=48008"},{"taxonomy":"post_tag","embeddable":true,"href":"https:\/\/speyer24news.com\/index.php?rest_route=%2Fwp%2Fv2%2Ftags&post=48008"}],"curies":[{"name":"wp","href":"https:\/\/api.w.org\/{rel}","templated":true}]}}