{"id":48010,"date":"2022-08-11T12:58:56","date_gmt":"2022-08-11T11:58:56","guid":{"rendered":"https:\/\/speyer24news.com\/?p=48010"},"modified":"2022-08-11T13:19:21","modified_gmt":"2022-08-11T12:19:21","slug":"geschwindigkeitskontrollen-blitzer-kw-33-15-08-21-08-22","status":"publish","type":"post","link":"https:\/\/speyer24news.com\/?p=48010","title":{"rendered":"Geschwindigkeitskontrollen \/ Blitzer KW 33 (15.08. \u2013 21.08.22)"},"content":{"rendered":"<style type=\"text\/css\">\r\n\t.ads_top_disp{}\r\n\t.ads_top_corner_disp{ float:left; margin:0px 10px 10px 0px; }\r\n\t.ads_first_p_disp{}\r\n\t.ads_bottom_disp{}\r\n\t<\/style>\n<h2 class=\"wp-block-heading\">Geschwindigkeitskontrollen f\u00fcr die Woche vom 15. bis 19. August<\/h2>\n\n\n<div class=\"wp-block-image\">\n<figure class=\"aligncenter\"><img decoding=\"async\" loading=\"lazy\" width=\"640\" height=\"497\" src=\"https:\/\/speyer24news.com\/wp-content\/uploads\/2020\/12\/Blitzer-2.jpg\" alt=\"\" class=\"wp-image-31937\" srcset=\"https:\/\/speyer24news.com\/wp-content\/uploads\/2020\/12\/Blitzer-2.jpg 640w, https:\/\/speyer24news.com\/wp-content\/uploads\/2020\/12\/Blitzer-2-300x233.jpg 300w\" sizes=\"(max-width: 640px) 100vw, 640px\" \/><\/figure><\/div>\n\n\n<p><strong>(Mannheim) \u2013&nbsp;<\/strong>Die Stadt Mannheim f\u00fchrt vom 15. bis 19. August in folgenden Stra\u00dfen mobile Geschwindigkeitskontrollen durch:<\/p>\n\n\n\n<ul><li><strong>Badener Stra\u00dfe<\/strong><\/li><li><strong>Badenweilerstra\u00dfe (Spielstra\u00dfe)<\/strong><\/li><li><strong>B\u00e4ckerweg<\/strong><\/li><li><strong>Eberswalder Weg<\/strong><\/li><li><strong>Gutenbergstra\u00dfe<\/strong><\/li><li><strong>James-Monroe-Ring<\/strong><\/li><li><strong>Kolmarer Stra\u00dfe<\/strong><\/li><li><strong>Mannheimer Stra\u00dfe<\/strong><\/li><li><strong>Neckarhauser Stra\u00dfe<\/strong><\/li><li><strong>Offenburger Stra\u00dfe<\/strong><\/li><li><strong>Pommernstra\u00dfe<\/strong><\/li><li><strong>Rastatter Stra\u00dfe<\/strong><\/li><li><strong>R\u00fcdesheimer Stra\u00dfe<\/strong><\/li><li><strong>Sachsenstra\u00dfe<\/strong><\/li><li><strong>Sonnenschein<\/strong><\/li><li><strong>Wallonenstra\u00dfe<\/strong><\/li><\/ul>\n\n\n\n<p>Kurzfristige \u00c4nderungen oder zus\u00e4tzliche Messstellen sind aus aktuellem Anlass m\u00f6glich.<\/p>\n\n\n\n<p><em>Stadt Mannheim<br>11.08.2022<\/em><\/p>\n\n\n\n<h2 class=\"wp-block-heading\">Radarkontrollen f\u00fcr die Woche vom 15. August bis 21. August 2022<\/h2>\n\n\n<div class=\"wp-block-image\">\n<figure class=\"aligncenter\"><img decoding=\"async\" loading=\"lazy\" width=\"800\" height=\"600\" src=\"https:\/\/speyer24news.com\/wp-content\/uploads\/2020\/03\/Blitzer-1.jpg\" alt=\"\" class=\"wp-image-25724\" srcset=\"https:\/\/speyer24news.com\/wp-content\/uploads\/2020\/03\/Blitzer-1.jpg 800w, https:\/\/speyer24news.com\/wp-content\/uploads\/2020\/03\/Blitzer-1-300x225.jpg 300w, https:\/\/speyer24news.com\/wp-content\/uploads\/2020\/03\/Blitzer-1-768x576.jpg 768w, https:\/\/speyer24news.com\/wp-content\/uploads\/2020\/03\/Blitzer-1-678x509.jpg 678w, https:\/\/speyer24news.com\/wp-content\/uploads\/2020\/03\/Blitzer-1-326x245.jpg 326w, https:\/\/speyer24news.com\/wp-content\/uploads\/2020\/03\/Blitzer-1-80x60.jpg 80w\" sizes=\"(max-width: 800px) 100vw, 800px\" \/><\/figure><\/div>\n\n\n<p><strong>(Ludwigshafen) \u2013&nbsp;<\/strong>Die Stadt Ludwigshafen nimmt in folgenden Stadtteilen Radarkontrollen vor.<\/p>\n\n\n\n<ul><li><strong>Montag, 15. August: Pfingstweide, Oppau und Oggersheim<\/strong><\/li><li><strong>Dienstag, 16. August: Rheing\u00f6nheim, Friesenheim und S\u00fcd<\/strong><\/li><li><strong>Mittwoch, 17. August: Mundenheim, Mitte und Nord<\/strong><\/li><li><strong>Donnerstag, 18. August: Friesenheim, Edigheim und West<\/strong><\/li><li><strong>Freitag, 19. August: Mundenheim, Gartenstadt und Maudach<\/strong><\/li><li><strong>Samstag, 20. August: Oggersheim, Ruchheim und Oppau<\/strong><\/li><\/ul>\n\n\n\n<p>Kurzfristige \u00c4nderungen beh\u00e4lt sich der Bereich Stra\u00dfenverkehr vor. Kontrollen k\u00f6nnen auch kurzfristig an anderen Stellen stattfinden.<\/p>\n\n\n\n<p><em>Stadt Ludwigshafen am Rhein<br>11.08.2022<\/em><\/p>\n\n\n\n<h2 class=\"wp-block-heading\">Start der mobilen Geschwindigkeits\u00fcberwachung<\/h2>\n\n\n<div class=\"wp-block-image\">\n<figure class=\"aligncenter size-full\"><img decoding=\"async\" loading=\"lazy\" width=\"800\" height=\"570\" src=\"https:\/\/speyer24news.com\/wp-content\/uploads\/2022\/05\/003.jpg\" alt=\"\" class=\"wp-image-45871\" srcset=\"https:\/\/speyer24news.com\/wp-content\/uploads\/2022\/05\/003.jpg 800w, https:\/\/speyer24news.com\/wp-content\/uploads\/2022\/05\/003-300x214.jpg 300w, https:\/\/speyer24news.com\/wp-content\/uploads\/2022\/05\/003-768x547.jpg 768w\" sizes=\"(max-width: 800px) 100vw, 800px\" \/><\/figure><\/div>\n\n\n<p><strong>(Rhein-Pfalz-Kreis) &#8211; <\/strong>Dem Rhein-Pfalz-Kreis wurde im letzten Jahr die Aufgabe der Geschwindigkeits\u00fcberwachung im inner\u00f6rtlichen Bereich nach dem Stra\u00dfenverkehrsrecht \u00fcbertragen. Seitdem bereitet sich die Kreisverwaltung Rhein-Pfalz-Kreis organisatorisch und personell auf die neue Aufgabe vor. Ab n\u00e4chster Woche wird es ernst und der \u201eBlitzer\u201c wird im Bereich von Gefahrenstellen aufgebaut, um den Stra\u00dfenverkehr sicherer zu machen.<\/p>\n\n\n\n<p>Die Geschwindigkeits\u00fcberwachung dient dem Ziel, die Unfallgefahr wegen \u00fcberh\u00f6hter Geschwindigkeit an Gefahrenstellen zu verringern. Gefahrenstellen sind Unfallh\u00e4ufungsstellen und solche Streckenabschnitte, auf denen eine erh\u00f6hte Unfallgefahr angenommen werden muss, wie zum Beispiel in unmittelbarer N\u00e4he von Schulen, Spielpl\u00e4tze oder Seniorenheimen. &nbsp;Wissenschaftliche Untersuchungen haben ergeben, dass Transparenz, Ver\u00f6ffentlichung und mehr Kontrollen positive Verhaltens\u00e4nderungen bewirken, insbesondere, wenn Kontrollen angek\u00fcndigt und vorab ver\u00f6ffentlicht werden.<\/p>\n\n\n\n<p>\u201eWir freuen uns, dass wir nun die uns \u00fcbertragene Aufgabe der inner\u00f6rtlichen Geschwindigkeits\u00fcberwachung gewissenhaft \u00fcbernehmen k\u00f6nnen. Leider haben sich aufgrund der allgemeinen Lieferschwierigkeiten zeitliche Verz\u00f6gerungen ergeben, die den Start der \u00dcberwachung nach hinten verschoben haben. Wir gehen davon aus, dass nun die Sicherheit in unseren Gemeinden mit der Geschwindigkeits\u00fcberwachung gest\u00e4rkt wird\u201c, erl\u00e4utert Landrat Clemens K\u00f6rner.<\/p>\n\n\n\n<p>Viele Voraussetzungen mussten geschaffen werden, um die neue Aufgabe wahrnehmen zu k\u00f6nnen: Einstellung und fachliche Schulung von Personal, Erfahrungen sammeln in umliegenden Kommunen, Beschaffung von Messtechnik, Software und entsprechendem Fahrzeug.<\/p>\n\n\n\n<p>Die Kreisverwaltung Rhein-Pfalz-Kreis wird k\u00fcnftig w\u00f6chentlich die aktuellen Messstellen auf ihrer Homepage unter <a href=\"http:\/\/www.rhein-pfalz.kreis.de\">www.rhein-pfalz.kreis.de<\/a> im Bereich Wirtschaft und Verkehr\/Geschwindigkeits\u00fcberwachung, einstellen. Unabh\u00e4ngig davon kontrolliert die Polizei in Eigenverantwortung an anderen Positionen.<\/p>\n\n\n\n<p>In der n\u00e4chsten Woche (15.-21. August 2022) sind Messstellen der Kreisverwaltung in folgenden Gemeinden vorgesehen: Altrip, Bobenheim-Roxheim, Dannstadt-Schauernheim, Limburgerhof, Schifferstadt, Mutterstadt, Kleinniedesheim, Gro\u00dfniedesheim, Heuchelheim, Waldsee, Neuhofen, R\u00f6dersheim-Gronau und Hochdorf-Assenheim. Um die Pr\u00e4ventivwirkung zu wahren, werden bei der Ver\u00f6ffentlichung keine weiteren detaillierten Angaben bekanntgegeben.<\/p>\n\n\n\n<p><em>Kreisverwaltung Rhein-Pfalz-Kreis<br>09.08.2022<\/em><\/p>\n\n\n\n<h2 class=\"wp-block-heading\">Kontrollwoche Geschwindigkeit<\/h2>\n\n\n<div class=\"wp-block-image\">\n<figure class=\"aligncenter\"><img decoding=\"async\" loading=\"lazy\" width=\"547\" height=\"440\" src=\"https:\/\/speyer24news.com\/wp-content\/uploads\/2019\/02\/Lasermessung_1.jpg\" alt=\"\" class=\"wp-image-5449\" srcset=\"https:\/\/speyer24news.com\/wp-content\/uploads\/2019\/02\/Lasermessung_1.jpg 547w, https:\/\/speyer24news.com\/wp-content\/uploads\/2019\/02\/Lasermessung_1-300x241.jpg 300w\" sizes=\"(max-width: 547px) 100vw, 547px\" \/><\/figure><\/div>\n\n\n<p><strong>(Pr\u00e4sidialbereich Rheinpfalz) \u2013<\/strong>\u00a0Die Reduzierung von Verkehrsunf\u00e4llen und die Minimierung von Unfallfolgen ist ein Schwerpunkt der polizeilichen Verkehrssicherheitsarbeit. Deshalb beteiligt sich das Polizeipr\u00e4sidium Rheinpfalz\u00a0<strong>vom 8. bis 14. August 2022<\/strong>\u00a0an der europaweiten Kontrollwoche zur Bek\u00e4mpfung und Verhinderung von \u00fcberh\u00f6hter Geschwindigkeit.<\/p>\n\n\n\n<p>Neben der Ahnung von Geschwindigkeitsverst\u00f6\u00dfen wollen wir durch die Verkehrskontrollen auch die Risiken von \u00fcberh\u00f6hter Geschwindigkeit im Stra\u00dfenverkehr verst\u00e4rkt ins \u00f6ffentliche Bewusstsein r\u00fccken und diese nochmals verdeutlichen. Bei den Kontrollen wollen die Polizeikr\u00e4fte deshalb auch an die Einsicht der Verkehrsteilnehmenden appellieren, niemals die zul\u00e4ssige H\u00f6chstgeschwindigkeit zu \u00fcberschreiten und die Geschwindigkeit der jeweiligen Situation anzupassen.<\/p>\n\n\n\n<p>Im Jahr 2021 kam es infolge \u00fcberh\u00f6hter oder nicht angepasster Geschwindigkeit im Polizeipr\u00e4sidium Rheinpfalz zu 1.792 Verkehrsunf\u00e4llen, davon wurden bei 451 Verkehrsunf\u00e4llen Personen verletzt. Auch wenn die Zahlen aller t\u00f6dlichen Verkehrsunf\u00e4lle (19 Get\u00f6tete im Jahr 2021) seit einigen Jahren r\u00fcckl\u00e4ufig sind, ist \u00fcberh\u00f6hte bzw. nicht angepasste Geschwindigkeit nach wie vor eine der Hauptunfallursachen. Die Verkehrsunfallstatistik 2021 mit ausf\u00fchrlichen Informationen zur Unfalllage und unseren Ma\u00dfnahmen finden Sie auf unserer Internetseite&nbsp;<a href=\"https:\/\/s.rlp.de\/hRg\">https:\/\/s.rlp.de\/hRg<\/a>.<\/p>\n\n\n\n<p>Die Verkehrs\u00fcberwachung mittels Verkehrskontrollen geh\u00f6rt zu den zentralen Aufgaben der Polizei. Die Kontrollen sind f\u00fcr die Sicherheit im Stra\u00dfenverkehr von gro\u00dfer Bedeutung und finden deshalb das ganze Jahr \u00fcber statt.<\/p>\n\n\n\n<p>Die Kontrollwoche wurde von dem europaweiten Polizeinetzwerk ROADPOL&nbsp;<a href=\"https:\/\/www.roadpol.eu\/\">www.roadpol.eu<\/a>&nbsp;koordiniert, deren Ziel es ist, die Zahl der Verkehrsunfallopfer deutlich zu senken (\u201eVision Zero\u201c).<\/p>\n\n\n\n<p><em>Polizeipr\u00e4sidium Rheinpfalz<br>01.08.2022<\/em><\/p>\n\n\n\n<h2 class=\"wp-block-heading\">Geschwindigkeitskontrollen im Pr\u00e4sidialbereich&nbsp;Rheinpfalz<\/h2>\n\n\n<div class=\"wp-block-image\">\n<figure class=\"aligncenter\"><img decoding=\"async\" loading=\"lazy\" width=\"800\" height=\"450\" src=\"https:\/\/speyer24news.com\/wp-content\/uploads\/2020\/12\/Blitzer-Logo.jpg\" alt=\"\" class=\"wp-image-31938\" srcset=\"https:\/\/speyer24news.com\/wp-content\/uploads\/2020\/12\/Blitzer-Logo.jpg 800w, https:\/\/speyer24news.com\/wp-content\/uploads\/2020\/12\/Blitzer-Logo-300x169.jpg 300w, https:\/\/speyer24news.com\/wp-content\/uploads\/2020\/12\/Blitzer-Logo-768x432.jpg 768w, https:\/\/speyer24news.com\/wp-content\/uploads\/2020\/12\/Blitzer-Logo-678x381.jpg 678w\" sizes=\"(max-width: 800px) 100vw, 800px\" \/><\/figure><\/div>\n\n\n<h4 class=\"wp-block-heading\">Im Bereich der&nbsp;<strong>Polizeidirektion Ludwigshafen<\/strong>&nbsp;finden folgende Geschwindigkeitskontrollen statt:<\/h4>\n\n\n\n<ul><li><strong>Dienstag 23.08.2022 im Bereich Mutterstadt<\/strong><\/li><li><strong>Freitag 26.08.2022 im Bereich Waldsee<\/strong><\/li><li><strong>Montag 29.08.2022 im Bereich Limburgerhof<\/strong><\/li><\/ul>\n\n\n\n<h4 class=\"wp-block-heading\">Im Bereich der&nbsp;<strong>Polizeidirektion Landau<\/strong>&nbsp;finden folgende Geschwindigkeitskontrollen statt:<\/h4>\n\n\n\n<ul><li><strong>Freitag 12.08.2022 im Bereich Bornheim<\/strong><\/li><li><strong>Montag 22.08.2022 im Bereich Silz<\/strong><\/li><li><strong>Mittwoch 31.08.2022 im Bereich D\u00f6rrenbach<\/strong><\/li><\/ul>\n\n\n\n<h4 class=\"wp-block-heading\">Im Bereich der&nbsp;<strong>Polizeidirektion Neustadt<\/strong>&nbsp;finden folgende Geschwindigkeitskontrollen statt:<\/h4>\n\n\n\n<ul><li><strong>Mittwoch 24.08.2022 im Bereich Ruppertsberg<\/strong><\/li><li><strong>Freitag 26.08.2022 im Bereich Bissersheim<\/strong><\/li><\/ul>\n\n\n\n<p>Die Polizei weist ausdr\u00fccklich darauf hin, dass Kontrollen auch au\u00dferhalb der genannten Zeiten und \u00d6rtlichkeiten stattfinden.<\/p>\n\n\n\n<p><em>Polizeipr\u00e4sidium Rheinpfalz<br>26.07.2022<\/em><\/p>\n","protected":false},"excerpt":{"rendered":"<div class=\"mh-excerpt\"><p>Geschwindigkeitskontrollen f\u00fcr die Woche vom 15. bis 19. August (Mannheim) \u2013&nbsp;Die Stadt Mannheim f\u00fchrt vom 15. bis 19. August in folgenden Stra\u00dfen mobile Geschwindigkeitskontrollen durch: Badener Stra\u00dfe Badenweilerstra\u00dfe (Spielstra\u00dfe) B\u00e4ckerweg Eberswalder Weg Gutenbergstra\u00dfe James-Monroe-Ring Kolmarer <a class=\"mh-excerpt-more\" href=\"https:\/\/speyer24news.com\/?p=48010\" title=\"Geschwindigkeitskontrollen \/ Blitzer KW 33 (15.08. \u2013 21.08.22)\">[&#8230;]<\/a><\/p>\n<\/div>","protected":false},"author":3,"featured_media":33649,"comment_status":"open","ping_status":"open","sticky":false,"template":"","format":"standard","meta":{"_monsterinsights_skip_tracking":false,"_monsterinsights_sitenote_active":false,"_monsterinsights_sitenote_note":"","_monsterinsights_sitenote_category":0,"footnotes":""},"categories":[64],"tags":[4819,4814,15144,4822,4817,15147,4820,4815,15148,15145,4821,4816,15146,153,56,7068,7004,15142,4818,4813,10894,10893,15143],"aioseo_notices":[],"amp_enabled":true,"_links":{"self":[{"href":"https:\/\/speyer24news.com\/index.php?rest_route=\/wp\/v2\/posts\/48010"}],"collection":[{"href":"https:\/\/speyer24news.com\/index.php?rest_route=\/wp\/v2\/posts"}],"about":[{"href":"https:\/\/speyer24news.com\/index.php?rest_route=\/wp\/v2\/types\/post"}],"author":[{"embeddable":true,"href":"https:\/\/speyer24news.com\/index.php?rest_route=\/wp\/v2\/users\/3"}],"replies":[{"embeddable":true,"href":"https:\/\/speyer24news.com\/index.php?rest_route=%2Fwp%2Fv2%2Fcomments&post=48010"}],"version-history":[{"count":3,"href":"https:\/\/speyer24news.com\/index.php?rest_route=\/wp\/v2\/posts\/48010\/revisions"}],"predecessor-version":[{"id":48016,"href":"https:\/\/speyer24news.com\/index.php?rest_route=\/wp\/v2\/posts\/48010\/revisions\/48016"}],"wp:featuredmedia":[{"embeddable":true,"href":"https:\/\/speyer24news.com\/index.php?rest_route=\/wp\/v2\/media\/33649"}],"wp:attachment":[{"href":"https:\/\/speyer24news.com\/index.php?rest_route=%2Fwp%2Fv2%2Fmedia&parent=48010"}],"wp:term":[{"taxonomy":"category","embeddable":true,"href":"https:\/\/speyer24news.com\/index.php?rest_route=%2Fwp%2Fv2%2Fcategories&post=48010"},{"taxonomy":"post_tag","embeddable":true,"href":"https:\/\/speyer24news.com\/index.php?rest_route=%2Fwp%2Fv2%2Ftags&post=48010"}],"curies":[{"name":"wp","href":"https:\/\/api.w.org\/{rel}","templated":true}]}}