{"id":48077,"date":"2022-08-12T10:45:23","date_gmt":"2022-08-12T09:45:23","guid":{"rendered":"https:\/\/speyer24news.com\/?p=48077"},"modified":"2022-08-13T06:53:30","modified_gmt":"2022-08-13T05:53:30","slug":"stadtnotizen-verkehrsnotizen-speyer-19","status":"publish","type":"post","link":"https:\/\/speyer24news.com\/?p=48077","title":{"rendered":"Stadtnotizen &#038; Verkehrsnotizen Speyer"},"content":{"rendered":"<style type=\"text\/css\">\r\n\t.ads_top_disp{}\r\n\t.ads_top_corner_disp{ float:left; margin:0px 10px 10px 0px; }\r\n\t.ads_first_p_disp{}\r\n\t.ads_bottom_disp{}\r\n\t<\/style>\n<h2 class=\"has-text-align-center wp-block-heading\">Stadtnotizen<\/h2>\n\n\n<div class=\"wp-block-image\">\n<figure class=\"aligncenter size-full\"><img decoding=\"async\" loading=\"lazy\" width=\"800\" height=\"600\" src=\"https:\/\/speyer24news.com\/wp-content\/uploads\/2020\/01\/Speyer-Stadtnachrichten-2.jpg\" alt=\"\" class=\"wp-image-23901\" srcset=\"https:\/\/speyer24news.com\/wp-content\/uploads\/2020\/01\/Speyer-Stadtnachrichten-2.jpg 800w, https:\/\/speyer24news.com\/wp-content\/uploads\/2020\/01\/Speyer-Stadtnachrichten-2-300x225.jpg 300w, https:\/\/speyer24news.com\/wp-content\/uploads\/2020\/01\/Speyer-Stadtnachrichten-2-768x576.jpg 768w, https:\/\/speyer24news.com\/wp-content\/uploads\/2020\/01\/Speyer-Stadtnachrichten-2-678x509.jpg 678w, https:\/\/speyer24news.com\/wp-content\/uploads\/2020\/01\/Speyer-Stadtnachrichten-2-326x245.jpg 326w, https:\/\/speyer24news.com\/wp-content\/uploads\/2020\/01\/Speyer-Stadtnachrichten-2-80x60.jpg 80w\" sizes=\"(max-width: 800px) 100vw, 800px\" \/><\/figure><\/div>\n\n\n<h2 class=\"wp-block-heading\">Stadt unterst\u00fctzt Tierheim bei Benefizveranstaltung\u00a0<\/h2>\n\n\n<div class=\"wp-block-image\">\n<figure class=\"aligncenter size-full\"><img decoding=\"async\" loading=\"lazy\" width=\"500\" height=\"625\" src=\"https:\/\/speyer24news.com\/wp-content\/uploads\/2022\/08\/Benefiz-Tierheim-Speyer-2022.jpg\" alt=\"\" class=\"wp-image-48094\" srcset=\"https:\/\/speyer24news.com\/wp-content\/uploads\/2022\/08\/Benefiz-Tierheim-Speyer-2022.jpg 500w, https:\/\/speyer24news.com\/wp-content\/uploads\/2022\/08\/Benefiz-Tierheim-Speyer-2022-240x300.jpg 240w\" sizes=\"(max-width: 500px) 100vw, 500px\" \/><\/figure><\/div>\n\n\n<p>Der Tierschutzverein Speyer und Umgebung e.V. l\u00e4dt gemeinsam mit der Stadt Speyer und dem Rockmusikerverein&nbsp;zu einem Benefizfest zugunsten des Tierheims ein.&nbsp;<\/p>\n\n\n\n<p>Die Veranstaltung findet am <strong>Sonntag, 21. August 2022 von 11 bis 18 Uhr<\/strong> in der Halle 101 sowie den umliegenden Geb\u00e4uden statt.<\/p>\n\n\n\n<p>\u201eDas Tierheim Speyer befindet sich unter anderem durch pandemiebedingte Einbu\u00dfen in einer finanziell besorgniserregenden Lage. Mit der Benefizveranstaltung kann der Tierschutzverein unterst\u00fctzt und zugleich sein Engagement gew\u00fcrdigt werden.&nbsp;Gemeinsam wollen wir daf\u00fcr sorgen, dass der Tierheimbetrieb auch in Zukunft aufrechterhalten wird und Fundtiere sowie Tiere, die dauerhaft ihr Zuhause verloren haben,&nbsp;unterzubringen und zu versorgen\u201c, ruft Oberb\u00fcrgermeisterin Stefanie Seiler Mitglieder, Paten und Sponsoren dazu auf, das Tierheim auch&nbsp;im Rahmen der Veranstaltung zu unterst\u00fctzen.<\/p>\n\n\n\n<p>An einem Infostand k\u00f6nnen Interessierte sich zum Thema Tierschutz,&nbsp;Ehrenamt und den unterschiedlichen Aufgabenbereichen&nbsp;in Verein und&nbsp;Tierheim schlaumachen.&nbsp;<\/p>\n\n\n\n<p>Bei einem virtuellen Tierheimrundgang erhalten die Besucher*innen einen Einblick in das (vor\u00fcbergehende) Zuhause der kleinen und gro\u00dfen Tierheimbewohner.<\/p>\n\n\n\n<p>Die Stadt Speyer wird zudem mit einem Infostand zur \u201eKatzenschutzverordnung\u201c vertreten sein und \u00fcber die Folgen&nbsp;einer erh\u00f6hten&nbsp;Katzenpopulation aufkl\u00e4ren.<\/p>\n\n\n\n<p>Dank der ehrenamtlichen Helfer*innen in Speyer und Umgebung konnten dar\u00fcber hinaus&nbsp;ein Tierflohmarkt und eine Tombola auf die Beine gestellt werden.<\/p>\n\n\n\n<p>Musikalische Darbietungen von \u201eDanny &amp; the Boys\u201c, tolle Aktionen f\u00fcr Kinder, vegetarische und vegane K\u00f6stlichkeiten aus der \u201ePalzh\u00fctt\u201c sowie Kaffee und Kuchen runden die Veranstaltung ab.<\/p>\n\n\n\n<p>Sponsoren der Veranstaltung sind Stadt und Stadtwerke\u00a0Speyer,\u00a0Vereinigte VR Bank Kur- und Rheinpfalz, Sparkasse Vorderpfalz, Autohaus St. Kempl und\u00a0Fressnapf.<\/p>\n\n\n\n<p><em>Stadtverwaltung Speyer<br>12.08.2022<\/em><\/p>\n\n\n\n<h2 class=\"wp-block-heading\">Stadt startet Umfrage zum Speyerer Wochenmarkt<\/h2>\n\n\n<div class=\"wp-block-image\">\n<figure class=\"aligncenter size-full\"><img decoding=\"async\" loading=\"lazy\" width=\"375\" height=\"500\" src=\"https:\/\/speyer24news.com\/wp-content\/uploads\/2021\/03\/Wochenmarkt.jpg\" alt=\"\" class=\"wp-image-34433\" srcset=\"https:\/\/speyer24news.com\/wp-content\/uploads\/2021\/03\/Wochenmarkt.jpg 375w, https:\/\/speyer24news.com\/wp-content\/uploads\/2021\/03\/Wochenmarkt-225x300.jpg 225w\" sizes=\"(max-width: 375px) 100vw, 375px\" \/><\/figure><\/div>\n\n\n<p>Am Donnerstag (11.08.22) startete die Stadt Speyer eine Umfrage zur Zukunft des Speyerer Wochenmarkts. In erster Linie geht es darum, ein Meinungsbild zum k\u00fcnftigen Standort des Samstagsmarkts einzuholen. Dar\u00fcber hinaus gibt es noch einige allgemeine Fragen zum Nutzungsverhalten. Die Umfrage kann online unter&nbsp;<a href=\"https:\/\/deref-web.de\/mail\/client\/EZKRw4k-F1Q\/dereferrer\/?redirectUrl=http%3A%2F%2Fwww.speyer.de%2Fumfrage-wochenmarkt\" target=\"_blank\" rel=\"noreferrer noopener\">www.speyer.de\/umfrage-wochenmarkt<\/a>&nbsp;oder <\/p>\n\n\n\n<ul><li><strong>am Samstag, 13. August sowie <\/strong><\/li><li><strong>am Samstag, 20. August 2022 <\/strong><\/li><\/ul>\n\n\n\n<p>jeweils von 9 bis 12 Uhr auf dem Wochenmarkt selbst analog ausgef\u00fcllt werden.<\/p>\n\n\n\n<p>Bedingt durch die Corona-Pandemie war der Markt im Jahr 2020 vom bisherigen Stammplatz auf dem K\u00f6nigsplatz auf den Festplatz umgezogen, weil nur dort die n\u00f6tigen Abst\u00e4nde eingehalten werden konnten. Nach der Sommerpause ist es nun an der Zeit, eine Entscheidung \u00fcber den k\u00fcnftigen und dauerhaften Standort des Nahversorgungsangebots zu treffen.<\/p>\n\n\n\n<p>Der K\u00f6nigsplatz ist seit Jahrzehnten ein beliebter und innenstadtnaher Standort, aber auch der Festplatz hat sich in der Praxis bew\u00e4hrt. Alternativ g\u00e4be es noch zwei weitere m\u00f6gliche Standorte, die gem\u00e4\u00df der von der Stadtverwaltung erfolgten Pr\u00fcfung in Frage k\u00e4men: der Parkplatz des Naturfreundehauses und die Maximilianstra\u00dfe im \u00f6stlichen Teil zwischen Dom und Schustergasse.<\/p>\n\n\n\n<p><strong><em>Die Online-Umfrage l\u00e4uft bis einschlie\u00dflich 31. August 2022<\/em><\/strong>. Die Stadtverwaltung freut sich auf rege Beteiligung aus der Bev\u00f6lkerung.<\/p>\n\n\n\n<p><em>Text: Stadt Speyer Foto: Speyer 24\/7 News<br>11.08.2022<\/em><\/p>\n\n\n\n<h2 class=\"wp-block-heading\">Drittes Speyerer Picknickkonzert mit dem&nbsp;<em>Skylark String Trio<\/em><\/h2>\n\n\n<div class=\"wp-block-image\">\n<figure class=\"aligncenter size-full\"><img decoding=\"async\" loading=\"lazy\" width=\"800\" height=\"710\" src=\"https:\/\/speyer24news.com\/wp-content\/uploads\/2022\/08\/Querformat-Skylark-String-Trio-\u00a9-privat.jpg\" alt=\"\" class=\"wp-image-48079\" srcset=\"https:\/\/speyer24news.com\/wp-content\/uploads\/2022\/08\/Querformat-Skylark-String-Trio-\u00a9-privat.jpg 800w, https:\/\/speyer24news.com\/wp-content\/uploads\/2022\/08\/Querformat-Skylark-String-Trio-\u00a9-privat-300x266.jpg 300w, https:\/\/speyer24news.com\/wp-content\/uploads\/2022\/08\/Querformat-Skylark-String-Trio-\u00a9-privat-768x682.jpg 768w\" sizes=\"(max-width: 800px) 100vw, 800px\" \/><\/figure><\/div>\n\n\n<p>Am&nbsp;<strong>Sonntag, 14. August 2022, um 11 Uhr<\/strong>&nbsp;findet in der&nbsp;<strong>Parkanlage zwischen Stadthalle und M\u00fchlturmstra\u00dfe<\/strong>&nbsp;das dritte Speyerer Picknickkonzert mit dem&nbsp;<strong>Skylark String Trio<\/strong>&nbsp;statt. Das Trio um den Speyerer&nbsp;<em>Gitarristen Christoph Stadtler<\/em>&nbsp;interpretiert alte Klassiker neu und pr\u00e4sentiert die gesamte Vielfalt von barocken, klassischen und romantischen \u201eall time favourites\u201c, \u00fcber manchmal schmachtende, manchmal schmissige Walzermelodien, bis hin zu ungarischen Csardas, Klezmer und Swing Musik St\u00fccken.<\/p>\n\n\n\n<p>Das&nbsp;<em>Skylark String Trio<\/em>&nbsp;setzt sich aus international erfahrenen Profimusiker*innen zusammen:<br>Der&nbsp;<em>Violinist Stefan Beshan<\/em>&nbsp;aus der Republik Moldau ging als Sieger vieler internationaler Wettbewerbe hervor, erhielt mannigfaltige Stipendien und wirkte als Solist sowie Konzertmeister in ganz Europa und Japan.<\/p>\n\n\n\n<p>Die zweite&nbsp;<em>Violinistin Assel Beshan<\/em>&nbsp;aus Kirgistan, Tochter des Konzertmeisters des Radio Sinfonieorchesters Kirgistan, schloss ihr Studium in Kasachstan mit Auszeichnung ab und arbeitete unter anderem im Kasachstan Symphonic Orchestra sowie in Mumbai im National Sinfonieorchestra of India.<br>Begleitet werden die beiden von<em>&nbsp;Konzertgitarrist<\/em>&nbsp;<em>Christoph Stadtler<\/em>, einem der gefragtesten Gitarristen auf B\u00fchnen und in Orchestergr\u00e4ben des s\u00fcddeutschen Raumes mit inzwischen mehr als 8000 Auftritten weltweit.Der Eintritt zum Konzert ist frei.<\/p>\n\n\n\n<p>Die f\u00fcnfte Saison der beliebten Speyerer Picknickkonzerte beschlie\u00dft am Sonntag, 28. August 2022 im Adenauerpark das \u201eSandie Wollasch und Matthias Hautsch Duo\u201c.<\/p>\n\n\n\n<p><em>Text: Stadt Speyer Foto: \u00a9 privat<br>09.08.2022<\/em><\/p>\n\n\n\n<h2 class=\"has-text-align-center wp-block-heading\">Verkehrsnotizen:<\/h2>\n\n\n<div class=\"wp-block-image\">\n<figure class=\"aligncenter\"><img decoding=\"async\" loading=\"lazy\" width=\"800\" height=\"565\" src=\"https:\/\/speyer24news.com\/wp-content\/uploads\/2020\/01\/Baustelle-2.jpg\" alt=\"\" class=\"wp-image-23900\" srcset=\"https:\/\/speyer24news.com\/wp-content\/uploads\/2020\/01\/Baustelle-2.jpg 800w, https:\/\/speyer24news.com\/wp-content\/uploads\/2020\/01\/Baustelle-2-300x212.jpg 300w, https:\/\/speyer24news.com\/wp-content\/uploads\/2020\/01\/Baustelle-2-768x542.jpg 768w\" sizes=\"(max-width: 800px) 100vw, 800px\" \/><\/figure><\/div>\n\n\n<h2 class=\"wp-block-heading\">Am Mondsee gesperrt<\/h2>\n\n\n\n<p>Aufgrund privater Bauarbeiten, wird die Stra\u00dfe Am Mondsee auf H\u00f6he der Hausnummer 7&nbsp;<strong>ab Mittwoch, 31. August bis voraussichtlich Mittwoch, 28. September 2022<\/strong>&nbsp;f\u00fcr den Durchgangsverkehr gesperrt. F\u00fcr die Dauer der Ma\u00dfnahme wird die Stra\u00dfe Am Mondsee beidseitig als Sackgasse ausgewiesen und die Einbahnstra\u00dfenregelung im Wildentenweg aufgehoben.<\/p>\n\n\n\n<p><em>Stadt Speyer<br>08.08.2022<\/em><\/p>\n\n\n\n<h2 class=\"wp-block-heading\">St.Guido-Stra\u00dfe gesperrt<\/h2>\n\n\n\n<p>Aufgrund von privaten Kranarbeiten wird die St.Guido-Stra\u00dfe auf H\u00f6he der Hausnummer 29&nbsp;<strong>am Montag, 29. August 2022 in der Zeit von 8.30 bis 13 Uhr<\/strong>&nbsp;voll gesperrt. Die Einbahnstra\u00dfe zwischen Baustelle und R\u00fctzhaubstra\u00dfe wird aufgehoben.<\/p>\n\n\n\n<p>F\u00fcr R\u00fcckfragen zu beiden Sperrungen steht die Stra\u00dfenverkehrsbeh\u00f6rde unter der Telefonnummer 14-2938 zur Verf\u00fcgung.<\/p>\n\n\n\n<p><em>Stadt Speyer<br>08.08.2022<\/em><\/p>\n\n\n\n<h2 class=\"wp-block-heading\">Im Lenhart gesperrt<\/h2>\n\n\n\n<p>Aufgrund von Bauarbeiten im Auftrag der Stadtwerke Speyer wird die Stra\u00dfe im Lenhart auf H\u00f6he der Hausnummer 1&nbsp;<strong>ab Montag, 8. August bis voraussichtlich Montag, 29. August 2022<\/strong>&nbsp;f\u00fcr den Verkehr komplett gesperrt. Die Einbahnstra\u00dfenregelung wird aufgehoben und eine Umleitung eingerichtet.<\/p>\n\n\n\n<p>F\u00fcr R\u00fcckfragen steht die Stra\u00dfenverkehrsbeh\u00f6rde unter der Telefonnummer 14-2938 zur Verf\u00fcgung.<\/p>\n\n\n\n<p><em>Stadt Speyer<br>02.08.2022<\/em><\/p>\n\n\n\n<h2 class=\"wp-block-heading\">Kolpingstra\u00dfe gesperrt<\/h2>\n\n\n\n<p>Aufgrund privater Bauarbeiten wird die Kolpingstra\u00dfe auf H\u00f6he der Hausnummer 7&nbsp;<strong>von Montag, 1. August bis voraussichtlich Montag, 26. September 2022<\/strong>, f\u00fcr den Durchgangsverkehr gesperrt.<\/p>\n\n\n\n<p>F\u00fcr die Dauer der Ma\u00dfnahme wird die Kolpingstra\u00dfe beidseitig als Sackgasse ausgewiesen und die Einbahnstra\u00dfenregelung aufgehoben.<\/p>\n\n\n\n<p>F\u00fcr R\u00fcckfragen steht die Stra\u00dfenverkehrsbeh\u00f6rde unter der Rufnummer 14-2938 zur Verf\u00fcgung.<\/p>\n\n\n\n<p><em>Stadtverwaltung Speyer<br>28.07.2022<\/em><\/p>\n\n\n\n<h2 class=\"wp-block-heading\">Karmeliterstra\u00dfe gesperrt<\/h2>\n\n\n\n<p>Aufgrund von Bauarbeiten im Auftrag der Stadtwerke Speyer wird die Karmeliterstra\u00dfe auf H\u00f6he der Ludwigstra\u00dfe&nbsp;<strong>ab Montag, 25. Juli bis voraussichtlich Montag, 15. August 2022<\/strong>&nbsp;gesperrt. Eine Umleitung wird ausgewiesen und die Einbahnstra\u00dfenregelung in der Karmeliterstra\u00dfe zwischen Baustelle und Schulpl\u00e4tzel aufgehoben.<\/p>\n\n\n\n<p>F\u00fcr R\u00fcckfragen steht die Stra\u00dfenverkehrsbeh\u00f6rde unter der Telefonnummer 14-2938 zur Verf\u00fcgung.<\/p>\n\n\n\n<p><em>Stadtverwaltung Speyer<br>22.07.2022<\/em><\/p>\n\n\n\n<h2 class=\"wp-block-heading\">Jahnstra\u00dfe gesperrt<\/h2>\n\n\n\n<p>Aufgrund von dringenden Leitungsarbeiten im Auftrag der Stadtwerke wird die Jahnstra\u00dfe zwischen Paul-Egell-Stra\u00dfe und Albrecht-D\u00fcrer-Stra\u00dfe&nbsp;<strong>ab Dienstag, 19. Juli bis voraussichtlich Mittwoch, 31. August 2022<\/strong>&nbsp;f\u00fcr den Verkehr gesperrt.<\/p>\n\n\n\n<p>F\u00fcr R\u00fcckfragen steht die Stra\u00dfenverkehrsbeh\u00f6rde unter der Telefonnummer 14-2938 zur Verf\u00fcgung.<\/p>\n\n\n\n<p><em>Stadtverwaltung Speyer<br>19.07.2022<\/em><\/p>\n\n\n\n<h2 class=\"wp-block-heading\">Kettelerstra\u00dfe gesperrt<\/h2>\n\n\n\n<p>Wegen Leitungsarbeiten im Auftrag der Stadtwerke Speyer wird die Kettelerstra\u00dfe zwischen L\u00e4rchenweg und Am Sandh\u00fcgel&nbsp;<strong>seit Donnerstag, 14. Juli 2022 bis voraussichtlich 19. August 2022<\/strong>&nbsp;f\u00fcr den Durchgangsverkehr gesperrt.<\/p>\n\n\n\n<p>F\u00fcr die Dauer der Ma\u00dfnahme wird die Kettelerstra\u00dfe in diesem Bereich beidseitig als Sackgasse ausgewiesen und die Einbahnstra\u00dfenregelung aufgehoben.<\/p>\n\n\n\n<p>F\u00fcr R\u00fcckfragen steht die Stra\u00dfenverkehrsbeh\u00f6rde unter der Rufnummer 14-2938 zur Verf\u00fcgung.<\/p>\n\n\n\n<p><em>Stadtverwaltung Speyer<br>11.07.2022<\/em><\/p>\n\n\n\n<h2 class=\"wp-block-heading\">Kreuzung Christian-Dathan-Stra\u00dfe \/ Breslauer Stra\u00dfe<\/h2>\n\n\n\n<p>Der Beginn der Bauma\u00dfnahme wird vorgezogen, weshalb die Kreuzung Christian-Dathan-Stra\u00dfe \/ Breslauer Stra\u00dfe bereits&nbsp;<strong>seit Donnerstag, 14. Juli bis voraussichtlich 15. August 2022<\/strong>&nbsp;voll gesperrt ist.<\/p>\n\n\n\n<p>F\u00fcr die Dauer der Ma\u00dfnahme werden die Christan-Dathan-Stra\u00dfe beidseitig und die Breslauer Stra\u00dfe als Sackgasse ausgewiesen.<\/p>\n\n\n\n<p>F\u00fcr R\u00fcckfragen steht die Stra\u00dfenverkehrsbeh\u00f6rde unter der Telefonnummer 14-2938 zur Verf\u00fcgung.<\/p>\n\n\n\n<p><em>Stadtverwaltung Speyer<br>11.07.2022<\/em><\/p>\n\n\n\n<h2 class=\"wp-block-heading\">Baustellen\u00fcbersicht der Stadt Speyer<\/h2>\n\n\n<div class=\"wp-block-image\">\n<figure class=\"aligncenter\"><img decoding=\"async\" loading=\"lazy\" width=\"800\" height=\"384\" src=\"https:\/\/speyer24news.com\/wp-content\/uploads\/2022\/03\/Baustelle-Speyer-Facebook.jpg\" alt=\"\" class=\"wp-image-43610\" srcset=\"https:\/\/speyer24news.com\/wp-content\/uploads\/2022\/03\/Baustelle-Speyer-Facebook.jpg 800w, https:\/\/speyer24news.com\/wp-content\/uploads\/2022\/03\/Baustelle-Speyer-Facebook-300x144.jpg 300w, https:\/\/speyer24news.com\/wp-content\/uploads\/2022\/03\/Baustelle-Speyer-Facebook-768x369.jpg 768w\" sizes=\"(max-width: 800px) 100vw, 800px\" \/><\/figure><\/div>\n\n\n<p>Ab sofort stellt die Stadt Speyer eine neue Baustellenliste zur Verf\u00fcgung, die die bisherige Kommunikation von laufenden und kommenden Baustellen erweitert und b\u00fcrgerfreundlicher gestaltet.<\/p>\n\n\n\n<p>Die bisher zur Verf\u00fcgung gestellte Liste \u201eAlle Baustellen\u201c f\u00fchrt alle Baustellen, die sich innerhalb des Speyerer Stadtgebiets befinden, stichpunktartig auf. Diese technische Liste gibt auch einen \u00dcberblick \u00fcber die betroffenen Sparten wie Strom, Gas, oder Wasser.<\/p>\n\n\n\n<p>Die nun neu hinzugekommene Liste \u201eWichtigste Baustellen\u201c beinhaltet Baustellen, von denen ein bedeutender Teil der Verkehrsteilnehmenden in Speyer signifikant betroffen ist, beispielsweise wegen ihrer lange Dauer und\/oder weil wichtige Stra\u00dfen im Netz betroffen sind. Es werden zus\u00e4tzlich zu den Baustellen im Speyerer Stadtgebiet auch wichtige Baustellen in der n\u00e4heren Umgebung aufgef\u00fchrt, beispielsweise auf der B9 und B39. Dar\u00fcber hinaus soll auch der in den Jahren 2023 und 2024 geplante Verkehrsversuch zum Postplatz Eingang in diese Auflistung finden. Neben dem voraussichtlichen Zeitraum und der Ursache werden auch die Umleitungen f\u00fcr die verschiedenen Verkehrsarten und bei Bedarf erg\u00e4nzende Informationen dargestellt. Am Ende der Liste findet sich ferner eine \u00dcbersicht zu m\u00f6glichen Ansprechpartner*innen.<\/p>\n\n\n\n<p>Die neue Baustellenliste ist chronologisch sortiert, sodass die B\u00fcrger*innen auf den ersten Blick neu hinzukommende Baustellen erkennen und f\u00fcr ihre n\u00e4chste Fahrt ber\u00fccksichtigen k\u00f6nnen \u2013 ohne frustriert erst an der Baustellenabsperrung wenden m\u00fcssen. Zeit- und nervenschonend f\u00fcr die B\u00fcrgerschaft \u2013 aber auch gut f\u00fcr die Umwelt, da unn\u00f6tiger Verkehr vermieden wird.<\/p>\n\n\n\n<p>Die \u00dcbersicht \u00fcber die Baustellensituation wird immer freitags aktualisiert und ist unter&nbsp;<a href=\"http:\/\/www.speyer.de\/baustellen\">www.speyer.de\/baustellen<\/a>&nbsp;im NEWS-TICKER zu finden.<br>Des Weiteren gibt es auf der Baustellenseite der Stadt Speyer wie gewohnt detaillierte Informationen zu laufenden und kommenden Gro\u00dfbaustellen.<\/p>\n\n\n\n<p><em>Stadtverwaltung Speyer<br>18.03.2022<\/em><\/p>\n","protected":false},"excerpt":{"rendered":"<div class=\"mh-excerpt\"><p>Stadtnotizen Stadt unterst\u00fctzt Tierheim bei Benefizveranstaltung\u00a0 Der Tierschutzverein Speyer und Umgebung e.V. l\u00e4dt gemeinsam mit der Stadt Speyer und dem Rockmusikerverein&nbsp;zu einem Benefizfest zugunsten des Tierheims ein.&nbsp; Die Veranstaltung findet am Sonntag, 21. August 2022 <a class=\"mh-excerpt-more\" href=\"https:\/\/speyer24news.com\/?p=48077\" title=\"Stadtnotizen &#038; Verkehrsnotizen Speyer\">[&#8230;]<\/a><\/p>\n<\/div>","protected":false},"author":3,"featured_media":46477,"comment_status":"open","ping_status":"open","sticky":false,"template":"","format":"standard","meta":{"_monsterinsights_skip_tracking":false,"_monsterinsights_sitenote_active":false,"_monsterinsights_sitenote_note":"","_monsterinsights_sitenote_category":0,"footnotes":""},"categories":[47],"tags":[14341,15158,13640,15157,15159,15098,14732,14703,14907,7484,14827,1427,15155,15156,303,6,14823,15117,771,657,1296,31,7336,15154,4053,658,1114,44,46],"aioseo_notices":[],"amp_enabled":true,"_links":{"self":[{"href":"https:\/\/speyer24news.com\/index.php?rest_route=\/wp\/v2\/posts\/48077"}],"collection":[{"href":"https:\/\/speyer24news.com\/index.php?rest_route=\/wp\/v2\/posts"}],"about":[{"href":"https:\/\/speyer24news.com\/index.php?rest_route=\/wp\/v2\/types\/post"}],"author":[{"embeddable":true,"href":"https:\/\/speyer24news.com\/index.php?rest_route=\/wp\/v2\/users\/3"}],"replies":[{"embeddable":true,"href":"https:\/\/speyer24news.com\/index.php?rest_route=%2Fwp%2Fv2%2Fcomments&post=48077"}],"version-history":[{"count":2,"href":"https:\/\/speyer24news.com\/index.php?rest_route=\/wp\/v2\/posts\/48077\/revisions"}],"predecessor-version":[{"id":48095,"href":"https:\/\/speyer24news.com\/index.php?rest_route=\/wp\/v2\/posts\/48077\/revisions\/48095"}],"wp:featuredmedia":[{"embeddable":true,"href":"https:\/\/speyer24news.com\/index.php?rest_route=\/wp\/v2\/media\/46477"}],"wp:attachment":[{"href":"https:\/\/speyer24news.com\/index.php?rest_route=%2Fwp%2Fv2%2Fmedia&parent=48077"}],"wp:term":[{"taxonomy":"category","embeddable":true,"href":"https:\/\/speyer24news.com\/index.php?rest_route=%2Fwp%2Fv2%2Fcategories&post=48077"},{"taxonomy":"post_tag","embeddable":true,"href":"https:\/\/speyer24news.com\/index.php?rest_route=%2Fwp%2Fv2%2Ftags&post=48077"}],"curies":[{"name":"wp","href":"https:\/\/api.w.org\/{rel}","templated":true}]}}