{"id":48082,"date":"2022-08-13T06:48:03","date_gmt":"2022-08-13T05:48:03","guid":{"rendered":"https:\/\/speyer24news.com\/?p=48082"},"modified":"2022-08-13T06:48:05","modified_gmt":"2022-08-13T05:48:05","slug":"polizeimeldungen-freitag-12-08-2022","status":"publish","type":"post","link":"https:\/\/speyer24news.com\/?p=48082","title":{"rendered":"Polizeimeldungen Freitag (12.08.2022)"},"content":{"rendered":"<style type=\"text\/css\">\r\n\t.ads_top_disp{}\r\n\t.ads_top_corner_disp{ float:left; margin:0px 10px 10px 0px; }\r\n\t.ads_first_p_disp{}\r\n\t.ads_bottom_disp{}\r\n\t<\/style>\n<h2 class=\"wp-block-heading\">Polizeimeldungen vom Freitag (12.08.2022)<\/h2>\n\n\n<div class=\"wp-block-image\">\n<figure class=\"aligncenter size-full\"><img decoding=\"async\" loading=\"lazy\" width=\"375\" height=\"500\" src=\"https:\/\/speyer24news.com\/wp-content\/uploads\/2022\/03\/Aktuelles-Polizeilogo.jpg\" alt=\"\" class=\"wp-image-43591\" srcset=\"https:\/\/speyer24news.com\/wp-content\/uploads\/2022\/03\/Aktuelles-Polizeilogo.jpg 375w, https:\/\/speyer24news.com\/wp-content\/uploads\/2022\/03\/Aktuelles-Polizeilogo-225x300.jpg 225w\" sizes=\"(max-width: 375px) 100vw, 375px\" \/><\/figure><\/div>\n\n\n<h2 class=\"wp-block-heading\">(Speyer) &#8211; Gef\u00e4hrdung des Stra\u00dfenverkehrs<\/h2>\n\n\n\n<p>Ein 50-j\u00e4hriger Speyerer befuhr Donenrstagabend gegen 22:15 Uhr mit seinem Ford Mondeo den Closweg und kam aufgrund \u00fcberh\u00f6hter Geschwindigkeit beim Linksabbiegen in die Paul-Egell-Stra\u00dfe nach rechts von der Fahrbahn ab. Dort kollidierte er mit einem Verkehrsschild. Der Fahrer stieg aus, begutachtete den entstandenen Schaden und entfernte sich letztlich unerlaubt von der Unfallstelle. Mehrere Zeugen beobachteten das Geschehen und verst\u00e4ndigten die Polizei. Ein Zeuge konnte auch das Kennzeichen des PKW&#8217;s angeben. Der verantwortliche Fahrer konnte an seiner Wohnanschrift angetroffen werden, beschuldigte aber zun\u00e4chst einen Familienangeh\u00f6rigen, das Fahrzeug gef\u00fchrt zu haben. Diese Beschuldigung konnte im Rahmen der anschlie\u00dfenden Ermittlungen aber zweifelsfrei ausger\u00e4umt werden. Vielmehr ergab sich w\u00e4hrend der weiteren polizeilichen \u00dcberpr\u00fcfungen, dass der 50-j\u00e4hrige Beschuldigte nicht im Besitz einer g\u00fcltigen Fahrerlaubnis ist und zudem einen Atemalkoholwert von 1,3 Promille aufwies. Ihm wurde eine Blutprobe entnommen und der F\u00fchrerschein sichergestellt. Des Weiteren wurden Strafverfahren gegen ihn er\u00f6ffnet wegen Fahrens ohne Fahrerlaubnis und wegen Gef\u00e4hrdung des Stra\u00dfenverkehrs.<\/p>\n\n\n\n<h2 class=\"wp-block-heading\">(Speyer) &#8211; Kontrolle von Radfahrern<a href=\"https:\/\/www.facebook.com\/sharer.php?u=https%3A%2F%2Fwww.presseportal.de%2Fblaulicht%2Fpm%2F117688%2F5295458%2F%3Futm_source%3Dfacebook%26utm_medium%3Dsocial\"><\/a><a href=\"https:\/\/twitter.com\/intent\/tweet?text=POL-PDLU%3A%20Kontrolle%20von%20Radfahrern&amp;url=https%3A%2F%2Fwww.presseportal.de%2Fblaulicht%2Fpm%2F117688%2F5295458%2F%3Futm_source%3Dtwitter%26utm_medium%3Dsocial&amp;hashtags=ots&amp;lang=de\"><\/a><a href=\"https:\/\/web.whatsapp.com\/send?text=POL-PDLU%3A%20Kontrolle%20von%20Radfahrern%0A%0Ahttps%3A%2F%2Fwww.presseportal.de%2Fblaulicht%2Fpm%2F117688%2F5295458%2F%3Futm_source%3Dwhatsapp%26utm_medium%3Dsocial\"><\/a><a href=\"https:\/\/www.xing.com\/app\/user?op=share;url=https%3A%2F%2Fwww.presseportal.de%2Fblaulicht%2Fpm%2F117688%2F5295458%2F%3Futm_source%3Dxing%26utm_medium%3Dsocial\"><\/a><a href=\"http:\/\/www.linkedin.com\/shareArticle?mini=true&amp;url=https%3A%2F%2Fwww.presseportal.de%2Fblaulicht%2Fpm%2F117688%2F5295458%2F%3Futm_source%3Dlinkedin%26utm_medium%3Dsocial&amp;title=POL-PDLU%3A+Kontrolle+von+Radfahrern\"><\/a><a href=\"mailto:?subject=POL-PDLU%3A%20Kontrolle%20von%20Radfahrern&amp;body=https:\/\/www.presseportal.de\/blaulicht\/pm\/117688\/5295458\"><\/a><\/h2>\n\n\n\n<p>Immer wieder kommt es im Dienstgebiet der PI Speyer auch dadurch zu kritischen Situationen im Stra\u00dfenverkehr bis hin zu teilweise schweren Verkehrsunf\u00e4llen, weil Radfahrer nicht die vorhandenen Radwege nutzen oder sie entgegen der Fahrtrichtung befahren. Aus diesem Grund wurden Donnerstagvormittag in der Stra\u00dfe Eselsdamm Radfahrer kontrolliert, die verbotswidrig den Fu\u00dfweg befuhren. Hierbei wurden nicht nur verkehrserzieherische Gespr\u00e4che mit den Betroffenen gef\u00fchrt, sondern es wurden auch Verwarnungen erhoben.<\/p>\n\n\n\n<h2 class=\"wp-block-heading\">(Speyer) &#8211; Versuchter Einbruchsdiebstahl in Kiosk am Binsfeld<\/h2>\n\n\n\n<p>Unbekannte T\u00e4ter versuchten in der Nacht vom 10.08. auf 11.08.2022 die Eingangst\u00fcr des Kiosks am Biersiedersee aufzuhebeln. Hierbei wurde so brachial vorgegangen, dass der Riegel des T\u00fcrschlosses derart verbogen wurde, dass sich im Nachhinein die T\u00fcr nicht mehr \u00f6ffnen lie\u00df. An der r\u00fcckw\u00e4rtigen Geb\u00e4udeseite wurde ein einfaches B\u00fcgelschloss aufgebrochen und sich so Zutritt zu dem dahinterliegenden Technikraum verschafft. Entwendet wurde nicht. Es entstand ein Sachschaden von ca. 200 EUR.<\/p>\n\n\n\n<h2 class=\"wp-block-heading\">(Schifferstadt) &#8211; Unfall zwischen Traktor und PKW<\/h2>\n\n\n\n<p>Am 11.08.2022, gegen 18:25 Uhr, fuhren ein 65-j\u00e4hriger Traktorgespann-Fahrer und eine nachfolgende 65-j\u00e4hrige PKW-Fahrerin die Landesstra\u00dfe 454 von Schifferstadt in Richtung Dannstadt-Schauernheim. Der Traktorfahrer beabsichtigte nach links auf einen Wirtschaftsweg abzubiegen und signalisierte dies durch den Fahrtrichtungsanzeiger. Die nachfolgende PKW-Fahrerin deutete das Blinken, dass sie den Traktor samt Anh\u00e4nger \u00fcberholen k\u00f6nne. Beim \u00dcberholen befand sich der Traktor bereits im Abbiegevorgang, sodass der PKW mit diesem kollidierte. Die Unfallbeteiligten blieben unverletzt. Der PKW war nicht mehr fahrbereit und wurde abgeschleppt. Insgesamt entstand Sachschaden von etwa 10.500 Euro. Ausgelaufene Betriebsstoffe wurden durch die Feuerwehr beseitigt. F\u00fcr die Unfallaufnahme war die L454 in beide Richtungen vollgesperrt.<\/p>\n\n\n\n<h2 class=\"wp-block-heading\">(Waldsee \/ Schifferstadt) &#8211; Verkehrskontrollen der Polizei Schifferstadt<\/h2>\n\n\n\n<p>Im Rahmen der Kontrollwoche des europaweiten Polizeinetzwerks ROADPOL wurden durch die Polizeiinspektion Schifferstadt am Donnerstag verst\u00e4rkt Verkehrskontrollen durchgef\u00fchrt. Bei erlaubten 50 km\/h wurden am Vormittag auf der K13 zwischen Waldsee und Altrip im Bereich des dortigen Campinggebietes 19 \u00dcberschreitungen festgestellt. Die H\u00f6chstgeschwindigkeit lag bei 77 km\/h. Dies zieht nach Abzug der Toleranz ein Bu\u00dfgeld von 100 Euro und einen Punkt nach sich. Im Rahmen einer Standkontrolle am Mittag in der Burgstra\u00dfe in Schifferstadt wurden neun Verst\u00f6\u00dfe gegen die Gurtpflicht, drei Verst\u00f6\u00dfe aufgrund rechtswidriger Nutzung des Mobiltelefons, sowie ein Versto\u00df aufgrund zu geringer Profiltiefe am Reifen eines PKW geahndet. Die verbotswidrige Nutzung des Mobiltelefons w\u00e4hrend der Fahrt ist mit 100 Euro und einem Punkt sanktioniert.<\/p>\n\n\n\n<h2 class=\"wp-block-heading\">(Westheim) &#8211; Einbruch auf Sportplatzgel\u00e4nde<\/h2>\n\n\n\n<p>Zirka 100EUR Sachschaden sind das Ergebnis eines weiteren Einbruchsversuchs, der sich in der Nacht von Dienstag auf Mittwoch in Westheim ereignete. Neben einem auf dem Gel\u00e4nde abgestellten Imbisswagen versuchten die T\u00e4ter einen Lagercontainer aufzubrechen, was jedoch misslang.<\/p>\n\n\n\n<p>Hinweise zur Tat nimmt die Polizei Germersheim telefonisch unter 07274\/958-0 oder per E-Mail unter\u00a0<a href=\"mailto:pigermersheim@polizei.rlp.de\">pigermersheim@polizei.rlp.de<\/a>\u00a0entgegen.<\/p>\n\n\n\n<h2 class=\"wp-block-heading\">(Germersheim \/ Knittelsheim) &#8211; Geschwindigkeitskontrollen<\/h2>\n\n\n\n<p>Auch am Donnerstag f\u00fchrte die Polizei Laserkontrollen an zwei \u00d6rtlichkeiten im Dienstgebiet durch.<\/p>\n\n\n\n<p>Bei der \u00dcberpr\u00fcfung der 30er-Zone Am Alten Hafen in Germersheim waren 11 Fahrzeuge zu schnell unterwegs. Die h\u00f6chste gemessene Geschwindigkeit betrug dort 48 km\/h. Zudem wurden sechs Fahrzeugf\u00fchrer wegen eines nicht angelegten Sicherheitsgurtes verwarnt.<\/p>\n\n\n\n<p>Auch in der Hauptstra\u00dfe in Knittelsheim kam es zu mehreren \u00dcberschreitungen der erlaubten H\u00f6chstgeschwindigkeit von 30 km\/h. Bei 34 gemessenen Fahrzeugen waren sechs Fahrzeuge zu schnell. Die H\u00f6chstgeschwindigkeit betrug hier 45 km\/h.<\/p>\n\n\n\n<h2 class=\"wp-block-heading\">(Sondernheim) &#8211; Mit 2,50 Promille Unfall verursacht<\/h2>\n\n\n\n<p>Zirka 5000EUR Sachschaden sind das Ergebnis eines Verkehrsunfalls zwischen zwei entgegenkommenden Pkw, der sich gestern kurz nach 14:00 Uhr auf der Mailblumenstra\u00dfe in Sondernheim ereignete. Zu einem Personenschaden kam es nicht. Bei der Unfallaufnahme stellten die Beamten jedoch deutlichen Alkoholgeruch bei der 62-j\u00e4hrigen Unfallverursacherin fest. Ergebnis des Atemalkoholtests: 2,50 Promille. Auf die Frau kommt jetzt ein Strafverfahren wegen Gef\u00e4hrdung des Stra\u00dfenverkehrs zu. Ihr F\u00fchrerschein wurde einbehalten.<\/p>\n\n\n\n<h2 class=\"wp-block-heading\">(Herxheim) &#8211; Polizeilicher Einsatz in Herxheim<\/h2>\n\n\n\n<p>Am 10.08.2022, gegen 18:20 Uhr, gingen bei der Polizei Landau mehrere Meldungen \u00fcber einen Mann mit zwei Messern in der Unteren Hauptstra\u00dfe ein. Gem\u00e4\u00df unseres vorbereiteten Einsatzkonzepts wurde die \u00d6rtlichkeit sofort mit starken Polizeikr\u00e4ften aufgesucht. Der Mann, ein 53-J\u00e4hriger, konnte dort angetroffen und widerstandlos in Gewahrsam genommen werden. Die Messer hatte er nicht mehr bei sich. Aufgrund seiner psychischen Verfassung wurde der 53-J\u00e4hrige in ein psychiatrisches Krankenhaus gebracht.<\/p>\n\n\n\n<h2 class=\"wp-block-heading\">(W\u00f6rth am Rhein) &#8211; Zuviel f\u00fcr die Entspannung gekifft<\/h2>\n\n\n\n<p>Am 11.08.22 wurde um 14:30 Uhr ein PKW Fahrer in der Bahnhofstra\u00dfe kontrolliert. Im Rahmen der Kontrolle wurden bei dem 20-j\u00e4hrigen Fahrer deutliche Anzeichen auf einen aktiven Einfluss von Bet\u00e4ubungsmitteln festgestellt. Nach eigenen Angaben konsumiert der junge Fahrer mehrere Joints mit Marihuana am Tag. Dem Fahrer wurde eine Blutprobe entnommen und der F\u00fchrerschein sichergestellt.<\/p>\n\n\n\n<h2 class=\"wp-block-heading\">(W\u00f6rth \/ Annweiler) &#8211; Polizeiliche Pr\u00e4vention auf Sommertour \/ Unsere Experten informieren \u00fcber Betrugsmaschen und wie Sie sich davor sch\u00fctzen k\u00f6nnen<a href=\"https:\/\/www.facebook.com\/sharer.php?u=https%3A%2F%2Fwww.presseportal.de%2Fblaulicht%2Fpm%2F117696%2F5295794%2F%3Futm_source%3Dfacebook%26utm_medium%3Dsocial\"><\/a><a href=\"https:\/\/twitter.com\/intent\/tweet?text=POL-PPRP%3A%20Polizeiliche%20Pr%C3%A4vention%20auf%20Sommertour%20-%20Unsere%20Experten%20informieren%20%C3%BCber%20Betrugsmaschen%20und%20wie%20Sie%20sich%20davor%20sch%C3%BCtzen%20k%C3%B6nnen&amp;url=https%3A%2F%2Fwww.presseportal.de%2Fblaulicht%2Fpm%2F117696%2F5295794%2F%3Futm_source%3Dtwitter%26utm_medium%3Dsocial&amp;hashtags=ots&amp;lang=de\"><\/a><a href=\"https:\/\/web.whatsapp.com\/send?text=POL-PPRP%3A%20Polizeiliche%20Pr%C3%A4vention%20auf%20Sommertour%20-%20Unsere%20Experten%20informieren%20%C3%BCber%20Betrugsmaschen%20und%20wie%20Sie%20sich%20davor%20sch%C3%BCtzen%20k%C3%B6nnen%0A%0Ahttps%3A%2F%2Fwww.presseportal.de%2Fblaulicht%2Fpm%2F117696%2F5295794%2F%3Futm_source%3Dwhatsapp%26utm_medium%3Dsocial\"><\/a><a href=\"https:\/\/www.xing.com\/app\/user?op=share;url=https%3A%2F%2Fwww.presseportal.de%2Fblaulicht%2Fpm%2F117696%2F5295794%2F%3Futm_source%3Dxing%26utm_medium%3Dsocial\"><\/a><a href=\"http:\/\/www.linkedin.com\/shareArticle?mini=true&amp;url=https%3A%2F%2Fwww.presseportal.de%2Fblaulicht%2Fpm%2F117696%2F5295794%2F%3Futm_source%3Dlinkedin%26utm_medium%3Dsocial&amp;title=POL-PPRP%3A+Polizeiliche+Pr%C3%A4vention+auf+Sommertour+-+Unsere+Experten+informieren+%C3%BCber+Betrugsmaschen+und+wie+Sie+sich+davor+sch%C3%BCtzen+k%C3%B6nnen\"><\/a><a href=\"mailto:?subject=POL-PPRP%3A%20Polizeiliche%20Pr%C3%A4vention%20auf%20Sommertour%20-%20Unsere%20Experten%20informieren%20%C3%BCber%20Betrugsmaschen%20und%20wie%20Sie%20sich%20davor%20sch%C3%BCtzen%20k%C3%B6nnen&amp;body=https:\/\/www.presseportal.de\/blaulicht\/pm\/117696\/5295794\"><\/a><\/h2>\n\n\n\n<p>Tagt\u00e4glich rufen Betr\u00fcger beispielsweise als &#8222;falsche Polizeibeamte&#8220; oder &#8222;falsche Enkel&#8220; lebens\u00e4ltere Menschen an und versuchen mit immer neuen Maschen an deren Geld zu kommen.<\/p>\n\n\n\n<p>Obwohl schon viele B\u00fcrgerinnen und B\u00fcrger sensibilisiert sind, gelingt es den trickreichen Betr\u00fcgern in Einzelf\u00e4llen immer wieder, hohe Geldsummen oder Wertgegenst\u00e4nde zu erlangen.<\/p>\n\n\n\n<p>Um Sie noch besser vor den fiesen Betrugsmaschen zu sch\u00fctzen, kommen unsere Experten der polizeilichen Pr\u00e4vention zu Ihnen.<\/p>\n\n\n\n<p>In verschiedenen Gemeinden der Vorder- und S\u00fcdpfalz werden wir Ihnen \u00fcber den Sommer an Infost\u00e4nden Rede und Antwort stehen.<\/p>\n\n\n\n<p>Wissen Sie wie Sie sich vor solchen Telefonbetr\u00fcger sch\u00fctzen k\u00f6nnen?<\/p>\n\n\n\n<p>Kommen Sie vorbei und informieren Sie sich \u00fcber die typischen Betrugsmaschen wie zum Beispiel &#8222;Falsche Polizeibeamte&#8220;, &#8222;Enkeltrick&#8220; oder sogenannte &#8222;Schockanrufe&#8220; und wie Sie sich mit einfachen Tricks dagegen wehren k\u00f6nnen.<\/p>\n\n\n\n<h4 class=\"wp-block-heading\">Die n\u00e4chsten Stationen unserer Sommertour sind:<\/h4>\n\n\n\n<ul><li><strong>Dienstag (16.08.2022), 10 bis 14 Uhr, Marktstra\u00dfe (Wochenmarkt) in W\u00f6rth<\/strong><\/li><li><strong>Freitag (19.08.2022), 9 bis 13 Uhr, Rathausplatz (Wochenmarkt) in Annweiler.<\/strong><\/li><\/ul>\n\n\n\n<p>Sprechen Sie uns an und geben Sie Betr\u00fcgern keine Chance. Auch Angeh\u00f6rige \u00e4lterer Menschen sind herzlich eingeladen, um sich zu informieren.<\/p>\n\n\n\n<p>Wir informieren Sie immer freitags im Presseportal, wo unsere Experten in der n\u00e4chsten Woche unterwegs sind.<\/p>\n\n\n\n<h2 class=\"wp-block-heading\">(Hagenbach) &#8211; Brand im Feldbereich<\/h2>\n\n\n\n<p>Am 11.08.22 kam es gegen 21:00 Uhr zu einer Brandentwicklung im Bereich der Feldlage zwischen Kl\u00e4ranlage und den H\u00f6fen. Durch die Witterung entwickelte sich ein Feuer auf einer ca. 250 qm gro\u00dfen Fl\u00e4che. Die alarmierten Feuerwehren konnten den Brand schnell unter Kontrolle bekommen und l\u00f6schen. Die Ermittlungen f\u00fcr die Brandursache dauern noch an.<\/p>\n\n\n\n<h2 class=\"wp-block-heading\">(Bad Bergzabern) &#8211; Diebstahl einer Bronzefigur Bacchus<\/h2>\n\n\n<div class=\"wp-block-image\">\n<figure class=\"aligncenter size-full\"><img decoding=\"async\" loading=\"lazy\" width=\"500\" height=\"577\" src=\"https:\/\/speyer24news.com\/wp-content\/uploads\/2022\/08\/Bacchus_2.jpg\" alt=\"\" class=\"wp-image-48083\" srcset=\"https:\/\/speyer24news.com\/wp-content\/uploads\/2022\/08\/Bacchus_2.jpg 500w, https:\/\/speyer24news.com\/wp-content\/uploads\/2022\/08\/Bacchus_2-260x300.jpg 260w\" sizes=\"(max-width: 500px) 100vw, 500px\" \/><\/figure><\/div>\n\n\n<p>Im Zeitraum vom 25.04.2022- 15.07.2022 wurde in Bad Bergzabern, K\u00f6nigstra\u00dfe, aus dem Garten eines Mehrparteienhauses eine ca. 20 Jahre alte, ca. 1 Meter gro\u00dfe Bronzefigur, die einen Bacchus darstellt entwendet. Der Wert der Bronzefigur d\u00fcrfte in einem 4 -stelligen Eurobereich liegen. Hinweise auf den Verbleib bzw. neuen Aufstellort der Figur nimmt die Polizei Bad Bergzabern unter 06343\/93340 oder\u00a0<a href=\"mailto:pibadbergzabern@polizei.rlp.de\">pibadbergzabern@polizei.rlp.de<\/a>\u00a0entgegen.<\/p>\n\n\n\n<h2 class=\"wp-block-heading\">(Birkweiler) &#8211; Betrunken Unfall gebaut<\/h2>\n\n\n\n<p>Rund 7000 Euro Sachschaden verursachte eine 52-j\u00e4hrige Autofahrerin am Mittwochvormittag bei einem Verkehrsunfall in Birkweiler. Die 52-J\u00e4hrige hatte die L507 von Albersweiler in Richtung Siebeldingen befahren und wollte nach rechts auf die L508 in Richtung Birkweiler abbiegen. Hierbei kam sie aufgrund ihrer Alkoholisierung von der Fahrbahn ab, besch\u00e4digte eine Lichtzeichenanlage der Deutschen Bahn und kollidierte anschlie\u00dfend mit einer Verkehrsinsel. Die 52-J\u00e4hrige wurde durch den Unfall leicht verletzt, ihr Auto war nicht mehr fahrbereit und musste abgeschleppt werden. Ein Atemalkoholtest ergab bei der Autofahrerin einen Wert von 1,9 Promille, ihr F\u00fchrerschein wurde sichergestellt.<\/p>\n\n\n\n<h2 class=\"wp-block-heading\">(Albersweiler) &#8211; Randalierer<\/h2>\n\n\n\n<p>In der Nacht vom 08.-09.08.2022 wurde von unbekannten T\u00e4tern eine Sitzbank vom Friedhof entwendet und anschlie\u00dfend im Weinberg zerst\u00f6rt und am und 10.-11.08.2022 wurde in den Stra\u00dfen Auf der Lehr und Siebenmorgenstra\u00dfe Gullideckel ausgehoben. Zeugenhinweise bitte an die Polizeiwache Annweiler unter 06346-964619.<\/p>\n\n\n\n<h2 class=\"wp-block-heading\">(Gleisweiler) &#8211; Ziegenfl\u00fcsterer im Einsatz<\/h2>\n\n\n<div class=\"wp-block-image\">\n<figure class=\"aligncenter size-full\"><img decoding=\"async\" loading=\"lazy\" width=\"800\" height=\"600\" src=\"https:\/\/speyer24news.com\/wp-content\/uploads\/2022\/08\/Ziegenrettung.jpg\" alt=\"\" class=\"wp-image-48084\" srcset=\"https:\/\/speyer24news.com\/wp-content\/uploads\/2022\/08\/Ziegenrettung.jpg 800w, https:\/\/speyer24news.com\/wp-content\/uploads\/2022\/08\/Ziegenrettung-300x225.jpg 300w, https:\/\/speyer24news.com\/wp-content\/uploads\/2022\/08\/Ziegenrettung-768x576.jpg 768w, https:\/\/speyer24news.com\/wp-content\/uploads\/2022\/08\/Ziegenrettung-678x509.jpg 678w, https:\/\/speyer24news.com\/wp-content\/uploads\/2022\/08\/Ziegenrettung-326x245.jpg 326w, https:\/\/speyer24news.com\/wp-content\/uploads\/2022\/08\/Ziegenrettung-80x60.jpg 80w\" sizes=\"(max-width: 800px) 100vw, 800px\" \/><\/figure><\/div>\n\n\n<p>Ein &#8222;Ziegenbaby in Not&#8220; meldete eine besorgte Anwohnerin am Freitag (12.08.2022) gegen 13:45 Uhr der Polizeiinspektion Edenkoben. Das Zicklein habe sich im Zaun seines Geheges im n\u00f6rdlichen Bereich von Gleisweiler verfangen und meckere nun herzzerrei\u00dfend um Hilfe.<\/p>\n\n\n\n<p>Die \u00d6rtlichkeit wurde umgehend durch eine Streifenbesatzung aus Edenkoben angefahren. Zwar konnten die Polizisten kein Zicklein, sondern eine ausgewachsene Ziege feststellen. Diese hing aber tats\u00e4chlich in besagter Einfriedung fest. Anscheinend hatte die Ziege zuvor versucht, das sprichw\u00f6rtlich gr\u00fcnere Gras auf der anderen Seite des Zaunes zu erreichen und hierzu den Kopf durch den weitmaschigen Drahtzaun gesteckt. Anschlie\u00dfend konnte sie ihren Kopf auf Grund ihrer stattlichen H\u00f6rner nicht mehr zur\u00fcckziehen.<\/p>\n\n\n<div class=\"wp-block-image\">\n<figure class=\"aligncenter size-full\"><img decoding=\"async\" loading=\"lazy\" width=\"800\" height=\"600\" src=\"https:\/\/speyer24news.com\/wp-content\/uploads\/2022\/08\/Ziegen-Salut.jpg\" alt=\"\" class=\"wp-image-48085\" srcset=\"https:\/\/speyer24news.com\/wp-content\/uploads\/2022\/08\/Ziegen-Salut.jpg 800w, https:\/\/speyer24news.com\/wp-content\/uploads\/2022\/08\/Ziegen-Salut-300x225.jpg 300w, https:\/\/speyer24news.com\/wp-content\/uploads\/2022\/08\/Ziegen-Salut-768x576.jpg 768w, https:\/\/speyer24news.com\/wp-content\/uploads\/2022\/08\/Ziegen-Salut-678x509.jpg 678w, https:\/\/speyer24news.com\/wp-content\/uploads\/2022\/08\/Ziegen-Salut-326x245.jpg 326w, https:\/\/speyer24news.com\/wp-content\/uploads\/2022\/08\/Ziegen-Salut-80x60.jpg 80w\" sizes=\"(max-width: 800px) 100vw, 800px\" \/><\/figure><\/div>\n\n\n<p>Kurzerhand wurde die ver\u00e4ngstigte Ziege also durch einen beherzten Griff des tiererfahrenen Kommissars vor Ort aus ihrer misslichen Lage befreit. Die Ziege galoppierte augenblicklich davon, nur um dann mit mehreren Artgenossen noch einmal zur\u00fcckzukehren. Gemeinsam stellten sich die Tiere nun in Reih&#8216; und Glied auf, so als wollten sie den Polizisten noch ein gemeinsames &#8222;Dankesch\u00f6n&#8220; zumeckern.<\/p>\n\n\n\n<p>Mit einem knappen &#8222;Gern geschehen.&#8220; verabschiedeten sich diese schmunzelnd von den Horntr\u00e4gern und steuerten direkt den n\u00e4chsten Einsatz an.<\/p>\n\n\n\n<h2 class=\"wp-block-heading\">(K 6 zw. Venningen und Edenkoben) &#8211; Verkehrsunfall \/ 77-j\u00e4hriger leicht verletzt<\/h2>\n\n\n<div class=\"wp-block-image\">\n<figure class=\"aligncenter size-full\"><img decoding=\"async\" loading=\"lazy\" width=\"800\" height=\"548\" src=\"https:\/\/speyer24news.com\/wp-content\/uploads\/2022\/08\/LiBiVUK6.jpeg\" alt=\"\" class=\"wp-image-48086\" srcset=\"https:\/\/speyer24news.com\/wp-content\/uploads\/2022\/08\/LiBiVUK6.jpeg 800w, https:\/\/speyer24news.com\/wp-content\/uploads\/2022\/08\/LiBiVUK6-300x206.jpeg 300w, https:\/\/speyer24news.com\/wp-content\/uploads\/2022\/08\/LiBiVUK6-768x526.jpeg 768w\" sizes=\"(max-width: 800px) 100vw, 800px\" \/><\/figure><\/div>\n\n\n<p>Am Freitag, den 12.08.2022, kam es gegen 13:00 Uhr auf der Kreisstra\u00dfe 6 zwischen Venningen und Altdorf im Bereich der Autobahnauffahrt Nord zu einem Verkehrsunfall unter Beteiligung zweier PKW. Ein 77-j\u00e4hriger missachtete beim Abbiegen die Vorfahrt des entgegenkommenden Fahrzeugs. Der Unfallverursacher musste infolge der erlittenen Verletzungen in ein Krankenhaus verbracht werden. \u00dcber die Dauer der Unfallaufnahme war eine befristete Sperrung der Kreisstra\u00dfe 6 in Fahrtrichtung Venningen erforderlich. Zeugenhinweise nimmt die Polizeiinspektion Edenkoben unter der Tel. 06323 955-0 oder per E-Mail:\u00a0<a href=\"mailto:piedenkoben@polizei.rlp.de\">piedenkoben@polizei.rlp.de<\/a>\u00a0entgegen.<\/p>\n\n\n\n<h2 class=\"wp-block-heading\">(Niederkirchen \/ Meckenheim) &#8211; Ungl\u00fccklicher Zusammensto\u00df<\/h2>\n\n\n\n<p>Am Donnerstag, 11.08.22, gegen 17:40 Uhr kam es auf der Landstra\u00dfe zwischen Meckenheim und Niederkirchen zu einem ungl\u00fccklichen Zusammensto\u00df zwischen einem LKW und einem Linienbus. Im Begegnungsverkehr ber\u00fchrten sich die jeweiligen Au\u00dfenspiegel beider Fahrzeuge und wurden hierdurch besch\u00e4digt. Der Spiegel des LKW zerschlug hierbei das Seitenfenster. Durch die Glassplitter wurde der 57-j\u00e4hrige Fahrer aus Niederkirchen leicht verletzt. Der 58-j\u00e4hrige Busfahrer aus Neustadt blieb unverletzt. Der Gesamtschaden bel\u00e4uft sich auf etwa 1000 Euro.<\/p>\n\n\n\n<h2 class=\"wp-block-heading\">(Bad D\u00fcrkheim) &#8211; Unter Alkoholeinwirkung beinahe Polizeiauto gerammt<\/h2>\n\n\n\n<p>Am 11.08.2022 gegen 23:00 Uhr konnte in der Kaiserlauterstra\u00dfe in Bad D\u00fcrkheim der Fahrer eines 3er BMW einer Verkehrskontrolle unterzogen werden. Zuvor war er einer Streifenwagenbesatzung nach dem Ortseingang Hausen mit seinem BMW entgegengekommen. Dabei fuhr er auf die Gegenfahrbahn, sodass es beinahe zu einem Zusammensto\u00df mit dem Streifenwagen gekommen w\u00e4re. Dies konnte nur durch ein starkes Ausweichman\u00f6ver nach rechts durch den Polizeibeamten verhindert werden. Anschlie\u00dfend konnte er in der Kaiserlauterstra\u00dfe einer Kontrolle unterzogen werden. W\u00e4hrend der Kontrolle des 36-J\u00e4hrigen konnten die Polizeibeamten Atemalkoholgeruch feststellen. Ein freiwillig durchgef\u00fchrter Atemalkoholtest ergab einen Wert von 2,63 Promille. Ihm wurde eine Blutprobe entnommen und sein F\u00fchrerschein sichergestellt. Gegen den Fahrer wird nun wegen Gef\u00e4hrdung des Stra\u00dfenverkehrs ermittelt.<\/p>\n\n\n\n<h2 class=\"wp-block-heading\">(Bad D\u00fcrkheim) &#8211; Warndreieck der Feuerwehr gestohlen<a href=\"https:\/\/www.facebook.com\/sharer.php?u=https%3A%2F%2Fwww.presseportal.de%2Fblaulicht%2Fpm%2F117687%2F5295275%2F%3Futm_source%3Dfacebook%26utm_medium%3Dsocial\"><\/a><a href=\"https:\/\/twitter.com\/intent\/tweet?text=POL-PDNW%3A%20%28Bad%20D%C3%BCrkheim%29%20-%20Warndreieck%20der%20Feuerwehr%20gestohlen&amp;url=https%3A%2F%2Fwww.presseportal.de%2Fblaulicht%2Fpm%2F117687%2F5295275%2F%3Futm_source%3Dtwitter%26utm_medium%3Dsocial&amp;hashtags=ots&amp;lang=de\"><\/a><a href=\"https:\/\/web.whatsapp.com\/send?text=POL-PDNW%3A%20%28Bad%20D%C3%BCrkheim%29%20-%20Warndreieck%20der%20Feuerwehr%20gestohlen%0A%0Ahttps%3A%2F%2Fwww.presseportal.de%2Fblaulicht%2Fpm%2F117687%2F5295275%2F%3Futm_source%3Dwhatsapp%26utm_medium%3Dsocial\"><\/a><a href=\"https:\/\/www.xing.com\/app\/user?op=share;url=https%3A%2F%2Fwww.presseportal.de%2Fblaulicht%2Fpm%2F117687%2F5295275%2F%3Futm_source%3Dxing%26utm_medium%3Dsocial\"><\/a><a href=\"http:\/\/www.linkedin.com\/shareArticle?mini=true&amp;url=https%3A%2F%2Fwww.presseportal.de%2Fblaulicht%2Fpm%2F117687%2F5295275%2F%3Futm_source%3Dlinkedin%26utm_medium%3Dsocial&amp;title=POL-PDNW%3A+%28Bad+D%C3%BCrkheim%29+-+Warndreieck+der+Feuerwehr+gestohlen\"><\/a><a href=\"mailto:?subject=POL-PDNW%3A%20%28Bad%20D%C3%BCrkheim%29%20-%20Warndreieck%20der%20Feuerwehr%20gestohlen&amp;body=https:\/\/www.presseportal.de\/blaulicht\/pm\/117687\/5295275\"><\/a><\/h2>\n\n\n\n<p>Im Zeitraum von 11.08.2022 16:00 Uhr bis 19:00 Uhr wurde auf der B37 in Bad D\u00fcrkheim ein faltbares Warndreieck der Feuerwehr entwendet. Gegen 16:30 Uhr kam es an der Bruchkreuzung zu einem Verkehrsunfall. Ein 35-j\u00e4hriger Fahrer eines Peugeot befuhr die B37 von Bad D\u00fcrkheim kommend in Fahrtrichtung A650. An der Kreuzung fuhr er auf einen verkehrsbedingt haltenden Audi auf. Der Peugeot war nicht mehr fahrbereit und musste abgeschleppt werden. Bei dem Verkehrsunfall wurde niemand verletzt. Aufgrund auslaufender Betriebsstoffe musste die Feuerwehr verst\u00e4ndigt werden. Diese streute die Fahrbahn ab. Da die Fahrbahn dennoch teilweise glatt war, wurde die Stra\u00dfenmeisterei Neustadt zur Reinigung der Stra\u00dfe verst\u00e4ndigt. Um die Verkehrsteilnehmer auf die \u00d6lspur bis zur Stra\u00dfenreinigung hinzuweisen, wurde durch die Feuerwehr Bad D\u00fcrkheim ein Faltdreieck aufgestellt. Dieses wurde durch bislang unbekannte T\u00e4ter entwendet. Es entstand ein Sachschaden von 100 Euro. Gegen die T\u00e4ter wird nun wegen Beeintr\u00e4chtigung von Unfallverh\u00fctungs- und Nothilfemitteln ermittelt. Die Polizei Bad D\u00fcrkheim hat die Ermittlungen aufgenommen und bittet um Hinweise unter 06322 963 0 oder per E-Mail an\u00a0<a href=\"mailto:pibadduerkheim@polizei.rlp.de\">pibadduerkheim@polizei.rlp.de<\/a><\/p>\n\n\n\n<h2 class=\"wp-block-heading\">(Ellerstadt) &#8211; Fl\u00e4chenbrand<\/h2>\n\n\n\n<p>Am 11.08.2022 gegen 23:00 Uhr wurde ein Fl\u00e4chenbrand im Bereich der Akaziensiedlung in Ellerstadt gemeldet. Es handelte es sich um eine Fl\u00e4che von ca. 800 m2 Wiese und Feld. Der Brand wurde durch die Freiwillige Feuerwehr gel\u00f6scht. Der Gesch\u00e4digte Eigent\u00fcmer konnte bislang noch nicht ermittelt werden. Wie der Brand ausgel\u00f6st wurde, ist ebenfalls noch nicht bekannt. Die Polizei Bad D\u00fcrkheim bittet um Hinweise unter 06322 963 0 oder per E-Mail an\u00a0<a href=\"mailto:pibadduerkheim@polizei.rlp.de\">pibadduerkheim@polizei.rlp.de<\/a><\/p>\n\n\n\n<h2 class=\"wp-block-heading\">(Hettenleidelheim) &#8211; &#8222;Tag der Rettung&#8220; im Rahmen des Ferienfreizeitprogramms<\/h2>\n\n\n<div class=\"wp-block-image\">\n<figure class=\"aligncenter size-full\"><img decoding=\"async\" loading=\"lazy\" width=\"800\" height=\"400\" src=\"https:\/\/speyer24news.com\/wp-content\/uploads\/2022\/08\/Kollage.jpg\" alt=\"\" class=\"wp-image-48087\" srcset=\"https:\/\/speyer24news.com\/wp-content\/uploads\/2022\/08\/Kollage.jpg 800w, https:\/\/speyer24news.com\/wp-content\/uploads\/2022\/08\/Kollage-300x150.jpg 300w, https:\/\/speyer24news.com\/wp-content\/uploads\/2022\/08\/Kollage-768x384.jpg 768w\" sizes=\"(max-width: 800px) 100vw, 800px\" \/><\/figure><\/div>\n\n\n<p>Als Abschluss der Ferienfreizeitwoche der VG Hettenleidelheim, organisiert von einem 17-k\u00f6pfigen Helferteam rund um Jutta Frey, gab es zum heutigen Abschluss den &#8222;Tag der Rettung&#8220; im Schwimmbad Hettenleidelheim. Hier konnten u.a. die Feuerwehr, DLRG und die Rettungshundestaffel ihre Aufgabenbereiche sowie ihre technische Ausr\u00fcstung den interessierten Kindern im Alter zw. 06-14 Jahren pr\u00e4sentieren. <\/p>\n\n\n<div class=\"wp-block-image\">\n<figure class=\"aligncenter size-full\"><img decoding=\"async\" loading=\"lazy\" width=\"800\" height=\"540\" src=\"https:\/\/speyer24news.com\/wp-content\/uploads\/2022\/08\/Bobbycar-Race.jpg\" alt=\"\" class=\"wp-image-48089\" srcset=\"https:\/\/speyer24news.com\/wp-content\/uploads\/2022\/08\/Bobbycar-Race.jpg 800w, https:\/\/speyer24news.com\/wp-content\/uploads\/2022\/08\/Bobbycar-Race-300x203.jpg 300w, https:\/\/speyer24news.com\/wp-content\/uploads\/2022\/08\/Bobbycar-Race-768x518.jpg 768w\" sizes=\"(max-width: 800px) 100vw, 800px\" \/><\/figure><\/div>\n\n\n<p>Auch die Polizei Gr\u00fcnstadt folgte gerne der Einladung zu dieser Veranstaltung. Verkehrssicherheitsberater J\u00f6rg Ulrich hatte sich mit seiner Kollegin Julia Fuchs etwas Besonderes f\u00fcr die Kinder ausgedacht. So gab es u.a. einen Parcours f\u00fcr ein Bobbycar-Rennen, bei dem zus\u00e4tzlich mit der mitgef\u00fchrten Laserpistole die Geschwindigkeit und die Zeit gemessen wurde. <\/p>\n\n\n<div class=\"wp-block-image\">\n<figure class=\"aligncenter size-full\"><img decoding=\"async\" loading=\"lazy\" width=\"500\" height=\"717\" src=\"https:\/\/speyer24news.com\/wp-content\/uploads\/2022\/08\/Kontrolle.jpg\" alt=\"\" class=\"wp-image-48088\" srcset=\"https:\/\/speyer24news.com\/wp-content\/uploads\/2022\/08\/Kontrolle.jpg 500w, https:\/\/speyer24news.com\/wp-content\/uploads\/2022\/08\/Kontrolle-209x300.jpg 209w\" sizes=\"(max-width: 500px) 100vw, 500px\" \/><\/figure><\/div>\n\n\n<p>Ebenfalls wurde das Polizeimotorrad als Einsatzfahrzeug vorgestellt und die Kinder durften auch gerne f\u00fcr ein Erinnerungsfoto aufsitzen. Auch die Feuerwehr pr\u00e4sentierte ihren umfangreichen Fuhrpark und das technische Ger\u00e4t und die Kolleginnen und Kollegen der Rettungshundestaffel zeigten mit ihren Vierbeinern, was die so alles k\u00f6nnen und in welchen Situationen sie unterst\u00fctzend zum Einsatz kommen. <\/p>\n\n\n<div class=\"wp-block-image\">\n<figure class=\"aligncenter size-full\"><img decoding=\"async\" loading=\"lazy\" width=\"800\" height=\"540\" src=\"https:\/\/speyer24news.com\/wp-content\/uploads\/2022\/08\/Gruppegesamt.jpg\" alt=\"\" class=\"wp-image-48090\" srcset=\"https:\/\/speyer24news.com\/wp-content\/uploads\/2022\/08\/Gruppegesamt.jpg 800w, https:\/\/speyer24news.com\/wp-content\/uploads\/2022\/08\/Gruppegesamt-300x203.jpg 300w, https:\/\/speyer24news.com\/wp-content\/uploads\/2022\/08\/Gruppegesamt-768x518.jpg 768w\" sizes=\"(max-width: 800px) 100vw, 800px\" \/><\/figure><\/div>\n\n\n<p>Auch f\u00fcr Spiel und Spa\u00df war nat\u00fcrlich ausreichend gesorgt, es gab eine H\u00fcpfburg, eine Wassergleitfl\u00e4che und reichlich Abk\u00fchlungsm\u00f6glichkeiten im k\u00fchlen Nass der Schwimmbecken. F\u00fcr die knapp 50 Kinder war der Tag der Rettung ein Highlight und gleichzeitig ein sch\u00f6ner Abschluss der Ferienfreizeitwoche.<\/p>\n\n\n\n<h2 class=\"wp-block-heading\">(Gr\u00fcnstadt) &#8211; Fahren ohne Fahrerlaubnis und unter Einfluss von Bet\u00e4ubungsmitteln<\/h2>\n\n\n\n<p>Am Donnerstag, 11.08.2022 gegen 18:00 Uhr wurde ein 43-j\u00e4hriger Fahrer eines Opel aus dem Raum Frankenthal in Gr\u00fcnstadt einer Verkehrskontrolle unterzogen. Der Mann gab direkt an, nicht im Besitz einer Fahrerlaubnis zu sein, weshalb ihm die Weiterfahrt untersagt wurde. Zudem ergaben sich Hinweise auf eine aktuelle Beeinflussung durch Bet\u00e4ubungsmittel bei dem Fahrers, welche sich durch einen Schnelltest (THC) best\u00e4tigten. Es wurden diverse Ermittlungsverfahren wegen Fahrens ohne Fahrerlaubnis, Trunkenheit im Verkehr und Versto\u00dfes gegen das Bet\u00e4ubungsmittelgesetz eingeleitet.<\/p>\n\n\n\n<h2 class=\"wp-block-heading\">(Obers\u00fclzen) &#8211; Versuchtes Aussp\u00e4hen von Daten durch vermeintliche Polizeibeh\u00f6rde<\/h2>\n\n\n\n<p>Wie erst jetzt bekannt wurde kam es am 10.08.22 zu einem Versuch Kontodaten von einer Anwohnerin zu erlangen. Bei zwei Telefonaten meldete sich der Anrufer als vermeintlicher Mitarbeiter von &#8222;Europol&#8220; und versuchte Kontodaten zu erfragen. Die 60-j\u00e4hrige reagiert vorbildlich und beendete die Telefonate ohne pers\u00f6nliche Daten preiszugeben. Wertvolle Pr\u00e4ventionstipps gibt es unter\u00a0<a href=\"http:\/\/www.polizei-beratung.de\">www.polizei-beratung.de<\/a>\u00a0.<\/p>\n\n\n\n<h2 class=\"wp-block-heading\">(Frankenthal) &#8211; Geschwindigkeitskontrollen<\/h2>\n\n\n\n<p>Durch Einsatzkr\u00e4fte hiesiger Dienststelle wurden am 11.08.2022, in der Zeit von 12.25 Uhr bis 13.45 Uhr, in Flomersheim Geschwindigkeitskontrollen durchgef\u00fchrt. Die erste Messstelle befand sich in der Freinsheimer Stra\u00dfe, hier konnten bei 18 gemessenen Fahrzeugen keine Geschwindigkeitsverst\u00f6\u00dfe festgestellt werden. Bei der zweiten Messstelle in der D\u00fcrkheimer Stra\u00dfe konnten bei 35 gemessenen Fahrzeugen 7 Fahrzeuge gemessen werden, welche die zul\u00e4ssige H\u00f6chstgeschwindigkeit von 30 km\/h \u00fcberschritten. Gegen die Fahrzeugf\u00fchrer wurde ein Ordnungswidrigkeitsverfahren eingeleitet.<\/p>\n\n\n\n<h2 class=\"wp-block-heading\">(Ludwigshafen) &#8211; Drogenbeeinflusster E-Scooter-Fahrer versucht zu fl\u00fcchten<\/h2>\n\n\n\n<p>In der Nacht auf Freitag (12.08.2022), gegen 00:15 Uhr, sollte ein E-Scooter mit zwei Personen in der Brunckstra\u00dfe kontrolliert werden. Fahrer und Beifahrer versuchten getrennt voneinander zu fl\u00fcchten, konnten durch die Polizeikr\u00e4fte aber zum Anhalten gebracht werden. Bei dem 18-j\u00e4hrigen Fahrer stellten die Beamten Hinweise auf eine Alkoholisierung und auf eine Drogenbeeinflussung fest. Der Verdacht konnte durch Tests best\u00e4tigt werden. Ein Alkoholtest ergab eine Alkoholisierung von 0,18 Promille und ein Urintest verlief positiv auf THC. Bei der Kontrolle des 19-j\u00e4hrigen Beifahrers wurde ein Einhandmesser sichergestellt. Dem 18-j\u00e4hrigen Fahrer wurde auf der Polizeidienststelle eine Blutprobe entnommen, um die genaue Alkohol- und Drogenbeeinflussung festzustellen.<\/p>\n\n\n\n<h2 class=\"wp-block-heading\">(Ludwigshafen) &#8211; Alkoholisiert auf E-Scooter unterwegs<\/h2>\n\n\n\n<p>Ein 28-j\u00e4hriger E-Scooter-Fahrer wurde am sp\u00e4ten Donnerstagabend (11.08.22) gegen 23:00 Uhr in der Geibelstra\u00dfe alkoholisiert aus dem Verkehr gezogen. Bei der Kontrolle stellten die Polizeikr\u00e4fte fest, dass der Fahrer alkoholisiert war. Ein Atemalkoholtest ergab einen Wert von 1,45 Promille. Dem 28-j\u00e4hrigen wurde auf der Polizeidienststelle eine Blutprobe entnommen. Sogenannte E-Scooter sind Kraftfahrzeuge, deshalb gelten die gleichen Promillegrenzen, wie z.B. bei Autos. Gegen den 28-J\u00e4hrigen wurde ein Ermittlungsverfahren wegen Trunkenheit im Verkehr eingeleitet. Gegen ihn kann eine Freiheitsstrafe bis zu einem oder eine Geldstrafe verh\u00e4ngt werden. Au\u00dferdem kann die F\u00fchrerscheinstelle auch, bei E-Scooter-Fahrern die Geeignetheit des Fahrers \u00fcberpr\u00fcfen und ggfls. einen Fahrerlaubnisentzug oder -sperre anordnen.<\/p>\n\n\n\n<h2 class=\"wp-block-heading\">(Ludwigshafen) &#8211; Einsatzfahrzeug besch\u00e4digt \/ Tatverd\u00e4chtiger ermittelt<\/h2>\n\n\n\n<p>Am Donnerstagabend (11.08.2022), gegen 21:00 Uhr, wurde an einem abgestellten Einsatzfahrzeug der Stadt Ludwigshafen (Ruhender Verkehr) ein Reifen besch\u00e4digt. Durch Zeugenhinweise konnte in unmittelbarer N\u00e4he ein 32-j\u00e4hrige Tatverd\u00e4chtiger kontrolliert werden. Der 32-J\u00e4hrige hatte bei der Kontrolle ein Messer dabei. Nach Abgleich mit der Besch\u00e4digung am Reifen, k\u00f6nnte es sich bei dem Messer um das Tatmittel gehandelt haben. Gegen den Mann wird nun wegen Sachbesch\u00e4digung ermittelt.<\/p>\n\n\n\n<h2 class=\"wp-block-heading\">(Ludwigshafen) &#8211; Streit eskaliert<\/h2>\n\n\n\n<figure class=\"wp-block-image size-full\"><img decoding=\"async\" loading=\"lazy\" width=\"800\" height=\"533\" src=\"https:\/\/speyer24news.com\/wp-content\/uploads\/2022\/04\/Mann-Wuetend-Streit.jpg\" alt=\"\" class=\"wp-image-45247\" srcset=\"https:\/\/speyer24news.com\/wp-content\/uploads\/2022\/04\/Mann-Wuetend-Streit.jpg 800w, https:\/\/speyer24news.com\/wp-content\/uploads\/2022\/04\/Mann-Wuetend-Streit-300x200.jpg 300w, https:\/\/speyer24news.com\/wp-content\/uploads\/2022\/04\/Mann-Wuetend-Streit-768x512.jpg 768w\" sizes=\"(max-width: 800px) 100vw, 800px\" \/><figcaption>Symbolfoto &#8222;Streit&#8220;<\/figcaption><\/figure>\n\n\n\n<p>Am Donnerstagnachmittag (11.08.2022), gegen 16:20 Uhr, gerieten zwei Bekannte am Welserplatz in Streit. Im Verlauf des Streites beleidigte der 34-J\u00e4hrige seinen 40-J\u00e4hrigen Bekannten und griff ihn dann mit einem Cuttermesser, Tritten und Schl\u00e4gen an. Der 40-J\u00e4hrige wurde durch den Angriff leicht verletzt und wurde durch den Rettungsdienst in ein Krankenhaus gebracht.<\/p>\n\n\n\n<h2 class=\"wp-block-heading\">(Ludwigshafen) &#8211; Taschendiebstahl<\/h2>\n\n\n\n<p>Am Donnerstag (11.08.2022), zwischen 14:30 Uhr und 15:00 Uhr, stahlen Unbekannte das Handy aus der Hosentasche eines 69-J\u00e4hrigen, w\u00e4hrend dieser in einem Discounter in der Ludwigstra\u00dfe einkaufen war. Hinweise auf m\u00f6gliche T\u00e4ter liegen derzeit nicht vor.<\/p>\n\n\n\n<p>Sachdienliche Hinweise bitte an die Polizeiinspektion Ludwigshafen 1, Telefonnummer 0621 963-2122 oder per E-Mail\u00a0<a href=\"mailto:piludwigshafen1@polizei.rlp.de\">piludwigshafen1@polizei.rlp.de<\/a>\u00a0.<\/p>\n\n\n\n<h2 class=\"wp-block-heading\">(Ludwigshafen) &#8211; Betrug per WhatsApp<\/h2>\n\n\n\n<p>Am Donnerstag erhielten gleich zwei Frauen aus Ludwigshafen Nachrichten von ihren vermeintlichen T\u00f6chtern. In beiden F\u00e4llen wurden die Frauen unter dem Vorwand, dass das eigene Handy kaputt sei, dazu aufgefordert Geld zu \u00fcberweisen. Die Gesch\u00e4digten \u00fcberwiesen an die Betr\u00fcger insgesamt rund 4500,- Euro.<\/p>\n\n\n\n<h4 class=\"wp-block-heading\">Beachten Sie die Tipps Ihrer Polizei, um sich vor Betrug zu sch\u00fctzen:<\/h4>\n\n\n\n<ul><li><strong>Wenn Sie von Ihnen bekannten Personen unter einer unbekannten Nummer kontaktiert werden, speichern Sie die Nummer nicht automatisch ab.<\/strong><\/li><li><strong>Fragen Sie bei der Ihnen bekannten Person unter der alten Nummer nach.<\/strong><\/li><li><strong>Geld\u00fcberweisungen \u00fcber WhatsApp und andere Messenger sollten immer misstrauisch machen und \u00fcberpr\u00fcft werden.<\/strong><\/li><li><strong>Achten Sie auf die Sicherheitseinstellungen Ihres verwendeten Nachrichtendienstes.<\/strong><\/li><li><strong>Informieren Sie Ihre Angeh\u00f6rigen und Bekannten \u00fcber diese Betrugsmasche, um auch Sie zu sch\u00fctzen.<\/strong><\/li><\/ul>\n\n\n\n<p>Auf der Internet-Seite\u00a0<a href=\"https:\/\/www.polizei-beratung.de\/\" target=\"_blank\" rel=\"noreferrer noopener\">www.polizei-beratung.de<\/a>\u00a0finden Sie umfangreiche Informationen zu diesem Thema. \u00dcber die Hotline 0621 963 &#8211; 1515 k\u00f6nnen sich Senioren auch telefonisch \u00fcber Betrugsdelikte informieren.<\/p>\n\n\n\n<h2 class=\"wp-block-heading\">(Ludwigshafen) &#8211; Anrufe von falschen Europol-Beamten<\/h2>\n\n\n\n<p>Am Donnerstag (11.08.2022) erhielten drei Ludwigshafener Anrufe, vermeintlich von Europol. Unter verschiedenen Vorw\u00e4nden (Probleme mit ID-Karte, Bankverbindung gesperrt, Unregelm\u00e4\u00dfigkeiten bei Kreditkarte) wurden die Angerufenen aufgefordert die 1 auf der Telefontastatur zu dr\u00fccken. Alle erkannten die Masche und beendeten das Gespr\u00e4ch.<\/p>\n\n\n\n<h2 class=\"wp-block-heading\">(Ludwigshafen) &#8211; Radfahrer fl\u00fcchtet nach Unfall<\/h2>\n\n\n<div class=\"wp-block-image\">\n<figure class=\"aligncenter size-full\"><img decoding=\"async\" loading=\"lazy\" width=\"801\" height=\"600\" src=\"https:\/\/speyer24news.com\/wp-content\/uploads\/2020\/05\/Zeugen-gesucht-Neutral.jpg\" alt=\"\" class=\"wp-image-26598\" srcset=\"https:\/\/speyer24news.com\/wp-content\/uploads\/2020\/05\/Zeugen-gesucht-Neutral.jpg 801w, https:\/\/speyer24news.com\/wp-content\/uploads\/2020\/05\/Zeugen-gesucht-Neutral-300x225.jpg 300w, https:\/\/speyer24news.com\/wp-content\/uploads\/2020\/05\/Zeugen-gesucht-Neutral-768x575.jpg 768w, https:\/\/speyer24news.com\/wp-content\/uploads\/2020\/05\/Zeugen-gesucht-Neutral-678x509.jpg 678w, https:\/\/speyer24news.com\/wp-content\/uploads\/2020\/05\/Zeugen-gesucht-Neutral-326x245.jpg 326w, https:\/\/speyer24news.com\/wp-content\/uploads\/2020\/05\/Zeugen-gesucht-Neutral-80x60.jpg 80w\" sizes=\"(max-width: 801px) 100vw, 801px\" \/><\/figure><\/div>\n\n\n<p>Am Donnerstagmorgen (11.08.2022), gegen 9:50 Uhr, fuhr ein Radfahrer in der Notwendestra\u00dfe in das fahrende Auto einer 61-J\u00e4hrigen. Als die Autofahrerin die Polizei rufen wollte, fl\u00fcchtet der Radfahrer, ohne sich um den entstandenen Schaden in H\u00f6he von ca. 700,- Euro zu k\u00fcmmern. <\/p>\n\n\n\n<h4 class=\"wp-block-heading\">Der fl\u00fcchtige Radfahrer wird wie folgt beschrieben:<\/h4>\n\n\n\n<ul><li><strong>ca. 30 &#8211; 40 Jahre alt<\/strong><\/li><li><strong>ca. 1,70 m gro\u00df<\/strong><\/li><li><strong>blonde\/hellbraune Haare<\/strong><\/li><li><strong>fuhr mit einem silbernen Mountainbike<\/strong><\/li><\/ul>\n\n\n\n<p>Wer hat den Unfall beobachtet oder kann Hinweise zu dem fl\u00fcchtigen Fahrer geben?<\/p>\n\n\n\n<p>Hinweise werden an die Polizeiwache Oggersheim unter Tel. 0621 963 &#8211; 2403 oder per Mail&nbsp;<a target=\"_blank\" rel=\"noreferrer noopener\" href=\"mailto:pwoggersheim@polizei.rlp.de\">pwoggersheim@polizei.rlp.de<\/a>&nbsp;erbeten.<\/p>\n\n\n\n<h2 class=\"wp-block-heading\">(Ludwigshafen) &#8211; Einbruch in Wohnhaus<\/h2>\n\n\n\n<p>In der Zeit vom 01.08. bis 11.08.2022 brachen Unbekannte in ein Wohnhaus in der W\u00f6rthstra\u00dfe ein. Die Bewohner befanden sich zu der Zeit im Urlaub. Aus dem Haus wurde Schmuck in Wert von rund 2000,- Euro entwendet.<\/p>\n\n\n\n<p>Sachdienliche Hinweise nimmt die Kriminalpolizei Ludwigshafen unter der Telefonnummer 0621\/963-2773 oder per E-Mail&nbsp;<a href=\"mailto:kiludwigshafen.k1.kdd@polizei.rlp.de\">kiludwigshafen.k1.kdd@polizei.rlp.de<\/a>&nbsp;entgegen.<\/p>\n\n\n\n<p>Damit Sie im oder nach dem Urlaub keine b\u00f6se \u00dcberraschung erleben, treffen Sie geeignete Vorsorgema\u00dfnahmen. Informieren Sie Ihren Nachbarn, Ihre Freunde oder Ihre Bekannten, dass Ihr Haus oder Ihre Wohnung in der Zeit leer steht. Vermeiden Sie eindeutige Zeichen, an denen ein Einbrecher erkennt, dass ein Haus oder eine Wohnung unbewohnt ist.<\/p>\n\n\n\n<h4 class=\"wp-block-heading\">Hier einige Tipps:<\/h4>\n\n\n\n<ul><li><strong>Lassen Sie den Briefkasten leeren<\/strong><\/li><li><strong>Sorgen Sie tempor\u00e4r f\u00fcr Beleuchtung<\/strong><\/li><li><strong>Lassen Sie Rolll\u00e4den nicht permanent geschlossen<\/strong><\/li><li><strong>Sprechen Sie ihre Abwesenheit nicht auf den Anrufbeantworter<\/strong><\/li><li><strong>Posten Sie keine aktuellen Urlaubsbilder Facebook, Twitter und Co.<\/strong><\/li><li><strong>Verwahren Sie besonders wertvolle Gegenst\u00e4nde in einem Bankschlie\u00dffach<\/strong><\/li><\/ul>\n\n\n\n<p>Weitere Informationen im Internet:&nbsp;<a target=\"_blank\" rel=\"noreferrer noopener\" href=\"https:\/\/www.polizei-beratung.de\/\">www.polizei-beratung.de<\/a>&nbsp;oder&nbsp;<a target=\"_blank\" rel=\"noreferrer noopener\" href=\"https:\/\/www.k-einbruch.de\/\">www.k-einbruch.de<\/a><\/p>\n\n\n\n<h2 class=\"wp-block-heading\">(Ludwigshafen) &#8211; 54-J\u00e4hriger aus Ludwigshafen weiter vermisst<\/h2>\n\n\n\n<h3 class=\"wp-block-heading\">Nachtrag zur Pressemeldung vom 08.08.2022:\u00a0<a href=\"https:\/\/s.rlp.de\/a8hsd\" target=\"_blank\" rel=\"noreferrer noopener\">https:\/\/s.rlp.de\/a8hsd<\/a><\/h3>\n\n\n<div class=\"wp-block-image\">\n<figure class=\"aligncenter size-full\"><img decoding=\"async\" loading=\"lazy\" width=\"500\" height=\"714\" src=\"https:\/\/speyer24news.com\/wp-content\/uploads\/2022\/08\/Vermisster.jpg\" alt=\"\" class=\"wp-image-47923\" srcset=\"https:\/\/speyer24news.com\/wp-content\/uploads\/2022\/08\/Vermisster.jpg 500w, https:\/\/speyer24news.com\/wp-content\/uploads\/2022\/08\/Vermisster-210x300.jpg 210w\" sizes=\"(max-width: 500px) 100vw, 500px\" \/><\/figure><\/div>\n\n\n<p>Der seit dem 04.08.2022 vermisste Suat Karaca konnte trotz intensiver Suchma\u00dfnahmen und \u00d6ffentlichkeitsfahndung bislang noch nicht gefunden werden. Die Polizei bittet daher weiterhin die Bev\u00f6lkerung um Mithilfe. Herr Karacas ist an Demenz erkrankt und k\u00f6nnte orientierungslos sein. Er k\u00f6nnte sich auch im Bereich Mannheim aufhalten.<\/p>\n\n\n\n<h4 class=\"wp-block-heading\">Herr Karaca wird wie folgt beschrieben:<\/h4>\n\n\n\n<ul><li><strong>ca. 1,72 m gro\u00df<\/strong><\/li><li><strong>normale Figur<\/strong><\/li><li><strong>kurze, graue Haare<\/strong><\/li><li><strong>bekleidet vermutlich mit einem blauen Polo-Shirt<\/strong><\/li><li><strong>blaue Jeans und braunen Schuhen.<\/strong><\/li><li><strong>Den auf den Bildern zu sehenden Vollbart tr\u00e4gt der Vermisste derzeit nicht mehr.<\/strong><\/li><\/ul>\n\n\n\n<p>Wer hat Suat Karaca gesehen? Wer kann Hinweise zum derzeitigen Aufenthaltsort von Herrn Karaca geben?<\/p>\n\n\n\n<p>Sachdienliche Hinweise nimmt die Kriminalpolizei Ludwigshafen unter der Telefonnummer 0621\/963-2773 oder per E-Mail\u00a0<a href=\"mailto:kiludwigshafen.k1.kdd@polizei.rlp.de\">kiludwigshafen.k1.kdd@polizei.rlp.de<\/a>\u00a0entgegen.<\/p>\n\n\n\n<h2 class=\"wp-block-heading\">(Mannheim) &#8211; Kontrollen der Ermittlungsgruppe Poser im Mannheimer Stadtgebiet<a href=\"https:\/\/www.facebook.com\/sharer.php?u=https%3A%2F%2Fwww.presseportal.de%2Fblaulicht%2Fpm%2F14915%2F5295581%2F%3Futm_source%3Dfacebook%26utm_medium%3Dsocial\"><\/a><a href=\"https:\/\/twitter.com\/intent\/tweet?text=POL-MA%3A%20Mannheim%3A%20Kontrollen%20der%20Ermittlungsgruppe%20Poser%20im%20Mannheimer%20Stadtgebiet&amp;url=https%3A%2F%2Fwww.presseportal.de%2Fblaulicht%2Fpm%2F14915%2F5295581%2F%3Futm_source%3Dtwitter%26utm_medium%3Dsocial&amp;hashtags=ots&amp;lang=de\"><\/a><a href=\"https:\/\/web.whatsapp.com\/send?text=POL-MA%3A%20Mannheim%3A%20Kontrollen%20der%20Ermittlungsgruppe%20Poser%20im%20Mannheimer%20Stadtgebiet%0A%0Ahttps%3A%2F%2Fwww.presseportal.de%2Fblaulicht%2Fpm%2F14915%2F5295581%2F%3Futm_source%3Dwhatsapp%26utm_medium%3Dsocial\"><\/a><a href=\"https:\/\/www.xing.com\/app\/user?op=share;url=https%3A%2F%2Fwww.presseportal.de%2Fblaulicht%2Fpm%2F14915%2F5295581%2F%3Futm_source%3Dxing%26utm_medium%3Dsocial\"><\/a><a href=\"http:\/\/www.linkedin.com\/shareArticle?mini=true&amp;url=https%3A%2F%2Fwww.presseportal.de%2Fblaulicht%2Fpm%2F14915%2F5295581%2F%3Futm_source%3Dlinkedin%26utm_medium%3Dsocial&amp;title=POL-MA%3A+Mannheim%3A+Kontrollen+der+Ermittlungsgruppe+Poser+im+Mannheimer+Stadtgebiet\"><\/a><a href=\"mailto:?subject=POL-MA%3A%20Mannheim%3A%20Kontrollen%20der%20Ermittlungsgruppe%20Poser%20im%20Mannheimer%20Stadtgebiet&amp;body=https:\/\/www.presseportal.de\/blaulicht\/pm\/14915\/5295581\"><\/a><\/h2>\n\n\n\n<p>Am Donnerstag zwischen 16 und 1 Uhr kontrollierten Beamtinnen und Beamte der Ermittlungsgruppe Poser des Mannheimer Verkehrsdienstes insgesamt 19 Fahrzeuge und 29 Personen im Mannheimer Stadtgebiet. In einem Fall wurde hierbei ein Fahrzeugf\u00fchrer wegen Fahrens ohne Fahrerlaubnis beanstandet. Gegen 18 Verkehrsteilnehmer wurden Ordnungswidrigkeitenverfahren eingeleitet. In f\u00fcnf F\u00e4llen wurde ein Erl\u00f6schen der Betriebserlaubnis festgestellt, wobei bei zwei Fahrzeugen deshalb sogar eine Sicherstellung des PKWs erforderlich wurde. Drei Fahrzeugf\u00fchrer m\u00fcssen mit Ordnungswidrigkeitenanzeigen wegen unn\u00f6tiger L\u00e4rmverursachung rechnen. Eine ganze Reihe an Verst\u00f6\u00dfen stellten die Ermittlerinnen und Ermittler bei der Verkehrskontrolle eines 41-j\u00e4hrigen Mannes gegen 22 Uhr in der Schafweide in der Neckarstadt fest. Das Fahrzeug war nicht nur rund 20 Dezibel deutlich lauter als erlaubt, sondern die Software des PKW war dahingehend manipuliert, dass beim Beschleunigen des VWs ein sogenannter &#8222;Schubknall&#8220; verursacht wird. Dar\u00fcber hinaus stellten die Einsatzkr\u00e4fte mehrere Manipulationen an der Abgasanlage fest, au\u00dferdem waren mehrere Teile am gesamten Fahrzeug unfachm\u00e4nnisch verbaut und verkabelt. Die weitere Fahrt war aufgrund der Vielzahl an M\u00e4ngeln, welche die allgemeine Verkehrssicherheit beeintr\u00e4chtigen, beendet. Das Fahrzeug wurde sichergestellt. Der Mann muss mit einer Anzeige wegen Erl\u00f6schens der Betriebserlaubnis rechnen.<\/p>\n\n\n\n<h2 class=\"wp-block-heading\">(Mannheim) &#8211; Beh\u00f6rden\u00fcberreifende Gastst\u00e4ttenkontrollen \/ Sieben Gastst\u00e4tten kontrolliert, davon vier geschlossen<\/h2>\n\n\n<div class=\"wp-block-image\">\n<figure class=\"aligncenter size-full\"><img decoding=\"async\" loading=\"lazy\" width=\"800\" height=\"599\" src=\"https:\/\/speyer24news.com\/wp-content\/uploads\/2020\/06\/Polizeikontrolle.jpg\" alt=\"\" class=\"wp-image-28255\" srcset=\"https:\/\/speyer24news.com\/wp-content\/uploads\/2020\/06\/Polizeikontrolle.jpg 800w, https:\/\/speyer24news.com\/wp-content\/uploads\/2020\/06\/Polizeikontrolle-300x225.jpg 300w, https:\/\/speyer24news.com\/wp-content\/uploads\/2020\/06\/Polizeikontrolle-768x575.jpg 768w, https:\/\/speyer24news.com\/wp-content\/uploads\/2020\/06\/Polizeikontrolle-678x509.jpg 678w, https:\/\/speyer24news.com\/wp-content\/uploads\/2020\/06\/Polizeikontrolle-326x245.jpg 326w, https:\/\/speyer24news.com\/wp-content\/uploads\/2020\/06\/Polizeikontrolle-80x60.jpg 80w\" sizes=\"(max-width: 800px) 100vw, 800px\" \/><\/figure><\/div>\n\n\n<p>Am Donnerstag zwischen 16:30 und 22:30 Uhr f\u00fchrte das Polizeipr\u00e4sidium Mannheim in einer gemeinsamen Kontrollaktion mit der Stadt Mannheim und dem Hauptzollamt Karlsruhe in den Stadtteilen Mannheim-Sandhofen, Mannheim-Sch\u00f6nau und Mannheim Waldhof mehrere Kontrollen in Gastst\u00e4tten durch. Insgesamt kontrollierten sechs Beamte des Polizeireviers Mannheim-Sandhofen, zehn Beamte der Finanzkontrolle Schwarzarbeit, vier Besch\u00e4ftigte des st\u00e4dtischen Ordnungsdienstes und eine Mitarbeiterin der Gastst\u00e4ttenbeh\u00f6rde der Stadt Mannheim sieben Gastst\u00e4tten und 63 Personen.<\/p>\n\n\n\n<p>W\u00e4hrend des Kontrolltages stellten die Einsatzkr\u00e4fte 28 Ordnungswidrigkeiten und sechs Straftaten fest. In vier Lokalen waren die Feststellungen so erheblich, dass sie geschlossen werden mussten. Beispielhaft in einem Fall, weil dort mehrere Geldspielautomaten vorgefunden wurden und sich daraus Verdachtsmomente f\u00fcr eine Steuerhinterziehung ergaben.<\/p>\n\n\n\n<p>Mehrfach wurden in den Lokalen keine oder lediglich veraltete Aush\u00e4nge \u00fcber jugendschutzrechtliche Vorschriften vorgefunden. Ein Betreiber muss sich wegen der Unterschreitung des Mindestlohns und der falschen Aufzeichnung von Arbeitszeiten verantworten. Gegen einen weiteren Betreiber wurden Ermittlungen wegen des Verdachts der illegalen Besch\u00e4ftigung eingeleitet. Sein Kassenbuch wurde zur weiteren \u00dcberpr\u00fcfung sichergestellt. Die festgestellten Verst\u00f6\u00dfe werden nun konsequent zur Anzeige gebracht.<\/p>\n\n\n\n<p>Im Hinblick auf die getroffenen Feststellungen werden die gemeinsamen Gastst\u00e4ttenkontrollen auch zuk\u00fcnftig intensiv und fl\u00e4chendeckend fortgesetzt.<\/p>\n\n\n\n<h2 class=\"wp-block-heading\">(Mannheim-Innenstadt) &#8211; Verkehrsunfall \/ Radfahrer leicht verletzt<\/h2>\n\n\n\n<p>Am Donnerstag kam es gegen 14.00 Uhr im Bereich von E 5 in der Mannheimer Innenstadt zu einem Verkehrsunfall zwischen einem PKW-Fahrer und einem Radfahrer. Der Fahrer des VW missachtete die Vorfahrt des Radfahrers. In Folge dessen kam es zur Kollision der beiden Verkehrsteilnehmer. Der Radfahrer wurde hierbei leicht verletzt in ein umliegendes Krankenhaus verbracht. Sein Fahrrad war nicht mehr fahrbereit. An dem PKW entstand ebenfalls ein Sachschaden.<\/p>\n\n\n\n<h2 class=\"wp-block-heading\">(Mannheim-Neckarstadt) &#8211; Motorradfahrer st\u00fcrzt aus unbekannter Ursache \/ G\u00fcltige Fahrerlaubnis derzeit noch unklar<\/h2>\n\n\n\n<p>Am Donnerstag kam es gegen 22.45 Uhr zu einem Verkehrsunfall in der Unterm\u00fchlaustra\u00dfe. Hierbei kam ein Motorradfahrer aus bislang unbekannten Gr\u00fcnden ins Schleudern und st\u00fcrzte im weiteren Verlauf. Sein Motorrad rutschte hierbei entlang des Fahrstreifens und besch\u00e4digte ein dort geparktes Fahrzeug. Der Fahrer erlitt leichte Verletzungen und wurde in ein umliegendes Krankenhaus verbracht. An dem Motorrad entstand wirtschaftlicher Totalschaden. Ob der Fahrer die n\u00f6tige Fahrerlaubnis f\u00fcr das Motorrad besitzt, ist derzeit noch Gegenstand der Ermittlungen.<\/p>\n\n\n\n<h2 class=\"wp-block-heading\">(A 6 \/ Gem. Mannheim-Feudenheim) &#8211; Happy End! Verlorener Teddyb\u00e4r auf der Autobahn findet zur\u00fcck<\/h2>\n\n\n\n<h3 class=\"has-text-align-center wp-block-heading\">Pressemeldung Nr. 2<\/h3>\n\n\n<div class=\"wp-block-image\">\n<figure class=\"aligncenter size-full\"><img decoding=\"async\" loading=\"lazy\" width=\"800\" height=\"556\" src=\"https:\/\/speyer24news.com\/wp-content\/uploads\/2022\/08\/Teddybaer.jpg\" alt=\"\" class=\"wp-image-47913\" srcset=\"https:\/\/speyer24news.com\/wp-content\/uploads\/2022\/08\/Teddybaer.jpg 800w, https:\/\/speyer24news.com\/wp-content\/uploads\/2022\/08\/Teddybaer-300x209.jpg 300w, https:\/\/speyer24news.com\/wp-content\/uploads\/2022\/08\/Teddybaer-768x534.jpg 768w\" sizes=\"(max-width: 800px) 100vw, 800px\" \/><\/figure><\/div>\n\n\n<p>Vergangenen Sonntag verlor ein zun\u00e4chst unbekannter Verkehrsteilnehmer einen Teddyb\u00e4ren auf der A6, welcher durch das schnelle Eingreifen der Autobahnpolizei Mannheim unversehrt von der Autobahn gerettet werden konnte (Pressemeldung von Sonntag:\u00a0<a href=\"https:\/\/www.presseportal.de\/blaulicht\/pm\/14915\/5290898\" target=\"_blank\" rel=\"noreferrer noopener\">https:\/\/www.presseportal.de\/blaulicht\/pm\/14915\/5290898<\/a>\u00a0). Nach einer gro\u00dfangelegten medialen Suchaktion meldete sich der 54-j\u00e4hrige Verlierer aus dem Rhein-Neckar-Kreis schlie\u00dflich am Montagabend bei der Polizei. Er hatte den Teddy am Tag zuvor vom Motorrad verloren. Der b\u00e4rige Sozius war eigentlich f\u00fcr die 1 1\/2 -j\u00e4hrige Tochter einer befreundeten Familie bestimmt, hatte sich aber w\u00e4hrend der Fahrt von der Gep\u00e4cktasche gel\u00f6st. Andere Verkehrsteilnehmer wurden durch das Stofftier gl\u00fccklicherweise nicht gef\u00e4hrdet. Nachdem der Teddy einige spannende Tage auf der Wache des Verkehrsdienstes Mannheim verbracht hatte, erfolgte am Donnerstagnachmittag durch die rettenden Polizeibeamten die \u00dcbergabe des Teddys, welcher ab sofort an seiner markanten roten Schleife auch noch das Wappen der Polizei tr\u00e4gt.<\/p>\n\n\n\n<h2 class=\"wp-block-heading\">(Heidelberg) &#8211; Dicht aufgefahren und danach aus Fahrzeug gespuckt \/ Zeugen gesucht<\/h2>\n\n\n<div class=\"wp-block-image\">\n<figure class=\"aligncenter size-full\"><img decoding=\"async\" loading=\"lazy\" width=\"801\" height=\"600\" src=\"https:\/\/speyer24news.com\/wp-content\/uploads\/2020\/05\/Zeugen-gesucht-Neutral.jpg\" alt=\"\" class=\"wp-image-26598\" srcset=\"https:\/\/speyer24news.com\/wp-content\/uploads\/2020\/05\/Zeugen-gesucht-Neutral.jpg 801w, https:\/\/speyer24news.com\/wp-content\/uploads\/2020\/05\/Zeugen-gesucht-Neutral-300x225.jpg 300w, https:\/\/speyer24news.com\/wp-content\/uploads\/2020\/05\/Zeugen-gesucht-Neutral-768x575.jpg 768w, https:\/\/speyer24news.com\/wp-content\/uploads\/2020\/05\/Zeugen-gesucht-Neutral-678x509.jpg 678w, https:\/\/speyer24news.com\/wp-content\/uploads\/2020\/05\/Zeugen-gesucht-Neutral-326x245.jpg 326w, https:\/\/speyer24news.com\/wp-content\/uploads\/2020\/05\/Zeugen-gesucht-Neutral-80x60.jpg 80w\" sizes=\"(max-width: 801px) 100vw, 801px\" \/><\/figure><\/div>\n\n\n<p>Am Donnerstagabend kurz nach 19 Uhr fuhr ein bisher unbekannter T\u00e4ter mit einem blauen BMW in der Speyerer Stra\u00dfe dicht auf den Mazda einer 24-j\u00e4hrigen Frau auf. Danach hielt der Mann neben dem Fahrzeug der 24-J\u00e4hrigen an. Nach einem kurzen verbalen Disput aus den Fahrzeugen herausspuckte der aggressive Fahrer in Richtung des Mazdas. Danach fuhr der Unbekannte weiter.<\/p>\n\n\n\n<h4 class=\"wp-block-heading\"> Dieser wird wie folgt beschrieben: <\/h4>\n\n\n\n<ul><li><strong>Vollbart<\/strong><\/li><li><strong>etwa 30 Jahre alt<\/strong><\/li><li><strong>seitlich k\u00fcrzere Haare<\/strong><\/li><li><strong>trug ein dunkles Oberteil<\/strong><\/li><\/ul>\n\n\n\n<ul><li><strong>Im Fahrzeug des Verd\u00e4chtigen befanden sich au\u00dferdem eine Frau auf dem Beifahrersitz und ein Kind auf dem R\u00fccksitz. <\/strong><\/li><\/ul>\n\n\n\n<p>Die Gr\u00fcnde f\u00fcr das Verhalten des Mannes sind derzeit noch unklar. Die Polizei hat die Ermittlungen wegen N\u00f6tigung im Stra\u00dfenverkehr gegen den BMW-Fahrer eingeleitet. Der Vorfall ereignete sich zwischen den Einm\u00fcndungen St\u00fcckerweg und Grasweg in Fahrtrichtung Schwetzingen. Weitere Gesch\u00e4digte oder Zeugen k\u00f6nnen sich beim Polizeirevier Heidelberg-S\u00fcd unter Tel.: 06221\/3418-0 melden.<\/p>\n\n\n\n<h2 class=\"wp-block-heading\">(Heidelberg) &#8211; Verkehrsunfall mit Stra\u00dfenbahn durch Fu\u00dfg\u00e4nger verursacht \/ Eine Person leicht verletzt<\/h2>\n\n\n\n<p>In Heidelberg kam es am Donnerstag gegen 09.30 Uhr auf den Bahnschienen im Bereich der Haltestelle Freiburger Stra\u00dfe in Richtung der Haltestelle Rohrbach S\u00fcd zu einem Verkehrsunfall. Hier bewegte sich ein Mann fu\u00dfl\u00e4ufig auf den freiliegenden Schienen der Stra\u00dfenbahn, dass der Stra\u00dfenbahnf\u00fchrer eine Notbremsung einleiten musste. Hierdurch wurde ein Fahrgast leicht verletzt. Der Unfallverursacher wurde nicht verletzt und befand sich in einem psychischen Ausnahmezustand. Er kam auf eigenen Wunsch in eine psychiatrische Einrichtung.<\/p>\n\n\n\n<h2 class=\"wp-block-heading\">(B 39 \/ Gem. Schwetzingen \/ Rhein-Neckar-Kreis) &#8211; Kleinbus kippt um, eine Person leicht verletzt<\/h2>\n\n\n\n<h3 class=\"has-text-align-center wp-block-heading\">Pressemeldung Nr. 1<\/h3>\n\n\n\n<p>Am Freitag gegen 22:30 Uhr kam es auf der Bundesstra\u00dfe 39 zwischen Hockenheim und Schwetzingen zu einem Verkehrsunfall im Bereich der Anschlussstelle Schwetzingen\/Hockenheim zur BAB 6. Hierbei sind zwei Fahrzeuge beteiligt. Der beteiligte Kleinbus schlingerte gegen die linksseitige Schutzplanke und kippte hiernach auf die Seite. Eine Person wird aktuell vom Rettungsdienst behandelt. Momentan ist die B 39 in Richtung Schwetzingen gesperrt. Der Verkehr wird \u00fcber die Ausfahrt zur BAB 6 Fahrtrichtung Heilbronn abgeleitet.<\/p>\n\n\n\n<h3 class=\"has-text-align-center wp-block-heading\">Pressemeldung Nr. 2<\/h3>\n\n\n\n<p>Wie bereits berichtet, kam es am sp\u00e4ten Freitagabend zu einem Verkehrsunfall in H\u00f6he der Anschlussstelle Schwetzingen\/Hockenheim auf der Bundesstra\u00dfe 39 in Fahrtrichtung Schwetzingen. Aus bislang noch nicht gekl\u00e4rter Ursache kam ein Mercedes-Benz Sprinter von der Fahrbahn ab und kippte in der Folge auf die Seite und blockierte hierdurch beide Fahrstreifen in Fahrtrichtung Mannheim. Der 29-j\u00e4hrige Fahrer verletzte sich leicht und wurde mit einem Rettungswagen in ein umliegendes Krankenhaus gebracht. Am Sprinter entstand ein Sachschaden in H\u00f6he von etwa 10.000 EUR.<\/p>\n\n\n\n<p>W\u00e4hrend der Unfallaufnahme und der Bergung des Unfallfahrzeuges war die B 39 in Fahrtrichtung Schwetzingen gesperrt. Der Verkehr wurde \u00fcber die Anschlussstelle zur BAB 6 in Fahrtrichtung Heilbronn abgeleitet. Es kam zu keinen gr\u00f6\u00dferen Verkehrsst\u00f6rungen.<\/p>\n\n\n\n<p>Da der Unfallhergang noch nicht g\u00e4nzlich gekl\u00e4rt ist, bittet die Polizei Zeugen, die den Unfall mitbekommen haben, sich beim Polizeirevier Schwetzingen unter Telefon 06202\/288-0 zu melden.<\/p>\n\n\n\n<h2 class=\"wp-block-heading\">(Sandhausen \/ Rhein-Neckar-Kreis) &#8211; Wohnungsbrand in Mehrfamilienhaus \/ Ursache noch unklar; drei leicht verletzte Personen<\/h2>\n\n\n\n<h3 class=\"has-text-align-center wp-block-heading\">Pressemitteilung Nr. 1<\/h3>\n\n\n\n<p>Derzeit (11.08.2022 \u2013 20:08) befinden sich Polizei und Rettungskr\u00e4fte bei einem Wohnungsbrand in einem Mehrfamilienhaus des Neubachwegs im Einsatz. \u00dcber die Brandursache und ob Verletzte zu verzeichnen sind liegen keine Erkenntnisse vor.<\/p>\n\n\n\n<h3 class=\"has-text-align-center wp-block-heading\">Pressemitteilung Nr. 2<\/h3>\n\n\n\n<p>Bei einem Wohnungsbrand am Donnerstagabend im Neubachweg in Sandhausen wurden insgesamt drei Personen leicht verletzt. Sie wurden mit Verdacht einer Rauchgasintoxikation zur Behandlung in die umliegenden Krankenh\u00e4user verbracht.<\/p>\n\n\n\n<p>Die Brandursache ist weiterhin unklar und derzeit noch Gegenstand der Ermittlungen der Brandexperten des Polizeireviers Wiesloch.<\/p>\n\n\n\n<p>Der Sachschaden kann bislang nicht beziffert werden, die Brandwohnung ist derzeit unbewohnbar.<\/p>\n\n\n\n<h2 class=\"wp-block-heading\">(Walldorf \/ Rhein-Neckar-Kreis) &#8211; 150.000.- Euro Schaden durch ungew\u00f6hnlichen, aber dreisten schweren Diebstahl \/ Leerstehende Villa &#8222;ausgeschlachtet&#8220; &#8211; Zeugen gesucht<\/h2>\n\n\n<div class=\"wp-block-image\">\n<figure class=\"aligncenter size-full\"><img decoding=\"async\" loading=\"lazy\" width=\"801\" height=\"600\" src=\"https:\/\/speyer24news.com\/wp-content\/uploads\/2020\/05\/Zeugen-gesucht-Neutral.jpg\" alt=\"\" class=\"wp-image-26598\" srcset=\"https:\/\/speyer24news.com\/wp-content\/uploads\/2020\/05\/Zeugen-gesucht-Neutral.jpg 801w, https:\/\/speyer24news.com\/wp-content\/uploads\/2020\/05\/Zeugen-gesucht-Neutral-300x225.jpg 300w, https:\/\/speyer24news.com\/wp-content\/uploads\/2020\/05\/Zeugen-gesucht-Neutral-768x575.jpg 768w, https:\/\/speyer24news.com\/wp-content\/uploads\/2020\/05\/Zeugen-gesucht-Neutral-678x509.jpg 678w, https:\/\/speyer24news.com\/wp-content\/uploads\/2020\/05\/Zeugen-gesucht-Neutral-326x245.jpg 326w, https:\/\/speyer24news.com\/wp-content\/uploads\/2020\/05\/Zeugen-gesucht-Neutral-80x60.jpg 80w\" sizes=\"(max-width: 801px) 100vw, 801px\" \/><\/figure><\/div>\n\n\n<p>Mit der Aufkl\u00e4rung eines ungew\u00f6hnlichen, aber dreisten schweren Diebstahls ist der Polizeiposten Walldorf derzeit besch\u00e4ftigt.<\/p>\n\n\n\n<p>Anfang April 2022 hatte eine Eigent\u00fcmergesellschaft aus Stuttgart eine leerstehende Villa in der Robert-Bosch-Stra\u00dfe erworben. Ab Anfang August sollte mit den Renovierungs- und Teilabrissarbeiten begonnen werden. Am Dienstag, den 9. August stellten Mitarbeiter der Eigent\u00fcmergesellschaft fest, dass an und in der Villa Diebst\u00e4hle in gro\u00dfem Stil begangen wurden. Dabei wurden s\u00e4mtliche T\u00fcren und Fenster des Geb\u00e4udes sowie das Dachgeb\u00e4lk, die Dachziegel, Bodenbel\u00e4ge und Elektroinstallationen entwendet. Auch vor hochwertigen Armaturen im Inneren des luxuri\u00f6sen Geb\u00e4udes machten die Diebe nicht Halt.<\/p>\n\n\n\n<p>Der Diebstahlsschaden summiert sich so auf rund 150.000.- Euro.<\/p>\n\n\n\n<p>Die T\u00e4ter, die offenbar \u00fcber Wochen hinweg an und in der Villa besch\u00e4ftigt waren, m\u00fcssen zum Abtransport Lkws und\/oder Transporter benutzt haben.<\/p>\n\n\n\n<p>Aufgrund der Tatsache, dass die Villa in Gewerbegebiet Walldorfs liegt und die Mitarbeiter und Mitarbeiterinnen mehrerer Firmen und eines Gro\u00dfkonzerns tagt\u00e4glich den Bereich passieren, erhoffen sich die Ermittler von deren Aussagen wichtige Hinweise \u00fcber Personen und\/oder Fahrzeuge, die auf die Spur der kriminellen &#8222;Abrissfirma&#8220; f\u00fchren.<\/p>\n\n\n\n<p>Diese wichtigen Zeugen werden gebeten, sich mit dem Polizeiposten Walldorf, Tel.: 06227\/841999-0 oder mit dem Polizeirevier Wiesloch, Tel.: 06222\/5709-0 in Verbindung zu setzen.<\/p>\n\n\n\n<h2 class=\"wp-block-heading\">(Sinsheim \/ Rhein-Neckar-Kreis) &#8211; Sinsheimerin via WhatsApp betrogen; Vorsicht vor WhatsApp-Nachrichten von angeblichen Familienangeh\u00f6rigen<\/h2>\n\n\n\n<p>Es ist immer die gleiche Masche. &#8222;Mama, mein Handy ist kaputt. Ich habe eine neue Nummer.&#8220; So oder so \u00e4hnlich beginnt jedes Telefonat von unbekannten Betr\u00fcgern, die meist \u00e4ltere Personen in den Gespr\u00e4chen so unter Druck setzen, dass diese das Geld an ihnen unbekannte Empf\u00e4nger \u00fcberweisen.<\/p>\n\n\n\n<p>So erging es auch einer 59-j\u00e4hrigen Frau, die am Mittwoch Opfer dieser Betrugsmasche wurde, obwohl in den letzten Wochen durch viele \u00f6ffentliche Bekanntmachungen und Meldungen davor gewarnt wurde.<\/p>\n\n\n\n<p>Gegen 17.30 Uhr erhielt die Frau eine Whats-App Nachricht, welche angeblich von ihrer Tochter mit einer &#8222;neuen&#8220; Nummer geschickt wurde. Die angebliche Tochter bat die 59-J\u00e4hrige, einen angeblich offenen Rechnungsbetrag dringend zu begleichen. Im Glauben daran, ihre Tochter zu unterst\u00fctzen, \u00fcberwies die hilfsbereite Mutter rund 1.500.- Euro auf ein Konto, das die Betr\u00fcgerin ihr mitteilte.<\/p>\n\n\n\n<p>Als die angebliche Tochter um eine weitere \u00dcberweisung bat, wurde die 59-J\u00e4hrige stutzig und setzte sich mit Ihrer Tochter in Verbindung. Dabei stellte sich der Betrug heraus.<\/p>\n\n\n\n<p>Das Betrugsdezernat der Kriminalpolizeidirektion Heidelberg hat die weiteren Ermittlungen \u00fcbernommen.<\/p>\n\n\n\n<p>Die Ermittler bitten wiederholt eindringlich um Vorsicht und raten zu Misstrauen, wenn WhatsApp-Nachrichten von angeblichen Familienangeh\u00f6rigen eintreffen und auf diese Art und Weise um Geld bitten.<\/p>\n\n\n\n<ul><li><strong>Angeschriebene sollten sich davon nicht unter Druck setzen lassen und nicht antworten.<\/strong><\/li><li><strong>Zun\u00e4chst sollte unbedingt pers\u00f6nlich oder \u00fcber die bekannten Telefonnummern gekl\u00e4rt werden, ob es sich bei dem Absender wirklich um Familienangeh\u00f6rige handelt.<\/strong><\/li><li><strong>Niemals sollte man sich verleitet f\u00fchlen, vorschnell Geld auf ein unbekanntes Konto zu \u00fcberweisen.<\/strong><\/li><\/ul>\n\n\n\n<p>Ein vollendeter Betrug, aber auch bereits ein Betrugsversuch sollte unverz\u00fcglich bei der \u00f6rtlichen Polizeidienststelle angezeigt werden.<\/p>\n\n\n\n<h2 class=\"wp-block-heading\">(Wiesenbach \/ Rhein-Neckar-Kreis) &#8211; 5.000.- Euro &#8222;Steuern&#8220; bezahlt, um Geldgewinn zu erhalten; Wiesenbacherin geht Betr\u00fcgern auf den Leim<\/h2>\n\n\n\n<p>Eine 55-j\u00e4hrige Wiesenbacherin ging diese Tage dreisten Betr\u00fcgern auf den Leim.<\/p>\n\n\n\n<p>Bereits am 3. August hatte sie einen Anruf erhalten, worin sie informiert wurde, bei einem Online-Gewinnspiel 16.000.- Euro gewonnen zu haben.<\/p>\n\n\n\n<p>Der Anrufer, der Polnisch mit russischen Akzent gesprochen haben soll, \u00fcberredete die in Polen geborene Frau in langen, zerm\u00fcrbenden Telefonaten, eine g\u00fcltige TAN durchzugeben, damit er die zu entrichten Steuern auf dem Gewinn in H\u00f6he von \u00fcber 4000.- Euro online einziehen k\u00f6nne.<\/p>\n\n\n\n<p>Die entnervte Frau folgte wie paralysiert den Anweisungen des Anrufers -auch die Installation einer betr\u00fcgerischen App- und stellte nach rund einer Woche fest, dass der Gewinn immer noch nicht auf ihr Konto, aber daf\u00fcr rund 5.000.- Euro von ihrem Konto auf ein fremdes Kontor \u00fcberwiesen wurden. Zudem bemerkte sie, wie der Unbekannte im Hintergrund dreist das \u00dcberweisungslimit \u00e4nderte, um weitere, viel h\u00f6here Betr\u00e4ge abzufischen. Dazu setzte der Mann sie telefonisch weiter unter Druck, zus\u00e4tzliche TANs durchzugeben.<\/p>\n\n\n\n<p>Ver\u00e4ngstigt und aufgel\u00f6st, rief die 55-J\u00e4hrige schlie\u00dflich am Mittwochnachmittag beim Polizeirevier Neckargem\u00fcnd an und erstattete Anzeige.<\/p>\n\n\n\n<p>Inwiefern ein Online-Gewinnspiel, bei dem die Frau mitspielte und dabei ausf\u00fchrlich pers\u00f6nliche Daten preisgab, f\u00fcr den oder die Betr\u00fcger zum Tateinstieg genutzt wurde, ist Gegenstand der weiteren kriminalpolizeilichen Ermittlungen.<\/p>\n","protected":false},"excerpt":{"rendered":"<div class=\"mh-excerpt\"><p>Polizeimeldungen vom Freitag (12.08.2022) (Speyer) &#8211; Gef\u00e4hrdung des Stra\u00dfenverkehrs Ein 50-j\u00e4hriger Speyerer befuhr Donenrstagabend gegen 22:15 Uhr mit seinem Ford Mondeo den Closweg und kam aufgrund \u00fcberh\u00f6hter Geschwindigkeit beim Linksabbiegen in die Paul-Egell-Stra\u00dfe nach rechts <a class=\"mh-excerpt-more\" href=\"https:\/\/speyer24news.com\/?p=48082\" title=\"Polizeimeldungen Freitag (12.08.2022)\">[&#8230;]<\/a><\/p>\n<\/div>","protected":false},"author":3,"featured_media":26162,"comment_status":"open","ping_status":"open","sticky":false,"template":"","format":"standard","meta":{"_monsterinsights_skip_tracking":false,"_monsterinsights_sitenote_active":false,"_monsterinsights_sitenote_note":"","_monsterinsights_sitenote_category":0,"footnotes":""},"categories":[12],"tags":[7243,7244,3614,350,14537,15084,14538,702,61,2555,6955,6986,6263,63,105,11150,6987,53,4854,13534,4683,1548,4905,11592,102,13626,213,14325,14324,13553,13541,55,8277,6368,5261,103,106,2803,2423,427,2625,380,62,104,979,1565],"aioseo_notices":[],"amp_enabled":true,"_links":{"self":[{"href":"https:\/\/speyer24news.com\/index.php?rest_route=\/wp\/v2\/posts\/48082"}],"collection":[{"href":"https:\/\/speyer24news.com\/index.php?rest_route=\/wp\/v2\/posts"}],"about":[{"href":"https:\/\/speyer24news.com\/index.php?rest_route=\/wp\/v2\/types\/post"}],"author":[{"embeddable":true,"href":"https:\/\/speyer24news.com\/index.php?rest_route=\/wp\/v2\/users\/3"}],"replies":[{"embeddable":true,"href":"https:\/\/speyer24news.com\/index.php?rest_route=%2Fwp%2Fv2%2Fcomments&post=48082"}],"version-history":[{"count":1,"href":"https:\/\/speyer24news.com\/index.php?rest_route=\/wp\/v2\/posts\/48082\/revisions"}],"predecessor-version":[{"id":48091,"href":"https:\/\/speyer24news.com\/index.php?rest_route=\/wp\/v2\/posts\/48082\/revisions\/48091"}],"wp:featuredmedia":[{"embeddable":true,"href":"https:\/\/speyer24news.com\/index.php?rest_route=\/wp\/v2\/media\/26162"}],"wp:attachment":[{"href":"https:\/\/speyer24news.com\/index.php?rest_route=%2Fwp%2Fv2%2Fmedia&parent=48082"}],"wp:term":[{"taxonomy":"category","embeddable":true,"href":"https:\/\/speyer24news.com\/index.php?rest_route=%2Fwp%2Fv2%2Fcategories&post=48082"},{"taxonomy":"post_tag","embeddable":true,"href":"https:\/\/speyer24news.com\/index.php?rest_route=%2Fwp%2Fv2%2Ftags&post=48082"}],"curies":[{"name":"wp","href":"https:\/\/api.w.org\/{rel}","templated":true}]}}