{"id":48141,"date":"2022-08-16T21:37:11","date_gmt":"2022-08-16T20:37:11","guid":{"rendered":"https:\/\/speyer24news.com\/?p=48141"},"modified":"2022-08-17T08:00:27","modified_gmt":"2022-08-17T07:00:27","slug":"polizeimeldungen-dienstag-mittwoch-15-08-16-08-2022","status":"publish","type":"post","link":"https:\/\/speyer24news.com\/?p=48141","title":{"rendered":"Polizeimeldungen Montag &#038; Dienstag (15.08-16.08.2022)"},"content":{"rendered":"<style type=\"text\/css\">\r\n\t.ads_top_disp{}\r\n\t.ads_top_corner_disp{ float:left; margin:0px 10px 10px 0px; }\r\n\t.ads_first_p_disp{}\r\n\t.ads_bottom_disp{}\r\n\t<\/style>\n<h2 class=\"wp-block-heading\">Polizeimeldungen vom Montag &amp; Dienstag (15.08-16.08.2022)<\/h2>\n\n\n<div class=\"wp-block-image\">\n<figure class=\"aligncenter size-full\"><img decoding=\"async\" loading=\"lazy\" width=\"375\" height=\"500\" src=\"https:\/\/speyer24news.com\/wp-content\/uploads\/2022\/03\/Aktuelles-Polizeilogo.jpg\" alt=\"\" class=\"wp-image-43591\" srcset=\"https:\/\/speyer24news.com\/wp-content\/uploads\/2022\/03\/Aktuelles-Polizeilogo.jpg 375w, https:\/\/speyer24news.com\/wp-content\/uploads\/2022\/03\/Aktuelles-Polizeilogo-225x300.jpg 225w\" sizes=\"(max-width: 375px) 100vw, 375px\" \/><\/figure><\/div>\n\n\n<h2 class=\"wp-block-heading\">(Speyer) &#8211; Fahrbahnteiler besch\u00e4digt<\/h2>\n\n\n\n<p>Langanhaltende Trockenheit scheint sich auch auf die F\u00e4higkeiten von Autofahrern auszuwirken. Der kurze Schauer am Montagmorgen und die daraus resultierende feuchte Fahrbahn waren mitverantwortlich f\u00fcr einen Verkehrsunfall in der Schillerstra\u00dfe. Eine 33-j\u00e4hrige Frau verlor aufgrund von nicht an die Stra\u00dfenverh\u00e4ltnisse angepasste Geschwindigkeit die Kontrolle \u00fcber ihr Fahrzeug, stie\u00df gegen einen Bordstein, drehte sich und kollidierte mit einem Fahrbahnteiler. Dieser wurde aus der Verankerung gerissen und noch einige Meter mitgeschleift, bis die Autofahrerin auf der Gegenfahrbahn zum Stehen kam. Ihr Pkw war nicht mehr fahrbereit. Es entstand ein Gesamtschaden von etwa 9.000 Euro. Andere Verkehrsteilnehmer wurden nicht gef\u00e4hrdet oder gesch\u00e4digt.<\/p>\n\n\n\n<h2 class=\"wp-block-heading\">(Speyer) &#8211; Alkoholisierter Rollerfahrer<\/h2>\n\n\n\n<p>In der Nacht zu Montag gegen 01:10 Uhr ist einer Streife der Polizeiinspektion Speyer ein Rollerfahrer in der Bahnhofstra\u00dfe aufgefallen, der mehrfach die Mittellinie \u00fcberfuhr und teilweise mehrere Sekunden auf der Gegenfahrbahn verblieb. Der 57-j\u00e4hrige Mann gab an, zwei Weinschorle getrunken zu haben. Ein freiwillig durchgef\u00fchrter Atemalkoholtest ergab einen Wert von 1,59 Promille. Er musste die Polizisten daher zur Dienststelle begleiten, wo ihn durch einen Arzt eine Blutprobe entnommen wurde. Ihn erwartet nun ein Strafverfahren wegen Trunkenheit im Verkehr.<\/p>\n\n\n\n<h2 class=\"wp-block-heading\">(Speyer) &#8211; Sachbesch\u00e4digung durch Graffiti an Parteib\u00fcro<\/h2>\n\n\n\n<p>In der Zeit zwischen dem 04.08.2022, 15:00 Uhr und dem 10.08.2022, 09:30 Uhr, haben bislang unbekannte T\u00e4ter ein Graffiti auf das Fenster des B\u00fcros der Partei B\u00fcndnis 90\/Die Gr\u00fcnen in der Armbruststra\u00dfe gespr\u00fcht. Ob ein Zusammenhang zu den Sachbesch\u00e4digungen vom 04.07. und vom 01.08.2022 besteht, ist derzeit nicht bekannt. Zeugen, die Hinweise zur Tat oder zu tatverd\u00e4chtigen Personen machen k\u00f6nnen, werden gebeten, sich mit der Polizeiinspektion Speyer unter 06232 137-0 oder&nbsp;<a href=\"mailto:pispeyer@polizei.rlp.de\">pispeyer@polizei.rlp.de<\/a>&nbsp;in Verbindung zu setzen.<\/p>\n\n\n\n<h2 class=\"wp-block-heading\">(Waldsee) &#8211; Unfall mit E-Scooter<\/h2>\n\n\n\n<p>Am 15.08.2022, gegen 18:20 Uhr, fuhr eine 70-j\u00e4hrige PKW-Fahrerin die Ludwigstra\u00dfe. Ihren Angaben zufolge habe sie einen E-Scooter \u00fcberholt. Nach dem \u00dcberholvorgang sei der 30-j\u00e4hrige Fahrer des E-Scooters ohne Fremdeinwirkung gest\u00fcrzt. Der 30-J\u00e4hrige gibt an, dass die PKW-Fahrerin ihn aufgrund des geringen Abstands beim \u00dcberholen abgedr\u00e4ngt habe. Durch den Sturz trug der 30-J\u00e4hrige Sch\u00fcrfwunden davon und wurde in ein Krankenhaus gebracht. Im Rahmen der Unfallaufnahme wurde festgestellt, dass an dem E-Scooter kein Versicherungskennzeichen angebracht war, auch konnte der Fahrer keine Betriebserlaubnis vorzeigen. Gegen den Fahrer wurde ein Ermittlungsverfahren eingeleitet. Auch gegen die PKW-Fahrerin wird bez\u00fcglich einer Fahrl\u00e4ssigen K\u00f6rperverletzung ermittelt. Zeugen, die Angaben zu dem Unfallgeschehen geben k\u00f6nnen, werden gebeten, sich mit der Polizeiinspektion Schifferstadt unter 06235 495-0 oder&nbsp;<a href=\"mailto:pischifferstadt@polizei.rlp.de\">pischifferstadt@polizei.rlp.de<\/a>&nbsp;in Verbindung zu setzen.<\/p>\n\n\n\n<h2 class=\"wp-block-heading\">(Schifferstadt) &#8211; Betrug durch angebliche Tochter<\/h2>\n\n\n\n<figure class=\"wp-block-image size-large\"><img decoding=\"async\" loading=\"lazy\" width=\"1024\" height=\"649\" src=\"https:\/\/speyer24news.com\/wp-content\/uploads\/2022\/04\/Geld-Betrug-Schockanruf-Rentner-1024x649.jpg\" alt=\"\" class=\"wp-image-44260\" srcset=\"https:\/\/speyer24news.com\/wp-content\/uploads\/2022\/04\/Geld-Betrug-Schockanruf-Rentner-1024x649.jpg 1024w, https:\/\/speyer24news.com\/wp-content\/uploads\/2022\/04\/Geld-Betrug-Schockanruf-Rentner-300x190.jpg 300w, https:\/\/speyer24news.com\/wp-content\/uploads\/2022\/04\/Geld-Betrug-Schockanruf-Rentner-768x487.jpg 768w, https:\/\/speyer24news.com\/wp-content\/uploads\/2022\/04\/Geld-Betrug-Schockanruf-Rentner.jpg 1280w\" sizes=\"(max-width: 1024px) 100vw, 1024px\" \/><figcaption>Beispielbild Schockanruf \/ Betrug, dient lediglich der Visualisierung<\/figcaption><\/figure>\n\n\n\n<p>Am Montagnachmittag erhielt eine 65-J\u00e4hrige \u00fcber den Messenger WhatsApp eine Nachricht ihrer angeblichen Tochter. Seitens der vermeintlichen Tochter wurde um dringliche \u00dcberweisung eines niedrigen vierstelligen Betrags gebeten. Nachdem der Betrag \u00fcberwiesen wurde, hielt die 65-J\u00e4hrige R\u00fccksprache mit ihrer &#8222;richtigen&#8220; Tochter. Hierbei wurde der Betrug erkannt. <\/p>\n\n\n\n<h4 class=\"wp-block-heading\">Beachten Sie die Tipps Ihrer Polizei, um sich vor Betrug zu sch\u00fctzen:<\/h4>\n\n\n\n<ul><li><strong>Wenn Sie von Ihnen bekannten Personen unter einer unbekannten Nummer kontaktiert werden, speichern Sie die Nummer nicht automatisch ab.<\/strong><\/li><li><strong>Fragen Sie bei der Ihnen bekannten Person unter der alten Nummer nach.<\/strong><\/li><li><strong>Geld\u00fcberweisungen \u00fcber WhatsApp und andere Messenger sollten Sie immer misstrauisch machen und \u00fcberpr\u00fcft werden.<\/strong><\/li><li><strong>Halten Sie vor \u00dcberweisungen mit der berechtigen Person pers\u00f6nlich R\u00fccksprache.<\/strong><\/li><\/ul>\n\n\n\n<h2 class=\"wp-block-heading\">(Schifferstadt) &#8211; Brand eines PKWs<\/h2>\n\n\n\n<p>Aus bislang unbekannter Ursache brannte am Samstag, den 13.08.2022, gegen 16:20 Uhr, ein auf dem Parkplatz des katholischen Pfarrheims in Schifferstadt geparktes Auto. Aus Sicherheitsgr\u00fcnden wurde die mit 80 Personen besuchte Geburtstagsfeier im angrenzenden Pfarrheim kurzzeitig ger\u00e4umt. Die alarmierte Feuerwehr konnte den Brand l\u00f6schen. Der entstandene Sachschaden bel\u00e4uft sich auf rund 6.500EUR. Die Geburtstagsg\u00e4ste blieben unverletzt und konnten nach kurzer Aufregung die Feierlichkeit fortsetzten. Die Kriminalpolizei Ludwigshafen hat die Ermittlungen zur Brandursache aufgenommen.<\/p>\n\n\n\n<h2 class=\"wp-block-heading\">(Neuhofen) &#8211; Besch\u00e4digung PKW<\/h2>\n\n\n\n<p>In der Nacht vom 13.08.2022 auf den 14.08.2022 wurde die Frontscheibe eines in der Ludwigshafener Stra\u00dfe abgestellten Skoda durch einen vermutlich mittels einer Armbrust verschossenen Bolzen besch\u00e4digt. Dieser blieb im Armaturenbrett stecken. Zeugen, die Angaben zu dem Tatgeschehen geben k\u00f6nnen, werden gebeten, sich mit der Polizeiinspektion Schifferstadt unter 06235 495-0 oder&nbsp;<a href=\"mailto:pischifferstadt@polizei.rlp.de\">pischifferstadt@polizei.rlp.de<\/a>&nbsp;in Verbindung zu setzen.<\/p>\n\n\n\n<h2 class=\"wp-block-heading\">(R\u00f6merberg) &#8211; Unfall mit hohem Sachschaden<\/h2>\n\n\n\n<p>Am 15.08.2022 gegen 11:00 Uhr ereignete sich an der Kreuzung L 507 und K 25 zwischen Schwegenheim und Mechtersheim ein Verkehrsunfall. Ein 63-j\u00e4hriger Pkw-Fahrer kam aus Richtung Schwegenheim und wollte an der Kreuzung nach links abbiegen. Dabei missachtete er jedoch den Vorrang des aus Richtung Mechtersheim entgegenkommenden Pkw, der geradeaus fahren wollte. Durch die Kollision sind die Fahrzeuge stark besch\u00e4digt worden und waren nicht mehr fahrbereit. Der Gesamtschaden bel\u00e4uft sich sch\u00e4tzungsweise auf 14.000 Euro. Gl\u00fccklicherweise gab es aber keine Verletzten.<\/p>\n\n\n\n<h2 class=\"wp-block-heading\">(Lingenfeld) &#8211; Erneuter Einbruch in H\u00fctte des Vogelschutzvereins<\/h2>\n\n\n\n<p>Bereits am 09.08.22 berichteten wir \u00fcber den Einbruch in die H\u00fctte des Vogelschutzvereines in Lingenfeld. Nun kam es zu einem weiteren Einbruch. Die Tat ereignete sich im Zeitraum vom 12.08. &#8211; 19 Uhr bis zum 15.08 &#8211; 18 Uhr. Neben Sachschaden in unbekannter H\u00f6he entwendeten unbekannte T\u00e4ter zudem diverse Gegenst\u00e4nde im Wert von zirka 100EUR.<\/p>\n\n\n\n<p>Hinweise zu der Tat oder den T\u00e4tern nimmt die Polizei Germersheim telefonisch unter 07274\/958-0 oder per E-Mail unter&nbsp;<a href=\"mailto:pigermersheim@polizei.rlp.de\">pigermersheim@polizei.rlp.de<\/a>&nbsp;entgegen.<\/p>\n\n\n\n<h2 class=\"wp-block-heading\">(Germersheim) &#8211; Sachbesch\u00e4digung an Pkw<\/h2>\n\n\n\n<p>Zirka 4000EUR Sachschaden sind das Ergebnis einer Sachbesch\u00e4digung, die sich in der Nacht von Samstag auf Sonntag zwischen 23 und 2 Uhr ereignete. Ein Unbekannter T\u00e4ter zerkratzte dabei fast die gesamte Au\u00dfenverkleidung eines im Albert-Einstein-Ring in Germersheim abgestellten Pkw.<\/p>\n\n\n\n<p>Hinweise zu der Tat oder den T\u00e4tern nimmt die Polizei Germersheim telefonisch unter 07274\/958-0 oder per E-Mail unter&nbsp;<a href=\"mailto:pigermersheim@polizei.rlp.de\">pigermersheim@polizei.rlp.de<\/a>&nbsp;entgegen.<\/p>\n\n\n\n<h2 class=\"wp-block-heading\">(Germersheim) &#8211; Diebstahl aus Kirche<\/h2>\n\n\n\n<p>Ca. 2500EUR Schaden sind das Ausma\u00df eines Einbruches in der Katholischen Kirche in der Klosterstra\u00dfe in Germersheim, der sich am Samstag im Zeitraum zwischen 10 und 18 Uhr ereignete. Neben einer T\u00fcr im Innern der Kirche, \u00f6ffneten die unbekannten T\u00e4ter auch gewaltsam eine Kasse f\u00fcr Opferkerzen und entwendeten dort Bargeld in unbekannter H\u00f6he.<\/p>\n\n\n\n<p>Hinweise zu der Tat oder den T\u00e4tern nimmt die Polizei Germersheim telefonisch unter 07274\/958-0 oder per E-Mail unter&nbsp;<a href=\"mailto:pigermersheim@polizei.rlp.de\">pigermersheim@polizei.rlp.de<\/a>&nbsp;entgegen.<\/p>\n\n\n\n<h2 class=\"wp-block-heading\">(Germersheim) &#8211; Diebstahl aus Pkw<\/h2>\n\n\n\n<p>Bereits am 06.08.22 entwendete ein unbekannter T\u00e4ter mehrere Wertgegenst\u00e4nde aus einem geparkten Pkw. Zum Tatzeitpunkt war das Fahrzeug auf dem Parkplatz eines Supermarktes in der Posthiusstra\u00dfe in Germersheim abgestellt. Der Vorfall ereignete sich im Zeitraum zwischen 10 und 15 Uhr.<\/p>\n\n\n\n<p>Hinweise zu der Tat oder den T\u00e4tern nimmt die Polizei Germersheim telefonisch unter 07274\/958-0 oder per E-Mail unter&nbsp;<a href=\"mailto:pigermersheim@polizei.rlp.de\">pigermersheim@polizei.rlp.de<\/a>&nbsp;entgegen.<\/p>\n\n\n\n<h2 class=\"wp-block-heading\">(Bellheim) &#8211; Dieseldiebstahl im Gewerbegebiet<a href=\"https:\/\/www.facebook.com\/sharer.php?u=https%3A%2F%2Fwww.presseportal.de%2Fblaulicht%2Fpm%2F117686%2F5296938%2F%3Futm_source%3Dfacebook%26utm_medium%3Dsocial\"><\/a><a href=\"https:\/\/twitter.com\/intent\/tweet?text=POL-PDLD%3A%20Dieseldiebstahl%20im%20Gewerbegebiet&amp;url=https%3A%2F%2Fwww.presseportal.de%2Fblaulicht%2Fpm%2F117686%2F5296938%2F%3Futm_source%3Dtwitter%26utm_medium%3Dsocial&amp;hashtags=ots&amp;lang=de\"><\/a><a href=\"https:\/\/web.whatsapp.com\/send?text=POL-PDLD%3A%20Dieseldiebstahl%20im%20Gewerbegebiet%0A%0Ahttps%3A%2F%2Fwww.presseportal.de%2Fblaulicht%2Fpm%2F117686%2F5296938%2F%3Futm_source%3Dwhatsapp%26utm_medium%3Dsocial\"><\/a><a href=\"https:\/\/www.xing.com\/app\/user?op=share;url=https%3A%2F%2Fwww.presseportal.de%2Fblaulicht%2Fpm%2F117686%2F5296938%2F%3Futm_source%3Dxing%26utm_medium%3Dsocial\"><\/a><a href=\"http:\/\/www.linkedin.com\/shareArticle?mini=true&amp;url=https%3A%2F%2Fwww.presseportal.de%2Fblaulicht%2Fpm%2F117686%2F5296938%2F%3Futm_source%3Dlinkedin%26utm_medium%3Dsocial&amp;title=POL-PDLD%3A+Dieseldiebstahl+im+Gewerbegebiet\"><\/a><a href=\"mailto:?subject=POL-PDLD%3A%20Dieseldiebstahl%20im%20Gewerbegebiet&amp;body=https:\/\/www.presseportal.de\/blaulicht\/pm\/117686\/5296938\"><\/a><\/h2>\n\n\n\n<p>Zwischen Freitag und Sonntag entwendeten bisher unbekannte T\u00e4ter mehrere Liter an Dieselkraftstoff vom Gel\u00e4nde einer Spedition in der Stra\u00dfe Am Weidensatz in Bellheim.<\/p>\n\n\n\n<p>Hinweise zu der Tat oder den T\u00e4tern nimmt die Polizei Germersheim telefonisch unter 07274\/958-0 oder per E-Mail unter&nbsp;<a href=\"mailto:pigermersheim@polizei.rlp.de\">pigermersheim@polizei.rlp.de<\/a>&nbsp;entgegen.<\/p>\n\n\n\n<h2 class=\"wp-block-heading\">(Schweighofen) &#8211; Geschwindigkeitskontrolle<\/h2>\n\n\n\n<p>In der Ortsdurchfahrt Schweighofen wurde am Montag, 15.08.2022, in der Zeit von 10:15 Uhr bis 12:40 Uhr, eine \u00dcberwachung der 30Km\/h-Geschwindigkeitsbegrenzung durchgef\u00fchrt. Bei 78 gemessenen Fahrzeugen mussten 15 Verkehrsteilnehmer beanstandet werden. Die h\u00f6chste gemessene Geschwindigkeit lag bei 59 Km\/h.<\/p>\n\n\n\n<h2 class=\"wp-block-heading\">(Bad Bergzabern) &#8211; Ladendiebstahl endet im Gef\u00e4ngnis<\/h2>\n\n\n\n<p>Am Montag, 15.08.22, ereignete sich gegen 12:55 Uhr ein Diebstahl in einer Tankstelle in der Weinstra\u00dfe. Ein 48-j\u00e4hriger Mann hatte 2 Dosen Bier im Wert 4.- Euro an sich genommen und die Tankstelle ohne Bezahlung der Ware verlassen. Die hinzu gerufenen Polizeibeamten konnten den Mann in einem nahegelegenen Park schlafen antreffen. Bei der \u00dcberpr\u00fcfung der Personalien wurde ein offener Haftbefehl festgestellt. Die ausstehende Zahlung eines 4-stellingen Geldbetrags konnte der Mann nicht begleichen, weshalb er in einer Justizvollzugsanstalt verbracht wurde.<\/p>\n\n\n\n<h2 class=\"wp-block-heading\">(Klingenm\u00fcnster) &#8211; Einbruch in Wohnhaus<\/h2>\n\n\n\n<p>Zu einem Einbruch in ein Wohnhaus in der Weinstra\u00dfe kam es am 15.08.2022, zwischen 0:30 Uhr und 01:00 Uhr. Die T\u00e4ter verschafften sich durch Aufbrechen mehrerer T\u00fcren Zugang zu den Zimmern und durchw\u00fchlten die Schr\u00e4nke. Der entstandene Sachschaden und das Diebesgut k\u00f6nnen noch nicht beziffert werden. Zeugen, die zur Tatzeit im Bereich des Anwesens Weinstra\u00dfe 61 Beobachtungen gemacht haben, welche im Zusammenhang mit dem Einbruch stehen k\u00f6nnten, werden gebeten sich unter 06343\/93340 oder&nbsp;<a href=\"mailto:pibadbergzabern@polizei.slp.de\">pibadbergzabern@polizei.slp.de<\/a>&nbsp;mit der Polizeiinspektion Bad Bergzabern in Verbindung zu setzen.<\/p>\n\n\n\n<h2 class=\"wp-block-heading\">(Landau &amp; Herxheim) &#8211; Aktuelle Warnmeldung der Polizeidirektion Landau<\/h2>\n\n\n<div class=\"wp-block-image\">\n<figure class=\"aligncenter size-full\"><img decoding=\"async\" loading=\"lazy\" width=\"578\" height=\"572\" src=\"https:\/\/speyer24news.com\/wp-content\/uploads\/2021\/10\/Telefonbetrug-geschnitten.jpg\" alt=\"\" class=\"wp-image-41297\" srcset=\"https:\/\/speyer24news.com\/wp-content\/uploads\/2021\/10\/Telefonbetrug-geschnitten.jpg 578w, https:\/\/speyer24news.com\/wp-content\/uploads\/2021\/10\/Telefonbetrug-geschnitten-300x297.jpg 300w\" sizes=\"(max-width: 578px) 100vw, 578px\" \/><\/figure><\/div>\n\n\n<p>Die Polizeidirektion Landau m\u00f6chte Sie darauf hinweisen, dass es aktuell (16.08.2022 \u2013 14:31) im Bereich Landau und Herxheim vermehrt zu Anrufen bei \u00e4lteren Menschen kommt, bei denen es sich um Betrugsversuche im Bereich Schockanruf handeln k\u00f6nnte.<\/p>\n\n\n\n<ul><li><strong>Geben Sie am Telefon keine Auskunft \u00fcber Ihre pers\u00f6nlichen und finanziellen Verh\u00e4ltnisse oder andere sensible Daten.<\/strong><\/li><li><strong>\u00d6ffnen Sie unbekannten Personen nicht die T\u00fcr. Ziehen Sie gegebenenfalls eine Vertrauensperson hinzu, z. B. Nachbarn oder nahe Verwandte.<\/strong><\/li><li><strong>\u00dcbergeben Sie unbekannten Personen kein Geld oder Wertsachen.<\/strong><\/li><\/ul>\n\n\n\n<p>Wenden Sie sich an das \u00f6rtliche Polizeirevier. Erz\u00e4hlen Sie der Polizei von den Anrufen. Die Polizeidirektion Landau ist f\u00fcr Sie da! Telefonnummer: 06341-287-0<\/p>\n\n\n\n<h2 class=\"wp-block-heading\">(Landau) &#8211; F\u00fcnfj\u00e4hriger vom Dach gerettet<\/h2>\n\n\n\n<p>Polizeibeamte der Polizeiinspektion Landau retteten am Dienstagmorgen ein f\u00fcnfj\u00e4hriges Kind vom Dach eines Mehrfamilienhauses in der Schneiderstra\u00dfe in Landau. Der Junge war \u00fcber ein Dachfenster auf das Dach des Hauses geklettert und sa\u00df schlie\u00dflich in einer H\u00f6he von rund acht Metern an der Dachkante fest, da er nicht mehr eigenst\u00e4ndig zur\u00fcck in die Wohnung gelangte. Nach dem Eintreten der Wohnungst\u00fcr, kletterte ein Polizeibeamter aus dem Dachfenster und zog den Jungen zur\u00fcck in die Wohnung. Kurze Zeit sp\u00e4ter kam die Mutter des Jungen nach Hause. Sie war einkaufen gegangen, als der Junge und seine j\u00fcngeren Geschwister noch schliefen. Warum der f\u00fcnfj\u00e4hrige Junge aus dem Dachfenster kletterte, konnte nicht gekl\u00e4rt werden.<\/p>\n\n\n\n<h2 class=\"wp-block-heading\">(Landau) &#8211; Jugendlicher st\u00fcrzt vom Dach<\/h2>\n\n\n\n<p>In der Nacht von Montag auf Dienstag kam es in der Bodelschwinghstra\u00dfe in Landau zum Einsatz von Polizei, Feuerwehr und Rettungsdienst. Vier Jugendlichen waren gegen 02:30 Uhr auf das Flachdach eines Hauses geklettert, um den Abend, eigenen Angaben zufolge gem\u00fctlich ausklingen zu lassen. Ein 15-J\u00e4hriger \u00fcbersah hierbei einen Vorsprung und st\u00fcrzte etwa drei bis vier Meter in einen Innenhof. Er konnte zun\u00e4chst nur \u00fcber Leitern der Feuerwehr erreicht und erstversorgt werden. Nachdem der Zutritt zum Innenhof erm\u00f6glicht war, wurde der 15-J\u00e4hrige in ein Krankenhaus verbracht.<\/p>\n\n\n\n<h2 class=\"wp-block-heading\">(Landau) &#8211; Diebst\u00e4hle aus Wohnungen in der Sommerzeit<\/h2>\n\n\n\n<p>In den letzten Wochen ereigneten sich in Landau und Umgebung h\u00e4ufiger Diebst\u00e4hle aus Wohnungen, weil die Bewohner entweder Fenster und\/oder Terrassent\u00fcren ge\u00f6ffnet hatten oder den Schl\u00fcssel au\u00dfen in der T\u00fcr stecken lie\u00dfen. Die T\u00e4ter drangen zu unterschiedlichen Zeiten in die Wohnobjekte ein und entwendeten haupts\u00e4chlich Bargeld und Schmuck. Bei der anhaltend warmen Wetterlage ist das Bed\u00fcrfnis zu l\u00fcften absolut verst\u00e4ndlich &#8211; trotzdem bittet die Polizei um Beachtung der einfachsten Sicherheitsvorkehrungen.<\/p>\n\n\n\n<p>Sollten Sie Hinweise zu entsprechenden Vorf\u00e4llen haben, teilen Sie diese bitte der Kriminalpolizei Landau unter 06341\/2870 oder&nbsp;<a href=\"mailto:kilandau@polizei.rlp.de\">kilandau@polizei.rlp.de<\/a>&nbsp;mit.<\/p>\n\n\n\n<h2 class=\"wp-block-heading\">(Weyher) &#8211; Polizei f\u00e4ngt sture Esel ein<\/h2>\n\n\n<div class=\"wp-block-image\">\n<figure class=\"aligncenter size-full\"><img decoding=\"async\" loading=\"lazy\" width=\"800\" height=\"600\" src=\"https:\/\/speyer24news.com\/wp-content\/uploads\/2022\/08\/Esel.jpg\" alt=\"\" class=\"wp-image-48146\" srcset=\"https:\/\/speyer24news.com\/wp-content\/uploads\/2022\/08\/Esel.jpg 800w, https:\/\/speyer24news.com\/wp-content\/uploads\/2022\/08\/Esel-300x225.jpg 300w, https:\/\/speyer24news.com\/wp-content\/uploads\/2022\/08\/Esel-768x576.jpg 768w, https:\/\/speyer24news.com\/wp-content\/uploads\/2022\/08\/Esel-678x509.jpg 678w, https:\/\/speyer24news.com\/wp-content\/uploads\/2022\/08\/Esel-326x245.jpg 326w, https:\/\/speyer24news.com\/wp-content\/uploads\/2022\/08\/Esel-80x60.jpg 80w\" sizes=\"(max-width: 800px) 100vw, 800px\" \/><\/figure><\/div>\n\n\n<p>Verkehrsteilnehmer meldeten auf der Landstra\u00dfe 506 im Modenbachtal (bei Weyher) zwei ausgeb\u00fcxte Esel. Die beiden Tiere haben ihrem Ruf alle Ehre gemacht. St\u00f6rrisch konnten sie erst nach l\u00e4ngerer, fu\u00dfl\u00e4ufiger Verfolgungsjagd eingefangen und einer Tierhalterin \u00fcbergeben werden.<\/p>\n\n\n\n<h2 class=\"wp-block-heading\">(Gro\u00dffischlingen) &#8211; Rebsetzlinge entwendet<\/h2>\n\n\n\n<p>Unbekannte haben Anfang August von einem Weinberg neben der L 542 zwischen Gro\u00dffischlingen und Essingen mehrere neu angepflanzte Rebsetzlinge im Wert von \u00fcber 500 Euro entwendet. Der Sachverhalt wurde jetzt der Polizei zur Anzeige gebracht. Hinweise zu den T\u00e4tern nimmt die Polizei Edenkoben unter der Rufnummer 06323 9550 entgegen.<\/p>\n\n\n\n<h2 class=\"wp-block-heading\">(Edenkoben) &#8211; Heckscheibe eingeschlagen<\/h2>\n\n\n\n<p>\u00dcber das zur\u00fcckliegende Wochenende wurde an einem VW Bus T4, welcher in der Radeburger Stra\u00dfe auf dem &#8222;Lettenparkplatz&#8220; abgestellt war, die Heckscheibe eingeschlagen. Von dem T\u00e4ter fehlt jede Spur. Der Sachschaden liegt bei mehreren hundert Euro. Hinweise zu den T\u00e4tern nimmt die Polizei Edenkoben unter der Rufnummer 06323 9550 entgegen.<\/p>\n\n\n\n<h2 class=\"wp-block-heading\">(Kirrweiler) &#8211; \u00d6ffentlichkeitsfahndung: Vermisster 64-J\u00e4hriger<a href=\"https:\/\/www.facebook.com\/sharer.php?u=https%3A%2F%2Fwww.presseportal.de%2Fblaulicht%2Fpm%2F117686%2F5297609%2F%3Futm_source%3Dfacebook%26utm_medium%3Dsocial\"><\/a><a href=\"https:\/\/twitter.com\/intent\/tweet?text=POL-PDLD%3A%20%C3%96ffentlichkeitsfahndung%3A%20Vermisster%2064-J%C3%A4hriger&amp;url=https%3A%2F%2Fwww.presseportal.de%2Fblaulicht%2Fpm%2F117686%2F5297609%2F%3Futm_source%3Dtwitter%26utm_medium%3Dsocial&amp;hashtags=ots&amp;lang=de\"><\/a><a href=\"https:\/\/web.whatsapp.com\/send?text=POL-PDLD%3A%20%C3%96ffentlichkeitsfahndung%3A%20Vermisster%2064-J%C3%A4hriger%0A%0Ahttps%3A%2F%2Fwww.presseportal.de%2Fblaulicht%2Fpm%2F117686%2F5297609%2F%3Futm_source%3Dwhatsapp%26utm_medium%3Dsocial\"><\/a><a href=\"https:\/\/www.xing.com\/app\/user?op=share;url=https%3A%2F%2Fwww.presseportal.de%2Fblaulicht%2Fpm%2F117686%2F5297609%2F%3Futm_source%3Dxing%26utm_medium%3Dsocial\"><\/a><a href=\"http:\/\/www.linkedin.com\/shareArticle?mini=true&amp;url=https%3A%2F%2Fwww.presseportal.de%2Fblaulicht%2Fpm%2F117686%2F5297609%2F%3Futm_source%3Dlinkedin%26utm_medium%3Dsocial&amp;title=POL-PDLD%3A+%C3%96ffentlichkeitsfahndung%3A+Vermisster+64-J%C3%A4hriger\"><\/a><a href=\"mailto:?subject=POL-PDLD%3A%20%C3%96ffentlichkeitsfahndung%3A%20Vermisster%2064-J%C3%A4hriger&amp;body=https:\/\/www.presseportal.de\/blaulicht\/pm\/117686\/5297609\"><\/a><\/h2>\n\n\n<div class=\"wp-block-image\">\n<figure class=\"aligncenter size-full\"><img decoding=\"async\" src=\"https:\/\/speyer24news.com\/wp-content\/uploads\/2022\/08\/Heintz.jpg\" alt=\"\" class=\"wp-image-48142\"\/><\/figure><\/div>\n\n\n<p>Seit dem 14.08.2022 wird der 64-J\u00e4hrige Roland Heintz aus Kirrweiler vermisst. <\/p>\n\n\n\n<ul><li><strong>Der Vermisste verlie\u00df seine Wohnadresse mit dem Pkw seiner Frau, einem wei\u00dfen Hyundai Tucson (Baujahr 2016) mit dem amtlichen Kennzeichen S\u00dcW-SH 65. <\/strong><\/li><li><strong>Zuletzt trug der Gesuchte kurze graue Shorts, ein wei\u00dfes T-Shirt mit blauem Muster auf der Brust, sowie Birkenstock. <\/strong><\/li><\/ul>\n\n\n<div class=\"wp-block-image\">\n<figure class=\"aligncenter size-full\"><img decoding=\"async\" src=\"https:\/\/speyer24news.com\/wp-content\/uploads\/2022\/08\/HyundaiTucsonVERGLEICHSBILD.jpg\" alt=\"\" class=\"wp-image-48143\"\/><figcaption>Vergleichsbild: Hyundai Tucson<\/figcaption><\/figure><\/div>\n\n\n<p>Die bisher durchgef\u00fchrten Suchma\u00dfnahmen verliefen ohne Erfolg. Hinweise zum Aufenthaltsort des Vermissten nimmt die Polizei Landau unter 06341\/2870 oder via&nbsp;<a href=\"mailto:pilandau@polizei.rlp.de\">pilandau@polizei.rlp.de<\/a>&nbsp;oder auch jede andere Polizeidienststelle entgegen.<\/p>\n\n\n\n<h2 class=\"wp-block-heading\">(Lambrecht) &#8211; Ohne F\u00fchrerschein zur Arbeit<\/h2>\n\n\n\n<p>Am 15.08.2022 um 07:30 Uhr wurde ein 22- J\u00e4hriger mit seinem PKW in der Wiesenstra\u00dfe in 67466 Lambrecht einer anlassunabh\u00e4ngigen Verkehrskontrolle unterzogen. Der Mann aus Lambrecht befand sich zu diesem Zeitpunkt auf dem Weg zu seiner Arbeitsstelle. Im Rahmen der Kontrolle konnte festgestellt werden, dass der Mann nicht im Besitz eines F\u00fchrerscheines ist. Aufgrund dieser Tatsache war f\u00fcr diesen die Fahrt beendet und dessen Fahrzeugschl\u00fcssel wurde pr\u00e4ventiv sichergestellt. Den Lambrechter erwartet nun ein Strafverfahren wegen Fahrens ohne Fahrerlaubnis. Zudem wird die zust\u00e4ndige F\u00fchrerscheinstelle \u00fcber den Vorfall in Kenntnis gesetzt.<\/p>\n\n\n\n<h2 class=\"wp-block-heading\">(Ha\u00dfloch) &#8211; Betrunken und ohne Fahrerlaubnis unterwegs<\/h2>\n\n\n\n<p>Durch einen aufmerksamen B\u00fcrger wird ein augenscheinlich betrunkener Mann an einer Ha\u00dflocher Tankstelle gemeldet. Die eingesetzten Beamten k\u00f6nnen bei der anschlie\u00dfenden Kontrolle den Verdacht best\u00e4tigen. Der Mann, ein 37-j\u00e4hriger Neust\u00e4dter, pustete 1,3 Promille. Da er zuvor mit dem Auto zur Tankstelle gefahren ist, muss er eine Blutentnahme \u00fcber sich ergehen lassen. Bei der weiteren Kontrolle wurde zudem festgestellt, dass dem Mann bereits die Fahrerlaubnis entzogen wurde. Er wird sich wegen Trunkenheit im Verkehr und Fahren ohne Fahrerlaubnis verantworten m\u00fcssen.<\/p>\n\n\n\n<h2 class=\"wp-block-heading\">(Deidesheim) &#8211; Zu viel Alkohol f\u00fcr die Fahrt mit dem Rad<\/h2>\n\n\n\n<p>Im Rahmen der \u00dcberwachung des Weinfestes in Deidesheim wurde am fr\u00fchen Montagmorgen ein 31-j\u00e4hriger Deidesheimer radelnd im Platanenweg kontrolliert. Bei n\u00e4herer Betrachtung konnte bei dem Mann deutlicher Alkoholgeruch wahrgenommen werden. Eine entsprechende \u00dcberpr\u00fcfung ergab einen Wert von 1,98 Promille. Das Fahrrad blieb stehen und der Radler musste zur Blutentnahme. Ihn erwartet eine Anzeige wegen Trunkenheit im Verkehr.<\/p>\n\n\n\n<h2 class=\"wp-block-heading\">(Bad D\u00fcrkheim) &#8211; Zeugensuche nach Verkehrsunfallflucht<\/h2>\n\n\n\n<p>Am 14.08.2022 wurde gegen 10:50 Uhr ein in der Stra\u00dfe &#8222;Langer Wingert&#8220; geparkter Pkw durch einen Verkehrsunfall besch\u00e4digt. Ein bislang unbekannter Verkehrsteilnehmer besch\u00e4digte vermutlich beim Vorbeifahren den VW Golf und entfernte sich anschlie\u00dfend unerlaubt von der Unfallstelle in absteigende Richtung. An dem geparkten Fahrzeug wurde die Hecksto\u00dfstange und der linke hintere Radkasten besch\u00e4digt, wodurch ein Sachschaden von ca. 1200 Euro entstand.<\/p>\n\n\n\n<p>Zeugenhinweise nimmt die Polizeiinspektion Bad D\u00fcrkheim unter 06322 963-0 oder per E-Mail an&nbsp;<a href=\"mailto:pibadduerkheim@polizei.rlp.de\">pibadduerkheim@polizei.rlp.de<\/a>&nbsp;entgegen.<\/p>\n\n\n\n<h2 class=\"wp-block-heading\">(Gr\u00fcnstadt) &#8211; Unter Bet\u00e4ubungsmitteleinfluss E-Scooter gef\u00fchrt und als T\u00e4ter eines Betrugsdeliktes entlarvt<\/h2>\n\n\n\n<p>Am Dienstag, 16.08.2022 gegen 09:30 Uhr wurde ein 17-j\u00e4hriger Fahrer eines E-Scooter im Bereich der Kirchheimer Stra\u00dfe in Gr\u00fcnstadt einer Verkehrskontrolle unterzogen. W\u00e4hrend der Kontrolle konnten die Beamten drogentypische Auffallerscheinungen feststellen. Ein durchgef\u00fchrter Drogenschnelltest verlief positiv auf THC. Dem jungen Mann wurde die Weiterfahrt untersagt und ihm wurde auf der Dienststelle durch eine \u00c4rztin eine Blutprobe entnommen. Entsprechende Verfahren wegen Trunkenheit im Verkehr und Versto\u00dfes gegen das Bet\u00e4ubungsmittelgesetz wurden eingeleitet. Zudem wird die zust\u00e4ndige F\u00fchrerscheinstelle \u00fcber den Vorfall in Kenntnis gesetzt.<\/p>\n\n\n\n<p>Des Weiteren konnte der 17-j\u00e4hrige Fahrer im Rahmen der Anzeigenaufnahme, aufgrund vorhandener Videoaufzeichnungen, von den eingesetzten Beamten zweifelsfrei als T\u00e4ter mehrerer Betrugsdelikte identifiziert werden. Zuvor hat dieser eine EC-Karte rechtswidrig erlangt und diese auch umfangreich eingesetzt. Aufgrund dessen muss er mit weiteren Konsequenzen rechnen.<\/p>\n\n\n\n<h2 class=\"wp-block-heading\">(Dirmstein) &#8211; Unter Drogeneinfluss PKW gef\u00fchrt<\/h2>\n\n\n\n<p>Am 15.08.22,23:30 Uhr wurde eine PKW-Fahrerin in Dirmstein einer Verkehrskontrolle unterzogen. Es ergaben sich Anhaltspunkte auf den Konsum von Drogen. Ein durchgef\u00fchrter Drogenvortest verlief positiv auf Cannabis und Kokain. Der 39-j\u00e4hrigen Fahrzeugf\u00fchrerin wurde auf der Dienststelle eine Blutprobe entnommen. Die Weiterfahrt wurde untersagt und die Fahrerin muss nun mit einer Anzeige rechnen.<\/p>\n\n\n\n<h2 class=\"wp-block-heading\">(Maxdorf) &#8211; Alleinunfall mit leicht verletzter Person<\/h2>\n\n\n\n<p>Am 15.08.2022, gegen 04.00 Uhr, befuhr ein 62-j\u00e4hriger Mann aus Ellerstadt mit seinem Pkw die L 454 vom Kreisel in Maxdorf kommend in Richtung Fu\u00dfg\u00f6nheim. Nach eigenen Angaben wurde ihm kurzzeitig schwarz vor Augen, weshalb er nach rechts von der Fahrbahn abkam und mit einem Strommast kollidierte. Der Strommast kippte hierbei in das angrenzende Feld und wurde vom verst\u00e4ndigten Notdienst vom Netz genommen. Am Pkw entstand Totalschaden. Der 62-J\u00e4hrige wurde zur \u00dcberpr\u00fcfung in ein Krankenhaus verbracht. Der Gesamtschaden wird auf etwa 20.000 Euro gesch\u00e4tzt.<\/p>\n\n\n\n<p>Zeugen werden gebeten sich an die Polizeiinspektion Frankenthal unter der Tel.-Nr.: 06233\/313-0 oder an die Polizeiwache Maxdorf unter der Tel.-Nr.: 06237\/934-1100 zu wenden. Gerne nehmen wir Ihre Hinweise auch per E-Mail unter&nbsp;<a href=\"mailto:pifrankenthal@polizei.rlp.de\">pifrankenthal@polizei.rlp.de<\/a>&nbsp;entgegen.<\/p>\n\n\n\n<h2 class=\"wp-block-heading\">(Ludwigshafen) &#8211; Nachgemachte Kennzeichen<\/h2>\n\n\n\n<p>In der Nacht von Montag auf Dienstag, den 16.08.2022, staunten die Polizeibeamten nicht schlecht, als sie in der Sachsenstra\u00dfe ein Auto mit Ludwigshafener Kennzeichen aber bayrischer Zulassungsplakette entdeckten. Nachdem der Besitzer des PKWs ermittelt werden konnte, brachte dieser Licht ins Dunkel. Bei einem Auslandsaufenthalt bekam der Mann seine Kennzeichen geklaut, weshalb er sich noch im Ausland kurzerhand zwei Kennzeichenschilder herstellen lie\u00df. Bitte nicht nachmachen, die F\u00e4lschung der Kennzeichenschilder k\u00f6nnte den Tatbestand der Urkundenf\u00e4lschung erf\u00fcllen.<\/p>\n\n\n\n<h2 class=\"wp-block-heading\">(Ludwigshafen) &#8211; Nach Unfall mit Pedelec-Fahrer gefl\u00fcchtet \/ Zeugen gesucht<\/h2>\n\n\n\n<p>Am Montagnachmittag (15.08.2022), gegen 17:00 Uhr, fuhr ein unbekannter Radfahrer entgegengesetzt der vorgeschriebenen Fahrtrichtung auf dem Radweg neben der Mundenheimer Stra\u00dfe, so dass ein 59-j\u00e4hriger Pedelec-Fahrer, welcher den Radweg in korrekter Richtung befuhr, eine Vollbremsung machen musste. Durch die Bremsung st\u00fcrzte der Pedelec-Fahrer und verletzte sich leicht. Er wurde mit dem Rettungsdienst in ein Krankenhaus gebracht. Am Pedelec entstand zudem ein Schaden in H\u00f6he von rund 1000,- Euro. Der Radfahrer fl\u00fcchtete von der Unfallstelle in Richtung Wittelsbachstra\u00dfe, ohne sich um den Verletzten oder den Schaden zu k\u00fcmmern. <\/p>\n\n\n\n<h4 class=\"wp-block-heading\">Der fl\u00fcchtende Radfahrer wird, wie folgt beschrieben: <\/h4>\n\n\n\n<ul><li><strong>m\u00e4nnlich<\/strong><\/li><li><strong>ca. 30 Jahre alt<\/strong><\/li><li><strong>dunkles Haar<\/strong><\/li><\/ul>\n\n\n\n<p>Wer hat den Unfall beobachtet oder kann Hinweise zu dem fl\u00fcchtenden Radfahrer geben?<\/p>\n\n\n\n<p>Sachdienliche Hinweise bitte an die Polizeiinspektion Ludwigshafen 2, Telefonnummer 0621 963-2222 oder per E-Mail&nbsp;<a href=\"mailto:piludwigshafen2@polizei.rlp.de\">piludwigshafen2@polizei.rlp.de<\/a>&nbsp;.<\/p>\n\n\n\n<h2 class=\"wp-block-heading\">(Ludwigshafen) &#8211; E-Scooter-Fahrer unter Bet\u00e4ubungsmitteleinfluss<\/h2>\n\n\n\n<p>Ein 22-j\u00e4hriger E-Scooter-Fahrer konnte Montagnachmittag durch eine Polizeistreife im Bereich Zollhof kontrolliert werden. Der junge Mann konnte keinen Versicherungsschutz f\u00fcr seinen Scooter vorweisen und stand zudem unter dem Einfluss von Bet\u00e4ubungsmitteln. Ein Urintest verlief positiv auf THC. Um die genaue Drogenbeeinflussung festzustellen, wurde dem 22-J\u00e4hrigen auf der Polizeidienststelle eine Blutprobe entnommen. Neben einer Mitteilung an die Fahrerlaubnisbeh\u00f6rde erwarten den Fahrer nun mehrere Strafanzeigen. Denn wie f\u00fcr ein Mofa oder Roller gilt auch f\u00fcr einen E-Scooter die Versicherungspflicht.<\/p>\n\n\n\n<p>So praktisch die Fortbewegung mit einem E-Scooter auch ist, unter dem Einfluss von Bet\u00e4ubungsmitteln wird die Fahrt schnell sehr gef\u00e4hrlich. Hier gelten die gleichen Regeln, wie beim Autofahren. Wer berauscht f\u00e4hrt, gef\u00e4hrdet nicht nur sich, sondern auch andere. Au\u00dferdem kann die F\u00fchrerscheinstelle auch, bei E-Scooter-Fahrern die Geeignetheit des Fahrers \u00fcberpr\u00fcfen und ggfls. einen Fahrerlaubnisentzug oder -sperre anordnen.<\/p>\n\n\n\n<h2 class=\"wp-block-heading\">(Ludwigshafen) &#8211; Falsche Microsoft-Mitarbeiter<\/h2>\n\n\n\n<p>Wieder einmal versuchte ein angeblicher Microsoft-Mitarbeiter am Mittag des 15.08.2022 in Ludwigshafen durch falsche Behauptungen betr\u00fcgerisch Geld zu erlangen. Microsoft f\u00fchrt nach eigenen Angaben keine unaufgeforderten Telefonanrufe durch, um schadhafte Ger\u00e4te zu reparieren. Selbst auf offizielle Support-Anfragen erfolgen Hilfestellungen fast ausschlie\u00dflich per E-Mail. Wenn Sie einen solchen Anruf erhalten, legen Sie auf und melden Sie diesen Ihrer Polizei. Auf der Internet-Seite&nbsp;<a href=\"https:\/\/www.polizei-beratung.de\/\" target=\"_blank\" rel=\"noreferrer noopener\">www.polizei-beratung.de<\/a>&nbsp;finden Sie umfangreiche Informationen zu diesem Thema.<\/p>\n\n\n\n<h2 class=\"wp-block-heading\">(Ludwigshafen) &#8211; Erschlichene F\u00fchrerscheinpr\u00fcfung<\/h2>\n\n\n\n<p>Ein 36-j\u00e4hriger Fahrsch\u00fcler wollte sich am Montag (15.08.2022) den Weg zum F\u00fchrerschein erleichtern. Nicht er selbst erschien bei der theoretischen F\u00fchrerscheinpr\u00fcfung, sondern ein Unbekannter. Der Pr\u00fcfer erkannte jedoch die List und informierte die Polizei. Der Unbekannte war bei Eintreffen der Polizei nicht mehr vor Ort. Gegen den Fahrsch\u00fcler und gegen den Unbekannten wird nun wegen des Missbrauchs von Ausweispapieren ermittelt.<\/p>\n\n\n\n<h2 class=\"wp-block-heading\">(Ludwigshafen) &#8211; Mann entsorgt Kraftstoffgemisch in Kanalisation<\/h2>\n\n\n\n<p>Am Sonntagabend beobachteten Anwohner einen Mann beim Entsorgen einer Fl\u00fcssigkeit in die Kanalisation der Bunsenstra\u00dfe. Die hinzugerufene Feuerwehr identifizierte die Fl\u00fcssigkeit als umweltsch\u00e4dliches Kraftstoffgemisch. Der 54-j\u00e4hrige Umwelts\u00fcnder erschien im Laufe der Sachverhaltsaufnahme am Ereignisort, im droht nun eine Anzeige wegen Gew\u00e4sserverunreinigung.<\/p>\n\n\n\n<p>Geringste Mengen Benzin und \u00d6l k\u00f6nnen Boden und Wasser sch\u00e4digen und f\u00fcr Mensch und Tier gef\u00e4hrlich werden. So kann bereits ein Tropfen \u00d6l bis zu 1000 Liter Wasser verunreinigen. Die fachgerechte Entsorgung von Benzin\/- und \u00d6lresten ist unabl\u00e4ssig f\u00fcr den Fortbestand unserer Wasserversorgung.<\/p>\n\n\n\n<h2 class=\"wp-block-heading\">(Ludwigshafen) &#8211; Gef\u00e4hrliche Fahrman\u00f6ver mit dem Roller<\/h2>\n\n\n\n<p>In der Nacht von Samstag auf Sonntag versuchte ein 15-j\u00e4hriger Rollerfahrer durch gef\u00e4hrliche Fahrman\u00f6ver auf der Oppauer Stra\u00dfe seine Bekannten zu beeindrucken. Neben dem lauten Aufheulen des Motors, wiederholtem starken Beschleunigen und Bremsen ohne ersichtlichen Grund, pr\u00e4sentierte der Jugendliche zudem Wheelies und Donuts im \u00f6ffentlichen Stra\u00dfenverkehr. Die durch Zeugen alarmierte Polizei konnte den 15-J\u00e4hrigen kontrollieren, ihm droht nun eine Ordnungswidrigkeitenanzeige. Zudem wurde die F\u00fchrerscheinstelle \u00fcber das verkehrswidrige Fahrverhalten informiert.<\/p>\n\n\n\n<p>Solche Fahrman\u00f6ver st\u00f6ren zur sp\u00e4ten Stunde nicht nur Anwohner, sondern sind sowohl f\u00fcr den Fahrer selbst wie auch f\u00fcr unbeteiligte Verkehrsteilnehmer hoch gef\u00e4hrlich.<\/p>\n\n\n\n<h2 class=\"wp-block-heading\">(Ludwigshafen) &#8211; Unbefugt mit Lkw gefahren \/ Zeugen gesucht<\/h2>\n\n\n\n<p>In der Nacht auf Sonntag (13. &#8211; 14.08.2022), gegen Mitternacht, stahlen unbekannte mit einem zuvor ebenfalls gestohlenen Schl\u00fcssel einen Transporter von dem Gel\u00e4nde einer Speditionsfirma in der Deutschen Stra\u00dfe. Der gestohlene Fiat Ducato ist mit einem Ortungsger\u00e4t ausgestattet. Demnach fuhr der Transporter in der Nacht in die Bruchwiesenstra\u00dfe, August-Heller-Stra\u00dfe und in die Wattstra\u00dfe, wo er dann auch zur\u00fcckgelassen wurde.<\/p>\n\n\n\n<p>Wer hat den Transporter gesehen oder kann Hinweise auf den\/die T\u00e4ter geben?<\/p>\n\n\n\n<p>Sachdienliche Hinweise bitte an die Polizeiinspektion Ludwigshafen 1, Telefonnummer 0621 963-2122 oder per E-Mail&nbsp;<a href=\"mailto:piludwigshafen1@polizei.rlp.de\">piludwigshafen1@polizei.rlp.de<\/a>&nbsp;.<\/p>\n\n\n\n<h2 class=\"wp-block-heading\">(Pr\u00e4sidiumsbereich Rheinpfalz) &#8211; Bilanz des Polizeipr\u00e4sidiums Rheinpfalz zu der Kontrollwoche Geschwindigkeit 8.- 14. August 2022<\/h2>\n\n\n<div class=\"wp-block-image\">\n<figure class=\"aligncenter size-full\"><img decoding=\"async\" loading=\"lazy\" width=\"800\" height=\"450\" src=\"https:\/\/speyer24news.com\/wp-content\/uploads\/2020\/12\/Blitzer-Logo.jpg\" alt=\"\" class=\"wp-image-31938\" srcset=\"https:\/\/speyer24news.com\/wp-content\/uploads\/2020\/12\/Blitzer-Logo.jpg 800w, https:\/\/speyer24news.com\/wp-content\/uploads\/2020\/12\/Blitzer-Logo-300x169.jpg 300w, https:\/\/speyer24news.com\/wp-content\/uploads\/2020\/12\/Blitzer-Logo-768x432.jpg 768w, https:\/\/speyer24news.com\/wp-content\/uploads\/2020\/12\/Blitzer-Logo-678x381.jpg 678w\" sizes=\"(max-width: 800px) 100vw, 800px\" \/><\/figure><\/div>\n\n\n<p>Das Polizeipr\u00e4sidium Rheinpfalz beteiligte sich auch in diesem Jahr an der europaweiten Kontrollwoche zur Bek\u00e4mpfung und Verhinderung von \u00fcberh\u00f6hter Geschwindigkeit. In der Woche 8. bis 14. August 2022 fanden deshalb in der Vorder &#8211; und S\u00fcdpfalz vermehrt Geschwindigkeitskontrollen statt. In dieser Woche wurden insgesamt rund 6.863 Fahrzeuge \u00fcberpr\u00fcft. 678 davon waren zu schnell unterwegs. Neben der Ahnung von Geschwindigkeitsverst\u00f6\u00dfen wollen wir durch die Verkehrskontrollen auch die Risiken von \u00fcberh\u00f6hter Geschwindigkeit im Stra\u00dfenverkehr verst\u00e4rkt ins \u00f6ffentliche Bewusstsein r\u00fccken und diese nochmals verdeutlichen. In Kontrollstellen wurden die Betroffenen daher von Polizeikr\u00e4ften auf ihr Fehlverhalten und die damit verbundenen Gefahren hingewiesen. Im Jahr 2021 kam es infolge \u00fcberh\u00f6hter oder nicht angepasster Geschwindigkeit im Polizeipr\u00e4sidium Rheinpfalz zu 1.792 Verkehrsunf\u00e4llen, davon wurden bei 451 Verkehrsunf\u00e4llen Personen verletzt. Auch wenn die Zahlen aller t\u00f6dlichen Verkehrsunf\u00e4lle (19 Get\u00f6tete im Jahr 2021) seit einigen Jahren r\u00fcckl\u00e4ufig sind, ist \u00fcberh\u00f6hte bzw. nicht angepasste Geschwindigkeit nach wie vor eine der Hauptunfallursachen. Die Verkehrsunfallstatistik 2021 mit ausf\u00fchrlichen Informationen zur Unfalllage und unseren Ma\u00dfnahmen finden Sie auf unserer Internetseite&nbsp;<a href=\"https:\/\/s.rlp.de\/hRg\" target=\"_blank\" rel=\"noreferrer noopener\">https:\/\/s.rlp.de\/hRg<\/a>. Die Verkehrs\u00fcberwachung mittels Verkehrskontrollen geh\u00f6rt zu den zentralen Aufgaben der Polizei. Die Kontrollen sind f\u00fcr die Sicherheit im Stra\u00dfenverkehr von gro\u00dfer Bedeutung und finden deshalb das ganze Jahr \u00fcber statt. Die Kontrollwoche wurde von dem europaweiten Polizeinetzwerk ROADPOL&nbsp;<a href=\"https:\/\/www.roadpol.eu\/\" target=\"_blank\" rel=\"noreferrer noopener\">www.roadpol.eu<\/a>&nbsp;koordiniert, dessen Ziel es ist, die Zahl der Verkehrsunfallopfer deutlich zu senken (&#8222;Vision Zero&#8220;).<\/p>\n\n\n\n<h2 class=\"wp-block-heading\">(Mannheim) &#8211; Versuchter Raub in Einkaufsmarkt; Zeugen gesucht<\/h2>\n\n\n<div class=\"wp-block-image\">\n<figure class=\"aligncenter size-full\"><img decoding=\"async\" loading=\"lazy\" width=\"801\" height=\"600\" src=\"https:\/\/speyer24news.com\/wp-content\/uploads\/2020\/05\/Zeugen-gesucht-Neutral.jpg\" alt=\"\" class=\"wp-image-26598\" srcset=\"https:\/\/speyer24news.com\/wp-content\/uploads\/2020\/05\/Zeugen-gesucht-Neutral.jpg 801w, https:\/\/speyer24news.com\/wp-content\/uploads\/2020\/05\/Zeugen-gesucht-Neutral-300x225.jpg 300w, https:\/\/speyer24news.com\/wp-content\/uploads\/2020\/05\/Zeugen-gesucht-Neutral-768x575.jpg 768w, https:\/\/speyer24news.com\/wp-content\/uploads\/2020\/05\/Zeugen-gesucht-Neutral-678x509.jpg 678w, https:\/\/speyer24news.com\/wp-content\/uploads\/2020\/05\/Zeugen-gesucht-Neutral-326x245.jpg 326w, https:\/\/speyer24news.com\/wp-content\/uploads\/2020\/05\/Zeugen-gesucht-Neutral-80x60.jpg 80w\" sizes=\"(max-width: 801px) 100vw, 801px\" \/><\/figure><\/div>\n\n\n<p>Wegen des Verdachts des versuchten Raubes ermittelt das Raubdezernat des Kriminalkommissariats Mannheim gegen zwei junge T\u00e4ter.<\/p>\n\n\n\n<p>Beide hatten am Montagnachmittag, kurz nach 17 Uhr, einen Einkaufsmarkt in der Vogesenstra\u00dfe im Stadtteil Friedrichsfeld betreten, wobei einer von ihnen zun\u00e4chst vort\u00e4uschte, eine Flasche Korn kaufen zu wollen. Als der Kassierer am Band die Flasche einscannen wollte, zog der zweite T\u00e4ter eine Pistole, zielte auf den Kassierer und forderte die Herausgabe des Kasseninhalts.<\/p>\n\n\n\n<p>Aus bislang unbekannten Gr\u00fcnden lie\u00dfen beide pl\u00f6tzlich von ihrem von ihrem Vorhaben ab und fl\u00fcchteten in unbekannte Richtungen. Die T\u00e4ter werden wie folgt beschrieben:<\/p>\n\n\n\n<ol><li>T\u00e4ter: ca. 17-19 Jahre; ca. 170 cm; schlank; dunkle Wollm\u00fctze; wei\u00dfer Kapuzenpullover; schwarzer Mund- und Nasenschutz; s\u00fcdl\u00e4ndische Erscheinung; trug eine Pistole.<\/li><li>T\u00e4ter: ca. 17-19 Jahre; ca. 170 cm; schlank; Wollm\u00fctze; schwarze Hose, ebenfalls s\u00fcdl\u00e4ndischer Typ.<\/li><\/ol>\n\n\n\n<p>Eine sofort eingeleitete Fahndung nach ihnen verlief ohne Ergebnis.<\/p>\n\n\n\n<p>Zeugen, die Hinweise zu den T\u00e4tern und\/oder zur Fluchtrichtung machen k\u00f6nnen, werden gebeten, sich beim Kriminaldauerdienst, Tel.: 0621\/174-4444 zu melden.<\/p>\n\n\n\n<h2 class=\"wp-block-heading\">(Mannheim-Innenstadt) &#8211; 29-J\u00e4hriger bei Raub verletzt \/ Hinweise an die Polizei<\/h2>\n\n\n<div class=\"wp-block-image\">\n<figure class=\"aligncenter size-full\"><img decoding=\"async\" loading=\"lazy\" width=\"801\" height=\"600\" src=\"https:\/\/speyer24news.com\/wp-content\/uploads\/2020\/05\/Zeugen-gesucht-Neutral.jpg\" alt=\"\" class=\"wp-image-26598\" srcset=\"https:\/\/speyer24news.com\/wp-content\/uploads\/2020\/05\/Zeugen-gesucht-Neutral.jpg 801w, https:\/\/speyer24news.com\/wp-content\/uploads\/2020\/05\/Zeugen-gesucht-Neutral-300x225.jpg 300w, https:\/\/speyer24news.com\/wp-content\/uploads\/2020\/05\/Zeugen-gesucht-Neutral-768x575.jpg 768w, https:\/\/speyer24news.com\/wp-content\/uploads\/2020\/05\/Zeugen-gesucht-Neutral-678x509.jpg 678w, https:\/\/speyer24news.com\/wp-content\/uploads\/2020\/05\/Zeugen-gesucht-Neutral-326x245.jpg 326w, https:\/\/speyer24news.com\/wp-content\/uploads\/2020\/05\/Zeugen-gesucht-Neutral-80x60.jpg 80w\" sizes=\"(max-width: 801px) 100vw, 801px\" \/><\/figure><\/div>\n\n\n<p>Am Samstagmorgen wurde, um kurz nach 9 Uhr, ein 29 Jahre alter Mann im Bereich der Quadrate U5 von mehreren, bislang unbekannten, T\u00e4tern gewaltsam niedergeschlagen. Hierbei konnten die wohl insgesamt drei T\u00e4ter dem 29-J\u00e4hrigen dessen mitgef\u00fchrte Umh\u00e4ngetasche entrei\u00dfen, in welcher sich, neben Identit\u00e4tsdokumenten, u.a. dessen Smartphone sowie ein vierstelliger Geldbetrag befanden.<\/p>\n\n\n\n<p>Die T\u00e4ter fl\u00fcchteten, samt Beute, nach der Tat in unbekannte Richtung. Der verletzte Mann musste zur weiteren Untersuchung in ein Mannheimer Krankenhaus verbracht werden. Der 29-J\u00e4hrige konnte keine exakte Beschreibung der T\u00e4ter abgeben, beschrieb<strong> das Erscheinungsbild der Verd\u00e4chtigen jedoch als westasiatisch<\/strong>. Das Kriminalkommissariat Mannheim hat die Ermittlungen in dieser Sache \u00fcbernommen.<\/p>\n\n\n\n<p>Zeugen, welche sich zur Tatzeit im besagten Bereich aufhielten und Beobachtungen machen konnten, werden gebeten, sich mit der Kriminalpolizei unter der Rufnummer 0621 \/ 174-4444 in Verbindung zu setzen.<\/p>\n\n\n\n<h2 class=\"wp-block-heading\">(Mannheim-Feudenheim) &#8211; PKW mutwillig mit Schraubenzieher zerkratzt \/ T\u00e4ter fl\u00fcchtet<\/h2>\n\n\n\n<p>Am Samstag wurde gegen 08.00 Uhr in Feudenheim ein PKW mutwillig mit einem Schraubenzieher zerkratzt. Der BMW stand geparkt in der Wilhelmstra\u00dfe, als der Fahrzeughalter den T\u00e4ter bei der Tat beobachten konnte. Dieser zerkratzte mutwillig mittels Schraubenzieher den PKW und ging anschlie\u00dfend mit seinen Begleitern fl\u00fcchtig. Der T\u00e4ter ist dem Halter fl\u00fcchtig bekannt, sodass er diesen sofort erkannte. Es entstand ein Sachschaden in H\u00f6he von mehreren tausend Euro.<\/p>\n\n\n\n<h2 class=\"wp-block-heading\">(Mannheim \/ Heidelberg \/ Rhein-Neckar-Kreis) &#8211; Radfahrunf\u00e4lle gestiegen \/ landesweite Social-Media-Kampagne #helmdrauf<\/h2>\n\n\n<div class=\"wp-block-image\">\n<figure class=\"aligncenter size-full\"><img decoding=\"async\" loading=\"lazy\" width=\"500\" height=\"679\" src=\"https:\/\/speyer24news.com\/wp-content\/uploads\/2022\/08\/Baumann.jpg\" alt=\"\" class=\"wp-image-48144\" srcset=\"https:\/\/speyer24news.com\/wp-content\/uploads\/2022\/08\/Baumann.jpg 500w, https:\/\/speyer24news.com\/wp-content\/uploads\/2022\/08\/Baumann-221x300.jpg 221w\" sizes=\"(max-width: 500px) 100vw, 500px\" \/><\/figure><\/div>\n\n\n<p>Steigende Unfallzahlen bei Radfahrern besch\u00e4ftigen die Verkehrsexperten landesweit. Wie das Innenministerium Baden-W\u00fcrttemberg am 9. August mitteilte, stiegen die Unfallzahlen bei den Radfahrfern im 1. Halbjahr 2022 gegen\u00fcber dem Vergleichszeitraum des vergangenen Jahres um mehr als 20 Prozent.<\/p>\n\n\n\n<p>An mehr als jedem vierten Radunfall war ein Elektrofahrrad beteiligt. Die Zahl der get\u00f6teten Radfahrerinnen und Radfahrer stieg von 25 auf 31. Von den get\u00f6teten Radfahrern waren fast 75 Prozent mit einem Elektrofahrrad unterwegs. Diesem Trend kann sich auch das Polizeipr\u00e4sidium Mannheim nicht entziehen.<\/p>\n\n\n\n<p>Dar\u00fcber hinaus trugen insgesamt mehr als die H\u00e4lfte keinen Helm! Viele Radfahrer untersch\u00e4tzen nach wie vor die Gefahren und insbesondere die Geschwindigkeiten im Stra\u00dfenverkehr. Da kann ein Helm Leben retten. Deswegen beteiligt sich das Polizeipr\u00e4sidium Mannheim an einer bundesweiten Pr\u00e4ventionskampagne #KopfEntscheidung, die auch landesweit unter #helmdrauf umgesetzt wird.<\/p>\n\n\n\n<p>Bekannte Gesichter aus der Region werben bei dieser Social-Media-Kampagne #helmdrauf in kurzen Clips f\u00fcr das Tragen eines Helms beim Fahrradfahrern. Das Polizeipr\u00e4sidium Mannheim konnte hierzu<\/p>\n\n\n\n<ul><li><strong>Oliver Baumann, Torh\u00fcter der TSG Hoffenheim<\/strong><\/li><li><strong>Manfred Lautenschl\u00e4ger, MLP-Gr\u00fcnder<\/strong><\/li><li><strong>Frank Kain, Kabarettist und<\/strong><\/li><li><strong>Tina Babbel, Moderatorin<\/strong><\/li><\/ul>\n\n\n\n<p>gewinnen, die sich als Botschafter f\u00fcr das Tragen eines Fahrradhelms einsetzen.<\/p>\n\n\n\n<p>Der Clip ist seit Sonntag, den 14. August auf den Social-Media-Kan\u00e4len Facebook:&nbsp;<a target=\"_blank\" rel=\"noreferrer noopener\" href=\"https:\/\/www.facebook.com\/PolizeiMannheim\/videos\/1051705329045018\">https:\/\/www.facebook.com\/PolizeiMannheim\/videos\/1051705329045018<\/a><\/p>\n\n\n\n<p>Twitter:&nbsp;<a target=\"_blank\" rel=\"noreferrer noopener\" href=\"https:\/\/twitter.com\/PolizeiMannheim\/status\/1559074010654285826\">https:\/\/twitter.com\/PolizeiMannheim\/status\/1559074010654285826<\/a><\/p>\n\n\n\n<p>sowie auf der Homepage:&nbsp;<a target=\"_blank\" rel=\"noreferrer noopener\" href=\"https:\/\/ppmannheim.polizei-bw.de\/helmdrauf-kopfentscheidung-oder-bauchentscheidung\/\">https:\/\/ppmannheim.polizei-bw.de\/helmdrauf-kopfentscheidung-oder-bauchentscheidung\/<\/a><\/p>\n\n\n\n<p>des Polizeipr\u00e4sidiums Mannheim eingestellt.<\/p>\n\n\n\n<h2 class=\"wp-block-heading\">(Heidelberg) &#8211; Rettungseinsatz am Neckarufer; 43-j\u00e4hriger Mann aus Wasser geborgen<\/h2>\n\n\n\n<h3 class=\"has-text-align-center wp-block-heading\">Pressemitteilung Nr. 1<\/h3>\n\n\n<div class=\"wp-block-image\">\n<figure class=\"aligncenter size-full\"><img decoding=\"async\" loading=\"lazy\" width=\"800\" height=\"509\" src=\"https:\/\/speyer24news.com\/wp-content\/uploads\/2020\/04\/HD-Wasserschutzpolizei.jpg\" alt=\"\" class=\"wp-image-26180\" srcset=\"https:\/\/speyer24news.com\/wp-content\/uploads\/2020\/04\/HD-Wasserschutzpolizei.jpg 800w, https:\/\/speyer24news.com\/wp-content\/uploads\/2020\/04\/HD-Wasserschutzpolizei-300x191.jpg 300w, https:\/\/speyer24news.com\/wp-content\/uploads\/2020\/04\/HD-Wasserschutzpolizei-768x489.jpg 768w\" sizes=\"(max-width: 800px) 100vw, 800px\" \/><figcaption>Boot der Wasserschutzpolizei<\/figcaption><\/figure><\/div>\n\n\n<p>Eine 43-j\u00e4hriger Mann wurde am Dienstagnachmittag, gegen 12.30 Uhr, von Polizeitauchern der Wasserschutzpolizeistation Heidelberg aus dem Neckar geborgen und nach seiner ersten not\u00e4rztlichen Behandlung mit einem Rettungswagen in eine Klinik gebracht.<\/p>\n\n\n\n<p>\u00dcber den Gesundheitszustand des Mannes liegen derzeit liegen noch keine Erkenntnisse vor.<\/p>\n\n\n\n<p>Ein Zeuge hatte kurz vor 12 Uhr die Polizei dar\u00fcber informiert, dass ein Mann am n\u00f6rdlichen Ufer des Neckars, \u00f6stliche des Br\u00fcckenkopfes in den Fluss gesprungen, aber nicht wieder aufgetaucht sei.<\/p>\n\n\n\n<p>Im Rahmen der sofort eingeleiteten Rettungsaktion kam neben den Polizeitauchern mit einem Polizeiboot auch kurzfristig ein Polizeihubschrauber zum Einsatz.<\/p>\n\n\n\n<p>Nach ersten Erkenntnissen liegen keine Hinweise auf ein Fremdverschulden oder eine Selbstt\u00f6tungsabsicht vor.<\/p>\n\n\n\n<p>Die momentanen Ermittlungen werden vom Polizeipr\u00e4sidium Einsatz in G\u00f6ppingen gef\u00fchrt.<\/p>\n\n\n\n<h3 class=\"has-text-align-center wp-block-heading\">Taucher der Berufsfeuerwehr Heidelberg im Einsatz; Korrektur!!! Pressemitteilung Nr. 2<\/h3>\n\n\n\n<p>Eine 43-j\u00e4hriger Mann wurde am Dienstagnachmittag, gegen 12.30 Uhr, von Tauchern der Berufsfeuerwehr Heidelberg aus dem Neckar geborgen und nach seiner ersten not\u00e4rztlichen Behandlung mit einem Rettungswagen in eine Klinik gebracht.<\/p>\n\n\n\n<p>\u00dcber den Gesundheitszustand des Mannes liegen derzeit liegen noch keine Erkenntnisse vor.<\/p>\n\n\n\n<p>Ein Zeuge hatte kurz vor 12 Uhr die Polizei dar\u00fcber informiert, dass ein Mann am n\u00f6rdlichen Ufer des Neckars, \u00f6stlich des Br\u00fcckenkopfes in den Fluss gesprungen, aber nicht wieder aufgetaucht sei.<\/p>\n\n\n\n<p>Im Rahmen der sofort eingeleiteten Rettungsaktion kam neben den Feuerwehrtauchern mit einem eigenen Boot auch kurzfristig ein Polizeihubschrauber zum Einsatz.<\/p>\n\n\n\n<p>Nach ersten Erkenntnissen liegen keine Hinweise auf ein Fremdverschulden oder eine Selbstt\u00f6tungsabsicht vor. D<\/p>\n\n\n\n<p>ie momentanen Ermittlungen werden vom Polizeipr\u00e4sidium Einsatz in G\u00f6ppingen gef\u00fchrt.<\/p>\n\n\n\n<h2 class=\"wp-block-heading\">(Heidelberg) &#8211; Handy gestohlen, geortet und T\u00e4ter ertappt \/ Gleich zwei Anzeigen wegen Diebstahls!<\/h2>\n\n\n\n<p>In der Nacht von Montag auf Dienstag entwendete ein zun\u00e4chst unbekannter Mann unbemerkt das Smartphone einer 53-j\u00e4hrigen Frau in einem Lokal in der Heidelberger Altstadt. Die bestohlene Frau informierte umgehend die Polizei, w\u00e4hrend sie mithilfe einer Ortungsapp den Fluchtweg des Verd\u00e4chtigen verfolgte und die Beamtinnen und Beamten so zu dem T\u00e4ter lotste. Die Polizei konnte schlie\u00dflich den 26-j\u00e4hrigen Mann gegen 1:30 Uhr in der N\u00e4he des Graswegs ausfindig machen und ihn dort durchsuchen. Hierbei fanden die Einsatzkr\u00e4fte schlie\u00dflich das gestohlene Smartphone. Ebenfalls fiel den Polizistinnen und Polizisten bei der Durchsuchung ein hochwertiges Paar Funkkopfh\u00f6rer auf, welche zur\u00fcckliegend vermehrt im Bereich der Neckarwiese gestohlen worden waren. Eine Abfrage der Individualnummer in den polizeilichen Systemen ergab tats\u00e4chlich, dass der 26-J\u00e4hrige auch diese gestohlen haben d\u00fcrfte, denn diese waren nach einem Diebstahl auf der Neckarwiese vom 11.08.22 zur Fahndung ausgeschrieben. Gegen den Mann wird nun wegen des Verdachts des Diebstahls in beiden F\u00e4llen ermittelt.<\/p>\n\n\n\n<h2 class=\"wp-block-heading\">(Heidelberg) &#8211; Unbekannter bel\u00e4stigt Frau \/ Zeugen gesucht<\/h2>\n\n\n<div class=\"wp-block-image\">\n<figure class=\"aligncenter size-full\"><img decoding=\"async\" loading=\"lazy\" width=\"801\" height=\"600\" src=\"https:\/\/speyer24news.com\/wp-content\/uploads\/2020\/05\/Zeugen-gesucht-Neutral.jpg\" alt=\"\" class=\"wp-image-26598\" srcset=\"https:\/\/speyer24news.com\/wp-content\/uploads\/2020\/05\/Zeugen-gesucht-Neutral.jpg 801w, https:\/\/speyer24news.com\/wp-content\/uploads\/2020\/05\/Zeugen-gesucht-Neutral-300x225.jpg 300w, https:\/\/speyer24news.com\/wp-content\/uploads\/2020\/05\/Zeugen-gesucht-Neutral-768x575.jpg 768w, https:\/\/speyer24news.com\/wp-content\/uploads\/2020\/05\/Zeugen-gesucht-Neutral-678x509.jpg 678w, https:\/\/speyer24news.com\/wp-content\/uploads\/2020\/05\/Zeugen-gesucht-Neutral-326x245.jpg 326w, https:\/\/speyer24news.com\/wp-content\/uploads\/2020\/05\/Zeugen-gesucht-Neutral-80x60.jpg 80w\" sizes=\"(max-width: 801px) 100vw, 801px\" \/><\/figure><\/div>\n\n\n<p>Am Montagnachmittag gegen 15 Uhr war eine 29-j\u00e4hrige Frau zu Fu\u00df im Boxbergring zwischen der Bank und dem Einkaufszentrum unterwegs. In der Unterf\u00fchrung sprach ein bisher unbekannter T\u00e4ter die Frau, welche mit ihrer Tochter unterwegs war, an und zeigte ihr ein Bild auf seinem Smartphone. Bei dieser Gelegenheit umarmte der Unbekannte die Frau, welche sich daraufhin versuchte zu entfernen. Der Mann folgte ihr und fasste ihr hierbei zweimal an das Ges\u00e4\u00df. Danach fl\u00fcchtete der Mann in Richtung eines Supermarkts. <\/p>\n\n\n\n<h4 class=\"wp-block-heading\">Der Verd\u00e4chtige wird wie folgt beschrieben: <\/h4>\n\n\n\n<ul><li><strong>s\u00fcdl\u00e4ndisches Erscheinungsbild<\/strong><\/li><li><strong>ca. 170 cm gro\u00df<\/strong><\/li><li><strong>Drei-Tage-Bart<\/strong><\/li><li><strong>trug eine blaue Schildm\u00fctze, Sonnenbrille, beige Dreiviertelhose, dunkles Shirt<\/strong><\/li><li><strong>auff\u00e4llig wei\u00dfe Z\u00e4hne<\/strong><\/li><li><strong>trug braune Papiereinkaufstasche<\/strong><\/li><li><strong>Tattoos an Armen<\/strong><\/li><li><strong>sprach Englisch<\/strong><\/li><\/ul>\n\n\n\n<p>Zeugen, welche die Situation beobachtet haben oder sachdienliche Hinweise zum T\u00e4ter geben k\u00f6nnen, werden gebeten, sich Polizeirevier Heidelberg-S\u00fcd, Tel.: 06221\/3418-0 in Verbindung zu setzen.<\/p>\n\n\n\n<h2 class=\"wp-block-heading\">(Heidelberg-Altstadt) &#8211; Unfallflucht durch Fahrrad\/E-Scooter begangen \/ Zeugen gesucht!<\/h2>\n\n\n\n<p>Am Sonntag kam es in der Bienenstra\u00dfe in der Heidelberger Altstadt zu einer Verkehrsunfallflucht. Hierbei wies ein BMW X 1 frische Unfallsch\u00e4den auf. Diese passen jedoch nicht zu einem Zusammensto\u00df mit einem anderen PKW, sondern deuten auf ein Unfallgeschehen mit einem Fahrrad oder einem E-Scooter hin. Es entstand ein Sachschaden in H\u00f6he von mehreren tausend Euro.<\/p>\n\n\n\n<p>Zeugenhinweise werden beim Polizeirevier Heidelberg-Mitte unter Tel.: 06221\/99-1700 entgegengenommen.<\/p>\n\n\n\n<h2 class=\"wp-block-heading\">(Heidelberg-Bergheim) &#8211; Diebstahl aus PKW \/ Zeugen gesucht!<\/h2>\n\n\n\n<p>In der Nacht von Freitag auf Samstag kam es in der Luisenstra\u00dfe in Heidelberg- Bergheim zu einem Diebstahl aus einem dort geparkten Fahrzeug. Durch einen bislang unbekannten T\u00e4ter wurde eine Seitenscheibe bei dem dort geparkten Smart eingeschlagen und der Innenraum durchw\u00fchlt. Der Diebstahlschaden ist bislang noch unbekannt.<\/p>\n\n\n\n<p>Zeugenhinweise werden beim Polizeirevier Heidelberg-Mitte unter Tel.: 06221\/99-1700 entgegengenommen.<\/p>\n\n\n\n<h2 class=\"wp-block-heading\">(Heidelberg-Wieblingen) &#8211; Rollerfahrer und Sozia bei Verkehrsunfall verletzt<\/h2>\n\n\n\n<p>Ein Rollerfahrer sowie dessen Mitfahrerin wurden am sp\u00e4ten Montagnachmittag bei einem Unfall auf der L637 bei Wieblingen verletzt.<\/p>\n\n\n\n<p>Der 18-J\u00e4hrige kam beim Befahren des Kreisverkehrs, an der dortigen Umgehungsstra\u00dfe (Abzweigung Sandwingert), auf der nassen Fahrbahn zu Sturz. Hierbei zog sich der Rollerfahrer Prellungen und Sch\u00fcrfwunden zu, w\u00e4hrend seine 16-j\u00e4hrige Begleiterin Verletzungen im Gesichtsbereich davontrug.<\/p>\n\n\n\n<p>Beide Personen mussten in Heidelberger Kliniken medizinisch behandelt werden; an dem Kleinkraftrad entstand geringer Sachschaden.<\/p>\n\n\n\n<h2 class=\"wp-block-heading\">(Schwetzingen \/ Rhein-Neckar-Kreis) &#8211; Einbruch in Filiale f\u00fcr Werkzeugverleih \/ Zeugen gesucht!<\/h2>\n\n\n\n<p>Am Montag kam es zwischen 00.00 Uhr und 01.15 Uhr zum Einbruch in die Filiale in der Z\u00fcndholzstra\u00dfe in Schwetzingen. Die bislang unbekannte T\u00e4terschaft brach mittels Brecheisen in das Gesch\u00e4ft ein und zerst\u00f6rte die gesamte Elektronik sowie alle Bewegungsmelder. Aus einem Tresor wurde Bargeld im vierstelligen Bereich entwendet. Der Tresor konnte mit dem dazugeh\u00f6rigen Schl\u00fcssel ge\u00f6ffnet werden, welcher sich in der Filiale befand. Die H\u00f6he des entstandenen Sachschadens ist derzeit noch unbekannt.<\/p>\n\n\n\n<p>Zeugen, die sachdienliche Hinweise geben k\u00f6nnen, werden gebeten sich telefonisch mit dem Polizeirevier Schwetzingen in Verbindung zu setzen unter: 06202-2880<\/p>\n\n\n\n<h2 class=\"wp-block-heading\">(Ketsch \/ Rhein-Neckar-Kreis) &#8211; Verzierung von Grabstein entwendet \/ Zeugen gesucht<\/h2>\n\n\n<div class=\"wp-block-image\">\n<figure class=\"aligncenter size-full\"><img decoding=\"async\" loading=\"lazy\" width=\"500\" height=\"673\" src=\"https:\/\/speyer24news.com\/wp-content\/uploads\/2022\/08\/Schmetterling.jpg\" alt=\"\" class=\"wp-image-48147\" srcset=\"https:\/\/speyer24news.com\/wp-content\/uploads\/2022\/08\/Schmetterling.jpg 500w, https:\/\/speyer24news.com\/wp-content\/uploads\/2022\/08\/Schmetterling-223x300.jpg 223w\" sizes=\"(max-width: 500px) 100vw, 500px\" \/><\/figure><\/div>\n\n\n<p>Vermutlich in der Zeit von 11 Uhr bis 19.30 Uhr am Sonntag entwendete ein oder mehrere bislang unbekannte T\u00e4ter einen aus Metall gefertigten Schmetterling aus einem Grabstein. Die Grabzierde wurde gewaltsam aus dem Grabstein auf dem Friedhof in der Nelkenstra\u00dfe herausgebrochen, wodurch nicht unerheblicher Schaden entstand. Der Metallschmetterling hat einen Durchmesser von ca. 20 Zentimeter und ist bl\u00e4ulich patiniert. Der Diebstahlsschaden kann bislang nicht beziffert werden.<\/p>\n\n\n\n<p>Der Polizeiposten Ketsch hat die Ermittlungen wegen des besonders schweren Falls des Diebstahls aufgenommen und sucht in diesem Zusammenhang nach Zeugen. Besucher des Friedhofs, die zum fraglichen Zeitraum verd\u00e4chtige Personen beobachtet haben oder weitere Hinweise geben k\u00f6nnen, werden gebeten, sich unter Tel.: 06202 61696 bei den Ermittlern zu melden.<\/p>\n\n\n\n<h2 class=\"wp-block-heading\">(A 5 \/ Gem. Sandhausen \/ Rhein-Neckar-Kreis) &#8211; Raser f\u00e4hrt ohne F\u00fchrerschein<\/h2>\n\n\n\n<p>Weil ein 54-j\u00e4hriger Autofahrer am sp\u00e4ten Sonntagabend mit seiner viel zu schnellen Fahrweise auffiel, muss er sich nun nicht nur wegen der Geschwindigkeits\u00fcberschreitung, sondern auch wegen des Fahrens ohne Fahrerlaubnis verantworten.<\/p>\n\n\n\n<p>Im Zuge von Geschwindigkeitsmessungen fiel der in s\u00fcdlicher Richtung fahrende Verkehrsteilnehmer den Polizeibeamten auf, als er diese mit 123 km\/h anstelle der erlaubten 80 km\/h passierte.<\/p>\n\n\n\n<p>Bei der anschlie\u00dfenden Kontrolle staunten die Beamten der Autobahnpolizei Mannheim nicht schlecht, als der Pkw-Fahrer mitteilte, nicht im Besitz der erforderlichen Fahrerlaubnis zu sein.<\/p>\n\n\n\n<p>F\u00fcr den 54-J\u00e4hrigen hatte die Fahrt demnach ein Ende: Ihm wurde die Weiterfahrt untersagt; seine Fahrzeugschl\u00fcssel wurden einbehalten.<\/p>\n\n\n\n<h2 class=\"wp-block-heading\">(Sandhausen \/ Tank- und Rastanlage Hardtwald-Ost \/ Rhein-Neckar-Kreis) &#8211; Rollerfahrer unter Drogeneinfluss und ohne F\u00fchrerschein<\/h2>\n\n\n\n<p>Am fr\u00fchen Sonntagnachmittag wurden die Beamten des Autobahnpolizeireviers Mannheim auf einen Rollerfahrer aufmerksam, welcher gegen 14:00 Uhr die Betriebsumfahrung der am Hardtwald gelegenen Rastst\u00e4tte nutzte.<\/p>\n\n\n\n<p>Als der 28-j\u00e4hrige Kleinkraftradfahrer einer Kontrolle unterzogen werden sollte, entledigte dieser sich einer Bauchtasche und versuchte, der Kontrolle zu entkommen. Nachdem die Polizeibeamtinnen und Polizeibeamten den Rollerfahrer einholen und stoppen konnten, waren die vermeintlichen Gr\u00fcnde f\u00fcr das Verhalten des 28-J\u00e4hrigen schnell erkannt: Der Mann stand unter dem Einfluss von Drogen, f\u00fchrte zudem Marihuana mit sich mit und befindet sich aktuell nicht im Besitz eines F\u00fchrerscheins. Auch konnte er keine entsprechende Haftpflichtversicherung f\u00fcr seinen Roller vorweisen.<\/p>\n\n\n\n<p>Nachdem der beschuldigte 28-J\u00e4hrige zur Blutentnahme den Beamten mit auf die Wache folgen musste, waren die Ma\u00dfnahmen der Polizei noch nicht beendet: \u00dcber das zust\u00e4ndige Amtsgericht wurde die Durchsuchung der Wohnung des 28-j\u00e4hrigen Rollerfahrers angeordnet, bei welcher rund 20 Gramm Marihuana sowie weitere Bet\u00e4ubungsmittelutensilien aufgefunden werden konnten.<\/p>\n\n\n\n<p>Der 28-J\u00e4hrige hat nun mit mehreren Strafanzeigen, u.a. wegen Drogenbesitzes sowie wegen des Fahrens ohne Fahrerlaubnis, zu rechnen<\/p>\n\n\n\n<h2 class=\"wp-block-heading\">(Leimen \/ Rhein-Neckar-Kreis) &#8211; Auff\u00e4lliger Autofahrer gelangt gleich mehrfach zur Anzeige<\/h2>\n\n\n\n<p>Wegen seines z\u00f6gerlichen Fahrverhaltens wurden Beamte des Polizeireviers Wiesloch in der Nacht von Montag auf Dienstag auf einen Autofahrer in der Rohrbacher Stra\u00dfe aufmerksam &#8211; der Fahrer gelangte anschlie\u00dfend gleich wegen mehrerer Delikte zur Anzeige.<\/p>\n\n\n\n<p>Der 28-j\u00e4hrige Autofahrer konnte bei der anschlie\u00dfenden Verkehrskontrolle gegen 3:30 Uhr keinerlei Ausweisdokumente, F\u00fchrer- und Fahrzeugschein vorweisen, da er diese nicht dabeihatte. Gerade als seine angeblichen Personalien, die er gegen\u00fcber den Uniformierten angab, \u00fcberpr\u00fcft wurden, besann sich der Fahrer eines Besseren und gab zu diese erfunden zu haben. Dabei wurde ebenfalls bekannt, dass dem 28-J\u00e4hrigen seit mehreren Jahren die Fahrerlaubnis entzogen wurde. Dem nicht genug stand er unter dem Einfluss von Bet\u00e4ubungsmitteln. Ein freiwilliger Test verlief positiv auf THC und Kokain. Eine \u00dcberpr\u00fcfung des Fahrzeugs ergab zudem, dass die am VW angebrachten Kennzeichen gestohlen wurden. Der 28-J\u00e4hrige musste die Beamten daraufhin zum Polizeirevier begleiten, wo diesem eine Blutprobe entnommen wurde. Die Kennzeichen wurden sichergestellt. Der Fahrer muss sich nun wegen Fahrens ohne Fahrerlaubnis, Fahrens und Einfluss von Bet\u00e4ubungsmitteln und Diebstahls strafrechtlich verantworten. Zudem wird gepr\u00fcft, ob das Fahrzeug f\u00fcr den \u00f6ffentlichen Verkehr zugelassen war.<\/p>\n\n\n\n<h2 class=\"wp-block-heading\">(Wiesloch \/ Rhein-Neckar-Kreis) &#8211; Unbekannter Hund geht auf Reh los \/ Zeugen gesucht!<\/h2>\n\n\n<div class=\"wp-block-image\">\n<figure class=\"aligncenter size-full\"><img decoding=\"async\" loading=\"lazy\" width=\"800\" height=\"361\" src=\"https:\/\/speyer24news.com\/wp-content\/uploads\/2022\/08\/Hund-Wiesloch.jpg\" alt=\"\" class=\"wp-image-48145\" srcset=\"https:\/\/speyer24news.com\/wp-content\/uploads\/2022\/08\/Hund-Wiesloch.jpg 800w, https:\/\/speyer24news.com\/wp-content\/uploads\/2022\/08\/Hund-Wiesloch-300x135.jpg 300w, https:\/\/speyer24news.com\/wp-content\/uploads\/2022\/08\/Hund-Wiesloch-768x347.jpg 768w\" sizes=\"(max-width: 800px) 100vw, 800px\" \/><\/figure><\/div>\n\n\n<p>Am vergangenen Samstag gegen 9:00 Uhr kam es in Wiesloch (Jagdrevier Baiertal II, im Bereich des Steinbruchs) zu einem Vorfall, bei dem ein bisher unbekannter Hund ein Reh auf einer Lichtung angriff. Ein herbeigeeilter Zeuge konnte eine Aufnahme des Hundes anfertigen und den Hund vertreiben. Hierbei fl\u00fcchtete auch das Rehkitz. Eine sp\u00e4tere Nachsuche durch den Jagdp\u00e4chter verlief ohne Erfolg. Hinweise zur Schwere der Verletzung des Rehs konnten bisher nicht erlangt werden. Der Hund trug einen GPS Tracker mit rotem Halsband. Die Polizeihundestaffel Walldorf hat die Ermittlungen wegen Versto\u00dfes gegen das Tierschutzgesetz und Jagd- und Wildtiermanagementgesetz aufgenommen. Zeugen, welche sachdienliche Hinweise zum Hund oder dessen Halter machen k\u00f6nnen, werden gebeten, sich unter Tel.: 06227-3581880 bei den Ermittlerinnen und Ermittlern zu melden.<\/p>\n\n\n\n<h2 class=\"wp-block-heading\">(A 6 \/ Sinsheim \/ Rhein-Neckar-Kreis) &#8211; LKW f\u00e4hrt in Pannenabsicherung \/ Vollsperrung<\/h2>\n\n\n\n<h3 class=\"has-text-align-center wp-block-heading\">Pressemeldung Nr.1<\/h3>\n\n\n\n<p>Am Dienstag gegen 03:00 Uhr ereignete sich auf der BAB 6 in Fahrtrichtung Mannheim, kurz nach der Anschlussstelle Sinsheim-Steinsfurt, ein Verkehrsunfall mit einem LKW. Nach derzeitigem Stand, ist ein LKW in eine Pannenabsicherung der Autobahnmeisterei gefahren. Die Autobahn ist in Richtung Mannheim zur Zeit gesperrt. Feuerwehr, Rettungsdienst und Polizei befinden sich im Einsatz.<\/p>\n\n\n\n<h3 class=\"has-text-align-center wp-block-heading\">Unfallstelle ger\u00e4umt &#8211; Pressemeldung Nr.2<\/h3>\n\n\n\n<p>Am Dienstagmorgen ereignete sich auf der BAB 6 in Fahrtrichtung Mannheim, kurz nach der Anschlussstelle Sinsheim-Steinsfurt, ein schwerer Verkehrsunfall mit einem LKW.<\/p>\n\n\n\n<p>Aufgrund eines defekten Schwertransportes musste um kurz nach 1:00 Uhr zun\u00e4chst der rechte Fahrstreifen gesperrt werden. Die Sperrung wurde mittels einer Sperrwand der zust\u00e4ndigen Autobahnmeisterei aufrechterhalten.<\/p>\n\n\n\n<p>Gegen 3:00 Uhr befuhr dann ein 34-j\u00e4hriger Lkw-Fahrer die A6 in gleicher Richtung. Aus bislang unbekannter Ursache \u00fcbersah dieser die auf dem rechten Fahrstreifen stehende Sperrwand und fuhr mit seinem Schwerfahrzeug ungebremst in diese hinein.<\/p>\n\n\n\n<p>Bei dem Unfall wurde der 34-J\u00e4hrige in seinem Fahrzeug eingeklemmt und musste aus diesem befreit werden. Er zog sich hierbei schwere Verletzungen zu.<\/p>\n\n\n\n<p>Feuerwehr, Technisches Hilfswerk und Rettungsdienst waren in den Morgenstunden mit mehreren Fahrzeugen vor Ort. Die Autobahn musste daraufhin vollgesperrt und der Verkehr ausgeleitet werden. Die Sperrung wurde gegen 06:45 Uhr wieder aufgehoben; eine knappe Stunde sp\u00e4ter war die Unfallstelle vollst\u00e4ndig ger\u00e4umt.<\/p>\n\n\n\n<p>Der Verkehr staute sich zwischenzeitlich auf einer L\u00e4nge von ungef\u00e4hr neun Kilometern \u00fcber die Anschlussstelle Sinsheim-Steinsfurt hinaus. Der bei dem Verkehrsunfall entstandene Gesamtschaden wird auf rund 100.000 Euro gesch\u00e4tzt.<\/p>\n\n\n\n<h2 class=\"wp-block-heading\">(Epfenbach \/ Lobbach-Waldwimmersbach \/ Rhein-Neckar-Kreis) &#8211; Zwei Clubhauseinbr\u00fcche in einer Nacht \/ Tatzusammenhang nicht ausgeschlossen; Zeugen gesucht<\/h2>\n\n\n\n<p>In der Nacht von Montag auf Dienstag wurde in die Clubh\u00e4user der \u00f6rtlichen Sportvereine beider Gemeinden eingebrochen.<\/p>\n\n\n\n<p>Da beide Gemeinden in unmittelbarer Nachbarschaft liegen, ist ein Tatzusammenhang wahrscheinlich und Gegenstand weiterer Ermittlungen.<\/p>\n\n\n\n<p>In beiden F\u00e4llen hatten es der oder die T\u00e4ter offenbar auf Bargeld abgesehen.<\/p>\n\n\n\n<p>Im Clubhaus in der Haager Stra\u00dfe in Waldwimmersbach hatten sie offenbar wenig Gl\u00fcck. Au\u00dfer einem Sachschaden von mehreren Hundert Euro ist kein weiterer Schaden zu beklagen.<\/p>\n\n\n\n<p>In der Spechbacher Stra\u00dfe in Epfenbach fiel dem oder den T\u00e4tern ein geringer Bargeldbetrag in die H\u00e4nde, nachdem sie offenbar mit einem Stemmeisen die massive Eingangst\u00fcr des Clubhauses aufgebrochen und die Clubhauskasse gepl\u00fcndert hatten. Der Gesamtschaden d\u00fcrfte hier bei weit \u00fcber 1.000.- Euro liegen.<\/p>\n\n\n\n<p>Die Polizeiposten Waibstadt, Tel.: 07263\/5807 und Meckesheim, Tel.: 06226\/1336 bearbeiten die F\u00e4lle jeweils und bitten um Hinweise aus der Bev\u00f6lkerung.<\/p>\n\n\n\n<h2 class=\"wp-block-heading\">(Hirschberg-Leutershausen \/ Rhein-Neckar-Kreis) &#8211; Autofahrer fl\u00fcchtet vor Polizei \/ Zeugen gesucht!<\/h2>\n\n\n\n<p>Am fr\u00fchen Dienstagmorgen gegen 01:45 Uhr fl\u00fcchtete ein bislang unbekannter VW-Fahrer auf der B3 vor einer Polizeikontrolle. Ein Zeuge beobachtete den Mann zuvor, wie dieser mit dem Auto in Schlangenlinien auf der B3 von Weinheim in Richtung Schriesheim unterwegs war und verst\u00e4ndigte die Polizei.<\/p>\n\n\n\n<p>Als der VW-Fahrer schlie\u00dflich kontrolliert werden sollte, beschleunigte er sein Fahrzeug und fl\u00fcchtete mit hoher Geschwindigkeit.<\/p>\n\n\n\n<p>Auf H\u00f6he eines Supermarktes, kurz vor der L541, stoppte der Fahrer schlie\u00dflich, sprang aus dem Auto und setzte die Flucht zu Fu\u00df fort. Er rannte \u00fcber die Stra\u00dfe &#8222;Im Sterzwinkel&#8220; in ein nahegelegenes Feldgebiet. Trotz sofort eingeleiteter Fahndung gelang es dem Fahrer, zu entkommen.<\/p>\n\n\n\n<p>Warum er vor der Polizeistreife geflohen ist, ist noch unklar. Das Polizeirevier Weinheim hat die weiteren Ermittlungen \u00fcbernommen und nimmt Hinweise zum Fahrer unter der Telefonnummer 06201\/1003-0 entgegen.<\/p>\n\n\n\n<h2 class=\"wp-block-heading\">(Weinheim \/ Rhein-Neckar-Kreis) &#8211; Betrunken in Schl\u00e4gerei verwickelt \/ Zeugen gesucht<\/h2>\n\n\n<div class=\"wp-block-image\">\n<figure class=\"aligncenter size-full\"><img decoding=\"async\" loading=\"lazy\" width=\"800\" height=\"533\" src=\"https:\/\/speyer24news.com\/wp-content\/uploads\/2021\/11\/Schlaegerei.jpg\" alt=\"\" class=\"wp-image-42366\" srcset=\"https:\/\/speyer24news.com\/wp-content\/uploads\/2021\/11\/Schlaegerei.jpg 800w, https:\/\/speyer24news.com\/wp-content\/uploads\/2021\/11\/Schlaegerei-300x200.jpg 300w, https:\/\/speyer24news.com\/wp-content\/uploads\/2021\/11\/Schlaegerei-768x512.jpg 768w\" sizes=\"(max-width: 800px) 100vw, 800px\" \/><figcaption>Beispielbild Schl\u00e4gerei \/ K\u00f6rperverletzung, dient lediglich der Visualisierung<\/figcaption><\/figure><\/div>\n\n\n<p>Am fr\u00fchen Dienstagmorgen gegen 4 Uhr kam es im Bereich der Judengasse zu einer Auseinandersetzung zwischen mehreren Personen. Die verst\u00e4ndigte Polizei konnte bei ihrem Eintreffen zun\u00e4chst einen 33-j\u00e4hrigen Mann mit einer Platzwunde am Kopf feststellen, welcher angab von sechs Personen angegriffen worden zu sein. Im Rahmen der sofort eingeleiteten Fahndung konnten im n\u00e4heren Umfeld schnell mehrere Personen, welche in die K\u00f6rperverletzung involviert gewesen sein d\u00fcrften, angetroffen werden. Hierbei erh\u00e4rtete sich der Verdacht der Tatbeteiligung zweier 26-j\u00e4hriger M\u00e4nner. Gegen diese wird nun wegen gef\u00e4hrlicher K\u00f6rperverletzung ermittelt. Der verletzte 33-J\u00e4hrige wurde durch den Rettungsdienst in ein nahegelegenes Krankenhaus gebracht. Alle Beteiligten waren stark alkoholisiert, weshalb im Verlauf der weiteren Ermittlungen noch immer L\u00fccken im Geschehensablauf zu schlie\u00dfen sind. Hierzu k\u00f6nnen sich Zeugen beim Polizeirevier Weinheim unter Tel.: 06201\/1003-0 melden.<\/p>\n\n\n\n<h2 class=\"wp-block-heading\">(Weinheim \/ Rhein-Neckar-Kreis) &#8211; Diebstahl von E-Bike \/ Zeugen gesucht!<\/h2>\n\n\n\n<p>Am Montag wurde zwischen 13.00 Uhr und 15.30 Uhr in der Gundelbachstra\u00dfe in Weinheim ein gr\u00fcn\/schwarzes E-Bike der Marke L-Lobe entwendet. Dieses wurde auf dem Vorplatz eines Supermarktes mittels Kettenschloss an einem Pfosten gesichert abgestellt. Es entstand ein Diebstahlschaden im vierstelligen Bereich.<\/p>\n\n\n\n<p>Zeugen, die Hinweise zum T\u00e4ter geben k\u00f6nnen oder den Tatvorgang beobachtet haben, werden gebeten sich mit dem Polizeirevier Weinheim in Verbindung zu setzen. Telefonnummer: 06201-10030<\/p>\n\n\n\n<h2 class=\"wp-block-heading\">(Weinheim \/ Rhein-Neckar-Kreis) &#8211; Auf dem Nachhauseweg von der Weinheimer Kerwe: Ein Verletzter nach r\u00e4uberischer Erpressung \/ T\u00e4ter festgenommen<\/h2>\n\n\n<div class=\"wp-block-image\">\n<figure class=\"aligncenter size-full\"><img decoding=\"async\" loading=\"lazy\" width=\"800\" height=\"533\" src=\"https:\/\/speyer24news.com\/wp-content\/uploads\/2021\/10\/Festnahme-Handschellen.jpg\" alt=\"\" class=\"wp-image-41224\" srcset=\"https:\/\/speyer24news.com\/wp-content\/uploads\/2021\/10\/Festnahme-Handschellen.jpg 800w, https:\/\/speyer24news.com\/wp-content\/uploads\/2021\/10\/Festnahme-Handschellen-300x200.jpg 300w, https:\/\/speyer24news.com\/wp-content\/uploads\/2021\/10\/Festnahme-Handschellen-768x512.jpg 768w\" sizes=\"(max-width: 800px) 100vw, 800px\" \/><figcaption>Beispielbild Handschelle \/ Verhaftung, dient lediglich der Visualisierung<\/figcaption><\/figure><\/div>\n\n\n<p>Am fr\u00fchen Sonntagmorgen kam es im Bereich des Schlossparks zu einer r\u00e4uberischen Erpressung. Gegen 0:45 Uhr befand sich ein 21-J\u00e4hriger zu Fu\u00df und in Begleitung einer weiteren Person auf dem Nachhauseweg von der Weinheimer Kerwe, als er in H\u00f6he der Obertorstra\u00dfe von zwei m\u00e4nnlichen Jugendlichen auf Bargeld angesprochen wurde. Nachdem dieser das Mitf\u00fchren von Bargeld verneinte, entrissen die beiden Verd\u00e4chtigen dem jungen Mann kurzerhand sein Mobiltelefon und n\u00f6tigten ihn zur Herausgabe seines PIN-Codes, indem sie ihn traten und schlugen.<\/p>\n\n\n\n<p>Erst nachdem der 21-J\u00e4hrige zu Boden gegangen war, lie\u00dfen die beiden Tatverd\u00e4chtigen von ihm ab. Die beiden 16-J\u00e4hrigen entfernten sich daraufhin vom Tatort und nahmen ihm hierbei noch 25 Euro ab.<\/p>\n\n\n\n<p>Das zuvor dem Gesch\u00e4digten entrissene Mobiltelefon lie\u00dfen die beiden Beschuldigten zur\u00fcck. Der 21-J\u00e4hrige selbst erlitt durch den Vorfall u.a. Verletzungen am Gesicht.<\/p>\n\n\n\n<p>Die hinzugerufene Polizei konnte bei anschlie\u00dfenden Fahndungsma\u00dfnahmen kurz darauf die beiden 16-j\u00e4hrigen Tatverd\u00e4chtigen ausfindig machen und festnehmen.<\/p>\n\n\n\n<p>Die beiden Beschuldigten erwartet nun ein Strafverfahren wegen gemeinschaftlich begangener, r\u00e4uberischer Erpressung. Die Hintergr\u00fcnde f\u00fcr die Tat sind bislang noch unklar. Die Ermittlungen der Kriminalpolizei dauern an.<\/p>\n\n\n\n<h2 class=\"wp-block-heading\">(Weinheim \/ Rhein-Neckar-Kreis) &#8211; Zeuge verfolgt Sachbesch\u00e4diger \/ Festnahme<\/h2>\n\n\n<div class=\"wp-block-image\">\n<figure class=\"aligncenter size-full\"><img decoding=\"async\" loading=\"lazy\" width=\"800\" height=\"600\" src=\"https:\/\/speyer24news.com\/wp-content\/uploads\/2019\/06\/Ausn\u00fcchterungszelle.jpg\" alt=\"\" class=\"wp-image-15212\" srcset=\"https:\/\/speyer24news.com\/wp-content\/uploads\/2019\/06\/Ausn\u00fcchterungszelle.jpg 800w, https:\/\/speyer24news.com\/wp-content\/uploads\/2019\/06\/Ausn\u00fcchterungszelle-300x225.jpg 300w, https:\/\/speyer24news.com\/wp-content\/uploads\/2019\/06\/Ausn\u00fcchterungszelle-768x576.jpg 768w, https:\/\/speyer24news.com\/wp-content\/uploads\/2019\/06\/Ausn\u00fcchterungszelle-678x509.jpg 678w, https:\/\/speyer24news.com\/wp-content\/uploads\/2019\/06\/Ausn\u00fcchterungszelle-326x245.jpg 326w, https:\/\/speyer24news.com\/wp-content\/uploads\/2019\/06\/Ausn\u00fcchterungszelle-80x60.jpg 80w\" sizes=\"(max-width: 800px) 100vw, 800px\" \/><figcaption>Beispielbild Zelle \/ Verhaftung, dient lediglich der Visualisierung<\/figcaption><\/figure><\/div>\n\n\n<p>In der Nacht von Freitag auf Samstag wurde ein Zeuge in der Prankelstra\u00dfe auf einen jungen Mann aufmerksam, der dort gegen mehrere geparkte Pkw schlug.<\/p>\n\n\n\n<p>Kurz vor 1 Uhr alarmierte der 55-J\u00e4hrige daraufhin die Polizei. Als der T\u00e4ter noch vor Eintreffen der Uniformierten dann schlie\u00dflich fl\u00fcchtete, nahm der Zeuge die Verfolgung auf und stellten diesen. Die Beamten des Polizeireviers Weinheim nahmen den 16-J\u00e4hrigen darauf an Ort und Stelle fest. Der Festgenommen war mit knapp 1,7 Promille Alkohol in seiner Atemluft deutlich alkoholisiert und musste die Beamten auf die Dienststelle begleiten wo er sp\u00e4ter den Erziehungsberechtigten \u00fcberstellt wurde. Gegen ihn wird nun wegen Sachbesch\u00e4digung ermittelt. Der Sachschaden, der an drei Autos entstand, kann bislang nicht beziffert werden.<\/p>\n","protected":false},"excerpt":{"rendered":"<div class=\"mh-excerpt\"><p>Polizeimeldungen vom Montag &amp; Dienstag (15.08-16.08.2022) (Speyer) &#8211; Fahrbahnteiler besch\u00e4digt Langanhaltende Trockenheit scheint sich auch auf die F\u00e4higkeiten von Autofahrern auszuwirken. Der kurze Schauer am Montagmorgen und die daraus resultierende feuchte Fahrbahn waren mitverantwortlich f\u00fcr <a class=\"mh-excerpt-more\" href=\"https:\/\/speyer24news.com\/?p=48141\" title=\"Polizeimeldungen Montag &#038; Dienstag (15.08-16.08.2022)\">[&#8230;]<\/a><\/p>\n<\/div>","protected":false},"author":3,"featured_media":26162,"comment_status":"open","ping_status":"open","sticky":false,"template":"","format":"standard","meta":{"_monsterinsights_skip_tracking":false,"_monsterinsights_sitenote_active":false,"_monsterinsights_sitenote_note":"","_monsterinsights_sitenote_category":0,"footnotes":""},"categories":[12,9],"tags":[7243,7244,3614,350,14537,14538,702,61,2555,6955,6986,6263,63,105,11150,6987,53,4854,13534,4683,1548,4905,11592,102,13626,213,14325,14324,13553,13541,55,8277,6368,5261,103,106,2803,2423,427,2625,380,62,104,979,1565],"aioseo_notices":[],"amp_enabled":true,"_links":{"self":[{"href":"https:\/\/speyer24news.com\/index.php?rest_route=\/wp\/v2\/posts\/48141"}],"collection":[{"href":"https:\/\/speyer24news.com\/index.php?rest_route=\/wp\/v2\/posts"}],"about":[{"href":"https:\/\/speyer24news.com\/index.php?rest_route=\/wp\/v2\/types\/post"}],"author":[{"embeddable":true,"href":"https:\/\/speyer24news.com\/index.php?rest_route=\/wp\/v2\/users\/3"}],"replies":[{"embeddable":true,"href":"https:\/\/speyer24news.com\/index.php?rest_route=%2Fwp%2Fv2%2Fcomments&post=48141"}],"version-history":[{"count":2,"href":"https:\/\/speyer24news.com\/index.php?rest_route=\/wp\/v2\/posts\/48141\/revisions"}],"predecessor-version":[{"id":48163,"href":"https:\/\/speyer24news.com\/index.php?rest_route=\/wp\/v2\/posts\/48141\/revisions\/48163"}],"wp:featuredmedia":[{"embeddable":true,"href":"https:\/\/speyer24news.com\/index.php?rest_route=\/wp\/v2\/media\/26162"}],"wp:attachment":[{"href":"https:\/\/speyer24news.com\/index.php?rest_route=%2Fwp%2Fv2%2Fmedia&parent=48141"}],"wp:term":[{"taxonomy":"category","embeddable":true,"href":"https:\/\/speyer24news.com\/index.php?rest_route=%2Fwp%2Fv2%2Fcategories&post=48141"},{"taxonomy":"post_tag","embeddable":true,"href":"https:\/\/speyer24news.com\/index.php?rest_route=%2Fwp%2Fv2%2Ftags&post=48141"}],"curies":[{"name":"wp","href":"https:\/\/api.w.org\/{rel}","templated":true}]}}