{"id":48154,"date":"2022-08-16T22:08:01","date_gmt":"2022-08-16T21:08:01","guid":{"rendered":"https:\/\/speyer24news.com\/?p=48154"},"modified":"2022-08-16T22:09:28","modified_gmt":"2022-08-16T21:09:28","slug":"generalbundesanwalt-festnahme-eines-mutmasslichen-mitglieds-islamischer-staat-is","status":"publish","type":"post","link":"https:\/\/speyer24news.com\/?p=48154","title":{"rendered":"Generalbundesanwalt: Festnahme eines mutma\u00dflichen Mitglieds &#8222;Islamischer Staat (IS)"},"content":{"rendered":"<style type=\"text\/css\">\r\n\t.ads_top_disp{}\r\n\t.ads_top_corner_disp{ float:left; margin:0px 10px 10px 0px; }\r\n\t.ads_first_p_disp{}\r\n\t.ads_bottom_disp{}\r\n\t<\/style>\n<h2 class=\"wp-block-heading\">Festnahme eines mutma\u00dflichen Mitglieds der ausl\u00e4ndischen terroristischen Vereinigung &#8222;Islamischer Staat (IS)&#8220; und Durchsuchungsma\u00dfnahmen gegen mutma\u00dfliche Unterst\u00fctzer<\/h2>\n\n\n<div class=\"wp-block-image\">\n<figure class=\"aligncenter size-full\"><img decoding=\"async\" loading=\"lazy\" width=\"800\" height=\"514\" src=\"https:\/\/speyer24news.com\/wp-content\/uploads\/2019\/09\/terror-1545012_1920.jpg\" alt=\"\" class=\"wp-image-19304\" srcset=\"https:\/\/speyer24news.com\/wp-content\/uploads\/2019\/09\/terror-1545012_1920.jpg 800w, https:\/\/speyer24news.com\/wp-content\/uploads\/2019\/09\/terror-1545012_1920-300x193.jpg 300w, https:\/\/speyer24news.com\/wp-content\/uploads\/2019\/09\/terror-1545012_1920-768x493.jpg 768w\" sizes=\"(max-width: 800px) 100vw, 800px\" \/><\/figure><\/div>\n\n\n<p><strong>(Karlsruhe) &#8211; <\/strong>Die Bundesanwaltschaft hat heute (16. August 2022)<\/p>\n\n\n\n<p>den syrischen Staatsangeh\u00f6rigen Ahmed H. I.<\/p>\n\n\n\n<p>in Berlin von Beamten des Landeskriminalamtes Berlin festnehmen lassen. Zudem wurden die Wohnung und andere R\u00e4umlichkeiten des Beschuldigten durchsucht. Weitere Durchsuchungsma\u00dfnahmen betrafen vier Beschuldigte, die Ahmed H. I. unterst\u00fctzt haben sollen.<\/p>\n\n\n\n<p>Ahmed H. I. ist der Mitgliedschaft in einer terroristischen Vereinigung im Ausland (\u00a7 129a Abs. 1 Nr. 1 StGB, \u00a7 129b Abs. 1 S\u00e4tze 1 und 2 StGB) in drei F\u00e4llen dringend verd\u00e4chtig. Zudem besteht der dringende Tatverdacht der Vorbereitung einer schweren staatsgef\u00e4hrdenden Gewalttat (\u00a7 89a Abs. 2a StGB) sowie des Versto\u00dfes gegen das Kriegswaffenkontrollgesetz (\u00a7 22a Abs. 1 Nr. 7 KrWaffKontrG).<\/p>\n\n\n<div class=\"wp-block-image\">\n<figure class=\"aligncenter size-full\"><img decoding=\"async\" loading=\"lazy\" width=\"800\" height=\"533\" src=\"https:\/\/speyer24news.com\/wp-content\/uploads\/2020\/06\/Zelle.jpg\" alt=\"\" class=\"wp-image-28203\" srcset=\"https:\/\/speyer24news.com\/wp-content\/uploads\/2020\/06\/Zelle.jpg 800w, https:\/\/speyer24news.com\/wp-content\/uploads\/2020\/06\/Zelle-300x200.jpg 300w, https:\/\/speyer24news.com\/wp-content\/uploads\/2020\/06\/Zelle-768x512.jpg 768w\" sizes=\"(max-width: 800px) 100vw, 800px\" \/><figcaption>Beispielbild Zelle \/ Verhaftung, dient lediglich der Visualisierung<\/figcaption><\/figure><\/div>\n\n\n<h4 class=\"wp-block-heading\">In dem Haftbefehl wird ihm im Wesentlichen folgender Sachverhalt zur Last gelegt:<\/h4>\n\n\n\n<p>Ahmed H. I. reiste mit Hilfe von drei anderen Beschuldigten im April 2019 \u00fcber Griechenland und die T\u00fcrkei nach Syrien aus, um sich dort der ausl\u00e4ndischen terroristischen Vereinigung &#8222;Islamischer Staat (IS)&#8220; anzuschlie\u00dfen. Er wollte sich zum K\u00e4mpfer ausbilden lassen und f\u00fcr die Organisation an Kampfhandlungen oder Anschl\u00e4gen beteiligen. Da ihm Kampfeins\u00e4tze allerdings aufgrund einer Verletzung nicht m\u00f6glich waren, fungierte er als Ansprechpartner f\u00fcr mindestens zwei weibliche IS-Anh\u00e4ngerinnen, die ihre Flucht aus einem kurdischen Lager planten. Im Oktober 2019 kehrte Ahmed H. I. mit Erlaubnis seines &#8222;Emirs&#8220; nach Deutschland zur\u00fcck. Von hier aus holte er Informationen \u00fcber Wege zum Transfer finanzieller Zuwendungen an den IS ein. In der Folgezeit bewegte er den vierten Mitbeschuldigten dazu, als Mittelsmann bei der \u00dcbermittlung von Geldern an den IS nach Syrien aufzutreten. Zudem erwarb Ahmed H. I. bei zwei Gelegenheiten \u00fcber Mittelsm\u00e4nner in Syrien insgesamt drei Sturmgewehre mitsamt passender Magazine und Munition.<\/p>\n\n\n\n<p>Ahmed H. I. wird im Laufe des morgigen Tages dem Ermittlungsrichter des Bundesgerichtshofs vorgef\u00fchrt, der den Haftbefehl er\u00f6ffnen und \u00fcber den Vollzug der Untersuchungshaft entscheiden wird.<\/p>\n\n\n\n<p><em>Der Generalbundesanwalt beim Bundesgerichtshof (GBA)<br>16.08.2022<\/em><\/p>\n","protected":false},"excerpt":{"rendered":"<div class=\"mh-excerpt\"><p>Festnahme eines mutma\u00dflichen Mitglieds der ausl\u00e4ndischen terroristischen Vereinigung &#8222;Islamischer Staat (IS)&#8220; und Durchsuchungsma\u00dfnahmen gegen mutma\u00dfliche Unterst\u00fctzer (Karlsruhe) &#8211; Die Bundesanwaltschaft hat heute (16. August 2022) den syrischen Staatsangeh\u00f6rigen Ahmed H. I. in Berlin von Beamten <a class=\"mh-excerpt-more\" href=\"https:\/\/speyer24news.com\/?p=48154\" title=\"Generalbundesanwalt: Festnahme eines mutma\u00dflichen Mitglieds &#8222;Islamischer Staat (IS)\">[&#8230;]<\/a><\/p>\n<\/div>","protected":false},"author":3,"featured_media":47855,"comment_status":"open","ping_status":"open","sticky":false,"template":"","format":"standard","meta":{"_monsterinsights_skip_tracking":false,"_monsterinsights_sitenote_active":false,"_monsterinsights_sitenote_note":"","_monsterinsights_sitenote_category":0,"footnotes":""},"categories":[12],"tags":[14925,15190,14712,15191,2380,14716,14717],"aioseo_notices":[],"amp_enabled":true,"_links":{"self":[{"href":"https:\/\/speyer24news.com\/index.php?rest_route=\/wp\/v2\/posts\/48154"}],"collection":[{"href":"https:\/\/speyer24news.com\/index.php?rest_route=\/wp\/v2\/posts"}],"about":[{"href":"https:\/\/speyer24news.com\/index.php?rest_route=\/wp\/v2\/types\/post"}],"author":[{"embeddable":true,"href":"https:\/\/speyer24news.com\/index.php?rest_route=\/wp\/v2\/users\/3"}],"replies":[{"embeddable":true,"href":"https:\/\/speyer24news.com\/index.php?rest_route=%2Fwp%2Fv2%2Fcomments&post=48154"}],"version-history":[{"count":2,"href":"https:\/\/speyer24news.com\/index.php?rest_route=\/wp\/v2\/posts\/48154\/revisions"}],"predecessor-version":[{"id":48156,"href":"https:\/\/speyer24news.com\/index.php?rest_route=\/wp\/v2\/posts\/48154\/revisions\/48156"}],"wp:featuredmedia":[{"embeddable":true,"href":"https:\/\/speyer24news.com\/index.php?rest_route=\/wp\/v2\/media\/47855"}],"wp:attachment":[{"href":"https:\/\/speyer24news.com\/index.php?rest_route=%2Fwp%2Fv2%2Fmedia&parent=48154"}],"wp:term":[{"taxonomy":"category","embeddable":true,"href":"https:\/\/speyer24news.com\/index.php?rest_route=%2Fwp%2Fv2%2Fcategories&post=48154"},{"taxonomy":"post_tag","embeddable":true,"href":"https:\/\/speyer24news.com\/index.php?rest_route=%2Fwp%2Fv2%2Ftags&post=48154"}],"curies":[{"name":"wp","href":"https:\/\/api.w.org\/{rel}","templated":true}]}}