{"id":48158,"date":"2022-08-17T07:57:21","date_gmt":"2022-08-17T06:57:21","guid":{"rendered":"https:\/\/speyer24news.com\/?p=48158"},"modified":"2022-08-17T07:57:23","modified_gmt":"2022-08-17T06:57:23","slug":"veranstaltung-speyer-2","status":"publish","type":"post","link":"https:\/\/speyer24news.com\/?p=48158","title":{"rendered":"Veranstaltung \/ Speyer"},"content":{"rendered":"<style type=\"text\/css\">\r\n\t.ads_top_disp{}\r\n\t.ads_top_corner_disp{ float:left; margin:0px 10px 10px 0px; }\r\n\t.ads_first_p_disp{}\r\n\t.ads_bottom_disp{}\r\n\t<\/style>\n<h2 class=\"wp-block-heading\">Rheinuferfest: Neues Highlight im Speyerer Festkalender<\/h2>\n\n\n<div class=\"wp-block-image\">\n<figure class=\"aligncenter size-full\"><img decoding=\"async\" loading=\"lazy\" width=\"600\" height=\"596\" src=\"https:\/\/speyer24news.com\/wp-content\/uploads\/2022\/08\/1-Rheinuferfest-Speyer.jpeg\" alt=\"\" class=\"wp-image-48159\" srcset=\"https:\/\/speyer24news.com\/wp-content\/uploads\/2022\/08\/1-Rheinuferfest-Speyer.jpeg 600w, https:\/\/speyer24news.com\/wp-content\/uploads\/2022\/08\/1-Rheinuferfest-Speyer-300x298.jpeg 300w, https:\/\/speyer24news.com\/wp-content\/uploads\/2022\/08\/1-Rheinuferfest-Speyer-150x150.jpeg 150w\" sizes=\"(max-width: 600px) 100vw, 600px\" \/><\/figure><\/div>\n\n\n<p>Willkommen bei Rheinkilometer 399 \u2013 willkommen am Speyerer Rheinufer! Genau hier steigt am Freitag, 2. September und Samstag, 3. September 2022 zum ersten Mal das Rheinuferfest. Am Helmut-Kohl-Ufer, vom Platz der Stadt Kursk bis zum Alten Hammer, wird es beim bunten Programm f\u00fcr Gro\u00df und Klein so einiges zu entdecken geben.<\/p>\n\n\n\n<p>\u201eDer Rhein ist eine der wichtigsten Wasserstra\u00dfen Europas und auch f\u00fcr die Stadt Speyer in vielerlei Hinsicht von gro\u00dfer Bedeutung. Gerne m\u00f6chten wir die Stadt n\u00e4her an den Fluss bringen \u2013 ein Fest an der Uferpromenade erschien uns daf\u00fcr besonders passend\u201c, f\u00fchrt Oberb\u00fcrgermeisterin Stefanie Seiler aus.<\/p>\n\n\n\n<p>Das Rheinuferfest beginnt am Freitag, 2. September 2022 um 16 Uhr. Los geht\u2018s mit Livemusik der Pop-Rockband JUNO17 aus Simmern im Hunsr\u00fcck und ihrem modernen Crossover aus progressivem Rock und Pop, kombiniert mit emotional geladenen Tracks.<br>Ab etwa 18 Uhr gibt es dann von der \u201ePf\u00e4lzer Party Power\u201c-Band Grand Mal\u00f6r ordentlich etwas auf die Ohren. Mit ihrer manchmal unkonventionellen Mischung aus Rock, Partymusik, Top-40 Hits und unversch\u00e4mt guter Laune werden die sieben Musiker sicher auch das Speyerer Publikum mitrei\u00dfen.<\/p>\n\n\n<div class=\"wp-block-image\">\n<figure class=\"aligncenter size-full\"><img decoding=\"async\" loading=\"lazy\" width=\"800\" height=\"600\" src=\"https:\/\/speyer24news.com\/wp-content\/uploads\/2022\/08\/Rheinufer-mit-Dom-@-Speyer24News.jpg\" alt=\"\" class=\"wp-image-48160\" srcset=\"https:\/\/speyer24news.com\/wp-content\/uploads\/2022\/08\/Rheinufer-mit-Dom-@-Speyer24News.jpg 800w, https:\/\/speyer24news.com\/wp-content\/uploads\/2022\/08\/Rheinufer-mit-Dom-@-Speyer24News-300x225.jpg 300w, https:\/\/speyer24news.com\/wp-content\/uploads\/2022\/08\/Rheinufer-mit-Dom-@-Speyer24News-768x576.jpg 768w, https:\/\/speyer24news.com\/wp-content\/uploads\/2022\/08\/Rheinufer-mit-Dom-@-Speyer24News-678x509.jpg 678w, https:\/\/speyer24news.com\/wp-content\/uploads\/2022\/08\/Rheinufer-mit-Dom-@-Speyer24News-326x245.jpg 326w, https:\/\/speyer24news.com\/wp-content\/uploads\/2022\/08\/Rheinufer-mit-Dom-@-Speyer24News-80x60.jpg 80w\" sizes=\"(max-width: 800px) 100vw, 800px\" \/><figcaption>Am Freitag, 2. September und Samstag, 3. September 2022 findet hier das 1. Rheinuferfest Speyer statt.<br><em>Foto: Speyer 24\/7 News<\/em><\/figcaption><\/figure><\/div>\n\n\n<p>Am Samstag, 3. September 2022 beginnt das Fest bereits um 11 Uhr. Auf dem Programm steht ab 16:30 Uhr Latin-Dance-Unterricht f\u00fcr Kinder von 4 bis 7 Jahren von der Tanzschule Habaneando, gefolgt von einem &nbsp;Salsa-Schnupperkurs f\u00fcr erwachsene Tanzbegeisterte ab 17:30 Uhr. Um 18 Uhr startet dann eine Latin-Dance-Party f\u00fcr alle.<\/p>\n\n\n\n<p>Ab 19 Uhr bringt die Live-Band Cover Up \u2013 nach eigenen Angaben Pforzheims beste internationale Coverband \u2013 viele gro\u00dfe Momente der Musikgeschichte auf die B\u00fchne.<\/p>\n\n\n\n<p>Au\u00dferdem pr\u00e4sentieren an beiden Festtagen rund 20 Kunsthandwerkende jeweils bis 20 Uhr ihre Waren und bieten diese feil. W\u00e4hrend die Erwachsenen dort nach Herzenslust Handgefertigtes shoppen, k\u00f6nnen sich die Kinder im Kettcarparcour, beim Menschenkicker, Fu\u00dfballdarts, Tischkicker, Jenga oder Kinderschminken verweilen.<\/p>\n\n\n\n<p>F\u00fcr das leibliche Wohl sorgen die Black Stork Braumanufaktur aus Speyer, die mit ihren kreativen Bierkreationen zeigt, was Bier alles kann, die Schorlek\u00f6nige, die Weinschorle in ihrer ganzen Vielfalt pr\u00e4sentieren und Mein Event, die Speyerer Allrounder f\u00fcr Events, die vielf\u00e4ltige Erfrischungen im Gep\u00e4ck haben. Von der Speyerer Fleischboutique gibt es Burger und Co. vom Feinsten, w\u00e4hrend im Cooking Kids Club die Kinder des Vereins unter der Regie des Speyerer Kochs Marc-Andr\u00e9 de Zordo leckere und vielf\u00e4ltige Speisen zubereiten.<\/p>\n\n\n\n<p>Alle weiteren Infos gibt es unter\u00a0<a href=\"https:\/\/deref-web.de\/mail\/client\/T0rC47b9h10\/dereferrer\/?redirectUrl=http%3A%2F%2Fwww.speyer.de%2Frheinuferfest\" target=\"_blank\" rel=\"noreferrer noopener\">www.speyer.de\/rheinuferfest<\/a>.\u00a0\u00a0<\/p>\n\n\n\n<p><em>Text: Stadt Speyer Grafik: Stadt Speyer Foto: Speyer 24\/7 News<br>16.08.2022<\/em><\/p>\n","protected":false},"excerpt":{"rendered":"<div class=\"mh-excerpt\"><p>Rheinuferfest: Neues Highlight im Speyerer Festkalender Willkommen bei Rheinkilometer 399 \u2013 willkommen am Speyerer Rheinufer! Genau hier steigt am Freitag, 2. September und Samstag, 3. September 2022 zum ersten Mal das Rheinuferfest. Am Helmut-Kohl-Ufer, vom <a class=\"mh-excerpt-more\" href=\"https:\/\/speyer24news.com\/?p=48158\" title=\"Veranstaltung \/ Speyer\">[&#8230;]<\/a><\/p>\n<\/div>","protected":false},"author":3,"featured_media":25668,"comment_status":"open","ping_status":"open","sticky":false,"template":"","format":"standard","meta":{"_monsterinsights_skip_tracking":false,"_monsterinsights_sitenote_active":false,"_monsterinsights_sitenote_note":"","_monsterinsights_sitenote_category":0,"footnotes":""},"categories":[9,13],"tags":[15196,8653,15194,15195,15198,15192,15193,15197,6,15199,15200,1993,11824],"aioseo_notices":[],"amp_enabled":true,"_links":{"self":[{"href":"https:\/\/speyer24news.com\/index.php?rest_route=\/wp\/v2\/posts\/48158"}],"collection":[{"href":"https:\/\/speyer24news.com\/index.php?rest_route=\/wp\/v2\/posts"}],"about":[{"href":"https:\/\/speyer24news.com\/index.php?rest_route=\/wp\/v2\/types\/post"}],"author":[{"embeddable":true,"href":"https:\/\/speyer24news.com\/index.php?rest_route=\/wp\/v2\/users\/3"}],"replies":[{"embeddable":true,"href":"https:\/\/speyer24news.com\/index.php?rest_route=%2Fwp%2Fv2%2Fcomments&post=48158"}],"version-history":[{"count":1,"href":"https:\/\/speyer24news.com\/index.php?rest_route=\/wp\/v2\/posts\/48158\/revisions"}],"predecessor-version":[{"id":48161,"href":"https:\/\/speyer24news.com\/index.php?rest_route=\/wp\/v2\/posts\/48158\/revisions\/48161"}],"wp:featuredmedia":[{"embeddable":true,"href":"https:\/\/speyer24news.com\/index.php?rest_route=\/wp\/v2\/media\/25668"}],"wp:attachment":[{"href":"https:\/\/speyer24news.com\/index.php?rest_route=%2Fwp%2Fv2%2Fmedia&parent=48158"}],"wp:term":[{"taxonomy":"category","embeddable":true,"href":"https:\/\/speyer24news.com\/index.php?rest_route=%2Fwp%2Fv2%2Fcategories&post=48158"},{"taxonomy":"post_tag","embeddable":true,"href":"https:\/\/speyer24news.com\/index.php?rest_route=%2Fwp%2Fv2%2Ftags&post=48158"}],"curies":[{"name":"wp","href":"https:\/\/api.w.org\/{rel}","templated":true}]}}