{"id":48596,"date":"2022-08-20T14:37:35","date_gmt":"2022-08-20T13:37:35","guid":{"rendered":"https:\/\/speyer24news.com\/?p=48596"},"modified":"2022-08-20T14:37:36","modified_gmt":"2022-08-20T13:37:36","slug":"stadtnotizen-verkehrsnotizen-speyer-20","status":"publish","type":"post","link":"https:\/\/speyer24news.com\/?p=48596","title":{"rendered":"Stadtnotizen &#038; Verkehrsnotizen Speyer"},"content":{"rendered":"<style type=\"text\/css\">\r\n\t.ads_top_disp{}\r\n\t.ads_top_corner_disp{ float:left; margin:0px 10px 10px 0px; }\r\n\t.ads_first_p_disp{}\r\n\t.ads_bottom_disp{}\r\n\t<\/style>\n<h2 class=\"has-text-align-center wp-block-heading\">Stadtnotizen:<\/h2>\n\n\n<div class=\"wp-block-image\">\n<figure class=\"aligncenter\"><img decoding=\"async\" loading=\"lazy\" width=\"800\" height=\"600\" src=\"https:\/\/speyer24news.com\/wp-content\/uploads\/2020\/01\/Speyer-Stadtnachrichten-2.jpg\" alt=\"\" class=\"wp-image-23901\" srcset=\"https:\/\/speyer24news.com\/wp-content\/uploads\/2020\/01\/Speyer-Stadtnachrichten-2.jpg 800w, https:\/\/speyer24news.com\/wp-content\/uploads\/2020\/01\/Speyer-Stadtnachrichten-2-300x225.jpg 300w, https:\/\/speyer24news.com\/wp-content\/uploads\/2020\/01\/Speyer-Stadtnachrichten-2-768x576.jpg 768w, https:\/\/speyer24news.com\/wp-content\/uploads\/2020\/01\/Speyer-Stadtnachrichten-2-678x509.jpg 678w, https:\/\/speyer24news.com\/wp-content\/uploads\/2020\/01\/Speyer-Stadtnachrichten-2-326x245.jpg 326w, https:\/\/speyer24news.com\/wp-content\/uploads\/2020\/01\/Speyer-Stadtnachrichten-2-80x60.jpg 80w\" sizes=\"(max-width: 800px) 100vw, 800px\" \/><\/figure><\/div>\n\n\n<h2 class=\"wp-block-heading\">F\u00fcnfte Tagesfahrt des Seniorenb\u00fcros nach Hauenstein<\/h2>\n\n\n<div class=\"wp-block-image\">\n<figure class=\"aligncenter size-full\"><img decoding=\"async\" loading=\"lazy\" width=\"800\" height=\"591\" src=\"https:\/\/speyer24news.com\/wp-content\/uploads\/2022\/08\/Hauenstein-Urlaubsregion.jpg\" alt=\"\" class=\"wp-image-48598\" srcset=\"https:\/\/speyer24news.com\/wp-content\/uploads\/2022\/08\/Hauenstein-Urlaubsregion.jpg 800w, https:\/\/speyer24news.com\/wp-content\/uploads\/2022\/08\/Hauenstein-Urlaubsregion-300x222.jpg 300w, https:\/\/speyer24news.com\/wp-content\/uploads\/2022\/08\/Hauenstein-Urlaubsregion-768x567.jpg 768w, https:\/\/speyer24news.com\/wp-content\/uploads\/2022\/08\/Hauenstein-Urlaubsregion-80x60.jpg 80w\" sizes=\"(max-width: 800px) 100vw, 800px\" \/><\/figure><\/div>\n\n\n<p>Die f\u00fcnfte Tagesfahrt des Seniorenb\u00fcros der Stadt Speyer f\u00fchrt am <strong>Mittwoch, 7. September 2022<\/strong> nach Hauenstein und gegebenenfalls im Anschluss nach Annweiler am Trifels.\u00a0<\/p>\n\n\n\n<p>Am Morgen wird gemeinsam das k\u00fcrzlich wieder er\u00f6ffnete Deutsche Schuhmuseum in Hauenstein erkundet, wo Schuhe aus aller&nbsp;Welt mit viel&nbsp;Historie bewundert warden k\u00f6nnen.<br>Auch die Entwicklung der Schuhindustrie in der Gegend&nbsp;wird beleuchtet. Zudem wird gezeigt, wie Schuhe fr\u00fcher mit bestimmten&nbsp;Ger\u00e4ten und Maschinen hergestellt wurden.&nbsp;&nbsp;&nbsp;&nbsp;&nbsp;&nbsp;&nbsp;&nbsp;<br>Zum Mittagessen l\u00e4dt die direkt an einem See gelegene \u201eGastst\u00e4tte am Paddelweiher\u201c ein. &nbsp;&nbsp;&nbsp;<br>Im Anschluss gibt es die M\u00f6glichkeit nach Annweiler zu fahren und dort den Nachmittag in einem Caf\u00e9 ausklingen zu lassen.<\/p>\n\n\n\n<p>Interessierte k\u00f6nnen sich f\u00fcr die Fahrt vom 22. August bis 29. August (bis 12 Uhr) im Seniorenb\u00fcro auf die Vormerkliste setzen lassen. M\u00f6glich ist das unter der Telefonnummer 06232\/142661 oder \u00fcber&nbsp;<a href=\"mailto:seniorenbuero@stadt-speyer.de\" target=\"_blank\" rel=\"noreferrer noopener\">seniorenbuero@stadt-speyer.de<\/a>.<\/p>\n\n\n\n<p>Die Pl\u00e4tze sind begrenzt.<\/p>\n\n\n\n<p>F\u00fcr die verbindliche Anmeldung und Bezahlung der Teilnahmekarte m\u00fcssen die Teilnehmenden dann am 30. oder 31. August 2022 zwischen 9.30 und 10.30 Uhr im Seniorenb\u00fcro, Maulbronner Hof 1a in Speyer, vorbeikommen.<\/p>\n\n\n\n<p>Der Flyer zu den bis Dezember geplanten Tagesfahrten 2022 ist&nbsp;im Seniorenb\u00fcro erh\u00e4ltlich.<\/p>\n\n\n\n<p><em>Text: Stadtverwaltung Speyer Foto: Urlaubsregion Hauenstein<br>17.08.2022<\/em><\/p>\n\n\n\n<h2 class=\"has-text-align-center wp-block-heading\">Verkehrsnotizen:<\/h2>\n\n\n<div class=\"wp-block-image\">\n<figure class=\"aligncenter\"><img decoding=\"async\" loading=\"lazy\" width=\"800\" height=\"565\" src=\"https:\/\/speyer24news.com\/wp-content\/uploads\/2020\/01\/Baustelle-2.jpg\" alt=\"\" class=\"wp-image-23900\" srcset=\"https:\/\/speyer24news.com\/wp-content\/uploads\/2020\/01\/Baustelle-2.jpg 800w, https:\/\/speyer24news.com\/wp-content\/uploads\/2020\/01\/Baustelle-2-300x212.jpg 300w, https:\/\/speyer24news.com\/wp-content\/uploads\/2020\/01\/Baustelle-2-768x542.jpg 768w\" sizes=\"(max-width: 800px) 100vw, 800px\" \/><\/figure><\/div>\n\n\n<h2 class=\"wp-block-heading\">Verl\u00e4ngerung der Sperrung Sch\u00fctzenstra\u00dfe<\/h2>\n\n\n\n<p>Aufgrund von Arbeiten im Auftrag der Deutschen Bahn ist der Bahn\u00fcbergang in der Sch\u00fctzenstra\u00dfe <strong>weiterhin, voraussichtlich bis Montag, 29. August 2022<\/strong>, f\u00fcr den flie\u00dfenden Verkehr und zudem f\u00fcr Fu\u00dfg\u00e4nger komplett gesperrt.<\/p>\n\n\n\n<p>F\u00fcr R\u00fcckfragen steht die Stra\u00dfenverkehrsbeh\u00f6rde unter der Telefonnummer 14-2938 zur Verf\u00fcgung.<\/p>\n\n\n\n<p><em>Stadt Speyer<br>19.08.2022<\/em><\/p>\n\n\n\n<h2 class=\"wp-block-heading\">Parkplatz Naturfreundehaus gesperrt<\/h2>\n\n\n\n<p>Der Parkplatz am Naturfreundehaus wird <strong>ab Mittwoch, 24. August bis einschlie\u00dflich Montag, 29. August 2022 <\/strong>anl\u00e4sslich des Mittelalterlichen Phantasie Spectaculums gesperrt, weil er als Lager f\u00fcr die Vorbereitung und Durchf\u00fchrung der Veranstaltung sowie als Parkplatz f\u00fcr die Schausteller*innen ben\u00f6tigt wird. Der Zugang und die Benutzung der E-Lades\u00e4ulen ist jedoch weiterhin m\u00f6glich.<\/p>\n\n\n\n<p>F\u00fcr R\u00fcckfragen steht die Stra\u00dfenverkehrsbeh\u00f6rde der Stadt Speyer unter der Telefonnummer 14-2938 zur Verf\u00fcgung.<\/p>\n\n\n\n<p><em>Stadt Speyer<br>17.08.2022<\/em><\/p>\n\n\n\n<h2 class=\"wp-block-heading\">Am Mondsee gesperrt<\/h2>\n\n\n\n<p>Aufgrund privater Bauarbeiten, wird die Stra\u00dfe Am Mondsee auf H\u00f6he der Hausnummer 7&nbsp;<strong>ab Mittwoch, 31. August bis voraussichtlich Mittwoch, 28. September 2022<\/strong>&nbsp;f\u00fcr den Durchgangsverkehr gesperrt. F\u00fcr die Dauer der Ma\u00dfnahme wird die Stra\u00dfe Am Mondsee beidseitig als Sackgasse ausgewiesen und die Einbahnstra\u00dfenregelung im Wildentenweg aufgehoben.<\/p>\n\n\n\n<p><em>Stadt Speyer<br>08.08.2022<\/em><\/p>\n\n\n\n<h2 class=\"wp-block-heading\">St.Guido-Stra\u00dfe gesperrt<\/h2>\n\n\n\n<p>Aufgrund von privaten Kranarbeiten wird die St.Guido-Stra\u00dfe auf H\u00f6he der Hausnummer 29&nbsp;<strong>am Montag, 29. August 2022 in der Zeit von 8.30 bis 13 Uhr<\/strong>&nbsp;voll gesperrt. Die Einbahnstra\u00dfe zwischen Baustelle und R\u00fctzhaubstra\u00dfe wird aufgehoben.<\/p>\n\n\n\n<p>F\u00fcr R\u00fcckfragen zu beiden Sperrungen steht die Stra\u00dfenverkehrsbeh\u00f6rde unter der Telefonnummer 14-2938 zur Verf\u00fcgung.<\/p>\n\n\n\n<p><em>Stadt Speyer<br>08.08.2022<\/em><\/p>\n\n\n\n<h2 class=\"wp-block-heading\">Im Lenhart gesperrt<\/h2>\n\n\n\n<p>Aufgrund von Bauarbeiten im Auftrag der Stadtwerke Speyer wird die Stra\u00dfe im Lenhart auf H\u00f6he der Hausnummer 1&nbsp;<strong>ab Montag, 8. August bis voraussichtlich Montag, 29. August 2022<\/strong>&nbsp;f\u00fcr den Verkehr komplett gesperrt. Die Einbahnstra\u00dfenregelung wird aufgehoben und eine Umleitung eingerichtet.<\/p>\n\n\n\n<p>F\u00fcr R\u00fcckfragen steht die Stra\u00dfenverkehrsbeh\u00f6rde unter der Telefonnummer 14-2938 zur Verf\u00fcgung.<\/p>\n\n\n\n<p><em>Stadt Speyer<br>02.08.2022<\/em><\/p>\n\n\n\n<h2 class=\"wp-block-heading\">Kolpingstra\u00dfe gesperrt<\/h2>\n\n\n\n<p>Aufgrund privater Bauarbeiten wird die Kolpingstra\u00dfe auf H\u00f6he der Hausnummer 7&nbsp;<strong>von Montag, 1. August bis voraussichtlich Montag, 26. September 2022<\/strong>, f\u00fcr den Durchgangsverkehr gesperrt.<\/p>\n\n\n\n<p>F\u00fcr die Dauer der Ma\u00dfnahme wird die Kolpingstra\u00dfe beidseitig als Sackgasse ausgewiesen und die Einbahnstra\u00dfenregelung aufgehoben.<\/p>\n\n\n\n<p>F\u00fcr R\u00fcckfragen steht die Stra\u00dfenverkehrsbeh\u00f6rde unter der Rufnummer 14-2938 zur Verf\u00fcgung.<\/p>\n\n\n\n<p><em>Stadtverwaltung Speyer<br>28.07.2022<\/em><\/p>\n\n\n\n<h2 class=\"wp-block-heading\">Jahnstra\u00dfe gesperrt<\/h2>\n\n\n\n<p>Aufgrund von dringenden Leitungsarbeiten im Auftrag der Stadtwerke wird die Jahnstra\u00dfe zwischen Paul-Egell-Stra\u00dfe und Albrecht-D\u00fcrer-Stra\u00dfe&nbsp;<strong>ab Dienstag, 19. Juli bis voraussichtlich Mittwoch, 31. August 2022<\/strong>&nbsp;f\u00fcr den Verkehr gesperrt.<\/p>\n\n\n\n<p>F\u00fcr R\u00fcckfragen steht die Stra\u00dfenverkehrsbeh\u00f6rde unter der Telefonnummer 14-2938 zur Verf\u00fcgung.<\/p>\n\n\n\n<p><em>Stadtverwaltung Speyer<br>19.07.2022<\/em><\/p>\n\n\n\n<h2 class=\"wp-block-heading\">Baustellen\u00fcbersicht der Stadt Speyer<\/h2>\n\n\n<div class=\"wp-block-image\">\n<figure class=\"aligncenter\"><img decoding=\"async\" loading=\"lazy\" width=\"800\" height=\"384\" src=\"https:\/\/speyer24news.com\/wp-content\/uploads\/2022\/03\/Baustelle-Speyer-Facebook.jpg\" alt=\"\" class=\"wp-image-43610\" srcset=\"https:\/\/speyer24news.com\/wp-content\/uploads\/2022\/03\/Baustelle-Speyer-Facebook.jpg 800w, https:\/\/speyer24news.com\/wp-content\/uploads\/2022\/03\/Baustelle-Speyer-Facebook-300x144.jpg 300w, https:\/\/speyer24news.com\/wp-content\/uploads\/2022\/03\/Baustelle-Speyer-Facebook-768x369.jpg 768w\" sizes=\"(max-width: 800px) 100vw, 800px\" \/><\/figure><\/div>\n\n\n<p>Ab sofort stellt die Stadt Speyer eine neue Baustellenliste zur Verf\u00fcgung, die die bisherige Kommunikation von laufenden und kommenden Baustellen erweitert und b\u00fcrgerfreundlicher gestaltet.<\/p>\n\n\n\n<p>Die bisher zur Verf\u00fcgung gestellte Liste \u201eAlle Baustellen\u201c f\u00fchrt alle Baustellen, die sich innerhalb des Speyerer Stadtgebiets befinden, stichpunktartig auf. Diese technische Liste gibt auch einen \u00dcberblick \u00fcber die betroffenen Sparten wie Strom, Gas, oder Wasser.<\/p>\n\n\n\n<p>Die nun neu hinzugekommene Liste \u201eWichtigste Baustellen\u201c beinhaltet Baustellen, von denen ein bedeutender Teil der Verkehrsteilnehmenden in Speyer signifikant betroffen ist, beispielsweise wegen ihrer lange Dauer und\/oder weil wichtige Stra\u00dfen im Netz betroffen sind. Es werden zus\u00e4tzlich zu den Baustellen im Speyerer Stadtgebiet auch wichtige Baustellen in der n\u00e4heren Umgebung aufgef\u00fchrt, beispielsweise auf der B9 und B39. Dar\u00fcber hinaus soll auch der in den Jahren 2023 und 2024 geplante Verkehrsversuch zum Postplatz Eingang in diese Auflistung finden. Neben dem voraussichtlichen Zeitraum und der Ursache werden auch die Umleitungen f\u00fcr die verschiedenen Verkehrsarten und bei Bedarf erg\u00e4nzende Informationen dargestellt. Am Ende der Liste findet sich ferner eine \u00dcbersicht zu m\u00f6glichen Ansprechpartner*innen.<\/p>\n\n\n\n<p>Die neue Baustellenliste ist chronologisch sortiert, sodass die B\u00fcrger*innen auf den ersten Blick neu hinzukommende Baustellen erkennen und f\u00fcr ihre n\u00e4chste Fahrt ber\u00fccksichtigen k\u00f6nnen \u2013 ohne frustriert erst an der Baustellenabsperrung wenden m\u00fcssen. Zeit- und nervenschonend f\u00fcr die B\u00fcrgerschaft \u2013 aber auch gut f\u00fcr die Umwelt, da unn\u00f6tiger Verkehr vermieden wird.<\/p>\n\n\n\n<p>Die \u00dcbersicht \u00fcber die Baustellensituation wird immer freitags aktualisiert und ist unter&nbsp;<a href=\"http:\/\/www.speyer.de\/baustellen\">www.speyer.de\/baustellen<\/a>&nbsp;im NEWS-TICKER zu finden.<br>Des Weiteren gibt es auf der Baustellenseite der Stadt Speyer wie gewohnt detaillierte Informationen zu laufenden und kommenden Gro\u00dfbaustellen.<\/p>\n\n\n\n<p><em>Stadtverwaltung Speyer<br>18.03.2022<\/em><\/p>\n","protected":false},"excerpt":{"rendered":"<div class=\"mh-excerpt\"><p>Stadtnotizen: F\u00fcnfte Tagesfahrt des Seniorenb\u00fcros nach Hauenstein Die f\u00fcnfte Tagesfahrt des Seniorenb\u00fcros der Stadt Speyer f\u00fchrt am Mittwoch, 7. September 2022 nach Hauenstein und gegebenenfalls im Anschluss nach Annweiler am Trifels.\u00a0 Am Morgen wird gemeinsam <a class=\"mh-excerpt-more\" href=\"https:\/\/speyer24news.com\/?p=48596\" title=\"Stadtnotizen &#038; Verkehrsnotizen Speyer\">[&#8230;]<\/a><\/p>\n<\/div>","protected":false},"author":3,"featured_media":46477,"comment_status":"open","ping_status":"open","sticky":false,"template":"","format":"standard","meta":{"_monsterinsights_skip_tracking":false,"_monsterinsights_sitenote_active":false,"_monsterinsights_sitenote_note":"","_monsterinsights_sitenote_category":0,"footnotes":""},"categories":[47],"tags":[14341,13163,13640,3581,15098,14732,7484,15208,14949,7737,6,15117,657,1296,15207,15094,14043,658,1114],"aioseo_notices":[],"amp_enabled":true,"_links":{"self":[{"href":"https:\/\/speyer24news.com\/index.php?rest_route=\/wp\/v2\/posts\/48596"}],"collection":[{"href":"https:\/\/speyer24news.com\/index.php?rest_route=\/wp\/v2\/posts"}],"about":[{"href":"https:\/\/speyer24news.com\/index.php?rest_route=\/wp\/v2\/types\/post"}],"author":[{"embeddable":true,"href":"https:\/\/speyer24news.com\/index.php?rest_route=\/wp\/v2\/users\/3"}],"replies":[{"embeddable":true,"href":"https:\/\/speyer24news.com\/index.php?rest_route=%2Fwp%2Fv2%2Fcomments&post=48596"}],"version-history":[{"count":1,"href":"https:\/\/speyer24news.com\/index.php?rest_route=\/wp\/v2\/posts\/48596\/revisions"}],"predecessor-version":[{"id":48599,"href":"https:\/\/speyer24news.com\/index.php?rest_route=\/wp\/v2\/posts\/48596\/revisions\/48599"}],"wp:featuredmedia":[{"embeddable":true,"href":"https:\/\/speyer24news.com\/index.php?rest_route=\/wp\/v2\/media\/46477"}],"wp:attachment":[{"href":"https:\/\/speyer24news.com\/index.php?rest_route=%2Fwp%2Fv2%2Fmedia&parent=48596"}],"wp:term":[{"taxonomy":"category","embeddable":true,"href":"https:\/\/speyer24news.com\/index.php?rest_route=%2Fwp%2Fv2%2Fcategories&post=48596"},{"taxonomy":"post_tag","embeddable":true,"href":"https:\/\/speyer24news.com\/index.php?rest_route=%2Fwp%2Fv2%2Ftags&post=48596"}],"curies":[{"name":"wp","href":"https:\/\/api.w.org\/{rel}","templated":true}]}}