{"id":48633,"date":"2022-08-21T14:15:34","date_gmt":"2022-08-21T13:15:34","guid":{"rendered":"https:\/\/speyer24news.com\/?p=48633"},"modified":"2022-08-21T14:15:36","modified_gmt":"2022-08-21T13:15:36","slug":"wirtschaft-finanzen-rente-28","status":"publish","type":"post","link":"https:\/\/speyer24news.com\/?p=48633","title":{"rendered":"Wirtschaft \/ Finanzen \/ Rente"},"content":{"rendered":"<style type=\"text\/css\">\r\n\t.ads_top_disp{}\r\n\t.ads_top_corner_disp{ float:left; margin:0px 10px 10px 0px; }\r\n\t.ads_first_p_disp{}\r\n\t.ads_bottom_disp{}\r\n\t<\/style>\n<h2 class=\"has-text-align-center wp-block-heading\">Stadtwerke Speyer (SWS) GmbH<\/h2>\n\n\n<div class=\"wp-block-image\">\n<figure class=\"aligncenter size-full\"><img decoding=\"async\" loading=\"lazy\" width=\"600\" height=\"209\" src=\"https:\/\/speyer24news.com\/wp-content\/uploads\/2020\/10\/SWS-Logo-1024x356.jpg\" alt=\"\" class=\"wp-image-30557\" srcset=\"https:\/\/speyer24news.com\/wp-content\/uploads\/2020\/10\/SWS-Logo-1024x356.jpg 600w, https:\/\/speyer24news.com\/wp-content\/uploads\/2020\/10\/SWS-Logo-1024x356-300x105.jpg 300w\" sizes=\"(max-width: 600px) 100vw, 600px\" \/><\/figure><\/div>\n\n\n<h2 class=\"wp-block-heading\">Staatliche Umlagen erh\u00f6hen Erdgas-Preise<\/h2>\n\n\n\n<h3 class=\"wp-block-heading\">SWS appellieren, Energie und Kosten einzusparen<\/h3>\n\n\n<div class=\"wp-block-image\">\n<figure class=\"aligncenter size-large\"><img decoding=\"async\" loading=\"lazy\" width=\"1024\" height=\"494\" src=\"https:\/\/speyer24news.com\/wp-content\/uploads\/2022\/08\/Geld-sparen-Flyer-1024x494.jpg\" alt=\"\" class=\"wp-image-48635\" srcset=\"https:\/\/speyer24news.com\/wp-content\/uploads\/2022\/08\/Geld-sparen-Flyer-1024x494.jpg 1024w, https:\/\/speyer24news.com\/wp-content\/uploads\/2022\/08\/Geld-sparen-Flyer-300x145.jpg 300w, https:\/\/speyer24news.com\/wp-content\/uploads\/2022\/08\/Geld-sparen-Flyer-768x371.jpg 768w, https:\/\/speyer24news.com\/wp-content\/uploads\/2022\/08\/Geld-sparen-Flyer.jpg 1200w\" sizes=\"(max-width: 1024px) 100vw, 1024px\" \/><\/figure><\/div>\n\n\n<p>Ab 1. Oktober 2022 werden von der Bundesregierung zwei neue Erdgas-Umlagen (Beschaffungs- und Speicherumlage) eingef\u00fchrt, die die Erdgas-Preise auch f\u00fcr Kundinnen und Kunden der Stadtwerke Speyer (SWS) erh\u00f6hen. Zudem steigt eine dritte Erdgas-Umlage, die Bilanzierungsumlage. Auf einen Durchschnittshaushalt mit einem Jahresverbrauch von 18.000 Kilowattstunden kommen dadurch Mehrkosten in H\u00f6he von 45,72 Euro (netto) pro Monat zu. Darauf f\u00e4llt voraussichtlich die Mehrwertsteuer an. Die Bundesregierung pr\u00fcft derzeit eine Reduzierung von 19 Prozent auf 7 Prozent. Insgesamt erh\u00f6hen sich die Arbeitspreise bei den verschiedenen Vertragsvarianten um 3,05 Cent je Kilowattstunde (netto). Die Grundpreise bleiben konstant.&nbsp;<\/p>\n\n\n\n<p>Hintergrund f\u00fcr die neuen Umlagen ist der Angriffskrieg auf die Ukraine und die damit verbundene Energiekrise. Um die Versorgung mit Erdgas in den Wintermonaten m\u00f6glichst zu gew\u00e4hrleisten, m\u00fcssen die Kosten f\u00fcr die Bef\u00fcllung der Erdgasspeicher sowie f\u00fcr die Beschaffung von fehlenden Erdgasmengen auf alle Erdgaskundinnen und Erdgaskunden deutschlandweit umgelegt werden. Die SWS haben darauf keinen Einfluss.&nbsp;<\/p>\n\n\n\n<p>Die SWS schreiben alle Kundinnen und Kunden in den n\u00e4chsten Tagen an und informieren ausf\u00fchrlich \u00fcber Preise und Hintergr\u00fcnde. In einem separaten Brief wird die Erh\u00f6hung der monatlichen Abschlagsbetr\u00e4ge angek\u00fcndigt. Die SWS empfehlen, zus\u00e4tzlich finanzielle R\u00fccklagen zu bilden. Z\u00e4hlerst\u00e4nde m\u00fcssen nicht mitgeteilt werden, sondern werden zeitanteilig gewichtet. Eigeninitiative Mitteilungen sind \u00fcber die MeinSpeyer-App und das SWS-Kundenportal (<a href=\"https:\/\/deref-web.de\/mail\/client\/sOQ3w4ziZ34\/dereferrer\/?redirectUrl=http%3A%2F%2Fwww.stadtwerke-speyer.de%2Fzaehlerstand\" target=\"_blank\" rel=\"noreferrer noopener\">www.stadtwerke-speyer.de\/zaehlerstand<\/a>) m\u00f6glich. Tipps zum Energiesparen und Hilfsangebote finden Interessierte unter&nbsp;<a href=\"https:\/\/deref-web.de\/mail\/client\/FlahwAu0q4g\/dereferrer\/?redirectUrl=http%3A%2F%2Fwww.stadtwerke-speyer.de%2Ftipps_energiekrise\" target=\"_blank\" rel=\"noreferrer noopener\">www.stadtwerke-speyer.de\/tipps_energiekrise<\/a>&nbsp;auf der SWS-Homepage, im neuen Kundenmagazin der SWS sowie in Kundenanschreiben.<\/p>\n\n\n\n<p>Zur Situation sagt SWS-Gesch\u00e4ftsf\u00fchrer Wolfgang B\u00fchring: \u201eAufgrund der Engp\u00e4sse von russischem Gas appellieren wir, \u00fcberall Energie einzusparen, wo es m\u00f6glich ist: Jede Kilowattstunde bei Strom und Erdgas, die wir weniger verbrauchen, hilft, unsere gemeinsame Ausgangslage bei der Energieversorgung im kommenden Herbst und Winter zu verbessern und die eigenen Kosten zu reduzieren.\u201c<\/p>\n\n\n\n<p>F\u00fcr Einkommensschw\u00e4chere soll es vom Bund staatliche Hilfen (Entlastungen) geben. Zudem arbeiten die Stadt Speyer und die SWS an der Umsetzung eines Nothilfefonds. Davon k\u00f6nnen auch Privatkundinnen und Privatkunden der SWS profitieren, die unverschuldet in Not geraten sind.<\/p>\n\n\n\n<div class=\"wp-block-file\"><object class=\"wp-block-file__embed\" data=\"https:\/\/speyer24news.com\/wp-content\/uploads\/2022\/08\/sws_1990_003_Flyer_Energiesparen_A4_C.pdf\" type=\"application\/pdf\" style=\"width:100%;height:600px\" aria-label=\"Einbettung von Einbettung von sws_1990_003_Flyer_Energiesparen_A4_C..\"><\/object><a id=\"wp-block-file--media-7fe2255c-37c0-442c-b2a1-69c30af12440\" href=\"https:\/\/speyer24news.com\/wp-content\/uploads\/2022\/08\/sws_1990_003_Flyer_Energiesparen_A4_C.pdf\">sws_1990_003_Flyer_Energiesparen_A4_C<\/a><a href=\"https:\/\/speyer24news.com\/wp-content\/uploads\/2022\/08\/sws_1990_003_Flyer_Energiesparen_A4_C.pdf\" class=\"wp-block-file__button\" download aria-describedby=\"wp-block-file--media-7fe2255c-37c0-442c-b2a1-69c30af12440\">Herunterladen<\/a><\/div>\n\n\n\n<p><em>Stadtwerke Speyer GmbH<br>18.08.2022<\/em><\/p>\n\n\n\n<h2 class=\"wp-block-heading\">Sommerpoolparty im bademaxx<\/h2>\n\n\n\n<h3 class=\"wp-block-heading\">Jubil\u00e4umsfeier mit dem Zephyrus-Discoteam<\/h3>\n\n\n<div class=\"wp-block-image\">\n<figure class=\"aligncenter size-full\"><img decoding=\"async\" loading=\"lazy\" width=\"800\" height=\"600\" src=\"https:\/\/speyer24news.com\/wp-content\/uploads\/2022\/08\/20220811_141006.jpg\" alt=\"\" class=\"wp-image-48639\" srcset=\"https:\/\/speyer24news.com\/wp-content\/uploads\/2022\/08\/20220811_141006.jpg 800w, https:\/\/speyer24news.com\/wp-content\/uploads\/2022\/08\/20220811_141006-300x225.jpg 300w, https:\/\/speyer24news.com\/wp-content\/uploads\/2022\/08\/20220811_141006-768x576.jpg 768w, https:\/\/speyer24news.com\/wp-content\/uploads\/2022\/08\/20220811_141006-678x509.jpg 678w, https:\/\/speyer24news.com\/wp-content\/uploads\/2022\/08\/20220811_141006-326x245.jpg 326w, https:\/\/speyer24news.com\/wp-content\/uploads\/2022\/08\/20220811_141006-80x60.jpg 80w\" sizes=\"(max-width: 800px) 100vw, 800px\" \/><\/figure><\/div>\n\n\n<p>Ein Krokodil im Freibadbecken des bademaxx? In Ausnahmef\u00e4llen geht das, selbst, wenn das gr\u00fcne Schuppentier \u00fcberdimensioniert, aber friedlich ist. Mitgebracht wurde das aufblasbare Reptil in \u00dcbergr\u00f6\u00dfe vom Zephyrus-Discoteam. Ins kalte Wasser werfen lie\u00dfen sich damit gestern Nachmittag mehrere Hundert kleine und auch gr\u00f6\u00dfere G\u00e4ste bei der Sommerpoolparty zum 15-j\u00e4hrigen Bestehen des Sport- und Erlebnisbades, das in der Tr\u00e4gerschaft der Stadtwerke Speyer (SWS) steht.<\/p>\n\n\n\n<p>An die 30 Grad boten optimale Temperaturen zur erfrischenden Geburtstagsfeier im Freien. Die war f\u00fcr viele gezielte Anlaufstelle, wie beispielsweise f\u00fcr Monika Marx und ihre drei Kinder Sven (7), Maike (5) und Finnja (3). Auf der Arbeit hat Marx, eigentlich in Walldorf zuhause, von der Sommerpoolparty geh\u00f6rt. \u201eWir mussten nicht lange \u00fcberlegen\u201c, sagte sie. F\u00fcr die Kinder gebe es jede Menge Abwechslung und sie selbst genie\u00dfe die gute Stimmung und die Musik.<\/p>\n\n\n\n<p>F\u00fcr diese war DJ Nick vom Zephyrus-Team verantwortlich. Die Liedfolge war ein Wunschkonzert, das von den Besucherinnen und Besuchern selbst bestimmt werden konnte. Tim Beimel, Gesch\u00e4ftsf\u00fchrer und Moderator des Nachmittags, \u00e4u\u00dferte sich begeistert vom Speyerer Publikum im bademaxx. \u201eHier ist die Welt in Ordnung. Die Leute sind sehr entspannt\u201c, freute er sich.<\/p>\n\n\n\n<p>Zwischen Juni und August ist das Zephyrus-Team 85-mal gebucht. In Speyer ist es besonders gerne. Nicht zum ersten Mal kamen die Badeg\u00e4ste in den Genuss der Poolparty, bei der auf aufblasbaren \u201eKeksen\u201c um die Wette gepaddelt, die Hula-Hoop-K\u00f6nigin gesucht, der Sieger im Hamsterradrennen auf dem Wasser ausgemacht und mit baumelnden Beinen im Wasser ein Wellenbad erzeugt wurden. Ein bademaxx-Tanz am Beckenrand geh\u00f6rte zum Programm wie das Torwandschie\u00dfen.<\/p>\n\n\n\n<p>\u201eDas ist eine wirklich gute Truppe\u201c, lobte SWS-Bereichsleiter Ralf Lang. Au\u00dfer Frage stand daher, dass diese zum 15. Jubil\u00e4um des Sport- und\u00a0Erlebnisbades\u00a0wieder als Animationsexperten gebucht wurden \u2013 mit Erfolg, wie die Ausdauer der G\u00e4ste bei der vierst\u00fcndigen Poolparty im und rund um die Becken im Freibad bewies.\u00a0<\/p>\n\n\n\n<p><em>Stadtwerke Speyer GmbH<br>11.08.2022<\/em><\/p>\n\n\n\n<h2 class=\"has-text-align-center wp-block-heading\">Sparkasse Vorderpfalz<\/h2>\n\n\n<div class=\"wp-block-image\">\n<figure class=\"aligncenter size-full\"><img decoding=\"async\" loading=\"lazy\" width=\"800\" height=\"229\" src=\"https:\/\/speyer24news.com\/wp-content\/uploads\/2021\/07\/Sparkasse-Vorderpfalz-Logo.png\" alt=\"\" class=\"wp-image-38515\" srcset=\"https:\/\/speyer24news.com\/wp-content\/uploads\/2021\/07\/Sparkasse-Vorderpfalz-Logo.png 800w, https:\/\/speyer24news.com\/wp-content\/uploads\/2021\/07\/Sparkasse-Vorderpfalz-Logo-300x86.png 300w, https:\/\/speyer24news.com\/wp-content\/uploads\/2021\/07\/Sparkasse-Vorderpfalz-Logo-768x220.png 768w\" sizes=\"(max-width: 800px) 100vw, 800px\" \/><\/figure><\/div>\n\n\n<h2 class=\"wp-block-heading\">Schulpreis Bildende Kunst: Au\u00dfergew\u00f6hnliche Arbeiten im Kunstunterricht gef\u00f6rdert<\/h2>\n\n\n<div class=\"wp-block-image\">\n<figure class=\"aligncenter size-full\"><img decoding=\"async\" loading=\"lazy\" width=\"800\" height=\"596\" src=\"https:\/\/speyer24news.com\/wp-content\/uploads\/2022\/08\/Friederike-Wallmen-Edith-Stein-Gymnasium.jpg\" alt=\"\" class=\"wp-image-48637\" srcset=\"https:\/\/speyer24news.com\/wp-content\/uploads\/2022\/08\/Friederike-Wallmen-Edith-Stein-Gymnasium.jpg 800w, https:\/\/speyer24news.com\/wp-content\/uploads\/2022\/08\/Friederike-Wallmen-Edith-Stein-Gymnasium-300x224.jpg 300w, https:\/\/speyer24news.com\/wp-content\/uploads\/2022\/08\/Friederike-Wallmen-Edith-Stein-Gymnasium-768x572.jpg 768w, https:\/\/speyer24news.com\/wp-content\/uploads\/2022\/08\/Friederike-Wallmen-Edith-Stein-Gymnasium-80x60.jpg 80w\" sizes=\"(max-width: 800px) 100vw, 800px\" \/><figcaption>Arbeit von Friederike Wallmen Edith-Stein-Gymnasium<\/figcaption><\/figure><\/div>\n\n\n<p><strong>Speyer &#8211;<\/strong> Am diesj\u00e4hrigen &#8222;Schulpreis Bildende Kunst&#8220; beteiligten sich 11 Schulen verschiedener Jahrgangsstufen und Schulformen aus Speyer und dem s\u00fcdlichen Rhein-Pfalz-Kreis. Eine Auswahl der Arbeiten ist bis 31. August online unter\u00a0<a href=\"https:\/\/deref-web.de\/mail\/client\/yHjC8ksEPhg\/dereferrer\/?redirectUrl=http%3A%2F%2Fwww.sparkasse-vorderpfalz.de%2Fschulpreis\" target=\"_blank\" rel=\"noreferrer noopener\">www.sparkasse-vorderpfalz.de\/schulpreis<\/a>\u00a0zu sehen.\u00a0<\/p>\n\n\n\n<p>Ziel des j\u00e4hrlich neu aufgelegten Schulpreises ist es, der k\u00fcnstlerisch-\u00e4sthetischen Erziehungsarbeit in den Schulen neue Impulse zu verleihen und auf herausragende Arbeiten und Leistungen im Kunstunterricht aufmerksam zu machen. Zur Ausrichtung des Schulpreises erh\u00e4lt jede Schule eine 500-Euro-F\u00f6rderung von der Sparkasse Vorderpfalz. Mit insgesamt 5.500 Euro unterst\u00fctzt die Sparkasse den Schulpreis Bildende Kunst 2022.<\/p>\n\n\n<div class=\"wp-block-image\">\n<figure class=\"aligncenter size-full\"><img decoding=\"async\" loading=\"lazy\" width=\"500\" height=\"701\" src=\"https:\/\/speyer24news.com\/wp-content\/uploads\/2022\/08\/Mia-Steiner-Realschule-Plus-Dudenhofen.jpg\" alt=\"\" class=\"wp-image-48638\" srcset=\"https:\/\/speyer24news.com\/wp-content\/uploads\/2022\/08\/Mia-Steiner-Realschule-Plus-Dudenhofen.jpg 500w, https:\/\/speyer24news.com\/wp-content\/uploads\/2022\/08\/Mia-Steiner-Realschule-Plus-Dudenhofen-214x300.jpg 214w\" sizes=\"(max-width: 500px) 100vw, 500px\" \/><figcaption>Arbeit von Mia Steiner Realschule Plus Dudenhofen<\/figcaption><\/figure><\/div>\n\n\n<h4 class=\"wp-block-heading\">Am Schulpreis Bildende Kunst 2022 haben teilgenommen:<\/h4>\n\n\n\n<ul><li><strong>Burgfeld-Realschule-Plus (Speyer)<\/strong><\/li><li><strong>Edith-Stein-Gymnasium (Speyer)<\/strong><\/li><li><strong>Edith-Stein-Realschule (Speyer)<\/strong><\/li><li><strong>Friedrich-Magnus-Schwerd-Gymnasium (Speyer)<\/strong><\/li><li><strong>Gymnasium am Kaiserdom (Speyer)<\/strong><\/li><li><strong>Hans-Purrmann-Gymnasium (Speyer)<\/strong><\/li><li><strong>IGS (Speyer)<\/strong><\/li><li><strong>Nikolaus-von-Weis-Gymnasium (Speyer)<\/strong><\/li><li><strong>Nikolaus-von-Weis-Realschule (Speyer)<\/strong><\/li><li><strong>Realschule Plus (Dudenhofen)<\/strong><\/li><li><strong>Siedlungsschule Realschule Plus (Speyer)<\/strong><\/li><\/ul>\n\n\n\n<h4 class=\"wp-block-heading\"><strong>Fotos \/ Arbeiten<\/strong>: Mia Steiner Realschule Plus Dudenhofen und Friederike Wallmen Edith-Stein-Gymnasium weitere Arbeiten unter\u00a0<a href=\"https:\/\/deref-web.de\/mail\/client\/yHjC8ksEPhg\/dereferrer\/?redirectUrl=http%3A%2F%2Fwww.sparkasse-vorderpfalz.de%2Fschulpreis\" target=\"_blank\" rel=\"noreferrer noopener\"><strong>www.sparkasse-vorderpfalz.de\/schulpreis<\/strong><\/a><\/h4>\n\n\n\n<p><em>Sparkasse Vorderpfalz<br>17.08.2022<\/em><\/p>\n\n\n\n<h2 class=\"wp-block-heading\">Jetzt noch bewerben<\/h2>\n\n\n\n<h3 class=\"wp-block-heading\">Stiftungen der Sparkasse Vorderpfalz vergeben wieder F\u00f6rdergelder in Ludwigshafen, Speyer, Schifferstadt und dem Rhein-Pfalz-Kreis<\/h3>\n\n\n<div class=\"wp-block-image\">\n<figure class=\"aligncenter size-full\"><img decoding=\"async\" loading=\"lazy\" width=\"500\" height=\"661\" src=\"https:\/\/speyer24news.com\/wp-content\/uploads\/2019\/08\/Traue-Thomas_2.jpg\" alt=\"\" class=\"wp-image-18379\" srcset=\"https:\/\/speyer24news.com\/wp-content\/uploads\/2019\/08\/Traue-Thomas_2.jpg 500w, https:\/\/speyer24news.com\/wp-content\/uploads\/2019\/08\/Traue-Thomas_2-227x300.jpg 227w\" sizes=\"(max-width: 500px) 100vw, 500px\" \/><figcaption>Sparkassen-Chef Thomas Traue betont: &#8222;Bewerben Sie sich noch mit ihrem gemeinwohlorientierten Projektvorhaben bei unseren Stiftungen. In vielen F\u00e4llen k\u00f6nnen wir helfen&#8220;.<\/figcaption><\/figure><\/div>\n\n\n<p>Online-F\u00f6rderanfragen, die in den n\u00e4chsten Wochen unter&nbsp;<a href=\"https:\/\/deref-web.de\/mail\/client\/YZJ7jS42hAo\/dereferrer\/?redirectUrl=http%3A%2F%2Fwww.sparkasse-vorderpfalz.de%2Fstiftungen\" target=\"_blank\" rel=\"noreferrer noopener\">www.sparkasse-vorderpfalz.de\/stiftungen<\/a>&nbsp;an die Sparkassenstiftungen gestellt werden, k\u00f6nnen noch bei der Mittelvergabe ber\u00fccksichtigt werden. Darauf weisen die Stiftungen der Sparkasse Vorderpfalz hin. \u00dcber die Vergabe der Mittel entscheidet das Kuratorium der jeweiligen Stiftung in den n\u00e4chsten Wochen. Die F\u00f6rdergelder werden im Anschluss zeitnah zur Verf\u00fcgung gestellt.<\/p>\n\n\n\n<p>Sparkassen-Chef Thomas Traue betont: &#8222;Bildung, Soziales, Brauchtum, Kultur und Sport &#8211; viele Aktivit\u00e4ten von Vereinen und Institutionen w\u00e4ren ohne ehrenamtlich Engagierte nicht m\u00f6glich. Manchmal ben\u00f6tigt Engagement jedoch auch finanzielle Unterst\u00fctzung \u2013 beispielsweise f\u00fcr Instrumente und Trikots, f\u00fcr Jugendfahrten und Renovierungsmaterial, f\u00fcr Spielger\u00e4te oder Theaterauff\u00fchrungen. Seit vielen Jahren f\u00f6rdern die Sparkassenstiftungen mit ihren F\u00f6rdermittel konkrete Projekte in vielen Bereichen der Gesellschaft. Meine Empfehlung: Bewerben Sie sich noch mit ihrem gemeinwohlorientierten Projektvorhaben bei unseren Stiftungen. In vielen F\u00e4llen k\u00f6nnen wir helfen\u201c.<\/p>\n\n\n\n<p><em>Sparkasse Vorderpfalz<br>15.08.2022<\/em><\/p>\n\n\n\n<h2 class=\"has-text-align-center wp-block-heading\">Industriegewerkschaft Bauen-Agrar-Umwelt<br>Bezirksverband Rheinhessen-Vorderpfalz<\/h2>\n\n\n<div class=\"wp-block-image\">\n<figure class=\"aligncenter size-full\"><img decoding=\"async\" loading=\"lazy\" width=\"600\" height=\"242\" src=\"https:\/\/speyer24news.com\/wp-content\/uploads\/2020\/04\/IG-Bauen-Agragr-Umwelt-Logo.png\" alt=\"\" class=\"wp-image-26509\" srcset=\"https:\/\/speyer24news.com\/wp-content\/uploads\/2020\/04\/IG-Bauen-Agragr-Umwelt-Logo.png 600w, https:\/\/speyer24news.com\/wp-content\/uploads\/2020\/04\/IG-Bauen-Agragr-Umwelt-Logo-300x121.png 300w\" sizes=\"(max-width: 600px) 100vw, 600px\" \/><\/figure><\/div>\n\n\n<h2 class=\"wp-block-heading\">Bis zu 24 Prozent mehr Geld | IG BAU r\u00e4t zum Lohn-Check<\/h2>\n\n\n\n<h3 class=\"wp-block-heading\">Floristik: Kr\u00e4ftiges Lohn-Plus f\u00fcr Besch\u00e4ftigte in Speyer<\/h3>\n\n\n<div class=\"wp-block-image\">\n<figure class=\"aligncenter size-full\"><img decoding=\"async\" loading=\"lazy\" width=\"800\" height=\"533\" src=\"https:\/\/speyer24news.com\/wp-content\/uploads\/2022\/08\/Floristin.jpg\" alt=\"\" class=\"wp-image-48636\" srcset=\"https:\/\/speyer24news.com\/wp-content\/uploads\/2022\/08\/Floristin.jpg 800w, https:\/\/speyer24news.com\/wp-content\/uploads\/2022\/08\/Floristin-300x200.jpg 300w, https:\/\/speyer24news.com\/wp-content\/uploads\/2022\/08\/Floristin-768x512.jpg 768w\" sizes=\"(max-width: 800px) 100vw, 800px\" \/><figcaption>Mit Blumen machen sie anderen eine Freude \u2013 nun k\u00f6nnen sie sich selbst \u00fcber steigende Einkommen freuen: Gelernte Floristinnen kommen jetzt auf einen Stundenlohn von 13,31 Euro, so die IG BAU. Die Gewerkschaft r\u00e4t den Besch\u00e4ftigten zum Lohn-Check.<br><em>Foto: IG BAU | Tobias Seifert<\/em><\/figcaption><\/figure><\/div>\n\n\n<p>Arbeit mit Blumen besser bezahlt: F\u00fcr die Besch\u00e4ftigten der Floristikbranche in Speyer gibt es deutlich mehr Geld. Eine gelernte Floristin kommt jetzt auf einen Stundenlohn von 13,31 Euro. Zusammen mit einer weiteren Erh\u00f6hung zum Sommer kommenden Jahres bel\u00e4uft sich das Plus f\u00fcr Fachleute auf gut 17 Prozent. Das teilt die Industriegewerkschaft Bauen-Agrar-Umwelt (IG BAU) mit \u2013 und appelliert an die Besch\u00e4ftigten, ihren aktuellen Lohnzettel zu pr\u00fcfen. Das zus\u00e4tzliche Geld m\u00fcsse mit der Juli-Abrechnung auf dem Konto sein. Wer leer ausgehe, solle sich an die IG BAU Rheinhessen-Vorderpfalz wenden, r\u00e4t Bezirksvorsitzender R\u00fcdiger Wunderlich.<\/p>\n\n\n\n<p>\u201eDas starke Einkommensplus sorgt daf\u00fcr, dass die Besch\u00e4ftigten trotz hoher Inflationsrate mehr Geld zum Leben haben. Au\u00dferdem liegt die Floristik \u00fcber der k\u00fcnftigen Mindestlohngrenze von zw\u00f6lf Euro pro Stunde\u201c, so der Gewerkschafter. Selbst f\u00fcr ungelernte Kr\u00e4fte liege der Einstiegsverdienst aktuell bereits bei 12,36 Euro. Ab Juli 2023 kommen sie nach Angaben der Floristen-Gewerkschaft IG BAU auf einen Stundenlohn von 13,01 Euro \u2013 und haben damit 24 Prozent mehr im Portemonnaie als bislang. Die IG BAU hatte sich in den Tarifverhandlungen mit dem Fachverband Deutscher Floristen (FDF) f\u00fcr einen deutlichen Abstand zur gesetzlichen Lohnuntergrenze starkgemacht.<\/p>\n\n\n\n<p>\u201eBlumengesch\u00e4fte und Gartencenter haben auch w\u00e4hrend der Pandemie gute Gesch\u00e4fte gemacht. Eine bessere Bezahlung ist ein wichtiger Beitrag, dringend gesuchtes Personal f\u00fcr die Floristik zu finden\u201c, unterstreicht Wunderlich. Dabei werde die Branche auch f\u00fcr den Nachwuchs attraktiver. Azubis bekommen bis August n\u00e4chsten Jahres durchschnittlich 23 Prozent mehr Geld \u2013 und verdienen im dritten Ausbildungsjahr dann sogar 1.000 Euro im Monat.<\/p>\n\n\n\n<p><em>Industriegewerkschaft Bauen-Agrar-Umwelt, Bezirksverband Rheinhessen-Vorderpfalz<br>17.08.2022<\/em><\/p>\n\n\n\n<h2 class=\"has-text-align-center wp-block-heading\">Verband der Immobilienverwalter <\/h2>\n\n\n\n<h2 class=\"has-text-align-center wp-block-heading\">Rheinland-Pfalz \/ Saarland e. V.\u00a0(VDIV)<\/h2>\n\n\n<div class=\"wp-block-image\">\n<figure class=\"aligncenter size-full\"><img decoding=\"async\" loading=\"lazy\" width=\"800\" height=\"405\" src=\"https:\/\/speyer24news.com\/wp-content\/uploads\/2021\/04\/VDIV-Logo.png\" alt=\"\" class=\"wp-image-35855\" srcset=\"https:\/\/speyer24news.com\/wp-content\/uploads\/2021\/04\/VDIV-Logo.png 800w, https:\/\/speyer24news.com\/wp-content\/uploads\/2021\/04\/VDIV-Logo-300x152.png 300w, https:\/\/speyer24news.com\/wp-content\/uploads\/2021\/04\/VDIV-Logo-768x389.png 768w\" sizes=\"(max-width: 800px) 100vw, 800px\" \/><\/figure><\/div>\n\n\n<h2 class=\"wp-block-heading\">Neue Gasumlage: die Sorge vor steigenden Nebenkosten &amp; hohen Nachzahlungen w\u00e4chst<\/h2>\n\n\n\n<h3 class=\"wp-block-heading\">Der Verband der Immobilienverwalter Rheinland-Pfalz\/Saarland e.V. gibt n\u00fctzliche Tipps zur Einsparung vom Energiekosten in den eigenen vier W\u00e4nden<\/h3>\n\n\n<div class=\"wp-block-image\">\n<figure class=\"aligncenter size-full\"><img decoding=\"async\" loading=\"lazy\" width=\"800\" height=\"600\" src=\"https:\/\/speyer24news.com\/wp-content\/uploads\/2022\/08\/Gas-Gasflamme-Gasherd.jpg\" alt=\"\" class=\"wp-image-48122\" srcset=\"https:\/\/speyer24news.com\/wp-content\/uploads\/2022\/08\/Gas-Gasflamme-Gasherd.jpg 800w, https:\/\/speyer24news.com\/wp-content\/uploads\/2022\/08\/Gas-Gasflamme-Gasherd-300x225.jpg 300w, https:\/\/speyer24news.com\/wp-content\/uploads\/2022\/08\/Gas-Gasflamme-Gasherd-768x576.jpg 768w, https:\/\/speyer24news.com\/wp-content\/uploads\/2022\/08\/Gas-Gasflamme-Gasherd-678x509.jpg 678w, https:\/\/speyer24news.com\/wp-content\/uploads\/2022\/08\/Gas-Gasflamme-Gasherd-326x245.jpg 326w, https:\/\/speyer24news.com\/wp-content\/uploads\/2022\/08\/Gas-Gasflamme-Gasherd-80x60.jpg 80w\" sizes=\"(max-width: 800px) 100vw, 800px\" \/><\/figure><\/div>\n\n\n<p>Die Energiepreise schie\u00dfen weiter in die H\u00f6he. Experten erwarten durch erh\u00f6hte Gas- und Strompreise im anstehenden Herbst und Winter erhebliche Mehrkosten f\u00fcr alle Haushalte; im kommenden Jahr drohen Mietern mit der Nebenkostenabrechnung 2022 drastische Nachzahlungen. Ein Grund daf\u00fcr ist auch die vom Bundeskabinett verabschiedete neue Rechtsverordnung, die Gasversorgern erm\u00f6glicht, von Kunden eine Gasumlage zu erheben. Sie soll ab Oktober bei\u00a02,4 Cent netto pro Kilowattstunde liegen. Bei Immobilienverwaltungen und Vermietern h\u00e4ufen sich die Anfragen, wie auf diese Kostensteigerung und die h\u00f6heren Preise f\u00fcr Heizung und Warmwasser reagiert werden kann. Axel Ewen, Vorstandmitglied im Verband der Immobilienverwalter Rheinland-Pfalz\/Saarland e.V. (kurz VDIV-RPS): \u201eHausverwaltungen sollten Eigent\u00fcmern bereits jetzt eine Erh\u00f6hung der Vorauszahlungen empfehlen, um im kommenden Jahr massive Nachzahlungen zu vermeiden. Im Rahmen einer Eigent\u00fcmerversammlung kann etwa \u00fcber die Anhebung der Hausgeldzahlung abgestimmt werden. Zwischen Vermieter und Mieter ist dieser Schritt einvernehmlich und unb\u00fcrokratisch \u00fcber eine kurze Kontaktaufnahme l\u00f6sbar, die h\u00f6here Vorauszahlung w\u00e4re dann bereits zum Folgemonat umsetzbar.\u201c <\/p>\n\n\n\n<p>Zur Vermeidung von Streitigkeiten sollten alle Vereinbarungen immer schriftlich festgehalten werden. \u00a0F\u00fcr nicht sinnvoll erachtet der VDIV-RPS hingegen die bereits in Einzelf\u00e4llen von Vermietern eigenst\u00e4ndige praktizierte Einrichtung fester Zeitfenster f\u00fcr die Warmwasserversorgung. Diese Einschr\u00e4nkung hat nur \u00c4rger, im schlimmsten Falle Mietminderungen oder Rechtstreitigkeiten zur Folge &#8211; auch weil die gesetzliche Grundlage daf\u00fcr fehlt. Bestenfalls einigen sich Hausverwaltung und Eigent\u00fcmer (oder Vermieter und Mieter) immer auf eine einvernehmliche Energiesparl\u00f6sung, der auch wirklich alle Beteiligten zustimmen. Solange der Gesetzgeber beim Fortschreiten der Energiekrise keine Vorgaben f\u00fcr eine derartige Verbrauchsregulierung macht, sollten die aktuell geltenden gesetzliche Vorschriften eingehalten werden. Axel Ewen setzt dabei auf die Vernunft der Menschen: \u201eWir gehen davon aus, dass ein Appell an die Eigenverantwortung der Bewohner, sei es Mieter oder Eigent\u00fcmer, aktuell deutlich mehr Sinn macht als eine willk\u00fcrlich angeordnete Zwangsma\u00dfnahme. Da jeder Haushalt an niedrigeren Energiekosten interessiert sein sollte, ist das individuelle Streben jedes Einzelnen nach Energieeinsparung auf alle F\u00e4lle der richtige Weg. Davon profitieren am Ende alle: Der Verbraucher hat weniger Mehrkosten, der bundesweite Gasverbrauch aller Haushalte sinkt, dieses Einsparpotential kann f\u00fcr die Aufrechterhaltung unserer Industrie eingesetzt werden. Das sollte in der aktuellen Situation unser gemeinsames Ziel sein.\u201c\u00a0<\/p>\n\n\n\n<p>Die rund 41 Millionen Haushalte in Deutschland verbrauchen knapp \u00fcber 30 Prozent des Gases, der Gro\u00dfteil wird f\u00fcr Warmwasser und die Heizung verwendet. Energieeinsparpotential bieten die eigenen vier W\u00e4nden sowohl beim Gas- als auch beim Stromverbrauch. Ratschl\u00e4ge rund um das richtige Energieverhalten gibt es f\u00fcr Verbraucher bei Energieberatern oder in der Regel kostenlos bei allen Verbraucherzentralen. Der VDIV-RPS hat in verschiedenen Bereichen einige Empfehlungen zusammengefasst, die ohne gro\u00dfe pers\u00f6nliche Einschr\u00e4nkungen erheblich zur Senkung der Energiekosten beitragen k\u00f6nnen.<\/p>\n\n\n\n<p><strong>Stichwort Wasser:<\/strong> Duscht eine Person t\u00e4glich rund acht Minuten bei 40 Grad Wassertemperatur kostet das im Jahresverbrauch schnell einige hundert Euro. Senkt diese Person die Wassertemperatur allerdings auf rund 30-35 Grad ab, muss das Kaltwasser nicht so hei\u00df erw\u00e4rmt werden, der Energieeinsatz sinkt um 20-30 Prozent. Bei Verk\u00fcrzung der Duschdauer um ein bis zwei Minuten und der Investition in wassersparende Duschk\u00f6pfe l\u00e4sst sich der Warmwasserverbrauch weiter reduzieren. Auch beim H\u00e4ndewaschen gibt es Sparpotential, wenn auf den Einsatz von hei\u00dfem Wasser verzichtet wird.<\/p>\n\n\n\n<p><strong>Stichwort Heizung:<\/strong> In der Regel reichen in Wohnr\u00e4umen 18 bis 21 Grad v\u00f6llig aus. In ungeheizten R\u00e4umen sollte die Temperatur nicht dauerhaft unter 16 Grad liegen, da sich sonst Feuchtigkeit und im schlimmsten Falle Schimmel bilden kann. Weniger Heizen ist deshalb unbedingt besser, als ein kompletter Verzicht. Als Faustformel gilt: Pro Grad niedrigerer Zimmertemperatur lassen sich rund sechs Prozent Heizkosten einsparen. Mit Hilfe von Heizk\u00f6rperthermostaten kann das hei\u00dfe Wasser innerhalb der Heizung nur bis zur eingestellten Wunschtemperatur reguliert werden. Sobald eine Heizung nicht die volle W\u00e4rme erreicht oder Wasserger\u00e4usche wahrzunehmen sind, empfiehlt sich eine regelm\u00e4\u00dfige Entl\u00fcftung des Heizk\u00f6rpers, da dieser bei der Erw\u00e4rmung der R\u00e4ume sonst unn\u00f6tige Energie verbraucht. Damit die produzierte W\u00e4rme im Zimmer gut zirkulieren kann, sollten Heizk\u00f6rper nicht von M\u00f6bel zugestellt oder durch bodentiefe Gardinen bedeckt sein, auch gr\u00f6\u00dfere Staubablagerungen auf den Heizungen k\u00f6nnen die Heizkraft mindern. Generell sollten Bewohner die Heizk\u00f6rper nachts oder bei Abwesenheit herunter drehen, beim L\u00fcften auf kurzes Sto\u00dfl\u00fcften anstelle mehrst\u00fcndig gekippter Fenster setzen. Undichte Fenster oder T\u00fcren verursachen in R\u00e4umen W\u00e4rmeverlust und Zugluft. Beides l\u00e4sst sich durch das Anbringen von Abdichtungsmaterial vermeiden, das in Baum\u00e4rkten g\u00fcnstig zu erwerben ist.<\/p>\n\n\n\n<p><strong>Stichwort Stromverbrauch: <\/strong>Die einfachste M\u00f6glichkeit des Stromsparens ist der Verzicht auf unn\u00f6tige Lichtquellen und der Einsatz sparsamer LED-Lampen anstelle von Gl\u00fchbirnen und Halogenlampen. Dar\u00fcber hinaus gibt es in nahezu jedem Haushalt \u201eStromfresser\u201c &#8211; durch die Ver\u00e4nderung des gewohnten Nutzungsverhaltens kann unter dem Motto \u201e\u00d6fter einmal den Stecker ziehen\u201c einiges an Strom eingespart werden: Viele Ger\u00e4te im \u201eStandby-Betrieb\u201c verbrauchen weiter Strom; Fernsehger\u00e4te, Receiver, Spielkonsolen oder \u00e4hnliches sollten nach der Nutzung immer komplett vom Stromnetz getrennt werden. Hierf\u00fcr lohnt sich die Anschaffung von abschaltbaren Steckerleisten. Tipps f\u00fcr Handy, Tablet oder Smartphone: auch Ladekabel m\u00fcssen nicht st\u00e4ndig in der Steckdose bleiben, die Helligkeit des Displays sollte gesenkt und Ger\u00e4te nachts bestenfalls in den Flugmodus gewechselt werden.<\/p>\n\n\n\n<p>In der K\u00fcche k\u00f6nnen Verbraucher die K\u00fchlstufe ihres K\u00fchlschranks problemlos etwas absenken und an die eigenen Bed\u00fcrfnisse anpassen. Die Sp\u00fclmaschine sollte keine unn\u00f6tigen Waschg\u00e4nge bei halbleerer Bef\u00fcllung machen, hier spart bereits die Nutzung des Eco-Programms Wasser und Energie. Auch die Waschmaschine sollte im Betrieb immer komplett bef\u00fcllt, die Waschtemperatur auf 30-40 Grad beschr\u00e4nkt und die W\u00e4sche nicht im Trockner, sondern energiesparend an der Luft getrocknet werden. Bei der Nutzung des Backofens sparen unn\u00f6tiges Vorheizen und die Umluft-Einstellung rund 15 Prozent Energie gegen\u00fcber der h\u00e4ufig genutzten Ober- und Unterhitze. Selbst der Einsatz eines gew\u00f6hnlichen Topfdeckels senkt bei regelm\u00e4\u00dfigem Kochen die Stromkosten laut Verbraucherzentralen j\u00e4hrlich um rund 20 Euro. Mit der Erneuerung \u00e4lterer Elektroger\u00e4te l\u00e4sst sich der Stromverbrauch zus\u00e4tzlich reduzieren. Axel Ewen: \u201eDer Einsatz moderner und energieeffizienter Ger\u00e4te lohnt sich vor allem in Kombination mit einem bewussten Verhalten. Denn auch ein riesiger LED-Fernseher verbraucht nat\u00fcrlich mehr Strom als ein vergleichbares kleineres Modell. Besonders bei zehn oder zwanzig Jahre alten Haushaltsger\u00e4ten wie K\u00fchl- und Gefrierkombinationen macht sich die Anschaffung eines sparsamen Neuger\u00e4tes aber immer bezahlt. Es empfiehlt sich beim Kauf immer auf den angegebenen Stromverbrauch und die Energieeffienzklasse des neuen Ger\u00e4tes zu achten.\u201c<\/p>\n\n\n\n<p><em>Verband der Immobilienverwalter Rheinland-Pfalz\/Saarland e. V.<br>17.08.2022<\/em><\/p>\n","protected":false},"excerpt":{"rendered":"<div class=\"mh-excerpt\"><p>Stadtwerke Speyer (SWS) GmbH Staatliche Umlagen erh\u00f6hen Erdgas-Preise SWS appellieren, Energie und Kosten einzusparen Ab 1. Oktober 2022 werden von der Bundesregierung zwei neue Erdgas-Umlagen (Beschaffungs- und Speicherumlage) eingef\u00fchrt, die die Erdgas-Preise auch f\u00fcr Kundinnen <a class=\"mh-excerpt-more\" href=\"https:\/\/speyer24news.com\/?p=48633\" title=\"Wirtschaft \/ Finanzen \/ Rente\">[&#8230;]<\/a><\/p>\n<\/div>","protected":false},"author":3,"featured_media":30614,"comment_status":"open","ping_status":"open","sticky":false,"template":"","format":"standard","meta":{"_monsterinsights_skip_tracking":false,"_monsterinsights_sitenote_active":false,"_monsterinsights_sitenote_note":"","_monsterinsights_sitenote_category":0,"footnotes":""},"categories":[29],"tags":[26,27,15227,15224,15226,15225,1088,6612,12017,12018,15230,15232,9199,9198,6543,11045,11046,1859,15228,15229,303,15231,31,1442,13693,9143,1087,4698,12488,6539,2211],"aioseo_notices":[],"amp_enabled":true,"_links":{"self":[{"href":"https:\/\/speyer24news.com\/index.php?rest_route=\/wp\/v2\/posts\/48633"}],"collection":[{"href":"https:\/\/speyer24news.com\/index.php?rest_route=\/wp\/v2\/posts"}],"about":[{"href":"https:\/\/speyer24news.com\/index.php?rest_route=\/wp\/v2\/types\/post"}],"author":[{"embeddable":true,"href":"https:\/\/speyer24news.com\/index.php?rest_route=\/wp\/v2\/users\/3"}],"replies":[{"embeddable":true,"href":"https:\/\/speyer24news.com\/index.php?rest_route=%2Fwp%2Fv2%2Fcomments&post=48633"}],"version-history":[{"count":1,"href":"https:\/\/speyer24news.com\/index.php?rest_route=\/wp\/v2\/posts\/48633\/revisions"}],"predecessor-version":[{"id":48640,"href":"https:\/\/speyer24news.com\/index.php?rest_route=\/wp\/v2\/posts\/48633\/revisions\/48640"}],"wp:featuredmedia":[{"embeddable":true,"href":"https:\/\/speyer24news.com\/index.php?rest_route=\/wp\/v2\/media\/30614"}],"wp:attachment":[{"href":"https:\/\/speyer24news.com\/index.php?rest_route=%2Fwp%2Fv2%2Fmedia&parent=48633"}],"wp:term":[{"taxonomy":"category","embeddable":true,"href":"https:\/\/speyer24news.com\/index.php?rest_route=%2Fwp%2Fv2%2Fcategories&post=48633"},{"taxonomy":"post_tag","embeddable":true,"href":"https:\/\/speyer24news.com\/index.php?rest_route=%2Fwp%2Fv2%2Ftags&post=48633"}],"curies":[{"name":"wp","href":"https:\/\/api.w.org\/{rel}","templated":true}]}}