{"id":48643,"date":"2022-08-22T06:12:53","date_gmt":"2022-08-22T05:12:53","guid":{"rendered":"https:\/\/speyer24news.com\/?p=48643"},"modified":"2022-08-22T06:12:56","modified_gmt":"2022-08-22T05:12:56","slug":"polizeimeldungen-sonntag-21-08-2022","status":"publish","type":"post","link":"https:\/\/speyer24news.com\/?p=48643","title":{"rendered":"Polizeimeldungen Sonntag (21.08.2022)"},"content":{"rendered":"<style type=\"text\/css\">\r\n\t.ads_top_disp{}\r\n\t.ads_top_corner_disp{ float:left; margin:0px 10px 10px 0px; }\r\n\t.ads_first_p_disp{}\r\n\t.ads_bottom_disp{}\r\n\t<\/style>\n<h2 class=\"wp-block-heading\">Polizeimeldungen vom Sonntag (21.08.2022)<\/h2>\n\n\n<div class=\"wp-block-image\">\n<figure class=\"aligncenter size-full\"><img decoding=\"async\" loading=\"lazy\" width=\"375\" height=\"500\" src=\"https:\/\/speyer24news.com\/wp-content\/uploads\/2022\/03\/Aktuelles-Polizeilogo.jpg\" alt=\"\" class=\"wp-image-43591\" srcset=\"https:\/\/speyer24news.com\/wp-content\/uploads\/2022\/03\/Aktuelles-Polizeilogo.jpg 375w, https:\/\/speyer24news.com\/wp-content\/uploads\/2022\/03\/Aktuelles-Polizeilogo-225x300.jpg 225w\" sizes=\"(max-width: 375px) 100vw, 375px\" \/><\/figure><\/div>\n\n\n<p><\/p>\n\n\n\n<h2 class=\"wp-block-heading\">(Speyer) &#8211; Trunkenheitsfahrt mit E-Scooter<\/h2>\n\n\n\n<p>Am Samstagabend gegen 23.15 Uhr wurde ein E-Scooter im Bereich der Sch\u00fctzenstra\u00dfe einer Verkehrskontrolle unterzogen. Im Rahmen der Kontrolle wurde Alkoholgeruch ausgehend von dem 38-j\u00e4hrigen Fahrzeugf\u00fchrer festgestellt. Ein vor Ort durchgef\u00fchrter Atemalkoholtest ergab einen Wert von 0,58 Promille. Ein Ordnungswidrigkeitenverfahren wurde eingeleitet.<\/p>\n\n\n\n<p>Die Polizei m\u00f6chte darauf hinweisen, dass E-Scooter rechtlich als Kraftfahrzeuge gelten. Werden sie unter dem Einfluss von mehr als 0,5 Promille Alkohol oder von Drogen \/ anderen berauschenden Mitteln im \u00f6ffentlichen Stra\u00dfenverkehr gef\u00fchrt, drohen hohe Bu\u00dfgelder und Fahrverbote. Ab einem Wert von 1,1 Promille oder bei 0,3 Promille mit Ausfallerscheinungen kommen sowohl eine Strafbarkeit als auch der F\u00fchrerscheinentzug in Betracht. Ein absolutes Alkoholverbot gilt in der Probezeit sowie f\u00fcr Fahrer unter 21 Jahren.<\/p>\n\n\n\n<h2 class=\"wp-block-heading\">(B\u00f6hl-Iggelheim) &#8211; Sperrung nach Verkehrsunfall mit leicht verletzter Person<a href=\"https:\/\/www.facebook.com\/sharer.php?u=https%3A%2F%2Fwww.presseportal.de%2Fblaulicht%2Fpm%2F117688%2F5301612%2F%3Futm_source%3Dfacebook%26utm_medium%3Dsocial\"><\/a><a href=\"https:\/\/twitter.com\/intent\/tweet?text=POL-PDLU%3A%20Sperrung%20nach%20Verkehrsunfall%20mit%20leicht%20verletzter%20Person&amp;url=https%3A%2F%2Fwww.presseportal.de%2Fblaulicht%2Fpm%2F117688%2F5301612%2F%3Futm_source%3Dtwitter%26utm_medium%3Dsocial&amp;hashtags=ots&amp;lang=de\"><\/a><a href=\"https:\/\/web.whatsapp.com\/send?text=POL-PDLU%3A%20Sperrung%20nach%20Verkehrsunfall%20mit%20leicht%20verletzter%20Person%0A%0Ahttps%3A%2F%2Fwww.presseportal.de%2Fblaulicht%2Fpm%2F117688%2F5301612%2F%3Futm_source%3Dwhatsapp%26utm_medium%3Dsocial\"><\/a><a href=\"https:\/\/www.xing.com\/app\/user?op=share;url=https%3A%2F%2Fwww.presseportal.de%2Fblaulicht%2Fpm%2F117688%2F5301612%2F%3Futm_source%3Dxing%26utm_medium%3Dsocial\"><\/a><a href=\"http:\/\/www.linkedin.com\/shareArticle?mini=true&amp;url=https%3A%2F%2Fwww.presseportal.de%2Fblaulicht%2Fpm%2F117688%2F5301612%2F%3Futm_source%3Dlinkedin%26utm_medium%3Dsocial&amp;title=POL-PDLU%3A+Sperrung+nach+Verkehrsunfall+mit+leicht+verletzter+Person\"><\/a><a href=\"mailto:?subject=POL-PDLU%3A%20Sperrung%20nach%20Verkehrsunfall%20mit%20leicht%20verletzter%20Person&amp;body=https:\/\/www.presseportal.de\/blaulicht\/pm\/117688\/5301612\"><\/a><\/h2>\n\n\n\n<p>Am Samstag, den 20.08.2022, gegen 14:48 Uhr, kam es an der Einm\u00fcndung der L\u00fctzelstra\u00dfe zur L528 zu einem Verkehrsunfall. Hierbei \u00fcbersah eine 20-J\u00e4hrige Verkehrsteilnehmerin, welche mit ihrem PKW von der L\u00fctzelstra\u00dfe auf die L528 einfahren wollte, die mit ihrem PKW von links kommende bevorrechtigte Unfallgegnerin. Die 20-J\u00e4hrige Verkehrsteilnehmerin wurde mit leichten Verletzungen durch den Rettungsdienst in ein Krankenhaus verbracht. Beide Fahrzeuge waren nicht mehr fahrbereit und mussten abgeschleppt werden. Hierzu wurde die L528 f\u00fcr etwa drei Stunden in beide Fahrtrichtungen gesperrt.<\/p>\n\n\n\n<h2 class=\"wp-block-heading\">(B\u00f6hl-Iggelheim) &#8211; Ausrei\u00dfer mit Windel auf Laufrad<\/h2>\n\n\n\n<p>Am Freitag, den 19.08.2022, wurden die Beamten der Polizeiinspektion Schifferstadt zu einem Einsatz der etwas anderen Art gerufen. Im Ortsgebiet sei ein Junge mit einer Windel bekleidet alleine auf seinem Laufrad unterwegs. Noch vor dem Eintreffen der Beamten stie\u00df der Vater des Ausrei\u00dfers hinzu und der 4-J\u00e4hrige konnte nach kurzer R\u00fccksprache wohlauf in Begleitung seines Vaters den Heimweg antreten.<\/p>\n\n\n\n<h2 class=\"wp-block-heading\">(Bellheim) &#8211; Kinderansprecher<\/h2>\n\n\n<div class=\"wp-block-image\">\n<figure class=\"aligncenter size-full\"><img decoding=\"async\" loading=\"lazy\" width=\"800\" height=\"618\" src=\"https:\/\/speyer24news.com\/wp-content\/uploads\/2022\/06\/Warnschild-Kinderansprecher.png\" alt=\"\" class=\"wp-image-46831\" srcset=\"https:\/\/speyer24news.com\/wp-content\/uploads\/2022\/06\/Warnschild-Kinderansprecher.png 800w, https:\/\/speyer24news.com\/wp-content\/uploads\/2022\/06\/Warnschild-Kinderansprecher-300x232.png 300w, https:\/\/speyer24news.com\/wp-content\/uploads\/2022\/06\/Warnschild-Kinderansprecher-768x593.png 768w\" sizes=\"(max-width: 800px) 100vw, 800px\" \/><\/figure><\/div>\n\n\n<p>Eine besorgte Mutter teilte am Samstagmorgen der Polizei mit, dass ihre 9-j\u00e4hrige Tochter sowie deren 13-j\u00e4hrige Cousine am Vortag gegen 18 Uhr angeblich von einem unbekannten Mann verfolgt worden w\u00e4ren. Laut Aussagen der M\u00e4dchen, w\u00e4re ihnen ein Mann in der Postgrabenstra\u00dfe in Bellheim hinterhergelaufen und h\u00e4tte auch die Stra\u00dfenseite gewechselt, als sie es taten. Schlussendlich h\u00e4tten sich die Kinder in einer nahegelegenen B\u00e4ckerei Hilfe gesucht. Zwei B\u00e4ckereifachverk\u00e4uferinnen h\u00e4tten sich f\u00fcr die M\u00e4dchen eingesetzt und den Mann ihres Ladens verwiesen. Die Kriminalpolizei Landau nimmt die Ermittlungen auf.<\/p>\n\n\n\n<h2 class=\"wp-block-heading\">(Germersheim) &#8211; Suchma\u00dfnahmen in Germersheim<\/h2>\n\n\n<div class=\"wp-block-image\">\n<figure class=\"aligncenter size-full\"><img decoding=\"async\" loading=\"lazy\" width=\"640\" height=\"428\" src=\"https:\/\/speyer24news.com\/wp-content\/uploads\/2021\/02\/Feuerwehr-Polizei.jpg\" alt=\"\" class=\"wp-image-33096\" srcset=\"https:\/\/speyer24news.com\/wp-content\/uploads\/2021\/02\/Feuerwehr-Polizei.jpg 640w, https:\/\/speyer24news.com\/wp-content\/uploads\/2021\/02\/Feuerwehr-Polizei-300x201.jpg 300w\" sizes=\"(max-width: 640px) 100vw, 640px\" \/><\/figure><\/div>\n\n\n<p>Aktuell (21.08.2022 \u2013 14:45) finden im Bereich der Bundesstra\u00dfe 35 bei Germersheim Suchma\u00dfnahmen durch Rettungskr\u00e4fte des Deutschen Roten Kreuzes, der Feuerwehren und der Polizei statt. Laut Hinweise von Passanten k\u00f6nnte eine m\u00e4nnliche Person gegen 13:15 Uhr von der Rheinbr\u00fccke B 35 in den Rhein gefallen sein. Gegebenenfalls wird nachberichtet. Aufgrund der aktuellen Fahndungs- \/ und Suchma\u00dfnahmen wird gebeten von Anfragen abzusehen.<\/p>\n\n\n\n<h2 class=\"wp-block-heading\">(Germersheim) &#8211; Kontrolle verloren und in Zaun gefahren<\/h2>\n\n\n\n<p>Am Samstagabend gegen 22:30 Uhr verlor eine 26-j\u00e4hrige Pkw-Fahrerin in der Waldstra\u00dfe in Germersheim die Kontrolle \u00fcber ihr Fahrzeug. Sie kam nach links von der Fahrbahn ab, \u00fcberfuhr den Zaun des FV Germersheim und st\u00fcrzte die B\u00f6schung des Fu\u00dfballplatzes herunter. Die Fahrerin sowie ihre Mutter auf dem Beifahrersitz erlitten zum Gl\u00fcck nur leichte Verletzungen und wurden im Krankenhaus versorgt. Die Fahrerin stand zum Unfallzeitpunkt nicht unter Alkoholeinfluss. Insgesamt entstand ein Sachschaden in einer H\u00f6he von etwa 10.000EUR.<\/p>\n\n\n\n<h2 class=\"wp-block-heading\">(Rheinzabern) &#8211; Unfall durch ungesicherte Ladung<\/h2>\n\n\n\n<p>Am 20.08.2022 befuhr um 15:19 Uhr eine 30-j\u00e4hrige Autofahrerin aus Ludwigshafen die B9 in Fahrtrichtung W\u00f6rth. Vor der Autofahrerin fuhr ein wei\u00dfer Transporter, vermutlich ein Mercedes Sprinter in gleicher Fahrtrichtung. Dieses Fahrzeug verlor auf der B9, in H\u00f6he Anschlussstelle Kieswerk aufgrund mangelnder Ladungssicherung w\u00e4hrend der Fahrt eine Holzplatte, welche auf die Fahrbahn flog. Die nachfolgende Autofahrerin fuhr trotz ausreichendem Sicherheitsabstand \u00fcber die Platte und besch\u00e4digte ihr Auto am Unterboden. Der Transporter setzte seine Fahrt. Von dem unfallverursachenden Fahrzeug sind nach derzeitigem Stand nicht viele Daten bekannt. Die Streife vor Ort nahm den Unfall auf, der PKW der Unfallgesch\u00e4digten musste abgeschleppt werden. Zeugenhinweise zum Unfallverursacher k\u00f6nnen jederzeit der Polizei W\u00f6rth unter Tel. 07271-92210 oder unter\u00a0<a href=\"mailto:piwoerth@polizei.rlp.de\">piwoerth@polizei.rlp.de<\/a>\u00a0gerne mitgeteilt werden. Das eingeleitete Strafverfahren in Verbindung mit der Verursachung des Verkehrsunfalles wird der Staatsanwaltschaft in Landau vorlegt.<\/p>\n\n\n\n<h2 class=\"wp-block-heading\">(W\u00f6rth) &#8211; Alkoholisierter Autofahrer im PKW in W\u00f6rth unterwegs<\/h2>\n\n\n\n<p>Am 20.08.2022 stellte die Streife der PI W\u00f6rth um 23:15 Uhr am K\u00fchgrunddamm einen niederl\u00e4ndischen PKW fest. Das Auto wurde einer Verkehrskontrolle unterzogen, obwohl zuvor keine fahrerischen Auff\u00e4lligkeiten vorlagen. Bei dem 41-j\u00e4hrigen, niederl\u00e4ndischem Staatsangeh\u00f6rigen konnte Alkoholgeruch in der Atemluft festgestellt werden. Ein angebotener, freiwilliger Alkotest ergab zun\u00e4chst einen Wert von etwas weniger als 1,1 Promille. Ein erneuter Test auf der Dienststelle mit einem gerichtsverwertbaren Alkotestger\u00e4t best\u00e4tigte den Wert von 1,04 Promille, weshalb ein Ordnungswidrigkeitenverfahren eingeleitet wurde. Der Kraftfahrer aus den Niederl\u00e4nder bezahlte die entsprechende Geldstrafe im Rahmen des Sicherheitsleistungsverfahren sofort.<\/p>\n\n\n\n<h2 class=\"wp-block-heading\">(W\u00f6rth) &#8211; Tuning \/ \u00dcberlauter PKW in W\u00f6rth gestellt<\/h2>\n\n\n\n<p>Am 20.08.22 h\u00f6rte die Streife um 22:00 Uhr einen VW Golf mit einer \u00fcberlauten Auspuffanlage, welcher in W\u00f6rth auf der Hanns-Martin-Schleyer-Stra\u00dfe fuhr. Im Rahmen der anschlie\u00dfenden Kontrolle wurde festgestellt, dass der 19-j\u00e4hrige Autofahrer eine Sportauspuffanlage am Golf montiert hatte. Diese war jedoch durch offensichtliche Aufbohrungen\/ Ver\u00e4nderungen so laut, das diese der Norm stark abweichende Lautst\u00e4rke verursachte. Die Weiterfahrt wurde untersagt, ein Ordnungswidrigkeitenverfahren eingeleitet.<\/p>\n\n\n\n<h2 class=\"wp-block-heading\">(L 493 zw. M\u00fcnchweiler am Klingbach u. Klingenm\u00fcnster) &#8211; Schwerer Verkehrsunfall, Verkehrsumleitung<\/h2>\n\n\n\n<p>Aufgrund eines schweren Verkehrsunfalls ist derzeit (20.08.2022, 18:16 Uhr) die L 493 zwischen M\u00fcnchweiler am Klingbach und Klingenm\u00fcnster beidseitig gesperrt. Verkehrsteilnehmer werden gebeten den Bereich zu umfahren. Unfallbeteiligt ist ein PKW aus dem Landkreis s\u00fcdliche Weinstra\u00dfe dessen Fahrer schwer verletzt wurde. Das Fahrzeug fuhr vermutlich aus Richtung Silz kommend in Richtung Klingenm\u00fcnster und kam in einer leichten Rechtskurve nach links von der Fahrbahn ab, fuhr die B\u00f6schung hoch und \u00fcberschlug sich.<\/p>\n\n\n\n<h2 class=\"wp-block-heading\">(Landau) &#8211; E-Scooter-Fahrer erfasst und gefl\u00fcchtet<\/h2>\n\n\n\n<p>Ein 33j\u00e4hriger aus Landau befuhr am Freitagnachmittag gegen 16:20Uhr mit seinem E-Sccoter die Xylanderstra\u00dfe in Richtung Reiterstra\u00dfe. In einer Rechtskurve im \u00dcbergang zur Reiterstra\u00dfe wurde er von einem PKW erfasst und kam zu Fall. Durch den Sturz zog sich der E-Scooter-Fahrer eine Schl\u00fcsselbeinfraktur zu. Der Zusammensto\u00df sei durch mehrere Zeugen beobachtet worden, welche sich in einem nahegelegenen Restaurant aufgehalten hatten und dem Verletzten zur Hilfe eilten. Der PKW-Fahrer entfernte sich anschlie\u00dfend von der Unfallstelle, ohne sich um den Gest\u00fcrzten zu k\u00fcmmern.<\/p>\n\n\n\n<p>Wer Hinweise zum fl\u00fcchtigen Fahrzeug geben kann, m\u00f6ge sich bitte mit der zust\u00e4ndigen Polizeiinspektion Landau unter 06341 \/ 287 &#8211; 0 oder per Mail an\u00a0<a href=\"mailto:pilandau@polizei.rlp.de\">pilandau@polizei.rlp.de<\/a>\u00a0in Verbindung setzen.<\/p>\n\n\n\n<h2 class=\"wp-block-heading\">(Friedelsheim) &#8211; K\u00f6rperverletzung zwischen Verkehrsteilnehmer<\/h2>\n\n\n\n<p>Am Samstag, dem 20.08.2022 gegen 17.45 Uhr kam es in Friedelsheim in der Hauptstra\u00dfe zu einer k\u00f6rperlichen Auseinandersetzung zwischen zwei Verkehrsteilnehmer. Vorausgegangen war der Auseinandersetzung, dass ein 27-j\u00e4hriger Fu\u00dfg\u00e4nger seinen Roller auf der Stra\u00dfe geschoben habe, wodurch ein 55-j\u00e4hriger Fahrzeugf\u00fchrer eines Pkw nicht vorbeifahren konnte. Erst nach mehrfachen Zurufen setzte der Fu\u00dfg\u00e4nger mit seinem Roller den Weg auf dem Gehweg fort. Dort habe dieser jedoch eine unbeteiligte Frau angesprochen. Auch hier rief der Fahrzeugf\u00fchrer dem Fu\u00dfg\u00e4nger zu, dass er diese Frau in Ruhe lassen solle. Infolgedessen sei der Fu\u00dfg\u00e4nger auf das Fahrzeug zugelaufen und habe auf den Fahrer mehrfach eingeschlagen. Der Fahrzeugf\u00fchrer erlitt hierdurch mehrere Verletzungen. Nur durch mehrere Zeugen, die Zivilcourage zeigten, konnte der Angriff des Fu\u00dfg\u00e4ngers gestoppt werden. Zudem stellte sich heraus, dass der Fu\u00dfg\u00e4nger alkoholisiert war. Dementsprechend wurde der Rollerschl\u00fcssel, zur Verhinderung einer m\u00f6glichen Fahrt, sichergestellt. Gegen den Fu\u00dfg\u00e4nger wird nun im Rahmen eines Strafverfahrens wegen K\u00f6rperverletzung ermittelt.<\/p>\n\n\n\n<h2 class=\"wp-block-heading\">(Frankenthal) &#8211; R\u00e4uberische Erpressung an Total Tankstelle<\/h2>\n\n\n<div class=\"wp-block-image\">\n<figure class=\"aligncenter size-large\"><img decoding=\"async\" loading=\"lazy\" width=\"1024\" height=\"941\" src=\"https:\/\/speyer24news.com\/wp-content\/uploads\/2020\/07\/Maskierter-T\u00e4ter-1024x941-1024x941.jpg\" alt=\"\" class=\"wp-image-28719\" srcset=\"https:\/\/speyer24news.com\/wp-content\/uploads\/2020\/07\/Maskierter-T\u00e4ter-1024x941.jpg 1024w, https:\/\/speyer24news.com\/wp-content\/uploads\/2020\/07\/Maskierter-T\u00e4ter-1024x941-300x276.jpg 300w, https:\/\/speyer24news.com\/wp-content\/uploads\/2020\/07\/Maskierter-T\u00e4ter-1024x941-768x706.jpg 768w\" sizes=\"(max-width: 1024px) 100vw, 1024px\" \/><figcaption>Symbolbild \u00dcberfall \/ Zeugen gesucht, dient lediglich der Visualisierung<\/figcaption><\/figure><\/div>\n\n\n<p>Am Abend des 20.08.2022 kam es gegen 22:05 Uhr zu einer r\u00e4uberischen Erpressung an der Total Tankstelle im Foltzring. Ein bislang unbekannter, m\u00e4nnlicher T\u00e4ter hielt einer Mitarbeiterin, welche gerade dabei war die Tankstelle anzuschlie\u00dfen, ein Messer an ihren Hals und forderte die Einnahmen des Tages. Nachdem die Mitarbeiterin dem T\u00e4ter zwei Geldkassetten mit Bargeld in bislang unbekannter H\u00f6he \u00fcbergeben hatte, lies er von ihr ab und entfernte sich in Richtung Pilgerstra\u00dfe. <\/p>\n\n\n\n<h4 class=\"wp-block-heading\">Nach den Angaben der Zeugin war der T\u00e4ter:<\/h4>\n\n\n\n<ul><li><strong>ca. 1,90 m gro\u00df,<\/strong><\/li><li><strong>hatte gr\u00fcne Augen und <\/strong><\/li><li><strong>sei zudem mit einer schwarzen Daunenjacke, einer dunklen Hose, sowie schwarzen Sneakern mit wei\u00dfer Sohle bekleidet gewesen. <\/strong><\/li><li><strong>Zus\u00e4tzlich h\u00e4tte eine weitere m\u00e4nnliche Begleitung auf ihn gewartet.<\/strong><\/li><\/ul>\n\n\n\n<p>Trotz den sofort eingeleiteten Fahndungsma\u00dfnahmen konnten die M\u00e4nner im Umkreis nicht mehr angetroffen werden. Lediglich eine weitere Zeugin gab an, dass sie ca. eine halbe Stunde nach der Tat, zwei M\u00e4nner habe beobachten k\u00f6nnen, welche sich im Nordring, H\u00f6he der Hausnummer 13, an einem schweren Gegenstand zu schaffen machten. Kurz darauf seien diese jedoch mit Fahrr\u00e4ndern davongefahren.<\/p>\n\n\n\n<h2 class=\"wp-block-heading\">(Frankenthal) &#8211; Verkehrsunfall mit Zeugenaufruf<a href=\"https:\/\/www.facebook.com\/sharer.php?u=https%3A%2F%2Fwww.presseportal.de%2Fblaulicht%2Fpm%2F117688%2F5301581%2F%3Futm_source%3Dfacebook%26utm_medium%3Dsocial\"><\/a><a href=\"https:\/\/twitter.com\/intent\/tweet?text=POL-PDLU%3A%20Verkehrsunfall%20mit%20Zeugenaufruf&amp;url=https%3A%2F%2Fwww.presseportal.de%2Fblaulicht%2Fpm%2F117688%2F5301581%2F%3Futm_source%3Dtwitter%26utm_medium%3Dsocial&amp;hashtags=ots&amp;lang=de\"><\/a><a href=\"https:\/\/web.whatsapp.com\/send?text=POL-PDLU%3A%20Verkehrsunfall%20mit%20Zeugenaufruf%0A%0Ahttps%3A%2F%2Fwww.presseportal.de%2Fblaulicht%2Fpm%2F117688%2F5301581%2F%3Futm_source%3Dwhatsapp%26utm_medium%3Dsocial\"><\/a><a href=\"https:\/\/www.xing.com\/app\/user?op=share;url=https%3A%2F%2Fwww.presseportal.de%2Fblaulicht%2Fpm%2F117688%2F5301581%2F%3Futm_source%3Dxing%26utm_medium%3Dsocial\"><\/a><a href=\"http:\/\/www.linkedin.com\/shareArticle?mini=true&amp;url=https%3A%2F%2Fwww.presseportal.de%2Fblaulicht%2Fpm%2F117688%2F5301581%2F%3Futm_source%3Dlinkedin%26utm_medium%3Dsocial&amp;title=POL-PDLU%3A+Verkehrsunfall+mit+Zeugenaufruf\"><\/a><a href=\"mailto:?subject=POL-PDLU%3A%20Verkehrsunfall%20mit%20Zeugenaufruf&amp;body=https:\/\/www.presseportal.de\/blaulicht\/pm\/117688\/5301581\"><\/a><\/h2>\n\n\n\n<p>Am Mittag des 20.08.2022 kam es gegen 14:40 Uhr auf der Kreuzung Hans-Kopp-Stra\u00dfe zur Mahlastra\u00dfe zu einem Verkehrsunfall zwischen zwei Fahrzeugen. Ein Fahrzeug sei demnach nach links auf die Mahlastra\u00dfe abgebogen, als die Ampel &#8222;gr\u00fcn&#8220; zeigte. Ein weiteres Fahrzeug sei jedoch trotz &#8222;gelb&#8220; zeigender Ampel, auf der gegen\u00fcberliegenden Frankenstra\u00dfe, noch schnell \u00fcber die Kreuzung gefahren, sodass es zu einem Zusammensto\u00df kam. Bei dem Unfall wurde niemand verletzt, jedoch war eines er Fahrzeuge nicht mehr fahrbereit. Nach den Angaben einer Unfallbeteiligten soll der Vorgang von zwei unbeteiligten Fahrradfahrern beobachtet worden sein. Diese werden nun gebeten sich bei hiesiger Polizeidienststelle zu melden. Der Schaden an den Fahrzeugen bel\u00e4uft sich auf. ca. 8.000EUR.<\/p>\n\n\n\n<p>Zeugen werden gebeten sich an die Polizeiinspektion Frankenthal unter der Tel.-Nr.: 06233\/313-0 oder an die Polizeiwache Maxdorf unter der Tel.-Nr.: 06237\/934-1100 zu wenden. Gerne nehmen wir Ihre Hinweise auch per E-Mail unter\u00a0<a href=\"mailto:pifrankenthal@polizei.rlp.de\">pifrankenthal@polizei.rlp.de<\/a>\u00a0entgegen.<\/p>\n\n\n\n<h2 class=\"wp-block-heading\">(Ludwigshafen) &#8211; Unbekannter Mann spr\u00fcht mit Pfefferspray<\/h2>\n\n\n<div class=\"wp-block-image\">\n<figure class=\"aligncenter size-full\"><img decoding=\"async\" loading=\"lazy\" width=\"801\" height=\"600\" src=\"https:\/\/speyer24news.com\/wp-content\/uploads\/2020\/05\/Zeugen-gesucht-Neutral.jpg\" alt=\"\" class=\"wp-image-26598\" srcset=\"https:\/\/speyer24news.com\/wp-content\/uploads\/2020\/05\/Zeugen-gesucht-Neutral.jpg 801w, https:\/\/speyer24news.com\/wp-content\/uploads\/2020\/05\/Zeugen-gesucht-Neutral-300x225.jpg 300w, https:\/\/speyer24news.com\/wp-content\/uploads\/2020\/05\/Zeugen-gesucht-Neutral-768x575.jpg 768w, https:\/\/speyer24news.com\/wp-content\/uploads\/2020\/05\/Zeugen-gesucht-Neutral-678x509.jpg 678w, https:\/\/speyer24news.com\/wp-content\/uploads\/2020\/05\/Zeugen-gesucht-Neutral-326x245.jpg 326w, https:\/\/speyer24news.com\/wp-content\/uploads\/2020\/05\/Zeugen-gesucht-Neutral-80x60.jpg 80w\" sizes=\"(max-width: 801px) 100vw, 801px\" \/><\/figure><\/div>\n\n\n<p>Am Samstag, den 20.08.2022, gegen 20:15 Uhr, sa\u00dfen eine 37-j\u00e4hrige Frau und ein 36-j\u00e4hriger Mann aus Lampertheim vor einem Caf\u00e9 in der Bahnhofstra\u00dfe in Ludwigshafen. Pl\u00f6tzlich beleidigte ein unbekannter Mann die beiden Personen und z\u00fcckte sogar ein Pfefferspray. Er spr\u00fchte damit den beiden Gesch\u00e4digten in die Augen und ins Gesicht und war den 36-j\u00e4hrigen Mann warf zu Boden. Im Anschluss fl\u00fcchtete er in Richtung Heinigstra\u00dfe. <\/p>\n\n\n\n<h4 class=\"wp-block-heading\">Der T\u00e4ter wird wie folgt beschrieben: <\/h4>\n\n\n\n<ul><li><strong>m\u00e4nnlich<\/strong><\/li><li><strong>ca. 25 Jahre alt<\/strong><\/li><li><strong>ca. 180 cm gro\u00df<\/strong><\/li><li><strong>dunklere Haare und Hautfarbe<\/strong><\/li><li><strong>Barttr\u00e4ger<\/strong><\/li><\/ul>\n\n\n\n<p>Zeugen werden gebeten mit der Polizeiinspektion Ludwigshafen 1 Kontakt aufzunehmen, Tel. 0621 963-2122 oder per E-Mail\u00a0<a href=\"mailto:piludwigshafen1@polizei.rlp.de\">piludwigshafen1@polizei.rlp.de<\/a><\/p>\n\n\n\n<h2 class=\"wp-block-heading\">(Ludwigshafen) &#8211; Gef\u00e4hrliche K\u00f6rperverletzung vor einer Diskothek<a href=\"https:\/\/www.facebook.com\/sharer.php?u=https%3A%2F%2Fwww.presseportal.de%2Fblaulicht%2Fpm%2F117696%2F5301519%2F%3Futm_source%3Dfacebook%26utm_medium%3Dsocial\"><\/a><a href=\"https:\/\/twitter.com\/intent\/tweet?text=POL-PPRP%3A%20Gef%C3%A4hrliche%20K%C3%B6rperverletzung%20vor%20einer%20Diskothek&amp;url=https%3A%2F%2Fwww.presseportal.de%2Fblaulicht%2Fpm%2F117696%2F5301519%2F%3Futm_source%3Dtwitter%26utm_medium%3Dsocial&amp;hashtags=ots&amp;lang=de\"><\/a><a href=\"https:\/\/web.whatsapp.com\/send?text=POL-PPRP%3A%20Gef%C3%A4hrliche%20K%C3%B6rperverletzung%20vor%20einer%20Diskothek%0A%0Ahttps%3A%2F%2Fwww.presseportal.de%2Fblaulicht%2Fpm%2F117696%2F5301519%2F%3Futm_source%3Dwhatsapp%26utm_medium%3Dsocial\"><\/a><a href=\"https:\/\/www.xing.com\/app\/user?op=share;url=https%3A%2F%2Fwww.presseportal.de%2Fblaulicht%2Fpm%2F117696%2F5301519%2F%3Futm_source%3Dxing%26utm_medium%3Dsocial\"><\/a><a href=\"http:\/\/www.linkedin.com\/shareArticle?mini=true&amp;url=https%3A%2F%2Fwww.presseportal.de%2Fblaulicht%2Fpm%2F117696%2F5301519%2F%3Futm_source%3Dlinkedin%26utm_medium%3Dsocial&amp;title=POL-PPRP%3A+Gef%C3%A4hrliche+K%C3%B6rperverletzung+vor+einer+Diskothek\"><\/a><a href=\"mailto:?subject=POL-PPRP%3A%20Gef%C3%A4hrliche%20K%C3%B6rperverletzung%20vor%20einer%20Diskothek&amp;body=https:\/\/www.presseportal.de\/blaulicht\/pm\/117696\/5301519\"><\/a><\/h2>\n\n\n\n<p>Am Samstag, den 20.08.2022, gegen 04:56 Uhr, kam es zu einer gr\u00f6\u00dferen k\u00f6rperlichen Auseinandersetzung vor einer Diskothek in Ludwigshafen, nachdem die Personengruppe zuvor aus der Diskothek verwiesen wurde. Im Rahmen der Auseinandersetzung kam es zu Flaschenw\u00fcrfen, Faustschl\u00e4gen und Tritten zum Nachteil mehrerer Personen. Ein 20-J\u00e4hriger aus Ludwigshafen erlitt eine Nasenbeinfraktur. Bei den bislang unbekannten T\u00e4tern soll es sich um f\u00fcnf m\u00e4nnliche Personen gehandelt haben. Die T\u00e4ter konnten weder vor Ort, noch im Nahbereich festgestellt werden.<\/p>\n\n\n\n<p>Zeugen werden gebeten mit der Polizeiinspektion Ludwigshafen 1 Kontakt aufzunehmen, Tel. 0621 963-2122 oder per E-Mail&nbsp;<a href=\"mailto:piludwigshafen1@polizei.rlp.de\">piludwigshafen1@polizei.rlp.de<\/a><\/p>\n\n\n\n<h2 class=\"wp-block-heading\">(Ludwigshafen) &#8211; Einbruch in Nagelstudio<\/h2>\n\n\n\n<p>In der Nacht vom 19.08.2022 auf den 20.08.2022, kam es zu einem Einbruch in ein Nagelstudio in der Bismarckstra\u00dfe in Ludwigshafen. Die unbekannten T\u00e4ter gelangten durch das Aufhebeln der Eingangst\u00fcre in das Ladeninnere und entwendeten etwa 700 EUR Bargeld.<\/p>\n\n\n\n<p>Zeugen werden gebeten mit der Polizeiinspektion Ludwigshafen 1 Kontakt aufzunehmen, Tel. 0621 963-2122 oder per E-Mail\u00a0<a href=\"mailto:piludwigshafen1@polizei.rlp.de\">piludwigshafen1@polizei.rlp.de<\/a><\/p>\n\n\n\n<h2 class=\"wp-block-heading\">(Ludwigshafen) &#8211; Angriff auf Kraftfahrer<a href=\"https:\/\/www.facebook.com\/sharer.php?u=https%3A%2F%2Fwww.presseportal.de%2Fblaulicht%2Fpm%2F117696%2F5301529%2F%3Futm_source%3Dfacebook%26utm_medium%3Dsocial\"><\/a><a href=\"https:\/\/twitter.com\/intent\/tweet?text=POL-PPRP%3A%20Angriff%20auf%20Kraftfahrer&amp;url=https%3A%2F%2Fwww.presseportal.de%2Fblaulicht%2Fpm%2F117696%2F5301529%2F%3Futm_source%3Dtwitter%26utm_medium%3Dsocial&amp;hashtags=ots&amp;lang=de\"><\/a><a href=\"https:\/\/web.whatsapp.com\/send?text=POL-PPRP%3A%20Angriff%20auf%20Kraftfahrer%0A%0Ahttps%3A%2F%2Fwww.presseportal.de%2Fblaulicht%2Fpm%2F117696%2F5301529%2F%3Futm_source%3Dwhatsapp%26utm_medium%3Dsocial\"><\/a><a href=\"https:\/\/www.xing.com\/app\/user?op=share;url=https%3A%2F%2Fwww.presseportal.de%2Fblaulicht%2Fpm%2F117696%2F5301529%2F%3Futm_source%3Dxing%26utm_medium%3Dsocial\"><\/a><a href=\"http:\/\/www.linkedin.com\/shareArticle?mini=true&amp;url=https%3A%2F%2Fwww.presseportal.de%2Fblaulicht%2Fpm%2F117696%2F5301529%2F%3Futm_source%3Dlinkedin%26utm_medium%3Dsocial&amp;title=POL-PPRP%3A+Angriff+auf+Kraftfahrer\"><\/a><a href=\"mailto:?subject=POL-PPRP%3A%20Angriff%20auf%20Kraftfahrer&amp;body=https:\/\/www.presseportal.de\/blaulicht\/pm\/117696\/5301529\"><\/a><\/h2>\n\n\n\n<p>Am Freitag, den 19.08.2022, um 17:00 Uhr, gerieten zwei M\u00e4nner aus Speyer aufgrund einer Geldforderung in Streit. Im weiteren Verlauf stieg einer der Beteiligten, ein 27-j\u00e4hriger Mann, in sein Fahrzeug und fuhr davon. Bei dem Fahrzeug handelte es sich um einen gelben Seat Ibiza. Der andere Beteiligte, ein 49-j\u00e4hriger Mann, stieg in das Auto einer unbekannten Person und konnte den 27-J\u00e4hrigen in der Lagerhausstra\u00dfe einholen. An der roten Ampel kletterte der 49-j\u00e4hrige Mann durch das ge\u00f6ffnete Beifahrerfenster in das Fahrzeug des 27-J\u00e4hrigen. Dieser versuchte seine Flucht fortzusetzen, obwohl der 49-J\u00e4hrige w\u00e4hrend der Fahrt mit Gewalt auf ihn einwirkte. Letztlich stoppte der 27-J\u00e4hrige seinen PKW auf dem Kaiserw\u00f6rthdamm, stieg aus und w\u00e4hlte den Notruf. Der 49-j\u00e4hrige Mann, welcher vor Ort durch die Polizei festgenommen wurde, muss sich nun unter anderem wegen eines r\u00e4uberischen Angriffs auf Kraftfahrer verantworten.<\/p>\n\n\n\n<p>Zeugen werden gebeten mit der Polizeiinspektion Ludwigshafen 1 Kontakt aufzunehmen, Tel. 0621 963-2122 oder per E-Mail\u00a0<a href=\"mailto:piludwigshafen1@polizei.rlp.de\">piludwigshafen1@polizei.rlp.de<\/a><\/p>\n\n\n\n<h2 class=\"wp-block-heading\">(Mannheim) &#8211; Nach k\u00f6rperlicher Auseinandersetzung Bargeld geraubt<\/h2>\n\n\n<div class=\"wp-block-image\">\n<figure class=\"aligncenter size-full\"><img decoding=\"async\" loading=\"lazy\" width=\"800\" height=\"533\" src=\"https:\/\/speyer24news.com\/wp-content\/uploads\/2021\/11\/Schlaegerei.jpg\" alt=\"\" class=\"wp-image-42366\" srcset=\"https:\/\/speyer24news.com\/wp-content\/uploads\/2021\/11\/Schlaegerei.jpg 800w, https:\/\/speyer24news.com\/wp-content\/uploads\/2021\/11\/Schlaegerei-300x200.jpg 300w, https:\/\/speyer24news.com\/wp-content\/uploads\/2021\/11\/Schlaegerei-768x512.jpg 768w\" sizes=\"(max-width: 800px) 100vw, 800px\" \/><figcaption>Beispielbild Schl\u00e4gerei \/ K\u00f6rperverletzung, dient lediglich der Visualisierung<\/figcaption><\/figure><\/div>\n\n\n<p>Wegen des Verdachtes des schweren Raubes ermittelt die Kriminalpolizei Mannheim gegen mehrere, bislang noch unbekannte T\u00e4ter.<\/p>\n\n\n\n<p>Sie sollen den 22-j\u00e4hrigen Gesch\u00e4digten am Sonntagmorgen, gegen 2:30 Uhr, im Bereich der Wasserturmanlage zun\u00e4chst k\u00f6rperlich angegangen und mit einer Stange geschlagen haben. Als der Gesch\u00e4digte durch den Angriff zu Boden ging wurde ihm eine Tasche entwendet. Zudem erlitt eine Platzwunde. Als zeitgleich eine Funkwagenbesatzung auf die Wasserturmanlage zufuhr, fl\u00fcchteten die unbekannten T\u00e4ter zu Fu\u00df von der \u00d6rtlichkeit und konnten im Rahmen der eingeleiteten Fahndung nicht mehr festgestellt werden.<\/p>\n\n\n\n<p>Zeugen, die das Geschehen beobachtet haben und Hinweise zu den T\u00e4tern geben k\u00f6nnen, werden gebeten, sich mit dem Kriminaldauerdienst, Tel.: 0621\/174-4444 oder mit dem Polizeirevier Mannheim-Innenstadt, Tel.: 0621\/1258-0 in Verbindung zu setzen.<\/p>\n\n\n\n<h2 class=\"wp-block-heading\">(Mannheim-Oststadt) &#8211; Einsatz eines Polizeihubschraubers nach Messerstecherei<\/h2>\n\n\n<div class=\"wp-block-image\">\n<figure class=\"aligncenter size-full\"><img decoding=\"async\" loading=\"lazy\" width=\"800\" height=\"600\" src=\"https:\/\/speyer24news.com\/wp-content\/uploads\/2020\/07\/Hubschrauber-bei-Personensuche.jpg\" alt=\"\" class=\"wp-image-29175\" srcset=\"https:\/\/speyer24news.com\/wp-content\/uploads\/2020\/07\/Hubschrauber-bei-Personensuche.jpg 800w, https:\/\/speyer24news.com\/wp-content\/uploads\/2020\/07\/Hubschrauber-bei-Personensuche-300x225.jpg 300w, https:\/\/speyer24news.com\/wp-content\/uploads\/2020\/07\/Hubschrauber-bei-Personensuche-768x576.jpg 768w, https:\/\/speyer24news.com\/wp-content\/uploads\/2020\/07\/Hubschrauber-bei-Personensuche-678x509.jpg 678w, https:\/\/speyer24news.com\/wp-content\/uploads\/2020\/07\/Hubschrauber-bei-Personensuche-326x245.jpg 326w, https:\/\/speyer24news.com\/wp-content\/uploads\/2020\/07\/Hubschrauber-bei-Personensuche-80x60.jpg 80w\" sizes=\"(max-width: 800px) 100vw, 800px\" \/><\/figure><\/div>\n\n\n<p>Zur Stunde (21.08.2022 \u2013 22:20) kommt es im Bereich der Mannheimer Oststadt zu umfangreichen Fahndungsma\u00dfnahmen, nachdem zwei Personen bei einer Messerstecherei verletzt wurden. Zur Fahndung ist auch ein Polizeihubschrauber im Einsatz.<\/p>\n\n\n\n<h3 class=\"has-text-align-center wp-block-heading\">Zwei Verletzte nach Auseinandersetzung \/ Pressemeldung Nr. 2<\/h3>\n\n\n\n<p>Am 21.08.2022 gegen 21:15 Uhr kam es im Bereich der Lameystra\u00dfe in Mannheim zu einer Auseinandersetzung zwischen mehreren Personen. Hierbei wurden zwei M\u00e4nner verletzt und mussten zur Behandlung in Krankenh\u00e4user verbracht werden. Im Rahmen der anschlie\u00dfenden, umfangreichen Fahndung konnten f\u00fcnf verd\u00e4chtige Personen festgenommen werden. Die Hintergr\u00fcnde der Tat sind derzeit noch unklar, m\u00f6glicherweise besteht ein Zusammenhang zu einer weiteren Auseinandersetzung am Mannheimer Wasserturm, die wenige Minuten vor dem geschilderten Konflikt gemeldet worden war. Zeugen beider Vorf\u00e4lle werden gebeten, sich mit dem Kriminaldauerdienst Heidelberg unter der Telefonnummer 0621 174-4444 in Verbindung zu setzten. Die Ermittlungen zum Vorfall sind durch die Kriminalpolizei aufgenommen worden.<\/p>\n\n\n\n<h2 class=\"wp-block-heading\">(Mannheim-Oststadt) &#8211; Transporter Fahrer \u00fcbersieht Radfahrer \/ Unfall<\/h2>\n\n\n\n<p>Am Nachmittag des vergangenen Freitages befuhr ein Transporter Fahrer die M\u00f6hlstra\u00dfe in Richtung Planetarium. In H\u00f6he der dortigen Autowaschanlage bog der 44-J\u00e4hrige Fiat Fahrer nach rechts auf das Gel\u00e4nde ab und \u00fcbersah hierbei den jugendlichen Radfahrer, welcher ordnungsgem\u00e4\u00df den dortigen Radweg in gleiche Richtung befuhr. Der 15-J\u00e4hrige Radfahrer konnte nicht mehr rechtzeitig bremsen und kollidierte mit dem rechten hinteren Kotfl\u00fcgel des Transporters. Hierbei wurde der Jugendliche leicht verletzt und musste mit dem hinzugerufenen Rettungswagen in ein naheliegendes Krankenhaus transportiert werden. Am Unfallfahrzeug entstand ein Sachschaden in H\u00f6he von etwa 1000 EUR.<\/p>\n\n\n\n<h2 class=\"wp-block-heading\">(Mannheim-Sch\u00f6nau) &#8211; Unbekannter Rollerfahrer f\u00e4hrt Fu\u00dfg\u00e4nger an und fl\u00fcchtet \/ Zeugen gesucht<\/h2>\n\n\n\n<p>In der Nacht zum Sonntag, kurz nach 01.30 Uhr, kam es auf dem Tarnowitzer Weg zwischen Lilienthalstra\u00dfe und Pillauer Stra\u00dfe zu einem Verkehrsunfall, bei dem ein Fu\u00dfg\u00e4nger beim \u00dcberqueren der Fahrbahn von einem Motorroller erfasst und zu Boden geschleudert wurde. Der 34-j\u00e4hrige Fu\u00dfg\u00e4nger erlitt mehrere Sch\u00fcrfwunden, Prellungen sowie Platzwunden im Gesicht und wurde durch den Rettungsdienst behandelt. Auch der unbekannte Rollerfahrer kam bei dem Zusammensto\u00df zu Fall. Anschlie\u00dfend entfernte er sich, ohne jedoch seinen Feststellungspflichten nachzukommen. Zeugen, die sachdienlich Hinweise geben k\u00f6nnen, werden gebeten sich mit dem Polizeirevier Sandhofen, unter 0621-174 777690, in Verbindung zu setzen.<\/p>\n\n\n\n<h2 class=\"wp-block-heading\">(Mannheim-Neckarau) &#8211; Brand in einem Geb\u00e4ude, Geb\u00e4ude im Vollbrand<\/h2>\n\n\n\n<h3 class=\"has-text-align-center wp-block-heading\">Pressemeldung Nr. 1<\/h3>\n\n\n<div class=\"wp-block-image\">\n<figure class=\"aligncenter size-full\"><img decoding=\"async\" loading=\"lazy\" width=\"800\" height=\"600\" src=\"https:\/\/speyer24news.com\/wp-content\/uploads\/2019\/09\/Feuerwehr-Speyer-II@Nina-Ebert.jpg\" alt=\"\" class=\"wp-image-19060\" srcset=\"https:\/\/speyer24news.com\/wp-content\/uploads\/2019\/09\/Feuerwehr-Speyer-II@Nina-Ebert.jpg 800w, https:\/\/speyer24news.com\/wp-content\/uploads\/2019\/09\/Feuerwehr-Speyer-II@Nina-Ebert-300x225.jpg 300w, https:\/\/speyer24news.com\/wp-content\/uploads\/2019\/09\/Feuerwehr-Speyer-II@Nina-Ebert-768x576.jpg 768w, https:\/\/speyer24news.com\/wp-content\/uploads\/2019\/09\/Feuerwehr-Speyer-II@Nina-Ebert-678x509.jpg 678w, https:\/\/speyer24news.com\/wp-content\/uploads\/2019\/09\/Feuerwehr-Speyer-II@Nina-Ebert-326x245.jpg 326w, https:\/\/speyer24news.com\/wp-content\/uploads\/2019\/09\/Feuerwehr-Speyer-II@Nina-Ebert-80x60.jpg 80w\" sizes=\"(max-width: 800px) 100vw, 800px\" \/><figcaption>Symbolbild Feuerwehreinsatz<\/figcaption><\/figure><\/div>\n\n\n<p>Aktuell (21.08.2022 \u2013 13:25) ist die Polizei, der Rettungsdienst und die Feuerwehr in der Wattstra\u00dfe im Einsatz. Hier kam es zu einem Brand, der sich zwischenzeitlich auf das Geb\u00e4ude ausgebreitet hat. Die Feuerwehr ist mit den L\u00f6schma\u00dfnahmen besch\u00e4ftigt.<\/p>\n\n\n\n<h3 class=\"has-text-align-center wp-block-heading\">50-J\u00e4hriger bei Geb\u00e4udebrand schwer verletzt \/ Pressemeldung Nr. 2<a href=\"https:\/\/www.facebook.com\/sharer.php?u=https%3A%2F%2Fwww.presseportal.de%2Fblaulicht%2Fpm%2F14915%2F5301857%2F%3Futm_source%3Dfacebook%26utm_medium%3Dsocial\"><\/a><a href=\"https:\/\/twitter.com\/intent\/tweet?text=POL-MA%3A%20Mannheim-Neckarau%3A%2050-J%C3%A4hriger%20bei%20Geb%C3%A4udebrand%20schwer%20verletzt%2C%20PM%20Nr.%202&amp;url=https%3A%2F%2Fwww.presseportal.de%2Fblaulicht%2Fpm%2F14915%2F5301857%2F%3Futm_source%3Dtwitter%26utm_medium%3Dsocial&amp;hashtags=ots&amp;lang=de\"><\/a><a href=\"https:\/\/web.whatsapp.com\/send?text=POL-MA%3A%20Mannheim-Neckarau%3A%2050-J%C3%A4hriger%20bei%20Geb%C3%A4udebrand%20schwer%20verletzt%2C%20PM%20Nr.%202%0A%0Ahttps%3A%2F%2Fwww.presseportal.de%2Fblaulicht%2Fpm%2F14915%2F5301857%2F%3Futm_source%3Dwhatsapp%26utm_medium%3Dsocial\"><\/a><a href=\"https:\/\/www.xing.com\/app\/user?op=share;url=https%3A%2F%2Fwww.presseportal.de%2Fblaulicht%2Fpm%2F14915%2F5301857%2F%3Futm_source%3Dxing%26utm_medium%3Dsocial\"><\/a><a href=\"http:\/\/www.linkedin.com\/shareArticle?mini=true&amp;url=https%3A%2F%2Fwww.presseportal.de%2Fblaulicht%2Fpm%2F14915%2F5301857%2F%3Futm_source%3Dlinkedin%26utm_medium%3Dsocial&amp;title=POL-MA%3A+Mannheim-Neckarau%3A+50-J%C3%A4hriger+bei+Geb%C3%A4udebrand+schwer+verletzt%2C+PM+Nr.+2\"><\/a><a href=\"mailto:?subject=POL-MA%3A%20Mannheim-Neckarau%3A%2050-J%C3%A4hriger%20bei%20Geb%C3%A4udebrand%20schwer%20verletzt%2C%20PM%20Nr.%202&amp;body=https:\/\/www.presseportal.de\/blaulicht\/pm\/14915\/5301857\"><\/a><\/h3>\n\n\n\n<p>Wie bereits berichtet, kam es am Sonntagnachmittag, kurz vor 13.14 Uhr, zu einem Geb\u00e4udebrand in der Mannheimer Wattstra\u00dfe, bei dem ein 50-j\u00e4hriger Bewohner durch das Brandgeschehen schwer verletzt wurde. Nach derzeitigem Ermittlungsstand kam es aus noch unbekannter Ursache zum Brand im Obergeschoss des zweigeschossigen Geb\u00e4udes. Zuvor hatten Zeugen das Brandgeschehen bemerkt und den Notruf verst\u00e4ndigt. Durch die eintreffende Feuerwehr konnte der 50-j\u00e4hrige Bewohner aus dem Gefahrenbereich gerettet und der Vollbrand im Obergeschoss schnell gel\u00f6scht werden. Der Verletzte wurde dem eingetroffenen Notarzt \u00fcbergeben und mit dem Rettungsdienst in ein nahegelegenes Krankenhaus eingeliefert. Durch das Brandgeschehen ist das Obergeschoss des Geb\u00e4udes nicht mehr bewohnbar. Weitere Personen wurden nicht verletzt. Der entstandene Sachschaden bel\u00e4uft sich nach ersten Sch\u00e4tzungen auf 150.000-200.000EUR. Der Kriminaldauerdienst hat die Ermittlungen zur Brandursache aufgenommen, die durch Brandexperten der Kriminalpolizeidirektion fortgesetzt werden.<\/p>\n\n\n\n<h2 class=\"wp-block-heading\">(Mannheim-Friedrichsfeld) &#8211; Taxifahrer bedroht und bestohlen \/ Zeugen gesucht<\/h2>\n\n\n\n<p>Am fr\u00fchen Sonntagmorgen, kurz nach 01.30 Uhr, stiegen vier bislang unbekannte T\u00e4ter in Mannheim-Friedrichsfeld in ein Taxi und lie\u00dfen sich von dem 63-j\u00e4hrigen Fahrer in den Bereich des Stra\u00dfburger Rings bef\u00f6rdern. Dort angekommen wurde der 63-J\u00e4hrige von einem der Unbekannten unvermittelt mit einer Pistole bedroht und zur Herausgabe seines Bargelds aufgefordert. Da es sich hierbei offensichtlich um eine Plastikpistole handelte, ging der Fahrer nicht auf die Forderung ein sondern setzte sich zur Wehr. Im weiteren Verlauf wurde er von den anderen unbekannten Fahrg\u00e4sten geschlagen, bevor die Unbekannten zu Fu\u00df von der \u00d6rtlichkeit fl\u00fcchteten. Zuvor entnahmen die Unbekannten noch ein Mobiltelefon aus dem Taxi, dass im Rahmen der weiteren Ma\u00dfnahmen wieder aufgefunden werden konnte. Durch den Angriff wurde der 63-J\u00e4hrige leicht verletzt. Die sofort eingeleiteten Fahndungsma\u00dfnahmen mit mehreren Streifenwagen f\u00fchrten nicht mehr zur Feststellung der unbekannten T\u00e4ter. Zeugen des Vorfalles, die sachdienliche Hinweise zur Tat oder den unbekannten T\u00e4tern geben k\u00f6nnen, werden gebeten, sich mit dem Kriminaldauerdienst des Polizeipr\u00e4sidiums Mannheim, unter Tel.: 0621-174-4444, in Verbindung zu setzten.<\/p>\n\n\n\n<h2 class=\"wp-block-heading\">(Dossenheim \/ Rhein-Neckar-Kreis) &#8211; Angebranntes Essen f\u00fchrt zu Rauchentwicklung<a href=\"https:\/\/www.facebook.com\/sharer.php?u=https%3A%2F%2Fwww.presseportal.de%2Fblaulicht%2Fpm%2F14915%2F5301583%2F%3Futm_source%3Dfacebook%26utm_medium%3Dsocial\"><\/a><a href=\"https:\/\/twitter.com\/intent\/tweet?text=POL-MA%3A%20Dossenheim%20%2F%20RNK%20-%20Angebranntes%20Essen%20f%C3%BChrt%20zu%20Rauchentwicklung&amp;url=https%3A%2F%2Fwww.presseportal.de%2Fblaulicht%2Fpm%2F14915%2F5301583%2F%3Futm_source%3Dtwitter%26utm_medium%3Dsocial&amp;hashtags=ots&amp;lang=de\"><\/a><a href=\"https:\/\/web.whatsapp.com\/send?text=POL-MA%3A%20Dossenheim%20%2F%20RNK%20-%20Angebranntes%20Essen%20f%C3%BChrt%20zu%20Rauchentwicklung%0A%0Ahttps%3A%2F%2Fwww.presseportal.de%2Fblaulicht%2Fpm%2F14915%2F5301583%2F%3Futm_source%3Dwhatsapp%26utm_medium%3Dsocial\"><\/a><a href=\"https:\/\/www.xing.com\/app\/user?op=share;url=https%3A%2F%2Fwww.presseportal.de%2Fblaulicht%2Fpm%2F14915%2F5301583%2F%3Futm_source%3Dxing%26utm_medium%3Dsocial\"><\/a><a href=\"http:\/\/www.linkedin.com\/shareArticle?mini=true&amp;url=https%3A%2F%2Fwww.presseportal.de%2Fblaulicht%2Fpm%2F14915%2F5301583%2F%3Futm_source%3Dlinkedin%26utm_medium%3Dsocial&amp;title=POL-MA%3A+Dossenheim+%2F+RNK+-+Angebranntes+Essen+f%C3%BChrt+zu+Rauchentwicklung\"><\/a><a href=\"mailto:?subject=POL-MA%3A%20Dossenheim%20%2F%20RNK%20-%20Angebranntes%20Essen%20f%C3%BChrt%20zu%20Rauchentwicklung&amp;body=https:\/\/www.presseportal.de\/blaulicht\/pm\/14915\/5301583\"><\/a><\/h2>\n\n\n\n<p>Am Samstagmittag wurde gegen 13:00 Uhr eine Rauchentwicklung in einem Mehrfamilienhaus in der Eduard-M\u00f6rike-Stra\u00dfe in Dossenheim gemeldet.<\/p>\n\n\n\n<p>Kurz nachdem die freiwillige Feuerwehr sich Zugang zur verrauchten Wohnung verschafft hatte, kehrten auch die Eigent\u00fcmer der Wohnung zum Anwesen zur\u00fcck.<\/p>\n\n\n\n<p>Nach derzeitigem Ermittlungsstand hatte die Rauchentwicklung ihren Ursprung in angebranntem Essen, dass in der K\u00fcche auf dem Herd stand. Personen wurden gl\u00fccklicherweise nicht verletzt und es entstand nur geringer Sachschaden.<\/p>\n\n\n\n<h2 class=\"wp-block-heading\">(Schriesheim \/ Rhein-Neckar-Kreis) &#8211; Schwerer Verkehrsunfall \/ L 596a gesperrt &#8211; Hubschrauber im Einsatz<\/h2>\n\n\n<div class=\"wp-block-image\">\n<figure class=\"aligncenter size-full\"><img decoding=\"async\" loading=\"lazy\" width=\"640\" height=\"472\" src=\"https:\/\/speyer24news.com\/wp-content\/uploads\/2020\/07\/ADAC-Rettungshubschrauber.jpg\" alt=\"\" class=\"wp-image-29359\" srcset=\"https:\/\/speyer24news.com\/wp-content\/uploads\/2020\/07\/ADAC-Rettungshubschrauber.jpg 640w, https:\/\/speyer24news.com\/wp-content\/uploads\/2020\/07\/ADAC-Rettungshubschrauber-300x221.jpg 300w, https:\/\/speyer24news.com\/wp-content\/uploads\/2020\/07\/ADAC-Rettungshubschrauber-80x60.jpg 80w\" sizes=\"(max-width: 640px) 100vw, 640px\" \/><figcaption>Beispielbild Rettungshubschrauber, dient lediglich der Visualisierung<\/figcaption><\/figure><\/div>\n\n\n<p>Aufgrund eines schweren Verkehrsunfalls auf der L 596a \/ L 536 ist die Talstra\u00dfe zwischen Stammberg und der Abzweigung nach Altenbach aktuell (21.08.2022 \u2013 14:06) vollst\u00e4ndig gesperrt. Nach ersten Erkenntnissen kam es zu einem Frontalzusammensto\u00df zwischen einem Pkw und einem Motorrad. Neben Rettungsdienst, Feuerwehr und Polizei ist auch ein Rettungshubschrauber im Einsatz. \u00dcber das Verletzungsausma\u00df liegen noch keine gesicherte Erkenntnisse vor.<\/p>\n\n\n\n<h3 class=\"has-text-align-center wp-block-heading\">Pressemeldung Nr. 2<\/h3>\n\n\n\n<p>Bei dem Verkehrsunfall am 21.08.2022 um 13.50 Uhr, befuhr der 63-j\u00e4hrige Fahrer eines Pkw Kia die L536 von Schriesheim kommend in Fahrtrichtung Wilhelmsfeld. An der Einm\u00fcndung zur L596a bog dieser nach links in Richtung Altenbach ab und kollidierte mit dem entgegenkommenden Motorradfahrer frontal. In Folge dessen wurde der 47-j\u00e4hrige Motorradfahrer abgewiesen und st\u00fcrzte im Einm\u00fcndungsbereich zu Boden. Durch die Kollision gerieten beide Fahrzeuge in Brand. W\u00e4hrend der Pkw-F\u00fchrer nur leicht verletzt wurde, erlitt der Motorradfahrer schwerste Verletzungen und wurde mit einem Rettungshubschrauber in ein nahegelegenes Krankenhaus geflogen. An beiden Fahrzeugen entstand Totalschaden. Des Weiteren wurde die Fahrbahnoberfl\u00e4che der L536 stark durch den ausbrennenden PKW ON 02 besch\u00e4digt und der daneben befindliche Gr\u00fcnstreifen geriet in Brand. Der Brand konnte jedoch schnell gel\u00f6scht werden, sodass lediglich eine Fl\u00e4che von ca. 50m\u00b2 sowie ein Leitpfosten durch das Feuer besch\u00e4digt wurden. Aufgrund des Fahrzeugbrands ist die Fahrbahn jedoch so stark besch\u00e4digt, dass sie instand gesetzt werden muss. Der Verkehr wird \u00fcber den Abbiegestreifen geleitet.<\/p>\n\n\n\n<h2 class=\"wp-block-heading\">(A 5 \/ Gem. Heddesheim \/ Rhein-Neckar-Kreis) &#8211; Fahrzeugbrand auf der BAB 5 H\u00f6he Heddesheim\/Hirschberg<\/h2>\n\n\n\n<p>Das F\u00fchrungs- und Lagezentrum der Polizei in Mannheim erreichten mehrere Notrufe (21.08.2022 \u2013 17:08) \u00fcber einen Fahrzeugbrand kurz vor der Ausfahrt Hirschberg auf der BAB 5 in Fahrtrichtung S\u00fcden. Feuerwehr und Polizei sind verst\u00e4ndigt und auf dem Weg zur Einsatzstelle. Das genaue Ausma\u00df und ob Personen zu Schaden gekommen sind, ist noch nicht bekannt.<\/p>\n\n\n\n<h3 class=\"has-text-align-center wp-block-heading\">Fahrbahnen nach Fahrzeugbrand wieder frei &#8211; Pressemeldung Nr. 2<\/h3>\n\n\n\n<p>Nachdem am Nachmittag ein Mercedes auf der BAB 5 Richtung S\u00fcden kurz vor der Ausfahrt Hirschberg in Brand geraten war, sind die L\u00f6sch- und Bergungsarbeiten der Feuerwehr zwischenzeitlich beendet. Die zeitweise vollgesperrte Fahrbahn ist wieder frei befahrbar. Der Schaden am Fahrzeug betr\u00e4gt rund 15.000 Euro, der Schaden an der Fahrbahn kann bislang noch nicht benannt werden.<\/p>\n","protected":false},"excerpt":{"rendered":"<div class=\"mh-excerpt\"><p>Polizeimeldungen vom Sonntag (21.08.2022) (Speyer) &#8211; Trunkenheitsfahrt mit E-Scooter Am Samstagabend gegen 23.15 Uhr wurde ein E-Scooter im Bereich der Sch\u00fctzenstra\u00dfe einer Verkehrskontrolle unterzogen. Im Rahmen der Kontrolle wurde Alkoholgeruch ausgehend von dem 38-j\u00e4hrigen Fahrzeugf\u00fchrer <a class=\"mh-excerpt-more\" href=\"https:\/\/speyer24news.com\/?p=48643\" title=\"Polizeimeldungen Sonntag (21.08.2022)\">[&#8230;]<\/a><\/p>\n<\/div>","protected":false},"author":3,"featured_media":26162,"comment_status":"open","ping_status":"open","sticky":false,"template":"","format":"standard","meta":{"_monsterinsights_skip_tracking":false,"_monsterinsights_sitenote_active":false,"_monsterinsights_sitenote_note":"","_monsterinsights_sitenote_category":0,"footnotes":""},"categories":[12],"tags":[7243,7244,3614,350,14537,15084,14538,702,2555,6955,6986,6263,63,105,6987,53,4854,13534,4683,1548,4905,11592,102,13626,213,14325,14324,13553,13541,55,8277,6368,5261,103,106,2803,2423,427,2625,380,62,104,979,1565],"aioseo_notices":[],"amp_enabled":true,"_links":{"self":[{"href":"https:\/\/speyer24news.com\/index.php?rest_route=\/wp\/v2\/posts\/48643"}],"collection":[{"href":"https:\/\/speyer24news.com\/index.php?rest_route=\/wp\/v2\/posts"}],"about":[{"href":"https:\/\/speyer24news.com\/index.php?rest_route=\/wp\/v2\/types\/post"}],"author":[{"embeddable":true,"href":"https:\/\/speyer24news.com\/index.php?rest_route=\/wp\/v2\/users\/3"}],"replies":[{"embeddable":true,"href":"https:\/\/speyer24news.com\/index.php?rest_route=%2Fwp%2Fv2%2Fcomments&post=48643"}],"version-history":[{"count":2,"href":"https:\/\/speyer24news.com\/index.php?rest_route=\/wp\/v2\/posts\/48643\/revisions"}],"predecessor-version":[{"id":48645,"href":"https:\/\/speyer24news.com\/index.php?rest_route=\/wp\/v2\/posts\/48643\/revisions\/48645"}],"wp:featuredmedia":[{"embeddable":true,"href":"https:\/\/speyer24news.com\/index.php?rest_route=\/wp\/v2\/media\/26162"}],"wp:attachment":[{"href":"https:\/\/speyer24news.com\/index.php?rest_route=%2Fwp%2Fv2%2Fmedia&parent=48643"}],"wp:term":[{"taxonomy":"category","embeddable":true,"href":"https:\/\/speyer24news.com\/index.php?rest_route=%2Fwp%2Fv2%2Fcategories&post=48643"},{"taxonomy":"post_tag","embeddable":true,"href":"https:\/\/speyer24news.com\/index.php?rest_route=%2Fwp%2Fv2%2Ftags&post=48643"}],"curies":[{"name":"wp","href":"https:\/\/api.w.org\/{rel}","templated":true}]}}