{"id":48648,"date":"2022-08-22T07:48:10","date_gmt":"2022-08-22T06:48:10","guid":{"rendered":"https:\/\/speyer24news.com\/?p=48648"},"modified":"2022-08-22T07:48:11","modified_gmt":"2022-08-22T06:48:11","slug":"gesundheit-33","status":"publish","type":"post","link":"https:\/\/speyer24news.com\/?p=48648","title":{"rendered":"Gesundheit"},"content":{"rendered":"<style type=\"text\/css\">\r\n\t.ads_top_disp{}\r\n\t.ads_top_corner_disp{ float:left; margin:0px 10px 10px 0px; }\r\n\t.ads_first_p_disp{}\r\n\t.ads_bottom_disp{}\r\n\t<\/style>\n<h2 class=\"has-text-align-center wp-block-heading\">Rhein-Pfalz-Kreis<\/h2>\n\n\n<div class=\"wp-block-image\">\n<figure class=\"aligncenter size-full\"><img decoding=\"async\" loading=\"lazy\" width=\"480\" height=\"184\" src=\"https:\/\/speyer24news.com\/wp-content\/uploads\/2020\/03\/Rhein-Pfalz-Kreis-1.jpg\" alt=\"\" class=\"wp-image-25960\" srcset=\"https:\/\/speyer24news.com\/wp-content\/uploads\/2020\/03\/Rhein-Pfalz-Kreis-1.jpg 480w, https:\/\/speyer24news.com\/wp-content\/uploads\/2020\/03\/Rhein-Pfalz-Kreis-1-300x115.jpg 300w\" sizes=\"(max-width: 480px) 100vw, 480px\" \/><\/figure><\/div>\n\n\n<h2 class=\"wp-block-heading\">Erste best\u00e4tigte F\u00e4lle von Affenpocken im Rhein-Pfalz-Kreis<\/h2>\n\n\n<div class=\"wp-block-image\">\n<figure class=\"aligncenter size-full\"><img decoding=\"async\" loading=\"lazy\" width=\"800\" height=\"599\" src=\"https:\/\/speyer24news.com\/wp-content\/uploads\/2022\/08\/Affenpocken.jpg\" alt=\"\" class=\"wp-image-48651\" srcset=\"https:\/\/speyer24news.com\/wp-content\/uploads\/2022\/08\/Affenpocken.jpg 800w, https:\/\/speyer24news.com\/wp-content\/uploads\/2022\/08\/Affenpocken-300x225.jpg 300w, https:\/\/speyer24news.com\/wp-content\/uploads\/2022\/08\/Affenpocken-768x575.jpg 768w, https:\/\/speyer24news.com\/wp-content\/uploads\/2022\/08\/Affenpocken-678x509.jpg 678w, https:\/\/speyer24news.com\/wp-content\/uploads\/2022\/08\/Affenpocken-326x245.jpg 326w, https:\/\/speyer24news.com\/wp-content\/uploads\/2022\/08\/Affenpocken-80x60.jpg 80w\" sizes=\"(max-width: 800px) 100vw, 800px\" \/><\/figure><\/div>\n\n\n<p>Das Gesundheitsamt des Rhein-Pfalz-Kreises informiert, dass es im Rhein-Pfalz-Kreis inzwischen zwei best\u00e4tigte F\u00e4lle von Affenpocken gibt.<\/p>\n\n\n\n<p>Die F\u00e4lle stehen in keinem Zusammenhang. Die betroffenen Personen befinden sich soweit wohlauf und sind in Absonderung. Ebenfalls in Absonderung sind die ermittelten Kontaktpersonen. Weitere Informationen zu den Personen sind aus Gr\u00fcnden des Datenschutzes nicht m\u00f6glich.<\/p>\n\n\n\n<p>Weitere Informationen zu den Affenpocken sind unter <a href=\"https:\/\/www.rhein-pfalz-kreis.de\/gesundheit-umwelt\/gesundheitsvorsorge\/affenpocken\/\">https:\/\/www.rhein-pfalz-kreis.de\/gesundheit-umwelt\/gesundheitsvorsorge\/affenpocken\/<\/a> erh\u00e4ltlich.<\/p>\n\n\n\n<p><em>Kreisverwaltung Rhein-Pfalz-Kreis<br>27.07.2022<\/em><\/p>\n\n\n\n<h2 class=\"has-text-align-center wp-block-heading\">Diakonissen Speyer<\/h2>\n\n\n<div class=\"wp-block-image\">\n<figure class=\"aligncenter size-full\"><img decoding=\"async\" loading=\"lazy\" width=\"330\" height=\"229\" src=\"https:\/\/speyer24news.com\/wp-content\/uploads\/2020\/03\/Diakonissen-Logo.png\" alt=\"\" class=\"wp-image-25899\" srcset=\"https:\/\/speyer24news.com\/wp-content\/uploads\/2020\/03\/Diakonissen-Logo.png 330w, https:\/\/speyer24news.com\/wp-content\/uploads\/2020\/03\/Diakonissen-Logo-300x208.png 300w\" sizes=\"(max-width: 330px) 100vw, 330px\" \/><\/figure><\/div>\n\n\n<h2 class=\"wp-block-heading\">Vorbereitungskurs f\u00fcr Hospizbegleiter:innen im Hospiz im Wilhelminenstift<\/h2>\n\n\n<div class=\"wp-block-image\">\n<figure class=\"aligncenter size-full\"><img decoding=\"async\" loading=\"lazy\" width=\"800\" height=\"575\" src=\"https:\/\/speyer24news.com\/wp-content\/uploads\/2022\/08\/20220727_Vorbereitungskurs-Hospizbegleiter-im-Hospiz-im-Wilhelminenstift.jpg\" alt=\"\" class=\"wp-image-48649\" srcset=\"https:\/\/speyer24news.com\/wp-content\/uploads\/2022\/08\/20220727_Vorbereitungskurs-Hospizbegleiter-im-Hospiz-im-Wilhelminenstift.jpg 800w, https:\/\/speyer24news.com\/wp-content\/uploads\/2022\/08\/20220727_Vorbereitungskurs-Hospizbegleiter-im-Hospiz-im-Wilhelminenstift-300x216.jpg 300w, https:\/\/speyer24news.com\/wp-content\/uploads\/2022\/08\/20220727_Vorbereitungskurs-Hospizbegleiter-im-Hospiz-im-Wilhelminenstift-768x552.jpg 768w\" sizes=\"(max-width: 800px) 100vw, 800px\" \/><figcaption>Vorbereitungskurs f\u00fcr Hospizbegleiter:innen im Hospiz im Wilhelminenstift &#8211; Anmeldungen sind bis 9.9.2022 m\u00f6glich<br><em>Foto: Diakonissen Speyer \u00a9 Melanie Hubach<\/em><\/figcaption><\/figure><\/div>\n\n\n<p><strong>F\u00fcr Menschen, die sich im Hospiz im Wilhelminenstift ehrenamtlich engagieren m\u00f6chten, bietet die Einrichtung ab September 2022 einen Vorbereitungskurs an. Caroline Byrt, Koordinatorin der Ehrenamtlichen im Hospiz, leitet den sechsmonatigen Kurs und f\u00fchrt die Teilnehmer:innen in den Umgang mit sterbenden Menschen und ihren Angeh\u00f6rigen ein.<\/strong><\/p>\n\n\n\n<p>Ehrenamtliche Mitarbeitende sind eine wichtige S\u00e4ule in der Hospizarbeit. Sie helfen mit, die individuellen Bed\u00fcrfnisse der Hospizg\u00e4ste und ihrer Angeh\u00f6rigen zu erf\u00fcllen, schenken Ruhe und Zeit, f\u00fchren Gespr\u00e4che und halten Verzweiflung und Angst mit aus. \u201eHospizbegleiter:in kann jede und jeder werden, die oder der sich f\u00fcr Fragen am Ende unseres Lebens interessiert und eine Haltung mittragen m\u00f6chte, in der Sterben, Tod und Trauer als Themen des Lebens vermittelt werden\u201c, erl\u00e4utert Caroline Byrt.<\/p>\n\n\n\n<p>Der Vorbereitungskurs entspricht den Richtlinien des Deutschen Hospiz- und PalliativVerbands (DHPV) und umfasst 105 Unterrichtsstunden, inklusive 15 Stunden Praktikum im Hospiz im Wilhelminenstift Speyer. Neben der Auseinandersetzung mit der eigenen Biografie umfasst der Kurs u.a. Themen wie Hospizkonzept und Hospizbewegung, Umgang mit sterbenden Menschen und ihren Angeh\u00f6rigen, ethische Aspekte am Lebensende sowie Trauer.<\/p>\n\n\n\n<p>Zeitrahmen: Zehn Samstage (9\u201316.30 Uhr) im Zeitraum zwischen 17.9.2022 und 22.4.2023, sowie ein Praktikum zwischen Dezember und M\u00e4rz. Der Kurs ist f\u00fcr Teilnehmende kostenlos!<\/p>\n\n\n\n<p>Anmeldungen sind bis 9.9.2022 m\u00f6glich bei Caroline Byrt unter Telefon 06232 22-1691,\u00a0<a href=\"mailto:caroline.byrt@diakonissen.de\" target=\"_blank\" rel=\"noreferrer noopener\">caroline.byrt@diakonissen.de<\/a>\u00a0oder online \u00fcber\u00a0<a href=\"https:\/\/deref-web.de\/mail\/client\/wQ_SZu2SWy0\/dereferrer\/?redirectUrl=http%3A%2F%2Fwww.diakonissen.de%2Fausbildung-karriere%2Ffort-und-weiterbildung%2Fbildungszentrum-im-mutterhaus%2F\" target=\"_blank\" rel=\"noreferrer noopener\">www.diakonissen.de\/ausbildung-karriere\/fort-und-weiterbildung\/bildungszentrum-im-mutterhaus\/<\/a><\/p>\n\n\n\n<p><em>Text: Diakonissen Speyer Foto: Diakonissen Speyer \u00a9 Melanie Hubach<br>27.07.2022<\/em><\/p>\n\n\n\n<h2 class=\"has-text-align-center wp-block-heading\">Barmer<\/h2>\n\n\n<div class=\"wp-block-image\">\n<figure class=\"aligncenter size-full\"><img decoding=\"async\" loading=\"lazy\" width=\"600\" height=\"267\" src=\"https:\/\/speyer24news.com\/wp-content\/uploads\/2020\/01\/barmer.jpg\" alt=\"\" class=\"wp-image-24761\" srcset=\"https:\/\/speyer24news.com\/wp-content\/uploads\/2020\/01\/barmer.jpg 600w, https:\/\/speyer24news.com\/wp-content\/uploads\/2020\/01\/barmer-300x134.jpg 300w\" sizes=\"(max-width: 600px) 100vw, 600px\" \/><\/figure><\/div>\n\n\n<h2 class=\"wp-block-heading\">Besch\u00e4ftigte meist wegen Psyche krankgeschrieben<\/h2>\n\n\n<div class=\"wp-block-image\">\n<figure class=\"aligncenter size-full\"><img decoding=\"async\" loading=\"lazy\" width=\"800\" height=\"595\" src=\"https:\/\/speyer24news.com\/wp-content\/uploads\/2022\/08\/Erkaeltung-Krank-Gesundheit.jpg\" alt=\"\" class=\"wp-image-48650\" srcset=\"https:\/\/speyer24news.com\/wp-content\/uploads\/2022\/08\/Erkaeltung-Krank-Gesundheit.jpg 800w, https:\/\/speyer24news.com\/wp-content\/uploads\/2022\/08\/Erkaeltung-Krank-Gesundheit-300x223.jpg 300w, https:\/\/speyer24news.com\/wp-content\/uploads\/2022\/08\/Erkaeltung-Krank-Gesundheit-768x571.jpg 768w, https:\/\/speyer24news.com\/wp-content\/uploads\/2022\/08\/Erkaeltung-Krank-Gesundheit-80x60.jpg 80w\" sizes=\"(max-width: 800px) 100vw, 800px\" \/><\/figure><\/div>\n\n\n<p><strong>Speyer \u2013 <\/strong>Die Besch\u00e4ftigten in Speyer waren im Jahr 2021 \u00f6fter krankgeschrieben als im Landesdurchschnitt. Das geht aus repr\u00e4sentativen Daten der BARMER hervor. F\u00fcr ihre Analysen hat die gesetzliche Krankenkasse die Arbeitsunf\u00e4higkeitsmeldungen der bei ihr versicherten Erwerbspersonen aus Rheinland-Pfalz anonymisiert ausgewertet. Der Krankenstand in der Stadt lag bei 5,1 Prozent (Land und Bund: 4,8 Prozent). \u201eDas bedeutet, dass an einem durchschnittlichen Kalendertag von 1.000 Besch\u00e4ftigten 51 arbeitsunf\u00e4hig gemeldet waren\u201c, erl\u00e4utert Thorsten Tapenko, Regionalgesch\u00e4ftsf\u00fchrer der BARMER in Speyer.<\/p>\n\n\n\n<p>Auf jeden Besch\u00e4ftigten mit Wohnsitz in Speyer entfielen rechnerisch 18,7 gemeldete Arbeitsunf\u00e4higkeitstage (Land: 17,7 Tage, Bund: 17,5 Tage). Jeder Besch\u00e4ftigte in der meldete sich im Durchschnitt 1,1 Mal arbeitsunf\u00e4hig (Land und Bund: 1,1). Tapenko sagt: \u201eHauptursache f\u00fcr die Krankschreibungen in Speyer waren psychische Erkrankungen. In nur zwei der 36 rheinland-pf\u00e4lzischen Landkreise und kreisfreien St\u00e4dte wurden mehr Arbeitsunf\u00e4higkeitstage wegen seelischer Leiden gez\u00e4hlt.\u201c Im Vergleich der 403 Landkreise und kreisfreien St\u00e4dte in Deutschland nimmt Speyer Platz 13 bei den psychischen Leiden ein.<\/p>\n\n\n\n<p>Psychische Erkrankungen wie zum Beispiel Depressionen verursachten bei jedem Besch\u00e4ftigten aus Speyer 5,2 Tage von Arbeitsunf\u00e4higkeit. Es folgen Muskel-Skelett-Erkrankungen wie etwa R\u00fcckenschmerzen (3,7 Tage), Verletzungen wie B\u00e4nderrisse oder Verstauchungen (1,9 Tage) und Atemwegserkrankungen wie zum Beispiel akute Infektionen der Atemwege, Bronchitis oder Erk\u00e4ltungsschnupfen (1,8 Tage). Probleme mit dem Muskel-Skelett-System, psychische Leiden, Atemwegserkrankungen und Verletzungen waren die vier h\u00e4ufigsten Ursachen f\u00fcr Krankmeldungen in Speyer.<\/p>\n\n\n\n<p>\u201eIn Rheinland-Pfalz ist die Zahl der Fehltage im Beruf wegen seelischer Leiden auch ohne Corona seit Jahren gewachsen. Arbeitgeber sollten dieser Entwicklung mit betrieblichem Gesundheitsmanagement gegensteuern\u201c, sagt Tapenko. Arbeitgeber k\u00f6nnten R\u00fcckenleiden ihrer Besch\u00e4ftigten vorbeugen, indem sie unter anderem die Ausstattung des Arbeitsplatzes auf die K\u00f6rpergr\u00f6\u00dfe abstimmen w\u00fcrden. Wichtig seien auch h\u00e4ufige Haltungs- und Belastungswechsel am Arbeitsplatz.<\/p>\n\n\n\n<p><em>BARMER Landesvertretung Rheinl.-Pfalz\/Saarland<br>27.07.2022<\/em><\/p>\n","protected":false},"excerpt":{"rendered":"<div class=\"mh-excerpt\"><p>Rhein-Pfalz-Kreis Erste best\u00e4tigte F\u00e4lle von Affenpocken im Rhein-Pfalz-Kreis Das Gesundheitsamt des Rhein-Pfalz-Kreises informiert, dass es im Rhein-Pfalz-Kreis inzwischen zwei best\u00e4tigte F\u00e4lle von Affenpocken gibt. Die F\u00e4lle stehen in keinem Zusammenhang. Die betroffenen Personen befinden sich <a class=\"mh-excerpt-more\" href=\"https:\/\/speyer24news.com\/?p=48648\" title=\"Gesundheit\">[&#8230;]<\/a><\/p>\n<\/div>","protected":false},"author":3,"featured_media":26330,"comment_status":"open","ping_status":"open","sticky":false,"template":"","format":"standard","meta":{"_monsterinsights_skip_tracking":false,"_monsterinsights_sitenote_active":false,"_monsterinsights_sitenote_note":"","_monsterinsights_sitenote_category":0,"footnotes":""},"categories":[5462],"tags":[15235,15238,15236,15239,15237,5646,15244,1189,5100,15233,15234,5657,15240,15242,15243,15241,15245,427,1565,6,10346],"aioseo_notices":[],"amp_enabled":true,"_links":{"self":[{"href":"https:\/\/speyer24news.com\/index.php?rest_route=\/wp\/v2\/posts\/48648"}],"collection":[{"href":"https:\/\/speyer24news.com\/index.php?rest_route=\/wp\/v2\/posts"}],"about":[{"href":"https:\/\/speyer24news.com\/index.php?rest_route=\/wp\/v2\/types\/post"}],"author":[{"embeddable":true,"href":"https:\/\/speyer24news.com\/index.php?rest_route=\/wp\/v2\/users\/3"}],"replies":[{"embeddable":true,"href":"https:\/\/speyer24news.com\/index.php?rest_route=%2Fwp%2Fv2%2Fcomments&post=48648"}],"version-history":[{"count":1,"href":"https:\/\/speyer24news.com\/index.php?rest_route=\/wp\/v2\/posts\/48648\/revisions"}],"predecessor-version":[{"id":48656,"href":"https:\/\/speyer24news.com\/index.php?rest_route=\/wp\/v2\/posts\/48648\/revisions\/48656"}],"wp:featuredmedia":[{"embeddable":true,"href":"https:\/\/speyer24news.com\/index.php?rest_route=\/wp\/v2\/media\/26330"}],"wp:attachment":[{"href":"https:\/\/speyer24news.com\/index.php?rest_route=%2Fwp%2Fv2%2Fmedia&parent=48648"}],"wp:term":[{"taxonomy":"category","embeddable":true,"href":"https:\/\/speyer24news.com\/index.php?rest_route=%2Fwp%2Fv2%2Fcategories&post=48648"},{"taxonomy":"post_tag","embeddable":true,"href":"https:\/\/speyer24news.com\/index.php?rest_route=%2Fwp%2Fv2%2Ftags&post=48648"}],"curies":[{"name":"wp","href":"https:\/\/api.w.org\/{rel}","templated":true}]}}