{"id":48678,"date":"2022-08-22T18:43:44","date_gmt":"2022-08-22T17:43:44","guid":{"rendered":"https:\/\/speyer24news.com\/?p=48678"},"modified":"2022-08-22T18:43:45","modified_gmt":"2022-08-22T17:43:45","slug":"veranstaltungen-speyer-2","status":"publish","type":"post","link":"https:\/\/speyer24news.com\/?p=48678","title":{"rendered":"Veranstaltungen \/ Speyer"},"content":{"rendered":"<style type=\"text\/css\">\r\n\t.ads_top_disp{}\r\n\t.ads_top_corner_disp{ float:left; margin:0px 10px 10px 0px; }\r\n\t.ads_first_p_disp{}\r\n\t.ads_bottom_disp{}\r\n\t<\/style>\n<h2 class=\"wp-block-heading\">Letztes Picknickkonzert der Saison mit dem \u201eSandie Wollasch und Matthias Hautsch Duo\u201c im Adenauerpark<\/h2>\n\n\n<div class=\"wp-block-image\">\n<figure class=\"aligncenter size-full\"><img decoding=\"async\" loading=\"lazy\" width=\"600\" height=\"620\" src=\"https:\/\/speyer24news.com\/wp-content\/uploads\/2022\/08\/Sandie-Wollasch-Matthias-Hautsch-Duo-\u00a9-Karlheinz-Goder.jpeg\" alt=\"\" class=\"wp-image-48679\" srcset=\"https:\/\/speyer24news.com\/wp-content\/uploads\/2022\/08\/Sandie-Wollasch-Matthias-Hautsch-Duo-\u00a9-Karlheinz-Goder.jpeg 600w, https:\/\/speyer24news.com\/wp-content\/uploads\/2022\/08\/Sandie-Wollasch-Matthias-Hautsch-Duo-\u00a9-Karlheinz-Goder-290x300.jpeg 290w\" sizes=\"(max-width: 600px) 100vw, 600px\" \/><figcaption>Sandie Wollasch &amp; Matthias Hautsch Duo <br><em><em>Foto:<\/em><\/em> <em>\u00a9 Karlheinz Goder<\/em><\/figcaption><\/figure><\/div>\n\n\n<p>Zum letzten Picknick-Konzert der Saison l\u00e4dt die Stadt Speyer&nbsp;<strong>am Sonntag, 28. August 2022, 11 Uhr<\/strong>&nbsp;in den Adenauer-Park Speyer ein. Das \u201eSandie Wollasch und Matthias Hautsch Duo\u201c besteht aus der Musikerin aus Karlsruhe, deren Ruf weit in die Region hinausstrahlt, und dem SWR-Jazzpreistr\u00e4ger.<\/p>\n\n\n\n<p>Eine Frau, ein Mann. Eine Stimme, eine Akustikgitarre. Sonst nichts. Wie klingt es, wenn alles aufs Wesentliche reduziert ist? Einfach wunderbar. Wunderbar einfach. S\u00e4ngerin Sandie Wollasch und Gitarrist Matthias Hautsch erg\u00e4nzen sich auf einzigartige Weise. Die eindrucksvolle Stimme von Sandie Wollasch zaubert gef\u00fchlvolle Atmosph\u00e4re. Matthias Hautsch brilliert mit facettenreichen Kl\u00e4ngen und atemberaubenden Tempi. Zu zweit und unplugged bringen die professionellen Musiker*innen selbst volumin\u00f6se Songs von gro\u00dfen Formationen auf die B\u00fchne. Speziell und ganz anders arrangierte Queen-Songs bestimmen ihr Programm \u201ededicated to freddie mercury\u201c, in dem auch eigene Songs der Beiden zu h\u00f6ren sind. Ein vielversprechendes Musikerlebnis erwartet die Zuh\u00f6rer*innen im Schatten der alten B\u00e4ume des Adenauerparks. Der Eintritt zum Konzert ist frei.<\/p>\n\n\n\n<p>Unter dem Motto \u201eumsonst &amp; drau\u00dfen\u201c l\u00e4uft zurzeit die f\u00fcnfte Saison der beliebten Speyerer Picknickkonzerte. Das Konzert am 28. August, 11 Uhr im Adenauerpark mit dem \u201eSandie Wollasch und Matthias Hautsch Duo\u201c bildet den diesj\u00e4hrigen Abschluss der Reihe.<\/p>\n\n\n\n<p><em>Text: Stadtverwaltung Speyer Foto: \u00a9 Karlheinz Goder<br>22.08.2022<\/em><\/p>\n","protected":false},"excerpt":{"rendered":"<div class=\"mh-excerpt\"><p>Letztes Picknickkonzert der Saison mit dem \u201eSandie Wollasch und Matthias Hautsch Duo\u201c im Adenauerpark Zum letzten Picknick-Konzert der Saison l\u00e4dt die Stadt Speyer&nbsp;am Sonntag, 28. August 2022, 11 Uhr&nbsp;in den Adenauer-Park Speyer ein. Das \u201eSandie <a class=\"mh-excerpt-more\" href=\"https:\/\/speyer24news.com\/?p=48678\" title=\"Veranstaltungen \/ Speyer\">[&#8230;]<\/a><\/p>\n<\/div>","protected":false},"author":3,"featured_media":25668,"comment_status":"open","ping_status":"open","sticky":false,"template":"","format":"standard","meta":{"_monsterinsights_skip_tracking":false,"_monsterinsights_sitenote_active":false,"_monsterinsights_sitenote_note":"","_monsterinsights_sitenote_category":0,"footnotes":""},"categories":[9,13],"tags":[15259,577,2200,1427,14905,6,1993,11824],"aioseo_notices":[],"amp_enabled":true,"_links":{"self":[{"href":"https:\/\/speyer24news.com\/index.php?rest_route=\/wp\/v2\/posts\/48678"}],"collection":[{"href":"https:\/\/speyer24news.com\/index.php?rest_route=\/wp\/v2\/posts"}],"about":[{"href":"https:\/\/speyer24news.com\/index.php?rest_route=\/wp\/v2\/types\/post"}],"author":[{"embeddable":true,"href":"https:\/\/speyer24news.com\/index.php?rest_route=\/wp\/v2\/users\/3"}],"replies":[{"embeddable":true,"href":"https:\/\/speyer24news.com\/index.php?rest_route=%2Fwp%2Fv2%2Fcomments&post=48678"}],"version-history":[{"count":1,"href":"https:\/\/speyer24news.com\/index.php?rest_route=\/wp\/v2\/posts\/48678\/revisions"}],"predecessor-version":[{"id":48680,"href":"https:\/\/speyer24news.com\/index.php?rest_route=\/wp\/v2\/posts\/48678\/revisions\/48680"}],"wp:featuredmedia":[{"embeddable":true,"href":"https:\/\/speyer24news.com\/index.php?rest_route=\/wp\/v2\/media\/25668"}],"wp:attachment":[{"href":"https:\/\/speyer24news.com\/index.php?rest_route=%2Fwp%2Fv2%2Fmedia&parent=48678"}],"wp:term":[{"taxonomy":"category","embeddable":true,"href":"https:\/\/speyer24news.com\/index.php?rest_route=%2Fwp%2Fv2%2Fcategories&post=48678"},{"taxonomy":"post_tag","embeddable":true,"href":"https:\/\/speyer24news.com\/index.php?rest_route=%2Fwp%2Fv2%2Ftags&post=48678"}],"curies":[{"name":"wp","href":"https:\/\/api.w.org\/{rel}","templated":true}]}}