{"id":48682,"date":"2022-08-23T07:02:33","date_gmt":"2022-08-23T06:02:33","guid":{"rendered":"https:\/\/speyer24news.com\/?p=48682"},"modified":"2022-08-23T07:02:35","modified_gmt":"2022-08-23T06:02:35","slug":"polizeimeldungen-montag-22-08-2022","status":"publish","type":"post","link":"https:\/\/speyer24news.com\/?p=48682","title":{"rendered":"Polizeimeldungen Montag (22.08.2022)"},"content":{"rendered":"<style type=\"text\/css\">\r\n\t.ads_top_disp{}\r\n\t.ads_top_corner_disp{ float:left; margin:0px 10px 10px 0px; }\r\n\t.ads_first_p_disp{}\r\n\t.ads_bottom_disp{}\r\n\t<\/style>\n<h2 class=\"wp-block-heading\">Polizeimeldungen vom Montag (22.08.2022)<\/h2>\n\n\n<div class=\"wp-block-image\">\n<figure class=\"aligncenter size-full\"><img decoding=\"async\" loading=\"lazy\" width=\"375\" height=\"500\" src=\"https:\/\/speyer24news.com\/wp-content\/uploads\/2022\/03\/Aktuelles-Polizeilogo.jpg\" alt=\"\" class=\"wp-image-43591\" srcset=\"https:\/\/speyer24news.com\/wp-content\/uploads\/2022\/03\/Aktuelles-Polizeilogo.jpg 375w, https:\/\/speyer24news.com\/wp-content\/uploads\/2022\/03\/Aktuelles-Polizeilogo-225x300.jpg 225w\" sizes=\"(max-width: 375px) 100vw, 375px\" \/><\/figure><\/div>\n\n\n<h2 class=\"wp-block-heading\">(Speyer) &#8211; Waldbrand \/ Zeugen gesucht<\/h2>\n\n\n<div class=\"wp-block-image\">\n<figure class=\"aligncenter size-full\"><img decoding=\"async\" loading=\"lazy\" width=\"801\" height=\"600\" src=\"https:\/\/speyer24news.com\/wp-content\/uploads\/2020\/05\/Zeugen-gesucht-Neutral.jpg\" alt=\"\" class=\"wp-image-26598\" srcset=\"https:\/\/speyer24news.com\/wp-content\/uploads\/2020\/05\/Zeugen-gesucht-Neutral.jpg 801w, https:\/\/speyer24news.com\/wp-content\/uploads\/2020\/05\/Zeugen-gesucht-Neutral-300x225.jpg 300w, https:\/\/speyer24news.com\/wp-content\/uploads\/2020\/05\/Zeugen-gesucht-Neutral-768x575.jpg 768w, https:\/\/speyer24news.com\/wp-content\/uploads\/2020\/05\/Zeugen-gesucht-Neutral-678x509.jpg 678w, https:\/\/speyer24news.com\/wp-content\/uploads\/2020\/05\/Zeugen-gesucht-Neutral-326x245.jpg 326w, https:\/\/speyer24news.com\/wp-content\/uploads\/2020\/05\/Zeugen-gesucht-Neutral-80x60.jpg 80w\" sizes=\"(max-width: 801px) 100vw, 801px\" \/><\/figure><\/div>\n\n\n<p>Am Samstagnachmittag (20.08.2022), gegen 17:30 Uhr, brannte ein rund 600 qm gro\u00dfes Waldst\u00fcck zwischen der B9 und dem Meisenweg. Zeugen hatten kurz nach dem Brandausbruch zwei Kinder und einen Mann am Brandort gesehen. Die Kinder riefen kurz nach dem Brandausbruch noch um Hilfe, waren aber beim Eintreffen der Feuerwehr und Polizei nicht mehr vor Ort. Die Kinder und der Mann konnten bei einer Suche nicht mehr angetroffen werden. Ob die Kinder etwas mit dem Brandausbruch zu tun haben, ist derzeit noch unklar. Vor Ort stellten die Beamten ein Feuerzeug und eine Bauchtasche sicher.<\/p>\n\n\n\n<h3 class=\"wp-block-heading\">Die Personen werden wie folgt beschrieben:<\/h3>\n\n\n\n<h4 class=\"wp-block-heading\">Kinder:<\/h4>\n\n\n\n<ul><li><strong>\u00e4hnliches Aussehen<\/strong><\/li><li><strong>ca. 1,30 m bis 1,50 m gro\u00df<\/strong><\/li><li><strong>ca. 8 &#8211; 10 Jahre<\/strong><\/li><li><strong>kurze dunkelblonde Haare<\/strong><\/li><li><strong>sie trugen kurze Hosen und dunkle T-Shirts<\/strong><\/li><\/ul>\n\n\n\n<h4 class=\"wp-block-heading\">Mann:<\/h4>\n\n\n\n<ul><li><strong>ca. 30 Jahre<\/strong><\/li><li><strong>sportliche Statur<\/strong><\/li><li><strong>ca. 1,75 m gro\u00df<\/strong><\/li><li><strong>-Er trug dunkle Kleidung, ein kurzes T-Shirt, eine lange Hose und eine dunkelblaue Kappe<\/strong><\/li><\/ul>\n\n\n\n<p>Die Kriminalpolizei hat die Ermittlungen aufgenommen. Wer hat die Kinder und\/oder den Mann in der N\u00e4he des Waldes am Meisenweg gesehen?<\/p>\n\n\n\n<p>Zeugen werden gebeten, sich mit der Polizeiinspektion Speyer unter 06232 137-0 oder\u00a0<a href=\"mailto:pispeyer@polizei.rlp.de\">pispeyer@polizei.rlp.de<\/a>\u00a0in Verbindung zu setzen.<\/p>\n\n\n\n<h2 class=\"wp-block-heading\">(Schifferstadt) &#8211; PKW-Fahrer ohne Fahrerlaubnis unterwegs<a href=\"https:\/\/www.facebook.com\/sharer.php?u=https%3A%2F%2Fwww.presseportal.de%2Fblaulicht%2Fpm%2F117688%2F5302242%2F%3Futm_source%3Dfacebook%26utm_medium%3Dsocial\"><\/a><a href=\"https:\/\/twitter.com\/intent\/tweet?text=POL-PDLU%3A%20PKW-Fahrer%20ohne%20Fahrerlaubnis%20unterwegs&amp;url=https%3A%2F%2Fwww.presseportal.de%2Fblaulicht%2Fpm%2F117688%2F5302242%2F%3Futm_source%3Dtwitter%26utm_medium%3Dsocial&amp;hashtags=ots&amp;lang=de\"><\/a><a href=\"https:\/\/web.whatsapp.com\/send?text=POL-PDLU%3A%20PKW-Fahrer%20ohne%20Fahrerlaubnis%20unterwegs%0A%0Ahttps%3A%2F%2Fwww.presseportal.de%2Fblaulicht%2Fpm%2F117688%2F5302242%2F%3Futm_source%3Dwhatsapp%26utm_medium%3Dsocial\"><\/a><a href=\"https:\/\/www.xing.com\/app\/user?op=share;url=https%3A%2F%2Fwww.presseportal.de%2Fblaulicht%2Fpm%2F117688%2F5302242%2F%3Futm_source%3Dxing%26utm_medium%3Dsocial\"><\/a><a href=\"http:\/\/www.linkedin.com\/shareArticle?mini=true&amp;url=https%3A%2F%2Fwww.presseportal.de%2Fblaulicht%2Fpm%2F117688%2F5302242%2F%3Futm_source%3Dlinkedin%26utm_medium%3Dsocial&amp;title=POL-PDLU%3A+PKW-Fahrer+ohne+Fahrerlaubnis+unterwegs\"><\/a><a href=\"mailto:?subject=POL-PDLU%3A%20PKW-Fahrer%20ohne%20Fahrerlaubnis%20unterwegs&amp;body=https:\/\/www.presseportal.de\/blaulicht\/pm\/117688\/5302242\"><\/a><\/h2>\n\n\n\n<p>Am 21.08.2022, gegen 23:55 Uhr, wurde ein 24-j\u00e4hriger PKW-Fahrer in der Bahnhofstra\u00dfe einer Kontrolle unterzogen. Der Fahrer (polnischer Staatsb\u00fcrger) gab an, dass sich sein F\u00fchrerschein in Polen befinden w\u00fcrde. Eine F\u00fchrerscheinabfrage ergab jedoch, dass der 24-J\u00e4hrige nicht im Besitz einer g\u00fcltigen Fahrerlaubnis ist. Die Weiterfahrt wurde untersagt und der Fahrzeugschl\u00fcssel an einen Berechtigten \u00fcbergeben. Gegen den Mann wird wegen des Fahrens ohne Fahrerlaubnis, gegen die Halterin bez\u00fcglich des Zulassens des Fahrens ohne Fahrerlaubnis ermittelt. Eine Sicherheitsleistung wurde erhoben.<\/p>\n\n\n\n<h2 class=\"wp-block-heading\">(Gommersheim) &#8211; Einbruch in Einfamilienhaus<\/h2>\n\n\n\n<p>Die Polizei Edenkoben sucht Zeugen, die Hinweise zu einem Einbruch in ein Wohnanwesen in der Sch\u00e4nzelstra\u00dfe am vergangenen Freitag (19.08.2022, zwischen 09.30 Uhr und 14.30 Uhr) geben k\u00f6nnen. Dabei schlugen Unbekannte ein Wohnzimmerfenster ein und gelangte in das Einfamilienhaus. Anschlie\u00dfend durchsuchten sie die R\u00e4umlichkeiten und entwendeten mehrere Schmuckst\u00fccke. Von den T\u00e4tern fehlt jede Spur. Hinweise werden unter der Telefonnummer 06323 9550 erbeten.<\/p>\n\n\n\n<h2 class=\"wp-block-heading\">(Lingenfeld) &#8211; K\u00fchlfl\u00fcssigkeit liefert entscheidende Spur<\/h2>\n\n\n\n<p>Sonntagabend wurde die Polizei Germersheim \u00fcber einen Verkehrsunfall in der Germersheimer Stra\u00dfe in Lingenfeld informiert. Der Unfallverursacher fl\u00fcchtete jedoch noch vor dem Eintreffen der Polizei vom Unfallort. Dabei ahnte er nicht, dass sein Fahrzeug K\u00fchlfl\u00fcssigkeit verlor und die Beamten schnell zu ihm f\u00fchrte. In der Hauptstra\u00dfe in Schwegenheim konnten der gefl\u00fcchtete 49-j\u00e4hrige Autofahrer und sein besch\u00e4digtes Fahrzeug festgestellt werden. Der Grund f\u00fcr seinen Fluchtversuch war auch schnell ermittelt. Er war sichtlich alkoholisiert, weshalb ihm eine Blutprobe entnommen und ein Strafverfahren eingeleitet wurde.<\/p>\n\n\n\n<h2 class=\"wp-block-heading\">(B9 \/ Germersheim-Nord FR Speyer) -Verkehrsunfall mit schwerverletztem Motorradfahrer<\/h2>\n\n\n\n<p>Zu einem Verkehrsunfall mit einem schwerverletzten Motorradfahrer kam es am sp\u00e4ten Montagabend gegen 20 Uhr auf der Bundesstra\u00dfe 9 in Richtung Speyer. Nach bisherigen Erkenntnissen verlor ein 41 Jahre alter Mann aus dem Raum Karlsruhe aus bislang unbekannter Ursache die Kontrolle \u00fcber sein Kraftrad, geriet ohne Zutun Dritter in die Mitteilleitplanke und kam anschlie\u00dfend zu Fall. F\u00fcr die medizinische Versorgung musste die Bundesstra\u00dfe 9 zwischen Germersheim-S\u00fcd und Germersheim-Nord voll gesperrt werden. Ein Rettungshubschrauber war im Einsatz. Da durch die Staatsanwaltschaft Landau die Durchf\u00fchrung eines Gutachtens angeordnet wurde, muss die Bundesstra\u00dfe im genannten Abschnitt bis auf Weiteres auf unbestimmte Zeit gesperrt bleiben.<\/p>\n\n\n\n<h2 class=\"wp-block-heading\">(Germersheim) &#8211; Eine verletzte Person und 90.000 Euro Schaden<\/h2>\n\n\n\n<p>Am Abend des 21.08.2022 ereignete sich auf der Bundesstra\u00dfe 9 auf H\u00f6he der Ausfahrt Germersheim S\u00fcd ein Verkehrsunfall. Zwei Autofahrer kollidierten miteinander und verloren die Kontrolle \u00fcber ihr jeweiliges Fahrzeug. Die Fahrbahn musste w\u00e4hrend der Unfallaufnahme und f\u00fcr die Bergung der Fahrzeuge mehrere Stunden in Richtung Norden gesperrt werden. Bei dem Verkehrsunfall wurde eine Person leicht verletzt, der Schaden bel\u00e4uft sich auf etwa 90.000 Euro. W\u00e4hrend der Unfallaufnahme stellten die Beamten bei einem 39-j\u00e4hrigen Unfallbeteiligten Atemalkoholgeruch fest. Ein Test vor Ort ergab 1,31 Promille, weshalb ihm eine Blutprobe entnommen wurde. Der genaue Unfallhergang ist bislang noch nicht gekl\u00e4rt. Zeugen, die den Verkehrsunfall beobachtet haben, werden gebeten, die Polizei unter der Telefonnummer 07274-9580 oder per Mail an\u00a0<a href=\"mailto:pigermersheim@polizei.rlp.de\">pigermersheim@polizei.rlp.de<\/a>\u00a0zu kontaktieren.<\/p>\n\n\n\n<h2 class=\"wp-block-heading\">(Oberotterbach) &#8211; Geburtstagsfreude getr\u00fcbt<\/h2>\n\n\n\n<p>Am 21.08.2022, um 10:35 Uhr, wurde in der Weinstra\u00dfe der Fahrer eines E-Rollers einer Verkehrskontrolle unterzogen. Bei dem Fahrzeugf\u00fchrer wurde deutlicher Atemalkoholgeruch festgestellt. Zudem zeigt er auch drogentypische Auffallerscheinungen. Der Alkoholtest ergab einen Wert von fast 1,9 Promille. Anschlie\u00dfend wurde dem 22-j\u00e4hrigen Fahrer an seinem Geburtstag eine Blutprobe entnommen. Die Geburtstagsfreude d\u00fcrfte dadurch etwas getr\u00fcbt worden sein.<\/p>\n\n\n\n<h2 class=\"wp-block-heading\">(Silz) &#8211; Einbr\u00fcche<\/h2>\n\n\n\n<p>In der Nacht von 21.\/22.08.2022, wurde in der Hauptstra\u00dfe in eine Werkstatt eingebrochen. Die T\u00e4ter stiegen \u00fcber einen Zaun auf das Werkstattgel\u00e4nde und brachen in das Werkstattgeb\u00e4ude ein. Im Geb\u00e4ude wurden mehrere verschlossene T\u00fcren aufgebrochen und die R\u00e4umlichkeiten durchsucht. Das Diebesgut ist bislang noch nicht genau bekannt. Der angerichtete Sachschaden wird auf 5000.- Euro beziffert. In der unmittelbaren Nachbarschaft verschafften sich in der gleichen Nacht bislang noch unbekannte T\u00e4ter Zugang in ein Wohnanwesen. Es wurden jedoch keine Gegenst\u00e4nde entwendet. Durch den Einbruch entstand ein Sachschaden 1000.- Euro. In beiden F\u00e4llen werden Zeugen gebeten Hinweise, welche im Bereich der Hauptstra\u00dfe 3-7 gemacht wurden, der Polizeiinspektion Bad Bergzabern unter 06343\/93340 oder\u00a0<a href=\"mailto:pibadbergzabern@polizei.rlp.de\">pibadbergzabern@polizei.rlp.de<\/a>\u00a0zu melden.<\/p>\n\n\n\n<h2 class=\"wp-block-heading\">(A 65 \/ B 10) &#8211; Alkoholisiert \u00fcber die Autobahn<\/h2>\n\n\n\n<p>Am vergangenen Samstag (20.08.2022, 15 Uhr) meldeten Verkehrsteilnehmer einen gr\u00fcnen LKW, der auf der A 65 (aus Karlsruhe kommend) in Richtung B10 nach Annweiler unterwegs war. Dabei kam es zu mehreren Gefahrensituationen, weil der Fahrer wiederholt auf die Gegenfahrbahn geriet bzw. mehrmals nach rechts von der Fahrbahn abkam. Der Grund f\u00fcr die Fahrweise konnte bei der anschlie\u00dfenden Kontrolle gekl\u00e4rt werden. Aufgrund einer intensiven Alkoholfahne wurde der Fahrer zum Test gebeten. Dieser ergab 1,6 Promille, weshalb er eine Blutprobe abgeben musste. Ein Strafverfahren wurde eingeleitet. Verkehrsteilnehmer, die durch das Fahrverhalten des 59-J\u00e4hrigen gef\u00e4hrdet wurden, werden gebeten, sich unter der Telefonnummer 06323 9550 an die Polizei Edenkoben zu wenden.<\/p>\n\n\n\n<h2 class=\"wp-block-heading\">(Burrweiler) &#8211; Motorradfahrer \u00fcbersieht vorausfahrenden Biker<\/h2>\n\n\n<div class=\"wp-block-image\">\n<figure class=\"aligncenter size-full\"><img decoding=\"async\" loading=\"lazy\" width=\"800\" height=\"519\" src=\"https:\/\/speyer24news.com\/wp-content\/uploads\/2022\/08\/MotorradunfallBurrweiler.JPG.jpg\" alt=\"\" class=\"wp-image-48683\" srcset=\"https:\/\/speyer24news.com\/wp-content\/uploads\/2022\/08\/MotorradunfallBurrweiler.JPG.jpg 800w, https:\/\/speyer24news.com\/wp-content\/uploads\/2022\/08\/MotorradunfallBurrweiler.JPG-300x195.jpg 300w, https:\/\/speyer24news.com\/wp-content\/uploads\/2022\/08\/MotorradunfallBurrweiler.JPG-768x498.jpg 768w\" sizes=\"(max-width: 800px) 100vw, 800px\" \/><\/figure><\/div>\n\n\n<p>Zu einem Verkehrsunfall zwischen zwei Motorradfahrern kam es am Sonntag (21.08.2022) um 12 Uhr auf der Landstra\u00dfe 507 bei Burrweiler. Ein 65 Jahre alter Biker wollte an der Abzweigung zur K 59 nach links in Richtung Hainfeld abbiegen. Ein 61-j\u00e4hriger Motorradfahrer erkannte die Situation zu sp\u00e4t und kollidierte trotz einer Gefahrenbremsung mit dem abbremsenden Zweirad. Der 65-j\u00e4hrige Fahrer st\u00fcrzte auf die Fahrbahn, blieb aber unverletzt. An beiden Motorr\u00e4dern entstand Sachschaden. Der Gesamtschaden liegt bei \u00fcber 2000 Euro.<\/p>\n\n\n\n<h2 class=\"wp-block-heading\">(Rhodt) &#8211; Nach Verkehrsunfall gefl\u00fcchtet<a href=\"https:\/\/www.facebook.com\/sharer.php?u=https%3A%2F%2Fwww.presseportal.de%2Fblaulicht%2Fpm%2F117686%2F5302877%2F%3Futm_source%3Dfacebook%26utm_medium%3Dsocial\"><\/a><a href=\"https:\/\/twitter.com\/intent\/tweet?text=POL-PDLD%3A%20Rhodt%20-%20Nach%20Verkehrsunfall%20gefl%C3%BCchtet&amp;url=https%3A%2F%2Fwww.presseportal.de%2Fblaulicht%2Fpm%2F117686%2F5302877%2F%3Futm_source%3Dtwitter%26utm_medium%3Dsocial&amp;hashtags=ots&amp;lang=de\"><\/a><a href=\"https:\/\/web.whatsapp.com\/send?text=POL-PDLD%3A%20Rhodt%20-%20Nach%20Verkehrsunfall%20gefl%C3%BCchtet%0A%0Ahttps%3A%2F%2Fwww.presseportal.de%2Fblaulicht%2Fpm%2F117686%2F5302877%2F%3Futm_source%3Dwhatsapp%26utm_medium%3Dsocial\"><\/a><a href=\"https:\/\/www.xing.com\/app\/user?op=share;url=https%3A%2F%2Fwww.presseportal.de%2Fblaulicht%2Fpm%2F117686%2F5302877%2F%3Futm_source%3Dxing%26utm_medium%3Dsocial\"><\/a><a href=\"http:\/\/www.linkedin.com\/shareArticle?mini=true&amp;url=https%3A%2F%2Fwww.presseportal.de%2Fblaulicht%2Fpm%2F117686%2F5302877%2F%3Futm_source%3Dlinkedin%26utm_medium%3Dsocial&amp;title=POL-PDLD%3A+Rhodt+-+Nach+Verkehrsunfall+gefl%C3%BCchtet\"><\/a><a href=\"mailto:?subject=POL-PDLD%3A%20Rhodt%20-%20Nach%20Verkehrsunfall%20gefl%C3%BCchtet&amp;body=https:\/\/www.presseportal.de\/blaulicht\/pm\/117686\/5302877\"><\/a><\/h2>\n\n\n\n<p>Ein bislang unbekannter Verkehrsteilnehmer besch\u00e4digte am Montagnachmittag, den 22.08.2022, im Zeitraum zwischen 16:00 und 18:00 Uhr einen PKW in der Weinstra\u00dfe in Rhodt. Dort streifte der Verursacher den ordnungsgem\u00e4\u00df gegen\u00fcber eines Eiscaf\u00e9s geparkten braunfarbenen Hyundai der Gesch\u00e4digten und fl\u00fcchtete im Anschluss von der Unfallstelle. Zeugen des Vorfalls werden gebeten, sich unter der Telefonnummer 06323 9550 oder per Mail (piedenkoben@polizei.rlp.de) an die Polizei Edenkoben zu wenden.<\/p>\n\n\n\n<h2 class=\"wp-block-heading\">(Edenkoben) &#8211; Motorradfahrer kommt von Fahrbahn ab<\/h2>\n\n\n<div class=\"wp-block-image\">\n<figure class=\"aligncenter size-full\"><img decoding=\"async\" loading=\"lazy\" width=\"800\" height=\"600\" src=\"https:\/\/speyer24news.com\/wp-content\/uploads\/2022\/08\/Motorrad.jpeg.jpg\" alt=\"\" class=\"wp-image-48684\" srcset=\"https:\/\/speyer24news.com\/wp-content\/uploads\/2022\/08\/Motorrad.jpeg.jpg 800w, https:\/\/speyer24news.com\/wp-content\/uploads\/2022\/08\/Motorrad.jpeg-300x225.jpg 300w, https:\/\/speyer24news.com\/wp-content\/uploads\/2022\/08\/Motorrad.jpeg-768x576.jpg 768w, https:\/\/speyer24news.com\/wp-content\/uploads\/2022\/08\/Motorrad.jpeg-678x509.jpg 678w, https:\/\/speyer24news.com\/wp-content\/uploads\/2022\/08\/Motorrad.jpeg-326x245.jpg 326w, https:\/\/speyer24news.com\/wp-content\/uploads\/2022\/08\/Motorrad.jpeg-80x60.jpg 80w\" sizes=\"(max-width: 800px) 100vw, 800px\" \/><\/figure><\/div>\n\n\n<p>Gl\u00fcck im Ungl\u00fcck hatte ein Motorradfahrer, der am Montagabend gegen 18:30 Uhr auf der Landstra\u00dfe zwischen Edenkoben und St. Martin verunfallte. Dort kam der 19-j\u00e4hrige vermutlich aufgrund \u00fcberh\u00f6hter Geschwindigkeit von der Fahrbahn ab und kollidierte im Anschluss mit mehreren Weinbergszeilen. Wohl auch Dank der getragenen Schutzkleidung blieb der aus der S\u00fcdpfalz stammende Fahrer unverletzt. Zeugen des Verkehrsunfalls und die Eigent\u00fcmer der besch\u00e4digten Rebst\u00f6cke werden gebeten sich unter der Telefonnummer 06323 9550 an die Polizei Edenkoben zu wenden.<\/p>\n\n\n\n<h2 class=\"wp-block-heading\">(Edenkoben) &#8211; Geldbeuteldiebstahl aus PKW<\/h2>\n\n\n\n<p>Unbekannte haben letzte Woche in den Forstwiesen aus einem unverschlossenen PKW, der in der Hofeinfahrt abgestellt war, eine Geldb\u00f6rse aus der Mittelkonsole entwendet. Mit der EC-Karte, die sich im Portemonnaie befand, wurden inzwischen 12 unberechtigte Abbuchungen get\u00e4tigt. Die Ermittlungen laufen. Die Polizei appelliert: Auch auf privatem Gel\u00e4nde muss das Fahrzeug gegen Unbefugte gesichert werden. Wertgegenst\u00e4nde sollten niemals im Fahrzeug zur\u00fcckgelassen werden.<\/p>\n\n\n\n<h2 class=\"wp-block-heading\">(Ha\u00dfloch) &#8211; Unfallflucht unter Alkoholeinfluss<\/h2>\n\n\n\n<p>Zu einem Verkehrsunfall kam es am fr\u00fchen Sonntagabend gegen 19:05 Uhr in der Ohliggasse in Ha\u00dfloch. Ein 54-j\u00e4hriger Mann aus Meckenheim verirrte sich mit seinem PKW in die dortige Baustelle\/Sackgasse. Beim R\u00fcckw\u00e4rtsfahren streifte er ein Verkehrsschild und fuhr gegen eine Hauswand. Nachdem er das Verkehrsschild wieder aufgestellt hatte, entfernte er sich unerlaubt von der Unfallstelle, nachdem er von einem Zeugen auf den Unfall angesprochen wurde. Im Rahmen der anschlie\u00dfenden Fahndung konnte der Mann zuhause angetroffen werden. Bei der Kontrolle konnte ein Atemalkoholwert von 1,77 Promille festgestellt werden. Ihm wurde eine Blutprobe entnommen und sein F\u00fchrerschein beschlagnahmt. Insgesamt entstand ein Sachschaden von ca. 1000 Euro.<\/p>\n\n\n\n<h2 class=\"wp-block-heading\">(Gr\u00fcnstadt) &#8211; Unter Drogeneinfluss Motorrad gefahren<\/h2>\n\n\n\n<p>Am 21.08.2022, 15:00 Uhr wurde in der Tiefenthaler Stra\u00dfe ein Motorradfahrer einer Verkehrskontrolle unterzogen. Bei der Kontrolle konnten drogentypische Ausfallerscheinungen festgestellt werden. Ein Drogentest verlief positiv auf Cannabis. Der 19-j\u00e4hrige gab an in der letzten Woche Cannabis konsumiert zu haben. Auf der Dienststelle wurde dem Fahrer durch eine \u00c4rztin eine Blutprobe entnommen. Die Weiterfahrt wurde untersagt und es wird bei der Staatsanwaltschaft eine Anzeige vorgelegt.<\/p>\n\n\n\n<h2 class=\"wp-block-heading\">(Bobenheim-Roxheim) &#8211; Unter Drogeneinfluss Pkw gefahren<\/h2>\n\n\n\n<p>Am 22.08.2022, gegen 02.10 Uhr, kontrollierte eine Streife hiesiger Inspektion auf der L 523, Ortsausgang Bobenheim-Roxheim in Richtung Worms, einen 43-j\u00e4hrigen Mann aus Alzey mit seinem Pkw. Im Rahmen der Kontrolle konnten bei dem Mann drogentypische Auffallerscheinungen festgestellt werden. Ein Drogentest verlief positiv auf Amfetamin. Ihm wurde eine Blutprobe entnommen, sowie ein Strafverfahren eingeleitet. Der F\u00fchrerschein und die Fahrzeugschl\u00fcssel wurden sichergestellt.<\/p>\n\n\n\n<p>Zeugen werden gebeten sich an die Polizeiinspektion Frankenthal unter der Tel.-Nr.: 06233\/313-0 oder an die Polizeiwache Maxdorf unter der Tel.-Nr.: 06237\/934-1100 zu wenden. Gerne nehmen wir Ihre Hinweise auch per E-Mail unter\u00a0<a href=\"mailto:pifrankenthal@polizei.rlp.de\">pifrankenthal@polizei.rlp.de<\/a>\u00a0entgegen.<\/p>\n\n\n\n<h2 class=\"wp-block-heading\">(Ludwigshafen) &#8211; Bet\u00e4ubungsmittelfund bei Personenkontrolle<\/h2>\n\n\n\n<p>Gegen 02:42 Uhr am Montag (22.08.2022) wurde ein 42-J\u00e4hriger in der Bgm.-Kutter-Stra\u00dfe einer Personenkontrolle unterzogen. Im Rucksack des Mannes fanden die Polizeikr\u00e4fte geringe Mengen Amphetamin, Marihuana und Cannabis. Die Bet\u00e4ubungsmittel wurden sichergestellt. Den Mann erwartet nur ein Strafverfahren wegen Besitz von Bet\u00e4ubungsmitteln.<\/p>\n\n\n\n<h2 class=\"wp-block-heading\">(Ludwigshafen) &#8211; Zigarettenautomatenaufbruch<\/h2>\n\n\n\n<p>In der Nacht von Sonntag (21.08.2022) auf Montag (22.08.2022), zwischen 00:20Uhr und 00:30 Uhr, nahmen Anwohner in der Hardenburgstra\u00dfe einen lauten Knall wahr. Bei einer Absuche im Bereich der Hardenburgstra\u00dfe konnte ein besch\u00e4digter Zigarettenautomat festgestellt werden. Dieser wurde augenscheinlich aufgesprengt. Zugriff auf den Inhalt oder das Geld im Automaten erlangten die derzeit unbekannten T\u00e4ter jedoch nicht. Sachdienliche Hinweise bitte an die Polizeiinspektion Ludwigshafen 1, Telefonnummer 0621 963-2122 oder per E-Mail\u00a0<a href=\"mailto:piludwigshafen1@polizei.rlp.de\">piludwigshafen1@polizei.rlp.de<\/a>\u00a0.<\/p>\n\n\n\n<h2 class=\"wp-block-heading\">(Ludwigshafen) &#8211; Streit endet in K\u00f6rperverletzung<\/h2>\n\n\n<div class=\"wp-block-image\">\n<figure class=\"aligncenter size-full\"><img decoding=\"async\" loading=\"lazy\" width=\"800\" height=\"600\" src=\"https:\/\/speyer24news.com\/wp-content\/uploads\/2019\/06\/Ausn\u00fcchterungszelle.jpg\" alt=\"\" class=\"wp-image-15212\" srcset=\"https:\/\/speyer24news.com\/wp-content\/uploads\/2019\/06\/Ausn\u00fcchterungszelle.jpg 800w, https:\/\/speyer24news.com\/wp-content\/uploads\/2019\/06\/Ausn\u00fcchterungszelle-300x225.jpg 300w, https:\/\/speyer24news.com\/wp-content\/uploads\/2019\/06\/Ausn\u00fcchterungszelle-768x576.jpg 768w, https:\/\/speyer24news.com\/wp-content\/uploads\/2019\/06\/Ausn\u00fcchterungszelle-678x509.jpg 678w, https:\/\/speyer24news.com\/wp-content\/uploads\/2019\/06\/Ausn\u00fcchterungszelle-326x245.jpg 326w, https:\/\/speyer24news.com\/wp-content\/uploads\/2019\/06\/Ausn\u00fcchterungszelle-80x60.jpg 80w\" sizes=\"(max-width: 800px) 100vw, 800px\" \/><figcaption>Beispielbild Zelle \/ Verhaftung, dient lediglich der Visualisierung<\/figcaption><\/figure><\/div>\n\n\n<p>Im Ortsteil Mundenheim kam es am Sonntagabend (21.08.2022), gegen 21:30 Uhr, auf der dortigen Kerwe zun\u00e4chst zu verbalen Streitigkeiten zwischen vier Personen. Im Rahmen des Streits ohrfeigte ein 21-J\u00e4hriger zun\u00e4chst einen 36-J\u00e4hrigen, was zu weiteren k\u00f6rperlichen Auseinandersetzungen zwischen den Streitparteien f\u00fchrte. Im weiteren Verlauf schlug pl\u00f6tzlich der 36-J\u00e4hrige dem 21-J\u00e4hrigen seinen Motorradhelm auf den Kopf. Der 36-J\u00e4hrige wurde anschlie\u00dfend zur Verhinderung weiterer Straftaten in Gewahrsam genommen.<\/p>\n\n\n\n<h2 class=\"wp-block-heading\">(Ludwigshafen) &#8211; Alkoholisiert Verkehrsunfall verursacht und gefl\u00fcchtet<\/h2>\n\n\n\n<p>Am Sonntagnachmittag (21.08.2022) gegen 16:30 Uhr beobachteten Zeugen, wie ein 47-J\u00e4hriger beim Rangieren mit seinem PKW in der Stra\u00dfe &#8222;Kleine Almengasse&#8220; einen parkenden PKW streifte. Anschlie\u00dfend stieg der Fahrer aus, fiel auf die Motorhaube und verschwand in einem Wohnhaus. In seinem unverschlossenen Auto konnten Ausweisdokumente aufgefunden werden, sodass der 47-J\u00e4hrige ermittelt werden konnte. Ein durchgef\u00fchrter Atemalkoholtest ergab ca. 2 Promille. Es wurde eine Blutprobe entnommen und der F\u00fchrerschein sichergestellt. Es wurden Strafverfahren wegen einer Gef\u00e4hrdung des Stra\u00dfenverkehrs und Verkehrsunfallflucht eingeleitet.<\/p>\n\n\n\n<h2 class=\"wp-block-heading\">(Ludwigshafen) &#8211; Verd\u00e4chtige Person unterwegs<\/h2>\n\n\n\n<p>Anwohner meldeten am Sonntag (21.08.2022) im Bereich der Kaiserstra\u00dfe eine Frau, die mehrere H\u00e4user fotografieren h\u00e4tte und Markierungen mit einem Lippenstift hinterlassen habe. Die Frau soll ca. 30-35 Jahre alt gewesen sein und habe einen bunten Pullover getragen. Die \u00d6rtlichkeit und der Nahbereich wurden \u00fcberpr\u00fcft. Die verd\u00e4chtige Person konnte nicht mehr angetroffen werden.<\/p>\n\n\n\n<p>Gerade in der Urlaubszeit kommt es immer wieder zu Wohnungseinbr\u00fcchen. Damit Sie nach dem Urlaub keine b\u00f6se \u00dcberraschung erleben, treffen Sie geeignete Vorsorgema\u00dfnahmen. Informieren Sie Ihren Nachbarn, Ihre Freunde oder Ihre Bekannten, dass Ihr Haus oder Ihre Wohnung in der Zeit leer steht. Vermeiden Sie eindeutige Zeichen, an denen ein Einbrecher erkennt, dass ein Haus oder eine Wohnung unbewohnt ist. <\/p>\n\n\n\n<h4 class=\"wp-block-heading\">Hier einige Tipps:<\/h4>\n\n\n\n<ul><li><strong>Lassen Sie regelm\u00e4\u00dfig den Briefkasten leeren<\/strong><\/li><li><strong>Sorgen Sie tempor\u00e4r f\u00fcr Beleuchtung<\/strong><\/li><li><strong>Lassen Sie Rolll\u00e4den nicht permanent geschlossen <\/strong><\/li><\/ul>\n\n\n\n<p>Weitere Informationen im Internet:\u00a0<a href=\"https:\/\/www.polizei-beratung.de\/\" target=\"_blank\" rel=\"noreferrer noopener\">www.polizei-beratung.de<\/a><\/p>\n\n\n\n<h2 class=\"wp-block-heading\">(Ludwigshafen) &#8211; Einbruch in Kindertagesst\u00e4tte<\/h2>\n\n\n\n<p>Im Zeitraum von Freitag (12.08.2022) bis Sonntag (21.08.2022) brachen derzeit unbekannte T\u00e4ter in eine Kindertagesst\u00e4tte in Waltraudenstra\u00dfe ein. Der oder die T\u00e4ter verschafften sich durch Aufhebeln einer Hintert\u00fcr Zugang zum Geb\u00e4ude. Nach derzeitigem Stand wurde mindestens ein Computer entwendet. Die H\u00f6he des entstandenen Sachschadens ist derzeit noch unbekannt. Sachdienliche Hinweise bitte an die Polizeiinspektion Ludwigshafen 2, Telefonnummer 0621 963-2222 oder per E-Mail\u00a0<a href=\"mailto:piludwigshafen2@polizei.rlp.de\">piludwigshafen2@polizei.rlp.de<\/a>\u00a0.<\/p>\n\n\n\n<h2 class=\"wp-block-heading\">(Polizeipr\u00e4sidium Rheinpfalz) &#8211; Ausbildungsstelle gesucht? Freie Pl\u00e4tze in der Verwaltung des Polizeipr\u00e4sidiums Rheinpfalz in Ludwigshafen<\/h2>\n\n\n<div class=\"wp-block-image\">\n<figure class=\"aligncenter size-full\"><img decoding=\"async\" loading=\"lazy\" width=\"800\" height=\"450\" src=\"https:\/\/speyer24news.com\/wp-content\/uploads\/2021\/10\/Polizeiberuf-Bewerbung.jpg\" alt=\"\" class=\"wp-image-41633\" srcset=\"https:\/\/speyer24news.com\/wp-content\/uploads\/2021\/10\/Polizeiberuf-Bewerbung.jpg 800w, https:\/\/speyer24news.com\/wp-content\/uploads\/2021\/10\/Polizeiberuf-Bewerbung-300x169.jpg 300w, https:\/\/speyer24news.com\/wp-content\/uploads\/2021\/10\/Polizeiberuf-Bewerbung-768x432.jpg 768w, https:\/\/speyer24news.com\/wp-content\/uploads\/2021\/10\/Polizeiberuf-Bewerbung-678x381.jpg 678w\" sizes=\"(max-width: 800px) 100vw, 800px\" \/><\/figure><\/div>\n\n\n<p>In der Vorder- und S\u00fcdpfalz sorgen wir, die Besch\u00e4ftigten des Polizeipr\u00e4sidiums Rheinpfalz, rund um die Uhr f\u00fcr die Sicherheit der B\u00fcrgerinnen und B\u00fcrger. Daf\u00fcr brauchen wir neben gut ausgebildeten Polizeibeamtinnen und -beamten auch eine starke Verwaltung.<\/p>\n\n\n\n<p>Untergliedert in verschiedene Referate besch\u00e4ftigt sich die Polizeiverwaltung mit komplexen Themen, zum Beispiel mit Rechtsfragen oder Haushalts- und Personalangelegenheiten.<\/p>\n\n\n\n<p>In diesen abwechslungsreichen und vielf\u00e4ltigen Bereichen bietet das Polizeipr\u00e4sidium Rheinpfalz ab dem 01.08.2023 vier Pl\u00e4tze f\u00fcr eine dreij\u00e4hrige Ausbildung zur bzw. zum Verwaltungsfachangestellten an.<\/p>\n\n\n\n<p>Im Rahmen deiner dreij\u00e4hrigen Ausbildung bekommst du Einblick in alle Bereiche der Polizeiverwaltung und absolvierst dabei auch eine Gastausbildung bei einer kommunalen Verwaltung.<\/p>\n\n\n\n<p>Was solltest du mitbringen? Einstellungsvoraussetzung ist der Abschluss der Mittleren Reife (Sekundarabschluss l). Du solltest zudem eigenverantwortlich arbeiten k\u00f6nnen und ein hohes Ma\u00df an sozialer Kompetenz mitbringen sowie teamf\u00e4hig sein.<\/p>\n\n\n\n<h4 class=\"wp-block-heading\">Bis wann musst du dich bewerben? Die Bewerbungsfrist endet am 25.09.2022.<\/h4>\n\n\n\n<h4 class=\"wp-block-heading\">Wie kannst du dich bewerben? Per Brief an:<\/h4>\n\n\n\n<ul><li><strong>Polizeipr\u00e4sidium Rheinpfalz<\/strong><\/li><li><strong>z.Hd. Frau Ecker Wittelsbachstra\u00dfe 3 67061 Ludwigshafen<\/strong><\/li><\/ul>\n\n\n\n<h4 class=\"wp-block-heading\">oder per E-Mail an:<\/h4>\n\n\n\n<ul><li><a href=\"mailto:pprheinpfalz.pv3.ausbildung@polizei.rlp.de\"><strong>pprheinpfalz.pv3.ausbildung@polizei.rlp.de<\/strong><\/a><\/li><\/ul>\n\n\n\n<h4 class=\"wp-block-heading\">N\u00e4here Informationen sowie die Stellenausschreibung findest du unter&nbsp;<a target=\"_blank\" rel=\"noreferrer noopener\" href=\"https:\/\/s.rlp.de\/zi1SC\">https:\/\/s.rlp.de\/zi1SC<\/a>.<\/h4>\n\n\n\n<p>Interessiert, aber noch unschl\u00fcssig? F\u00fcr deine Fragen rund um die Bewerbung stehen dir die Ausbildungsleiterin Frau Stefanie Ecker (Tel: 0621 963-1631) bzw. ihre Vertreterin Frau Isabel Frey (Tel: 0621 963-1677) gerne zur Verf\u00fcgung.<\/p>\n\n\n\n<p>Komm in unser Team! Bewirb dich jetzt und trage jeden Tag deinen Teil f\u00fcr eine sichere Vorder- und S\u00fcdpfalz bei.<\/p>\n\n\n\n<h2 class=\"wp-block-heading\">(Mannheim) &#8211; Mehrere Einbr\u00fcche von Samstag auf Sonntag \/ Zeugen gesucht<\/h2>\n\n\n<div class=\"wp-block-image\">\n<figure class=\"aligncenter size-full\"><img decoding=\"async\" loading=\"lazy\" width=\"640\" height=\"476\" src=\"https:\/\/speyer24news.com\/wp-content\/uploads\/2020\/12\/Einbruch.jpg\" alt=\"\" class=\"wp-image-31438\" srcset=\"https:\/\/speyer24news.com\/wp-content\/uploads\/2020\/12\/Einbruch.jpg 640w, https:\/\/speyer24news.com\/wp-content\/uploads\/2020\/12\/Einbruch-300x223.jpg 300w, https:\/\/speyer24news.com\/wp-content\/uploads\/2020\/12\/Einbruch-80x60.jpg 80w\" sizes=\"(max-width: 640px) 100vw, 640px\" \/><figcaption>Symbolbild Einbruch, dient lediglich der Visualisierung<\/figcaption><\/figure><\/div>\n\n\n<p>In der Nacht von Samstag auf Sonntag zwischen 19 und 10 Uhr gelangten bisher unbekannte T\u00e4ter in das Innere einer Apotheke in der Sandhofer Stra\u00dfe, indem sie mit einem Glasschneider ein Loch in die Schaufensterscheibe schnitten. Aus der Kasse der Apotheke stahlen die Unbekannten einen dreistelligen Bargeldbetrag. Der Schaden am Schaufenster liegt bei 500 Euro.<\/p>\n\n\n\n<p>In der gleichen Nacht, zwischen 23 und 4 Uhr, ebenfalls in der Sandhofer Stra\u00dfe, entwendeten Unbekannte aus einer Erdgeschosswohnung eines Mehrfamilienhauses einen Rucksack. Hierzu behalfen sich die Unbekannten eines Tisches im Au\u00dfenbereich, um an das K\u00fcchenfenster der Wohnung zu gelangen. Der am Fenster abgestellte Rucksack, welcher Kleidung und einen Geldbeutel beinhaltete, wurde schlie\u00dflich durch die Unbekannten gestohlen.<\/p>\n\n\n\n<p>Unberechtigten Zugang verschafften sich unbekannte T\u00e4ter au\u00dferdem auf ein Firmengel\u00e4nde in der Walter-Bothe-Stra\u00dfe. Die T\u00e4ter kletterten \u00fcber den Zaun des Betriebsgel\u00e4ndes und stie\u00dfen ein Fenster des Fabrikgeb\u00e4udes auf. Danach kletterten die Unbekannten in das Geb\u00e4ude. Nach derzeitigem Kenntnisstand wurden keine Gegenst\u00e4nde entwendet. Ein Sachschaden entstand nicht.<\/p>\n\n\n\n<p>Inwiefern die Taten zusammenh\u00e4ngen, ist Teil der derzeitigen Ermittlungen. Hierzu wurde auch die zentrale Kriminaltechnik zur Spurensicherung beauftragt. In allen F\u00e4llen ermittelt die Polizei wegen Einbruchsdiebstahls. Zeugen, welche sachdienliche Hinweise zu den Vorf\u00e4llen haben, werden gebeten, sich beim Polizeirevier Neckarstadt unter Tel.: 0621\/3301-0 zu melden.<\/p>\n\n\n\n<h2 class=\"wp-block-heading\">(Mannheim-Innenstadt) &#8211; 23-J\u00e4hriger nach sexuellem \u00dcbergriff und Angriff auf Polizeibeamte in Untersuchungshaft<\/h2>\n\n\n<div class=\"wp-block-image\">\n<figure class=\"aligncenter size-full\"><img decoding=\"async\" loading=\"lazy\" width=\"800\" height=\"533\" src=\"https:\/\/speyer24news.com\/wp-content\/uploads\/2020\/06\/Zelle.jpg\" alt=\"\" class=\"wp-image-28203\" srcset=\"https:\/\/speyer24news.com\/wp-content\/uploads\/2020\/06\/Zelle.jpg 800w, https:\/\/speyer24news.com\/wp-content\/uploads\/2020\/06\/Zelle-300x200.jpg 300w, https:\/\/speyer24news.com\/wp-content\/uploads\/2020\/06\/Zelle-768x512.jpg 768w\" sizes=\"(max-width: 800px) 100vw, 800px\" \/><figcaption>Beispielbild Zelle \/ Verhaftung, dient lediglich der Visualisierung<\/figcaption><\/figure><\/div>\n\n\n<p>Am Samstagmorgen gegen 08:00 Uhr ber\u00fchrte ein 23-J\u00e4hriger in einer Diskothek in den U-Quadraten nach mehreren gescheiterten Ann\u00e4herungsversuchen eine 35-J\u00e4hrige unsittlich. Eine aufmerksame Mitarbeiterin verwies den Mann daraufhin der Diskothek. Vor dem Geb\u00e4ude geriet der 23-J\u00e4hrige dann in einen Streit mit einem 34-j\u00e4hrigen Sicherheitsmitarbeiter in dessen Verlauf er diesen beleidigte und k\u00f6rperlich anging. Zun\u00e4chst fl\u00fcchtete der 23-J\u00e4hrige in Richtung Hauptbahnhof, wurde allerdings von dem 34-J\u00e4hrigen gestoppt und gemeinsam mit hinzukommenden Polizeibeamten vorl\u00e4ufig festgenommen. Auch die eingesetzten Polizeibeamten beleidigte der 23-J\u00e4hrige und trat zudem nach zwei der eingesetzten Beamten. Der 34-J\u00e4hrige, sowie die beiden Polizeibeamten wurden hierbei leicht verletzt. Der 23-J\u00e4hrige wurde am Sonntag einem Haftrichter vorgef\u00fchrt, der Fluchtgefahr bei dem Mann als gegeben ansah und die Untersuchungshaft anordnete. Die Staatsanwaltschaft Mannheim und das Polizeirevier Mannheim-Innenstadt ermitteln nun wegen sexueller Bel\u00e4stigung, Beleidigung, K\u00f6rperverletzung, sowie Widerstands gegen und t\u00e4tlichen Angriffs auf Vollstreckungsbeamte.<\/p>\n\n\n\n<h2 class=\"wp-block-heading\">(Mannheim Oststadt) &#8211; Mann mit Messer verletzt; Kriminalpolizei ermittelt<\/h2>\n\n\n<div class=\"wp-block-image\">\n<figure class=\"aligncenter size-full\"><img decoding=\"async\" loading=\"lazy\" width=\"800\" height=\"621\" src=\"https:\/\/speyer24news.com\/wp-content\/uploads\/2021\/07\/Messer-Angriff-Bedrohung-2.jpg\" alt=\"\" class=\"wp-image-38504\" srcset=\"https:\/\/speyer24news.com\/wp-content\/uploads\/2021\/07\/Messer-Angriff-Bedrohung-2.jpg 800w, https:\/\/speyer24news.com\/wp-content\/uploads\/2021\/07\/Messer-Angriff-Bedrohung-2-300x233.jpg 300w, https:\/\/speyer24news.com\/wp-content\/uploads\/2021\/07\/Messer-Angriff-Bedrohung-2-768x596.jpg 768w\" sizes=\"(max-width: 800px) 100vw, 800px\" \/><figcaption>Symbolbild &#8222;\u00dcberfall Messer&#8220;, dient lediglich der Visualisierung<\/figcaption><\/figure><\/div>\n\n\n<p>Nach einer k\u00f6rperlichen Auseinandersetzung in der Lameystra\u00dfe am Sonntagabend hat die Kriminalpolizei die Ermittlungen \u00fcbernommen.<\/p>\n\n\n\n<p>Nach einer Auseinandersetzung am Samstag, traf am Sonntagabend eine f\u00fcnf-k\u00f6pfige Gruppe nahe des Wasserturms erneut auf zwei Konkurrenten des Vortags, wobei einer davon eine Eisenstange in der Hand hielt. Um einen weiteren Konflikt zu vermeiden, fl\u00fcchtete die f\u00fcnf-k\u00f6pfige Gruppe kurz nach 21 Uhr zu Fu\u00df, wobei diese in der Lameystra\u00dfe von den zwei M\u00e4nnern eingeholt wurden. Dabei soll einer der beiden Verfolger einem 24-J\u00e4hrigen der f\u00fcnfer Gruppe mit einem spitzen Gegenstand im Gesicht verletzt haben. Als ein 27-J\u00e4hriger daraufhin einschritt, soll der T\u00e4ter diesen mit einem Messer am K\u00f6rper verletzt haben. Gleich darauf fl\u00fcchtete der Aggressor mit seinem Begleiter. Der 24- und 27-J\u00e4hrige wurden medizinisch versorgt und kamen zu weiteren Behandlung ins Krankenhaus. Eine Lebensgefahr bestand f\u00fcr keinen der beiden.<\/p>\n\n\n\n<p>Bei den anschlie\u00dfenden Fahndungsma\u00dfnahmen, bei denen auch ein Polizeihubschrauber eingesetzt war, wurde ein Tatverd\u00e4chtiger wenig sp\u00e4ter festgenommen. Die Ermittlungen konzentrieren sich derzeit gegen einen 18-j\u00e4hrigen Mann.<\/p>\n\n\n\n<h2 class=\"wp-block-heading\">(Mannheim-Sch\u00f6nau) &#8211; Fahrerflucht nach Zusammensto\u00df mit einem Fu\u00dfg\u00e4nger \/ Zeugen gesucht!<\/h2>\n\n\n\n<p>Im Tarnowitzer Weg kam es in der Nacht von Samstag auf Sonntag gegen ca. 01.30 Uhr zu einem Verkehrsunfall zwischen einem Motorroller und einem Fu\u00dfg\u00e4nger. Hierbei wurde der Fu\u00dfg\u00e4nger beim \u00dcberqueren der Fahrbahn von dem Fahrer des Motorrollers erfasst. Beide Beteiligten kamen nach dem Zusammensto\u00df zu Fall. Der Fu\u00dfg\u00e4nger wurde hierbei verletzt und anschlie\u00dfend in einem Krankenhaus medizinisch versorgt. Der Fahrer des Motorrollers entfernte sich nach dem Zusammensto\u00df unerlaubt von der Unfallstelle. Ob dieser verletzt wurde und welcher Schaden bei dem Roller entstand, ist derzeit noch unbekannt. <\/p>\n\n\n\n<h4 class=\"wp-block-heading\">Die Polizei sucht Zeugen, die folgende Angaben machen k\u00f6nnen:<\/h4>\n\n\n\n<ul><li><strong>Angaben zum Unfallhergang?<\/strong><\/li><li><strong>Wo ist ein unfallbesch\u00e4digter Roller mit (massiv) ausgelaufenem Motoren\u00f6l festgestellt worden?<\/strong><\/li><li><strong>Wer kann Angaben zur Verkehrst\u00fcchtigkeit des verletzten Fu\u00dfg\u00e4ngers machen?<\/strong><\/li><\/ul>\n\n\n\n<p>Sollten sie sachdienliche Hinweise geben k\u00f6nnen, setzen sie sich mit der Verkehrspolizeiinspektion Mannheim unter 0621-174-4222 in Verbindung.<\/p>\n\n\n\n<h2 class=\"wp-block-heading\">(Mannheim-K\u00e4fertal) &#8211; Frau von unbekanntem Mann ins Gesicht geschlagen \/ Zeugen gesucht!<\/h2>\n\n\n<div class=\"wp-block-image\">\n<figure class=\"aligncenter size-full\"><img decoding=\"async\" loading=\"lazy\" width=\"801\" height=\"600\" src=\"https:\/\/speyer24news.com\/wp-content\/uploads\/2020\/05\/Zeugen-gesucht-Neutral.jpg\" alt=\"\" class=\"wp-image-26598\" srcset=\"https:\/\/speyer24news.com\/wp-content\/uploads\/2020\/05\/Zeugen-gesucht-Neutral.jpg 801w, https:\/\/speyer24news.com\/wp-content\/uploads\/2020\/05\/Zeugen-gesucht-Neutral-300x225.jpg 300w, https:\/\/speyer24news.com\/wp-content\/uploads\/2020\/05\/Zeugen-gesucht-Neutral-768x575.jpg 768w, https:\/\/speyer24news.com\/wp-content\/uploads\/2020\/05\/Zeugen-gesucht-Neutral-678x509.jpg 678w, https:\/\/speyer24news.com\/wp-content\/uploads\/2020\/05\/Zeugen-gesucht-Neutral-326x245.jpg 326w, https:\/\/speyer24news.com\/wp-content\/uploads\/2020\/05\/Zeugen-gesucht-Neutral-80x60.jpg 80w\" sizes=\"(max-width: 801px) 100vw, 801px\" \/><\/figure><\/div>\n\n\n<p>Am Sonntagmorgen um kurz vor 08 Uhr schlug ein bislang unbekannter T\u00e4ter auf dem Fu\u00dfweg hinter der L\u00e4rmschutzwand zwischen Waldstra\u00dfe und Dornheimer Ring eine 27-j\u00e4hrige Passantin nach einer verbalen Auseinandersetzung auf die Wange, beleidigte diese und spuckte ihr ins Gesicht. Ein noch unbekannter Passant, der mit einem Hund spazieren war, k\u00f6nnte den Vorfall beobachtet haben und stellt somit einen wichtigen Zeugen dar. Kurz zuvor soll der T\u00e4ter auch den unbekannten Zeugen aggressiv angegangen sein.<\/p>\n\n\n\n<h4 class=\"wp-block-heading\">Der Tatverd\u00e4chtige wird wie folgt beschrieben: <\/h4>\n\n\n\n<ul><li><strong>20 &#8211; 30 Jahre alt<\/strong><\/li><li><strong>etwa 190 cm gro\u00df<\/strong><\/li><li><strong>blonde lange Haare bis zu den Ohren<\/strong><\/li><li><strong>blaue Augen<\/strong><\/li><li><strong>trug eine Basecap und ein graues T-Shirt<\/strong><\/li><\/ul>\n\n\n\n<p>Das Polizeirevier K\u00e4fertal sucht nun dringend Zeugen, insbesondere den Hundehalter, die sachdienliche Hinweise zu dem Vorfall geben k\u00f6nnen und bittet diese, sich unter der Telefonnummer 0621\/71849-0 zu melden.<\/p>\n\n\n\n<h2 class=\"wp-block-heading\">(Heidelberg) &#8211; Unfall mit vier verletzten Insassen; Polizeistreifenwagen mit Totalschaden; Unfallverursacherin macht Bremsversagen geltend<a href=\"https:\/\/www.facebook.com\/sharer.php?u=https%3A%2F%2Fwww.presseportal.de%2Fblaulicht%2Fpm%2F14915%2F5302799%2F%3Futm_source%3Dfacebook%26utm_medium%3Dsocial\"><\/a><a href=\"https:\/\/twitter.com\/intent\/tweet?text=POL-MA%3A%20Heidelberg%3A%20Unfall%20mit%20vier%20verletzten%20Insassen%3B%20Polizeistreifenwagen%20mit%20Totalschaden%3B%20Unfallverursacherin%20macht%20Bremsversagen%20geltend&amp;url=https%3A%2F%2Fwww.presseportal.de%2Fblaulicht%2Fpm%2F14915%2F5302799%2F%3Futm_source%3Dtwitter%26utm_medium%3Dsocial&amp;hashtags=ots&amp;lang=de\"><\/a><a href=\"https:\/\/web.whatsapp.com\/send?text=POL-MA%3A%20Heidelberg%3A%20Unfall%20mit%20vier%20verletzten%20Insassen%3B%20Polizeistreifenwagen%20mit%20Totalschaden%3B%20Unfallverursacherin%20macht%20Bremsversagen%20geltend%0A%0Ahttps%3A%2F%2Fwww.presseportal.de%2Fblaulicht%2Fpm%2F14915%2F5302799%2F%3Futm_source%3Dwhatsapp%26utm_medium%3Dsocial\"><\/a><a href=\"https:\/\/www.xing.com\/app\/user?op=share;url=https%3A%2F%2Fwww.presseportal.de%2Fblaulicht%2Fpm%2F14915%2F5302799%2F%3Futm_source%3Dxing%26utm_medium%3Dsocial\"><\/a><a href=\"http:\/\/www.linkedin.com\/shareArticle?mini=true&amp;url=https%3A%2F%2Fwww.presseportal.de%2Fblaulicht%2Fpm%2F14915%2F5302799%2F%3Futm_source%3Dlinkedin%26utm_medium%3Dsocial&amp;title=POL-MA%3A+Heidelberg%3A+Unfall+mit+vier+verletzten+Insassen%3B+Polizeistreifenwagen+mit+Totalschaden%3B+Unfallverursacherin+macht+Bremsversagen+geltend\"><\/a><a href=\"mailto:?subject=POL-MA%3A%20Heidelberg%3A%20Unfall%20mit%20vier%20verletzten%20Insassen%3B%20Polizeistreifenwagen%20mit%20Totalschaden%3B%20Unfallverursacherin%20macht%20Bremsversagen%20geltend&amp;body=https:\/\/www.presseportal.de\/blaulicht\/pm\/14915\/5302799\"><\/a><\/h2>\n\n\n\n<p>Montagnacht, kurz nach 1 Uhr, fuhr eine 22-j\u00e4hrige Pkw-Fahrerin mit ihrem Hyundai auf dem Baumschulenweg von Heidelberg kommend in Richtung Eppelheim.<\/p>\n\n\n\n<p>Als sie auf die Kreuzung Baumschulenweg und Diebsweg zufuhr, schaltet die Ampel von Gr\u00fcnlicht um. Die Fahrerin versuchte noch, ihr Auto rechtzeitig vor der Kreuzung abzubremsen, fuhr aber in den Kreuzungsbereich ein.<\/p>\n\n\n\n<p>Dort stie\u00df sie mit einem Polizeistreifenwagen zusammen, der aus Richtung Pfaffengrund in Richtung Speyer Stra\u00dfe bei Gr\u00fcnlich in die Kreuzung eingefahren war.<\/p>\n\n\n\n<p>Durch die Wucht des Aufpralls wurde das Polizeifahrzeug nach rechts abgewiesen und kam erst im Gr\u00fcnstreifen zum Stehen. An dem Streifenwagen Mercedes-Benz l\u00f6sten alle Airbags aus und es entstand Totalschaden.<\/p>\n\n\n\n<p>Die Fahrerin des Hyundai, ihre ebenfalls 22-j\u00e4hrige Mitfahrerin und die beiden 28- und 29-j\u00e4hrigen Polizeibeamten wurden durch den Unfall leicht verletzt. Ein Festgenommener im Polizeiauto blieb durch den Zusammensto\u00df unverletzt.<\/p>\n\n\n\n<p>Zwei Rettungswagen kamen an die Unfallstelle und versorgten die verletzten Personen. Eine Einlieferung in Krankenh\u00e4user war nicht erforderlich.<\/p>\n\n\n\n<p>Die 22-j\u00e4hrige Fahrerin machte Bremsversagen als Unfallursache geltend. Hier Auto wurde sichergestellt und wird nun auf technische M\u00e4ngel untersucht.<\/p>\n\n\n\n<h2 class=\"wp-block-heading\">(Heidelberg-Bergheim) &#8211; Unklarer Unfallhergang \/ Zeugen und verunfallter Radfahrer gesucht<\/h2>\n\n\n\n<p>Am fr\u00fchen Samstagabend gegen 17:30 Uhr kam es an der Kreuzung Sofienstra\u00dfe\/Pl\u00f6ck zu einem Unfall zwischen einem Ford und einem bisher unbekannten Radfahrer. Nach bisherigem Kenntnisstand soll der Ford-Fahrer beim Abbiegen von der Sofienstra\u00dfe in die Stra\u00dfe &#8222;Pl\u00f6ck&#8220; dem Radfahrer die Vorfahrt genommen haben. In der Folge musste der Radfahrer stark bremsen und fiel hierbei vom Rad. Sowohl der Radfahrer als auch der Ford-Fahrer entfernten sich im Anschluss von der Unfallstelle. Eine unabh\u00e4ngige Zeugin meldete der Polizei das Geschehen. Bei der \u00dcberpr\u00fcfung des n\u00e4heren Umfelds durch die Polizei konnte der Fahrer eines Fords festgestellt werden, welcher als Unfallverursacher infrage kommt. Dieser machte jedoch keine weiteren Angaben zum Unfallhergang. Der ebenfalls am Unfall beteiligte Radfahrer konnte im Rahmen der Fahndung nicht mehr festgestellt werden. <\/p>\n\n\n\n<h4 class=\"wp-block-heading\">Er wird wie folgt beschrieben: <\/h4>\n\n\n\n<ul><li><strong>braunes Rennrad<\/strong><\/li><li><strong>kurze Hose<\/strong><\/li><li><strong>blaues T-Shirt<\/strong><\/li><li><strong>Sonnenbrille<\/strong><\/li><li><strong>dunkle, lockige Haare<\/strong><\/li><\/ul>\n\n\n\n<p>Das Polizeirevier Heidelberg-Mitte hat die Ermittlungen wegen Verkehrsunfallflucht aufgenommen und nimmt Hinweise von Zeugen unter Tel.: 06221\/99-1700 entgegen.<\/p>\n\n\n\n<h2 class=\"wp-block-heading\">(Br\u00fchl \/ Rhein-Neckar-Kreis) &#8211; 70-J\u00e4hrige \u00fcberfallen \/ Zeugen gesucht<\/h2>\n\n\n<div class=\"wp-block-image\">\n<figure class=\"aligncenter size-full\"><img decoding=\"async\" loading=\"lazy\" width=\"801\" height=\"600\" src=\"https:\/\/speyer24news.com\/wp-content\/uploads\/2020\/05\/Zeugen-gesucht-Neutral.jpg\" alt=\"\" class=\"wp-image-26598\" srcset=\"https:\/\/speyer24news.com\/wp-content\/uploads\/2020\/05\/Zeugen-gesucht-Neutral.jpg 801w, https:\/\/speyer24news.com\/wp-content\/uploads\/2020\/05\/Zeugen-gesucht-Neutral-300x225.jpg 300w, https:\/\/speyer24news.com\/wp-content\/uploads\/2020\/05\/Zeugen-gesucht-Neutral-768x575.jpg 768w, https:\/\/speyer24news.com\/wp-content\/uploads\/2020\/05\/Zeugen-gesucht-Neutral-678x509.jpg 678w, https:\/\/speyer24news.com\/wp-content\/uploads\/2020\/05\/Zeugen-gesucht-Neutral-326x245.jpg 326w, https:\/\/speyer24news.com\/wp-content\/uploads\/2020\/05\/Zeugen-gesucht-Neutral-80x60.jpg 80w\" sizes=\"(max-width: 801px) 100vw, 801px\" \/><\/figure><\/div>\n\n\n<p>Am Samstagabend gegen 18:00 Uhr kam es zu einem Raub\u00fcberfall auf eine 70-J\u00e4hrige im Bereich der Silcherstra\u00dfe \/ Albert-Bassermann-Stra\u00dfe. Die Seniorin war gegen 17:50 Uhr an der Bushaltestelle &#8222;Siedlung&#8220; aus der Linie 710 aus Mannheim kommend ausgestiegen und dann zu Fu\u00df die Silcherstra\u00dfe entlanggelaufen, wo sie von einem bisher unbekannten T\u00e4ter mit beiden H\u00e4nden seitlich am Hals gepackt und mit dem Kopf gegen einen Briefkasten gesto\u00dfen worden sein soll. Hierbei entriss dieser ihr die um den Hals getragene, goldfarbene Kette, fl\u00fcchtete dann zu Fu\u00df und bog nach links in die Alber-Bassermann-Stra\u00dfe ab. <\/p>\n\n\n\n<h4 class=\"wp-block-heading\">Der Angriff kam f\u00fcr die schwerh\u00f6rige Seniorin v\u00f6llig \u00fcberraschend, der T\u00e4ter wird wie folgt beschrieben: <\/h4>\n\n\n\n<ul><li><strong>M\u00e4nnlich<\/strong><\/li><li><strong>\u00fcber 180 cm gro\u00df<\/strong><\/li><li><strong>hagere Statur<\/strong><\/li><li><strong>Der Mann soll ein Sport-Sweatshirt und eine dunkle Basecap getragen haben. <\/strong><\/li><\/ul>\n\n\n\n<p>M\u00f6glicherweise soll sich im Linienbus, welchen die 70-J\u00e4hrige zuvor benutzte, ein Mann mit \u00e4hnlicher Beschreibung aufgehalten haben. Dieser sei an derselben Haltestelle ausgestiegen, soll aber in die entgegensetzte Richtung der Seniorin gelaufen sein.<\/p>\n\n\n\n<p>Die Dame wurde durch den Angriff leicht verletzte. Der Wert der entwendeten Kette bel\u00e4uft sich auf rund 100 Euro.<\/p>\n\n\n\n<p>Das Raubdezernat des Kriminalkommissariats Mannheim hat die Ermittlungen zu dem Unbekannten \u00fcbernommen. Zeugen, die Tat beobachtet oder Hinweise auf den T\u00e4ter geben k\u00f6nnen werden gebeten sich an das Hinweistelefon des Kriminaldauerdienstes unter der Rufnummer 0621 174 &#8211; 4444 zu wenden.<\/p>\n\n\n\n<h2 class=\"wp-block-heading\">(Leimen \/ Rhein-Neckar-Kreis) &#8211; Versuchter Einbruch in Vereinsheim \/ Zeugen gesucht<a href=\"https:\/\/www.facebook.com\/sharer.php?u=https%3A%2F%2Fwww.presseportal.de%2Fblaulicht%2Fpm%2F14915%2F5302161%2F%3Futm_source%3Dfacebook%26utm_medium%3Dsocial\"><\/a><a href=\"https:\/\/twitter.com\/intent\/tweet?text=POL-MA%3A%20Leimen%2FRhein-Neckar-Kreis%3A%20Versuchter%20Einbruch%20in%20Vereinsheim%20-%20Zeugen%20gesucht&amp;url=https%3A%2F%2Fwww.presseportal.de%2Fblaulicht%2Fpm%2F14915%2F5302161%2F%3Futm_source%3Dtwitter%26utm_medium%3Dsocial&amp;hashtags=ots&amp;lang=de\"><\/a><a href=\"https:\/\/web.whatsapp.com\/send?text=POL-MA%3A%20Leimen%2FRhein-Neckar-Kreis%3A%20Versuchter%20Einbruch%20in%20Vereinsheim%20-%20Zeugen%20gesucht%0A%0Ahttps%3A%2F%2Fwww.presseportal.de%2Fblaulicht%2Fpm%2F14915%2F5302161%2F%3Futm_source%3Dwhatsapp%26utm_medium%3Dsocial\"><\/a><a href=\"https:\/\/www.xing.com\/app\/user?op=share;url=https%3A%2F%2Fwww.presseportal.de%2Fblaulicht%2Fpm%2F14915%2F5302161%2F%3Futm_source%3Dxing%26utm_medium%3Dsocial\"><\/a><a href=\"http:\/\/www.linkedin.com\/shareArticle?mini=true&amp;url=https%3A%2F%2Fwww.presseportal.de%2Fblaulicht%2Fpm%2F14915%2F5302161%2F%3Futm_source%3Dlinkedin%26utm_medium%3Dsocial&amp;title=POL-MA%3A+Leimen%2FRhein-Neckar-Kreis%3A+Versuchter+Einbruch+in+Vereinsheim+-+Zeugen+gesucht\"><\/a><a href=\"mailto:?subject=POL-MA%3A%20Leimen%2FRhein-Neckar-Kreis%3A%20Versuchter%20Einbruch%20in%20Vereinsheim%20-%20Zeugen%20gesucht&amp;body=https:\/\/www.presseportal.de\/blaulicht\/pm\/14915\/5302161\"><\/a><\/h2>\n\n\n\n<p>In der Nacht von Freitag auf Samstag zwischen 20 und 12 Uhr \u00fcberkletterten bisher unbekannte T\u00e4ter in der Tinqueux-Allee einen Zaun und gelangten so auf das Gel\u00e4nde eines Vereinsheims. Dort \u00f6ffneten die Unbekannten zun\u00e4chst eine Garage und versuchten danach eine Metallt\u00fcr aufzuhebeln. An der T\u00fcr entstanden deutliche Sch\u00e4den durch die Hebelwirkung, jedoch gelangten die T\u00e4ter nicht in das Geb\u00e4ude. Der Sachschaden liegt im mittleren dreistelligen Bereich. Nach derzeitigem Ermittlungsstand wurden keine Gegenst\u00e4nde entwendet. Zeugen, welche etwas Verd\u00e4chtiges beobachtet haben, werden gebeten, sich mit dem Polizeirevier Wiesloch unter Tel.: 06222\/5709-0 in Verbindung zu setzen.<\/p>\n\n\n\n<h2 class=\"wp-block-heading\">(A 61 \/ Hockenheim \/ Speyer) &#8211; Schwerer Unfall auf A 61; vier Verletzte; Rettungskr\u00e4fte im Einsatz; Autobahn Richtung Speyer voll gesperrt<\/h2>\n\n\n\n<h3 class=\"has-text-align-center wp-block-heading\">Pressemitteilung Nr. 1<\/h3>\n\n\n\n<p>Wegen eines schweren Verkehrsunfalls ist die A 61 zwischen Hockenheim und Speyer derzeit (22.08.2022 \u2013 13:38) voll gesperrt. \u00dcber den Unfallhergang liegen noch keine Informationen vor. Es sollen vier Personen zum Teil schwer verletzt worden sein. Die Rettungskr\u00e4fte sind im Einsatz. Es wird empfohlen, das Gebiet ab dem Dreieck Hockenheim weitr\u00e4umig zu umfahren.<\/p>\n\n\n\n<h3 class=\"has-text-align-center wp-block-heading\">Pressemitteilung Nr. 2<\/h3>\n\n\n\n<p>Seit 14.30 Uhr ist die A 61 in Richtung Speyer wieder frei befahrbar. Der Verkehr, der sich in der Spitze auf rund drei Kilometern zur\u00fcckgestaut hatte, l\u00e4uft wieder reibungslos. Nach den bisherigen Erkenntnissen kam es am fr\u00fchen Montagnachmittag, kurz vor 13 Uhr zu einem Auffahrunfall zwischen zwei Autos. Vier Personen wurden dabei verletzt, zwei davon schwer. Beide Fahrzeuge wurden abgeschleppt. Es entstand ein Sachschaden von \u00fcber 30.000.- Euro.<\/p>\n\n\n\n<h2 class=\"wp-block-heading\">(Wiesloch \/ Rhein-Neckar-Kreis) &#8211; Unfallflucht \/ Zeugen gesucht<\/h2>\n\n\n\n<p>In Wiesloch kam es in der Kurpfalzstra\u00dfe zu einer Unfallflucht. Die Halterin parkte ihren neuen Mercedes-Benz am 19.08 gegen 22.00 Uhr ordnungsgem\u00e4\u00df am Fahrbahnrand. Als sie diesen am 20.08 gegen 14.45 Uhr wieder aufsuchte, bemerkte sie den Unfallschaden. Ein bislang unbekannter Fahrer fuhr demnach frontal auf den geparkten PKW auf und entfernte sich anschlie\u00dfen von der Unfallstelle ohne den Unfall zu melden. Es entstand ein Sachschaden im 4-stelligen Bereich.<\/p>\n\n\n\n<p>Zeugen, die sachdienliche Hinweise geben k\u00f6nnen, werden gebeten sich mit dem Polizeirevier Wiesloch in Verbindung zu setzen. Tel.: 06222-57090<\/p>\n\n\n\n<h2 class=\"wp-block-heading\">(M\u00fchlhausen \/ Rhein-Neckar-Kreis) &#8211; Einbruch in Doppelhaush\u00e4lfte \/ Zeugen gesucht!<\/h2>\n\n\n\n<p>In M\u00fchlhausen wurde zwischen dem 16.08.22 und dem 19.08.22 in eine Doppelhaush\u00e4lfte eingebrochen. Die bislang unbekannte T\u00e4terschaft verschaffte sich in der Goethestra\u00dfe Zugang zum Objekt, indem sie \u00fcber die Terrassent\u00fcr eindrang. Hierzu wurde der Rollladen auf H\u00f6he der Klinke zerst\u00f6rt und mittels unbekanntem Werkzeug die Terrassent\u00fcr aufgehebelt. Welcher Sachschaden entstand und wie hoch der genaue Diebstahlschaden ist, wird derzeit noch ermittelt.<\/p>\n\n\n\n<p>Zeugen, die sachdienliche Hinweise geben k\u00f6nnen, werden gebeten sich auf dem Polizeirevier Wiesloch zu melden. Tel.: 06222-57090.<\/p>\n\n\n\n<h2 class=\"wp-block-heading\">(Sinsheim \/ Rhein-Neckar-Kreis) &#8211; Unfallflucht \/ Fahrer \u00fcberschl\u00e4gt sich mit PKW und fl\u00fcchtet im Anschluss<\/h2>\n\n\n\n<p>In der Nacht von Samstag auf Sonntag kam es gegen 00:45 Uhr zu einem Verkehrsunfall auf der K 4283 von Neckarbischofsheim kommend i.R. Steinsfurt. Hierbei meldete eine Verkehrsteilnehmerin einen Fiat, welcher im Kurvenbereich auf dem Dach lag. Der Fahrer war vor Ort und gab an, dass er einen Abschleppdienst bereits informiert habe. Dennoch rief die Verkehrsteilnehmerin die Polizei und informierte diese dar\u00fcber. Vor Ort angekommen, lag der PKW an Ort und Stelle und vom Fahrer fehlte jede Spur. Eine Absuche des Umfeldes durch einen Polizeihubschrauber und weitere Einsatzkr\u00e4fte verlief ohne Ergebnis. Im Fahrzeuginneren wurden Identit\u00e4tsdokumente aufgefunden. Was die Unfallursache war und ob sich der Fahrer bei dem Unfall verletzt hat, ist derzeit noch unklar. Der PKW wurde sichergestellt und die Ermittlungen dauern noch an.<\/p>\n\n\n\n<p>Zeugen, die sachdienliche Hinweise geben k\u00f6nnen, werden gebeten sich mit dem Polizeirevier Sinsheim unter Tel.: 07261-6900 in Verbindung zu setzen.<\/p>\n\n\n\n<h2 class=\"wp-block-heading\">(Ingolstadt \/ Heilbronn) &#8211; T\u00f6tungsdelikt in Ingolstadt<\/h2>\n\n\n\n<h3 class=\"wp-block-heading\">Pressemitteilung des Polizeipr\u00e4sidiums Oberbayern Nord vom 22.08.2022<\/h3>\n\n\n\n<ul><li><strong>Opfer endg\u00fcltig identifiziert<\/strong><\/li><li><strong>Ermittlungen weiterhin in alle Richtungen<\/strong><\/li><li><strong>Zeugenaufruf<\/strong><\/li><\/ul>\n\n\n<div class=\"wp-block-image\">\n<figure class=\"aligncenter size-full\"><img decoding=\"async\" loading=\"lazy\" width=\"801\" height=\"600\" src=\"https:\/\/speyer24news.com\/wp-content\/uploads\/2020\/05\/Zeugen-gesucht-Neutral.jpg\" alt=\"\" class=\"wp-image-26598\" srcset=\"https:\/\/speyer24news.com\/wp-content\/uploads\/2020\/05\/Zeugen-gesucht-Neutral.jpg 801w, https:\/\/speyer24news.com\/wp-content\/uploads\/2020\/05\/Zeugen-gesucht-Neutral-300x225.jpg 300w, https:\/\/speyer24news.com\/wp-content\/uploads\/2020\/05\/Zeugen-gesucht-Neutral-768x575.jpg 768w, https:\/\/speyer24news.com\/wp-content\/uploads\/2020\/05\/Zeugen-gesucht-Neutral-678x509.jpg 678w, https:\/\/speyer24news.com\/wp-content\/uploads\/2020\/05\/Zeugen-gesucht-Neutral-326x245.jpg 326w, https:\/\/speyer24news.com\/wp-content\/uploads\/2020\/05\/Zeugen-gesucht-Neutral-80x60.jpg 80w\" sizes=\"(max-width: 801px) 100vw, 801px\" \/><\/figure><\/div>\n\n\n<p>Bei der KPI Ingolstadt wurde im Zusammenhang mit dem aktuellen T\u00f6tungsdelikt, bei dem am 16.08.22 in Ingolstadt in einem Pkw eine leblose Frau aufgefunden wurde, eine Ermittlungsgruppe eingerichtet. Den Ermittlern liegt zwischenzeitlich das Ergebnis des DNA-Abgleichs der get\u00f6teten Frau vor. Es hat sich best\u00e4tigt, dass es sich bei dem Opfer um eine 23-j\u00e4hrige Algerierin aus dem Landkreis Heilbronn handelt.<\/p>\n\n\n\n<p>In Zusammenarbeit mit der Kriminalpolizei in Heilbronn werden derzeit umfangreiche Umfeldermittlungen zum Opfer und den beiden sich in Haft befindlichen Tatverd\u00e4chtigen gef\u00fchrt.<\/p>\n\n\n\n<p>Zeugenaufruf f\u00fcr den Raum Heilbronn\/Eppingen:<\/p>\n\n\n\n<p>Zeugen, die am Dienstag, 16. August 2022, in diesem Zusammenhang im Bereich Eppingen verd\u00e4chtige Wahrnehmungen machen konnten oder Hinweise auf einen dunklen Pkw mit Ingolst\u00e4dter Kennzeichen geben k\u00f6nnen, werden gebeten, sich unter der Telefonnummer 0841\/9343-0 bei der Kripo Ingolstadt zu melden. Hinweise werden auch von jeder \u00f6rtlich zust\u00e4ndigen Polizeidienststelle entgegengenommen.<\/p>\n\n\n\n<p>Link zur Pressemitteilung vom Polizeipr\u00e4sidium Oberbayern Nord:&nbsp;<a target=\"_blank\" rel=\"noreferrer noopener\" href=\"https:\/\/www.polizei.bayern.de\/aktuelles\/pressemitteilungen\/034664\/index.html\">https:\/\/www.polizei.bayern.de\/aktuelles\/pressemitteilungen\/034664\/index.html<\/a><\/p>\n\n\n\n<h2 class=\"wp-block-heading\">(Neckargem\u00fcnd \/ Rhein-Neckar-Kreis) &#8211; Wohnungseinbruch \/ Zeugen gesucht!<\/h2>\n\n\n\n<p>Am Sonntag kam es im Bannholzweg zwischen 11.00 Uhr und 18.00 Uhr zu einem Einbruch in eine Wohnung. Hierzu hebelte die unbekannte T\u00e4terschaft mittels unbekanntem Werkzeug die T\u00fcr zur Wohnung auf und verschaffte sich so Zutritt. In der Wohnung wurden mehrere R\u00e4umlichkeiten durchw\u00fchlt. Aus einem Tresor wurden Bargeld und Schmuck entwendet. Der Diebstahlschaden bel\u00e4uft sich auf mehrere tausend Euro. Der genaue Betrag muss erst noch ermittelt werden und steht derzeit noch nicht fest.<\/p>\n\n\n\n<p>Zeugen, die sachdienliche Hinweise geben k\u00f6nnen, werden gebeten sich mit dem Polizeirevier Neckargem\u00fcnd in Verbindung zu setzen. Tel.: 06223-92540.<\/p>\n\n\n\n<h2 class=\"wp-block-heading\">(Neckargem\u00fcnd \/ Rhein-Neckar-Kreis) &#8211; Pr\u00e4parierte Tierk\u00f6der ausgelegt, Hund in Klinik \/ Polizei sucht nach Zeugen<\/h2>\n\n\n<div class=\"wp-block-image\">\n<figure class=\"aligncenter size-full\"><img decoding=\"async\" loading=\"lazy\" width=\"594\" height=\"400\" src=\"https:\/\/speyer24news.com\/wp-content\/uploads\/2021\/01\/Achtung-Wichtig.png\" alt=\"\" class=\"wp-image-32274\" srcset=\"https:\/\/speyer24news.com\/wp-content\/uploads\/2021\/01\/Achtung-Wichtig.png 594w, https:\/\/speyer24news.com\/wp-content\/uploads\/2021\/01\/Achtung-Wichtig-300x202.png 300w\" sizes=\"(max-width: 594px) 100vw, 594px\" \/><\/figure><\/div>\n\n\n<p>Ein 11 Monate alter Hund musste am sp\u00e4ten Samstagabend in einer Tierklinik notoperiert werden &#8211; er hatte zuvor ein mit Draht pr\u00e4pariertes Wurstst\u00fcck verschluckt.<\/p>\n\n\n\n<p>Der Halter des Hundes ging gegen 23.45 Uhr Am M\u00fchlrain Gassi als er bemerkte, dass sein Vierbeiner etwas vom Boden aufnahm und gleich darauf verschluckte, noch bevor er darauf reagieren konnte. An der Bordsteinkante waren mehrere St\u00fccke Wurst ausgelegt, wobei in diese offenbar ein Draht reingedr\u00fcckt wurde. Der junge Hund wurde nur wenig sp\u00e4ter in einer Tierklinik operiert, dabei wurde der Draht entfernt. Der 11 Monate alte Vierbeiner hat die Operation \u00fcberstanden.<\/p>\n\n\n\n<p>Die Polizeihundef\u00fchrerstaffel hat noch in der Nacht die Ermittlungen wegen Versto\u00dfes gegen das Tierschutzgesetz aufgenommen. Die ausgelegten K\u00f6der wurden entfernt und mehrere Dr\u00e4hte daraus sichergestellt.<\/p>\n\n\n\n<p>Zeugen, die m\u00f6glicherweise ebenfalls betroffen waren oder Hinweise zum bislang unbekannten T\u00e4ter geben k\u00f6nnen, werden gebeten, sich unter 06223 92540 an das Polizeirevier Neckargem\u00fcnd zu wenden. Zudem suchen die Beamten eine Zeugin, die ebenfalls in der Nacht mit zwei Hunden Am M\u00fchlrain spazieren ging und auf die K\u00f6der aufmerksam wurde. Die Frau soll die K\u00f6der zur Sicherheit anderer eingesammelt haben.<\/p>\n\n\n\n<h2 class=\"wp-block-heading\">(Sch\u00f6nau \/ Rhein-Neckar-Kreis) &#8211; Einbruch in Gastst\u00e4tte \/ Zeugen gesucht!<\/h2>\n\n\n\n<p>Im Zeitraum von Samstagmorgen, gegen 01:40 Uhr, bis Sonntagmittag, gegen 12:00 Uhr, verschaffte sich ein bislang unbekannter T\u00e4ter in der Hauptstra\u00dfe gewaltsam Zutritt zu einer Gastst\u00e4tte und verursachte einen Schaden in H\u00f6he von etwa 1.000 Euro. Der Unbekannte schlug ein Fenster im Hinterhof des Anwesens ein und gelangte so in das Innere. Er versuchte einen Spielautomaten aufzubrechen, was ihm jedoch misslang. Wertgegenst\u00e4nde konnte er nach derzeitigem Ermittlungsstand nicht erbeuten.<\/p>\n\n\n\n<p>Zeugen, die verd\u00e4chtige Wahrnehmungen gemacht haben oder Hinweise zu dem T\u00e4ter geben k\u00f6nnen, werden gebeten, sich unter der Telefonnummer 06223\/9254-0 beim Polizeirevier Neckargem\u00fcnd zu melden.<\/p>\n\n\n\n<h2 class=\"wp-block-heading\">(Edingen-Neckarhausen \/ Rhein-Neckar-Kreis) &#8211; Motorradfahrerin kollidiert mit Auto und wird schwer verletzt<\/h2>\n\n\n\n<p>Am Sonntagvormittag gegen 10:40 Uhr kollidierte in der Grenzh\u00f6fer Stra\u00dfe eine 51-j\u00e4hrige Motorradfahrerin mit einem 87-j\u00e4hrigen VW-Fahrer, welcher beim Ausfahren einer Grundst\u00fccksausfahrt die 51-J\u00e4hrige ersten Ermittlungen zufolge \u00fcbersah. Durch den Zusammensto\u00df kam die Zweiradfahrerin zu Fall und rutschte gegen einen am Stra\u00dfenrand geparkten BMW. Durch den Unfall verletzte sie sich schwer und musste mit einem Rettungswagen in ein nahegelegenes Krankenhaus eingeliefert werden. Der Autofahrer blieb unverletzt. Es entstand ein Sachschaden in H\u00f6he von mehr als 10.000 Euro.<\/p>\n\n\n\n<h2 class=\"wp-block-heading\">(Laudenbach \/ Leimen) &#8211; Unf\u00e4lle mit Pedelec-Fahrer \/ Beide schwer verletzt; #helmdrauf<\/h2>\n\n\n\n<p>Schwere Kopfverletzungen erlitten zwei Pedelec-Fahrer am vergangenen Wochenende bei Verkehrsunf\u00e4llen in Laudenbach und in Leimen.<\/p>\n\n\n\n<p>Am sp\u00e4ten Samstagabend, kurz nach 22.30 Uhr, war ein 32-j\u00e4hriger Mann mit seinem Pedelec in der Kirchstra\u00dfe, einer kurvenreichen Gef\u00e4llstrecke unterwegs, verlor in einer Kurve die Kontrolle seines Bikes und prallte mit hoher Geschwindigkeit gegen ein geparktes Auto. Er wurde mit einem Rettungswagen in eine Klinik gebracht.<\/p>\n\n\n\n<p>Am Sonntagnachmittag, kurz nach 13 Uhr, st\u00fcrzte in der Wittelsbacherallee in Leimen-St. Ilgen ein 45-j\u00e4hriger Mann aus bislang unbekannten Gr\u00fcnden mit seinem Pedelec. Dabei schlug er mit dem Kopf gegen den Bordstein und zog sich dabei lebensgef\u00e4hrliche Kopfverletzungen zu. Mit einem Rettungswagen wurde er ebenfalls in eine Klinik gebracht. \u00dcber seinen Gesundheitszustand liegen keine weiteren Informationen vor. Ob der Mann aufgrund einer Alkohol- und\/oder Drogenbeeinflussung st\u00fcrzte, muss noch gekl\u00e4rt werden. Die Auswertung einer Blutentnahme dauert noch an.<\/p>\n\n\n\n<p>Wie wichtig das Tragen eines Helms f\u00fcr beide Pedelec-Fahrer gewesen w\u00e4re, zeigen wieder einmal die Folgen dieser Unf\u00e4lle. Dass Fahrradhelme vor schweren Kopfverletzungen oder gar Schlimmeren sch\u00fctzen k\u00f6nnen, ist unbestritten. Deshalb weisen wir nochmals auf die bundesweite Pr\u00e4ventionskampagne #kopfentscheidung hin, die auch landesweit unter #helmdrauf umgesetzt wurde. Sie wurde mit dem Ziel ins Leben gerufen, Fahrradfahrerinnen und Fahrradfahrer vom Helmtragen zu \u00fcberzeugen. Pers\u00f6nlichkeiten des \u00f6ffentlichen Lebens unterst\u00fctzen uns dabei, die Einsicht zum Tragen eines Fahrradhelms zu wecken.<\/p>\n","protected":false},"excerpt":{"rendered":"<div class=\"mh-excerpt\"><p>Polizeimeldungen vom Montag (22.08.2022) (Speyer) &#8211; Waldbrand \/ Zeugen gesucht Am Samstagnachmittag (20.08.2022), gegen 17:30 Uhr, brannte ein rund 600 qm gro\u00dfes Waldst\u00fcck zwischen der B9 und dem Meisenweg. Zeugen hatten kurz nach dem Brandausbruch <a class=\"mh-excerpt-more\" href=\"https:\/\/speyer24news.com\/?p=48682\" title=\"Polizeimeldungen Montag (22.08.2022)\">[&#8230;]<\/a><\/p>\n<\/div>","protected":false},"author":3,"featured_media":26162,"comment_status":"open","ping_status":"open","sticky":false,"template":"","format":"standard","meta":{"_monsterinsights_skip_tracking":false,"_monsterinsights_sitenote_active":false,"_monsterinsights_sitenote_note":"","_monsterinsights_sitenote_category":0,"footnotes":""},"categories":[12],"tags":[7243,7244,3614,350,14537,15084,14538,15260,702,61,2555,6955,6986,6263,63,105,11150,6987,53,4854,13534,4683,1548,4905,11592,102,13626,213,14325,14324,13553,13541,55,8277,6368,5261,103,106,2803,2423,427,2625,380,62,104,979,1565],"aioseo_notices":[],"amp_enabled":true,"_links":{"self":[{"href":"https:\/\/speyer24news.com\/index.php?rest_route=\/wp\/v2\/posts\/48682"}],"collection":[{"href":"https:\/\/speyer24news.com\/index.php?rest_route=\/wp\/v2\/posts"}],"about":[{"href":"https:\/\/speyer24news.com\/index.php?rest_route=\/wp\/v2\/types\/post"}],"author":[{"embeddable":true,"href":"https:\/\/speyer24news.com\/index.php?rest_route=\/wp\/v2\/users\/3"}],"replies":[{"embeddable":true,"href":"https:\/\/speyer24news.com\/index.php?rest_route=%2Fwp%2Fv2%2Fcomments&post=48682"}],"version-history":[{"count":1,"href":"https:\/\/speyer24news.com\/index.php?rest_route=\/wp\/v2\/posts\/48682\/revisions"}],"predecessor-version":[{"id":48685,"href":"https:\/\/speyer24news.com\/index.php?rest_route=\/wp\/v2\/posts\/48682\/revisions\/48685"}],"wp:featuredmedia":[{"embeddable":true,"href":"https:\/\/speyer24news.com\/index.php?rest_route=\/wp\/v2\/media\/26162"}],"wp:attachment":[{"href":"https:\/\/speyer24news.com\/index.php?rest_route=%2Fwp%2Fv2%2Fmedia&parent=48682"}],"wp:term":[{"taxonomy":"category","embeddable":true,"href":"https:\/\/speyer24news.com\/index.php?rest_route=%2Fwp%2Fv2%2Fcategories&post=48682"},{"taxonomy":"post_tag","embeddable":true,"href":"https:\/\/speyer24news.com\/index.php?rest_route=%2Fwp%2Fv2%2Ftags&post=48682"}],"curies":[{"name":"wp","href":"https:\/\/api.w.org\/{rel}","templated":true}]}}