{"id":48713,"date":"2022-08-24T12:02:31","date_gmt":"2022-08-24T11:02:31","guid":{"rendered":"https:\/\/speyer24news.com\/?p=48713"},"modified":"2022-08-24T12:02:32","modified_gmt":"2022-08-24T11:02:32","slug":"feuerwehr-speyer-27","status":"publish","type":"post","link":"https:\/\/speyer24news.com\/?p=48713","title":{"rendered":"Feuerwehr Speyer"},"content":{"rendered":"<style type=\"text\/css\">\r\n\t.ads_top_disp{}\r\n\t.ads_top_corner_disp{ float:left; margin:0px 10px 10px 0px; }\r\n\t.ads_first_p_disp{}\r\n\t.ads_bottom_disp{}\r\n\t<\/style>\n<h2 class=\"wp-block-heading\">Tag der Feuerwehr Speyer am 04.09.2022<\/h2>\n\n\n<div class=\"wp-block-image\">\n<figure class=\"aligncenter size-full\"><img decoding=\"async\" loading=\"lazy\" width=\"500\" height=\"707\" src=\"https:\/\/speyer24news.com\/wp-content\/uploads\/2022\/08\/Tag-der-Feuerwehr-2022.jpg\" alt=\"\" class=\"wp-image-48714\" srcset=\"https:\/\/speyer24news.com\/wp-content\/uploads\/2022\/08\/Tag-der-Feuerwehr-2022.jpg 500w, https:\/\/speyer24news.com\/wp-content\/uploads\/2022\/08\/Tag-der-Feuerwehr-2022-212x300.jpg 212w\" sizes=\"(max-width: 500px) 100vw, 500px\" \/><\/figure><\/div>\n\n\n<p>Nachdem der Tag der Feuerwehr pandemiebedingt zwei Jahre in Folge nicht wie gewohnt stattfinden konnte, gibt es am <strong>Sonntag, 4. September 2022 ab 10 bis 18 Uhr<\/strong> in der Feuerwache (Industriestra\u00dfe 7) endlich wieder ein Fest im gewohnten Rahmen.<\/p>\n\n\n\n<p>Der diesj\u00e4hrige Tag der Feuerwehr steht dabei ganz im Zeichen des Katastrophenschutzes.<\/p>\n\n\n<div class=\"wp-block-image\">\n<figure class=\"aligncenter size-full\"><img decoding=\"async\" loading=\"lazy\" width=\"800\" height=\"600\" src=\"https:\/\/speyer24news.com\/wp-content\/uploads\/2022\/08\/Feuerwehrtag-2019-2.jpg\" alt=\"\" class=\"wp-image-48715\" srcset=\"https:\/\/speyer24news.com\/wp-content\/uploads\/2022\/08\/Feuerwehrtag-2019-2.jpg 800w, https:\/\/speyer24news.com\/wp-content\/uploads\/2022\/08\/Feuerwehrtag-2019-2-300x225.jpg 300w, https:\/\/speyer24news.com\/wp-content\/uploads\/2022\/08\/Feuerwehrtag-2019-2-768x576.jpg 768w, https:\/\/speyer24news.com\/wp-content\/uploads\/2022\/08\/Feuerwehrtag-2019-2-678x509.jpg 678w, https:\/\/speyer24news.com\/wp-content\/uploads\/2022\/08\/Feuerwehrtag-2019-2-326x245.jpg 326w, https:\/\/speyer24news.com\/wp-content\/uploads\/2022\/08\/Feuerwehrtag-2019-2-80x60.jpg 80w\" sizes=\"(max-width: 800px) 100vw, 800px\" \/><\/figure><\/div>\n\n\n<p>Nat\u00fcrlich kommen auch das gem\u00fctliche Beisammensein, nette Gespr\u00e4che, Schauvorf\u00fchrungen und leckeres Essen \u2013 f\u00fcr das wie immer die Schnelleinsatzgruppe \u2013 Verpflegung (SEG-V) sorgt \u2013 nicht zu kurz. Eingeladen sind alle interessierten B\u00fcrgerinnen und B\u00fcrger sowie Freunde der Feuerwehr, die sich vor Ort ein Bild von deren Leistungsf\u00e4higkeit im Bereich des Katastrophenschutzes und dar\u00fcber hinaus machen m\u00f6chten. <strong>Die Veranstaltung beginnt um 10:00 Uhr und wird um 10:30 Uhr durch<\/strong><\/p>\n\n\n\n<p class=\"has-text-align-center\">Oberb\u00fcrgermeisterin Stefanie Seiler<br>und<br>Brand-und Katastrophenschutzinspekteur Peter Eymann er\u00f6ffnet.<\/p>\n\n\n<div class=\"wp-block-image\">\n<figure class=\"aligncenter size-full\"><img decoding=\"async\" loading=\"lazy\" width=\"800\" height=\"600\" src=\"https:\/\/speyer24news.com\/wp-content\/uploads\/2022\/08\/Feuerwehrtag-2019-3.jpg\" alt=\"\" class=\"wp-image-48716\" srcset=\"https:\/\/speyer24news.com\/wp-content\/uploads\/2022\/08\/Feuerwehrtag-2019-3.jpg 800w, https:\/\/speyer24news.com\/wp-content\/uploads\/2022\/08\/Feuerwehrtag-2019-3-300x225.jpg 300w, https:\/\/speyer24news.com\/wp-content\/uploads\/2022\/08\/Feuerwehrtag-2019-3-768x576.jpg 768w, https:\/\/speyer24news.com\/wp-content\/uploads\/2022\/08\/Feuerwehrtag-2019-3-678x509.jpg 678w, https:\/\/speyer24news.com\/wp-content\/uploads\/2022\/08\/Feuerwehrtag-2019-3-326x245.jpg 326w, https:\/\/speyer24news.com\/wp-content\/uploads\/2022\/08\/Feuerwehrtag-2019-3-80x60.jpg 80w\" sizes=\"(max-width: 800px) 100vw, 800px\" \/><\/figure><\/div>\n\n\n<p>Im Hof der Feuerwache pr\u00e4sentieren alle Facheinheiten (Wasserschutzzug, Gefahrstoffzug, Information und Kommunikation und Wasserf\u00f6rderung) der Feuerwehr Speyer sowie die Schnelleinsatzgruppe Sanit\u00e4t\/Betreuung (SEG SAN\/Betreuung), das THW Speyer und die DLRG Speyer ihre Mitmach- und Informationsstationen. Auch der st\u00e4dtische Baubetriebshof wird mit einem Stand zum Thema mobiler Hochwasserschutz teilnehmen.<\/p>\n\n\n\n<p>An den verschiedenen Stationen besteht f\u00fcr die Besucher*innen vielfach die M\u00f6glichkeit auch mal selbst Hand anzulegen und Dinge auszuprobieren. Praktisch veranschaulicht wird au\u00dferdem ein 10-Tages-Vorrat an Essen und Getr\u00e4nken f\u00fcr eine Person, wie er vom Bundesamt f\u00fcr Bev\u00f6lkerungsschutz und Katastrophenhilfe empfohlen wird.<\/p>\n\n\n<div class=\"wp-block-image\">\n<figure class=\"aligncenter size-full\"><img decoding=\"async\" loading=\"lazy\" width=\"800\" height=\"530\" src=\"https:\/\/speyer24news.com\/wp-content\/uploads\/2022\/08\/Feuerwehrtag-2019-6.jpg\" alt=\"\" class=\"wp-image-48717\" srcset=\"https:\/\/speyer24news.com\/wp-content\/uploads\/2022\/08\/Feuerwehrtag-2019-6.jpg 800w, https:\/\/speyer24news.com\/wp-content\/uploads\/2022\/08\/Feuerwehrtag-2019-6-300x199.jpg 300w, https:\/\/speyer24news.com\/wp-content\/uploads\/2022\/08\/Feuerwehrtag-2019-6-768x509.jpg 768w\" sizes=\"(max-width: 800px) 100vw, 800px\" \/><\/figure><\/div>\n\n\n<p>Im Rahmen einer Parade auf der Heinkelstra\u00dfe werden alle neuen Fahrzeugen und Ger\u00e4te pr\u00e4sentiert, die seit 2020 f\u00fcr die Feuerwehr und den Katastrophenschutz angeschafft wurden. Im Anschluss wird unter dem Titel \u201eAlarm der Hilfskr\u00e4fte\u201c ein kleines Theaterst\u00fcck aufgef\u00fchrt, das den Zuschauenden greifbar macht, wie sich ein Alarm f\u00fcr Hilfskr\u00e4fte im Ehrenamt im Alltag darstellt. Dabei wird auch darauf eingegangen, wie sich ein R\u00fcckgang des ehrenamtlichen Engagements \u2013 insbesondere bei der Freiwilligen Feuerwehr \u2013 auf die Alarmierung und letztlich auf die \u201eSchlagkraft\u201c der Feuerwehr als Ganzes auswirkt. Dar\u00fcber hinaus wird es noch zahlreiche weitere Highlights im Programm geben, wie beispielsweise die Pr\u00e4sentation eines ausr\u00fcckbereiten L\u00f6schzuges, Spiel und Spa\u00df Angebote f\u00fcr Kinder von der Jugendfeuerwehr sowie die Ausstellung der Gro\u00dfrauml\u00fcfter der Feuerwehr Speyer, des HydroJet-Systems und der GW-Logistik (Ger\u00e4tewagen Logistik, sprich mit Ger\u00e4te und Material f\u00fcr den Feuerwehreinsatz) der Werkfeuerwehr Haltermann.<\/p>\n\n\n<div class=\"wp-block-image\">\n<figure class=\"aligncenter size-full\"><img decoding=\"async\" loading=\"lazy\" width=\"800\" height=\"530\" src=\"https:\/\/speyer24news.com\/wp-content\/uploads\/2022\/08\/Feuerwehrtag-2019-7.jpg\" alt=\"\" class=\"wp-image-48718\" srcset=\"https:\/\/speyer24news.com\/wp-content\/uploads\/2022\/08\/Feuerwehrtag-2019-7.jpg 800w, https:\/\/speyer24news.com\/wp-content\/uploads\/2022\/08\/Feuerwehrtag-2019-7-300x199.jpg 300w, https:\/\/speyer24news.com\/wp-content\/uploads\/2022\/08\/Feuerwehrtag-2019-7-768x509.jpg 768w\" sizes=\"(max-width: 800px) 100vw, 800px\" \/><\/figure><\/div>\n\n\n<p>Aufgrund der Veranstaltung muss die Heinkelstra\u00dfe zwischen der Einm\u00fcndung Industriestra\u00dfe und der Stichstra\u00dfe Heinkelstra\u00dfe (H\u00f6he Peugeot-H\u00e4ndler) am Sonntag, den 4. September 2022 zwischen 7 und 21 Uhr f\u00fcr den Individualverkehr gesperrt werden. Umleitungen \u00fcber die Industriestra\u00dfe und Am Neuen Rheinhafen sind ausgewiesen. Die Zufahrt ist bis in die Stichstra\u00dfe Heinkelstra\u00dfe von der Geibstra\u00dfe und Stra\u00dfe Am Neuen Rheinhafen aus kommend weiterhin m\u00f6glich.<\/p>\n\n\n\n<p><em>Text: Feuerwehr Speyer Foto: Speyer 24\/7 News<br>24.08.2022<\/em><\/p>\n","protected":false},"excerpt":{"rendered":"<div class=\"mh-excerpt\"><p>Tag der Feuerwehr Speyer am 04.09.2022 Nachdem der Tag der Feuerwehr pandemiebedingt zwei Jahre in Folge nicht wie gewohnt stattfinden konnte, gibt es am Sonntag, 4. September 2022 ab 10 bis 18 Uhr in der <a class=\"mh-excerpt-more\" href=\"https:\/\/speyer24news.com\/?p=48713\" title=\"Feuerwehr Speyer\">[&#8230;]<\/a><\/p>\n<\/div>","protected":false},"author":3,"featured_media":31256,"comment_status":"open","ping_status":"open","sticky":false,"template":"","format":"standard","meta":{"_monsterinsights_skip_tracking":false,"_monsterinsights_sitenote_active":false,"_monsterinsights_sitenote_note":"","_monsterinsights_sitenote_category":0,"footnotes":""},"categories":[12,13],"tags":[54,507,506,7957,15269,6558,3123,8321],"aioseo_notices":[],"amp_enabled":true,"_links":{"self":[{"href":"https:\/\/speyer24news.com\/index.php?rest_route=\/wp\/v2\/posts\/48713"}],"collection":[{"href":"https:\/\/speyer24news.com\/index.php?rest_route=\/wp\/v2\/posts"}],"about":[{"href":"https:\/\/speyer24news.com\/index.php?rest_route=\/wp\/v2\/types\/post"}],"author":[{"embeddable":true,"href":"https:\/\/speyer24news.com\/index.php?rest_route=\/wp\/v2\/users\/3"}],"replies":[{"embeddable":true,"href":"https:\/\/speyer24news.com\/index.php?rest_route=%2Fwp%2Fv2%2Fcomments&post=48713"}],"version-history":[{"count":1,"href":"https:\/\/speyer24news.com\/index.php?rest_route=\/wp\/v2\/posts\/48713\/revisions"}],"predecessor-version":[{"id":48719,"href":"https:\/\/speyer24news.com\/index.php?rest_route=\/wp\/v2\/posts\/48713\/revisions\/48719"}],"wp:featuredmedia":[{"embeddable":true,"href":"https:\/\/speyer24news.com\/index.php?rest_route=\/wp\/v2\/media\/31256"}],"wp:attachment":[{"href":"https:\/\/speyer24news.com\/index.php?rest_route=%2Fwp%2Fv2%2Fmedia&parent=48713"}],"wp:term":[{"taxonomy":"category","embeddable":true,"href":"https:\/\/speyer24news.com\/index.php?rest_route=%2Fwp%2Fv2%2Fcategories&post=48713"},{"taxonomy":"post_tag","embeddable":true,"href":"https:\/\/speyer24news.com\/index.php?rest_route=%2Fwp%2Fv2%2Ftags&post=48713"}],"curies":[{"name":"wp","href":"https:\/\/api.w.org\/{rel}","templated":true}]}}