{"id":48773,"date":"2022-08-28T07:38:39","date_gmt":"2022-08-28T06:38:39","guid":{"rendered":"https:\/\/speyer24news.com\/?p=48773"},"modified":"2022-08-28T07:38:41","modified_gmt":"2022-08-28T06:38:41","slug":"polizeimeldungen-samstag-27-08-2022","status":"publish","type":"post","link":"https:\/\/speyer24news.com\/?p=48773","title":{"rendered":"Polizeimeldungen Samstag (27.08.2022)"},"content":{"rendered":"<style type=\"text\/css\">\r\n\t.ads_top_disp{}\r\n\t.ads_top_corner_disp{ float:left; margin:0px 10px 10px 0px; }\r\n\t.ads_first_p_disp{}\r\n\t.ads_bottom_disp{}\r\n\t<\/style>\n<h2 class=\"wp-block-heading\">Polizeimeldungen vom Samstag (27.08.2022)<\/h2>\n\n\n<div class=\"wp-block-image\">\n<figure class=\"aligncenter size-full\"><img decoding=\"async\" loading=\"lazy\" width=\"375\" height=\"500\" src=\"https:\/\/speyer24news.com\/wp-content\/uploads\/2022\/03\/Aktuelles-Polizeilogo.jpg\" alt=\"\" class=\"wp-image-43591\" srcset=\"https:\/\/speyer24news.com\/wp-content\/uploads\/2022\/03\/Aktuelles-Polizeilogo.jpg 375w, https:\/\/speyer24news.com\/wp-content\/uploads\/2022\/03\/Aktuelles-Polizeilogo-225x300.jpg 225w\" sizes=\"(max-width: 375px) 100vw, 375px\" \/><\/figure><\/div>\n\n\n<h2 class=\"wp-block-heading\">(Speyer) &#8211; Fahrl\u00e4ssige K\u00f6rperverletzung infolge einer Hundeattacke<a href=\"https:\/\/www.facebook.com\/sharer.php?u=https%3A%2F%2Fwww.presseportal.de%2Fblaulicht%2Fpm%2F117688%2F5306839%2F%3Futm_source%3Dfacebook%26utm_medium%3Dsocial\"><\/a><a href=\"https:\/\/twitter.com\/intent\/tweet?text=POL-PDLU%3A%20Fahrl%C3%A4ssige%20K%C3%B6rperverletzung%20infolge%20einer%20Hundeattacke&amp;url=https%3A%2F%2Fwww.presseportal.de%2Fblaulicht%2Fpm%2F117688%2F5306839%2F%3Futm_source%3Dtwitter%26utm_medium%3Dsocial&amp;hashtags=ots&amp;lang=de\"><\/a><a href=\"https:\/\/web.whatsapp.com\/send?text=POL-PDLU%3A%20Fahrl%C3%A4ssige%20K%C3%B6rperverletzung%20infolge%20einer%20Hundeattacke%0A%0Ahttps%3A%2F%2Fwww.presseportal.de%2Fblaulicht%2Fpm%2F117688%2F5306839%2F%3Futm_source%3Dwhatsapp%26utm_medium%3Dsocial\"><\/a><a href=\"https:\/\/www.xing.com\/app\/user?op=share;url=https%3A%2F%2Fwww.presseportal.de%2Fblaulicht%2Fpm%2F117688%2F5306839%2F%3Futm_source%3Dxing%26utm_medium%3Dsocial\"><\/a><a href=\"http:\/\/www.linkedin.com\/shareArticle?mini=true&amp;url=https%3A%2F%2Fwww.presseportal.de%2Fblaulicht%2Fpm%2F117688%2F5306839%2F%3Futm_source%3Dlinkedin%26utm_medium%3Dsocial&amp;title=POL-PDLU%3A+Fahrl%C3%A4ssige+K%C3%B6rperverletzung+infolge+einer+Hundeattacke\"><\/a><a href=\"mailto:?subject=POL-PDLU%3A%20Fahrl%C3%A4ssige%20K%C3%B6rperverletzung%20infolge%20einer%20Hundeattacke&amp;body=https:\/\/www.presseportal.de\/blaulicht\/pm\/117688\/5306839\"><\/a><\/h2>\n\n\n\n<p>Am Samstagvormittag spazierte eine Dame mit ihrem Chihuahua in der Johannesstra\u00dfe in Speyer auf dem B\u00fcrgersteig, als gleichzeitig eine andere Frau ihren Hund (Dogo Argentino) aus dem Auto lud. Als  die Erstgenannte dies bemerkte, wollte sie aus Sicherheitsgr\u00fcnden ihren kleinen Hund auf den Arm nehmen, was ihr jedoch nicht mehr gelang.<\/p>\n\n\n\n<p>Der Dogo Argentino lie\u00df sich von seinem Frauchen nicht mehr halten und griff den Chihuahua an. Durch die Wucht des gro\u00dfen Hundes st\u00fcrzte die Dame zu Boden und zog sich Schmerzen in der rechten  K\u00f6rperh\u00e4lfte zu. Sie wurde vorsorglich in einem Krankenhaus medizinisch untersucht. Ihr Chihuahua verstarb infolge der Attacke des anderen Hundes. <\/p>\n\n\n\n<p>Die f\u00fcr die Tierhaltung zust\u00e4ndigen Beh\u00f6rden wurden \u00fcber den Vorfall in Kenntnis gesetzt. Gegen die Frau, die den angreifenden Hund beaufsichtigte, wurde eine Anzeige wegen fahrl\u00e4ssiger  K\u00f6rperverletzung erstattet. Zeugen werden gebeten, sich mit der Polizeiinspektion Speyer unter 06232 137-0 oder <a href=\"mailto:pispeyer@polizei.rlp.de\">pispeyer@polizei.rlp.de<\/a> in Verbindung zu setzen.<\/p>\n\n\n\n<h2 class=\"wp-block-heading\">(Speyer) &#8211; Unter Drogeneinfluss vor der Polizei gefl\u00fcchtet<\/h2>\n\n\n\n<p>Am Samstagmorgen sollte im Otterstadter Weg in Speyer ein Rollerfahrer einer Verkehrskontrolle unterzogen werden. Als der Fahrer die Situation realisierte, fuhr dieser direkt auf die Polizisten zu und \u00fcberfuhr hierbei einen Fu\u00df eines eingesetzten Beamten. Der andere Polizist konnte durch ein schnelles Ausweichen einen Zusammensto\u00df noch verhindern. Nachdem dem Rollerfahrer zun\u00e4chst die Flucht gelang, konnte er kurze Zeit sp\u00e4ter im Rahmen von umfangreichen Ermittlungen an dessen Arbeitsstelle angetroffen und festgenommen werden. Es stellte sich heraus, dass er keine g\u00fcltige Fahrerlaubnis und  keinen Versicherungsschutz f\u00fcr seinen Roller hat und zudem unter dem Einfluss von Bet\u00e4ubungsmitteln stand. Weiterhin konnte Marihuana aufgefunden werden, welches ihm zuzuordnen ist.  <\/p>\n\n\n\n<p>Nach der Entnahme einer Blutprobe und erkennungsdienstlicher Behandlung wurde er aus den polizeilichen Ma\u00dfnahmen entlassen. Er muss sich nun wegen mehrerer Strafanzeigen, unter anderem auch wegen gef\u00e4hrlichem Eingriff in den Stra\u00dfenverkehr und t\u00e4tlichem Angriff auf Vollstreckungsbeamte verantworten. Sein Roller wurde zur Verhinderung weiterer Straftaten eingezogen. Der Beamte, dem er \u00fcber den Fu\u00df gefahren ist, wurde leicht verletzt,  konnte jedoch seinen Dienst fortsetzen. Zeugen werden gebeten, sich mit der Polizeiinspektion Speyer unter 06232 137-0 oder <a href=\"mailto:pispeyer@polizei.rlp.de\">pispeyer@polizei.rlp.de<\/a> in Verbindung zu setzen.<\/p>\n\n\n\n<h2 class=\"wp-block-heading\">(Hagenbach) &#8211; Fahrradfahrer st\u00fcrzt und verletzt sich<\/h2>\n\n\n\n<p>Am Morgen des 26. August st\u00fcrzte gegen 09:00 Uhr ein 83-j\u00e4hriger Mann mit seinem Fahrrad in der Habsburgerallee in Hagenbach. Hierbei verletzte er sich schwer und musste in ein Krankenhaus gebracht werden. Personen, welche den Unfall beobachtet haben, werden gebeten, sich mit der Polizeiinspektion W\u00f6rth in Verbindung zu setzen.<\/p>\n\n\n\n<h2 class=\"wp-block-heading\">(Bad Bergzabern) &#8211; Unerlaubt vom Unfallort entfernt<\/h2>\n\n\n\n<p>Am 26.08.2022, zwischen 11:00 Uhr und 16:00 Uhr, wurde auf dem Parkplatz eines Einkaufsmarktes in der Kapeller Stra\u00dfe, ein grauer SUV der Marke Mercedes auf der rechten Fahrzeugseite, im Bereich des Seitenschwellers besch\u00e4digt. Ein bislang noch unbekannter Fahrzeugf\u00fchrer stie\u00df gegen die Seite und entfernte sich anschlie\u00dfend unerlaubt von der Unfallstelle. Der entstandene Sachschaden wird auf 500 EUR gesch\u00e4tzt. Hinweise zu dem Verursacher nimmt die Polizeiinspektion Bad Bergzabern unter 06343\/93340 oder\u00a0<a href=\"mailto:pibadbergzaber@polizei.rlp.de\">pibadbergzaber@polizei.rlp.de<\/a>\u00a0entgegen.<\/p>\n\n\n\n<h2 class=\"wp-block-heading\">(Landau \/ B 10) &#8211; Frontalzusammensto\u00df auf der B10<\/h2>\n\n\n<div class=\"wp-block-image\">\n<figure class=\"aligncenter size-full\"><img decoding=\"async\" loading=\"lazy\" width=\"640\" height=\"480\" src=\"https:\/\/speyer24news.com\/wp-content\/uploads\/2022\/08\/B10.jpg\" alt=\"\" class=\"wp-image-48775\" srcset=\"https:\/\/speyer24news.com\/wp-content\/uploads\/2022\/08\/B10.jpg 640w, https:\/\/speyer24news.com\/wp-content\/uploads\/2022\/08\/B10-300x225.jpg 300w, https:\/\/speyer24news.com\/wp-content\/uploads\/2022\/08\/B10-326x245.jpg 326w, https:\/\/speyer24news.com\/wp-content\/uploads\/2022\/08\/B10-80x60.jpg 80w\" sizes=\"(max-width: 640px) 100vw, 640px\" \/><\/figure><\/div>\n\n\n<p>In den fr\u00fchen Morgenstunden des 27.08.22 (Samstag) kam es um 03:54 Uhr zu einem Frontalzusammensto\u00df zwischen einem LKW und einem PKW auf der B10. Zuvor war ein 21-J\u00e4hriger mit seinem Auto aus Richtung Annweiler in Richtung A65 gefahren, als er auf H\u00f6he Landau-Godramstein aus nicht abschlie\u00dfend gekl\u00e4rter Ursache in den Gegenverkehr kam. Hier kollidierte er frontal mit dem entgegenkommenden LKW. Beim Zusammensto\u00df wurden der 21-J\u00e4hrige und seine 18-j\u00e4hrige Beifahrerin lebensgef\u00e4hrlich verletzt. <\/p>\n\n\n<div class=\"wp-block-image\">\n<figure class=\"aligncenter size-full\"><img decoding=\"async\" loading=\"lazy\" width=\"640\" height=\"480\" src=\"https:\/\/speyer24news.com\/wp-content\/uploads\/2022\/08\/B102.jpg\" alt=\"\" class=\"wp-image-48774\" srcset=\"https:\/\/speyer24news.com\/wp-content\/uploads\/2022\/08\/B102.jpg 640w, https:\/\/speyer24news.com\/wp-content\/uploads\/2022\/08\/B102-300x225.jpg 300w, https:\/\/speyer24news.com\/wp-content\/uploads\/2022\/08\/B102-326x245.jpg 326w, https:\/\/speyer24news.com\/wp-content\/uploads\/2022\/08\/B102-80x60.jpg 80w\" sizes=\"(max-width: 640px) 100vw, 640px\" \/><\/figure><\/div>\n\n\n<p>Beide wurden umgehend zur Behandlung in umliegende Krankenh\u00e4user verbracht. Der 35-j\u00e4hrige LKW-Fahrer wurde bei dem Unfall lediglich leicht verletzt. Die stark besch\u00e4digten Fahrzeuge wurden sichergestellt und ein Gutachter wurde zur Kl\u00e4rung der Unfallumst\u00e4nde hinzugezogen. Durch die aktuelle Unfallaufnahme sowie anschlie\u00dfende Reinigungsarbeiten wird die B10 an genannter Stelle voraussichtlich noch f\u00fcr mehrere Stunden gesperrt sein.<\/p>\n\n\n\n<h3 class=\"has-text-align-center wp-block-heading\">Nachtragsmeldung<\/h3>\n\n\n\n<p>Bezugnehmend auf die Pressemeldung der Polizeiinspektion Edenkoben vom 27.08.22, 08:30 Uhr wird mitgeteilt, dass die Reinigungsarbeiten auf der B10 H\u00f6he Landau-Godramstein zwischenzeitlich beendet wurden. Die Vollsperrung der B10 ist somit aufgehoben und ein freies Befahren wieder m\u00f6glich.<\/p>\n\n\n\n<h2 class=\"wp-block-heading\">(Landau) &#8211; Verkehrsunfall durch m\u00f6gliches &#8222;Ausbremsen&#8220; \/ Zeugenaufruf<\/h2>\n\n\n\n<p>Am 26.08.22, um 16:38 Uhr kam es auf der B10 H\u00f6he Landau-Godramstein zu einem Auffahrunfall zwischen zwei PKW. Hierbei fuhr eine 32-J\u00e4hrige aus der Verbandsgemeinde Annweiler einem 31-J\u00e4hrigen aus derselben Verbandsgemeinde auf. Laut der 32-J\u00e4hrigen habe sie ihr Unfallgegner zuvor wiederholt stark ausgebremst, da er sich m\u00f6glicherweise \u00fcber eine vorangegangene Verkehrssituation ge\u00e4rgert habe. Wenige Augenblicke vorher habe die Frau n\u00e4mlich selbst stark bremsen m\u00fcssen, da ein vor ihr fahrendes Auto an der Auffahrt Godramstein pl\u00f6tzlich auf der B10 gewendet habe. Von dem &#8222;Wender&#8220; ist lediglich bekannt, dass es sich um einen kleinen Kombi gehandelt haben soll.<\/p>\n\n\n\n<p>Zeugen, die Angaben zum beschriebenen Sachverhalt machen k\u00f6nnen, werden gebeten, sich bei der Polizei Edenkoben unter 06323 \/ 955 0 zu melden.<\/p>\n\n\n\n<h2 class=\"wp-block-heading\">(Essingen) &#8211; K\u00f6rperverletzung auf Weinfest<\/h2>\n\n\n\n<p>Am Freitag, den 26.08.2022, kam es auf dem Weinfest in Essingen, im Bereich der Schulstra\u00dfe, gegen 23:45 Uhr, zu einer K\u00f6rperverletzung zum Nachteil eines 26-j\u00e4hrigen. Laut Angaben der vor Ort festzustellenden Zeugen seien bereits im Vorfeld der k\u00f6rperlichen Auseinandersetzung zwei Jugendliche aufgefallen, welche sich gegen\u00fcber dem Sicherheitspersonal, sowie auch weiteren Besuchern des Weinfestes, aggressiv verhalten h\u00e4tten.<\/p>\n\n\n\n<p>Im Bereich einer B\u00fchne in der Schulstra\u00dfe soll einer der Jugendlichen schlie\u00dflich dem 26-j\u00e4hrigen Gesch\u00e4digten grundlos mit einem Stein in das Gesicht geschlagen haben, welcher hierdurch leichte Verletzungen davontrug und zur Behandlung in ein Landauer Krankenhaus verbracht werden musste.<\/p>\n\n\n\n<p>Die Polizei bittet Zeugen, die Hinweise zu der Tat oder den T\u00e4tern geben k\u00f6nnen, sich telefonisch unter 06341\/2870 oder per Email an\u00a0<a href=\"mailto:pilandau@polizei.rlp.de\">pilandau@polizei.rlp.de<\/a>\u00a0bei der Polizei Landau zu melden.<\/p>\n\n\n\n<h2 class=\"wp-block-heading\">(Obrigheim) &#8211; Unter Bet\u00e4ubungsmitteleinfluss Pkw gef\u00fchrt<\/h2>\n\n\n\n<p>Am 27.08.2022, gegen 22:15 Uhr, konnten Beamte der Polizeiinspektion Gr\u00fcnstadt auf einem Feldweg in der N\u00e4he der Hauptstra\u00dfe in Obrigheim (Pfalz)den 22-j\u00e4hrigen Fahrer eines Pkw einer Verkehrskontrolle unterziehen. In der Folge wurden bei dem jungen Mann drogentypische Auffallerscheinungen festgestellt. Ein durchgef\u00fchrter Drogenschnelltest reagierte positiv auf THC. Die Weiterfahrt wurde untersagt und dem Fahrzeugf\u00fchrer eine Blutprobe entnommen. Ein entsprechendes Verfahren wurde eingeleitet. Der 22-j\u00e4hrige muss nun mit einem Bu\u00dfgeld in H\u00f6he von 500 Euro, einem Monat Fahrverbot sowie zwei Punkten im Fahreignungsregister in Flensburg rechnen.<\/p>\n\n\n\n<h2 class=\"wp-block-heading\">(Obrigheim) &#8211; Erfolgreiche Vermisstensuche<\/h2>\n\n\n\n<p>Am Abend des 27.08.2022 wurde in Obrigheim eine 86-j\u00e4hrige demenzkranke Frau als vermisst gemeldet, was umfangreiche Suchma\u00dfnahmen ausl\u00f6ste. So waren Polizei, Feuerwehr und kommunaler Vollzug in gro\u00dfer Anzahl an der Suche beteiligt, wobei auch Drohnen und Sp\u00fcrhunde eingesetzt wurden. Die Frau konnte dann drei Stunden sp\u00e4ter in einem schlecht einsehbaren Weggraben liegend aufgefunden werden, wohin sie offensichtlich gest\u00fcrzt war. Sie war zwar einigerma\u00dfen wohlbehalten, wurde jedoch zu einer eingehenderen Untersuchung ins Krankenhaus verbracht.<\/p>\n\n\n\n<h2 class=\"wp-block-heading\">(He\u00dfheim) &#8211; Verkehrsunfallflucht durch Motorradfahrer<\/h2>\n\n\n<div class=\"wp-block-image\">\n<figure class=\"aligncenter size-full\"><img decoding=\"async\" loading=\"lazy\" width=\"801\" height=\"600\" src=\"https:\/\/speyer24news.com\/wp-content\/uploads\/2020\/05\/Zeugen-gesucht-Neutral.jpg\" alt=\"\" class=\"wp-image-26598\" srcset=\"https:\/\/speyer24news.com\/wp-content\/uploads\/2020\/05\/Zeugen-gesucht-Neutral.jpg 801w, https:\/\/speyer24news.com\/wp-content\/uploads\/2020\/05\/Zeugen-gesucht-Neutral-300x225.jpg 300w, https:\/\/speyer24news.com\/wp-content\/uploads\/2020\/05\/Zeugen-gesucht-Neutral-768x575.jpg 768w, https:\/\/speyer24news.com\/wp-content\/uploads\/2020\/05\/Zeugen-gesucht-Neutral-678x509.jpg 678w, https:\/\/speyer24news.com\/wp-content\/uploads\/2020\/05\/Zeugen-gesucht-Neutral-326x245.jpg 326w, https:\/\/speyer24news.com\/wp-content\/uploads\/2020\/05\/Zeugen-gesucht-Neutral-80x60.jpg 80w\" sizes=\"(max-width: 801px) 100vw, 801px\" \/><\/figure><\/div>\n\n\n<p>Am Freitagabend (26.08.2022) gegen 22 Uhr wurde durch einen Zeugen eine Verkehrsunfallflucht in der Heuchelheimer Stra\u00dfe in He\u00dfheim gemeldet. Ein Motorradfahrer habe zun\u00e4chst die Kontrolle \u00fcber sein Krad verloren, sei dann \u00fcber eine Verkehrsinsel gefahren und w\u00e4re dann mit einem Schild kollidiert. Von dort wollte er wollte dann fu\u00dfl\u00e4ufig fl\u00fcchten. Ihm konnte zun\u00e4chst durch einen Anwohner und Zeugen der Schl\u00fcssel abgenommen, der Fahrer fl\u00fcchtete jedoch dann samt seinem Kennzeichen von der Unfall\u00f6rtlichkeit. <\/p>\n\n\n\n<h4 class=\"wp-block-heading\">Der Fahrer wurde durch die Zeugen wie folgt beschrieben: <\/h4>\n\n\n\n<ul><li><strong>15-17 Jahre alt<\/strong><\/li><li><strong>m\u00e4nnlich<\/strong><\/li><li><strong>etwa 1,60 m gro\u00df<\/strong><\/li><li><strong>st\u00e4mmige Statur<\/strong><\/li><li><strong>dunkelblondes, kurzes Haar<\/strong><\/li><li><strong>bekleidet mit Jeans und einem gr\u00fcnen Pullover, f\u00fchrte einen braun schwarzen Rucksack. <\/strong><\/li><\/ul>\n\n\n\n<p>Das Motorrad wurde sichergestellt und ein Strafverfahren wegen Verkehrsunfallflucht eingeleitet. Sowohl die Fahrgestellnummer des Motorrades, als auch der zur\u00fcckgelassene Motorradhelm bieten entsprechende Ans\u00e4tze zur Ermittlung des fl\u00fcchtigen Fahrers.<\/p>\n\n\n\n<p>Zeugen werden gebeten sich an die Polizeiinspektion Frankenthal unter der Tel.-Nr.: 06233\/313-0 oder an die Polizeiwache Maxdorf unter der Tel.-Nr.: 06237\/934-1100 zu wenden. Gerne nehmen wir Ihre Hinweise auch per E-Mail unter\u00a0<a href=\"mailto:pifrankenthal@polizei.rlp.de\">pifrankenthal@polizei.rlp.de<\/a>\u00a0entgegen.<\/p>\n\n\n\n<h2 class=\"wp-block-heading\">(Frankenthal) &#8211; Schl\u00e4gerei auf der Kerwe<\/h2>\n\n\n\n<p>Kurz nach Mitternacht am Samstag den 27.08.2022 wurde eine gr\u00f6\u00dfere Schl\u00e4gerei von rund 15-20 Personen auf der Flomersheimer Kerwe in der Haardtstra\u00dfe in Frankenthal-Flomersheim gemeldet. Bei Eintreffen der sowohl aus Frankenthal als auch von benachbarten Dienststellen entsandten Streifen konnten drei Gesch\u00e4digte und mehrere Zeugen angetroffen werden. Diese gaben an, dass es zun\u00e4chst zu einer verbalen Auseinandersetzung zwischen den sp\u00e4teren Gesch\u00e4digten und ca. 10 Personen gekommen sei, welche dann in eine handfeste Schl\u00e4gerei \u00fcberging. Die Gesch\u00e4digten erlitten durch Tritte in den Bauch, sowie Schl\u00e4ge ins Gesicht entsprechende Verletzungen wie eine u.a. Nasenbeinfraktur und wurden durch den Rettungsdienst in ein Krankenhaus verbracht. <\/p>\n\n\n\n<h4 class=\"wp-block-heading\">Der Hauptt\u00e4ter wurde durch die Zeugen und Gesch\u00e4digten wie folgt beschrieben: <\/h4>\n\n\n\n<ul><li><strong>ca. 17-18 Jahre alt<\/strong><\/li><li><strong>ca. 180cm gro\u00df<\/strong><\/li><li><strong>mittelange blonde Haare<\/strong><\/li><li><strong>osteurop\u00e4ischer Ph\u00e4notyp und entsprechender Akzent. <\/strong><\/li><\/ul>\n\n\n\n<p>Eine umfangreiche Nahbereichsfahndung nach den T\u00e4tern verlief negativ. Ein Strafverfahren wegen gef\u00e4hrlicher K\u00f6rperverletzung wurde eingeleitet.<\/p>\n\n\n\n<p>Zeugen werden gebeten sich an die Polizeiinspektion Frankenthal unter der Tel.-Nr.: 06233\/313-0 oder an die Polizeiwache Maxdorf unter der Tel.-Nr.: 06237\/934-1100 zu wenden. Gerne nehmen wir Ihre Hinweise auch per E-Mail unter&nbsp;<a href=\"mailto:pifrankenthal@polizei.rlp.de\">pifrankenthal@polizei.rlp.de<\/a>&nbsp;entgegen.<\/p>\n\n\n\n<h2 class=\"wp-block-heading\">(Frankenthal) &#8211; Betrunken und ohne F\u00fchrerschein unterwegs<\/h2>\n\n\n\n<p>Gegen 23 Uhr am Freitagabend (26.08.2022) wurde der Polizeiinspektion Frankenthal mitgeteilt, dass drei angetrunkene Personen in der Elsa-Brandstr\u00f6m-Stra\u00dfe in Frankenthal in einen PKW Volvo einsteigen und wegfahren wollten. Die unmittelbar entsandten Streifen konnten das Fahrzeug im Nahbereich einer Verkehrskontrolle unterziehen. Alle drei Insassen waren deutlich alkoholisiert. Ein freiwilliger Alkoholtest bei der Fahrerin, einer 34-j\u00e4hrigen Frau aus dem Landkreis Bad D\u00fcrkheim, ergab einen Wert von 2,67 Promille. Sie r\u00e4umte zudem ein nicht im Besitz einer Fahrerlaubnis zu sein. Gegen Sie wurde ein Strafverfahren wegen Trunkenheit im Verkehr und Fahren ohne Fahrerlaubnis eingeleitet. Gegen den ebenfalls alkoholisierten Halter des Fahrzeugs, welcher sich mit in dem Auto befand, wurde eine Verfahren wegen des Duldens von Fahren ohne Fahrerlaubnis erstattet.<\/p>\n\n\n\n<h2 class=\"wp-block-heading\">(Ludwigshafen) &#8211; Verkehrsunfallflucht<\/h2>\n\n\n\n<p>In der Nacht von Freitag auf Samstag kam es gegen 03:25 Uhr in der Steiermarkstra\u00dfe in Ludwigshafen zu einem Verkehrsunfall. Ein unbekannter Verkehrsteilnehmer kollidierte mit einem geparkten Pkw, der durch den Zusammensto\u00df auf zwei weitere Pkw aufgeschoben wurde. Hierbei entstand ein Sachschaden von mindestens 10000 EUR. Der Unfallverursacher entfernte sich im Anschluss unerlaubt vom Unfallort. Anhand von Fahrzeugteilen, die an der Unfallstelle zur\u00fcckblieben ist davon auszugehen, dass es sich bei dem fl\u00fcchtigen Fahrzeug um einen Pkw in der Farbe Orange Metallic handeln d\u00fcrfte. Es ist zu vermuten, dass es sich m\u00f6glicherweise um einen Mitsubishi gehandelt haben k\u00f6nnte. Das Fahrzeug m\u00fcsste einen massiven Frontschaden aufweisen. Zeugenhinweise auf ein Fahrzeug, dass auf die Beschreibung passen k\u00f6nnte, werden bei der Polizeiinspektion Ludwigshafen 1 (Tel.: 0621\/963-2122) entgegengenommen.<\/p>\n\n\n\n<h2 class=\"wp-block-heading\">(Ludwigshafen) &#8211; Versuchter Einbruch in B\u00e4ckerei<a href=\"https:\/\/www.facebook.com\/sharer.php?u=https%3A%2F%2Fwww.presseportal.de%2Fblaulicht%2Fpm%2F117696%2F5306790%2F%3Futm_source%3Dfacebook%26utm_medium%3Dsocial\"><\/a><a href=\"https:\/\/twitter.com\/intent\/tweet?text=POL-PPRP%3A%20Versuchter%20Einbruch%20in%20B%C3%A4ckerei&amp;url=https%3A%2F%2Fwww.presseportal.de%2Fblaulicht%2Fpm%2F117696%2F5306790%2F%3Futm_source%3Dtwitter%26utm_medium%3Dsocial&amp;hashtags=ots&amp;lang=de\"><\/a><a href=\"https:\/\/web.whatsapp.com\/send?text=POL-PPRP%3A%20Versuchter%20Einbruch%20in%20B%C3%A4ckerei%0A%0Ahttps%3A%2F%2Fwww.presseportal.de%2Fblaulicht%2Fpm%2F117696%2F5306790%2F%3Futm_source%3Dwhatsapp%26utm_medium%3Dsocial\"><\/a><a href=\"https:\/\/www.xing.com\/app\/user?op=share;url=https%3A%2F%2Fwww.presseportal.de%2Fblaulicht%2Fpm%2F117696%2F5306790%2F%3Futm_source%3Dxing%26utm_medium%3Dsocial\"><\/a><a href=\"http:\/\/www.linkedin.com\/shareArticle?mini=true&amp;url=https%3A%2F%2Fwww.presseportal.de%2Fblaulicht%2Fpm%2F117696%2F5306790%2F%3Futm_source%3Dlinkedin%26utm_medium%3Dsocial&amp;title=POL-PPRP%3A+Versuchter+Einbruch+in+B%C3%A4ckerei\"><\/a><a href=\"mailto:?subject=POL-PPRP%3A%20Versuchter%20Einbruch%20in%20B%C3%A4ckerei&amp;body=https:\/\/www.presseportal.de\/blaulicht\/pm\/117696\/5306790\"><\/a><\/h2>\n\n\n\n<p>Bislang unbekannte T\u00e4ter drangen am 27.08.2022 zwischen 01:30 Uhr und 02:30 Uhr gewaltsam in eine B\u00e4ckereifiliale in der Bgm.-Gr\u00fcnzweig-Stra\u00dfe ein. Entwendet wurde offensichtlich nichts. Durch einen Zeugen konnten zur genannten Zeit zwei M\u00e4nner beobachtet werden, welche sich an der Eingangst\u00fcr zu schaffen machten. Weitere Hinweise nimmt die Polizeiinspektion Ludwigshafen 2 unter der Telefonnummer 0621-963 2222 entgegen.<\/p>\n\n\n\n<h2 class=\"wp-block-heading\">(Ludwigshafen) &#8211; Trunkenheit im Verkehr<\/h2>\n\n\n\n<p>In der Nacht von Freitag auf Samstag wurden Beamte der Polizeiinspektion Ludwigshafen 1 auf einen Pkw aufmerksam, der verbotswidrig die Fu\u00dfg\u00e4ngerzone am Berliner Platz befuhr. Im Rahmen einer Verkehrskontrolle konnte bei dem 24-j\u00e4hrigen Fahrzeugf\u00fchrer Atemalkoholgeruch wahrgenommen werden. Ein Atemalkoholtest ergab 0,89 Promille. Der Mann muss sich nun in einem Ordnungswidrigkeitenverfahren wegen Trunkenheit im Verkehr verantworten. Ihn erwarten eine Geldstrafe sowie ein Fahrverbot.<\/p>\n\n\n\n<h2 class=\"wp-block-heading\">(Ludwigshafen) &#8211; Alkoholisiert von Fahrrad gest\u00fcrzt<\/h2>\n\n\n\n<p>Am Freitag, den 26.08.2022, gegen 22:00 Uhr, st\u00fcrzte ein 54-j\u00e4hirger Mann aus Ludwigshafen am Goerdeler Platz mit seinem Fahrrad und verletzte sich hierbei leicht im Gesicht. Zuvor wurde durch Zeugen beobachtet wie der Mann mit seinem Fahrrad Schlangenlinien fuhr. Ein Alkoholtest ergab einen Wert von 2,18 Promille. Dem Fahrradfahrer wurde eine Blutprobe entnommen, ihn erwartet nun ein Strafverfahren wegen Trunkenheit im Verkehr.<\/p>\n\n\n\n<h2 class=\"wp-block-heading\">(Ludwigshafen) &#8211; R\u00e4uberischer Diebstahl<a href=\"https:\/\/www.facebook.com\/sharer.php?u=https%3A%2F%2Fwww.presseportal.de%2Fblaulicht%2Fpm%2F117696%2F5306798%2F%3Futm_source%3Dfacebook%26utm_medium%3Dsocial\"><\/a><a href=\"https:\/\/twitter.com\/intent\/tweet?text=POL-PPRP%3A%20R%C3%A4uberischer%20Diebstahl&amp;url=https%3A%2F%2Fwww.presseportal.de%2Fblaulicht%2Fpm%2F117696%2F5306798%2F%3Futm_source%3Dtwitter%26utm_medium%3Dsocial&amp;hashtags=ots&amp;lang=de\"><\/a><a href=\"https:\/\/web.whatsapp.com\/send?text=POL-PPRP%3A%20R%C3%A4uberischer%20Diebstahl%0A%0Ahttps%3A%2F%2Fwww.presseportal.de%2Fblaulicht%2Fpm%2F117696%2F5306798%2F%3Futm_source%3Dwhatsapp%26utm_medium%3Dsocial\"><\/a><a href=\"https:\/\/www.xing.com\/app\/user?op=share;url=https%3A%2F%2Fwww.presseportal.de%2Fblaulicht%2Fpm%2F117696%2F5306798%2F%3Futm_source%3Dxing%26utm_medium%3Dsocial\"><\/a><a href=\"http:\/\/www.linkedin.com\/shareArticle?mini=true&amp;url=https%3A%2F%2Fwww.presseportal.de%2Fblaulicht%2Fpm%2F117696%2F5306798%2F%3Futm_source%3Dlinkedin%26utm_medium%3Dsocial&amp;title=POL-PPRP%3A+R%C3%A4uberischer+Diebstahl\"><\/a><a href=\"mailto:?subject=POL-PPRP%3A%20R%C3%A4uberischer%20Diebstahl&amp;body=https:\/\/www.presseportal.de\/blaulicht\/pm\/117696\/5306798\"><\/a><\/h2>\n\n\n\n<p>Am Freitag kam es in der Rheingalerie zu einem r\u00e4uberischen Diebstahl. Durch einen Ladendetektiv wurde ein 43-j\u00e4hriger Mann bei einem Ladendiebstahl beobachtet und anschlie\u00dfend auf die Tat angesprochen. Der Beschuldigte versetzte dem Ladendetektiv daraufhin einen Sto\u00df und versuchte zu fliehen. Er wurde bis zum Eintreffen der Polizei vor Ort festgehalten. Der Ladendieb erhielt im Anschluss an die Anzeigenaufnahme ein Hausverbot und bekam einen Platzverweis erteilt.<\/p>\n\n\n\n<h2 class=\"wp-block-heading\">(Ludwigshafen) &#8211; Verkehrsunfall mit Personenschaden<\/h2>\n\n\n\n<p>Am Freitagvormittag wurde ein Motoradfahrer bei einem Verkehrsunfall leicht verletzt. Der 49-j\u00e4hrige hatte die Wollstra\u00dfe in Ludwigshafen befahren. An der Kreuzung zur Bliesstra\u00dfe wurde ihm durch einen Pkw die Vorfahrt genommen sodass es zum Zusammensto\u00df kam. Der Verletzte wurde durch den Rettungsdienst vorsorglich ins Krankenhaus verbracht. Es entstand ein Sachschaden in H\u00f6he von ca. 2200 EUR.<\/p>\n\n\n\n<h2 class=\"wp-block-heading\">(Heidelberg-Bahnstadt) &#8211; Fahrstreifenwechsel f\u00fchrt zu Verkehrsunfall, eine Person verletzt<\/h2>\n\n\n\n<p>Kurz nach 17:00 Uhr am Freitagabend wechselte ein 71-J\u00e4hriger unachtsam mit seinem Skoda auf dem Czernyring zwischen der Speyerer und der Eppelheimer Stra\u00dfe den Fahrstreifen und kollidierte mit einer 51-J\u00e4hrigen mit ihrem BMW 2er. Durch den Zusammensto\u00df verletzte sich die BMW-Fahrerin leicht und wurde mit einem Rettungswagen in ein nahegelegenes Krankenhaus gebracht. An beiden Fahrzeugen entstand Sachschaden von je 10.000 EUR. Die Pkw waren aufgrund der Unfallsch\u00e4den nicht mehr fahrbereit und mussten von Abschleppdiensten abgeschleppt werden. Da der Unfallverursacher ohne festen Wohnsitz innerhalb der Bundesrepublik Deutschland ist, wurde bei ihm eine Sicherheitsleistung erhoben.<\/p>\n\n\n\n<p>Der Verkehrsdienst Heidelberg f\u00fchrt die weiteren Ermittlungen.<\/p>\n\n\n\n<h2 class=\"wp-block-heading\">(Hockenheim \/ Rhein-Neckar-Kreis) &#8211; Pkw alleinbeteiligt verunfallt \/ Fahrzeugf\u00fchrer verletzt<a href=\"https:\/\/www.facebook.com\/sharer.php?u=https%3A%2F%2Fwww.presseportal.de%2Fblaulicht%2Fpm%2F14915%2F5306756%2F%3Futm_source%3Dfacebook%26utm_medium%3Dsocial\"><\/a><a href=\"https:\/\/twitter.com\/intent\/tweet?text=POL-MA%3A%20Hockenheim%20%2F%20Rhein-Neckar-Kreis%3A%20Pkw%20alleinbeteiligt%20verunfallt%20-%20Fahrzeugf%C3%BChrer%20verletzt&amp;url=https%3A%2F%2Fwww.presseportal.de%2Fblaulicht%2Fpm%2F14915%2F5306756%2F%3Futm_source%3Dtwitter%26utm_medium%3Dsocial&amp;hashtags=ots&amp;lang=de\"><\/a><a href=\"https:\/\/web.whatsapp.com\/send?text=POL-MA%3A%20Hockenheim%20%2F%20Rhein-Neckar-Kreis%3A%20Pkw%20alleinbeteiligt%20verunfallt%20-%20Fahrzeugf%C3%BChrer%20verletzt%0A%0Ahttps%3A%2F%2Fwww.presseportal.de%2Fblaulicht%2Fpm%2F14915%2F5306756%2F%3Futm_source%3Dwhatsapp%26utm_medium%3Dsocial\"><\/a><a href=\"https:\/\/www.xing.com\/app\/user?op=share;url=https%3A%2F%2Fwww.presseportal.de%2Fblaulicht%2Fpm%2F14915%2F5306756%2F%3Futm_source%3Dxing%26utm_medium%3Dsocial\"><\/a><a href=\"http:\/\/www.linkedin.com\/shareArticle?mini=true&amp;url=https%3A%2F%2Fwww.presseportal.de%2Fblaulicht%2Fpm%2F14915%2F5306756%2F%3Futm_source%3Dlinkedin%26utm_medium%3Dsocial&amp;title=POL-MA%3A+Hockenheim+%2F+Rhein-Neckar-Kreis%3A+Pkw+alleinbeteiligt+verunfallt+-+Fahrzeugf%C3%BChrer+verletzt\"><\/a><a href=\"mailto:?subject=POL-MA%3A%20Hockenheim%20%2F%20Rhein-Neckar-Kreis%3A%20Pkw%20alleinbeteiligt%20verunfallt%20-%20Fahrzeugf%C3%BChrer%20verletzt&amp;body=https:\/\/www.presseportal.de\/blaulicht\/pm\/14915\/5306756\"><\/a><\/h2>\n\n\n\n<p>Am Freitagabend gegen 18.15 Uhr kam es auf der B39 zu einem Verkehrsunfall, bei welchem eine Person verletzt wurde. Der 73-j\u00e4hrige Fahrzeugf\u00fchrer eines Volvo befuhr die B39 in Fahrtrichtung Schwetzingen, als er auf H\u00f6he der Ausfahrt Hockenheim-Nord aus bislang unbekannter Ursache die Kontrolle \u00fcber seinen Pkw verlor und die Mittelleitplanke touchierte. Im weiteren Verlauf kam der Mann mit seinem Volvo im Bereich der Auffahrt Hockenheim-Talhaus nach rechts von der Fahrbahn ab, \u00fcberfuhr ein Verkehrszeichen und durchbrach letztlich die dortige Leitplanke. Das Unfallfahrzeug kam erst nach einem B\u00f6schungs-Sturz von ca. 30 Metern zum Stillstand. Der Fahrer des Pkw befand sich alleine in seinem Pkw und wurde verletzt. \u00dcber die Schwere der Verletzungen ist bislang allerdings noch nichts bekannt. Der 73-J\u00e4hrige wurde zur weiteren Abkl\u00e4rung mit einem Rettungswagen in ein umliegendes Krankenhaus verbracht. Zur Bergung des Pkws war die Feuerwehr Hockenheim mit 5 Fahrzeugen und 16 Einsatzkr\u00e4ften vor Ort. Die Unfallaufnahme durch Beamte des Polizeireviers Schwetzingen sowie die Bergungsma\u00dfnahmen durch die Feuerwehr sowie hinzugerufene Abschleppdienste dauerten bis ca. 22.30 Uhr an. Zu gr\u00f6\u00dferen Verkehrsbehinderungen kam es nicht.<\/p>\n\n\n\n<h2 class=\"wp-block-heading\">(Eberbach \/ Rhein-Neckar-Kreis) &#8211; Trunkenheit im Stra\u00dfenverkehr<\/h2>\n\n\n\n<p>Kurz vor 04:00 Uhr am fr\u00fchen Samstagmorgen kontrollierte eine Streife des Polizeireviers Eberbach ein VW-Fahrer auf der Neckarstra\u00dfe. Im Zuge der Verkehrskontrolle fiel den Beamten deutlicher Alkoholgeruch bei dem 21-j\u00e4hrigen Fahrer auf. Ein durchgef\u00fchrter Test vor Ort ergab eine Alkoholbeeinflussung von knapp 1,4 Promille. Ihm wurde eine Blutprobe entnommen und sein F\u00fchrerschein zu den Akten genommen. Er sieht einem Ermittlungsverfahren wegen Trunkenheit im Stra\u00dfenverkehr entgegen.<\/p>\n","protected":false},"excerpt":{"rendered":"<div class=\"mh-excerpt\"><p>Polizeimeldungen vom Samstag (27.08.2022) (Speyer) &#8211; Fahrl\u00e4ssige K\u00f6rperverletzung infolge einer Hundeattacke Am Samstagvormittag spazierte eine Dame mit ihrem Chihuahua in der Johannesstra\u00dfe in Speyer auf dem B\u00fcrgersteig, als gleichzeitig eine andere Frau ihren Hund (Dogo <a class=\"mh-excerpt-more\" href=\"https:\/\/speyer24news.com\/?p=48773\" title=\"Polizeimeldungen Samstag (27.08.2022)\">[&#8230;]<\/a><\/p>\n<\/div>","protected":false},"author":3,"featured_media":26162,"comment_status":"open","ping_status":"open","sticky":false,"template":"","format":"standard","meta":{"_monsterinsights_skip_tracking":false,"_monsterinsights_sitenote_active":false,"_monsterinsights_sitenote_note":"","_monsterinsights_sitenote_category":0,"footnotes":""},"categories":[12],"tags":[7243,7244,3614,350,14537,15084,15267,14538,702,2555,6955,6986,6263,63,105,6987,53,4854,13534,4683,1548,4905,11592,102,13626,213,14325,14324,13553,13541,55,8277,6368,5261,103,106,2803,2423,427,2625,380,62,104,979,1565],"aioseo_notices":[],"amp_enabled":true,"_links":{"self":[{"href":"https:\/\/speyer24news.com\/index.php?rest_route=\/wp\/v2\/posts\/48773"}],"collection":[{"href":"https:\/\/speyer24news.com\/index.php?rest_route=\/wp\/v2\/posts"}],"about":[{"href":"https:\/\/speyer24news.com\/index.php?rest_route=\/wp\/v2\/types\/post"}],"author":[{"embeddable":true,"href":"https:\/\/speyer24news.com\/index.php?rest_route=\/wp\/v2\/users\/3"}],"replies":[{"embeddable":true,"href":"https:\/\/speyer24news.com\/index.php?rest_route=%2Fwp%2Fv2%2Fcomments&post=48773"}],"version-history":[{"count":1,"href":"https:\/\/speyer24news.com\/index.php?rest_route=\/wp\/v2\/posts\/48773\/revisions"}],"predecessor-version":[{"id":48776,"href":"https:\/\/speyer24news.com\/index.php?rest_route=\/wp\/v2\/posts\/48773\/revisions\/48776"}],"wp:featuredmedia":[{"embeddable":true,"href":"https:\/\/speyer24news.com\/index.php?rest_route=\/wp\/v2\/media\/26162"}],"wp:attachment":[{"href":"https:\/\/speyer24news.com\/index.php?rest_route=%2Fwp%2Fv2%2Fmedia&parent=48773"}],"wp:term":[{"taxonomy":"category","embeddable":true,"href":"https:\/\/speyer24news.com\/index.php?rest_route=%2Fwp%2Fv2%2Fcategories&post=48773"},{"taxonomy":"post_tag","embeddable":true,"href":"https:\/\/speyer24news.com\/index.php?rest_route=%2Fwp%2Fv2%2Ftags&post=48773"}],"curies":[{"name":"wp","href":"https:\/\/api.w.org\/{rel}","templated":true}]}}