{"id":48814,"date":"2022-08-31T13:22:34","date_gmt":"2022-08-31T12:22:34","guid":{"rendered":"https:\/\/speyer24news.com\/?p=48814"},"modified":"2022-08-31T13:22:37","modified_gmt":"2022-08-31T12:22:37","slug":"polizeimeldungen-montag-dienstag-29-08-30-08-2022","status":"publish","type":"post","link":"https:\/\/speyer24news.com\/?p=48814","title":{"rendered":"Polizeimeldungen Montag &#038; Dienstag (29.08.-30.08.2022)"},"content":{"rendered":"<style type=\"text\/css\">\r\n\t.ads_top_disp{}\r\n\t.ads_top_corner_disp{ float:left; margin:0px 10px 10px 0px; }\r\n\t.ads_first_p_disp{}\r\n\t.ads_bottom_disp{}\r\n\t<\/style>\n<h2 class=\"wp-block-heading\">Polizeimeldungen von Montag &amp; Dienstag (29.08.-30.08.2022)<\/h2>\n\n\n<div class=\"wp-block-image\">\n<figure class=\"aligncenter size-full\"><img decoding=\"async\" loading=\"lazy\" width=\"375\" height=\"500\" src=\"https:\/\/speyer24news.com\/wp-content\/uploads\/2022\/03\/Aktuelles-Polizeilogo.jpg\" alt=\"\" class=\"wp-image-43591\" srcset=\"https:\/\/speyer24news.com\/wp-content\/uploads\/2022\/03\/Aktuelles-Polizeilogo.jpg 375w, https:\/\/speyer24news.com\/wp-content\/uploads\/2022\/03\/Aktuelles-Polizeilogo-225x300.jpg 225w\" sizes=\"(max-width: 375px) 100vw, 375px\" \/><\/figure><\/div>\n\n\n<p><\/p>\n\n\n\n<h2 class=\"wp-block-heading\">(Speyer) &#8211; 29-J\u00e4hrige nach Fahrradunfall verletzt \/ Zeugen gesucht!<\/h2>\n\n\n\n<p>Am 29.08.2022 gegen 19:40 Uhr befuhr eine 29-j\u00e4hrige Frau mit ihrem Lastenfahrrad den Kreisverkehr des St. Guido-Stifts-Platzes aus Richtung Innenstadt, st\u00fcrzte und zog sich hierbei leichte Verletzungen in Form von Sch\u00fcrfwunden, einer geschwollenen Lippe und Kopfschmerzen zu. Am Fahrrad entstand Sachschaden in H\u00f6he von ca. 300 Euro. Die 29-J\u00e4hrige rief einen Freund hinzu, der das Geschehen nach ersten Erkenntnissen nicht bezeugen kann und stellvertretend f\u00fcr sie die Polizei verst\u00e4ndigte. Gegen\u00fcber der Polizeistreife gab die 29-J\u00e4hrige vor Ort an, dass sie nicht alleine gest\u00fcrzt sei, sondern einen Verkehrsunfall mit einem PKW gehabt habe, als sie in den Kreisverkehr einfuhr. Der PKW habe den Kreisverkehr vom Hirschgraben aus befahren und sei nach dem Sturz der 29-J\u00e4hrigen gefl\u00fcchtet. Der 29-J\u00e4hrigen war keine n\u00e4here Beschreibung des Ablaufs oder des angeblich unfallbeteiligten PKW m\u00f6glich. Allerdings wirkte sie alkoholisiert und willigte in die Durchf\u00fchrung eines Atemalkoholtests ein. Dieser ergab einen Wert von 2,95 Promille. Der hinzugerufene Rettungsdienst verbrachte sie in ein Krankenhaus, wo sie versorgt und ihr eine Blutprobe zur Beweissicherung im Strafverfahren entnommen wurde.<\/p>\n\n\n\n<p>Wer hat den Sturz der 29-j\u00e4hrigen Lastenradfahrerin beobachtet und kann vor allem dazu Angaben machen, ob hierbei ein weiterer Verkehrsteilnehmer involviert war oder ob es sich um einen Sturz ohne Fremdbeteiligung handelte?<\/p>\n\n\n\n<p>Zeugen werden gebeten, sich mit der Polizeiinspektion Speyer unter 06232 137-0 oder&nbsp;<a href=\"mailto:pispeyer@polizei.rlp.de\">pispeyer@polizei.rlp.de<\/a>&nbsp;in Verbindung zu setzen.<\/p>\n\n\n\n<h2 class=\"wp-block-heading\">(Speyer) &#8211; Polizeieinsatz am Schwimmbad<\/h2>\n\n\n<div class=\"wp-block-image\">\n<figure class=\"aligncenter size-full\"><img decoding=\"async\" loading=\"lazy\" width=\"800\" height=\"425\" src=\"https:\/\/speyer24news.com\/wp-content\/uploads\/2020\/12\/Taser-PI-LU.jpg\" alt=\"\" class=\"wp-image-31596\" srcset=\"https:\/\/speyer24news.com\/wp-content\/uploads\/2020\/12\/Taser-PI-LU.jpg 800w, https:\/\/speyer24news.com\/wp-content\/uploads\/2020\/12\/Taser-PI-LU-300x159.jpg 300w, https:\/\/speyer24news.com\/wp-content\/uploads\/2020\/12\/Taser-PI-LU-768x408.jpg 768w\" sizes=\"(max-width: 800px) 100vw, 800px\" \/><\/figure><\/div>\n\n\n<p>Am 29.08.2022 um 18.20 Uhr wurde die Polizei \u00fcber einen Mann auf einem Parkplatz vor einem Schwimmbad in der Geibstra\u00dfe informiert, der damit drohte, sich mit einem Messer zu verletzen und zu t\u00f6ten. Trotz dem Einsatz u.a. eines Tasers gelang es den eingesetzten Polizeikr\u00e4ften nicht, den Mann von seinem Vorhaben abzubringen.<\/p>\n\n\n\n<p>Unbeteiligte wurden weder bedroht noch verletzt. Sowohl Zeugen des Geschehens als auch die eingesetzten Polizeikr\u00e4fte wurden psychologisch betreut.<\/p>\n\n\n\n<p>Die Kriminalpolizei hat die Ermittlungen zur Identit\u00e4t des Mannes sowie den Umst\u00e4nden und n\u00e4heren Hintergr\u00fcnden aufgenommen.<\/p>\n\n\n\n<p>Sachdienliche Hinweise nimmt die Kriminalpolizei Ludwigshafen unter der Telefonnummer 0621\/963-2773 oder per E-Mail&nbsp;<a target=\"_blank\" rel=\"noreferrer noopener\" href=\"mailto:kiludwigshafen.k1.kdd@polizei.rlp.de\">kiludwigshafen.k1.kdd@polizei.rlp.de<\/a>&nbsp;entgegen.<\/p>\n\n\n\n<p>Wenn Sie sich selber in einer krisenhaften Situation befinden, dann kontaktieren Sie bitte die Telefonseelsorge im Internet unter\u00a0<a href=\"http:\/\/www.telefonseelsorge.de\/\" target=\"_blank\" rel=\"noreferrer noopener\">www.telefonseelsorge.de<\/a>\u00a0oder \u00fcber die kostenlose Hotlines 0800\/111 0 111 oder 0800\/111 0 222 oder 116 123. Im Notfall sofort den Rettungsdienst 112 oder die Polizei 110 anrufen!<\/p>\n\n\n\n<h2 class=\"wp-block-heading\">(Speyer) &#8211; Ladendiebe gestellt<\/h2>\n\n\n\n<p>Am 29.08.2022 um 15:13 Uhr entwendeten zwei m\u00e4nnliche Tatverd\u00e4chtige im Alter von 26 und 33 Jahren in einem Einkaufszentrum in der Maximilianstra\u00dfe gemeinschaftlich zwei Flaschen Parf\u00fcm im Gesamtwert von ca. 200 Euro und entfernten sich zu Fu\u00df. Polizeibeamte trafen die Tatverd\u00e4chtigen im Rahmen der Fahndung in der Postgalerie an, stellten das Diebesgut sicher und verbrachten die beiden Beschuldigten zur Durchf\u00fchrung beweissichernder Ma\u00dfnahmen zur Polizeidienststelle. Beide erwartet ein Strafverfahren wegen Diebstahls.<\/p>\n\n\n\n<h2 class=\"wp-block-heading\">(Speyer) &#8211; Diebst\u00e4hle auf dem Mittelalterfestival &#8222;Spectaculum&#8220;<\/h2>\n\n\n<div class=\"wp-block-image\">\n<figure class=\"aligncenter size-full\"><img decoding=\"async\" loading=\"lazy\" width=\"640\" height=\"426\" src=\"https:\/\/speyer24news.com\/wp-content\/uploads\/2020\/12\/Taschendiebstahl.jpg\" alt=\"\" class=\"wp-image-31455\" srcset=\"https:\/\/speyer24news.com\/wp-content\/uploads\/2020\/12\/Taschendiebstahl.jpg 640w, https:\/\/speyer24news.com\/wp-content\/uploads\/2020\/12\/Taschendiebstahl-300x200.jpg 300w\" sizes=\"(max-width: 640px) 100vw, 640px\" \/><figcaption>Beispielbild Diebstahl, dient lediglich der Visualisierung.<\/figcaption><\/figure><\/div>\n\n\n<p>Im Rahmen des am Samstag, den 27.08., und Sonntag, den 28.08.2022, stattfindenden Mittelalterfestivals &#8222;Spectaculum&#8220; im Domgarten wurden der Polizei drei Diebstahlsdelikte bekannt. \u00dcberdies verlief die augenscheinlich \u00e4u\u00dferst gut besuchte Veranstaltung aus polizeilicher Sicht sehr ruhig.<\/p>\n\n\n\n<p>Am 27.08.2022 gegen 22:30 Uhr legte eine Frau aus der Schweiz ihre schwarz-gelb-karierte Handtasche auf einer Biertischgarnitur im Domgarten ab und befand sich permanent an der Garnitur. Trotzdem gelang es unbekannten T\u00e4tern, ihre Handtasche zu entwenden. In dieser befanden sich ein blaues Mobiltelefon von &#8222;Wiko&#8220;, ihr Geldbeutel mit 80 Euro Bargeld sowie F\u00fchrerschein, Ausweisdokumente und Bank- \/ Versicherungskarten aus der Schweiz.<\/p>\n\n\n\n<p>Am 28.08.2022 zwischen 21:30 Uhr und 22 Uhr bestahlen unbekannte T\u00e4ter mehrere Schausteller des &#8222;Spectaculums&#8220; im Rahmen der Aufr\u00e4umarbeiten auf dem Festgel\u00e4nde. Eine Gesch\u00e4digte legte die Bareinnahmen des Wochenendes in einer Umh\u00e4ngetasche sowie einen Rucksack mit pers\u00f6nlichen Dokumenten und einem schwarzen Huawei-Handy in ihr Fahrzeug und lie\u00df dessen seitliche Schiebet\u00fcr f\u00fcr einen kurzen Moment offenstehen. Die Gelegenheit nutzten unbekannte T\u00e4ter, um unbeobachtet sowohl den Rucksack als auch die Umh\u00e4ngetasche zu stehlen.<\/p>\n\n\n\n<p>Im Rahmen der Anzeigenaufnahme meldete sich ein weiterer Schausteller bei den Beamten, aus dessen Fahrzeug unbekannte T\u00e4ter unmittelbar zuvor einen grauen Rucksack mit den Bareinnahmen des Wochenendes sowie einer Powerbank und Fahrzeugschl\u00fcsseln entwendet hatten.<\/p>\n\n\n\n<p>Beiden Schaustellern entstand jeweils ein Schaden in vierstelliger Euro-H\u00f6he.<\/p>\n\n\n\n<ul><li><strong>Zeugen beobachteten zur Tatzeit eine Gruppe von drei M\u00e4nnern mit s\u00fcdl\u00e4ndischem Ph\u00e4notyp im Eingangsbereich des Festes, die sich verd\u00e4chtig verhielten. <\/strong><\/li><li><strong>Zwei der M\u00e4nner trugen rote Oberbekleidung, der Dritte trug ein wei\u00dfes T-Shirt. <\/strong><\/li><\/ul>\n\n\n\n<p>Zur Art und Weise des verd\u00e4chtigen Verhaltens der Personen sind aus ermittlungstaktischen Gr\u00fcnden noch keine Angaben m\u00f6glich.<\/p>\n\n\n\n<p>Wer hat verd\u00e4chtige Personen oder Fahrzeuge beobachtet, kann Angaben zu m\u00f6glichen Tatverd\u00e4chtigen oder zum Verbleib des Diebesgutes oder sonstige sachdienliche Angaben machen?<\/p>\n\n\n\n<p>Zeugen werden gebeten, sich mit der Polizeiinspektion Speyer unter 06232 137-0 oder\u00a0<a href=\"mailto:pispeyer@polizei.rlp.de\">pispeyer@polizei.rlp.de<\/a>\u00a0in Verbindung zu setzen.<\/p>\n\n\n\n<h2 class=\"wp-block-heading\">(B\u00f6hl-Iggelheim) &#8211; Unfall durch kurzzeitigen Schwindel<\/h2>\n\n\n\n<p>Am 29.08.2022, gegen 11:00 Uhr, fuhr eine 65-j\u00e4hrige PKW-Fahrerin die Rehhofstra\u00dfe in Richtung Mannheimer Stra\u00dfe. Hierbei wurde der Fahrerin eigenen Angaben zufolge kurzzeitig schwindelig, sodass sie von der Fahrbahn abkam und mit einem Verkehrszeichen kollidierte. Die 65-J\u00e4hrige blieb unverletzt und wurde vorsorglich durch den Rettungsdienst behandelt. An dem PKW und dem Verkehrszeichen entstand Sachschaden von etwa 14.000 Euro. Der PKW wurde abgeschleppt und die Fahrbahn aufgrund ausgelaufener Betriebsstoffe gereinigt. Ein Ermittlungsverfahren wegen Gef\u00e4hrdung des Stra\u00dfenverkehrs wurde eingeleitet.<\/p>\n\n\n\n<h2 class=\"wp-block-heading\">(B\u00f6hl-Iggelheim) &#8211; Betrunkener PKW-Fahrer verursacht Unfall<\/h2>\n\n\n\n<p>Am 28.08.2022, gegen 07:00 Uhr, meldet eine Zeugin einen verunfallten PKW im Bereich der Einm\u00fcndung L528\/K22. Vor Ort konnte der besagte PKW und der dazugeh\u00f6rige 18-j\u00e4hrige PKW-Fahrer festgestellt werden. Der 18-J\u00e4hrige fuhr die L528 von B\u00f6hl-Iggelheim in Richtung Meckenheim. An der Einm\u00fcndung zur K22 wollte der Fahrer in Richtung Dannstadt-Schauernheim abbiegen. Vermutlich aufgrund zu hoher Geschwindigkeit kam der 18-J\u00e4hrige in der Rechtskurve nach links von der Fahrbahn ab, besch\u00e4digte auf einer Verkehrsinsel befindliche Verkehrszeichen und kam schlussendlich in einem kleinen Waldst\u00fcck zum Stillstand. Der 18-J\u00e4hrige blieb unverletzt. Ein durchgef\u00fchrter Atemalkoholtest ergab einen Wert von 1,9 Promille. Auf der Dienststelle wurde dem Fahrer durch einen Arzt eine Blutprobe entnommen und der F\u00fchrerschein sichergestellt. Der PKW wurde abgeschleppt. W\u00e4hrend der Unfallaufnahme musste der Einm\u00fcndungsbereich vollgesperrt werden. Insgesamt entstand Sachschaden von etwa 9.000 Euro. Ein Ermittlungsverfahren wegen Gef\u00e4hrdung des Stra\u00dfenverkehrs wurde eingeleitet.<\/p>\n\n\n\n<h2 class=\"wp-block-heading\">(Schifferstadt) &#8211; Polizei bedankt sich bei K\u00fcnstler oder K\u00fcnstlerin<\/h2>\n\n\n<div class=\"wp-block-image\">\n<figure class=\"aligncenter size-full\"><img decoding=\"async\" loading=\"lazy\" width=\"800\" height=\"600\" src=\"https:\/\/speyer24news.com\/wp-content\/uploads\/2022\/08\/Bild.jpg\" alt=\"\" class=\"wp-image-48817\" srcset=\"https:\/\/speyer24news.com\/wp-content\/uploads\/2022\/08\/Bild.jpg 800w, https:\/\/speyer24news.com\/wp-content\/uploads\/2022\/08\/Bild-300x225.jpg 300w, https:\/\/speyer24news.com\/wp-content\/uploads\/2022\/08\/Bild-768x576.jpg 768w, https:\/\/speyer24news.com\/wp-content\/uploads\/2022\/08\/Bild-678x509.jpg 678w, https:\/\/speyer24news.com\/wp-content\/uploads\/2022\/08\/Bild-326x245.jpg 326w, https:\/\/speyer24news.com\/wp-content\/uploads\/2022\/08\/Bild-80x60.jpg 80w\" sizes=\"(max-width: 800px) 100vw, 800px\" \/><\/figure><\/div>\n\n\n<p>Eine unbekannte K\u00fcnstlerin oder K\u00fcnstler hat der Polizeiinspektion Schifferstadt anonym das abgebildete Werk zukommen lassen.<\/p>\n\n\n\n<p>Wir bedanken uns auf diesem Wege sehr herzlich und bewundern die k\u00fcnstlerischen F\u00e4higkeiten des oder der Unbekannten!<\/p>\n\n\n\n<h2 class=\"wp-block-heading\">(Waldsee) &#8211; Verkehrs\u00fcberwachung<\/h2>\n\n\n\n<p>Am Montagvormittag wurden auf der L533\/Ludwigshafener Stra\u00dfe (Ortsumgehung zwischen der Einm\u00fcndung Rehh\u00fctter Stra\u00dfe und dem Kreisverkehr Neuhofener Stra\u00dfe) Geschwindigkeitsmessungen durchgef\u00fchrt. Bei erlaubten 50 km\/h wurden 30 Verst\u00f6\u00dfe geahndet. Die gemessene H\u00f6chstgeschwindigkeit lag bei 79 km\/h. Dies zieht nach Abzug der Toleranz ein Bu\u00dfgeld von 100 Euro und einen Punkt nach sich. Weiterhin wurden 6 Verst\u00f6\u00dfe gegen die Gurtpflicht und 1 Versto\u00df wegen verbotswidriger Handynutzung sanktioniert.<\/p>\n\n\n\n<h2 class=\"wp-block-heading\">(Mutterstadt) &#8211; K\u00f6rperliche Auseinandersetzung auf der Kerwe<\/h2>\n\n\n\n<p>Am 29.08.2022, gegen 22:40 Uhr, kam es im Festzelt der Kerwe zun\u00e4chst zu einer Auseinandersetzung zwischen zwei Personengruppen. Eine der beiden Personengruppe habe auch Mitarbeiter des Sicherheitsdiensts durch Tritte und Schl\u00e4ge angegriffen, sodass durch einen Mitarbeiter Pfefferspray zur Abwehr eingesetzt wurde. Hierdurch erlitten zwei Personen Augenreizungen. <\/p>\n\n\n\n<ul><li><strong>Die T\u00e4ter (ca. 25-35 Jahre alt, trugen T-Shirts mit der Aufschrift &#8222;Frankfurt&#8220;) fl\u00fcchteten in Richtung Ludwigshafener Stra\u00dfe. <\/strong><\/li><\/ul>\n\n\n\n<p>Ein Mittarbeiter des Sicherheitsdienstes erlitt Schmerzen im Schulterbereich. Die T\u00e4ter konnte im Rahmen der Fahndung nicht aufgegriffen werden. Zeugen, die Angaben zu dem Tatgeschehen oder den T\u00e4tern geben k\u00f6nnen, werden gebeten, sich mit der Polizeiinspektion Schifferstadt unter 06235 495-0 oder\u00a0<a href=\"mailto:pischifferstadt@polizei.rlp.de\">pischifferstadt@polizei.rlp.de<\/a>\u00a0in Verbindung zu setzen.<\/p>\n\n\n\n<h2 class=\"wp-block-heading\">(Mutterstadt) &#8211; Person zwischen Fahrzeugt\u00fcr eingeklemmt<\/h2>\n\n\n\n<p>Am 29.08.2022, gegen 17:15 Uhr, beabsichtigte ein 83-j\u00e4hriger PKW-Fahrer in der Oggersheimer Stra\u00dfe r\u00fcckw\u00e4rts einzuparken. Hierbei fuhr der Fahrer zun\u00e4chst r\u00fcckw\u00e4rts \u00fcber eine Verkehrsinsel und besch\u00e4digte ein Verkehrszeichen. Hiernach fuhr der Senior ein St\u00fcck vorw\u00e4rts und setzte direkt wieder mit quietschenden Reifen zum R\u00fcckw\u00e4rtsfahren an. Bei diesem Man\u00f6ver stie\u00df der 83-J\u00e4hrige gegen zwei geparkte Fahrzeuge. Hierdurch wurde ein 24-J\u00e4hriger, welcher gerade in seinen geparkten PKW einsteigen wollte, zwischen der Fahrzeugt\u00fcr und einer Stra\u00dfenlaterne eingeklemmt. Der 24-J\u00e4hrige konnte sich selbst\u00e4ndig befreien und trug Absch\u00fcrfungen davon. Der PKW des Seniors und der des 24-J\u00e4hrigen waren nicht mehr fahrbereit und wurden abgeschleppt. Des Weiteren wurde ein weiterer geparkter PKW am Heck, sowie eine Laterne besch\u00e4digt. Insgesamt entstand Sachschaden von etwa 15.000 Euro. Der 83-J\u00e4hrige blieb unverletzt. Gegen diesen wurde ein Strafverfahren eingeleitet und die F\u00fchrerscheinstelle \u00fcber den Vorfall in Kenntnis gesetzt.<\/p>\n\n\n\n<h2 class=\"wp-block-heading\">(Mutterstadt) &#8211; Unfall durch k\u00f6rperliches Unwohlsein<\/h2>\n\n\n\n<p>Am 29.08.2022, gegen 16:20 Uhr, fuhren eine 28-j\u00e4hrige PKW-Fahrerin und ein 65-j\u00e4hriger PKW-Fahrer nacheinander die Waldstra\u00dfe vom Gewerbegebiet kommend in Richtung Ortsmitte. W\u00e4hrend der Fahrt verlor der 65-J\u00e4hrige nach bisherigen Ermittlungen teilweise das Bewusstsein und kam kurzzeitig von der Fahrbahn ab. Hiernach fuhr der 65-J\u00e4hrige mit erh\u00f6hter Geschwindigkeit in den Kreisverkehr (Speyerer Stra\u00dfe) ein und \u00fcberholte im Kreisverkehr den PKW der 28-J\u00e4hrigen. Aufgrund der Enge wurde der PKW der 28-J\u00e4hrigen gegen eine Grundst\u00fccksmauer gedr\u00fcckt. Beim Ausfahren aus dem Kreisverkehr kollidierte der 65-J\u00e4hrige mit einem geparkten PKW in der Speyerer Stra\u00dfe und kam zum Stillstand. Insgesamt entstand Sachschaden von etwa 25.000 Euro. Die Beifahrerin des 65-J\u00e4hrigen versuchte noch erfolglos den PKW zuvor zum Stillstand zu bringen. Die 28-J\u00e4hrige und deren Beifahrer wurden leicht verletzt ins Krankenhaus gebracht. Der 65-J\u00e4hrige, sowie dessen Beifahrerin wurden ebenfalls leicht verletzt. Der F\u00fchrerschein des Mannes wurde sichergestellt und ein Strafverfahren eingeleitet. Weiterhin wurde dem Mann im Krankenhaus eine Blutprobe zwecks Feststellung der Fahrt\u00fcchtigkeit entnommen.<\/p>\n\n\n\n<h2 class=\"wp-block-heading\">(Mutterstadt) &#8211; K\u00f6rperliche Auseinandersetzung in Kneipe<\/h2>\n\n\n\n<p>Am Sonntagmorgen, gegen 03:30 Uhr, kam es in einer Kneipe im Bereich des Rathauses in der Ludwigshafener Stra\u00dfe zu einer k\u00f6rperlichen Auseinandersetzung zwischen mehreren Beteiligten. Nach derzeitigen Ermittlungsstand kam es zwischen zwei Personengruppen zun\u00e4chst zu einer verbalen, dann zu einer k\u00f6rperlichen Auseinandersetzung. Hierbei wurden zwei M\u00e4nner (41 und 43 Jahre alt) leicht am Kopf verletzt. Der 43-J\u00e4hrige wurde mit einem Billardqueue an der Stirn getroffen. Auch gingen Teile des Mobiliars zu Bruch. Laut sp\u00e4rlichen Zeugenangaben habe es sich um vier m\u00e4nnliche T\u00e4ter gehandelt. Eine sofort eingeleitete Fahndung nach den M\u00e4nnern verlief negativ. Zeugen, die Angaben zu dem Tatgeschehen oder T\u00e4tern geben k\u00f6nnen, werden gebeten, sich mit der Polizeiinspektion Schifferstadt unter 06235 495-0 oder\u00a0<a href=\"mailto:pischifferstadt@polizei.rlp.de\">pischifferstadt@polizei.rlp.de<\/a>\u00a0in Verbindung zu setzen.<\/p>\n\n\n\n<h2 class=\"wp-block-heading\">(Dannstadt-Schauernheim) &#8211; Unfall auf Parkplatz mit anschlie\u00dfender Unfallflucht<\/h2>\n\n\n\n<p>Am 29.08.2022, gegen 19:30 Uhr, stie\u00df ein 24-j\u00e4hriger PKW-Fahrer beim r\u00fcckw\u00e4rtigen Ausparken auf einem Supermarktparkplatz in der Riedstra\u00dfe mit einer 53-j\u00e4hrigen Fu\u00dfg\u00e4ngerin zusammen. Durch den Zusammensto\u00df mit dem Fahrzeugheck erlitt die Fu\u00dfg\u00e4ngerin eine Verletzung im H\u00fcftbereich. Der 24-J\u00e4hrige stieg nach dem Unfall kurz aus, entschuldigte sich und verlie\u00df ohne Angabe seiner Personalien die \u00d6rtlichkeit. Laut einem Zeugen entfernte sich der 24-J\u00e4hrige mit \u00fcberh\u00f6hter Geschwindigkeit in Richtung Industriegebiet. Im Rahmen der Nahbereichsfahndung konnte der 24-J\u00e4hrige in der Angelstra\u00dfe einer Kontrolle unterzogen werden. Hierbei r\u00e4umte der Fahrer die Beteiligung an dem Unfall auf dem Parkplatz ein. Ein Drogenschnelltest fiel positiv aus. Recherchen ergaben, dass der Mann eine F\u00fchrerscheinsperre hat. Der Fahrzeugschl\u00fcssel wurde sichergestellt und mehrere Verfahren eingeleitet.<\/p>\n\n\n\n<h2 class=\"wp-block-heading\">(Dudenhofen) &#8211; Versuchter Diebstahl aus M\u00fcnzautomat<\/h2>\n\n\n\n<p>Am Morgen des 29.08.2022 gegen 5 Uhr verschafften sich unbekannte T\u00e4ter Zutritt zum Automatenbereich einer Bank in der Speyerer Stra\u00dfe in Dudenhofen und hebelten dort die Frontklappe eines Einzahlautomaten f\u00fcr M\u00fcnzgeld auf. Anschlie\u00dfend setzten sie ein elektrisches Schneidwerkzeug ein, um an das M\u00fcnzgeld im Inneren zu kommen. Den T\u00e4tern gelang es jedoch nicht, den Automaten zu &#8222;knacken&#8220;. Sie gelangten nicht an das M\u00fcnzgeld im Inneren und zogen ohne Beute davon.<\/p>\n\n\n\n<p>Wer hat im Tatortumfeld, insbesondere im Umfeld des gro\u00dfen gemeinsamen Parkplatzes zweier Superm\u00e4rkte sowie des \u00c4rztehauses in der Speyerer Stra\u00dfe, verd\u00e4chtige Personen oder Fahrzeuge beobachtet, kann Angaben zu m\u00f6glichen Tatverd\u00e4chtigen oder sonstige sachdienliche Angaben machen?<\/p>\n\n\n\n<p>Zeugen werden gebeten, sich mit der Polizeiinspektion Speyer unter 06232 137-0 oder\u00a0<a href=\"mailto:pispeyer@polizei.rlp.de\">pispeyer@polizei.rlp.de<\/a>\u00a0in Verbindung zu setzen.<\/p>\n\n\n\n<h2 class=\"wp-block-heading\">(Hanhofen und Speyer) &#8211; Verkehrsunfall unter Alkoholeinfluss, mehrere Verkehrsstraftaten in Partylaune und ohne F\u00fchrerschein<\/h2>\n\n\n\n<p>Am Sonntagmorgen, den 28.08.2022, gegen 03:40 Uhr nahm ein 17-J\u00e4hriger im Rahmen einer Hausparty den PKW-Schl\u00fcssel eines 19-J\u00e4hrigen m\u00f6glicherweise unbemerkt an sich und fuhr mit dessen PKW davon. In der Stra\u00dfe Am Viehtriftweg kollidierte er ohne Fremdeinwirkung mit einem geparkten PKW und schob diesen auf einen weiteren PKW. An allen drei PKW entstand hierdurch erheblicher Sachschaden in H\u00f6he von ca. 9.000 Euro. Der 17-J\u00e4hrige blieb unverletzt, lie\u00df den PKW zur\u00fcck und entfernte sich unerlaubt von der Unfallstelle. Die Polizei wurde durch Zeugen verst\u00e4ndigt und stellte den Unfallverursacher wenig sp\u00e4ter mit seinem Fahrrad an einer Bushaltestelle in Speyer. Er gab an, mit dem Fahrrad gefahren zu sein, willigte in einen Atemalkoholtest ein, der einen Wert von 2,17 Promille ergab. Zeugenangaben deuten darauf hin, dass der 17-J\u00e4hrige bereits zum Unfallzeitpunkt alkoholisiert war. Die Polizeibeamten veranlassten eine Blutentnahme und beschlagnahmten den Motorradf\u00fchrerschein des Beschuldigten &#8211; seine Fahrerlaubnis berechtigte ihn nicht zum F\u00fchren des PKW. Ihn erwarten nun Strafverfahren wegen Unbefugten Gebrauchs eines Fahrzeugs, Stra\u00dfenverkehrsgef\u00e4hrdung, Fahrens ohne Fahrerlaubnis, Unerlaubten Entfernens vom Unfallort sowie Trunkenheit im Verkehr.<\/p>\n\n\n\n<h2 class=\"wp-block-heading\">(Schwegenheim) &#8211; Brandstiftung<\/h2>\n\n\n\n<p>Montagabend, kurz nach 22 Uhr, meldete ein Verkehrsteilnehmer ein brennendes Geb\u00fcsch auf einem Feldweg neben der L538 bei Schwegenheim. Das Feuer wurde noch durch den Anrufer gel\u00f6scht. Die Brandursache ist jetzt Gegenstand der eingeleiteten Ermittlungen.<\/p>\n\n\n\n<p>Zeugenhinweise nimmt die Polizei unter der Telefonnummer 07274-9580 oder per Mail an&nbsp;<a href=\"mailto:pigermersheim@polizei.rlp.de\">pigermersheim@polizei.rlp.de<\/a>&nbsp;entgegen.<\/p>\n\n\n\n<h2 class=\"wp-block-heading\">(Lingenfeld) &#8211; Vogelspinne auf der Fahrbahn<\/h2>\n\n\n<div class=\"wp-block-image\">\n<figure class=\"aligncenter size-full\"><img decoding=\"async\" loading=\"lazy\" width=\"800\" height=\"605\" src=\"https:\/\/speyer24news.com\/wp-content\/uploads\/2022\/08\/Vogelspinne-im-Reptilium-Landau-@-Speyer-24-7-News.jpg\" alt=\"\" class=\"wp-image-48815\" srcset=\"https:\/\/speyer24news.com\/wp-content\/uploads\/2022\/08\/Vogelspinne-im-Reptilium-Landau-@-Speyer-24-7-News.jpg 800w, https:\/\/speyer24news.com\/wp-content\/uploads\/2022\/08\/Vogelspinne-im-Reptilium-Landau-@-Speyer-24-7-News-300x227.jpg 300w, https:\/\/speyer24news.com\/wp-content\/uploads\/2022\/08\/Vogelspinne-im-Reptilium-Landau-@-Speyer-24-7-News-768x581.jpg 768w, https:\/\/speyer24news.com\/wp-content\/uploads\/2022\/08\/Vogelspinne-im-Reptilium-Landau-@-Speyer-24-7-News-80x60.jpg 80w\" sizes=\"(max-width: 800px) 100vw, 800px\" \/><figcaption>Dient lediglich der Visualisierung, hier eine Vogelspinne im Reptilium Landau. <br><em>Foto: Speyer 24\/7 News<\/em><\/figcaption><\/figure><\/div>\n\n\n<p>Einen ungew\u00f6hnlichen Notruf erhielt die Polizei Germersheim am Samstagabend gegen 22 Uhr. Ein Verkehrsteilnehmer meldete eine Spinne mitten auf der Fahrbahn in der Burgstra\u00dfe in Lustadt. Das Tier konnte durch die Beamten in einem Karton eingefangen und an eine regionale Tierauffangstation \u00fcbergeben werden.<\/p>\n\n\n\n<h2 class=\"wp-block-heading\">(K 31 \/ Lingenfeld) &#8211; Betrunkener Autofahrer bremst Verkehrsteilnehmer aus und verursacht Unfall<a href=\"https:\/\/www.facebook.com\/sharer.php?u=https%3A%2F%2Fwww.presseportal.de%2Fblaulicht%2Fpm%2F117686%2F5308449%2F%3Futm_source%3Dfacebook%26utm_medium%3Dsocial\"><\/a><a href=\"https:\/\/twitter.com\/intent\/tweet?text=POL-PDLD%3A%20Betrunkener%20Autofahrer%20bremst%20Verkehrsteilnehmer%20aus%20und%20verursacht%20Unfall&amp;url=https%3A%2F%2Fwww.presseportal.de%2Fblaulicht%2Fpm%2F117686%2F5308449%2F%3Futm_source%3Dtwitter%26utm_medium%3Dsocial&amp;hashtags=ots&amp;lang=de\"><\/a><a href=\"https:\/\/web.whatsapp.com\/send?text=POL-PDLD%3A%20Betrunkener%20Autofahrer%20bremst%20Verkehrsteilnehmer%20aus%20und%20verursacht%20Unfall%0A%0Ahttps%3A%2F%2Fwww.presseportal.de%2Fblaulicht%2Fpm%2F117686%2F5308449%2F%3Futm_source%3Dwhatsapp%26utm_medium%3Dsocial\"><\/a><a href=\"https:\/\/www.xing.com\/app\/user?op=share;url=https%3A%2F%2Fwww.presseportal.de%2Fblaulicht%2Fpm%2F117686%2F5308449%2F%3Futm_source%3Dxing%26utm_medium%3Dsocial\"><\/a><a href=\"http:\/\/www.linkedin.com\/shareArticle?mini=true&amp;url=https%3A%2F%2Fwww.presseportal.de%2Fblaulicht%2Fpm%2F117686%2F5308449%2F%3Futm_source%3Dlinkedin%26utm_medium%3Dsocial&amp;title=POL-PDLD%3A+Betrunkener+Autofahrer+bremst+Verkehrsteilnehmer+aus+und+verursacht+Unfall\"><\/a><a href=\"mailto:?subject=POL-PDLD%3A%20Betrunkener%20Autofahrer%20bremst%20Verkehrsteilnehmer%20aus%20und%20verursacht%20Unfall&amp;body=https:\/\/www.presseportal.de\/blaulicht\/pm\/117686\/5308449\"><\/a><\/h2>\n\n\n\n<p>Von seinem F\u00fchrerschein kann sich ein 66-j\u00e4hriger Pkw-Fahrer aus R\u00f6merberg jetzt erst einmal verabschieden. Nachdem sich dieser aufgrund eines zu dicht auffahrenden 43-j\u00e4hrigen Verkehrsteilnehmers echauffierte und ihn daraufhin mehrfach ausbremste, hinderte er den Mann schlie\u00dflich noch am \u00dcberholen und \u00f6ffnete mitten auf der K31 vor Lingenfeld die Fahrert\u00fcr. Es kam zum Unfall. Ein Alkoholtest bei dem Verursacher ergab 1,57 Promille.<\/p>\n\n\n\n<p>Auf ihn kommt jetzt u.a. ein Strafverfahren wegen Gef\u00e4hrdung des Stra\u00dfenverkehrs und N\u00f6tigung zu. Sein F\u00fchrerschein wurde sichergestellt.<\/p>\n\n\n\n<h2 class=\"wp-block-heading\">(Lustadt) &#8211; Schafe gefesselt und gestohlen<\/h2>\n\n\n\n<p>Ein unbekannter T\u00e4ter entwendete am Samstagabend zwischen 23 Uhr und 23:20 Uhr von einer Weide in den Niederg\u00e4rten in Lustadt zwei Schafe. Ein weiteres Schaf konnte bei der Anzeigenaufnahme vor Ort gefesselt, aber unverletzt festgestellt werden. Die Polizei hat die Ermittlungen aufgenommen.<\/p>\n\n\n\n<p>Zeugenhinweise nimmt die Polizei unter der Telefonnummer 07274-9580 oder per Mail an\u00a0<a href=\"mailto:pigermersheim@polizei.rlp.de\">pigermersheim@polizei.rlp.de<\/a>\u00a0entgegen.<\/p>\n\n\n\n<h2 class=\"wp-block-heading\">(Germersheim) &#8211; Einbruch in Elektrogesch\u00e4ft<\/h2>\n\n\n\n<p>Bisher unbekannte T\u00e4ter verschafften sich in den Morgenstunden des 29.8. Zutritt zum Innenbereich eines Supermarktes in der Mainzer Stra\u00dfe in Germersheim. Aus der Elektroabteilung entwendeten die T\u00e4ter mehrere Smartphones im Wert von zirka 3300EUR.<\/p>\n\n\n\n<p>Zeugenhinweise nimmt die Polizei unter der Telefonnummer 07274-9580 oder per Mail an&nbsp;<a href=\"mailto:pigermersheim@polizei.rlp.de\">pigermersheim@polizei.rlp.de<\/a>&nbsp;entgegen.<\/p>\n\n\n\n<h2 class=\"wp-block-heading\">(R\u00fclzheim) &#8211; Pkw landet im Maisfeld<a href=\"https:\/\/www.facebook.com\/sharer.php?u=https%3A%2F%2Fwww.presseportal.de%2Fblaulicht%2Fpm%2F117686%2F5307493%2F%3Futm_source%3Dfacebook%26utm_medium%3Dsocial\"><\/a><a href=\"https:\/\/twitter.com\/intent\/tweet?text=POL-PDLD%3A%20Pkw%20landet%20im%20Maisfeld&amp;url=https%3A%2F%2Fwww.presseportal.de%2Fblaulicht%2Fpm%2F117686%2F5307493%2F%3Futm_source%3Dtwitter%26utm_medium%3Dsocial&amp;hashtags=ots&amp;lang=de\"><\/a><a href=\"https:\/\/web.whatsapp.com\/send?text=POL-PDLD%3A%20Pkw%20landet%20im%20Maisfeld%0A%0Ahttps%3A%2F%2Fwww.presseportal.de%2Fblaulicht%2Fpm%2F117686%2F5307493%2F%3Futm_source%3Dwhatsapp%26utm_medium%3Dsocial\"><\/a><a href=\"https:\/\/www.xing.com\/app\/user?op=share;url=https%3A%2F%2Fwww.presseportal.de%2Fblaulicht%2Fpm%2F117686%2F5307493%2F%3Futm_source%3Dxing%26utm_medium%3Dsocial\"><\/a><a href=\"http:\/\/www.linkedin.com\/shareArticle?mini=true&amp;url=https%3A%2F%2Fwww.presseportal.de%2Fblaulicht%2Fpm%2F117686%2F5307493%2F%3Futm_source%3Dlinkedin%26utm_medium%3Dsocial&amp;title=POL-PDLD%3A+Pkw+landet+im+Maisfeld\"><\/a><a href=\"mailto:?subject=POL-PDLD%3A%20Pkw%20landet%20im%20Maisfeld&amp;body=https:\/\/www.presseportal.de\/blaulicht\/pm\/117686\/5307493\"><\/a><\/h2>\n\n\n\n<p>Auf dem Nachhauseweg von einer Feier kam ein 31-j\u00e4hriger Mann aus W\u00f6rth am Sonntagmorgen gegen 3:40 Uhr auf der L493 zwischen Herxheimweyher und R\u00fclzheim von der Fahrbahn ab und fuhr mit seinem Pkw in ein Maisfeld. Der Mann r\u00e4umte gegen\u00fcber der Polizei ein, Alkohol konsumiert zu haben. Ein Atemalkoholtest ergab 1,48 Promille. Der Fahrer erlitt lediglich leichte Verletzungen und musste nicht weiter medizinisch versorgt werden.<\/p>\n\n\n\n<p>Auf den Mann kommt jetzt ein Strafverfahren wegen Gef\u00e4hrdung des Stra\u00dfenverkehrs zu. Sein F\u00fchrerschein wurde sichergestellt.<\/p>\n\n\n\n<h2 class=\"wp-block-heading\">(W\u00f6rth am Rhein) &#8211; Vorfahrt missachtet \/ Autofahrerin verletzt<\/h2>\n\n\n\n<p>Am Montag, dem 29.08.2022, um 15.55 Uhr, befuhr ein 56-j\u00e4hriger Autofahrer die B 9 in Fahrtrichtung Ludwigshafen und verlie\u00df diese an der Abfahrt Jockgrim\/W\u00f6rth Hafenstra\u00dfe, um nach links in Richtung Jockgrim abzubiegen. Beim Linksabbiegen missachtete er die Vorfahrt einer 20-j\u00e4hrigen Autofahrerin, die die Abbiegespur der bevorrechtigten Hafenstra\u00dfe zur Auffahrt auf die B 9 befuhr und ihrerseits links abbiegen wollte. Beim Zusammensto\u00df der Fahrzeuge entstand Sachschaden in H\u00f6he von etwa 3500 Euro. Die junge Frau wurde leicht verletzt.<\/p>\n\n\n\n<h2 class=\"wp-block-heading\">(W\u00f6rth am Rhein) &#8211; Raub auf offener Stra\u00dfe \/ Polizei sucht weitere Zeugen<\/h2>\n\n\n<div class=\"wp-block-image\">\n<figure class=\"aligncenter size-full\"><img decoding=\"async\" loading=\"lazy\" width=\"801\" height=\"600\" src=\"https:\/\/speyer24news.com\/wp-content\/uploads\/2020\/05\/Zeugen-gesucht-Neutral.jpg\" alt=\"\" class=\"wp-image-26598\" srcset=\"https:\/\/speyer24news.com\/wp-content\/uploads\/2020\/05\/Zeugen-gesucht-Neutral.jpg 801w, https:\/\/speyer24news.com\/wp-content\/uploads\/2020\/05\/Zeugen-gesucht-Neutral-300x225.jpg 300w, https:\/\/speyer24news.com\/wp-content\/uploads\/2020\/05\/Zeugen-gesucht-Neutral-768x575.jpg 768w, https:\/\/speyer24news.com\/wp-content\/uploads\/2020\/05\/Zeugen-gesucht-Neutral-678x509.jpg 678w, https:\/\/speyer24news.com\/wp-content\/uploads\/2020\/05\/Zeugen-gesucht-Neutral-326x245.jpg 326w, https:\/\/speyer24news.com\/wp-content\/uploads\/2020\/05\/Zeugen-gesucht-Neutral-80x60.jpg 80w\" sizes=\"(max-width: 801px) 100vw, 801px\" \/><\/figure><\/div>\n\n\n<p>Ein 58-j\u00e4hriger Angestellter eines Spielotheken-Betreibers entleerte am Montag, dem 29.08.2022, um 10.00 Uhr, Spielautomaten am Bahnhof W\u00f6rth. Als er wenig sp\u00e4ter mit dem M\u00fcnzgeld in einer Tasche zu seinem Auto gehen wollte begegnete ihm auf der Bahnhofstra\u00dfe ein 43-j\u00e4hriger Mann, der sich unmittelbar nach der Begegnung umdrehte, ihm folgte und die Tasche entriss. Auf der Flucht st\u00fcrzte der 43-J\u00e4hrige und wurde auf der weiteren Flucht von zuf\u00e4llig vor Ort befindlichen Zeugen eingeholt und bis zum Eintreffen der Polizei festgehalten. Ein Zeuge wurde hierbei durch einen Biss in den Arm leicht verletzt. Das Tatmotiv ist noch unbekannt, der tatverd\u00e4chtige Mann wurde nach der Identifizierung und R\u00fccksprache mit der Staatsanwaltschaft wieder auf freien Fu\u00df gesetzt. Die Polizeiinspektion W\u00f6rth bedankt sich bei den Zeugen und bittet weitere Zeugen sich zu melden.<\/p>\n\n\n\n<h2 class=\"wp-block-heading\">(Hagenbach) &#8211; Autofahrer bekifft und ohne Fahrerlaubnis<\/h2>\n\n\n\n<p>Am Dienstag, dem 30.08.2022, um 01.40 Uhr, kontrollierte eine Polizeistreife in der Rheinstra\u00dfe einen 55-j\u00e4hrigen Autofahrer, der zu Beginn der Fahrzeug- und Personenkontrolle gleich angab nicht im Besitz einer Fahrerlaubnis zu sein. Weiterhin waren bei ihm Alkoholgeruch und drogentypische Auff\u00e4lligkeiten festzustellen. Ein Alkoholtest ergab einen Wert von 0,53 Promille. Die Durchf\u00fchrung eines Drogentests verweigerte der 55-J\u00e4hrige, weshalb ihm eine Blutprobe entnommen wurde.<\/p>\n\n\n\n<h2 class=\"wp-block-heading\">(Kapellen-Drusweiler) &#8211; Landwirtschaftlicher Anh\u00e4nger verursacht erheblichen Sachschaden<\/h2>\n\n\n<div class=\"wp-block-image\">\n<figure class=\"aligncenter size-full\"><img decoding=\"async\" loading=\"lazy\" width=\"800\" height=\"601\" src=\"https:\/\/speyer24news.com\/wp-content\/uploads\/2022\/08\/Lof-Anhaenger.jpg\" alt=\"\" class=\"wp-image-48818\" srcset=\"https:\/\/speyer24news.com\/wp-content\/uploads\/2022\/08\/Lof-Anhaenger.jpg 800w, https:\/\/speyer24news.com\/wp-content\/uploads\/2022\/08\/Lof-Anhaenger-300x225.jpg 300w, https:\/\/speyer24news.com\/wp-content\/uploads\/2022\/08\/Lof-Anhaenger-768x577.jpg 768w, https:\/\/speyer24news.com\/wp-content\/uploads\/2022\/08\/Lof-Anhaenger-678x509.jpg 678w, https:\/\/speyer24news.com\/wp-content\/uploads\/2022\/08\/Lof-Anhaenger-326x245.jpg 326w, https:\/\/speyer24news.com\/wp-content\/uploads\/2022\/08\/Lof-Anhaenger-80x60.jpg 80w\" sizes=\"(max-width: 800px) 100vw, 800px\" \/><\/figure><\/div>\n\n\n<p>Einen Sachschaden in H\u00f6he von 120.000.- Euro richtete ein Land- und Fortwirtschaftlicher Anh\u00e4nger am Kaplaneihof an. Nachdem die Keile unter dem Anh\u00e4nger, welcher in einer Scheune abgestellt war, vom Eigent\u00fcmer entfernt wurden, machte sich der Anh\u00e4nger nach etwa 10 Minuten selbst\u00e4ndig und rollte aus der Scheune die leicht absch\u00fcssige Wiese hinab, bis er von einem abgestellten Traktor der Marke Fendt gestoppt wurde. An dem Traktor entstand ein Sachschaden in H\u00f6he von 120.000.- Euro.<\/p>\n\n\n\n<h2 class=\"wp-block-heading\">(Bad Bergzabern) &#8211; Rollerdiebstahl<\/h2>\n\n\n\n<p>Am Montag, 29.08.2022, zwischen 09:15 Uhr und 15:15 Uhr, wurde in der Zeppelinstra\u00dfe, ein silberfarbener Roller der Marke Rex RS125 mit S\u00dcW-Kennzeichen entwendet. Hinweise nimmt die Polizeiinspektion Bad Bergzabern unter 06343\/93340 oder&nbsp;<a href=\"mailto:pibadbergzabern@polizei.rlp.de\">pibadbergzabern@polizei.rlp.de<\/a>&nbsp;entgegen.<\/p>\n\n\n\n<h2 class=\"wp-block-heading\">(Pleisweiler-Oberhofen) &#8211; Verkehrsunfall unter Alkoholeinfluss<\/h2>\n\n\n\n<p>Am Dienstag, 30.08.2022, gegen 01:45 Uhr, kam es auf der L508 zwischen Pleisweiler-Oberhofen und dem Kreisel der B48 zu einem Verkehrsunfall. Die Fahrerin eines Pkw Peugeot geriet auf dem Teilst\u00fcck in einer leichten Rechtskurve in Folge nicht angepasster Geschwindigkeit und Alkoholeinfluss, nach links von der Fahrbahn ab und rutschte in den Bew\u00e4sserungsgraben. Die Fahrerlaubnis war der 62-J\u00e4hrigen bereits entzogen worden. An dem Pkw entstand ein Sachschaden in H\u00f6he von 3000.- Euro.<\/p>\n\n\n\n<h2 class=\"wp-block-heading\">(A 65 \/ H\u00f6he LD &#8211; FR LU) &#8211; Vollsperrung nach Unfall<\/h2>\n\n\n\n<p>Aktuell (30.08.2022 \u2013 13:24) ist die BAB65 in Fahrtrichtung Ludwigshafen nach einem Verkehrsunfall mit vier beteiligten Fahrzeugen, darunter zwei Sattelz\u00fcgen, im Baustellenbereich zwischen den AS Landau S\u00fcd und Landau Landau Zentrum voll gesperrt. Ortskundige Verkehrsteilnehmer werden gebeten, den Bereich weitr\u00e4umig zu umfahren.<\/p>\n\n\n\n<h3 class=\"has-text-align-center wp-block-heading\">Pressemeldung Nr. 2 &#8211; Vollsperrung aufgehoben<\/h3>\n\n\n<div class=\"wp-block-image\">\n<figure class=\"aligncenter size-full\"><img decoding=\"async\" loading=\"lazy\" width=\"800\" height=\"600\" src=\"https:\/\/speyer24news.com\/wp-content\/uploads\/2022\/08\/VUBAB.jpeg\" alt=\"\" class=\"wp-image-48819\" srcset=\"https:\/\/speyer24news.com\/wp-content\/uploads\/2022\/08\/VUBAB.jpeg 800w, https:\/\/speyer24news.com\/wp-content\/uploads\/2022\/08\/VUBAB-300x225.jpeg 300w, https:\/\/speyer24news.com\/wp-content\/uploads\/2022\/08\/VUBAB-768x576.jpeg 768w, https:\/\/speyer24news.com\/wp-content\/uploads\/2022\/08\/VUBAB-678x509.jpeg 678w, https:\/\/speyer24news.com\/wp-content\/uploads\/2022\/08\/VUBAB-326x245.jpeg 326w, https:\/\/speyer24news.com\/wp-content\/uploads\/2022\/08\/VUBAB-80x60.jpeg 80w\" sizes=\"(max-width: 800px) 100vw, 800px\" \/><\/figure><\/div>\n\n\n<p>Die Vollsperrung nach Verkehrsunfall im Bereich der AS Landau Zentrum der BAB65 in Fahrtrichtung Ludwigshafen ist aufgehoben. Nach aktuellem Ermittlungsstand kam es hier zuvor zun\u00e4chst zwischen zwei Sattelz\u00fcgen zu einem Auffahrunfall und im Folgenden hierdurch zu einem weiteren Auffahrunfall zwischen einem Klein-LKW und einem PKW. Eine Person wurde leicht verletzt.<\/p>\n\n\n\n<h2 class=\"wp-block-heading\">(B 10 \/ H\u00f6he Godramstein) &#8211; Sekundenschlaf<\/h2>\n\n\n\n<p>Ein 67 Jahre alter Autofahrer kam Sonntagnachmittag (28.08.2022, 16.40 Uhr) auf der B10 H\u00f6he Godramstein im dortigen Baustellenbereich infolge eines Sekundenschlafs von seiner Fahrspur ab und kollidierte mit einem entgegenkommenden Sattelzug, der in Richtung Pirmasens unterwegs war. Hierbei erlitt er Schnittwunden und musste in ein Krankenhaus gebracht werden. Die drei weiteren Insassen in seinem Fahrzeug blieben unverletzt. W\u00e4hrend an dem LKW leichter Sachschaden entstand, musste der v\u00f6llig demolierte PKW abgeschleppt werden. Es kam zu Verkehrsst\u00f6rungen.<\/p>\n\n\n\n<h2 class=\"wp-block-heading\">(Gleisweiler) &#8211; Stoffdach aufgeschlitzt<\/h2>\n\n\n\n<p>Von Unbekannten wurde das Stoffdach eine Audi Cabrio aufgeschlitzt, der in den zur\u00fcckliegenden Tagen auf einem Parkplatz an der L507 abgestellt war. Als der Fahrzeugbesitzer heute (29.08.2022) gegen 13 Uhr an sein Auto kam, bemerkte er den Aufbruch. Ob es ein Tatzusammenhang mit dem PKW-Aufbruch in Hainfeld gibt, ist derzeit Gegenstand der polizeilichen Ermittlungen. Die Unbekannten konnten durch das Aufschlitzen die Beifahrert\u00fcr des Fahrzeugs \u00f6ffnen, wo sie anschlie\u00dfend das verschlossene Handschuhfach aufbrachen. Zudem wurde ein Kabelbaum besch\u00e4digt. Ersten Ermittlungen haben die T\u00e4ter einen kleineren Betrag von Bargeld aufgefunden und mitgenommen. Auch hier liegt die Schadenh\u00f6he bei \u00fcber 5.000 Euro. Von den T\u00e4tern fehlt jede Spur. Die Polizei Edenkoben sucht unter der Telefonnummer 06323 9550 Zeugen, die Hinweise zu den T\u00e4tern geben k\u00f6nnen.<\/p>\n\n\n\n<h2 class=\"wp-block-heading\">(Roschbach) &#8211; 99 km\/h statt 70km\/h<\/h2>\n\n\n\n<p>Am Montagvormittag wurde durch die Polizei Edenkoben die Einhaltung der Geschwindigkeitsbegrenzung im Bereich der Kreuzung der L516\/K54 \u00fcberwacht. In etwas weniger als eineinhalb Stunden mussten 14 Fahrzeugf\u00fchrer einer Verkehrskontrolle unterzogen werden, da sie die erlaubten 70 km\/h \u00fcberschritten. Der unr\u00fchmliche Spitzenreiter war mit 99 km\/h unterwegs. Ihn erwartet ein Bu\u00dfgeld von mindestens 150 Euro und ein Punkt im Fahrerlaubnisregister.<\/p>\n\n\n\n<h2 class=\"wp-block-heading\">(Hainfeld) &#8211; Stoffdach aufgeschlitzt<\/h2>\n\n\n\n<p>Unbekannte haben in den zur\u00fcckliegenden Tagen das Stoffdach eines Mercedes Benz Cabrio aufgeschlitzt und versucht, in das Fahrzeuginnere zu gelangen. Das Auto wurde am vergangenen Donnerstag (25.08.2022) im Pflaumen abgestellt. Der Vorfall wurde heute Morgen zur Anzeige gebracht. Von den T\u00e4tern fehlt bislang jede Spur. Es entstand ein Schaden von \u00fcber 5.000 Euro. Die Polizei Edenkoben sucht unter der Telefonnummer 06323 9550 Zeugen, die Hinweise zu den T\u00e4tern geben k\u00f6nnen.<\/p>\n\n\n\n<h2 class=\"wp-block-heading\">(Venningen) &#8211; Alkoholisiert in den Gegenverkehr<\/h2>\n\n\n\n<p>Zu einem Verkehrsunfall in der Hauptstra\u00dfe kam es gestern Abend (29.08.2022, 19.20 Uhr), weil eine 43 Jahre alte Frau ihrer Wartepflicht nicht nachkam und an einem geparkten PKW vorbeifuhr, obwohl ihr eine 35-j\u00e4hrige Autofahrerin entgegenkam. Bei der Unfallaufnahme schlug den Beamten eine Alkoholfahne entgegen, die einen Alkotest nach sich zog. Mit \u00fcber 2 Promille qualifizierte sich die 43-J\u00e4hrige f\u00fcr die Blutprobe. Ihre Fahrerlaubnis wurde einkassiert. Ein Strafverfahren wurde eingeleitet. Die Gesamtschadensh\u00f6he liegt bei \u00fcber 500 Euro.<\/p>\n\n\n\n<h2 class=\"wp-block-heading\">(Neustadt) &#8211; Streitigkeiten enden im Gef\u00e4ngnis<\/h2>\n\n\n<div class=\"wp-block-image\">\n<figure class=\"aligncenter size-full\"><img decoding=\"async\" loading=\"lazy\" width=\"800\" height=\"533\" src=\"https:\/\/speyer24news.com\/wp-content\/uploads\/2020\/06\/Zelle.jpg\" alt=\"\" class=\"wp-image-28203\" srcset=\"https:\/\/speyer24news.com\/wp-content\/uploads\/2020\/06\/Zelle.jpg 800w, https:\/\/speyer24news.com\/wp-content\/uploads\/2020\/06\/Zelle-300x200.jpg 300w, https:\/\/speyer24news.com\/wp-content\/uploads\/2020\/06\/Zelle-768x512.jpg 768w\" sizes=\"(max-width: 800px) 100vw, 800px\" \/><figcaption>Beispielbild Zelle \/ Verhaftung, dient lediglich der Visualisierung<\/figcaption><\/figure><\/div>\n\n\n<p>Am 29.08.2022 um 01:30 Uhr teilte eine 32-J\u00e4hrige aus Neustadt mit, dass sie Streit mit einem Bekannten in der Spitalbachstra\u00dfe in 67433 Neustadt habe. Vor Ort konnte lediglich noch die Mitteilerin angetroffen werden. Im weiteren Verlauf der Sachverhaltsaufnahme konnte auch der Bekannte ausfindig gemacht werden. Hierbei wurde bekannt, dass gegen diesen ein Haftbefehl bestand. Die offene Geldstrafe konnte der 51-J\u00e4hrige Neustadter nicht bezahlen, weshalb dieser in die Justizvollzugsanstalt verbracht wurde. Zu strafrechtlich relevanten Handlungen kam es im Rahmen der Streitigkeiten nicht.<\/p>\n\n\n\n<h2 class=\"wp-block-heading\">(Neustadt) &#8211; N\u00e4chtliche Fahrradtour hat eine Anzeige zur Folge<\/h2>\n\n\n\n<p>Am 29.08.2022 um 01:00 Uhr wurde ein 25-J\u00e4hriger aus Neustadt mit seinem Fahrrad in der Landauer Stra\u00dfe in 67433 Neustadt durch eine Streife einer anlassunabh\u00e4ngigen Verkehrskontrolle unterzogen. Bei der Durchsuchung des Neustadters konnte eine geringe Menge Haschisch aufgefunden und sichergestellt werden. Hinweise auf eine Beeintr\u00e4chtigung der Fahrt\u00fcchtigkeit des Radfahrers konnten nicht erlangt werden. Der Mann muss sich nun in einem Strafverfahren wegen des Versto\u00dfes gegen das Bet\u00e4ubungsmittelgesetz verantworten. Ferner wird die zust\u00e4ndige F\u00fchrerscheinstelle \u00fcber den Vorfall in Kenntnis gesetzt.<\/p>\n\n\n\n<h2 class=\"wp-block-heading\">(Bad D\u00fcrkheim) &#8211; Hund vor Tierarztpraxis abgestellt \/ Zeugensuche<\/h2>\n\n\n<div class=\"wp-block-image\">\n<figure class=\"aligncenter size-full\"><img decoding=\"async\" loading=\"lazy\" width=\"800\" height=\"733\" src=\"https:\/\/speyer24news.com\/wp-content\/uploads\/2022\/08\/HundI.jpg\" alt=\"\" class=\"wp-image-48820\" srcset=\"https:\/\/speyer24news.com\/wp-content\/uploads\/2022\/08\/HundI.jpg 800w, https:\/\/speyer24news.com\/wp-content\/uploads\/2022\/08\/HundI-300x275.jpg 300w, https:\/\/speyer24news.com\/wp-content\/uploads\/2022\/08\/HundI-768x704.jpg 768w\" sizes=\"(max-width: 800px) 100vw, 800px\" \/><\/figure><\/div>\n\n\n<p>Am Morgen des 29.08.2022 wurde ein kleiner Hund vor einer Tierarztpraxis in der Weinstra\u00dfe S\u00fcd in einer Tasche abgestellt. Es handelte sich hierbei um einen ca. 4-5 Monate alten R\u00fcden, vermutlich ein Mops oder Mops-Mischling.<\/p>\n\n\n\n<p>Zeugen, die Hinweise zum Eigent\u00fcmer geben k\u00f6nnen oder das Abstellen des Hundes beobachtet haben, werden gebeten, sich mit der Polizeiinspektion Bad D\u00fcrkheim unter 06322 963-0 oder per E-Mail an&nbsp;<a href=\"mailto:pibadduerkheim@polizei.rlp.de\">pibadduerkheim@polizei.rlp.de<\/a>&nbsp;in Verbindung zu setzen.<\/p>\n\n\n\n<h2 class=\"wp-block-heading\">(Bad D\u00fcrkheim) &#8211; Unter Drogeneinfluss mit E-Scooter unterwegs<\/h2>\n\n\n\n<p>Unter Drogeneinfluss befuhr am 28.08.2022, gegen 19:00 Uhr, der 20-j\u00e4hrige Fahrer eines E-Scooters den Wirtschaftsweg parallel zur L455 von Freinsheim kommend in Fahrtrichtung Ungstein. W\u00e4hrend der Verkehrskontrolle stellten die eingesetzten Beamten drogentypische Auff\u00e4lligkeiten bei dem Heranwachsenden fest. Nachdem ein durchgef\u00fchrter Urintest positiv auf Amphetamin und THC reagierte, wurde dem Mann auf der Dienststelle eine Blutprobe entnommen und der E-Scooter pr\u00e4ventiv sichergestellt. Zudem wurde ein Strafverfahren wegen des Versto\u00dfes gegen das Bet\u00e4ubungsmittelgesetz eingeleitet.<\/p>\n\n\n\n<h2 class=\"wp-block-heading\">(A 6 \/ Kirchheim an der Weinstra\u00dfe) &#8211; Zeugenaufruf nach Verkehrsunfallflucht auf der A6<\/h2>\n\n\n<div class=\"wp-block-image\">\n<figure class=\"aligncenter size-full\"><img decoding=\"async\" loading=\"lazy\" width=\"801\" height=\"600\" src=\"https:\/\/speyer24news.com\/wp-content\/uploads\/2020\/05\/Zeugen-gesucht-Neutral.jpg\" alt=\"\" class=\"wp-image-26598\" srcset=\"https:\/\/speyer24news.com\/wp-content\/uploads\/2020\/05\/Zeugen-gesucht-Neutral.jpg 801w, https:\/\/speyer24news.com\/wp-content\/uploads\/2020\/05\/Zeugen-gesucht-Neutral-300x225.jpg 300w, https:\/\/speyer24news.com\/wp-content\/uploads\/2020\/05\/Zeugen-gesucht-Neutral-768x575.jpg 768w, https:\/\/speyer24news.com\/wp-content\/uploads\/2020\/05\/Zeugen-gesucht-Neutral-678x509.jpg 678w, https:\/\/speyer24news.com\/wp-content\/uploads\/2020\/05\/Zeugen-gesucht-Neutral-326x245.jpg 326w, https:\/\/speyer24news.com\/wp-content\/uploads\/2020\/05\/Zeugen-gesucht-Neutral-80x60.jpg 80w\" sizes=\"(max-width: 801px) 100vw, 801px\" \/><\/figure><\/div>\n\n\n<p>Am Dienstagnachmittag kam es gegen 16:15 Uhr zu einem Verkehrsunfall mit mehreren beteiligten Fahrzeugen auf der A6, in Fahrtrichtung Mannheim, kurz nach der Anschlussstelle Gr\u00fcnstadt. Hier platzte ein Reifen eines Sattelaufliegers, weswegen der nachfolgende Verkehr stark abbremsen musste. Nach einer Vollbremsung einer 20-j\u00e4hrigen BMW-Fahrerin konnten die beiden dahinter befindlichen Fahrzeuge nicht mehr rechtzeitig bremsen, sodass es zur Kollision der drei Fahrzeuge kam. Durch den Aufprall erlitt die Fahrerin des BMWs Kopf- und Nackenschmerzen. Der Sachschaden d\u00fcrfte sich auf ca. 25.000 Euro belaufen.<\/p>\n\n\n\n<p>Aus unerkl\u00e4rlicher Weise fuhr das Fahrzeug, welches in das Fahrzeugheck der jungen Frau fuhr und dessen Fahrzeugheck durch einen 49-j\u00e4hrigen Frankenthaler besch\u00e4digt sein worden muss, weiter, ohne seinen Pflichten als Verkehrsunfallbeteiligten nachgekommen zu sein. Die anderen Unfallbeteiligten konnten keinerlei Hinweise auf das fl\u00fcchtige Fahrzeug geben. Aufgrund des Schadensbildes k\u00f6nnte es sich um einen Kleinlaster handeln.<\/p>\n\n\n\n<p>Zeugen, die den Verkehrsunfall beobachtet haben und sachdienliche Hinweise zu dem fl\u00fcchtigen Fahrzeug geben k\u00f6nnen, werden gebeten, sich an die Polizeiautobahnstation unter 06237\/9330 oder per E-Mail an&nbsp;<a href=\"mailto:pastruchheim@polizei.rlp.de\">pastruchheim@polizei.rlp.de<\/a>&nbsp;zu wenden.<\/p>\n\n\n\n<h2 class=\"wp-block-heading\">(Gr\u00fcnstadt) &#8211; Fahrradfahrer bei Verkehrsunfall leicht verletzt<\/h2>\n\n\n\n<p>Am 28.08.2022, 19:00 Uhr kam es an der Einm\u00fcndung Kirchheimer Stra\u00dfe, Obers\u00fclzer Stra\u00dfe zu einem Verkehrsunfall zwischen Fahrradfahrer und einem PKW. Der 62-j\u00e4hrige PKW Fahrer missachtete die Vorfahrt eines 36-j\u00e4hrigen Fahrradfahrers. Der Fahrradfahrer wurde hierbei gl\u00fccklicherweise nur leicht verletzt. Er wurde vorsorglich im Krankenhaus Gr\u00fcnstadt untersucht.<\/p>\n\n\n\n<h2 class=\"wp-block-heading\">(Ludwigshafen) &#8211; Unter dem Einfluss von Bet\u00e4ubungsmitteln und ohne F\u00fchrerschein unterwegs<\/h2>\n\n\n\n<p>In der Nacht auf Dienstag (30.08.2022) gegen 03:00 Uhr kontrollierten Polizeibeamte einen 22-j\u00e4hrigen Autofahrer auf dem Kaiserw\u00f6rthdamm kontrolliert. Es stellte sich heraus, dass der 22-J\u00e4hrige keine g\u00fcltige Fahrerlaubnis hatte. Zudem wurden durch die Polizeikr\u00e4fte drogentypische Auff\u00e4lligkeiten festgestellt. Ein Urintest verlief positiv auf den Wirkstoff Kokain. Dem Mann wurde anschlie\u00dfend eine Blutprobe entnommen, um die genaue Drogenbeeinflussung festzustellen<\/p>\n\n\n\n<h2 class=\"wp-block-heading\">(Ludwigshafen) &#8211; K\u00f6rperverletzung am Rheinufer<\/h2>\n\n\n\n<p>In der Nacht auf Dienstag (30.08.2022) gegen 00:46 Uhr wurde ein 36-J\u00e4hriger von zwei m\u00e4nnlichen Personen am Rheinufer geschlagen. Wieso es zu der Auseinandersetzung kam, ist noch unklar. Der 36-J\u00e4hrige wurde leicht verletzt. Durch Polizeikr\u00e4fte konnten in der anschlie\u00dfenden Fahndung, die zwei T\u00e4ter im Alter von 23 und 25 Jahren gefasst werden. Die M\u00e4nner verhielten sich weiterhin aggressiv, weshalb sie in Gewahrsam genommen wurden. Beide erwartet eine Strafanzeige wegen gef\u00e4hrlicher K\u00f6rperverletzung.<\/p>\n\n\n\n<h2 class=\"wp-block-heading\">(Ludwigshafen) &#8211; Zeugen gesucht!<\/h2>\n\n\n\n<p>Am Montagabend (29.08.2022), gegen 23:30 Uhr, besch\u00e4digte eine derzeit unbekannte, m\u00e4nnliche Person ein parkendes Auto in der Herxheimer Stra\u00dfe. Der Mann trat gegen den linken Au\u00dfenspiegel und riss den Heckscheibenwischer ab. Der 33-J\u00e4hrige Autobesitzer konnte den Vorfall beobachten und den Mann beschreiben. <\/p>\n\n\n\n<h4 class=\"wp-block-heading\">Dieser war:<\/h4>\n\n\n\n<ul><li><strong>ca. 1,70m gro\u00df<\/strong><\/li><li><strong>hatte lange schwarze Haare<\/strong><\/li><li><strong>soll ca. 25 Jahre alt sein und <\/strong><\/li><li><strong>eine kr\u00e4ftige Statur haben.<\/strong><\/li><\/ul>\n\n\n\n<p>Wer hat den Vorfall beobachtet und kann Hinweise zur Identit\u00e4t des Mannes geben?<\/p>\n\n\n\n<p>Sachdienliche Hinweise bitte an die Polizeiinspektion Ludwigshafen 1, Telefonnummer 0621 963-2122 oder per E-Mail&nbsp;<a href=\"mailto:piludwigshafen1@polizei.rlp.de\">piludwigshafen1@polizei.rlp.de<\/a><\/p>\n\n\n\n<h2 class=\"wp-block-heading\">(Ludwigshafen) &#8211; Streit um Pfand endet in K\u00f6rperverletzung<\/h2>\n\n\n\n<p>Am Montagabend (29.08.2022) gegen 18 Uhr kam es in einem Supermarkt in der Oderstra\u00dfe zun\u00e4chst zu verbalen Streitigkeiten zwischen einem 61-J\u00e4hrigen und einem 33-J\u00e4hrgen, der sich zusammen mit seinem Bekannten im Supermarkt befand. Hintergrund der Streitigkeiten waren Unstimmigkeiten am Pfandautomaten. Der 61-J\u00e4hrige schlug dem 33-J\u00e4hrigen mit der flachen Hand ins Gesicht. Ihn erwartet nun eine Strafanzeige wegen K\u00f6rperverletzung.<\/p>\n\n\n\n<h2 class=\"wp-block-heading\">(Ludwigshafen) &#8211; Terrassenbrand<\/h2>\n\n\n\n<p>Am Montagabend (29.08.2022) kam es zu einem Brand einer Holzterrasse in der Bahnhofstra\u00dfe. Durch aufmerksame Passanten wurde eine Rauchentwicklung wahrgenommen und die Feuerwehr alarmiert. Gl\u00fccklicherweise konnte der Brand schnell gel\u00f6scht werden. Die Fassade des Mehrfamilienhauses wurde durch die Hitze leicht besch\u00e4digt. Die Schadensh\u00f6he wird auf rund 50.000 Euro gesch\u00e4tzt. Die Ursache f\u00fcr den Brand ist derzeit noch unklar. Die Kriminalpolizei hat die Ermittlungen aufgenommen. Sachdienliche Hinweise nimmt die Kriminalpolizei Ludwigshafen unter der Telefonnummer 0621\/963-2773 oder per E-Mail\u00a0<a href=\"mailto:kiludwigshafen.k1.kdd@polizei.rlp.de\">kiludwigshafen.k1.kdd@polizei.rlp.de<\/a>\u00a0entgegen.<\/p>\n\n\n\n<h2 class=\"wp-block-heading\">(Ludwigshafen) &#8211; Radfahrerin leicht verletzt<\/h2>\n\n\n\n<p>Am Montagnachmittag (29.08.2022) fuhr ein 27-j\u00e4hriger Radfahrer den Adlerdamm entlang. Er befuhr den Radweg entgegen der vorgeschriebenen Richtung. Eine 35-j\u00e4hriger Autofahrerin fuhr aus einer Grundst\u00fccksausfahrt heraus und kollidierte mit dem Radfahrer. Bei dem Zusammensto\u00df wurde der 27-J\u00e4hrige gl\u00fccklicherweise nur leicht verletzt.<\/p>\n\n\n\n<h2 class=\"wp-block-heading\">(Ludwigshafen) &#8211; Tasche mit Geldb\u00f6rse im Supermarkt entwendet<\/h2>\n\n\n<div class=\"wp-block-image\">\n<figure class=\"aligncenter size-full\"><img decoding=\"async\" loading=\"lazy\" width=\"801\" height=\"600\" src=\"https:\/\/speyer24news.com\/wp-content\/uploads\/2020\/05\/Zeugen-gesucht-Neutral.jpg\" alt=\"\" class=\"wp-image-26598\" srcset=\"https:\/\/speyer24news.com\/wp-content\/uploads\/2020\/05\/Zeugen-gesucht-Neutral.jpg 801w, https:\/\/speyer24news.com\/wp-content\/uploads\/2020\/05\/Zeugen-gesucht-Neutral-300x225.jpg 300w, https:\/\/speyer24news.com\/wp-content\/uploads\/2020\/05\/Zeugen-gesucht-Neutral-768x575.jpg 768w, https:\/\/speyer24news.com\/wp-content\/uploads\/2020\/05\/Zeugen-gesucht-Neutral-678x509.jpg 678w, https:\/\/speyer24news.com\/wp-content\/uploads\/2020\/05\/Zeugen-gesucht-Neutral-326x245.jpg 326w, https:\/\/speyer24news.com\/wp-content\/uploads\/2020\/05\/Zeugen-gesucht-Neutral-80x60.jpg 80w\" sizes=\"(max-width: 801px) 100vw, 801px\" \/><\/figure><\/div>\n\n\n<p>Am Montagvormittag (29.08.2022) gegen 11:30 Uhr befand sich der 82-j\u00e4hrige Gesch\u00e4digte in einem Supermarkt in der Comeniusstra\u00dfe. W\u00e4hrend des Einkaufs legte der Mann seine Tasche auf einer Ablage ab und lie\u00df diese kurzeitig unbeobachtet. Ein derzeit unbekannter T\u00e4ter nahm die Tasche an sich und verschwand aus dem Laden. Der Vorfall wurde durch Videokameras aufgezeichnet. <\/p>\n\n\n\n<h4 class=\"wp-block-heading\">Der T\u00e4ter ist:<\/h4>\n\n\n\n<ul><li><strong>ca. 50-60 Jahre alt<\/strong><\/li><li><strong>1,70m-1,80m gro\u00df<\/strong><\/li><li><strong>hatte schwarzes, kurzes Haar<\/strong><\/li><li><strong>eine kr\u00e4ftige Statur <\/strong><\/li><li><strong>f\u00fchrte einen roten Rollkoffer mit silbernem Griff mit sich. <\/strong><\/li><li><strong>Er trug eine kurze, graue Hose und ein rotes Polo-Shirt. <\/strong><\/li><\/ul>\n\n\n\n<p>Wer hat die Person gesehen und kann Hinweise zur Identit\u00e4t geben? Hinweise werden an die Polizeiwache Oggersheim unter Tel. 0621 963 &#8211; 2403 oder per Mail\u00a0<a href=\"mailto:pwoggersheim@polizei.rlp.de\">pwoggersheim@polizei.rlp.de<\/a>\u00a0erbeten.<\/p>\n\n\n\n<h2 class=\"wp-block-heading\">(Ludwigshafen) &#8211; Versuchter Einbruch in einen Kiosk<a href=\"https:\/\/www.facebook.com\/sharer.php?u=https%3A%2F%2Fwww.presseportal.de%2Fblaulicht%2Fpm%2F117696%2F5308581%2F%3Futm_source%3Dfacebook%26utm_medium%3Dsocial\"><\/a><a href=\"https:\/\/twitter.com\/intent\/tweet?text=POL-PPRP%3A%20Versuchter%20Einbruch%20in%20einen%20Kiosk&amp;url=https%3A%2F%2Fwww.presseportal.de%2Fblaulicht%2Fpm%2F117696%2F5308581%2F%3Futm_source%3Dtwitter%26utm_medium%3Dsocial&amp;hashtags=ots&amp;lang=de\"><\/a><a href=\"https:\/\/web.whatsapp.com\/send?text=POL-PPRP%3A%20Versuchter%20Einbruch%20in%20einen%20Kiosk%0A%0Ahttps%3A%2F%2Fwww.presseportal.de%2Fblaulicht%2Fpm%2F117696%2F5308581%2F%3Futm_source%3Dwhatsapp%26utm_medium%3Dsocial\"><\/a><a href=\"https:\/\/www.xing.com\/app\/user?op=share;url=https%3A%2F%2Fwww.presseportal.de%2Fblaulicht%2Fpm%2F117696%2F5308581%2F%3Futm_source%3Dxing%26utm_medium%3Dsocial\"><\/a><a href=\"http:\/\/www.linkedin.com\/shareArticle?mini=true&amp;url=https%3A%2F%2Fwww.presseportal.de%2Fblaulicht%2Fpm%2F117696%2F5308581%2F%3Futm_source%3Dlinkedin%26utm_medium%3Dsocial&amp;title=POL-PPRP%3A+Versuchter+Einbruch+in+einen+Kiosk\"><\/a><a href=\"mailto:?subject=POL-PPRP%3A%20Versuchter%20Einbruch%20in%20einen%20Kiosk&amp;body=https:\/\/www.presseportal.de\/blaulicht\/pm\/117696\/5308581\"><\/a><\/h2>\n\n\n\n<p>Im Zeitraum von Samstag (27.08.2022) 20:00 Uhr bis Montag (29.08.2022) 08:15 Uhr versuchten derzeit unbekannte T\u00e4ter einen Kiosk in der Maudacher Stra\u00dfe aufzubrechen. Den T\u00e4tern gelang es nicht, die Eingangst\u00fcr gewaltsam zu \u00f6ffnen. Es entstand ein Sachschaden von ca. 1000 Euro. Wer hat verd\u00e4chtige Personen beobachtet und kann Hinweise auf m\u00f6gliche T\u00e4ter geben? Sachdienliche Hinweise nimmt die Kriminalpolizei Ludwigshafen unter der Telefonnummer 0621\/963-2773 oder per E-Mail&nbsp;<a href=\"mailto:kiludwigshafen.k1.kdd@polizei.rlp.de\">kiludwigshafen.k1.kdd@polizei.rlp.de<\/a>&nbsp;entgegen.<\/p>\n\n\n\n<h2 class=\"wp-block-heading\">(Ludwigshafen) &#8211; Mehrere Br\u00e4nde im Bereich des Stra\u00dfenfestes<\/h2>\n\n\n\n<p>Am fr\u00fchen Montagmorgen (29.08.2022) gegen 04:24 Uhr wurden mehrere M\u00fclleimer von bislang unbekannten T\u00e4tern in Brand gesetzt. Zun\u00e4chst wurden an der Mozartschule, an der protestantischen Kirche und an einer Kreuzung vor dem Gemeindehaus in Ludwigshafen-Rheing\u00f6nheim brennende M\u00fclleimer gemeldet. Gegen 05:21 Uhr brannte ein weiterer M\u00fclleimer am Gemeindehaus. Die Br\u00e4nde wurden durch die Feuerwehr gel\u00f6scht. Es entstanden Sachsch\u00e4den in derzeit unbekannter H\u00f6he. Wer hat in diesem Zeitraum Personen beobachtet und kann Hinweise geben? Sachdienliche Hinweise bitte an die Polizeiinspektion Ludwigshafen 1, Telefonnummer 0621 963-2122 oder per E-Mail&nbsp;<a href=\"mailto:piludwigshafen1@polizei.rlp.de\">piludwigshafen1@polizei.rlp.de<\/a>&nbsp;.<\/p>\n\n\n\n<h2 class=\"wp-block-heading\">(Ludwigshafen) &#8211; Einbruch in Bar<\/h2>\n\n\n\n<p>Am Sonntagabend (28.08.2022) zwischen 22:00 Uhr und 23:30 Uhr brachen unbekannte T\u00e4ter in eine Bar in der Ganderhofstra\u00dfe ein. Es wurden zwei Spielautomaten besch\u00e4digt und Bargeld entwendet. Der entstandene Schaden betr\u00e4gt rund 6500 Euro. Wer hat den Vorfall beobachtet und kann Hinweise zu den T\u00e4tern geben? Sachdienliche Hinweise bitte an die Polizeiinspektion Ludwigshafen 2, Telefonnummer 0621 963-2222 oder per E-Mail\u00a0<a href=\"mailto:piludwigshafen2@polizei.rlp.de\">piludwigshafen2@polizei.rlp.de<\/a>\u00a0.<\/p>\n\n\n\n<h2 class=\"wp-block-heading\">(Ludwigshafen) &#8211; Fahrzeug besch\u00e4digt, Zeugen gesucht!<\/h2>\n\n\n\n<p>Am Sonntagabend (28.08.2022) zwischen 19:00 Uhr und 22:30 Uhr parkte ein 62-J\u00e4hriger sein Auto im Bastenhorstweg. Ein unbekannter T\u00e4ter riss mutwillig den rechten Au\u00dfenspiegel ab. Derzeit liegen keine T\u00e4terhinweise vor. Wer hat den Vorfall beobachtet und kann Hinweise geben? Sachdienliche Hinweise bitte an die Polizeiinspektion Ludwigshafen 2, Telefonnummer 0621 963-2222 oder per E-Mail\u00a0<a href=\"mailto:piludwigshafen2@polizei.rlp.de\">piludwigshafen2@polizei.rlp.de<\/a>\u00a0.<\/p>\n\n\n\n<h2 class=\"wp-block-heading\">(Ludwigshafen) &#8211; Versuchter Einbruch in Arztpraxis<a href=\"https:\/\/www.facebook.com\/sharer.php?u=https%3A%2F%2Fwww.presseportal.de%2Fblaulicht%2Fpm%2F117696%2F5308585%2F%3Futm_source%3Dfacebook%26utm_medium%3Dsocial\"><\/a><a href=\"https:\/\/twitter.com\/intent\/tweet?text=POL-PPRP%3A%20Versuchter%20Einbruch%20in%20Arztpraxis&amp;url=https%3A%2F%2Fwww.presseportal.de%2Fblaulicht%2Fpm%2F117696%2F5308585%2F%3Futm_source%3Dtwitter%26utm_medium%3Dsocial&amp;hashtags=ots&amp;lang=de\"><\/a><a href=\"https:\/\/web.whatsapp.com\/send?text=POL-PPRP%3A%20Versuchter%20Einbruch%20in%20Arztpraxis%0A%0Ahttps%3A%2F%2Fwww.presseportal.de%2Fblaulicht%2Fpm%2F117696%2F5308585%2F%3Futm_source%3Dwhatsapp%26utm_medium%3Dsocial\"><\/a><a href=\"https:\/\/www.xing.com\/app\/user?op=share;url=https%3A%2F%2Fwww.presseportal.de%2Fblaulicht%2Fpm%2F117696%2F5308585%2F%3Futm_source%3Dxing%26utm_medium%3Dsocial\"><\/a><a href=\"http:\/\/www.linkedin.com\/shareArticle?mini=true&amp;url=https%3A%2F%2Fwww.presseportal.de%2Fblaulicht%2Fpm%2F117696%2F5308585%2F%3Futm_source%3Dlinkedin%26utm_medium%3Dsocial&amp;title=POL-PPRP%3A+Versuchter+Einbruch+in+Arztpraxis\"><\/a><a href=\"mailto:?subject=POL-PPRP%3A%20Versuchter%20Einbruch%20in%20Arztpraxis&amp;body=https:\/\/www.presseportal.de\/blaulicht\/pm\/117696\/5308585\"><\/a><\/h2>\n\n\n\n<p>Im Zeitraum von Samstag (27.08.2022) 14:00 Uhr bis Sonntag (28.08.2022) 20:55 Uhr versuchten derzeit unbekannte T\u00e4ter in eine Arztpraxis in der Saarlandstra\u00dfe einzubrechen. Die Haupteingangst\u00fcr wurde besch\u00e4digt, es gelang den T\u00e4tern jedoch nicht, in die Praxis einzudringen. Der Sachschaden betr\u00e4gt ca. 500 Euro. Wer hat verd\u00e4chtige Personen beobachtet und kann Hinweise auf m\u00f6gliche T\u00e4ter geben? Sachdienliche Hinweise nimmt die Kriminalpolizei Ludwigshafen unter der Telefonnummer 0621\/963-2773 oder per E-Mail&nbsp;<a href=\"mailto:kiludwigshafen.k1.kdd@polizei.rlp.de\">kiludwigshafen.k1.kdd@polizei.rlp.de<\/a><\/p>\n\n\n\n<h2 class=\"wp-block-heading\">(Ludwigshafen) &#8211; Zeugen nach Raub gesucht!<\/h2>\n\n\n<div class=\"wp-block-image\">\n<figure class=\"aligncenter size-full\"><img decoding=\"async\" loading=\"lazy\" width=\"801\" height=\"600\" src=\"https:\/\/speyer24news.com\/wp-content\/uploads\/2020\/05\/Zeugen-gesucht-Neutral.jpg\" alt=\"\" class=\"wp-image-26598\" srcset=\"https:\/\/speyer24news.com\/wp-content\/uploads\/2020\/05\/Zeugen-gesucht-Neutral.jpg 801w, https:\/\/speyer24news.com\/wp-content\/uploads\/2020\/05\/Zeugen-gesucht-Neutral-300x225.jpg 300w, https:\/\/speyer24news.com\/wp-content\/uploads\/2020\/05\/Zeugen-gesucht-Neutral-768x575.jpg 768w, https:\/\/speyer24news.com\/wp-content\/uploads\/2020\/05\/Zeugen-gesucht-Neutral-678x509.jpg 678w, https:\/\/speyer24news.com\/wp-content\/uploads\/2020\/05\/Zeugen-gesucht-Neutral-326x245.jpg 326w, https:\/\/speyer24news.com\/wp-content\/uploads\/2020\/05\/Zeugen-gesucht-Neutral-80x60.jpg 80w\" sizes=\"(max-width: 801px) 100vw, 801px\" \/><\/figure><\/div>\n\n\n<p>Sonntagnacht (28.08.2022) gegen 00:10 Uhr befand sich ein 51-J\u00e4hriger vor seinem Restaurant in der Stra\u00dfe &#8222;Theaterplatz&#8220;. Es erschienen drei derzeit unbekannte M\u00e4nner. Als der 51-J\u00e4hriger in sein Restaurant hineinging, dr\u00e4ngten sich zwei der M\u00e4nner mit in den Laden und raubten unter Vorhalt von Messern Bargeld im vierstelligen Bereich. <\/p>\n\n\n\n<ul><li><strong>Ein T\u00e4ter soll ca. 20-25 Jahr alt sein, trug eine helle kurze Hose, ein dunkles T-Shirt, dunkle Basecap (Marke Nike). <\/strong><\/li><li><strong>Der zweite T\u00e4ter trug helle lange Jeans mit vielen L\u00f6chern und ein dunkles T-Shirt. Er soll ebenfalls 20-25 Jahre alt sein. <\/strong><\/li><li><strong>Beide trugen Handschuhe und schwarze OP-Masken. <\/strong><\/li><\/ul>\n\n\n\n<p>Wer hat den Vorfall beobachtet und kann Hinweise geben? Sachdienliche Hinweise bitte an die Polizeiinspektion Ludwigshafen 1, Telefonnummer 0621 963-2122 oder per E-Mail\u00a0<a href=\"mailto:piludwigshafen1@polizei.rlp.de\">piludwigshafen1@polizei.rlp.de<\/a>\u00a0.<\/p>\n\n\n\n<h2 class=\"wp-block-heading\">(Ludwigshafen) &#8211; Zeugenaufruf nach Verkehrsunfallflucht<\/h2>\n\n\n\n<p>Am Sonntagmorgen (28.08.2022) zwischen 10:30 Uhr und 11:15 Uhr parkte ein 36-J\u00e4hriger sein Auto in der Rheinallee in einer Parkbucht am rechten Fahrbahnrand. Ein bislang unbekannter Autofahrer streifte das geparkte Auto auf der Beifahrerseite. Es entstand ein Sachschaden von ca. 1500 Euro. Wer hat der Verkehrsunfall beobachtet und kann Hinweise zum fl\u00fcchtigen Fahrer geben? Sachdienliche Hinweise bitte an die Polizeiinspektion Ludwigshafen 1, Telefonnummer 0621 963-2122 oder per E-Mail\u00a0<a href=\"mailto:piludwigshafen1@polizei.rlp.de\">piludwigshafen1@polizei.rlp.de<\/a>\u00a0.<\/p>\n\n\n\n<h2 class=\"wp-block-heading\">(Ludwigshafen) &#8211; Einbruch in Wohnung<\/h2>\n\n\n\n<p>Im Zeitraum von Samstagmorgen (27.08.2022) 06:00 Uhr bis Sonntagmorgen (28.08.2022) 09:00 Uhr brach ein derzeit unbekannter T\u00e4ter in eine Wohnung eines Mehrfamilienhauses in der Kropsburgstra\u00dfe ein. Die Wohnungst\u00fcr wurde gewaltsam aufgebrochen und die Wohnung durchw\u00fchlt. Die H\u00f6he des entstandenen Sachschadens ist derzeit noch unbekannt. Sachdienliche Hinweise nimmt die Kriminalpolizei Ludwigshafen unter der Telefonnummer 0621\/963-2773 oder per E-Mail\u00a0<a href=\"mailto:kiludwigshafen.k1.kdd@polizei.rlp.de\">kiludwigshafen.k1.kdd@polizei.rlp.de<\/a>\u00a0entgegen.<\/p>\n\n\n\n<h2 class=\"wp-block-heading\">(B 38 \/ Mannheim) &#8211; Unfallflucht \/ Fahrer l\u00e4sst besch\u00e4digtes Fahrzeug zur\u00fcck &#8211; Zeugen gesucht<\/h2>\n\n\n\n<p>Am fr\u00fchen Samstagmorgen kurz nach 2 Uhr meldete ein Zeuge der Polizei ein stark besch\u00e4digtes Fahrzeug im Gr\u00fcnstreifen der B38 an der Einm\u00fcndung zur Heppenheimer Stra\u00dfe. Am Opel, an welchem die Fahrerseite v\u00f6llig zerkratzt war, hatten beide Frontairbags ausgel\u00f6st. Vom Fahrer fehlte jedoch jede Spur. Die Unfallstelle konnte durch die ermittelnden Beamtinnen und Beamten bereits in der Heppenheimer Stra\u00dfe ausfindig gemacht werden. Hier war der Fahrer zuvor mit der Mittelleitplanke und mehreren Randsteinen kollidiert. Durch die vor Ort befindlichen Zeugen konnten bereits erste Hinweise auf den fl\u00fcchtigen Fahrer in Erfahrung gebracht werden. Die weiteren Ermittlungen wegen Verkehrsunfallflucht dauern an. Weitere Zeugen, welche den Unfall beobachtet haben oder sachdienliche Hinweise geben k\u00f6nnen, werden gebeten, sich beim Polizeirevier K\u00e4fertal unter Tel.: 0621\/71849-0 zu melden.<\/p>\n\n\n\n<h2 class=\"wp-block-heading\">(Mannheim-Innenstadt) &#8211; Gegen geparkten PKW gefahren und gefl\u00fcchtet \/ Zeugen gesucht<\/h2>\n\n\n\n<p>Am Montagabend um 19:30 Uhr streifte ein bisher unbekannter Verkehrsteilnehmer einen Mercedes, welcher im Quadrat Q5 gegen\u00fcber einer Apotheke geparkt war. Der Mercedes wurde im Bereich der Sto\u00dfstange vorne links verkratzt. Der Sachschaden liegt bei 4.500 Euro. Zeugen, welche den Unfall beobachtet haben, k\u00f6nnen das Polizeirevier Mannheim-Innenstadt unter Tel.: 0621\/1258-0 kontaktieren.<\/p>\n\n\n\n<h2 class=\"wp-block-heading\">(Mannheim-Innenstadt) &#8211; Stra\u00dfenbahnhaltestelle in Brand gesetzt<a href=\"https:\/\/www.facebook.com\/sharer.php?u=https%3A%2F%2Fwww.presseportal.de%2Fblaulicht%2Fpm%2F14915%2F5307815%2F%3Futm_source%3Dfacebook%26utm_medium%3Dsocial\"><\/a><a href=\"https:\/\/twitter.com\/intent\/tweet?text=POL-MA%3A%20Mannheim-Innenstadt%3A%20Stra%C3%9Fenbahnhaltestelle%20in%20Brand%20gesetzt&amp;url=https%3A%2F%2Fwww.presseportal.de%2Fblaulicht%2Fpm%2F14915%2F5307815%2F%3Futm_source%3Dtwitter%26utm_medium%3Dsocial&amp;hashtags=ots&amp;lang=de\"><\/a><a href=\"https:\/\/web.whatsapp.com\/send?text=POL-MA%3A%20Mannheim-Innenstadt%3A%20Stra%C3%9Fenbahnhaltestelle%20in%20Brand%20gesetzt%0A%0Ahttps%3A%2F%2Fwww.presseportal.de%2Fblaulicht%2Fpm%2F14915%2F5307815%2F%3Futm_source%3Dwhatsapp%26utm_medium%3Dsocial\"><\/a><a href=\"https:\/\/www.xing.com\/app\/user?op=share;url=https%3A%2F%2Fwww.presseportal.de%2Fblaulicht%2Fpm%2F14915%2F5307815%2F%3Futm_source%3Dxing%26utm_medium%3Dsocial\"><\/a><a href=\"http:\/\/www.linkedin.com\/shareArticle?mini=true&amp;url=https%3A%2F%2Fwww.presseportal.de%2Fblaulicht%2Fpm%2F14915%2F5307815%2F%3Futm_source%3Dlinkedin%26utm_medium%3Dsocial&amp;title=POL-MA%3A+Mannheim-Innenstadt%3A+Stra%C3%9Fenbahnhaltestelle+in+Brand+gesetzt\"><\/a><a href=\"mailto:?subject=POL-MA%3A%20Mannheim-Innenstadt%3A%20Stra%C3%9Fenbahnhaltestelle%20in%20Brand%20gesetzt&amp;body=https:\/\/www.presseportal.de\/blaulicht\/pm\/14915\/5307815\"><\/a><\/h2>\n\n\n\n<p>Derzeit noch unbekannte T\u00e4ter setzten am fr\u00fchen Montagmorgen gegen 02:40 Uhr das Warteh\u00e4uschen der Stra\u00dfenbahnhaltestelle am Paradeplatz in Brand und fl\u00fcchteten.<\/p>\n\n\n\n<p>Die T\u00e4ter z\u00fcndeten das Plexiglas der dortigen Aush\u00e4ngetafel an, wodurch eine derart enorme Hitze entstand, dass die Glasscheibe des Warteh\u00e4uschens zerbarst. Die Feuerwehr Mannheim konnte das Feuer schnell l\u00f6schen und somit Schlimmeres verhindern.<\/p>\n\n\n\n<p>Insgesamt entstand ein Sachschaden in H\u00f6he von etwa 3.500 Euro.<\/p>\n\n\n\n<p>Das Polizeirevier Mannheim-Innenstadt hat die weiteren Ermittlungen aufgenommen und bittet Zeugen, die Hinweise zu den Tatverd\u00e4chtigen geben k\u00f6nnen, sich unter der Telefonnummer 0621\/3258-0 zu melden.<\/p>\n\n\n\n<h2 class=\"wp-block-heading\">(Mannheim-Innenstadt) &#8211; Gef\u00e4hrliche K\u00f6rperverletzung durch zwei T\u00e4ter; alkoholisierte und unter Drogen stehende T\u00e4ter durch Polizei festgenommen; drei Polizeibeamte leicht verletzt<\/h2>\n\n\n<div class=\"wp-block-image\">\n<figure class=\"aligncenter size-full\"><img decoding=\"async\" loading=\"lazy\" width=\"800\" height=\"533\" src=\"https:\/\/speyer24news.com\/wp-content\/uploads\/2021\/10\/Festnahme-Handschellen.jpg\" alt=\"\" class=\"wp-image-41224\" srcset=\"https:\/\/speyer24news.com\/wp-content\/uploads\/2021\/10\/Festnahme-Handschellen.jpg 800w, https:\/\/speyer24news.com\/wp-content\/uploads\/2021\/10\/Festnahme-Handschellen-300x200.jpg 300w, https:\/\/speyer24news.com\/wp-content\/uploads\/2021\/10\/Festnahme-Handschellen-768x512.jpg 768w\" sizes=\"(max-width: 800px) 100vw, 800px\" \/><figcaption>Beispielbild Handschelle \/ Verhaftung, dient lediglich der Visualisierung<\/figcaption><\/figure><\/div>\n\n\n<p>Sonntagnacht gegen 1:30 Uhr schlugen zwei T\u00e4ter im Alter von 21 und 24 Jahren im Bereich Quadrats B 3, Schillerplatz, zwei M\u00e4nner im Alter von 29- und 30 Jahren mit der Faust ins Gesicht. Die Hintergr\u00fcnde der Angriffe gegen die beiden Opfer sind bisher nicht bekannt. Nach bisherigen polizeilichen Ermittlungen kannten sich die Beteiligten untereinander nicht.<\/p>\n\n\n\n<p>Nachdem die beiden T\u00e4ter zu Fu\u00df gefl\u00fcchtet waren, konnten sie im Bereich des Quadrats B 6 von Polizeibeamten des Streifendienstes festgenommen werden. Bei der Festnahme schlugen die beiden T\u00e4ter um sich und versuchten die Beamten zu bei\u00dfen. Nur mit weiteren hinzukommenden Polizeibeamten konnten die beiden T\u00e4ter an ihren H\u00e4nden geschlossen und zur Polizeiwache verbracht werden.<\/p>\n\n\n\n<p>Ein Atemalkoholtest ergaben bei dem 24-J\u00e4hrigen einen Wert von 1,3 Promille sowie bei einem Urintest Hinweise auf den Konsum von Drogen. Der Test reagierte auf THC und Kokain.<\/p>\n\n\n\n<p>Bei dem 21-J\u00e4hrigen reagierte der Test nur auf Alkohol und zeigte einen Wert von 0,5 Promille an.<\/p>\n\n\n\n<p>Anschlie\u00dfend wurde durch einen Polizeivertragsarzt eine Blutentnahme durchgef\u00fchrt und die beiden &#8222;Schl\u00e4ger&#8220; wurden nach Hause entlassen.<\/p>\n\n\n\n<h2 class=\"wp-block-heading\">(Mannheim-Innenstadt) &#8211; Polizei fasst Blumendiebin<\/h2>\n\n\n\n<p>Am Samstagmittag konnte die Polizei am Mannheimer Paradeplatz eine 21-j\u00e4hrige Frau festnehmen, welche im Vorfeld diverse Blumenstr\u00e4u\u00dfe aus einem Gesch\u00e4ft in den Mannheimer Quadraten gestohlen hatte.<\/p>\n\n\n\n<p>Die 21-J\u00e4hrige wurde zuvor durch die Angestellte eines Ladens bei P1 dabei beobachtet, wie sie Blumenstr\u00e4u\u00dfe im Gesamtwert von gut 160,- Euro an sich nahm, ohne daf\u00fcr zu bezahlen. Darauf angesprochen, begab sich die Frau samt Diebesgut in Richtung Paradeplatz.<\/p>\n\n\n\n<p>Eine hinzugerufene Streife des Polizeireviers Mannheim-Innenstadt konnte die junge Frau dort feststellen und anschlie\u00dfend festnehmen. Die gestohlenen Blumenstr\u00e4u\u00dfe wurden im Anschluss wieder an die rechtm\u00e4\u00dfigen Besitzer \u00fcbergeben.<\/p>\n\n\n\n<p>Die 21-j\u00e4hrige Frau erwartet nun eine Anzeige wegen Diebstahls.<\/p>\n\n\n\n<h2 class=\"wp-block-heading\">(Mannheim-Neckarstadt) &#8211; Sexueller \u00dcbergriff auf Minderj\u00e4hrige<\/h2>\n\n\n<div class=\"wp-block-image\">\n<figure class=\"aligncenter size-full\"><img decoding=\"async\" loading=\"lazy\" width=\"800\" height=\"533\" src=\"https:\/\/speyer24news.com\/wp-content\/uploads\/2021\/10\/Festnahme-Handschellen.jpg\" alt=\"\" class=\"wp-image-41224\" srcset=\"https:\/\/speyer24news.com\/wp-content\/uploads\/2021\/10\/Festnahme-Handschellen.jpg 800w, https:\/\/speyer24news.com\/wp-content\/uploads\/2021\/10\/Festnahme-Handschellen-300x200.jpg 300w, https:\/\/speyer24news.com\/wp-content\/uploads\/2021\/10\/Festnahme-Handschellen-768x512.jpg 768w\" sizes=\"(max-width: 800px) 100vw, 800px\" \/><figcaption>Beispielbild Handschelle \/ Verhaftung, dient lediglich der Visualisierung<\/figcaption><\/figure><\/div>\n\n\n<p>Auf der Neckarwiese in der Neckarstadt kam es in der Nacht auf Dienstag zu einem sexuellen \u00dcbergriff auf eine Minderj\u00e4hrige. Eine Streife kontrollierte ein augenscheinlich junges Paar auf einer Bank. Das minderj\u00e4hrige M\u00e4dchen machte einen eingesch\u00fcchterten Eindruck, weshalb die Beamten genauer nachfragten. Hierbei stellte sich heraus, dass der Mann ihr zuvor einen Joint anbot und diesen mit ihr gemeinsam konsumierte. Anschlie\u00dfend forderte er von dem 15- j\u00e4hrigen M\u00e4dchen als Gegenleistung sexuelle Handlungen und ber\u00fchrte diese mehrfach unsittlich, obwohl das M\u00e4dchen mehrfach ihren Gegenwillen zum Ausdruck brachte. Der 35-J\u00e4hrige wurde vor Ort festgenommen und die Ermittlungen von der Kriminalpolizei \u00fcbernommen.<\/p>\n\n\n\n<h2 class=\"wp-block-heading\">(Mannheim-Neckarstadt) &#8211; Sachbesch\u00e4digung an Schule<\/h2>\n\n\n\n<p>\u00dcber das vergangene Wochenende, im Zeitraum von Freitag, 14:00 Uhr, bis Montag, 06:00 Uhr, wurde ein Holzverschlag im Hof einer Schule in der K\u00e4fertaler Stra\u00dfe in Brand gesetzt. Durch die Hitze und den Qualm des Feuers wurden mehrere Fenster, die Eingangst\u00fcr, zwei Au\u00dfenlampen, sowie die Au\u00dfenfassade des Geb\u00e4udes besch\u00e4digt. Die H\u00f6he des entstandenen Schadens ist nicht bekannt.<\/p>\n\n\n\n<p>Hinweise auf den Verursacher sind nicht bekannt. Das Polizeirevier Mannheim-Neckarstadt nimmt Hinweise unter der Rufnummer 0621 3301-0 entgegen.<\/p>\n\n\n\n<h2 class=\"wp-block-heading\">(Mannheim-Schwetzingerstadt) &#8211; Verd\u00e4chtiger stiehlt Geld und wird festgenommen, bei Durchsuchung machen die Beamten einen weiteren Fund<\/h2>\n\n\n\n<p>Am Montagabend gegen 18 Uhr entwendete ein 26-j\u00e4hriger Tatverd\u00e4chtiger einem 35-j\u00e4hrigen Mann, welcher gerade am Geldautomaten in der Schwetzinger Stra\u00dfe Geld abhob, 75 Euro und fl\u00fcchtete im Anschluss. Der Bestohlene sowie ein weiterer aufmerksamer Zeuge nahmen die sofortige Verfolgung des Mannes auf und konnten diesen bis zum Eintreffen der verst\u00e4ndigten Polizei festhalten. Diese konnten bei der Durchsuchung des 25-j\u00e4hrigen T\u00e4ters au\u00dferdem noch eine kleine Menge Marihuana auffinden. Der Mann muss sich nun wegen Diebstahls und Versto\u00dfes gegen das Bet\u00e4ubungsmittelgesetz verantworten.<\/p>\n\n\n\n<h2 class=\"wp-block-heading\">(Mannheim-Schwetzingerstadt) &#8211; Exhibitionist zeigt sich zwei jungen Frauen \/ Polizei sucht Zeugen<\/h2>\n\n\n<div class=\"wp-block-image\">\n<figure class=\"aligncenter size-full\"><img decoding=\"async\" loading=\"lazy\" width=\"801\" height=\"600\" src=\"https:\/\/speyer24news.com\/wp-content\/uploads\/2020\/05\/Zeugen-gesucht-Neutral.jpg\" alt=\"\" class=\"wp-image-26598\" srcset=\"https:\/\/speyer24news.com\/wp-content\/uploads\/2020\/05\/Zeugen-gesucht-Neutral.jpg 801w, https:\/\/speyer24news.com\/wp-content\/uploads\/2020\/05\/Zeugen-gesucht-Neutral-300x225.jpg 300w, https:\/\/speyer24news.com\/wp-content\/uploads\/2020\/05\/Zeugen-gesucht-Neutral-768x575.jpg 768w, https:\/\/speyer24news.com\/wp-content\/uploads\/2020\/05\/Zeugen-gesucht-Neutral-678x509.jpg 678w, https:\/\/speyer24news.com\/wp-content\/uploads\/2020\/05\/Zeugen-gesucht-Neutral-326x245.jpg 326w, https:\/\/speyer24news.com\/wp-content\/uploads\/2020\/05\/Zeugen-gesucht-Neutral-80x60.jpg 80w\" sizes=\"(max-width: 801px) 100vw, 801px\" \/><\/figure><\/div>\n\n\n<p>Am fr\u00fchen Samstagmorgen zeigte sich ein bislang unbekannter Mann in unsittlicher Art und Weise zwei 23-j\u00e4hrigen Frauen.<\/p>\n\n\n\n<p>Die beiden 23-J\u00e4hrigen begegneten dem Mann gegen zwei Uhr in der Fr\u00fch auf deren Nachhauseweg, zwischen Plankenkopf und der Seckenheimer Stra\u00dfe, wo er die Beiden ansprach und ihnen sein erigiertes Glied zur Schau stellte. Die jungen Frauen schrien daraufhin den Unbekannten aus dem Affekt heraus an, welcher sich lachend in Richtung Innenstadt entfernte. Eine Fahndung nach dem unbekannten Mann verlief ohne Ergebnis.<\/p>\n\n\n\n<h4 class=\"wp-block-heading\">Er wird wie folgt beschrieben: <\/h4>\n\n\n\n<ul><li><strong>ca. 25 Jahre alt<\/strong><\/li><li><strong>kurze, braune Haare<\/strong><\/li><li><strong>heller Teint<\/strong><\/li><li><strong>ungepflegter Vollbart<\/strong><\/li><li><strong>bekleidet mit T-Shirt und heller Jeans<\/strong><\/li><li><strong>Zudem soll der Mann gebrochen Deutsch mit osteurop\u00e4ischem Akzent gesprochen haben.<\/strong><\/li><\/ul>\n\n\n\n<p>Das Sexualdezernat der Kriminalpolizeidirektion Heidelberg hat die weiteren Ermittlungen \u00fcbernommen.<\/p>\n\n\n\n<p>Hinweise bitte an die Kriminalpolizei, Tel.: 0621\/174-4444 oder an das Polizeirevier Mannheim-Oststadt, Tel.: 0621\/174-3310.<\/p>\n\n\n\n<h2 class=\"wp-block-heading\">(Mannheim-Waldhof) &#8211; Spinne legt Obstabteilung in Supermarkt lahm<\/h2>\n\n\n<div class=\"wp-block-image\">\n<figure class=\"aligncenter size-full\"><img decoding=\"async\" loading=\"lazy\" width=\"800\" height=\"600\" src=\"https:\/\/speyer24news.com\/wp-content\/uploads\/2022\/08\/Spinne.jpg\" alt=\"\" class=\"wp-image-48816\" srcset=\"https:\/\/speyer24news.com\/wp-content\/uploads\/2022\/08\/Spinne.jpg 800w, https:\/\/speyer24news.com\/wp-content\/uploads\/2022\/08\/Spinne-300x225.jpg 300w, https:\/\/speyer24news.com\/wp-content\/uploads\/2022\/08\/Spinne-768x576.jpg 768w, https:\/\/speyer24news.com\/wp-content\/uploads\/2022\/08\/Spinne-678x509.jpg 678w, https:\/\/speyer24news.com\/wp-content\/uploads\/2022\/08\/Spinne-326x245.jpg 326w, https:\/\/speyer24news.com\/wp-content\/uploads\/2022\/08\/Spinne-80x60.jpg 80w\" sizes=\"(max-width: 800px) 100vw, 800px\" \/><\/figure><\/div>\n\n\n<p>Am Montagvormittag gegen 08:15 Uhr entdeckten Mitarbeiter eines Supermarktes in der Kasseler Stra\u00dfe eine ungew\u00f6hnliche Spinne in einer Bananenkiste.<\/p>\n\n\n\n<p>Da der Verdacht bestand, dass es sich bei dem Achtbeiner um eine giftige Art handeln k\u00f6nnte, musste der Bereich der Obst- und Gem\u00fcseabteilung vor\u00fcbergehend gesperrt werden.<\/p>\n\n\n\n<p>Nachdem die eingesetzten Beamten die Tierrettung zu Rate gezogen hatten, konnte gl\u00fccklicherweise Entwarnung gegeben werden. Bei der Spinne handelte es sich um eine Kr\u00e4useljagdspinne. Wann und wie das Tier in die Obstkiste geriet, ist nicht bekannt.<\/p>\n\n\n\n<p>Da es sich bei dem ungebetenen &#8222;Eindringling&#8220; um ein heimisches Tier handelt, konnte diesem im Geb\u00fcsch auf dem dortigen Parkplatz ein neues Zuhause geschenkt werden.<\/p>\n\n\n\n<p>Nach 45 Minuten konnte die Sperrung wieder aufgehoben und der Supermarkt wieder vollumf\u00e4nglich f\u00fcr den Kundenverkehr freigegeben werden.<\/p>\n\n\n\n<h2 class=\"wp-block-heading\">(Mannheim-Almenhof) &#8211; Navi verwirrt Autofahrerin \/ Unfall!<\/h2>\n\n\n\n<p>Am Montagmorgen kurz vor 9 Uhr fuhr eine 73-j\u00e4hrige Frau mit ihrem Peugeot durch die Neckarauer Stra\u00dfe und erhielt pl\u00f6tzlich die Ansage ihres Navis nach rechts in die Speyerer Stra\u00dfe abzubiegen. Hierbei \u00fcbersah die Frau den bereits auf der Abbiegespur befindlichen Ford eines 25-j\u00e4hrigen Mannes. Durch die Kollision der beiden Fahrzeuge entstand ein Sachschaden von 5.000 Euro. Verletzt wurde gl\u00fccklicherweise niemand.<\/p>\n\n\n\n<h2 class=\"wp-block-heading\">(Mannheim-Seckenheim) &#8211; K\u00f6rperliche Auseinandersetzung; P\u00e4rchen verletzt insgesamt drei Polizeibeamte; 24-j\u00e4hrige Polizeibeamtin vorsorglich im Krankenhaus untersucht<\/h2>\n\n\n<div class=\"wp-block-image\">\n<figure class=\"aligncenter size-full\"><img decoding=\"async\" loading=\"lazy\" width=\"800\" height=\"533\" src=\"https:\/\/speyer24news.com\/wp-content\/uploads\/2021\/11\/Schlaegerei.jpg\" alt=\"\" class=\"wp-image-42366\" srcset=\"https:\/\/speyer24news.com\/wp-content\/uploads\/2021\/11\/Schlaegerei.jpg 800w, https:\/\/speyer24news.com\/wp-content\/uploads\/2021\/11\/Schlaegerei-300x200.jpg 300w, https:\/\/speyer24news.com\/wp-content\/uploads\/2021\/11\/Schlaegerei-768x512.jpg 768w\" sizes=\"(max-width: 800px) 100vw, 800px\" \/><figcaption>Beispielbild Schl\u00e4gerei \/ K\u00f6rperverletzung, dient lediglich der Visualisierung<\/figcaption><\/figure><\/div>\n\n\n<p>Sonntagnacht gegen 2 Uhr kam es in der Konstanzer Stra\u00dfe von einem Anwesen zwischen einem 32-j\u00e4hrigen Mann und einer 21-j\u00e4hrigen Frau zu handgreiflichen Auseinandersetzungen. Die Hintergr\u00fcnde des Streits konnten, auch wegen der Sprachbarrieren, bisher nicht gekl\u00e4rt werden.<\/p>\n\n\n\n<p>Bei den polizeilichen Ma\u00dfnahmen schlug er 32-j\u00e4hrige Beschuldigte mit seiner Umh\u00e4ngetasche unvermittelt auf die eingesetzten Polizeibeamten ein. Seine 21-j\u00e4hrige Begleiterin trat mehrfach mit ihren F\u00fc\u00dfen gegen die Polizeibeamten. Erst mit weiteren Unterst\u00fctzungskr\u00e4ften konnten die Beiden an ihren H\u00e4nden geschlossen und zur Polizeiwache verbracht werden.<\/p>\n\n\n\n<p>Sp\u00e4ter durchgef\u00fchrte Atemalkoholtests ergaben bei dem Beschuldigten einen Wert von \u00fcber ein Promille und die Beschuldigte brachte es auf einen Wert von knapp einem Promille.<\/p>\n\n\n\n<p>Am Ende es Polizeieinsatzes waren insgesamt drei Polizeibeamte im Alter von 22, 24 und 27 Jahren leicht verletzt. Die 24-j\u00e4hrige Polizeibeamtin kam vorsorglich in ein Krankenhaus, konnte aber anschlie\u00dfend nach ihrer Untersuchung wieder entlassen werden. Bis auf Weiteres f\u00e4llte sie allerdings im Dienst aus.<\/p>\n\n\n\n<h2 class=\"wp-block-heading\">(Mannheim-Friedrichsfeld) &#8211; Stromausfall in Teilen von Mannheim-Friedrichsfeld; Wartungsarbeiten werden um 04:00 Uhr fortgesetzt<\/h2>\n\n\n\n<p>Bereits seit Montagvormittag kommt es in mehreren Stra\u00dfenz\u00fcgen des Mannheimer Stadtteils Friedrichsfeld zu einem Stromausfall. Zuvor war bei Baggerarbeiten eine Leitung durchtrennt worden. Betroffen sind u.a. die Alteichwaldsiedlung sowie die umgebenden Bereiche. Die zust\u00e4ndigen Versorgungsbetriebe nehmen die Arbeiten an der Leitung ab 04:00 Uhr wieder auf und versuchen, das Problem zu beheben.<\/p>\n\n\n\n<h2 class=\"wp-block-heading\">(Mannheim-K\u00e4fertal) &#8211; Rollerfahrer fl\u00fcchtet vor Polizei \/ Festnahme<\/h2>\n\n\n<div class=\"wp-block-image\">\n<figure class=\"aligncenter size-full\"><img decoding=\"async\" loading=\"lazy\" width=\"800\" height=\"533\" src=\"https:\/\/speyer24news.com\/wp-content\/uploads\/2022\/08\/Roller-THC-Drogen.jpg\" alt=\"\" class=\"wp-image-48821\" srcset=\"https:\/\/speyer24news.com\/wp-content\/uploads\/2022\/08\/Roller-THC-Drogen.jpg 800w, https:\/\/speyer24news.com\/wp-content\/uploads\/2022\/08\/Roller-THC-Drogen-300x200.jpg 300w, https:\/\/speyer24news.com\/wp-content\/uploads\/2022\/08\/Roller-THC-Drogen-768x512.jpg 768w\" sizes=\"(max-width: 800px) 100vw, 800px\" \/><\/figure><\/div>\n\n\n<p>Ein 21-j\u00e4hriger Rollerfahrer sollte am Montagabend in der Neustadter Stra\u00dfe einer Verkehrskontrolle unterzogen werden &#8211; er fl\u00fcchtete und gef\u00e4hrdete dabei Andere.<\/p>\n\n\n\n<p>Gegen 20.20 Uhr wurden Beamte des Polizeireviers Mannheim-K\u00e4fertal auf den jungen Mann aufmerksam und wollten diesen kontrollieren, der Zweiradfahrer beschleunigte darauf und fl\u00fcchtete In die Au. Bei einer Geschwindigkeit von \u00fcber 60 Km\/h fuhr er dabei durch die dortige Kleingartenanlage, wobei eine bislang unbekannte Fu\u00dfg\u00e4ngerin von diesem durch sein Fahrverhalten gef\u00e4hrdet wurde. Bei der Hinterherfahrt beleidigte der Fl\u00fcchtige einen Beamten zudem mit ausgestreckten Mittelfinger. In Richtung Neckarplatt gef\u00e4hrdete er au\u00dferdem einen dort fahrenden Fahrradfahrer. Nahe der Neckarschleuse kollidierte der Rollerfahrer mit dem Streifenwagen, kam zu Fall setzte seine Flucht zu Fu\u00df fort. Letztlich gelang es den hinterher sprintenden Uniformierten den 21-J\u00e4hrigen zu stellen, der sich widerstandslos festnahmen lie\u00df.<\/p>\n\n\n\n<p>Der Grund der Flucht d\u00fcrfte unter anderem im vorherigen Konsum von THC zu finden sein, da ein Drogenschnelltest beim jungen Mann positiv hierauf verlief. Zudem war der Roller nicht versichert. Ob dieser \u00fcberhaupt im Eigentum des 21-J\u00e4hrigen steht ist zudem Ermittlungssache. Das Zweirad wurde ebenso sichergestellt wie der F\u00fchrerschein des Fahrers. Am Streifenwagen sowie am Roller entstanden mehrere tausend Euro Sachschaden. Keiner der Beteiligten wurde verletzt. Gegen den jungen Mann wird nun wegen Gef\u00e4hrdung des Stra\u00dfenverkehrs sowie Fahrens unter Drogeneinfluss ermittelt.<\/p>\n\n\n\n<p>Andere Verkehrsteilnehmer, die durch das Fahrverhalten des 21-J\u00e4hrige gef\u00e4hrdet wurden, werden gebeten, sich unter 0621 174-4222 an den ermittelnden Verkehrsdienst Mannheim zu wenden.<\/p>\n\n\n\n<h2 class=\"wp-block-heading\">(Mannheim-K\u00e4fertal) &#8211; 30-j\u00e4hriger Radfahrer fl\u00fcchtet mit Drogen vor der Polizei<\/h2>\n\n\n\n<p>Am Montagabend fiel den Beamtinnen und Beamte des Polizeireviers Mannheim-K\u00e4fertal ein 30-j\u00e4hriger Radfahrer auf. Einer beabsichtigten Kontrolle wollte sich der Radfahrer zun\u00e4chst entziehen &#8211; dieses Vorhaben gl\u00fcckte dem 30-J\u00e4hrigen nicht.<\/p>\n\n\n\n<p>Gegen 17:45 Uhr wurde der Radler im Bereich der Mannheimer Stra\u00dfe festgestellt. Als der Mann den Streifenwagen der Polizei erkannte, versuchte er, \u00fcber die St. Ingberter Stra\u00dfe in Richtung Wachenheimer Stra\u00dfe zu fl\u00fcchten. Aufgrund dortiger Bauarbeiten endete die Fahrt f\u00fcr den Radfahrer in einer Sackgasse, wo er von den Polizeibeamtinnen und Polizeibeamten aufgegriffen werden konnte.<\/p>\n\n\n\n<p>Nachdem der 30-J\u00e4hrige bei der anschlie\u00dfenden Kontrolle die Herausgabe eines Ausweisdokumentes verweigerte, entledigte sich der Mann pl\u00f6tzlich des Inhalts einer mitgef\u00fchrten Umh\u00e4ngetasche, indem er versuchte, diesen auf ein nahegelegenes Dach zu werfen.<\/p>\n\n\n\n<p>Einen zeitgleichen Fluchtversuch beantworteten die Uniformierten mit der vorl\u00e4ufigen Festnahme des Mannes. Bei den weggeworfenen Gegenst\u00e4nden handelte es sich um insgesamt knapp 21 Gramm Cannabis, welches der Radfahrer verbotenerweise bei sich trug. Neben dem aufgefundenen Bet\u00e4ubungsmittel konnten bei der Durchsuchung des 30-J\u00e4hrigen noch mehr als 400 EUR Bargeld sowie unter anderem ein Messer aufgefunden und sichergestellt werden.<\/p>\n\n\n\n<p>Im Zuge der ersten Ermittlungen konnte festgestellt werden, dass der 30-J\u00e4hrige Mann bereits einschl\u00e4gig vorbestraft ist.<\/p>\n\n\n\n<p>Er muss sich nun erneut wegen des unerlaubten Handels mit Bet\u00e4ubungsmitteln verantworten; auch wurde die zust\u00e4ndige Fahrerlaubnisbeh\u00f6rde \u00fcber den Vorfall in Kenntnis gesetzt.<\/p>\n\n\n\n<p>Das Polizeirevier Mannheim-K\u00e4fertal hat die weiteren Ermittlungen aufgenommen.<\/p>\n\n\n\n<h2 class=\"wp-block-heading\">(Heidelberg-Altstadt) &#8211; Gef\u00e4hrlicher Eingriff in den Stra\u00dfen- und Schiffsverkehr durch vier Heranwachsende<\/h2>\n\n\n\n<p>Samstagnacht gegen 2 Uhr warfen vier junge M\u00e4nnern von der Heidelberger Alten Br\u00fccke Glasflaschen auf die darunter f\u00fchrende Stra\u00dfe Neckarstaden. Die Wurfgeschosse schlugen knapp neben Fahrzeugen ein.<\/p>\n\n\n\n<p>Au\u00dferdem warfen sie ein Verkehrszeichen, das auf der Br\u00fccke aufgestellt war, in den darunter flie\u00dfenden Neckar.<\/p>\n\n\n\n<p>Ein Polizeibeamter, der privat unterwegs war, konnte den Vorgang beobachten und verst\u00e4ndigte seine Kollegen.<\/p>\n\n\n\n<p>Die jungen M\u00e4nner der Vierer-Gruppe, die die Gegenst\u00e4nde von der Br\u00fccke heruntergeworfen hatten, entfernten sich in Richtung Heidelberger Altstadt.<\/p>\n\n\n\n<p>Im Rahmen der anschlie\u00dfenden Fahndung konnten drei der insgesamt vier jungen M\u00e4nner im Alter von 14 und 17 Jahren von Sonderkr\u00e4ften der Polizei (Polizeima\u00dfnahmen &#8222;Neckarwiese&#8220;) in der Heidelberger Altstadt angetroffen werden.<\/p>\n\n\n\n<p>Ein 17-J\u00e4hriger machte gegen\u00fcber der Polizei falsche Angaben zu seinen Personalien. Nach dem vierten jungen Mann wird noch gefahndet.<\/p>\n\n\n\n<p>Die jeweiligen Erziehungsberechtigten wurden von der Polizei verst\u00e4ndigt und ihre Kinder mussten ihren Heimweg &#8222;antreten&#8220;.<\/p>\n\n\n\n<h2 class=\"wp-block-heading\">(Heidelberg-Altstadt) &#8211; Renitenter betrunkener 55-j\u00e4hriger Mann mit 1,7 Promille trat gegen Polizeibeamte und beleidigt sie<\/h2>\n\n\n<div class=\"wp-block-image\">\n<figure class=\"aligncenter size-full\"><img decoding=\"async\" loading=\"lazy\" width=\"800\" height=\"600\" src=\"https:\/\/speyer24news.com\/wp-content\/uploads\/2019\/06\/Ausn\u00fcchterungszelle.jpg\" alt=\"\" class=\"wp-image-15212\" srcset=\"https:\/\/speyer24news.com\/wp-content\/uploads\/2019\/06\/Ausn\u00fcchterungszelle.jpg 800w, https:\/\/speyer24news.com\/wp-content\/uploads\/2019\/06\/Ausn\u00fcchterungszelle-300x225.jpg 300w, https:\/\/speyer24news.com\/wp-content\/uploads\/2019\/06\/Ausn\u00fcchterungszelle-768x576.jpg 768w, https:\/\/speyer24news.com\/wp-content\/uploads\/2019\/06\/Ausn\u00fcchterungszelle-678x509.jpg 678w, https:\/\/speyer24news.com\/wp-content\/uploads\/2019\/06\/Ausn\u00fcchterungszelle-326x245.jpg 326w, https:\/\/speyer24news.com\/wp-content\/uploads\/2019\/06\/Ausn\u00fcchterungszelle-80x60.jpg 80w\" sizes=\"(max-width: 800px) 100vw, 800px\" \/><figcaption>Beispielbild Zelle \/ Verhaftung, dient lediglich der Visualisierung<\/figcaption><\/figure><\/div>\n\n\n<p>Samstagnacht gegen 2 Uhr fiel einer Fu\u00dfstreife des Polizeireviers Heidelberg-Mitte ein 55-j\u00e4hriger Mann auf, der in der Heidelberger Altstadt in der Dreik\u00f6nigstra\u00dfe an einem dort aufgestellten Baustellenschild derart heftig r\u00fcttelte, dass es drohte umzufallen und mehrfach gegen eine dortige Hauswand schlug.<\/p>\n\n\n\n<p>Der deutlich alkoholisierte Mann reagierte auf die anschlie\u00dfende polizeiliche Kontrolle \u00e4u\u00dferst aggressiv und verweigerte die Angabe seiner Personaldaten.<\/p>\n\n\n\n<p>Der 55-J\u00e4hrige wurde in Gewahrsam genommen und beleidigte dabei die eingesetzten Polizeibeamten mit Worten aus der Gossensprache.<\/p>\n\n\n\n<p>Auch w\u00e4hrend seines Aufenthalts in der Gewahrsamszelle trat und schlug er nicht nur gegen die Zellent\u00fcr, sondern auch gegen die Polizeibeamten. Einen 24-j\u00e4hrigen Polizisten traf er dabei und verletzt ihn leicht.<\/p>\n\n\n\n<p>Ein Atemalkoholtest, den der Mann noch freiwillig abgab, zeigte drei Stunden sp\u00e4ter einen Wert von fast 1,7 Promille an.<\/p>\n\n\n\n<p>Bei der anschlie\u00dfend durch einen Polizeivertragsarzt durchgef\u00fchrten Blutentnahme war es aber wieder zu Ende mit der &#8222;Freiwilligkeit&#8220; und der Mann sperrte sich heftig.<\/p>\n\n\n\n<p>Erst gegen Mittag hatte sich der Beschuldigte so weit beruhigt, dass er nach Hause entlassen werden konnte.<\/p>\n\n\n\n<p>Nach Abschluss der polizeilichen Ermittlungen erwartet den Mann eine Anzeige an die Staatsanwaltschaft. \u00dcber die H\u00f6he des Sachschadens k\u00f6nnen bisher noch keine Angaben gemacht werden.<\/p>\n\n\n\n<p>Auch f\u00fcr die Kosten f\u00fcr seine Unterbringung bei der Polizei wird er &#8222;zur Kasse&#8220; gebeten.<\/p>\n\n\n\n<h2 class=\"wp-block-heading\">(Heidelberg-Weststadt) &#8211; Gegenseitige K\u00f6rperverletzung zwischen mehreren Personen; Beleidigungen und Widerstand; zwei Polizistinnen verletzt<\/h2>\n\n\n\n<p>An Montagabend, gegen 21 Uhr, kam es in der Gr\u00fcnanlage Kurf\u00fcrsten-Anlage zun\u00e4chst zu Streitigkeiten und gegenseitiger K\u00f6rperverletzungen innerhalb einer achtk\u00f6pfigen Gruppe, die dort der orts\u00fcblichen &#8222;Freizeitszene&#8220; angeh\u00f6rt.<\/p>\n\n\n\n<p>Bei der anschlie\u00dfenden polizeilichen Personalienfeststellung, verweigerten eine 19-j\u00e4hrige Frau und wie sich sp\u00e4ter herausstellte, ihr 36-j\u00e4hriger Lebenspartner, die Angabe ihrer Personalien gegen\u00fcber den Polizeikr\u00e4ften.<\/p>\n\n\n\n<p>Das P\u00e4rchen wurde zunehmend aufbrausender und aggressiver. Ihre Personalien verweigerten sie dabei lautstark. Immer wieder wurden hierbei die eingesetzten Polizeibeamte mit Schimpfworten aus der Gossensprache beleidigt.<\/p>\n\n\n\n<p>Unvermittelt trat die 19-j\u00e4hrige T\u00e4terin gegen eine 23-j\u00e4hrige Polizeibeamtin. Im anschlie\u00dfenden Handgemenge griff sie der Beamtin in die Haare und zog sie, um sich zu befreien.<\/p>\n\n\n\n<p>Der 36-J\u00e4hrige versuchte seiner Partnerin zu &#8222;helfen&#8220; und wegzuziehen. Dabei trat auch er gegen eine weitere 25-j\u00e4hrige Polizeibeamtin.<\/p>\n\n\n\n<p>Das T\u00e4ter-P\u00e4rchen &#8222;bombardierte&#8220; alle eingesetzten Polizeibeamte fortw\u00e4hrend mit \u00fcblen Schimpfworten und wollten sich nicht mehr beruhigen.<\/p>\n\n\n\n<p>Abschlie\u00dfend mischte sich noch ein 21-J\u00e4hriger ein und schlug nach einem Beamten, den er gl\u00fccklicherweise verfehlte. Die vierte &#8222;im Bunde&#8220; war dann noch eine 41-j\u00e4hrige Frau, die &#8222;ihre Meinung&#8220; mit Worten aus der Gossensprache kundtat und die eingesetzten Polizeibeamten beleidigte.<\/p>\n\n\n\n<p>Alle vier wohnsitzlosen Beschuldigten konnten dann sicher festgenommen und zum Polizeirevier Heidelberg-Mitte verbracht werden.<\/p>\n\n\n\n<p>Aufgrund ihrer Alkoholisierung und der Hinweise auf Drogeneinfluss wurden durch einen Polizeivertragsarzt bei allen Blutentnahmen durchgef\u00fchrt.<\/p>\n\n\n\n<p>Nach Abschluss der Ermittlungen erhalten alle vier Personen unter anderem Anzeigen wegen Widerstand und Beleidigung. Eine Haftfrage gegen die Viergruppe wurde gepr\u00fcft, aber alle konnten nach den polizeilichen Ma\u00dfnahmen wieder die Polizeiwache verlassen.<\/p>\n\n\n\n<p>Als Res\u00fcmee lie\u00df sich am Ende des kurzen Einsatzgeschehens f\u00fcr die Polizei festhalten, dass acht Polizeibeamte bei den Festnahmen gesch\u00e4digt wurden und sich die Beamten unangenehmer Beleidigungen anh\u00f6ren mussten.<\/p>\n\n\n\n<p>Die beiden Polizeibeamtinnen wurden durch die Angriffe des P\u00e4rchens leicht verletzt.<\/p>\n\n\n\n<h2 class=\"wp-block-heading\">(Schwetzingen \/ Rhein-Neckar-Kreis) &#8211; Fl\u00fcchtiger Unfallfahrer stellt sich selbst \/ Zeugen gesucht<\/h2>\n\n\n\n<p>Am Montag kurz vor 12 Uhr streifte ein zun\u00e4chst unbekannter VW-Fahrer bei einem \u00dcberholvorgang in der Lindenstra\u00dfe mehrere Verkehrsschilder und fl\u00fcchtete im Anschluss in Richtung Br\u00fchl. Der Unfall wurde durch einen Zeugen beobachtet, welcher schlie\u00dflich die Polizei informierte. Diese konnte wenig sp\u00e4ter ein besch\u00e4digtes Fahrzeug in der Br\u00fchler Landstra\u00dfe feststellen. Vom Fahrer fehlte jedoch jede Spur. W\u00e4hrend die Beamtinnen und Beamten den Unfall aufnahmen, erschien ein 39-j\u00e4hriger Mann und gab sich als Fahrer zu erkennen. Im Verlauf des weiteren Gespr\u00e4chs bemerkten die Einsatzkr\u00e4fte, dass der Mann unter Drogeneinfluss stehen k\u00f6nnte. Daher musste der Verd\u00e4chtige im Anschluss auf dem Polizeirevier gleich noch eine Blutprobe abgeben. Der F\u00fchrerschein des Mannes wurde beschlagnahmt. Gegen ihn wird nun ermittelt, da er im Verdacht steht, unter Drogeneinfluss am Stra\u00dfenverkehr teilgenommen und mehrere Unf\u00e4lle verursacht zu haben. Zeugen, welche den Mann beobachtet haben, oder weitere Verkehrsteilnehmer, welche gegebenenfalls durch den VW-Fahrer gesch\u00e4digt wurden, werden gebeten, sich mit dem Polizeirevier Schwetzingen unter Tel.: 06202\/288-0 in Verbindung zu setzen.<\/p>\n\n\n\n<h2 class=\"wp-block-heading\">(Schwetzingen \/ Rhein-Neckar-Kreis) &#8211; Unbekannte verw\u00fcsten Bushaltestellenh\u00e4uschen \/ Zeugen gesucht!<\/h2>\n\n\n\n<p>Wohl am sp\u00e4ten Sonntagabend verw\u00fcsteten Unbekannte eine Bushaltestelle in der August-Neuhaus-Stra\u00dfe in Schwetzingen.<\/p>\n\n\n\n<p>Gegen 23 Uhr fiel einer Streife des Polizeireviers Schwetzingen auf, dass an dem dortigen Bushaltestellenh\u00e4uschen eine Scheibe eingeschlagen wurde. Die Polizeistreife musste im weiteren Verlauf feststellen, dass der oder die bislang unbekannten T\u00e4ter an der \u00d6rtlichkeit mit Farbe schmierten.<\/p>\n\n\n\n<p>Hierbei besch\u00e4digten die Unbekannten nicht nur eine weitere Glasscheibe und die R\u00fcckwand der Bushaltestelle, sondern bespr\u00fchten im Zuge dessen noch eine angrenzende Schallschutzwand sowie den dortigen Busfahrplan nebst M\u00fclleimer.<\/p>\n\n\n\n<p>Die H\u00f6he des hierbei entstandenen Sachschadens kann noch nicht beziffert werden; das Polizeirevier Schwetzingen hat die weiteren Ermittlungen \u00fcbernommen.<\/p>\n\n\n\n<p>Zeugen, welche sachdienliche Hinweise geben k\u00f6nnen, werden gebeten, sich mit dem Polizeirevier Schwetzingen, Tel. 06202\/288-0, in Verbindung zu setzen.<\/p>\n\n\n\n<h2 class=\"wp-block-heading\">(A 6 \/ Hockenheim \/ Rhein-Neckar-Kreis) &#8211; Hoher Sachschaden und eine verletzte Person nach Auffahrunfall mit zwei beteiligten Fahrzeugen<\/h2>\n\n\n\n<p>Am fr\u00fchen Dienstagmorgen kam es auf der A6 in Fahrtrichtung Heilbronn zu einem gr\u00f6\u00dferen Auffahrunfall zwischen einem Kleintransporter und einem Sattelzug.<\/p>\n\n\n\n<p>Um kurz nach 2 Uhr in der Fr\u00fch fuhren beide Fahrzeuge auf dem rechten Fahrstreifen der Bundesautobahn. In H\u00f6he des Autobahndreiecks Hockenheim, unmittelbar vor der dortigen Baustelle, beabsichtigte der 40-j\u00e4hrige Fahrer eines Fiat-Transporters, den vor ihm fahrenden Lkw zu \u00fcberholen.<\/p>\n\n\n\n<p>Hierbei sch\u00e4tzt der Fiat-Fahrer nach bisherigem Stand der Ermittlungen die Situation falsch ein und kollidiert mit dem Sattelauflieger des 54-j\u00e4hrigen Lkw-Fahrers, indem er diesem nahezu ungebremst hinten auff\u00e4hrt.<\/p>\n\n\n\n<p>W\u00e4hrend der 54-J\u00e4hrige unverletzt bleibt, zieht sich der 40-j\u00e4hrige Transporter-Fahrer diverse Verletzungen zu und wird zur weiteren Behandlung vom Rettungsdienst in ein nahegelegenes Klinikum verbracht.<\/p>\n\n\n\n<p>Der Fiat-Transporter des 40-J\u00e4hrigen wird bei dem Unfall stark besch\u00e4digt und muss abgeschleppt werden. Auslaufende Betriebsstoffe hinterlie\u00dfen hierbei eine 150 Meter lange \u00d6lspur, welche durch die zust\u00e4ndige Autobahnmeisterei entfernt werden musste. Am Lkw des 54-J\u00e4hrigen entsteht ebenfalls Sachschaden; die Gesamtschadensh\u00f6he bel\u00e4uft sich auf rund 15.000,- Euro.<\/p>\n\n\n\n<p>W\u00e4hrend der Unfallaufnahme und f\u00fcr die Dauer der anschlie\u00dfenden Fahrbahnreinigung bleibt der rechte Fahrstreifen der A6 f\u00fcr knapp zwei Stunden gesperrt. Aufgrund der Uhrzeit kam es zu keinen nennenswerten Beeintr\u00e4chtigungen des nachfolgenden Verkehrs.<\/p>\n\n\n\n<h2 class=\"wp-block-heading\">(Hockenheim \/ Rhein-Neckar-Kreis) &#8211; Radfahrer abgedr\u00e4ngt \/ Zeugen gesucht<\/h2>\n\n\n\n<p>Am Montagabend gegen 19 Uhr fuhr ein 60-j\u00e4hriger Radfahrer durch die Rathausstra\u00dfe. Ungef\u00e4hr auf H\u00f6he der Ottostra\u00dfe kam dem Mann ein bisher unbekannter Fahrzeugf\u00fchrer mit seinem PKW entgegen. Der PKW fuhr so, dass der Radfahrer diesem ausweichen musste. Hierbei kollidierte der 60-J\u00e4hrige mit einer Metallstange neben der Fahrbahn und st\u00fcrzte vom Rad. Der Mann erlitt leichte Verletzungen. Zeugen, welche den Unfall beobachtet haben, werden gebeten, sich mit dem Polizeirevier Hockenheim in Verbindung zu setzen. Hinweise werden unter Tel.: 06205\/2860-0 entgegengenommen.<\/p>\n\n\n\n<h2 class=\"wp-block-heading\">(Hockenheim \/ Rhein-Neckar-Kreis) &#8211; Falschgeld verbreitet; Polizei ermittelt gegen f\u00fcnf Besucher einer Rennveranstaltung<\/h2>\n\n\n\n<p>Gegen f\u00fcnf Verd\u00e4chtige im Alter zwischen 38-53 Jahren wird wegen des Verdachts ermittelt, Falschgeld im Rahmen einer Veranstaltung auf dem Hockenheimring in den Zahlungsverkehr gebracht zu haben.<\/p>\n\n\n\n<p>Die ersten Ermittlungsschritte kamen in Gang, weil ein 53-j\u00e4hriger Schweizer am Sonntagabend, kurz nach 20 Uhr, an einem Verkaufsstand im Fahrerlager mit mehreren falschen Zehn-Euro-Scheinen bezahlte.<\/p>\n\n\n\n<p>Im Rahmen seiner ersten Vernehmung gab er nach seiner vorl\u00e4ufigen Festnahme an, ein B\u00fcndel zehn-Euro-Scheine von einer M\u00e4nnergruppe auf einem Campingplatz &#8222;Im Auchtergrund&#8220; geschenkt bekommen zu haben.<\/p>\n\n\n\n<p>Die weiteren Ermittlungen f\u00fchrten nunmehr zu mehreren Fahrzeugen, die von den vermeintlichen Verbreitern des Falschgeldes auf dem Campingplatz abgestellt waren.<\/p>\n\n\n\n<p>Die Fahrzeuge wurden daraufhin in zivil observiert. Die schlie\u00dflich nach 23 Uhr zur\u00fcckkehrenden vier 38-48-j\u00e4hrigen Verd\u00e4chtigen, die aus dem Main-Taunus-Kreis, dem Wetterau-Kreis und dem Landkreis Offenbach stammen, wurden vorl\u00e4ufig festgenommen.<\/p>\n\n\n\n<p>Bei den Fahrzeugdurchsuchungen wurde in einem davon \u00fcber 400.- Euro Falschgeld in 50er und 100er Scheinen sichergestellt. In einem Anh\u00e4nger des 38-j\u00e4hrigen Hauptverd\u00e4chtigen wurden zudem 40 &#8222;Polenb\u00f6ller&#8220; entdeckt und sichergestellt. Gegen ihn wird dar\u00fcber hinaus auch wegen des Verdachts ermittelt, gegen das Sprengstoffgesetz versto\u00dfen zu haben.<\/p>\n\n\n\n<p>Nach ihrer erkennungsdienstlichen Behandlung wurden alle f\u00fcnf Verd\u00e4chtige wieder auf freien Fu\u00df gesetzt.<\/p>\n\n\n\n<p>Die Ermittlungen wurden von der Kriminalpolizeidirektion Heidelberg weitergef\u00fchrt.<\/p>\n\n\n\n<h2 class=\"wp-block-heading\">(Walldorf \/ Rhein-Neckar-Kreis) &#8211; Zwei Verletzte nach Wohnungsbrand<\/h2>\n\n\n\n<p>Nach einem Wohnungsbrand am Dienstagnachmittag konnte die Feuerwehr zwei Anwohnerinnen leichtverletzt aus dem betroffenen Geb\u00e4ude retten.<\/p>\n\n\n\n<p>Um kurz vor 14 Uhr kam es zum Brandausbruch in einem Mehrparteienhaus im Finkenweg. Aus bislang ungekl\u00e4rter Ursache geriet ein Bett in einer Wohnung in Brand. Das Feuer wurde durch die Freiwillige Feuerwehr der Stadt Walldorf schnell unter Kontrolle gebracht und das brennende Bett aus dem Haus entfernt, ehe sich der Brand auf weitere Einrichtungsgegenst\u00e4nde ausbreiten konnte.<\/p>\n\n\n\n<p>Eine Bewohnerin musste mit Verdacht auf eine Rauchgasvergiftung zur weiteren Behandlung in ein nahegelegenes Krankenhaus gebracht werden. Ebenso wurde mit einer Nachbarin verfahren werden, welche zuvor auf das Feuer aufmerksam wurde und scheinbar der Betroffenen half, aus der brennenden Wohnung zu entkommen.<\/p>\n\n\n\n<p>Nach bisherigen Erkenntnissen bleibt zumindest die betroffene Wohnung aufgrund der ausgetretenen Rauchgase bis auf Weiteres unbewohnbar. Der bei dem Brand entstandene Sachschaden kann noch nicht beziffert werden.<\/p>\n\n\n\n<p>W\u00e4hrend der L\u00f6scharbeiten musste der Finkenweg vollst\u00e4ndig gesperrt werden. Die weiteren Ermittlungen des Polizeireviers Wiesloch zur Brandursache dauern an.<\/p>\n\n\n\n<h2 class=\"wp-block-heading\">(L 612 \/ Wiesloch \/ Rhein-Neckar-Kreis) &#8211; Schwerer Verkehrsunfall auf L 612; Vollsperrung<\/h2>\n\n\n\n<p>Wegen eines schweren Verkehrsunfalls ist die L 612 zwischen Wiesloch und Dielheim, am Ortsausgang von Wiesloch, derzeit (30.08.2022 \u2013 15:12) voll gesperrt. Informationen zum Unfallhergang und\/oder verletzten Personen liegen noch nicht vor. Die Rettungskr\u00e4fte sind im Einsatz. Der Verkehr von und nach Wiesloch und Dielheim wird gebeten, den Bereich weitr\u00e4umig zu umfahren.<\/p>\n\n\n\n<h3 class=\"has-text-align-center wp-block-heading\">Motoradfahrer bei Verkehrsunfall schwer verletzt; Vollsperrung aufgehoben; Pressemitteilung Nr. 2<a href=\"https:\/\/www.facebook.com\/sharer.php?u=https%3A%2F%2Fwww.presseportal.de%2Fblaulicht%2Fpm%2F14915%2F5309181%2F%3Futm_source%3Dfacebook%26utm_medium%3Dsocial\"><\/a><a href=\"https:\/\/twitter.com\/intent\/tweet?text=POL-MA%3A%20Wiesloch%3A%20Motoradfahrer%20bei%20Verkehrsunfall%20schwer%20verletzt%3B%20Vollsperrung%20aufgehoben%3B%20Pressemitteilung%20Nr.%202&amp;url=https%3A%2F%2Fwww.presseportal.de%2Fblaulicht%2Fpm%2F14915%2F5309181%2F%3Futm_source%3Dtwitter%26utm_medium%3Dsocial&amp;hashtags=ots&amp;lang=de\"><\/a><a href=\"https:\/\/web.whatsapp.com\/send?text=POL-MA%3A%20Wiesloch%3A%20Motoradfahrer%20bei%20Verkehrsunfall%20schwer%20verletzt%3B%20Vollsperrung%20aufgehoben%3B%20Pressemitteilung%20Nr.%202%0A%0Ahttps%3A%2F%2Fwww.presseportal.de%2Fblaulicht%2Fpm%2F14915%2F5309181%2F%3Futm_source%3Dwhatsapp%26utm_medium%3Dsocial\"><\/a><a href=\"https:\/\/www.xing.com\/app\/user?op=share;url=https%3A%2F%2Fwww.presseportal.de%2Fblaulicht%2Fpm%2F14915%2F5309181%2F%3Futm_source%3Dxing%26utm_medium%3Dsocial\"><\/a><a href=\"http:\/\/www.linkedin.com\/shareArticle?mini=true&amp;url=https%3A%2F%2Fwww.presseportal.de%2Fblaulicht%2Fpm%2F14915%2F5309181%2F%3Futm_source%3Dlinkedin%26utm_medium%3Dsocial&amp;title=POL-MA%3A+Wiesloch%3A+Motoradfahrer+bei+Verkehrsunfall+schwer+verletzt%3B+Vollsperrung+aufgehoben%3B+Pressemitteilung+Nr.+2\"><\/a><a href=\"mailto:?subject=POL-MA%3A%20Wiesloch%3A%20Motoradfahrer%20bei%20Verkehrsunfall%20schwer%20verletzt%3B%20Vollsperrung%20aufgehoben%3B%20Pressemitteilung%20Nr.%202&amp;body=https:\/\/www.presseportal.de\/blaulicht\/pm\/14915\/5309181\"><\/a><\/h3>\n\n\n\n<p>Bei einem Verkehrsunfall auf der L 612 kurz nach dem Ortseingang von Wiesloch aus Richtung Dielheim kommend wurde ein Motorradfahrer schwer verletzt.<\/p>\n\n\n\n<p>Wie die bisherigen Ermittlungen ergaben, war ein Autofahrer gegen 14.45 Uhr, von einem Zufahrtsweg im Bereich Sauerwiesen-Fuchsloch auf die L 612 in Richtung Wiesloch gefahren und war mit einem Motorradfahrer kollidiert, der von Dielheim in Richtung Wiesloch unterwegs war.<\/p>\n\n\n\n<p>Nach seiner Erstversorgung kam der Biker in eine Klinik. Sein Motorrad wurde abgeschleppt.<\/p>\n\n\n\n<p>Nach einer rund eineinhalbst\u00fcndigen Vollsperrung ist der Unfall aufgenommen und die Fahrbahn wieder frei.<\/p>\n\n\n\n<p>Der Schaden bel\u00e4uft sich auf mehrere Tausend Euro.<\/p>\n\n\n\n<p>Die Verkehrspolizei Heidelberg hat die Unfallermittlungen \u00fcbernommen.<\/p>\n\n\n\n<h2 class=\"wp-block-heading\">(Malsch \/ Rhein-Neckar-Kreis) &#8211; Einbruch in Wohnhaus \/ Zeugen gesucht!<\/h2>\n\n\n\n<p>Zwischen dem 14.08.22 und dem 29.08.22 kam es in einem Wohnhaus im Rosenweg zu einem Einbruch. Die Anwohner befanden sich w\u00e4hrend des Einbruchs im Urlaub. Die T\u00e4terschaft bohrte an einem Fenster ein Loch in den Fensterrahmen, wodurch das Fenster ge\u00f6ffnet werden konnte. Das Innere des Hauses wurde durchw\u00fchlt und es entstand ein Diebstahlschaden von ca. 4000 Euro. Es wurde Damen- und Herrenschmuck, sowie Bargeld entwendet. Die Ermittlungen dauern zur Zeit noch an.<\/p>\n\n\n\n<p>Zeugen, die sachdienliche Hinweise geben k\u00f6nnen, werden gebeten sich mit dem Polizeirevier Wiesloch in Verbindung zu setzen unter: 06222-57090.<\/p>\n\n\n\n<h2 class=\"wp-block-heading\">(Sinsheim \/ Rhein-Neckar-Kreis) &#8211; Feuerl\u00f6scher in Tiefgarage entleert; mehrere Fahrzeuge besch\u00e4digt \/ Polizei ermittelt<\/h2>\n\n\n\n<p>Am Montagabend gegen 20:30 Uhr verst\u00e4ndigte ein Anwohner die Polizei, nachdem mehrere Kinder und Jugendliche aus einer Tiefgarage am &#8222;Burgplatz&#8220; rannten und er eine Straftat vermutete. Wie sich herausstelle, aktivierte die Gruppe offenbar einen Feuerl\u00f6scher und verteilte den Inhalt auf mehrere geparkten Fahrzeugen. Im Zuge der Fahndung konnten in unmittelbarer Tatortn\u00e4he zwei m\u00f6gliche tatverd\u00e4chtige Kinder angetroffen werden. Ob es sich bei diesen tats\u00e4chlich um die Verursacher handelt, ist noch nicht bekannt und Gegenstand der weiteren Ermittlungen. Auch die entstandene Gesamtschadensh\u00f6he ist derzeit noch unbekannt.<\/p>\n\n\n\n<h2 class=\"wp-block-heading\">(Sinsheim \/ Rhein-Neckar-Kreis) &#8211; Vandalismus in der &#8222;Alte Daisbacher Stra\u00dfe&#8220; \/ Wer kann Hinweise geben?<\/h2>\n\n\n\n<p>Im Zeitraum von Freitag, 26.08.2022, 16:00 Uhr bis Montag, 29.08.2022, 07:30 Uhr beschmierten bislang unbekannte Personen neben einem dort abgestellten Bagger auch ein Fenster des dortigen Schulgeb\u00e4udes sowie einen Briefkasten. Vermutlich nutzten der oder die T\u00e4ter f\u00fcr die Farbschmierereien ein Baustellenspray. Im Eingangsbereich der Schule entfernten die Unbekannten zudem mehrere Pflastersteine und besch\u00e4digten ein dort abgestelltes Fahrrad sowie einen M\u00fclleimer.<\/p>\n\n\n\n<p>Die H\u00f6he des entstandenen Sachschadens ist derzeit noch nicht bekannt und Gegenstand der weiteren Ermittlungen des Polizeireviers Sinsheim. Zeugen, die verd\u00e4chtige Personen in dem besagten Bereich gesehen haben sowie dar\u00fcber hinaus sachdienliche Hinweise geben k\u00f6nnen, werden gebeten, sich unter der Tel.: 07261 690-0 zu melden.<\/p>\n\n\n\n<h2 class=\"wp-block-heading\">(Sinsheim-Steinsfurt \/ Rhein-Neckar-Kreis) &#8211; Rhein-Neckar-Kreis: Schwerer Unfall an Anschlussstelle<\/h2>\n\n\n\n<h3 class=\"has-text-align-center wp-block-heading\">Pressemitteilung Nr. 1<\/h3>\n\n\n\n<p>Aufgrund eines schweren Verkehrsunfalls kommt es derzeit (29.08.2022 \u2013 13:12) im Bereich der Anschlussstelle Sinsheim-Steinsfurt zu Verkehrsbehinderungen &#8211; ortskundige Autofahrer werden gebeten, das Gebiet weitr\u00e4umig zu umfahren.<\/p>\n\n\n\n<p>Kurz nach 12 Uhr kollidierte ein Transporter, der von Steinsfurt kommend auf die A6 in Richtung Mannheim auffahren wollte, mit einem Kleinbus im Kreuzungsbereich. Erste Ermittlungen der Beamten vor Ort deuten auf einen Vorfahrtsversto\u00df.<\/p>\n\n\n\n<p>Aufgrund der Sch\u00e4den an den beteiligten Fahrzeugen wurde ein Abschleppdienst angefordert. Au\u00dferdem muss die Unfallstelle wegen ausgelaufener Betriebsfl\u00fcssigkeiten gereinigt werden, weshalb diese abgesperrt wurde.<\/p>\n\n\n\n<p>Der genaue Unfallhergang und ob dabei Personen schwerer Verletzt wurden ist Ermittlungssache.<\/p>\n\n\n\n<p>Die Unfallaufnahme dauert derzeit an.<\/p>\n\n\n\n<h2 class=\"wp-block-heading\">(Edingen-Neckarhausen \/ Rhein-Neckar-Kreis) &#8211; Kleine Ursache mit gro\u00dfer Wirkung, Rennradfahrer verletzt sich nach Sturz<\/h2>\n\n\n\n<p>Am Sonntagabend gegen 20:30 Uhr st\u00fcrzte ein 66-j\u00e4hriger Rennradfahrer in der Hauptstra\u00dfe zu Boden. Ein hinzugeeilter Ersthelfer verst\u00e4ndigte den Rettungsdienst, welcher den Mann sp\u00e4ter in ein nahegelegenes Krankenhaus brachte. Den Unfall selbst konnte der Zeuge nicht beobachten. Nach derzeitigem Ermittlungsstand d\u00fcrfte der Radfahrer einen auf der Fahrbahn liegenden Tannenzapfen \u00fcbersehen und dadurch die Kontrolle \u00fcber sein Rennrad verloren haben. Durch den Unfall zog der Mann sich Sch\u00fcrfwunden am ganzen K\u00f6rper zu. Am Fahrrad entstand geringer Sachschaden.<\/p>\n\n\n\n<h2 class=\"wp-block-heading\">(Weinheim \/ Rhein-Neckar-Kreis) &#8211; Wohnungseinbruch \/ Zeugen gesucht!<\/h2>\n\n\n\n<p>Zwischen dem 27.08.22 und dem 29.08.22 kam es in Weinheim zu einem Wohnungseinbruch. Bei dem Anwesen in der Breslauer Stra\u00dfe verschaffte sich die bislang unbekannte T\u00e4terschaft \u00fcber die Kellert\u00fcr des Anwesens Zutritt zu diesem. Aufgefallen war dies, da sich die Wohnungst\u00fcr nicht mehr \u00f6ffnen lies. Hier wurde im Schlie\u00dfzylinder ein Gegenstand festgestellt, der ein \u00d6ffnen nicht mehr erm\u00f6glichte. Der genaue Sach- und Diebstahlschaden ist bislang unbekannt. Die Ermittlungen dauern noch an.<\/p>\n\n\n\n<p>Zeugen, die sachdienliche Hinweise geben k\u00f6nnen, werden gebeten sich mit dem Polizeirevier Weinheim unter: 06201-10030 in Verbindung zu setzen.<\/p>\n\n\n\n<h2 class=\"wp-block-heading\">(Weinheim \/ Rhein-Neckar-Kreis) &#8211; Einbruch in Vereinsgeb\u00e4ude \/ Zeugen gesucht<\/h2>\n\n\n\n<p>Bisher unbekannte T\u00e4ter brachen zwischen Freitagabend und Montagvormittag in ein Vereinsheim in der Waidallee ein. Die Unbekannten begaben sich auf das Gel\u00e4nde und \u00fcberkletterten einen Zaun zu den Umkleider\u00e4umen. Dort warfen die T\u00e4ter eine Scheibe ein und durchw\u00fchlten das Inventar. Nach derzeitigem Ermittlungsstand entwendeten die T\u00e4ter eine rund 1.500 Euro teure Kamera aus dem Vereinsgeb\u00e4ude. Der Sachschaden liegt mindestens im dreistelligen Bereich. Die Polizei konnte vor Ort erste Spuren sichern, welche nun ausgewertet werden. Zeugen, welche etwas Verd\u00e4chtiges wahrgenommen haben, k\u00f6nnen sich beim Polizeirevier Weinheim unter der Rufnummer 06201\/1003-0 melden.<\/p>\n\n\n\n<h2 class=\"wp-block-heading\">(Weinheim \/ Rhein-Neckar-Kreis) &#8211; Mehrere Verletzte nach Schl\u00e4gerei \/ Zeugen gesucht!<\/h2>\n\n\n\n<p>Am fr\u00fchen Sonntagmorgen gegen 04:30 Uhr gerieten in der Bahnhofstra\u00dfe vor einer dortigen Shisha-Lounge aus noch ungekl\u00e4rter Ursache zwei Personengruppen in Streit, wonach es zu einer handfesten Auseinandersetzung kam.<\/p>\n\n\n\n<p>Hierbei sollen 15 bis 20 Personen auf vier M\u00e4nner im Alter von 18 bis 25 Jahren eingeschlagen haben und anschlie\u00dfend gefl\u00fcchtet sein. Eine sofort eingeleitete Fahndung nach den T\u00e4tern verlief erfolglos. Ein alarmierter Rettungswagen versorgte die vier Leichtverletzten vor Ort.<\/p>\n\n\n\n<p>Das Polizeirevier Weinheim sucht nun Zeugen, die Hinweise auf die T\u00e4ter geben k\u00f6nnen und bittet diese, sich unter der Telefonnummer 06201\/1003-0 zu melden.<\/p>\n\n\n\n<h2 class=\"wp-block-heading\">(Weinheim \/ Rhein-Neckar-Kreis) &#8211; Zerkratzter Pkw in Parkhaus; Sachschaden von 4.000 Euro; Polizei sucht Zeugen<\/h2>\n\n\n\n<p>Bereits am vergangenen Freitag, zwischen 9:30 und 10 Uhr zerkratzten bislang unbekannte T\u00e4ter mit einem unbekannten Gegenstand einen grauen Pkw VW Golf auf beiden Fahrzeugseiten von vorne bis hinten.<\/p>\n\n\n\n<p>Der VW war auf der unteren Parkebene eines Lebensmittelgesch\u00e4fts in der Gewerbestra\u00dfe abgestellt. An dem Auto entstand ein Sachschaden von circa 4.000 Euro.<\/p>\n\n\n\n<p>Zeugen werden gebeten, sich mit dem Polizeirevier Weinheim, Telefonnummer 06201 1003-0, in Verbindung zu setzen.<\/p>\n","protected":false},"excerpt":{"rendered":"<div class=\"mh-excerpt\"><p>Polizeimeldungen von Montag &amp; Dienstag (29.08.-30.08.2022) (Speyer) &#8211; 29-J\u00e4hrige nach Fahrradunfall verletzt \/ Zeugen gesucht! Am 29.08.2022 gegen 19:40 Uhr befuhr eine 29-j\u00e4hrige Frau mit ihrem Lastenfahrrad den Kreisverkehr des St. Guido-Stifts-Platzes aus Richtung Innenstadt, <a class=\"mh-excerpt-more\" href=\"https:\/\/speyer24news.com\/?p=48814\" title=\"Polizeimeldungen Montag &#038; Dienstag (29.08.-30.08.2022)\">[&#8230;]<\/a><\/p>\n<\/div>","protected":false},"author":3,"featured_media":26162,"comment_status":"open","ping_status":"open","sticky":false,"template":"","format":"standard","meta":{"_monsterinsights_skip_tracking":false,"_monsterinsights_sitenote_active":false,"_monsterinsights_sitenote_note":"","_monsterinsights_sitenote_category":0,"footnotes":""},"categories":[12],"tags":[7243,7244,3614,702,61,2555,6955,6986,6263,63,105,11150,6987,53,4854,13534,4683,1548,4905,11592,102,13626,213,14325,14324,13553,13541,55,8277,6368,5261,103,106,2803,2423,427,2625,380,62,104,979,1565],"aioseo_notices":[],"amp_enabled":true,"_links":{"self":[{"href":"https:\/\/speyer24news.com\/index.php?rest_route=\/wp\/v2\/posts\/48814"}],"collection":[{"href":"https:\/\/speyer24news.com\/index.php?rest_route=\/wp\/v2\/posts"}],"about":[{"href":"https:\/\/speyer24news.com\/index.php?rest_route=\/wp\/v2\/types\/post"}],"author":[{"embeddable":true,"href":"https:\/\/speyer24news.com\/index.php?rest_route=\/wp\/v2\/users\/3"}],"replies":[{"embeddable":true,"href":"https:\/\/speyer24news.com\/index.php?rest_route=%2Fwp%2Fv2%2Fcomments&post=48814"}],"version-history":[{"count":1,"href":"https:\/\/speyer24news.com\/index.php?rest_route=\/wp\/v2\/posts\/48814\/revisions"}],"predecessor-version":[{"id":48822,"href":"https:\/\/speyer24news.com\/index.php?rest_route=\/wp\/v2\/posts\/48814\/revisions\/48822"}],"wp:featuredmedia":[{"embeddable":true,"href":"https:\/\/speyer24news.com\/index.php?rest_route=\/wp\/v2\/media\/26162"}],"wp:attachment":[{"href":"https:\/\/speyer24news.com\/index.php?rest_route=%2Fwp%2Fv2%2Fmedia&parent=48814"}],"wp:term":[{"taxonomy":"category","embeddable":true,"href":"https:\/\/speyer24news.com\/index.php?rest_route=%2Fwp%2Fv2%2Fcategories&post=48814"},{"taxonomy":"post_tag","embeddable":true,"href":"https:\/\/speyer24news.com\/index.php?rest_route=%2Fwp%2Fv2%2Ftags&post=48814"}],"curies":[{"name":"wp","href":"https:\/\/api.w.org\/{rel}","templated":true}]}}