{"id":48849,"date":"2022-09-05T07:57:24","date_gmt":"2022-09-05T06:57:24","guid":{"rendered":"https:\/\/speyer24news.com\/?p=48849"},"modified":"2022-09-05T07:59:36","modified_gmt":"2022-09-05T06:59:36","slug":"polizeimeldungen-wochenende-03-09-04-09-2022","status":"publish","type":"post","link":"https:\/\/speyer24news.com\/?p=48849","title":{"rendered":"Polizeimeldungen Wochenende (03.09 &#038; 04.09.2022)"},"content":{"rendered":"<style type=\"text\/css\">\r\n\t.ads_top_disp{}\r\n\t.ads_top_corner_disp{ float:left; margin:0px 10px 10px 0px; }\r\n\t.ads_first_p_disp{}\r\n\t.ads_bottom_disp{}\r\n\t<\/style>\n<h2 class=\"wp-block-heading\">Polizeimeldungen von Samstag &amp; Sonntag (03.09. &#8211; 04.09.2022)<\/h2>\n\n\n<div class=\"wp-block-image\">\n<figure class=\"aligncenter size-full\"><img decoding=\"async\" loading=\"lazy\" width=\"375\" height=\"500\" src=\"https:\/\/speyer24news.com\/wp-content\/uploads\/2022\/03\/Aktuelles-Polizeilogo.jpg\" alt=\"\" class=\"wp-image-43591\" srcset=\"https:\/\/speyer24news.com\/wp-content\/uploads\/2022\/03\/Aktuelles-Polizeilogo.jpg 375w, https:\/\/speyer24news.com\/wp-content\/uploads\/2022\/03\/Aktuelles-Polizeilogo-225x300.jpg 225w\" sizes=\"(max-width: 375px) 100vw, 375px\" \/><\/figure><\/div>\n\n\n<h2 class=\"wp-block-heading\">(Speyer) &#8211; Randalierende Person<\/h2>\n\n\n<div class=\"wp-block-image\">\n<figure class=\"aligncenter size-full\"><img decoding=\"async\" loading=\"lazy\" width=\"800\" height=\"533\" src=\"https:\/\/speyer24news.com\/wp-content\/uploads\/2021\/10\/Festnahme-Handschellen.jpg\" alt=\"\" class=\"wp-image-41224\" srcset=\"https:\/\/speyer24news.com\/wp-content\/uploads\/2021\/10\/Festnahme-Handschellen.jpg 800w, https:\/\/speyer24news.com\/wp-content\/uploads\/2021\/10\/Festnahme-Handschellen-300x200.jpg 300w, https:\/\/speyer24news.com\/wp-content\/uploads\/2021\/10\/Festnahme-Handschellen-768x512.jpg 768w\" sizes=\"(max-width: 800px) 100vw, 800px\" \/><figcaption>Beispielbild Handschelle \/ Verhaftung, dient lediglich der Visualisierung<\/figcaption><\/figure><\/div>\n\n\n<p>Am 03.09.2022 gegen 20:00 Uhr wurde der Polizei Speyer ein 37-j\u00e4hriger Mann gemeldet, welcher in der Bebelstra\u00dfe in Speyer randalieren w\u00fcrde. An der \u00d6rtlichkeit konnte der Mann angetroffen werden. Aufgrund seiner Aggressivit\u00e4t gegen\u00fcber den Polizeibeamten musste er vorzeitig gefesselt werden. Bei ihm konnte zu dem ein Einhandmesser aufgefunden werden. Die Person begab sich im Anschluss an den Bahnhof. Gegen den Mann wurde ein Strafverfahren wegen des Versto\u00dfes gegen das Waffengesetz eingeleitet.<\/p>\n\n\n\n<h2 class=\"wp-block-heading\">(Speyer) &#8211; Trunkenheitsfahrt<\/h2>\n\n\n\n<p>Am 03.09.22 gegen 18:55 Uhr wurde ein 30-j\u00e4hriger Mann auf seinem E-Scooter in der Gilgenstra\u00dfe in Speyer kontrolliert. Dabei konnte bei dem Fahrer Alkoholgeruch festgestellt werden. Ein freiwillig durchgef\u00fchrter Atemalkoholtest ergab einen Wert von 0,77 Promille. Dem Mann wurde die Weiterfahrt untersagt. Zudem wurde eine Ordnungswidrigkeitenanzeige gegen den 30-J\u00e4hrigen aufgenommen.<\/p>\n\n\n\n<h2 class=\"wp-block-heading\">(Speyer) &#8211; Einbruch in Hotel<\/h2>\n\n\n\n<p>Am 03.09.2022 gegen 04:00 Uhr brach ein bisher unbekannter T\u00e4ter in ein Hotel in der Stra\u00dfe &#8222;Im Neudeck&#8220; in Speyer ein. Dabei dr\u00fcckte er ein gekipptes Fenster ein und gelangte so in die R\u00e4umlichkeiten. Der T\u00e4ter entwendete Bargeld in H\u00f6he von ca. 700EUR.<\/p>\n\n\n\n<p>Zeugen werden gebeten, sich mit der Polizeiinspektion Speyer unter 06232 137-0 oder&nbsp;<a href=\"mailto:pispeyer@polizei.rlp.de\">pispeyer@polizei.rlp.de<\/a>&nbsp;in Verbindung zu setzen.<\/p>\n\n\n\n<h2 class=\"wp-block-heading\">(Speyer) &#8211; K\u00f6rperverletzung in einer Bar<\/h2>\n\n\n\n<p>Am 03.09.2022 um 03:30 Uhr bekam ein 34-j\u00e4hriger Mann aufgrund seiner Alkoholisierung ein Hausverbot in einer Bar in der Kutschergasse in Speyer ausgesprochen. Als die 45-j\u00e4hrige gesch\u00e4digte Frau den Mann nach drau\u00dfen begleiten wollte, schlug dieser ihr mehrfach mit den F\u00e4usten ins Gesicht, trat ihr gegen die Brust und bedrohte sie. Der Beschuldigte wurde auf die Dienststelle gebracht und dem Gewahrsam zugef\u00fchrt. Die Frau erlitt schmerzen im Gesichts-und Brustbereich sowie R\u00f6tungen am Hals.<\/p>\n\n\n\n<h2 class=\"wp-block-heading\">(Speyer) &#8211; Unter Alkoholeinfluss Unfall verursacht<\/h2>\n\n\n\n<p>Am 02.09.2022 gegen 22:55 Uhr verursachte ein 55-j\u00e4hriger Mann beim Ausparken auf dem Parkplatz in der Stra\u00dfe &#8222;Am neuen Rheinhafen&#8220; einen Verkehrsunfall. W\u00e4hrend der Verkehrsunfallaufnahme konnten die Beamten Alkoholgeruch bei dem Mann feststellen. Ein freiwillig durchgef\u00fchrter Atemalkoholtest ergab einen Wert von 1,64 Promille. Der Fahrer wurde auf die Dienststelle verbracht, wo ihm eine Blutprobe entnommen wurde. Sein F\u00fchrerschein wurde sichergestellt. Am gesch\u00e4digten Fahrzeug entstand ein Sachschaden von ca, 5000EUR<\/p>\n\n\n\n<h2 class=\"wp-block-heading\">(Speyer) &#8211; K\u00f6rperverletzung auf Rheinuferfest<\/h2>\n\n\n<div class=\"wp-block-image\">\n<figure class=\"aligncenter size-full\"><img decoding=\"async\" loading=\"lazy\" width=\"801\" height=\"600\" src=\"https:\/\/speyer24news.com\/wp-content\/uploads\/2020\/05\/Zeugen-gesucht-Neutral.jpg\" alt=\"\" class=\"wp-image-26598\" srcset=\"https:\/\/speyer24news.com\/wp-content\/uploads\/2020\/05\/Zeugen-gesucht-Neutral.jpg 801w, https:\/\/speyer24news.com\/wp-content\/uploads\/2020\/05\/Zeugen-gesucht-Neutral-300x225.jpg 300w, https:\/\/speyer24news.com\/wp-content\/uploads\/2020\/05\/Zeugen-gesucht-Neutral-768x575.jpg 768w, https:\/\/speyer24news.com\/wp-content\/uploads\/2020\/05\/Zeugen-gesucht-Neutral-678x509.jpg 678w, https:\/\/speyer24news.com\/wp-content\/uploads\/2020\/05\/Zeugen-gesucht-Neutral-326x245.jpg 326w, https:\/\/speyer24news.com\/wp-content\/uploads\/2020\/05\/Zeugen-gesucht-Neutral-80x60.jpg 80w\" sizes=\"(max-width: 801px) 100vw, 801px\" \/><\/figure><\/div>\n\n\n<p>Am 02.09.2022 gegen 21:30 Uhr wurde der Polizei Speyer auf dem Rheinuferfest eine m\u00e4nnliche Person gemeldet, welche im Gesicht bluten w\u00fcrde. Vor Ort konnte ein 43-j\u00e4hriger Mann angetroffen werden. Er gab an, dass er von einer unbekannten Person mit einem Faustschlag im Gesicht verletzt wurde. Der T\u00e4ter fl\u00fcchtete in unbekannte Richtung. <\/p>\n\n\n\n<h4 class=\"wp-block-heading\">Bei dem Beschuldigten soll es sich um einen:<\/h4>\n\n\n\n<ul><li><strong>ca. 30-j\u00e4hrigen Mann<\/strong><\/li><li><strong>175 cm gro\u00df <\/strong><\/li><li><strong>mit kurzen blonden Haaren <\/strong><\/li><li><strong>sowie dunkle Kleidung <\/strong><\/li><\/ul>\n\n\n\n<p>gehandelt haben.<\/p>\n\n\n\n<p>Zeugen werden gebeten, sich mit der Polizeiinspektion Speyer unter 06232 137-0 oder&nbsp;<a href=\"mailto:pispeyer@polizei.rlp.de\">pispeyer@polizei.rlp.de<\/a>&nbsp;in Verbindung zu setzen.<\/p>\n\n\n\n<h2 class=\"wp-block-heading\">(Waldsee) &#8211; Bedrohung und Beleidigung von Polizeibeamten<\/h2>\n\n\n<div class=\"wp-block-image\">\n<figure class=\"aligncenter size-full\"><img decoding=\"async\" loading=\"lazy\" width=\"800\" height=\"600\" src=\"https:\/\/speyer24news.com\/wp-content\/uploads\/2019\/06\/Ausn\u00fcchterungszelle.jpg\" alt=\"\" class=\"wp-image-15212\" srcset=\"https:\/\/speyer24news.com\/wp-content\/uploads\/2019\/06\/Ausn\u00fcchterungszelle.jpg 800w, https:\/\/speyer24news.com\/wp-content\/uploads\/2019\/06\/Ausn\u00fcchterungszelle-300x225.jpg 300w, https:\/\/speyer24news.com\/wp-content\/uploads\/2019\/06\/Ausn\u00fcchterungszelle-768x576.jpg 768w, https:\/\/speyer24news.com\/wp-content\/uploads\/2019\/06\/Ausn\u00fcchterungszelle-678x509.jpg 678w, https:\/\/speyer24news.com\/wp-content\/uploads\/2019\/06\/Ausn\u00fcchterungszelle-326x245.jpg 326w, https:\/\/speyer24news.com\/wp-content\/uploads\/2019\/06\/Ausn\u00fcchterungszelle-80x60.jpg 80w\" sizes=\"(max-width: 800px) 100vw, 800px\" \/><figcaption>Beispielbild Zelle \/ Verhaftung, dient lediglich der Visualisierung<\/figcaption><\/figure><\/div>\n\n\n<p>Ein 34j\u00e4hriger Mann verhielt sich Freitagabend beim Angeln am Bootsanleger in der Rheinauenstra\u00dfe aggressiv gegen\u00fcber anderen Anglern, welche deshalb die Polizei verst\u00e4ndigten. Da sich der deutlich alkoholisierte Mann auch im Beisein der Beamten nicht beruhigte und Gegenst\u00e4nde in Richtung anderer Personen warf, wurde er in Gewahrsam genommen. Hierbei bedrohte und beleidigte er die eingesetzten Beamten mit diversen unfl\u00e4tigen Ausdr\u00fccken. Den Mann erwarten nun mehrere Strafverfahren.<\/p>\n\n\n\n<h2 class=\"wp-block-heading\">(Dannstadt-Schauernheim) &#8211; Verkehrsunfall unter Alkoholeinfluss aber ohne Fahrerlaubnis<a href=\"mailto:?subject=POL-PDLU%3A%20Verkehrsunfall%20unter%20Alkoholeinfluss%20aber%20ohne%20Fahrerlaubnis&amp;body=https:\/\/www.presseportal.de\/blaulicht\/pm\/117688\/5312511\"><\/a><\/h2>\n\n\n\n<p>Ein 24j\u00e4hriger Fahrer eines PKW missachtete Samstagabend an einem Kreisverkehr in der Ludwigshafener Stra\u00dfe die Vorfahrt eines Kleinbusses, weshalb es zum Zusammensto\u00df der Fahrzeuge kam. Die Fahrerin des Kleinbusses wurde leicht verletzt, an den beteiligten Fahrzeugen entstand erheblicher Sachschaden<\/p>\n\n\n\n<p>W\u00e4hrend der Unfallaufnahme stellte sich heraus, dass der erkennbar alkoholisierte Unfallverursacher keine Fahrerlaubnis besitzt. Ihn erwartet nun ein Strafverfahren wegen fahrl\u00e4ssiger K\u00f6rperverletzung, Stra\u00dfenverkehrsgef\u00e4hrdung und des Fahrens ohne Fahrerlaubnis.<\/p>\n\n\n\n<h2 class=\"wp-block-heading\">(Dannstadt-Schauernheim) &#8211; Verletzter Radfahrer<\/h2>\n\n\n\n<p>Ein 83j\u00e4hriger Fahrradfahrer \u00fcbersah Freitagmorgen beim \u00dcberqueren der Schauernheimer Stra\u00dfe einen herannahenden PKW, dessen 53j\u00e4hrige Fahrerin den Zusammensto\u00df nicht mehr verhindern konnte. Der verletzte 83j\u00e4hrige wurde durch den Rettungsdienst in deiner Ludwigshafener Klinik gebracht, die Schwere der entstandenen Verletzungen kann bislang nicht abschlie\u00dfend beurteilt werden. Zeuge des Verkehrsunfalls werden gebeten, sich mit der Polizeiinspektion Schifferstadt unter 06235 495-0 oder&nbsp;<a href=\"mailto:pischifferstadt@polizei.rlp.de\">pischifferstadt@polizei.rlp.de<\/a>&nbsp;in Verbindung zu setzen.<\/p>\n\n\n\n<h2 class=\"wp-block-heading\">(Hochdorf-Assenheim) &#8211; Fahrraddiebstahl, Besitzer gesucht<\/h2>\n\n\n\n<p>Ein aufmerksamer Zeuge beobachtete Samstagnachmittag in der Ludwigshafener Stra\u00dfe, wie zwei M\u00e4nner (jeweils 40-50 Jahre alt, s\u00fcdl\u00e4ndisches Erscheinungsbild) ein Fahrradschloss zweier zusammengeschlossener Fahrr\u00e4der mit einem Bolzenschneider durchtrennten und offenbar in Begriff waren, die Fahrr\u00e4der zu stehlen. Als er die beiden zur Rede stellen wollte, fl\u00fcchteten die T\u00e4ter mit einem der Fahrr\u00e4der bzw. zu Fu\u00df. Die Besitzer der beiden Fahrr\u00e4der und m\u00f6gliche weitere Zeugen werden gebeten, sich mit der Polizeiinspektion Schifferstadt unter 06235 495-0 oder&nbsp;<a href=\"mailto:pischifferstadt@polizei.rlp.de\">pischifferstadt@polizei.rlp.de<\/a>&nbsp;in Verbindung zu setzen.<\/p>\n\n\n\n<h2 class=\"wp-block-heading\">(B 9 \/ Schwegenheim) &#8211; Auf B9 \u00fcberschlagen<\/h2>\n\n\n\n<p>Am Freitagmorgen verlor eine 21-j\u00e4hrige Autofahrerin die Kontrolle \u00fcber ihr Fahrzeug und \u00fcberschlug sich auf der B9. Die junge Frau befuhr die Bundesstra\u00dfe in Fahrtrichtung Speyer, als sie ca. 600m vor der Abfahrt Schwegenheim aus bislang ungekl\u00e4rten Gr\u00fcnden nach links von der Fahrbahn abkam. Um eine Kollision mit der Mittelleitplanke zu verhindern, lenkte die Frau nach rechts und verlor hierbei die Kontrolle, sodass sie \u00fcber den rechten Fahrstreifen und den Seitenstreifen ins Bankett fuhr. Dort \u00fcberschlug sich das Fahrzeug und kam letztlich auf dem Seitenstreifen zum Stehen. Die Fahrzeugf\u00fchrerin wurde mit leichten Verletzungen in ein Krankenhaus verbracht. F\u00fcr die Dauer der Fahrzeugbergung und der Reinigungsarbeiten musste der rechte Fahrstreifen gesperrt werden, weshalb es zu tempor\u00e4ren Verkehrsbehinderungen kam.<\/p>\n\n\n\n<p>Im Rahmen der Unfallaufnahme wurde Absperrmaterial der Polizei von einem bislang unbekannten Fahrzeugf\u00fchrer \u00fcberfahren und besch\u00e4digt. Zeugenhinweise hierzu nimmt die Polizei unter der Telefonnummer 07274-9580 oder per Mail an&nbsp;<a href=\"mailto:pigermersheim@polizei.rlp.de\">pigermersheim@polizei.rlp.de<\/a>&nbsp;entgegen.<\/p>\n\n\n\n<h2 class=\"wp-block-heading\">(Zeiskam) &#8211; Ein Unfall mit drei Mal Totalschaden<\/h2>\n\n\n\n<p>Am Samstag musste die L540 nach einem Unfall mit mehreren beteiligten Fahrzeugen f\u00fcr drei Stunden voll gesperrt werden. Gegen 12:10 Uhr befuhr ein Transporter die Landstra\u00dfe in Richtung Bellheim und wollte kurz nach Zeiskam links in einen Wirtschaftsweg abbiegen. Hierbei sch\u00e4tzte der 41-J\u00e4hrige Fahrzeugf\u00fchrer Abstand und Geschwindigkeit des Gegenverkehrs falsch ein, sodass ein entgegenkommender Mercedes zun\u00e4chst ungebremst in die Fahrzeugseite des Transporters fuhr und im Anschluss frontal mit einem Ford kollidierte, der hinter dem Transporter in Richtung Bellheim unterwegs war. W\u00e4hrend der Unfallverursacher unverletzt blieb, wurden die beiden anderen Fahrzeugf\u00fchrer vom Rettungsdienst erstversorgt und in umliegende Krankenh\u00e4user verbracht. Neben Polizei und Rettungsdienst war auch die Feuerwehr im Einsatz.<\/p>\n\n\n\n<h2 class=\"wp-block-heading\">(Germersheim) &#8211; K\u00f6rperverletzung auf Stra\u00dfenfest<\/h2>\n\n\n\n<p>In der Nacht von Samstag auf Sonntag zeigten sich zwei M\u00e4nner mit dem Ausschankende des Germersheimer Stra\u00dfenfestes unzufrieden. W\u00e4hrend der \u00e4ltere von beiden seinen Unmut lediglich verbal jedoch lautstark kund tat, wurde ein <strong>ca. 30-35 Jahre alter Mann<\/strong> handgreiflich. Zun\u00e4chst gab der Mann einem 22-J\u00e4hrigen zwei Ohrfeigen. Im Anschluss sch\u00fcttete er sein Weinglas aus und warf es einer 25-J\u00e4hrigen an den Kopf. Eine 42-J\u00e4hrige wurde in der Folge durch die umherfliegenden Splitter leicht verletzt. Noch vor Eintreffen der Beamten fl\u00fcchtete der bislang unbekannte T\u00e4ter. <\/p>\n\n\n\n<p>Er wurde als :<\/p>\n\n\n\n<ul><li><strong>ca. 1,85 &#8211; 1,90 m gro\u00df<\/strong><\/li><li><strong>st\u00e4mmig<\/strong><\/li><li><strong>mit s\u00fcdl\u00e4ndischem Erscheinungsbild <\/strong><\/li><li><strong>und dunklen Haaren <\/strong><\/li><\/ul>\n\n\n\n<p>beschrieben.<\/p>\n\n\n\n<p>Zeugen, die zur Tat oder der Identit\u00e4t des T\u00e4ters Angaben machen k\u00f6nnen, werden gebeten, sich bei der Polizei Germersheim unter der Telefonnummer 07274-9580 oder per Mail an&nbsp;<a href=\"mailto:pigermersheim@polizei.rlp.de\">pigermersheim@polizei.rlp.de<\/a>&nbsp;zu melden.<\/p>\n\n\n\n<h2 class=\"wp-block-heading\">(Germersheim) &#8211; Igel befreit<\/h2>\n\n\n\n<p>Am Samstagnachmittag meldeten Passanten der Polizei einen Igel, der in einem Metallgel\u00e4nder der Geschwister-Scholl-Schule eingeklemmt war. Erste behutsame Befreiungsversuche der Beamten misslangen, sodass die Feuerwehr Germersheim zur Rettung des Tieres herbeieilte. Nachdem das Tier aus seiner misslichen Lage befreit werden konnte, wurde es aufgrund festgestellter Verletzungen an eine Tierauffangstation \u00fcbergeben.<\/p>\n\n\n\n<h2 class=\"wp-block-heading\">(Bellheim) &#8211; Schlangenlinien infolge Trunkenheit<\/h2>\n\n\n\n<p>Am Samstag konnte die Polizei eine Fahrzeugf\u00fchrerin kontrollieren, die infolge Trunkenheit Schlangenlinien auf der B9 gefahren ist. Ein aufmerksamer Verkehrsteilnehmer meldete der Polizeiinspektion Germersheim den auff\u00e4llig fahrenden Audi A3 in H\u00f6he Bellheim. Das Fahrzeug konnte in Schwegenheim gestoppt werden. Bei der anschlie\u00dfenden Kontrolle stellten die Beamten bei der Fahrzeugf\u00fchrerin Atemalkoholgeruch fest. Ein Test ergab 2,5 Promille. Der F\u00fchrerschein der 47-J\u00e4hrigen wurde sichergestellt, eine Blutprobe entnommen und ein Strafverfahren eingeleitet.<\/p>\n\n\n\n<h2 class=\"wp-block-heading\">(Bellheim) &#8211; Eisautomat vereitelt Flucht<\/h2>\n\n\n\n<p>Drei jugendliche Eisdiebe gingen der Polizei ins Netz, nachdem sie Speiseeis aus einem Automaten entwenden wollten. Wie erst jetzt bekannt wurde, entdeckte bereits am Freitag, dem 26.08.2022 eine Streife der Bundespolizei drei Jugendliche, die in der Fellach in Bellheim Waren aus einem Eisautomaten entwenden wollten. Beim Erblicken der Beamten flohen zun\u00e4chst zwei der T\u00e4ter. Die Flucht der dritten Person wurde durch den Eisautomaten vereitelt; der Arm des Jugendlichen steckte noch in dem Ausgabefach fest. Nachdem die anderen beiden das Malheur ihres Freundes bemerkten, brachen sie die Flucht ab und kamen zur\u00fcck. Neben 15 Packungen Eis wurden bei den drei Jugendlichen noch weitere verbotene Gegenst\u00e4nde festgestellt, sodass nun wegen des Diebstahls, Verst\u00f6\u00dfen gegen das Bet\u00e4ubungsmittel-, Arzneimittel- und Waffengesetz ermittelt wird.<\/p>\n\n\n\n<h2 class=\"wp-block-heading\">(R\u00fclzheim) &#8211; Mit Paintballwaffe auf Auto geschossen<\/h2>\n\n\n\n<p>In der Nacht von Freitag auf Samstag schoss eine bislang unbekannte Person vermutlich mit einer Paintballwaffe auf das Fahrzeug einer 19-J\u00e4hrigen. Die Frau fuhr gegen Mitternacht auf der L540 von Rheinzabern nach R\u00fclzheim. Kurz vor R\u00fclzheim sei ihr ein PKW entgegengekommen und es gab einen Knall, den die Gesch\u00e4digte zun\u00e4chst nicht zuordnen konnte. Kurz darauf stellte sie wei\u00dfe Farbe am Fahrerfenster fest. Aufgrund des Schadensbildes wird davon ausgegangen, dass das Fahrzeug mit einer Paintballwaffe beschossen wurde. Die Polizei ermittelt wegen des Gef\u00e4hrlichen Eingriffs in den Stra\u00dfenverkehr und bittet Zeugen oder Personen, die Hinweise zur Tat oder dem T\u00e4ter machen k\u00f6nnen, sich unter der Telefonnummer 07274-9580 oder per Mail an&nbsp;<a href=\"mailto:pigermersheim@polizei.rlp.de\">pigermersheim@polizei.rlp.de<\/a>&nbsp;zu melden.<\/p>\n\n\n\n<h2 class=\"wp-block-heading\">(Leimersheim) &#8211; Betrunken falsch \u00fcberholt<\/h2>\n\n\n\n<p>Gl\u00fcck im Ungl\u00fcck hatten gleich drei Autofahrer in Leimersheim, nachdem ein Betrunkener trotz Gegenverkehr \u00fcberholen wollte. Am Samstagabend fuhr der 39-j\u00e4hrige Unfallverursacher von Leimersheim in Richtung Kuhardt. Als er einen Mercedes \u00fcberholen wollte, touchierte der Mann zun\u00e4chst den Au\u00dfenspiegel eines entgegenkommenden Smarts. Im Anschluss brach er den \u00dcberholvorgang aufgrund eines weiteren entgegenkommenden Fahrzeugs ab, fuhr in der Folge jedoch auf den noch immer vor ihm befindlichen Mercedes auf. Im Rahmen der Unfallaufnahme konnte bei dem Unfallverursacher starker Alkoholgeruch festgestellt werden. Ein entsprechender Test ergab 1,4 Promille. Der F\u00fchrerschein des Mannes wurde sichergestellt, eine Blutprobe entnommen und ein Strafverfahren wegen Gef\u00e4hrdung des Stra\u00dfenverkehrs eingeleitet.<\/p>\n\n\n\n<h2 class=\"wp-block-heading\">(B 9 \/ Neupotz) &#8211; Unfall auf B9 durch alkoholisierte Pkw-Fahrerin<\/h2>\n\n\n\n<p>Zu erheblichen Sachschaden f\u00fchrte ein missgl\u00fccktes \u00dcberholman\u00f6ver auf der B9. Demnach fuhr die Fahrerin eines Pkw am 02.09.2022, gegen 20:40 Uhr auf der B9 in Richtung W\u00f6rth und wollte kurz nach der Abfahrt nach Neupotz einen vor ihr fahrenden Pkw \u00fcberholen. Dabei kollidierte sie sowohl mit der Mittelleitplanke, als auch mit dem zu \u00fcberholenden Pkw. Im Zuge der Unfallaufnahme konnte bei der Unfallverursacherin Alkoholgeruch festgestellt werden. Ein folgender Atemalkoholtest ergab 1,74 Promille. Somit wurde der F\u00fchrerschein beschlagnahmt und eine Blutprobe veranlasst. Ihr Pkw war nicht mehr fahrbereit und musste abgeschleppt werden. Der Sachschaden bel\u00e4uft sich auf ca. 20000 EUR.<\/p>\n\n\n\n<h2 class=\"wp-block-heading\">(Pleisweiler-Oberhofen) &#8211; Gasaustritt<\/h2>\n\n\n\n<p>Am 2.9.22, gg. 10:38 Uhr, kam es bei Erdarbeiten an einer Baustelle in der Schlossstra\u00dfe zu einem Gastaustritt. Hierbei wurde die Hauptgasleitung getroffen. Angeh\u00f6rige der Feuerwehr und Mitarbeiter der Firma Pfalzgas, sowie das Ordnungsamt der Verbandsgemeinde Bad Bergzabern kamen unmittelbar vor Ort. Messungen wurden durchgef\u00fchrt. Eine Gefahr f\u00fcr die Bev\u00f6lkerung bestand nicht. Vorsorglich wurde der Verkehr umgeleitet. Daher konnten Busse der QNV die Ortschaft nicht mehr anfahren. Um 19:55 Uhr waren alle Arbeiten beendet, die Ortschaft wieder befahrbar. Wie hoch der Schaden durch die Leckage ist, ist unklar.<\/p>\n\n\n\n<h2 class=\"wp-block-heading\">(Vorderweidenthal) &#8211; Wald angez\u00fcndet<\/h2>\n\n\n<div class=\"wp-block-image\">\n<figure class=\"aligncenter size-full\"><img decoding=\"async\" loading=\"lazy\" width=\"800\" height=\"600\" src=\"https:\/\/speyer24news.com\/wp-content\/uploads\/2022\/09\/Branstelle.jpg\" alt=\"\" class=\"wp-image-48850\" srcset=\"https:\/\/speyer24news.com\/wp-content\/uploads\/2022\/09\/Branstelle.jpg 800w, https:\/\/speyer24news.com\/wp-content\/uploads\/2022\/09\/Branstelle-300x225.jpg 300w, https:\/\/speyer24news.com\/wp-content\/uploads\/2022\/09\/Branstelle-768x576.jpg 768w, https:\/\/speyer24news.com\/wp-content\/uploads\/2022\/09\/Branstelle-678x509.jpg 678w, https:\/\/speyer24news.com\/wp-content\/uploads\/2022\/09\/Branstelle-326x245.jpg 326w, https:\/\/speyer24news.com\/wp-content\/uploads\/2022\/09\/Branstelle-80x60.jpg 80w\" sizes=\"(max-width: 800px) 100vw, 800px\" \/><\/figure><\/div>\n\n\n<p>Durch Verkehrsteilnehmer wurde am 2.9.22, gg. 21:42 Uhr, eine Rauchentwicklung an der Landstra\u00dfe 490 zwischen Erlenbacher Kreuzung und Vorderweidenthalt, rechts der Fahrbahn in einem Waldst\u00fcck, gemeldet. Die Feuerwehren (40 Einsatzkr\u00e4fte vor Ort) begaben sich sofort in den Einsatz und konnten dort einen Brand feststellen. Durch das rechtzeitige Entdecken wurden lediglich ca. 25 m\u00b2 Mischwald gesch\u00e4digt. Ohne das schnelle Eingreifen h\u00e4tte sich dort ein gr\u00f6\u00dferer Waldbrand entwickeln k\u00f6nnen. <\/p>\n\n\n<div class=\"wp-block-image\">\n<figure class=\"aligncenter size-full\"><img decoding=\"async\" loading=\"lazy\" width=\"800\" height=\"600\" src=\"https:\/\/speyer24news.com\/wp-content\/uploads\/2022\/09\/Baumstumpf.jpg\" alt=\"\" class=\"wp-image-48851\" srcset=\"https:\/\/speyer24news.com\/wp-content\/uploads\/2022\/09\/Baumstumpf.jpg 800w, https:\/\/speyer24news.com\/wp-content\/uploads\/2022\/09\/Baumstumpf-300x225.jpg 300w, https:\/\/speyer24news.com\/wp-content\/uploads\/2022\/09\/Baumstumpf-768x576.jpg 768w, https:\/\/speyer24news.com\/wp-content\/uploads\/2022\/09\/Baumstumpf-678x509.jpg 678w, https:\/\/speyer24news.com\/wp-content\/uploads\/2022\/09\/Baumstumpf-326x245.jpg 326w, https:\/\/speyer24news.com\/wp-content\/uploads\/2022\/09\/Baumstumpf-80x60.jpg 80w\" sizes=\"(max-width: 800px) 100vw, 800px\" \/><\/figure><\/div>\n\n\n<p>Als Brandursache konnte eine Feuerstelle in einem Baumstumpf ausgemacht werden. Ob der oder die T\u00e4ter das Feuer bewusst legten oder es au\u00dfer Kontrolle geriet ist unklar. Es wird aber in Richtung auf eine Straftat ermittelt. Zeugen werden gebeten sich bei der Polizeiinspektion Bad Bergzabern, Tel.: 0634393340 oder jeder anderen Polizeidienststelle zu melden.<\/p>\n\n\n\n<h2 class=\"wp-block-heading\">(Landau) &#8211; Randalierer in der Vogesenstra\u00dfe<\/h2>\n\n\n\n<p>Durch mehrere Anwohner wurde am Samstagmittag ein Randalierer in der Vogesenstra\u00dfe gemeldet. Dieser habe laut herumgeschrien, Passanten angep\u00f6belt und bedroht, sowie ein Verkehrsschild und einen mitgef\u00fchrten kleinen Schrank demoliert. <strong>Der auff\u00e4llig gro\u00dfe, etwa 30 bis 40 Jahre alte Mann<\/strong> fl\u00fcchtete noch vor dem Eintreffen der Polizei in Richtung Bahnhof und konnte im Rahmen von Fahndungsma\u00dfnahmen nicht mehr angetroffen werden. Sollte jemand den fl\u00fcchtigen Randalierer erkannt haben, bittet die Polizei Landau um Zeugenhinweise unter 06341\/2870.<\/p>\n\n\n\n<h2 class=\"wp-block-heading\">(Landau) &#8211; Fahren unter Drogeneinfluss<\/h2>\n\n\n\n<p>In der Nach von Freitag auf Samstag wurde ein 30-j\u00e4hriger aus dem Raum Landau einer Verkehrskontrolle unterzogen. Hierbei konnten bei dem Fahrzeugf\u00fchrer typische Auff\u00e4lligkeiten festgestellt werden, welche auf einen Drogenkonsum und somit auf eine aktuelle Beeinflussung durch diese hinwiesen. Der Verd\u00e4chtige machte keinerlei Angaben zur Sache und ein angebotener Urintest zur Drogenerkennung konnte nicht durchgef\u00fchrt werden. Aufgrund der sehr deutlichen Auff\u00e4lligkeiten und der Tatsache, dass der Fahrer wegen eines gleichgelagerten Delikts bereits in Erscheinung getreten war, bestand der Verdacht einer Trunkenheitsfahrt. Um diese beweisen oder widerlegen zu k\u00f6nnen wurde eine Blutprobe beim Tatverd\u00e4chtigen entnommen und ein Strafverfahren eingeleitet<\/p>\n\n\n\n<h2 class=\"wp-block-heading\">(A 65 \/ Landau) &#8211; Verkehrsunfall am Stauende \/ Zwei Personen verletzt<\/h2>\n\n\n\n<p>Am Freitag, 02.09.2022 ereignete sich um 18:00 Uhr ein Verkehrsunfall auf der A65 in Fahrtrichtung Ludwigshafen. Dabei fuhr ein 48-j\u00e4hriger Mann aus dem Schwarzwald mit seinem Sattelzug am Stauende auf den vor ihm abbremsenden Pkw auf. Der 48-j\u00e4hrige Fahrer des Peugeot und sein 28-j\u00e4hriger Beifahrer wurden durch den Aufprall leicht verletzt und in ein umliegendes Krankenhaus gebracht. Ihr Pkw war nicht mehr fahrbereit und musste abgeschleppt werden. Es entstand ein Schaden von ca. 15500EUR. Aufgrund des Verkehrsunfalles kam es zu weiteren Verkehrsbehinderungen.<\/p>\n\n\n\n<h2 class=\"wp-block-heading\">(Offenbach a.d.Q.) &#8211; Feuer durch Unkrautbrenner<\/h2>\n\n\n\n<p>Am Freitagnachmittag l\u00f6ste ein Hausmeister in Offenbach einen Einsatz der Feuerwehr und Polizei aus, weil er zu nahe an einer Hecke unliebsames Gew\u00e4chs mit einem Unkrautbrenner entfernen wollte. Hierbei gerieten etwa f\u00fcnf Meter Hecke in Brand, wodurch die Fassade des nahe gelegenen Wohnhauses in Mitleidenschaft gezogen wurde. Den 68-j\u00e4hrigen erwartet nun ein Strafverfahren wegen fahrl\u00e4ssiger Brandstiftung.<\/p>\n\n\n\n<h2 class=\"wp-block-heading\">(LD-Dammheim) &#8211; Verkehrsbehinderung durch Starkregen<\/h2>\n\n\n\n<p>Mehrere Verkehrsteilnehmer meldeten am Samstagnachmittag eine \u00fcberflutete Unterf\u00fchrung in der Speyrer Stra\u00dfe in Dammheim. Die Gefahrenstelle musste kurzzeitig abgesichert werden, bis Kr\u00e4fte der Feuerwehr diese beseitigen und das Wasser somit wieder abflie\u00dfen konnte.<\/p>\n\n\n\n<h2 class=\"wp-block-heading\">(Burrweiler) &#8211; Verkehrsunfall mit gest\u00fcrztem Fahrradfahrer<\/h2>\n\n\n\n<p>Gl\u00fccklicherweise nur leichte Verletzungen zog sich ein 67-j\u00e4hriger Niederl\u00e4nder am Freitag, 02.09.2022 gegen 14:00 Uhr zu, der mit seinem Fahrrad auf einem Radweg neben der L504 in H\u00f6he Burrweiler st\u00fcrzte. Vermutlich infolge nicht angepasster Geschwindigkeit \u00fcbersah er eine Bodenwelle und kam dabei zum Sturz. Vorsorglich wurde der Mann in ein umliegendes Krankenhaus gebracht, konnte dies nach einer ambulanten Behandlung jedoch wieder verlassen.<\/p>\n\n\n\n<h2 class=\"wp-block-heading\">(Edesheim) &#8211; Polizeieins\u00e4tze anl\u00e4\u00dflich des Edesheimer Jahrmarkts<\/h2>\n\n\n\n<p>Am Samstag, 03.09.2022 war gegen 00:20 Uhr ein 25-j\u00e4hriger Mann mit seiner 17-j\u00e4hrigen Bekannten vom Festplatz in Edesheim aus fu\u00dfl\u00e4ufig auf dem Heimweg. Im Bereich der Schlo\u00dfstra\u00dfe kam es zun\u00e4chst zu einem verbalen Disput mit zwei unbekannten M\u00e4nnern. Schlie\u00dflich kam es zu einem Gerangel, wodurch der junge Mann zu Boden ging und sich leicht verletzte. Die beiden Kontrahenten entkamen unerkannt. Einer der M\u00e4nner hatte einen Gipsarm.<\/p>\n\n\n\n<p>Gegen 00:51 Uhr kam es auf dem Festplatz zu einer gef\u00e4hrlichen K\u00f6rperverletzung, da ein Mann einem 32-j\u00e4hrigen aus Neustadt unvermittelt ein Schoppenglas auf den Kopf schlug. Der Neustadter wurde dabei am Kopf verletzt. Bei Eintreffen der Polizei war der Kontrahent nicht mehr vor Ort, konnte aber durch die eingesetzten Beamten ermittelt werden.<\/p>\n\n\n\n<p>Hinweise nimmt die Polizei Edenkoben unter Tel: 06323-9550 oder per Email&nbsp;<a href=\"mailto:piedenkoben@polzei.rlp.de\">piedenkoben@polzei.rlp.de<\/a>&nbsp;entgegen.<\/p>\n\n\n\n<h2 class=\"wp-block-heading\">(Edesheim) &#8211; Kontrollen auf dem Wirtschaftsweg<\/h2>\n\n\n\n<p>Am Freitag, 02.09.2022 wurde ab 14:45 Uhr f\u00fcr eine Stunde das Durchfahrtsverbot auf dem Wirtschaftsweg zwischen Edesheim und Edenkoben kontrolliert. Von 20 kontrollierten Fahrzeugen waren 6 Verkehrsteilnehmer nicht berechtigt auf dem Feldweg unterwegs und mussten sanktioniert werden.<\/p>\n\n\n\n<h2 class=\"wp-block-heading\">(Edesheim \/ Maikammer) &#8211; Betrunkene Fu\u00dfg\u00e4nger halten Polizei auf Trab<\/h2>\n\n\n<div class=\"wp-block-image\">\n<figure class=\"aligncenter size-full\"><img decoding=\"async\" loading=\"lazy\" width=\"640\" height=\"480\" src=\"https:\/\/speyer24news.com\/wp-content\/uploads\/2021\/04\/Alkohol.jpg\" alt=\"\" class=\"wp-image-35158\" srcset=\"https:\/\/speyer24news.com\/wp-content\/uploads\/2021\/04\/Alkohol.jpg 640w, https:\/\/speyer24news.com\/wp-content\/uploads\/2021\/04\/Alkohol-300x225.jpg 300w, https:\/\/speyer24news.com\/wp-content\/uploads\/2021\/04\/Alkohol-326x245.jpg 326w, https:\/\/speyer24news.com\/wp-content\/uploads\/2021\/04\/Alkohol-80x60.jpg 80w\" sizes=\"(max-width: 640px) 100vw, 640px\" \/><\/figure><\/div>\n\n\n<p>Gleich f\u00fcnfmal musste die Streife der Polizei Edenkoben in der Nacht von Samstag auf Sonntag ausr\u00fccken, um sich um f\u00fcnf betrunkene M\u00e4nner im Alter von 35 &#8211; 63 Jahren zu k\u00fcmmern. Zwei der M\u00e4nner fielen den Passanten in Maikammer auf, da diese den Anschein erweckten, zu stark betrunken zu sein, um alleine gelassen zu werden. Diese d\u00fcrften sich auf dem Heimweg des Klapprad-Cups befunden haben. Der gleiche Sachverhalt spielte sich noch drei weitere Male im Umkreis von Edesheim ab, wo man vermutlich auf dem Heimweg vom Weinfest war. Einer der M\u00e4nner war so stark alkoholisiert, dass er durch den Rettungsdienst ins Krankenhaus verbracht wurde. F\u00fcr alle weiteren wurden ein Heimtransport organisiert. Die Verantwortlichen werden in diesem Fall die Kosten f\u00fcr den polizeilichen Einsatz tragen m\u00fcssen.<\/p>\n\n\n\n<h2 class=\"wp-block-heading\">(Kirrweiler) &#8211; Geschwindigkeitskontrollen<\/h2>\n\n\n\n<p>Am Freitag, 02.09.2022 wurden ab 07:40 Uhr durch die Polizei Edenkoben Geschwindigkeitskontrollen in der Hauptstra\u00dfe in Kirrweiler durchgef\u00fchrt. In nur einer Stunde wurden 7 Tempos\u00fcnder sanktioniert, die schneller als die erlaubten 50 km\/h unterwegs waren. Der Spitzenreiter war mit einer Geschwindigkeit von 75 km\/h innerhalb der Ortschaft unterwegs. Ihn erwartet nun ein Bu\u00dfgeld in H\u00f6he von 115 EUR und ein Punkt in Flensburg.<\/p>\n\n\n\n<h2 class=\"wp-block-heading\">(Neustadt) &#8211; Auf dem Heimweg&#8230;<\/h2>\n\n\n\n<p>&#8230;befand sich ein 52-J\u00e4hriger Neustadter, als er am 04.09.2022 um 16:45 Uhr in der Talstra\u00dfe in 67433 Neustadt\/W. mit seinem E-Scooter einer anlassunabh\u00e4ngigen Verkehrskontrolle unterzogen wurde. Bei dem Mann konnten im Rahmen der \u00dcberpr\u00fcfung der Verkehrst\u00fcchtigkeit Auff\u00e4lligkeiten festgestellt werden, die auf einen zeitnahen Bet\u00e4ubungsmittelkonsum schlie\u00dfen lie\u00dfen. Ein vor Ort durchgef\u00fchrter Vortest reagierte schlie\u00dflich positiv auf Amfetamin und THC. Hiernach r\u00e4umte der 52-J\u00e4hrige den Drogenkonsum ein. Der Mann musste die Beamten zur Dienststelle begleiten, wo ihm eine Blutprobe entnommen wurde. Der E-Scooter wurde einem Bekannten \u00fcbergeben. Nun kommen auf den Fahrer des E-Scooters ein Straf-, sowie ein Ordnungswidrigkeitenverfahren zu. Zudem wird die zust\u00e4ndige F\u00fchrerscheinstelle \u00fcber den Sachverhalt informiert.<\/p>\n\n\n\n<h2 class=\"wp-block-heading\">(Neustadt) &#8211; PKW-Fahrer ger\u00e4t in den Gegenverkehr und fl\u00fcchtet<\/h2>\n\n\n<div class=\"wp-block-image\">\n<figure class=\"aligncenter size-full\"><img decoding=\"async\" loading=\"lazy\" width=\"801\" height=\"600\" src=\"https:\/\/speyer24news.com\/wp-content\/uploads\/2020\/05\/Zeugen-gesucht-Neutral.jpg\" alt=\"\" class=\"wp-image-26598\" srcset=\"https:\/\/speyer24news.com\/wp-content\/uploads\/2020\/05\/Zeugen-gesucht-Neutral.jpg 801w, https:\/\/speyer24news.com\/wp-content\/uploads\/2020\/05\/Zeugen-gesucht-Neutral-300x225.jpg 300w, https:\/\/speyer24news.com\/wp-content\/uploads\/2020\/05\/Zeugen-gesucht-Neutral-768x575.jpg 768w, https:\/\/speyer24news.com\/wp-content\/uploads\/2020\/05\/Zeugen-gesucht-Neutral-678x509.jpg 678w, https:\/\/speyer24news.com\/wp-content\/uploads\/2020\/05\/Zeugen-gesucht-Neutral-326x245.jpg 326w, https:\/\/speyer24news.com\/wp-content\/uploads\/2020\/05\/Zeugen-gesucht-Neutral-80x60.jpg 80w\" sizes=\"(max-width: 801px) 100vw, 801px\" \/><\/figure><\/div>\n\n\n<p>Am Samstag, den 03.09.2022 um ca. 18:40 Uhr, befuhren zwei PKW-F\u00fchrer hintereinander die B 38 zwischen der Mu\u00dfbacher Landstra\u00dfe und der Auffahrt zur Bundesautobahn 65. Kurz vor der Abfahrt Ha\u00dfloch kam ein bis dato unbekannter PKW-F\u00fchrer auf die Gegenfahrbahn und touchierte die beiden entgegenkommenden Fahrzeuge an deren Fahrerseite. Der Verursacher setzte seine Fahrt nach dem Verkehrsunfall ohne zu stoppen nach Neustadt fort. An den beiden Fahrzeugen entstand ein Gesamtschaden von ca. 5500 Euro. Zum Gl\u00fcck wurde bei dem Verkehrsunfall niemand verletzt. Es ist lediglich bekannt, dass der Verkehrsunfallfl\u00fcchtige einen grauen PKW gef\u00fchrt haben soll.<\/p>\n\n\n\n<p>Zeugen, welche sachdienliche Hinweise geben k\u00f6nnen, m\u00f6gen sich bitte bei der Polizeiinspektion Neustadt\/W. melden. Tel.: 06321 8540 \/ E-Mail:&nbsp;<a href=\"mailto:pineustadt@polizei.rlp.de\">pineustadt@polizei.rlp.de<\/a>&nbsp;Quirin, POK<\/p>\n\n\n\n<h2 class=\"wp-block-heading\">(Neustadt) &#8211; Autokorso bei Hochzeitsfeier sorgt f\u00fcr Aufsehen<\/h2>\n\n\n\n<p>Am 03.09.2022 um ca. 14:30 Uhr kam es in Neustadt im Rahmen einer Hochzeitsfeier zu einem Autokorso von mindestens 20-30 Fahrzeugen in der Gartenstra\u00dfe \/ Von-der-Tann-Stra\u00dfe. Aufgrund des Autokorsos kam der Verkehr in diesem Bereich f\u00fcr ca. 20 Minuten zum Erliegen. Teilnehmer des Autokorsos schossen mit einer Konfetti-Kanone und Schreckschusspistolen mehrere Salven in die Luft. An den Fahrzeugen waren wei\u00dfe Fahnen mit Eheringen darauf abgebildet angebracht. Mehrere Fahrzeuge und deren Insassen konnten einer polizeilichen Kontrolle unterzogen werden. Der Autokorso und die polizeilichen Ma\u00dfnahmen sorgten bei den Anwohnern f\u00fcr einiges Aufsehen. Die Polizei Neustadt ermittelt nun wegen N\u00f6tigung im Stra\u00dfenverkehr und Versto\u00df gegen das Waffengesetz.<\/p>\n\n\n\n<h2 class=\"wp-block-heading\">(Gr\u00fcnstadt) &#8211; Ohne F\u00fchrerschein PKW gef\u00fchrt<\/h2>\n\n\n\n<p>Am 03.09.2022, gegen 19:48 Uhr, sollte ein PKW in dem Kreuzerweg in Gr\u00fcnstadt einer Verkehrskontrolle unterzogen werden. Als der Fahrzeugf\u00fchrer den Streifenwagen hinter sich bemerkte, versuchte dieser sich der Verkehrskontrolle zu entziehen, indem er unvermittelt seine Fahrtrichtung \u00e4nderte und abbog. In der Philipp-R\u00fcttger-Stra\u00dfe stellte der Fahrzeugf\u00fchrer seinen PKW am rechten Fahrbahnrand ab und versuchte sich fu\u00dfl\u00e4ufig zu entfernen. Durch Polizeibeamte der Polizeiinspektion Gr\u00fcnstadt konnte der Fl\u00fcchtige eingeholt und einer Kontrolle unterzogen werden. Im Rahmen dieser stellte sich heraus, dass der 30-j\u00e4hrige Fahrzeugf\u00fchrer nicht im Besitz einer g\u00fcltigen Fahrerlaubnis ist. Daneben konnte in seinem Fahrzeug ein Schlagring und Bet\u00e4ubungsmittel aufgefunden werden. Des Weiteren verlief ein durchgef\u00fchrter Drogenschnelltest positiv auf THC, weshalb dem 30-j\u00e4hrigen Mann in dem Krankenhaus eine Blutprobe entnommen wurde. Entsprechende Strafverfahren gegen den 30-j\u00e4hrigen wurden eingeleitet.<\/p>\n\n\n\n<h2 class=\"wp-block-heading\">(Frankenthal) &#8211; Trunkenheit im Verkehr<\/h2>\n\n\n\n<p>In der Nacht vom 03.09.2022 auf den 04.09.2022 wird der Polizeiinspektion Frankenthal durch einen Zeugen gemeldet, dass dieser soeben einen starke Schlangenlinien fahrenden Fahrradfahrer in der Wormser Stra\u00dfe beobachtet habe. Der 40-j\u00e4hrige Radfahrer konnte angetroffen und einer Kontrolle unterzogen werden. Ein anschlie\u00dfend freiwillig durchgef\u00fchrter Atemalkoholtest ergab einen Wert von 1,71 Promille. Dem 40-J\u00e4hrigen wurde eine Blutprobe entnommen. Ihn erwartet nun ein Strafverfahren wegen Trunkenheit im Verkehr.<\/p>\n\n\n\n<h2 class=\"wp-block-heading\">(Frankenthal) &#8211; Verkehrsunfallflucht unter Alkoholeinfluss<\/h2>\n\n\n\n<p>In der Nacht vom 02.09.2022 auf den 03.09.2022 ereignete sich in der Wormser Stra\u00dfe in Frankenthal ein Verkehrsunfall. Zeugen meldeten einen Audi-Fahrer, welcher mit einem am Stra\u00dfenrand geparkten PKW kollidiert sei. Daraufhin parkte dieser sein Fahrzeug und entfernte sich zu Fu\u00df von der Unfall\u00f6rtlichkeit. Der 35-j\u00e4hrige Fahrer konnte jedoch im Nahbereich festgestellt und einer Kontrolle unterzogen werden. Ein freiwillig durchgef\u00fchrter Atemalkoholtest ergab einen Wert von 2,03 Promille. Dem 35-J\u00e4hrigen wurde eine Blutprobe entnommen, sein F\u00fchrerschein sichergestellt und ein Strafverfahren wegen Gef\u00e4hrdung des Stra\u00dfenverkehrs und Verkehrsunfallflucht eingeleitet.<\/p>\n\n\n\n<h2 class=\"wp-block-heading\">(Frankenthal) &#8211; Alkoholisiert mit E-Scooter unterwegs<a href=\"https:\/\/www.facebook.com\/sharer.php?u=https%3A%2F%2Fwww.presseportal.de%2Fblaulicht%2Fpm%2F117688%2F5312282%2F%3Futm_source%3Dfacebook%26utm_medium%3Dsocial\"><\/a><a href=\"https:\/\/twitter.com\/intent\/tweet?text=POL-PDLU%3A%20Alkoholisiert%20mit%20E-Scooter%20unterwegs&amp;url=https%3A%2F%2Fwww.presseportal.de%2Fblaulicht%2Fpm%2F117688%2F5312282%2F%3Futm_source%3Dtwitter%26utm_medium%3Dsocial&amp;hashtags=ots&amp;lang=de\"><\/a><a href=\"https:\/\/web.whatsapp.com\/send?text=POL-PDLU%3A%20Alkoholisiert%20mit%20E-Scooter%20unterwegs%0A%0Ahttps%3A%2F%2Fwww.presseportal.de%2Fblaulicht%2Fpm%2F117688%2F5312282%2F%3Futm_source%3Dwhatsapp%26utm_medium%3Dsocial\"><\/a><a href=\"https:\/\/www.xing.com\/app\/user?op=share;url=https%3A%2F%2Fwww.presseportal.de%2Fblaulicht%2Fpm%2F117688%2F5312282%2F%3Futm_source%3Dxing%26utm_medium%3Dsocial\"><\/a><a href=\"http:\/\/www.linkedin.com\/shareArticle?mini=true&amp;url=https%3A%2F%2Fwww.presseportal.de%2Fblaulicht%2Fpm%2F117688%2F5312282%2F%3Futm_source%3Dlinkedin%26utm_medium%3Dsocial&amp;title=POL-PDLU%3A+Alkoholisiert+mit+E-Scooter+unterwegs\"><\/a><a href=\"mailto:?subject=POL-PDLU%3A%20Alkoholisiert%20mit%20E-Scooter%20unterwegs&amp;body=https:\/\/www.presseportal.de\/blaulicht\/pm\/117688\/5312282\"><\/a><\/h2>\n\n\n\n<p>Am 02.09.2022, gegen 18:40 Uhr, wird durch einen Zeugen ein Mann gemeldet, der auf einem E-Scooter in der Eisenbahnstra\u00dfe Schlangenlinien fahre. An der dortigen Sparkasse w\u00fcrde dieser nun randalieren. Der 30-J\u00e4hrige konnte durch die eingetroffenen Polizeibeamten einer Kontrolle unterzogen werden. Hierbei wurde starker Atemalkoholgeruch wahrgenommen. Weiterhin konnte bei dem Mann eine geringe Menge Bet\u00e4ubungsmittel aufgefunden werden. Dem Beschuldigten wurde eine Blutprobe entnommen und ein Strafverfahren wegen Trunkenheit im Verkehr, sowie Versto\u00df gegen das Bet\u00e4ubungsmittelgesetz eingeleitet. Sachsch\u00e4den sind nicht entstanden.<\/p>\n\n\n\n<h2 class=\"wp-block-heading\">(Ludwigshafen) &#8211; Sachbesch\u00e4digungsserie an Kraftfahrzeugen<\/h2>\n\n\n\n<p>Am Samstagabend konnten gegen 22:00 Uhr mehrere, augenscheinlich vors\u00e4tzlich besch\u00e4digte Fahrzeuge in der Bgm.-Gr\u00fcnzweig-Stra\u00dfe festgestellt werden.<\/p>\n\n\n\n<p>Zeugen oder weitere Gesch\u00e4digte, welche Hinweise zu den Besch\u00e4digungen an den Fahrzeugen geben k\u00f6nnen, werden gebeten sich mit der Polizeiinspektion Ludwigshafen 2 unter der 0621\/9632222 in Verbindung zu setzen.<\/p>\n\n\n\n<h2 class=\"wp-block-heading\">(Ludwigshafen) &#8211; Verkehrsunfall mit zwei leichtverletzten Personen<\/h2>\n\n\n\n<p>Am Samstagabend gegen 19:30 Uhr, \u00fcbersah ein 50-j\u00e4hriger Fahrzeugf\u00fchrer in der Prinzregentenstra\u00dfe zwei Fu\u00dfg\u00e4nger und verletzte diese bei einem Rangiervorgang leicht.<\/p>\n\n\n\n<p>Bei den Fu\u00dfg\u00e4ngern handelte es sich um eine 32-j\u00e4hrige Frau mitsamt 2-j\u00e4hrigem Kind, welche sich w\u00e4hrend des Vorganges hinter dem Fahrzeug befunden haben sollen und ersten Ermittlungen zufolge durch den Fahrer \u00fcbersehen wurden.<\/p>\n\n\n\n<p>Es wurde untern anderem ein Strafverfahren wegen fahrl\u00e4ssiger K\u00f6rperverletzung eingeleitet.<\/p>\n\n\n\n<h2 class=\"wp-block-heading\">(Ludwigshafen) &#8211; Unfall mit Personenschaden<\/h2>\n\n\n\n<p>Am 02.09.2022 kam es kurz nach 23 Uhr zu einem Unfall in der Schulz-Riederich-Stra\u00dfe \/ Ecke Bauhausstra\u00dfe, nachdem zwei Pkw die jeweilige Stra\u00dfe an der Kreuzung geradeaus \u00fcberqueren wollten. Die jeweiligen Fahrzeugf\u00fchrer im Alter von 30 und 39 Jahren, sowie eine 27-j\u00e4hrige Mitfahrerin wurden leicht verletzt und mussten medizinisch versorgt werden. Zudem wurde ein weiteres geparktes Fahrzeug besch\u00e4digt.<\/p>\n\n\n\n<p>Aufgrund abweichender Unfallschilderungen der betroffenen Personen, wird letztendlich die Bu\u00dfgeldstelle \u00fcber weitere Ma\u00dfnahmen entscheiden. Beide Fahrzeuge wurden abgeschleppt.<\/p>\n\n\n\n<p>Zeugen des Unfallgeschehens wenden sich bitte unter der Rufnummer 0621-963 2222 an die Polizeidienststelle Ludwigshafen 2.<\/p>\n\n\n\n<h2 class=\"wp-block-heading\">(Ludwigshafen) &#8211; Trunkenheitsfahrt mit gescheitertem Fluchtversuch<\/h2>\n\n\n\n<p>Im Rahmen einer allgemeinen Streifenfahrt, wurde am Abend des 02.09.2022 gegen 22 Uhr ein Fahrzeug mit aufheulendem Motor und \u00fcberh\u00f6hter Geschwindigkeit im Bereich der Valentin-Bauer-Siedlung festgestellt. Als die 35-j\u00e4hrige Fahrzeugf\u00fchrerin einer Verkehrskontrolle unterzogen werden sollte, parkte diese das Auto in der Burgundenstra\u00dfe, \u00f6ffnete die Fahrert\u00fcr und rannte davon. Hierbei forderte sie noch ihre 22-j\u00e4hrige Beifahrerin rufend dazu auf, dass diese ebenfalls fl\u00fcchten sollte. Die Fahrerin konnte jedoch bereits nach kurzer Strecke eingeholt werden. Zutr\u00e4glich hierf\u00fcr war sicherlich auch der Alkoholisierungsgrad der Frau. Ein Atemalkoholtest ergab einen Wert von 2,2 Promille. Es folgte eine Blutprobe und eine Anzeige aufgrund Trunkenheit im Verkehr.<\/p>\n\n\n\n<h2 class=\"wp-block-heading\">(Mannheim) &#8211; Mann auf dem Nachhauseweg ausgeraubt<a href=\"https:\/\/www.facebook.com\/sharer.php?u=https%3A%2F%2Fwww.presseportal.de%2Fblaulicht%2Fpm%2F14915%2F5312390%2F%3Futm_source%3Dfacebook%26utm_medium%3Dsocial\"><\/a><a href=\"https:\/\/twitter.com\/intent\/tweet?text=POL-MA%3A%20Mannheim%20-%20Mann%20auf%20dem%20Nachhauseweg%20ausgeraubt&amp;url=https%3A%2F%2Fwww.presseportal.de%2Fblaulicht%2Fpm%2F14915%2F5312390%2F%3Futm_source%3Dtwitter%26utm_medium%3Dsocial&amp;hashtags=ots&amp;lang=de\"><\/a><a href=\"https:\/\/web.whatsapp.com\/send?text=POL-MA%3A%20Mannheim%20-%20Mann%20auf%20dem%20Nachhauseweg%20ausgeraubt%0A%0Ahttps%3A%2F%2Fwww.presseportal.de%2Fblaulicht%2Fpm%2F14915%2F5312390%2F%3Futm_source%3Dwhatsapp%26utm_medium%3Dsocial\"><\/a><a href=\"https:\/\/www.xing.com\/app\/user?op=share;url=https%3A%2F%2Fwww.presseportal.de%2Fblaulicht%2Fpm%2F14915%2F5312390%2F%3Futm_source%3Dxing%26utm_medium%3Dsocial\"><\/a><a href=\"http:\/\/www.linkedin.com\/shareArticle?mini=true&amp;url=https%3A%2F%2Fwww.presseportal.de%2Fblaulicht%2Fpm%2F14915%2F5312390%2F%3Futm_source%3Dlinkedin%26utm_medium%3Dsocial&amp;title=POL-MA%3A+Mannheim+-+Mann+auf+dem+Nachhauseweg+ausgeraubt\"><\/a><a href=\"mailto:?subject=POL-MA%3A%20Mannheim%20-%20Mann%20auf%20dem%20Nachhauseweg%20ausgeraubt&amp;body=https:\/\/www.presseportal.de\/blaulicht\/pm\/14915\/5312390\"><\/a><\/h2>\n\n\n\n<p>Opfer eines Raubes wurde ein 52-J\u00e4hriger, der am fr\u00fchen Samstagmorgen gegen 10.00 Uhr auf dem Heimweg aus einer Discothek in den Mannheimer U-Quadraten zun\u00e4chst von zwei M\u00e4nnern nach einer Zigarette gefragt wurde. Im weiteren Verlauf wurde er von diesen zu Boden gesto\u00dfen und seines Bargelds beraubt. Danach fl\u00fcchteten die T\u00e4ter in unbekannte Richtung. Der Gesch\u00e4digte wurde bei dem Vorfall leicht verletzt. Die Fahndungsma\u00dfnahmen verliefen ergebnislos. Das Kriminalkommissariat Mannheim hat die Ermittlungen aufgenommen.<\/p>\n\n\n\n<h2 class=\"wp-block-heading\">(Mannheim-K\u00e4fertal) &#8211; Diebstahl von zwei E-Bikes nach Kelleraufbruch<\/h2>\n\n\n\n<p>In der Nacht von Donnerstag auf Freitag drangen unbekannte T\u00e4ter gewaltsam in einen Keller im Ida-Dehmel-Ring in Mannheim ein und entwendeten hier zwei E-Bikes. Der Wert der Fahrr\u00e4der wird auf ca. 8.000 Euro beziffert, weiterhin entstand Sachschaden an der Kellert\u00fcr. Zeugen, die beobachten konnten, wie verd\u00e4chtige Personen mit entsprechenden Fahrr\u00e4dern hantierten, werden gebeten, sich mit dem Polizeirevier Mannheim-K\u00e4fertal (0621 71849-0) in Verbindung zu setzen.<\/p>\n\n\n\n<h2 class=\"wp-block-heading\">(Heidelberg) &#8211; Im Baumarkt eingeschlossen<\/h2>\n\n\n<div class=\"wp-block-image\">\n<figure class=\"aligncenter size-full\"><img decoding=\"async\" loading=\"lazy\" width=\"600\" height=\"600\" src=\"https:\/\/speyer24news.com\/wp-content\/uploads\/2021\/02\/question-2309042_1920.jpg\" alt=\"\" class=\"wp-image-33695\" srcset=\"https:\/\/speyer24news.com\/wp-content\/uploads\/2021\/02\/question-2309042_1920.jpg 600w, https:\/\/speyer24news.com\/wp-content\/uploads\/2021\/02\/question-2309042_1920-150x150.jpg 150w, https:\/\/speyer24news.com\/wp-content\/uploads\/2021\/02\/question-2309042_1920-300x300.jpg 300w\" sizes=\"(max-width: 600px) 100vw, 600px\" \/><\/figure><\/div>\n\n\n<p>Am Freitagabend gegen 20:30 Uhr gingen bei der Polizei mehrere Einbruchsalarme eines Baumarktes in Heidelberg ein. Die Streifenbeamten konnten vor Ort von au\u00dfen keinerlei Hinweise auf einen Einbruch feststellen. Fast zeitgleich meldete sich ein Mann \u00fcber Notruf bei der Polizei und bat um Hilfe. Der 62-j\u00e4hrige habe beim Einkaufsbummel im Baumarkt die Zeit vergessen und die Schlie\u00dfung nicht mitbekommen. Er habe schon nach einem Ausweg aus dem Markt gesucht. Dieser Versuch den Baumarkt wieder zu verlassen l\u00f6ste dann offenbar mehrere Bewegungsmelder aus, welche den Alarm bet\u00e4tigten. Der Mann durfte nach einer \u00dcberpr\u00fcfung des Baumarktes und seiner Angaben, dann endlich seinen Heimweg antreten.<\/p>\n\n\n\n<h2 class=\"wp-block-heading\">(Heidelberg-Altstadt) &#8211; Drei gegen einen in Heidelberg \/ Zeugen gesucht<\/h2>\n\n\n\n<p>In der Nacht von Freitag auf Samstag kam es gegen 00:30 Uhr zu einer k\u00f6rperlichen Auseinandersetzung in einer Gastst\u00e4tte in der Unteren Stra\u00dfe in Heidelberg. Drei bislang unbekannte M\u00e4nner schlugen hier im Sanit\u00e4rbereich gemeinsam auf einen 31-j\u00e4hrigen Besucher der Gastst\u00e4tte ein, welcher hierdurch Verletzungen am Kopf und an der Hand erlitt. Scheinbar hatten die T\u00e4ter ihrem Opfer zuvor gezielt aufgelauert, als dieses sich alleine im Bereich der Toiletten aufhielt. Zu den T\u00e4tern ist bislang nichts bekannt, Zeugen der Tat werden gebeten, sich beim Polizeirevier Heidelberg-Mitte (0621 174-1700) zu melden.<\/p>\n\n\n\n<h2 class=\"wp-block-heading\">(Heidelberg-Bahnstadt) &#8211; Beim Abbiegen mit Stra\u00dfenbahn kollidiert<\/h2>\n\n\n\n<p>Rund 13.500 Euro Sachschaden, aber gl\u00fccklicherweise keine Verletzten sind die Bilanz eines Zusammensto\u00dfes zwischen einem Pkw und einer Stra\u00dfenbahn am Freitagnachmittag in der Gr\u00fcnen Meile in Heidelberg. Als ein 57-j\u00e4hrige Ford-Fahrer dort auf H\u00f6he der Jensenstra\u00dfe verbotswidrig links abbiegen wollte, stie\u00df er gegen die entgegenkommende Stra\u00dfenbahn. Beide Unfallbeteiligten standen unter Schock, der Unfallverursacher wurde deshalb vorsorglich in ein Krankenhaus gebracht.<\/p>\n\n\n\n<h2 class=\"wp-block-heading\">(Ilvesheim \/ Rhein-Neckar-Kreis) &#8211; Schl\u00e4gerei unter Jugendlichen<\/h2>\n\n\n<div class=\"wp-block-image\">\n<figure class=\"aligncenter size-full\"><img decoding=\"async\" loading=\"lazy\" width=\"800\" height=\"533\" src=\"https:\/\/speyer24news.com\/wp-content\/uploads\/2021\/11\/Schlaegerei.jpg\" alt=\"\" class=\"wp-image-42366\" srcset=\"https:\/\/speyer24news.com\/wp-content\/uploads\/2021\/11\/Schlaegerei.jpg 800w, https:\/\/speyer24news.com\/wp-content\/uploads\/2021\/11\/Schlaegerei-300x200.jpg 300w, https:\/\/speyer24news.com\/wp-content\/uploads\/2021\/11\/Schlaegerei-768x512.jpg 768w\" sizes=\"(max-width: 800px) 100vw, 800px\" \/><figcaption>Beispielbild Schl\u00e4gerei \/ K\u00f6rperverletzung, dient lediglich der Visualisierung<\/figcaption><\/figure><\/div>\n\n\n<p>Am Freitagabend gegen 22:00 Uhr kam es im Bereich des Spielplatzes &#8222;alla hopp!-Anlage&#8220; in Ilvesheim zu einer Schl\u00e4gerei unter zwei Jugendgruppen. Ursprung der Streitigkeiten soll die Frage nach einer Zigarette gewesen sein. Eine daraus resultierende Diskussion eskalierte wohl derart, dass mindestens vier unbekannte Jugendliche auf mindestens vier Gesch\u00e4digte einschlugen und eintraten. Einer der Gesch\u00e4digten musste zur n\u00e4heren Untersuchung in ein Krankenhaus eingeliefert werden. N\u00e4here Details zum Sachverhalt sind durch das Polizeirevier Ladenburg (06203 9305-0) zu ermitteln, welches sachdienliche Hinweise dankbar entgegennimmt.<\/p>\n\n\n\n<h2 class=\"wp-block-heading\">(Sinsheim \/ Rhein-Neckar-Kreis) &#8211; Altes Fachwerkhaus durch Unfall besch\u00e4digt, Hoher Sachschaden<\/h2>\n\n\n\n<p>Am Freitag gegen 12:21 Uhr ereignete sich in Sinsheim in der Jahnstra\u00dfe ein folgenreicher Unfall. Der 23-j\u00e4hrige Fahrer eines BMW X1 wollte von der Steinbergstra\u00dfe nach links in die Jahnstra\u00dfe einbiegen. Aufgrund regennasser Fahrbahn und vermutlich nicht angepasster Geschwindigkeit, geriet sein Fahrzeug ins Schleudern und prallte mit der Front gegen das Geb\u00e4ude der Eisenbahnfreunde Kraichgau. Der Fahrer wurde gl\u00fccklicherweise nur leicht verletzt und konnte nach einer ambulanten Behandlung das Krankenhaus wieder verlassen. Der entstandene Schaden am alten Fachwerkhaus kann bislang nicht beziffert werden. Erste Sch\u00e4tzungen gehen von einem hohen f\u00fcnfstelligen Betrag aus. Aus Sicherheitsgr\u00fcnden mussten Teile des Geb\u00e4lks durch das THW notd\u00fcrftig abgest\u00fctzt und gesichert werden. Die Jahnstra\u00dfe war hierzu einseitig f\u00fcr ca. vier Stunden gesperrt. Bis zur endg\u00fcltigen Reparatur bzw. Sicherung des Geb\u00e4udes bleibt der Gehweg in diesem Bereich ebenfalls gesperrt.<\/p>\n\n\n\n<h2 class=\"wp-block-heading\">(B 37 \/ Eberbach \/ Rhein-Neckar-Kreis) &#8211; B37 nach Verkehrsunfall gesperrt, Rettungskr\u00e4fte im Einsatz<a href=\"https:\/\/www.facebook.com\/sharer.php?u=https%3A%2F%2Fwww.presseportal.de%2Fblaulicht%2Fpm%2F14915%2F5312714%2F%3Futm_source%3Dfacebook%26utm_medium%3Dsocial\"><\/a><a href=\"https:\/\/twitter.com\/intent\/tweet?text=POL-MA%3A%20Eberbach%2C%20B37%20nach%20Verkehrsunfall%20gesperrt%2C%20Rettungskr%C3%A4fte%20im%20Einsatz%20PM%201&amp;url=https%3A%2F%2Fwww.presseportal.de%2Fblaulicht%2Fpm%2F14915%2F5312714%2F%3Futm_source%3Dtwitter%26utm_medium%3Dsocial&amp;hashtags=ots&amp;lang=de\"><\/a><a href=\"https:\/\/web.whatsapp.com\/send?text=POL-MA%3A%20Eberbach%2C%20B37%20nach%20Verkehrsunfall%20gesperrt%2C%20Rettungskr%C3%A4fte%20im%20Einsatz%20PM%201%0A%0Ahttps%3A%2F%2Fwww.presseportal.de%2Fblaulicht%2Fpm%2F14915%2F5312714%2F%3Futm_source%3Dwhatsapp%26utm_medium%3Dsocial\"><\/a><a href=\"https:\/\/www.xing.com\/app\/user?op=share;url=https%3A%2F%2Fwww.presseportal.de%2Fblaulicht%2Fpm%2F14915%2F5312714%2F%3Futm_source%3Dxing%26utm_medium%3Dsocial\"><\/a><a href=\"http:\/\/www.linkedin.com\/shareArticle?mini=true&amp;url=https%3A%2F%2Fwww.presseportal.de%2Fblaulicht%2Fpm%2F14915%2F5312714%2F%3Futm_source%3Dlinkedin%26utm_medium%3Dsocial&amp;title=POL-MA%3A+Eberbach%2C+B37+nach+Verkehrsunfall+gesperrt%2C+Rettungskr%C3%A4fte+im+Einsatz+PM+1\"><\/a><a href=\"mailto:?subject=POL-MA%3A%20Eberbach%2C%20B37%20nach%20Verkehrsunfall%20gesperrt%2C%20Rettungskr%C3%A4fte%20im%20Einsatz%20PM%201&amp;body=https:\/\/www.presseportal.de\/blaulicht\/pm\/14915\/5312714\"><\/a><\/h2>\n\n\n\n<p>Nach einem Verkehrsunfall am Samstag auf der B37 von Eberbach in Richtung Mosbach, ist die Bundesstra\u00dfe kurz nach dem Ortsausgang Eberbach gesperrt. Rettungskr\u00e4fte sind vor Ort im Einsatz. Es wird nachberichtet.<\/p>\n\n\n\n<h3 class=\"has-text-align-center wp-block-heading\">B37 nach Verkehrsunfall wieder frei, Pressemeldung 2<\/h3>\n\n\n\n<p>Nach einem Verkehrsunfall kurz nach 16:20 Uhr auf der B37 von Eberbach in Richtung Mosbach, war die Bundesstra\u00dfe kurz nach dem Ortsausgang Eberbach kurzzeitig gesperrt. Die alleinbeteiligte Motorradfahrerin kam ohne Fremdbeteiligung von der Fahrbahn ab, streifte eine neben der Fahrbahn befindliche Wand und kam aufgrund dessen zu Fall. Hierbei wurde die Dame verletzt und mit dem eingetroffenen Rettungshubschrauber in eine Krankenhaus geflogen. Lebensgefahr besteht nicht. Zur Zeit l\u00e4uft die Unfallaufnahme und die Unfallstelle muss aufgrund von ausgelaufenem \u00d6l noch durch eine Spezialfirma gereinigt werden.<\/p>\n\n\n\n<h2 class=\"wp-block-heading\">(Hemsbach \/ Rhein-Neckar-Kreis) &#8211; Betrunkener verursacht Unfall und fl\u00fcchtet von der Unfallstelle<\/h2>\n\n\n\n<p>Deutlich zu tief ins Glas geschaut hatte der 55-j\u00e4hrige Fahrer eines Opel Zafira, der am Samstagabend gegen 21.00 Uhr auf dem Parkplatz eines Lebensmittelmarktes in der Bray-sur-Seine-Stra\u00dfe gegen einen Laternenmast fuhr, diesen besch\u00e4digte und sich im Anschluss unerlaubt von der Unfallstelle entfernte. Da eine Zeugin den Vorfall beobachtete, konnten die Beamten den Verursacher unweit der Unfallstelle in seinem stark besch\u00e4digten Fahrzeug fahrend feststellen. Bei der anschlie\u00dfenden Verkehrskontrolle kam der Mann bei einem freiwilligen Atemalkoholtest auf einen Wert von knapp 2 Promille. Er musste auf dem Polizeirevier Weinheim zuerst eine Blutprobe und dann seinen F\u00fchrerschein abgeben und sieht nun einer Anzeige entgegen.<\/p>\n","protected":false},"excerpt":{"rendered":"<div class=\"mh-excerpt\"><p>Polizeimeldungen von Samstag &amp; Sonntag (03.09. &#8211; 04.09.2022) (Speyer) &#8211; Randalierende Person Am 03.09.2022 gegen 20:00 Uhr wurde der Polizei Speyer ein 37-j\u00e4hriger Mann gemeldet, welcher in der Bebelstra\u00dfe in Speyer randalieren w\u00fcrde. An der <a class=\"mh-excerpt-more\" href=\"https:\/\/speyer24news.com\/?p=48849\" title=\"Polizeimeldungen Wochenende (03.09 &#038; 04.09.2022)\">[&#8230;]<\/a><\/p>\n<\/div>","protected":false},"author":3,"featured_media":26162,"comment_status":"open","ping_status":"open","sticky":false,"template":"","format":"standard","meta":{"_monsterinsights_skip_tracking":false,"_monsterinsights_sitenote_active":false,"_monsterinsights_sitenote_note":"","_monsterinsights_sitenote_category":0,"footnotes":""},"categories":[12],"tags":[7243,7244,3614,350,14537,15084,15267,14538,702,61,2555,6955,6986,6263,63,105,11150,6987,53,4854,13534,4683,1548,4905,11592,102,13626,213,14325,14324,13553,13541,55,8277,6368,5261,103,106,2803,2423,427,2625,380,62,104,979,1565],"aioseo_notices":[],"amp_enabled":true,"_links":{"self":[{"href":"https:\/\/speyer24news.com\/index.php?rest_route=\/wp\/v2\/posts\/48849"}],"collection":[{"href":"https:\/\/speyer24news.com\/index.php?rest_route=\/wp\/v2\/posts"}],"about":[{"href":"https:\/\/speyer24news.com\/index.php?rest_route=\/wp\/v2\/types\/post"}],"author":[{"embeddable":true,"href":"https:\/\/speyer24news.com\/index.php?rest_route=\/wp\/v2\/users\/3"}],"replies":[{"embeddable":true,"href":"https:\/\/speyer24news.com\/index.php?rest_route=%2Fwp%2Fv2%2Fcomments&post=48849"}],"version-history":[{"count":2,"href":"https:\/\/speyer24news.com\/index.php?rest_route=\/wp\/v2\/posts\/48849\/revisions"}],"predecessor-version":[{"id":48853,"href":"https:\/\/speyer24news.com\/index.php?rest_route=\/wp\/v2\/posts\/48849\/revisions\/48853"}],"wp:featuredmedia":[{"embeddable":true,"href":"https:\/\/speyer24news.com\/index.php?rest_route=\/wp\/v2\/media\/26162"}],"wp:attachment":[{"href":"https:\/\/speyer24news.com\/index.php?rest_route=%2Fwp%2Fv2%2Fmedia&parent=48849"}],"wp:term":[{"taxonomy":"category","embeddable":true,"href":"https:\/\/speyer24news.com\/index.php?rest_route=%2Fwp%2Fv2%2Fcategories&post=48849"},{"taxonomy":"post_tag","embeddable":true,"href":"https:\/\/speyer24news.com\/index.php?rest_route=%2Fwp%2Fv2%2Ftags&post=48849"}],"curies":[{"name":"wp","href":"https:\/\/api.w.org\/{rel}","templated":true}]}}