{"id":50023,"date":"2022-10-29T13:29:32","date_gmt":"2022-10-29T12:29:32","guid":{"rendered":"https:\/\/speyer24news.com\/?p=50023"},"modified":"2022-10-29T13:29:33","modified_gmt":"2022-10-29T12:29:33","slug":"polizeimeldungen-freitag-28-10-2022","status":"publish","type":"post","link":"https:\/\/speyer24news.com\/?p=50023","title":{"rendered":"Polizeimeldungen Freitag (28.10.2022)"},"content":{"rendered":"<style type=\"text\/css\">\r\n\t.ads_top_disp{}\r\n\t.ads_top_corner_disp{ float:left; margin:0px 10px 10px 0px; }\r\n\t.ads_first_p_disp{}\r\n\t.ads_bottom_disp{}\r\n\t<\/style>\n<h2 class=\"wp-block-heading\">Polizeimeldungen vom Freitag (28.10.2022)<\/h2>\n\n\n<div class=\"wp-block-image\">\n<figure class=\"aligncenter size-full\"><img decoding=\"async\" loading=\"lazy\" width=\"375\" height=\"500\" src=\"https:\/\/speyer24news.com\/wp-content\/uploads\/2022\/03\/Aktuelles-Polizeilogo.jpg\" alt=\"\" class=\"wp-image-43591\" srcset=\"https:\/\/speyer24news.com\/wp-content\/uploads\/2022\/03\/Aktuelles-Polizeilogo.jpg 375w, https:\/\/speyer24news.com\/wp-content\/uploads\/2022\/03\/Aktuelles-Polizeilogo-225x300.jpg 225w\" sizes=\"(max-width: 375px) 100vw, 375px\" \/><\/figure><\/div>\n\n\n<h2 class=\"wp-block-heading\">(Speyer) &#8211; Gut gesicherte Kinder bleiben bei Auffahrunfall unverletzt<\/h2>\n\n\n\n<p>Am 27.10.2022 gegen 17:20 Uhr befuhr eine 30-J\u00e4hrige mit ihrem PKW die Landwehrstra\u00dfe in Richtung Iggelheimer Stra\u00dfe und musste vor Erreichen der Kreuzung zur Brunckstra\u00dfe verkehrsbedingt bremsen. Hinter ihr fuhr eine 21-J\u00e4hrige mit ihrem PKW, die das Bremsman\u00f6ver nicht rechtzeitig bemerkte und auf das Fahrzeugheck der 30-J\u00e4hrigen auffuhr. Hierbei erlitt die 30-J\u00e4hrige Schmerzen am unteren R\u00fccken. Die drei Kinder der 30-J\u00e4hrigen sa\u00dfen ebenfalls im Fahrzeug und waren vorschriftsm\u00e4\u00dfig mit Kindersitzen gesichert. Sie blieben gl\u00fccklicherweise unverletzt. Die Fahrzeugfront der 21-J\u00e4hrigen wurde nicht unerheblich deformiert. Das Fahrzeug der 30-J\u00e4hrigen blieb augenscheinlich unbesch\u00e4digt, da dessen Anh\u00e4ngerkupplung den Aufprall abfing. Der Gesamtschaden liegt bei ca. 1500 Euro.<\/p>\n\n\n\n<h2 class=\"wp-block-heading\">(Schifferstadt) &#8211; Kunststoffkuh wird in Weiher geworfen<\/h2>\n\n\n<div class=\"wp-block-image\">\n<figure class=\"aligncenter size-full\"><img decoding=\"async\" loading=\"lazy\" width=\"800\" height=\"622\" src=\"https:\/\/speyer24news.com\/wp-content\/uploads\/2022\/10\/Bild.jpg\" alt=\"\" class=\"wp-image-50024\" srcset=\"https:\/\/speyer24news.com\/wp-content\/uploads\/2022\/10\/Bild.jpg 800w, https:\/\/speyer24news.com\/wp-content\/uploads\/2022\/10\/Bild-300x233.jpg 300w, https:\/\/speyer24news.com\/wp-content\/uploads\/2022\/10\/Bild-768x597.jpg 768w\" sizes=\"(max-width: 800px) 100vw, 800px\" \/><figcaption>Kuh im See<\/figcaption><\/figure><\/div>\n\n\n<p>In der Nacht vom 26.10.2022 auf den 27.10.2022 haben bislang unbekannte T\u00e4ter eine Kunststoffkuh aus einem Vorgarten eines Anwesens Am Bahnweiher entnommen und in den nahegelegenen Bahnweiher geworfen. Ein Horn der Kuh wurde durch die T\u00e4ter abgebrochen und im Vorgarten zur\u00fcckgelassen. Der Sachschaden betr\u00e4gt etwa 300 Euro, ein Ermittlungsverfahren wegen Sachbesch\u00e4digung wurde eingeleitet. Zeugen, die Angaben zu dem Tatgeschehen oder T\u00e4tern machen k\u00f6nnen, werden gebeten, sich mit der Polizeiinspektion Schifferstadt unter 06235 495-0 oder per Mail <a href=\"mailto:pischifferstadt@polizei.rlp.de\">pischifferstadt@polizei.rlp.de<\/a> in Verbindung zu setzen.<\/p>\n\n\n\n<h2 class=\"wp-block-heading\">(Limburgerhof) &#8211; Beleidigung Vollzugsbeamte<\/h2>\n\n\n\n<p>Am 25.10.2022, gegen 20:15 Uhr, f\u00fchrten Vollzugsbeamte der Gemeinde Limburgerhof eine Personenkontrolle von zwei 18-J\u00e4hrigen auf dem Schulhof der Rudolf-Wihr-Schule durch. Einer der beiden beleidigte w\u00e4hrend der Kontrolle die Bediensteten. Ein Ermittlungsverfahren wegen Beleidigung wurde eingeleitet.<\/p>\n\n\n\n<h2 class=\"wp-block-heading\">(Dannstadt-Schauernheim) &#8211; Erfolgreicher Trickbetrug am Telefon<\/h2>\n\n\n<div class=\"wp-block-image\">\n<figure class=\"aligncenter size-full\"><img decoding=\"async\" loading=\"lazy\" width=\"800\" height=\"588\" src=\"https:\/\/speyer24news.com\/wp-content\/uploads\/2021\/01\/Telefonbetrug.jpg\" alt=\"\" class=\"wp-image-32080\" srcset=\"https:\/\/speyer24news.com\/wp-content\/uploads\/2021\/01\/Telefonbetrug.jpg 800w, https:\/\/speyer24news.com\/wp-content\/uploads\/2021\/01\/Telefonbetrug-300x221.jpg 300w, https:\/\/speyer24news.com\/wp-content\/uploads\/2021\/01\/Telefonbetrug-768x564.jpg 768w, https:\/\/speyer24news.com\/wp-content\/uploads\/2021\/01\/Telefonbetrug-80x60.jpg 80w\" sizes=\"(max-width: 800px) 100vw, 800px\" \/><figcaption>Symbolbild Telefonbetrug<\/figcaption><\/figure><\/div>\n\n\n<p>Am Donnerstagnachmittag erhielt ein 80-J\u00e4hriger einen Anruf einer angeblichen Krankenhausmitarbeiterin des Klinikums Mannheim. Laut der Dame liege der Sohn des 80-J\u00e4hrigen aufgrund einer Corona-Infektion auf der Intensivstation im Sterben. Um das Leben seines Sohnes zu retten, m\u00fcsse aus der Schweiz ein Medikament f\u00fcr einen mittleren vierstelligen Betrag eingeflogen werden. Zwischendurch wurde der 80-J\u00e4hrige an einen angeblichen Professor des Krankenhauses weitergeleitet, welcher die Dringlichkeit der Behandlung best\u00e4tigte. Der Pilot, welcher das Medikament aus der Schweiz einfliegt, w\u00fcrde in Dannstadt zwischenlanden. <\/p>\n\n\n\n<p>Der 80-J\u00e4hrige \u00fcbergab gegen 16:30 Uhr in der Brucknerstra\u00dfe einem m\u00e4nnlichen Abholer<\/p>\n\n\n\n<ul><li><strong>ca. 1,75m gro\u00df<\/strong><\/li><li><strong>schlanke Statur<\/strong><\/li><li><strong>40-50 Jahre alt<\/strong><\/li><li><strong>trug eine schwarze Maske, eine schwarze Lederjacke, dunkle Schuhe und eine dunkle Hose<\/strong><\/li><\/ul>\n\n\n\n<p>einen mittleren vierstelligen Betrag. W\u00e4hrend der gesamten Zeit wurde der 80-J\u00e4hrige durch die Betr\u00fcger am Telefon gehalten, sodass dieser keine weiteren Personen informieren kann, dies ist ein g\u00e4ngiges Vorgehen der T\u00e4ter. Zeugen, die Angaben zu dem Geldabholer machen k\u00f6nnen, werden gebeten, sich mit der Polizeiinspektion Schifferstadt unter 06235 495-0 oder per Mail <a href=\"mailto:pischifferstadt@polizei.rlp.de\">pischifferstadt@polizei.rlp.de<\/a> in Verbindung zu setzen. Die Polizei r\u00e4t: &#8211; \u00dcbergeben Sie kein Geld an Unbekannte! &#8211; F\u00fcr Behandlungen m\u00fcssen Sie nicht im Voraus bezahlen! &#8211; Rufen Sie in solchen F\u00e4llen selbst im Krankenhaus an. W\u00e4hlen Sie die Nummer selbst und lassen sich nicht durch die Betr\u00fcger verbinden.<\/p>\n\n\n\n<h2 class=\"wp-block-heading\">(Hanhofen) &#8211; Zwei wenig allt\u00e4gliche Verkehrsunf\u00e4lle am Donnerstag<\/h2>\n\n\n\n<p>Am 27.10.2022 kurz vor 15 Uhr befuhr eine 42-J\u00e4hrige mit ihrem PKW die B39 in Fahrtrichtung Neustadt, als ein Gespann aus Pickup und Anh\u00e4nger auf gerader Strecke zwischen Peterhof und Aum\u00fchle die Fahrbahn querte und von einem Feldweg in den gegen\u00fcberliegenden Feldweg einfuhr. Die 42-J\u00e4hrige konnte den Zusammensto\u00df nicht mehr rechtzeitig vermeiden und kollidierte frontal mit dem Anh\u00e4nger des 66-j\u00e4hrigen Pickup-Fahrers. Infolge des Aufpralls verletzten sich die 42-J\u00e4hrige sowie ihre beiden 8- und 10-j\u00e4hrigen Kinder leicht, indem sie ein Schleudertrauma sowie Prellungen erlitten. Der hinzugerufene Rettungsdienst verbrachte die drei Insassen in ein Krankenhaus. Der 66-J\u00e4hrige blieb unverletzt. Au\u00dferdem entstand ein Gesamtschaden in H\u00f6he von ca. 6.000 Euro. Der PKW der 42-J\u00e4hrigen war nicht mehr fahrbereit und musste abgeschleppt werden. Die Unfallstelle liegt nicht innerhalb eines Baustellenbereiches.<\/p>\n\n\n\n<p>Gegen 21 Uhr befuhr ein 35-J\u00e4hriger mit seinem Kleinwagen die Stra\u00dfe An den Gewerbewiesen in Hanhofen und wich einer Katze aus, die von links auf die Fahrbahn lief. Der Fahrer erschrak und kam nach rechts von der Fahrbahn ab, wo sein PKW mit einem Zaunpfeiler kollidierte. Hierdurch wurde die Fahrzeugfront eingedr\u00fcckt und die Achse brach. Durch die Wucht des Aufpralls l\u00f6sten die Airbags aus. Der Fahrer konnte PKW selbstst\u00e4ndig verlassen und machte keine Verletzungen geltend. Sein PKW war nicht mehr fahrbereit und wurde abgeschleppt. Der Gesamtschaden liegt bei ca. 4.000 Euro.<\/p>\n\n\n\n<h2 class=\"wp-block-heading\">(B 9 \/ Lingenfeld) &#8211; Steinewerfer an der B9<\/h2>\n\n\n\n<p>Am Donnerstagmittag, den 27.10.22 gegen 14:50 Uhr befuhr eine 18-j\u00e4hige Verkehrsteilnehmerin aus dem Rhein-Pfalz-Kreis die B9 in Fahrtrichtung Speyer. Als sich die Fahrerin mit ihrem Fahrzeug in H\u00f6he der AS Lingenfeld-S\u00fcd befand, vernahm sie zun\u00e4chst ein lautes Knallger\u00e4usch, woraufhin in der Windschutzscheibe ein Riss entstand. Auf der naheliegenden Br\u00fccke konnte die Fahrerin drei Kinder feststellen. Die Kinder konnten durch die eingesetzten Beamten jedoch nicht mehr angetroffen werden. Ob die Windschutzscheibe infolge eines Steinwurfs durch die Kinder besch\u00e4digt wurde, ist derzeit Gegenstand der Ermittlungen.<\/p>\n\n\n\n<p>Zeugen, die Hinweise zu der Tat oder den Kindern geben k\u00f6nnen, werden gebeten sich unter Tel: 07274 9580 oder per Mail unter <a href=\"mailto:pigermersheim@polizei.rlp.de\">pigermersheim@polizei.rlp.de<\/a> zu melden.<\/p>\n\n\n\n<h2 class=\"wp-block-heading\">(Bellheim) &#8211; Ohne Fahrerlaubnis, jedoch vermutlich berauscht mit gestohlenem PKW liegen geblieben<\/h2>\n\n\n\n<p>Am Donnerstagvormittag, den 27.10.22 gegen 10:45 Uhr blieb ein PKW auf der linken Fahrspur der B9 in Fahrtrichtung Ludwigshafen im Bereich der AS Bellheim-S\u00fcd aufgrund eines leeren Tanks liegen. Durch die zur Verkehrssicherung hinzugekommenen Beamten konnte festgestellt werden, dass der 50-j\u00e4hrige Fahrer aus dem Landkreis Karlsruhe nicht im Besitz einer g\u00fcltigen Fahrerlaubnis ist. Weiterhin konnten bei dem Fahrer bet\u00e4ubungsmitteltypische Auff\u00e4lligkeiten festgestellt werden. Nach einer \u00dcberpr\u00fcfung des Fahrzeuges konnte zudem festgestellt werden, dass dieses sowie die angebrachten Kennzeichen am Vortag im Dienstbezirk der Polizei Philippsburg gestohlen wurden. Das Fahrzeug wurde sichergestellt und abgeschleppt. Dem 50-j\u00e4hrige Fahrer wurde eine Blutprobe entnommen und entsprechende Strafverfahren eingeleitet.<\/p>\n\n\n\n<p>Bis zur Beendigung der Abschlepparbeiten kam es f\u00fcr die Dauer von ca. einer Stunde zu Verkehrsbeeintr\u00e4chtigungen.<\/p>\n\n\n\n<h2 class=\"wp-block-heading\">(R\u00fclzheim) &#8211; Bahnverkehr nach Verkehrsunfall vorl\u00e4ufig eingestellt<\/h2>\n\n\n\n<p>Am Donnerstagmorgen, den 27.10.22 gegen 09:00 Uhr touchierte ein 42-j\u00e4hriger Traktorfahrer aus dem Landkreis Germersheim mit einer am Traktor angebrachten Scheibenegge das Gel\u00e4nder einer Br\u00fccke entlang des Wirtschaftsweges zwischen der L540 und der B9. Infolge dessen wurden die Scheibenegge sowie die Br\u00fccke besch\u00e4digt. Da das Br\u00fcckengel\u00e4nder instabil war, wurde die Feuerwehr zur Absicherung verst\u00e4ndigt. Die genaue Schadensh\u00f6he ist derzeit nicht bekannt.<\/p>\n\n\n\n<p>Infolge des Verkehrsunfalls fielen Bruchst\u00fccke der Br\u00fccke in das darunter befindliche Gleisbett, weshalb durch die Deutsche Bahn der Bahnverkehr bis zur Freigabe der Strecke eingestellt wurde.<\/p>\n\n\n\n<h2 class=\"wp-block-heading\">(Offenbach a.d.Q.) &#8211; Geschwindigkeitskontrollen<\/h2>\n\n\n\n<p>Am Donnerstag, den 27.10.2022, zwischen 11:20 Uhr und 12:20 Uhr wurden in der Germersheimer Stra\u00dfe in Offenbach an der Queich Geschwindigkeitsmessungen durchgef\u00fchrt. Hierbei wurden 39 Fahrzeuge gemessen. Bei erlaubten 50 km\/h hielten sich 17 Verkehrsteilnehmer nicht an die vorgeschriebene Geschwindigkeit. Die gemessene H\u00f6chstgeschwindigkeit lag bei 87 km\/h. Es wurden entsprechende Verwarnungs- und Ordnungswidrigkeitenverfahren eingeleitet.<\/p>\n\n\n\n<h2 class=\"wp-block-heading\">(Landau) &#8211; E-Bike Eigent\u00fcmer gesucht<\/h2>\n\n\n<div class=\"wp-block-image\">\n<figure class=\"aligncenter size-full\"><img decoding=\"async\" loading=\"lazy\" width=\"800\" height=\"600\" src=\"https:\/\/speyer24news.com\/wp-content\/uploads\/2022\/10\/image.jpg\" alt=\"\" class=\"wp-image-50025\" srcset=\"https:\/\/speyer24news.com\/wp-content\/uploads\/2022\/10\/image.jpg 800w, https:\/\/speyer24news.com\/wp-content\/uploads\/2022\/10\/image-300x225.jpg 300w, https:\/\/speyer24news.com\/wp-content\/uploads\/2022\/10\/image-768x576.jpg 768w, https:\/\/speyer24news.com\/wp-content\/uploads\/2022\/10\/image-678x509.jpg 678w, https:\/\/speyer24news.com\/wp-content\/uploads\/2022\/10\/image-326x245.jpg 326w, https:\/\/speyer24news.com\/wp-content\/uploads\/2022\/10\/image-80x60.jpg 80w\" sizes=\"(max-width: 800px) 100vw, 800px\" \/><figcaption>E-Bike Marke Fischer, blau<\/figcaption><\/figure><\/div>\n\n\n<p>Im Rahmen eines polizeilichen Einsatzes Ende August 2022 im Stadtgebiet Landau, wurde ein E-Bike der Marke Fischer sichergestellt. Bislang konnte das E-Bike nicht zugeordnet werden. Die Polizei such nun den Eigent\u00fcmer des auf dem Foto dargestellten E-Bike. Sachdienliche Hinweise nimmt die Polizeiinspektion Landau unter der Telefonnummer 06341-287-0 oder per E-Mail unter <a href=\"mailto:pilandau@polizei.rlp.de\">pilandau@polizei.rlp.de<\/a> entgegen.<\/p>\n\n\n\n<h2 class=\"wp-block-heading\">(Birkweiler) &#8211; Unter dem Einfluss von Alkohol einen Verkehrsunfall verursacht<\/h2>\n\n\n\n<p>Am 27.10.2022, gegen 12:30 Uhr wollte eine 53-j\u00e4hrige Frau mit ihrem PKW in der Stra\u00dfe Am Hiller auf den Parkplatz eines dort ans\u00e4ssigen Einkaufmarktes auffahren. Als sie mittig auf der Fahrbahn hielt und ein anderer PKW-Fahrer an ihr vorbeifahren wollte, fuhr die 53-j\u00e4hrige pl\u00f6tzlich und unerwartet zur\u00fcck und prallte dabei gegen den gerade vorbeifahrenden PKW. An beiden Fahrzeugen entstand ein Schaden in gesch\u00e4tzter H\u00f6he von 2500 Euro. Im Rahmen der Unfallaufnahme konnte bei der 53-j\u00e4hrigen Alkoholgeruch in der Atemluft festgestellt werden. Ein durchgef\u00fchrter Atemalkoholtest ergab einen Wert von 2,65 Promille. Sie wurde im Rahmen der Unfallaufnahme mit zur Dienststelle genommen und ihr wurde eine Blutprobe entnommen. Ihr F\u00fchrerschein wurde sichergestellt.<\/p>\n\n\n\n<h2 class=\"wp-block-heading\">(Neustadt) &#8211; Lediglich ein Bier konsumiert&#8230;<\/h2>\n\n\n\n<p>&#8230; hat laut eigenen Angaben eine 58-J\u00e4hrige aus Neustadt\/W., als sie mit ihrem Peugeot in der Gimmeldinger Stra\u00dfe in 67433 Neustadt\/W. am 28.10.2022 um 03:10 Uhr einer anlassunabh\u00e4ngigen Verkehrskontrolle unterzogen wurde. Im Rahmen der Kontrolle konnte bei der Dame n\u00e4mlich starker Atemalkoholgeruch festgestellt werden. Ein Vortest ergab einen Wert von 1,07 Promille. Die Durchf\u00fchrung eines gerichtsverwertbaren Atemalkoholtest in hiesiger Dienststelle konnte aufgrund des fehlenden Lungenvolumens der Neustadterin nicht durchgef\u00fchrt werden, weshalb dieser eine Blutprobe entnommen werden musste. Zu diesen Umst\u00e4nden kam hinzu, dass die Frau nicht im Besitz eines F\u00fchrerscheines war. Dieser wurde ihr vor wenigen Jahren entzogen. Der Fahrzeugschl\u00fcssel wurde daher abschlie\u00dfend pr\u00e4ventiv sichergestellt. Die 58-J\u00e4hrige muss sich nun in eine Straf-, sowie in einem Ordnungswidrigkeitenverfahren verantworten. Ferner wird die zust\u00e4ndige F\u00fchrerscheinstelle \u00fcber den Vorfall in Kenntnis gesetzt.<\/p>\n\n\n\n<h2 class=\"wp-block-heading\">(Neustadt) &#8211; Unter Drogeneinfluss auf dem Heimweg<\/h2>\n\n\n\n<p>Am 27.10.2022 um 22:30 Uhr konnte ein 23-J\u00e4hriger aus Neustadt\/W. in der Konrad-Adenauer-Stra\u00dfe mit seinem PKW einer anlassunabh\u00e4ngigen Verkehrskontrolle unterzogen werden. Dieser befand sich zu diesem Zeitpunkt auf dem Heimweg. Im Rahmen der Kontrolle des Mannes konnten bei diesem Auff\u00e4lligkeiten festgestellt werden, welche auf einen zeitnahen Bet\u00e4ubungsmittelkonsum schlie\u00dfen lie\u00dfen. Ein Vortest reagierte letztlich positiv auf die Stoffgruppe THC, weshalb dem Neustadter eine Blutprobe entnommen wurde. Der Fahrzeugschl\u00fcssel sollte dem Bruder des PKW-F\u00fchrers \u00fcbergeben werden. Da dieser jedoch ebenfalls unter dem Einfluss von THC stand, wurde der Schl\u00fcssel letztlich dem Chef des 23-J\u00e4hrigen \u00fcbergeben. Nun muss sich der Fahrer des PKW&#8217;s in einem Straf-, sowie in einem Ordnungswidrigkeitenverfahren verantworten. Des Weiteren wird die zust\u00e4ndige F\u00fchrerscheinstelle \u00fcber den Vorfall in Kenntnis gesetzt.<\/p>\n\n\n\n<h2 class=\"wp-block-heading\">(Neustadt) &#8211; Handhubwagen und Gartenhacke sichergestellt \/ Eigent\u00fcmer gesucht<\/h2>\n\n\n<div class=\"wp-block-image\">\n<figure class=\"aligncenter size-full\"><img decoding=\"async\" loading=\"lazy\" width=\"800\" height=\"600\" src=\"https:\/\/speyer24news.com\/wp-content\/uploads\/2022\/10\/Presse.jpeg\" alt=\"\" class=\"wp-image-50026\" srcset=\"https:\/\/speyer24news.com\/wp-content\/uploads\/2022\/10\/Presse.jpeg 800w, https:\/\/speyer24news.com\/wp-content\/uploads\/2022\/10\/Presse-300x225.jpeg 300w, https:\/\/speyer24news.com\/wp-content\/uploads\/2022\/10\/Presse-768x576.jpeg 768w, https:\/\/speyer24news.com\/wp-content\/uploads\/2022\/10\/Presse-678x509.jpeg 678w, https:\/\/speyer24news.com\/wp-content\/uploads\/2022\/10\/Presse-326x245.jpeg 326w, https:\/\/speyer24news.com\/wp-content\/uploads\/2022\/10\/Presse-80x60.jpeg 80w\" sizes=\"(max-width: 800px) 100vw, 800px\" \/><figcaption>Handhubwagen<\/figcaption><\/figure><\/div>\n\n\n<p>Am 27.10.2022 wurden bei einem Polizeieinsatz in Neustadt\/Weinstra\u00dfe ein gelber Handhubwagen (&#8222;Ameise&#8220;), sowie eine Gartenhacke sichergestellt. Beide Gegenst\u00e4nde stammen vermutlich aus einem Diebstahl. Der Handhubwagen, sowie die Gartenhacke wurden von einem 67-j\u00e4hrigen Mann durch das Stadtgebiet transportiert. Gegen diesen wurde ein Strafverfahren wegen des Verdachts des Diebstahls eingeleitet. Es wird angenommen, dass beide Gegenst\u00e4nde zuvor im Stadtgebiet entwendet wurden. Da bis dato keine Eigent\u00fcmer ermittelt werden konnten, werden diese gebeten sich mit der Polizeiinspektion Neustadt\/W. in Verbindung zu setzten.<\/p>\n\n\n\n<h2 class=\"wp-block-heading\">(Ha\u00dfloch) &#8211; Auffahrunfall mit verletztem Motorradfahrer<\/h2>\n\n\n\n<p>Ein leicht verletzter Motorradfahrer sowie geringer Sachschaden waren das Resultat eines Auffahrunfalls auf der L532 bei Ha\u00dfloch am 27.10.2022 gegen 15:30 Uhr. Ein 64j\u00e4hriger Speyrer war mit seinem Motorrad von B\u00f6hl-Iggelheim kommend auf den verkehrsbedingt vor ihm abbremsenden PKW einer 49j\u00e4hrigen aus B\u00f6hl-Iggelheim aufgefahren. Hierbei verletzte sich der 64j\u00e4hrige leicht und wurde in ein umliegendes Krankenhaus gebracht, sein Motorrad musste abgeschleppt werden. Die hiesige Feuerwehr k\u00fcmmerte sich im Anschluss um auslaufende Betriebsstoffe.<\/p>\n\n\n\n<h2 class=\"wp-block-heading\">(Ha\u00dfloch) &#8211; Verletzter Radfahrer nach Vorfahrtsverletzung<\/h2>\n\n\n\n<p>Am Donnerstag, den 27.10.2022, kam es gegen 13:50 Uhr in der Fabrikstra\u00dfe in Ha\u00dfloch zu einem Verkehrsunfall zwischen einem Radfahrer und einem PKW. Der 65j\u00e4hrige Radfahrer aus Speyer hatte den Radweg von Lachen-Speyerdorf kommend in Richtung Ha\u00dfloch befahren und \u00fcbersah hierbei den bevorrechtigt aus der Fabrikstra\u00dfe kommenden PKW eines 70j\u00e4hrigen Lambrechters. Bei der anschlie\u00dfenden Kollision wurde der Radfahrer leicht verletzt. Es entstand geringer Sachschaden an PKW und Fahrrad.<\/p>\n\n\n\n<h2 class=\"wp-block-heading\">(Ludwigshafen) &#8211; Wechsel in der Leitung der Polizeiinspektion Landau<\/h2>\n\n\n<div class=\"wp-block-image\">\n<figure class=\"aligncenter size-full\"><img decoding=\"async\" loading=\"lazy\" width=\"800\" height=\"751\" src=\"https:\/\/speyer24news.com\/wp-content\/uploads\/2022\/10\/Bild1-1.jpg\" alt=\"\" class=\"wp-image-50028\" srcset=\"https:\/\/speyer24news.com\/wp-content\/uploads\/2022\/10\/Bild1-1.jpg 800w, https:\/\/speyer24news.com\/wp-content\/uploads\/2022\/10\/Bild1-1-300x282.jpg 300w, https:\/\/speyer24news.com\/wp-content\/uploads\/2022\/10\/Bild1-1-768x721.jpg 768w\" sizes=\"(max-width: 800px) 100vw, 800px\" \/><figcaption>v.l.n.r.: Marco Wei\u00dfgerber, Thomas Sommerrock, Georg Litz, Marc Neumann<\/figcaption><\/figure><\/div>\n\n\n<p>Am Freitag wurde der bisherige Leiter der Polizeiinspektion Landau, Polizeioberrat Marco Wei\u00dfgerber, von Polizeipr\u00e4sident Georg Litz verabschiedet. Er \u00fcbernimmt k\u00fcnftig die Leitung der Polizeiinspektion Ludwigshafen 1.<\/p>\n\n\n\n<p>Marco Wei\u00dfgerber wurde 2002 bei der Polizei des Landes Rheinland-Pfalz eingestellt und war anschlie\u00dfend in verschiedenen Funktionen bei der Bereitschaftspolizei und im Polizeipr\u00e4sidium Rheinpfalz t\u00e4tig. Nach dem Studium an der Deutschen Hochschule der Polizei in M\u00fcnster und dem sich daran anschlie\u00dfenden Aufstieg in den h\u00f6heren Polizeidienst war er zun\u00e4chst seit 2015 Dozent an der Hochschule der Polizei in Rheinland-Pfalz. Im Oktober 2018 \u00fcbertrag man ihm die Leitung der Polizeiinspektion Landau.<\/p>\n\n\n\n<p>Gleichzeitig wurde der neue Leiter der Polizeiinspektion Landau, Polizeirat Marc Neumann, von Polizeipr\u00e4sident Georg Litz offiziell in sein Amt eingef\u00fchrt.<\/p>\n\n\n\n<p>Marc Neumann wurde 2008 bei der Polizei des Landes Rheinland-Pfalz eingestellt und war danach in verschiedenen Funktionen bei der Bereitschaftspolizei und im Polizeipr\u00e4sidium Rheinpfalz t\u00e4tig. Nach dem Studium an der Deutschen Hochschule der Polizei in M\u00fcnster \u00fcbernimmt er mit der Leitung der Polizeiinspektion Landau seine erste Funktion im h\u00f6heren Polizeidienst.<\/p>\n\n\n\n<p>Polizeipr\u00e4sident Georg Litz bedankte sich bei Marco Wei\u00dfgerber f\u00fcr die geleistete Arbeit und w\u00fcnschte ihm und Marc Neumann viel Erfolg in ihren neuen Funktionen.<\/p>\n\n\n\n<p>Die Polizeiinspektion Landau ist f\u00fcr die kreisfreie Stadt Landau und die Verbandsgemeinden Landau-Land, Offenbach, Herxheim, Annweiler und somit f\u00fcr rund 103.000 B\u00fcrgerinnen und B\u00fcrger zust\u00e4ndig. Die Polizeiwache Annweiler ist ihr organisatorisch angegliedert.<\/p>\n\n\n\n<h2 class=\"wp-block-heading\">(Ludwigshafen) &#8211; Einbruch in Wohnheim<\/h2>\n\n\n\n<p>Am Donnerstag (27.10.2022), zwischen 22:30 Uhr und 23:30 Uhr, brachen Unbekannte in ein Wohnheim in der Riedstra\u00dfe ein und stahlen Bargeld und einen Rucksack. Durch die Tat entstand ein Schaden in H\u00f6he von rund 250 Euro.<\/p>\n\n\n\n<p>Wer hat die Tat beobachtet oder kann Hinweise geben?<\/p>\n\n\n\n<p>Sachdienliche Hinweise nimmt die Kriminalpolizei Ludwigshafen unter der Telefonnummer 0621\/963-2773 oder per E-Mail <a href=\"mailto:kiludwigshafen.k1.kdd@polizei.rlp.de\">kiludwigshafen.k1.kdd@polizei.rlp.de<\/a> entgegen.<\/p>\n\n\n\n<h2 class=\"wp-block-heading\">(Ludwigshafen) &#8211; R\u00e4uberischer Diebstahl \/ Zeugen gesucht<\/h2>\n\n\n<div class=\"wp-block-image\">\n<figure class=\"aligncenter size-full\"><img decoding=\"async\" loading=\"lazy\" width=\"801\" height=\"600\" src=\"https:\/\/speyer24news.com\/wp-content\/uploads\/2020\/05\/Zeugen-gesucht-Neutral.jpg\" alt=\"\" class=\"wp-image-26598\" srcset=\"https:\/\/speyer24news.com\/wp-content\/uploads\/2020\/05\/Zeugen-gesucht-Neutral.jpg 801w, https:\/\/speyer24news.com\/wp-content\/uploads\/2020\/05\/Zeugen-gesucht-Neutral-300x225.jpg 300w, https:\/\/speyer24news.com\/wp-content\/uploads\/2020\/05\/Zeugen-gesucht-Neutral-768x575.jpg 768w, https:\/\/speyer24news.com\/wp-content\/uploads\/2020\/05\/Zeugen-gesucht-Neutral-678x509.jpg 678w, https:\/\/speyer24news.com\/wp-content\/uploads\/2020\/05\/Zeugen-gesucht-Neutral-326x245.jpg 326w, https:\/\/speyer24news.com\/wp-content\/uploads\/2020\/05\/Zeugen-gesucht-Neutral-80x60.jpg 80w\" sizes=\"(max-width: 801px) 100vw, 801px\" \/><\/figure><\/div>\n\n\n<p>Am Donnerstagabend (27.10.2022), gegen 21:30 Uhr, wurde ein 16-J\u00e4hriger in der Passadenaalle in der N\u00e4he des Hauptbahnhofes von einem Unbekannten angesprochen. Der Unbekannte fragte den Jugendlichen zun\u00e4chst nach Zigaretten und Bargeld. Als der Jugendliche dies verneinte, nahm der Unbekannte einen drahtlosen Ohrst\u00f6psel (in-ear-Kopfh\u00f6rer) aus dem Ohr des 16-J\u00e4hrigen und ging weg. Der Jugendliche folgte dem T\u00e4ter und forderte seinen Kopfh\u00f6rer zur\u00fcck. Daraufhin drohte ihm der Unbekannt zun\u00e4chst Schl\u00e4ge an und bespr\u00fchte ihn mit Reizgas. Der Jugendliche wurde leicht verletzt.<\/p>\n\n\n\n<h4 class=\"wp-block-heading\">Der T\u00e4ter wird wie folgt beschrieben:<\/h4>\n\n\n\n<ul><li><strong>ca. 18-20 Jahre alt<\/strong><\/li><li><strong>ca. 1,70 m gro\u00df<\/strong><\/li><li><strong>normale Statur<\/strong><\/li><li><strong>Frisur oben lockig, seitlich rasiert<\/strong><\/li><li><strong>war mit einer dunklen Jacke und dunkler Hose bekleidet<\/strong><\/li><li><strong>f\u00fchrte einen roten Roller und einen schwarzen Helm ohne Visier und ohne Kinnschutz mit sich.<\/strong><\/li><\/ul>\n\n\n\n<p>Wer hat die Tat beobachtet oder kann Hinweise zu dem T\u00e4ter geben?<\/p>\n\n\n\n<p>Sachdienliche Hinweise bitte an die Polizeiinspektion Ludwigshafen 2, Telefonnummer 0621 963-2222 oder per E-Mail <a href=\"mailto:piludwigshafen2@polizei.rlp.de\">piludwigshafen2@polizei.rlp.de<\/a> .<\/p>\n\n\n\n<h2 class=\"wp-block-heading\">(Ludwigshafen) &#8211; Fahrradfahrer bei Unfall leicht verletzt<\/h2>\n\n\n\n<p>Am Donnerstagabend (27.10.2022), gegen 18:15 Uhr, wurde ein 18-j\u00e4hriger Fahrradfahrer bei einem Verkehrsunfall im Br\u00fcsseler Ring leicht verletzt. Der Radfahrer wollte die Stra\u00dfe \u00fcberqueren und missachtete den Vorrang eines dort fahrenden Autos. Der 18-J\u00e4hrige wurde leicht verletzt und vor Ort vom Rettungsdienst behandelt.<\/p>\n\n\n\n<h2 class=\"wp-block-heading\">(Ludwigshafen) &#8211; Nicht auf Schockanruf reingefallen<\/h2>\n\n\n\n<p>Am Donnerstagnachmittag (27.10.2022), gegen 17 Uhr, wurde eine 79-j\u00e4hrige Ludwigshafenerin von ihrer angeblichen Tochter angerufen. Die Anruferin gab an, dass sie einen schweren Unfall hatte und nun bei der Polizei sei. Die Senioren reagierte geistesgegenw\u00e4rtig und entgegnete, dass sie nun die Polizei anrufen wird. Daraufhin legte die Anruferin auf.<\/p>\n\n\n\n<h2 class=\"wp-block-heading\">(Ludwigshafen) &#8211; Fahrradfahrer bei Unfall leicht verletzt<\/h2>\n\n\n\n<p>Am Donnerstagnachmittag (27.10.2022), gegen 16 Uhr, wurde ein Fahrradfahrer bei einem Verkehrsunfall in der Wollstra\u00dfe verletzt. Eine 64-j\u00e4hrige Autofahrerin missachtete die Vorfahrt des Radfahrers an der Kreuzung Bliesstra\u00dfe, so dass es zum Zusammensto\u00df kam. Der Radfahrer st\u00fcrzte und wurde leicht verletzt vom Krankenwagen in ein Krankenhaus gebracht.<\/p>\n\n\n\n<h2 class=\"wp-block-heading\">(Ludwigshafen) &#8211; Smartphone gestohlen<\/h2>\n\n\n\n<p>Am Donnerstagnachmittag (27.10.2022), gegen 16 Uhr, stahlen Unbekannte einer 68-J\u00e4hrigen ihr Smartphone aus der Handtasche. Vermutlich wurde das Handy gestohlen, als sie in der Stra\u00dfenbahn Linie 6 von der Haltestelle S\u00fcdwest-Stadion zur Haltestelle Ludwigstra\u00dfe fuhr. Unbekannte nutzten vermutlich das die volle Besetzung der Stra\u00dfenbahn aus, um das Handy im Gedr\u00e4nge zu stehlen.<\/p>\n\n\n\n<h2 class=\"wp-block-heading\">(Ludwigshafen) &#8211; Diebe greifen Zeugen an<\/h2>\n\n\n\n<p>Am Donnerstagmorgen (27.10.2022), gegen 5 Uhr, beobachtete ein 22-j\u00e4hriger Zeuge zwei M\u00e4nner, wie diese in einer Tankstelle in der Heinigstra\u00dfe Getr\u00e4nke und Sisha-Tabak stahlen. Der Zeuge sprach die Diebe, einen 26- und einen 36-j\u00e4hrigen Mann, an, worauf es zu einem Streit kam. Im Verlauf des Streites griffen die T\u00e4ter den Zeugen an und verletzten ihn leicht. Er wurde mit dem Krankenwagen in ein Krankenhaus gebracht.<\/p>\n\n\n\n<h2 class=\"wp-block-heading\">(Ludwigshafen) &#8211; Einbruch in Restaurant<\/h2>\n\n\n\n<p>In der Nacht von Mittwoch (26.10.2022) auf Donnerstag (27.10.2022) brachen Unbekannte in ein Restaurant in der Jahnstra\u00dfe ein. Aus dem Restaurant wurden Bargeld und ein Smartphone gestohlen.<\/p>\n\n\n\n<p>Wer hat verd\u00e4chtige Personen oder Fahrzeuge in der Jahnstra\u00dfe gesehen?<\/p>\n\n\n\n<p>Sachdienliche Hinweise nimmt die Kriminalpolizei Ludwigshafen unter der Telefonnummer 0621\/963-2773 oder per E-Mail <a href=\"mailto:kiludwigshafen.k1.kdd@polizei.rlp.de\">kiludwigshafen.k1.kdd@polizei.rlp.de<\/a> entgegen.<\/p>\n\n\n\n<h2 class=\"wp-block-heading\">(Ludwigshafen) &#8211; Geldbeutel gestohlen<\/h2>\n\n\n\n<p>Am Mittwochabend (26.10.2022) gegen 19 Uhr stahlen Unbekannte den Geldbeutel eines 26-J\u00e4hrigen, als dieser in einem Discounter in der Ludwigstra\u00dfe einkaufen war. Der Mann hatte den Geldbeutel zuvor in seiner Jackentasche.<\/p>\n\n\n\n<h2 class=\"wp-block-heading\">(Ludwigshafen) &#8211; Gasaustritt Rheing\u00f6nheimer Stra\u00dfe<\/h2>\n\n\n\n<p>Durch die Feuerwehr konnte vor Ort tats\u00e4chlich ein Gasgemisch gemessen werden. Offensichtlich kam es zu einem Austritt in einer privaten Wohnung in einem Mehrparteienanwesen. Die Ursache ist weiterhin unklar. Die technischen Werke Ludwigshafen haben die \u00dcberpr\u00fcfung der Wohnung \u00fcbernommen. Die Leitung wurde vom Netz genommen. Das Anwesen wurde f\u00fcr die Bewohner wieder frei gegeben. Ebenso konnte der Fu\u00dfg\u00e4nger, Fahrzeug- sowie Bus- und Stra\u00dfenbahnverkehr wieder frei gegeben werden. Im Einsatz waren ca. 30 Angeh\u00f6rige Feuerwehr und Rettungsdienst sowie mehrere Polizeibeamte des Polizeipr\u00e4sidiums Rheinpfalz.<\/p>\n\n\n\n<h2 class=\"wp-block-heading\">(B 37 \/ Mannheim) &#8211; Unfall auf der B37 mit drei Fahrzeugen \/ Verkehrsbeeintr\u00e4chtigung und zwei Verletzte<\/h2>\n\n\n\n<p>Donnerstagnachmittag gegen 15 Uhr kam es auf der Wilhelm-Varnholt-Allee (B37) in Fahrtrichtung Heidelberg zu einem Verkehrsunfall mit drei beteiligten Fahrzeugen. Aufgrund eines R\u00fcckstaus mussten vorausfahrende Fahrzeuge abbremsen, was eine nachfolgende 22-j\u00e4hrige Hyundai-Fahrerin zu sp\u00e4t erkannte. Sie kollidierte mit dem ihr vorausfahrenden Dacia, wodurch dieser durch den Aufprall wiederum auf den vor ihm fahrenden Skoda geschoben wurde. Sowohl die Hyundai-Fahrerin, als auch die 22-j\u00e4hrige Dacia-Fahrerin wurden leicht verletzt und nach erster Versorgung vor Ort mit einem Krankenwagen in eine Klinik verbracht. Es entstand ein Sachschaden in H\u00f6he von ungef\u00e4hr 16.000 Euro.<\/p>\n\n\n\n<p>Sowohl der Dacia, als auch der Hyundai mussten abgeschleppt werden.<\/p>\n\n\n\n<p>W\u00e4hrend der Verkehrsunfallaufnahme kam es bis circa 18 Uhr zu Verkehrsbeeintr\u00e4chtigungen, da die Wilhelm-Varnholt-Allee in Fahrtrichtung Heidelberg vorl\u00e4ufig komplett gesperrt werden musste.<\/p>\n\n\n\n<h2 class=\"wp-block-heading\">(Mannheim) &#8211; Unfallhergang zwischen PKW und LKW unklar \/ Zeugen gesucht<\/h2>\n\n\n\n<p>Am Donnerstag gegen 12:30 Uhr kam es im Bereich der Einm\u00fcndung des Luisenrings\/G7 Quadrat zu einem Unfall zwischen einem LKW und einem Mercedes bei dem ein Sachschaden von 5.000 Euro entstand.<\/p>\n\n\n\n<p>Der 61-j\u00e4hrige LKW-Fahrer fuhr von der Kurt-Schuhmacher-Br\u00fccke auf dem Luisenring, als eine 20-j\u00e4hrige Mercedes-Fahrerin aus dem G7 Quadrat ebenfalls auf den Luisenring auffuhr. Hierbei kam stie\u00dfen die beiden Fahrzeuge seitlich zusammen. Gegen\u00fcber den unfallaufnehmenden Beamtinnen und Beamten gaben die beteiligten Personen an, beide bei gr\u00fcn \u00fcber die Ampel gefahren zu sein. Dies ist nun Gegenstand der weiteren Unfallermittlungen. Zeuginnen und Zeugen, welche den Unfall beobachtet haben, werden gebeten, sich mit dem Polizeirevier Mannheim-Innenstadt unter Tel.: 0621\/1258-0 in Verbindung zu setzen.<\/p>\n\n\n\n<h2 class=\"wp-block-heading\">(Mannheim-Wohlgelegen) &#8211; R\u00fcttelplatte von Baustelle entwendet<\/h2>\n\n\n\n<p>Mehr als 8.000 Euro Diebstahlsschaden entstand auf einer Baustelle, von der in der Zeit von Dienstag auf Mittwoch eine R\u00fcttelplatte entwendet wurde. Aufgrund der Gr\u00f6\u00dfe und des Gewichts ist davon auszugehen, dass die bislang unbekannten T\u00e4ter das Diebesgut mit einem Fahrzeug abtransportierten. Wer Hinweise zum Geschehenen in der R\u00f6ntgenstra\u00dfe geben kann, wird gebeten, sich unter 0621 33010 an das Polizeirevier Mannheim-Neckarstadt zu wenden.<\/p>\n\n\n\n<h2 class=\"wp-block-heading\">(Mannheim \/ Heddesheim \/ Viernheim) &#8211; Vier M\u00e4nner wegen des Verdachts des Handeltreibens mit Bet\u00e4ubungsmitteln in nicht geringer Menge in Untersuchungshaft<\/h2>\n\n\n\n<h3 class=\"wp-block-heading\">Gemeinsame Pressemitteilung der Staatsanwaltschaft Mannheim und des Polizeipr\u00e4sidiums Mannheim<\/h3>\n\n\n<div class=\"wp-block-image\">\n<figure class=\"aligncenter size-full\"><img decoding=\"async\" loading=\"lazy\" width=\"800\" height=\"533\" src=\"https:\/\/speyer24news.com\/wp-content\/uploads\/2020\/06\/Zelle.jpg\" alt=\"\" class=\"wp-image-28203\" srcset=\"https:\/\/speyer24news.com\/wp-content\/uploads\/2020\/06\/Zelle.jpg 800w, https:\/\/speyer24news.com\/wp-content\/uploads\/2020\/06\/Zelle-300x200.jpg 300w, https:\/\/speyer24news.com\/wp-content\/uploads\/2020\/06\/Zelle-768x512.jpg 768w\" sizes=\"(max-width: 800px) 100vw, 800px\" \/><figcaption>Beispielbild Zelle \/ Verhaftung, dient lediglich der Visualisierung<\/figcaption><\/figure><\/div>\n\n\n<p>Auf Antrag der Staatsanwaltschaft Mannheim wurden Haftbefehle gegen vier M\u00e4nner im Alter zwischen 35 und 53 Jahren erlassen.<\/p>\n\n\n\n<p>Sie stehen im dringenden Verdacht, mindestens seit Januar 2022 im Raum Mannheim mit Bet\u00e4ubungsmitteln in nicht geringer Menge gehandelt und dieses gewinnbringend an eine Vielzahl von Abnehmern verkauft zu haben.<\/p>\n\n\n\n<p>Nach umfangreichen Vorermittlungen des Rauschgiftdezernates der Kriminalpolizeidirektion Heidelberg wurden am Dienstag, den 25.10.2022, f\u00fcnf Wohnungen gemeinsam mit den Kr\u00e4ften des Polizeipr\u00e4sidiums Einsatz in Mannheim, Heddesheim und Viernheim durchsucht.<\/p>\n\n\n\n<p>Dabei konnten u. a. rund 11,8 Kilogramm Marihuana, 790 Gramm Kokain, 300 Gramm Amphetamin, ein Teleskopschlagstock, diverse Schmuck- und Wertgegenst\u00e4nde aufgefunden werden. Zudem wurde ein hochwertiger Mercedes AMG f\u00fcr weiterf\u00fchrende verm\u00f6gensabsch\u00f6pfende Ma\u00dfnahmen sichergestellt.<\/p>\n\n\n\n<p>Die vier M\u00e4nner wurden am 26.10.2022 dem Haftrichter am Amtsgericht Mannheim vorgef\u00fchrt, der gegen drei wegen Verdachts des Handeltreibens mit Bet\u00e4ubungsmitteln in nicht geringer Menge aufgrund von Flucht- und Verdunkelungsgefahr Haftbefehle erlie\u00df. Gegen den 35-j\u00e4hrigen Haupttatverd\u00e4chtigen war bereits im Vorfeld ein Haftbefehl wegen Handeltreibens mit Bet\u00e4ubungsmitteln in nicht geringer Menge erlassen worden. Er soll schon im Jahr 2021 an Bet\u00e4ubungsmittelgesch\u00e4ften &#8211; u. a. mit Marihuana im zweistelligen Kilogrammbereich &#8211; beteiligt gewesen sein. Im Anschluss wurden die vier Tatverd\u00e4chtigen in verschiedene Justizvollzugsanstalten eingeliefert.<\/p>\n\n\n\n<p>Die Ermittlungen der Staatsanwaltschaft Mannheim und des Rauschgiftdezernats der Kriminalpolizeidirektion Heidelberg dauern weiter an.<\/p>\n\n\n\n<h2 class=\"wp-block-heading\">(Heidelberg) &#8211; Alkoholisierter E-Scooter-Fahrer f\u00e4hrt gegen zwei Fahrzeuge und st\u00fcrzt<\/h2>\n\n\n\n<p>Am Freitagmorgen gegen 01:15 Uhr befuhr ein E-Scooter-Fahrer unter Alkoholeinfluss die Bremeneckgasse in Richtung Zwingerstra\u00dfe, als er die Kontrolle \u00fcber sein Fahrzeug verlor. Der 35-J\u00e4hrige kollidierte dadurch mit einem am rechten Fahrbahnrand abgestellten Mini sowie mit einem hinter ihm parkenden Opel. Er st\u00fcrzte zwischen die beiden Fahrzeuge zu Boden und wurde durch den Unfall verletzt. Nach erster Versorgung vor Ort wurde der 35-J\u00e4hrige mit einem Krankenwagen in eine Klinik verbracht. Ihm wurde noch in den fr\u00fchen Morgenstunden eine Blutprobe entnommen. Ein Ergebnis steht noch aus.<\/p>\n\n\n\n<p>Es entstand Sachschaden in H\u00f6he von ungef\u00e4hr 2.500 Euro.<\/p>\n\n\n\n<h2 class=\"wp-block-heading\">(Heidelberg) &#8211; Diebstahl aus Umh\u00e4ngetasche \/ Zeugen gesucht!<\/h2>\n\n\n<div class=\"wp-block-image\">\n<figure class=\"aligncenter size-full\"><img decoding=\"async\" loading=\"lazy\" width=\"801\" height=\"600\" src=\"https:\/\/speyer24news.com\/wp-content\/uploads\/2020\/05\/Zeugen-gesucht-Neutral.jpg\" alt=\"\" class=\"wp-image-26598\" srcset=\"https:\/\/speyer24news.com\/wp-content\/uploads\/2020\/05\/Zeugen-gesucht-Neutral.jpg 801w, https:\/\/speyer24news.com\/wp-content\/uploads\/2020\/05\/Zeugen-gesucht-Neutral-300x225.jpg 300w, https:\/\/speyer24news.com\/wp-content\/uploads\/2020\/05\/Zeugen-gesucht-Neutral-768x575.jpg 768w, https:\/\/speyer24news.com\/wp-content\/uploads\/2020\/05\/Zeugen-gesucht-Neutral-678x509.jpg 678w, https:\/\/speyer24news.com\/wp-content\/uploads\/2020\/05\/Zeugen-gesucht-Neutral-326x245.jpg 326w, https:\/\/speyer24news.com\/wp-content\/uploads\/2020\/05\/Zeugen-gesucht-Neutral-80x60.jpg 80w\" sizes=\"(max-width: 801px) 100vw, 801px\" \/><\/figure><\/div>\n\n\n<p>Am Donnerstagabend gegen 20:30 Uhr wurde einem 48-J\u00e4hrigen am Heidelberger Hauptbahnhof aus seiner Umh\u00e4ngetasche das Mobiltelefon und das Ladekabel entwendet. Der Mann stieg gerade in die Buslinie 717 ein und zeigte sein Busticket vor, als ein bislang unbekannter Mann von hinten in seine Umh\u00e4ngetasche griff. Nachdem sich der 48-J\u00e4hrige umdrehte, lie\u00df der T\u00e4ter von der Tasche ab und ergriff die Flucht in unbekannte Richtung.<\/p>\n\n\n\n<h4 class=\"wp-block-heading\">Der T\u00e4ter wird wie folgt beschreiben:<\/h4>\n\n\n\n<ul><li><strong>m\u00e4nnlich<\/strong><\/li><li><strong>ca. 165 bis 175 cm<\/strong><\/li><li><strong>ca. 18 bis 25 Jahre<\/strong><\/li><li><strong>nordafrikanisches Erscheinungsbild<\/strong><\/li><li><strong>Der T\u00e4ter trug schwarze Haare, die seitlich kurz und oben l\u00e4nger waren und war mit einer dunkelbraunen Jacke und einem wei\u00dfen Pullover bekleidet.<\/strong><\/li><\/ul>\n\n\n\n<p>Zeugen, die sachdienliche Hinweise geben k\u00f6nnen, werden gebeten, sich beim Polizeirevier Heidelberg-Mitte unter der Tel.: 06221\/99-1700 zu melden.<\/p>\n\n\n\n<h2 class=\"wp-block-heading\">(Heidelberg-Altstadt) &#8211; Eingangst\u00fcre von Museum mutwillig besch\u00e4digt<\/h2>\n\n\n\n<p>Vermutlich in der Zeit von 7.30 Uhr bis 9 Uhr am Donnerstagmorgen wurde die gl\u00e4serne Eingangst\u00fcre des V\u00f6lkerkundemuseums in der Hauptstra\u00dfe mutwillig besch\u00e4digt. Der oder die unbekannten T\u00e4ter verursachten einen Schaden von 4.000 Euro. Zeugen oder Hinweisgeber werden gebeten, sich unter Tel.: 06221 18570 an das Polizeirevier Heidelberg-Mitte zu wenden.<\/p>\n\n\n\n<h2 class=\"wp-block-heading\">(Heidelberg-Bergheim) &#8211; Nach Auseinandersetzung 34-J\u00e4hriger verletzt \/ Zeugenaufruf!<\/h2>\n\n\n<div class=\"wp-block-image\">\n<figure class=\"aligncenter size-full\"><img decoding=\"async\" loading=\"lazy\" width=\"801\" height=\"600\" src=\"https:\/\/speyer24news.com\/wp-content\/uploads\/2020\/05\/Zeugen-gesucht-Neutral.jpg\" alt=\"\" class=\"wp-image-26598\" srcset=\"https:\/\/speyer24news.com\/wp-content\/uploads\/2020\/05\/Zeugen-gesucht-Neutral.jpg 801w, https:\/\/speyer24news.com\/wp-content\/uploads\/2020\/05\/Zeugen-gesucht-Neutral-300x225.jpg 300w, https:\/\/speyer24news.com\/wp-content\/uploads\/2020\/05\/Zeugen-gesucht-Neutral-768x575.jpg 768w, https:\/\/speyer24news.com\/wp-content\/uploads\/2020\/05\/Zeugen-gesucht-Neutral-678x509.jpg 678w, https:\/\/speyer24news.com\/wp-content\/uploads\/2020\/05\/Zeugen-gesucht-Neutral-326x245.jpg 326w, https:\/\/speyer24news.com\/wp-content\/uploads\/2020\/05\/Zeugen-gesucht-Neutral-80x60.jpg 80w\" sizes=\"(max-width: 801px) 100vw, 801px\" \/><\/figure><\/div>\n\n\n<p>Offenbar im Zuge einer k\u00f6rperlichen Auseinandersetzung erlitt ein 34 Jahre alter Mann in der Nacht von Donnerstag auf Freitag Verletztungen am Kopf .<\/p>\n\n\n\n<p>Gegen 2:15 Uhr konnte der alkoholisierte Mann durch Beamtinnen und Beamte des Polizeirevier Heidelberg-Mitte am Bismarckplatz mit einer blutenden Wunde am Kopf festgestellt werden. Im Zuge der bisherigen Ermittlungen stellte sich heraus, dass der Passant wohl durch mindestens eine m\u00e4nnliche Person geschlagen wurde. Auch aufgrund sprachlicher Barrieren konnte der Verletzte keine Personenbeschreibung nennen. Laut Aussagen des 34-J\u00e4hrigen soll es sich bei dem Angreifer wohl um einen Mann mit brauner Hautfarbe gehandelt haben. Der genaue Sachverhalt sowie die Hintergr\u00fcnde der Tat sind derzeit noch unbekannt.<\/p>\n\n\n\n<p>Der 34-J\u00e4hrige musste noch Ort durch den Rettungsdienst versorgt und zur weiteren Behandlung in ein st\u00e4dtisches Klinikum gebracht werden. \u00dcber die Art und Schwere der Verletzungen liegen bislang keine Erkenntnisse vor.<\/p>\n\n\n\n<p>Zeugen, welche sich zur Tatzeit im Bereich des Bismarckplatzes aufgehalten haben werden gebeten, sich beim Polizeirevier Heidelberg-Mitte, Tel.: 06221\/99-1700, zu melden.<\/p>\n\n\n\n<h2 class=\"wp-block-heading\">(A 5 \/ Walldorf \/ Rhein-Neckar-Kreis) &#8211; Unfall auf der Autobahn A5, zwischen Walldorf und Heidelberg, Fahrtrichtung Heidelberg<\/h2>\n\n\n\n<p>Freitagmorgen gegen 7:20 Uhr ereignete sich ein weiterer Unfall im Bereich Walldorf. Auf der A5, zwischen Walldorf\/ Wiesloch und Heidelberg\/ Schwetzingen, in Fahrtrichtung Heidelberg kam es zum Auffahrunfall mit zwei beteiligten Fahrzeugen.<\/p>\n\n\n\n<h3 class=\"has-text-align-center wp-block-heading\">Abschlussmeldung<\/h3>\n\n\n\n<p>Freitagmorgen gegen 7:20 Uhr ereignete sich ein weiterer Unfall im Bereich Walldorf. Auf der A5, zwischen Walldorf\/ Wiesloch und Heidelberg\/ Schwetzingen, in Fahrtrichtung Heidelberg kam es zum Auffahrunfall mit zwei beteiligten Fahrzeugen.<\/p>\n\n\n\n<p>Die polizeiliche Unfallaufnahme und die R\u00e4umung der Unfallstelle wurden gerade (um 8:45 Uhr) beendet.<\/p>\n\n\n\n<h2 class=\"wp-block-heading\">(A 6 auf A 5 \/ Walldorf \/ Rhein-Neckar-Kreis) &#8211; Unfall auf der Autobahn A6; \u00dcberleitung von der A6 auf die A5, Fahrtrichtung Mannheim<\/h2>\n\n\n\n<p>Freitagmorgen kurz nach 7 Uhr ereignete sich auf der A6, auf der \u00dcberleitung A6 auf die A5, ein Verkehrsunfall mit Sachschaden.<\/p>\n\n\n\n<p>Nach bisherigen Erkenntnissen ist ein Lkw in einen Pkw &#8222;reingefahren&#8220;, Verletzte gab es nicht. N\u00e4heres ist noch nicht bekannt<\/p>\n\n\n\n<p>Die Unfallstelle ist noch ungesichert. Die Polizei ist noch nicht eingetroffen.<\/p>\n\n\n\n<p>Mit R\u00fcckstau ist zu rechnen. Wir berichten nach.<\/p>\n\n\n\n<h3 class=\"has-text-align-center wp-block-heading\">2. Pressemitteilung; Unfallstelle ger\u00e4umt<\/h3>\n\n\n\n<p>Freitagmorgen kurz nach 7 Uhr ereignete sich auf der A6, auf der \u00dcberleitung A6 auf die A5, ein Verkehrsunfall mit Sachschaden zwischen einem Lkw und einem Pkw.<\/p>\n\n\n\n<p>Die Unfallstelle ist ger\u00e4umt. Dennoch kommt es im gesamten Bereich aufgrund weiterer Unf\u00e4lle zu starken Verkehrsbehinderungen mit kilometerlangen Staus in Fahrrichtung Mannheim\/ Heidelberg.<\/p>\n\n\n\n<p>Wenn m\u00f6glich, meiden Sie die Autobahn im Bereich A5 und A6, rundum Walldorf<\/p>\n\n\n\n<h2 class=\"wp-block-heading\">(A 6 \/ Hockenheim \/ Rhein-Neckar-Kreis) &#8211; LKW verliert Diesel, Fahrbahn in Richtung Mannheim vollgesperrt<\/h2>\n\n\n\n<p>Nach derzeitigem Stand kollidierte eine LKW am Freitagmorgen gegen 6 Uhr mit einem auf der Fahrbahn liegenden Fahrzeugteil. Hierdurch wurde der Dieseltank des LKW aufgerissen, wodurch mehrere hunderte Liter Kraftstoff auf die Fahrbahn austraten. Die Autobahn in Richtung Mannheim ist zwischen der Rastst\u00e4tte Hockenheim Ost und dem Walldorfer Kreuz zur Reinigung vollgesperrt. Die Reinigungsma\u00dfnahmen dauern voraussichtlich bis 11 Uhr an. Bitte keine brennbaren Gegenst\u00e4nde aus den Fahrzeugen werfen! Ortskundige Verkehrsteilnehmer werden gebeten das Gebiet zu umfahren. Die Hintergr\u00fcnde f\u00fcr das Unfallgeschehen werden derzeit noch n\u00e4her ermittelt. Sollten Zeugen beobachtet haben, wie ein Fahrzeug vor 6 Uhr Teile im entsprechenden Bereich verloren hat, so k\u00f6nnen sich diese bei der Autobahnpolizei in Walldorf unter Tel.: 06227\/35826-0 melden.<\/p>\n\n\n\n<h3 class=\"has-text-align-center wp-block-heading\">Pressemeldung Nr. 2<\/h3>\n\n\n\n<p>Die Sperrung dauert aktuell weiter an. Nach derzeitigem Stand verlor ein Fahrzeug auf der A6 kurz vor 6 Uhr mehrere Fahrzeugteile. Mehrere nachfolgende Verkehrsteilnehmer \u00fcberfuhren diese.<\/p>\n\n\n\n<p>An einem LKW wurde hierbei, wie bereits berichtet, der Tank aufgerissen.<\/p>\n\n\n\n<p>Die Schadensh\u00f6he muss im Rahmen der Unfallermittlungen noch beziffert werden. Personen wurden nicht verletzt.<\/p>\n\n\n\n<p>Die Reinigungsarbeiten auf der Autobahn werden voraussichtlich bis in den Nachmittag hinein durchgef\u00fchrt. Es wird nachberichtet.<\/p>\n\n\n\n<p>Ortskundige Verkehrsteilnehmer werden gebeten das Gebiet zu umfahren. Der Verkehr staut sich mehrere Kilometer auf die A5 zur\u00fcck. Herannahende Verkehrsteilnehmer werden gebeten vorsichtig an das Stauende heranzufahren.<\/p>\n\n\n\n<h3 class=\"has-text-align-center wp-block-heading\">Pressemeldung Nr. 3<\/h3>\n\n\n\n<p>Die Vollsperrung auf der A 6 ist seit 14 Uhr aufgehoben. Der Verkehr normalisiert sich zusehends.<\/p>\n\n\n\n<h2 class=\"wp-block-heading\">(Schriesheim \/ Rhein-Neckar-Kreis) &#8211; Auffahrunfall; alle drei Autofahrerinnen leicht verletzt<\/h2>\n\n\n\n<p>Am Donnerstagmittag, gegen 11:30 Uhr fuhr eine 80-j\u00e4hrige Autofahrerin mit ihrem Opel Astra auf der Landstra\u00dfe (B3) in Fahrtrichtung Dossenheim.<\/p>\n\n\n\n<p>Verkehrsbedingt hielt eine 65-j\u00e4hrige Seat-Fahrerin, kurz vor der Einm\u00fcndung Schlittweg, an. Die 80-j\u00e4hrige Autofahrerin fuhr auf den Seat auf. Durch die Wucht des Aufpralls wurde der Seat wiederum auf den vor ihr ebenfalls wartenden VW Golf einer 47-j\u00e4hrigen Autofahrerin leicht aufgeschoben.<\/p>\n\n\n\n<p>Die 65- und 47-j\u00e4hrigen Autofahrerinnen kamen mit Rettungswagen in das Weinheimer Krankenhaus und wurden dort ambulant behandelt.<\/p>\n\n\n\n<p>Die 80-j\u00e4hrige Unfallverursacherin verletzte sich ebenfalls leicht und wollte selbstst\u00e4ndig zum Arzt gehen.<\/p>\n\n\n\n<p>Insgesamt entstand ein Sachschaden von circa 4.000 Euro.<\/p>\n\n\n\n<p>Die beiden unfallbesch\u00e4digten Autos, der ins Krankenhaus verbrachten Frauen, wurden im Bereich der Unfallstelle verkehrssicher abgestellt.<\/p>\n\n\n\n<p>Der Einsatz der Freiwilligen Feuerwehr Schriesheim, die wegen auslaufender Betriebsstoffe anger\u00fcckt war, war nicht erforderlich.<\/p>\n\n\n\n<h2 class=\"wp-block-heading\">(Weinheim \/ Rhein-Neckar-Kreis) &#8211; Auseinandersetzung unter Badeg\u00e4sten \/ Polizei sucht Zeugen!<\/h2>\n\n\n<div class=\"wp-block-image\">\n<figure class=\"aligncenter size-full\"><img decoding=\"async\" loading=\"lazy\" width=\"801\" height=\"600\" src=\"https:\/\/speyer24news.com\/wp-content\/uploads\/2020\/05\/Zeugen-gesucht-Neutral.jpg\" alt=\"\" class=\"wp-image-26598\" srcset=\"https:\/\/speyer24news.com\/wp-content\/uploads\/2020\/05\/Zeugen-gesucht-Neutral.jpg 801w, https:\/\/speyer24news.com\/wp-content\/uploads\/2020\/05\/Zeugen-gesucht-Neutral-300x225.jpg 300w, https:\/\/speyer24news.com\/wp-content\/uploads\/2020\/05\/Zeugen-gesucht-Neutral-768x575.jpg 768w, https:\/\/speyer24news.com\/wp-content\/uploads\/2020\/05\/Zeugen-gesucht-Neutral-678x509.jpg 678w, https:\/\/speyer24news.com\/wp-content\/uploads\/2020\/05\/Zeugen-gesucht-Neutral-326x245.jpg 326w, https:\/\/speyer24news.com\/wp-content\/uploads\/2020\/05\/Zeugen-gesucht-Neutral-80x60.jpg 80w\" sizes=\"(max-width: 801px) 100vw, 801px\" \/><\/figure><\/div>\n\n\n<p>Am Dienstag kam es zu einer Auseinandersetzung in der Salz- und Kristalltherme des Miramar, nach welcher die Polizei nun weitere Zeugen sucht.<\/p>\n\n\n\n<p>Gegen 14:30 Uhr hielt sich ein 18- und 19 Jahre altes P\u00e4rchen auf einer Sitzgelegenheit im Bereich des Au\u00dfenbeckens der Therme auf.<\/p>\n\n\n\n<p>Hier kam es zum Kontakt mit einem 28-j\u00e4hrigen, offensichtlich alkoholisierten Mann, welcher sich dort wohl gemeinsam mit zwei weiteren, jungen M\u00e4nnern aufhielt.<\/p>\n\n\n\n<p>Im weiteren Verlauf entwickelte sich ein Streit, bei welchem der 28-j\u00e4hrige Provokateur sowohl den 19-j\u00e4hrigen Mann als auch seine 18-j\u00e4hrige Freundin offenbar n\u00f6tigte, beleidigte und bedrohte.<\/p>\n\n\n\n<p>Nachdem zuvor bereits der zust\u00e4ndige Bademeister zur Schlichtung des Streites einschritt, mussten letzten Endes Beamtinnen und Beamte des Polizeireviers Schwetzingen die \u00d6rtlichkeit aufsuchen, um weitere Provokationen durch des 28-J\u00e4hrigen zu unterbinden.<\/p>\n\n\n\n<p>Personen, welche sich zur besagten Zeit als Badeg\u00e4ste im Miramar aufhielten und entsprechende Wahrnehmungen machen konnten oder wohlm\u00f6glich selbst in Kontakt mit dem 28-j\u00e4hrigen Mann standen werden gebeten, sich bei den Ermittlern unter der Telefonnummer 06201 \/ 10030 zu melden.<\/p>\n","protected":false},"excerpt":{"rendered":"<div class=\"mh-excerpt\"><p>Polizeimeldungen vom Freitag (28.10.2022) (Speyer) &#8211; Gut gesicherte Kinder bleiben bei Auffahrunfall unverletzt Am 27.10.2022 gegen 17:20 Uhr befuhr eine 30-J\u00e4hrige mit ihrem PKW die Landwehrstra\u00dfe in Richtung Iggelheimer Stra\u00dfe und musste vor Erreichen der <a class=\"mh-excerpt-more\" href=\"https:\/\/speyer24news.com\/?p=50023\" title=\"Polizeimeldungen Freitag (28.10.2022)\">[&#8230;]<\/a><\/p>\n<\/div>","protected":false},"author":3,"featured_media":26162,"comment_status":"open","ping_status":"open","sticky":false,"template":"","format":"standard","meta":{"_monsterinsights_skip_tracking":false,"_monsterinsights_sitenote_active":false,"_monsterinsights_sitenote_note":"","_monsterinsights_sitenote_category":0,"footnotes":""},"categories":[12],"tags":[7243,7244,3614,350,14537,15084,15267,14538,15361,702,61,2555,6955,6986,6263,63,105,11150,6987,53,4854,13534,4683,1548,4905,11592,102,13626,213,14325,14324,13553,13541,55,8277,6368,5261,103,106,2803,2423,427,2625,380,62,104,979,1565],"aioseo_notices":[],"amp_enabled":true,"_links":{"self":[{"href":"https:\/\/speyer24news.com\/index.php?rest_route=\/wp\/v2\/posts\/50023"}],"collection":[{"href":"https:\/\/speyer24news.com\/index.php?rest_route=\/wp\/v2\/posts"}],"about":[{"href":"https:\/\/speyer24news.com\/index.php?rest_route=\/wp\/v2\/types\/post"}],"author":[{"embeddable":true,"href":"https:\/\/speyer24news.com\/index.php?rest_route=\/wp\/v2\/users\/3"}],"replies":[{"embeddable":true,"href":"https:\/\/speyer24news.com\/index.php?rest_route=%2Fwp%2Fv2%2Fcomments&post=50023"}],"version-history":[{"count":2,"href":"https:\/\/speyer24news.com\/index.php?rest_route=\/wp\/v2\/posts\/50023\/revisions"}],"predecessor-version":[{"id":50029,"href":"https:\/\/speyer24news.com\/index.php?rest_route=\/wp\/v2\/posts\/50023\/revisions\/50029"}],"wp:featuredmedia":[{"embeddable":true,"href":"https:\/\/speyer24news.com\/index.php?rest_route=\/wp\/v2\/media\/26162"}],"wp:attachment":[{"href":"https:\/\/speyer24news.com\/index.php?rest_route=%2Fwp%2Fv2%2Fmedia&parent=50023"}],"wp:term":[{"taxonomy":"category","embeddable":true,"href":"https:\/\/speyer24news.com\/index.php?rest_route=%2Fwp%2Fv2%2Fcategories&post=50023"},{"taxonomy":"post_tag","embeddable":true,"href":"https:\/\/speyer24news.com\/index.php?rest_route=%2Fwp%2Fv2%2Ftags&post=50023"}],"curies":[{"name":"wp","href":"https:\/\/api.w.org\/{rel}","templated":true}]}}