{"id":50068,"date":"2022-11-14T14:07:12","date_gmt":"2022-11-14T13:07:12","guid":{"rendered":"https:\/\/speyer24news.com\/?p=50068"},"modified":"2022-11-14T14:11:03","modified_gmt":"2022-11-14T13:11:03","slug":"speyer-153","status":"publish","type":"post","link":"https:\/\/speyer24news.com\/?p=50068","title":{"rendered":"Speyer"},"content":{"rendered":"<style type=\"text\/css\">\r\n\t.ads_top_disp{}\r\n\t.ads_top_corner_disp{ float:left; margin:0px 10px 10px 0px; }\r\n\t.ads_first_p_disp{}\r\n\t.ads_bottom_disp{}\r\n\t<\/style>\n<h2 class=\"wp-block-heading\">Er\u00f6ffnung der Ausstellung zum Verkehrsversuch Postplatz\/Gilgenstra\u00dfe<\/h2>\n\n\n<div class=\"wp-block-image\">\n<figure class=\"aligncenter size-full\"><img decoding=\"async\" loading=\"lazy\" width=\"800\" height=\"600\" src=\"https:\/\/speyer24news.com\/wp-content\/uploads\/2022\/11\/Postplatz-Speyer-@-Speyer24News-1.jpg\" alt=\"\" class=\"wp-image-50069\" srcset=\"https:\/\/speyer24news.com\/wp-content\/uploads\/2022\/11\/Postplatz-Speyer-@-Speyer24News-1.jpg 800w, https:\/\/speyer24news.com\/wp-content\/uploads\/2022\/11\/Postplatz-Speyer-@-Speyer24News-1-300x225.jpg 300w, https:\/\/speyer24news.com\/wp-content\/uploads\/2022\/11\/Postplatz-Speyer-@-Speyer24News-1-768x576.jpg 768w, https:\/\/speyer24news.com\/wp-content\/uploads\/2022\/11\/Postplatz-Speyer-@-Speyer24News-1-678x509.jpg 678w, https:\/\/speyer24news.com\/wp-content\/uploads\/2022\/11\/Postplatz-Speyer-@-Speyer24News-1-326x245.jpg 326w, https:\/\/speyer24news.com\/wp-content\/uploads\/2022\/11\/Postplatz-Speyer-@-Speyer24News-1-80x60.jpg 80w\" sizes=\"(max-width: 800px) 100vw, 800px\" \/><\/figure><\/div>\n\n\n<p>Am <strong>Mittwoch, 16. November 2022, 17 Uhr<\/strong> er\u00f6ffnet Oberb\u00fcrgermeisterin Stefanie Seiler im Erdgeschoss der Postgalerie eine Ausstellung, die der \u00d6ffentlichkeit umfangreiche Informationen zum Verkehrsversuch am Postplatz und in der Gilgenstra\u00dfe liefert.<\/p>\n\n\n\n<p>Nach der Begr\u00fc\u00dfung durch Oberb\u00fcrgermeisterin Seiler erhalten die Teilnehmenden bei einem gemeinsamen Rundgang Informationen zum Verkehrsversuch und zum weiteren Beteiligungsprozess.<\/p>\n\n\n<div class=\"wp-block-image\">\n<figure class=\"aligncenter size-full\"><img decoding=\"async\" loading=\"lazy\" width=\"800\" height=\"550\" src=\"https:\/\/speyer24news.com\/wp-content\/uploads\/2022\/11\/Postplatz-Speyer-@-Speyer24News-2.jpg\" alt=\"\" class=\"wp-image-50070\" srcset=\"https:\/\/speyer24news.com\/wp-content\/uploads\/2022\/11\/Postplatz-Speyer-@-Speyer24News-2.jpg 800w, https:\/\/speyer24news.com\/wp-content\/uploads\/2022\/11\/Postplatz-Speyer-@-Speyer24News-2-300x206.jpg 300w, https:\/\/speyer24news.com\/wp-content\/uploads\/2022\/11\/Postplatz-Speyer-@-Speyer24News-2-768x528.jpg 768w\" sizes=\"(max-width: 800px) 100vw, 800px\" \/><\/figure><\/div>\n\n\n<p>Die Ausstellung bietet die M\u00f6glichkeit, sich \u00fcber den dreistufigen Verkehrsversuch und die Umgestaltung des Postplatzes zu informieren, sich aktiv einzubringen und mit den Akteurinnen und Akteuren in den Austausch zu treten. Bis Januar 2023 kann die Ausstellung mit ihren zahlreichen gro\u00dfformatigen Plakaten besichtigt werden. Besonders interessierte Speyererinnen und Speyerer haben auch die M\u00f6glichkeit, sich mit ihren Fragen direkt an das begleitende B\u00fcro Stadtberatung Dr. Sven Fries und an die Stadtverwaltung zu wenden. <\/p>\n\n\n\n<h3 class=\"wp-block-heading\">All jene, die diese M\u00f6glichkeit wahrnehmen m\u00f6chten, werden um Anmeldung bei Sabrina Albers oder Tina Nitschke gebeten:<\/h3>\n\n\n\n<ul><li><strong>Sabrina Albers<\/strong><\/li><li><strong>Stadt Speyer, B\u00fcrgerbeteiligung<\/strong><\/li><li><strong>Tel.: 06232 14-2236<\/strong><\/li><li><strong><a href=\"mailto:sabrina.albers@stadt-speyer.de\" target=\"_blank\" rel=\"noreferrer noopener\">sabrina.albers@stadt-speyer.de<\/a><\/strong><\/li><\/ul>\n\n\n\n<ul><li><strong>Tina Nitschke<\/strong><\/li><li><strong>Stadtberatung Dr. Sven Fries<\/strong><\/li><li><strong>Tel.: 06232 87093-44<\/strong><\/li><li><strong><a href=\"mailto:postplatz@stadtberatung.info\" target=\"_blank\" rel=\"noreferrer noopener\">postplatz@stadtberatung.info<\/a><\/strong><\/li><\/ul>\n\n\n\n<h4 class=\"wp-block-heading\">Weitere Informationen gibt es ab dem 16. November 2022 auch unter&nbsp;<a href=\"https:\/\/deref-web.de\/mail\/client\/fw_Y7EbBCbA\/dereferrer\/?redirectUrl=http%3A%2F%2Fwww.speyer.de%2Fpostplatz\" target=\"_blank\" rel=\"noreferrer noopener\"><strong>www.speyer.de\/postplatz<\/strong><\/a>.<\/h4>\n\n\n\n<p><em>Text: Stadtverwaltung Speyer Foto: Speyer 24\/7 News<br>11.11.2022<\/em><\/p>\n","protected":false},"excerpt":{"rendered":"<div class=\"mh-excerpt\"><p>Er\u00f6ffnung der Ausstellung zum Verkehrsversuch Postplatz\/Gilgenstra\u00dfe Am Mittwoch, 16. November 2022, 17 Uhr er\u00f6ffnet Oberb\u00fcrgermeisterin Stefanie Seiler im Erdgeschoss der Postgalerie eine Ausstellung, die der \u00d6ffentlichkeit umfangreiche Informationen zum Verkehrsversuch am Postplatz und in der <a class=\"mh-excerpt-more\" href=\"https:\/\/speyer24news.com\/?p=50068\" title=\"Speyer\">[&#8230;]<\/a><\/p>\n<\/div>","protected":false},"author":3,"featured_media":46477,"comment_status":"open","ping_status":"open","sticky":false,"template":"","format":"standard","meta":{"_monsterinsights_skip_tracking":false,"_monsterinsights_sitenote_active":false,"_monsterinsights_sitenote_note":"","_monsterinsights_sitenote_category":0,"footnotes":""},"categories":[9,13],"tags":[15498,1008,7101,5477,5478,3912,699,5650,5651,6,15496,15497],"aioseo_notices":[],"amp_enabled":true,"_links":{"self":[{"href":"https:\/\/speyer24news.com\/index.php?rest_route=\/wp\/v2\/posts\/50068"}],"collection":[{"href":"https:\/\/speyer24news.com\/index.php?rest_route=\/wp\/v2\/posts"}],"about":[{"href":"https:\/\/speyer24news.com\/index.php?rest_route=\/wp\/v2\/types\/post"}],"author":[{"embeddable":true,"href":"https:\/\/speyer24news.com\/index.php?rest_route=\/wp\/v2\/users\/3"}],"replies":[{"embeddable":true,"href":"https:\/\/speyer24news.com\/index.php?rest_route=%2Fwp%2Fv2%2Fcomments&post=50068"}],"version-history":[{"count":2,"href":"https:\/\/speyer24news.com\/index.php?rest_route=\/wp\/v2\/posts\/50068\/revisions"}],"predecessor-version":[{"id":50074,"href":"https:\/\/speyer24news.com\/index.php?rest_route=\/wp\/v2\/posts\/50068\/revisions\/50074"}],"wp:featuredmedia":[{"embeddable":true,"href":"https:\/\/speyer24news.com\/index.php?rest_route=\/wp\/v2\/media\/46477"}],"wp:attachment":[{"href":"https:\/\/speyer24news.com\/index.php?rest_route=%2Fwp%2Fv2%2Fmedia&parent=50068"}],"wp:term":[{"taxonomy":"category","embeddable":true,"href":"https:\/\/speyer24news.com\/index.php?rest_route=%2Fwp%2Fv2%2Fcategories&post=50068"},{"taxonomy":"post_tag","embeddable":true,"href":"https:\/\/speyer24news.com\/index.php?rest_route=%2Fwp%2Fv2%2Ftags&post=50068"}],"curies":[{"name":"wp","href":"https:\/\/api.w.org\/{rel}","templated":true}]}}