{"id":50201,"date":"2022-12-02T09:29:25","date_gmt":"2022-12-02T08:29:25","guid":{"rendered":"https:\/\/speyer24news.com\/?p=50201"},"modified":"2022-12-31T10:20:43","modified_gmt":"2022-12-31T09:20:43","slug":"fahndung-nach-raub","status":"publish","type":"post","link":"https:\/\/speyer24news.com\/?p=50201","title":{"rendered":"Fahndung nach Raub"},"content":{"rendered":"<style type=\"text\/css\">\r\n\t.ads_top_disp{}\r\n\t.ads_top_corner_disp{ float:left; margin:0px 10px 10px 0px; }\r\n\t.ads_first_p_disp{}\r\n\t.ads_bottom_disp{}\r\n\t<\/style>\n<h2 class=\"wp-block-heading\">(Schwetzingen \/ Rhein-Neckar-Kreis) &#8211; R\u00fccknahme der \u00d6ffentlichkeitsfahndung nach Raub \/ Tatverd\u00e4chtiger hat sich gestellt<\/h2>\n\n\n<div class=\"wp-block-image\">\n<figure class=\"aligncenter size-full\"><img decoding=\"async\" loading=\"lazy\" width=\"800\" height=\"533\" src=\"https:\/\/speyer24news.com\/wp-content\/uploads\/2020\/06\/Zelle.jpg\" alt=\"\" class=\"wp-image-28203\" srcset=\"https:\/\/speyer24news.com\/wp-content\/uploads\/2020\/06\/Zelle.jpg 800w, https:\/\/speyer24news.com\/wp-content\/uploads\/2020\/06\/Zelle-300x200.jpg 300w, https:\/\/speyer24news.com\/wp-content\/uploads\/2020\/06\/Zelle-768x512.jpg 768w\" sizes=\"(max-width: 800px) 100vw, 800px\" \/><figcaption class=\"wp-element-caption\">Beispielbild Zelle \/ Verhaftung, dient lediglich der Visualisierung<\/figcaption><\/figure><\/div>\n\n\n<p>Wie berichtet kam es am Samstagabend des 01.10.2022 zu einem Raub\u00fcberfall auf einen Einkaufsmarkt in der Schubertstra\u00dfe, bei dem von der Kassiererin unter Vorhalt einer Waffe Bargeld erbeutet wurde. Nach dem Tatverd\u00e4chtigen wurde seit Anfang Dezember per \u00d6ffentlichkeitsfahndung mit Lichtbildern gesucht. Unter dem Druck der Fahndung hat sich der 25-j\u00e4hrige Tatverd\u00e4chtige am 28.12.2022 bei der Polizei gestellt. Er wurde am 29.12.2022 der Haft- und Ermittlungsrichterin am Amtsgericht Mannheim vorgef\u00fchrt, die den Untersuchungshaftbefehl in Vollzug setzte. Anschlie\u00dfend wurde der Beschuldigte in eine Justizvollzugsanstalt eingeliefert.<\/p>\n\n\n\n<p>Die \u00d6ffentlichkeitsfahndung wird daher zur\u00fcckgenommen.<\/p>\n\n\n\n<p>Die Ermittlungen der Kriminalpolizeidirektion Heidelberg &#8211; Kriminalkommissariat Mannheim und der Staatsanwaltschaft Mannheim dauern an.<\/p>\n\n\n\n<p><em>Polizeipr\u00e4sidium Mannheim<br>30.12.2022<\/em><\/p>\n\n\n\n<h2 class=\"wp-block-heading\">\u00d6ffentlichkeitsfahndung der Polizei nach Raub<\/h2>\n\n\n\n<p><strong>(Schwetzingen \/ Rhein-Neckar-Kreis) \u2013 <\/strong>Ein bislang unbekannter T\u00e4ter betrat am Samstagabend, den 01.10., gegen 19:50 Uhr einen Einkaufsmarkt in der Schubertstra\u00dfe und forderte im Kassenbereich unter Vorhalt eines Revolvers Bargeld von einer Angestellten. Mit mehreren hundert Euro fl\u00fcchtete der Tatverd\u00e4chtige schlie\u00dflich zu Fu\u00df. Die Angestellte blieb unverletzt.<\/p>\n\n\n\n<h3 class=\"wp-block-heading\">Der T\u00e4ter wird wie folgt beschrieben:<\/h3>\n\n\n\n<ul>\n<li><strong>m\u00e4nnlich<\/strong><\/li>\n\n\n\n<li><strong>zwischen 1,70 und 1,75 Meter gro\u00df<\/strong><\/li>\n\n\n\n<li><strong>normale Statur<\/strong><\/li>\n\n\n\n<li><strong>heller Hauttyp<\/strong><\/li>\n\n\n\n<li><strong>blaue Augen<\/strong><\/li>\n\n\n\n<li><strong>ca. 25 bis 35 Jahre alt<\/strong><\/li>\n<\/ul>\n\n\n\n<ul>\n<li><strong>Der unbekannte T\u00e4ter trug eine verwaschene, blaue Jeanshose, einer dunklen Kapuzenjacke, eine dunkle M\u00fctze und eine wei\u00dfe FFP 2-Maske.<\/strong><\/li>\n\n\n\n<li><strong>Zudem trug er eine gro\u00dffl\u00e4chige T\u00e4towierung auf dem linken Handr\u00fccken und allen Fingergliedern sowie eine gro\u00dffl\u00e4chige, schwarze T\u00e4towierung an der Vorderseite des Halses.<\/strong><\/li>\n<\/ul>\n\n\n\n<p>Das Raubdezernat des Kriminalkommissariats Mannheim hat die weiteren Ermittlungen aufgenommen.<\/p>\n\n\n\n<p>Die Polizei bittet um Mithilfe aus der Bev\u00f6lkerung. Zeugen, die sachdienliche Hinweise geben k\u00f6nnen, werden gebeten, sich unter der Tel.: 0621\/174-4444 bei der Kriminalpolizei Heidelberg zu melden oder den polizeilichen Notruf 110 w\u00e4hlen.<\/p>\n\n\n\n<p><em>Polizeipr\u00e4sidium Mannheim<br>01.12.2022<\/em><\/p>\n","protected":false},"excerpt":{"rendered":"<div class=\"mh-excerpt\"><p>(Schwetzingen \/ Rhein-Neckar-Kreis) &#8211; R\u00fccknahme der \u00d6ffentlichkeitsfahndung nach Raub \/ Tatverd\u00e4chtiger hat sich gestellt Wie berichtet kam es am Samstagabend des 01.10.2022 zu einem Raub\u00fcberfall auf einen Einkaufsmarkt in der Schubertstra\u00dfe, bei dem von der <a class=\"mh-excerpt-more\" href=\"https:\/\/speyer24news.com\/?p=50201\" title=\"Fahndung nach Raub\">[&#8230;]<\/a><\/p>\n<\/div>","protected":false},"author":3,"featured_media":34196,"comment_status":"open","ping_status":"open","sticky":false,"template":"","format":"standard","meta":{"_monsterinsights_skip_tracking":false,"_monsterinsights_sitenote_active":false,"_monsterinsights_sitenote_note":"","_monsterinsights_sitenote_category":0,"footnotes":""},"categories":[12],"tags":[15548,1751,15545,10728,10474,2388,15544,8199,15541,11985,15547,15542,1750,15543,15546],"aioseo_notices":[],"amp_enabled":true,"_links":{"self":[{"href":"https:\/\/speyer24news.com\/index.php?rest_route=\/wp\/v2\/posts\/50201"}],"collection":[{"href":"https:\/\/speyer24news.com\/index.php?rest_route=\/wp\/v2\/posts"}],"about":[{"href":"https:\/\/speyer24news.com\/index.php?rest_route=\/wp\/v2\/types\/post"}],"author":[{"embeddable":true,"href":"https:\/\/speyer24news.com\/index.php?rest_route=\/wp\/v2\/users\/3"}],"replies":[{"embeddable":true,"href":"https:\/\/speyer24news.com\/index.php?rest_route=%2Fwp%2Fv2%2Fcomments&post=50201"}],"version-history":[{"count":2,"href":"https:\/\/speyer24news.com\/index.php?rest_route=\/wp\/v2\/posts\/50201\/revisions"}],"predecessor-version":[{"id":50683,"href":"https:\/\/speyer24news.com\/index.php?rest_route=\/wp\/v2\/posts\/50201\/revisions\/50683"}],"wp:featuredmedia":[{"embeddable":true,"href":"https:\/\/speyer24news.com\/index.php?rest_route=\/wp\/v2\/media\/34196"}],"wp:attachment":[{"href":"https:\/\/speyer24news.com\/index.php?rest_route=%2Fwp%2Fv2%2Fmedia&parent=50201"}],"wp:term":[{"taxonomy":"category","embeddable":true,"href":"https:\/\/speyer24news.com\/index.php?rest_route=%2Fwp%2Fv2%2Fcategories&post=50201"},{"taxonomy":"post_tag","embeddable":true,"href":"https:\/\/speyer24news.com\/index.php?rest_route=%2Fwp%2Fv2%2Ftags&post=50201"}],"curies":[{"name":"wp","href":"https:\/\/api.w.org\/{rel}","templated":true}]}}