{"id":50297,"date":"2022-12-08T10:59:34","date_gmt":"2022-12-08T09:59:34","guid":{"rendered":"https:\/\/speyer24news.com\/?p=50297"},"modified":"2022-12-08T15:35:24","modified_gmt":"2022-12-08T14:35:24","slug":"stadtnotizen-verkehrsnotizen-speyer-28","status":"publish","type":"post","link":"https:\/\/speyer24news.com\/?p=50297","title":{"rendered":"Stadtnotizen &#038; Verkehrsnotizen Speyer"},"content":{"rendered":"<style type=\"text\/css\">\r\n\t.ads_top_disp{}\r\n\t.ads_top_corner_disp{ float:left; margin:0px 10px 10px 0px; }\r\n\t.ads_first_p_disp{}\r\n\t.ads_bottom_disp{}\r\n\t<\/style>\n<h2 class=\"has-text-align-center wp-block-heading\">Stadtnotizen<\/h2>\n\n\n<div class=\"wp-block-image\">\n<figure class=\"aligncenter size-full\"><img decoding=\"async\" loading=\"lazy\" width=\"800\" height=\"600\" src=\"https:\/\/speyer24news.com\/wp-content\/uploads\/2020\/01\/Speyer-Stadtnachrichten-2.jpg\" alt=\"\" class=\"wp-image-23901\" srcset=\"https:\/\/speyer24news.com\/wp-content\/uploads\/2020\/01\/Speyer-Stadtnachrichten-2.jpg 800w, https:\/\/speyer24news.com\/wp-content\/uploads\/2020\/01\/Speyer-Stadtnachrichten-2-300x225.jpg 300w, https:\/\/speyer24news.com\/wp-content\/uploads\/2020\/01\/Speyer-Stadtnachrichten-2-768x576.jpg 768w, https:\/\/speyer24news.com\/wp-content\/uploads\/2020\/01\/Speyer-Stadtnachrichten-2-678x509.jpg 678w, https:\/\/speyer24news.com\/wp-content\/uploads\/2020\/01\/Speyer-Stadtnachrichten-2-326x245.jpg 326w, https:\/\/speyer24news.com\/wp-content\/uploads\/2020\/01\/Speyer-Stadtnachrichten-2-80x60.jpg 80w\" sizes=\"(max-width: 800px) 100vw, 800px\" \/><\/figure><\/div>\n\n\n<h2 class=\"wp-block-heading\">W\u00fcnsche(weiter)leiter: Zum Weihnachtsfest wieder Herzensw\u00fcnsche erf\u00fcllen<\/h2>\n\n\n<div class=\"wp-block-image\">\n<figure class=\"aligncenter size-full\"><img decoding=\"async\" loading=\"lazy\" width=\"800\" height=\"595\" src=\"https:\/\/speyer24news.com\/wp-content\/uploads\/2022\/12\/Leiter.jpg\" alt=\"\" class=\"wp-image-50298\" srcset=\"https:\/\/speyer24news.com\/wp-content\/uploads\/2022\/12\/Leiter.jpg 800w, https:\/\/speyer24news.com\/wp-content\/uploads\/2022\/12\/Leiter-300x223.jpg 300w, https:\/\/speyer24news.com\/wp-content\/uploads\/2022\/12\/Leiter-768x571.jpg 768w, https:\/\/speyer24news.com\/wp-content\/uploads\/2022\/12\/Leiter-80x60.jpg 80w\" sizes=\"(max-width: 800px) 100vw, 800px\" \/><figcaption><em>v.l.: <\/em>Oberb\u00fcrgermeisterin Stefanie Seiler, B\u00fcrgermeisterin Monika Kabs, Michael Schmitt<br><em>Foto: \u00a9 Stadt Speyer<\/em><\/figcaption><\/figure><\/div>\n\n\n<p>Weihnachten ohne Geschenke \u2013 f\u00fcr die meisten Menschen unvorstellbar. Doch wer beschenkt Seniorinnen und Senioren, die keine Angeh\u00f6rigen mehr haben und deren Rente zu knapp ist, um sich selbst einen Wunsch zu erf\u00fcllen? Dieser Gedanke inspirierte die Stadt Speyer bereits 2019 zur ersten Weihnachtsw\u00fcnscheaktion f\u00fcr bed\u00fcrftige Senior*innen, die Jahr um Jahr gewachsen und auf eine \u00fcberw\u00e4ltigende Resonanz in der Bev\u00f6lkerung gesto\u00dfen ist.<\/p>\n\n\n\n<p>\u201eSelbst in den letzten beiden Jahren, in denen die Corona-Pandemie die \u00e4u\u00dferen Umst\u00e4nde bedeutend erschwert hat, haben sich hunderte von Menschen an der Aktion beteiligt, Herzen gepfl\u00fcckt, das Gew\u00fcnschte besorgt und liebevoll verpackte P\u00e4ckchen bei uns abgegeben, damit auch die Seniorinnen und Senioren in den Speyerer Einrichtungen einen besonderen Gl\u00fccksmoment unter dem Weihnachtsbaum erleben konnten\u201c, erinnert sich Oberb\u00fcrgermeisterin Stefanie Seiler. \u201eWir wissen, dass dieses Jahr f\u00fcr viele Menschen gro\u00dfe finanzielle Herausforderungen mit sich bringt. Trotzdem w\u00fcrden wir uns freuen, wenn wir beim Erf\u00fcllen der bescheidenen W\u00fcnsche der Seniorinnen und Senioren wieder \u00e4hnlich viel Unterst\u00fctzung erfahren w\u00fcrden, wie in den Vorjahren\u201c, so Seiler weiter.<\/p>\n\n\n\n<p>Auch B\u00fcrgermeisterin und Sozialdezernentin Monika Kabs freut sich \u00fcber die Wiederholung der Aktion: \u201eUns erreichen aus den Seniorenheimen zahlreiche herzerw\u00e4rmende R\u00fcckmeldungen dar\u00fcber, wie gut die Geschenke angekommen sind. Viele Beschenkte haben zum ersten Mal seit langem ein eigenes Geschenk auspacken d\u00fcrfen, waren erstaunt \u00fcber die Gro\u00dfz\u00fcgigkeit der Schenkenden und haben sich an den liebevoll gestalteten P\u00e4ckchen und pers\u00f6nlichen Weihnachtsgr\u00fc\u00dfen erfreut. Im Namen der Stadt Speyer danke ich daher von Herzen den Schenkenden sowie allen an der Organisation beteiligten Personen, die den nicht unerheblichen Mehraufwand stemmen \u2013 bei der Stadt und in den Einrichtungen\u201c.<\/p>\n\n\n\n<p>Am Montag, 5. Dezember 2022 wurde im Modehaus Schmitt (Maximilianstra\u00dfe 15), dessen Inhaber Michael Schmitt erneut als Kooperationspartner f\u00fcr die Aktion gewonnen werden konnte, eine weihnachtlich dekorierte \u201eW\u00fcnsche(weiter)leiter\u201c aufgestellt. An deren Sprossen sind W\u00fcnsche aufgeh\u00e4ngt, die von den Bewohner*innen von drei Speyerer Seniorenheimen aufgeschrieben wurden und einen Maximalwert von 30 Euro haben.<\/p>\n\n\n\n<p>Wer helfen m\u00f6chte, nimmt sich eine oder mehrere Karten von der Leiter und kauft das gew\u00fcnschte Geschenk ein. Das gerne weihnachtlich verpackte P\u00e4ckchen sollte \u2013 versehen mit dem Namen des W\u00fcnschenden und der auf dem Wunschzettel aufgedruckten Nummer \u2013 bis sp\u00e4testens Donnerstag, 22. Dezember bei der Stadt Speyer, Maximilianstra\u00dfe 100, Zimmer 104 abgegeben werden, damit die Senior*innen ihre Geschenke p\u00fcnktlich zu Heiligabend erhalten. Die \u00dcbergabe erfolgt am 23. Dezember durch Mitarbeiter*innen der Stadtverwaltung.<\/p>\n\n\n\n<p>Fragen zur Weihnachtsw\u00fcnscheaktion f\u00fcr Senior*innen beantwortet Heidi Jester, Abteilung Wirtschaftsf\u00f6rderung, unter 06232-142748 oder per Mail an&nbsp;<a href=\"mailto:heidi.jester@stadt-speyer.de\" target=\"_blank\" rel=\"noreferrer noopener\">heidi.jester@stadt-speyer.de<\/a>.<\/p>\n\n\n\n<p><em>Stadtverwaltung Speyer<br>06.12.2022<\/em><\/p>\n\n\n\n<h2 class=\"wp-block-heading\">\u201eDer schwarze Kaiser\u201c &#8211; Bilderschau mit Lesung am Montag, 12. Dezember, 18 Uhr im Stadtratssitzungssaal&nbsp;<\/h2>\n\n\n<div class=\"wp-block-image\">\n<figure class=\"aligncenter size-full\"><img decoding=\"async\" loading=\"lazy\" width=\"800\" height=\"609\" src=\"https:\/\/speyer24news.com\/wp-content\/uploads\/2022\/12\/Foto@Lenz_kaiser.jpg\" alt=\"\" class=\"wp-image-50307\" srcset=\"https:\/\/speyer24news.com\/wp-content\/uploads\/2022\/12\/Foto@Lenz_kaiser.jpg 800w, https:\/\/speyer24news.com\/wp-content\/uploads\/2022\/12\/Foto@Lenz_kaiser-300x228.jpg 300w, https:\/\/speyer24news.com\/wp-content\/uploads\/2022\/12\/Foto@Lenz_kaiser-768x585.jpg 768w, https:\/\/speyer24news.com\/wp-content\/uploads\/2022\/12\/Foto@Lenz_kaiser-80x60.jpg 80w\" sizes=\"(max-width: 800px) 100vw, 800px\" \/><figcaption> Der Autor und K\u00fcnstler Michael Lauter gemeinsam mit der Witwe Herta Kaiser.<br><em>Foto: \u00a9 Fotoagentur Lenz<\/em><\/figcaption><\/figure><\/div>\n\n\n<p>In Zusammenarbeit mit der 95 j\u00e4hrigen Witwe Herta Kaiser hat der Autor und K\u00fcnstler Michael Lauter die bewegende Lebensgeschichte des Speyers Josef Kaiser verfasst. Als Sohn eines dunkelh\u00e4utigen franz\u00f6sischen Besatzungssoldaten und einer Speyrerin kommt Kaiser 1921 in Speyer zur Welt. Er erf\u00e4hrt bittere Armut und wird wegen seiner Hautfarbe ausgegrenzt. Er arbeitet als Zirkusartist und versucht als Schiffsjunge vor den Nazis zu fliehen, die ihn 1937 zwangssterilisieren wollen. Diese spannende und ungemein ber\u00fchrende Lebensgeschichte hat Michael Lauter gr\u00fcndlich erforscht und dabei&nbsp; bisher unentdecktes Archivmaterial verwertet. In einem reich bebilderten Buch, einer Art Grafic Novel, hat er \u00fcber zwei Jahre ein lange verdr\u00e4ngtes Kapitel der NS-Zeit aufgearbeitet und in Text und Bild eindrucksvoll festgehalten.<\/p>\n\n\n\n<p>Nachdem die beiden vorangegangenen Veranstaltungen einen sehr gro\u00dfen Zuspruch fanden, stellt Lauter sein Buch \u201eDer schwarze Kaiser &#8211; Die Geschichte des Josef Kaiser aus Speyer\u201c noch einmal in einer Bilderschau mit Lesung am&nbsp;<strong>Montag, 12. Dezember um 18 Uhr<\/strong>&nbsp;im Stadtratssitzungssaal vor. Die Witwe von Josef Kaiser, Herta Kaiser-Grimm, wird ebenfalls anwesend sein. Der Eintritt ist frei.<\/p>\n\n\n\n<p><em>Text: Stadtverwaltung Speyer Foto: \u00a9 Fotoagentur Lenz<br>06.12.2022<\/em><\/p>\n\n\n\n<h2 class=\"wp-block-heading\">Erneute Offenlage des Bebauungsplans \u201e\u00d6stliches Erlichgebiet \u2013 \u00c4nderungsplanung Waldstra\u00dfe\u201c<\/h2>\n\n\n\n<p>Wie bereits berichtet, wird f\u00fcr ein brachliegendes&nbsp; Grundst\u00fcck in der Waldstra\u00dfe in Speyer ein neuer Bebauungsplan aufgestellt, der die planungsrechtlichen Voraussetzungen f\u00fcr die dort vorgesehene Wohnbebauung schaffen, eine geordnete st\u00e4dtebauliche Entwicklung gew\u00e4hrleisten und der Deckung der Wohnbed\u00fcrfnisse der Bev\u00f6lkerung Rechnung tragen soll. F\u00fcr diesen Bebauungsplan \u201e\u00d6stliches Erlichgebiet \u2013 \u00c4nderungsplanung Waldstra\u00dfe\u201c bestand bereits vom 22. M\u00e4rz 2021 bis zum 22. April 2021 f\u00fcr die \u00d6ffentlichkeit die M\u00f6glichkeit, Stellung zu nehmen. Aufgrund der eingegangenen Stellungahmen und der Konkretisierung der Planung hat der Rat der Stadt Speyer am 17. November 2022 die erneute Beteiligung und Auslegung des Bebauungsplanes beschlossen. Daher besteht ab dem 5. Dezember 2022 bis einschlie\u00dflich 18. Januar 2023 die M\u00f6glichkeit, zu den Planungen erneut Stellung zu nehmen.<\/p>\n\n\n\n<p>Der erneute Planentwurf inklusive der zugeh\u00f6rigen Unterlagen kann in der o.g. Zeit an der Informationstafel der Stadtverwaltung Speyer, Maximilianstra\u00dfe 100, Erdgeschoss bzw. erg\u00e4nzend im 3. OG, Zimmer 303, w\u00e4hrend der Dienststunden (von Montag bis Donnerstag von 8.00 bis 12.00 und 14.00 bis 16.00 Uhr und Freitag von 8.00 bis 12.00 Uhr) sowie nach Vereinbarung eingesehen werden. Es besteht die M\u00f6glichkeit, Ausk\u00fcnfte und Informationen zu erhalten bzw. den Plan zu er\u00f6rtern und sich auch zu \u00e4u\u00dfern. W\u00e4hrend der Auslegungsfrist k\u00f6nnen Stellungnahmen, Anregungen und Bedenken zu dem Bebauungsplanentwurf schriftlich oder zur Niederschrift vorgetragen werden. Gutachten, Begleitplanungen und zitierte DIN-Normen k\u00f6nnen auf Anfrage eingesehen werden.<\/p>\n\n\n\n<p>Der erneute Entwurf des Bebauungsplans und der \u00f6rtlichen Bauvorschriften Nr. 016 A \u201e\u00d6stliches Erlichgebiet \u2013 \u00c4nderungsplanung Waldstra\u00dfe\u201c mit der Planzeichnung, den textlichen Festsetzungen und \u00f6rtlichen Bauvorschriften, dem VEP, der Begr\u00fcndung, sowie den Anlagen zum Bebauungsplan wird auf der Website der Stadtverwaltung Speyer (<a href=\"https:\/\/deref-web.de\/mail\/client\/EVeYjXDItks\/dereferrer\/?redirectUrl=https%3A%2F%2Fwww.speyer.de%2Fde%2Fstandort%2Fbauen%2Fbauleitplaene-im-verfahren%2F016-a-oestliches-erlichgebiet-aenderungsplanung-waldstrasse-vorhabenbezogener-bebauungsplan%2F\" target=\"_blank\" rel=\"noreferrer noopener\">https:\/\/www.speyer.de\/de\/standort\/bauen\/bauleitplaene-im-verfahren\/016-a-oestliches-erlichgebiet-aenderungsplanung-waldstrasse-vorhabenbezogener-bebauungsplan\/<\/a>) eingestellt.<\/p>\n\n\n\n<p>Stellungnahmen k\u00f6nnen schriftlich, per E-Mail oder per Onlineformular \u00fcber&nbsp;<a href=\"https:\/\/deref-web.de\/mail\/client\/L0l0XhMCQHQ\/dereferrer\/?redirectUrl=http%3A%2F%2Fwww.speyer.de%2F016a-onlineformular\" target=\"_blank\" rel=\"noreferrer noopener\">www.speyer.de\/016a-onlineformular<\/a>&nbsp;&lt;<a href=\"https:\/\/deref-web.de\/mail\/client\/L0l0XhMCQHQ\/dereferrer\/?redirectUrl=http%3A%2F%2Fwww.speyer.de%2F016a-onlineformular\" target=\"_blank\" rel=\"noreferrer noopener\">http:\/\/www.speyer.de\/016a-onlineformular<\/a>&gt;&nbsp; wie auch zur Niederschrift zu den oben genannten Zeiten jeweils unter Angabe von Namen und Adresse abgegeben werden.<\/p>\n\n\n\n<p>Unter der Telefonnummer 06232-14-2408 oder der E-Mail-Adresse:&nbsp;<a href=\"mailto:Stadtplanung@Stadt-Speyer.de\">Stadtplanung@Stadt-Speyer.de<\/a>&nbsp;&nbsp;k\u00f6nnen Unterlagen angefordert, Ausk\u00fcnfte erteilt und Termine vereinbart werden.<\/p>\n\n\n\n<p><em>Stadtverwaltung Speyer<br>05.12.2022<\/em><\/p>\n\n\n\n<h2 class=\"wp-block-heading\">Wintergeschichten im Wald: Outdoor-Veranstaltung f\u00fcr Familien<\/h2>\n\n\n<div class=\"wp-block-image\">\n<figure class=\"aligncenter size-full\"><img decoding=\"async\" loading=\"lazy\" width=\"800\" height=\"600\" src=\"https:\/\/speyer24news.com\/wp-content\/uploads\/2022\/12\/Waldweihnachtsbaum-Weihnachten-Tiere-2-1.jpg\" alt=\"\" class=\"wp-image-50308\" srcset=\"https:\/\/speyer24news.com\/wp-content\/uploads\/2022\/12\/Waldweihnachtsbaum-Weihnachten-Tiere-2-1.jpg 800w, https:\/\/speyer24news.com\/wp-content\/uploads\/2022\/12\/Waldweihnachtsbaum-Weihnachten-Tiere-2-1-300x225.jpg 300w, https:\/\/speyer24news.com\/wp-content\/uploads\/2022\/12\/Waldweihnachtsbaum-Weihnachten-Tiere-2-1-768x576.jpg 768w, https:\/\/speyer24news.com\/wp-content\/uploads\/2022\/12\/Waldweihnachtsbaum-Weihnachten-Tiere-2-1-678x509.jpg 678w, https:\/\/speyer24news.com\/wp-content\/uploads\/2022\/12\/Waldweihnachtsbaum-Weihnachten-Tiere-2-1-326x245.jpg 326w, https:\/\/speyer24news.com\/wp-content\/uploads\/2022\/12\/Waldweihnachtsbaum-Weihnachten-Tiere-2-1-80x60.jpg 80w\" sizes=\"(max-width: 800px) 100vw, 800px\" \/><\/figure><\/div>\n\n\n<p>Gemeinsam mit Familien erkunden Lea Zander von der Stadtbibliothek Speyer und&nbsp;Volker Westermann von der Rucksackschule&nbsp;den Speyerer Winterwald.&nbsp;<\/p>\n\n\n\n<p>Am <strong>Freitag, 9. Dezember 2022<\/strong> werden&nbsp;Weihnachts- und Wintergeschichten vorgelesen und der Frage nachgegangen, wie die Tiere den Winter \u00fcberstehen. Als \u00dcberraschung f\u00fcr die Tiere des Waldes wird gemeinsam ein Baum geschm\u00fcckt.&nbsp;Dazu sollte jedes Kind ein tiergerechtes Geschenk wie \u00c4pfel,&nbsp;M\u00f6hren oder N\u00fcsse sowie ein Schneidebrettchen mitbringen.&nbsp;<\/p>\n\n\n\n<p>Die zweist\u00fcndige&nbsp;Veranstaltung&nbsp;f\u00fcr Familien mit Kindern ab sechs Jahren ist kostenlos.&nbsp;Treffpunkt ist um 15.30 Uhr&nbsp;an der Blockh\u00fctte bei der Walderholung (Iggelheimer Str. 21).<\/p>\n\n\n\n<h4 class=\"wp-block-heading\">Eine vorherige Anmeldung per E-Mail an&nbsp;<a href=\"mailto:stadtbibliothek@stadt-speyer.de\" target=\"_blank\" rel=\"noreferrer noopener\">stadtbibliothek@stadt-speyer.de<\/a>&nbsp;oder telefonisch unter 06232 14-1380&nbsp;ist erforderlich.<\/h4>\n\n\n\n<p><em>Text: Stadtverwaltung Speyer Foto: \u00a9 Speyer 24\/7 News<br>05.12.2022<\/em><\/p>\n\n\n\n<h2 class=\"wp-block-heading\">Besinnliches bei den Literaturfreunden<\/h2>\n\n\n<div class=\"wp-block-image\">\n<figure class=\"aligncenter size-full\"><img decoding=\"async\" loading=\"lazy\" width=\"800\" height=\"579\" src=\"https:\/\/speyer24news.com\/wp-content\/uploads\/2022\/12\/Literaturfreunde-Seniorenbuero-Speyer.jpg\" alt=\"\" class=\"wp-image-50310\" srcset=\"https:\/\/speyer24news.com\/wp-content\/uploads\/2022\/12\/Literaturfreunde-Seniorenbuero-Speyer.jpg 800w, https:\/\/speyer24news.com\/wp-content\/uploads\/2022\/12\/Literaturfreunde-Seniorenbuero-Speyer-300x217.jpg 300w, https:\/\/speyer24news.com\/wp-content\/uploads\/2022\/12\/Literaturfreunde-Seniorenbuero-Speyer-768x556.jpg 768w\" sizes=\"(max-width: 800px) 100vw, 800px\" \/><\/figure><\/div>\n\n\n<p>Am <strong>Freitag, 9. Dezember 2022<\/strong>, um 16 Uhr treffen sich die Literaturfreunde des Seniorenb\u00fcros zu einer adventlichen Stunde im Veranstaltungsraum im Maulbronner Hof 1a. Bei dieser Gelegenheit stellt Vera Dreyer eine Weihnachtserz\u00e4hlung der schwedischen Schriftstellerin Selma Lagerl\u00f6f vor, die 1909 als erste Frau den Nobelpreis f\u00fcr Literatur erhielt. Eine Anmeldung ist nicht notwendig.<\/p>\n\n\n\n<p>Leider konnte Joachim Ro\u00dfhirt beim letzten Treffen nicht, wie vorgesehen, den Roman von Claire Keegan vorstellen. Der Termin wird aber nachgeholt und entsprechend angek\u00fcndigt, sobald der Verlag in der Lage ist, die zweite Auflage des Buches zu drucken. Alternativ sprach Ro\u00dfhirt daher \u00fcber den letztj\u00e4hrigen Literaturnobelpreistr\u00e4ger Abdulrazak Gurnah und seinen Roman \u201eNachtleben\u201c, eine Familiengeschichte im ehemals Deutsch-Ostafrika von der Kolonialherrschaft bis heute.<\/p>\n\n\n\n<p><em>Stadtverwaltung Speyer<br>01.12.2022<\/em><\/p>\n\n\n\n<h2 class=\"wp-block-heading\">Museum Purrmann-Haus als Museum des Monats Dezember ausgezeichnet<\/h2>\n\n\n<div class=\"wp-block-image\">\n<figure class=\"aligncenter size-full\"><img decoding=\"async\" loading=\"lazy\" width=\"500\" height=\"698\" src=\"https:\/\/speyer24news.com\/wp-content\/uploads\/2022\/12\/Museum-Purrmann-Haus-Speyer-Fassade-\u00a9-Stadt-Speyer-Foto-Klaus-Landry.jpg\" alt=\"\" class=\"wp-image-50309\" srcset=\"https:\/\/speyer24news.com\/wp-content\/uploads\/2022\/12\/Museum-Purrmann-Haus-Speyer-Fassade-\u00a9-Stadt-Speyer-Foto-Klaus-Landry.jpg 500w, https:\/\/speyer24news.com\/wp-content\/uploads\/2022\/12\/Museum-Purrmann-Haus-Speyer-Fassade-\u00a9-Stadt-Speyer-Foto-Klaus-Landry-215x300.jpg 215w\" sizes=\"(max-width: 500px) 100vw, 500px\" \/><figcaption>Museum Purrmann-Haus Speyer, Fassade <br><em>Foto: \u00a9 Stadt Speyer, Klaus Landry<\/em><\/figcaption><\/figure><\/div>\n\n\n<p>Das Museum Purrmann-Haus Speyer erh\u00e4lt vom Ministerium f\u00fcr Familie, Frauen, Kultur und Integration die Auszeichnung \u201eMuseum des Monats\u201c f\u00fcr Dezember 2022. Kulturministerin Katharina Binz wird die mit 1.000 Euro dotierte Auszeichnung in Anwesenheit geladener G\u00e4ste am Freitag, 9. Dezember 2022 an das Purrmann-Haus, vertreten durch Oberb\u00fcrgermeisterin Stefanie Seiler und Museumsleiterin Maria Leitmeyer, \u00fcbergeben.<\/p>\n\n\n\n<p>\u201eWir sind sehr stolz auf unser Purrmann-Haus, das eine einzigartige, vielf\u00e4ltige und allen voran die gr\u00f6\u00dfte \u00f6ffentliche Sammlung an Werken von Hans Purrmann und Mathilde Vollmoeller-Purrmann beherbergt. Dem engagierten Team um Maria Leitmeyer, das das Museum mit gro\u00dfem pers\u00f6nlichem Einsatz und viel Leidenschaft f\u00fcr das Thema betreut, gilt unser besonderer Dank\u201c, betont Oberb\u00fcrgermeisterin Stefanie Seiler im Namen des Stadtvorstandes.<\/p>\n\n\n\n<p>&#8222;Wir freuen uns riesig \u00fcber die wunderbare Auszeichnung und die damit verbundene W\u00fcrdigung unserer Museumsarbeit&#8220;, erg\u00e4nzt Maria Leitmeyer.<\/p>\n\n\n\n<p>Das Museum Purrmann-Haus Speyer pr\u00e4sentiert Leben und Werk des bedeutenden K\u00fcnstlerpaares der Klassischen Moderne Hans Purrmann (1880\u22121966) und Mathilde Vollmoeller-Purrmann (1876\u22121943). Farbintensive Gem\u00e4lde, Aquarelle und Grafiken sowie vielf\u00e4ltige Archivalien erz\u00e4hlen die faszinierende Geschichte zweier herausragender K\u00fcnstlerpers\u00f6nlichkeiten der ersten H\u00e4lfte des 20. Jahrhunderts. Noch bis 26. M\u00e4rz 2023 gibt die aktuelle Sonderausstellung \u201eK\u00fcnstlerpaare der Moderne\u201c im neuen Erweiterungsbau des Museums ihren Besucherinnen und Besuchern spannende Einblicke in das Werk und die Biografien der bedeutendsten K\u00fcnstlerpaare ihrer Zeit.<\/p>\n\n\n\n<p>Das Purrmann-Haus ist nicht nur Museum und Archiv, sondern kooperiert als Forschungsst\u00e4tte mit anderen Institutionen bei Ausstellungen, Publikationen und Forschungsprojekten. Besonders zeichnet sich das Purrmann-Haus dadurch aus, ein offener Ort der kulturellen Bildung und Begegnung f\u00fcr alle zu sein: Das Museum leistet mit seiner Arbeit einen aktiven Beitrag dazu, Kunst und Kultur f\u00fcr alle Altersgruppen und Besucherstrukturen erlebbar zu machen. Neben Gruppenf\u00fchrungen, Vortr\u00e4gen oder Konzerten erg\u00e4nzen museumsp\u00e4dagogische Angebote f\u00fcr Schulklassen und Kinderg\u00e4rten das Programm und machen das Purrmann-Haus zu einem lebendigen Ort kulturellen Austauschs. Hierbei pflegt das Haus seit vielen Jahren fruchtbare Kooperationen mit ortsans\u00e4ssigen Institutionen wie der Volkshochschule Speyer, der Jugendkunstschule Pablo, der Musikschule der Stadt Speyer und dem Seniorenb\u00fcro der Stadt Speyer. Das Museum ist Gr\u00fcndungsmitglied des Netzwerkes \u201eKultur und Demenz\u201c, das 2015 unter dem Dach des Seniorenb\u00fcros der Stadt Speyer ins Leben gerufenen wurde und eine Teilnahme der Betroffenen am gesellschaftlichen, kulturellen Leben erm\u00f6glicht.<\/p>\n\n\n\n<h4 class=\"wp-block-heading\">Was ist die Auszeichnung \u201eMuseum des Monats\u201c?<\/h4>\n\n\n\n<p>Die Auszeichnung \u201eMuseum des Monats\u201c wurde im August 2022 das erste Mal vom Ministerium f\u00fcr Familie, Frauen, Kultur und Integration Rheinland-Pfalz ausgelobt. Nach den Herausforderungen der letzten beiden Jahre, mit denen sich die Museen angesichts der Corona-Pandemie konfrontiert sahen, stellt sie eine Anerkennung der schwierigen Situation im Kulturbereich und zugleich eine W\u00fcrdigung qualit\u00e4tvoller Museumsarbeit dar. Ziel ist es, landesweit die Museumsarbeit kleiner und mittelgro\u00dfer Museen in den Fokus zu r\u00fccken. Ausgezeichnet werden Museen, die sich mit gelungenen Ausstellungsprojekten z. B. zur Orts-, Regional- oder Landesgeschichte, mit innovativen Vermittlungsideen, interessanten digitalen Angeboten, erfolgreichen Partizipationsprojekten, gelungenen Ma\u00dfnahmen zur Umsetzung der Barrierefreiheit, au\u00dfergew\u00f6hnlichem gesellschaftlichen Engagement, beispielhaften Projekten zum Sammlungserhalt oder zur Sammlungserschlie\u00dfung oder bemerkenswerten Projekten generationen\u00fcbergreifenden b\u00fcrgerschaftlichen Engagements hervortun. Der Museumsverband Rheinland-Pfalz trifft eine Vorauswahl aus den mit Projektf\u00f6rdermitteln des Landes Rheinland-Pfalz unterst\u00fctzten nichtstaatlichen Museen. Die Mindestanforderungen an ein Museum m\u00fcssen erf\u00fcllt sein.<\/p>\n\n\n\n<p><strong>Mehr \u00fcber das Museum des Monats Dezember gibt es unter&nbsp;<a href=\"https:\/\/deref-web.de\/mail\/client\/RSTbCMMEL_A\/dereferrer\/?redirectUrl=https%3A%2F%2Fwww.museumsportal-rlp.de%2Fmuseum-des-monats-dezember-2022-purrmann-haus-speyer\" target=\"_blank\" rel=\"noreferrer noopener\">https:\/\/www.museumsportal-rlp.de\/museum-des-monats-dezember-2022-purrmann-haus-speyer<\/a><\/strong><\/p>\n\n\n\n<p><em>Text: Stadtverwaltung Speyer Foto: \u00a9 Klaus Landry<br>02.12.2022<\/em><\/p>\n\n\n\n<h2 class=\"wp-block-heading\">Video\u00fcberwachung am Grab von Dr. Helmut Kohl entfernt<\/h2>\n\n\n\n<p>Die Stadtverwaltung informiert, dass am Mittwoch, 30. November 2022 die Video\u00fcberwachung am Grab von Altbundeskanzler Dr. Helmut Kohl durch Mitarbeitende der Stadt Speyer abmontiert wurde.<\/p>\n\n\n\n<p>Diverse Bem\u00fchungen um eine einvernehmliche L\u00f6sung sowie die konkrete Aufforderung an die Witwe, die Kamera selbst abzubauen, blieben zuletzt leider unbeantwortet, sodass die Stadt nun selbst t\u00e4tig wurde. Dr. Kohl-Richter, deren Privateigentum die Kamera ist, wird diese nun mit einem weiteren Schreiben zur\u00fcckerhalten. In diesem Schreiben wird erneut um R\u00fcckmeldung bez\u00fcglich des Zauns und um Mitteilung des Abbauzeitpunkts gebeten.<\/p>\n\n\n\n<p>Die Video\u00fcberwachung wurde kurz nach der Beisetzung des Bundeskanzlers a.D. durch die Witwe als vorr\u00fcbergehende Ma\u00dfnahme zur Verhinderung von Vandalismus installiert. Nachdem es aber in der Vergangenheit keinerlei Vandalismusprobleme am Grab gegeben hat und auch eine von der Stadt Speyer im Sommer angeforderte Gef\u00e4hrdungsbeurteilung des Landeskriminalamts zu dem Ergebnis kam, dass keine gef\u00e4hrdungsrelevanten Erkenntnisse vorliegen, hat die Kamera aus Sicht der Stadt heute keine Bewandtnis mehr.<\/p>\n\n\n\n<p><em>Wir bitten um Verst\u00e4ndnis, dass die Oberb\u00fcrgermeisterin aufgrund ihrer terminlichen Verpflichtungen nicht f\u00fcr weitere Statements oder Interviews in dieser Sache zur Verf\u00fcgung stehen kann. Die Pressemeldung gibt den aktuellen Sachstand vollst\u00e4ndig wieder. \u00dcber Neuigkeiten wird zu gegebener Zeit nachberichtet.<\/em><\/p>\n\n\n\n<p><em>Stadtverwaltung Speyer<br>01.12.2022<\/em><\/p>\n\n\n\n<h2 class=\"wp-block-heading\">Freundeskreis Speyer-Chichester gegr\u00fcndet<\/h2>\n\n\n<div class=\"wp-block-image\">\n<figure class=\"aligncenter size-full\"><img decoding=\"async\" loading=\"lazy\" width=\"800\" height=\"605\" src=\"https:\/\/speyer24news.com\/wp-content\/uploads\/2022\/12\/DSC_0015.jpg\" alt=\"\" class=\"wp-image-50311\" srcset=\"https:\/\/speyer24news.com\/wp-content\/uploads\/2022\/12\/DSC_0015.jpg 800w, https:\/\/speyer24news.com\/wp-content\/uploads\/2022\/12\/DSC_0015-300x227.jpg 300w, https:\/\/speyer24news.com\/wp-content\/uploads\/2022\/12\/DSC_0015-768x581.jpg 768w, https:\/\/speyer24news.com\/wp-content\/uploads\/2022\/12\/DSC_0015-80x60.jpg 80w\" sizes=\"(max-width: 800px) 100vw, 800px\" \/><figcaption><em>v.l.: <\/em>Dr. Martin Kornmann, Kathrin Kirsch, Juliane Zech, Claudia Degott<br><em>Foto: \u00a9 Bernhard Bumb<\/em><\/figcaption><\/figure><\/div>\n\n\n<p>Am Donnerstag, &nbsp;8. Dezember 2022, wird bei einem Festakt im Historischen Rathaus die Partnerschaftsurkunde zwischen der s\u00fcdenglischen Stadt Chichester und Speyer unterzeichnet. Bereits zu Beginn dieser Woche hat sich, ebenfalls im Rathaus, der Freundeskreis Speyer-Chichester konstituiert. Das Interesse an der neuen Partnerstadt ist gro\u00df, das war schon beim ersten Treffen Ende Oktober sp\u00fcrbar, das noch von B\u00fcrgermeisterin Monika Kabs initiiert und geleitet wurde. Am Dienstagabend haben dann 30 neue Chichester-Freundinnen und Freunde ihren Vorstand gew\u00e4hlt. Den Vorsitz des Freundeskreises hat f\u00fcr zwei Jahre Juliane Zech \u00fcbernommen. Zu ihrer Stellvertreterin wurde Kathrin Kirsch gew\u00e4hlt. Mit der Kasse und der Kassenpr\u00fcfung wurden Dr. Martin Kornmann und Claudia Degott betraut.<\/p>\n\n\n\n<p>Mit einem Schnellstart will der Freundeskreis Speyer-Chichester dann auch schon n\u00e4chste Woche Flagge zeigen. Die Mitglieder des neu formierten Freundeskreises&nbsp;werden an der Feierstunde zur Unterzeichnung der Partnerschaftsurkunde im Rathaus teilnehmen, und sie werden sich auch &#8211; gemeinsam mit den Chartres-Freund*innen &#8211; am dritten Adventswochenende beim Weihnachtsmarkt der Partnerst\u00e4dte pr\u00e4sentieren. Sie wollen dort \u00fcber die neue Partnerstadt informieren und bei dieser Gelegenheit auch typisch englische Backwaren feilbieten.<\/p>\n\n\n\n<p>\u201eWir freuen uns auf die Aufgabe, diese neue Verbindung nach England auf der Seite der B\u00fcrgerschaft von Speyer mit Aktivit\u00e4ten und Leben zu f\u00fcllen und wir freuen uns auf die neue Partnerstadt Chichester, die es zu entdecken gilt\u201c, sagt die frisch gew\u00e4hlte Vorsitzende Juliane Zech. Im Sommer 2023 wird die erste B\u00fcrgerreise nach Chichester stattfinden. Dar\u00fcber hinaus haben mehrere Schulen, Vereine und Organisationen Interesse an einem Austausch mit Chichester angemeldet.<\/p>\n\n\n\n<p>Erst im August dieses Jahres hatten B\u00fcrgermeisterin Monika Kabs und Fachbereichsleiter Matthias Nowack erste Kontakte nach Chichester gekn\u00fcpft und dort die Weichen f\u00fcr die Unterzeichnung eines Partnerschaftsvertrages gestellt.<\/p>\n\n\n\n<p><em>Text: Stadtverwaltung Speyer Foto: \u00a9 Bernhard Bumb<br>01.12.2022<\/em><\/p>\n\n\n\n<h2 class=\"wp-block-heading\">Barrierefreier Ausbau der Bushaltestelle \u201eEichenweg\u201c beginnt<\/h2>\n\n\n<div class=\"wp-block-image\">\n<figure class=\"aligncenter size-full\"><img decoding=\"async\" loading=\"lazy\" width=\"800\" height=\"600\" src=\"https:\/\/speyer24news.com\/wp-content\/uploads\/2022\/12\/Haltestelle_Eichenweg.jpg\" alt=\"\" class=\"wp-image-50312\" srcset=\"https:\/\/speyer24news.com\/wp-content\/uploads\/2022\/12\/Haltestelle_Eichenweg.jpg 800w, https:\/\/speyer24news.com\/wp-content\/uploads\/2022\/12\/Haltestelle_Eichenweg-300x225.jpg 300w, https:\/\/speyer24news.com\/wp-content\/uploads\/2022\/12\/Haltestelle_Eichenweg-768x576.jpg 768w, https:\/\/speyer24news.com\/wp-content\/uploads\/2022\/12\/Haltestelle_Eichenweg-678x509.jpg 678w, https:\/\/speyer24news.com\/wp-content\/uploads\/2022\/12\/Haltestelle_Eichenweg-326x245.jpg 326w, https:\/\/speyer24news.com\/wp-content\/uploads\/2022\/12\/Haltestelle_Eichenweg-80x60.jpg 80w\" sizes=\"(max-width: 800px) 100vw, 800px\" \/><\/figure><\/div>\n\n\n<p>Am Mittwoch, 16. November 2022 startete die erste Bauphase der gemeinsam durchgef\u00fchrten Bauarbeiten der Stadt&nbsp;zum barrierefreien Ausbau der Bushaltestelle \u201eEichenweg\u201c und der Stadtwerke Speyer, die Leitungsarbeiten durchf\u00fchren. Damit gehen unvermeidbare Verkehrsbeeintr\u00e4chtigungen einher.<\/p>\n\n\n\n<p>Die genannten Ma\u00dfnahmen&nbsp;im Bereich des Jugendtreffs erfolgen in der ersten Bauphase <strong>vom 16. November 2022 bis voraussichtlich&nbsp;23. Dezember 2022<\/strong>. W\u00e4hrenddessen wird die Fahrbahn der Spaldinger Stra\u00dfe verengt, sodass eine Vorrangregelung angeordnet werden muss. Der Eichenweg wird im vorgenannten Zeitraum im Einm\u00fcndungsbereich an der Bushaltestelle voll gesperrt. Er wird als Sackgasse ausgewiesen und die Einbahnregelung aufgehoben. Dar\u00fcber hinaus ist es erforderlich, den Fliederweg zwischen Ginsterweg&nbsp;und Eibenweg aufgrund der Leitungsarbeiten zu sperren.<\/p>\n\n\n\n<p>Der Radverkehr muss&nbsp;w\u00e4hrend der ersten Bauphase die Fahrbahn der Spaldinger Stra\u00dfe nutzen, da der Seitenraum abgesperrt ist. F\u00fcr den Fu\u00dfverkehr wird eine Umleitung eingerichtet. Die Bushaltestelle \u201eEichenweg\u201c entf\u00e4llt w\u00e4hrend der ersten Bauphase ersatzlos. Die nahegelegenen Haltestellen \u201eNu\u00dfbaumweg\u201c und \u201eWaldseer Stra\u00dfe\u201c werden weiterhin bedient. Im Zuge der Bauarbeiten wird auch die vorhandene \u00dcberquerungshilfe neu hergestellt und barrierefrei gestaltet.<\/p>\n\n\n\n<p>Die zweite Bauphase beginnt nach den Weihnachtsferien im Januar 2023 und wird eine Vollsperrung der Spaldinger Stra\u00dfe erfordern. Dar\u00fcber wird die Stadtverwaltung zu gegebener Zeit gesondert informieren.<\/p>\n\n\n\n<p>Weitere Informationen und Updates zum barrierefreien Ausbau der Bushaltestellen in Speyer sind unter&nbsp;<a href=\"https:\/\/deref-web.de\/mail\/client\/j1SGh_4eBFw\/dereferrer\/?redirectUrl=http%3A%2F%2Fwww.speyer.de%2Fbarrierefreie-bushaltestellen\" target=\"_blank\" rel=\"noreferrer noopener\">www.speyer.de\/barrierefreie-bushaltestellen<\/a>&nbsp;abrufbar. Zudem erfolgen w\u00f6chentlich aktualisierte Informationen zu den Baustellen in und um Speyer im News-Ticker auf&nbsp;<a href=\"https:\/\/deref-web.de\/mail\/client\/3ijpjqX5a1s\/dereferrer\/?redirectUrl=http%3A%2F%2Fwww.speyer.de%2Fbaustellen\" target=\"_blank\" rel=\"noreferrer noopener\">www.speyer.de\/baustellen<\/a>.&nbsp;&nbsp;<\/p>\n\n\n\n<p>Die Stadt Speyer bittet die Verkehrsteilnehmenden und Anwohnenden um Verst\u00e4ndnis f\u00fcr die Beeintr\u00e4chtigungen.<\/p>\n\n\n\n<p><em>Stadtverwaltung Speyer<br>05.11.2022<\/em><\/p>\n\n\n\n<h2 class=\"has-text-align-center wp-block-heading\">Verkehrsnotizen:<\/h2>\n\n\n<div class=\"wp-block-image\">\n<figure class=\"aligncenter\"><img decoding=\"async\" loading=\"lazy\" width=\"800\" height=\"565\" src=\"https:\/\/speyer24news.com\/wp-content\/uploads\/2020\/01\/Baustelle-2.jpg\" alt=\"\" class=\"wp-image-23900\" srcset=\"https:\/\/speyer24news.com\/wp-content\/uploads\/2020\/01\/Baustelle-2.jpg 800w, https:\/\/speyer24news.com\/wp-content\/uploads\/2020\/01\/Baustelle-2-300x212.jpg 300w, https:\/\/speyer24news.com\/wp-content\/uploads\/2020\/01\/Baustelle-2-768x542.jpg 768w\" sizes=\"(max-width: 800px) 100vw, 800px\" \/><\/figure><\/div>\n\n\n<h2 class=\"wp-block-heading\">Alte Schwegenheimer Stra\u00dfe gesperrt<\/h2>\n\n\n\n<p>Aufgrund von Arbeiten im Auftrag der Deutschen Bahn wird der Bahn\u00fcbergang in der Alten Schwegenheimer Stra\u00dfe <strong>vom 19. bis einschlie\u00dflich 20. Dezember 2022<\/strong> f\u00fcr den flie\u00dfenden Verkehr und f\u00fcr Fu\u00dfg\u00e4nger komplett gesperrt.<\/p>\n\n\n\n<p>F\u00fcr R\u00fcckfragen steht die Stra\u00dfenverkehrsbeh\u00f6rde unter der Telefonnummer 14-2938 zur Verf\u00fcgung.<\/p>\n\n\n\n<p><em>Stadtverwaltung Speyer<br>02.12.2022<\/em><\/p>\n\n\n\n<h2 class=\"wp-block-heading\">Lina-Sommer-Stra\u00dfe gesperrt<\/h2>\n\n\n\n<p>Aufgrund von Leitungsarbeiten im Auftrag der Stadtwerke Speyer wird die Lina-Sommer-Stra\u00dfe zwischen der Kreuzung M\u00fchlweg und der Kreuzung Im Erlich&nbsp;<strong>ab Dienstag, 22. November bis voraussichtlich 31. Dezember 2022<\/strong>&nbsp;f\u00fcr den Durchgangsverkehr gesperrt.<\/p>\n\n\n\n<p>F\u00fcr R\u00fcckfragen steht die Stra\u00dfenverkehrsbeh\u00f6rde unter der Rufnummer 14-2938 zur Verf\u00fcgung.<\/p>\n\n\n\n<p><em>Stadtverwaltung Speyer<br>21.11.2022<\/em><\/p>\n\n\n\n<h2 class=\"wp-block-heading\">Martinskirchweg gesperrt<\/h2>\n\n\n\n<p>Wegen Kanalbauarbeiten im Auftrag der Entsorgungsbetriebe Speyer wird der Martinskirchweg im Kreuzungsbereich Petschengasse<strong>&nbsp;vom 21. November 2022 bis voraussichtlich 28. Februar 2023<\/strong>&nbsp;f\u00fcr den Durchgangsverkehr gesperrt.<\/p>\n\n\n\n<p>Der Martinskirchweg wird als Sackgasse ausgewiesen. In der Petschengasse wird die Fahrbahn verengt, sodass eine Vorrangregelung angeordnet werden muss.<\/p>\n\n\n\n<p>F\u00fcr die Dauer der Ma\u00dfnahme wird eine Umleitung eingerichtet.<\/p>\n\n\n\n<p>F\u00fcr R\u00fcckfragen steht die Stra\u00dfenverkehrsbeh\u00f6rde unter der Rufnummer 14-2938 zur Verf\u00fcgung.<\/p>\n\n\n\n<p><em>Stadtverwaltung Speyer<br>17.11.2022<\/em><\/p>\n\n\n\n<h2 class=\"wp-block-heading\">Halbes Dach gesperrt<\/h2>\n\n\n\n<p>Aufgrund der Kranstellung f\u00fcr private Bauarbeiten wird die Stra\u00dfe Halbes Dach auf H\u00f6he der Hausnummer 10&nbsp;<strong>ab Mittwoch, 2. November 2022 bis voraussichtlich 3. Februar 2023<\/strong>&nbsp;f\u00fcr den Verkehr voll gesperrt.<\/p>\n\n\n\n<p>Die Einbahnregelung in der Mehlgasse wird gedreht.<\/p>\n\n\n\n<p>F\u00fcr R\u00fcckfragen steht die Stra\u00dfenverkehrsbeh\u00f6rde unter der Telefonnummer 14-2938 zur Verf\u00fcgung.<\/p>\n\n\n\n<p><em>Stadtverwaltung Speyer<br>27.10.2022<\/em><\/p>\n\n\n\n<h2 class=\"wp-block-heading\">M\u00fchlturmstra\u00dfe gesperrt<\/h2>\n\n\n\n<p>Aufgrund von Arbeiten im Auftrag der Deutschen Bahn ist der Bahn\u00fcbergang in der M\u00fchlturmstra\u00dfe <strong>weiterhin bis voraussichtlich 20. Januar 2023<\/strong> f\u00fcr den flie\u00dfenden Verkehr und f\u00fcr Fu\u00dfg\u00e4nger komplett gesperrt.<\/p>\n\n\n\n<p>F\u00fcr R\u00fcckfragen steht die Stra\u00dfenverkehrsbeh\u00f6rde unter der Telefonnummer 14-2938 zur Verf\u00fcgung.<\/p>\n\n\n\n<p><em>Stadtverwaltung Speyer<br>02.12.2022<\/em><\/p>\n\n\n\n<h2 class=\"wp-block-heading\">Ge\u00e4nderte Verkehrsf\u00fchrung am Bahn\u00fcbergang Sch\u00fctzenstra\u00dfe nach Modernisierung durch die Deutsche Bahn<\/h2>\n\n\n\n<p>Wie am 13. Juli 2022 im gemeinsamen Verkehrsausschuss und Ausschuss f\u00fcr Stadtentwicklung, Bauen und Konversion mitgeteilt wurde, m\u00fcssen im Zuge der Modernisierung des Bahn\u00fcbergangs Sch\u00fctzenstra\u00dfe die derzeit bundesweit g\u00fcltigen Sicherheitsanforderungen umgesetzt werden. Hierbei gilt es, das Risiko eines R\u00fcckstaus auf den Gleisen auszuschlie\u00dfen.<\/p>\n\n\n\n<p>Hierzu bestehen gem\u00e4\u00df Planungen der Deutschen Bahn zwei M\u00f6glichkeiten: Ein sogenanntes vorgeschaltetes Lichtzeichen oder ein Verbot des Linksabbiegens mittels Verkehrszeichen. Wie sich im Verlauf der Modernisierungsarbeiten herausstellte, konnte die Deutsche Bahn das urspr\u00fcnglich bevorzugte vorgeschaltete Lichtzeichen nicht wie geplant bis zur Wiederinbetriebnahme des Bahn\u00fcbergangs installieren, da der Mast des vorgeschalteten Lichtzeichens aufgrund von Konflikten mit vorhandenen unterirdischen Leitungen nicht im \u00f6ffentlichen Stra\u00dfenraum platziert werden konnte. Bis eine L\u00f6sung zur Platzierung des Masts gefunden ist, muss demnach die Alternativvariante umgesetzt werden.<\/p>\n\n\n\n<p>Daher ist ab sofort ein Linksabbiegen von der Sch\u00fctzenstra\u00dfe in die Hasenstra\u00dfe nicht mehr zul\u00e4ssig. Die Zufahrt zum Oberk\u00e4mmerer-Gebiet erfolgt von S\u00fcden \u00fcber die Holzstra\u00dfe und die Br\u00fccke \u00fcber den Gie\u00dfh\u00fcbelbach oder \u00fcber den Bahn\u00fcbergang Alte Schwegenheimer Stra\u00dfe.<\/p>\n\n\n\n<p>Die Stadt Speyer bittet im Namen der Deutschen Bahn die Verkehrsteilnehmenden und Anwohnenden um Verst\u00e4ndnis f\u00fcr die Beeintr\u00e4chtigungen.<\/p>\n\n\n\n<p><em>Stadtverwaltung Speyer<br>02.09.2022<\/em><\/p>\n\n\n\n<h2 class=\"wp-block-heading\">Baustellen\u00fcbersicht der Stadt Speyer<\/h2>\n\n\n<div class=\"wp-block-image\">\n<figure class=\"aligncenter\"><img decoding=\"async\" loading=\"lazy\" width=\"800\" height=\"384\" src=\"https:\/\/speyer24news.com\/wp-content\/uploads\/2022\/03\/Baustelle-Speyer-Facebook.jpg\" alt=\"\" class=\"wp-image-43610\" srcset=\"https:\/\/speyer24news.com\/wp-content\/uploads\/2022\/03\/Baustelle-Speyer-Facebook.jpg 800w, https:\/\/speyer24news.com\/wp-content\/uploads\/2022\/03\/Baustelle-Speyer-Facebook-300x144.jpg 300w, https:\/\/speyer24news.com\/wp-content\/uploads\/2022\/03\/Baustelle-Speyer-Facebook-768x369.jpg 768w\" sizes=\"(max-width: 800px) 100vw, 800px\" \/><\/figure><\/div>\n\n\n<p>Ab sofort stellt die Stadt Speyer eine neue Baustellenliste zur Verf\u00fcgung, die die bisherige Kommunikation von laufenden und kommenden Baustellen erweitert und b\u00fcrgerfreundlicher gestaltet.<\/p>\n\n\n\n<p>Die bisher zur Verf\u00fcgung gestellte Liste \u201eAlle Baustellen\u201c f\u00fchrt alle Baustellen, die sich innerhalb des Speyerer Stadtgebiets befinden, stichpunktartig auf. Diese technische Liste gibt auch einen \u00dcberblick \u00fcber die betroffenen Sparten wie Strom, Gas, oder Wasser.<\/p>\n\n\n\n<p>Die nun neu hinzugekommene Liste \u201eWichtigste Baustellen\u201c beinhaltet Baustellen, von denen ein bedeutender Teil der Verkehrsteilnehmenden in Speyer signifikant betroffen ist, beispielsweise wegen ihrer lange Dauer und\/oder weil wichtige Stra\u00dfen im Netz betroffen sind. Es werden zus\u00e4tzlich zu den Baustellen im Speyerer Stadtgebiet auch wichtige Baustellen in der n\u00e4heren Umgebung aufgef\u00fchrt, beispielsweise auf der B9 und B39. Dar\u00fcber hinaus soll auch der in den Jahren 2023 und 2024 geplante Verkehrsversuch zum Postplatz Eingang in diese Auflistung finden. Neben dem voraussichtlichen Zeitraum und der Ursache werden auch die Umleitungen f\u00fcr die verschiedenen Verkehrsarten und bei Bedarf erg\u00e4nzende Informationen dargestellt. Am Ende der Liste findet sich ferner eine \u00dcbersicht zu m\u00f6glichen Ansprechpartner*innen.<\/p>\n\n\n\n<p>Die neue Baustellenliste ist chronologisch sortiert, sodass die B\u00fcrger*innen auf den ersten Blick neu hinzukommende Baustellen erkennen und f\u00fcr ihre n\u00e4chste Fahrt ber\u00fccksichtigen k\u00f6nnen \u2013 ohne frustriert erst an der Baustellenabsperrung wenden m\u00fcssen. Zeit- und nervenschonend f\u00fcr die B\u00fcrgerschaft \u2013 aber auch gut f\u00fcr die Umwelt, da unn\u00f6tiger Verkehr vermieden wird.<\/p>\n\n\n\n<p>Die \u00dcbersicht \u00fcber die Baustellensituation wird immer freitags aktualisiert und ist unter&nbsp;<a href=\"http:\/\/www.speyer.de\/baustellen\"><strong>www.speyer.de\/baustellen<\/strong><\/a>&nbsp;im NEWS-TICKER zu finden.<br>Des Weiteren gibt es auf der Baustellenseite der Stadt Speyer wie gewohnt detaillierte Informationen zu laufenden und kommenden Gro\u00dfbaustellen.<\/p>\n\n\n\n<p><em>Stadtverwaltung Speyer<br>18.03.2022<\/em><\/p>\n","protected":false},"excerpt":{"rendered":"<div class=\"mh-excerpt\"><p>Stadtnotizen W\u00fcnsche(weiter)leiter: Zum Weihnachtsfest wieder Herzensw\u00fcnsche erf\u00fcllen Weihnachten ohne Geschenke \u2013 f\u00fcr die meisten Menschen unvorstellbar. Doch wer beschenkt Seniorinnen und Senioren, die keine Angeh\u00f6rigen mehr haben und deren Rente zu knapp ist, um sich <a class=\"mh-excerpt-more\" href=\"https:\/\/speyer24news.com\/?p=50297\" title=\"Stadtnotizen &#038; Verkehrsnotizen Speyer\">[&#8230;]<\/a><\/p>\n<\/div>","protected":false},"author":3,"featured_media":46477,"comment_status":"open","ping_status":"open","sticky":false,"template":"","format":"standard","meta":{"_monsterinsights_skip_tracking":false,"_monsterinsights_sitenote_active":false,"_monsterinsights_sitenote_note":"","_monsterinsights_sitenote_category":0,"footnotes":""},"categories":[47],"tags":[12684,15307,13060,15588,8320,13640,15580,15587,5408,15114,15586,15505,15584,15416,15583,15582,15295,15535,15579,8842,14767,15499,15093,7737,6,1434,657,14546,1296,658,1114,15585,15581,15577,15578],"aioseo_notices":[],"amp_enabled":true,"_links":{"self":[{"href":"https:\/\/speyer24news.com\/index.php?rest_route=\/wp\/v2\/posts\/50297"}],"collection":[{"href":"https:\/\/speyer24news.com\/index.php?rest_route=\/wp\/v2\/posts"}],"about":[{"href":"https:\/\/speyer24news.com\/index.php?rest_route=\/wp\/v2\/types\/post"}],"author":[{"embeddable":true,"href":"https:\/\/speyer24news.com\/index.php?rest_route=\/wp\/v2\/users\/3"}],"replies":[{"embeddable":true,"href":"https:\/\/speyer24news.com\/index.php?rest_route=%2Fwp%2Fv2%2Fcomments&post=50297"}],"version-history":[{"count":3,"href":"https:\/\/speyer24news.com\/index.php?rest_route=\/wp\/v2\/posts\/50297\/revisions"}],"predecessor-version":[{"id":50346,"href":"https:\/\/speyer24news.com\/index.php?rest_route=\/wp\/v2\/posts\/50297\/revisions\/50346"}],"wp:featuredmedia":[{"embeddable":true,"href":"https:\/\/speyer24news.com\/index.php?rest_route=\/wp\/v2\/media\/46477"}],"wp:attachment":[{"href":"https:\/\/speyer24news.com\/index.php?rest_route=%2Fwp%2Fv2%2Fmedia&parent=50297"}],"wp:term":[{"taxonomy":"category","embeddable":true,"href":"https:\/\/speyer24news.com\/index.php?rest_route=%2Fwp%2Fv2%2Fcategories&post=50297"},{"taxonomy":"post_tag","embeddable":true,"href":"https:\/\/speyer24news.com\/index.php?rest_route=%2Fwp%2Fv2%2Ftags&post=50297"}],"curies":[{"name":"wp","href":"https:\/\/api.w.org\/{rel}","templated":true}]}}