{"id":50316,"date":"2022-12-08T11:48:35","date_gmt":"2022-12-08T10:48:35","guid":{"rendered":"https:\/\/speyer24news.com\/?p=50316"},"modified":"2022-12-08T11:48:36","modified_gmt":"2022-12-08T10:48:36","slug":"veranstaltungen-speyer-3","status":"publish","type":"post","link":"https:\/\/speyer24news.com\/?p=50316","title":{"rendered":"Veranstaltungen Speyer"},"content":{"rendered":"<style type=\"text\/css\">\r\n\t.ads_top_disp{}\r\n\t.ads_top_corner_disp{ float:left; margin:0px 10px 10px 0px; }\r\n\t.ads_first_p_disp{}\r\n\t.ads_bottom_disp{}\r\n\t<\/style>\n<h2 class=\"wp-block-heading\">\u201eDer schwarze Kaiser\u201c \u2013 Bilderschau mit Lesung am Montag, 12. Dezember, 18 Uhr im Stadtratssitzungssaal&nbsp;<\/h2>\n\n\n<div class=\"wp-block-image\">\n<figure class=\"aligncenter\"><img decoding=\"async\" loading=\"lazy\" width=\"800\" height=\"609\" src=\"https:\/\/speyer24news.com\/wp-content\/uploads\/2022\/12\/Foto@Lenz_kaiser.jpg\" alt=\"\" class=\"wp-image-50307\" srcset=\"https:\/\/speyer24news.com\/wp-content\/uploads\/2022\/12\/Foto@Lenz_kaiser.jpg 800w, https:\/\/speyer24news.com\/wp-content\/uploads\/2022\/12\/Foto@Lenz_kaiser-300x228.jpg 300w, https:\/\/speyer24news.com\/wp-content\/uploads\/2022\/12\/Foto@Lenz_kaiser-768x585.jpg 768w, https:\/\/speyer24news.com\/wp-content\/uploads\/2022\/12\/Foto@Lenz_kaiser-80x60.jpg 80w\" sizes=\"(max-width: 800px) 100vw, 800px\" \/><figcaption>Der Autor und K\u00fcnstler Michael Lauter gemeinsam mit der Witwe Herta Kaiser.<br><em>Foto: \u00a9 Fotoagentur Lenz<\/em><\/figcaption><\/figure><\/div>\n\n\n<p>In Zusammenarbeit mit der 95 j\u00e4hrigen Witwe Herta Kaiser hat der Autor und K\u00fcnstler Michael Lauter die bewegende Lebensgeschichte des Speyers Josef Kaiser verfasst. Als Sohn eines dunkelh\u00e4utigen franz\u00f6sischen Besatzungssoldaten und einer Speyrerin kommt Kaiser 1921 in Speyer zur Welt. Er erf\u00e4hrt bittere Armut und wird wegen seiner Hautfarbe ausgegrenzt. Er arbeitet als Zirkusartist und versucht als Schiffsjunge vor den Nazis zu fliehen, die ihn 1937 zwangssterilisieren wollen. Diese spannende und ungemein ber\u00fchrende Lebensgeschichte hat Michael Lauter gr\u00fcndlich erforscht und dabei&nbsp; bisher unentdecktes Archivmaterial verwertet. In einem reich bebilderten Buch, einer Art Grafic Novel, hat er \u00fcber zwei Jahre ein lange verdr\u00e4ngtes Kapitel der NS-Zeit aufgearbeitet und in Text und Bild eindrucksvoll festgehalten.<\/p>\n\n\n\n<p>Nachdem die beiden vorangegangenen Veranstaltungen einen sehr gro\u00dfen Zuspruch fanden, stellt Lauter sein Buch \u201eDer schwarze Kaiser \u2013 Die Geschichte des Josef Kaiser aus Speyer\u201c noch einmal in einer Bilderschau mit Lesung am&nbsp;<strong>Montag, 12. Dezember um 18 Uhr<\/strong>&nbsp;im Stadtratssitzungssaal vor. Die Witwe von Josef Kaiser, Herta Kaiser-Grimm, wird ebenfalls anwesend sein. Der Eintritt ist frei.<\/p>\n\n\n\n<p><em>Text: Stadtverwaltung Speyer Foto: \u00a9 Fotoagentur Lenz<br>06.12.2022<\/em><\/p>\n\n\n\n<h2 class=\"wp-block-heading\">Wintergeschichten im Wald: Outdoor-Veranstaltung f\u00fcr Familien am\u00a0Freitag, 9. Dezember 2022<\/h2>\n\n\n<div class=\"wp-block-image\">\n<figure class=\"aligncenter\"><img decoding=\"async\" loading=\"lazy\" width=\"800\" height=\"600\" src=\"https:\/\/speyer24news.com\/wp-content\/uploads\/2022\/12\/Waldweihnachtsbaum-Weihnachten-Tiere-2-1.jpg\" alt=\"\" class=\"wp-image-50308\" srcset=\"https:\/\/speyer24news.com\/wp-content\/uploads\/2022\/12\/Waldweihnachtsbaum-Weihnachten-Tiere-2-1.jpg 800w, https:\/\/speyer24news.com\/wp-content\/uploads\/2022\/12\/Waldweihnachtsbaum-Weihnachten-Tiere-2-1-300x225.jpg 300w, https:\/\/speyer24news.com\/wp-content\/uploads\/2022\/12\/Waldweihnachtsbaum-Weihnachten-Tiere-2-1-768x576.jpg 768w, https:\/\/speyer24news.com\/wp-content\/uploads\/2022\/12\/Waldweihnachtsbaum-Weihnachten-Tiere-2-1-678x509.jpg 678w, https:\/\/speyer24news.com\/wp-content\/uploads\/2022\/12\/Waldweihnachtsbaum-Weihnachten-Tiere-2-1-326x245.jpg 326w, https:\/\/speyer24news.com\/wp-content\/uploads\/2022\/12\/Waldweihnachtsbaum-Weihnachten-Tiere-2-1-80x60.jpg 80w\" sizes=\"(max-width: 800px) 100vw, 800px\" \/><\/figure><\/div>\n\n\n<p>Gemeinsam mit Familien erkunden Lea Zander von der Stadtbibliothek Speyer und&nbsp;Volker Westermann von der Rucksackschule&nbsp;den Speyerer Winterwald.&nbsp;<\/p>\n\n\n\n<p>Am&nbsp;<strong>Freitag, 9. Dezember 2022<\/strong>&nbsp;werden&nbsp;Weihnachts- und Wintergeschichten vorgelesen und der Frage nachgegangen, wie die Tiere den Winter \u00fcberstehen. Als \u00dcberraschung f\u00fcr die Tiere des Waldes wird gemeinsam ein Baum geschm\u00fcckt.&nbsp;Dazu sollte jedes Kind ein tiergerechtes Geschenk wie \u00c4pfel,&nbsp;M\u00f6hren oder N\u00fcsse sowie ein Schneidebrettchen mitbringen.&nbsp;<\/p>\n\n\n\n<p>Die zweist\u00fcndige&nbsp;Veranstaltung&nbsp;f\u00fcr Familien mit Kindern ab sechs Jahren ist kostenlos.&nbsp;Treffpunkt ist um 15.30 Uhr&nbsp;an der Blockh\u00fctte bei der Walderholung (Iggelheimer Str. 21).<\/p>\n\n\n\n<h4 class=\"wp-block-heading\">Eine vorherige Anmeldung per E-Mail an&nbsp;<a href=\"mailto:stadtbibliothek@stadt-speyer.de\" target=\"_blank\" rel=\"noreferrer noopener\">stadtbibliothek@stadt-speyer.de<\/a>&nbsp;oder telefonisch unter 06232 14-1380&nbsp;ist erforderlich.<\/h4>\n\n\n\n<p><em>Text: Stadtverwaltung Speyer Foto: \u00a9 Speyer 24\/7 News<br>05.12.2022<\/em><\/p>\n\n\n\n<h2 class=\"wp-block-heading\">Besinnliches bei den Literaturfreunden<\/h2>\n\n\n<div class=\"wp-block-image\">\n<figure class=\"aligncenter\"><img decoding=\"async\" loading=\"lazy\" width=\"800\" height=\"579\" src=\"https:\/\/speyer24news.com\/wp-content\/uploads\/2022\/12\/Literaturfreunde-Seniorenbuero-Speyer.jpg\" alt=\"\" class=\"wp-image-50310\" srcset=\"https:\/\/speyer24news.com\/wp-content\/uploads\/2022\/12\/Literaturfreunde-Seniorenbuero-Speyer.jpg 800w, https:\/\/speyer24news.com\/wp-content\/uploads\/2022\/12\/Literaturfreunde-Seniorenbuero-Speyer-300x217.jpg 300w, https:\/\/speyer24news.com\/wp-content\/uploads\/2022\/12\/Literaturfreunde-Seniorenbuero-Speyer-768x556.jpg 768w\" sizes=\"(max-width: 800px) 100vw, 800px\" \/><\/figure><\/div>\n\n\n<p>Am&nbsp;<strong>Freitag, 9. Dezember 2022<\/strong>, um 16 Uhr treffen sich die Literaturfreunde des Seniorenb\u00fcros zu einer adventlichen Stunde im Veranstaltungsraum im Maulbronner Hof 1a. Bei dieser Gelegenheit stellt Vera Dreyer eine Weihnachtserz\u00e4hlung der schwedischen Schriftstellerin Selma Lagerl\u00f6f vor, die 1909 als erste Frau den Nobelpreis f\u00fcr Literatur erhielt. Eine Anmeldung ist nicht notwendig.<\/p>\n\n\n\n<p>Leider konnte Joachim Ro\u00dfhirt beim letzten Treffen nicht, wie vorgesehen, den Roman von Claire Keegan vorstellen. Der Termin wird aber nachgeholt und entsprechend angek\u00fcndigt, sobald der Verlag in der Lage ist, die zweite Auflage des Buches zu drucken. Alternativ sprach Ro\u00dfhirt daher \u00fcber den letztj\u00e4hrigen Literaturnobelpreistr\u00e4ger Abdulrazak Gurnah und seinen Roman \u201eNachtleben\u201c, eine Familiengeschichte im ehemals Deutsch-Ostafrika von der Kolonialherrschaft bis heute.<\/p>\n\n\n\n<p><em>Stadtverwaltung Speyer<br>01.12.2022<\/em><\/p>\n\n\n\n<h2 class=\"has-text-align-center wp-block-heading\">Termine des Kinder- und Jugendtheaters Speyer<\/h2>\n\n\n<div class=\"wp-block-image\">\n<figure class=\"aligncenter size-full\"><img decoding=\"async\" loading=\"lazy\" width=\"357\" height=\"500\" src=\"https:\/\/speyer24news.com\/wp-content\/uploads\/2020\/03\/Kinder-und-Jugendtheater-Speyer.jpg\" alt=\"\" class=\"wp-image-25664\" srcset=\"https:\/\/speyer24news.com\/wp-content\/uploads\/2020\/03\/Kinder-und-Jugendtheater-Speyer.jpg 357w, https:\/\/speyer24news.com\/wp-content\/uploads\/2020\/03\/Kinder-und-Jugendtheater-Speyer-214x300.jpg 214w\" sizes=\"(max-width: 357px) 100vw, 357px\" \/><\/figure><\/div>\n\n\n<h2 class=\"wp-block-heading\">Familienvorstellung &#8220; DAS LETZTE SCHAF&#8220; am Samstag, 10. Dezember, 15 Uhr<\/h2>\n\n\n\n<p><strong>Im Alten Stadtsaal, Kleine Pfaffengasse 8, 67346 Speyer<\/strong><\/p>\n\n\n\n<h3 class=\"wp-block-heading\">Theaterst\u00fcck nach einer wahren Geschichte f\u00fcr Jung und Alt ab 6 Jahren von Ulrich Hub<\/h3>\n\n\n<div class=\"wp-block-image\">\n<figure class=\"aligncenter size-full\"><img decoding=\"async\" loading=\"lazy\" width=\"600\" height=\"668\" src=\"https:\/\/speyer24news.com\/wp-content\/uploads\/2022\/12\/Das-letzte-Schaf.jpg\" alt=\"\" class=\"wp-image-50317\" srcset=\"https:\/\/speyer24news.com\/wp-content\/uploads\/2022\/12\/Das-letzte-Schaf.jpg 600w, https:\/\/speyer24news.com\/wp-content\/uploads\/2022\/12\/Das-letzte-Schaf-269x300.jpg 269w\" sizes=\"(max-width: 600px) 100vw, 600px\" \/><\/figure><\/div>\n\n\n<p>Was ist das nur f\u00fcr ein helles Licht, das die beiden Schafe inmitten einer Winternacht aus dem Schlaf rei\u00dft? Und wo sind eigentlich ihre Hirten geblieben? Wurden sie vielleicht von einem Ufo entf\u00fchrt? Oder hat das Ganze etwa mit diesem M\u00e4dchen zu tun, das in einem nahegelegenen Stall geboren worden sein soll? Bei den Wellblechh\u00fctten soll es liegen, in Windeln gewickelt und in einem Futtertrog f\u00fcr Tiere. Die Schafe sind emp\u00f6rt \u2013 aber auch wahnsinnig neugierig: Das sollte man schon gesehen haben!<\/p>\n\n\n\n<p>Auf eigene Faust begeben sie sich auf eine Nachtwanderung. Doch schon bald geht ein Schaf verloren. Und als dann noch ein Wolf aus dem Nichts auftaucht, wird die Freundschaft auf eine gro\u00dfe Probe gestellt&#8230;.<\/p>\n\n\n\n<p>Die Weihnachtsgeschichte erz\u00e4hlt aus der Sicht zweier Schafe, hintersinnig und (g)rasend komisch.<\/p>\n\n\n\n<ul><li><strong>Es spielen: Oliver Fobe und Gregor Andreska<\/strong><\/li><li><strong>Regie: Matthias Folz<\/strong><\/li><\/ul>\n\n\n\n<ul><li><strong>Preiskategorie 2<\/strong><\/li><li><strong>12 \u20ac \/ erm\u00e4\u00dfigt 8 \u20ac<\/strong><\/li><\/ul>\n\n\n\n<h4 class=\"wp-block-heading\">Karten erh\u00e4ltlich bei unseren VVK-Stellen in Speyer<\/h4>\n\n\n\n<ul><li><strong>ARS LUDI<\/strong><\/li><li><strong>Speirer Buchladen<\/strong><\/li><li><strong>Handfairlesen<\/strong><\/li><li><strong>Kaufladen Speyer &#8211; Unverpackt<\/strong><\/li><\/ul>\n\n\n\n<p>Weitere Informationen finden Sie unter <a href=\"http:\/\/www.theater-speyer.eu\" title=\"\">www.theater-speyer.eu<\/a><\/p>\n\n\n\n<p>Tel.: 06232 2890750 oder unter <a href=\"mailto:reservierung@theater-speyer.de\">reservierung@theater-speyer.de<\/a><\/p>\n\n\n\n<h2 class=\"wp-block-heading\">Familienvorstellung &#8222;DES KAISERS NEUE KLEIDER&#8220;  am Sonntag, 11. Dezember, 15 Uhr<\/h2>\n\n\n\n<p><strong>Im Alten Stadtsaal, Kleine Pfaffengasse 8, 67346 Speyer<\/strong><\/p>\n\n\n\n<h3 class=\"wp-block-heading\">Theaterst\u00fcck von Erhard Schmied nach Motiven des gleichnamigen M\u00e4rchens von Hans Christian Andersen mit Musik von Felix Hubert und David Windm\u00fclle<br>F\u00fcr Kinder ab 6 Jahren<\/h3>\n\n\n<div class=\"wp-block-image\">\n<figure class=\"aligncenter size-full\"><img decoding=\"async\" loading=\"lazy\" width=\"500\" height=\"632\" src=\"https:\/\/speyer24news.com\/wp-content\/uploads\/2022\/12\/Des-Kaisers-neue-Kleider.jpg\" alt=\"\" class=\"wp-image-50318\" srcset=\"https:\/\/speyer24news.com\/wp-content\/uploads\/2022\/12\/Des-Kaisers-neue-Kleider.jpg 500w, https:\/\/speyer24news.com\/wp-content\/uploads\/2022\/12\/Des-Kaisers-neue-Kleider-237x300.jpg 237w\" sizes=\"(max-width: 500px) 100vw, 500px\" \/><\/figure><\/div>\n\n\n<p>Der eitle und selbstverliebte Kaiser gibt sein ganzes Geld f\u00fcr Mode aus. Sein Volk, die Staatsgesch\u00e4fte und auch sein Theater sind ihm ziemlich schnuppe. Jeden Tag will er noch sch\u00f6nere Kleider anziehen, die nach dem neusten Schrei geschneidert sein m\u00fcssen. Aber nie ist er zufrieden, nie hat er was Passendes anzuziehen. Als eine angebliche Schneiderin mit einem ganz besonderen Stoff am Hof auftaucht, scheint eine L\u00f6sung in Sicht. Oder doch nicht? \u201eDiese Kleider kann nur sehen, wer f\u00fcr sein Amt taugt und nicht dumm ist\u201c, verspricht die Schneiderin dem Kaiser und seinen Ministern. Und weil alle klug sein wollen, sehen sie pr\u00e4chtige Kleider auf der nackten Haut. Auch das Volk begeistert sich an den \u201eunvergleichlichen Stoffen\u201c. Niemand traut sich zu sagen, was er wirklich sieht \u2013 niemand bis auf einen &#8230;<\/p>\n\n\n\n<p>Andersens Geschichte stellt uns allen die Frage, wie sehr man sich Moden und der herrschenden Meinung unterwerfen sollte. Hat die Mehrheit automatisch recht oder vertraut man der eigenen Wahrnehmung? Und nicht zuletzt: Sollte man nicht h\u00e4ufiger auf Kinder und Jugendliche h\u00f6ren?<\/p>\n\n\n\n<p>\u201eJEDEN TAG NEUE KLEIDER?! KRASS?! WOLLT IHR DAS AUCH?!\u201c<\/p>\n\n\n\n<p><strong>Es spielen: Elena L\u00f6ffler, Chiara Schrenk, Oliver Fobe, Christof Heiner und Kevin Herbertz<\/strong><\/p>\n\n\n\n<p><strong>Preiskategorie 3<br>Erwachsene 15 \u20ac \/ erm\u00e4\u00dfigt 10 \u20ac<\/strong><\/p>\n\n\n\n<h4 class=\"wp-block-heading\">K<span style=\"color: revert; font-size: revert; font-weight: revert;\">arten erh\u00e4ltlich bei unseren VVK-Stellen in Speyer<\/span><\/h4>\n\n\n\n<ul><li><strong style=\"font-size: revert; color: initial;\">ARS LUDI<\/strong><\/li><li><strong style=\"font-size: revert; color: initial;\">Speirer Buchladen<\/strong><\/li><li><strong style=\"font-size: revert; color: initial;\">Handfairlesen<\/strong><\/li><li><strong style=\"font-size: revert; color: initial;\">Kaufladen Speyer &#8211; Unverpackt<\/strong><\/li><\/ul>\n\n\n\n<p><span style=\"font-size: revert; color: initial;\">Weitere Informationen finden Sie unter <\/span><a style=\"font-size: revert;\" href=\"http:\/\/www.theater-speyer.eu\" title=\"\">www.theater-speyer.eu<\/a><p>Tel.: 06232 2890750 oder unter <a href=\"mailto:reservierung@theater-speyer.de\">reservierung@theater-speyer.de<\/a><\/p> <\/p>\n\n\n\n<p><em>Kinder- und Jugendtheater Speyer e. V.<br>06.12.2022<\/em><\/p>\n","protected":false},"excerpt":{"rendered":"<div class=\"mh-excerpt\"><p>\u201eDer schwarze Kaiser\u201c \u2013 Bilderschau mit Lesung am Montag, 12. Dezember, 18 Uhr im Stadtratssitzungssaal&nbsp; In Zusammenarbeit mit der 95 j\u00e4hrigen Witwe Herta Kaiser hat der Autor und K\u00fcnstler Michael Lauter die bewegende Lebensgeschichte des <a class=\"mh-excerpt-more\" href=\"https:\/\/speyer24news.com\/?p=50316\" title=\"Veranstaltungen Speyer\">[&#8230;]<\/a><\/p>\n<\/div>","protected":false},"author":3,"featured_media":25668,"comment_status":"open","ping_status":"open","sticky":false,"template":"","format":"standard","meta":{"_monsterinsights_skip_tracking":false,"_monsterinsights_sitenote_active":false,"_monsterinsights_sitenote_note":"","_monsterinsights_sitenote_category":0,"footnotes":""},"categories":[13],"tags":[15590,15589,4017,4018,4016,15591,15295,15579,15592,7737,1434,12049,1993,11824],"aioseo_notices":[],"amp_enabled":true,"_links":{"self":[{"href":"https:\/\/speyer24news.com\/index.php?rest_route=\/wp\/v2\/posts\/50316"}],"collection":[{"href":"https:\/\/speyer24news.com\/index.php?rest_route=\/wp\/v2\/posts"}],"about":[{"href":"https:\/\/speyer24news.com\/index.php?rest_route=\/wp\/v2\/types\/post"}],"author":[{"embeddable":true,"href":"https:\/\/speyer24news.com\/index.php?rest_route=\/wp\/v2\/users\/3"}],"replies":[{"embeddable":true,"href":"https:\/\/speyer24news.com\/index.php?rest_route=%2Fwp%2Fv2%2Fcomments&post=50316"}],"version-history":[{"count":1,"href":"https:\/\/speyer24news.com\/index.php?rest_route=\/wp\/v2\/posts\/50316\/revisions"}],"predecessor-version":[{"id":50319,"href":"https:\/\/speyer24news.com\/index.php?rest_route=\/wp\/v2\/posts\/50316\/revisions\/50319"}],"wp:featuredmedia":[{"embeddable":true,"href":"https:\/\/speyer24news.com\/index.php?rest_route=\/wp\/v2\/media\/25668"}],"wp:attachment":[{"href":"https:\/\/speyer24news.com\/index.php?rest_route=%2Fwp%2Fv2%2Fmedia&parent=50316"}],"wp:term":[{"taxonomy":"category","embeddable":true,"href":"https:\/\/speyer24news.com\/index.php?rest_route=%2Fwp%2Fv2%2Fcategories&post=50316"},{"taxonomy":"post_tag","embeddable":true,"href":"https:\/\/speyer24news.com\/index.php?rest_route=%2Fwp%2Fv2%2Ftags&post=50316"}],"curies":[{"name":"wp","href":"https:\/\/api.w.org\/{rel}","templated":true}]}}