{"id":50327,"date":"2022-12-08T14:09:53","date_gmt":"2022-12-08T13:09:53","guid":{"rendered":"https:\/\/speyer24news.com\/?p=50327"},"modified":"2022-12-08T14:09:54","modified_gmt":"2022-12-08T13:09:54","slug":"feuerwehr-thw","status":"publish","type":"post","link":"https:\/\/speyer24news.com\/?p=50327","title":{"rendered":"Feuerwehr \/ THW"},"content":{"rendered":"<style type=\"text\/css\">\r\n\t.ads_top_disp{}\r\n\t.ads_top_corner_disp{ float:left; margin:0px 10px 10px 0px; }\r\n\t.ads_first_p_disp{}\r\n\t.ads_bottom_disp{}\r\n\t<\/style><div class=\"wp-block-image\">\n<figure class=\"aligncenter size-full\"><img decoding=\"async\" loading=\"lazy\" width=\"800\" height=\"600\" src=\"https:\/\/speyer24news.com\/wp-content\/uploads\/2020\/11\/Feuerwehr-Speyer.jpg\" alt=\"\" class=\"wp-image-31256\" srcset=\"https:\/\/speyer24news.com\/wp-content\/uploads\/2020\/11\/Feuerwehr-Speyer.jpg 800w, https:\/\/speyer24news.com\/wp-content\/uploads\/2020\/11\/Feuerwehr-Speyer-300x225.jpg 300w, https:\/\/speyer24news.com\/wp-content\/uploads\/2020\/11\/Feuerwehr-Speyer-768x576.jpg 768w, https:\/\/speyer24news.com\/wp-content\/uploads\/2020\/11\/Feuerwehr-Speyer-678x509.jpg 678w, https:\/\/speyer24news.com\/wp-content\/uploads\/2020\/11\/Feuerwehr-Speyer-326x245.jpg 326w, https:\/\/speyer24news.com\/wp-content\/uploads\/2020\/11\/Feuerwehr-Speyer-80x60.jpg 80w\" sizes=\"(max-width: 800px) 100vw, 800px\" \/><\/figure><\/div>\n\n\n<h2 class=\"wp-block-heading\">Warntag 2022 &#8211; Sirenengeheul \u00fcber den\u00a0D\u00e4chern von Speyer<\/h2>\n\n\n\n<p>Am 08.12.2022 fand der diesj\u00e4hrige, bundesweite Warntag statt. Auch die Stadt Speyer hat sich daran mit Erfolg beteiligt. Ab neun Uhr testeten die Feuerwehr und der Katastrophenschutz bereits s\u00e4mtliche Durchsageeinrichtungen der Einsatzfahrzeuge. Ein gelungener Start, denn alle funktionierten tadellos. Spannend wurde es dann um 11:00 Uhr, als&nbsp;die st\u00e4ndig besetzte St\u00e4dtische Feuerwehreinsatzzentrale s\u00e4mtliche st\u00e4dtischen Sirenen ausl\u00f6ste. Und schon heulte es laut&nbsp;\u00fcber allen D\u00e4chern. Als n\u00e4chstes waren unsere MOBELA dran, die mobilen elektronischen Lautsprecheranlagen, die auf jedes Fahrzeug angebracht und \u00fcber den Zigarettenanz\u00fcnder betrieben werden k\u00f6nnen.&nbsp;<\/p>\n\n\n<div class=\"wp-block-image\">\n<figure class=\"aligncenter size-full\"><img decoding=\"async\" loading=\"lazy\" width=\"800\" height=\"537\" src=\"https:\/\/speyer24news.com\/wp-content\/uploads\/2022\/12\/IMG_1624-2.jpg\" alt=\"\" class=\"wp-image-50330\" srcset=\"https:\/\/speyer24news.com\/wp-content\/uploads\/2022\/12\/IMG_1624-2.jpg 800w, https:\/\/speyer24news.com\/wp-content\/uploads\/2022\/12\/IMG_1624-2-300x201.jpg 300w, https:\/\/speyer24news.com\/wp-content\/uploads\/2022\/12\/IMG_1624-2-768x516.jpg 768w\" sizes=\"(max-width: 800px) 100vw, 800px\" \/><\/figure><\/div>\n\n\n<p>Au\u00dfer den Tests und&nbsp;Probealarmen, die wir selbst ausl\u00f6sen konnten, schickte der Bund Warnmeldungen \u00fcber Cell Broadcast und die Warn-Apps Katwarn, sowie NINA. Zumindest bei uns im Haus gingen alle Alarme wie vorgesehen ein.<\/p>\n\n\n\n<p>&#8222;Ich freue mich dar\u00fcber, dass heute alles was in unserer eigenen Hand lag auch&nbsp;einwandfrei funktioniert hat. Die Menschen in Gefahrensituationen sicher erreichen und warnen zu k\u00f6nnen, ist ein wesentlicher Bestandteil unserer Gefahrenabwehr. Unser Ziel war es, dass jeder Mensch auf mindestens einem Weg eine Warnung erh\u00e4lt und das scheint mir gelungen zu sein&#8220;, zog der Brand- und Katastrophenschutzinspekteur Peter Eymann ein erstes Fazit, kurz nachdem um 11:45 Uhr der Warntag 2022 offiziell beendet wurde.<\/p>\n\n\n\n<p><em>Peter Eymann, Brand- und Katastrophenschutzinspekteur<br>08.12.2022<\/em><\/p>\n\n\n<div class=\"wp-block-image\">\n<figure class=\"aligncenter size-full\"><img decoding=\"async\" loading=\"lazy\" width=\"600\" height=\"262\" src=\"https:\/\/speyer24news.com\/wp-content\/uploads\/2020\/10\/THW-Speyer-Logo.png\" alt=\"\" class=\"wp-image-30774\" srcset=\"https:\/\/speyer24news.com\/wp-content\/uploads\/2020\/10\/THW-Speyer-Logo.png 600w, https:\/\/speyer24news.com\/wp-content\/uploads\/2020\/10\/THW-Speyer-Logo-300x131.png 300w\" sizes=\"(max-width: 600px) 100vw, 600px\" \/><\/figure><\/div>\n\n\n<h2 class=\"wp-block-heading\">THW Ehrenzeichen f\u00fcr den stellvertretenden Brand- und Katastrophenschutzinspekteur der Stadt Speyer<\/h2>\n\n\n<div class=\"wp-block-image\">\n<figure class=\"aligncenter size-full\"><img decoding=\"async\" loading=\"lazy\" width=\"800\" height=\"570\" src=\"https:\/\/speyer24news.com\/wp-content\/uploads\/2022\/12\/Bild-2.jpg\" alt=\"\" class=\"wp-image-50328\" srcset=\"https:\/\/speyer24news.com\/wp-content\/uploads\/2022\/12\/Bild-2.jpg 800w, https:\/\/speyer24news.com\/wp-content\/uploads\/2022\/12\/Bild-2-300x214.jpg 300w, https:\/\/speyer24news.com\/wp-content\/uploads\/2022\/12\/Bild-2-768x547.jpg 768w\" sizes=\"(max-width: 800px) 100vw, 800px\" \/><\/figure><\/div>\n\n\n<p><strong>Speyer &#8211; <\/strong>Am 19. November fand in der Mehrzweckhalle in Speyer Nord eine Ehrungsveranstaltung der Feuerwehr Speyer statt. In dieser bestellte, bef\u00f6rderte und ehrte die Speyerer Feuerwehr verdiente Kameraden und Kameradinnen. Den Abschluss bildete eine f\u00fcr diese Veranstaltung eher ungew\u00f6hnliche Auszeichnung: Das Ehrenzeichen des Technischen Hilfswerkes (THW) in Bronze wurde an den stellvertretenden Brand- und Katastrophenschutzinspekteur Christian K\u00f6lsch verliehen.<\/p>\n\n\n\n<p>Christian K\u00f6lsch bekam das THW Ehrenzeichen in Bronze durch Michael Walsdorf, den Vertreter des THW Landesverbandes Hessen, Rheinland-Pfalz, Saarland, verliehen. In den letzten Jahrzehnten war K\u00f6lsch ma\u00dfgeblich an der sehr guten Zusammenarbeit zwischen THW und Feuerwehr beteiligt. Gemeinsame Ausbildungen, gemeinsame Eins\u00e4tze und gemeinsame Veranstaltungen &#8211; all das w\u00e4re ohne sein Zutun im heutigen Umfang nicht m\u00f6glich. Diese Verdienste wurden nun mit dem THW Ehrenzeichen gew\u00fcrdigt.<\/p>\n\n\n<div class=\"wp-block-image\">\n<figure class=\"aligncenter size-full\"><img decoding=\"async\" loading=\"lazy\" width=\"800\" height=\"562\" src=\"https:\/\/speyer24news.com\/wp-content\/uploads\/2022\/12\/Bild-1.jpg\" alt=\"\" class=\"wp-image-50329\" srcset=\"https:\/\/speyer24news.com\/wp-content\/uploads\/2022\/12\/Bild-1.jpg 800w, https:\/\/speyer24news.com\/wp-content\/uploads\/2022\/12\/Bild-1-300x211.jpg 300w, https:\/\/speyer24news.com\/wp-content\/uploads\/2022\/12\/Bild-1-768x540.jpg 768w\" sizes=\"(max-width: 800px) 100vw, 800px\" \/><\/figure><\/div>\n\n\n<p>Das Ehrenzeichen in Bronze des THWs ist ein Ehrenzeichen nach dem Gesetz \u00fcber Titel, Orden und Ehrenzeichen. Neben Silber und Gold ist es die erste von drei Stufen&#8230; J\u00e4hrlich wird es h\u00f6chstens an 180 THW-Angeh\u00f6rige und 25 Au\u00dfenstehende verliehen. Die Verleihung erfolgt normalerweise durch den Pr\u00e4sidenten des THW oder im Falle von Au\u00dfenstehenden durch die Innenministerin.<\/p>\n\n\n\n<p><em>Bundesanstalt Technisches Hilfswerk, Ortsverband Speyer<br>22.11.2022<\/em><\/p>\n","protected":false},"excerpt":{"rendered":"<div class=\"mh-excerpt\"><p>Warntag 2022 &#8211; Sirenengeheul \u00fcber den\u00a0D\u00e4chern von Speyer Am 08.12.2022 fand der diesj\u00e4hrige, bundesweite Warntag statt. Auch die Stadt Speyer hat sich daran mit Erfolg beteiligt. Ab neun Uhr testeten die Feuerwehr und der Katastrophenschutz <a class=\"mh-excerpt-more\" href=\"https:\/\/speyer24news.com\/?p=50327\" title=\"Feuerwehr \/ THW\">[&#8230;]<\/a><\/p>\n<\/div>","protected":false},"author":3,"featured_media":46705,"comment_status":"open","ping_status":"open","sticky":false,"template":"","format":"standard","meta":{"_monsterinsights_skip_tracking":false,"_monsterinsights_sitenote_active":false,"_monsterinsights_sitenote_note":"","_monsterinsights_sitenote_category":0,"footnotes":""},"categories":[12],"tags":[350,14537,15084,15267,14538,15361,15596,15597,54,507,7957,6,713,1728,712,1727,15522,15598],"aioseo_notices":[],"amp_enabled":true,"_links":{"self":[{"href":"https:\/\/speyer24news.com\/index.php?rest_route=\/wp\/v2\/posts\/50327"}],"collection":[{"href":"https:\/\/speyer24news.com\/index.php?rest_route=\/wp\/v2\/posts"}],"about":[{"href":"https:\/\/speyer24news.com\/index.php?rest_route=\/wp\/v2\/types\/post"}],"author":[{"embeddable":true,"href":"https:\/\/speyer24news.com\/index.php?rest_route=\/wp\/v2\/users\/3"}],"replies":[{"embeddable":true,"href":"https:\/\/speyer24news.com\/index.php?rest_route=%2Fwp%2Fv2%2Fcomments&post=50327"}],"version-history":[{"count":1,"href":"https:\/\/speyer24news.com\/index.php?rest_route=\/wp\/v2\/posts\/50327\/revisions"}],"predecessor-version":[{"id":50331,"href":"https:\/\/speyer24news.com\/index.php?rest_route=\/wp\/v2\/posts\/50327\/revisions\/50331"}],"wp:featuredmedia":[{"embeddable":true,"href":"https:\/\/speyer24news.com\/index.php?rest_route=\/wp\/v2\/media\/46705"}],"wp:attachment":[{"href":"https:\/\/speyer24news.com\/index.php?rest_route=%2Fwp%2Fv2%2Fmedia&parent=50327"}],"wp:term":[{"taxonomy":"category","embeddable":true,"href":"https:\/\/speyer24news.com\/index.php?rest_route=%2Fwp%2Fv2%2Fcategories&post=50327"},{"taxonomy":"post_tag","embeddable":true,"href":"https:\/\/speyer24news.com\/index.php?rest_route=%2Fwp%2Fv2%2Ftags&post=50327"}],"curies":[{"name":"wp","href":"https:\/\/api.w.org\/{rel}","templated":true}]}}