{"id":50376,"date":"2022-12-11T09:38:32","date_gmt":"2022-12-11T08:38:32","guid":{"rendered":"https:\/\/speyer24news.com\/?p=50376"},"modified":"2022-12-11T10:12:01","modified_gmt":"2022-12-11T09:12:01","slug":"polizeimeldungen-freitag-09-12-2022","status":"publish","type":"post","link":"https:\/\/speyer24news.com\/?p=50376","title":{"rendered":"Polizeimeldungen Freitag (09.12.2022)"},"content":{"rendered":"<style type=\"text\/css\">\r\n\t.ads_top_disp{}\r\n\t.ads_top_corner_disp{ float:left; margin:0px 10px 10px 0px; }\r\n\t.ads_first_p_disp{}\r\n\t.ads_bottom_disp{}\r\n\t<\/style>\n<h2 class=\"wp-block-heading\">Polizeimeldungen vom Freitag (09.12.2022)<\/h2>\n\n\n<div class=\"wp-block-image\">\n<figure class=\"aligncenter size-full\"><img decoding=\"async\" loading=\"lazy\" width=\"375\" height=\"500\" src=\"https:\/\/speyer24news.com\/wp-content\/uploads\/2022\/03\/Aktuelles-Polizeilogo.jpg\" alt=\"\" class=\"wp-image-43591\" srcset=\"https:\/\/speyer24news.com\/wp-content\/uploads\/2022\/03\/Aktuelles-Polizeilogo.jpg 375w, https:\/\/speyer24news.com\/wp-content\/uploads\/2022\/03\/Aktuelles-Polizeilogo-225x300.jpg 225w\" sizes=\"(max-width: 375px) 100vw, 375px\" \/><\/figure><\/div>\n\n\n<h2 class=\"wp-block-heading\">(Speyer) &#8211; Geschwindigkeitsmessungen der Polizei in Nord<\/h2>\n\n\n\n<p>Am 08.12.2022 zwischen 22:30 Uhr und 0:30 Uhr f\u00fchrte die Polizei am Mitfahrerparkplatz Speyer-Nord in der Schifferstadter Stra\u00dfe Geschwindigkeitsmessungen durch. Die Beamten ma\u00dfen den in Fahrtrichtung Schifferstadt fahrenden Verkehr vor und im Bereich der Fu\u00dfg\u00e4nger-Querungshilfe. Insgesamt kontrollierten die Beamten 26 Fahrzeuge, hiervon neun Fahrzeuge aufgrund von Geschwindigkeits\u00fcberschreitungen. Der Spitzenreiter wurde mit 85 km\/h gemessen. Der Regelsatz liegt in diesem \u00dcberschreitungsbereich bei einem Monat Fahrverbot, einem Bu\u00dfgeld in H\u00f6he von 260 EUR, sowie 2 Punkten. Gegen sieben weitere Fahrer leiteten die Beamten Bu\u00dfgeldverfahren ein, einen Fahrer verwarnten sie. Die 17 allgemein kontrollierten Fahrzeuge fuhren \u00fcberwiegend beanstandungsfrei. Einem der Fahrer untersagten die Beamten jedoch kurzzeitig die Weiterfahrt, da sein Fahrzeug M\u00e4ngel aufwies, die der Fahrer anschlie\u00dfend vor Ort beheben konnte.<\/p>\n\n\n\n<h2 class=\"wp-block-heading\">(Speyer) &#8211; Fahranf\u00e4nger driftet, Polizei beschlagnahmt F\u00fchrerschein<\/h2>\n\n\n\n<p>Am 08.12.2022 gegen 22:30 Uhr beobachteten vier junge Erwachsene zwischen 22 und 24 Jahren einen Opel, der auf dem Parkplatz der Stadthalle mehrfach mit deutlich \u00fcberh\u00f6hter Geschwindigkeit an ihnen vorbeifuhr und anschlie\u00dfend auf dem Parkplatz &#8222;driftete&#8220;, also seinen PKW gezielt mit quietschenden Reifen in Schr\u00e4gstellung brachte. Es besteht aufgrund der Angaben zudem der Verdacht einer konkreten Gef\u00e4hrdung der Personengruppe durch die Fahrman\u00f6ver des Opel. Polizeibeamte kontrollierten den Opel wenige Minuten sp\u00e4ter in der Landwehrstra\u00dfe und beschlagnahmten den F\u00fchrerschein des 18-j\u00e4hrigen Fahrers. Dementsprechend untersagten sie ihm die Weiterfahrt und \u00fcberpr\u00fcften ihn eingehend auf Anzeichen f\u00fcr Alkohol- oder Drogenkonsum. Der 18-J\u00e4hrige war jedoch n\u00fcchtern unterwegs. Ihn erwarten nun Strafverfahren wegen Gef\u00e4hrlichen Eingriffs in den Stra\u00dfenverkehr sowie Stra\u00dfenverkehrsgef\u00e4hrdung.<\/p>\n\n\n\n<h2 class=\"wp-block-heading\">(Speyer) &#8211; Einbruchsversuch in Buchhandlung<\/h2>\n\n\n\n<p>Zwischen dem 07.12.2022, 18:00 Uhr, und dem 08.12.2022, 10 Uhr, hebelten unbekannte T\u00e4ter mehrfach an einem Fenster einer Buchhandlung in der Ro\u00dfmarktstra\u00dfe. Das Fenster hielt den Hebelversuchen stand, sodass die T\u00e4ter ohne Beute davonzogen. Der Sachschaden liegt bei ca. 500 Euro. Wer hat im Tatzeitraum in der Ro\u00dfmarktstra\u00dfe verd\u00e4chtige Personen oder Fahrzeuge beobachtet? Sachdienliche nimmt die Polizei Speyer unter 06232 \/ 137-0 oder per E-Mail unter&nbsp;<a href=\"mailto:pispeyer@polizei.rlp.de\">pispeyer@polizei.rlp.de<\/a>&nbsp;entgegen.<\/p>\n\n\n\n<h2 class=\"wp-block-heading\">(Waldsee) &#8211; Unfallflucht \/ Silberner PKW fl\u00fcchtet<\/h2>\n\n\n\n<p>Am Donnerstagnachmittag, zwischen 15:30 Uhr und 15:45 Uhr, befuhr ein silberner PKW die Neuhofener Stra\u00dfe in Richtung Ortsmitte. Hierbei touchierte der PKW den Au\u00dfenspiegel eines geparkten Fahrzeugs. Der silberne PKW habe laut Zeugenangaben kurz angehalten und sich hiernach in Richtung Ortsmitte entfernt. Der Sachschaden betr\u00e4gt etwa 300 Euro. Hinweise zu dem fl\u00fcchtenden PKW nimmt die Polizeiinspektion Schifferstadt unter der Telefonnummer 06235 \/ 495-0 oder per E-Mail (<a href=\"mailto:pischifferstadt@polizei.rlp.de\">pischifferstadt@polizei.rlp.de<\/a>) entgegen.<\/p>\n\n\n\n<h2 class=\"wp-block-heading\">(Schifferstadt) &#8211; PKW im Stra\u00dfengraben<\/h2>\n\n\n\n<p>Am Donnerstagabend, gegen 20:15 Uhr, wird neben der K30 von Schifferstadt in Fahrtrichtung Speyer ein besch\u00e4digter PKW im Stra\u00dfengraben mitgeteilt. Vor Ort konnte der vermutliche 24-j\u00e4hrige Fahrer angetroffen werden. Dieser war leicht verletzt und alkoholisiert. Weitere Personen haben sich offensichtlich nicht im Fahrzeug befunden. Warum der PKW von der Fahrbahn abkam, ist Bestandteil der Ermittlungen. Im Fahrzeug wurden zur Feststellung der Fahrereigenschaft des 24-J\u00e4hrigen Spuren gesichert. Der 24-J\u00e4hrige ist nicht im Besitz einer Fahrerlaubnis. Im Krankenhaus wurde dem Fahrer eine Blutprobe entnommen. Ermittlungsverfahren wegen Gef\u00e4hrdung des Stra\u00dfenverkehrs und des Fahrens ohne Fahrerlaubnis wurden eingeleitet. Auch laufen Ermittlungen bez\u00fcglich des Zulassens des Fahrens ohne Fahrerlaubnis gegen die Halterin des PKW. Hinweise zu dem Unfallgeschehen nimmt die Polizeiinspektion Schifferstadt unter der Telefonnummer 06235 \/ 495-0 oder per E-Mail (<a href=\"mailto:pischifferstadt@polizei.rlp.de\">pischifferstadt@polizei.rlp.de<\/a>) entgegen.<\/p>\n\n\n\n<h2 class=\"wp-block-heading\">(Altrip) &#8211; E-Scooter ohne g\u00fcltiges Versicherungskennzeichen unterwegs<\/h2>\n\n\n\n<p>Am fr\u00fchen Freitagmorgen, gegen 02:10 Uhr, wurde ein verbotswidriger Weise mit zwei Personen besetzter E-Scooter in der Rheinstra\u00dfe einer Kontrolle unterzogen. Hierbei wurde festgestellt, dass das angebrachte Versicherungskennzeichen abgelaufen und somit nicht mehr g\u00fcltig war. Auch waren die Zahlen des Kennzeichens mittels Filzstift ge\u00e4ndert worden. Gegen den 16-j\u00e4hrigen Fahrer wurden entsprechende Strafverfahren eingeleitet. Beide 16-J\u00e4hrigen wurde nach Hause begleitet. Gegen den Halter des E-Scooters wird ebenfalls ermittelt.<\/p>\n\n\n\n<h2 class=\"wp-block-heading\">(Dannstadt-Schauernheim) &#8211; Zentrale Verkehrsdienste Gro\u00dfkontrolle des gewerblichen grenz\u00fcberschreitenden Personen- und G\u00fcterverkehrs auf der Tank- und Rastanlage Dannstadt Ost<a href=\"https:\/\/www.facebook.com\/sharer.php?u=https%3A%2F%2Fwww.presseportal.de%2Fblaulicht%2Fpm%2F117687%2F5390828%2F%3Futm_source%3Dfacebook%26utm_medium%3Dsocial\"><\/a><a href=\"https:\/\/twitter.com\/intent\/tweet?text=POL-PDNW%3A%20Polizeiautobahnstation%20Ruchheim%20-%20Zentrale%20Verkehrsdienste%20Gro%C3%9Fkontrolle%20des%20gewerblichen%20grenz%C3%BCberschreitenden%20Personen-%20und%20G%C3%BCterverkehrs%20auf%20der%20Tank-%20und%20Rastanlage%20Dannstadt%20Ost&amp;url=https%3A%2F%2Fwww.presseportal.de%2Fblaulicht%2Fpm%2F117687%2F5390828%2F%3Futm_source%3Dtwitter%26utm_medium%3Dsocial&amp;hashtags=ots&amp;lang=de\"><\/a><a href=\"https:\/\/web.whatsapp.com\/send?text=POL-PDNW%3A%20Polizeiautobahnstation%20Ruchheim%20-%20Zentrale%20Verkehrsdienste%20Gro%C3%9Fkontrolle%20des%20gewerblichen%20grenz%C3%BCberschreitenden%20Personen-%20und%20G%C3%BCterverkehrs%20auf%20der%20Tank-%20und%20Rastanlage%20Dannstadt%20Ost%0A%0Ahttps%3A%2F%2Fwww.presseportal.de%2Fblaulicht%2Fpm%2F117687%2F5390828%2F%3Futm_source%3Dwhatsapp%26utm_medium%3Dsocial\"><\/a><a href=\"https:\/\/www.xing.com\/app\/user?op=share;url=https%3A%2F%2Fwww.presseportal.de%2Fblaulicht%2Fpm%2F117687%2F5390828%2F%3Futm_source%3Dxing%26utm_medium%3Dsocial\"><\/a><a href=\"http:\/\/www.linkedin.com\/shareArticle?mini=true&amp;url=https%3A%2F%2Fwww.presseportal.de%2Fblaulicht%2Fpm%2F117687%2F5390828%2F%3Futm_source%3Dlinkedin%26utm_medium%3Dsocial&amp;title=POL-PDNW%3A+Polizeiautobahnstation+Ruchheim+-+Zentrale+Verkehrsdienste+Gro%C3%9Fkontrolle+des+gewerblichen+grenz%C3%BCberschreitenden+Personen-+und+G%C3%BCterverkehrs+auf+der+Tank-+und+Rastanlage+Dannstadt+Ost\"><\/a><a href=\"mailto:?subject=POL-PDNW%3A%20Polizeiautobahnstation%20Ruchheim%20-%20Zentrale%20Verkehrsdienste%20Gro%C3%9Fkontrolle%20des%20gewerblichen%20grenz%C3%BCberschreitenden%20Personen-%20und%20G%C3%BCterverkehrs%20auf%20der%20Tank-%20und%20Rastanlage%20Dannstadt%20Ost&amp;body=https:\/\/www.presseportal.de\/blaulicht\/pm\/117687\/5390828\"><\/a><\/h2>\n\n\n<div class=\"wp-block-image\">\n<figure class=\"aligncenter size-full\"><img decoding=\"async\" loading=\"lazy\" width=\"800\" height=\"451\" src=\"https:\/\/speyer24news.com\/wp-content\/uploads\/2022\/12\/Grosskontrolle.jpg\" alt=\"\" class=\"wp-image-50378\" srcset=\"https:\/\/speyer24news.com\/wp-content\/uploads\/2022\/12\/Grosskontrolle.jpg 800w, https:\/\/speyer24news.com\/wp-content\/uploads\/2022\/12\/Grosskontrolle-300x169.jpg 300w, https:\/\/speyer24news.com\/wp-content\/uploads\/2022\/12\/Grosskontrolle-768x433.jpg 768w, https:\/\/speyer24news.com\/wp-content\/uploads\/2022\/12\/Grosskontrolle-678x381.jpg 678w\" sizes=\"(max-width: 800px) 100vw, 800px\" \/><\/figure><\/div>\n\n\n<p>Am 08.12.2022 von 20 Uhr bis 03.30 Uhr kontrollierten Beamtinnen und Beamte der Polizeiautobahnstation Ruchheim und Zentralen Verkehrsdienste gemeinsam mit Kr\u00e4ften des Zolls den gewerblichen Personen- und G\u00fcterverkehr an der Rastanlage Dannstadt Ost. In dieser Zeit konnten die Kr\u00e4fte insgesamt 26 Fahrzeuge &#8211; Reisebusse, Lkw und Sprinter \u00fcberpr\u00fcfen. Dabei mussten in f\u00fcnf F\u00e4llen Strafverfahren gegen die Fahrzeugf\u00fchrer eingeleitet werden, drei Mal wegen Fahren ohne Fahrerlaubnis, eine Trunkenheitsfahrt mit einer Atemluftalkoholkonzentration von 1,52 Promille und eine Urkundenf\u00e4lschung. Vier Mal wurden Verst\u00f6\u00dfe gegen die Sozialvorschriften festgestellt, weshalb entsprechende Ordnungswidrigkeitenverfahren eingeleitet wurden. Desweiteren ergab die \u00dcberpr\u00fcfung einer Person einen Fahndungstreffer, gegen diese lag die Aufenthaltsermittlung einer Staatsanwaltschaft vor.<\/p>\n\n\n\n<h2 class=\"wp-block-heading\">(Dudenhofen) &#8211; Polizei entdeckt Fahrer ohne Fahrerlaubnis<\/h2>\n\n\n\n<p>Am 08.12.2022 gegen 09:30 Uhr entdeckten Beamte in der Speyerer Stra\u00dfe einen 50-j\u00e4hrigen Fahrzeugf\u00fchrer, der ihnen bereits bekannt war. Seinen F\u00fchrerschein hatten Polizeibeamte erst k\u00fcrzlich beschlagnahmt. Daher untersagten die Beamten die Weiterfahrt, leiteten ein Strafverfahren wegen Fahrens ohne Fahrerlaubnis ein und wiesen den Mann f\u00fcr den Fall weiterer Taten auf die M\u00f6glichkeit einer Sicherstellung von Fahrzeugen hin.<\/p>\n\n\n\n<h2 class=\"wp-block-heading\">(Freisbach) &#8211; Einbruch in landwirtschaftlichen Betrieb<\/h2>\n\n\n\n<p>In der Nacht von Mittwoch auf Donnerstag verschafften sich bislang unbekannte T\u00e4ter gewaltsam Zutritt zum B\u00fcrogeb\u00e4ude eines landwirtschaftlichen Betriebs zwischen Freisbach und Weingarten. Hier entwendeten sie Bargeld. Die genaue Schadensh\u00f6he ist bislang nicht bekannt. Sachdienliche Hinweise nimmt die Polizeiinspektion Germersheim unter Tel. 07274\/9580 oder per E-Mail&nbsp;<a href=\"mailto:pigermersheim@polizei.rlp.de\">pigermersheim@polizei.rlp.de<\/a>&nbsp;entgegen.<\/p>\n\n\n\n<h2 class=\"wp-block-heading\">(K 22 \/ D\u00f6rrenbach) &#8211; Linienbus besch\u00e4digt und gefl\u00fcchtet<a href=\"https:\/\/www.facebook.com\/sharer.php?u=https%3A%2F%2Fwww.presseportal.de%2Fblaulicht%2Fpm%2F117686%2F5390397%2F%3Futm_source%3Dfacebook%26utm_medium%3Dsocial\"><\/a><a href=\"https:\/\/twitter.com\/intent\/tweet?text=POL-PDLD%3A%20D%C3%B6rrenbach%20-%20K22%20Linienbus%20besch%C3%A4digt%20und%20gefl%C3%BCchtet&amp;url=https%3A%2F%2Fwww.presseportal.de%2Fblaulicht%2Fpm%2F117686%2F5390397%2F%3Futm_source%3Dtwitter%26utm_medium%3Dsocial&amp;hashtags=ots&amp;lang=de\"><\/a><a href=\"https:\/\/web.whatsapp.com\/send?text=POL-PDLD%3A%20D%C3%B6rrenbach%20-%20K22%20Linienbus%20besch%C3%A4digt%20und%20gefl%C3%BCchtet%0A%0Ahttps%3A%2F%2Fwww.presseportal.de%2Fblaulicht%2Fpm%2F117686%2F5390397%2F%3Futm_source%3Dwhatsapp%26utm_medium%3Dsocial\"><\/a><a href=\"https:\/\/www.xing.com\/app\/user?op=share;url=https%3A%2F%2Fwww.presseportal.de%2Fblaulicht%2Fpm%2F117686%2F5390397%2F%3Futm_source%3Dxing%26utm_medium%3Dsocial\"><\/a><a href=\"http:\/\/www.linkedin.com\/shareArticle?mini=true&amp;url=https%3A%2F%2Fwww.presseportal.de%2Fblaulicht%2Fpm%2F117686%2F5390397%2F%3Futm_source%3Dlinkedin%26utm_medium%3Dsocial&amp;title=POL-PDLD%3A+D%C3%B6rrenbach+-+K22+Linienbus+besch%C3%A4digt+und+gefl%C3%BCchtet\"><\/a><a href=\"mailto:?subject=POL-PDLD%3A%20D%C3%B6rrenbach%20-%20K22%20Linienbus%20besch%C3%A4digt%20und%20gefl%C3%BCchtet&amp;body=https:\/\/www.presseportal.de\/blaulicht\/pm\/117686\/5390397\"><\/a><\/h2>\n\n\n\n<p>Am Donnerstag, 08.12.22, gegen 19:10 Uhr, kam es auf der K22, kurz vor dem Ortseingang D\u00f6rrenbach, zu einem Verkehrsunfall. Ein bislang noch unbekannter Fahrzeugf\u00fchrer eines vermutlich dunkelgr\u00fcnen Pkw Opel Corsa, kam beim Befahren der K22 aus Richtung D\u00f6rrenbach kommend, in einer Rechtskurve auf die Gegenfahrbahn und streifte hierbei einen entgegenkommenden Linienbus. Anschlie\u00dfend setzte der Verursacher seine Fahrt in Richtung B38 fort. An dem Linienbus entstand ein Sachschaden in noch unbekannter H\u00f6he. Hinweise zu dem Unfallverursacher und dem Unfallhergang nimmt die Polizeiinspektion Bad Bergzabern unter 06343-93340 oder&nbsp;<a href=\"mailto:pibadbergzabern@polizei.rlp.de\">pibadbergzabern@polizei.rlp.de<\/a>&nbsp;entgegen.<\/p>\n\n\n\n<h2 class=\"wp-block-heading\">(Annweiler) &#8211; Schulwegkontrolle am Trifelsgymnasium<\/h2>\n\n\n\n<p>Am fr\u00fchen Morgen des 09.12.22 kontrollierten Polizeibeamte der Polizeiwache Annweiler in Absprache mit der Schulleitung des Trifelsgymnasiums die zur Schule anfahrenden Eltern und Sch\u00fcler. Insbesondere die sogenannten &#8222;Elterntaxis&#8220; wurden n\u00e4her betrachtet und im Hinblick auf die Einhaltung der vorgeschriebenen Sicherungsma\u00dfnahmen der Insassen hin \u00fcberpr\u00fcft. Es wurden auch mehrere Fahrzeuge, in welchen manche Eltern ihre Spr\u00f6\u00dflinge durch die gesperrte Schulzufahrt bis vor die Eingangst\u00fcr fahren wollten, angehalten. Die Insassen wurden in der Folge auf den Fu\u00dfweg verwiesen. Gerade diese Fahrzeuge behindern den eingerichteten Buspendelverkehr erheblich, weshalb an deren Verst\u00e4ndnis zur Einhaltung des Durchfahrtverbotes appelliert wurde. Insgesamt war die Resonanz sowohl bei den Eltern, den Sch\u00fclern und auch den Lehrern des Gymnasiums durchweg positiv. Die Kontrollen werden zu gegebener Zeit wiederholt.<\/p>\n\n\n\n<h2 class=\"wp-block-heading\">(Annweiler) &#8211; Taschendiebe unterwegs<\/h2>\n\n\n\n<p>Im Verlaufe des 08.12.2022 kam es in verschiedenen Einkaufsm\u00e4rkten in Annweiler zu mehreren Diebst\u00e4hlen, bei welchen die T\u00e4ter in einem unbemerkten Augenblick in die Taschen der Einkaufenden griffen und deren Geldb\u00f6rsen entwendeten. In einem Fall wurde mit der so gestohlenen EC-Karte zudem ein niedriger, vierstelliger Betrag abgehoben. In diesem Zusammenhang bittet die Polizei um besondere Vorsicht beim Verwahren der Geldbeutel. Diese sollten w\u00e4hrend des Einkaufes nicht im Einkaufswagen oder der ge\u00f6ffneten Handtasche aufbewahrt, sondern zum Beispiel am besten im Jackeninneren aufbewahrt werden.<\/p>\n\n\n\n<h2 class=\"wp-block-heading\">(Landau) &#8211; Einbruch im Steingebi\u00df<\/h2>\n\n\n\n<p>Die Abwesenheit der Bewohner eines Hauses machten sich am Donnerstag, 8.12. noch unbekannte T\u00e4ter im Zeitraum von 10:30-20:15h zu nutze, um in das Haus einzubrechen. Wer Hinweise zu den T\u00e4tern oder verd\u00e4chtigen Personen geben kann, tut dies bitte bei der Polizei Landau.<\/p>\n\n\n\n<h2 class=\"wp-block-heading\">(Ha\u00dfloch) &#8211; Besser angeschnallt fahren<\/h2>\n\n\n\n<p>Einer Streife der PI Ha\u00dfloch fiel am Donnerstagnachmittag gegen 15:30 Uhr in der F\u00fcllergasse ein Kleintransporter auf, dessen Fahrer nicht angegurtet war. Bei der anschlie\u00dfenden Kontrolle konnte bei dem 65-j\u00e4hrigen Fahrzeugf\u00fchrer aus Ha\u00dfloch zudem Alkoholgeruch wahrgenommen werden. Ein entsprechender Test ergab einen Wert von 0,54 Promille. Ihn erwartet jetzt ein Bu\u00dfgeld, sowie ein Fahrverbot.<\/p>\n\n\n\n<h2 class=\"wp-block-heading\">(Wattenheim) &#8211; Trunkenheitsfahrt<a href=\"https:\/\/www.facebook.com\/sharer.php?u=https%3A%2F%2Fwww.presseportal.de%2Fblaulicht%2Fpm%2F117687%2F5390423%2F%3Futm_source%3Dfacebook%26utm_medium%3Dsocial\"><\/a><a href=\"https:\/\/twitter.com\/intent\/tweet?text=POL-PDNW%3A%20Trunkenheitsfahrt&amp;url=https%3A%2F%2Fwww.presseportal.de%2Fblaulicht%2Fpm%2F117687%2F5390423%2F%3Futm_source%3Dtwitter%26utm_medium%3Dsocial&amp;hashtags=ots&amp;lang=de\"><\/a><a href=\"https:\/\/web.whatsapp.com\/send?text=POL-PDNW%3A%20Trunkenheitsfahrt%0A%0Ahttps%3A%2F%2Fwww.presseportal.de%2Fblaulicht%2Fpm%2F117687%2F5390423%2F%3Futm_source%3Dwhatsapp%26utm_medium%3Dsocial\"><\/a><a href=\"https:\/\/www.xing.com\/app\/user?op=share;url=https%3A%2F%2Fwww.presseportal.de%2Fblaulicht%2Fpm%2F117687%2F5390423%2F%3Futm_source%3Dxing%26utm_medium%3Dsocial\"><\/a><a href=\"http:\/\/www.linkedin.com\/shareArticle?mini=true&amp;url=https%3A%2F%2Fwww.presseportal.de%2Fblaulicht%2Fpm%2F117687%2F5390423%2F%3Futm_source%3Dlinkedin%26utm_medium%3Dsocial&amp;title=POL-PDNW%3A+Trunkenheitsfahrt\"><\/a><a href=\"mailto:?subject=POL-PDNW%3A%20Trunkenheitsfahrt&amp;body=https:\/\/www.presseportal.de\/blaulicht\/pm\/117687\/5390423\"><\/a><\/h2>\n\n\n\n<p>Bei einer Verkehrskontrolle Donnerstagabend (08.12.2022) gegen 23:30 Uhr auf dem Parkplatz &#8222;Am Wegweiser&#8220; stellten die eingesetzten Beamten bei einem 56 Jahre alten Autofahrer Alkoholgeruch in der Ausatemluft fest. Ein Alkoholtest vor Ort zeigte einen Wert \u00fcber 0,5 Promille an, so dass der Mann zum Zwecke eines gerichtsverwertbaren Atemalkoholtests zur Dienststelle mitgenommen wurde. Dieser zeigte schlie\u00dflich 0,6 Promille an. Auf den Betroffenen kommt nun ein Ordnungswidrigkeitsverfahren zu.<\/p>\n\n\n\n<p>Beim Erstversto\u00df gegen die 0,5 Promille-Grenze bedeutet dies ein Bu\u00dfgeld in H\u00f6he von 500 Euro, die Eintragung von zwei Punkten im Verkehrszentralregister und ein Monat Fahrverbot. Beim Zweitversto\u00df sind 1000 Euro Bu\u00dfgeld f\u00e4llig und das Fahrverbot erh\u00f6ht sich auf drei Monate, der Punkteeintrag bleibt gleich. Mehrere Verst\u00f6\u00dfe &#8222;kosten&#8220; 1500 Euro Bu\u00dfgeld, Fahrverbot und Punkteeintrag bleiben dann analog Zweitversto\u00df.<\/p>\n\n\n\n<h2 class=\"wp-block-heading\">(Gr\u00fcnstadt) &#8211; Nach Verkehrsunfall leicht verletzt<a href=\"https:\/\/www.facebook.com\/sharer.php?u=https%3A%2F%2Fwww.presseportal.de%2Fblaulicht%2Fpm%2F117687%2F5390400%2F%3Futm_source%3Dfacebook%26utm_medium%3Dsocial\"><\/a><a href=\"https:\/\/twitter.com\/intent\/tweet?text=POL-PDNW%3A%20Nach%20Verkehrsunfall%20leicht%20verletzt&amp;url=https%3A%2F%2Fwww.presseportal.de%2Fblaulicht%2Fpm%2F117687%2F5390400%2F%3Futm_source%3Dtwitter%26utm_medium%3Dsocial&amp;hashtags=ots&amp;lang=de\"><\/a><a href=\"https:\/\/web.whatsapp.com\/send?text=POL-PDNW%3A%20Nach%20Verkehrsunfall%20leicht%20verletzt%0A%0Ahttps%3A%2F%2Fwww.presseportal.de%2Fblaulicht%2Fpm%2F117687%2F5390400%2F%3Futm_source%3Dwhatsapp%26utm_medium%3Dsocial\"><\/a><a href=\"https:\/\/www.xing.com\/app\/user?op=share;url=https%3A%2F%2Fwww.presseportal.de%2Fblaulicht%2Fpm%2F117687%2F5390400%2F%3Futm_source%3Dxing%26utm_medium%3Dsocial\"><\/a><a href=\"http:\/\/www.linkedin.com\/shareArticle?mini=true&amp;url=https%3A%2F%2Fwww.presseportal.de%2Fblaulicht%2Fpm%2F117687%2F5390400%2F%3Futm_source%3Dlinkedin%26utm_medium%3Dsocial&amp;title=POL-PDNW%3A+Nach+Verkehrsunfall+leicht+verletzt\"><\/a><a href=\"mailto:?subject=POL-PDNW%3A%20Nach%20Verkehrsunfall%20leicht%20verletzt&amp;body=https:\/\/www.presseportal.de\/blaulicht\/pm\/117687\/5390400\"><\/a><\/h2>\n\n\n\n<p>Beim Zusammensto\u00df zweier Pkw wurde am Donnerstag (08.12.22) gegen 06:40 Uhr eine 31 Jahre alte Frau leicht verletzt. Die Autofahrerin befuhr die B 271 und wollte nach rechts in die L 453 in Richtung Gr\u00fcnstadt einbiegen. An der Einm\u00fcndung musste sie warten und hielt an. Der nachfolgende 25 Jahre alte Autofahrer fuhr mit seinem Pkw auf den wartenden Pkw auf. Bei der Kollision entstand au\u00dferdem Sachschaden in H\u00f6he von ca. 3.500 Euro.<\/p>\n\n\n\n<h2 class=\"wp-block-heading\">(A 650 \/ Ruchheim) &#8211; Toyota-Fahrer unter Drogeneinfluss auf der Autobahn<\/h2>\n\n\n\n<p>Am 08.12.2022, um 08.20 Uhr morgens, stellten Beamte der Polizeiautobahnstation Ruchheim auf der A650 einen Toyota fest. Der 21-j\u00e4hrige Fahrer konnte an der Anschlussstelle Bruchwiesenstra\u00dfe kontrolliert werden. Bei der Kontrolle stellten die Polizisten drogentypische Ausfallerscheinungen bei dem jungen Mann fest. Ein Drogenschnelltest best\u00e4tigte den Verdacht, der 21-J\u00e4hrige stand unter dem Einfluss von THC. Dem Mann wurde eine Blutprobe entnommen und Ermittlungsverfahren wegen Trunkenheit im Stra\u00dfenverkehr und Besitz von Bet\u00e4ubungsmitteln eingeleitet.<\/p>\n\n\n\n<h2 class=\"wp-block-heading\">(Ludwigshafen) &#8211; Streit um Parksituation endet im Gewahrsam<\/h2>\n\n\n<div class=\"wp-block-image\">\n<figure class=\"aligncenter size-full\"><img decoding=\"async\" loading=\"lazy\" width=\"800\" height=\"600\" src=\"https:\/\/speyer24news.com\/wp-content\/uploads\/2019\/06\/Ausn\u00fcchterungszelle.jpg\" alt=\"\" class=\"wp-image-15212\" srcset=\"https:\/\/speyer24news.com\/wp-content\/uploads\/2019\/06\/Ausn\u00fcchterungszelle.jpg 800w, https:\/\/speyer24news.com\/wp-content\/uploads\/2019\/06\/Ausn\u00fcchterungszelle-300x225.jpg 300w, https:\/\/speyer24news.com\/wp-content\/uploads\/2019\/06\/Ausn\u00fcchterungszelle-768x576.jpg 768w, https:\/\/speyer24news.com\/wp-content\/uploads\/2019\/06\/Ausn\u00fcchterungszelle-678x509.jpg 678w, https:\/\/speyer24news.com\/wp-content\/uploads\/2019\/06\/Ausn\u00fcchterungszelle-326x245.jpg 326w, https:\/\/speyer24news.com\/wp-content\/uploads\/2019\/06\/Ausn\u00fcchterungszelle-80x60.jpg 80w\" sizes=\"(max-width: 800px) 100vw, 800px\" \/><figcaption>Beispielbild Zelle \/ Verhaftung, dient lediglich der Visualisierung<\/figcaption><\/figure><\/div>\n\n\n<p>Am Donnerstagabend (08.12.2022) eskalierte ein Streit um ein zugeparktes Auto am Rande des Weihnachtsmarktes auf dem Berliner Platz. Ein 59-J\u00e4hrige sprach einen 32-J\u00e4hrigen an, da er sein Auto zugeparkt hatte. Der 32-J\u00e4hrige reagierte hierauf aufbrausend und schlug gegen das Fahrzeug des 59-J\u00e4hrigen. Im Zuge des entstehenden Wortgefechtes schlugen der 32-J\u00e4hrige und sein 54-j\u00e4hriger Begleiter unvermittelt auf den Mann ein. Nachdem die 60-J\u00e4hrige Begleiterin des 59-J\u00e4hrigen die M\u00e4nner aufforderte, sich zu beruhigen, beleidigte der 32-J\u00e4hrige sie. Da sich der junge Mann auch nach Eintreffen der Polizeibeamten nicht beruhigen lie\u00df, wurde er in Gewahrsam genommen. Ihn und seinen Begleiter erwarten Strafverfahren. Der 59-J\u00e4hrige erlitt leichte Verletzungen und wurde vor Ort durch den Rettungsdienst versorgt.<\/p>\n\n\n\n<h2 class=\"wp-block-heading\">(Ludwigshafen) &#8211; Hundebiss \/ Zeugen gesucht<a href=\"https:\/\/www.facebook.com\/sharer.php?u=https%3A%2F%2Fwww.presseportal.de%2Fblaulicht%2Fpm%2F117696%2F5390924%2F%3Futm_source%3Dfacebook%26utm_medium%3Dsocial\"><\/a><a href=\"https:\/\/twitter.com\/intent\/tweet?text=POL-PPRP%3A%20Hundebiss%20-%20Zeugen%20gesucht&amp;url=https%3A%2F%2Fwww.presseportal.de%2Fblaulicht%2Fpm%2F117696%2F5390924%2F%3Futm_source%3Dtwitter%26utm_medium%3Dsocial&amp;hashtags=ots&amp;lang=de\"><\/a><a href=\"https:\/\/web.whatsapp.com\/send?text=POL-PPRP%3A%20Hundebiss%20-%20Zeugen%20gesucht%0A%0Ahttps%3A%2F%2Fwww.presseportal.de%2Fblaulicht%2Fpm%2F117696%2F5390924%2F%3Futm_source%3Dwhatsapp%26utm_medium%3Dsocial\"><\/a><a href=\"https:\/\/www.xing.com\/app\/user?op=share;url=https%3A%2F%2Fwww.presseportal.de%2Fblaulicht%2Fpm%2F117696%2F5390924%2F%3Futm_source%3Dxing%26utm_medium%3Dsocial\"><\/a><a href=\"http:\/\/www.linkedin.com\/shareArticle?mini=true&amp;url=https%3A%2F%2Fwww.presseportal.de%2Fblaulicht%2Fpm%2F117696%2F5390924%2F%3Futm_source%3Dlinkedin%26utm_medium%3Dsocial&amp;title=POL-PPRP%3A+Hundebiss+-+Zeugen+gesucht\"><\/a><a href=\"mailto:?subject=POL-PPRP%3A%20Hundebiss%20-%20Zeugen%20gesucht&amp;body=https:\/\/www.presseportal.de\/blaulicht\/pm\/117696\/5390924\"><\/a><\/h2>\n\n\n\n<p>Am Donnerstag (08.12.2022), gegen 14:30 Uhr, wurde ein 71-J\u00e4hriger in der Kranichstra\u00dfe von einem Hund in die Hand gebissen. Der Hund wurde von einem Mann an der Leine ausgef\u00fchrt. Der Mann ging mit dem Hund weiter, obwohl er von dem Senior angesprochen wurde. <\/p>\n\n\n\n<ul><li><strong>Bei dem Hund soll es sich um einen gro\u00dfen, beigen Boxer-Mix handeln. <\/strong><\/li><li><strong>Der unbekannte Mann sei ca. 25 Jahre alt, ca. 1,80 m gro\u00df und schlank gewesen.<\/strong><\/li><\/ul>\n\n\n\n<p>Wer hat den Vorfall beobachtet und kann Hinweise zu dem Hundehalter geben?<\/p>\n\n\n\n<p>Sachdienliche Hinweise bitte an die Polizeiinspektion Ludwigshafen 2, Telefonnummer 0621 963-2222 oder per E-Mail&nbsp;<a href=\"mailto:piludwigshafen2@polizei.rlp.de\">piludwigshafen2@polizei.rlp.de<\/a>&nbsp;.<\/p>\n\n\n\n<h2 class=\"wp-block-heading\">(Ludwigshafen) &#8211; DEIG-Einsatz<\/h2>\n\n\n<div class=\"wp-block-image\">\n<figure class=\"aligncenter size-full\"><img decoding=\"async\" loading=\"lazy\" width=\"800\" height=\"425\" src=\"https:\/\/speyer24news.com\/wp-content\/uploads\/2020\/12\/Taser-PI-LU.jpg\" alt=\"\" class=\"wp-image-31596\" srcset=\"https:\/\/speyer24news.com\/wp-content\/uploads\/2020\/12\/Taser-PI-LU.jpg 800w, https:\/\/speyer24news.com\/wp-content\/uploads\/2020\/12\/Taser-PI-LU-300x159.jpg 300w, https:\/\/speyer24news.com\/wp-content\/uploads\/2020\/12\/Taser-PI-LU-768x408.jpg 768w\" sizes=\"(max-width: 800px) 100vw, 800px\" \/><\/figure><\/div>\n\n\n<p>Am Donnerstagmittag (08.12.2022) gerieten zwei Mitbewohner in der Mannheimer Stra\u00dfe in Streit. Ein 40-J\u00e4hriger warf seinem 23-j\u00e4hrigen Zimmernachbarn vor, ihm Bargeld gestohlen zu haben. Der 23-J\u00e4hrige bedrohte den 40-J\u00e4hrigen daraufhin mit einem Messer. Als die alarmierten Polizeikr\u00e4fte eintrafen, reagierte der 23-J\u00e4hrige nicht und folgte auch nicht den Anweisungen der Polizisten. Da unklar war, ob er noch im Besitz des Messers war, sollte er seine H\u00e4nde zeigen und gefesselt werden. Auch nach mehrmaligen Androhungen das Distanz-Elektro-Impuls-Ger\u00e4t (DEIG) einzusetzen, reagierte der Mann nicht. Um den Mann gefahrlos fesseln zu k\u00f6nnen, musste das DEIG letztendlich eingesetzt werden.<\/p>\n\n\n\n<h2 class=\"wp-block-heading\">(Ludwigshafen) &#8211; Nach Verkehrsunfall beleidigt&#8230;<\/h2>\n\n\n\n<p>&#8230; wurde ein 23-j\u00e4hriger Autofahrer am Donnerstagmittag (08.12.2022). Der junge Mann war zuvor von der Wittelsbachstra\u00dfe in die Mundenheimer Stra\u00dfe abgebogen, wo er einen, die Mundenheimer Stra\u00dfe querenden, 34-j\u00e4hrigen Fu\u00dfg\u00e4nger \u00fcbersah und ihn mit seinem Au\u00dfenspiegel am Arm traf. Der 34-J\u00e4hirge erlitt hierdurch Schmerzen und zeigte sich so erbost, dass er gegen das Auto trat und den Fahrer beleidigte. Nach Eintreffen der Beamten konnten die Gem\u00fcter beruhigt und der Unfall polizeilich aufgenommen werden.<\/p>\n\n\n\n<h2 class=\"wp-block-heading\">(Ludwigshafen) &#8211; Fahrradfahrer bei Unfall verletzt<\/h2>\n\n\n\n<p>Am Donnerstagmorgen (08.12.2022), gegen 9:30 Uhr, kam es an der Einm\u00fcndung Sternstra\u00dfe\/Pr\u00e4lat-Caire-Stra\u00dfe zu einem Verkehrsunfall. Ein 67-j\u00e4hriger Autofahrer missachtete die Vorfahrt eines 81-j\u00e4hrigen Fahrradfahrers, so dass es zum Zusammensto\u00df kam. Der 81-J\u00e4hrige wurde leicht verletzt.<\/p>\n\n\n\n<h2 class=\"wp-block-heading\">(Mannheim) &#8211; Pressemitteilung des Polizeipr\u00e4sidiums Mannheim anl\u00e4sslich der Klageerhebung gegen zwei Polizeibeamte wegen der Geschehnisse am 02.05.2022 am Marktplatz<\/h2>\n\n\n\n<p>Mit Pressemitteilung vom 09.12.2022 hat die Staatsanwaltschaft Mannheim mitgeteilt, dass sie Anklage zur Schwurgerichtskammer des Landgerichts Mannheim gegen einen Polizeioberkommissar (POK) und einen Polizeihauptmeister (PHM) erhoben hat. Dem POK wird darin K\u00f6rperverletzung im Amt mit Todesfolge in Tateinheit mit versuchter gef\u00e4hrlicher K\u00f6rperverletzung im Amt vorgeworfen, dem PHM fahrl\u00e4ssige T\u00f6tung durch Unterlassen [siehe PM der Staatsanwaltschaft Mannheim&nbsp;<a target=\"_blank\" rel=\"noreferrer noopener\" href=\"https:\/\/t1p.de\/gyy2n\">https:\/\/t1p.de\/gyy2n<\/a>].<\/p>\n\n\n\n<p>Die Ermittlungen lagen und liegen beim Landeskriminalamt Baden-W\u00fcrttemberg und die Entscheidungen \u00fcber die Anklage bei der Justiz.<\/p>\n\n\n\n<p>Dem Polizeipr\u00e4sidium Mannheim liegt die Anklageschrift vor. Die Dienststellenleitung hat mit ihrer Rechtsabteilung die Auswirkungen der Anklageschrift auf die vorl\u00e4ufigen disziplinarrechtlichen Ma\u00dfnahmen gepr\u00fcft. Im Ergebnis bleibt die Suspendierung des POK bestehen. Die Suspendierung des PHM wird aufgehoben. Der Beamte wird bis auf Weiteres innerhalb des Pr\u00e4sidiums im Innendienst eingesetzt.<\/p>\n\n\n\n<p>Das Polizeipr\u00e4sidium Mannheim betont hiermit ausdr\u00fccklich, dass dies keine vorgelagerte Entscheidung &#8211; weder in die eine noch in die andere Richtung &#8211; ist.<\/p>\n\n\n\n<p>Eine abschlie\u00dfende disziplinarrechtliche Entscheidung kann erst getroffen werden, wenn das justizielle Verfahren abgeschlossen ist.<\/p>\n\n\n\n<h2 class=\"wp-block-heading\">(Mannheim-Neckarau) &#8211; Verkehrsunfall unter Einfluss berauschender Mittel<a href=\"mailto:?subject=POL-MA%3A%20Mannheim-Neckarau%3A%20Verkehrsunfall%20unter%20Einfluss%20berauschender%20Mittel&amp;body=https:\/\/www.presseportal.de\/blaulicht\/pm\/14915\/5391030\"><\/a><\/h2>\n\n\n\n<p>Am Donnerstag gegen 17 Uhr befuhr ein 49-j\u00e4hriger Autofahrer die Bundesstra\u00dfe 38 in Fahrtrichtung Mannheim-Neckarau. Im weiteren Verlauf bog er auf die Abfahrt Mannheim-Rheinau in Richtung Helmertstra\u00dfe ab. W\u00e4hrend dessen fuhr der 49-J\u00e4hrige mehrmals dicht auf das vorausfahrende Fahrzeug auf. Als der Vorausfahrende verkehrsbedingt anhalten musste kam es zum Auffahrunfall.<\/p>\n\n\n\n<p>W\u00e4hrend der sp\u00e4teren Unfallaufnahme und Kontrolle des Fahrzeugf\u00fchrers durch die Polizei stellte sich heraus, dass der Fahrzeugf\u00fchrer unter dem Einfluss berauschender Mittel stand und vermutlich dadurch auf die Verkehrssituationen nicht richtig reagieren konnte. Ihm wurde auf der Dienststelle eine Blutprobe entnommen. Gegen den Unfallverursacher wird nun wegen Gef\u00e4hrdung des Stra\u00dfenverkehrs infolge des Einflusses berauschender Mittel ermittelt.<\/p>\n\n\n\n<p>Bei dem Unfall gab es keine verletzten Personen. Es entstand ein Sachschaden von \u00fcber 1.300,- Euro.<\/p>\n\n\n\n<h2 class=\"wp-block-heading\">(Mannheim-Neckarau) &#8211; Einbruch auf Recyclinghof<\/h2>\n\n\n\n<p>Im Morchhof brach eine bislang unbekannte T\u00e4terschaft zwischen Mittwochnachmittag, 17 Uhr und Donnerstagmorgen, 8 Uhr auf das Gel\u00e4nde eines Recyclinghofes ein. Ersten Ermittlungen zufolge kletterte die T\u00e4terschaft zun\u00e4chst \u00fcber einen Metallzaun, um sich Zutritt auf das Gel\u00e4nde zu verschaffen. Im Anschluss wurden mehrere T\u00fcren gewaltsam aufgebrochen sowie Geld entwendet.<\/p>\n\n\n\n<p>Der Gesamtschaden bel\u00e4uft sich auf \u00fcber 4.000,- Euro.<\/p>\n\n\n\n<p>Die Auswertung der Spurenlage erfolgt durch die Kriminaltechnik und dauert zum Berichtszeitpunkt noch an. Das Polizeirevier Mannheim-Neckarau hat die Ermittlungen wegen besonders schweren Falls des Diebstahls aufgenommen und bittet Zeugen, die sachdienliche Angaben machen k\u00f6nnen, sich unter der Telefonnummer 0621 83397-0 zu melden.<\/p>\n\n\n\n<h2 class=\"wp-block-heading\">(Heidelberg \/ Mannheim \/ Rhein-Neckar-Kreis) &#8211; Die Polizei warnt vor neuer Betrugsmasche \/ Telefonbetr\u00fcger weiter in der Region aktiv<\/h2>\n\n\n\n<p>Mit ihren perfiden Maschen versuchen Telefonbetr\u00fcger immer wieder an hohe Geldbetr\u00e4ge, Schmuck und andere Wertgegenst\u00e4nde zu gelangen. Dabei geraten oft \u00e4ltere Menschen in das Visier von &#8222;falschen Polizeibeamten&#8220; oder sogenannten Schockanrufern.<\/p>\n\n\n\n<p>In den vergangenen Tagen erhalten vor allem \u00e4ltere Menschen wieder Anrufe von Betr\u00fcgern, welche sich als Krankenhausmitarbeiter ausgeben. Hierbei wird behauptet, dass sich ein Familienangeh\u00f6riger derzeit im Krankenhaus befinde, t\u00f6dlich erkrankt sei und umgehend teure Medikamente gekauft werden m\u00fcssten. Dabei werden Betr\u00e4ge von bis 100.000 Euro f\u00fcr die angeblich notwendige Medizin verlangt. Aufgrund der Dringlichkeit werden die Angerufenen wie bei Schockanrufen und falschen Polizeibeamten sofort massiv unter Druck gesetzt. Gl\u00fccklicherweise ist in den bisher bekannten F\u00e4llen keiner den Betr\u00fcgern auf den Leim gegangen.<\/p>\n\n\n\n<p>Sollten Sie einen Anruf erhalten haben oder mit den T\u00e4tern im telefonischen Kontakt stehen, informieren Sie bitte unverz\u00fcglich die n\u00e4chste Polizeidienststelle oder in dringenden F\u00e4llen den polizeilichen Notruf unter 110.<\/p>\n\n\n\n<h4 class=\"wp-block-heading\">Die Polizei r\u00e4t:<\/h4>\n\n\n\n<ul><li><strong>Legen Sie einfach auf<\/strong><\/li><li><strong>Lassen Sie sich nicht unter Druck setzen<\/strong><\/li><li><strong>Geben Sie keine Details zu Ihren finanziellen Verh\u00e4ltnissen preis<\/strong><\/li><\/ul>\n\n\n\n<p>Zudem k\u00f6nnen weitere Hinweise \u00fcber den folgenden Link aufgerufen werden:&nbsp;<a target=\"_blank\" rel=\"noreferrer noopener\" href=\"https:\/\/www.polizei-beratung.de\/themen-und-tipps\/\">https:\/\/www.polizei-beratung.de\/themen-und-tipps\/<\/a><\/p>\n\n\n\n<p>Machen Sie Familienangeh\u00f6rige, Bekannte und insbesondere \u00e4ltere Mitmenschen auf die Betrugsmasche aufmerksam!<\/p>\n\n\n\n<h2 class=\"wp-block-heading\">(Heidelberg-Kirchheim) &#8211; Diebstahl aus Fahrzeug \/ Zeugenaufruf<\/h2>\n\n\n\n<p>Am Donnerstagabend gegen 20 Uhr entwendete eine m\u00e4nnliche Person in der Zentstra\u00dfe Gegenst\u00e4nde aus einem PKW der Marke Alfa Romeo. Eine Zeugin beobachtete dies und informierte die Gesch\u00e4digten. Im Anschluss wurde die Polizei verst\u00e4ndigt. Aufgrund der T\u00e4terbeschreibung konnte einige Zeit sp\u00e4ter eine Person festgestellt und in Gewahrsam genommen werden. Ob es sich bei der in Gewahrsam genommenen Person um den T\u00e4ter handelt, ist Gegenstand weiterer Ermittlungen.<\/p>\n\n\n\n<p>M\u00f6glicherweise war an der Tat eine zweite Person beteiligt. Diese wird als ebenfalls m\u00e4nnlich beschrieben und trug einen schwarzen Jogginganzug.<\/p>\n\n\n\n<p>Die H\u00f6he des Diebstahlschadens ist bislang unbekannt.<\/p>\n\n\n\n<p>Die Polizei bittet weitere Zeugen oder Gesch\u00e4digte, sich unter der Telefonnummer 06221 3418-0 zu melden.<\/p>\n\n\n\n<h2 class=\"wp-block-heading\">(Heidelberg-Rohrbach) &#8211; Unfall mit Polizeifahrzeug \/ Zwei Verletzte<\/h2>\n\n\n\n<p>Am Freitag kurz nach 15 Uhr kam es in der B\u00fcrgerstra\u00dfe vor dem Polizeirevier Heidelberg-S\u00fcd zu einem Verkehrsunfall bei dem zwei Personen verletzt wurden.<\/p>\n\n\n\n<p>Nach bisherigem Ermittlungsstand parkte der betroffene Beamte gerade einen Streifenwagen auf den daf\u00fcr vorgesehenen Parkpl\u00e4tzen vor dem Polizeirevier, als der 27-j\u00e4hrige Fahrer eines Fiat offenbar von der Fahrbahn abkam und in das Heck des Polizeifahrzeugs prallte. Der Dienstwagen wurden in Folge dessen gegen die Hauswand des Polizeireviers gedr\u00fcckt. Sowohl der darin befindliche Beamte, als auch der Unfallverursacher trugen bei dem Unfall Verletzungen davon. Der 27-J\u00e4hrige musste zur weiteren Untersuchung mit dem Rettungsdienst in ein st\u00e4dtisches Klinikum gebracht werden. \u00dcber das Ausma\u00df der Verletzungen ist bislang nichts N\u00e4heres bekannt. Auch die Hausfassade des Dienstgeb\u00e4udes wurde im Zuge des Aufpralls in Mitleidenschaft gezogen.<\/p>\n\n\n\n<p>An beiden Autos entstand erheblicher Schaden, sodass diese angeschleppt werden mussten. Die exakte Schadensh\u00f6he kann noch nicht beziffert werden. M\u00f6glicherweise kam der Unfallverursacher aufgrund eines medizinischen Notfalls von der Fahrbahn ab und kollidierte in der Folge mit dem Dienstwagen. Die Ursachenermittlung hierzu dauert weiter an.<\/p>\n\n\n\n<p>Aufgrund auslaufender Betriebsstoffe an den Pkw wurde die Feuerwehr der Stadt Heidelberg mit an die Unfallstelle beordert. Bis zur Beendigung der Unfallaufnahme kam es im Bereich der B\u00fcrgerstra\u00dfe zwischenzeitlich zu geringf\u00fcgigen Beeintr\u00e4chtigungen f\u00fcr den \u00fcbrigen Verkehr.<\/p>\n\n\n\n<h2 class=\"wp-block-heading\">(Heidelberg-Rohrbach) &#8211; Geb\u00e4udebrand mit hohem Sachschaden<\/h2>\n\n\n\n<p>Am Donnerstagabend gegen 22 Uhr kam es zu einem Brand in der Marie-Clauss-Stra\u00dfe in Heidelberg in einer Werkstatt eines noch nicht bewohnten Geb\u00e4udes.<\/p>\n\n\n\n<p>Es befanden sich keine Personen im Geb\u00e4ude, sodass weder Personen gef\u00e4hrdet noch verletzt wurden.<\/p>\n\n\n\n<p>Die Feuerwehr war mit ca. 40 Einsatzkr\u00e4ften und drei L\u00f6schz\u00fcgen vor Ort und l\u00f6schte den Brand, sodass ein \u00dcbertreten der Flammen auf andere Geb\u00e4ude verhindert werden konnte.<\/p>\n\n\n\n<p>Am Geb\u00e4ude selbst entstand kein Schaden. Der Gesamtschaden der im Geb\u00e4ude befindlichen Gegenst\u00e4nde bel\u00e4uft sich auf etwa 70.000,- Euro.<\/p>\n\n\n\n<p>Die Brandursache ist Gegenstand weiterer Ermittlungen.<\/p>\n\n\n\n<p>Das Revier Heidelberg-S\u00fcd hat die Ermittlungen aufgenommen.<\/p>\n\n\n\n<h2 class=\"wp-block-heading\">(Heidelberg-Wieblingen) &#8211; Festnahme nach exhibitionistischer Handlung<\/h2>\n\n\n\n<p>Am Donnerstagnachmittag gegen 15:50 Uhr soll sich ein Mann im Gutachweg gegen\u00fcber mehreren Passanten in unsittlicher Art und Weise entbl\u00f6\u00dft und sexuelle Handlungen an sich vorgenommen haben, weshalb Zeuginnen umgehend die Polizei alarmierten. Als die Beamtinnen und Beamten des Polizeireviers Heidelberg-S\u00fcd kurze Zeit sp\u00e4ter eintrafen, konnten sie einen Mann feststellen, auf den die Beschreibung der Zeuginnen zutraf. Der 60-J\u00e4hrige versuchte zu fl\u00fcchten, konnte aber durch die Beamtinnen und Beamten eingeholt und vorl\u00e4ufig festgenommen werden.<\/p>\n\n\n\n<p>Die weiteren Ermittlungen hat die Kriminalpolizeidirektion Heidelberg \u00fcbernommen. Der Mann muss sich nun wegen exhibitionistischen Handlungen verantworten. Zudem wurde er erkennungsdienstlich behandelt.<\/p>\n\n\n\n<h2 class=\"wp-block-heading\">(A 6 \/ AK Walldorf \/ AS Wiesloch-Rauenberg \/ Rhein-Neckar-Kreis) &#8211; Zwei M\u00e4nner im Alter von 25 und 28 Jahren wegen des Verdachts des unerlaubten Handeltreibens mit Bet\u00e4ubungsmitteln in nicht geringer Menge unter Mitf\u00fchren von Waffen in Untersuchungshaft<\/h2>\n\n\n\n<h3 class=\"wp-block-heading\">Gemeinsame Pressemitteilung der Staatsanwaltschaft Heidelberg und des Polizeipr\u00e4sidiums Mannheim<\/h3>\n\n\n<div class=\"wp-block-image\">\n<figure class=\"aligncenter size-full\"><img decoding=\"async\" loading=\"lazy\" width=\"800\" height=\"533\" src=\"https:\/\/speyer24news.com\/wp-content\/uploads\/2020\/06\/Zelle.jpg\" alt=\"\" class=\"wp-image-28203\" srcset=\"https:\/\/speyer24news.com\/wp-content\/uploads\/2020\/06\/Zelle.jpg 800w, https:\/\/speyer24news.com\/wp-content\/uploads\/2020\/06\/Zelle-300x200.jpg 300w, https:\/\/speyer24news.com\/wp-content\/uploads\/2020\/06\/Zelle-768x512.jpg 768w\" sizes=\"(max-width: 800px) 100vw, 800px\" \/><figcaption>Beispielbild Zelle \/ Verhaftung, dient lediglich der Visualisierung<\/figcaption><\/figure><\/div>\n\n\n<p>Auf Antrag der Staatsanwaltschaft Heidelberg wurden Haftbefehle gegen einen 25 Jahre und 28 Jahren alten Mann erlassen. Sie stehen im dringenden Verdacht, schwunghaften Handel mit Bet\u00e4ubungsmitteln betrieben zu haben.<\/p>\n\n\n\n<p>Bei einer Routinekontrolle der Autobahnfahndung am Mittwoch, den 07. Dezember, gegen 14:30 Uhr auf der BAB 6 konnten in dem Pkw des 28-J\u00e4hrigen rund 2,8 kg Marihuana sowie, griffbereit, ein Teleskopschlagstock und eine geladene Schreckschusswaffe aufgefunden werden.<\/p>\n\n\n\n<p>Die Staatsanwaltschaft Heidelberg beantragte beim Amtsgericht Heidelberg Haftbefehle wegen Flucht- und Verdunkelungsgefahr gegen die nunmehr im dringenden Tatverdacht des Handeltreibens mit Bet\u00e4ubungsmitteln in nicht geringer Menge unter Mitf\u00fchren von Waffen stehenden Insassen des Pkws.<\/p>\n\n\n\n<p>Die Tatverd\u00e4chtigen wurden daraufhin am Folgetag, dem 08. Dezember, der Ermittlungsrichterin am Amtsgericht Heidelberg vorgef\u00fchrt, die die Haftbefehle erlie\u00df, er\u00f6ffnete und in Vollzug setzte. Anschlie\u00dfend wurden die zwei Beschuldigten in unterschiedliche Justizvollzugsanstalten eingeliefert.<\/p>\n\n\n\n<p>Die Ermittlungen der Staatsanwaltschaft und des Rauschgiftdezernats der Kriminalpolizeidirektion Heidelberg dauern weiter an.<\/p>\n\n\n\n<h2 class=\"wp-block-heading\">(L 590 \/ Sch\u00f6nbrunn \/ Rhein-Neckar-Kreis) &#8211; Verkehrsunfallflucht auf der Schwanheimer Stra\u00dfe \/ Zeugenaufruf<\/h2>\n\n\n\n<p>Auf der L 590 zwischen Schwanheim und Eberbach kam es am Dienstag, den 6.12. gegen 17 Uhr zu einem Verkehrsunfall, bei dem ein bislang unbekannter Fahrzeugf\u00fchrer auf die Gegenfahrbahn geriet und einen entgegenkommenden BMW touchierte. Trotz eines Streifschadens der f\u00fcr beide Fahrer merklich war, fl\u00fcchtete der Verursacher.<\/p>\n\n\n\n<p>W\u00e4hrend die Gesch\u00e4digte mit ihrem BMW anhielt und zur\u00fcckfuhr, um den Unfallverursacher aufzusuchen, hatte sich dieser bereits von der Unfall\u00f6rtlichkeit entfernt.<\/p>\n\n\n\n<p>Es entstand ein Gesamtschaden im vierstelligen Bereich.<\/p>\n\n\n\n<p>Das Polizeirevier Eberbach hat die Verkehrsunfallflucht aufgenommen und bittet Zeugen, welche sachdienliche Angaben machen k\u00f6nnen, sich unter der Telefonnummer 06271 9210-0 zu melden.<\/p>\n\n\n\n<h2 class=\"wp-block-heading\">(A 5 \/ Dossenheim \/ Rhein-Neckar-Kreis) &#8211; Unfall mit mehreren Fahrzeugen<\/h2>\n\n\n\n<p>Am Freitagmittag gegen 13:15 Uhr kam es auf der BAB 5 zwischen Dossenheim und Kreuz Heidelberg zu einem Verkehrsunfall. Hierbei sind mehrere Fahrzeuge beteiligt sowie mehrere Personen leicht verletzt. Rettungskr\u00e4fte sind vor Ort im Einsatz. Nach ersten Erkenntnissen handelt es sich um einen Auffahrunfall am Stauenende. Polizei und Feuerwehr befinden sich derzeit im Einsatz. Es kommt zu Verkehrsbehinderungen auf dem Streckenabschnitt.<\/p>\n\n\n\n<h3 class=\"has-text-align-center wp-block-heading\">Pressemeldung Nr. 2<a href=\"https:\/\/www.facebook.com\/sharer.php?u=https%3A%2F%2Fwww.presseportal.de%2Fblaulicht%2Fpm%2F14915%2F5391169%2F%3Futm_source%3Dfacebook%26utm_medium%3Dsocial\"><\/a><a href=\"https:\/\/twitter.com\/intent\/tweet?text=POL-MA%3A%20BAB%205%2C%20Dossenheim%3A%20Unfall%20mit%20mehreren%20Fahrzeugen%20-%20PM%20Nr.%202&amp;url=https%3A%2F%2Fwww.presseportal.de%2Fblaulicht%2Fpm%2F14915%2F5391169%2F%3Futm_source%3Dtwitter%26utm_medium%3Dsocial&amp;hashtags=ots&amp;lang=de\"><\/a><a href=\"https:\/\/web.whatsapp.com\/send?text=POL-MA%3A%20BAB%205%2C%20Dossenheim%3A%20Unfall%20mit%20mehreren%20Fahrzeugen%20-%20PM%20Nr.%202%0A%0Ahttps%3A%2F%2Fwww.presseportal.de%2Fblaulicht%2Fpm%2F14915%2F5391169%2F%3Futm_source%3Dwhatsapp%26utm_medium%3Dsocial\"><\/a><a href=\"https:\/\/www.xing.com\/app\/user?op=share;url=https%3A%2F%2Fwww.presseportal.de%2Fblaulicht%2Fpm%2F14915%2F5391169%2F%3Futm_source%3Dxing%26utm_medium%3Dsocial\"><\/a><a href=\"http:\/\/www.linkedin.com\/shareArticle?mini=true&amp;url=https%3A%2F%2Fwww.presseportal.de%2Fblaulicht%2Fpm%2F14915%2F5391169%2F%3Futm_source%3Dlinkedin%26utm_medium%3Dsocial&amp;title=POL-MA%3A+BAB+5%2C+Dossenheim%3A+Unfall+mit+mehreren+Fahrzeugen+-+PM+Nr.+2\"><\/a><a href=\"mailto:?subject=POL-MA%3A%20BAB%205%2C%20Dossenheim%3A%20Unfall%20mit%20mehreren%20Fahrzeugen%20-%20PM%20Nr.%202&amp;body=https:\/\/www.presseportal.de\/blaulicht\/pm\/14915\/5391169\"><\/a><\/h3>\n\n\n\n<p>Am Freitagnachmittag kam es auf der BAB 5 bei Dossenheim in Fahrtrichtung Heidelberg gleich zu zwei Verkehrsunf\u00e4llen. Beide Verkehrsunf\u00e4lle ereigneten sich am Stauende gegen 13.15 Uhr. Insgesamt mussten drei Fahrzeuge abgeschleppt werden. Zwei Beteiligten wurden leicht verletzt und medizinisch versorgt. Polizei und Feuerwehr waren bis 15 Uhr im Einsatz. Der Streckenabschnitt ist nach den mittlerweile abgeschlossenen Bergungs- und Reinigungsarbeiten wieder freigegeben.<\/p>\n","protected":false},"excerpt":{"rendered":"<div class=\"mh-excerpt\"><p>Polizeimeldungen vom Freitag (09.12.2022) (Speyer) &#8211; Geschwindigkeitsmessungen der Polizei in Nord Am 08.12.2022 zwischen 22:30 Uhr und 0:30 Uhr f\u00fchrte die Polizei am Mitfahrerparkplatz Speyer-Nord in der Schifferstadter Stra\u00dfe Geschwindigkeitsmessungen durch. Die Beamten ma\u00dfen den <a class=\"mh-excerpt-more\" href=\"https:\/\/speyer24news.com\/?p=50376\" title=\"Polizeimeldungen Freitag (09.12.2022)\">[&#8230;]<\/a><\/p>\n<\/div>","protected":false},"author":3,"featured_media":26162,"comment_status":"open","ping_status":"open","sticky":false,"template":"","format":"standard","meta":{"_monsterinsights_skip_tracking":false,"_monsterinsights_sitenote_active":false,"_monsterinsights_sitenote_note":"","_monsterinsights_sitenote_category":0,"footnotes":""},"categories":[12],"tags":[7243,7244,3614,350,14537,15084,15267,14538,15361,702,61,2555,6955,6986,6263,63,105,11150,6987,53,4854,13534,4683,1548,4905,11592,102,13626,213,14325,14324,13553,13541,55,8277,6368,5261,103,106,2803,2423,427,2625,380,62,104,979,1565],"aioseo_notices":[],"amp_enabled":true,"_links":{"self":[{"href":"https:\/\/speyer24news.com\/index.php?rest_route=\/wp\/v2\/posts\/50376"}],"collection":[{"href":"https:\/\/speyer24news.com\/index.php?rest_route=\/wp\/v2\/posts"}],"about":[{"href":"https:\/\/speyer24news.com\/index.php?rest_route=\/wp\/v2\/types\/post"}],"author":[{"embeddable":true,"href":"https:\/\/speyer24news.com\/index.php?rest_route=\/wp\/v2\/users\/3"}],"replies":[{"embeddable":true,"href":"https:\/\/speyer24news.com\/index.php?rest_route=%2Fwp%2Fv2%2Fcomments&post=50376"}],"version-history":[{"count":3,"href":"https:\/\/speyer24news.com\/index.php?rest_route=\/wp\/v2\/posts\/50376\/revisions"}],"predecessor-version":[{"id":50382,"href":"https:\/\/speyer24news.com\/index.php?rest_route=\/wp\/v2\/posts\/50376\/revisions\/50382"}],"wp:featuredmedia":[{"embeddable":true,"href":"https:\/\/speyer24news.com\/index.php?rest_route=\/wp\/v2\/media\/26162"}],"wp:attachment":[{"href":"https:\/\/speyer24news.com\/index.php?rest_route=%2Fwp%2Fv2%2Fmedia&parent=50376"}],"wp:term":[{"taxonomy":"category","embeddable":true,"href":"https:\/\/speyer24news.com\/index.php?rest_route=%2Fwp%2Fv2%2Fcategories&post=50376"},{"taxonomy":"post_tag","embeddable":true,"href":"https:\/\/speyer24news.com\/index.php?rest_route=%2Fwp%2Fv2%2Ftags&post=50376"}],"curies":[{"name":"wp","href":"https:\/\/api.w.org\/{rel}","templated":true}]}}