{"id":50393,"date":"2022-12-12T08:55:19","date_gmt":"2022-12-12T07:55:19","guid":{"rendered":"https:\/\/speyer24news.com\/?p=50393"},"modified":"2022-12-19T14:52:55","modified_gmt":"2022-12-19T13:52:55","slug":"geschwindigkeitskontrollen-blitzer-kw-50-12-12-19-12-22","status":"publish","type":"post","link":"https:\/\/speyer24news.com\/?p=50393","title":{"rendered":"Geschwindigkeitskontrollen \/ Blitzer KW 50 (12.12. \u2013 18.12.22)"},"content":{"rendered":"<style type=\"text\/css\">\r\n\t.ads_top_disp{}\r\n\t.ads_top_corner_disp{ float:left; margin:0px 10px 10px 0px; }\r\n\t.ads_first_p_disp{}\r\n\t.ads_bottom_disp{}\r\n\t<\/style>\n<h2 class=\"wp-block-heading\">Radarkontrollen f\u00fcr die Woche vom 12. Dezember bis 18. Dezember 2022<\/h2>\n\n\n<div class=\"wp-block-image\">\n<figure class=\"aligncenter\"><img decoding=\"async\" loading=\"lazy\" width=\"800\" height=\"600\" src=\"https:\/\/speyer24news.com\/wp-content\/uploads\/2020\/03\/Blitzer-1.jpg\" alt=\"\" class=\"wp-image-25724\" srcset=\"https:\/\/speyer24news.com\/wp-content\/uploads\/2020\/03\/Blitzer-1.jpg 800w, https:\/\/speyer24news.com\/wp-content\/uploads\/2020\/03\/Blitzer-1-300x225.jpg 300w, https:\/\/speyer24news.com\/wp-content\/uploads\/2020\/03\/Blitzer-1-768x576.jpg 768w, https:\/\/speyer24news.com\/wp-content\/uploads\/2020\/03\/Blitzer-1-678x509.jpg 678w, https:\/\/speyer24news.com\/wp-content\/uploads\/2020\/03\/Blitzer-1-326x245.jpg 326w, https:\/\/speyer24news.com\/wp-content\/uploads\/2020\/03\/Blitzer-1-80x60.jpg 80w\" sizes=\"(max-width: 800px) 100vw, 800px\" \/><\/figure><\/div>\n\n\n<p><strong>(Ludwigshafen) \u2013&nbsp;<\/strong>Die Stadt Ludwigshafen nimmt in folgenden Stadtteilen Radarkontrollen vor.<\/p>\n\n\n\n<ul><li><strong>Montag, 12. Dezember: Gartenstadt, Edigheim und Friesenheim<\/strong><\/li><li><strong>Dienstag, 13. Dezember: Maudach, Mitte und Mundenheim<\/strong><\/li><li><strong>Mittwoch, 14. Dezember: Nord, Oppau und Oggersheim<\/strong><\/li><li><strong>Donnerstag, 15. Dezember: Pfingstweide, Rheing\u00f6nheim und S\u00fcd<\/strong><\/li><li><strong>Freitag, 16. Dezember: Ruchheim, West und Edigheim<\/strong><\/li><li><strong>Samstag, 17. Dezember: Friesenheim, Oggersheim und Gartenstadt<\/strong><\/li><\/ul>\n\n\n\n<p>Kurzfristige \u00c4nderungen beh\u00e4lt sich der Bereich Stra\u00dfenverkehr vor. Kontrollen k\u00f6nnen auch kurzfristig an anderen Stellen stattfinden.<\/p>\n\n\n\n<p><em>Stadt Ludwigshafen am Rhein<br>08.12.2022<\/em><\/p>\n\n\n\n<h2 class=\"wp-block-heading\">Geschwindigkeitskontrollen f\u00fcr die Woche vom 12. bis 16. Dezember<\/h2>\n\n\n<div class=\"wp-block-image\">\n<figure class=\"aligncenter\"><img decoding=\"async\" loading=\"lazy\" width=\"640\" height=\"497\" src=\"https:\/\/speyer24news.com\/wp-content\/uploads\/2020\/12\/Blitzer-2.jpg\" alt=\"\" class=\"wp-image-31937\" srcset=\"https:\/\/speyer24news.com\/wp-content\/uploads\/2020\/12\/Blitzer-2.jpg 640w, https:\/\/speyer24news.com\/wp-content\/uploads\/2020\/12\/Blitzer-2-300x233.jpg 300w\" sizes=\"(max-width: 640px) 100vw, 640px\" \/><\/figure><\/div>\n\n\n<p><strong>(Mannheim) \u2013<\/strong>&nbsp;Die Stadt Mannheim f\u00fchrt vom 12. bis 16. Dezember in folgenden Stra\u00dfen mobile Geschwindigkeitskontrollen durch:<\/p>\n\n\n\n<ul><li><strong>Goethestra\u00dfe<\/strong><\/li><li><strong>In der Au<\/strong><\/li><li><strong>Keplerstra\u00dfe<\/strong><\/li><li><strong>Kolpingstra\u00dfe<\/strong><\/li><li><strong>Meerfeldstra\u00dfe (Diesterwegschule)<\/strong><\/li><li><strong>Neues Leben<\/strong><\/li><li><strong>Oppauer Stra\u00dfe (Waldhofschule)<\/strong><\/li><li><strong>Otto-Beck-Stra\u00dfe (Pestalozzischule)<\/strong><\/li><li><strong>Otto-Siffling-Stra\u00dfe<\/strong><\/li><li><strong>Reichskanzler-M\u00fcller-Stra\u00dfe<\/strong><\/li><li><strong>Rennershofstra\u00dfe<\/strong><\/li><li><strong>Schwetzinger Stra\u00dfe<\/strong><\/li><li><strong>Spessartstra\u00dfe (Br\u00fcder-Grimm-Schule)<\/strong><\/li><li><strong>Talstra\u00dfe<\/strong><\/li><li><strong>Waldpforte (Alfred-Delp-Schule)<\/strong><\/li><li><strong>Weizenstra\u00dfe<\/strong><\/li><li><strong>Werderplatz (Oststadtschule)<\/strong><\/li><li><strong>Wiesbadener Stra\u00dfe (Friedrich-Ebert-Schule)<\/strong><\/li><li><strong>Windeckstra\u00dfe<\/strong><\/li><\/ul>\n\n\n\n<p>Kurzfristige \u00c4nderungen oder zus\u00e4tzliche Messstellen sind aus aktuellem Anlass m\u00f6glich.<\/p>\n\n\n\n<p><em>Stadt Mannheim<br>08.12.2022<\/em><\/p>\n\n\n\n<h2 class=\"wp-block-heading\">(Pr\u00e4sidialbereich&nbsp;Rheinpfalz) \u2013 Geschwindigkeitskontrollen des Polizeipr\u00e4sidiums Rheinpfalz im Dezember 2022<\/h2>\n\n\n<div class=\"wp-block-image\">\n<figure class=\"aligncenter\"><img decoding=\"async\" loading=\"lazy\" width=\"800\" height=\"450\" src=\"https:\/\/speyer24news.com\/wp-content\/uploads\/2020\/12\/Blitzer-Logo.jpg\" alt=\"\" class=\"wp-image-31938\" srcset=\"https:\/\/speyer24news.com\/wp-content\/uploads\/2020\/12\/Blitzer-Logo.jpg 800w, https:\/\/speyer24news.com\/wp-content\/uploads\/2020\/12\/Blitzer-Logo-300x169.jpg 300w, https:\/\/speyer24news.com\/wp-content\/uploads\/2020\/12\/Blitzer-Logo-768x432.jpg 768w, https:\/\/speyer24news.com\/wp-content\/uploads\/2020\/12\/Blitzer-Logo-678x381.jpg 678w\" sizes=\"(max-width: 800px) 100vw, 800px\" \/><\/figure><\/div>\n\n\n<h4 class=\"wp-block-heading\">Im Bereich der&nbsp;<strong>Polizeidirektion Neustadt<\/strong>&nbsp;finden wie folgt Kontrollen statt:<\/h4>\n\n\n\n<ul><li><strong>Montag, den 12.12.2022 im Bereich Bad D\u00fcrkheim<\/strong><\/li><li><strong>Dienstag, den 20.12.2022 im Bereich Hettenleidelheim<\/strong><\/li><\/ul>\n\n\n\n<h4 class=\"wp-block-heading\">Im Bereich der&nbsp;<strong>Polizeidirektion Landau<\/strong>&nbsp;finden wie folgt Kontrollen statt:<\/h4>\n\n\n\n<ul><li><strong>Mittwoch, den 14.12.2022 im Bereich Kandel<\/strong><\/li><li><strong>Donnerstag, den 15.12.2022 im Bereich Albersweiler<\/strong><\/li><li><strong>Montag, den 19.12.2022 im Bereich Bornheim<\/strong><\/li><\/ul>\n\n\n\n<h4 class=\"wp-block-heading\">Im Bereich der&nbsp;<strong>Polizeidirektion Ludwigshafen<\/strong>&nbsp;finden wie folgt Kontrollen statt:<\/h4>\n\n\n\n<ul><li><strong>Dienstag, den 13.12.2022 im Bereich Frankenthal<\/strong><\/li><li><strong>Freitag, den 16.12.2022 im Bereich R\u00f6merberg<\/strong><\/li><li><strong>Donnerstag, den 22.12.2022 im Bereich Limburgerhof<\/strong><\/li><\/ul>\n\n\n\n<p>Die Polizei weist ausdr\u00fccklich darauf hin, dass Kontrollen auch au\u00dferhalb der genannten Zeiten und \u00d6rtlichkeiten stattfinden.<\/p>\n\n\n\n<p><em>Polizeipr\u00e4sidium Rheinpfalz<br>01.12.2022<\/em><\/p>\n","protected":false},"excerpt":{"rendered":"<div class=\"mh-excerpt\"><p>Radarkontrollen f\u00fcr die Woche vom 12. Dezember bis 18. Dezember 2022 (Ludwigshafen) \u2013&nbsp;Die Stadt Ludwigshafen nimmt in folgenden Stadtteilen Radarkontrollen vor. Montag, 12. Dezember: Gartenstadt, Edigheim und Friesenheim Dienstag, 13. Dezember: Maudach, Mitte und Mundenheim <a class=\"mh-excerpt-more\" href=\"https:\/\/speyer24news.com\/?p=50393\" title=\"Geschwindigkeitskontrollen \/ Blitzer KW 50 (12.12. \u2013 18.12.22)\">[&#8230;]<\/a><\/p>\n<\/div>","protected":false},"author":3,"featured_media":33649,"comment_status":"open","ping_status":"open","sticky":false,"template":"","format":"standard","meta":{"_monsterinsights_skip_tracking":false,"_monsterinsights_sitenote_active":false,"_monsterinsights_sitenote_note":"","_monsterinsights_sitenote_category":0,"footnotes":""},"categories":[64],"tags":[18,7702,4819,4814,7703,19,5148,4822,4817,5149,4228,947,5146,4820,4815,5147,153,56,227,17,7699,7068,7004,7700,949,5150,4818,4813,5151,1310,948,10894,10893,1565],"aioseo_notices":[],"amp_enabled":true,"_links":{"self":[{"href":"https:\/\/speyer24news.com\/index.php?rest_route=\/wp\/v2\/posts\/50393"}],"collection":[{"href":"https:\/\/speyer24news.com\/index.php?rest_route=\/wp\/v2\/posts"}],"about":[{"href":"https:\/\/speyer24news.com\/index.php?rest_route=\/wp\/v2\/types\/post"}],"author":[{"embeddable":true,"href":"https:\/\/speyer24news.com\/index.php?rest_route=\/wp\/v2\/users\/3"}],"replies":[{"embeddable":true,"href":"https:\/\/speyer24news.com\/index.php?rest_route=%2Fwp%2Fv2%2Fcomments&post=50393"}],"version-history":[{"count":2,"href":"https:\/\/speyer24news.com\/index.php?rest_route=\/wp\/v2\/posts\/50393\/revisions"}],"predecessor-version":[{"id":50530,"href":"https:\/\/speyer24news.com\/index.php?rest_route=\/wp\/v2\/posts\/50393\/revisions\/50530"}],"wp:featuredmedia":[{"embeddable":true,"href":"https:\/\/speyer24news.com\/index.php?rest_route=\/wp\/v2\/media\/33649"}],"wp:attachment":[{"href":"https:\/\/speyer24news.com\/index.php?rest_route=%2Fwp%2Fv2%2Fmedia&parent=50393"}],"wp:term":[{"taxonomy":"category","embeddable":true,"href":"https:\/\/speyer24news.com\/index.php?rest_route=%2Fwp%2Fv2%2Fcategories&post=50393"},{"taxonomy":"post_tag","embeddable":true,"href":"https:\/\/speyer24news.com\/index.php?rest_route=%2Fwp%2Fv2%2Ftags&post=50393"}],"curies":[{"name":"wp","href":"https:\/\/api.w.org\/{rel}","templated":true}]}}