{"id":50403,"date":"2022-12-13T10:48:18","date_gmt":"2022-12-13T09:48:18","guid":{"rendered":"https:\/\/speyer24news.com\/?p=50403"},"modified":"2022-12-13T10:48:20","modified_gmt":"2022-12-13T09:48:20","slug":"polizeimeldungen-montag-12-12-2022","status":"publish","type":"post","link":"https:\/\/speyer24news.com\/?p=50403","title":{"rendered":"Polizeimeldungen Montag (12.12.2022)"},"content":{"rendered":"<style type=\"text\/css\">\r\n\t.ads_top_disp{}\r\n\t.ads_top_corner_disp{ float:left; margin:0px 10px 10px 0px; }\r\n\t.ads_first_p_disp{}\r\n\t.ads_bottom_disp{}\r\n\t<\/style>\n<h2 class=\"wp-block-heading\">Polizeimeldungen vom Montag (12.12.2022)<\/h2>\n\n\n<div class=\"wp-block-image\">\n<figure class=\"aligncenter size-full\"><img decoding=\"async\" loading=\"lazy\" width=\"375\" height=\"500\" src=\"https:\/\/speyer24news.com\/wp-content\/uploads\/2022\/03\/Aktuelles-Polizeilogo.jpg\" alt=\"\" class=\"wp-image-43591\" srcset=\"https:\/\/speyer24news.com\/wp-content\/uploads\/2022\/03\/Aktuelles-Polizeilogo.jpg 375w, https:\/\/speyer24news.com\/wp-content\/uploads\/2022\/03\/Aktuelles-Polizeilogo-225x300.jpg 225w\" sizes=\"(max-width: 375px) 100vw, 375px\" \/><\/figure><\/div>\n\n\n<h2 class=\"wp-block-heading\">(Speyer) &#8211; Verkehrsunfall mit Verletzten und hohem Sachschaden beim Rinkenbergerhof<\/h2>\n\n\n\n<p>Am 11.12.2022 gegen 17:15 Uhr befuhr ein 89-j\u00e4hriger PKW-Fahrer zun\u00e4chst die B9 in Richtung S\u00fcden und von dort die Anschlussstelle Speyer-Rinkenbergerhof. Hier ordnete er sich zum Linksabbiegen auf die Kreisstra\u00dfe 1 in Richtung Otterstadt ein. Der 89-J\u00e4hrige bog nach links auf die K1 ein und missachtete hierbei die Vorfahrt einer 40-j\u00e4hrigen PKW-Fahrerin, die auf der K1 in Richtung des Rinkenbergerhofes unterwegs war. Infolgedessen kollidierte der PKW der 40-J\u00e4hrigen frontal mit dem linken Kotfl\u00fcgel des 89-J\u00e4hrigen, wonach der PKW der 40-J\u00e4hrigen mit der Leitplanke kollidierte und diese besch\u00e4digte. An beiden PKW l\u00f6sten die Airbags aus und die Fahrer wurden verletzt. Der 89-J\u00e4hrige erlitt eine Schulterprellung und ein Trauma der Halswirbels\u00e4ule, die 40-J\u00e4hrige erlitt Schmerzen in der Brust. Der Rettungsdienst verbrachte beide Unfallbeteiligte in Krankenh\u00e4user. Beide Fahrzeuge mussten abgeschleppt werden, da sie nicht mehr fahrbereit waren. Die Gesamtschadensh\u00f6he liegt bei ca. 40.000 Euro. An den Fahrzeugen entstand jeweils Totalschaden. W\u00e4hrend der Unfallaufnahme sperrten die Beamten die Anschlussstelle Rinkenbergerhof sowie die K1 in beiden Fahrtrichtungen.<\/p>\n\n\n\n<h2 class=\"wp-block-heading\">(Speyer) &#8211; Versuchter Einbruch in Spielwarengesch\u00e4ft<\/h2>\n\n\n\n<p>Im Zeitraum vom 10.12.2022, 20 Uhr, bis zum 11.12.2022, 10 Uhr, hebelten unbekannte T\u00e4ter ein Fenster auf der R\u00fcckseite eines Spielwarengesch\u00e4fts in der Oberen Langgasse auf. Sie besch\u00e4digten dabei das Fenster erheblich, gelangten allerdings nicht in das Geb\u00e4ude. Der entstandene Sachschaden betr\u00e4gt ca. 500 Euro.<\/p>\n\n\n\n<p>Wer hat im genannten Zeitraum verd\u00e4chtige Personen oder Fahrzeuge im Bereich des Tatortes beobachtet oder kann in sonstiger Weise sachdienliche Hinweise zum Tatgeschehen machen? Zeugenhinweise nimmt die Polizei Speyer unter der Tel. 06232-1370 oder per E-Mail an&nbsp;<a href=\"mailto:pispeyer@polizei.rlp.de\">pispeyer@polizei.rlp.de<\/a>&nbsp;entgegen.<\/p>\n\n\n\n<h2 class=\"wp-block-heading\">(Speyer) &#8211; Polizei sucht Eigent\u00fcmer von zwei Fahrr\u00e4dern<\/h2>\n\n\n<div class=\"wp-block-image\">\n<figure class=\"aligncenter size-large\"><img decoding=\"async\" loading=\"lazy\" width=\"1024\" height=\"384\" src=\"https:\/\/speyer24news.com\/wp-content\/uploads\/2022\/12\/Fahrraeder-1024x384.jpg\" alt=\"\" class=\"wp-image-50404\" srcset=\"https:\/\/speyer24news.com\/wp-content\/uploads\/2022\/12\/Fahrraeder-1024x384.jpg 1024w, https:\/\/speyer24news.com\/wp-content\/uploads\/2022\/12\/Fahrraeder-300x113.jpg 300w, https:\/\/speyer24news.com\/wp-content\/uploads\/2022\/12\/Fahrraeder-768x288.jpg 768w, https:\/\/speyer24news.com\/wp-content\/uploads\/2022\/12\/Fahrraeder.jpg 1200w\" sizes=\"(max-width: 1024px) 100vw, 1024px\" \/><\/figure><\/div>\n\n\n<p>In der Nacht vom 25.11. auf den 26.11.2022 stellte die Polizei Speyer ein schwarzes Damenrad der Marke Kettler (Pedelec mit Akku) sowie ein r\u00f6tlich-violettes Damenrad der Marke Pegasus mit Korb sicher, bei denen es sich mutma\u00dflich um Diebesgut handelt. Wir berichteten bereits am 26.11.2022:&nbsp;<a target=\"_blank\" rel=\"noreferrer noopener\" href=\"https:\/\/www.presseportal.de\/blaulicht\/pm\/117688\/5380084\">https:\/\/www.presseportal.de\/blaulicht\/pm\/117688\/5380084<\/a><\/p>\n\n\n\n<p>Wem geh\u00f6ren die abgebildeten Fahrr\u00e4der? Die Polizei Speyer bittet die Eigent\u00fcmer, sich unter der Tel. 06232-1370 oder per E-Mail an\u00a0<a href=\"mailto:pispeyer@polizei.rlp.de\">pispeyer@polizei.rlp.de<\/a>\u00a0zu melden<\/p>\n\n\n\n<h2 class=\"wp-block-heading\">(Herxheim) &#8211; <a href=\"https:\/\/www.facebook.com\/sharer.php?u=https%3A%2F%2Fwww.presseportal.de%2Fblaulicht%2Fpm%2F117686%2F5392556%2F%3Futm_source%3Dfacebook%26utm_medium%3Dsocial\"><\/a><a href=\"https:\/\/twitter.com\/intent\/tweet?text=POL-PDLD%3A%20Gemeinsame%20Presseerkl%C3%A4rung%20der%20Staatsanwaltschaft%20Landau%20und%20der%20Kriminalinspektion%20Landau&amp;url=https%3A%2F%2Fwww.presseportal.de%2Fblaulicht%2Fpm%2F117686%2F5392556%2F%3Futm_source%3Dtwitter%26utm_medium%3Dsocial&amp;hashtags=ots&amp;lang=de\"><\/a><a href=\"https:\/\/web.whatsapp.com\/send?text=POL-PDLD%3A%20Gemeinsame%20Presseerkl%C3%A4rung%20der%20Staatsanwaltschaft%20Landau%20und%20der%20Kriminalinspektion%20Landau%0A%0Ahttps%3A%2F%2Fwww.presseportal.de%2Fblaulicht%2Fpm%2F117686%2F5392556%2F%3Futm_source%3Dwhatsapp%26utm_medium%3Dsocial\"><\/a><a href=\"https:\/\/www.xing.com\/app\/user?op=share;url=https%3A%2F%2Fwww.presseportal.de%2Fblaulicht%2Fpm%2F117686%2F5392556%2F%3Futm_source%3Dxing%26utm_medium%3Dsocial\"><\/a><a href=\"http:\/\/www.linkedin.com\/shareArticle?mini=true&amp;url=https%3A%2F%2Fwww.presseportal.de%2Fblaulicht%2Fpm%2F117686%2F5392556%2F%3Futm_source%3Dlinkedin%26utm_medium%3Dsocial&amp;title=POL-PDLD%3A+Gemeinsame+Presseerkl%C3%A4rung+der+Staatsanwaltschaft+Landau+und+der+Kriminalinspektion+Landau\"><\/a><a href=\"mailto:?subject=POL-PDLD%3A%20Gemeinsame%20Presseerkl%C3%A4rung%20der%20Staatsanwaltschaft%20Landau%20und%20der%20Kriminalinspektion%20Landau&amp;body=https:\/\/www.presseportal.de\/blaulicht\/pm\/117686\/5392556\"><\/a>Nachtragsmeldung: Wohnhausbrand mit einem Toten in Herxheim &#8211;\u00a0<a href=\"https:\/\/www.presseportal.de\/blaulicht\/pm\/117696\/5391280\" target=\"_blank\" rel=\"noreferrer noopener\">https:\/\/www.presseportal.de\/blaulicht\/pm\/117696\/5391280<\/a><\/h2>\n\n\n\n<h3 class=\"wp-block-heading\">Gemeinsame Presseerkl\u00e4rung der Staatsanwaltschaft Landau und der Kriminalinspektion Landau<\/h3>\n\n\n\n<p>Nach dem Wohnhausbrand im Laurentiusring in Herxheim am Freitag, den 09.12.2022, bei dem ein 64-j\u00e4hriger Bewohner nur noch tot geborgen werden konnte, wird auf Anordnung der Staatsanwaltschaft Landau ein Gutachter zur Ermittlung der Brandursache eingesetzt. Eine Obduktion des Leichnams soll Aufschluss \u00fcber die genaue Todesursache bringen. Ersten Ermittlungen zu Folge d\u00fcrfte ein Sachschaden in H\u00f6he von 750.000 Euro entstanden sein. Weitere Personen kamen nicht zu Schaden. Die Ermittlungen der Kriminalpolizei dauern an.<\/p>\n\n\n\n<h2 class=\"wp-block-heading\">(G\u00f6cklingen) &#8211; Nach Zusammensto\u00df mit Verkehrsschild gefl\u00fcchtet<\/h2>\n\n\n\n<p>In den Morgenstunden des 10.12.2022 musste an der K47 in G\u00f6cklingen, im Bereich der Einm\u00fcndung L508 festgestellt werden, dass ein auf einer Verkehrsinsel stehendes Verkehrszeichen \u00fcberfahren und hierdurch besch\u00e4digt wurde. Anschlie\u00dfend entfernte sich der Unfallverursacher von der \u00d6rtlichkeit, ohne sich um den entstandenen Sachschaden zu k\u00fcmmern. Dieser wird auf 500 Euro gesch\u00e4tzt. Zeugenhinweise zu diesem Vorfall werden dankend unter der Rufnummer 06341\/2870 oder via E-Mail\u00a0<a href=\"mailto:pilandau@polizei.rlp.de\">pilandau@polizei.rlp.de<\/a>\u00a0bei der Polizei in Landau entgegengenommen.<\/p>\n\n\n\n<h2 class=\"wp-block-heading\">(Landau) &#8211; Kontrollwoche der Polizeiinspektion Landau zum Thema &#8222;Ablenkung im Stra\u00dfenverkehr&#8220;<\/h2>\n\n\n\n<p>Im Zeitraum vom 05.12.2022 bis zum 09.12.2022 wurden schwerpunktm\u00e4\u00dfig Kontrollen zum Thema &#8222;Ablenkung im Stra\u00dfenverkehr&#8220; durchgef\u00fchrt. Im Rahmen dessen mussten insgesamt 55 Handyverst\u00f6\u00dfe geahndet werden. Dar\u00fcber hinaus wurden unter anderem neun Verst\u00f6\u00dfe gegen die Gurtpflicht sowie Rotlichtverst\u00f6\u00dfe, fehlerhafte Kindersicherung und Ladungssicherungsverst\u00f6\u00dfe beanstandet. Es wurden entsprechende Ordnungswidrigkeiten- bzw. Verwarnungsverfahren eingeleitet.<\/p>\n\n\n\n<h2 class=\"wp-block-heading\">(Venningen) &#8211; R\u00fccksichtslos<\/h2>\n\n\n\n<p>Bereits am Freitagmittag (15 Uhr) kam es in der Edenkobener Stra\u00dfe zu einem Verkehrsunfall, bei dem ein 70 Jahre alter Pedelecfahrer verletzt wurde. Ein Fahrzeug hielt neben dem Radweg an, w\u00e4hrend der Beifahrer ohne R\u00fccksicht auf den Radverkehr seine T\u00fcr zum Aussteigen \u00f6ffnete. Der 70-J\u00e4hrige konnte nicht mehr ausweichen und fuhr frontal in die ge\u00f6ffnete T\u00fcr. Er st\u00fcrzte und zog sich diverse Verletzungen zu.<\/p>\n\n\n\n<h2 class=\"wp-block-heading\">(Maikammer) &#8211; 41-J\u00e4hriger boxt Ehefrau<\/h2>\n\n\n<div class=\"wp-block-image\">\n<figure class=\"aligncenter size-full\"><img decoding=\"async\" loading=\"lazy\" width=\"500\" height=\"751\" src=\"https:\/\/speyer24news.com\/wp-content\/uploads\/2020\/03\/05.03.2020-LU-haeusliche-gewalt.jpg\" alt=\"\" class=\"wp-image-25739\" srcset=\"https:\/\/speyer24news.com\/wp-content\/uploads\/2020\/03\/05.03.2020-LU-haeusliche-gewalt.jpg 500w, https:\/\/speyer24news.com\/wp-content\/uploads\/2020\/03\/05.03.2020-LU-haeusliche-gewalt-200x300.jpg 200w\" sizes=\"(max-width: 500px) 100vw, 500px\" \/><figcaption>Beispielfoto H\u00e4usliche Gewalt, dient lediglich der Visualisierung. Foto: www.polizei-beratung.de<\/figcaption><\/figure><\/div>\n\n\n<p>Vermutlich wegen Trennungsabsichten kam es am Sonntagabend (11.12.2022, 21 Uhr) zu einer handfesten Auseinandersetzung zwischen einem Ehepaar, in dessen Verlauf der stark alkoholisierte Ehemann seiner Gattin auf den Oberarm boxte, w\u00e4hrend der gemeinsame 6 Jahre alte Sohn anwesend war und zusah. Die Frau fl\u00fcchtete zusammen mit dem Kind ins Bad und alarmierte die Polizei. Mit einer Verf\u00fcgung sowie einer Strafanzeige wegen K\u00f6rperverletzung musste der Aggressor die gemeinsame Wohnung verlassen.<\/p>\n\n\n\n<h4 class=\"wp-block-heading\">Die Polizei appelliert: <\/h4>\n\n\n\n<p>Gewalt in Beziehungen sollten nicht privat bleiben. Dar\u00fcber zu sprechen, ist f\u00fcr viele ein Tabu. Sollten Sie Gewalt in einer Beziehung erleben, verst\u00e4ndigen sie die Polizei. Jede Polizeidienststelle koordiniert und bietet eine Opferberatung gemeinsam mit der Interventionsstelle an. Die zust\u00e4ndige Interventionsstelle f\u00fcr den Bereich der Polizeiinspektion Edenkoben erreichen sie unter der Telefonnummer 06341\/381922.<\/p>\n\n\n\n<h2 class=\"wp-block-heading\">(Neustadt) &#8211; Ein Mix-Bier&#8230;<\/h2>\n\n\n\n<p>&#8230;wurde einem 22-J\u00e4hrigen aus Neustadt\/W. am 12.12.2022 um 00:25 Uhr zum Verh\u00e4ngnis, als er mit seinem Ford in der Speyerdorfer Stra\u00dfe in 67433 Neustadt\/W. einer anlassunabh\u00e4ngigen Verkehrskontrolle unterzogen wurde. Im Rahmen der Kontrolle konnte n\u00e4mlich festgestellt werden, dass der Fahrer unter Alkoholeinfluss stand. Ein Vortest ergab einen Wert von knapp 0,2 Promille. Aufgrund der Tatsache, dass sich der Neustadter noch in der Probezeit hinsichtlich seines F\u00fchrerscheines befand, galt f\u00fcr diesen die 0,0-Promille-Grenze. Der Mann musste in der hiesigen Dienststelle eine gerichtsverwertbare Atemanalyse abgeben, welche den vor Ort gemessenen Wert best\u00e4tigte. Nun kommt auf den Fahrer des Fords eine Ordnungswidrigkeitenanzeige zu. Ferner wird die F\u00fchrerscheinstelle \u00fcber den Vorfall in Kenntnis gesetzt.<\/p>\n\n\n\n<p>Die Polizei weist daraufhin hin, dass eine Person ordnungswidrig handelt, welche in der Probezeit (zwei Jahre nach Erteilung des F\u00fchrerscheines) oder vor Vollendung des 21. Lebensjahres als F\u00fchrer*in eines Kraftfahrzeugs im Stra\u00dfenverkehr alkoholische Getr\u00e4nke zu sich nimmt oder die Fahrt antritt, obwohl er\/ sie unter der Wirkung eines solchen Getr\u00e4nks steht.<\/p>\n\n\n\n<h2 class=\"wp-block-heading\">(Gr\u00fcnstadt) &#8211; Trunkenheit im Verkehr<\/h2>\n\n\n\n<p>Am Montag, den 12.12.2022 gegen 21:06 Uhr, wurde ein 25-j\u00e4hriger PKW-Fahrer in der Uhlandstra\u00dfe in Gr\u00fcnstadt einer Verkehrskontrolle unterzogen. Im Rahmen der Kontrolle konnten bei dem jungen Mann Auff\u00e4lligkeiten festgestellt werden, welche auf einen Bet\u00e4ubungsmitteleinfluss hindeuteten. Ein daraufhin durchgef\u00fchrter Drogenvortest best\u00e4tigte den Verdacht und reagierte positiv auf THC. Dem Mann wurde die Weiterfahrt untersagt und ihm wurde auf der Dienststelle durch einen Arzt eine Blutprobe entnommen. Entsprechende Verfahren wegen Trunkenheit im Verkehr und Versto\u00dfes gegen das Bet\u00e4ubungsmittelgesetz wurden eingeleitet. Zudem wird die zust\u00e4ndige F\u00fchrerscheinstelle \u00fcber den Vorfall in Kenntnis gesetzt.<\/p>\n\n\n\n<h2 class=\"wp-block-heading\">(Bockenheim) &#8211; Autofahrer unter Bet\u00e4ubungsmitteleinfluss<\/h2>\n\n\n\n<p>Im Rahmen einer Verkehrskontrolle am 11.12.22 gegen 16:40 Uhr in der General-Kullmer-Stra\u00dfe konnten die eingesetzten Beamten bei einem 27 Jahre alten Autofahrer Auff\u00e4lligkeiten feststellen, die auf eine Bet\u00e4ubungsmittelbeeinflussung hindeuten. Ein Vortest reagierte positiv auf THC. Die Entnahme einer Blutprobe wurde daraufhin angeordnet und ein entsprechendes Ordnungswidrigkeitsverfahren eingeleitet.<\/p>\n\n\n\n<h2 class=\"wp-block-heading\">(Pr\u00e4sidialbereich Rheinpfalz) &#8211; Ergebnisse der Kontrollwoche Alkohol und Drogen im Stra\u00dfenverkehr<\/h2>\n\n\n<div class=\"wp-block-image\">\n<figure class=\"aligncenter size-full\"><img decoding=\"async\" loading=\"lazy\" width=\"800\" height=\"447\" src=\"https:\/\/speyer24news.com\/wp-content\/uploads\/2022\/09\/Kontrolle-2.jpg\" alt=\"\" class=\"wp-image-49124\" srcset=\"https:\/\/speyer24news.com\/wp-content\/uploads\/2022\/09\/Kontrolle-2.jpg 800w, https:\/\/speyer24news.com\/wp-content\/uploads\/2022\/09\/Kontrolle-2-300x168.jpg 300w, https:\/\/speyer24news.com\/wp-content\/uploads\/2022\/09\/Kontrolle-2-768x429.jpg 768w\" sizes=\"(max-width: 800px) 100vw, 800px\" \/><figcaption>Kontrolle<\/figcaption><\/figure><\/div>\n\n\n<p>Das Polizeipr\u00e4sidium Rheinpfalz beteiligte sich vom 05.12.2022 bis zum 11.12.2022 erneut an der europaweiten Kontrollwoche zur Bek\u00e4mpfung und Verhinderung von Alkohol und Drogen im Stra\u00dfenverkehr. In diesem Zeitraum wurde bei den Verkehrskontrollen ein besonderer Schwerpunkt auf Fahrzeugfahrende gelegt, die unter dem Einfluss von Alkohol- oder Drogen standen.<\/p>\n\n\n\n<p>Neben der Erh\u00f6hung der Verkehrssicherheit durch die Kontrollen, sollten auch die Risiken von Alkohol und Drogen im Stra\u00dfenverkehr erneut ins \u00f6ffentliche Bewusstsein ger\u00fcckt werden. Daher f\u00fchrten die Polizistinnen und Polizisten mit allen Kontrollierten auch pr\u00e4ventive Gespr\u00e4che, um Fahrten unter Alkohol- und\/oder Drogeneinfluss zu verhindern.<\/p>\n\n\n\n<p>W\u00e4hrend der Kontrollwoche wurden insgesamt 1032 Fahrzeugfahrerinnen und -fahrer kontrolliert. Dabei stellten die Polizeikr\u00e4fte 19 Alkoholverst\u00f6\u00dfe und 31 Drogenverst\u00f6\u00dfe fest.<\/p>\n\n\n\n<h4 class=\"wp-block-heading\">Aufgeteilt auf die Direktionen sind dies folgende Zahlen:<\/h4>\n\n\n\n<ul><li><strong>Im Bereich der Polizeidirektion Neustadt wurden bei 363 Fahrzeugf\u00fchrenden 12 Alkoholverst\u00f6\u00dfe und 15 Drogenverst\u00f6\u00dfe festgestellt.<\/strong><\/li><li><strong>Im Bereich der Polizeidirektion Landau wurden bei 175 Fahrzeugf\u00fchrenden 4 Alkoholverst\u00f6\u00dfe und 4 Drogenverst\u00f6\u00dfe festgestellt.<\/strong><\/li><li><strong>Im Bereich der Polizeidirektion Ludwigshafen wurden bei 494 Fahrzeugf\u00fchrenden 3 Alkoholverst\u00f6\u00dfe und 12 Drogenverst\u00f6\u00dfe festgestellt.<\/strong><\/li><\/ul>\n\n\n\n<p>Die Verkehrsunfallstatistiken der vergangenen Jahre zeigt deutlich, dass Alkohol und Drogen im Stra\u00dfenverkehr nach wie vor eine relevante Verkehrsunfallursache darstellen. So kam es im Zust\u00e4ndigkeitsbereich des Polizeipr\u00e4sidiums Rheinpfalz im Jahr 2021 zu insgesamt 455 Verkehrsunf\u00e4llen unter Alkoholeinfluss. Die Zahl der Verkehrsunf\u00e4lle bei denen eine Drogenbeeinflussung unfallurs\u00e4chlich war belief sich im Gesamtjahr 2021 auf 106.<\/p>\n\n\n\n<p>Vielen ist nicht bewusst, dass im Gegensatz zu Alkohol die konsumierte Droge noch mehrere Tage und abh\u00e4ngig von der Substanz, der Stoffwechselt\u00e4tigkeit des Konsumenten und der H\u00e4ufigkeit des Drogenkonsums sogar mehrere Wochen die Fahrt\u00fcchtigkeit negativ beeinflussen kann und in strafbarer Menge im K\u00f6rper nachweisbar ist.<\/p>\n\n\n\n<p>Die Polizei weist ausdr\u00fccklich darauf hin: Wer unter Alkohol- oder Drogeneinfluss f\u00e4hrt, gef\u00e4hrdet nicht nur sich, sondern auch andere und begeht eine Ordnungswidrigkeit oder sogar eine Straftat. Lassen Sie deshalb immer Ihr Auto stehen, wenn Sie nicht n\u00fcchtern sind!<\/p>\n\n\n\n<p>Der Kontrolltag war ein Teil von Ma\u00dfnahmen des europaweiten Polizeinetzwerks ROADPOL\u00a0<a href=\"https:\/\/www.roadpol.eu\/\" target=\"_blank\" rel=\"noreferrer noopener\">www.roadpol.eu<\/a>\u00a0, dessen Ziel es ist, die Zahl der Verkehrsunfallopfer zu senken.<\/p>\n\n\n\n<h2 class=\"wp-block-heading\">(Ludwigshafen) &#8211; Versuchter Einbruch in Bank \/ Zeugen gesucht<\/h2>\n\n\n\n<p>Am sp\u00e4ten Sonntagabend (11.12.2022), gegen 23:30 Uhr, schlugen bislang unbekannte T\u00e4ter ein Schaufenster einer Bank-Filiale in der Bismarckstra\u00dfe ein und versuchten sich so Zugang zu der Bank zu verschaffen. Nach ersten Ermittlungen misslang dies jedoch. Eine Zeugin h\u00f6rte den Einbruchsversuch und sah anschlie\u00dfend eine m\u00e4nnliche Person in Richtung Ludwigsplatz rennen. Ob die Person im Zusammenhang mit dem Einbruchsversuch steht, ist Gegenstand der Ermittlungen. <\/p>\n\n\n\n<h4 class=\"wp-block-heading\">Die Zeugin beschrieb den Mann als:<\/h4>\n\n\n\n<ul><li><strong>circa 1,70 Meter gro\u00df,<\/strong><\/li><li><strong>er trug eine blaue Jeans und eine schwarze Jacke.<\/strong><\/li><\/ul>\n\n\n\n<p>Es werden nun weitere Zeugen gesucht, die zum Tatzeitpunkt im Bereich Bismarckstra\u00dfe verd\u00e4chtige Personen gesehen haben und\/oder die Tatausf\u00fchrung beobachtet haben.<\/p>\n\n\n\n<p>Sachdienliche Hinweise nimmt die Kriminalpolizei Ludwigshafen unter der Telefonnummer 0621\/963-2773 oder per E-Mail&nbsp;<a href=\"mailto:kiludwigshafen.k1.kdd@polizei.rlp.de\">kiludwigshafen.k1.kdd@polizei.rlp.de<\/a>&nbsp;entgegen.<\/p>\n\n\n\n<h2 class=\"wp-block-heading\">(Ludwigshafen) &#8211; Unfall auf Landstra\u00dfe \/ Vier Verletzte<\/h2>\n\n\n\n<p>Am Sonntagabend (11.12.2022), gegen 22:00 Uhr, kam es auf der L527 zwischen Oggersheim und Maxdorf zu einem Verkehrsunfall, bei dem vier Personen verletzt wurden. Nach ersten polizeilichen Ermittlungen, wollte ein 71-j\u00e4hriger Autofahrer von der L524 nach rechts auf die L527 abbiegen. Eine 29-j\u00e4hrige Autofahrerin fuhr, vermutlich mit \u00fcberh\u00f6hter Geschwindigkeit, auf der vorfahrtsberechtigten L527. Die junge Frau konnte nicht mehr rechtzeitig bremsen und kollidierte im Einm\u00fcndungsbereich mit dem Auto des 71-J\u00e4hrigen. Dieser und seine zwei weiteren Insassen wurden, nach ersten Erkenntnissen, leicht verletzt. Auch die 29-J\u00e4hrige erlitt leichte Verletzungen. Alle vier Personen wurden durch den Rettungsdienst versorgt und in umliegende Krankenh\u00e4user gebracht. Es entstand zudem ein Sachschaden in H\u00f6he von rund 18.000,- Euro.<\/p>\n\n\n\n<h3 class=\"has-text-align-center wp-block-heading\">Nachtragsmeldung: Unfall auf Landstra\u00dfe \/ Vier Verletzte<\/h3>\n\n\n\n<p>Erste Ermittlungen haben ergeben, dass der Unfall vor Ort durch einen unbeteiligten Zeugen beobachtet worden sein soll.<\/p>\n\n\n\n<p>Dieser und weitere Unfallzeugen werden gebeten, sich mit der Polizeiinspektion Ludwigshafen 2, Telefonnummer 0621 963-2222 oder per E-Mail&nbsp;<a href=\"mailto:piludwigshafen2@polizei.rlp.de\">piludwigshafen2@polizei.rlp.de<\/a>&nbsp;in Verbindung zu setzen.<\/p>\n\n\n\n<h2 class=\"wp-block-heading\">(Ludwigshafen) &#8211; Mehrere Verkehrsteilnehmer unter dem Einfluss von Drogen<\/h2>\n\n\n\n<p>Am Wochenende von Freitag, 09.12.22 bis Sonntag 11.12.22 stellten die Beamten der Polizeiautobahnstation Ruchheim bei verschiedenen Verkehrskontrollen fest, dass die Fahrer unter dem Einfluss von Drogen standen.<\/p>\n\n\n\n<p>Am Freitag gegen 11:15 Uhr wurde ein 30-j\u00e4hriger Mann aus dem Landkreis Neuwied mit seinem Transporter mit MYK-Kennzeichen auf der BAB 61, Gemarkung Frankenthal, Autobahnparkplatz &#8222;Auf dem Hahnen&#8220;, kontrolliert. Nach dem sich der Verdacht des Drogenkonsums erh\u00e4rtete, sollte ein Drogenschnelltest durchgef\u00fchrt werden. In diesem Rahmen konnte bei dem Mann ein Beh\u00e4ltnis mit Fremdurin\/Kunsturin aufgefunden werden. Sein echter Urin reagierte positiv auf Cannabis, weshalb eine Blutprobe entnommen wurde.<\/p>\n\n\n\n<p>Am gleichen Tag, gegen 17:30 Uhr, wurde bei einem 23-j\u00e4hrigen Bewohner des Landkreis Mainz-Bingen, der mit seinem Golf, mit MZ-Kennzeichen, in der Gemarkung Worms unterwegs war, ebenfalls festgestellt, dass dieser unter dem Einfluss von Cannabis sein Fahrzeug f\u00fchrte. Bei diesem konnte im Fahrzeug eine geringe Menge von Cannabis aufgefunden werden.<\/p>\n\n\n\n<p>In den fr\u00fchen Morgenstunden des 11.12.22, gegen 03:15 Uhr wurden bei einem 36j\u00e4hrigem Bewohner des Rheinpfalz-Kreis, der mit seinem Alfa, RP-Kennzeichen, auf der BAB 6 in Fahrtrichtung Kaiserslautern unterwegs war, drogentypische Auff\u00e4lligkeiten festgestellt. Au\u00dferdem konnte bei ihm eine Alkoholbeeinflussung in H\u00f6he einer Atemalkoholkonzentration von 0,43 Promille bei der Kontrolle festgestellt werden. Im Rahmen der anschlie\u00dfenden Folgema\u00dfnahmen wurden von ihm noch eine geringe Menge von vermutlich Cannabis ausgeh\u00e4ndigt, welches er mitf\u00fchrte.<\/p>\n\n\n\n<p>Am 11.12.22., gegen 20:30 Uhr, wurde letztlich noch ein 18j\u00e4hriger Fahranf\u00e4nger aus Worms mit seinem Opel mit Wormser Kennzeichen, auf der BAB 61, Gemarkung Worms, Rastanlage Wonnegau, kontrolliert, bei welchem ebenfalls drogentypische Auff\u00e4lligkeiten festgestellt wurden. Ein Schnelltest reagiert bei diesem positiv auf Cannabis und Kokain. Es konnte in seinem Fahrzeug auch noch Drogen in einer geringen Menge aufgefunden werden.<\/p>\n\n\n\n<p>Allen Fahrern wurde eine Blutprobe entnommen, die Weiterfahrt untersagt und entsprechende Bu\u00dfgeld- und Strafverfahren eingeleitet.<\/p>\n\n\n\n<h2 class=\"wp-block-heading\">(Ludwigshafen) &#8211; Unter Drogeneinfluss&#8230;<a href=\"https:\/\/www.facebook.com\/sharer.php?u=https%3A%2F%2Fwww.presseportal.de%2Fblaulicht%2Fpm%2F117696%2F5392479%2F%3Futm_source%3Dfacebook%26utm_medium%3Dsocial\"><\/a><a href=\"https:\/\/twitter.com\/intent\/tweet?text=POL-PPRP%3A%20Unter%20Drogeneinfluss...&amp;url=https%3A%2F%2Fwww.presseportal.de%2Fblaulicht%2Fpm%2F117696%2F5392479%2F%3Futm_source%3Dtwitter%26utm_medium%3Dsocial&amp;hashtags=ots&amp;lang=de\"><\/a><a href=\"https:\/\/web.whatsapp.com\/send?text=POL-PPRP%3A%20Unter%20Drogeneinfluss...%0A%0Ahttps%3A%2F%2Fwww.presseportal.de%2Fblaulicht%2Fpm%2F117696%2F5392479%2F%3Futm_source%3Dwhatsapp%26utm_medium%3Dsocial\"><\/a><a href=\"https:\/\/www.xing.com\/app\/user?op=share;url=https%3A%2F%2Fwww.presseportal.de%2Fblaulicht%2Fpm%2F117696%2F5392479%2F%3Futm_source%3Dxing%26utm_medium%3Dsocial\"><\/a><a href=\"http:\/\/www.linkedin.com\/shareArticle?mini=true&amp;url=https%3A%2F%2Fwww.presseportal.de%2Fblaulicht%2Fpm%2F117696%2F5392479%2F%3Futm_source%3Dlinkedin%26utm_medium%3Dsocial&amp;title=POL-PPRP%3A+Unter+Drogeneinfluss...\"><\/a><a href=\"mailto:?subject=POL-PPRP%3A%20Unter%20Drogeneinfluss...&amp;body=https:\/\/www.presseportal.de\/blaulicht\/pm\/117696\/5392479\"><\/a><\/h2>\n\n\n\n<p>&#8230;war ein 25-J\u00e4hriger am Sonntagabend (11.12.2022) mit seinem Auto in der Brunckstra\u00dfe unterwegs. W\u00e4hrend einer Verkehrskontrolle hatten Polizeikr\u00e4fte bei dem Mann Hinweise auf Bet\u00e4ubungsmittelkonsum erlangt. Ein freiwilliger Urintest best\u00e4tigte den Verdacht, er reagierte positiv auf THC. Der Fahrer r\u00e4umte den Konsum von Marihuana ein, auf der Dienststelle wurde ihm eine Blutprobe entnommen. Ihn erwartet ein Bu\u00dfgeld in H\u00f6he von bis zu 3000 Euro und ein Fahrverbot.<\/p>\n\n\n\n<h2 class=\"wp-block-heading\">(Ludwigshafen) &#8211; Zivile Verkehrskontrollen mit PROVIDA-Fahrzeug (mobiles Verkehrskontrollfahrzeug)<\/h2>\n\n\n\n<p>Am Samstag, 10.12.2022, wurden im Dienstgebiet der Polizeiautobahnstation zivile Verkehrskontrollen durchgef\u00fchrt. Dabei wurden insgesamt 4 z.T. erhebliche Geschwindigkeitsverst\u00f6\u00dfe, 1 Abstandsversto\u00df, 1 Fahren ohne Fahrerlaubnis und 2 Vergehen nach dem Pflichtversicherungsgesetz festgestellt. Spitzenreiter bei den Geschwindigkeitsverst\u00f6\u00dfen war ein PKW-F\u00fchrer, der bei erlaubten 80 km\/h im Baustellenbereich mit \u00fcber 130 km\/h gemessen wurde. Auf diesen wird, neben der erheblichen Geldbu\u00dfe, zus\u00e4tzlich ein Fahrverbot zukommen.<\/p>\n\n\n\n<h2 class=\"wp-block-heading\">(Stuttgart) &#8211; Kretschmann w\u00fcrdigt besonderes ehrenamtliches Engagement \/ Auch Mitarbeiter des Polizeipr\u00e4sidiums Mannheim erh\u00e4lt Bundesverdienstkreuz<\/h2>\n\n\n<div class=\"wp-block-image\">\n<figure class=\"aligncenter size-full\"><img decoding=\"async\" loading=\"lazy\" width=\"800\" height=\"619\" src=\"https:\/\/speyer24news.com\/wp-content\/uploads\/2022\/12\/Kretschmann_Greulich.jpg\" alt=\"\" class=\"wp-image-50405\" srcset=\"https:\/\/speyer24news.com\/wp-content\/uploads\/2022\/12\/Kretschmann_Greulich.jpg 800w, https:\/\/speyer24news.com\/wp-content\/uploads\/2022\/12\/Kretschmann_Greulich-300x232.jpg 300w, https:\/\/speyer24news.com\/wp-content\/uploads\/2022\/12\/Kretschmann_Greulich-768x594.jpg 768w\" sizes=\"(max-width: 800px) 100vw, 800px\" \/><figcaption>Ministerpr\u00e4sident Winfried Kretschmann bei der Verleihung an Reiner Greulich<\/figcaption><\/figure><\/div>\n\n\n<p>Anl\u00e4sslich des Tages des Ehrenamtes hat Ministerpr\u00e4sident Winfried Kretschmann an 17 B\u00fcrgerinnen und B\u00fcrger f\u00fcr besonderes ehrenamtliches Engagement das Bundesverdienstkreuz \u00fcberreicht und ihren Einsatz gew\u00fcrdigt.<\/p>\n\n\n\n<p>&#8222;Unsere starken Kommunen, unser innovativer Mittelstand, unsere exzellente Wissenschaftslandschaft und unsere vielen B\u00fcrgerinnen und B\u00fcrger, die sich freiwillig und ehrenamtlich f\u00fcr unser Gemeinwesen engagieren, sind die S\u00e4ulen, die unser Land ganz besonders ausmachen&#8220;, sagte Ministerpr\u00e4sident Winfried Kretschmann bei der \u00dcberreichung des Verdienstkreuzes am Bande des Verdienstordens der Bundesrepublik Deutschland an 17 B\u00fcrgerinnen und B\u00fcrger am 9. Dezember 2022 im Neuen Schloss in Stuttgart. Die Ordensaktion fand anl\u00e4sslich des Internationalen Tags des Ehrenamtes statt. Ehrenamtliches Engagement h\u00e4lt das Land zusammen<\/p>\n\n\n\n<p>&#8222;Das ehrenamtliche Engagement h\u00e4lt uns auf besondere Weise zusammen, ist Ausdruck von Humanit\u00e4t und B\u00fcrgersinn und pr\u00e4gt auch die politische Kultur des Landes&#8220;, betonte Winfried Kretschmann. Viele B\u00fcrgerinnen und B\u00fcrger seien bereit, einen pers\u00f6nlichen Beitrag zur guten Entwicklung des Gemeinwesens zu leisten. Solidarit\u00e4t, N\u00e4chstenliebe und Hilfsbereitschaft zeigten sich dabei in sehr verschiedenen Formen. Sie reichten von Nachbarschaftshilfe, \u00fcber B\u00fcrgerinitiativen, Vereine und Verb\u00e4nde bis hin zu oft sehr individuellem Engagement f\u00fcr Menschen oder eine Sache ohne organisatorischen Rahmen. Das sei so zum Beispiel in der Kultur, in den Kirchen, in der Kommunalpolitik, im Sozialbereich, in der Kinder- und Jugendarbeit, im Sport, im Natur- und Umweltschutz, in der Bildung oder in der V\u00f6lkerverst\u00e4ndigung. &#8222;Die Ordenspr\u00e4tendentinnen und Ordenspr\u00e4tendenten stehen auch stellvertretend f\u00fcr die vielen Millionen Menschen in unserem Land, die sich freiwillig engagieren und ragen doch heraus. Denn sie sind durch ihr Wirken, ihre Tatkraft und auch ihre Pers\u00f6nlichkeit zu echten Vorbildern geworden, die zur Nachahmung anregen. Sie haben ihren Beitrag dazu geleistet, dass es in unserer Gesellschaft nicht nur ein Nebeneinander, sondern ein wirkliches Miteinander gibt&#8220;, unterstrich Winfried Kretschmann.<\/p>\n\n\n\n<p>F\u00fcr ihre Arbeit \u00fcber Jahre und Jahrzehnte hinweg, ihre Initiative und Kreativit\u00e4t, ihre Einsatzbereitschaft, ihr Durchhalteverm\u00f6gen, und f\u00fcr alles, was sie f\u00fcr ihre Mitmenschen und das Gemeinwesen geleistet haben, dankte Ministerpr\u00e4sident Winfried Kretschmann ihnen sehr herzlich. Tag des Ehrenamtes<\/p>\n\n\n\n<p>Der Tag des Ehrenamtes (International Volunteer Day for Economic and Social Development, IVD) ist ein j\u00e4hrlich am 5. Dezember abgehaltener Gedenk- und Aktionstag zur Anerkennung und F\u00f6rderung ehrenamtlichen Engagements. Er wurde 1985 von den Vereinten Nationen beschlossen.<\/p>\n\n\n\n<h4 class=\"wp-block-heading\">Ordenstr\u00e4gerinnen und -tr\u00e4ger<\/h4>\n\n\n<div class=\"wp-block-image\">\n<figure class=\"aligncenter size-full\"><img decoding=\"async\" loading=\"lazy\" width=\"800\" height=\"535\" src=\"https:\/\/speyer24news.com\/wp-content\/uploads\/2022\/12\/GruppenbildmitMinisterpraesidentWinfriedKretschmannunddenOrdenstraegerinnenundtraegern.jpg\" alt=\"\" class=\"wp-image-50406\" srcset=\"https:\/\/speyer24news.com\/wp-content\/uploads\/2022\/12\/GruppenbildmitMinisterpraesidentWinfriedKretschmannunddenOrdenstraegerinnenundtraegern.jpg 800w, https:\/\/speyer24news.com\/wp-content\/uploads\/2022\/12\/GruppenbildmitMinisterpraesidentWinfriedKretschmannunddenOrdenstraegerinnenundtraegern-300x201.jpg 300w, https:\/\/speyer24news.com\/wp-content\/uploads\/2022\/12\/GruppenbildmitMinisterpraesidentWinfriedKretschmannunddenOrdenstraegerinnenundtraegern-768x514.jpg 768w\" sizes=\"(max-width: 800px) 100vw, 800px\" \/><\/figure><\/div>\n\n\n<p>Gertrud Br\u00fcckmann, Bruchsal Mina Bylow-Schiele, Ostfildern Bernd Deigner-Gr\u00fcnberg, Freiberg am Neckar Siegfried Frosdorfer, Bad Buchau Reiner Greulich, St. Leon-Rot Dr. Joachim Hahn, Plochingen Helga Hartleitner, Crailsheim Friedrich Haug, Pfalzgrafenweiler Heide-Maria Heusch, Freiburg im Breisgau Wolfgang Knobloch, Waldbronn Andrea Le Lan, T\u00fcbingen Petra Pachner, Aalen Renate Reinhart, Hohentengen am Hochrhein Konrad Ritter, Neuried G\u00fcnter Schramm, Mannheim Martin Walter, Bietigheim-Bissingen Dr. Gisela Wittner, Radolfzell am Bodensee<\/p>\n\n\n\n<p>Reiner Greulich ist seit 1982 bei der Polizei Baden-W\u00fcrttemberg und setzt sich nicht nur dienstlich, sondern vor allem auch ehrenamtlich f\u00fcr Sicherheit und Kriminalit\u00e4tsverh\u00fctung ein. Er ist an zahllosen Stellen Impulsgeber und Motor f\u00fcr neue Initiativen und Kooperationen, genauso wie f\u00fcr eigene Vereinsgr\u00fcndungen. Greulich ist Gesch\u00e4ftsf\u00fchrer des Vereins &#8222;Sicheres Heidelberg&#8220;, der sich f\u00fcr mehr Sicherheit und die Verh\u00fctung von Verbrechen in der Stadt einsetzt. Das von ihm ins Leben gerufene Projekt &#8222;Heidelberger Opferfonds&#8220; gibt jungen Straft\u00e4tern die M\u00f6glichkeit, Verantwortung f\u00fcr ihre Taten zu \u00fcbernehmen. Unter seiner Federf\u00fchrung wurde 2009 der &#8222;Heidelberger Pr\u00e4ventionspreis&#8220; ins Leben gerufen und er war Mitinitiator des seit 2011 in der Region angebotenen &#8222;Zivilcouragetrainings&#8220;. Im &#8222;Antidiskriminierungsnetzwerk Heidelberg&#8220; engagiert er sich f\u00fcr die F\u00f6rderung interkultureller Kompetenzen. Des Weiteren hat Reiner Greulich die Initiative &#8222;Beistehen statt rumstehen&#8220;, die Helfende in Notsituationen w\u00fcrdigt, das Projekt &#8222;W\u00fcrde&#8220; als praktizierter Opferschutz, die Initiative &#8222;Wachsame Nachbarschaft&#8220; und die Aktion &#8222;Zeig Betr\u00fcgern die rote Karte&#8220; im Bereich der Seniorensicherheit durch sein gro\u00dfes Engagement ma\u00dfgeblich gepr\u00e4gt.<\/p>\n\n\n\n<h2 class=\"wp-block-heading\">(Mannheim-Innenstadt) &#8211; Polizei fasst 37-J\u00e4hrigen nach r\u00e4uberischen Diebstahl<\/h2>\n\n\n\n<p>Am Samstag betrat ein 37-J\u00e4hriger gegen 08.40 Uhr einen Discounter in der Neckarvorlandstra\u00dfe und wollte Ware im Wert von 5,00 Euro entwenden. Dies konnte durch einen 40-j\u00e4hrigen Mitarbeiter beobachtet werden, der sofort die Verfolgung des 37-J\u00e4hrigen aufnahm. Vor der Discounterfiliale kam es zu einem Gerangel der beiden Beteiligten, die zusammen auf den Boden st\u00fcrzten. Hierbei wandte der 37-J\u00e4hrige k\u00f6rperliche Gewalt an, um sich von der Tat\u00f6rtlichkeit entfernen zu k\u00f6nnen und fl\u00fcchtete. Der 40-J\u00e4hrige, der sich durch den Sturz auf den Boden leicht verletzte, blieb vor Ort zur\u00fcck. Durch eine sofort eingeleitete Fahndung konnte der 37-J\u00e4hrige noch in Tatortn\u00e4he angetroffen und festgenommen werden. Der 40-J\u00e4hrige wurde zur weiteren medizinischen Versorgung in ein umliegendes Krankenhaus eingeliefert.<\/p>\n\n\n\n<p>Die Ermittlungen wurden durch das Polizeirevier Mannheim-Innenstadt \u00fcbernommen. Den 37-J\u00e4hrigen erwartet nun eine Anzeige wegen r\u00e4uberischen Diebstahls.<\/p>\n\n\n\n<h2 class=\"wp-block-heading\">(Mannheim-Innenstadt) &#8211; Verkehrsunfall mit Unfallflucht\/- Polizei sucht Zeugen!<\/h2>\n\n\n\n<p>Zu einem Verkehrsunfall kam es am Freitag gegen 14 Uhr im Quadrat M2. Eine bislang unbekannte Autofahrerin wendete verbotswidrig vor einer Bankfiliale im Quadrat M2 und touchierte dabei einen geparkten VW Golf Plus. Anschlie\u00dfend fl\u00fcchtete sie vom Unfallort, ohne ihrer Feststellungspflicht nachzukommen.<\/p>\n\n\n\n<p>Die Unfallverursacherin ist weiblich und f\u00e4hrt einen dunklen Volkwagen (neueres Modell, evtl. einen schwarzen VW Caddy) mit Ludwigshafener Nummernschild.<\/p>\n\n\n\n<p>Zeugen, die sachdienliche Hinweise zum Unfallgeschehen geben k\u00f6nnen, werden gebeten sich beim Polizeirevier Mannheim-Oststadt, unter der Telefonnummer 0621-174-3310, zu melden.<\/p>\n\n\n\n<h2 class=\"wp-block-heading\">(Mannheim-Jungbusch) &#8211; Unbekannte T\u00e4ter entwenden Tresor bei Einbruch<\/h2>\n\n\n\n<p>In der Hafenstra\u00dfe kam es zwischen Samstag, 20.00 Uhr und Sonntag, 13.25 Uhr zu einem Einbruch in Firmenr\u00e4umlichkeiten durch eine bislang unbekannte T\u00e4terschaft. Diese schlug mittels einem unbekannten Werkzeug eine Glasscheibe der Eingangst\u00fcr ein und verschaffte sich so Zugang zu den Firmenr\u00e4umlichkeiten. Im Inneren wurden ebenfalls mehrere verschlossene T\u00fcren zu unterschiedlichen R\u00e4umlichkeiten aufgebrochen und diese durchsucht. In einer R\u00e4umlichkeit wurde ein Tresor entwendet. Der Diebstahlschaden sowie der entstandene Sachschaden werden insgesamt auf eine H\u00f6he im vierstelligen Bereich gesch\u00e4tzt.<\/p>\n\n\n\n<p>Zeugen, die sachdienliche Hinweise geben k\u00f6nnen, werden gebeten sich mit dem Polizeirevier Mannheim-Innenstadt in Verbindung zu setzen unter: 0621-12580.<\/p>\n\n\n\n<h2 class=\"wp-block-heading\">(Mannheim-Sch\u00f6nau) &#8211; Betrunkener Autofahrer fl\u00fcchtet nach Unfall mit 3,84 Promille<\/h2>\n\n\n\n<p>Am Freitag gegen 17.20 Uhr befuhr ein 47-J\u00e4hriger mit seinem Chrysler die Lilienthalstra\u00dfe. Ein 53-J\u00e4hriger bog mit seinem Opel von der Insterburger Stra\u00dfe in die Lilienthalstra\u00dfe ein und kam hierbei in den Gegenverkehr. Er streifte den Chrysler an der Sto\u00dfstange und fl\u00fcchtete anschlie\u00dfend von der Unfallstelle. Eine sofort eingeleitete Fahndung nach dem Unfallfl\u00fcchtigen blieb zun\u00e4chst ohne Erfolg. Im Anschluss nahmen die Polizisten auf einem Discounterparkplatz Kontakt zu dem gesch\u00e4digten 47-J\u00e4hrigen auf. W\u00e4hrend dem Gespr\u00e4chs mit den Beamten konnte dieser beobachten, wie der Unfallfahrer pl\u00f6tzlich ebenfalls auf den Parkplatz fuhr und dort parkte. Die Beamten sprachen den 53-J\u00e4hrigen, noch hinter dem Steuer sitzend, an und nahmen sofort eine deutliche Alkoholisierung des Fahrzeugf\u00fchrers wahr. Sie staunten nicht schlecht, als sie einen Wert von 3,84 Promille feststellten.<\/p>\n\n\n\n<p>Im Laufe der Kontrolle wurde zudem festgestellt, dass der 53-j\u00e4hrige Fahrzeugf\u00fchrer keine Fahrerlaubnis besitzt und fremde Kennzeichen auf dem Fahrzeug angebracht wurden. Ob das Fahrzeug sich \u00fcberhaupt rechtm\u00e4\u00dfig in dem Besitz des Fahrzeugf\u00fchrers befand, ist ebenfalls noch Gegenstand der laufenden Ermittlungen.<\/p>\n\n\n\n<p>Der 53-J\u00e4hrigen hat sich in der Vergangenheit bereits wegen \u00e4hnlich gelagerter Sachverhalte vor Gericht verantworten m\u00fcssen und hat hierbei scheinbar keine Lehre daraus ziehen k\u00f6nnen.<\/p>\n\n\n\n<p>Die aktuellen Ermittlungen wurden durch das Polizeirevier Mannheim-Sandhofen \u00fcbernommen und dauern noch an.<\/p>\n\n\n\n<h2 class=\"wp-block-heading\">(Mannheim-Friedrichsfeld) &#8211; Asbestwellplatten auf Wanderparkplatz entsorgt \/ Polizei ermittelt und bittet um Hinweise<\/h2>\n\n\n\n<p>Im Zeitraum zwischen Donnerstag, den 01.12.2022, 16:00 Uhr und Freitag, den 02.12.2022, 14:30 Uhr entsorgte eine bislang unbekannte T\u00e4terschaft im Bereich Friedrichsfelder Weg, dortiger Wanderparkplatz, mehrere Asbestwellplatten. Ein aufmerksamer Passant stellte die illegale M\u00fcllentsorgung am Freitagnachmittag fest und informierte sofort die Polizei. Daraufhin wurde umgehend die Stadt Mannheim informiert und mit der fachgerechten Entsorgung beauftragt.<\/p>\n\n\n\n<p>Der Fachbereich Gewerbe und Umwelt hat die weiteren Ermittlungen aufgenommen. Zeugen, die sachdienliche Hinweise geben k\u00f6nnen, werden gebeten, sich beim Polizeirevier Ladenburg unter der Tel.: 06203 9305-0 zu melden.<\/p>\n\n\n\n<h2 class=\"wp-block-heading\">(Heidelberg) &#8211; Fahrbahnsperrung nach Unfall mit mehreren Fahrzeugen \/ Rund 30.000 Euro Sachschaden<\/h2>\n\n\n\n<p>Am Sonntagabend gegen 19:30 Uhr befuhren ein 42 Jahre alter Mercedes-Fahrer und ein 54-j\u00e4hriger Ford-Fahrer die Kurf\u00fcrsten-Anlage in Richtung Hauptbahnhof. In H\u00f6he der Haltestelle &#8222;Stadtwerke&#8220; zog der 54-J\u00e4hrige dann pl\u00f6tzlich nach links und \u00fcbersah dabei offenbar den 42 Jahre alten Mercedes-Fahrer. Dieser versuchte in der Folge noch einen Zusammensto\u00df zu verhindern und wich wiederum nach links aus. Dabei kollidierte der Mercedes-Fahrer mit einem am Fahrbahnrand geparkten BMW, der durch den Aufprall wiederum auf einen weiteren geparkten PKW geschoben wurde. Insgesamt entstand ein gesch\u00e4tzter Sachschaden in H\u00f6he von rund 30.000 Euro. Der 42 Jahre alte Mercedes-Fahrer wurde leicht verletzt und mit einem Rettungswagen in eine Klinik gebracht. Die Kurf\u00fcrsten-Anlage in Fahrtrichtung Hauptbahnhof musste f\u00fcr den Zeitraum der Unfallaufnahme gesperrt werden. Der Verkehr wurde zeitweise umgeleitet. Neben Polizei-und Rettungskr\u00e4fte war auch die Berufsfeuerwehr wegen auslaufenden Betriebsmittel im Einsatz.<\/p>\n\n\n\n<h2 class=\"wp-block-heading\">(Schwetzingen \/ Rhein-Neckar-Kreis) &#8211; Alkoholisierte Autofahrerin kommt von Fahrbahn ab \/ Zeugen gesucht<\/h2>\n\n\n\n<p>Zu einem Verkehrsunfall kam es in der Nacht von Samstag auf Sonntag gegen 02:20 Uhr auf der Auffahrt zur B535. Ein mit einer 24-J\u00e4hrigen und einer 16-J\u00e4hrigen besetzter Fiat 500 wollte von Schwetzingen-Zentrum kommend auf die B535 auffahren, als das Auto auf der Auffahrt nach links von der Fahrbahn abkam und umkippte. Hierbei wurden beide Insassinnen leicht verletzt. Ein bei der Fahrerin durchgef\u00fchrter Atemalkoholtest ergab einen Wert von 1,96 Promille. Beide wurden mit einem Rettungswagen in ein nahes Krankenhaus gefahren, hier fand auch eine Blutentnahme statt. Bei dem Fahrzeug entstand Totalschaden und musste abgeschleppt werden. Der F\u00fchrerschein der 24-J\u00e4hrigen wurde einbehalten.<\/p>\n\n\n\n<p>Zeugen, die sachdienliche Hinweise zu dem Unfallhergang machen k\u00f6nnen, werden gebeten sich beim Polizeirevier Schwetzingen, unter der Telefonnummer 06202-2880, zu melden.<\/p>\n\n\n\n<h2 class=\"wp-block-heading\">(Hockenheim \/ Walldorf \/ Sinsheim \/ Rhein-Neckar-Kreis) &#8211; Kontrollen der Verkehrspolizeiinspektion mit Schwerpunkt Alkohol und Drogen im gewerblichen Personen- und G\u00fcterverkehr an Rastanlagen zeigen alarmierendes Ergebnis!<\/h2>\n\n\n<div class=\"wp-block-image\">\n<figure class=\"aligncenter size-full\"><img decoding=\"async\" loading=\"lazy\" width=\"800\" height=\"599\" src=\"https:\/\/speyer24news.com\/wp-content\/uploads\/2020\/06\/Polizeikontrolle.jpg\" alt=\"\" class=\"wp-image-28255\" srcset=\"https:\/\/speyer24news.com\/wp-content\/uploads\/2020\/06\/Polizeikontrolle.jpg 800w, https:\/\/speyer24news.com\/wp-content\/uploads\/2020\/06\/Polizeikontrolle-300x225.jpg 300w, https:\/\/speyer24news.com\/wp-content\/uploads\/2020\/06\/Polizeikontrolle-768x575.jpg 768w, https:\/\/speyer24news.com\/wp-content\/uploads\/2020\/06\/Polizeikontrolle-678x509.jpg 678w, https:\/\/speyer24news.com\/wp-content\/uploads\/2020\/06\/Polizeikontrolle-326x245.jpg 326w, https:\/\/speyer24news.com\/wp-content\/uploads\/2020\/06\/Polizeikontrolle-80x60.jpg 80w\" sizes=\"(max-width: 800px) 100vw, 800px\" \/><\/figure><\/div>\n\n\n<p>Die Verkehrspolizeiinspektion des Polizeipr\u00e4sidiums Mannheim f\u00fchrte am Sonntagabend zwischen 19.30 Uhr und 23.30 Uhr im Rhein-Neckar-Kreis Kontrollen im Personen- und G\u00fcterverkehr durch. Hierbei lag der Schwerpunkt auf Alkohol und Drogen am Steuer. Die Kontrollen fanden an den Tank- und Rastanlagen Hockenheim Ost und West, Hardtwald Ost und West sowie Kraichgau S\u00fcd und Nord statt. Insgesamt kontrollierten die 16 Beamtinnen und Beamte 484 Fahrzeuge und 488 Personen mit folgendem Ergebnis:<\/p>\n\n\n\n<h4 class=\"wp-block-heading\">Insgesamt standen 46 der kontrollierten Personen unter Alkoholeinfluss. Davon wiesen<\/h4>\n\n\n\n<ul><li><strong>21 Personen einen Alkoholwert bis 0,49 Promille auf<\/strong><\/li><li><strong>25 Personen einen Alkoholwert \u00fcber 0,5 Promille auf. Hiervon<\/strong><\/li><li><strong>wiederum hatten 8 Personen einen Alkoholwert zwischen 1 und 1,5 Promille und 7 Personen einen Alkoholwert \u00fcber 1,5 Promille.<\/strong><\/li><li><strong>Die h\u00f6chste gemessene Atemalkoholkonzentration betrug 3,52 Promille.<\/strong><\/li><\/ul>\n\n\n\n<p>Die betroffenen Fahrzeugf\u00fchrer erwartet nun, je nach H\u00f6he der Alkoholkonzentration, eine Ordnungswidrigkeitenanzeige oder eine Strafanzeige wegen des F\u00fchrens von Fahrzeugen im Stra\u00dfenverkehr unter dem Einfluss von Alkohol. Weiterhin wird ihre Eignung als Fahrzeugf\u00fchrer \u00fcberpr\u00fcft werden.<\/p>\n\n\n\n<p>Polizeidirektor Frank Hartmannsgruber, Leiter der Verkehrspolizeiinspektion, sagte nach Beendigung der Kontrollma\u00dfnahmen: &#8222;Das Ergebnis ist erschreckend und zeigt wieder einmal, wie wichtig diese gezielten Kontrollma\u00dfnahmen sind. Auch in der Zukunft werden wir die Kontrollen verst\u00e4rkt durchf\u00fchren, um die Stra\u00dfen ein St\u00fcck sicherer zu machen.&#8220;<\/p>\n\n\n\n<p>Die letzte Kontrollaktion fand am 22.11.2022 in Sinsheim statt und zeigte ebenfalls alarmierende Zahlen. Insgesamt zeigt das Ergebnis die Wichtigkeit und unerl\u00e4ssliche Fortf\u00fchrung dieser Kontrollma\u00dfnahmen der motivierten Beamtinnen und Beamten der Verkehrspolizeiinspektion des Polizeipr\u00e4sidiums Mannheim.<\/p>\n\n\n\n<h2 class=\"wp-block-heading\">(Hockenheim \/ Rhein-Neckar-Kreis) &#8211; Defekter K\u00fchlschrank verursacht Brand in K\u00fcche<\/h2>\n\n\n\n<p>Am Freitag kam es gegen 15.35 Uhr in der Karlstra\u00dfe in Hockenheim zu einem Band in der K\u00fcche einer Wohnung. Ein Bewohner taute einen K\u00fchlschrank ab, reinigte diesen und nahm ihn im Anschluss wieder in Betrieb. Hierbei soll dieser aufgrund eines technischen Defekt in Brand geraten sein. Durch die Feuerwehr konnte der Brand gel\u00f6scht und die Wohnung von dem Rauch befreit werden. Verletzt wurde bei dem Brand niemand. Es entstand Sachschaden am Inventar. Dieser wird auf etwa 20000,00 Euro gesch\u00e4tzt. Die Bewohner durften wieder in die Wohnung zur\u00fcckkehren. Die Ermittlungen wurden durch das Polizeirevier Hockenheim \u00fcbernommen.<\/p>\n\n\n\n<h2 class=\"wp-block-heading\">(Sandhausen \/ Rhein-Neckar-Kreis) &#8211; Einbruch in Einfamilienhaus<\/h2>\n\n\n\n<p>Am Sonntagnachmittag in der Zeit zwischen ca. 15.00 bis 19.00 Uhr gelangte \u00fcber das Nachbargrundst\u00fcck eine unbekannte T\u00e4terschaft in den Garten auf der R\u00fcckseite eines Anwesens in der Gro\u00dfen Lachstra\u00dfe. Dort wurde eine Terrassent\u00fcr aufgehebelt und anschlie\u00dfend fast alle R\u00e4ume des Hauses durchw\u00fchlt. Nach derzeitigem Ermittlungsstand fehlen Gold- und Silberm\u00fcnzen sowie Schmuck und Uhren im Wert von \u00fcber 15.000 Euro. Die Kriminaltechniker sind mit der Spurensicherung beauftragt. Dar\u00fcber hinaus werden Zeugen gesucht, die m\u00f6glicherweise zur Tatzeit Verd\u00e4chtiges beobachten haben. Diese werden gebeten, sich beim Kriminaldauerdienst unter der Telefon-Nummer: 0621\/174-4444 zu melden.<\/p>\n\n\n\n<h2 class=\"wp-block-heading\">(Nu\u00dfloch \/ Rhein-Neckar-Kreis) &#8211; Unfallflucht auf Supermarktparkplatz \/ Zeugen gesucht!<\/h2>\n\n\n\n<p>Zu einem Verkehrsunfall kam es am Freitag zwischen 12:30 Uhr und 13:00 Uhr auf dem &#8222;REWE&#8220;-Parkplatz in der Walldorfer Stra\u00dfe. Ein bislang unbekannter Autofahrer besch\u00e4digte, vermutlich beim Ein- oder Ausparken, einen geparkten BMW und entfernte sich anschlie\u00dfend einfach vom Parkplatz. Das Auto des Unfallverursachers ist vermutlich lila oder weinrot. Der entstandene Sachschaden betr\u00e4gt mindestens 2.000 Euro.<\/p>\n\n\n\n<p>Zeugen, die sachdienliche Hinweise zum Unfallverursacher geben k\u00f6nnen, werden gebeten sich beim Polizeirevier Wiesloch, unter der Telefonnummer 06222-57090, zu melden.<\/p>\n\n\n\n<h2 class=\"wp-block-heading\">(Walldorf \/ Rhein-Neckar-Kreis) &#8211; Spritdiebstahl aus LKW<\/h2>\n\n\n\n<p>In der Nacht von Freitag auf Samstag zwischen ca. 01.00 und 09.30 Uhr machte sich eine unbekannte T\u00e4terschaft an einem ordnungsgem\u00e4\u00df auf einem auf dem Parkplatz im Gutenbergring\/Philipp-Reis-Stra\u00dfe abgestellten LKW zu schaffen. An der Sattelzugmaschine wurde der Tankdeckel aufgebrochen und auf unbekannte Art und Weise der Tankinhalt von \u00fcber 500 Litern abgepumpt. Es ist von einem Sachschaden von ca. 900 Euro auszugehen.<\/p>\n\n\n\n<p>Zeugen werden gebeten, sich beim Polizeirevier Wiesloch unter der 06222 57090 zu melden.<\/p>\n\n\n\n<h2 class=\"wp-block-heading\">(Wiesloch \/ Rhein-Neckar-Kreis) &#8211; Mann entbl\u00f6\u00dft sich in der Bahnhofstra\u00dfe \/ Kriminalpolizei ermittelt und sucht Zeugen sowie m\u00f6gliche weitere Gesch\u00e4digte<\/h2>\n\n\n<div class=\"wp-block-image\">\n<figure class=\"aligncenter size-full\"><img decoding=\"async\" loading=\"lazy\" width=\"500\" height=\"1000\" src=\"https:\/\/speyer24news.com\/wp-content\/uploads\/2022\/10\/Exhibitionist.png\" alt=\"\" class=\"wp-image-49838\" srcset=\"https:\/\/speyer24news.com\/wp-content\/uploads\/2022\/10\/Exhibitionist.png 500w, https:\/\/speyer24news.com\/wp-content\/uploads\/2022\/10\/Exhibitionist-150x300.png 150w\" sizes=\"(max-width: 500px) 100vw, 500px\" \/><\/figure><\/div>\n\n\n<p>Als eine 31-j\u00e4hrige Frau am Sonntag gegen 14:30 Uhr die G\u00fcterstra\u00dfe entlanglief, wurde sie zun\u00e4chst von einem ihr unbekannten Mann angesprochen. Nachdem die Frau eine Konversation mit dem Unbekannten ablehnte, setzte sie ihren Weg zu Fu\u00df fort. Bereits kurze Zeit sp\u00e4ter stellte sie den Mann dann allerdings erneut fest. Dieses Mal in der Bahnhofstra\u00dfe. Der Unbekannte hatte sich in H\u00f6he eines Einkaufsmarkts, auf der gegen\u00fcberliegenden Stra\u00dfenseite, in sexueller Art und Weise entbl\u00f6\u00dft und nahm sexuelle Handlungen an sich vor. Die 31-J\u00e4hrige verst\u00e4ndigte daraufhin die Polizei, die wiederum sofort Fahndungsma\u00dfnahmen einleitete. Diese f\u00fchrten bislang jedoch nicht zum Aufgreifen des gesuchten Mannes.<\/p>\n\n\n\n<h4 class=\"wp-block-heading\">Personenbeschreibung:<\/h4>\n\n\n\n<ul><li><strong>m\u00e4nnlich<\/strong><\/li><li><strong>schwarze Jacke<\/strong><\/li><li><strong>schwarze Hose<\/strong><\/li><li><strong>auff\u00e4llig schwarze Schuhe mit wei\u00dfen Sohlen und wei\u00dfen Streifen<\/strong><\/li><\/ul>\n\n\n\n<p>Die Kriminalpolizeidirektion Heidelberg hat die weiteren Ermittlungen aufgenommen und bittet Zeugen sowie m\u00f6gliche weitere Gesch\u00e4digte, sich unter dem kriminalpolizeilichen Hinweistelefon, Tel.: 0621 174 4444 zu melden.<\/p>\n\n\n\n<h2 class=\"wp-block-heading\">(B 39 \/ Wiesloch \/ Rhein-Neckar-Kreis) &#8211; Auffahrunfall an Ampel \/ Unfallhergang unklar &#8211; Zeugen gesucht!<\/h2>\n\n\n\n<p>Zu einem Verkehrsunfall kam es am Freitag gegen 18 Uhr auf der B39. Ein 19-J\u00e4hriger Mini-Fahrer war von Wiesloch kommend auf der B39 in Fahrtrichtung Rauenberg unterwegs als er kurz vor der Ampelanlage auf H\u00f6he der Auffahrt zur Autobahn 6 vom linken auf den rechten Fahrstreifen wechselte. Anschlie\u00dfend bremst der junge Mann bis zum Stillstand ab, woraufhin ein hinter ihm fahrender Audi-Fahrer nicht mehr bremsen konnte und auf den Mini auffuhr. Verletzt wurde gl\u00fccklicherweise niemand.<\/p>\n\n\n\n<p>Da der Unfallhergang bislang nicht verifiziert werden konnte, sucht die Polizei Zeugen, insbesondere den oder die Fahrer\/in eines roten Audis, welcher vor den beiden Unfallbeteiligten fuhr.<\/p>\n\n\n\n<p>Zeugen, die sachdienliche Hinweise geben k\u00f6nnen, werden gebeten sich beim Polizeirevier Wiesloch, unter der Telefonnummer 06222-57090, zu melden.<\/p>\n\n\n\n<h2 class=\"wp-block-heading\">(Malsch \/ Rhein-Neckar-Kreis) &#8211; Brand auf Hausdach sorgt f\u00fcr Aufsehen<\/h2>\n\n\n\n<p>Am Samstag verlegte ein Hauseigent\u00fcmer auf dem Dach seines Anwesens in der Kolpingstra\u00dfe Bitumen, welcher mittels Hitze befestigt wurde. Hierbei sei vermutlich ein Funken in einen Spalt des Hausdachs gelangt und habe gegen 18.45 Uhr einen Brand auf dem Dach verursacht. Das Feuer wurde durch die Feuerwehr Malsch, Rettigheim und Wiesloch gel\u00f6scht. Andere Geb\u00e4ude wurden nicht besch\u00e4digt. Personen wurden ebenfalls nicht verletzt.<\/p>\n\n\n\n<p>Die Ermittlungen hierzu dauern aktuell noch an und wurden durch einen Brandermittler des Polizeireviers Wiesloch \u00fcbernommen.<\/p>\n\n\n\n<h2 class=\"wp-block-heading\">(Sinsheim \/ Rhein-Neckar-Kreis) &#8211; Verkehrsunfall mit rund 7500 Euro Sachschaden \/ BMW-Fahrer leicht verletzt<\/h2>\n\n\n\n<p>Als ein 42 Jahre alter Mercedes-Fahrer am Sonntagmittag gegen 12:00 Uhr von einem Tankstellengel\u00e4nde auf die D\u00fchrener Stra\u00dfe einfahren wollte, \u00fcbersah er einen 27-j\u00e4hrigen BMW-Fahrer, der in Richtung Angelbachtal unterwegs war. Keiner der beiden Verkehrsteilnehmer konnte einen Zusammensto\u00df noch rechtzeitig verhindern. Durch den Aufprall wurde der 27-J\u00e4hrige leicht verletzt. Sein BMW war nicht mehr fahrbereit und musste abgeschleppt werden. Insgesamt entstand ein gesch\u00e4tzter Sachschaden in H\u00f6he von rund 7500 Euro.<\/p>\n\n\n\n<h2 class=\"wp-block-heading\">(Eppelheim \/ Rhein-Neckar-Kreis) &#8211; Frau auf Supermarktparkplatz angefahren, beleidigt und anschlie\u00dfend gefl\u00fcchtet \/ Polizei sucht Zeugen!<\/h2>\n\n\n\n<p>Am Donnerstag wurde gegen 17:05 Uhr eine Frau auf einem Supermarktparkplatz in der Seestra\u00dfe verletzt. Eine bislang unbekannte Autofahrerin \u00fcbersah die 31-J\u00e4hrige Frau beim Ausparken und fuhr diese an. Anstatt ihr zu helfen, beleidigte die Unfallverursacherin die Verletzte aus ihrem ge\u00f6ffneten Fenster und fuhr anschlie\u00dfend einfach davon.<\/p>\n\n\n\n<p>Bei dem unfallverursachenden Fahrzeug handelt es sich um einen wei\u00dfen Kleinwagen mit Heidelberger Kennzeichen. Die Fahrerin hatte dunkle Haare und auf dem Beifahrersitz sa\u00df ein Kleinkind.<\/p>\n\n\n\n<p>Zeugen, die sachdienliche Hinweise geben k\u00f6nnen, werden gebeten sich beim Verkehrsdienst Heidelberg, unter der Telefonnummer 0621-174-4111, zu melden.<\/p>\n\n\n\n<h2 class=\"wp-block-heading\">(Edingen-Neckarhausen \/ Rhein-Neckar-Kreis) &#8211; Einbruch in Kindertagesst\u00e4tte \/ Bargeld entwendet &#8211; Zeugen gesucht<a href=\"https:\/\/www.facebook.com\/sharer.php?u=https%3A%2F%2Fwww.presseportal.de%2Fblaulicht%2Fpm%2F14915%2F5392604%2F%3Futm_source%3Dfacebook%26utm_medium%3Dsocial\"><\/a><a href=\"https:\/\/twitter.com\/intent\/tweet?text=POL-MA%3A%20Edingen-Neckarhausen%2FRhein-Neckar-Kreis%3A%20Einbruch%20in%20Kindertagesst%C3%A4tte%20-%20Bargeld%20entwendet%20-%20Zeugen%20gesucht&amp;url=https%3A%2F%2Fwww.presseportal.de%2Fblaulicht%2Fpm%2F14915%2F5392604%2F%3Futm_source%3Dtwitter%26utm_medium%3Dsocial&amp;hashtags=ots&amp;lang=de\"><\/a><a href=\"https:\/\/web.whatsapp.com\/send?text=POL-MA%3A%20Edingen-Neckarhausen%2FRhein-Neckar-Kreis%3A%20Einbruch%20in%20Kindertagesst%C3%A4tte%20-%20Bargeld%20entwendet%20-%20Zeugen%20gesucht%0A%0Ahttps%3A%2F%2Fwww.presseportal.de%2Fblaulicht%2Fpm%2F14915%2F5392604%2F%3Futm_source%3Dwhatsapp%26utm_medium%3Dsocial\"><\/a><a href=\"https:\/\/www.xing.com\/app\/user?op=share;url=https%3A%2F%2Fwww.presseportal.de%2Fblaulicht%2Fpm%2F14915%2F5392604%2F%3Futm_source%3Dxing%26utm_medium%3Dsocial\"><\/a><a href=\"http:\/\/www.linkedin.com\/shareArticle?mini=true&amp;url=https%3A%2F%2Fwww.presseportal.de%2Fblaulicht%2Fpm%2F14915%2F5392604%2F%3Futm_source%3Dlinkedin%26utm_medium%3Dsocial&amp;title=POL-MA%3A+Edingen-Neckarhausen%2FRhein-Neckar-Kreis%3A+Einbruch+in+Kindertagesst%C3%A4tte+-+Bargeld+entwendet+-+Zeugen+gesucht\"><\/a><a href=\"mailto:?subject=POL-MA%3A%20Edingen-Neckarhausen%2FRhein-Neckar-Kreis%3A%20Einbruch%20in%20Kindertagesst%C3%A4tte%20-%20Bargeld%20entwendet%20-%20Zeugen%20gesucht&amp;body=https:\/\/www.presseportal.de\/blaulicht\/pm\/14915\/5392604\"><\/a><\/h2>\n\n\n\n<p>Eingebrochen wurde zwischen Freitag, 16 Uhr, und Samstag, 11 Uhr, in eine Kindertagesst\u00e4tte in der Stra\u00dfe &#8222;Auf der H\u00f6he&#8220;. Bislang unbekannte T\u00e4ter drangen gewaltsam, durch eine Fensterscheibe, in das Innere der R\u00e4umlichkeiten ein und entwendeten eine Kasse mit mehreren Hundert Euro Bargeld. Anschlie\u00dfend fl\u00fcchteten die T\u00e4ter in unbekannte Richtung. Der Diebstahlschaden betr\u00e4gt rund 250 Euro, der entstandene Sachschaden ist derzeit noch nicht bekannt.<\/p>\n\n\n\n<p>Zeugen, die verd\u00e4chtige Wahrnehmungen gemacht haben, werden gebeten sich beim Polizeirevier Ladenburg, unter der Telefonnummer 06203-93050, zu melden.<\/p>\n\n\n\n<h2 class=\"wp-block-heading\">(Ladenburg \/ Rhein-Neckar-Kreis) &#8211; Erneuter Whatsapp-Betrug \/ Seniorin zur \u00dcberweisung eines vierstelligen Betrags gebracht<\/h2>\n\n\n\n<p>Auch wenn vor diese Masche schon oft gewarnt wurde, haben Betr\u00fcger doch immer wieder noch Erfolg damit. So bei einer 72-J\u00e4hrigen aus Ladenburg am Samstagmittag. Die Dame wurde zun\u00e4chst per SMS von ihrem vermeintlichen Sohn kontaktiert und dann im weiteren Verlauf zu einer Konversation auf Whatsapp animiert. Wie in bereits bekannten F\u00e4llen wurde von dem angeblichen Sohn eine finanzielle Notlage vorget\u00e4uscht und dass er aktuell keinen Zugriff auf sein eigenes Onlinebanking habe. Im Glauben, ihrem wirklichen Sohn zu helfen, \u00fcberwies die Frau einen vierstelligen Betrag auf ein ihr unbekanntes Konto. Erst im Nachhinein nahm sie Kontakt zu ihrem tats\u00e4chlichen Sohn auf anderem Wege auf, wurde sich des Betrugs bewusst und erstattete Anzeige.<\/p>\n\n\n\n<p>Die Polizei warnt nochmal ausdr\u00fccklich vor dieser Masche: Wenn Sie von angeblichen Angeh\u00f6rigen \u00fcber eine neue Rufnummer kontaktiert werden, vergewissern Sie sich zun\u00e4chst \u00fcber die alte Rufnummer, ob dies stimmt oder fragen Sie bei anderen Verwandten oder Freunden nach. T\u00e4tigen Sie keine \u00dcberweisungen an Ihnen unbekannte Bankkonten. Weitere Infos finden Sie auch hier:\u00a0<a href=\"https:\/\/www.polizei-beratung.de\/startseite-und-aktionen\/aktuelles\/detailansicht\/enkeltrick-betrueger-nutzen-whatsapp\/\" target=\"_blank\" rel=\"noreferrer noopener\">https:\/\/www.polizei-beratung.de\/startseite-und-aktionen\/aktuelles\/detailansicht\/enkeltrick-betrueger-nutzen-whatsapp\/<\/a><\/p>\n\n\n\n<h2 class=\"wp-block-heading\">(Heddesheim \/ Rhein-Neckar-Kreis) &#8211; Alkoholisierter Autofahrer besch\u00e4digt zuerst weiteres Fahrzeug und verunfallt anschlie\u00dfend<a href=\"https:\/\/www.facebook.com\/sharer.php?u=https%3A%2F%2Fwww.presseportal.de%2Fblaulicht%2Fpm%2F14915%2F5392606%2F%3Futm_source%3Dfacebook%26utm_medium%3Dsocial\"><\/a><a href=\"https:\/\/twitter.com\/intent\/tweet?text=POL-MA%3A%20Heddesheim%2FRhein-Neckar-Kreis%3A%20Alkoholisierter%20Autofahrer%20besch%C3%A4digt%20zuerst%20weiteres%20Fahrzeug%20und%20verunfallt%20anschlie%C3%9Fend&amp;url=https%3A%2F%2Fwww.presseportal.de%2Fblaulicht%2Fpm%2F14915%2F5392606%2F%3Futm_source%3Dtwitter%26utm_medium%3Dsocial&amp;hashtags=ots&amp;lang=de\"><\/a><a href=\"https:\/\/web.whatsapp.com\/send?text=POL-MA%3A%20Heddesheim%2FRhein-Neckar-Kreis%3A%20Alkoholisierter%20Autofahrer%20besch%C3%A4digt%20zuerst%20weiteres%20Fahrzeug%20und%20verunfallt%20anschlie%C3%9Fend%0A%0Ahttps%3A%2F%2Fwww.presseportal.de%2Fblaulicht%2Fpm%2F14915%2F5392606%2F%3Futm_source%3Dwhatsapp%26utm_medium%3Dsocial\"><\/a><a href=\"https:\/\/www.xing.com\/app\/user?op=share;url=https%3A%2F%2Fwww.presseportal.de%2Fblaulicht%2Fpm%2F14915%2F5392606%2F%3Futm_source%3Dxing%26utm_medium%3Dsocial\"><\/a><a href=\"http:\/\/www.linkedin.com\/shareArticle?mini=true&amp;url=https%3A%2F%2Fwww.presseportal.de%2Fblaulicht%2Fpm%2F14915%2F5392606%2F%3Futm_source%3Dlinkedin%26utm_medium%3Dsocial&amp;title=POL-MA%3A+Heddesheim%2FRhein-Neckar-Kreis%3A+Alkoholisierter+Autofahrer+besch%C3%A4digt+zuerst+weiteres+Fahrzeug+und+verunfallt+anschlie%C3%9Fend\"><\/a><a href=\"mailto:?subject=POL-MA%3A%20Heddesheim%2FRhein-Neckar-Kreis%3A%20Alkoholisierter%20Autofahrer%20besch%C3%A4digt%20zuerst%20weiteres%20Fahrzeug%20und%20verunfallt%20anschlie%C3%9Fend&amp;body=https:\/\/www.presseportal.de\/blaulicht\/pm\/14915\/5392606\"><\/a><\/h2>\n\n\n\n<p>Zu einem Verkehrsunfall kam es am fr\u00fchen Sonntagabend in der Blumenstra\u00dfe. Ein zuerst unbekannter Autofahrer besch\u00e4digte, vermutlich im Vorbeifahren, einen geparkten Opel und entfernte sich anschlie\u00dfend einfach von der Unfallstelle.<\/p>\n\n\n\n<p>Kurze Zeit sp\u00e4ter verunfallte ein 60-J\u00e4hriger Subaru-Fahrer auf der L541\/Mannheimer Stra\u00dfe im dortigen Feld. Beim Eintreffen der hinzugerufenen Streife wirkte der 60-J\u00e4hrige stark alkoholisiert. Ein vor Ort durchgef\u00fchrter Atemalkoholtest ergab einen Wert von \u00fcber 1,5 Promille. Er wurde zur Blutentnahme auf das n\u00e4chste Polizeirevier gebracht.<\/p>\n\n\n\n<p>Bei der Unfallaufnahme dr\u00e4ngte sich der Verdacht auf, dass der Mann auch f\u00fcr oben genannten Unfall verantwortlich sein k\u00f6nnte. Die Ermittlungen hierzu wurden aufgenommen.<\/p>\n\n\n\n<p>Den Autofahrer erwarten Anzeigen wegen unerlaubtem Entfernen vom Unfallort, sowie Gef\u00e4hrdung des Stra\u00dfenverkehrs. Sein F\u00fchrerschein wurde einbehalten.<\/p>\n\n\n\n<h2 class=\"wp-block-heading\">(Weinheim \/ Rhein-Neckar-Kreis) &#8211; Aktuelle Unfallaufnahme<\/h2>\n\n\n\n<h3 class=\"has-text-align-center wp-block-heading\">Pressmeldung Nr. 1<\/h3>\n\n\n\n<p>Aufgrund einer Verkehrsunfallaufnahme in der Muckensturmer Stra\u00dfe, in H\u00f6he der BAB 5, kann es derzeit (12.12.2022 \u2013 11:51) zu Verkehrsbehinderungen kommen. Polizei-und Rettungskr\u00e4fte sind vor Ort im Einsatz.<\/p>\n\n\n\n<h3 class=\"has-text-align-center wp-block-heading\">Unfallaufnahme beendet &#8211; Pressmeldung Nr. 2<\/h3>\n\n\n\n<p>Am Montag gegen 11:35 Uhr befuhr ein Hyundai-Fahrer die K4133\/ Muckensturmer Stra\u00dfe in Fahrtrichtung Viernheim, als er in H\u00f6he der BAB 5, vermutlich infolge eines medizinischen Notfalls, von der Fahrbahn abkam und gegen die dortige Schutzleitplanke prallte. Der 79 Jahre alte Mann wurde noch vor Ort medizinisch versorgt und anschlie\u00dfend mit einem Rettungswagen in eine Klinik gebracht. Der PKW war nicht mehr fahrbereit und musste abgeschleppt werden. Es entstand ein Sachschaden in gesch\u00e4tzter H\u00f6he von rund 3000 Euro.<\/p>\n\n\n\n<p>Die Fahrbahn musste f\u00fcr den Zeitraum der Unfallaufnahme kurzfristig in beide Richtungen voll gesperrt werden. Der Verkehr wurde entsprechend abgeleitet.<\/p>\n","protected":false},"excerpt":{"rendered":"<div class=\"mh-excerpt\"><p>Polizeimeldungen vom Montag (12.12.2022) (Speyer) &#8211; Verkehrsunfall mit Verletzten und hohem Sachschaden beim Rinkenbergerhof Am 11.12.2022 gegen 17:15 Uhr befuhr ein 89-j\u00e4hriger PKW-Fahrer zun\u00e4chst die B9 in Richtung S\u00fcden und von dort die Anschlussstelle Speyer-Rinkenbergerhof. <a class=\"mh-excerpt-more\" href=\"https:\/\/speyer24news.com\/?p=50403\" title=\"Polizeimeldungen Montag (12.12.2022)\">[&#8230;]<\/a><\/p>\n<\/div>","protected":false},"author":3,"featured_media":26162,"comment_status":"open","ping_status":"open","sticky":false,"template":"","format":"standard","meta":{"_monsterinsights_skip_tracking":false,"_monsterinsights_sitenote_active":false,"_monsterinsights_sitenote_note":"","_monsterinsights_sitenote_category":0,"footnotes":""},"categories":[12],"tags":[7243,7244,3614,350,14537,15084,15267,14538,15361,702,61,2555,6955,6986,6263,63,105,11150,6987,53,4854,13534,4683,1548,4905,11592,102,13626,213,14325,14324,13553,13541,55,8277,6368,5261,103,106,2803,2423,427,2625,380,62,104,979,1565],"aioseo_notices":[],"amp_enabled":true,"_links":{"self":[{"href":"https:\/\/speyer24news.com\/index.php?rest_route=\/wp\/v2\/posts\/50403"}],"collection":[{"href":"https:\/\/speyer24news.com\/index.php?rest_route=\/wp\/v2\/posts"}],"about":[{"href":"https:\/\/speyer24news.com\/index.php?rest_route=\/wp\/v2\/types\/post"}],"author":[{"embeddable":true,"href":"https:\/\/speyer24news.com\/index.php?rest_route=\/wp\/v2\/users\/3"}],"replies":[{"embeddable":true,"href":"https:\/\/speyer24news.com\/index.php?rest_route=%2Fwp%2Fv2%2Fcomments&post=50403"}],"version-history":[{"count":1,"href":"https:\/\/speyer24news.com\/index.php?rest_route=\/wp\/v2\/posts\/50403\/revisions"}],"predecessor-version":[{"id":50407,"href":"https:\/\/speyer24news.com\/index.php?rest_route=\/wp\/v2\/posts\/50403\/revisions\/50407"}],"wp:featuredmedia":[{"embeddable":true,"href":"https:\/\/speyer24news.com\/index.php?rest_route=\/wp\/v2\/media\/26162"}],"wp:attachment":[{"href":"https:\/\/speyer24news.com\/index.php?rest_route=%2Fwp%2Fv2%2Fmedia&parent=50403"}],"wp:term":[{"taxonomy":"category","embeddable":true,"href":"https:\/\/speyer24news.com\/index.php?rest_route=%2Fwp%2Fv2%2Fcategories&post=50403"},{"taxonomy":"post_tag","embeddable":true,"href":"https:\/\/speyer24news.com\/index.php?rest_route=%2Fwp%2Fv2%2Ftags&post=50403"}],"curies":[{"name":"wp","href":"https:\/\/api.w.org\/{rel}","templated":true}]}}