{"id":50419,"date":"2022-12-13T17:59:02","date_gmt":"2022-12-13T16:59:02","guid":{"rendered":"https:\/\/speyer24news.com\/?p=50419"},"modified":"2022-12-13T17:59:03","modified_gmt":"2022-12-13T16:59:03","slug":"stadtnotizen-verkehrsnotizen-speyer-29","status":"publish","type":"post","link":"https:\/\/speyer24news.com\/?p=50419","title":{"rendered":"Stadtnotizen &#038; Verkehrsnotizen Speyer"},"content":{"rendered":"<style type=\"text\/css\">\r\n\t.ads_top_disp{}\r\n\t.ads_top_corner_disp{ float:left; margin:0px 10px 10px 0px; }\r\n\t.ads_first_p_disp{}\r\n\t.ads_bottom_disp{}\r\n\t<\/style>\n<h2 class=\"has-text-align-center wp-block-heading\">Stadtnotizen<\/h2>\n\n\n<div class=\"wp-block-image\">\n<figure class=\"aligncenter\"><img decoding=\"async\" loading=\"lazy\" width=\"800\" height=\"600\" src=\"https:\/\/speyer24news.com\/wp-content\/uploads\/2020\/01\/Speyer-Stadtnachrichten-2.jpg\" alt=\"\" class=\"wp-image-23901\" srcset=\"https:\/\/speyer24news.com\/wp-content\/uploads\/2020\/01\/Speyer-Stadtnachrichten-2.jpg 800w, https:\/\/speyer24news.com\/wp-content\/uploads\/2020\/01\/Speyer-Stadtnachrichten-2-300x225.jpg 300w, https:\/\/speyer24news.com\/wp-content\/uploads\/2020\/01\/Speyer-Stadtnachrichten-2-768x576.jpg 768w, https:\/\/speyer24news.com\/wp-content\/uploads\/2020\/01\/Speyer-Stadtnachrichten-2-678x509.jpg 678w, https:\/\/speyer24news.com\/wp-content\/uploads\/2020\/01\/Speyer-Stadtnachrichten-2-326x245.jpg 326w, https:\/\/speyer24news.com\/wp-content\/uploads\/2020\/01\/Speyer-Stadtnachrichten-2-80x60.jpg 80w\" sizes=\"(max-width: 800px) 100vw, 800px\" \/><\/figure><\/div>\n\n\n<h2 class=\"wp-block-heading\">Feldfr\u00fcchte f\u00fcr den guten Zweck \u2013 Erl\u00f6se aus Bauernmarkt-Verkauf zugunsten der Street Docs<\/h2>\n\n\n<div class=\"wp-block-image\">\n<figure class=\"aligncenter size-full\"><img decoding=\"async\" loading=\"lazy\" width=\"800\" height=\"601\" src=\"https:\/\/speyer24news.com\/wp-content\/uploads\/2022\/12\/221212_Spendenuebergabe-Bauernmarkt_Ladies-Circle_Street-Docs.jpeg\" alt=\"\" class=\"wp-image-50421\" srcset=\"https:\/\/speyer24news.com\/wp-content\/uploads\/2022\/12\/221212_Spendenuebergabe-Bauernmarkt_Ladies-Circle_Street-Docs.jpeg 800w, https:\/\/speyer24news.com\/wp-content\/uploads\/2022\/12\/221212_Spendenuebergabe-Bauernmarkt_Ladies-Circle_Street-Docs-300x225.jpeg 300w, https:\/\/speyer24news.com\/wp-content\/uploads\/2022\/12\/221212_Spendenuebergabe-Bauernmarkt_Ladies-Circle_Street-Docs-768x577.jpeg 768w, https:\/\/speyer24news.com\/wp-content\/uploads\/2022\/12\/221212_Spendenuebergabe-Bauernmarkt_Ladies-Circle_Street-Docs-678x509.jpeg 678w, https:\/\/speyer24news.com\/wp-content\/uploads\/2022\/12\/221212_Spendenuebergabe-Bauernmarkt_Ladies-Circle_Street-Docs-326x245.jpeg 326w, https:\/\/speyer24news.com\/wp-content\/uploads\/2022\/12\/221212_Spendenuebergabe-Bauernmarkt_Ladies-Circle_Street-Docs-80x60.jpeg 80w\" sizes=\"(max-width: 800px) 100vw, 800px\" \/><figcaption><em>v.l.: <\/em>Thomas\u00a0Scherner, Vorsitzender Bauernmarkt e.V., Julia Pawlitschko und Lisa Seitz von Ladies Circle Mannheim, Dr. Sonja Ducke und Dr. Franz-Josef Ratter von den Street Docs, Oberb\u00fcrgermeisterin Stefanie Seiler und Franz Stamm, stellvertretender Vorsitzender Bauernmarkt e.V..\u00a0Den Scheck halten Clara und Kati.<br><em>Foto: \u00a9 Stadt Speyer<\/em><\/figcaption><\/figure><\/div>\n\n\n<p>Er geh\u00f6rt fest zum Bauernmarkt in Speyer dazu \u2013 der Verkauf von gespendeten Feldfr\u00fcchten durch den Ladies Circle f\u00fcr einen guten Zweck. Und so kamen auch in diesem Jahr durch den Verkauf 2.922 Euro zusammen, die dem Projekt \u201eStreet Doc\u201c zugutekommen, das seit 2013 ein niederschwelliges Angebot zur Gesundheitsf\u00fcrsorge f\u00fcr Randgruppen bietet und von der \u00d6kumenischen F\u00f6rdergemeinschaft Ludwigshafen in Zusammenarbeit mit Peter Uebel, dem Caritas-Zentrum, dem Haus St. Martin, der Stadt Ludwigshafen und zahlreichen Ehrenamtlichen getragen wird. Oberb\u00fcrgermeisterin Stefanie Seiler, die Verantwortlichen des Bauernmarkt e.V., Thomas\u00a0Scherner und Franz Stamm, sowie die Vertreterinnen des Ladies Circle Mannheim Julia Pawlitschko und Lisa Seitz mit Clara und Kati freuten sich, die Spende gestern im Stadthaus an Dr. Sonja Ducke und Dr. Franz-Josef Ratter von den Street Docs zu \u00fcberreichen.<\/p>\n\n\n\n<p>Bereits seit zehn Jahren betreut der Ladies Circle, vormals Vorderpfalz, seit diesem Jahr Mannheim, den Verkaufsstand mit gespendeten Feldfr\u00fcchten am Bauernmarkt, der jedes Jahr im September auf der Maximilianstra\u00dfe stattfindet und mittlerweile zu einer echten Institution geworden ist. Als gr\u00f6\u00dfter Bauernmarkt in Rheinland-Pfalz lockt der Markt an zwei Tagen rund 20.000 Menschen nach Speyer. Neben selbsterzeugten Produkte aus landwirtschaftlichen&nbsp;und&nbsp;weinbaulichen Betrieben werden dabei b\u00e4uerliches Kunsthandwerk und regionale Spezialit\u00e4ten pr\u00e4sentiert. Zudem wird f\u00fcr die Landwirtschaft und deren Bedeutung f\u00fcr unser aller Lebensmittelversorgung geworben.<\/p>\n\n\n\n<p>\u201eEine tolle Wohlt\u00e4tigkeitsaktion, die der Ladies Circle hier gemeinsam mit dem Bauernmarkt e.V. schon seit Jahren auf die Beine stellt\u201c, betont Oberb\u00fcrgermeisterin Stefanie Seiler. \u201eMit den Street Docs wird ein Projekt unterst\u00fctzt, das jede Unterst\u00fctzung verdient hat und in der gesamten Vorderpfalz aktiv ist.\u201c<\/p>\n\n\n\n<p>F\u00fcr weitere Informationen und R\u00fcckfragen steht der Bauernmarkt e.V. in Person des Vorsitzenden Thomas\u00a0Scherner gerne zur Verf\u00fcgung.<\/p>\n\n\n\n<p><em>Text: Stadtverwaltung Speyer <em>Foto: \u00a9 Stadt Speyer<\/em><br>13.12.2022<\/em><\/p>\n\n\n\n<h2 class=\"wp-block-heading\">Laufangebot f\u00fcr das seelische Gleichgewicht<\/h2>\n\n\n<div class=\"wp-block-image\">\n<figure class=\"aligncenter size-full\"><img decoding=\"async\" loading=\"lazy\" width=\"800\" height=\"533\" src=\"https:\/\/speyer24news.com\/wp-content\/uploads\/2022\/12\/Laufen-Joggen-Rennen-Sport.jpg\" alt=\"\" class=\"wp-image-50422\" srcset=\"https:\/\/speyer24news.com\/wp-content\/uploads\/2022\/12\/Laufen-Joggen-Rennen-Sport.jpg 800w, https:\/\/speyer24news.com\/wp-content\/uploads\/2022\/12\/Laufen-Joggen-Rennen-Sport-300x200.jpg 300w, https:\/\/speyer24news.com\/wp-content\/uploads\/2022\/12\/Laufen-Joggen-Rennen-Sport-768x512.jpg 768w\" sizes=\"(max-width: 800px) 100vw, 800px\" \/><\/figure><\/div>\n\n\n<p>\u201eLaufen ist gut f\u00fcr die Seele\u201c \u2013 dieser Gedanke inspirierte Nicole Opitz von der st\u00e4dtischen Koordinierungsstelle f\u00fcr Gemeindepsychiatrie in Kooperation mit dem Stadtteilverein Speyer-West zu einem neuen Angebot. Der Lauftreff richtet sich an alle Menschen, die durch gemeinsame Bewegung ihr seelisches Wohlbefinden wiederherstellen und in Einklang bringen m\u00f6chten.<\/p>\n\n\n\n<p>Das Angebot ist kostenlos und findet<strong> jeden Montag von 19-20 Uhr<\/strong> statt. <strong>Treffpunkt ist am Berliner Platz<\/strong>. Ein Einstieg ist jederzeit ohne Vorkenntnisse m\u00f6glich. Einfach vorbeikommen, gemeinsam aktiv sein und wohlf\u00fchlen.<\/p>\n\n\n\n<p><em>Stadtverwaltung Speyer<br>12.12.2022<\/em><\/p>\n\n\n\n<h2 class=\"wp-block-heading\">Stadt entwickelt mit Stadtwerken und MRN Dashboard der Nachhaltigkeit<\/h2>\n\n\n<div class=\"wp-block-image\">\n<figure class=\"aligncenter size-full\"><img decoding=\"async\" loading=\"lazy\" width=\"800\" height=\"542\" src=\"https:\/\/speyer24news.com\/wp-content\/uploads\/2022\/12\/Dashboard-der-Nachhaltigkeit-Speyer.jpg\" alt=\"\" class=\"wp-image-50423\" srcset=\"https:\/\/speyer24news.com\/wp-content\/uploads\/2022\/12\/Dashboard-der-Nachhaltigkeit-Speyer.jpg 800w, https:\/\/speyer24news.com\/wp-content\/uploads\/2022\/12\/Dashboard-der-Nachhaltigkeit-Speyer-300x203.jpg 300w, https:\/\/speyer24news.com\/wp-content\/uploads\/2022\/12\/Dashboard-der-Nachhaltigkeit-Speyer-768x520.jpg 768w\" sizes=\"(max-width: 800px) 100vw, 800px\" \/><\/figure><\/div>\n\n\n<p>Die Stadt setzt alles daran, ihre 100%-regenerativ-Ziele in Speyer zu erreichen und hat dabei die Stadtwerke als starken Partner an ihrer Seite.<\/p>\n\n\n\n<p>Um den dahingehenden Einsatz und die Fortschritte von Stadt und Stadtwerken zu veranschaulichen, wurde mit der Metropolregion Rhein-Neckar ein Dashboard entwickelt, welches auf die SDG verweist und den ersten Schritt hin zu einem umfangreichen Nachhaltigkeitsdashboard markiert.<\/p>\n\n\n\n<p>Als Vorbild diente dabei die digitale Anzeigentafel MoNa (Monitor der Nachhaltigkeit) der Stadt Mainz.<\/p>\n\n\n\n<p>\u201eDie Bundesregierung hat erkannt, dass Daten f\u00fcr die aktive Gestaltung der zunehmend digitalen Wirtschaft von gro\u00dfer Bedeutung sind, und erste Ma\u00dfnahmen zur Konzeption, Erprobung und F\u00f6rderung innovativer Datenr\u00e4ume auch f\u00fcr die \u00f6ffentliche Verwaltung vorgelegt\u201c, verweist Oberb\u00fcrgermeisterin Stefanie Seiler auf die Datenstrategie der Bundesregierung, die im Januar 2021 ver\u00f6ffentlicht wurde.<\/p>\n\n\n\n<p>Mit der Einf\u00fchrung des neuen Tools sollen die 17 global g\u00fcltigen Ziele f\u00fcr nachhaltige Entwicklung auf \u00f6konomischer, sozialer und \u00f6kologischer Ebene in Speyer abgebildet werden.<\/p>\n\n\n\n<p>\u201eBei der Ausarbeitung der regionalen Datenstrategie f\u00fcr die Metropolregion Rhein-Neckar haben wir darauf geachtet, besonders praxisrelevante Anwendungsbereiche in den Vordergrund zu stellen. So kann beispielsweise die Parkplatz- und Lades\u00e4ulenausnutzung in Echtzeit f\u00fcr die B\u00fcrgerinnen und B\u00fcrger digital sichtbar und greifbar gemacht werden. Auch Entwicklungen wie die CO2-Reduzierung durch die Einspeisung von Photovoltaik ins st\u00e4dtische Stromnetz k\u00f6nnen damit auf einen Blick erfasst werden\u201c, erl\u00e4utert die Stadtchefin den praktischen Nutzen des kommunalen Dashboards.<\/p>\n\n\n\n<p>\u201eDas Dashboard der Nachhaltigkeit schafft Transparenz f\u00fcr Interessierte, Kommunen und Stadtwerke. Damit haben wir den Grundstein f\u00fcr die Visualisierung diverser Smart City-Anwendungen geschaffen\u201c, unterstreicht SWS-Gesch\u00e4ftsf\u00fchrer Wolfgang B\u00fchring. \u201eDas bestehende LoRaWAN-Netz kann die Sensordaten f\u00fcr zahlreiche zuk\u00fcnftige kommunale Anwendungsf\u00e4lle transportieren. Diese Daten k\u00f6nnen im Dashboard der Nachhaltigkeit visualisiert werden. Die Vision einer intelligenten Stadt kann damit recht schnell in die Realit\u00e4t umgesetzt werden.\u201c<\/p>\n\n\n\n<p>Das Dashboard steht unter\u00a0<a href=\"https:\/\/deref-web.de\/mail\/client\/osonqVsBT8Y\/dereferrer\/?redirectUrl=http%3A%2F%2Fwww.stadtwerke-speyer.de%2FNachhaltigkeitsmonitor\" target=\"_blank\" rel=\"noreferrer noopener\">www.stadtwerke-speyer.de\/Nachhaltigkeitsmonitor<\/a>\u00a0zur Verf\u00fcgung.<\/p>\n\n\n\n<p><em>Text: Stadtverwaltung Speyer Foto: Screenshot Stadtwerke Speyer GmbH<br>12.12.2022<\/em><\/p>\n\n\n\n<h2 class=\"wp-block-heading\">Frank Seidel \u00fcbergibt Spendensumme aus historischer Messef\u00fchrung<\/h2>\n\n\n<div class=\"wp-block-image\">\n<figure class=\"aligncenter size-full\"><img decoding=\"async\" loading=\"lazy\" width=\"800\" height=\"583\" src=\"https:\/\/speyer24news.com\/wp-content\/uploads\/2022\/12\/Seidel-Tafel.jpg\" alt=\"\" class=\"wp-image-50424\" srcset=\"https:\/\/speyer24news.com\/wp-content\/uploads\/2022\/12\/Seidel-Tafel.jpg 800w, https:\/\/speyer24news.com\/wp-content\/uploads\/2022\/12\/Seidel-Tafel-300x219.jpg 300w, https:\/\/speyer24news.com\/wp-content\/uploads\/2022\/12\/Seidel-Tafel-768x560.jpg 768w\" sizes=\"(max-width: 800px) 100vw, 800px\" \/><\/figure><\/div>\n\n\n<p>Krankheitsbedingt etwas sp\u00e4ter als sonst, hat k\u00fcrzlich unser Stauferkaiser Friedrich II \u2013 alias G\u00e4stef\u00fchrer Frank Seidel \u2013 auch im Namen des Schaustellerverbandes Speyer e.V. eine Spende in H\u00f6he von 575 Euro an die Speyerer Tafel in Tr\u00e4gerschaft des DRK Kreisverbandes Speyer \u00fcbergeben. Der Betrag stammt aus dem Erl\u00f6s der kaiserlichen \u201ehistorischen F\u00fchrung durch die Speyerer Messe- und Marktgeschichte\u201c, die im Rahmen der Speyerer Herbstmesse 2022 angeboten wurde.&nbsp;<\/p>\n\n\n\n<p>Die Leiterin der Speyerer Tafel, Karin Maier, und das gesamte ehrenamtlich t\u00e4tige Team freuten sich sehr \u00fcber die Spende, die die Tafel zu einer Zeit erreicht, in der besonders viele bed\u00fcrftige Menschen mit Lebensmitteln versorgt werden m\u00fcssen.<\/p>\n\n\n\n<p><strong><em>Der Stauferkaiser kommt anl\u00e4sslich der Speyerer Fr\u00fchjahrsmesse 2023 wieder zur\u00fcck in die Stadt! Seine F\u00fchrung startet am Sonntag, den 16. April 2023 um 15.00 Uhr am Geschirrpl\u00e4tzel. Die Informationen zum Kartenvorverkauf folgen rechtzeitig.<\/em><\/strong><\/p>\n\n\n\n<p><em>Text: Stadtverwaltung Speyer Foto: \u00a9 Seidel, privat<br>12.12.2022<\/em><\/p>\n\n\n\n<h2 class=\"wp-block-heading\">R\u00fcckschnittarbeiten am Industriegleis<\/h2>\n\n\n\n<p>Die Stadtverwaltung Speyer informiert, dass die Deutsche Bahn AG ab dem 12. Dezember 2022 entlang des Industriegleises R\u00fcckschnittarbeiten zur Herstellung der Verkehrssicherheit durchf\u00fchrt. Diese sind mit der Unteren Naturschutzbeh\u00f6rde abgestimmt. Die Ausf\u00fchrung ist in folgenden Abschnitten geplant :<\/p>\n\n\n\n<ul><li><strong>15.12 bis 16.12.2022, von 8 Uhr bis 16 Uhr \u2013 Iggelheimerstra\u00dfe (gegen\u00fcber alte Baumwollspinnerei)<\/strong><\/li><li><strong>16.12 bis 19.12.2022, von 8 Uhr bis 16 Uhr &#8211;\u00a0 Im Sternengarten<\/strong><\/li><\/ul>\n\n\n\n<p><em>Stadtverwaltung Speyer<br>09.12.2022<\/em><\/p>\n\n\n\n<h2 class=\"wp-block-heading\">Kinder schaffen mit Baumschmuck weihnachtliche Atmosph\u00e4re<\/h2>\n\n\n<div class=\"wp-block-image\">\n<figure class=\"aligncenter size-full\"><img decoding=\"async\" loading=\"lazy\" width=\"800\" height=\"603\" src=\"https:\/\/speyer24news.com\/wp-content\/uploads\/2022\/12\/20221127_125919-003.jpg\" alt=\"\" class=\"wp-image-50425\" srcset=\"https:\/\/speyer24news.com\/wp-content\/uploads\/2022\/12\/20221127_125919-003.jpg 800w, https:\/\/speyer24news.com\/wp-content\/uploads\/2022\/12\/20221127_125919-003-300x226.jpg 300w, https:\/\/speyer24news.com\/wp-content\/uploads\/2022\/12\/20221127_125919-003-768x579.jpg 768w, https:\/\/speyer24news.com\/wp-content\/uploads\/2022\/12\/20221127_125919-003-326x245.jpg 326w, https:\/\/speyer24news.com\/wp-content\/uploads\/2022\/12\/20221127_125919-003-80x60.jpg 80w\" sizes=\"(max-width: 800px) 100vw, 800px\" \/><\/figure><\/div>\n\n\n<p>Mit kleinen Dingen gro\u00dfe Freude schenken \u2013 das haben die Kinder in Speyer-Nord mit ihrer diesj\u00e4hrigen \u201eWeihnachtsbaum-Mission\u201c geschafft.<\/p>\n\n\n<div class=\"wp-block-image\">\n<figure class=\"aligncenter size-full\"><img decoding=\"async\" loading=\"lazy\" width=\"800\" height=\"608\" src=\"https:\/\/speyer24news.com\/wp-content\/uploads\/2022\/12\/20221126_113226.jpg\" alt=\"\" class=\"wp-image-50426\" srcset=\"https:\/\/speyer24news.com\/wp-content\/uploads\/2022\/12\/20221126_113226.jpg 800w, https:\/\/speyer24news.com\/wp-content\/uploads\/2022\/12\/20221126_113226-300x228.jpg 300w, https:\/\/speyer24news.com\/wp-content\/uploads\/2022\/12\/20221126_113226-768x584.jpg 768w, https:\/\/speyer24news.com\/wp-content\/uploads\/2022\/12\/20221126_113226-80x60.jpg 80w\" sizes=\"(max-width: 800px) 100vw, 800px\" \/><\/figure><\/div>\n\n\n<p>Gemeinsam haben die Kinder der Kitas St. Konrad, Arche Noah und Regenbogen und die Kinder des Stadtteiltreffs Nordpol, der Tagespflege, des ASV sowie des Kinderschutzbundes Speyer unter Koordination von Rosemarie Keller-Mehlem die Weihnachtsb\u00e4ume auf dem Heinrich-Lang-Platz geschm\u00fcckt und somit zum Leuchten gebracht. Sogar einen W\u00fcnsche-Baum gibt es dort zu entdecken: Die Kinder des Stadtteiltreffs Nordpol haben ihre Weihnachtsw\u00fcnsche aufgeschrieben und aufgeh\u00e4ngt und laden herzlich dazu ein, sich an der Aktion zu beteiligen.<\/p>\n\n\n<div class=\"wp-block-image\">\n<figure class=\"aligncenter size-full\"><img decoding=\"async\" loading=\"lazy\" width=\"800\" height=\"595\" src=\"https:\/\/speyer24news.com\/wp-content\/uploads\/2022\/12\/20221126_112930-002.jpg\" alt=\"\" class=\"wp-image-50427\" srcset=\"https:\/\/speyer24news.com\/wp-content\/uploads\/2022\/12\/20221126_112930-002.jpg 800w, https:\/\/speyer24news.com\/wp-content\/uploads\/2022\/12\/20221126_112930-002-300x223.jpg 300w, https:\/\/speyer24news.com\/wp-content\/uploads\/2022\/12\/20221126_112930-002-768x571.jpg 768w, https:\/\/speyer24news.com\/wp-content\/uploads\/2022\/12\/20221126_112930-002-80x60.jpg 80w\" sizes=\"(max-width: 800px) 100vw, 800px\" \/><\/figure><\/div>\n\n\n<p>Die Stadtverwaltung bedankt sich bei allen flei\u00dfigen \u201eWeihnachtselfen\u201c, die auch in anderen Teilen der Stadt wie beispielsweise auf dem Platz der Stadt Ravenna (Kita St. Markus) Tannenb\u00e4ume schm\u00fccken und so f\u00fcr weihnachtliche Stimmung sorgen.<\/p>\n\n\n\n<p><em>Text: Stadtverwaltung Speyer Foto: \u00a9 Rosemarie Keller-Mehlem<br>08.12.2022<\/em><\/p>\n\n\n\n<h2 class=\"has-text-align-center wp-block-heading\">Verkehrsnotizen:<\/h2>\n\n\n<div class=\"wp-block-image\">\n<figure class=\"aligncenter\"><img decoding=\"async\" loading=\"lazy\" width=\"800\" height=\"565\" src=\"https:\/\/speyer24news.com\/wp-content\/uploads\/2020\/01\/Baustelle-2.jpg\" alt=\"\" class=\"wp-image-23900\" srcset=\"https:\/\/speyer24news.com\/wp-content\/uploads\/2020\/01\/Baustelle-2.jpg 800w, https:\/\/speyer24news.com\/wp-content\/uploads\/2020\/01\/Baustelle-2-300x212.jpg 300w, https:\/\/speyer24news.com\/wp-content\/uploads\/2020\/01\/Baustelle-2-768x542.jpg 768w\" sizes=\"(max-width: 800px) 100vw, 800px\" \/><\/figure><\/div>\n\n\n<h2 class=\"wp-block-heading\">Kardinal-Wendel-Stra\u00dfe gesperrt<\/h2>\n\n\n\n<p>Aufgrund privater Kranarbeiten wird die Kardinal-Wendel-Stra\u00dfe auf H\u00f6he der Hausnummer 15 <strong>am 20. Dezember 2022 in der Zeit von 8 bis ca. 13 Uhr<\/strong> f\u00fcr den Verkehr voll gesperrt.<\/p>\n\n\n\n<p>Eine Umleitung wird eingerichtet. F\u00fcr R\u00fcckfragen steht die Stra\u00dfenverkehrsbeh\u00f6rde unter der Telefonnummer 142938 zur Verf\u00fcgung.<\/p>\n\n\n\n<p><em>Stadtverwaltung Speyer<br>13.12.2022<\/em><\/p>\n\n\n\n<h2 class=\"wp-block-heading\">Alte Schwegenheimer Stra\u00dfe gesperrt<\/h2>\n\n\n\n<p>Aufgrund von Arbeiten im Auftrag der Deutschen Bahn wird der Bahn\u00fcbergang in der Alten Schwegenheimer Stra\u00dfe&nbsp;<strong>vom 19. bis einschlie\u00dflich 20. Dezember 2022<\/strong>&nbsp;f\u00fcr den flie\u00dfenden Verkehr und f\u00fcr Fu\u00dfg\u00e4nger komplett gesperrt.<\/p>\n\n\n\n<p>F\u00fcr R\u00fcckfragen steht die Stra\u00dfenverkehrsbeh\u00f6rde unter der Telefonnummer 14-2938 zur Verf\u00fcgung.<\/p>\n\n\n\n<p><em>Stadtverwaltung Speyer<br>02.12.2022<\/em><\/p>\n\n\n\n<h2 class=\"wp-block-heading\">Lina-Sommer-Stra\u00dfe gesperrt<\/h2>\n\n\n\n<p>Aufgrund von Leitungsarbeiten im Auftrag der Stadtwerke Speyer wird die Lina-Sommer-Stra\u00dfe zwischen der Kreuzung M\u00fchlweg und der Kreuzung Im Erlich&nbsp;<strong>ab Dienstag, 22. November bis voraussichtlich 31. Dezember 2022<\/strong>&nbsp;f\u00fcr den Durchgangsverkehr gesperrt.<\/p>\n\n\n\n<p>F\u00fcr R\u00fcckfragen steht die Stra\u00dfenverkehrsbeh\u00f6rde unter der Rufnummer 14-2938 zur Verf\u00fcgung.<\/p>\n\n\n\n<p><em>Stadtverwaltung Speyer<br>21.11.2022<\/em><\/p>\n\n\n\n<h2 class=\"wp-block-heading\">Martinskirchweg gesperrt<\/h2>\n\n\n\n<p>Wegen Kanalbauarbeiten im Auftrag der Entsorgungsbetriebe Speyer wird der Martinskirchweg im Kreuzungsbereich Petschengasse<strong>&nbsp;vom 21. November 2022 bis voraussichtlich 28. Februar 2023<\/strong>&nbsp;f\u00fcr den Durchgangsverkehr gesperrt.<\/p>\n\n\n\n<p>Der Martinskirchweg wird als Sackgasse ausgewiesen. In der Petschengasse wird die Fahrbahn verengt, sodass eine Vorrangregelung angeordnet werden muss.<\/p>\n\n\n\n<p>F\u00fcr die Dauer der Ma\u00dfnahme wird eine Umleitung eingerichtet.<\/p>\n\n\n\n<p>F\u00fcr R\u00fcckfragen steht die Stra\u00dfenverkehrsbeh\u00f6rde unter der Rufnummer 14-2938 zur Verf\u00fcgung.<\/p>\n\n\n\n<p><em>Stadtverwaltung Speyer<br>17.11.2022<\/em><\/p>\n\n\n\n<h2 class=\"wp-block-heading\">Halbes Dach gesperrt<\/h2>\n\n\n\n<p>Aufgrund der Kranstellung f\u00fcr private Bauarbeiten wird die Stra\u00dfe Halbes Dach auf H\u00f6he der Hausnummer 10&nbsp;<strong>ab Mittwoch, 2. November 2022 bis voraussichtlich 3. Februar 2023<\/strong>&nbsp;f\u00fcr den Verkehr voll gesperrt.<\/p>\n\n\n\n<p>Die Einbahnregelung in der Mehlgasse wird gedreht.<\/p>\n\n\n\n<p>F\u00fcr R\u00fcckfragen steht die Stra\u00dfenverkehrsbeh\u00f6rde unter der Telefonnummer 14-2938 zur Verf\u00fcgung.<\/p>\n\n\n\n<p><em>Stadtverwaltung Speyer<br>27.10.2022<\/em><\/p>\n\n\n\n<h2 class=\"wp-block-heading\">M\u00fchlturmstra\u00dfe gesperrt<\/h2>\n\n\n\n<p>Aufgrund von Arbeiten im Auftrag der Deutschen Bahn ist der Bahn\u00fcbergang in der M\u00fchlturmstra\u00dfe&nbsp;<strong>weiterhin bis voraussichtlich 20. Januar 2023<\/strong>&nbsp;f\u00fcr den flie\u00dfenden Verkehr und f\u00fcr Fu\u00dfg\u00e4nger komplett gesperrt.<\/p>\n\n\n\n<p>F\u00fcr R\u00fcckfragen steht die Stra\u00dfenverkehrsbeh\u00f6rde unter der Telefonnummer 14-2938 zur Verf\u00fcgung.<\/p>\n\n\n\n<p><em>Stadtverwaltung Speyer<br>02.12.2022<\/em><\/p>\n\n\n\n<h2 class=\"wp-block-heading\">Ge\u00e4nderte Verkehrsf\u00fchrung am Bahn\u00fcbergang Sch\u00fctzenstra\u00dfe nach Modernisierung durch die Deutsche Bahn<\/h2>\n\n\n\n<p>Wie am 13. Juli 2022 im gemeinsamen Verkehrsausschuss und Ausschuss f\u00fcr Stadtentwicklung, Bauen und Konversion mitgeteilt wurde, m\u00fcssen im Zuge der Modernisierung des Bahn\u00fcbergangs Sch\u00fctzenstra\u00dfe die derzeit bundesweit g\u00fcltigen Sicherheitsanforderungen umgesetzt werden. Hierbei gilt es, das Risiko eines R\u00fcckstaus auf den Gleisen auszuschlie\u00dfen.<\/p>\n\n\n\n<p>Hierzu bestehen gem\u00e4\u00df Planungen der Deutschen Bahn zwei M\u00f6glichkeiten: Ein sogenanntes vorgeschaltetes Lichtzeichen oder ein Verbot des Linksabbiegens mittels Verkehrszeichen. Wie sich im Verlauf der Modernisierungsarbeiten herausstellte, konnte die Deutsche Bahn das urspr\u00fcnglich bevorzugte vorgeschaltete Lichtzeichen nicht wie geplant bis zur Wiederinbetriebnahme des Bahn\u00fcbergangs installieren, da der Mast des vorgeschalteten Lichtzeichens aufgrund von Konflikten mit vorhandenen unterirdischen Leitungen nicht im \u00f6ffentlichen Stra\u00dfenraum platziert werden konnte. Bis eine L\u00f6sung zur Platzierung des Masts gefunden ist, muss demnach die Alternativvariante umgesetzt werden.<\/p>\n\n\n\n<p>Daher ist ab sofort ein Linksabbiegen von der Sch\u00fctzenstra\u00dfe in die Hasenstra\u00dfe nicht mehr zul\u00e4ssig. Die Zufahrt zum Oberk\u00e4mmerer-Gebiet erfolgt von S\u00fcden \u00fcber die Holzstra\u00dfe und die Br\u00fccke \u00fcber den Gie\u00dfh\u00fcbelbach oder \u00fcber den Bahn\u00fcbergang Alte Schwegenheimer Stra\u00dfe.<\/p>\n\n\n\n<p>Die Stadt Speyer bittet im Namen der Deutschen Bahn die Verkehrsteilnehmenden und Anwohnenden um Verst\u00e4ndnis f\u00fcr die Beeintr\u00e4chtigungen.<\/p>\n\n\n\n<p><em>Stadtverwaltung Speyer<br>02.09.2022<\/em><\/p>\n\n\n\n<h2 class=\"wp-block-heading\">Baustellen\u00fcbersicht der Stadt Speyer<\/h2>\n\n\n<div class=\"wp-block-image\">\n<figure class=\"aligncenter\"><img decoding=\"async\" loading=\"lazy\" width=\"800\" height=\"384\" src=\"https:\/\/speyer24news.com\/wp-content\/uploads\/2022\/03\/Baustelle-Speyer-Facebook.jpg\" alt=\"\" class=\"wp-image-43610\" srcset=\"https:\/\/speyer24news.com\/wp-content\/uploads\/2022\/03\/Baustelle-Speyer-Facebook.jpg 800w, https:\/\/speyer24news.com\/wp-content\/uploads\/2022\/03\/Baustelle-Speyer-Facebook-300x144.jpg 300w, https:\/\/speyer24news.com\/wp-content\/uploads\/2022\/03\/Baustelle-Speyer-Facebook-768x369.jpg 768w\" sizes=\"(max-width: 800px) 100vw, 800px\" \/><\/figure><\/div>\n\n\n<p>Ab sofort stellt die Stadt Speyer eine neue Baustellenliste zur Verf\u00fcgung, die die bisherige Kommunikation von laufenden und kommenden Baustellen erweitert und b\u00fcrgerfreundlicher gestaltet.<\/p>\n\n\n\n<p>Die bisher zur Verf\u00fcgung gestellte Liste \u201eAlle Baustellen\u201c f\u00fchrt alle Baustellen, die sich innerhalb des Speyerer Stadtgebiets befinden, stichpunktartig auf. Diese technische Liste gibt auch einen \u00dcberblick \u00fcber die betroffenen Sparten wie Strom, Gas, oder Wasser.<\/p>\n\n\n\n<p>Die nun neu hinzugekommene Liste \u201eWichtigste Baustellen\u201c beinhaltet Baustellen, von denen ein bedeutender Teil der Verkehrsteilnehmenden in Speyer signifikant betroffen ist, beispielsweise wegen ihrer lange Dauer und\/oder weil wichtige Stra\u00dfen im Netz betroffen sind. Es werden zus\u00e4tzlich zu den Baustellen im Speyerer Stadtgebiet auch wichtige Baustellen in der n\u00e4heren Umgebung aufgef\u00fchrt, beispielsweise auf der B9 und B39. Dar\u00fcber hinaus soll auch der in den Jahren 2023 und 2024 geplante Verkehrsversuch zum Postplatz Eingang in diese Auflistung finden. Neben dem voraussichtlichen Zeitraum und der Ursache werden auch die Umleitungen f\u00fcr die verschiedenen Verkehrsarten und bei Bedarf erg\u00e4nzende Informationen dargestellt. Am Ende der Liste findet sich ferner eine \u00dcbersicht zu m\u00f6glichen Ansprechpartner*innen.<\/p>\n\n\n\n<p>Die neue Baustellenliste ist chronologisch sortiert, sodass die B\u00fcrger*innen auf den ersten Blick neu hinzukommende Baustellen erkennen und f\u00fcr ihre n\u00e4chste Fahrt ber\u00fccksichtigen k\u00f6nnen \u2013 ohne frustriert erst an der Baustellenabsperrung wenden m\u00fcssen. Zeit- und nervenschonend f\u00fcr die B\u00fcrgerschaft \u2013 aber auch gut f\u00fcr die Umwelt, da unn\u00f6tiger Verkehr vermieden wird.<\/p>\n\n\n\n<p>Die \u00dcbersicht \u00fcber die Baustellensituation wird immer freitags aktualisiert und ist unter&nbsp;<a href=\"http:\/\/www.speyer.de\/baustellen\"><strong>www.speyer.de\/baustellen<\/strong><\/a>&nbsp;im NEWS-TICKER zu finden.<br>Des Weiteren gibt es auf der Baustellenseite der Stadt Speyer wie gewohnt detaillierte Informationen zu laufenden und kommenden Gro\u00dfbaustellen.<\/p>\n\n\n\n<p><em>Stadtverwaltung Speyer<br>18.03.2022<\/em><a href=\"https:\/\/speyer24news.com\/?p=50297&amp;fbclid=IwAR0E3UCMwsPX0ttJFtNxvUbIYQ-hzeEeoHRN3i3u3kyTLV91NlSv6WMrwcY#\"><\/a><\/p>\n","protected":false},"excerpt":{"rendered":"<div class=\"mh-excerpt\"><p>Stadtnotizen Feldfr\u00fcchte f\u00fcr den guten Zweck \u2013 Erl\u00f6se aus Bauernmarkt-Verkauf zugunsten der Street Docs Er geh\u00f6rt fest zum Bauernmarkt in Speyer dazu \u2013 der Verkauf von gespendeten Feldfr\u00fcchten durch den Ladies Circle f\u00fcr einen guten <a class=\"mh-excerpt-more\" href=\"https:\/\/speyer24news.com\/?p=50419\" title=\"Stadtnotizen &#038; Verkehrsnotizen Speyer\">[&#8230;]<\/a><\/p>\n<\/div>","protected":false},"author":3,"featured_media":46477,"comment_status":"open","ping_status":"open","sticky":false,"template":"","format":"standard","meta":{"_monsterinsights_skip_tracking":false,"_monsterinsights_sitenote_active":false,"_monsterinsights_sitenote_note":"","_monsterinsights_sitenote_category":0,"footnotes":""},"categories":[47],"tags":[12684,15307,3458,13640,15619,4387,15505,8608,15618,15294,15416,15535,2555,14767,1051,6,802,96,657,14546,1296,15622,1442,15617,15620,658,1114,15621],"aioseo_notices":[],"amp_enabled":true,"_links":{"self":[{"href":"https:\/\/speyer24news.com\/index.php?rest_route=\/wp\/v2\/posts\/50419"}],"collection":[{"href":"https:\/\/speyer24news.com\/index.php?rest_route=\/wp\/v2\/posts"}],"about":[{"href":"https:\/\/speyer24news.com\/index.php?rest_route=\/wp\/v2\/types\/post"}],"author":[{"embeddable":true,"href":"https:\/\/speyer24news.com\/index.php?rest_route=\/wp\/v2\/users\/3"}],"replies":[{"embeddable":true,"href":"https:\/\/speyer24news.com\/index.php?rest_route=%2Fwp%2Fv2%2Fcomments&post=50419"}],"version-history":[{"count":1,"href":"https:\/\/speyer24news.com\/index.php?rest_route=\/wp\/v2\/posts\/50419\/revisions"}],"predecessor-version":[{"id":50428,"href":"https:\/\/speyer24news.com\/index.php?rest_route=\/wp\/v2\/posts\/50419\/revisions\/50428"}],"wp:featuredmedia":[{"embeddable":true,"href":"https:\/\/speyer24news.com\/index.php?rest_route=\/wp\/v2\/media\/46477"}],"wp:attachment":[{"href":"https:\/\/speyer24news.com\/index.php?rest_route=%2Fwp%2Fv2%2Fmedia&parent=50419"}],"wp:term":[{"taxonomy":"category","embeddable":true,"href":"https:\/\/speyer24news.com\/index.php?rest_route=%2Fwp%2Fv2%2Fcategories&post=50419"},{"taxonomy":"post_tag","embeddable":true,"href":"https:\/\/speyer24news.com\/index.php?rest_route=%2Fwp%2Fv2%2Ftags&post=50419"}],"curies":[{"name":"wp","href":"https:\/\/api.w.org\/{rel}","templated":true}]}}